{"id":114303,"date":"2024-10-11T12:22:32","date_gmt":"2024-10-11T09:22:32","guid":{"rendered":"https:\/\/urbeamea.ro\/albaiulia\/?p=114303"},"modified":"2024-10-11T12:22:33","modified_gmt":"2024-10-11T09:22:33","slug":"vrei-sa-te-simti-cat-mai-confortabil-acasa-in-perioada-anotimpului-rece-afla-din-acest-articol-ce-nu-ar-trebui-sa-ti-lipseasca","status":"publish","type":"post","link":"https:\/\/urbeamea.ro\/albaiulia\/vrei-sa-te-simti-cat-mai-confortabil-acasa-in-perioada-anotimpului-rece-afla-din-acest-articol-ce-nu-ar-trebui-sa-ti-lipseasca\/","title":{"rendered":"Vrei s\u0103 te sim\u021bi c\u00e2t mai confortabil acas\u0103, \u00een perioada anotimpului rece? Afl\u0103 din acest articol ce nu ar trebui s\u0103-\u021bi lipseasc\u0103!"},"content":{"rendered":"\n<p>Odat\u0103 cu sosirea anotimpului rece, dorin\u021ba de a petrece mai mult timp \u00een cas\u0103 devine tot mai puternic\u0103 \u0219i nimic nu se compar\u0103 cu sentimentul de confort \u0219i c\u0103ldur\u0103 pe care \u00eel ofer\u0103 o cas\u0103 bine preg\u0103tit\u0103 pentru iarn\u0103. Ca s\u0103 fii sigur c\u0103 locuin\u021ba ta este preg\u0103tit\u0103 s\u0103 fac\u0103 fa\u021b\u0103 temperaturilor sc\u0103zute, e important s\u0103 iei c\u00e2teva m\u0103suri care s\u0103 \u00ee\u021bi garanteze un mediu pl\u0103cut, indiferent de c\u00e2t de frig este afar\u0103.<\/p>\n\n\n\n<h2 class=\"wp-block-heading\">Iat\u0103 c\u00e2teva elemente esen\u021biale pentru a te sim\u021bi c\u00e2t mai confortabil \u00een timpul sezonului rece<\/h2>\n\n\n\n<p><strong>1. O central\u0103 termic\u0103 de calitate \u2013 inima confortului t\u0103u<\/strong><\/p>\n\n\n\n<p>Unul dintre cele mai importante elemente de care trebuie s\u0103 te ocupi \u00eenainte de venirea frigului este asigurarea unei temperaturi optime \u00een cas\u0103, iar pentru acest lucru vei avea nevoie de o central\u0103 termic\u0103 de calitate. Aceasta va asigura o temperatur\u0103 constant\u0103 \u00een toate \u00eenc\u0103perile \u0219i va contribui la confortul general al locuin\u021bei \u0219i te va ajuta s\u0103 economise\u0219ti la facturile de \u00eenc\u0103lzire, datorit\u0103 eficien\u021bei energetice. Alegerea unei centrale termice trebuie s\u0103 fie f\u0103cut\u0103 cu grij\u0103, deoarece, \u00een primul r\u00e2nd, e important s\u0103 selectezi un model potrivit pentru dimensiunea casei tale. Un model prea mic nu va face fa\u021b\u0103 cerin\u021belor energetice, \u00een timp ce unul prea mare va consuma inutil energie. Dac\u0103 e\u0219ti \u00een c\u0103utarea unei<a href=\"https:\/\/www.hornbach.ro\/c\/incalzire-climatizare-ventilatie\/aparate-de-incalzire\/centrale-termice-gaz-electrice\/S23020\/\"> centrale termice pe gaz si electrice<\/a>, po\u021bi arunca o privire la oferta disponibil\u0103 pe hornbach.ro unde vei g\u0103si o gam\u0103 larg\u0103 de modele care r\u0103spund nevoilor tale, f\u0103r\u0103 doar \u0219i poate!<\/p>\n\n\n\n<p><strong>2. Izolarea termic\u0103 \u2013 o barier\u0103 \u00eempotriva frigului<\/strong><\/p>\n\n\n\n<p>O central\u0103 termic\u0103 de calitate este esen\u021bial\u0103, dar ea nu va func\u021biona eficient dac\u0103 locuin\u021ba ta nu este izolat\u0103 corespunz\u0103tor. De exemplu, pierderile de c\u0103ldur\u0103 prin pere\u021bi, ferestre sau acoperi\u0219 pot duce la un consum mai mare de energie \u0219i la dificult\u0103\u021bi \u00een men\u021binerea unei temperaturi confortabile \u00een interior. Izolarea termic\u0103 eficient\u0103 \u00eencepe cu ferestrele \u0219i u\u0219ile, deoarece \u00eenlocuirea ferestrelor vechi cu unele cu geam termopan poate reduce considerabil pierderile de c\u0103ldur\u0103. Dac\u0103 nu \u00ee\u021bi permi\u021bi s\u0103 faci investi\u021bii majore, po\u021bi opta pentru solu\u021bii temporare, precum benzile de izolare pentru ferestre \u0219i u\u0219i, care previn p\u0103trunderea curen\u021bilor de aer.<\/p>\n\n\n\n<p><strong>3. Textile confortabile \u0219i accesorii pentru un plus de c\u0103ldur\u0103<\/strong><\/p>\n\n\n\n<p>Pentru \u0219i mai mult confort pe perioada anotimpului rece, accesoriile \u0219i textilele potrivite joac\u0103 un rol important. Astfel, covoarele groase sunt ideale pentru a men\u021bine c\u0103ldura la nivelul podelelor \u0219i pentru a crea o atmosfer\u0103 mai primitoare \u00een camere. \u00cen dormitor, pilotele groase \u0219i p\u0103turile din materiale calde, precum l\u00e2n\u0103 sau fleece, te vor ajuta s\u0103 te relaxezi \u0219i s\u0103 te \u00eenc\u0103lze\u0219ti rapid, iar perdelele groase sunt, de asemenea, utile pentru a men\u021bine c\u0103ldura \u00een interior, \u00een special dac\u0103 ai ferestre mari.<\/p>\n\n\n\n<p>Prin urmare, anotimpul rece poate aduce provoc\u0103ri, dar cu preg\u0103tirile corecte, casa ta poate deveni un refugiu c\u0103lduros \u0219i confortabil. \u00cencepe prin a investi \u00eentr-o central\u0103 termic\u0103 de calitate, asigur\u0103-te c\u0103 locuin\u021ba este bine izolat\u0103 \u0219i adaug\u0103 accesorii \u0219i textile care s\u0103 \u00ee\u021bi ofere un plus de confort.<\/p>\n","protected":false},"excerpt":{"rendered":"<p>Odat\u0103 cu sosirea anotimpului rece, dorin\u021ba de a petrece mai mult timp \u00een cas\u0103 devine tot mai puternic\u0103 \u0219i nimic nu se compar\u0103 cu sentimentul de confort \u0219i c\u0103ldur\u0103 pe care \u00eel ofer\u0103 o cas\u0103 bine preg\u0103tit\u0103 pentru iarn\u0103. Ca s\u0103 fii sigur c\u0103 locuin\u021ba ta este preg\u0103tit\u0103 s\u0103 fac\u0103 fa\u021b\u0103 temperaturilor sc\u0103zute, e important &hellip;<\/p>\n","protected":false},"author":16,"featured_media":114304,"comment_status":"open","ping_status":"open","sticky":false,"template":"","format":"standard","meta":{"inline_featured_image":false,"footnotes":""},"categories":[25],"tags":[],"class_list":["post-114303","post","type-post","status-publish","format-standard","has-post-thumbnail","hentry","category-lifestyle-fashion"],"yoast_head":"<!-- This site is optimized with the Yoast SEO plugin v27.4 - https:\/\/yoast.com\/product\/yoast-seo-wordpress\/ -->\n<title>Vrei s\u0103 te sim\u021bi c\u00e2t mai confortabil acas\u0103, \u00een perioada anotimpului rece? Afl\u0103 din acest articol ce nu ar trebui s\u0103-\u021bi lipseasc\u0103! - Revista Urbea Mea - Revista de Alba<\/title>\n<meta name=\"description\" content=\"Odat\u0103 cu sosirea anotimpului rece, dorin\u021ba de a petrece mai mult timp \u00een cas\u0103 devine tot mai puternic\u0103 \u0219i nimic nu se compar\u0103 cu sentimentul de confort \u0219i\" \/>\n<meta name=\"robots\" content=\"index, follow, max-snippet:-1, max-image-preview:large, max-video-preview:-1\" \/>\n<link rel=\"canonical\" href=\"https:\/\/urbeamea.ro\/albaiulia\/vrei-sa-te-simti-cat-mai-confortabil-acasa-in-perioada-anotimpului-rece-afla-din-acest-articol-ce-nu-ar-trebui-sa-ti-lipseasca\/\" \/>\n<meta name=\"twitter:card\" content=\"summary_large_image\" \/>\n<meta name=\"twitter:title\" content=\"Vrei s\u0103 te sim\u021bi c\u00e2t mai confortabil acas\u0103, \u00een perioada anotimpului rece? Afl\u0103 din acest articol ce nu ar trebui s\u0103-\u021bi lipseasc\u0103! - Revista Urbea Mea - Revista de Alba\" \/>\n<meta name=\"twitter:description\" content=\"Odat\u0103 cu sosirea anotimpului rece, dorin\u021ba de a petrece mai mult timp \u00een cas\u0103 devine tot mai puternic\u0103 \u0219i nimic nu se compar\u0103 cu sentimentul de confort \u0219i\" \/>\n<meta name=\"twitter:image\" content=\"https:\/\/urbeamea.ro\/albaiulia\/wp-content\/uploads\/2024\/10\/Picture1.jpg\" \/>\n<meta name=\"twitter:creator\" content=\"@urbeameaweb\" \/>\n<meta name=\"twitter:site\" content=\"@urbeameaweb\" \/>\n<script type=\"application\/ld+json\" class=\"yoast-schema-graph\">{\"@context\":\"https:\\\/\\\/schema.org\",\"@graph\":[{\"@type\":\"Article\",\"@id\":\"https:\\\/\\\/urbeamea.ro\\\/albaiulia\\\/vrei-sa-te-simti-cat-mai-confortabil-acasa-in-perioada-anotimpului-rece-afla-din-acest-articol-ce-nu-ar-trebui-sa-ti-lipseasca\\\/#article\",\"isPartOf\":{\"@id\":\"https:\\\/\\\/urbeamea.ro\\\/albaiulia\\\/vrei-sa-te-simti-cat-mai-confortabil-acasa-in-perioada-anotimpului-rece-afla-din-acest-articol-ce-nu-ar-trebui-sa-ti-lipseasca\\\/\"},\"author\":{\"name\":\"Redac\u021bia UrbeaMea\",\"@id\":\"https:\\\/\\\/urbeamea.ro\\\/albaiulia\\\/#\\\/schema\\\/person\\\/272ae98052f8ee8980f59848df070247\"},\"headline\":\"Vrei s\u0103 te sim\u021bi c\u00e2t mai confortabil acas\u0103, \u00een perioada anotimpului rece? Afl\u0103 din acest articol ce nu ar trebui s\u0103-\u021bi lipseasc\u0103!\",\"datePublished\":\"2024-10-11T09:22:32+00:00\",\"dateModified\":\"2024-10-11T09:22:33+00:00\",\"mainEntityOfPage\":{\"@id\":\"https:\\\/\\\/urbeamea.ro\\\/albaiulia\\\/vrei-sa-te-simti-cat-mai-confortabil-acasa-in-perioada-anotimpului-rece-afla-din-acest-articol-ce-nu-ar-trebui-sa-ti-lipseasca\\\/\"},\"wordCount\":574,\"commentCount\":0,\"image\":{\"@id\":\"https:\\\/\\\/urbeamea.ro\\\/albaiulia\\\/vrei-sa-te-simti-cat-mai-confortabil-acasa-in-perioada-anotimpului-rece-afla-din-acest-articol-ce-nu-ar-trebui-sa-ti-lipseasca\\\/#primaryimage\"},\"thumbnailUrl\":\"https:\\\/\\\/urbeamea.ro\\\/albaiulia\\\/wp-content\\\/uploads\\\/2024\\\/10\\\/Picture1.jpg\",\"articleSection\":[\"Lifestyle &amp; Fashion\"],\"inLanguage\":\"ro-RO\",\"potentialAction\":[{\"@type\":\"CommentAction\",\"name\":\"Comment\",\"target\":[\"https:\\\/\\\/urbeamea.ro\\\/albaiulia\\\/vrei-sa-te-simti-cat-mai-confortabil-acasa-in-perioada-anotimpului-rece-afla-din-acest-articol-ce-nu-ar-trebui-sa-ti-lipseasca\\\/#respond\"]}]},{\"@type\":\"WebPage\",\"@id\":\"https:\\\/\\\/urbeamea.ro\\\/albaiulia\\\/vrei-sa-te-simti-cat-mai-confortabil-acasa-in-perioada-anotimpului-rece-afla-din-acest-articol-ce-nu-ar-trebui-sa-ti-lipseasca\\\/\",\"url\":\"https:\\\/\\\/urbeamea.ro\\\/albaiulia\\\/vrei-sa-te-simti-cat-mai-confortabil-acasa-in-perioada-anotimpului-rece-afla-din-acest-articol-ce-nu-ar-trebui-sa-ti-lipseasca\\\/\",\"name\":\"Vrei s\u0103 te sim\u021bi c\u00e2t mai confortabil acas\u0103, \u00een perioada anotimpului rece? Afl\u0103 din acest articol ce nu ar trebui s\u0103-\u021bi lipseasc\u0103! - Revista Urbea Mea - Revista de Alba\",\"isPartOf\":{\"@id\":\"https:\\\/\\\/urbeamea.ro\\\/albaiulia\\\/#website\"},\"primaryImageOfPage\":{\"@id\":\"https:\\\/\\\/urbeamea.ro\\\/albaiulia\\\/vrei-sa-te-simti-cat-mai-confortabil-acasa-in-perioada-anotimpului-rece-afla-din-acest-articol-ce-nu-ar-trebui-sa-ti-lipseasca\\\/#primaryimage\"},\"image\":{\"@id\":\"https:\\\/\\\/urbeamea.ro\\\/albaiulia\\\/vrei-sa-te-simti-cat-mai-confortabil-acasa-in-perioada-anotimpului-rece-afla-din-acest-articol-ce-nu-ar-trebui-sa-ti-lipseasca\\\/#primaryimage\"},\"thumbnailUrl\":\"https:\\\/\\\/urbeamea.ro\\\/albaiulia\\\/wp-content\\\/uploads\\\/2024\\\/10\\\/Picture1.jpg\",\"datePublished\":\"2024-10-11T09:22:32+00:00\",\"dateModified\":\"2024-10-11T09:22:33+00:00\",\"author\":{\"@id\":\"https:\\\/\\\/urbeamea.ro\\\/albaiulia\\\/#\\\/schema\\\/person\\\/272ae98052f8ee8980f59848df070247\"},\"description\":\"Odat\u0103 cu sosirea anotimpului rece, dorin\u021ba de a petrece mai mult timp \u00een cas\u0103 devine tot mai puternic\u0103 \u0219i nimic nu se compar\u0103 cu sentimentul de confort \u0219i\",\"breadcrumb\":{\"@id\":\"https:\\\/\\\/urbeamea.ro\\\/albaiulia\\\/vrei-sa-te-simti-cat-mai-confortabil-acasa-in-perioada-anotimpului-rece-afla-din-acest-articol-ce-nu-ar-trebui-sa-ti-lipseasca\\\/#breadcrumb\"},\"inLanguage\":\"ro-RO\",\"potentialAction\":[{\"@type\":\"ReadAction\",\"target\":[\"https:\\\/\\\/urbeamea.ro\\\/albaiulia\\\/vrei-sa-te-simti-cat-mai-confortabil-acasa-in-perioada-anotimpului-rece-afla-din-acest-articol-ce-nu-ar-trebui-sa-ti-lipseasca\\\/\"]}]},{\"@type\":\"ImageObject\",\"inLanguage\":\"ro-RO\",\"@id\":\"https:\\\/\\\/urbeamea.ro\\\/albaiulia\\\/vrei-sa-te-simti-cat-mai-confortabil-acasa-in-perioada-anotimpului-rece-afla-din-acest-articol-ce-nu-ar-trebui-sa-ti-lipseasca\\\/#primaryimage\",\"url\":\"https:\\\/\\\/urbeamea.ro\\\/albaiulia\\\/wp-content\\\/uploads\\\/2024\\\/10\\\/Picture1.jpg\",\"contentUrl\":\"https:\\\/\\\/urbeamea.ro\\\/albaiulia\\\/wp-content\\\/uploads\\\/2024\\\/10\\\/Picture1.jpg\",\"width\":602,\"height\":400},{\"@type\":\"BreadcrumbList\",\"@id\":\"https:\\\/\\\/urbeamea.ro\\\/albaiulia\\\/vrei-sa-te-simti-cat-mai-confortabil-acasa-in-perioada-anotimpului-rece-afla-din-acest-articol-ce-nu-ar-trebui-sa-ti-lipseasca\\\/#breadcrumb\",\"itemListElement\":[{\"@type\":\"ListItem\",\"position\":1,\"name\":\"Prima pagin\u0103\",\"item\":\"https:\\\/\\\/urbeamea.ro\\\/albaiulia\\\/\"},{\"@type\":\"ListItem\",\"position\":2,\"name\":\"Vrei s\u0103 te sim\u021bi c\u00e2t mai confortabil acas\u0103, \u00een perioada anotimpului rece? Afl\u0103 din acest articol ce nu ar trebui s\u0103-\u021bi lipseasc\u0103!\"}]},{\"@type\":\"WebSite\",\"@id\":\"https:\\\/\\\/urbeamea.ro\\\/albaiulia\\\/#website\",\"url\":\"https:\\\/\\\/urbeamea.ro\\\/albaiulia\\\/\",\"name\":\"Revista Urbea Mea, Stiri urbane\",\"description\":\"Evenimente \u0219i \u0219tiri din Alba Iulia, Sebe\u0219, Aiud, Blaj\",\"potentialAction\":[{\"@type\":\"SearchAction\",\"target\":{\"@type\":\"EntryPoint\",\"urlTemplate\":\"https:\\\/\\\/urbeamea.ro\\\/albaiulia\\\/?s={search_term_string}\"},\"query-input\":{\"@type\":\"PropertyValueSpecification\",\"valueRequired\":true,\"valueName\":\"search_term_string\"}}],\"inLanguage\":\"ro-RO\"},{\"@type\":\"Person\",\"@id\":\"https:\\\/\\\/urbeamea.ro\\\/albaiulia\\\/#\\\/schema\\\/person\\\/272ae98052f8ee8980f59848df070247\",\"name\":\"Redac\u021bia UrbeaMea\",\"image\":{\"@type\":\"ImageObject\",\"inLanguage\":\"ro-RO\",\"@id\":\"https:\\\/\\\/secure.gravatar.com\\\/avatar\\\/9ce5a9435071fa1037e8468053ead8e513dbbff59009d3069aadb85506d85a27?s=96&d=mm&r=g\",\"url\":\"https:\\\/\\\/secure.gravatar.com\\\/avatar\\\/9ce5a9435071fa1037e8468053ead8e513dbbff59009d3069aadb85506d85a27?s=96&d=mm&r=g\",\"contentUrl\":\"https:\\\/\\\/secure.gravatar.com\\\/avatar\\\/9ce5a9435071fa1037e8468053ead8e513dbbff59009d3069aadb85506d85a27?s=96&d=mm&r=g\",\"caption\":\"Redac\u021bia UrbeaMea\"},\"description\":\"contact@urbeamea.ro\",\"sameAs\":[\"https:\\\/\\\/www.urbeamea.ro\"],\"url\":\"https:\\\/\\\/urbeamea.ro\\\/albaiulia\\\/author\\\/redactia-urbeamea\\\/\"}]}<\/script>\n<!-- \/ Yoast SEO plugin. -->","yoast_head_json":{"title":"Vrei s\u0103 te sim\u021bi c\u00e2t mai confortabil acas\u0103, \u00een perioada anotimpului rece? Afl\u0103 din acest articol ce nu ar trebui s\u0103-\u021bi lipseasc\u0103! - Revista Urbea Mea - Revista de Alba","description":"Odat\u0103 cu sosirea anotimpului rece, dorin\u021ba de a petrece mai mult timp \u00een cas\u0103 devine tot mai puternic\u0103 \u0219i nimic nu se compar\u0103 cu sentimentul de confort \u0219i","robots":{"index":"index","follow":"follow","max-snippet":"max-snippet:-1","max-image-preview":"max-image-preview:large","max-video-preview":"max-video-preview:-1"},"canonical":"https:\/\/urbeamea.ro\/albaiulia\/vrei-sa-te-simti-cat-mai-confortabil-acasa-in-perioada-anotimpului-rece-afla-din-acest-articol-ce-nu-ar-trebui-sa-ti-lipseasca\/","twitter_card":"summary_large_image","twitter_title":"Vrei s\u0103 te sim\u021bi c\u00e2t mai confortabil acas\u0103, \u00een perioada anotimpului rece? Afl\u0103 din acest articol ce nu ar trebui s\u0103-\u021bi lipseasc\u0103! - Revista Urbea Mea - Revista de Alba","twitter_description":"Odat\u0103 cu sosirea anotimpului rece, dorin\u021ba de a petrece mai mult timp \u00een cas\u0103 devine tot mai puternic\u0103 \u0219i nimic nu se compar\u0103 cu sentimentul de confort \u0219i","twitter_image":"https:\/\/urbeamea.ro\/albaiulia\/wp-content\/uploads\/2024\/10\/Picture1.jpg","twitter_creator":"@urbeameaweb","twitter_site":"@urbeameaweb","schema":{"@context":"https:\/\/schema.org","@graph":[{"@type":"Article","@id":"https:\/\/urbeamea.ro\/albaiulia\/vrei-sa-te-simti-cat-mai-confortabil-acasa-in-perioada-anotimpului-rece-afla-din-acest-articol-ce-nu-ar-trebui-sa-ti-lipseasca\/#article","isPartOf":{"@id":"https:\/\/urbeamea.ro\/albaiulia\/vrei-sa-te-simti-cat-mai-confortabil-acasa-in-perioada-anotimpului-rece-afla-din-acest-articol-ce-nu-ar-trebui-sa-ti-lipseasca\/"},"author":{"name":"Redac\u021bia UrbeaMea","@id":"https:\/\/urbeamea.ro\/albaiulia\/#\/schema\/person\/272ae98052f8ee8980f59848df070247"},"headline":"Vrei s\u0103 te sim\u021bi c\u00e2t mai confortabil acas\u0103, \u00een perioada anotimpului rece? Afl\u0103 din acest articol ce nu ar trebui s\u0103-\u021bi lipseasc\u0103!","datePublished":"2024-10-11T09:22:32+00:00","dateModified":"2024-10-11T09:22:33+00:00","mainEntityOfPage":{"@id":"https:\/\/urbeamea.ro\/albaiulia\/vrei-sa-te-simti-cat-mai-confortabil-acasa-in-perioada-anotimpului-rece-afla-din-acest-articol-ce-nu-ar-trebui-sa-ti-lipseasca\/"},"wordCount":574,"commentCount":0,"image":{"@id":"https:\/\/urbeamea.ro\/albaiulia\/vrei-sa-te-simti-cat-mai-confortabil-acasa-in-perioada-anotimpului-rece-afla-din-acest-articol-ce-nu-ar-trebui-sa-ti-lipseasca\/#primaryimage"},"thumbnailUrl":"https:\/\/urbeamea.ro\/albaiulia\/wp-content\/uploads\/2024\/10\/Picture1.jpg","articleSection":["Lifestyle &amp; Fashion"],"inLanguage":"ro-RO","potentialAction":[{"@type":"CommentAction","name":"Comment","target":["https:\/\/urbeamea.ro\/albaiulia\/vrei-sa-te-simti-cat-mai-confortabil-acasa-in-perioada-anotimpului-rece-afla-din-acest-articol-ce-nu-ar-trebui-sa-ti-lipseasca\/#respond"]}]},{"@type":"WebPage","@id":"https:\/\/urbeamea.ro\/albaiulia\/vrei-sa-te-simti-cat-mai-confortabil-acasa-in-perioada-anotimpului-rece-afla-din-acest-articol-ce-nu-ar-trebui-sa-ti-lipseasca\/","url":"https:\/\/urbeamea.ro\/albaiulia\/vrei-sa-te-simti-cat-mai-confortabil-acasa-in-perioada-anotimpului-rece-afla-din-acest-articol-ce-nu-ar-trebui-sa-ti-lipseasca\/","name":"Vrei s\u0103 te sim\u021bi c\u00e2t mai confortabil acas\u0103, \u00een perioada anotimpului rece? Afl\u0103 din acest articol ce nu ar trebui s\u0103-\u021bi lipseasc\u0103! - Revista Urbea Mea - Revista de Alba","isPartOf":{"@id":"https:\/\/urbeamea.ro\/albaiulia\/#website"},"primaryImageOfPage":{"@id":"https:\/\/urbeamea.ro\/albaiulia\/vrei-sa-te-simti-cat-mai-confortabil-acasa-in-perioada-anotimpului-rece-afla-din-acest-articol-ce-nu-ar-trebui-sa-ti-lipseasca\/#primaryimage"},"image":{"@id":"https:\/\/urbeamea.ro\/albaiulia\/vrei-sa-te-simti-cat-mai-confortabil-acasa-in-perioada-anotimpului-rece-afla-din-acest-articol-ce-nu-ar-trebui-sa-ti-lipseasca\/#primaryimage"},"thumbnailUrl":"https:\/\/urbeamea.ro\/albaiulia\/wp-content\/uploads\/2024\/10\/Picture1.jpg","datePublished":"2024-10-11T09:22:32+00:00","dateModified":"2024-10-11T09:22:33+00:00","author":{"@id":"https:\/\/urbeamea.ro\/albaiulia\/#\/schema\/person\/272ae98052f8ee8980f59848df070247"},"description":"Odat\u0103 cu sosirea anotimpului rece, dorin\u021ba de a petrece mai mult timp \u00een cas\u0103 devine tot mai puternic\u0103 \u0219i nimic nu se compar\u0103 cu sentimentul de confort \u0219i","breadcrumb":{"@id":"https:\/\/urbeamea.ro\/albaiulia\/vrei-sa-te-simti-cat-mai-confortabil-acasa-in-perioada-anotimpului-rece-afla-din-acest-articol-ce-nu-ar-trebui-sa-ti-lipseasca\/#breadcrumb"},"inLanguage":"ro-RO","potentialAction":[{"@type":"ReadAction","target":["https:\/\/urbeamea.ro\/albaiulia\/vrei-sa-te-simti-cat-mai-confortabil-acasa-in-perioada-anotimpului-rece-afla-din-acest-articol-ce-nu-ar-trebui-sa-ti-lipseasca\/"]}]},{"@type":"ImageObject","inLanguage":"ro-RO","@id":"https:\/\/urbeamea.ro\/albaiulia\/vrei-sa-te-simti-cat-mai-confortabil-acasa-in-perioada-anotimpului-rece-afla-din-acest-articol-ce-nu-ar-trebui-sa-ti-lipseasca\/#primaryimage","url":"https:\/\/urbeamea.ro\/albaiulia\/wp-content\/uploads\/2024\/10\/Picture1.jpg","contentUrl":"https:\/\/urbeamea.ro\/albaiulia\/wp-content\/uploads\/2024\/10\/Picture1.jpg","width":602,"height":400},{"@type":"BreadcrumbList","@id":"https:\/\/urbeamea.ro\/albaiulia\/vrei-sa-te-simti-cat-mai-confortabil-acasa-in-perioada-anotimpului-rece-afla-din-acest-articol-ce-nu-ar-trebui-sa-ti-lipseasca\/#breadcrumb","itemListElement":[{"@type":"ListItem","position":1,"name":"Prima pagin\u0103","item":"https:\/\/urbeamea.ro\/albaiulia\/"},{"@type":"ListItem","position":2,"name":"Vrei s\u0103 te sim\u021bi c\u00e2t mai confortabil acas\u0103, \u00een perioada anotimpului rece? Afl\u0103 din acest articol ce nu ar trebui s\u0103-\u021bi lipseasc\u0103!"}]},{"@type":"WebSite","@id":"https:\/\/urbeamea.ro\/albaiulia\/#website","url":"https:\/\/urbeamea.ro\/albaiulia\/","name":"Revista Urbea Mea, Stiri urbane","description":"Evenimente \u0219i \u0219tiri din Alba Iulia, Sebe\u0219, Aiud, Blaj","potentialAction":[{"@type":"SearchAction","target":{"@type":"EntryPoint","urlTemplate":"https:\/\/urbeamea.ro\/albaiulia\/?s={search_term_string}"},"query-input":{"@type":"PropertyValueSpecification","valueRequired":true,"valueName":"search_term_string"}}],"inLanguage":"ro-RO"},{"@type":"Person","@id":"https:\/\/urbeamea.ro\/albaiulia\/#\/schema\/person\/272ae98052f8ee8980f59848df070247","name":"Redac\u021bia UrbeaMea","image":{"@type":"ImageObject","inLanguage":"ro-RO","@id":"https:\/\/secure.gravatar.com\/avatar\/9ce5a9435071fa1037e8468053ead8e513dbbff59009d3069aadb85506d85a27?s=96&d=mm&r=g","url":"https:\/\/secure.gravatar.com\/avatar\/9ce5a9435071fa1037e8468053ead8e513dbbff59009d3069aadb85506d85a27?s=96&d=mm&r=g","contentUrl":"https:\/\/secure.gravatar.com\/avatar\/9ce5a9435071fa1037e8468053ead8e513dbbff59009d3069aadb85506d85a27?s=96&d=mm&r=g","caption":"Redac\u021bia UrbeaMea"},"description":"contact@urbeamea.ro","sameAs":["https:\/\/www.urbeamea.ro"],"url":"https:\/\/urbeamea.ro\/albaiulia\/author\/redactia-urbeamea\/"}]}},"_links":{"self":[{"href":"https:\/\/urbeamea.ro\/albaiulia\/wp-json\/wp\/v2\/posts\/114303","targetHints":{"allow":["GET"]}}],"collection":[{"href":"https:\/\/urbeamea.ro\/albaiulia\/wp-json\/wp\/v2\/posts"}],"about":[{"href":"https:\/\/urbeamea.ro\/albaiulia\/wp-json\/wp\/v2\/types\/post"}],"author":[{"embeddable":true,"href":"https:\/\/urbeamea.ro\/albaiulia\/wp-json\/wp\/v2\/users\/16"}],"replies":[{"embeddable":true,"href":"https:\/\/urbeamea.ro\/albaiulia\/wp-json\/wp\/v2\/comments?post=114303"}],"version-history":[{"count":1,"href":"https:\/\/urbeamea.ro\/albaiulia\/wp-json\/wp\/v2\/posts\/114303\/revisions"}],"predecessor-version":[{"id":114305,"href":"https:\/\/urbeamea.ro\/albaiulia\/wp-json\/wp\/v2\/posts\/114303\/revisions\/114305"}],"wp:featuredmedia":[{"embeddable":true,"href":"https:\/\/urbeamea.ro\/albaiulia\/wp-json\/wp\/v2\/media\/114304"}],"wp:attachment":[{"href":"https:\/\/urbeamea.ro\/albaiulia\/wp-json\/wp\/v2\/media?parent=114303"}],"wp:term":[{"taxonomy":"category","embeddable":true,"href":"https:\/\/urbeamea.ro\/albaiulia\/wp-json\/wp\/v2\/categories?post=114303"},{"taxonomy":"post_tag","embeddable":true,"href":"https:\/\/urbeamea.ro\/albaiulia\/wp-json\/wp\/v2\/tags?post=114303"}],"curies":[{"name":"wp","href":"https:\/\/api.w.org\/{rel}","templated":true}]}}