{"id":114331,"date":"2024-10-11T16:30:23","date_gmt":"2024-10-11T13:30:23","guid":{"rendered":"https:\/\/urbeamea.ro\/albaiulia\/?p=114331"},"modified":"2024-10-11T16:30:25","modified_gmt":"2024-10-11T13:30:25","slug":"exercitii-de-evacuare-desfasurate-de-isu-alba-in-mai-multe-scoli-din-judet","status":"publish","type":"post","link":"https:\/\/urbeamea.ro\/albaiulia\/exercitii-de-evacuare-desfasurate-de-isu-alba-in-mai-multe-scoli-din-judet\/","title":{"rendered":"Exerci\u021bii de evacuare desf\u0103\u0219urate de ISU Alba, \u00een mai multe \u0219coli din jude\u021b"},"content":{"rendered":"\n<p><strong>Inspectoratul pentru Situa\u0163ii de Urgen\u0163\u0103 Alba Iulia a desf\u0103\u0219urat mai multe exerci\u021bii de evacuare \u00een mai multe \u0219coli din jude\u021b.<\/strong><\/p>\n\n\n\n<p>&#8222;Premerg\u0103tor zilei de \ud835\udfcf\ud835\udfd1 \ud835\udc28\ud835\udc1c\ud835\udc2d\ud835\udc28\ud835\udc26\ud835\udc1b\ud835\udc2b\ud835\udc22\ud835\udc1e ,,Ziua Interna\u021bional\u0103 a Reducerii Riscurilor de Dezastre&#8221;, am desf\u0103\u0219urat exerci\u021bii de evacuare \u00een mai multe \u0219coli din jude\u021bul nostru.<\/p>\n\n\n\n<p>Aceste exerci\u021bii se desf\u0103soar\u0103, \u00een special, pentru a spori gradul de con\u0219tientizare \u0219i preg\u0103tire a cet\u0103\u021benilor, astfel \u00eenc\u00e2t ace\u0219tia s\u0103 poat\u0103 reac\u021biona eficient \u00een orice situa\u021bie de urgen\u021b\u0103. <\/p>\n\n\n\n<p>De asemenea, \u00een acest weekend vom desf\u0103\u0219ura diferite activit\u0103\u021bi \u00een incinta Mercur City Center \u0219i CarolinaMall din municipiul Alba Iulia, \u00een perioada 12 respectiv, 13 octombrie, \u00eentre orele 14:00 &#8211; 16:00, la care v\u0103 a\u0219tept\u0103m s\u0103 \u00eenv\u0103\u021b\u0103m \u00eempreun\u0103 cum s\u0103 ne protej\u0103m \u0219i s\u0103 limit\u0103m efectele dezastrelor&#8221;, au transmis reprezentan\u021bii ISU Alba, prin intermediul paginii de socializare.<\/p>\n\n\n\n<figure class=\"wp-block-gallery has-nested-images columns-default is-cropped wp-block-gallery-1 is-layout-flex wp-block-gallery-is-layout-flex\">\n<figure class=\"wp-block-image size-large\"><img loading=\"lazy\" decoding=\"async\" width=\"960\" height=\"641\" data-id=\"114336\" src=\"https:\/\/urbeamea.ro\/albaiulia\/wp-content\/uploads\/2024\/10\/1000015119.jpg\" alt=\"\" class=\"wp-image-114336\" srcset=\"https:\/\/urbeamea.ro\/albaiulia\/wp-content\/uploads\/2024\/10\/1000015119.jpg 960w, https:\/\/urbeamea.ro\/albaiulia\/wp-content\/uploads\/2024\/10\/1000015119-640x427.jpg 640w, https:\/\/urbeamea.ro\/albaiulia\/wp-content\/uploads\/2024\/10\/1000015119-150x100.jpg 150w, https:\/\/urbeamea.ro\/albaiulia\/wp-content\/uploads\/2024\/10\/1000015119-768x513.jpg 768w\" sizes=\"auto, (max-width: 960px) 100vw, 960px\" \/><\/figure>\n\n\n\n<figure class=\"wp-block-image size-large\"><img loading=\"lazy\" decoding=\"async\" width=\"960\" height=\"596\" data-id=\"114337\" src=\"https:\/\/urbeamea.ro\/albaiulia\/wp-content\/uploads\/2024\/10\/1000015122.jpg\" alt=\"\" class=\"wp-image-114337\" srcset=\"https:\/\/urbeamea.ro\/albaiulia\/wp-content\/uploads\/2024\/10\/1000015122.jpg 960w, https:\/\/urbeamea.ro\/albaiulia\/wp-content\/uploads\/2024\/10\/1000015122-640x397.jpg 640w, https:\/\/urbeamea.ro\/albaiulia\/wp-content\/uploads\/2024\/10\/1000015122-150x93.jpg 150w, https:\/\/urbeamea.ro\/albaiulia\/wp-content\/uploads\/2024\/10\/1000015122-768x477.jpg 768w\" sizes=\"auto, (max-width: 960px) 100vw, 960px\" \/><\/figure>\n\n\n\n<figure class=\"wp-block-image size-large\"><img loading=\"lazy\" decoding=\"async\" width=\"960\" height=\"754\" data-id=\"114338\" src=\"https:\/\/urbeamea.ro\/albaiulia\/wp-content\/uploads\/2024\/10\/1000015121.jpg\" alt=\"\" class=\"wp-image-114338\" srcset=\"https:\/\/urbeamea.ro\/albaiulia\/wp-content\/uploads\/2024\/10\/1000015121.jpg 960w, https:\/\/urbeamea.ro\/albaiulia\/wp-content\/uploads\/2024\/10\/1000015121-640x503.jpg 640w, https:\/\/urbeamea.ro\/albaiulia\/wp-content\/uploads\/2024\/10\/1000015121-150x118.jpg 150w, https:\/\/urbeamea.ro\/albaiulia\/wp-content\/uploads\/2024\/10\/1000015121-768x603.jpg 768w\" sizes=\"auto, (max-width: 960px) 100vw, 960px\" \/><\/figure>\n\n\n\n<figure class=\"wp-block-image size-large\"><img loading=\"lazy\" decoding=\"async\" width=\"960\" height=\"540\" data-id=\"114332\" src=\"https:\/\/urbeamea.ro\/albaiulia\/wp-content\/uploads\/2024\/10\/1000015120.jpg\" alt=\"\" class=\"wp-image-114332\" srcset=\"https:\/\/urbeamea.ro\/albaiulia\/wp-content\/uploads\/2024\/10\/1000015120.jpg 960w, https:\/\/urbeamea.ro\/albaiulia\/wp-content\/uploads\/2024\/10\/1000015120-640x360.jpg 640w, https:\/\/urbeamea.ro\/albaiulia\/wp-content\/uploads\/2024\/10\/1000015120-150x84.jpg 150w, https:\/\/urbeamea.ro\/albaiulia\/wp-content\/uploads\/2024\/10\/1000015120-768x432.jpg 768w, https:\/\/urbeamea.ro\/albaiulia\/wp-content\/uploads\/2024\/10\/1000015120-390x220.jpg 390w\" sizes=\"auto, (max-width: 960px) 100vw, 960px\" \/><\/figure>\n\n\n\n<figure class=\"wp-block-image size-large\"><img loading=\"lazy\" decoding=\"async\" width=\"960\" height=\"720\" data-id=\"114335\" src=\"https:\/\/urbeamea.ro\/albaiulia\/wp-content\/uploads\/2024\/10\/1000015123.jpg\" alt=\"\" class=\"wp-image-114335\" srcset=\"https:\/\/urbeamea.ro\/albaiulia\/wp-content\/uploads\/2024\/10\/1000015123.jpg 960w, https:\/\/urbeamea.ro\/albaiulia\/wp-content\/uploads\/2024\/10\/1000015123-640x480.jpg 640w, https:\/\/urbeamea.ro\/albaiulia\/wp-content\/uploads\/2024\/10\/1000015123-150x113.jpg 150w, https:\/\/urbeamea.ro\/albaiulia\/wp-content\/uploads\/2024\/10\/1000015123-768x576.jpg 768w\" sizes=\"auto, (max-width: 960px) 100vw, 960px\" \/><\/figure>\n\n\n\n<figure class=\"wp-block-image size-large\"><img loading=\"lazy\" decoding=\"async\" width=\"960\" height=\"556\" data-id=\"114334\" src=\"https:\/\/urbeamea.ro\/albaiulia\/wp-content\/uploads\/2024\/10\/1000015124.jpg\" alt=\"\" class=\"wp-image-114334\" srcset=\"https:\/\/urbeamea.ro\/albaiulia\/wp-content\/uploads\/2024\/10\/1000015124.jpg 960w, https:\/\/urbeamea.ro\/albaiulia\/wp-content\/uploads\/2024\/10\/1000015124-640x371.jpg 640w, https:\/\/urbeamea.ro\/albaiulia\/wp-content\/uploads\/2024\/10\/1000015124-150x87.jpg 150w, https:\/\/urbeamea.ro\/albaiulia\/wp-content\/uploads\/2024\/10\/1000015124-768x445.jpg 768w\" sizes=\"auto, (max-width: 960px) 100vw, 960px\" \/><\/figure>\n\n\n\n<figure class=\"wp-block-image size-large\"><img loading=\"lazy\" decoding=\"async\" width=\"960\" height=\"544\" data-id=\"114333\" src=\"https:\/\/urbeamea.ro\/albaiulia\/wp-content\/uploads\/2024\/10\/1000015125.jpg\" alt=\"\" class=\"wp-image-114333\" srcset=\"https:\/\/urbeamea.ro\/albaiulia\/wp-content\/uploads\/2024\/10\/1000015125.jpg 960w, https:\/\/urbeamea.ro\/albaiulia\/wp-content\/uploads\/2024\/10\/1000015125-640x363.jpg 640w, https:\/\/urbeamea.ro\/albaiulia\/wp-content\/uploads\/2024\/10\/1000015125-150x85.jpg 150w, https:\/\/urbeamea.ro\/albaiulia\/wp-content\/uploads\/2024\/10\/1000015125-768x435.jpg 768w, https:\/\/urbeamea.ro\/albaiulia\/wp-content\/uploads\/2024\/10\/1000015125-390x220.jpg 390w\" sizes=\"auto, (max-width: 960px) 100vw, 960px\" \/><\/figure>\n<\/figure>\n\n\n\n<p><\/p>\n","protected":false},"excerpt":{"rendered":"<p>Inspectoratul pentru Situa\u0163ii de Urgen\u0163\u0103 Alba Iulia a desf\u0103\u0219urat mai multe exerci\u021bii de evacuare \u00een mai multe \u0219coli din jude\u021b. &#8222;Premerg\u0103tor zilei de \ud835\udfcf\ud835\udfd1 \ud835\udc28\ud835\udc1c\ud835\udc2d\ud835\udc28\ud835\udc26\ud835\udc1b\ud835\udc2b\ud835\udc22\ud835\udc1e ,,Ziua Interna\u021bional\u0103 a Reducerii Riscurilor de Dezastre&#8221;, am desf\u0103\u0219urat exerci\u021bii de evacuare \u00een mai multe \u0219coli din jude\u021bul nostru. Aceste exerci\u021bii se desf\u0103soar\u0103, \u00een special, pentru a spori gradul de &hellip;<\/p>\n","protected":false},"author":28,"featured_media":114336,"comment_status":"open","ping_status":"open","sticky":false,"template":"","format":"standard","meta":{"inline_featured_image":false,"footnotes":""},"categories":[2039,2034,16344],"tags":[25079,2560],"class_list":["post-114331","post","type-post","status-publish","format-standard","has-post-thumbnail","hentry","category-educatie","category-social","category-urbea-mea","tag-exercitii-de-evacuare","tag-isu-alba"],"yoast_head":"<!-- This site is optimized with the Yoast SEO plugin v27.4 - https:\/\/yoast.com\/product\/yoast-seo-wordpress\/ -->\n<title>Exerci\u021bii de evacuare desf\u0103\u0219urate de ISU Alba, \u00een mai multe \u0219coli din jude\u021b - Revista Urbea Mea - Revista de Alba<\/title>\n<meta name=\"description\" content=\"Inspectoratul pentru Situa\u0163ii de Urgen\u0163\u0103 Alba Iulia a desf\u0103\u0219urat mai multe exerci\u021bii de evacuare \u00een mai multe \u0219coli din jude\u021b. &quot;Premerg\u0103tor zilei de \ud835\udfcf\ud835\udfd1\" \/>\n<meta name=\"robots\" content=\"index, follow, max-snippet:-1, max-image-preview:large, max-video-preview:-1\" \/>\n<link rel=\"canonical\" href=\"https:\/\/urbeamea.ro\/albaiulia\/exercitii-de-evacuare-desfasurate-de-isu-alba-in-mai-multe-scoli-din-judet\/\" \/>\n<meta name=\"twitter:card\" content=\"summary_large_image\" \/>\n<meta name=\"twitter:title\" content=\"Exerci\u021bii de evacuare desf\u0103\u0219urate de ISU Alba, \u00een mai multe \u0219coli din jude\u021b - Revista Urbea Mea - Revista de Alba\" \/>\n<meta name=\"twitter:description\" content=\"Inspectoratul pentru Situa\u0163ii de Urgen\u0163\u0103 Alba Iulia a desf\u0103\u0219urat mai multe exerci\u021bii de evacuare \u00een mai multe \u0219coli din jude\u021b. &quot;Premerg\u0103tor zilei de \ud835\udfcf\ud835\udfd1\" \/>\n<meta name=\"twitter:image\" content=\"https:\/\/urbeamea.ro\/albaiulia\/wp-content\/uploads\/2024\/10\/1000015119.jpg\" \/>\n<meta name=\"twitter:creator\" content=\"@urbeameaweb\" \/>\n<meta name=\"twitter:site\" content=\"@urbeameaweb\" \/>\n<script type=\"application\/ld+json\" class=\"yoast-schema-graph\">{\"@context\":\"https:\\\/\\\/schema.org\",\"@graph\":[{\"@type\":\"Article\",\"@id\":\"https:\\\/\\\/urbeamea.ro\\\/albaiulia\\\/exercitii-de-evacuare-desfasurate-de-isu-alba-in-mai-multe-scoli-din-judet\\\/#article\",\"isPartOf\":{\"@id\":\"https:\\\/\\\/urbeamea.ro\\\/albaiulia\\\/exercitii-de-evacuare-desfasurate-de-isu-alba-in-mai-multe-scoli-din-judet\\\/\"},\"author\":{\"name\":\"Giurca Sorin\",\"@id\":\"https:\\\/\\\/urbeamea.ro\\\/albaiulia\\\/#\\\/schema\\\/person\\\/5db3854ac38c1cc9f0ab4092d6a20f02\"},\"headline\":\"Exerci\u021bii de evacuare desf\u0103\u0219urate de ISU Alba, \u00een mai multe \u0219coli din jude\u021b\",\"datePublished\":\"2024-10-11T13:30:23+00:00\",\"dateModified\":\"2024-10-11T13:30:25+00:00\",\"mainEntityOfPage\":{\"@id\":\"https:\\\/\\\/urbeamea.ro\\\/albaiulia\\\/exercitii-de-evacuare-desfasurate-de-isu-alba-in-mai-multe-scoli-din-judet\\\/\"},\"wordCount\":163,\"commentCount\":0,\"image\":{\"@id\":\"https:\\\/\\\/urbeamea.ro\\\/albaiulia\\\/exercitii-de-evacuare-desfasurate-de-isu-alba-in-mai-multe-scoli-din-judet\\\/#primaryimage\"},\"thumbnailUrl\":\"https:\\\/\\\/urbeamea.ro\\\/albaiulia\\\/wp-content\\\/uploads\\\/2024\\\/10\\\/1000015119.jpg\",\"keywords\":[\"Exerci\u021bii de evacuare\",\"ISU Alba\"],\"articleSection\":[\"Educa\u021bie\",\"Social\",\"Urbea Mea\"],\"inLanguage\":\"ro-RO\",\"potentialAction\":[{\"@type\":\"CommentAction\",\"name\":\"Comment\",\"target\":[\"https:\\\/\\\/urbeamea.ro\\\/albaiulia\\\/exercitii-de-evacuare-desfasurate-de-isu-alba-in-mai-multe-scoli-din-judet\\\/#respond\"]}]},{\"@type\":\"WebPage\",\"@id\":\"https:\\\/\\\/urbeamea.ro\\\/albaiulia\\\/exercitii-de-evacuare-desfasurate-de-isu-alba-in-mai-multe-scoli-din-judet\\\/\",\"url\":\"https:\\\/\\\/urbeamea.ro\\\/albaiulia\\\/exercitii-de-evacuare-desfasurate-de-isu-alba-in-mai-multe-scoli-din-judet\\\/\",\"name\":\"Exerci\u021bii de evacuare desf\u0103\u0219urate de ISU Alba, \u00een mai multe \u0219coli din jude\u021b - Revista Urbea Mea - Revista de Alba\",\"isPartOf\":{\"@id\":\"https:\\\/\\\/urbeamea.ro\\\/albaiulia\\\/#website\"},\"primaryImageOfPage\":{\"@id\":\"https:\\\/\\\/urbeamea.ro\\\/albaiulia\\\/exercitii-de-evacuare-desfasurate-de-isu-alba-in-mai-multe-scoli-din-judet\\\/#primaryimage\"},\"image\":{\"@id\":\"https:\\\/\\\/urbeamea.ro\\\/albaiulia\\\/exercitii-de-evacuare-desfasurate-de-isu-alba-in-mai-multe-scoli-din-judet\\\/#primaryimage\"},\"thumbnailUrl\":\"https:\\\/\\\/urbeamea.ro\\\/albaiulia\\\/wp-content\\\/uploads\\\/2024\\\/10\\\/1000015119.jpg\",\"datePublished\":\"2024-10-11T13:30:23+00:00\",\"dateModified\":\"2024-10-11T13:30:25+00:00\",\"author\":{\"@id\":\"https:\\\/\\\/urbeamea.ro\\\/albaiulia\\\/#\\\/schema\\\/person\\\/5db3854ac38c1cc9f0ab4092d6a20f02\"},\"description\":\"Inspectoratul pentru Situa\u0163ii de Urgen\u0163\u0103 Alba Iulia a desf\u0103\u0219urat mai multe exerci\u021bii de evacuare \u00een mai multe \u0219coli din jude\u021b. \\\"Premerg\u0103tor zilei de \ud835\udfcf\ud835\udfd1\",\"breadcrumb\":{\"@id\":\"https:\\\/\\\/urbeamea.ro\\\/albaiulia\\\/exercitii-de-evacuare-desfasurate-de-isu-alba-in-mai-multe-scoli-din-judet\\\/#breadcrumb\"},\"inLanguage\":\"ro-RO\",\"potentialAction\":[{\"@type\":\"ReadAction\",\"target\":[\"https:\\\/\\\/urbeamea.ro\\\/albaiulia\\\/exercitii-de-evacuare-desfasurate-de-isu-alba-in-mai-multe-scoli-din-judet\\\/\"]}]},{\"@type\":\"ImageObject\",\"inLanguage\":\"ro-RO\",\"@id\":\"https:\\\/\\\/urbeamea.ro\\\/albaiulia\\\/exercitii-de-evacuare-desfasurate-de-isu-alba-in-mai-multe-scoli-din-judet\\\/#primaryimage\",\"url\":\"https:\\\/\\\/urbeamea.ro\\\/albaiulia\\\/wp-content\\\/uploads\\\/2024\\\/10\\\/1000015119.jpg\",\"contentUrl\":\"https:\\\/\\\/urbeamea.ro\\\/albaiulia\\\/wp-content\\\/uploads\\\/2024\\\/10\\\/1000015119.jpg\",\"width\":960,\"height\":641},{\"@type\":\"BreadcrumbList\",\"@id\":\"https:\\\/\\\/urbeamea.ro\\\/albaiulia\\\/exercitii-de-evacuare-desfasurate-de-isu-alba-in-mai-multe-scoli-din-judet\\\/#breadcrumb\",\"itemListElement\":[{\"@type\":\"ListItem\",\"position\":1,\"name\":\"Prima pagin\u0103\",\"item\":\"https:\\\/\\\/urbeamea.ro\\\/albaiulia\\\/\"},{\"@type\":\"ListItem\",\"position\":2,\"name\":\"Exerci\u021bii de evacuare desf\u0103\u0219urate de ISU Alba, \u00een mai multe \u0219coli din jude\u021b\"}]},{\"@type\":\"WebSite\",\"@id\":\"https:\\\/\\\/urbeamea.ro\\\/albaiulia\\\/#website\",\"url\":\"https:\\\/\\\/urbeamea.ro\\\/albaiulia\\\/\",\"name\":\"Revista Urbea Mea, Stiri urbane\",\"description\":\"Evenimente \u0219i \u0219tiri din Alba Iulia, Sebe\u0219, Aiud, Blaj\",\"potentialAction\":[{\"@type\":\"SearchAction\",\"target\":{\"@type\":\"EntryPoint\",\"urlTemplate\":\"https:\\\/\\\/urbeamea.ro\\\/albaiulia\\\/?s={search_term_string}\"},\"query-input\":{\"@type\":\"PropertyValueSpecification\",\"valueRequired\":true,\"valueName\":\"search_term_string\"}}],\"inLanguage\":\"ro-RO\"},{\"@type\":\"Person\",\"@id\":\"https:\\\/\\\/urbeamea.ro\\\/albaiulia\\\/#\\\/schema\\\/person\\\/5db3854ac38c1cc9f0ab4092d6a20f02\",\"name\":\"Giurca Sorin\",\"image\":{\"@type\":\"ImageObject\",\"inLanguage\":\"ro-RO\",\"@id\":\"https:\\\/\\\/secure.gravatar.com\\\/avatar\\\/120f6fcae7b3b47a7730cb9943f612f4909f68ac5284b5f40ac1c4615fd70576?s=96&d=mm&r=g\",\"url\":\"https:\\\/\\\/secure.gravatar.com\\\/avatar\\\/120f6fcae7b3b47a7730cb9943f612f4909f68ac5284b5f40ac1c4615fd70576?s=96&d=mm&r=g\",\"contentUrl\":\"https:\\\/\\\/secure.gravatar.com\\\/avatar\\\/120f6fcae7b3b47a7730cb9943f612f4909f68ac5284b5f40ac1c4615fd70576?s=96&d=mm&r=g\",\"caption\":\"Giurca Sorin\"},\"url\":\"https:\\\/\\\/urbeamea.ro\\\/albaiulia\\\/author\\\/sorin\\\/\"}]}<\/script>\n<!-- \/ Yoast SEO plugin. -->","yoast_head_json":{"title":"Exerci\u021bii de evacuare desf\u0103\u0219urate de ISU Alba, \u00een mai multe \u0219coli din jude\u021b - Revista Urbea Mea - Revista de Alba","description":"Inspectoratul pentru Situa\u0163ii de Urgen\u0163\u0103 Alba Iulia a desf\u0103\u0219urat mai multe exerci\u021bii de evacuare \u00een mai multe \u0219coli din jude\u021b. \"Premerg\u0103tor zilei de \ud835\udfcf\ud835\udfd1","robots":{"index":"index","follow":"follow","max-snippet":"max-snippet:-1","max-image-preview":"max-image-preview:large","max-video-preview":"max-video-preview:-1"},"canonical":"https:\/\/urbeamea.ro\/albaiulia\/exercitii-de-evacuare-desfasurate-de-isu-alba-in-mai-multe-scoli-din-judet\/","twitter_card":"summary_large_image","twitter_title":"Exerci\u021bii de evacuare desf\u0103\u0219urate de ISU Alba, \u00een mai multe \u0219coli din jude\u021b - Revista Urbea Mea - Revista de Alba","twitter_description":"Inspectoratul pentru Situa\u0163ii de Urgen\u0163\u0103 Alba Iulia a desf\u0103\u0219urat mai multe exerci\u021bii de evacuare \u00een mai multe \u0219coli din jude\u021b. \"Premerg\u0103tor zilei de \ud835\udfcf\ud835\udfd1","twitter_image":"https:\/\/urbeamea.ro\/albaiulia\/wp-content\/uploads\/2024\/10\/1000015119.jpg","twitter_creator":"@urbeameaweb","twitter_site":"@urbeameaweb","schema":{"@context":"https:\/\/schema.org","@graph":[{"@type":"Article","@id":"https:\/\/urbeamea.ro\/albaiulia\/exercitii-de-evacuare-desfasurate-de-isu-alba-in-mai-multe-scoli-din-judet\/#article","isPartOf":{"@id":"https:\/\/urbeamea.ro\/albaiulia\/exercitii-de-evacuare-desfasurate-de-isu-alba-in-mai-multe-scoli-din-judet\/"},"author":{"name":"Giurca Sorin","@id":"https:\/\/urbeamea.ro\/albaiulia\/#\/schema\/person\/5db3854ac38c1cc9f0ab4092d6a20f02"},"headline":"Exerci\u021bii de evacuare desf\u0103\u0219urate de ISU Alba, \u00een mai multe \u0219coli din jude\u021b","datePublished":"2024-10-11T13:30:23+00:00","dateModified":"2024-10-11T13:30:25+00:00","mainEntityOfPage":{"@id":"https:\/\/urbeamea.ro\/albaiulia\/exercitii-de-evacuare-desfasurate-de-isu-alba-in-mai-multe-scoli-din-judet\/"},"wordCount":163,"commentCount":0,"image":{"@id":"https:\/\/urbeamea.ro\/albaiulia\/exercitii-de-evacuare-desfasurate-de-isu-alba-in-mai-multe-scoli-din-judet\/#primaryimage"},"thumbnailUrl":"https:\/\/urbeamea.ro\/albaiulia\/wp-content\/uploads\/2024\/10\/1000015119.jpg","keywords":["Exerci\u021bii de evacuare","ISU Alba"],"articleSection":["Educa\u021bie","Social","Urbea Mea"],"inLanguage":"ro-RO","potentialAction":[{"@type":"CommentAction","name":"Comment","target":["https:\/\/urbeamea.ro\/albaiulia\/exercitii-de-evacuare-desfasurate-de-isu-alba-in-mai-multe-scoli-din-judet\/#respond"]}]},{"@type":"WebPage","@id":"https:\/\/urbeamea.ro\/albaiulia\/exercitii-de-evacuare-desfasurate-de-isu-alba-in-mai-multe-scoli-din-judet\/","url":"https:\/\/urbeamea.ro\/albaiulia\/exercitii-de-evacuare-desfasurate-de-isu-alba-in-mai-multe-scoli-din-judet\/","name":"Exerci\u021bii de evacuare desf\u0103\u0219urate de ISU Alba, \u00een mai multe \u0219coli din jude\u021b - Revista Urbea Mea - Revista de Alba","isPartOf":{"@id":"https:\/\/urbeamea.ro\/albaiulia\/#website"},"primaryImageOfPage":{"@id":"https:\/\/urbeamea.ro\/albaiulia\/exercitii-de-evacuare-desfasurate-de-isu-alba-in-mai-multe-scoli-din-judet\/#primaryimage"},"image":{"@id":"https:\/\/urbeamea.ro\/albaiulia\/exercitii-de-evacuare-desfasurate-de-isu-alba-in-mai-multe-scoli-din-judet\/#primaryimage"},"thumbnailUrl":"https:\/\/urbeamea.ro\/albaiulia\/wp-content\/uploads\/2024\/10\/1000015119.jpg","datePublished":"2024-10-11T13:30:23+00:00","dateModified":"2024-10-11T13:30:25+00:00","author":{"@id":"https:\/\/urbeamea.ro\/albaiulia\/#\/schema\/person\/5db3854ac38c1cc9f0ab4092d6a20f02"},"description":"Inspectoratul pentru Situa\u0163ii de Urgen\u0163\u0103 Alba Iulia a desf\u0103\u0219urat mai multe exerci\u021bii de evacuare \u00een mai multe \u0219coli din jude\u021b. \"Premerg\u0103tor zilei de \ud835\udfcf\ud835\udfd1","breadcrumb":{"@id":"https:\/\/urbeamea.ro\/albaiulia\/exercitii-de-evacuare-desfasurate-de-isu-alba-in-mai-multe-scoli-din-judet\/#breadcrumb"},"inLanguage":"ro-RO","potentialAction":[{"@type":"ReadAction","target":["https:\/\/urbeamea.ro\/albaiulia\/exercitii-de-evacuare-desfasurate-de-isu-alba-in-mai-multe-scoli-din-judet\/"]}]},{"@type":"ImageObject","inLanguage":"ro-RO","@id":"https:\/\/urbeamea.ro\/albaiulia\/exercitii-de-evacuare-desfasurate-de-isu-alba-in-mai-multe-scoli-din-judet\/#primaryimage","url":"https:\/\/urbeamea.ro\/albaiulia\/wp-content\/uploads\/2024\/10\/1000015119.jpg","contentUrl":"https:\/\/urbeamea.ro\/albaiulia\/wp-content\/uploads\/2024\/10\/1000015119.jpg","width":960,"height":641},{"@type":"BreadcrumbList","@id":"https:\/\/urbeamea.ro\/albaiulia\/exercitii-de-evacuare-desfasurate-de-isu-alba-in-mai-multe-scoli-din-judet\/#breadcrumb","itemListElement":[{"@type":"ListItem","position":1,"name":"Prima pagin\u0103","item":"https:\/\/urbeamea.ro\/albaiulia\/"},{"@type":"ListItem","position":2,"name":"Exerci\u021bii de evacuare desf\u0103\u0219urate de ISU Alba, \u00een mai multe \u0219coli din jude\u021b"}]},{"@type":"WebSite","@id":"https:\/\/urbeamea.ro\/albaiulia\/#website","url":"https:\/\/urbeamea.ro\/albaiulia\/","name":"Revista Urbea Mea, Stiri urbane","description":"Evenimente \u0219i \u0219tiri din Alba Iulia, Sebe\u0219, Aiud, Blaj","potentialAction":[{"@type":"SearchAction","target":{"@type":"EntryPoint","urlTemplate":"https:\/\/urbeamea.ro\/albaiulia\/?s={search_term_string}"},"query-input":{"@type":"PropertyValueSpecification","valueRequired":true,"valueName":"search_term_string"}}],"inLanguage":"ro-RO"},{"@type":"Person","@id":"https:\/\/urbeamea.ro\/albaiulia\/#\/schema\/person\/5db3854ac38c1cc9f0ab4092d6a20f02","name":"Giurca Sorin","image":{"@type":"ImageObject","inLanguage":"ro-RO","@id":"https:\/\/secure.gravatar.com\/avatar\/120f6fcae7b3b47a7730cb9943f612f4909f68ac5284b5f40ac1c4615fd70576?s=96&d=mm&r=g","url":"https:\/\/secure.gravatar.com\/avatar\/120f6fcae7b3b47a7730cb9943f612f4909f68ac5284b5f40ac1c4615fd70576?s=96&d=mm&r=g","contentUrl":"https:\/\/secure.gravatar.com\/avatar\/120f6fcae7b3b47a7730cb9943f612f4909f68ac5284b5f40ac1c4615fd70576?s=96&d=mm&r=g","caption":"Giurca Sorin"},"url":"https:\/\/urbeamea.ro\/albaiulia\/author\/sorin\/"}]}},"_links":{"self":[{"href":"https:\/\/urbeamea.ro\/albaiulia\/wp-json\/wp\/v2\/posts\/114331","targetHints":{"allow":["GET"]}}],"collection":[{"href":"https:\/\/urbeamea.ro\/albaiulia\/wp-json\/wp\/v2\/posts"}],"about":[{"href":"https:\/\/urbeamea.ro\/albaiulia\/wp-json\/wp\/v2\/types\/post"}],"author":[{"embeddable":true,"href":"https:\/\/urbeamea.ro\/albaiulia\/wp-json\/wp\/v2\/users\/28"}],"replies":[{"embeddable":true,"href":"https:\/\/urbeamea.ro\/albaiulia\/wp-json\/wp\/v2\/comments?post=114331"}],"version-history":[{"count":1,"href":"https:\/\/urbeamea.ro\/albaiulia\/wp-json\/wp\/v2\/posts\/114331\/revisions"}],"predecessor-version":[{"id":114339,"href":"https:\/\/urbeamea.ro\/albaiulia\/wp-json\/wp\/v2\/posts\/114331\/revisions\/114339"}],"wp:featuredmedia":[{"embeddable":true,"href":"https:\/\/urbeamea.ro\/albaiulia\/wp-json\/wp\/v2\/media\/114336"}],"wp:attachment":[{"href":"https:\/\/urbeamea.ro\/albaiulia\/wp-json\/wp\/v2\/media?parent=114331"}],"wp:term":[{"taxonomy":"category","embeddable":true,"href":"https:\/\/urbeamea.ro\/albaiulia\/wp-json\/wp\/v2\/categories?post=114331"},{"taxonomy":"post_tag","embeddable":true,"href":"https:\/\/urbeamea.ro\/albaiulia\/wp-json\/wp\/v2\/tags?post=114331"}],"curies":[{"name":"wp","href":"https:\/\/api.w.org\/{rel}","templated":true}]}}