{"id":114340,"date":"2024-10-13T13:34:48","date_gmt":"2024-10-13T10:34:48","guid":{"rendered":"https:\/\/urbeamea.ro\/albaiulia\/?p=114340"},"modified":"2024-10-13T14:54:11","modified_gmt":"2024-10-13T11:54:11","slug":"cipru-romania-0-3-victorie-fara-emotii-la-larnaca-punctaj-maxim-pentru-tricolori","status":"publish","type":"post","link":"https:\/\/urbeamea.ro\/albaiulia\/cipru-romania-0-3-victorie-fara-emotii-la-larnaca-punctaj-maxim-pentru-tricolori\/","title":{"rendered":"Cipru &#8211; Rom\u00e2nia 0 &#8211; 3. Victorie f\u0103r\u0103 emo\u021bii la Larnaca, punctaj maxim pentru &#8222;tricolori&#8221;"},"content":{"rendered":"\n<p><strong>Selec\u021bionata de fotbal a Rom\u00e2niei a c\u00e2\u0219tigat s\u00e2mb\u0103t\u0103, \u00een deplasare, cu scorul de 3-0, partida disputat\u0103 la Larnaca, \u00een fa\u021ba selec\u021bionatei Ciprului, meci cont\u00e2nd pentru etapa 3 din Liga Na\u021biunilor.<\/strong><\/p>\n\n\n\n<p>Dup\u0103 trei etape disputate, \u201dtricolorii\u201d pregatiti de Mircea Lucescu, au punctaj maxim (9 puncte), \u00een cadrul Grupei C2 din Liga Na\u021biunilor.<\/p>\n\n\n\n<p>\u00cen primul 11 al Rom\u00e2niei, s-au aflat \u0219i doi jucatori din jude\u021bul Alba: Nicolae Stanciu \u0219i Andrei Ra\u021biu.<\/p>\n\n\n\n<figure class=\"wp-block-image size-large\"><img loading=\"lazy\" decoding=\"async\" width=\"1280\" height=\"854\" src=\"https:\/\/urbeamea.ro\/albaiulia\/wp-content\/uploads\/2024\/10\/1000015338-1280x854.jpg\" alt=\"\" class=\"wp-image-114341\" srcset=\"https:\/\/urbeamea.ro\/albaiulia\/wp-content\/uploads\/2024\/10\/1000015338-1280x854.jpg 1280w, https:\/\/urbeamea.ro\/albaiulia\/wp-content\/uploads\/2024\/10\/1000015338-640x427.jpg 640w, https:\/\/urbeamea.ro\/albaiulia\/wp-content\/uploads\/2024\/10\/1000015338-150x100.jpg 150w, https:\/\/urbeamea.ro\/albaiulia\/wp-content\/uploads\/2024\/10\/1000015338-768x512.jpg 768w, https:\/\/urbeamea.ro\/albaiulia\/wp-content\/uploads\/2024\/10\/1000015338-1536x1024.jpg 1536w, https:\/\/urbeamea.ro\/albaiulia\/wp-content\/uploads\/2024\/10\/1000015338.jpg 1600w\" sizes=\"auto, (max-width: 1280px) 100vw, 1280px\" \/><\/figure>\n\n\n\n<p>Victoria a fost rezolvat\u0103 \u00eenc\u0103 din prima repriz\u0103, c\u00e2nd tricolorii au marcat \u00een trei r\u00e2nduri \u00een poarta ciprio\u021bilor.<\/p>\n\n\n\n<p>Scorul a fost deschis \u00een minutul 16, de juc\u0103torul Parmei &#8211; Dennis Man, cu un \u0219ut din interiorul careului mic. <\/p>\n\n\n\n<p>Dup\u0103 alte \u0219apte minute, Rom\u00e2nia \u0219i-a m\u0103rit ecartul la 2-0, prin reu\u0219ita lui R\u0103zvan Marin din penalty-ul ob\u021binut de Valentin Mih\u0103il\u0103. <\/p>\n\n\n\n<p>Radu Dr\u0103gu\u0219in a \u00eenscris primul s\u0103u gol la na\u021bional\u0103, unul venit \u00een minutul 36, cu o lovitur\u0103 de cap din careu, dup\u0103 o centrare venit\u0103 de la Dennis Man. <\/p>\n\n\n\n<p>La ad\u0103postul rezultatului din prima repriz\u0103, &#8222;tricolorii&#8221; nu au mai for\u021bat \u00een partea secund\u0103, ocaziile mari de gol fiind semnate de Nicolae Stanciu \u0219i Dr\u0103gu\u0219.<\/p>\n\n\n\n<p>\u00cen urm\u0103toarea partid\u0103, Rom\u00e2nia va \u00eent\u00e2lni \u00een deplasare, marti, 15 octombrie, na\u021bionala Lituaniei.<\/p>\n\n\n\n<figure class=\"wp-block-gallery has-nested-images columns-default is-cropped wp-block-gallery-1 is-layout-flex wp-block-gallery-is-layout-flex\">\n<figure class=\"wp-block-image size-large\"><img loading=\"lazy\" decoding=\"async\" width=\"700\" height=\"390\" data-id=\"114342\" src=\"https:\/\/urbeamea.ro\/albaiulia\/wp-content\/uploads\/2024\/10\/1000015332.jpg\" alt=\"\" class=\"wp-image-114342\" srcset=\"https:\/\/urbeamea.ro\/albaiulia\/wp-content\/uploads\/2024\/10\/1000015332.jpg 700w, https:\/\/urbeamea.ro\/albaiulia\/wp-content\/uploads\/2024\/10\/1000015332-640x357.jpg 640w, https:\/\/urbeamea.ro\/albaiulia\/wp-content\/uploads\/2024\/10\/1000015332-150x84.jpg 150w\" sizes=\"auto, (max-width: 700px) 100vw, 700px\" \/><\/figure>\n\n\n\n<figure class=\"wp-block-image size-large\"><img loading=\"lazy\" decoding=\"async\" width=\"700\" height=\"390\" data-id=\"114343\" src=\"https:\/\/urbeamea.ro\/albaiulia\/wp-content\/uploads\/2024\/10\/1000015335.jpg\" alt=\"\" class=\"wp-image-114343\" srcset=\"https:\/\/urbeamea.ro\/albaiulia\/wp-content\/uploads\/2024\/10\/1000015335.jpg 700w, https:\/\/urbeamea.ro\/albaiulia\/wp-content\/uploads\/2024\/10\/1000015335-640x357.jpg 640w, https:\/\/urbeamea.ro\/albaiulia\/wp-content\/uploads\/2024\/10\/1000015335-150x84.jpg 150w\" sizes=\"auto, (max-width: 700px) 100vw, 700px\" \/><\/figure>\n\n\n\n<figure class=\"wp-block-image size-large\"><img loading=\"lazy\" decoding=\"async\" width=\"700\" height=\"390\" data-id=\"114344\" src=\"https:\/\/urbeamea.ro\/albaiulia\/wp-content\/uploads\/2024\/10\/1000015334.jpg\" alt=\"\" class=\"wp-image-114344\" srcset=\"https:\/\/urbeamea.ro\/albaiulia\/wp-content\/uploads\/2024\/10\/1000015334.jpg 700w, https:\/\/urbeamea.ro\/albaiulia\/wp-content\/uploads\/2024\/10\/1000015334-640x357.jpg 640w, https:\/\/urbeamea.ro\/albaiulia\/wp-content\/uploads\/2024\/10\/1000015334-150x84.jpg 150w\" sizes=\"auto, (max-width: 700px) 100vw, 700px\" \/><\/figure>\n\n\n\n<figure class=\"wp-block-image size-large\"><img loading=\"lazy\" decoding=\"async\" width=\"700\" height=\"390\" data-id=\"114345\" src=\"https:\/\/urbeamea.ro\/albaiulia\/wp-content\/uploads\/2024\/10\/1000015333.jpg\" alt=\"\" class=\"wp-image-114345\" srcset=\"https:\/\/urbeamea.ro\/albaiulia\/wp-content\/uploads\/2024\/10\/1000015333.jpg 700w, https:\/\/urbeamea.ro\/albaiulia\/wp-content\/uploads\/2024\/10\/1000015333-640x357.jpg 640w, https:\/\/urbeamea.ro\/albaiulia\/wp-content\/uploads\/2024\/10\/1000015333-150x84.jpg 150w\" sizes=\"auto, (max-width: 700px) 100vw, 700px\" \/><\/figure>\n\n\n\n<figure class=\"wp-block-image size-large\"><img loading=\"lazy\" decoding=\"async\" width=\"700\" height=\"390\" data-id=\"114346\" src=\"https:\/\/urbeamea.ro\/albaiulia\/wp-content\/uploads\/2024\/10\/1000015336.jpg\" alt=\"\" class=\"wp-image-114346\" srcset=\"https:\/\/urbeamea.ro\/albaiulia\/wp-content\/uploads\/2024\/10\/1000015336.jpg 700w, https:\/\/urbeamea.ro\/albaiulia\/wp-content\/uploads\/2024\/10\/1000015336-640x357.jpg 640w, https:\/\/urbeamea.ro\/albaiulia\/wp-content\/uploads\/2024\/10\/1000015336-150x84.jpg 150w\" sizes=\"auto, (max-width: 700px) 100vw, 700px\" \/><\/figure>\n<\/figure>\n\n\n\n<p><\/p>\n","protected":false},"excerpt":{"rendered":"<p>Selec\u021bionata de fotbal a Rom\u00e2niei a c\u00e2\u0219tigat s\u00e2mb\u0103t\u0103, \u00een deplasare, cu scorul de 3-0, partida disputat\u0103 la Larnaca, \u00een fa\u021ba selec\u021bionatei Ciprului, meci cont\u00e2nd pentru etapa 3 din Liga Na\u021biunilor. Dup\u0103 trei etape disputate, \u201dtricolorii\u201d pregatiti de Mircea Lucescu, au punctaj maxim (9 puncte), \u00een cadrul Grupei C2 din Liga Na\u021biunilor. \u00cen primul 11 al &hellip;<\/p>\n","protected":false},"author":28,"featured_media":114344,"comment_status":"open","ping_status":"open","sticky":false,"template":"","format":"standard","meta":{"inline_featured_image":false,"footnotes":""},"categories":[2037],"tags":[25014],"class_list":["post-114340","post","type-post","status-publish","format-standard","has-post-thumbnail","hentry","category-sport","tag-nationala-romaniei"],"yoast_head":"<!-- This site is optimized with the Yoast SEO plugin v27.4 - https:\/\/yoast.com\/product\/yoast-seo-wordpress\/ -->\n<title>Cipru - Rom\u00e2nia 0 - 3. Victorie f\u0103r\u0103 emo\u021bii la Larnaca, punctaj maxim pentru &quot;tricolori&quot; - Revista Urbea Mea - Revista de Alba<\/title>\n<meta name=\"description\" content=\"Selec\u021bionata de fotbal a Rom\u00e2niei a c\u00e2\u0219tigat s\u00e2mb\u0103t\u0103, \u00een deplasare, cu scorul de 3-0, partida disputat\u0103 la Larnaca, \u00een fa\u021ba selec\u021bionatei Ciprului, meci\" \/>\n<meta name=\"robots\" content=\"index, follow, max-snippet:-1, max-image-preview:large, max-video-preview:-1\" \/>\n<link rel=\"canonical\" href=\"https:\/\/urbeamea.ro\/albaiulia\/cipru-romania-0-3-victorie-fara-emotii-la-larnaca-punctaj-maxim-pentru-tricolori\/\" \/>\n<meta name=\"twitter:card\" content=\"summary_large_image\" \/>\n<meta name=\"twitter:title\" content=\"Cipru - Rom\u00e2nia 0 - 3. Victorie f\u0103r\u0103 emo\u021bii la Larnaca, punctaj maxim pentru &quot;tricolori&quot; - Revista Urbea Mea - Revista de Alba\" \/>\n<meta name=\"twitter:description\" content=\"Selec\u021bionata de fotbal a Rom\u00e2niei a c\u00e2\u0219tigat s\u00e2mb\u0103t\u0103, \u00een deplasare, cu scorul de 3-0, partida disputat\u0103 la Larnaca, \u00een fa\u021ba selec\u021bionatei Ciprului, meci\" \/>\n<meta name=\"twitter:image\" content=\"https:\/\/urbeamea.ro\/albaiulia\/wp-content\/uploads\/2024\/10\/1000015334.jpg\" \/>\n<meta name=\"twitter:creator\" content=\"@urbeameaweb\" \/>\n<meta name=\"twitter:site\" content=\"@urbeameaweb\" \/>\n<script type=\"application\/ld+json\" class=\"yoast-schema-graph\">{\"@context\":\"https:\\\/\\\/schema.org\",\"@graph\":[{\"@type\":\"Article\",\"@id\":\"https:\\\/\\\/urbeamea.ro\\\/albaiulia\\\/cipru-romania-0-3-victorie-fara-emotii-la-larnaca-punctaj-maxim-pentru-tricolori\\\/#article\",\"isPartOf\":{\"@id\":\"https:\\\/\\\/urbeamea.ro\\\/albaiulia\\\/cipru-romania-0-3-victorie-fara-emotii-la-larnaca-punctaj-maxim-pentru-tricolori\\\/\"},\"author\":{\"name\":\"Giurca Sorin\",\"@id\":\"https:\\\/\\\/urbeamea.ro\\\/albaiulia\\\/#\\\/schema\\\/person\\\/5db3854ac38c1cc9f0ab4092d6a20f02\"},\"headline\":\"Cipru &#8211; Rom\u00e2nia 0 &#8211; 3. Victorie f\u0103r\u0103 emo\u021bii la Larnaca, punctaj maxim pentru &#8222;tricolori&#8221;\",\"datePublished\":\"2024-10-13T10:34:48+00:00\",\"dateModified\":\"2024-10-13T11:54:11+00:00\",\"mainEntityOfPage\":{\"@id\":\"https:\\\/\\\/urbeamea.ro\\\/albaiulia\\\/cipru-romania-0-3-victorie-fara-emotii-la-larnaca-punctaj-maxim-pentru-tricolori\\\/\"},\"wordCount\":239,\"commentCount\":0,\"image\":{\"@id\":\"https:\\\/\\\/urbeamea.ro\\\/albaiulia\\\/cipru-romania-0-3-victorie-fara-emotii-la-larnaca-punctaj-maxim-pentru-tricolori\\\/#primaryimage\"},\"thumbnailUrl\":\"https:\\\/\\\/urbeamea.ro\\\/albaiulia\\\/wp-content\\\/uploads\\\/2024\\\/10\\\/1000015334.jpg\",\"keywords\":[\"nationala romaniei\"],\"articleSection\":[\"Sport\"],\"inLanguage\":\"ro-RO\",\"potentialAction\":[{\"@type\":\"CommentAction\",\"name\":\"Comment\",\"target\":[\"https:\\\/\\\/urbeamea.ro\\\/albaiulia\\\/cipru-romania-0-3-victorie-fara-emotii-la-larnaca-punctaj-maxim-pentru-tricolori\\\/#respond\"]}]},{\"@type\":\"WebPage\",\"@id\":\"https:\\\/\\\/urbeamea.ro\\\/albaiulia\\\/cipru-romania-0-3-victorie-fara-emotii-la-larnaca-punctaj-maxim-pentru-tricolori\\\/\",\"url\":\"https:\\\/\\\/urbeamea.ro\\\/albaiulia\\\/cipru-romania-0-3-victorie-fara-emotii-la-larnaca-punctaj-maxim-pentru-tricolori\\\/\",\"name\":\"Cipru - Rom\u00e2nia 0 - 3. Victorie f\u0103r\u0103 emo\u021bii la Larnaca, punctaj maxim pentru \\\"tricolori\\\" - Revista Urbea Mea - Revista de Alba\",\"isPartOf\":{\"@id\":\"https:\\\/\\\/urbeamea.ro\\\/albaiulia\\\/#website\"},\"primaryImageOfPage\":{\"@id\":\"https:\\\/\\\/urbeamea.ro\\\/albaiulia\\\/cipru-romania-0-3-victorie-fara-emotii-la-larnaca-punctaj-maxim-pentru-tricolori\\\/#primaryimage\"},\"image\":{\"@id\":\"https:\\\/\\\/urbeamea.ro\\\/albaiulia\\\/cipru-romania-0-3-victorie-fara-emotii-la-larnaca-punctaj-maxim-pentru-tricolori\\\/#primaryimage\"},\"thumbnailUrl\":\"https:\\\/\\\/urbeamea.ro\\\/albaiulia\\\/wp-content\\\/uploads\\\/2024\\\/10\\\/1000015334.jpg\",\"datePublished\":\"2024-10-13T10:34:48+00:00\",\"dateModified\":\"2024-10-13T11:54:11+00:00\",\"author\":{\"@id\":\"https:\\\/\\\/urbeamea.ro\\\/albaiulia\\\/#\\\/schema\\\/person\\\/5db3854ac38c1cc9f0ab4092d6a20f02\"},\"description\":\"Selec\u021bionata de fotbal a Rom\u00e2niei a c\u00e2\u0219tigat s\u00e2mb\u0103t\u0103, \u00een deplasare, cu scorul de 3-0, partida disputat\u0103 la Larnaca, \u00een fa\u021ba selec\u021bionatei Ciprului, meci\",\"breadcrumb\":{\"@id\":\"https:\\\/\\\/urbeamea.ro\\\/albaiulia\\\/cipru-romania-0-3-victorie-fara-emotii-la-larnaca-punctaj-maxim-pentru-tricolori\\\/#breadcrumb\"},\"inLanguage\":\"ro-RO\",\"potentialAction\":[{\"@type\":\"ReadAction\",\"target\":[\"https:\\\/\\\/urbeamea.ro\\\/albaiulia\\\/cipru-romania-0-3-victorie-fara-emotii-la-larnaca-punctaj-maxim-pentru-tricolori\\\/\"]}]},{\"@type\":\"ImageObject\",\"inLanguage\":\"ro-RO\",\"@id\":\"https:\\\/\\\/urbeamea.ro\\\/albaiulia\\\/cipru-romania-0-3-victorie-fara-emotii-la-larnaca-punctaj-maxim-pentru-tricolori\\\/#primaryimage\",\"url\":\"https:\\\/\\\/urbeamea.ro\\\/albaiulia\\\/wp-content\\\/uploads\\\/2024\\\/10\\\/1000015334.jpg\",\"contentUrl\":\"https:\\\/\\\/urbeamea.ro\\\/albaiulia\\\/wp-content\\\/uploads\\\/2024\\\/10\\\/1000015334.jpg\",\"width\":700,\"height\":390},{\"@type\":\"BreadcrumbList\",\"@id\":\"https:\\\/\\\/urbeamea.ro\\\/albaiulia\\\/cipru-romania-0-3-victorie-fara-emotii-la-larnaca-punctaj-maxim-pentru-tricolori\\\/#breadcrumb\",\"itemListElement\":[{\"@type\":\"ListItem\",\"position\":1,\"name\":\"Prima pagin\u0103\",\"item\":\"https:\\\/\\\/urbeamea.ro\\\/albaiulia\\\/\"},{\"@type\":\"ListItem\",\"position\":2,\"name\":\"Cipru &#8211; Rom\u00e2nia 0 &#8211; 3. Victorie f\u0103r\u0103 emo\u021bii la Larnaca, punctaj maxim pentru &#8222;tricolori&#8221;\"}]},{\"@type\":\"WebSite\",\"@id\":\"https:\\\/\\\/urbeamea.ro\\\/albaiulia\\\/#website\",\"url\":\"https:\\\/\\\/urbeamea.ro\\\/albaiulia\\\/\",\"name\":\"Revista Urbea Mea, Stiri urbane\",\"description\":\"Evenimente \u0219i \u0219tiri din Alba Iulia, Sebe\u0219, Aiud, Blaj\",\"potentialAction\":[{\"@type\":\"SearchAction\",\"target\":{\"@type\":\"EntryPoint\",\"urlTemplate\":\"https:\\\/\\\/urbeamea.ro\\\/albaiulia\\\/?s={search_term_string}\"},\"query-input\":{\"@type\":\"PropertyValueSpecification\",\"valueRequired\":true,\"valueName\":\"search_term_string\"}}],\"inLanguage\":\"ro-RO\"},{\"@type\":\"Person\",\"@id\":\"https:\\\/\\\/urbeamea.ro\\\/albaiulia\\\/#\\\/schema\\\/person\\\/5db3854ac38c1cc9f0ab4092d6a20f02\",\"name\":\"Giurca Sorin\",\"image\":{\"@type\":\"ImageObject\",\"inLanguage\":\"ro-RO\",\"@id\":\"https:\\\/\\\/secure.gravatar.com\\\/avatar\\\/120f6fcae7b3b47a7730cb9943f612f4909f68ac5284b5f40ac1c4615fd70576?s=96&d=mm&r=g\",\"url\":\"https:\\\/\\\/secure.gravatar.com\\\/avatar\\\/120f6fcae7b3b47a7730cb9943f612f4909f68ac5284b5f40ac1c4615fd70576?s=96&d=mm&r=g\",\"contentUrl\":\"https:\\\/\\\/secure.gravatar.com\\\/avatar\\\/120f6fcae7b3b47a7730cb9943f612f4909f68ac5284b5f40ac1c4615fd70576?s=96&d=mm&r=g\",\"caption\":\"Giurca Sorin\"},\"url\":\"https:\\\/\\\/urbeamea.ro\\\/albaiulia\\\/author\\\/sorin\\\/\"}]}<\/script>\n<!-- \/ Yoast SEO plugin. -->","yoast_head_json":{"title":"Cipru - Rom\u00e2nia 0 - 3. Victorie f\u0103r\u0103 emo\u021bii la Larnaca, punctaj maxim pentru \"tricolori\" - Revista Urbea Mea - Revista de Alba","description":"Selec\u021bionata de fotbal a Rom\u00e2niei a c\u00e2\u0219tigat s\u00e2mb\u0103t\u0103, \u00een deplasare, cu scorul de 3-0, partida disputat\u0103 la Larnaca, \u00een fa\u021ba selec\u021bionatei Ciprului, meci","robots":{"index":"index","follow":"follow","max-snippet":"max-snippet:-1","max-image-preview":"max-image-preview:large","max-video-preview":"max-video-preview:-1"},"canonical":"https:\/\/urbeamea.ro\/albaiulia\/cipru-romania-0-3-victorie-fara-emotii-la-larnaca-punctaj-maxim-pentru-tricolori\/","twitter_card":"summary_large_image","twitter_title":"Cipru - Rom\u00e2nia 0 - 3. Victorie f\u0103r\u0103 emo\u021bii la Larnaca, punctaj maxim pentru \"tricolori\" - Revista Urbea Mea - Revista de Alba","twitter_description":"Selec\u021bionata de fotbal a Rom\u00e2niei a c\u00e2\u0219tigat s\u00e2mb\u0103t\u0103, \u00een deplasare, cu scorul de 3-0, partida disputat\u0103 la Larnaca, \u00een fa\u021ba selec\u021bionatei Ciprului, meci","twitter_image":"https:\/\/urbeamea.ro\/albaiulia\/wp-content\/uploads\/2024\/10\/1000015334.jpg","twitter_creator":"@urbeameaweb","twitter_site":"@urbeameaweb","schema":{"@context":"https:\/\/schema.org","@graph":[{"@type":"Article","@id":"https:\/\/urbeamea.ro\/albaiulia\/cipru-romania-0-3-victorie-fara-emotii-la-larnaca-punctaj-maxim-pentru-tricolori\/#article","isPartOf":{"@id":"https:\/\/urbeamea.ro\/albaiulia\/cipru-romania-0-3-victorie-fara-emotii-la-larnaca-punctaj-maxim-pentru-tricolori\/"},"author":{"name":"Giurca Sorin","@id":"https:\/\/urbeamea.ro\/albaiulia\/#\/schema\/person\/5db3854ac38c1cc9f0ab4092d6a20f02"},"headline":"Cipru &#8211; Rom\u00e2nia 0 &#8211; 3. Victorie f\u0103r\u0103 emo\u021bii la Larnaca, punctaj maxim pentru &#8222;tricolori&#8221;","datePublished":"2024-10-13T10:34:48+00:00","dateModified":"2024-10-13T11:54:11+00:00","mainEntityOfPage":{"@id":"https:\/\/urbeamea.ro\/albaiulia\/cipru-romania-0-3-victorie-fara-emotii-la-larnaca-punctaj-maxim-pentru-tricolori\/"},"wordCount":239,"commentCount":0,"image":{"@id":"https:\/\/urbeamea.ro\/albaiulia\/cipru-romania-0-3-victorie-fara-emotii-la-larnaca-punctaj-maxim-pentru-tricolori\/#primaryimage"},"thumbnailUrl":"https:\/\/urbeamea.ro\/albaiulia\/wp-content\/uploads\/2024\/10\/1000015334.jpg","keywords":["nationala romaniei"],"articleSection":["Sport"],"inLanguage":"ro-RO","potentialAction":[{"@type":"CommentAction","name":"Comment","target":["https:\/\/urbeamea.ro\/albaiulia\/cipru-romania-0-3-victorie-fara-emotii-la-larnaca-punctaj-maxim-pentru-tricolori\/#respond"]}]},{"@type":"WebPage","@id":"https:\/\/urbeamea.ro\/albaiulia\/cipru-romania-0-3-victorie-fara-emotii-la-larnaca-punctaj-maxim-pentru-tricolori\/","url":"https:\/\/urbeamea.ro\/albaiulia\/cipru-romania-0-3-victorie-fara-emotii-la-larnaca-punctaj-maxim-pentru-tricolori\/","name":"Cipru - Rom\u00e2nia 0 - 3. Victorie f\u0103r\u0103 emo\u021bii la Larnaca, punctaj maxim pentru \"tricolori\" - Revista Urbea Mea - Revista de Alba","isPartOf":{"@id":"https:\/\/urbeamea.ro\/albaiulia\/#website"},"primaryImageOfPage":{"@id":"https:\/\/urbeamea.ro\/albaiulia\/cipru-romania-0-3-victorie-fara-emotii-la-larnaca-punctaj-maxim-pentru-tricolori\/#primaryimage"},"image":{"@id":"https:\/\/urbeamea.ro\/albaiulia\/cipru-romania-0-3-victorie-fara-emotii-la-larnaca-punctaj-maxim-pentru-tricolori\/#primaryimage"},"thumbnailUrl":"https:\/\/urbeamea.ro\/albaiulia\/wp-content\/uploads\/2024\/10\/1000015334.jpg","datePublished":"2024-10-13T10:34:48+00:00","dateModified":"2024-10-13T11:54:11+00:00","author":{"@id":"https:\/\/urbeamea.ro\/albaiulia\/#\/schema\/person\/5db3854ac38c1cc9f0ab4092d6a20f02"},"description":"Selec\u021bionata de fotbal a Rom\u00e2niei a c\u00e2\u0219tigat s\u00e2mb\u0103t\u0103, \u00een deplasare, cu scorul de 3-0, partida disputat\u0103 la Larnaca, \u00een fa\u021ba selec\u021bionatei Ciprului, meci","breadcrumb":{"@id":"https:\/\/urbeamea.ro\/albaiulia\/cipru-romania-0-3-victorie-fara-emotii-la-larnaca-punctaj-maxim-pentru-tricolori\/#breadcrumb"},"inLanguage":"ro-RO","potentialAction":[{"@type":"ReadAction","target":["https:\/\/urbeamea.ro\/albaiulia\/cipru-romania-0-3-victorie-fara-emotii-la-larnaca-punctaj-maxim-pentru-tricolori\/"]}]},{"@type":"ImageObject","inLanguage":"ro-RO","@id":"https:\/\/urbeamea.ro\/albaiulia\/cipru-romania-0-3-victorie-fara-emotii-la-larnaca-punctaj-maxim-pentru-tricolori\/#primaryimage","url":"https:\/\/urbeamea.ro\/albaiulia\/wp-content\/uploads\/2024\/10\/1000015334.jpg","contentUrl":"https:\/\/urbeamea.ro\/albaiulia\/wp-content\/uploads\/2024\/10\/1000015334.jpg","width":700,"height":390},{"@type":"BreadcrumbList","@id":"https:\/\/urbeamea.ro\/albaiulia\/cipru-romania-0-3-victorie-fara-emotii-la-larnaca-punctaj-maxim-pentru-tricolori\/#breadcrumb","itemListElement":[{"@type":"ListItem","position":1,"name":"Prima pagin\u0103","item":"https:\/\/urbeamea.ro\/albaiulia\/"},{"@type":"ListItem","position":2,"name":"Cipru &#8211; Rom\u00e2nia 0 &#8211; 3. Victorie f\u0103r\u0103 emo\u021bii la Larnaca, punctaj maxim pentru &#8222;tricolori&#8221;"}]},{"@type":"WebSite","@id":"https:\/\/urbeamea.ro\/albaiulia\/#website","url":"https:\/\/urbeamea.ro\/albaiulia\/","name":"Revista Urbea Mea, Stiri urbane","description":"Evenimente \u0219i \u0219tiri din Alba Iulia, Sebe\u0219, Aiud, Blaj","potentialAction":[{"@type":"SearchAction","target":{"@type":"EntryPoint","urlTemplate":"https:\/\/urbeamea.ro\/albaiulia\/?s={search_term_string}"},"query-input":{"@type":"PropertyValueSpecification","valueRequired":true,"valueName":"search_term_string"}}],"inLanguage":"ro-RO"},{"@type":"Person","@id":"https:\/\/urbeamea.ro\/albaiulia\/#\/schema\/person\/5db3854ac38c1cc9f0ab4092d6a20f02","name":"Giurca Sorin","image":{"@type":"ImageObject","inLanguage":"ro-RO","@id":"https:\/\/secure.gravatar.com\/avatar\/120f6fcae7b3b47a7730cb9943f612f4909f68ac5284b5f40ac1c4615fd70576?s=96&d=mm&r=g","url":"https:\/\/secure.gravatar.com\/avatar\/120f6fcae7b3b47a7730cb9943f612f4909f68ac5284b5f40ac1c4615fd70576?s=96&d=mm&r=g","contentUrl":"https:\/\/secure.gravatar.com\/avatar\/120f6fcae7b3b47a7730cb9943f612f4909f68ac5284b5f40ac1c4615fd70576?s=96&d=mm&r=g","caption":"Giurca Sorin"},"url":"https:\/\/urbeamea.ro\/albaiulia\/author\/sorin\/"}]}},"_links":{"self":[{"href":"https:\/\/urbeamea.ro\/albaiulia\/wp-json\/wp\/v2\/posts\/114340","targetHints":{"allow":["GET"]}}],"collection":[{"href":"https:\/\/urbeamea.ro\/albaiulia\/wp-json\/wp\/v2\/posts"}],"about":[{"href":"https:\/\/urbeamea.ro\/albaiulia\/wp-json\/wp\/v2\/types\/post"}],"author":[{"embeddable":true,"href":"https:\/\/urbeamea.ro\/albaiulia\/wp-json\/wp\/v2\/users\/28"}],"replies":[{"embeddable":true,"href":"https:\/\/urbeamea.ro\/albaiulia\/wp-json\/wp\/v2\/comments?post=114340"}],"version-history":[{"count":2,"href":"https:\/\/urbeamea.ro\/albaiulia\/wp-json\/wp\/v2\/posts\/114340\/revisions"}],"predecessor-version":[{"id":114367,"href":"https:\/\/urbeamea.ro\/albaiulia\/wp-json\/wp\/v2\/posts\/114340\/revisions\/114367"}],"wp:featuredmedia":[{"embeddable":true,"href":"https:\/\/urbeamea.ro\/albaiulia\/wp-json\/wp\/v2\/media\/114344"}],"wp:attachment":[{"href":"https:\/\/urbeamea.ro\/albaiulia\/wp-json\/wp\/v2\/media?parent=114340"}],"wp:term":[{"taxonomy":"category","embeddable":true,"href":"https:\/\/urbeamea.ro\/albaiulia\/wp-json\/wp\/v2\/categories?post=114340"},{"taxonomy":"post_tag","embeddable":true,"href":"https:\/\/urbeamea.ro\/albaiulia\/wp-json\/wp\/v2\/tags?post=114340"}],"curies":[{"name":"wp","href":"https:\/\/api.w.org\/{rel}","templated":true}]}}