{"id":114348,"date":"2024-10-13T13:42:41","date_gmt":"2024-10-13T10:42:41","guid":{"rendered":"https:\/\/urbeamea.ro\/albaiulia\/?p=114348"},"modified":"2024-10-13T13:42:43","modified_gmt":"2024-10-13T10:42:43","slug":"luni-ora-1700-creatie-si-traduceri-la-atelierul-de-traduceri-al-bibliotecii-judetene-din-alba-iulia","status":"publish","type":"post","link":"https:\/\/urbeamea.ro\/albaiulia\/luni-ora-1700-creatie-si-traduceri-la-atelierul-de-traduceri-al-bibliotecii-judetene-din-alba-iulia\/","title":{"rendered":"Luni, ora 17:00 &#8222;Crea\u021bie \u0219i traduceri&#8221; la atelierul de traduceri al Bibliotecii Jude\u021bene din Alba Iulia"},"content":{"rendered":"\n<p><strong>Luni, 14 octombrie 2024, la sala de lectur\u0103 a Bibliotecii Jude\u021bene \u201eLucian Blaga\u201d Alba va g\u0103zdui o nou\u0103 activitate din cadrul proiectului 3.25 Atelier de traduceri. <\/strong><\/p>\n\n\n\n<p>Proiectul are ca scop promovarea culturii scrise la nivel interna\u021bional \u0219i a fost g\u00e2ndit s\u0103 se desf\u0103\u0219oare sub forma unor ateliere de traduceri \u0219i retroversiuni, \u00een colaborare cu unul sau mai mul\u021bi parteneri.<\/p>\n\n\n\n<p>Atelierul de traduceri va debuta la ora 17:00 cu prezentarea unui fond tematic de carte, urmat\u0103 de expunerea unor modele moderne \u0219i tradi\u021bionale de traducere.<\/p>\n\n\n\n<p> Se vor aduce argumente pro \u0219i contra traducerii prin intermediul inteligen\u021bei artificiale \u0219i a traducerii cu ajutorul cuno\u0219tin\u021belor umane. <\/p>\n\n\n\n<p>Metodele vor fi exemplificate practic prin exerci\u021bii de traducere \u0219i retroversiuni.<\/p>\n\n\n\n<p>Proiectul este organizat de Consiliul Jude\u021bean Alba \u0219i Biblioteca Jude\u021bean\u0103 \u201eLucian Blaga\u201d Alba \u0219i este coordonat de bibliotecarele Ana-Maria Pienar, Amelia Groza \u0219i Giulia Barta.<\/p>\n\n\n\n<figure class=\"wp-block-image size-large\"><img loading=\"lazy\" decoding=\"async\" width=\"905\" height=\"1280\" src=\"https:\/\/urbeamea.ro\/albaiulia\/wp-content\/uploads\/2024\/10\/1000015339-905x1280.jpg\" alt=\"\" class=\"wp-image-114349\" srcset=\"https:\/\/urbeamea.ro\/albaiulia\/wp-content\/uploads\/2024\/10\/1000015339-905x1280.jpg 905w, https:\/\/urbeamea.ro\/albaiulia\/wp-content\/uploads\/2024\/10\/1000015339-452x640.jpg 452w, https:\/\/urbeamea.ro\/albaiulia\/wp-content\/uploads\/2024\/10\/1000015339-106x150.jpg 106w, https:\/\/urbeamea.ro\/albaiulia\/wp-content\/uploads\/2024\/10\/1000015339-768x1087.jpg 768w, https:\/\/urbeamea.ro\/albaiulia\/wp-content\/uploads\/2024\/10\/1000015339.jpg 1080w\" sizes=\"auto, (max-width: 905px) 100vw, 905px\" \/><\/figure>\n","protected":false},"excerpt":{"rendered":"<p>Luni, 14 octombrie 2024, la sala de lectur\u0103 a Bibliotecii Jude\u021bene \u201eLucian Blaga\u201d Alba va g\u0103zdui o nou\u0103 activitate din cadrul proiectului 3.25 Atelier de traduceri. Proiectul are ca scop promovarea culturii scrise la nivel interna\u021bional \u0219i a fost g\u00e2ndit s\u0103 se desf\u0103\u0219oare sub forma unor ateliere de traduceri \u0219i retroversiuni, \u00een colaborare cu unul &hellip;<\/p>\n","protected":false},"author":28,"featured_media":114349,"comment_status":"open","ping_status":"open","sticky":false,"template":"","format":"standard","meta":{"inline_featured_image":false,"footnotes":""},"categories":[2039,4,2034,16344],"tags":[25080,2113],"class_list":["post-114348","post","type-post","status-publish","format-standard","has-post-thumbnail","hentry","category-educatie","category-eveniment","category-social","category-urbea-mea","tag-atelier-de-traduceri","tag-biblioteca-judeteana-lucian-blaga-alba"],"yoast_head":"<!-- This site is optimized with the Yoast SEO plugin v27.4 - https:\/\/yoast.com\/product\/yoast-seo-wordpress\/ -->\n<title>Luni, ora 17:00 &quot;Crea\u021bie \u0219i traduceri&quot; la atelierul de traduceri al Bibliotecii Jude\u021bene din Alba Iulia - Revista Urbea Mea - Revista de Alba<\/title>\n<meta name=\"description\" content=\"Luni, 14 octombrie 2024, la sala de lectur\u0103 a Bibliotecii Jude\u021bene \u201eLucian Blaga\u201d Alba va g\u0103zdui o nou\u0103 activitate din cadrul proiectului 3.25 Atelier de\" \/>\n<meta name=\"robots\" content=\"index, follow, max-snippet:-1, max-image-preview:large, max-video-preview:-1\" \/>\n<link rel=\"canonical\" href=\"https:\/\/urbeamea.ro\/albaiulia\/luni-ora-1700-creatie-si-traduceri-la-atelierul-de-traduceri-al-bibliotecii-judetene-din-alba-iulia\/\" \/>\n<meta name=\"twitter:card\" content=\"summary_large_image\" \/>\n<meta name=\"twitter:title\" content=\"Luni, ora 17:00 &quot;Crea\u021bie \u0219i traduceri&quot; la atelierul de traduceri al Bibliotecii Jude\u021bene din Alba Iulia - Revista Urbea Mea - Revista de Alba\" \/>\n<meta name=\"twitter:description\" content=\"Luni, 14 octombrie 2024, la sala de lectur\u0103 a Bibliotecii Jude\u021bene \u201eLucian Blaga\u201d Alba va g\u0103zdui o nou\u0103 activitate din cadrul proiectului 3.25 Atelier de\" \/>\n<meta name=\"twitter:image\" content=\"https:\/\/urbeamea.ro\/albaiulia\/wp-content\/uploads\/2024\/10\/1000015339.jpg\" \/>\n<meta name=\"twitter:creator\" content=\"@urbeameaweb\" \/>\n<meta name=\"twitter:site\" content=\"@urbeameaweb\" \/>\n<script type=\"application\/ld+json\" class=\"yoast-schema-graph\">{\"@context\":\"https:\\\/\\\/schema.org\",\"@graph\":[{\"@type\":\"Article\",\"@id\":\"https:\\\/\\\/urbeamea.ro\\\/albaiulia\\\/luni-ora-1700-creatie-si-traduceri-la-atelierul-de-traduceri-al-bibliotecii-judetene-din-alba-iulia\\\/#article\",\"isPartOf\":{\"@id\":\"https:\\\/\\\/urbeamea.ro\\\/albaiulia\\\/luni-ora-1700-creatie-si-traduceri-la-atelierul-de-traduceri-al-bibliotecii-judetene-din-alba-iulia\\\/\"},\"author\":{\"name\":\"Giurca Sorin\",\"@id\":\"https:\\\/\\\/urbeamea.ro\\\/albaiulia\\\/#\\\/schema\\\/person\\\/5db3854ac38c1cc9f0ab4092d6a20f02\"},\"headline\":\"Luni, ora 17:00 &#8222;Crea\u021bie \u0219i traduceri&#8221; la atelierul de traduceri al Bibliotecii Jude\u021bene din Alba Iulia\",\"datePublished\":\"2024-10-13T10:42:41+00:00\",\"dateModified\":\"2024-10-13T10:42:43+00:00\",\"mainEntityOfPage\":{\"@id\":\"https:\\\/\\\/urbeamea.ro\\\/albaiulia\\\/luni-ora-1700-creatie-si-traduceri-la-atelierul-de-traduceri-al-bibliotecii-judetene-din-alba-iulia\\\/\"},\"wordCount\":165,\"commentCount\":0,\"image\":{\"@id\":\"https:\\\/\\\/urbeamea.ro\\\/albaiulia\\\/luni-ora-1700-creatie-si-traduceri-la-atelierul-de-traduceri-al-bibliotecii-judetene-din-alba-iulia\\\/#primaryimage\"},\"thumbnailUrl\":\"https:\\\/\\\/urbeamea.ro\\\/albaiulia\\\/wp-content\\\/uploads\\\/2024\\\/10\\\/1000015339.jpg\",\"keywords\":[\"Atelier de traduceri\",\"Biblioteca Jude\u0163ean\u0103 \u201cLucian Blaga\u201d Alba\"],\"articleSection\":[\"Educa\u021bie\",\"Evenimente\",\"Social\",\"Urbea Mea\"],\"inLanguage\":\"ro-RO\",\"potentialAction\":[{\"@type\":\"CommentAction\",\"name\":\"Comment\",\"target\":[\"https:\\\/\\\/urbeamea.ro\\\/albaiulia\\\/luni-ora-1700-creatie-si-traduceri-la-atelierul-de-traduceri-al-bibliotecii-judetene-din-alba-iulia\\\/#respond\"]}]},{\"@type\":\"WebPage\",\"@id\":\"https:\\\/\\\/urbeamea.ro\\\/albaiulia\\\/luni-ora-1700-creatie-si-traduceri-la-atelierul-de-traduceri-al-bibliotecii-judetene-din-alba-iulia\\\/\",\"url\":\"https:\\\/\\\/urbeamea.ro\\\/albaiulia\\\/luni-ora-1700-creatie-si-traduceri-la-atelierul-de-traduceri-al-bibliotecii-judetene-din-alba-iulia\\\/\",\"name\":\"Luni, ora 17:00 \\\"Crea\u021bie \u0219i traduceri\\\" la atelierul de traduceri al Bibliotecii Jude\u021bene din Alba Iulia - Revista Urbea Mea - Revista de Alba\",\"isPartOf\":{\"@id\":\"https:\\\/\\\/urbeamea.ro\\\/albaiulia\\\/#website\"},\"primaryImageOfPage\":{\"@id\":\"https:\\\/\\\/urbeamea.ro\\\/albaiulia\\\/luni-ora-1700-creatie-si-traduceri-la-atelierul-de-traduceri-al-bibliotecii-judetene-din-alba-iulia\\\/#primaryimage\"},\"image\":{\"@id\":\"https:\\\/\\\/urbeamea.ro\\\/albaiulia\\\/luni-ora-1700-creatie-si-traduceri-la-atelierul-de-traduceri-al-bibliotecii-judetene-din-alba-iulia\\\/#primaryimage\"},\"thumbnailUrl\":\"https:\\\/\\\/urbeamea.ro\\\/albaiulia\\\/wp-content\\\/uploads\\\/2024\\\/10\\\/1000015339.jpg\",\"datePublished\":\"2024-10-13T10:42:41+00:00\",\"dateModified\":\"2024-10-13T10:42:43+00:00\",\"author\":{\"@id\":\"https:\\\/\\\/urbeamea.ro\\\/albaiulia\\\/#\\\/schema\\\/person\\\/5db3854ac38c1cc9f0ab4092d6a20f02\"},\"description\":\"Luni, 14 octombrie 2024, la sala de lectur\u0103 a Bibliotecii Jude\u021bene \u201eLucian Blaga\u201d Alba va g\u0103zdui o nou\u0103 activitate din cadrul proiectului 3.25 Atelier de\",\"breadcrumb\":{\"@id\":\"https:\\\/\\\/urbeamea.ro\\\/albaiulia\\\/luni-ora-1700-creatie-si-traduceri-la-atelierul-de-traduceri-al-bibliotecii-judetene-din-alba-iulia\\\/#breadcrumb\"},\"inLanguage\":\"ro-RO\",\"potentialAction\":[{\"@type\":\"ReadAction\",\"target\":[\"https:\\\/\\\/urbeamea.ro\\\/albaiulia\\\/luni-ora-1700-creatie-si-traduceri-la-atelierul-de-traduceri-al-bibliotecii-judetene-din-alba-iulia\\\/\"]}]},{\"@type\":\"ImageObject\",\"inLanguage\":\"ro-RO\",\"@id\":\"https:\\\/\\\/urbeamea.ro\\\/albaiulia\\\/luni-ora-1700-creatie-si-traduceri-la-atelierul-de-traduceri-al-bibliotecii-judetene-din-alba-iulia\\\/#primaryimage\",\"url\":\"https:\\\/\\\/urbeamea.ro\\\/albaiulia\\\/wp-content\\\/uploads\\\/2024\\\/10\\\/1000015339.jpg\",\"contentUrl\":\"https:\\\/\\\/urbeamea.ro\\\/albaiulia\\\/wp-content\\\/uploads\\\/2024\\\/10\\\/1000015339.jpg\",\"width\":1080,\"height\":1528},{\"@type\":\"BreadcrumbList\",\"@id\":\"https:\\\/\\\/urbeamea.ro\\\/albaiulia\\\/luni-ora-1700-creatie-si-traduceri-la-atelierul-de-traduceri-al-bibliotecii-judetene-din-alba-iulia\\\/#breadcrumb\",\"itemListElement\":[{\"@type\":\"ListItem\",\"position\":1,\"name\":\"Prima pagin\u0103\",\"item\":\"https:\\\/\\\/urbeamea.ro\\\/albaiulia\\\/\"},{\"@type\":\"ListItem\",\"position\":2,\"name\":\"Luni, ora 17:00 &#8222;Crea\u021bie \u0219i traduceri&#8221; la atelierul de traduceri al Bibliotecii Jude\u021bene din Alba Iulia\"}]},{\"@type\":\"WebSite\",\"@id\":\"https:\\\/\\\/urbeamea.ro\\\/albaiulia\\\/#website\",\"url\":\"https:\\\/\\\/urbeamea.ro\\\/albaiulia\\\/\",\"name\":\"Revista Urbea Mea, Stiri urbane\",\"description\":\"Evenimente \u0219i \u0219tiri din Alba Iulia, Sebe\u0219, Aiud, Blaj\",\"potentialAction\":[{\"@type\":\"SearchAction\",\"target\":{\"@type\":\"EntryPoint\",\"urlTemplate\":\"https:\\\/\\\/urbeamea.ro\\\/albaiulia\\\/?s={search_term_string}\"},\"query-input\":{\"@type\":\"PropertyValueSpecification\",\"valueRequired\":true,\"valueName\":\"search_term_string\"}}],\"inLanguage\":\"ro-RO\"},{\"@type\":\"Person\",\"@id\":\"https:\\\/\\\/urbeamea.ro\\\/albaiulia\\\/#\\\/schema\\\/person\\\/5db3854ac38c1cc9f0ab4092d6a20f02\",\"name\":\"Giurca Sorin\",\"image\":{\"@type\":\"ImageObject\",\"inLanguage\":\"ro-RO\",\"@id\":\"https:\\\/\\\/secure.gravatar.com\\\/avatar\\\/120f6fcae7b3b47a7730cb9943f612f4909f68ac5284b5f40ac1c4615fd70576?s=96&d=mm&r=g\",\"url\":\"https:\\\/\\\/secure.gravatar.com\\\/avatar\\\/120f6fcae7b3b47a7730cb9943f612f4909f68ac5284b5f40ac1c4615fd70576?s=96&d=mm&r=g\",\"contentUrl\":\"https:\\\/\\\/secure.gravatar.com\\\/avatar\\\/120f6fcae7b3b47a7730cb9943f612f4909f68ac5284b5f40ac1c4615fd70576?s=96&d=mm&r=g\",\"caption\":\"Giurca Sorin\"},\"url\":\"https:\\\/\\\/urbeamea.ro\\\/albaiulia\\\/author\\\/sorin\\\/\"}]}<\/script>\n<!-- \/ Yoast SEO plugin. -->","yoast_head_json":{"title":"Luni, ora 17:00 \"Crea\u021bie \u0219i traduceri\" la atelierul de traduceri al Bibliotecii Jude\u021bene din Alba Iulia - Revista Urbea Mea - Revista de Alba","description":"Luni, 14 octombrie 2024, la sala de lectur\u0103 a Bibliotecii Jude\u021bene \u201eLucian Blaga\u201d Alba va g\u0103zdui o nou\u0103 activitate din cadrul proiectului 3.25 Atelier de","robots":{"index":"index","follow":"follow","max-snippet":"max-snippet:-1","max-image-preview":"max-image-preview:large","max-video-preview":"max-video-preview:-1"},"canonical":"https:\/\/urbeamea.ro\/albaiulia\/luni-ora-1700-creatie-si-traduceri-la-atelierul-de-traduceri-al-bibliotecii-judetene-din-alba-iulia\/","twitter_card":"summary_large_image","twitter_title":"Luni, ora 17:00 \"Crea\u021bie \u0219i traduceri\" la atelierul de traduceri al Bibliotecii Jude\u021bene din Alba Iulia - Revista Urbea Mea - Revista de Alba","twitter_description":"Luni, 14 octombrie 2024, la sala de lectur\u0103 a Bibliotecii Jude\u021bene \u201eLucian Blaga\u201d Alba va g\u0103zdui o nou\u0103 activitate din cadrul proiectului 3.25 Atelier de","twitter_image":"https:\/\/urbeamea.ro\/albaiulia\/wp-content\/uploads\/2024\/10\/1000015339.jpg","twitter_creator":"@urbeameaweb","twitter_site":"@urbeameaweb","schema":{"@context":"https:\/\/schema.org","@graph":[{"@type":"Article","@id":"https:\/\/urbeamea.ro\/albaiulia\/luni-ora-1700-creatie-si-traduceri-la-atelierul-de-traduceri-al-bibliotecii-judetene-din-alba-iulia\/#article","isPartOf":{"@id":"https:\/\/urbeamea.ro\/albaiulia\/luni-ora-1700-creatie-si-traduceri-la-atelierul-de-traduceri-al-bibliotecii-judetene-din-alba-iulia\/"},"author":{"name":"Giurca Sorin","@id":"https:\/\/urbeamea.ro\/albaiulia\/#\/schema\/person\/5db3854ac38c1cc9f0ab4092d6a20f02"},"headline":"Luni, ora 17:00 &#8222;Crea\u021bie \u0219i traduceri&#8221; la atelierul de traduceri al Bibliotecii Jude\u021bene din Alba Iulia","datePublished":"2024-10-13T10:42:41+00:00","dateModified":"2024-10-13T10:42:43+00:00","mainEntityOfPage":{"@id":"https:\/\/urbeamea.ro\/albaiulia\/luni-ora-1700-creatie-si-traduceri-la-atelierul-de-traduceri-al-bibliotecii-judetene-din-alba-iulia\/"},"wordCount":165,"commentCount":0,"image":{"@id":"https:\/\/urbeamea.ro\/albaiulia\/luni-ora-1700-creatie-si-traduceri-la-atelierul-de-traduceri-al-bibliotecii-judetene-din-alba-iulia\/#primaryimage"},"thumbnailUrl":"https:\/\/urbeamea.ro\/albaiulia\/wp-content\/uploads\/2024\/10\/1000015339.jpg","keywords":["Atelier de traduceri","Biblioteca Jude\u0163ean\u0103 \u201cLucian Blaga\u201d Alba"],"articleSection":["Educa\u021bie","Evenimente","Social","Urbea Mea"],"inLanguage":"ro-RO","potentialAction":[{"@type":"CommentAction","name":"Comment","target":["https:\/\/urbeamea.ro\/albaiulia\/luni-ora-1700-creatie-si-traduceri-la-atelierul-de-traduceri-al-bibliotecii-judetene-din-alba-iulia\/#respond"]}]},{"@type":"WebPage","@id":"https:\/\/urbeamea.ro\/albaiulia\/luni-ora-1700-creatie-si-traduceri-la-atelierul-de-traduceri-al-bibliotecii-judetene-din-alba-iulia\/","url":"https:\/\/urbeamea.ro\/albaiulia\/luni-ora-1700-creatie-si-traduceri-la-atelierul-de-traduceri-al-bibliotecii-judetene-din-alba-iulia\/","name":"Luni, ora 17:00 \"Crea\u021bie \u0219i traduceri\" la atelierul de traduceri al Bibliotecii Jude\u021bene din Alba Iulia - Revista Urbea Mea - Revista de Alba","isPartOf":{"@id":"https:\/\/urbeamea.ro\/albaiulia\/#website"},"primaryImageOfPage":{"@id":"https:\/\/urbeamea.ro\/albaiulia\/luni-ora-1700-creatie-si-traduceri-la-atelierul-de-traduceri-al-bibliotecii-judetene-din-alba-iulia\/#primaryimage"},"image":{"@id":"https:\/\/urbeamea.ro\/albaiulia\/luni-ora-1700-creatie-si-traduceri-la-atelierul-de-traduceri-al-bibliotecii-judetene-din-alba-iulia\/#primaryimage"},"thumbnailUrl":"https:\/\/urbeamea.ro\/albaiulia\/wp-content\/uploads\/2024\/10\/1000015339.jpg","datePublished":"2024-10-13T10:42:41+00:00","dateModified":"2024-10-13T10:42:43+00:00","author":{"@id":"https:\/\/urbeamea.ro\/albaiulia\/#\/schema\/person\/5db3854ac38c1cc9f0ab4092d6a20f02"},"description":"Luni, 14 octombrie 2024, la sala de lectur\u0103 a Bibliotecii Jude\u021bene \u201eLucian Blaga\u201d Alba va g\u0103zdui o nou\u0103 activitate din cadrul proiectului 3.25 Atelier de","breadcrumb":{"@id":"https:\/\/urbeamea.ro\/albaiulia\/luni-ora-1700-creatie-si-traduceri-la-atelierul-de-traduceri-al-bibliotecii-judetene-din-alba-iulia\/#breadcrumb"},"inLanguage":"ro-RO","potentialAction":[{"@type":"ReadAction","target":["https:\/\/urbeamea.ro\/albaiulia\/luni-ora-1700-creatie-si-traduceri-la-atelierul-de-traduceri-al-bibliotecii-judetene-din-alba-iulia\/"]}]},{"@type":"ImageObject","inLanguage":"ro-RO","@id":"https:\/\/urbeamea.ro\/albaiulia\/luni-ora-1700-creatie-si-traduceri-la-atelierul-de-traduceri-al-bibliotecii-judetene-din-alba-iulia\/#primaryimage","url":"https:\/\/urbeamea.ro\/albaiulia\/wp-content\/uploads\/2024\/10\/1000015339.jpg","contentUrl":"https:\/\/urbeamea.ro\/albaiulia\/wp-content\/uploads\/2024\/10\/1000015339.jpg","width":1080,"height":1528},{"@type":"BreadcrumbList","@id":"https:\/\/urbeamea.ro\/albaiulia\/luni-ora-1700-creatie-si-traduceri-la-atelierul-de-traduceri-al-bibliotecii-judetene-din-alba-iulia\/#breadcrumb","itemListElement":[{"@type":"ListItem","position":1,"name":"Prima pagin\u0103","item":"https:\/\/urbeamea.ro\/albaiulia\/"},{"@type":"ListItem","position":2,"name":"Luni, ora 17:00 &#8222;Crea\u021bie \u0219i traduceri&#8221; la atelierul de traduceri al Bibliotecii Jude\u021bene din Alba Iulia"}]},{"@type":"WebSite","@id":"https:\/\/urbeamea.ro\/albaiulia\/#website","url":"https:\/\/urbeamea.ro\/albaiulia\/","name":"Revista Urbea Mea, Stiri urbane","description":"Evenimente \u0219i \u0219tiri din Alba Iulia, Sebe\u0219, Aiud, Blaj","potentialAction":[{"@type":"SearchAction","target":{"@type":"EntryPoint","urlTemplate":"https:\/\/urbeamea.ro\/albaiulia\/?s={search_term_string}"},"query-input":{"@type":"PropertyValueSpecification","valueRequired":true,"valueName":"search_term_string"}}],"inLanguage":"ro-RO"},{"@type":"Person","@id":"https:\/\/urbeamea.ro\/albaiulia\/#\/schema\/person\/5db3854ac38c1cc9f0ab4092d6a20f02","name":"Giurca Sorin","image":{"@type":"ImageObject","inLanguage":"ro-RO","@id":"https:\/\/secure.gravatar.com\/avatar\/120f6fcae7b3b47a7730cb9943f612f4909f68ac5284b5f40ac1c4615fd70576?s=96&d=mm&r=g","url":"https:\/\/secure.gravatar.com\/avatar\/120f6fcae7b3b47a7730cb9943f612f4909f68ac5284b5f40ac1c4615fd70576?s=96&d=mm&r=g","contentUrl":"https:\/\/secure.gravatar.com\/avatar\/120f6fcae7b3b47a7730cb9943f612f4909f68ac5284b5f40ac1c4615fd70576?s=96&d=mm&r=g","caption":"Giurca Sorin"},"url":"https:\/\/urbeamea.ro\/albaiulia\/author\/sorin\/"}]}},"_links":{"self":[{"href":"https:\/\/urbeamea.ro\/albaiulia\/wp-json\/wp\/v2\/posts\/114348","targetHints":{"allow":["GET"]}}],"collection":[{"href":"https:\/\/urbeamea.ro\/albaiulia\/wp-json\/wp\/v2\/posts"}],"about":[{"href":"https:\/\/urbeamea.ro\/albaiulia\/wp-json\/wp\/v2\/types\/post"}],"author":[{"embeddable":true,"href":"https:\/\/urbeamea.ro\/albaiulia\/wp-json\/wp\/v2\/users\/28"}],"replies":[{"embeddable":true,"href":"https:\/\/urbeamea.ro\/albaiulia\/wp-json\/wp\/v2\/comments?post=114348"}],"version-history":[{"count":1,"href":"https:\/\/urbeamea.ro\/albaiulia\/wp-json\/wp\/v2\/posts\/114348\/revisions"}],"predecessor-version":[{"id":114350,"href":"https:\/\/urbeamea.ro\/albaiulia\/wp-json\/wp\/v2\/posts\/114348\/revisions\/114350"}],"wp:featuredmedia":[{"embeddable":true,"href":"https:\/\/urbeamea.ro\/albaiulia\/wp-json\/wp\/v2\/media\/114349"}],"wp:attachment":[{"href":"https:\/\/urbeamea.ro\/albaiulia\/wp-json\/wp\/v2\/media?parent=114348"}],"wp:term":[{"taxonomy":"category","embeddable":true,"href":"https:\/\/urbeamea.ro\/albaiulia\/wp-json\/wp\/v2\/categories?post=114348"},{"taxonomy":"post_tag","embeddable":true,"href":"https:\/\/urbeamea.ro\/albaiulia\/wp-json\/wp\/v2\/tags?post=114348"}],"curies":[{"name":"wp","href":"https:\/\/api.w.org\/{rel}","templated":true}]}}