{"id":114351,"date":"2024-10-13T13:53:57","date_gmt":"2024-10-13T10:53:57","guid":{"rendered":"https:\/\/urbeamea.ro\/albaiulia\/?p=114351"},"modified":"2024-10-13T13:53:58","modified_gmt":"2024-10-13T10:53:58","slug":"13-15-octombrie-conferinta-internationala-urban-jewish-cemeteries-in-central-eastern-europe-between-early-modern-and-the-present-times-research-and-valuation-la-universitatea-1-decembrie","status":"publish","type":"post","link":"https:\/\/urbeamea.ro\/albaiulia\/13-15-octombrie-conferinta-internationala-urban-jewish-cemeteries-in-central-eastern-europe-between-early-modern-and-the-present-times-research-and-valuation-la-universitatea-1-decembrie\/","title":{"rendered":"13-15 octombrie: Conferin\u021ba Interna\u021bional\u0103: Urban Jewish Cemeteries in Central\u2013Eastern Europe between Early Modern and the Present Times Research and Valuation, la Universitatea &#8222;1 Decembrie&#8221; din Alba Iulia"},"content":{"rendered":"\n<p><strong>Departamentul de Istorie, Arheologie \u0219i Patrimoniu al Universit\u0103\u021bii \u201e1 Decembrie 1918\u201d din Alba Iulia organizeaz\u0103 \u00een perioada 13-15 octombrie 2024, \u00een colaborare cu Comunitatea Evreilor Alba Iulia \u0219i Muzeul Na\u021bional al Unirii Alba Iulia \u0219i \u00een parteneriat cu Departamentul de Studii Iudaice al Facult\u0103\u021bii de Limbi Str\u0103ine \u0219i Literatur\u0103 din cadrul Universit\u0103\u021bii din Bucure\u0219ti, Department of Jewish Art al Universit\u0103\u021bii Bar Ilan din Ierusalim \u0219i Comisia Academiei Rom\u00e2ne de Istorie a Ora\u0219elor din Rom\u00e2nia, conferin\u021ba interna\u021bional\u0103 cu genericul Urban Jewish Cemeteries in Central\u2013Eastern Europe between Early Modern and the Present Times: Research and Valuation<\/strong>.<\/p>\n\n\n\n<p>Evenimentul, finan\u021bat de Federa\u021bia Comunit\u0103\u021bilor Evreie\u0219ti din Rom\u00e2nia, Consiliul Jude\u021bean Alba \u0219i Universitatea \u201e1 Decembrie 1918\u201d, este prilejuit de \u00eemplinirea a 10 ani de la \u00eenceputul proiectului de cercetare \u0219i restaurare a cimitirului evreiesc din Alba Iulia, un obiectiv patrimonial de prim\u0103 importan\u021b\u0103 pentru istoria ora\u0219ului, dar \u0219i a spa\u021biului transilv\u0103nean. <\/p>\n\n\n\n<p>El reune\u0219te speciali\u0219ti (cadre didactice, cercet\u0103tori \u0219i restauratori) din Rom\u00e2nia, Republica Modova \u0219i alte \u021b\u0103ri europene (Ungaria, Cehia, Polonia, Israel, Suedia), unii dintre ei autori ai unor remarcabile lucr\u0103ri consacrate subiectului (Rudolf Klein, pentru spa\u021biul Europei Centrale, ori Ilia Rodov, pentru ansamblul teritoriului Europei Central-R\u0103s\u0103ritene) sau implica\u021bi \u00een promovarea patrimoniului evreiesc (Ruth Ellen Gruber, editoarea website-ului Jewish Heritage Europe).<\/p>\n\n\n\n<p>Motivat\u0103 de semnifica\u021bia subiectului din multiple perspective \u2013 cimitirele evreie\u0219ti urbane ca locuri ale memoriei, locuri sacre \u0219i totodat\u0103 destina\u021bii turistice, prin valorificarea dimensiunii lor patrimoniale \u0219i peisagistice, acestea au \u00een acela\u0219i timp calitatea unor veritabile arhive documentare \u0219i artistice \u00een piatr\u0103, ale c\u0103ror semnifica\u021bii vor \u00eencerca s\u0103 le descifreze lucr\u0103rile prezentate \u00een cele dou\u0103 zile (14 \u0219i 15 octombrie) c\u00e2nd conferin\u021ba va fi g\u0103zduit\u0103 de sediul central al Universit\u0103\u021bii \u201e1 Decembrie 1918\u201d.<\/p>\n\n\n\n<p>Ceremonia de deschidere va avea loc duminic\u0103, 13 octombrie 2024, ora 15:30, la Sinagoga veche din Alba Iulia, Str. Tudor Vladimirescu, Nr.2 Alba Iulia,  implic\u00e2nd \u0219i vernisarea expozi\u021biei Lost Histories: The Memory of the Oldest Jewish Cemetery from Bucharest (curatori Anca Tudorancea \u0219i Irina Weiner Spirescu), dezbaterea despre volumul colectiv dedicat sectorului vechi al cimitirului din Alba Iulia (publicat tot \u00een acest an de principalii organizatori ai conferin\u021bei, restauratorul Sidonia Petronel Olea \u0219i istoricul Daniel Dumitran, cu colaborarea esen\u021bial\u0103 a epigrafi\u0219tilor Lucian-Zeev Her\u0219covici \u0219i Claudiu Stoian, respectiv a fotografului C\u0103lin \u0218uteu), un moment muzical sus\u021binut de profesori \u0219i elevi ai Liceului de Arte \u201eRegina Maria\u201d din Alba Iulia \u0219i un tur ghidat al cimitirului evreiesc.<\/p>\n\n\n\n<figure class=\"wp-block-image size-large\"><img loading=\"lazy\" decoding=\"async\" width=\"905\" height=\"1280\" src=\"https:\/\/urbeamea.ro\/albaiulia\/wp-content\/uploads\/2024\/10\/1000015340-905x1280.jpg\" alt=\"\" class=\"wp-image-114352\" srcset=\"https:\/\/urbeamea.ro\/albaiulia\/wp-content\/uploads\/2024\/10\/1000015340-905x1280.jpg 905w, https:\/\/urbeamea.ro\/albaiulia\/wp-content\/uploads\/2024\/10\/1000015340-452x640.jpg 452w, https:\/\/urbeamea.ro\/albaiulia\/wp-content\/uploads\/2024\/10\/1000015340-106x150.jpg 106w, https:\/\/urbeamea.ro\/albaiulia\/wp-content\/uploads\/2024\/10\/1000015340-768x1087.jpg 768w, https:\/\/urbeamea.ro\/albaiulia\/wp-content\/uploads\/2024\/10\/1000015340.jpg 1080w\" sizes=\"auto, (max-width: 905px) 100vw, 905px\" \/><\/figure>\n","protected":false},"excerpt":{"rendered":"<p>Departamentul de Istorie, Arheologie \u0219i Patrimoniu al Universit\u0103\u021bii \u201e1 Decembrie 1918\u201d din Alba Iulia organizeaz\u0103 \u00een perioada 13-15 octombrie 2024, \u00een colaborare cu Comunitatea Evreilor Alba Iulia \u0219i Muzeul Na\u021bional al Unirii Alba Iulia \u0219i \u00een parteneriat cu Departamentul de Studii Iudaice al Facult\u0103\u021bii de Limbi Str\u0103ine \u0219i Literatur\u0103 din cadrul Universit\u0103\u021bii din Bucure\u0219ti, Department &hellip;<\/p>\n","protected":false},"author":28,"featured_media":114352,"comment_status":"open","ping_status":"open","sticky":false,"template":"","format":"standard","meta":{"inline_featured_image":false,"footnotes":""},"categories":[2038,4,8857,16344],"tags":[16500],"class_list":["post-114351","post","type-post","status-publish","format-standard","has-post-thumbnail","hentry","category-cultura","category-eveniment","category-istorie","category-urbea-mea","tag-cimitirul-evreiesc"],"yoast_head":"<!-- This site is optimized with the Yoast SEO plugin v27.4 - https:\/\/yoast.com\/product\/yoast-seo-wordpress\/ -->\n<title>13-15 octombrie: Conferin\u021ba Interna\u021bional\u0103: Urban Jewish Cemeteries in Central\u2013Eastern Europe between Early Modern and the Present Times Research and Valuation, la Universitatea &quot;1 Decembrie&quot; din Alba Iulia - Revista Urbea Mea - Revista de Alba<\/title>\n<meta name=\"description\" content=\"Departamentul de Istorie, Arheologie \u0219i Patrimoniu al Universit\u0103\u021bii \u201e1 Decembrie 1918\u201d din Alba Iulia organizeaz\u0103 \u00een perioada 13-15 octombrie 2024, \u00een\" \/>\n<meta name=\"robots\" content=\"index, follow, max-snippet:-1, max-image-preview:large, max-video-preview:-1\" \/>\n<link rel=\"canonical\" href=\"https:\/\/urbeamea.ro\/albaiulia\/13-15-octombrie-conferinta-internationala-urban-jewish-cemeteries-in-central-eastern-europe-between-early-modern-and-the-present-times-research-and-valuation-la-universitatea-1-decembrie\/\" \/>\n<meta name=\"twitter:card\" content=\"summary_large_image\" \/>\n<meta name=\"twitter:title\" content=\"13-15 octombrie: Conferin\u021ba Interna\u021bional\u0103: Urban Jewish Cemeteries in Central\u2013Eastern Europe between Early Modern and the Present Times Research and Valuation, la Universitatea &quot;1 Decembrie&quot; din Alba Iulia - Revista Urbea Mea - Revista de Alba\" \/>\n<meta name=\"twitter:description\" content=\"Departamentul de Istorie, Arheologie \u0219i Patrimoniu al Universit\u0103\u021bii \u201e1 Decembrie 1918\u201d din Alba Iulia organizeaz\u0103 \u00een perioada 13-15 octombrie 2024, \u00een\" \/>\n<meta name=\"twitter:image\" content=\"https:\/\/urbeamea.ro\/albaiulia\/wp-content\/uploads\/2024\/10\/1000015340.jpg\" \/>\n<meta name=\"twitter:creator\" content=\"@urbeameaweb\" \/>\n<meta name=\"twitter:site\" content=\"@urbeameaweb\" \/>\n<script type=\"application\/ld+json\" class=\"yoast-schema-graph\">{\"@context\":\"https:\\\/\\\/schema.org\",\"@graph\":[{\"@type\":\"Article\",\"@id\":\"https:\\\/\\\/urbeamea.ro\\\/albaiulia\\\/13-15-octombrie-conferinta-internationala-urban-jewish-cemeteries-in-central-eastern-europe-between-early-modern-and-the-present-times-research-and-valuation-la-universitatea-1-decembrie\\\/#article\",\"isPartOf\":{\"@id\":\"https:\\\/\\\/urbeamea.ro\\\/albaiulia\\\/13-15-octombrie-conferinta-internationala-urban-jewish-cemeteries-in-central-eastern-europe-between-early-modern-and-the-present-times-research-and-valuation-la-universitatea-1-decembrie\\\/\"},\"author\":{\"name\":\"Giurca Sorin\",\"@id\":\"https:\\\/\\\/urbeamea.ro\\\/albaiulia\\\/#\\\/schema\\\/person\\\/5db3854ac38c1cc9f0ab4092d6a20f02\"},\"headline\":\"13-15 octombrie: Conferin\u021ba Interna\u021bional\u0103: Urban Jewish Cemeteries in Central\u2013Eastern Europe between Early Modern and the Present Times Research and Valuation, la Universitatea &#8222;1 Decembrie&#8221; din Alba Iulia\",\"datePublished\":\"2024-10-13T10:53:57+00:00\",\"dateModified\":\"2024-10-13T10:53:58+00:00\",\"mainEntityOfPage\":{\"@id\":\"https:\\\/\\\/urbeamea.ro\\\/albaiulia\\\/13-15-octombrie-conferinta-internationala-urban-jewish-cemeteries-in-central-eastern-europe-between-early-modern-and-the-present-times-research-and-valuation-la-universitatea-1-decembrie\\\/\"},\"wordCount\":457,\"commentCount\":0,\"image\":{\"@id\":\"https:\\\/\\\/urbeamea.ro\\\/albaiulia\\\/13-15-octombrie-conferinta-internationala-urban-jewish-cemeteries-in-central-eastern-europe-between-early-modern-and-the-present-times-research-and-valuation-la-universitatea-1-decembrie\\\/#primaryimage\"},\"thumbnailUrl\":\"https:\\\/\\\/urbeamea.ro\\\/albaiulia\\\/wp-content\\\/uploads\\\/2024\\\/10\\\/1000015340.jpg\",\"keywords\":[\"cimitirul evreiesc\"],\"articleSection\":[\"Cultur\u0103\",\"Evenimente\",\"Istorie\",\"Urbea Mea\"],\"inLanguage\":\"ro-RO\",\"potentialAction\":[{\"@type\":\"CommentAction\",\"name\":\"Comment\",\"target\":[\"https:\\\/\\\/urbeamea.ro\\\/albaiulia\\\/13-15-octombrie-conferinta-internationala-urban-jewish-cemeteries-in-central-eastern-europe-between-early-modern-and-the-present-times-research-and-valuation-la-universitatea-1-decembrie\\\/#respond\"]}]},{\"@type\":\"WebPage\",\"@id\":\"https:\\\/\\\/urbeamea.ro\\\/albaiulia\\\/13-15-octombrie-conferinta-internationala-urban-jewish-cemeteries-in-central-eastern-europe-between-early-modern-and-the-present-times-research-and-valuation-la-universitatea-1-decembrie\\\/\",\"url\":\"https:\\\/\\\/urbeamea.ro\\\/albaiulia\\\/13-15-octombrie-conferinta-internationala-urban-jewish-cemeteries-in-central-eastern-europe-between-early-modern-and-the-present-times-research-and-valuation-la-universitatea-1-decembrie\\\/\",\"name\":\"13-15 octombrie: Conferin\u021ba Interna\u021bional\u0103: Urban Jewish Cemeteries in Central\u2013Eastern Europe between Early Modern and the Present Times Research and Valuation, la Universitatea \\\"1 Decembrie\\\" din Alba Iulia - Revista Urbea Mea - Revista de Alba\",\"isPartOf\":{\"@id\":\"https:\\\/\\\/urbeamea.ro\\\/albaiulia\\\/#website\"},\"primaryImageOfPage\":{\"@id\":\"https:\\\/\\\/urbeamea.ro\\\/albaiulia\\\/13-15-octombrie-conferinta-internationala-urban-jewish-cemeteries-in-central-eastern-europe-between-early-modern-and-the-present-times-research-and-valuation-la-universitatea-1-decembrie\\\/#primaryimage\"},\"image\":{\"@id\":\"https:\\\/\\\/urbeamea.ro\\\/albaiulia\\\/13-15-octombrie-conferinta-internationala-urban-jewish-cemeteries-in-central-eastern-europe-between-early-modern-and-the-present-times-research-and-valuation-la-universitatea-1-decembrie\\\/#primaryimage\"},\"thumbnailUrl\":\"https:\\\/\\\/urbeamea.ro\\\/albaiulia\\\/wp-content\\\/uploads\\\/2024\\\/10\\\/1000015340.jpg\",\"datePublished\":\"2024-10-13T10:53:57+00:00\",\"dateModified\":\"2024-10-13T10:53:58+00:00\",\"author\":{\"@id\":\"https:\\\/\\\/urbeamea.ro\\\/albaiulia\\\/#\\\/schema\\\/person\\\/5db3854ac38c1cc9f0ab4092d6a20f02\"},\"description\":\"Departamentul de Istorie, Arheologie \u0219i Patrimoniu al Universit\u0103\u021bii \u201e1 Decembrie 1918\u201d din Alba Iulia organizeaz\u0103 \u00een perioada 13-15 octombrie 2024, \u00een\",\"breadcrumb\":{\"@id\":\"https:\\\/\\\/urbeamea.ro\\\/albaiulia\\\/13-15-octombrie-conferinta-internationala-urban-jewish-cemeteries-in-central-eastern-europe-between-early-modern-and-the-present-times-research-and-valuation-la-universitatea-1-decembrie\\\/#breadcrumb\"},\"inLanguage\":\"ro-RO\",\"potentialAction\":[{\"@type\":\"ReadAction\",\"target\":[\"https:\\\/\\\/urbeamea.ro\\\/albaiulia\\\/13-15-octombrie-conferinta-internationala-urban-jewish-cemeteries-in-central-eastern-europe-between-early-modern-and-the-present-times-research-and-valuation-la-universitatea-1-decembrie\\\/\"]}]},{\"@type\":\"ImageObject\",\"inLanguage\":\"ro-RO\",\"@id\":\"https:\\\/\\\/urbeamea.ro\\\/albaiulia\\\/13-15-octombrie-conferinta-internationala-urban-jewish-cemeteries-in-central-eastern-europe-between-early-modern-and-the-present-times-research-and-valuation-la-universitatea-1-decembrie\\\/#primaryimage\",\"url\":\"https:\\\/\\\/urbeamea.ro\\\/albaiulia\\\/wp-content\\\/uploads\\\/2024\\\/10\\\/1000015340.jpg\",\"contentUrl\":\"https:\\\/\\\/urbeamea.ro\\\/albaiulia\\\/wp-content\\\/uploads\\\/2024\\\/10\\\/1000015340.jpg\",\"width\":1080,\"height\":1528},{\"@type\":\"BreadcrumbList\",\"@id\":\"https:\\\/\\\/urbeamea.ro\\\/albaiulia\\\/13-15-octombrie-conferinta-internationala-urban-jewish-cemeteries-in-central-eastern-europe-between-early-modern-and-the-present-times-research-and-valuation-la-universitatea-1-decembrie\\\/#breadcrumb\",\"itemListElement\":[{\"@type\":\"ListItem\",\"position\":1,\"name\":\"Prima pagin\u0103\",\"item\":\"https:\\\/\\\/urbeamea.ro\\\/albaiulia\\\/\"},{\"@type\":\"ListItem\",\"position\":2,\"name\":\"13-15 octombrie: Conferin\u021ba Interna\u021bional\u0103: Urban Jewish Cemeteries in Central\u2013Eastern Europe between Early Modern and the Present Times Research and Valuation, la Universitatea &#8222;1 Decembrie&#8221; din Alba Iulia\"}]},{\"@type\":\"WebSite\",\"@id\":\"https:\\\/\\\/urbeamea.ro\\\/albaiulia\\\/#website\",\"url\":\"https:\\\/\\\/urbeamea.ro\\\/albaiulia\\\/\",\"name\":\"Revista Urbea Mea, Stiri urbane\",\"description\":\"Evenimente \u0219i \u0219tiri din Alba Iulia, Sebe\u0219, Aiud, Blaj\",\"potentialAction\":[{\"@type\":\"SearchAction\",\"target\":{\"@type\":\"EntryPoint\",\"urlTemplate\":\"https:\\\/\\\/urbeamea.ro\\\/albaiulia\\\/?s={search_term_string}\"},\"query-input\":{\"@type\":\"PropertyValueSpecification\",\"valueRequired\":true,\"valueName\":\"search_term_string\"}}],\"inLanguage\":\"ro-RO\"},{\"@type\":\"Person\",\"@id\":\"https:\\\/\\\/urbeamea.ro\\\/albaiulia\\\/#\\\/schema\\\/person\\\/5db3854ac38c1cc9f0ab4092d6a20f02\",\"name\":\"Giurca Sorin\",\"image\":{\"@type\":\"ImageObject\",\"inLanguage\":\"ro-RO\",\"@id\":\"https:\\\/\\\/secure.gravatar.com\\\/avatar\\\/120f6fcae7b3b47a7730cb9943f612f4909f68ac5284b5f40ac1c4615fd70576?s=96&d=mm&r=g\",\"url\":\"https:\\\/\\\/secure.gravatar.com\\\/avatar\\\/120f6fcae7b3b47a7730cb9943f612f4909f68ac5284b5f40ac1c4615fd70576?s=96&d=mm&r=g\",\"contentUrl\":\"https:\\\/\\\/secure.gravatar.com\\\/avatar\\\/120f6fcae7b3b47a7730cb9943f612f4909f68ac5284b5f40ac1c4615fd70576?s=96&d=mm&r=g\",\"caption\":\"Giurca Sorin\"},\"url\":\"https:\\\/\\\/urbeamea.ro\\\/albaiulia\\\/author\\\/sorin\\\/\"}]}<\/script>\n<!-- \/ Yoast SEO plugin. -->","yoast_head_json":{"title":"13-15 octombrie: Conferin\u021ba Interna\u021bional\u0103: Urban Jewish Cemeteries in Central\u2013Eastern Europe between Early Modern and the Present Times Research and Valuation, la Universitatea \"1 Decembrie\" din Alba Iulia - Revista Urbea Mea - Revista de Alba","description":"Departamentul de Istorie, Arheologie \u0219i Patrimoniu al Universit\u0103\u021bii \u201e1 Decembrie 1918\u201d din Alba Iulia organizeaz\u0103 \u00een perioada 13-15 octombrie 2024, \u00een","robots":{"index":"index","follow":"follow","max-snippet":"max-snippet:-1","max-image-preview":"max-image-preview:large","max-video-preview":"max-video-preview:-1"},"canonical":"https:\/\/urbeamea.ro\/albaiulia\/13-15-octombrie-conferinta-internationala-urban-jewish-cemeteries-in-central-eastern-europe-between-early-modern-and-the-present-times-research-and-valuation-la-universitatea-1-decembrie\/","twitter_card":"summary_large_image","twitter_title":"13-15 octombrie: Conferin\u021ba Interna\u021bional\u0103: Urban Jewish Cemeteries in Central\u2013Eastern Europe between Early Modern and the Present Times Research and Valuation, la Universitatea \"1 Decembrie\" din Alba Iulia - Revista Urbea Mea - Revista de Alba","twitter_description":"Departamentul de Istorie, Arheologie \u0219i Patrimoniu al Universit\u0103\u021bii \u201e1 Decembrie 1918\u201d din Alba Iulia organizeaz\u0103 \u00een perioada 13-15 octombrie 2024, \u00een","twitter_image":"https:\/\/urbeamea.ro\/albaiulia\/wp-content\/uploads\/2024\/10\/1000015340.jpg","twitter_creator":"@urbeameaweb","twitter_site":"@urbeameaweb","schema":{"@context":"https:\/\/schema.org","@graph":[{"@type":"Article","@id":"https:\/\/urbeamea.ro\/albaiulia\/13-15-octombrie-conferinta-internationala-urban-jewish-cemeteries-in-central-eastern-europe-between-early-modern-and-the-present-times-research-and-valuation-la-universitatea-1-decembrie\/#article","isPartOf":{"@id":"https:\/\/urbeamea.ro\/albaiulia\/13-15-octombrie-conferinta-internationala-urban-jewish-cemeteries-in-central-eastern-europe-between-early-modern-and-the-present-times-research-and-valuation-la-universitatea-1-decembrie\/"},"author":{"name":"Giurca Sorin","@id":"https:\/\/urbeamea.ro\/albaiulia\/#\/schema\/person\/5db3854ac38c1cc9f0ab4092d6a20f02"},"headline":"13-15 octombrie: Conferin\u021ba Interna\u021bional\u0103: Urban Jewish Cemeteries in Central\u2013Eastern Europe between Early Modern and the Present Times Research and Valuation, la Universitatea &#8222;1 Decembrie&#8221; din Alba Iulia","datePublished":"2024-10-13T10:53:57+00:00","dateModified":"2024-10-13T10:53:58+00:00","mainEntityOfPage":{"@id":"https:\/\/urbeamea.ro\/albaiulia\/13-15-octombrie-conferinta-internationala-urban-jewish-cemeteries-in-central-eastern-europe-between-early-modern-and-the-present-times-research-and-valuation-la-universitatea-1-decembrie\/"},"wordCount":457,"commentCount":0,"image":{"@id":"https:\/\/urbeamea.ro\/albaiulia\/13-15-octombrie-conferinta-internationala-urban-jewish-cemeteries-in-central-eastern-europe-between-early-modern-and-the-present-times-research-and-valuation-la-universitatea-1-decembrie\/#primaryimage"},"thumbnailUrl":"https:\/\/urbeamea.ro\/albaiulia\/wp-content\/uploads\/2024\/10\/1000015340.jpg","keywords":["cimitirul evreiesc"],"articleSection":["Cultur\u0103","Evenimente","Istorie","Urbea Mea"],"inLanguage":"ro-RO","potentialAction":[{"@type":"CommentAction","name":"Comment","target":["https:\/\/urbeamea.ro\/albaiulia\/13-15-octombrie-conferinta-internationala-urban-jewish-cemeteries-in-central-eastern-europe-between-early-modern-and-the-present-times-research-and-valuation-la-universitatea-1-decembrie\/#respond"]}]},{"@type":"WebPage","@id":"https:\/\/urbeamea.ro\/albaiulia\/13-15-octombrie-conferinta-internationala-urban-jewish-cemeteries-in-central-eastern-europe-between-early-modern-and-the-present-times-research-and-valuation-la-universitatea-1-decembrie\/","url":"https:\/\/urbeamea.ro\/albaiulia\/13-15-octombrie-conferinta-internationala-urban-jewish-cemeteries-in-central-eastern-europe-between-early-modern-and-the-present-times-research-and-valuation-la-universitatea-1-decembrie\/","name":"13-15 octombrie: Conferin\u021ba Interna\u021bional\u0103: Urban Jewish Cemeteries in Central\u2013Eastern Europe between Early Modern and the Present Times Research and Valuation, la Universitatea \"1 Decembrie\" din Alba Iulia - Revista Urbea Mea - Revista de Alba","isPartOf":{"@id":"https:\/\/urbeamea.ro\/albaiulia\/#website"},"primaryImageOfPage":{"@id":"https:\/\/urbeamea.ro\/albaiulia\/13-15-octombrie-conferinta-internationala-urban-jewish-cemeteries-in-central-eastern-europe-between-early-modern-and-the-present-times-research-and-valuation-la-universitatea-1-decembrie\/#primaryimage"},"image":{"@id":"https:\/\/urbeamea.ro\/albaiulia\/13-15-octombrie-conferinta-internationala-urban-jewish-cemeteries-in-central-eastern-europe-between-early-modern-and-the-present-times-research-and-valuation-la-universitatea-1-decembrie\/#primaryimage"},"thumbnailUrl":"https:\/\/urbeamea.ro\/albaiulia\/wp-content\/uploads\/2024\/10\/1000015340.jpg","datePublished":"2024-10-13T10:53:57+00:00","dateModified":"2024-10-13T10:53:58+00:00","author":{"@id":"https:\/\/urbeamea.ro\/albaiulia\/#\/schema\/person\/5db3854ac38c1cc9f0ab4092d6a20f02"},"description":"Departamentul de Istorie, Arheologie \u0219i Patrimoniu al Universit\u0103\u021bii \u201e1 Decembrie 1918\u201d din Alba Iulia organizeaz\u0103 \u00een perioada 13-15 octombrie 2024, \u00een","breadcrumb":{"@id":"https:\/\/urbeamea.ro\/albaiulia\/13-15-octombrie-conferinta-internationala-urban-jewish-cemeteries-in-central-eastern-europe-between-early-modern-and-the-present-times-research-and-valuation-la-universitatea-1-decembrie\/#breadcrumb"},"inLanguage":"ro-RO","potentialAction":[{"@type":"ReadAction","target":["https:\/\/urbeamea.ro\/albaiulia\/13-15-octombrie-conferinta-internationala-urban-jewish-cemeteries-in-central-eastern-europe-between-early-modern-and-the-present-times-research-and-valuation-la-universitatea-1-decembrie\/"]}]},{"@type":"ImageObject","inLanguage":"ro-RO","@id":"https:\/\/urbeamea.ro\/albaiulia\/13-15-octombrie-conferinta-internationala-urban-jewish-cemeteries-in-central-eastern-europe-between-early-modern-and-the-present-times-research-and-valuation-la-universitatea-1-decembrie\/#primaryimage","url":"https:\/\/urbeamea.ro\/albaiulia\/wp-content\/uploads\/2024\/10\/1000015340.jpg","contentUrl":"https:\/\/urbeamea.ro\/albaiulia\/wp-content\/uploads\/2024\/10\/1000015340.jpg","width":1080,"height":1528},{"@type":"BreadcrumbList","@id":"https:\/\/urbeamea.ro\/albaiulia\/13-15-octombrie-conferinta-internationala-urban-jewish-cemeteries-in-central-eastern-europe-between-early-modern-and-the-present-times-research-and-valuation-la-universitatea-1-decembrie\/#breadcrumb","itemListElement":[{"@type":"ListItem","position":1,"name":"Prima pagin\u0103","item":"https:\/\/urbeamea.ro\/albaiulia\/"},{"@type":"ListItem","position":2,"name":"13-15 octombrie: Conferin\u021ba Interna\u021bional\u0103: Urban Jewish Cemeteries in Central\u2013Eastern Europe between Early Modern and the Present Times Research and Valuation, la Universitatea &#8222;1 Decembrie&#8221; din Alba Iulia"}]},{"@type":"WebSite","@id":"https:\/\/urbeamea.ro\/albaiulia\/#website","url":"https:\/\/urbeamea.ro\/albaiulia\/","name":"Revista Urbea Mea, Stiri urbane","description":"Evenimente \u0219i \u0219tiri din Alba Iulia, Sebe\u0219, Aiud, Blaj","potentialAction":[{"@type":"SearchAction","target":{"@type":"EntryPoint","urlTemplate":"https:\/\/urbeamea.ro\/albaiulia\/?s={search_term_string}"},"query-input":{"@type":"PropertyValueSpecification","valueRequired":true,"valueName":"search_term_string"}}],"inLanguage":"ro-RO"},{"@type":"Person","@id":"https:\/\/urbeamea.ro\/albaiulia\/#\/schema\/person\/5db3854ac38c1cc9f0ab4092d6a20f02","name":"Giurca Sorin","image":{"@type":"ImageObject","inLanguage":"ro-RO","@id":"https:\/\/secure.gravatar.com\/avatar\/120f6fcae7b3b47a7730cb9943f612f4909f68ac5284b5f40ac1c4615fd70576?s=96&d=mm&r=g","url":"https:\/\/secure.gravatar.com\/avatar\/120f6fcae7b3b47a7730cb9943f612f4909f68ac5284b5f40ac1c4615fd70576?s=96&d=mm&r=g","contentUrl":"https:\/\/secure.gravatar.com\/avatar\/120f6fcae7b3b47a7730cb9943f612f4909f68ac5284b5f40ac1c4615fd70576?s=96&d=mm&r=g","caption":"Giurca Sorin"},"url":"https:\/\/urbeamea.ro\/albaiulia\/author\/sorin\/"}]}},"_links":{"self":[{"href":"https:\/\/urbeamea.ro\/albaiulia\/wp-json\/wp\/v2\/posts\/114351","targetHints":{"allow":["GET"]}}],"collection":[{"href":"https:\/\/urbeamea.ro\/albaiulia\/wp-json\/wp\/v2\/posts"}],"about":[{"href":"https:\/\/urbeamea.ro\/albaiulia\/wp-json\/wp\/v2\/types\/post"}],"author":[{"embeddable":true,"href":"https:\/\/urbeamea.ro\/albaiulia\/wp-json\/wp\/v2\/users\/28"}],"replies":[{"embeddable":true,"href":"https:\/\/urbeamea.ro\/albaiulia\/wp-json\/wp\/v2\/comments?post=114351"}],"version-history":[{"count":1,"href":"https:\/\/urbeamea.ro\/albaiulia\/wp-json\/wp\/v2\/posts\/114351\/revisions"}],"predecessor-version":[{"id":114353,"href":"https:\/\/urbeamea.ro\/albaiulia\/wp-json\/wp\/v2\/posts\/114351\/revisions\/114353"}],"wp:featuredmedia":[{"embeddable":true,"href":"https:\/\/urbeamea.ro\/albaiulia\/wp-json\/wp\/v2\/media\/114352"}],"wp:attachment":[{"href":"https:\/\/urbeamea.ro\/albaiulia\/wp-json\/wp\/v2\/media?parent=114351"}],"wp:term":[{"taxonomy":"category","embeddable":true,"href":"https:\/\/urbeamea.ro\/albaiulia\/wp-json\/wp\/v2\/categories?post=114351"},{"taxonomy":"post_tag","embeddable":true,"href":"https:\/\/urbeamea.ro\/albaiulia\/wp-json\/wp\/v2\/tags?post=114351"}],"curies":[{"name":"wp","href":"https:\/\/api.w.org\/{rel}","templated":true}]}}