{"id":114744,"date":"2024-11-06T11:24:42","date_gmt":"2024-11-06T09:24:42","guid":{"rendered":"https:\/\/urbeamea.ro\/albaiulia\/?p=114744"},"modified":"2024-11-06T11:24:44","modified_gmt":"2024-11-06T09:24:44","slug":"joi-vernisajul-expozitiei-vechi-si-nou-motive-traditionale-romanesti-inspirate-din-colectia-etnografica-a-muzeului-national-al-unirii-alba-iulia-transpuse-pe-diferite-suporturi-in-interpretari-m","status":"publish","type":"post","link":"https:\/\/urbeamea.ro\/albaiulia\/joi-vernisajul-expozitiei-vechi-si-nou-motive-traditionale-romanesti-inspirate-din-colectia-etnografica-a-muzeului-national-al-unirii-alba-iulia-transpuse-pe-diferite-suporturi-in-interpretari-m\/","title":{"rendered":"Joi: Vernisajul expozi\u021biei &#8222;Vechi \u0219i nou. Motive tradi\u021bionale rom\u00e2ne\u0219ti inspirate din colec\u021bia etnografic\u0103 a Muzeului Na\u021bional al Unirii Alba Iulia, transpuse pe diferite suporturi, \u00een interpret\u0103ri moderne\u201d, la Sala Unirii"},"content":{"rendered":"\n<p><strong>Joi, 7 noiembrie 2024, ora 13:00, la Sala Unirii \u2013 Spa\u021biile expozi\u021bionale Alba Iulia, va fi vernisat\u0103 expozi\u021bia \u201eVechi \u0219i nou. Motive tradi\u021bionale rom\u00e2ne\u0219ti inspirate din colec\u021bia etnografic\u0103 a Muzeului Na\u021bional al Unirii Alba Iulia, transpuse pe diferite suporturi, \u00een interpret\u0103ri moderne\u201d<\/strong>.<\/p>\n\n\n\n<p>Colaborarea Compartimentelor Restaurare Textile, Investiga\u021bii \u0219i Restaurare Piatr\u0103 din cadrul Centrului de Conservare \u0219i Restaurare Carte Veche a Muzeului Na\u021bional al Unirii Alba Iulia aduce \u00een aten\u021bia publicului o expozi\u021bie deosebit\u0103, cu rolul prezent\u0103rii motivelor tradi\u021bionale inspirate din colec\u021bia etnografica a MNUAI.<\/p>\n\n\n\n<p> Proiectul, coordonat de dl. Alexandru \u0218tirban \u0219i implementat de Sorina Voju, Ariana Codru\u021ba Leahu, \u0219i Sidonia Petronela Olea, a dus la reinterpretarea unor astfel de motive tradi\u021bionale, transpuse \u00een obiecte de actualitate.<\/p>\n\n\n\n<p>Ideea expozi\u021biei a pornit de la un atelier de ini\u021biere \u00een tainele cus\u0103turilor tradi\u021bionale rom\u00e2ne\u0219ti, destinat unor grupe de copii din clasele primare apar\u021bin\u00e2nd unor institu\u021bii de \u00eenv\u0103\u021b\u0103m\u00e2nt din Alba Iulia. <\/p>\n\n\n\n<p>Expozi\u021bia prezint\u0103 piese de \u00eembr\u0103c\u0103minte, accesorii precum \u0219i diverse decora\u021biuni reinterpretate (bolerou, bluzi\u021b\u0103, cordon, gentu\u021b\u0103, plic, tablouri, perini\u021be, etc.) \u00een paralel cu piese de \u00eembr\u0103c\u0103minte tradi\u021bionale (pieptar, ie, chimir, traist\u0103-pungu\u021b\u0103 de mireas\u0103, etc.).<\/p>\n\n\n\n<p>Eveniment organizat Consiliul Jude\u021bean Alba \u0219i Muzeul Na\u021bional al Unirii Alba Iulia.<\/p>\n\n\n\n<figure class=\"wp-block-image size-large\"><img loading=\"lazy\" decoding=\"async\" width=\"915\" height=\"1280\" src=\"https:\/\/urbeamea.ro\/albaiulia\/wp-content\/uploads\/2024\/11\/1000017596-915x1280.jpg\" alt=\"\" class=\"wp-image-114745\" srcset=\"https:\/\/urbeamea.ro\/albaiulia\/wp-content\/uploads\/2024\/11\/1000017596-915x1280.jpg 915w, https:\/\/urbeamea.ro\/albaiulia\/wp-content\/uploads\/2024\/11\/1000017596-457x640.jpg 457w, https:\/\/urbeamea.ro\/albaiulia\/wp-content\/uploads\/2024\/11\/1000017596-107x150.jpg 107w, https:\/\/urbeamea.ro\/albaiulia\/wp-content\/uploads\/2024\/11\/1000017596-768x1074.jpg 768w, https:\/\/urbeamea.ro\/albaiulia\/wp-content\/uploads\/2024\/11\/1000017596.jpg 1000w\" sizes=\"auto, (max-width: 915px) 100vw, 915px\" \/><\/figure>\n","protected":false},"excerpt":{"rendered":"<p>Joi, 7 noiembrie 2024, ora 13:00, la Sala Unirii \u2013 Spa\u021biile expozi\u021bionale Alba Iulia, va fi vernisat\u0103 expozi\u021bia \u201eVechi \u0219i nou. Motive tradi\u021bionale rom\u00e2ne\u0219ti inspirate din colec\u021bia etnografic\u0103 a Muzeului Na\u021bional al Unirii Alba Iulia, transpuse pe diferite suporturi, \u00een interpret\u0103ri moderne\u201d. Colaborarea Compartimentelor Restaurare Textile, Investiga\u021bii \u0219i Restaurare Piatr\u0103 din cadrul Centrului de Conservare &hellip;<\/p>\n","protected":false},"author":28,"featured_media":114745,"comment_status":"open","ping_status":"open","sticky":false,"template":"","format":"standard","meta":{"inline_featured_image":false,"footnotes":""},"categories":[2038,4,2034],"tags":[21953,1978],"class_list":["post-114744","post","type-post","status-publish","format-standard","has-post-thumbnail","hentry","category-cultura","category-eveniment","category-social","tag-sala-unirii-din-alba-iulia","tag-vernisaj-expozitie"],"yoast_head":"<!-- This site is optimized with the Yoast SEO plugin v27.4 - https:\/\/yoast.com\/product\/yoast-seo-wordpress\/ -->\n<title>Joi: Vernisajul expozi\u021biei &quot;Vechi \u0219i nou. Motive tradi\u021bionale rom\u00e2ne\u0219ti inspirate din colec\u021bia etnografic\u0103 a Muzeului Na\u021bional al Unirii Alba Iulia, transpuse pe diferite suporturi, \u00een interpret\u0103ri moderne\u201d, la Sala Unirii - Revista Urbea Mea - Revista de Alba<\/title>\n<meta name=\"description\" content=\"Joi, 7 noiembrie 2024, ora 13:00, la Sala Unirii \u2013 Spa\u021biile expozi\u021bionale Alba Iulia, va fi vernisat\u0103 expozi\u021bia \u201eVechi \u0219i nou. Motive tradi\u021bionale\" \/>\n<meta name=\"robots\" content=\"index, follow, max-snippet:-1, max-image-preview:large, max-video-preview:-1\" \/>\n<link rel=\"canonical\" href=\"https:\/\/urbeamea.ro\/albaiulia\/joi-vernisajul-expozitiei-vechi-si-nou-motive-traditionale-romanesti-inspirate-din-colectia-etnografica-a-muzeului-national-al-unirii-alba-iulia-transpuse-pe-diferite-suporturi-in-interpretari-m\/\" \/>\n<meta name=\"twitter:card\" content=\"summary_large_image\" \/>\n<meta name=\"twitter:title\" content=\"Joi: Vernisajul expozi\u021biei &quot;Vechi \u0219i nou. Motive tradi\u021bionale rom\u00e2ne\u0219ti inspirate din colec\u021bia etnografic\u0103 a Muzeului Na\u021bional al Unirii Alba Iulia, transpuse pe diferite suporturi, \u00een interpret\u0103ri moderne\u201d, la Sala Unirii - Revista Urbea Mea - Revista de Alba\" \/>\n<meta name=\"twitter:description\" content=\"Joi, 7 noiembrie 2024, ora 13:00, la Sala Unirii \u2013 Spa\u021biile expozi\u021bionale Alba Iulia, va fi vernisat\u0103 expozi\u021bia \u201eVechi \u0219i nou. Motive tradi\u021bionale\" \/>\n<meta name=\"twitter:image\" content=\"https:\/\/urbeamea.ro\/albaiulia\/wp-content\/uploads\/2024\/11\/1000017596.jpg\" \/>\n<meta name=\"twitter:creator\" content=\"@urbeameaweb\" \/>\n<meta name=\"twitter:site\" content=\"@urbeameaweb\" \/>\n<script type=\"application\/ld+json\" class=\"yoast-schema-graph\">{\"@context\":\"https:\\\/\\\/schema.org\",\"@graph\":[{\"@type\":\"Article\",\"@id\":\"https:\\\/\\\/urbeamea.ro\\\/albaiulia\\\/joi-vernisajul-expozitiei-vechi-si-nou-motive-traditionale-romanesti-inspirate-din-colectia-etnografica-a-muzeului-national-al-unirii-alba-iulia-transpuse-pe-diferite-suporturi-in-interpretari-m\\\/#article\",\"isPartOf\":{\"@id\":\"https:\\\/\\\/urbeamea.ro\\\/albaiulia\\\/joi-vernisajul-expozitiei-vechi-si-nou-motive-traditionale-romanesti-inspirate-din-colectia-etnografica-a-muzeului-national-al-unirii-alba-iulia-transpuse-pe-diferite-suporturi-in-interpretari-m\\\/\"},\"author\":{\"name\":\"Giurca Sorin\",\"@id\":\"https:\\\/\\\/urbeamea.ro\\\/albaiulia\\\/#\\\/schema\\\/person\\\/5db3854ac38c1cc9f0ab4092d6a20f02\"},\"headline\":\"Joi: Vernisajul expozi\u021biei &#8222;Vechi \u0219i nou. Motive tradi\u021bionale rom\u00e2ne\u0219ti inspirate din colec\u021bia etnografic\u0103 a Muzeului Na\u021bional al Unirii Alba Iulia, transpuse pe diferite suporturi, \u00een interpret\u0103ri moderne\u201d, la Sala Unirii\",\"datePublished\":\"2024-11-06T09:24:42+00:00\",\"dateModified\":\"2024-11-06T09:24:44+00:00\",\"mainEntityOfPage\":{\"@id\":\"https:\\\/\\\/urbeamea.ro\\\/albaiulia\\\/joi-vernisajul-expozitiei-vechi-si-nou-motive-traditionale-romanesti-inspirate-din-colectia-etnografica-a-muzeului-national-al-unirii-alba-iulia-transpuse-pe-diferite-suporturi-in-interpretari-m\\\/\"},\"wordCount\":265,\"commentCount\":0,\"image\":{\"@id\":\"https:\\\/\\\/urbeamea.ro\\\/albaiulia\\\/joi-vernisajul-expozitiei-vechi-si-nou-motive-traditionale-romanesti-inspirate-din-colectia-etnografica-a-muzeului-national-al-unirii-alba-iulia-transpuse-pe-diferite-suporturi-in-interpretari-m\\\/#primaryimage\"},\"thumbnailUrl\":\"https:\\\/\\\/urbeamea.ro\\\/albaiulia\\\/wp-content\\\/uploads\\\/2024\\\/11\\\/1000017596.jpg\",\"keywords\":[\"sala unirii din alba iulia\",\"vernisaj expozitie\"],\"articleSection\":[\"Cultur\u0103\",\"Evenimente\",\"Social\"],\"inLanguage\":\"ro-RO\",\"potentialAction\":[{\"@type\":\"CommentAction\",\"name\":\"Comment\",\"target\":[\"https:\\\/\\\/urbeamea.ro\\\/albaiulia\\\/joi-vernisajul-expozitiei-vechi-si-nou-motive-traditionale-romanesti-inspirate-din-colectia-etnografica-a-muzeului-national-al-unirii-alba-iulia-transpuse-pe-diferite-suporturi-in-interpretari-m\\\/#respond\"]}]},{\"@type\":\"WebPage\",\"@id\":\"https:\\\/\\\/urbeamea.ro\\\/albaiulia\\\/joi-vernisajul-expozitiei-vechi-si-nou-motive-traditionale-romanesti-inspirate-din-colectia-etnografica-a-muzeului-national-al-unirii-alba-iulia-transpuse-pe-diferite-suporturi-in-interpretari-m\\\/\",\"url\":\"https:\\\/\\\/urbeamea.ro\\\/albaiulia\\\/joi-vernisajul-expozitiei-vechi-si-nou-motive-traditionale-romanesti-inspirate-din-colectia-etnografica-a-muzeului-national-al-unirii-alba-iulia-transpuse-pe-diferite-suporturi-in-interpretari-m\\\/\",\"name\":\"Joi: Vernisajul expozi\u021biei \\\"Vechi \u0219i nou. Motive tradi\u021bionale rom\u00e2ne\u0219ti inspirate din colec\u021bia etnografic\u0103 a Muzeului Na\u021bional al Unirii Alba Iulia, transpuse pe diferite suporturi, \u00een interpret\u0103ri moderne\u201d, la Sala Unirii - Revista Urbea Mea - Revista de Alba\",\"isPartOf\":{\"@id\":\"https:\\\/\\\/urbeamea.ro\\\/albaiulia\\\/#website\"},\"primaryImageOfPage\":{\"@id\":\"https:\\\/\\\/urbeamea.ro\\\/albaiulia\\\/joi-vernisajul-expozitiei-vechi-si-nou-motive-traditionale-romanesti-inspirate-din-colectia-etnografica-a-muzeului-national-al-unirii-alba-iulia-transpuse-pe-diferite-suporturi-in-interpretari-m\\\/#primaryimage\"},\"image\":{\"@id\":\"https:\\\/\\\/urbeamea.ro\\\/albaiulia\\\/joi-vernisajul-expozitiei-vechi-si-nou-motive-traditionale-romanesti-inspirate-din-colectia-etnografica-a-muzeului-national-al-unirii-alba-iulia-transpuse-pe-diferite-suporturi-in-interpretari-m\\\/#primaryimage\"},\"thumbnailUrl\":\"https:\\\/\\\/urbeamea.ro\\\/albaiulia\\\/wp-content\\\/uploads\\\/2024\\\/11\\\/1000017596.jpg\",\"datePublished\":\"2024-11-06T09:24:42+00:00\",\"dateModified\":\"2024-11-06T09:24:44+00:00\",\"author\":{\"@id\":\"https:\\\/\\\/urbeamea.ro\\\/albaiulia\\\/#\\\/schema\\\/person\\\/5db3854ac38c1cc9f0ab4092d6a20f02\"},\"description\":\"Joi, 7 noiembrie 2024, ora 13:00, la Sala Unirii \u2013 Spa\u021biile expozi\u021bionale Alba Iulia, va fi vernisat\u0103 expozi\u021bia \u201eVechi \u0219i nou. Motive tradi\u021bionale\",\"breadcrumb\":{\"@id\":\"https:\\\/\\\/urbeamea.ro\\\/albaiulia\\\/joi-vernisajul-expozitiei-vechi-si-nou-motive-traditionale-romanesti-inspirate-din-colectia-etnografica-a-muzeului-national-al-unirii-alba-iulia-transpuse-pe-diferite-suporturi-in-interpretari-m\\\/#breadcrumb\"},\"inLanguage\":\"ro-RO\",\"potentialAction\":[{\"@type\":\"ReadAction\",\"target\":[\"https:\\\/\\\/urbeamea.ro\\\/albaiulia\\\/joi-vernisajul-expozitiei-vechi-si-nou-motive-traditionale-romanesti-inspirate-din-colectia-etnografica-a-muzeului-national-al-unirii-alba-iulia-transpuse-pe-diferite-suporturi-in-interpretari-m\\\/\"]}]},{\"@type\":\"ImageObject\",\"inLanguage\":\"ro-RO\",\"@id\":\"https:\\\/\\\/urbeamea.ro\\\/albaiulia\\\/joi-vernisajul-expozitiei-vechi-si-nou-motive-traditionale-romanesti-inspirate-din-colectia-etnografica-a-muzeului-national-al-unirii-alba-iulia-transpuse-pe-diferite-suporturi-in-interpretari-m\\\/#primaryimage\",\"url\":\"https:\\\/\\\/urbeamea.ro\\\/albaiulia\\\/wp-content\\\/uploads\\\/2024\\\/11\\\/1000017596.jpg\",\"contentUrl\":\"https:\\\/\\\/urbeamea.ro\\\/albaiulia\\\/wp-content\\\/uploads\\\/2024\\\/11\\\/1000017596.jpg\",\"width\":1000,\"height\":1399},{\"@type\":\"BreadcrumbList\",\"@id\":\"https:\\\/\\\/urbeamea.ro\\\/albaiulia\\\/joi-vernisajul-expozitiei-vechi-si-nou-motive-traditionale-romanesti-inspirate-din-colectia-etnografica-a-muzeului-national-al-unirii-alba-iulia-transpuse-pe-diferite-suporturi-in-interpretari-m\\\/#breadcrumb\",\"itemListElement\":[{\"@type\":\"ListItem\",\"position\":1,\"name\":\"Prima pagin\u0103\",\"item\":\"https:\\\/\\\/urbeamea.ro\\\/albaiulia\\\/\"},{\"@type\":\"ListItem\",\"position\":2,\"name\":\"Joi: Vernisajul expozi\u021biei &#8222;Vechi \u0219i nou. Motive tradi\u021bionale rom\u00e2ne\u0219ti inspirate din colec\u021bia etnografic\u0103 a Muzeului Na\u021bional al Unirii Alba Iulia, transpuse pe diferite suporturi, \u00een interpret\u0103ri moderne\u201d, la Sala Unirii\"}]},{\"@type\":\"WebSite\",\"@id\":\"https:\\\/\\\/urbeamea.ro\\\/albaiulia\\\/#website\",\"url\":\"https:\\\/\\\/urbeamea.ro\\\/albaiulia\\\/\",\"name\":\"Revista Urbea Mea, Stiri urbane\",\"description\":\"Evenimente \u0219i \u0219tiri din Alba Iulia, Sebe\u0219, Aiud, Blaj\",\"potentialAction\":[{\"@type\":\"SearchAction\",\"target\":{\"@type\":\"EntryPoint\",\"urlTemplate\":\"https:\\\/\\\/urbeamea.ro\\\/albaiulia\\\/?s={search_term_string}\"},\"query-input\":{\"@type\":\"PropertyValueSpecification\",\"valueRequired\":true,\"valueName\":\"search_term_string\"}}],\"inLanguage\":\"ro-RO\"},{\"@type\":\"Person\",\"@id\":\"https:\\\/\\\/urbeamea.ro\\\/albaiulia\\\/#\\\/schema\\\/person\\\/5db3854ac38c1cc9f0ab4092d6a20f02\",\"name\":\"Giurca Sorin\",\"image\":{\"@type\":\"ImageObject\",\"inLanguage\":\"ro-RO\",\"@id\":\"https:\\\/\\\/secure.gravatar.com\\\/avatar\\\/120f6fcae7b3b47a7730cb9943f612f4909f68ac5284b5f40ac1c4615fd70576?s=96&d=mm&r=g\",\"url\":\"https:\\\/\\\/secure.gravatar.com\\\/avatar\\\/120f6fcae7b3b47a7730cb9943f612f4909f68ac5284b5f40ac1c4615fd70576?s=96&d=mm&r=g\",\"contentUrl\":\"https:\\\/\\\/secure.gravatar.com\\\/avatar\\\/120f6fcae7b3b47a7730cb9943f612f4909f68ac5284b5f40ac1c4615fd70576?s=96&d=mm&r=g\",\"caption\":\"Giurca Sorin\"},\"url\":\"https:\\\/\\\/urbeamea.ro\\\/albaiulia\\\/author\\\/sorin\\\/\"}]}<\/script>\n<!-- \/ Yoast SEO plugin. -->","yoast_head_json":{"title":"Joi: Vernisajul expozi\u021biei \"Vechi \u0219i nou. Motive tradi\u021bionale rom\u00e2ne\u0219ti inspirate din colec\u021bia etnografic\u0103 a Muzeului Na\u021bional al Unirii Alba Iulia, transpuse pe diferite suporturi, \u00een interpret\u0103ri moderne\u201d, la Sala Unirii - Revista Urbea Mea - Revista de Alba","description":"Joi, 7 noiembrie 2024, ora 13:00, la Sala Unirii \u2013 Spa\u021biile expozi\u021bionale Alba Iulia, va fi vernisat\u0103 expozi\u021bia \u201eVechi \u0219i nou. Motive tradi\u021bionale","robots":{"index":"index","follow":"follow","max-snippet":"max-snippet:-1","max-image-preview":"max-image-preview:large","max-video-preview":"max-video-preview:-1"},"canonical":"https:\/\/urbeamea.ro\/albaiulia\/joi-vernisajul-expozitiei-vechi-si-nou-motive-traditionale-romanesti-inspirate-din-colectia-etnografica-a-muzeului-national-al-unirii-alba-iulia-transpuse-pe-diferite-suporturi-in-interpretari-m\/","twitter_card":"summary_large_image","twitter_title":"Joi: Vernisajul expozi\u021biei \"Vechi \u0219i nou. Motive tradi\u021bionale rom\u00e2ne\u0219ti inspirate din colec\u021bia etnografic\u0103 a Muzeului Na\u021bional al Unirii Alba Iulia, transpuse pe diferite suporturi, \u00een interpret\u0103ri moderne\u201d, la Sala Unirii - Revista Urbea Mea - Revista de Alba","twitter_description":"Joi, 7 noiembrie 2024, ora 13:00, la Sala Unirii \u2013 Spa\u021biile expozi\u021bionale Alba Iulia, va fi vernisat\u0103 expozi\u021bia \u201eVechi \u0219i nou. Motive tradi\u021bionale","twitter_image":"https:\/\/urbeamea.ro\/albaiulia\/wp-content\/uploads\/2024\/11\/1000017596.jpg","twitter_creator":"@urbeameaweb","twitter_site":"@urbeameaweb","schema":{"@context":"https:\/\/schema.org","@graph":[{"@type":"Article","@id":"https:\/\/urbeamea.ro\/albaiulia\/joi-vernisajul-expozitiei-vechi-si-nou-motive-traditionale-romanesti-inspirate-din-colectia-etnografica-a-muzeului-national-al-unirii-alba-iulia-transpuse-pe-diferite-suporturi-in-interpretari-m\/#article","isPartOf":{"@id":"https:\/\/urbeamea.ro\/albaiulia\/joi-vernisajul-expozitiei-vechi-si-nou-motive-traditionale-romanesti-inspirate-din-colectia-etnografica-a-muzeului-national-al-unirii-alba-iulia-transpuse-pe-diferite-suporturi-in-interpretari-m\/"},"author":{"name":"Giurca Sorin","@id":"https:\/\/urbeamea.ro\/albaiulia\/#\/schema\/person\/5db3854ac38c1cc9f0ab4092d6a20f02"},"headline":"Joi: Vernisajul expozi\u021biei &#8222;Vechi \u0219i nou. Motive tradi\u021bionale rom\u00e2ne\u0219ti inspirate din colec\u021bia etnografic\u0103 a Muzeului Na\u021bional al Unirii Alba Iulia, transpuse pe diferite suporturi, \u00een interpret\u0103ri moderne\u201d, la Sala Unirii","datePublished":"2024-11-06T09:24:42+00:00","dateModified":"2024-11-06T09:24:44+00:00","mainEntityOfPage":{"@id":"https:\/\/urbeamea.ro\/albaiulia\/joi-vernisajul-expozitiei-vechi-si-nou-motive-traditionale-romanesti-inspirate-din-colectia-etnografica-a-muzeului-national-al-unirii-alba-iulia-transpuse-pe-diferite-suporturi-in-interpretari-m\/"},"wordCount":265,"commentCount":0,"image":{"@id":"https:\/\/urbeamea.ro\/albaiulia\/joi-vernisajul-expozitiei-vechi-si-nou-motive-traditionale-romanesti-inspirate-din-colectia-etnografica-a-muzeului-national-al-unirii-alba-iulia-transpuse-pe-diferite-suporturi-in-interpretari-m\/#primaryimage"},"thumbnailUrl":"https:\/\/urbeamea.ro\/albaiulia\/wp-content\/uploads\/2024\/11\/1000017596.jpg","keywords":["sala unirii din alba iulia","vernisaj expozitie"],"articleSection":["Cultur\u0103","Evenimente","Social"],"inLanguage":"ro-RO","potentialAction":[{"@type":"CommentAction","name":"Comment","target":["https:\/\/urbeamea.ro\/albaiulia\/joi-vernisajul-expozitiei-vechi-si-nou-motive-traditionale-romanesti-inspirate-din-colectia-etnografica-a-muzeului-national-al-unirii-alba-iulia-transpuse-pe-diferite-suporturi-in-interpretari-m\/#respond"]}]},{"@type":"WebPage","@id":"https:\/\/urbeamea.ro\/albaiulia\/joi-vernisajul-expozitiei-vechi-si-nou-motive-traditionale-romanesti-inspirate-din-colectia-etnografica-a-muzeului-national-al-unirii-alba-iulia-transpuse-pe-diferite-suporturi-in-interpretari-m\/","url":"https:\/\/urbeamea.ro\/albaiulia\/joi-vernisajul-expozitiei-vechi-si-nou-motive-traditionale-romanesti-inspirate-din-colectia-etnografica-a-muzeului-national-al-unirii-alba-iulia-transpuse-pe-diferite-suporturi-in-interpretari-m\/","name":"Joi: Vernisajul expozi\u021biei \"Vechi \u0219i nou. Motive tradi\u021bionale rom\u00e2ne\u0219ti inspirate din colec\u021bia etnografic\u0103 a Muzeului Na\u021bional al Unirii Alba Iulia, transpuse pe diferite suporturi, \u00een interpret\u0103ri moderne\u201d, la Sala Unirii - Revista Urbea Mea - Revista de Alba","isPartOf":{"@id":"https:\/\/urbeamea.ro\/albaiulia\/#website"},"primaryImageOfPage":{"@id":"https:\/\/urbeamea.ro\/albaiulia\/joi-vernisajul-expozitiei-vechi-si-nou-motive-traditionale-romanesti-inspirate-din-colectia-etnografica-a-muzeului-national-al-unirii-alba-iulia-transpuse-pe-diferite-suporturi-in-interpretari-m\/#primaryimage"},"image":{"@id":"https:\/\/urbeamea.ro\/albaiulia\/joi-vernisajul-expozitiei-vechi-si-nou-motive-traditionale-romanesti-inspirate-din-colectia-etnografica-a-muzeului-national-al-unirii-alba-iulia-transpuse-pe-diferite-suporturi-in-interpretari-m\/#primaryimage"},"thumbnailUrl":"https:\/\/urbeamea.ro\/albaiulia\/wp-content\/uploads\/2024\/11\/1000017596.jpg","datePublished":"2024-11-06T09:24:42+00:00","dateModified":"2024-11-06T09:24:44+00:00","author":{"@id":"https:\/\/urbeamea.ro\/albaiulia\/#\/schema\/person\/5db3854ac38c1cc9f0ab4092d6a20f02"},"description":"Joi, 7 noiembrie 2024, ora 13:00, la Sala Unirii \u2013 Spa\u021biile expozi\u021bionale Alba Iulia, va fi vernisat\u0103 expozi\u021bia \u201eVechi \u0219i nou. Motive tradi\u021bionale","breadcrumb":{"@id":"https:\/\/urbeamea.ro\/albaiulia\/joi-vernisajul-expozitiei-vechi-si-nou-motive-traditionale-romanesti-inspirate-din-colectia-etnografica-a-muzeului-national-al-unirii-alba-iulia-transpuse-pe-diferite-suporturi-in-interpretari-m\/#breadcrumb"},"inLanguage":"ro-RO","potentialAction":[{"@type":"ReadAction","target":["https:\/\/urbeamea.ro\/albaiulia\/joi-vernisajul-expozitiei-vechi-si-nou-motive-traditionale-romanesti-inspirate-din-colectia-etnografica-a-muzeului-national-al-unirii-alba-iulia-transpuse-pe-diferite-suporturi-in-interpretari-m\/"]}]},{"@type":"ImageObject","inLanguage":"ro-RO","@id":"https:\/\/urbeamea.ro\/albaiulia\/joi-vernisajul-expozitiei-vechi-si-nou-motive-traditionale-romanesti-inspirate-din-colectia-etnografica-a-muzeului-national-al-unirii-alba-iulia-transpuse-pe-diferite-suporturi-in-interpretari-m\/#primaryimage","url":"https:\/\/urbeamea.ro\/albaiulia\/wp-content\/uploads\/2024\/11\/1000017596.jpg","contentUrl":"https:\/\/urbeamea.ro\/albaiulia\/wp-content\/uploads\/2024\/11\/1000017596.jpg","width":1000,"height":1399},{"@type":"BreadcrumbList","@id":"https:\/\/urbeamea.ro\/albaiulia\/joi-vernisajul-expozitiei-vechi-si-nou-motive-traditionale-romanesti-inspirate-din-colectia-etnografica-a-muzeului-national-al-unirii-alba-iulia-transpuse-pe-diferite-suporturi-in-interpretari-m\/#breadcrumb","itemListElement":[{"@type":"ListItem","position":1,"name":"Prima pagin\u0103","item":"https:\/\/urbeamea.ro\/albaiulia\/"},{"@type":"ListItem","position":2,"name":"Joi: Vernisajul expozi\u021biei &#8222;Vechi \u0219i nou. Motive tradi\u021bionale rom\u00e2ne\u0219ti inspirate din colec\u021bia etnografic\u0103 a Muzeului Na\u021bional al Unirii Alba Iulia, transpuse pe diferite suporturi, \u00een interpret\u0103ri moderne\u201d, la Sala Unirii"}]},{"@type":"WebSite","@id":"https:\/\/urbeamea.ro\/albaiulia\/#website","url":"https:\/\/urbeamea.ro\/albaiulia\/","name":"Revista Urbea Mea, Stiri urbane","description":"Evenimente \u0219i \u0219tiri din Alba Iulia, Sebe\u0219, Aiud, Blaj","potentialAction":[{"@type":"SearchAction","target":{"@type":"EntryPoint","urlTemplate":"https:\/\/urbeamea.ro\/albaiulia\/?s={search_term_string}"},"query-input":{"@type":"PropertyValueSpecification","valueRequired":true,"valueName":"search_term_string"}}],"inLanguage":"ro-RO"},{"@type":"Person","@id":"https:\/\/urbeamea.ro\/albaiulia\/#\/schema\/person\/5db3854ac38c1cc9f0ab4092d6a20f02","name":"Giurca Sorin","image":{"@type":"ImageObject","inLanguage":"ro-RO","@id":"https:\/\/secure.gravatar.com\/avatar\/120f6fcae7b3b47a7730cb9943f612f4909f68ac5284b5f40ac1c4615fd70576?s=96&d=mm&r=g","url":"https:\/\/secure.gravatar.com\/avatar\/120f6fcae7b3b47a7730cb9943f612f4909f68ac5284b5f40ac1c4615fd70576?s=96&d=mm&r=g","contentUrl":"https:\/\/secure.gravatar.com\/avatar\/120f6fcae7b3b47a7730cb9943f612f4909f68ac5284b5f40ac1c4615fd70576?s=96&d=mm&r=g","caption":"Giurca Sorin"},"url":"https:\/\/urbeamea.ro\/albaiulia\/author\/sorin\/"}]}},"_links":{"self":[{"href":"https:\/\/urbeamea.ro\/albaiulia\/wp-json\/wp\/v2\/posts\/114744","targetHints":{"allow":["GET"]}}],"collection":[{"href":"https:\/\/urbeamea.ro\/albaiulia\/wp-json\/wp\/v2\/posts"}],"about":[{"href":"https:\/\/urbeamea.ro\/albaiulia\/wp-json\/wp\/v2\/types\/post"}],"author":[{"embeddable":true,"href":"https:\/\/urbeamea.ro\/albaiulia\/wp-json\/wp\/v2\/users\/28"}],"replies":[{"embeddable":true,"href":"https:\/\/urbeamea.ro\/albaiulia\/wp-json\/wp\/v2\/comments?post=114744"}],"version-history":[{"count":1,"href":"https:\/\/urbeamea.ro\/albaiulia\/wp-json\/wp\/v2\/posts\/114744\/revisions"}],"predecessor-version":[{"id":114746,"href":"https:\/\/urbeamea.ro\/albaiulia\/wp-json\/wp\/v2\/posts\/114744\/revisions\/114746"}],"wp:featuredmedia":[{"embeddable":true,"href":"https:\/\/urbeamea.ro\/albaiulia\/wp-json\/wp\/v2\/media\/114745"}],"wp:attachment":[{"href":"https:\/\/urbeamea.ro\/albaiulia\/wp-json\/wp\/v2\/media?parent=114744"}],"wp:term":[{"taxonomy":"category","embeddable":true,"href":"https:\/\/urbeamea.ro\/albaiulia\/wp-json\/wp\/v2\/categories?post=114744"},{"taxonomy":"post_tag","embeddable":true,"href":"https:\/\/urbeamea.ro\/albaiulia\/wp-json\/wp\/v2\/tags?post=114744"}],"curies":[{"name":"wp","href":"https:\/\/api.w.org\/{rel}","templated":true}]}}