{"id":114748,"date":"2024-11-06T17:41:33","date_gmt":"2024-11-06T15:41:33","guid":{"rendered":"https:\/\/urbeamea.ro\/albaiulia\/?p=114748"},"modified":"2024-11-06T17:41:35","modified_gmt":"2024-11-06T15:41:35","slug":"delegatia-bancii-mondiale-vizita-in-alba-iulia-privind-consolidarea-colaborarii-sectorului-agricol-si-crearea-unui-agri-food-hub-regional","status":"publish","type":"post","link":"https:\/\/urbeamea.ro\/albaiulia\/delegatia-bancii-mondiale-vizita-in-alba-iulia-privind-consolidarea-colaborarii-sectorului-agricol-si-crearea-unui-agri-food-hub-regional\/","title":{"rendered":"Delega\u021bia B\u0103ncii Mondiale vizit\u0103 \u00een Alba Iulia, privind consolidarea colabor\u0103rii sectorului agricol \u0219i crearea unui Agri-Food Hub regional"},"content":{"rendered":"\n<p><strong>Delega\u021bia B\u0103ncii Mondiale a efectuat luni, o vizit\u0103 oficial\u0103 \u00een jude\u021bul Alba.<\/strong><\/p>\n\n\n\n<p>Membrii delega\u021biei B\u0103ncii Mondiale s-au \u00eent\u00e2lnit cu reprezentan\u021bii administra\u021biei locale din Alba, obiectivul fiind acela al consolid\u0103rii colabor\u0103rii sectorului agricol.<\/p>\n\n\n\n<p>&#8222;<em>Am participat ieri la \u00eent\u00e2lnirea cu delega\u021bia B\u0103ncii Mondiale, venit\u0103 \u00een Alba pentru a consolida colaborarea, \u00een ceea ce prive\u0219te sectorul agricol, dintre autorit\u0103\u021bile locale \u0219i aceast\u0103 important\u0103 institu\u021bie financiar\u0103 interna\u021bional\u0103, colaborare esen\u021bial\u0103 pentru atingerea obiectivelor de dezvoltare sustenabil\u0103. <\/em><\/p>\n\n\n\n<p><em>Banca Mondial\u0103 \u0219i-a exprimat sprijinul permanent pentru implementarea proiectelor care vizeaz\u0103 dezvoltarea durabil\u0103 \u0219i eficientizarea sectorului agricol din jude\u021bul nostru, care are un poten\u021bial imens.<\/em><\/p>\n\n\n\n<p>La <em>\u00eent\u00e2lnirea de lucru, g\u0103zduit\u0103 de domnul Ion Dumitrel, pre\u0219edintele Consiliului Jude\u021bean Alba, al\u0103turi de delega\u021bia B\u0103ncii Mondiale, din care au f\u0103cut parte domnul Holger Kray &#8211; manager regional pentru agricultur\u0103 \u0219i alimenta\u021bie pentru Europa \u0219i Asia Central\u0103, doamna Irina Schuman &#8211; economist principal \u00een agricultur\u0103 \u0219i doamna Adina P\u0103s\u0103rel &#8211; specialist \u00een agricultur\u0103, s-au aflat \u0219i reprezentan\u021bii asocia\u021biilor de produc\u0103tori locali, care au adus \u00een prim-plan necesitatea unei ini\u021biative \u00een dezvoltarea \u0219i promovarea unui sector agricol sustenabil \u0219i inovator, care s\u0103 r\u0103spund\u0103 at\u00e2t cerin\u021belor pie\u021bei locale, c\u00e2t \u0219i celor interna\u021bionale.<\/em><\/p>\n\n\n\n<p>\u00cen <em>urma acestei vizite, se vor pune bazele unor ini\u021biative care vor transforma jude\u021bul Alba \u00eentr-un centru regional de inovare agricol\u0103 \u0219i un exemplu de bune practici pentru \u00eentreaga \u021bar\u0103, \u00eentr-o perioad\u0103 \u00een care siguran\u021ba alimentar\u0103 devine o prioritate global\u0103. <\/em><\/p>\n\n\n\n<p><em>Alba se afl\u0103 \u00eentr-o pozi\u021bie strategic\u0103 pentru a dezvolta un Agri-Food Hub regional, care s\u0103 asigure un sistem alimentar durabil \u0219i eficient, bazat pe principiul \u201dfood-to-fork\u201d, care s\u0103 contribuie la rezilien\u021ba lan\u021burilor de aprovizionare \u0219i la cre\u0219terea capacit\u0103\u021bii de produc\u021bie alimentar\u0103 sustenabil\u0103, adaptat\u0103 la schimb\u0103rile climatice \u0219i la noile realit\u0103\u021bi geopolitice<\/em>&#8222;, a transmis Gabriel Ple\u0219a, primarul municipiului Alba Iulia, prin intermediul paginii de socializare.<\/p>\n\n\n\n<p>&#8222;Vizita a consolidat rela\u021biile dintre autorit\u0103\u021bile locale \u0219i institu\u021biile financiare interna\u021bionale, oferind o oportunitate excelent\u0103 de a dezvolta proiecte comune care vor contribui la prosperitatea regiunii. Banca Mondial\u0103 \u0219i-a exprimat sprijinul continuu pentru implementarea proiectelor care vizeaz\u0103 dezvoltarea durabil\u0103 \u0219i eficientizarea sectorului agricol din jude\u021bul Alba. <\/p>\n\n\n\n<p>Jude\u021bul Alba are un poten\u021bial imens, iar colaborarea cu parteneri interna\u021bionali precum Banca Mondial\u0103 este esen\u021bial\u0103 pentru atingerea obiectivelor de dezvoltare sustenabil\u0103.<\/p>\n\n\n\n<p>\u00cen urma acestei vizite, se vor pune bazele unor ini\u021biative care vor transforma jude\u021bul \u00eentr-un \ud835\udc84\ud835\udc86\ud835\udc8f\ud835\udc95\ud835\udc93\ud835\udc96 \ud835\udc93\ud835\udc86\ud835\udc88\ud835\udc8a\ud835\udc90\ud835\udc8f\ud835\udc82\ud835\udc8d \ud835\udc85\ud835\udc86 \ud835\udc8a\ud835\udc8f\ud835\udc90\ud835\udc97\ud835\udc82\ud835\udc93\ud835\udc86 \ud835\udc82\ud835\udc88\ud835\udc93\ud835\udc8a\ud835\udc84\ud835\udc90\ud835\udc8d\ud835\udc82 \u0219i un exemplu de bune practici pentru \u00eentreaga \u021bar\u0103.<\/p>\n\n\n\n<p>La \u00eent\u00e2lnirea de lucru cu reprezentan\u021bii B\u0103ncii Mondiale, au fost prezen\u021bi \u0219i reprezentan\u021bii asocia\u021biilor de produc\u0103tori locali, care au adus \u00een prim-plan necesitatea unei ini\u021biative \u00een dezvoltarea \u0219i promovarea unui sector agricol sustenabil \u0219i inovator, care s\u0103 r\u0103spund\u0103 at\u00e2t cerin\u021belor pie\u021bei locale, c\u00e2t \u0219i celor interna\u021bionale.<\/p>\n\n\n\n<p>\u00centr-o perioad\u0103 \u00een care siguran\u021ba alimentar\u0103 devine o prioritate global\u0103, jude\u021bul Alba se afl\u0103 \u00eentr-o pozi\u021bie strategic\u0103 pentru a dezvolta un \ud83d\ude9c\ud835\udc68\ud835\udc88\ud835\udc93\ud835\udc8a-\ud835\udc6d\ud835\udc90\ud835\udc90\ud835\udc85 \ud835\udc6f\ud835\udc96\ud835\udc83 regional, care s\u0103 asigure un sistem alimentar durabil \u0219i eficient, bazat pe principiul \ud835\udc87\ud835\udc90\ud835\udc90\ud835\udc85-\ud835\udc95\ud835\udc90-\ud835\udc87\ud835\udc90\ud835\udc93\ud835\udc8c. <\/p>\n\n\n\n<p>Acest hub va reprezenta un punct de \u00eent\u00e2lnire \u00eentre produc\u0103tori locali, inovatori \u0219i consumatori, contribuind la crearea unui \ud835\udc59\ud835\udc4e\ud835\udc5b\ud835\udc61 \ud835\udc51\ud835\udc52 \ud835\udc4e\ud835\udc5d\ud835\udc5f\ud835\udc5c\ud835\udc63\ud835\udc56\ud835\udc67\ud835\udc56\ud835\udc5c\ud835\udc5b\ud835\udc4e\ud835\udc5f\ud835\udc52 localizat, transparent \u0219i sustenabil. Acest proiect inovativ are scopul de a pune jude\u021bul Alba pe harta regiunilor sustenabile, \u00een care agricultura modern\u0103 se \u00eembin\u0103 armonios cu respectul pentru mediu \u0219i necesitatea unei hr\u0103niri corecte \u0219i accesibile pentru to\u021bi.<\/p>\n\n\n\n<p>Potrivit B\u0103ncii Mondiale, jude\u021bul Alba are un poten\u021bial imens de a deveni un exemplu de bune practici \u00een domeniul dezvolt\u0103rii economice \u0219i al sustenabilit\u0103\u021bii. Localizarea strategic\u0103 a regiunii, al\u0103turi de infrastructura foarte bun\u0103, ofer\u0103 un cadru ideal pentru implementarea de proiecte de amploare, inclusiv \u00een sectorul agri-food.Ambi\u021bia noastr\u0103 este de a pune jude\u021bul Alba pe harta regiunilor de top din Rom\u00e2nia \u0219i din Europa, iar Banca Mondial\u0103 este un partener de \u00eencredere \u00een aceast\u0103 c\u0103l\u0103torie. <\/p>\n\n\n\n<p>Acest parteneriat nu este doar unul de sus\u021binere financiar\u0103, ci \u0219i unul bazat pe aprecierea profund\u0103 a ceea ce am realizat p\u00e2n\u0103 acum \u0219i \u00eencurajarea pentru urm\u0103torii pa\u0219i&#8221;, au transmis reprezentan\u021bii Consiliului Jude\u021bean Alba, prin intermediul paginii de socializare a institu\u021biei.<\/p>\n\n\n\n<figure class=\"wp-block-gallery has-nested-images columns-default is-cropped wp-block-gallery-1 is-layout-flex wp-block-gallery-is-layout-flex\">\n<figure class=\"wp-block-image size-large\"><img loading=\"lazy\" decoding=\"async\" width=\"1080\" height=\"1062\" data-id=\"114749\" src=\"https:\/\/urbeamea.ro\/albaiulia\/wp-content\/uploads\/2024\/11\/1000017743.jpg\" alt=\"\" class=\"wp-image-114749\" srcset=\"https:\/\/urbeamea.ro\/albaiulia\/wp-content\/uploads\/2024\/11\/1000017743.jpg 1080w, https:\/\/urbeamea.ro\/albaiulia\/wp-content\/uploads\/2024\/11\/1000017743-640x629.jpg 640w, https:\/\/urbeamea.ro\/albaiulia\/wp-content\/uploads\/2024\/11\/1000017743-150x148.jpg 150w, https:\/\/urbeamea.ro\/albaiulia\/wp-content\/uploads\/2024\/11\/1000017743-768x755.jpg 768w\" sizes=\"auto, (max-width: 1080px) 100vw, 1080px\" \/><\/figure>\n\n\n\n<figure class=\"wp-block-image size-large\"><img loading=\"lazy\" decoding=\"async\" width=\"1080\" height=\"834\" data-id=\"114750\" src=\"https:\/\/urbeamea.ro\/albaiulia\/wp-content\/uploads\/2024\/11\/1000017746.jpg\" alt=\"\" class=\"wp-image-114750\" srcset=\"https:\/\/urbeamea.ro\/albaiulia\/wp-content\/uploads\/2024\/11\/1000017746.jpg 1080w, https:\/\/urbeamea.ro\/albaiulia\/wp-content\/uploads\/2024\/11\/1000017746-640x494.jpg 640w, https:\/\/urbeamea.ro\/albaiulia\/wp-content\/uploads\/2024\/11\/1000017746-150x116.jpg 150w, https:\/\/urbeamea.ro\/albaiulia\/wp-content\/uploads\/2024\/11\/1000017746-768x593.jpg 768w\" sizes=\"auto, (max-width: 1080px) 100vw, 1080px\" \/><\/figure>\n\n\n\n<figure class=\"wp-block-image size-large\"><img loading=\"lazy\" decoding=\"async\" width=\"1080\" height=\"914\" data-id=\"114751\" src=\"https:\/\/urbeamea.ro\/albaiulia\/wp-content\/uploads\/2024\/11\/1000017745.jpg\" alt=\"\" class=\"wp-image-114751\" srcset=\"https:\/\/urbeamea.ro\/albaiulia\/wp-content\/uploads\/2024\/11\/1000017745.jpg 1080w, https:\/\/urbeamea.ro\/albaiulia\/wp-content\/uploads\/2024\/11\/1000017745-640x542.jpg 640w, https:\/\/urbeamea.ro\/albaiulia\/wp-content\/uploads\/2024\/11\/1000017745-150x127.jpg 150w, https:\/\/urbeamea.ro\/albaiulia\/wp-content\/uploads\/2024\/11\/1000017745-768x650.jpg 768w\" sizes=\"auto, (max-width: 1080px) 100vw, 1080px\" \/><\/figure>\n\n\n\n<figure class=\"wp-block-image size-large\"><img loading=\"lazy\" decoding=\"async\" width=\"1080\" height=\"810\" data-id=\"114752\" src=\"https:\/\/urbeamea.ro\/albaiulia\/wp-content\/uploads\/2024\/11\/1000017744.jpg\" alt=\"\" class=\"wp-image-114752\" srcset=\"https:\/\/urbeamea.ro\/albaiulia\/wp-content\/uploads\/2024\/11\/1000017744.jpg 1080w, https:\/\/urbeamea.ro\/albaiulia\/wp-content\/uploads\/2024\/11\/1000017744-640x480.jpg 640w, https:\/\/urbeamea.ro\/albaiulia\/wp-content\/uploads\/2024\/11\/1000017744-150x113.jpg 150w, https:\/\/urbeamea.ro\/albaiulia\/wp-content\/uploads\/2024\/11\/1000017744-768x576.jpg 768w\" sizes=\"auto, (max-width: 1080px) 100vw, 1080px\" \/><\/figure>\n\n\n\n<figure class=\"wp-block-image size-large\"><img loading=\"lazy\" decoding=\"async\" width=\"1080\" height=\"979\" data-id=\"114753\" src=\"https:\/\/urbeamea.ro\/albaiulia\/wp-content\/uploads\/2024\/11\/1000017747.jpg\" alt=\"\" class=\"wp-image-114753\" srcset=\"https:\/\/urbeamea.ro\/albaiulia\/wp-content\/uploads\/2024\/11\/1000017747.jpg 1080w, https:\/\/urbeamea.ro\/albaiulia\/wp-content\/uploads\/2024\/11\/1000017747-640x580.jpg 640w, https:\/\/urbeamea.ro\/albaiulia\/wp-content\/uploads\/2024\/11\/1000017747-150x136.jpg 150w, https:\/\/urbeamea.ro\/albaiulia\/wp-content\/uploads\/2024\/11\/1000017747-768x696.jpg 768w\" sizes=\"auto, (max-width: 1080px) 100vw, 1080px\" \/><\/figure>\n\n\n\n<figure class=\"wp-block-image size-large\"><img loading=\"lazy\" decoding=\"async\" width=\"1080\" height=\"945\" data-id=\"114754\" src=\"https:\/\/urbeamea.ro\/albaiulia\/wp-content\/uploads\/2024\/11\/1000017748.jpg\" alt=\"\" class=\"wp-image-114754\" srcset=\"https:\/\/urbeamea.ro\/albaiulia\/wp-content\/uploads\/2024\/11\/1000017748.jpg 1080w, https:\/\/urbeamea.ro\/albaiulia\/wp-content\/uploads\/2024\/11\/1000017748-640x560.jpg 640w, https:\/\/urbeamea.ro\/albaiulia\/wp-content\/uploads\/2024\/11\/1000017748-150x131.jpg 150w, https:\/\/urbeamea.ro\/albaiulia\/wp-content\/uploads\/2024\/11\/1000017748-768x672.jpg 768w\" sizes=\"auto, (max-width: 1080px) 100vw, 1080px\" \/><\/figure>\n\n\n\n<figure class=\"wp-block-image size-large\"><img loading=\"lazy\" decoding=\"async\" width=\"1080\" height=\"810\" data-id=\"114755\" src=\"https:\/\/urbeamea.ro\/albaiulia\/wp-content\/uploads\/2024\/11\/1000017749.jpg\" alt=\"\" class=\"wp-image-114755\" srcset=\"https:\/\/urbeamea.ro\/albaiulia\/wp-content\/uploads\/2024\/11\/1000017749.jpg 1080w, https:\/\/urbeamea.ro\/albaiulia\/wp-content\/uploads\/2024\/11\/1000017749-640x480.jpg 640w, https:\/\/urbeamea.ro\/albaiulia\/wp-content\/uploads\/2024\/11\/1000017749-150x113.jpg 150w, https:\/\/urbeamea.ro\/albaiulia\/wp-content\/uploads\/2024\/11\/1000017749-768x576.jpg 768w\" sizes=\"auto, (max-width: 1080px) 100vw, 1080px\" \/><\/figure>\n<\/figure>\n\n\n\n<p><\/p>\n\n\n\n<p><\/p>\n\n\n\n<p><\/p>\n\n\n\n<p><\/p>\n","protected":false},"excerpt":{"rendered":"<p>Delega\u021bia B\u0103ncii Mondiale a efectuat luni, o vizit\u0103 oficial\u0103 \u00een jude\u021bul Alba. Membrii delega\u021biei B\u0103ncii Mondiale s-au \u00eent\u00e2lnit cu reprezentan\u021bii administra\u021biei locale din Alba, obiectivul fiind acela al consolid\u0103rii colabor\u0103rii sectorului agricol. &#8222;Am participat ieri la \u00eent\u00e2lnirea cu delega\u021bia B\u0103ncii Mondiale, venit\u0103 \u00een Alba pentru a consolida colaborarea, \u00een ceea ce prive\u0219te sectorul agricol, dintre &hellip;<\/p>\n","protected":false},"author":28,"featured_media":114752,"comment_status":"open","ping_status":"open","sticky":false,"template":"","format":"standard","meta":{"inline_featured_image":false,"footnotes":""},"categories":[23926,2035,6663,2034],"tags":[25107],"class_list":["post-114748","post","type-post","status-publish","format-standard","has-post-thumbnail","hentry","category-actualitate","category-administratie","category-economic","category-social","tag-banca-mondiala-2"],"yoast_head":"<!-- This site is optimized with the Yoast SEO plugin v27.4 - https:\/\/yoast.com\/product\/yoast-seo-wordpress\/ -->\n<title>Delega\u021bia B\u0103ncii Mondiale vizit\u0103 \u00een Alba Iulia, privind consolidarea colabor\u0103rii sectorului agricol \u0219i crearea unui Agri-Food Hub regional - Revista Urbea Mea - Revista de Alba<\/title>\n<meta name=\"description\" content=\"Delega\u021bia B\u0103ncii Mondiale a efectuat luni, o vizit\u0103 oficial\u0103 \u00een jude\u021bul Alba. Membrii delega\u021biei B\u0103ncii Mondiale s-au \u00eent\u00e2lnit cu reprezentan\u021bii\" \/>\n<meta name=\"robots\" content=\"index, follow, max-snippet:-1, max-image-preview:large, max-video-preview:-1\" \/>\n<link rel=\"canonical\" href=\"https:\/\/urbeamea.ro\/albaiulia\/delegatia-bancii-mondiale-vizita-in-alba-iulia-privind-consolidarea-colaborarii-sectorului-agricol-si-crearea-unui-agri-food-hub-regional\/\" \/>\n<meta name=\"twitter:card\" content=\"summary_large_image\" \/>\n<meta name=\"twitter:title\" content=\"Delega\u021bia B\u0103ncii Mondiale vizit\u0103 \u00een Alba Iulia, privind consolidarea colabor\u0103rii sectorului agricol \u0219i crearea unui Agri-Food Hub regional - Revista Urbea Mea - Revista de Alba\" \/>\n<meta name=\"twitter:description\" content=\"Delega\u021bia B\u0103ncii Mondiale a efectuat luni, o vizit\u0103 oficial\u0103 \u00een jude\u021bul Alba. Membrii delega\u021biei B\u0103ncii Mondiale s-au \u00eent\u00e2lnit cu reprezentan\u021bii\" \/>\n<meta name=\"twitter:image\" content=\"https:\/\/urbeamea.ro\/albaiulia\/wp-content\/uploads\/2024\/11\/1000017744.jpg\" \/>\n<meta name=\"twitter:creator\" content=\"@urbeameaweb\" \/>\n<meta name=\"twitter:site\" content=\"@urbeameaweb\" \/>\n<script type=\"application\/ld+json\" class=\"yoast-schema-graph\">{\"@context\":\"https:\\\/\\\/schema.org\",\"@graph\":[{\"@type\":\"Article\",\"@id\":\"https:\\\/\\\/urbeamea.ro\\\/albaiulia\\\/delegatia-bancii-mondiale-vizita-in-alba-iulia-privind-consolidarea-colaborarii-sectorului-agricol-si-crearea-unui-agri-food-hub-regional\\\/#article\",\"isPartOf\":{\"@id\":\"https:\\\/\\\/urbeamea.ro\\\/albaiulia\\\/delegatia-bancii-mondiale-vizita-in-alba-iulia-privind-consolidarea-colaborarii-sectorului-agricol-si-crearea-unui-agri-food-hub-regional\\\/\"},\"author\":{\"name\":\"Giurca Sorin\",\"@id\":\"https:\\\/\\\/urbeamea.ro\\\/albaiulia\\\/#\\\/schema\\\/person\\\/5db3854ac38c1cc9f0ab4092d6a20f02\"},\"headline\":\"Delega\u021bia B\u0103ncii Mondiale vizit\u0103 \u00een Alba Iulia, privind consolidarea colabor\u0103rii sectorului agricol \u0219i crearea unui Agri-Food Hub regional\",\"datePublished\":\"2024-11-06T15:41:33+00:00\",\"dateModified\":\"2024-11-06T15:41:35+00:00\",\"mainEntityOfPage\":{\"@id\":\"https:\\\/\\\/urbeamea.ro\\\/albaiulia\\\/delegatia-bancii-mondiale-vizita-in-alba-iulia-privind-consolidarea-colaborarii-sectorului-agricol-si-crearea-unui-agri-food-hub-regional\\\/\"},\"wordCount\":764,\"commentCount\":0,\"image\":{\"@id\":\"https:\\\/\\\/urbeamea.ro\\\/albaiulia\\\/delegatia-bancii-mondiale-vizita-in-alba-iulia-privind-consolidarea-colaborarii-sectorului-agricol-si-crearea-unui-agri-food-hub-regional\\\/#primaryimage\"},\"thumbnailUrl\":\"https:\\\/\\\/urbeamea.ro\\\/albaiulia\\\/wp-content\\\/uploads\\\/2024\\\/11\\\/1000017744.jpg\",\"keywords\":[\"Banca Mondial\u0103\"],\"articleSection\":[\"Actualitate\",\"Administra\u021bie\",\"Economic\",\"Social\"],\"inLanguage\":\"ro-RO\",\"potentialAction\":[{\"@type\":\"CommentAction\",\"name\":\"Comment\",\"target\":[\"https:\\\/\\\/urbeamea.ro\\\/albaiulia\\\/delegatia-bancii-mondiale-vizita-in-alba-iulia-privind-consolidarea-colaborarii-sectorului-agricol-si-crearea-unui-agri-food-hub-regional\\\/#respond\"]}]},{\"@type\":\"WebPage\",\"@id\":\"https:\\\/\\\/urbeamea.ro\\\/albaiulia\\\/delegatia-bancii-mondiale-vizita-in-alba-iulia-privind-consolidarea-colaborarii-sectorului-agricol-si-crearea-unui-agri-food-hub-regional\\\/\",\"url\":\"https:\\\/\\\/urbeamea.ro\\\/albaiulia\\\/delegatia-bancii-mondiale-vizita-in-alba-iulia-privind-consolidarea-colaborarii-sectorului-agricol-si-crearea-unui-agri-food-hub-regional\\\/\",\"name\":\"Delega\u021bia B\u0103ncii Mondiale vizit\u0103 \u00een Alba Iulia, privind consolidarea colabor\u0103rii sectorului agricol \u0219i crearea unui Agri-Food Hub regional - Revista Urbea Mea - Revista de Alba\",\"isPartOf\":{\"@id\":\"https:\\\/\\\/urbeamea.ro\\\/albaiulia\\\/#website\"},\"primaryImageOfPage\":{\"@id\":\"https:\\\/\\\/urbeamea.ro\\\/albaiulia\\\/delegatia-bancii-mondiale-vizita-in-alba-iulia-privind-consolidarea-colaborarii-sectorului-agricol-si-crearea-unui-agri-food-hub-regional\\\/#primaryimage\"},\"image\":{\"@id\":\"https:\\\/\\\/urbeamea.ro\\\/albaiulia\\\/delegatia-bancii-mondiale-vizita-in-alba-iulia-privind-consolidarea-colaborarii-sectorului-agricol-si-crearea-unui-agri-food-hub-regional\\\/#primaryimage\"},\"thumbnailUrl\":\"https:\\\/\\\/urbeamea.ro\\\/albaiulia\\\/wp-content\\\/uploads\\\/2024\\\/11\\\/1000017744.jpg\",\"datePublished\":\"2024-11-06T15:41:33+00:00\",\"dateModified\":\"2024-11-06T15:41:35+00:00\",\"author\":{\"@id\":\"https:\\\/\\\/urbeamea.ro\\\/albaiulia\\\/#\\\/schema\\\/person\\\/5db3854ac38c1cc9f0ab4092d6a20f02\"},\"description\":\"Delega\u021bia B\u0103ncii Mondiale a efectuat luni, o vizit\u0103 oficial\u0103 \u00een jude\u021bul Alba. Membrii delega\u021biei B\u0103ncii Mondiale s-au \u00eent\u00e2lnit cu reprezentan\u021bii\",\"breadcrumb\":{\"@id\":\"https:\\\/\\\/urbeamea.ro\\\/albaiulia\\\/delegatia-bancii-mondiale-vizita-in-alba-iulia-privind-consolidarea-colaborarii-sectorului-agricol-si-crearea-unui-agri-food-hub-regional\\\/#breadcrumb\"},\"inLanguage\":\"ro-RO\",\"potentialAction\":[{\"@type\":\"ReadAction\",\"target\":[\"https:\\\/\\\/urbeamea.ro\\\/albaiulia\\\/delegatia-bancii-mondiale-vizita-in-alba-iulia-privind-consolidarea-colaborarii-sectorului-agricol-si-crearea-unui-agri-food-hub-regional\\\/\"]}]},{\"@type\":\"ImageObject\",\"inLanguage\":\"ro-RO\",\"@id\":\"https:\\\/\\\/urbeamea.ro\\\/albaiulia\\\/delegatia-bancii-mondiale-vizita-in-alba-iulia-privind-consolidarea-colaborarii-sectorului-agricol-si-crearea-unui-agri-food-hub-regional\\\/#primaryimage\",\"url\":\"https:\\\/\\\/urbeamea.ro\\\/albaiulia\\\/wp-content\\\/uploads\\\/2024\\\/11\\\/1000017744.jpg\",\"contentUrl\":\"https:\\\/\\\/urbeamea.ro\\\/albaiulia\\\/wp-content\\\/uploads\\\/2024\\\/11\\\/1000017744.jpg\",\"width\":1080,\"height\":810},{\"@type\":\"BreadcrumbList\",\"@id\":\"https:\\\/\\\/urbeamea.ro\\\/albaiulia\\\/delegatia-bancii-mondiale-vizita-in-alba-iulia-privind-consolidarea-colaborarii-sectorului-agricol-si-crearea-unui-agri-food-hub-regional\\\/#breadcrumb\",\"itemListElement\":[{\"@type\":\"ListItem\",\"position\":1,\"name\":\"Prima pagin\u0103\",\"item\":\"https:\\\/\\\/urbeamea.ro\\\/albaiulia\\\/\"},{\"@type\":\"ListItem\",\"position\":2,\"name\":\"Delega\u021bia B\u0103ncii Mondiale vizit\u0103 \u00een Alba Iulia, privind consolidarea colabor\u0103rii sectorului agricol \u0219i crearea unui Agri-Food Hub regional\"}]},{\"@type\":\"WebSite\",\"@id\":\"https:\\\/\\\/urbeamea.ro\\\/albaiulia\\\/#website\",\"url\":\"https:\\\/\\\/urbeamea.ro\\\/albaiulia\\\/\",\"name\":\"Revista Urbea Mea, Stiri urbane\",\"description\":\"Evenimente \u0219i \u0219tiri din Alba Iulia, Sebe\u0219, Aiud, Blaj\",\"potentialAction\":[{\"@type\":\"SearchAction\",\"target\":{\"@type\":\"EntryPoint\",\"urlTemplate\":\"https:\\\/\\\/urbeamea.ro\\\/albaiulia\\\/?s={search_term_string}\"},\"query-input\":{\"@type\":\"PropertyValueSpecification\",\"valueRequired\":true,\"valueName\":\"search_term_string\"}}],\"inLanguage\":\"ro-RO\"},{\"@type\":\"Person\",\"@id\":\"https:\\\/\\\/urbeamea.ro\\\/albaiulia\\\/#\\\/schema\\\/person\\\/5db3854ac38c1cc9f0ab4092d6a20f02\",\"name\":\"Giurca Sorin\",\"image\":{\"@type\":\"ImageObject\",\"inLanguage\":\"ro-RO\",\"@id\":\"https:\\\/\\\/secure.gravatar.com\\\/avatar\\\/120f6fcae7b3b47a7730cb9943f612f4909f68ac5284b5f40ac1c4615fd70576?s=96&d=mm&r=g\",\"url\":\"https:\\\/\\\/secure.gravatar.com\\\/avatar\\\/120f6fcae7b3b47a7730cb9943f612f4909f68ac5284b5f40ac1c4615fd70576?s=96&d=mm&r=g\",\"contentUrl\":\"https:\\\/\\\/secure.gravatar.com\\\/avatar\\\/120f6fcae7b3b47a7730cb9943f612f4909f68ac5284b5f40ac1c4615fd70576?s=96&d=mm&r=g\",\"caption\":\"Giurca Sorin\"},\"url\":\"https:\\\/\\\/urbeamea.ro\\\/albaiulia\\\/author\\\/sorin\\\/\"}]}<\/script>\n<!-- \/ Yoast SEO plugin. -->","yoast_head_json":{"title":"Delega\u021bia B\u0103ncii Mondiale vizit\u0103 \u00een Alba Iulia, privind consolidarea colabor\u0103rii sectorului agricol \u0219i crearea unui Agri-Food Hub regional - Revista Urbea Mea - Revista de Alba","description":"Delega\u021bia B\u0103ncii Mondiale a efectuat luni, o vizit\u0103 oficial\u0103 \u00een jude\u021bul Alba. Membrii delega\u021biei B\u0103ncii Mondiale s-au \u00eent\u00e2lnit cu reprezentan\u021bii","robots":{"index":"index","follow":"follow","max-snippet":"max-snippet:-1","max-image-preview":"max-image-preview:large","max-video-preview":"max-video-preview:-1"},"canonical":"https:\/\/urbeamea.ro\/albaiulia\/delegatia-bancii-mondiale-vizita-in-alba-iulia-privind-consolidarea-colaborarii-sectorului-agricol-si-crearea-unui-agri-food-hub-regional\/","twitter_card":"summary_large_image","twitter_title":"Delega\u021bia B\u0103ncii Mondiale vizit\u0103 \u00een Alba Iulia, privind consolidarea colabor\u0103rii sectorului agricol \u0219i crearea unui Agri-Food Hub regional - Revista Urbea Mea - Revista de Alba","twitter_description":"Delega\u021bia B\u0103ncii Mondiale a efectuat luni, o vizit\u0103 oficial\u0103 \u00een jude\u021bul Alba. Membrii delega\u021biei B\u0103ncii Mondiale s-au \u00eent\u00e2lnit cu reprezentan\u021bii","twitter_image":"https:\/\/urbeamea.ro\/albaiulia\/wp-content\/uploads\/2024\/11\/1000017744.jpg","twitter_creator":"@urbeameaweb","twitter_site":"@urbeameaweb","schema":{"@context":"https:\/\/schema.org","@graph":[{"@type":"Article","@id":"https:\/\/urbeamea.ro\/albaiulia\/delegatia-bancii-mondiale-vizita-in-alba-iulia-privind-consolidarea-colaborarii-sectorului-agricol-si-crearea-unui-agri-food-hub-regional\/#article","isPartOf":{"@id":"https:\/\/urbeamea.ro\/albaiulia\/delegatia-bancii-mondiale-vizita-in-alba-iulia-privind-consolidarea-colaborarii-sectorului-agricol-si-crearea-unui-agri-food-hub-regional\/"},"author":{"name":"Giurca Sorin","@id":"https:\/\/urbeamea.ro\/albaiulia\/#\/schema\/person\/5db3854ac38c1cc9f0ab4092d6a20f02"},"headline":"Delega\u021bia B\u0103ncii Mondiale vizit\u0103 \u00een Alba Iulia, privind consolidarea colabor\u0103rii sectorului agricol \u0219i crearea unui Agri-Food Hub regional","datePublished":"2024-11-06T15:41:33+00:00","dateModified":"2024-11-06T15:41:35+00:00","mainEntityOfPage":{"@id":"https:\/\/urbeamea.ro\/albaiulia\/delegatia-bancii-mondiale-vizita-in-alba-iulia-privind-consolidarea-colaborarii-sectorului-agricol-si-crearea-unui-agri-food-hub-regional\/"},"wordCount":764,"commentCount":0,"image":{"@id":"https:\/\/urbeamea.ro\/albaiulia\/delegatia-bancii-mondiale-vizita-in-alba-iulia-privind-consolidarea-colaborarii-sectorului-agricol-si-crearea-unui-agri-food-hub-regional\/#primaryimage"},"thumbnailUrl":"https:\/\/urbeamea.ro\/albaiulia\/wp-content\/uploads\/2024\/11\/1000017744.jpg","keywords":["Banca Mondial\u0103"],"articleSection":["Actualitate","Administra\u021bie","Economic","Social"],"inLanguage":"ro-RO","potentialAction":[{"@type":"CommentAction","name":"Comment","target":["https:\/\/urbeamea.ro\/albaiulia\/delegatia-bancii-mondiale-vizita-in-alba-iulia-privind-consolidarea-colaborarii-sectorului-agricol-si-crearea-unui-agri-food-hub-regional\/#respond"]}]},{"@type":"WebPage","@id":"https:\/\/urbeamea.ro\/albaiulia\/delegatia-bancii-mondiale-vizita-in-alba-iulia-privind-consolidarea-colaborarii-sectorului-agricol-si-crearea-unui-agri-food-hub-regional\/","url":"https:\/\/urbeamea.ro\/albaiulia\/delegatia-bancii-mondiale-vizita-in-alba-iulia-privind-consolidarea-colaborarii-sectorului-agricol-si-crearea-unui-agri-food-hub-regional\/","name":"Delega\u021bia B\u0103ncii Mondiale vizit\u0103 \u00een Alba Iulia, privind consolidarea colabor\u0103rii sectorului agricol \u0219i crearea unui Agri-Food Hub regional - Revista Urbea Mea - Revista de Alba","isPartOf":{"@id":"https:\/\/urbeamea.ro\/albaiulia\/#website"},"primaryImageOfPage":{"@id":"https:\/\/urbeamea.ro\/albaiulia\/delegatia-bancii-mondiale-vizita-in-alba-iulia-privind-consolidarea-colaborarii-sectorului-agricol-si-crearea-unui-agri-food-hub-regional\/#primaryimage"},"image":{"@id":"https:\/\/urbeamea.ro\/albaiulia\/delegatia-bancii-mondiale-vizita-in-alba-iulia-privind-consolidarea-colaborarii-sectorului-agricol-si-crearea-unui-agri-food-hub-regional\/#primaryimage"},"thumbnailUrl":"https:\/\/urbeamea.ro\/albaiulia\/wp-content\/uploads\/2024\/11\/1000017744.jpg","datePublished":"2024-11-06T15:41:33+00:00","dateModified":"2024-11-06T15:41:35+00:00","author":{"@id":"https:\/\/urbeamea.ro\/albaiulia\/#\/schema\/person\/5db3854ac38c1cc9f0ab4092d6a20f02"},"description":"Delega\u021bia B\u0103ncii Mondiale a efectuat luni, o vizit\u0103 oficial\u0103 \u00een jude\u021bul Alba. Membrii delega\u021biei B\u0103ncii Mondiale s-au \u00eent\u00e2lnit cu reprezentan\u021bii","breadcrumb":{"@id":"https:\/\/urbeamea.ro\/albaiulia\/delegatia-bancii-mondiale-vizita-in-alba-iulia-privind-consolidarea-colaborarii-sectorului-agricol-si-crearea-unui-agri-food-hub-regional\/#breadcrumb"},"inLanguage":"ro-RO","potentialAction":[{"@type":"ReadAction","target":["https:\/\/urbeamea.ro\/albaiulia\/delegatia-bancii-mondiale-vizita-in-alba-iulia-privind-consolidarea-colaborarii-sectorului-agricol-si-crearea-unui-agri-food-hub-regional\/"]}]},{"@type":"ImageObject","inLanguage":"ro-RO","@id":"https:\/\/urbeamea.ro\/albaiulia\/delegatia-bancii-mondiale-vizita-in-alba-iulia-privind-consolidarea-colaborarii-sectorului-agricol-si-crearea-unui-agri-food-hub-regional\/#primaryimage","url":"https:\/\/urbeamea.ro\/albaiulia\/wp-content\/uploads\/2024\/11\/1000017744.jpg","contentUrl":"https:\/\/urbeamea.ro\/albaiulia\/wp-content\/uploads\/2024\/11\/1000017744.jpg","width":1080,"height":810},{"@type":"BreadcrumbList","@id":"https:\/\/urbeamea.ro\/albaiulia\/delegatia-bancii-mondiale-vizita-in-alba-iulia-privind-consolidarea-colaborarii-sectorului-agricol-si-crearea-unui-agri-food-hub-regional\/#breadcrumb","itemListElement":[{"@type":"ListItem","position":1,"name":"Prima pagin\u0103","item":"https:\/\/urbeamea.ro\/albaiulia\/"},{"@type":"ListItem","position":2,"name":"Delega\u021bia B\u0103ncii Mondiale vizit\u0103 \u00een Alba Iulia, privind consolidarea colabor\u0103rii sectorului agricol \u0219i crearea unui Agri-Food Hub regional"}]},{"@type":"WebSite","@id":"https:\/\/urbeamea.ro\/albaiulia\/#website","url":"https:\/\/urbeamea.ro\/albaiulia\/","name":"Revista Urbea Mea, Stiri urbane","description":"Evenimente \u0219i \u0219tiri din Alba Iulia, Sebe\u0219, Aiud, Blaj","potentialAction":[{"@type":"SearchAction","target":{"@type":"EntryPoint","urlTemplate":"https:\/\/urbeamea.ro\/albaiulia\/?s={search_term_string}"},"query-input":{"@type":"PropertyValueSpecification","valueRequired":true,"valueName":"search_term_string"}}],"inLanguage":"ro-RO"},{"@type":"Person","@id":"https:\/\/urbeamea.ro\/albaiulia\/#\/schema\/person\/5db3854ac38c1cc9f0ab4092d6a20f02","name":"Giurca Sorin","image":{"@type":"ImageObject","inLanguage":"ro-RO","@id":"https:\/\/secure.gravatar.com\/avatar\/120f6fcae7b3b47a7730cb9943f612f4909f68ac5284b5f40ac1c4615fd70576?s=96&d=mm&r=g","url":"https:\/\/secure.gravatar.com\/avatar\/120f6fcae7b3b47a7730cb9943f612f4909f68ac5284b5f40ac1c4615fd70576?s=96&d=mm&r=g","contentUrl":"https:\/\/secure.gravatar.com\/avatar\/120f6fcae7b3b47a7730cb9943f612f4909f68ac5284b5f40ac1c4615fd70576?s=96&d=mm&r=g","caption":"Giurca Sorin"},"url":"https:\/\/urbeamea.ro\/albaiulia\/author\/sorin\/"}]}},"_links":{"self":[{"href":"https:\/\/urbeamea.ro\/albaiulia\/wp-json\/wp\/v2\/posts\/114748","targetHints":{"allow":["GET"]}}],"collection":[{"href":"https:\/\/urbeamea.ro\/albaiulia\/wp-json\/wp\/v2\/posts"}],"about":[{"href":"https:\/\/urbeamea.ro\/albaiulia\/wp-json\/wp\/v2\/types\/post"}],"author":[{"embeddable":true,"href":"https:\/\/urbeamea.ro\/albaiulia\/wp-json\/wp\/v2\/users\/28"}],"replies":[{"embeddable":true,"href":"https:\/\/urbeamea.ro\/albaiulia\/wp-json\/wp\/v2\/comments?post=114748"}],"version-history":[{"count":1,"href":"https:\/\/urbeamea.ro\/albaiulia\/wp-json\/wp\/v2\/posts\/114748\/revisions"}],"predecessor-version":[{"id":114756,"href":"https:\/\/urbeamea.ro\/albaiulia\/wp-json\/wp\/v2\/posts\/114748\/revisions\/114756"}],"wp:featuredmedia":[{"embeddable":true,"href":"https:\/\/urbeamea.ro\/albaiulia\/wp-json\/wp\/v2\/media\/114752"}],"wp:attachment":[{"href":"https:\/\/urbeamea.ro\/albaiulia\/wp-json\/wp\/v2\/media?parent=114748"}],"wp:term":[{"taxonomy":"category","embeddable":true,"href":"https:\/\/urbeamea.ro\/albaiulia\/wp-json\/wp\/v2\/categories?post=114748"},{"taxonomy":"post_tag","embeddable":true,"href":"https:\/\/urbeamea.ro\/albaiulia\/wp-json\/wp\/v2\/tags?post=114748"}],"curies":[{"name":"wp","href":"https:\/\/api.w.org\/{rel}","templated":true}]}}