{"id":114757,"date":"2024-11-07T09:26:30","date_gmt":"2024-11-07T07:26:30","guid":{"rendered":"https:\/\/urbeamea.ro\/albaiulia\/?p=114757"},"modified":"2024-11-07T09:26:32","modified_gmt":"2024-11-07T07:26:32","slug":"vineri-scriitorul-ion-brad-omagiat-la-sancel-la-95-ani-de-la-nastere","status":"publish","type":"post","link":"https:\/\/urbeamea.ro\/albaiulia\/vineri-scriitorul-ion-brad-omagiat-la-sancel-la-95-ani-de-la-nastere\/","title":{"rendered":"Vineri: Scriitorul Ion Brad, omagiat la S\u00e2ncel, la 95 ani de la na\u0219tere"},"content":{"rendered":"\n<p><strong>Vineri, 8 noiembrie 2024, de la ora 12:00, la Biblioteca Comunal\u0103 din S\u00e2ncel va avea loc omagierea diplomatului, poetului, eseistului, romancierului, memorialistului \u0219i traduc\u0103torului Ion Brad, la 95 de ani de la na\u0219tere. <\/strong><\/p>\n\n\n\n<p>Organizatorii evenimentului sunt Consiliul Jude\u021bean Alba \u0219i Biblioteca Jude\u021bean\u0103 \u201eLucian Blaga\u201d Alba, \u00een parteneriat cu Prim\u0103ria Comunei S\u00e2ncel, Biblioteca Comunal\u0103 S\u00e2ncel, \u0218coala Gimnazial\u0103 din S\u00e2ncel, Biblioteca Municipal\u0103 \u201e\u0218coala Ardelean\u0103\u201d Blaj, Asocia\u021biunea ASTRA \u2013 Desp\u0103r\u021b\u0103m\u00e2ntul \u201eTimotei Cipariu\u201d Blaj \u0219i Cercul ASTRA din P\u0103nade. <\/p>\n\n\n\n<p>Evenimentul cultural se va bucura de prezen\u021ba primarului comunei S\u00e2ncel &#8211; Cipariu Darius Alexandru, a managerului Bibliotecii Jude\u021bene \u201eLucian Blaga\u2019\u2019 Alba \u2013 Silvan St\u00e2ncel, a pre\u0219edintelui Asocia\u021biunii ASTRA \u2013 Desp\u0103r\u021b\u0103m\u00e2ntul \u201eTimotei Cipariu\u201d Blaj \u2013 Ioan Mih\u0103l\u021ban \u0219i a directoarei \u0218colii Gimnaziale \u201eIon Pop Reteganul\u2019\u2019 S\u00e2ncel \u2013 prof. Ioana C\u0103t\u0103u\u021b\u0103. Cu acest prilej vor prezenta lucr\u0103ri Maria Brad Orian (Amintiri, amintiri&#8230; despre Ion Brad), R\u0103zvan Dumitru (Fondul special \u2013 Ion Brad de la Biblioteca Jude\u021bean\u0103 \u201eLucian Blaga\u201d Alba), Daniela Floroian (Ultimul interviu acordat de Ion Brad scriitorului George Flaviu Predescu), preot Daniel Marius C\u00eempean (Poezia religioas\u0103 \u00een crea\u021bia lui Ion Brad) \u0219i vor recita din crea\u021bia lui Ion Brad, elevii \u0218colii Gimnaziale \u201eIon Pop Reteganul\u201d S\u00e2ncel \u0219i rapsodul popular Gheorghe Zere\u0219 din P\u0103nade.<\/p>\n\n\n\n<p>Opera scriitorului Ion Brad va putea fi r\u0103sfoit\u0103 \u0219i analizat\u0103 \u00een volumele din cele dou\u0103 expozi\u021bii de carte preg\u0103tite de bibliotecarele de la Biblioteca \u201e\u0218coala Ardelean\u0103\u201d Blaj \u0219i Biblioteca Comunal\u0103 S\u00e2ncel.Scriitorul Ion Brad s-a n\u0103scut \u00een 8 noiembrie1929, \u00een satul P\u0103nade din comuna S\u00e2ncel, fiind primul din cei nou\u0103 copii ai  Corneliei \u015fi ai lui Traian Brad. <\/p>\n\n\n\n<p>Dup\u0103 sus\u0163inerea bacalaureatului la Liceul de b\u0103ie\u0163i \u201eSf\u00e2ntul Vasile cel Mare\u201d din Blaj, urmeaz\u0103 cursurile Facult\u0103\u0163ii de Filologie din Cluj. Debutul s\u0103u are loc \u00een 1947, \u00een revista \u201eG\u00e2nd tineresc\u201d din Alba Iulia, cu poezia \u201eTe-am visat\u201d. Editorial, debuteaz\u0103 cu volumul \u201eCincisutistul\u201d, \u00een 1952. <\/p>\n\n\n\n<p>Primul s\u0103u loc de munc\u0103 a fost ca bibliotecar la Liceul \u201eSf\u00e2ntul Vasile cel Mare\u201d din Blaj, colabor\u00e2nd la catalogarea documentelor din \u201eBiblioteca Central\u0103 Arhidiecezan\u0103\u201d. Ca student la Cluj lucreaz\u0103 la redac\u0163ia \u201eAlmanahului literar\u201d, sub conducerea lui Miron Radu Paraschivescu, p\u00e2n\u0103 \u00een 1954. <\/p>\n\n\n\n<p>Sub \u00eendrumarea direct\u0103 a lui Emil Isac \u00eencepe s\u0103 alc\u0103tuiasc\u0103 edi\u0163ia de \u201eOpere alese\u201d a primului poet modern al Ardealului. \u00cen perioada 1953-1960 este secretar al Filialei din Cluj a Uniunii Scriitorilor \u0219i \u00een 1962 este ales membru al biroului \u015fi secretar al Uniunii Scriitorilor din Rom\u00e2nia. <\/p>\n\n\n\n<p>\u00centre anii 1973-1982 este ambasador al Rom\u00e2niei \u00een Grecia, iar dup\u0103 \u00eencheierea misiunii diplomatice \u00een Grecia, r\u0103m\u00e2ne \u00een Ministerul Afacerilor Externe unde este \u00eens\u0103rcinat, p\u00e2n\u0103 \u00een 1984, cu misiuni speciale \u00een R.F.G., Belgia, Olanda, Anglia \u0219i Vatican. \u00cen 1984 este numit director al Teatrului \u201eNottara\u201d, iar \u00een 1990 \u00eenfiin\u0163eaz\u0103 \u015fi conduce editura \u201eDemiurg\u201d. <\/p>\n\n\n\n<p>De-a lungul carierei sale a fost distins cu urm\u0103toarele premii: Premiul I la concursuri literare pentru lucr\u0103rile \u201eProza lui Pavel Dan\u201d \u015fi \u201eSerghei Esenin \u015fi revolu\u0163ia rus\u0103\u201d, Premiul \u201eAlmanahului Literar\u201d pentru amplul poem epic \u201eCincisutistul&#8221;; Diploma de onoare pentru poezie a Festivalului Interna\u0163ional al Tineretului; Premiul Academiei Rom\u00e2ne pentru volumul de versuri \u201eCu timpul meu&#8221;; Premiul Uniunii Scriitorilor pentru placheta \u201eCele patru anotimpuri\u201d \u0219i Premiul pentru poezie \u201eTransilvania\u201d \u00een cadrul Festivalului Interna\u0163ional \u201eLucian Blaga\u201d de la Cluj.<\/p>\n\n\n\n<p> \u00cen anul 1999 este distins cu titlul de de Cet\u0103\u0163ean de Onoare al municipiilor Cluj-Napoca \u015fi Blaj. La 6 februarie 2019 moare la Bucure\u0219ti, fiind \u00eenmorm\u00e2ntat la Cimitirul Bellu.<\/p>\n\n\n\n<figure class=\"wp-block-image size-full\"><img loading=\"lazy\" decoding=\"async\" width=\"1080\" height=\"764\" src=\"https:\/\/urbeamea.ro\/albaiulia\/wp-content\/uploads\/2024\/11\/1000017757.jpg\" alt=\"\" class=\"wp-image-114758\" srcset=\"https:\/\/urbeamea.ro\/albaiulia\/wp-content\/uploads\/2024\/11\/1000017757.jpg 1080w, https:\/\/urbeamea.ro\/albaiulia\/wp-content\/uploads\/2024\/11\/1000017757-640x453.jpg 640w, https:\/\/urbeamea.ro\/albaiulia\/wp-content\/uploads\/2024\/11\/1000017757-150x106.jpg 150w, https:\/\/urbeamea.ro\/albaiulia\/wp-content\/uploads\/2024\/11\/1000017757-768x543.jpg 768w\" sizes=\"auto, (max-width: 1080px) 100vw, 1080px\" \/><\/figure>\n","protected":false},"excerpt":{"rendered":"<p>Vineri, 8 noiembrie 2024, de la ora 12:00, la Biblioteca Comunal\u0103 din S\u00e2ncel va avea loc omagierea diplomatului, poetului, eseistului, romancierului, memorialistului \u0219i traduc\u0103torului Ion Brad, la 95 de ani de la na\u0219tere. Organizatorii evenimentului sunt Consiliul Jude\u021bean Alba \u0219i Biblioteca Jude\u021bean\u0103 \u201eLucian Blaga\u201d Alba, \u00een parteneriat cu Prim\u0103ria Comunei S\u00e2ncel, Biblioteca Comunal\u0103 S\u00e2ncel, \u0218coala &hellip;<\/p>\n","protected":false},"author":28,"featured_media":114758,"comment_status":"open","ping_status":"open","sticky":false,"template":"","format":"standard","meta":{"inline_featured_image":false,"footnotes":""},"categories":[2038,4,2034],"tags":[24925,5818],"class_list":["post-114757","post","type-post","status-publish","format-standard","has-post-thumbnail","hentry","category-cultura","category-eveniment","category-social","tag-ion-brad","tag-sancel"],"yoast_head":"<!-- This site is optimized with the Yoast SEO plugin v27.4 - https:\/\/yoast.com\/product\/yoast-seo-wordpress\/ -->\n<title>Vineri: Scriitorul Ion Brad, omagiat la S\u00e2ncel, la 95 ani de la na\u0219tere - Revista Urbea Mea - Revista de Alba<\/title>\n<meta name=\"description\" content=\"Vineri, 8 noiembrie 2024, de la ora 12:00, la Biblioteca Comunal\u0103 din S\u00e2ncel va avea loc omagierea diplomatului, poetului, eseistului, romancierului,\" \/>\n<meta name=\"robots\" content=\"index, follow, max-snippet:-1, max-image-preview:large, max-video-preview:-1\" \/>\n<link rel=\"canonical\" href=\"https:\/\/urbeamea.ro\/albaiulia\/vineri-scriitorul-ion-brad-omagiat-la-sancel-la-95-ani-de-la-nastere\/\" \/>\n<meta name=\"twitter:card\" content=\"summary_large_image\" \/>\n<meta name=\"twitter:title\" content=\"Vineri: Scriitorul Ion Brad, omagiat la S\u00e2ncel, la 95 ani de la na\u0219tere - Revista Urbea Mea - Revista de Alba\" \/>\n<meta name=\"twitter:description\" content=\"Vineri, 8 noiembrie 2024, de la ora 12:00, la Biblioteca Comunal\u0103 din S\u00e2ncel va avea loc omagierea diplomatului, poetului, eseistului, romancierului,\" \/>\n<meta name=\"twitter:image\" content=\"https:\/\/urbeamea.ro\/albaiulia\/wp-content\/uploads\/2024\/11\/1000017757.jpg\" \/>\n<meta name=\"twitter:creator\" content=\"@urbeameaweb\" \/>\n<meta name=\"twitter:site\" content=\"@urbeameaweb\" \/>\n<script type=\"application\/ld+json\" class=\"yoast-schema-graph\">{\"@context\":\"https:\\\/\\\/schema.org\",\"@graph\":[{\"@type\":\"Article\",\"@id\":\"https:\\\/\\\/urbeamea.ro\\\/albaiulia\\\/vineri-scriitorul-ion-brad-omagiat-la-sancel-la-95-ani-de-la-nastere\\\/#article\",\"isPartOf\":{\"@id\":\"https:\\\/\\\/urbeamea.ro\\\/albaiulia\\\/vineri-scriitorul-ion-brad-omagiat-la-sancel-la-95-ani-de-la-nastere\\\/\"},\"author\":{\"name\":\"Giurca Sorin\",\"@id\":\"https:\\\/\\\/urbeamea.ro\\\/albaiulia\\\/#\\\/schema\\\/person\\\/5db3854ac38c1cc9f0ab4092d6a20f02\"},\"headline\":\"Vineri: Scriitorul Ion Brad, omagiat la S\u00e2ncel, la 95 ani de la na\u0219tere\",\"datePublished\":\"2024-11-07T07:26:30+00:00\",\"dateModified\":\"2024-11-07T07:26:32+00:00\",\"mainEntityOfPage\":{\"@id\":\"https:\\\/\\\/urbeamea.ro\\\/albaiulia\\\/vineri-scriitorul-ion-brad-omagiat-la-sancel-la-95-ani-de-la-nastere\\\/\"},\"wordCount\":616,\"commentCount\":0,\"image\":{\"@id\":\"https:\\\/\\\/urbeamea.ro\\\/albaiulia\\\/vineri-scriitorul-ion-brad-omagiat-la-sancel-la-95-ani-de-la-nastere\\\/#primaryimage\"},\"thumbnailUrl\":\"https:\\\/\\\/urbeamea.ro\\\/albaiulia\\\/wp-content\\\/uploads\\\/2024\\\/11\\\/1000017757.jpg\",\"keywords\":[\"ion brad\",\"S\u00e2ncel\"],\"articleSection\":[\"Cultur\u0103\",\"Evenimente\",\"Social\"],\"inLanguage\":\"ro-RO\",\"potentialAction\":[{\"@type\":\"CommentAction\",\"name\":\"Comment\",\"target\":[\"https:\\\/\\\/urbeamea.ro\\\/albaiulia\\\/vineri-scriitorul-ion-brad-omagiat-la-sancel-la-95-ani-de-la-nastere\\\/#respond\"]}]},{\"@type\":\"WebPage\",\"@id\":\"https:\\\/\\\/urbeamea.ro\\\/albaiulia\\\/vineri-scriitorul-ion-brad-omagiat-la-sancel-la-95-ani-de-la-nastere\\\/\",\"url\":\"https:\\\/\\\/urbeamea.ro\\\/albaiulia\\\/vineri-scriitorul-ion-brad-omagiat-la-sancel-la-95-ani-de-la-nastere\\\/\",\"name\":\"Vineri: Scriitorul Ion Brad, omagiat la S\u00e2ncel, la 95 ani de la na\u0219tere - Revista Urbea Mea - Revista de Alba\",\"isPartOf\":{\"@id\":\"https:\\\/\\\/urbeamea.ro\\\/albaiulia\\\/#website\"},\"primaryImageOfPage\":{\"@id\":\"https:\\\/\\\/urbeamea.ro\\\/albaiulia\\\/vineri-scriitorul-ion-brad-omagiat-la-sancel-la-95-ani-de-la-nastere\\\/#primaryimage\"},\"image\":{\"@id\":\"https:\\\/\\\/urbeamea.ro\\\/albaiulia\\\/vineri-scriitorul-ion-brad-omagiat-la-sancel-la-95-ani-de-la-nastere\\\/#primaryimage\"},\"thumbnailUrl\":\"https:\\\/\\\/urbeamea.ro\\\/albaiulia\\\/wp-content\\\/uploads\\\/2024\\\/11\\\/1000017757.jpg\",\"datePublished\":\"2024-11-07T07:26:30+00:00\",\"dateModified\":\"2024-11-07T07:26:32+00:00\",\"author\":{\"@id\":\"https:\\\/\\\/urbeamea.ro\\\/albaiulia\\\/#\\\/schema\\\/person\\\/5db3854ac38c1cc9f0ab4092d6a20f02\"},\"description\":\"Vineri, 8 noiembrie 2024, de la ora 12:00, la Biblioteca Comunal\u0103 din S\u00e2ncel va avea loc omagierea diplomatului, poetului, eseistului, romancierului,\",\"breadcrumb\":{\"@id\":\"https:\\\/\\\/urbeamea.ro\\\/albaiulia\\\/vineri-scriitorul-ion-brad-omagiat-la-sancel-la-95-ani-de-la-nastere\\\/#breadcrumb\"},\"inLanguage\":\"ro-RO\",\"potentialAction\":[{\"@type\":\"ReadAction\",\"target\":[\"https:\\\/\\\/urbeamea.ro\\\/albaiulia\\\/vineri-scriitorul-ion-brad-omagiat-la-sancel-la-95-ani-de-la-nastere\\\/\"]}]},{\"@type\":\"ImageObject\",\"inLanguage\":\"ro-RO\",\"@id\":\"https:\\\/\\\/urbeamea.ro\\\/albaiulia\\\/vineri-scriitorul-ion-brad-omagiat-la-sancel-la-95-ani-de-la-nastere\\\/#primaryimage\",\"url\":\"https:\\\/\\\/urbeamea.ro\\\/albaiulia\\\/wp-content\\\/uploads\\\/2024\\\/11\\\/1000017757.jpg\",\"contentUrl\":\"https:\\\/\\\/urbeamea.ro\\\/albaiulia\\\/wp-content\\\/uploads\\\/2024\\\/11\\\/1000017757.jpg\",\"width\":1080,\"height\":764},{\"@type\":\"BreadcrumbList\",\"@id\":\"https:\\\/\\\/urbeamea.ro\\\/albaiulia\\\/vineri-scriitorul-ion-brad-omagiat-la-sancel-la-95-ani-de-la-nastere\\\/#breadcrumb\",\"itemListElement\":[{\"@type\":\"ListItem\",\"position\":1,\"name\":\"Prima pagin\u0103\",\"item\":\"https:\\\/\\\/urbeamea.ro\\\/albaiulia\\\/\"},{\"@type\":\"ListItem\",\"position\":2,\"name\":\"Vineri: Scriitorul Ion Brad, omagiat la S\u00e2ncel, la 95 ani de la na\u0219tere\"}]},{\"@type\":\"WebSite\",\"@id\":\"https:\\\/\\\/urbeamea.ro\\\/albaiulia\\\/#website\",\"url\":\"https:\\\/\\\/urbeamea.ro\\\/albaiulia\\\/\",\"name\":\"Revista Urbea Mea, Stiri urbane\",\"description\":\"Evenimente \u0219i \u0219tiri din Alba Iulia, Sebe\u0219, Aiud, Blaj\",\"potentialAction\":[{\"@type\":\"SearchAction\",\"target\":{\"@type\":\"EntryPoint\",\"urlTemplate\":\"https:\\\/\\\/urbeamea.ro\\\/albaiulia\\\/?s={search_term_string}\"},\"query-input\":{\"@type\":\"PropertyValueSpecification\",\"valueRequired\":true,\"valueName\":\"search_term_string\"}}],\"inLanguage\":\"ro-RO\"},{\"@type\":\"Person\",\"@id\":\"https:\\\/\\\/urbeamea.ro\\\/albaiulia\\\/#\\\/schema\\\/person\\\/5db3854ac38c1cc9f0ab4092d6a20f02\",\"name\":\"Giurca Sorin\",\"image\":{\"@type\":\"ImageObject\",\"inLanguage\":\"ro-RO\",\"@id\":\"https:\\\/\\\/secure.gravatar.com\\\/avatar\\\/120f6fcae7b3b47a7730cb9943f612f4909f68ac5284b5f40ac1c4615fd70576?s=96&d=mm&r=g\",\"url\":\"https:\\\/\\\/secure.gravatar.com\\\/avatar\\\/120f6fcae7b3b47a7730cb9943f612f4909f68ac5284b5f40ac1c4615fd70576?s=96&d=mm&r=g\",\"contentUrl\":\"https:\\\/\\\/secure.gravatar.com\\\/avatar\\\/120f6fcae7b3b47a7730cb9943f612f4909f68ac5284b5f40ac1c4615fd70576?s=96&d=mm&r=g\",\"caption\":\"Giurca Sorin\"},\"url\":\"https:\\\/\\\/urbeamea.ro\\\/albaiulia\\\/author\\\/sorin\\\/\"}]}<\/script>\n<!-- \/ Yoast SEO plugin. -->","yoast_head_json":{"title":"Vineri: Scriitorul Ion Brad, omagiat la S\u00e2ncel, la 95 ani de la na\u0219tere - Revista Urbea Mea - Revista de Alba","description":"Vineri, 8 noiembrie 2024, de la ora 12:00, la Biblioteca Comunal\u0103 din S\u00e2ncel va avea loc omagierea diplomatului, poetului, eseistului, romancierului,","robots":{"index":"index","follow":"follow","max-snippet":"max-snippet:-1","max-image-preview":"max-image-preview:large","max-video-preview":"max-video-preview:-1"},"canonical":"https:\/\/urbeamea.ro\/albaiulia\/vineri-scriitorul-ion-brad-omagiat-la-sancel-la-95-ani-de-la-nastere\/","twitter_card":"summary_large_image","twitter_title":"Vineri: Scriitorul Ion Brad, omagiat la S\u00e2ncel, la 95 ani de la na\u0219tere - Revista Urbea Mea - Revista de Alba","twitter_description":"Vineri, 8 noiembrie 2024, de la ora 12:00, la Biblioteca Comunal\u0103 din S\u00e2ncel va avea loc omagierea diplomatului, poetului, eseistului, romancierului,","twitter_image":"https:\/\/urbeamea.ro\/albaiulia\/wp-content\/uploads\/2024\/11\/1000017757.jpg","twitter_creator":"@urbeameaweb","twitter_site":"@urbeameaweb","schema":{"@context":"https:\/\/schema.org","@graph":[{"@type":"Article","@id":"https:\/\/urbeamea.ro\/albaiulia\/vineri-scriitorul-ion-brad-omagiat-la-sancel-la-95-ani-de-la-nastere\/#article","isPartOf":{"@id":"https:\/\/urbeamea.ro\/albaiulia\/vineri-scriitorul-ion-brad-omagiat-la-sancel-la-95-ani-de-la-nastere\/"},"author":{"name":"Giurca Sorin","@id":"https:\/\/urbeamea.ro\/albaiulia\/#\/schema\/person\/5db3854ac38c1cc9f0ab4092d6a20f02"},"headline":"Vineri: Scriitorul Ion Brad, omagiat la S\u00e2ncel, la 95 ani de la na\u0219tere","datePublished":"2024-11-07T07:26:30+00:00","dateModified":"2024-11-07T07:26:32+00:00","mainEntityOfPage":{"@id":"https:\/\/urbeamea.ro\/albaiulia\/vineri-scriitorul-ion-brad-omagiat-la-sancel-la-95-ani-de-la-nastere\/"},"wordCount":616,"commentCount":0,"image":{"@id":"https:\/\/urbeamea.ro\/albaiulia\/vineri-scriitorul-ion-brad-omagiat-la-sancel-la-95-ani-de-la-nastere\/#primaryimage"},"thumbnailUrl":"https:\/\/urbeamea.ro\/albaiulia\/wp-content\/uploads\/2024\/11\/1000017757.jpg","keywords":["ion brad","S\u00e2ncel"],"articleSection":["Cultur\u0103","Evenimente","Social"],"inLanguage":"ro-RO","potentialAction":[{"@type":"CommentAction","name":"Comment","target":["https:\/\/urbeamea.ro\/albaiulia\/vineri-scriitorul-ion-brad-omagiat-la-sancel-la-95-ani-de-la-nastere\/#respond"]}]},{"@type":"WebPage","@id":"https:\/\/urbeamea.ro\/albaiulia\/vineri-scriitorul-ion-brad-omagiat-la-sancel-la-95-ani-de-la-nastere\/","url":"https:\/\/urbeamea.ro\/albaiulia\/vineri-scriitorul-ion-brad-omagiat-la-sancel-la-95-ani-de-la-nastere\/","name":"Vineri: Scriitorul Ion Brad, omagiat la S\u00e2ncel, la 95 ani de la na\u0219tere - Revista Urbea Mea - Revista de Alba","isPartOf":{"@id":"https:\/\/urbeamea.ro\/albaiulia\/#website"},"primaryImageOfPage":{"@id":"https:\/\/urbeamea.ro\/albaiulia\/vineri-scriitorul-ion-brad-omagiat-la-sancel-la-95-ani-de-la-nastere\/#primaryimage"},"image":{"@id":"https:\/\/urbeamea.ro\/albaiulia\/vineri-scriitorul-ion-brad-omagiat-la-sancel-la-95-ani-de-la-nastere\/#primaryimage"},"thumbnailUrl":"https:\/\/urbeamea.ro\/albaiulia\/wp-content\/uploads\/2024\/11\/1000017757.jpg","datePublished":"2024-11-07T07:26:30+00:00","dateModified":"2024-11-07T07:26:32+00:00","author":{"@id":"https:\/\/urbeamea.ro\/albaiulia\/#\/schema\/person\/5db3854ac38c1cc9f0ab4092d6a20f02"},"description":"Vineri, 8 noiembrie 2024, de la ora 12:00, la Biblioteca Comunal\u0103 din S\u00e2ncel va avea loc omagierea diplomatului, poetului, eseistului, romancierului,","breadcrumb":{"@id":"https:\/\/urbeamea.ro\/albaiulia\/vineri-scriitorul-ion-brad-omagiat-la-sancel-la-95-ani-de-la-nastere\/#breadcrumb"},"inLanguage":"ro-RO","potentialAction":[{"@type":"ReadAction","target":["https:\/\/urbeamea.ro\/albaiulia\/vineri-scriitorul-ion-brad-omagiat-la-sancel-la-95-ani-de-la-nastere\/"]}]},{"@type":"ImageObject","inLanguage":"ro-RO","@id":"https:\/\/urbeamea.ro\/albaiulia\/vineri-scriitorul-ion-brad-omagiat-la-sancel-la-95-ani-de-la-nastere\/#primaryimage","url":"https:\/\/urbeamea.ro\/albaiulia\/wp-content\/uploads\/2024\/11\/1000017757.jpg","contentUrl":"https:\/\/urbeamea.ro\/albaiulia\/wp-content\/uploads\/2024\/11\/1000017757.jpg","width":1080,"height":764},{"@type":"BreadcrumbList","@id":"https:\/\/urbeamea.ro\/albaiulia\/vineri-scriitorul-ion-brad-omagiat-la-sancel-la-95-ani-de-la-nastere\/#breadcrumb","itemListElement":[{"@type":"ListItem","position":1,"name":"Prima pagin\u0103","item":"https:\/\/urbeamea.ro\/albaiulia\/"},{"@type":"ListItem","position":2,"name":"Vineri: Scriitorul Ion Brad, omagiat la S\u00e2ncel, la 95 ani de la na\u0219tere"}]},{"@type":"WebSite","@id":"https:\/\/urbeamea.ro\/albaiulia\/#website","url":"https:\/\/urbeamea.ro\/albaiulia\/","name":"Revista Urbea Mea, Stiri urbane","description":"Evenimente \u0219i \u0219tiri din Alba Iulia, Sebe\u0219, Aiud, Blaj","potentialAction":[{"@type":"SearchAction","target":{"@type":"EntryPoint","urlTemplate":"https:\/\/urbeamea.ro\/albaiulia\/?s={search_term_string}"},"query-input":{"@type":"PropertyValueSpecification","valueRequired":true,"valueName":"search_term_string"}}],"inLanguage":"ro-RO"},{"@type":"Person","@id":"https:\/\/urbeamea.ro\/albaiulia\/#\/schema\/person\/5db3854ac38c1cc9f0ab4092d6a20f02","name":"Giurca Sorin","image":{"@type":"ImageObject","inLanguage":"ro-RO","@id":"https:\/\/secure.gravatar.com\/avatar\/120f6fcae7b3b47a7730cb9943f612f4909f68ac5284b5f40ac1c4615fd70576?s=96&d=mm&r=g","url":"https:\/\/secure.gravatar.com\/avatar\/120f6fcae7b3b47a7730cb9943f612f4909f68ac5284b5f40ac1c4615fd70576?s=96&d=mm&r=g","contentUrl":"https:\/\/secure.gravatar.com\/avatar\/120f6fcae7b3b47a7730cb9943f612f4909f68ac5284b5f40ac1c4615fd70576?s=96&d=mm&r=g","caption":"Giurca Sorin"},"url":"https:\/\/urbeamea.ro\/albaiulia\/author\/sorin\/"}]}},"_links":{"self":[{"href":"https:\/\/urbeamea.ro\/albaiulia\/wp-json\/wp\/v2\/posts\/114757","targetHints":{"allow":["GET"]}}],"collection":[{"href":"https:\/\/urbeamea.ro\/albaiulia\/wp-json\/wp\/v2\/posts"}],"about":[{"href":"https:\/\/urbeamea.ro\/albaiulia\/wp-json\/wp\/v2\/types\/post"}],"author":[{"embeddable":true,"href":"https:\/\/urbeamea.ro\/albaiulia\/wp-json\/wp\/v2\/users\/28"}],"replies":[{"embeddable":true,"href":"https:\/\/urbeamea.ro\/albaiulia\/wp-json\/wp\/v2\/comments?post=114757"}],"version-history":[{"count":1,"href":"https:\/\/urbeamea.ro\/albaiulia\/wp-json\/wp\/v2\/posts\/114757\/revisions"}],"predecessor-version":[{"id":114759,"href":"https:\/\/urbeamea.ro\/albaiulia\/wp-json\/wp\/v2\/posts\/114757\/revisions\/114759"}],"wp:featuredmedia":[{"embeddable":true,"href":"https:\/\/urbeamea.ro\/albaiulia\/wp-json\/wp\/v2\/media\/114758"}],"wp:attachment":[{"href":"https:\/\/urbeamea.ro\/albaiulia\/wp-json\/wp\/v2\/media?parent=114757"}],"wp:term":[{"taxonomy":"category","embeddable":true,"href":"https:\/\/urbeamea.ro\/albaiulia\/wp-json\/wp\/v2\/categories?post=114757"},{"taxonomy":"post_tag","embeddable":true,"href":"https:\/\/urbeamea.ro\/albaiulia\/wp-json\/wp\/v2\/tags?post=114757"}],"curies":[{"name":"wp","href":"https:\/\/api.w.org\/{rel}","templated":true}]}}