{"id":114767,"date":"2024-11-09T21:36:58","date_gmt":"2024-11-09T19:36:58","guid":{"rendered":"https:\/\/urbeamea.ro\/albaiulia\/?p=114767"},"modified":"2024-11-09T21:37:00","modified_gmt":"2024-11-09T19:37:00","slug":"targul-de-craciun-din-curtea-palatului-principilor-se-va-deschide-oficial-de-mos-nicolae-ateliere-creative-pentru-cei-mici-intalniri-cu-mos-craciun-si-elfii-lui-concerte-de-colinde-si-un-show-unic","status":"publish","type":"post","link":"https:\/\/urbeamea.ro\/albaiulia\/targul-de-craciun-din-curtea-palatului-principilor-se-va-deschide-oficial-de-mos-nicolae-ateliere-creative-pentru-cei-mici-intalniri-cu-mos-craciun-si-elfii-lui-concerte-de-colinde-si-un-show-unic\/","title":{"rendered":"T\u00e2rgul de Cr\u0103ciun din curtea Palatului Principilor se va deschide oficial de Mo\u0219 Nicolae: ateliere creative pentru cei mici, \u00eent\u00e2lniri cu Mo\u0219 Cr\u0103ciun \u0219i Elfii lui, concerte de colinde \u0219i un show unic, marca Ga\u0219ca Zurli"},"content":{"rendered":"\n<p><strong>Legenda spune c\u0103 Mo\u0219 Cr\u0103ciun are, \u00een fiecare ora\u0219, un loc special, mai drag lui dec\u00e2t toate celelalte, \u00een care prefer\u0103 s\u0103 aterizeze cu sania magic\u0103 \u0219i s\u0103-\u0219i trag\u0103 sufletul. <\/strong><\/p>\n\n\n\n<p>\u00cen Alba Iulia, acest loc este\u00a0<strong>curtea interioar\u0103 a Palatului Principilor Transilvaniei,<\/strong>\u00a0ce va fi transformat\u0103, ca prin magie, \u00eentr-un adev\u0103rat Sat al Mo\u0219ului.<\/p>\n\n\n\n<p>Venit s\u0103 completeze oferta turistic\u0103 de iarn\u0103 a ora\u0219ului,&nbsp;<strong>T\u00e2rgul de Cr\u0103ciun de la Palatul Principilor<\/strong>&nbsp;aduce \u00eens\u0103 \u0219i ceva \u00een plus:&nbsp;<strong>ateliere creative pentru cei mici<\/strong>,&nbsp;<strong>\u00eent\u00e2lniri cu Mo\u0219 Cr\u0103ciun<\/strong>&nbsp;\u0219i Elfii lui, concerte de colinde \u0219i un show unic, marca&nbsp;<strong>Ga\u0219ca Zurli<\/strong>, programat pe&nbsp;<strong>22 decembrie<\/strong>.<\/p>\n\n\n\n<p>Iluminatul spectaculos, un brad uria\u0219 \u00eempodobit \u0219i diorama reprezent\u00e2nd scena na\u0219terii lui Iisus vor fi alte puncte de atrac\u021bie importante pentru cei care vor trece pe la t\u00e2rgul de la Palat.<\/p>\n\n\n\n<p><strong><em>\u201eIgnat la Palat\u201d\u00a0<\/em><\/strong>\u00a0este un alt eveniment important din calendarul t\u00e2rgului organizat \u00een curtea Palatului Principilor Transilvaniei. <\/p>\n\n\n\n<p>Pe 21 decembrie, cu ajutorul unei \u201earmate\u201d de chefi pricepu\u021bi, magia prime\u0219te \u0219i gust autentic rom\u00e2nesc, iar godacul crescut aproape un an se va transforma \u00een bun\u0103t\u0103\u021bi tradi\u021bionale preparate pe loc pentru vizitatorii pofticio\u0219i. Totul udat, din bel\u0219ug, cu vin fiert din podgoriile din jurul Albei.<\/p>\n\n\n\n<p>&#8222;<em>F\u0103r\u0103 \u00eendoial\u0103, Cr\u0103ciunul e cea mai a\u0219teptat\u0103 \u0219i iubit\u0103 dintre s\u0103rb\u0103tori. \u00cens\u0103 pentru c\u0103 o zi sau dou\u0103 sunt, totu\u0219i, mult prea pu\u021bin \u00een raport cu a\u0219teptarea de un an, am decis s\u0103 multiplic\u0103m magia \u0219i s\u0103 o extindem pentru aproape o lun\u0103, s\u0103 se poat\u0103 bucura de ea toat\u0103 lumea. Ne lu\u0103m foarte \u00een serios rolul social, de liant al comunit\u0103\u021bii \u0219i suntem gata s\u0103-i d\u0103m form\u0103 \u0219i acum, de s\u0103rb\u0103tori. \u00cen principal pentru albaiulieni, dar turi\u0219tii sunt la fel de bineveni\u021bi.\u201d sp<\/em>une Robert Roman, managerul Centrului Cultural Palatul Principilor. <\/p>\n\n\n\n<p><strong>Oportunit\u0103\u021bi de business- sus\u021binem economia local\u0103<\/strong><\/p>\n\n\n\n<p>Pe de alt\u0103 parte, pentru micile afaceri locale sau pentru artizanii din zon\u0103, T\u00e2rgul de Cr\u0103ciun de la Palat reprezint\u0103 o oportunitate de a se asocia proiectului \u0219i a-\u0219i cre\u0219te v\u00e2nz\u0103rile. <\/p>\n\n\n\n<p>Centrul Cultural Palatul Principilor le pune la dispozi\u021bie nu mai pu\u021bin 20 de c\u0103su\u021be tradi\u021bionale, conectate la energie electric\u0103 \u0219i ocupabile imediat, pentru a fi parte din magie \u00eenc\u0103 din prima zi.<\/p>\n\n\n\n<p> Costul \u00eenchirierii unei c\u0103su\u021be pe toat\u0103 perioada t\u00e2rgului este de doar 1500 lei, adic\u0103 mai pu\u021bin de 58 de lei pe zi.<\/p>\n\n\n\n<p> \u00cenchirierea se va realiza pe principiul \u201eprimul venit, primul servit\u201d iar detalii legate de procedur\u0103 se pot ob\u021bine la num\u0103rul de telefon 0358880050 \u0219i adresa de email economic@palatulprincipilor.ro.<\/p>\n\n\n\n<p>T\u00e2rgul de Cr\u0103ciun din curtea Palatului Principilor se va deschide oficial de Mo\u0219 Nicolae, pe 6 decembrie \u0219i va r\u0103m\u00e2ne deschis p\u00e2n\u0103 \u00een ultima zi a anului 2024.<\/p>\n\n\n\n<figure class=\"wp-block-gallery has-nested-images columns-default is-cropped wp-block-gallery-1 is-layout-flex wp-block-gallery-is-layout-flex\">\n<figure class=\"wp-block-image size-large\"><img loading=\"lazy\" decoding=\"async\" width=\"871\" height=\"1280\" data-id=\"114768\" src=\"https:\/\/urbeamea.ro\/albaiulia\/wp-content\/uploads\/2024\/11\/1000017952-871x1280.jpg\" alt=\"\" class=\"wp-image-114768\" srcset=\"https:\/\/urbeamea.ro\/albaiulia\/wp-content\/uploads\/2024\/11\/1000017952-871x1280.jpg 871w, https:\/\/urbeamea.ro\/albaiulia\/wp-content\/uploads\/2024\/11\/1000017952-435x640.jpg 435w, https:\/\/urbeamea.ro\/albaiulia\/wp-content\/uploads\/2024\/11\/1000017952-102x150.jpg 102w, https:\/\/urbeamea.ro\/albaiulia\/wp-content\/uploads\/2024\/11\/1000017952-768x1129.jpg 768w, https:\/\/urbeamea.ro\/albaiulia\/wp-content\/uploads\/2024\/11\/1000017952-1045x1536.jpg 1045w, https:\/\/urbeamea.ro\/albaiulia\/wp-content\/uploads\/2024\/11\/1000017952.jpg 1080w\" sizes=\"auto, (max-width: 871px) 100vw, 871px\" \/><\/figure>\n\n\n\n<figure class=\"wp-block-image size-large\"><img loading=\"lazy\" decoding=\"async\" width=\"1080\" height=\"810\" data-id=\"114769\" src=\"https:\/\/urbeamea.ro\/albaiulia\/wp-content\/uploads\/2024\/11\/1000017953.jpg\" alt=\"\" class=\"wp-image-114769\" srcset=\"https:\/\/urbeamea.ro\/albaiulia\/wp-content\/uploads\/2024\/11\/1000017953.jpg 1080w, https:\/\/urbeamea.ro\/albaiulia\/wp-content\/uploads\/2024\/11\/1000017953-640x480.jpg 640w, https:\/\/urbeamea.ro\/albaiulia\/wp-content\/uploads\/2024\/11\/1000017953-150x113.jpg 150w, https:\/\/urbeamea.ro\/albaiulia\/wp-content\/uploads\/2024\/11\/1000017953-768x576.jpg 768w\" sizes=\"auto, (max-width: 1080px) 100vw, 1080px\" \/><\/figure>\n<\/figure>\n\n\n\n<p><\/p>\n","protected":false},"excerpt":{"rendered":"<p>Legenda spune c\u0103 Mo\u0219 Cr\u0103ciun are, \u00een fiecare ora\u0219, un loc special, mai drag lui dec\u00e2t toate celelalte, \u00een care prefer\u0103 s\u0103 aterizeze cu sania magic\u0103 \u0219i s\u0103-\u0219i trag\u0103 sufletul. \u00cen Alba Iulia, acest loc este\u00a0curtea interioar\u0103 a Palatului Principilor Transilvaniei,\u00a0ce va fi transformat\u0103, ca prin magie, \u00eentr-un adev\u0103rat Sat al Mo\u0219ului. Venit s\u0103 completeze &hellip;<\/p>\n","protected":false},"author":28,"featured_media":114768,"comment_status":"open","ping_status":"open","sticky":false,"template":"","format":"standard","meta":{"inline_featured_image":false,"footnotes":""},"categories":[23926,4,2036,2034,1,16344],"tags":[5826,25109],"class_list":["post-114767","post","type-post","status-publish","format-standard","has-post-thumbnail","hentry","category-actualitate","category-eveniment","category-monden","category-social","category-stiri-urbane","category-urbea-mea","tag-palatul-principilor","tag-targul-de-craciun-2"],"yoast_head":"<!-- This site is optimized with the Yoast SEO plugin v27.4 - https:\/\/yoast.com\/product\/yoast-seo-wordpress\/ -->\n<title>T\u00e2rgul de Cr\u0103ciun din curtea Palatului Principilor se va deschide oficial de Mo\u0219 Nicolae: ateliere creative pentru cei mici, \u00eent\u00e2lniri cu Mo\u0219 Cr\u0103ciun \u0219i Elfii lui, concerte de colinde \u0219i un show unic, marca Ga\u0219ca Zurli - Revista Urbea Mea - Revista de Alba<\/title>\n<meta name=\"description\" content=\"Legenda spune c\u0103 Mo\u0219 Cr\u0103ciun are, \u00een fiecare ora\u0219, un loc special, mai drag lui dec\u00e2t toate celelalte, \u00een care prefer\u0103 s\u0103 aterizeze cu sania magic\u0103 \u0219i\" \/>\n<meta name=\"robots\" content=\"index, follow, max-snippet:-1, max-image-preview:large, max-video-preview:-1\" \/>\n<link rel=\"canonical\" href=\"https:\/\/urbeamea.ro\/albaiulia\/targul-de-craciun-din-curtea-palatului-principilor-se-va-deschide-oficial-de-mos-nicolae-ateliere-creative-pentru-cei-mici-intalniri-cu-mos-craciun-si-elfii-lui-concerte-de-colinde-si-un-show-unic\/\" \/>\n<meta name=\"twitter:card\" content=\"summary_large_image\" \/>\n<meta name=\"twitter:title\" content=\"T\u00e2rgul de Cr\u0103ciun din curtea Palatului Principilor se va deschide oficial de Mo\u0219 Nicolae: ateliere creative pentru cei mici, \u00eent\u00e2lniri cu Mo\u0219 Cr\u0103ciun \u0219i Elfii lui, concerte de colinde \u0219i un show unic, marca Ga\u0219ca Zurli - Revista Urbea Mea - Revista de Alba\" \/>\n<meta name=\"twitter:description\" content=\"Legenda spune c\u0103 Mo\u0219 Cr\u0103ciun are, \u00een fiecare ora\u0219, un loc special, mai drag lui dec\u00e2t toate celelalte, \u00een care prefer\u0103 s\u0103 aterizeze cu sania magic\u0103 \u0219i\" \/>\n<meta name=\"twitter:image\" content=\"https:\/\/urbeamea.ro\/albaiulia\/wp-content\/uploads\/2024\/11\/1000017952.jpg\" \/>\n<meta name=\"twitter:creator\" content=\"@urbeameaweb\" \/>\n<meta name=\"twitter:site\" content=\"@urbeameaweb\" \/>\n<script type=\"application\/ld+json\" class=\"yoast-schema-graph\">{\"@context\":\"https:\\\/\\\/schema.org\",\"@graph\":[{\"@type\":\"Article\",\"@id\":\"https:\\\/\\\/urbeamea.ro\\\/albaiulia\\\/targul-de-craciun-din-curtea-palatului-principilor-se-va-deschide-oficial-de-mos-nicolae-ateliere-creative-pentru-cei-mici-intalniri-cu-mos-craciun-si-elfii-lui-concerte-de-colinde-si-un-show-unic\\\/#article\",\"isPartOf\":{\"@id\":\"https:\\\/\\\/urbeamea.ro\\\/albaiulia\\\/targul-de-craciun-din-curtea-palatului-principilor-se-va-deschide-oficial-de-mos-nicolae-ateliere-creative-pentru-cei-mici-intalniri-cu-mos-craciun-si-elfii-lui-concerte-de-colinde-si-un-show-unic\\\/\"},\"author\":{\"name\":\"Giurca Sorin\",\"@id\":\"https:\\\/\\\/urbeamea.ro\\\/albaiulia\\\/#\\\/schema\\\/person\\\/5db3854ac38c1cc9f0ab4092d6a20f02\"},\"headline\":\"T\u00e2rgul de Cr\u0103ciun din curtea Palatului Principilor se va deschide oficial de Mo\u0219 Nicolae: ateliere creative pentru cei mici, \u00eent\u00e2lniri cu Mo\u0219 Cr\u0103ciun \u0219i Elfii lui, concerte de colinde \u0219i un show unic, marca Ga\u0219ca Zurli\",\"datePublished\":\"2024-11-09T19:36:58+00:00\",\"dateModified\":\"2024-11-09T19:37:00+00:00\",\"mainEntityOfPage\":{\"@id\":\"https:\\\/\\\/urbeamea.ro\\\/albaiulia\\\/targul-de-craciun-din-curtea-palatului-principilor-se-va-deschide-oficial-de-mos-nicolae-ateliere-creative-pentru-cei-mici-intalniri-cu-mos-craciun-si-elfii-lui-concerte-de-colinde-si-un-show-unic\\\/\"},\"wordCount\":542,\"commentCount\":0,\"image\":{\"@id\":\"https:\\\/\\\/urbeamea.ro\\\/albaiulia\\\/targul-de-craciun-din-curtea-palatului-principilor-se-va-deschide-oficial-de-mos-nicolae-ateliere-creative-pentru-cei-mici-intalniri-cu-mos-craciun-si-elfii-lui-concerte-de-colinde-si-un-show-unic\\\/#primaryimage\"},\"thumbnailUrl\":\"https:\\\/\\\/urbeamea.ro\\\/albaiulia\\\/wp-content\\\/uploads\\\/2024\\\/11\\\/1000017952.jpg\",\"keywords\":[\"palatul principilor\",\"T\u00e2rgul de Cr\u0103ciun\"],\"articleSection\":[\"Actualitate\",\"Evenimente\",\"Monden\",\"Social\",\"\u015etiri Urbane\",\"Urbea Mea\"],\"inLanguage\":\"ro-RO\",\"potentialAction\":[{\"@type\":\"CommentAction\",\"name\":\"Comment\",\"target\":[\"https:\\\/\\\/urbeamea.ro\\\/albaiulia\\\/targul-de-craciun-din-curtea-palatului-principilor-se-va-deschide-oficial-de-mos-nicolae-ateliere-creative-pentru-cei-mici-intalniri-cu-mos-craciun-si-elfii-lui-concerte-de-colinde-si-un-show-unic\\\/#respond\"]}]},{\"@type\":\"WebPage\",\"@id\":\"https:\\\/\\\/urbeamea.ro\\\/albaiulia\\\/targul-de-craciun-din-curtea-palatului-principilor-se-va-deschide-oficial-de-mos-nicolae-ateliere-creative-pentru-cei-mici-intalniri-cu-mos-craciun-si-elfii-lui-concerte-de-colinde-si-un-show-unic\\\/\",\"url\":\"https:\\\/\\\/urbeamea.ro\\\/albaiulia\\\/targul-de-craciun-din-curtea-palatului-principilor-se-va-deschide-oficial-de-mos-nicolae-ateliere-creative-pentru-cei-mici-intalniri-cu-mos-craciun-si-elfii-lui-concerte-de-colinde-si-un-show-unic\\\/\",\"name\":\"T\u00e2rgul de Cr\u0103ciun din curtea Palatului Principilor se va deschide oficial de Mo\u0219 Nicolae: ateliere creative pentru cei mici, \u00eent\u00e2lniri cu Mo\u0219 Cr\u0103ciun \u0219i Elfii lui, concerte de colinde \u0219i un show unic, marca Ga\u0219ca Zurli - Revista Urbea Mea - Revista de Alba\",\"isPartOf\":{\"@id\":\"https:\\\/\\\/urbeamea.ro\\\/albaiulia\\\/#website\"},\"primaryImageOfPage\":{\"@id\":\"https:\\\/\\\/urbeamea.ro\\\/albaiulia\\\/targul-de-craciun-din-curtea-palatului-principilor-se-va-deschide-oficial-de-mos-nicolae-ateliere-creative-pentru-cei-mici-intalniri-cu-mos-craciun-si-elfii-lui-concerte-de-colinde-si-un-show-unic\\\/#primaryimage\"},\"image\":{\"@id\":\"https:\\\/\\\/urbeamea.ro\\\/albaiulia\\\/targul-de-craciun-din-curtea-palatului-principilor-se-va-deschide-oficial-de-mos-nicolae-ateliere-creative-pentru-cei-mici-intalniri-cu-mos-craciun-si-elfii-lui-concerte-de-colinde-si-un-show-unic\\\/#primaryimage\"},\"thumbnailUrl\":\"https:\\\/\\\/urbeamea.ro\\\/albaiulia\\\/wp-content\\\/uploads\\\/2024\\\/11\\\/1000017952.jpg\",\"datePublished\":\"2024-11-09T19:36:58+00:00\",\"dateModified\":\"2024-11-09T19:37:00+00:00\",\"author\":{\"@id\":\"https:\\\/\\\/urbeamea.ro\\\/albaiulia\\\/#\\\/schema\\\/person\\\/5db3854ac38c1cc9f0ab4092d6a20f02\"},\"description\":\"Legenda spune c\u0103 Mo\u0219 Cr\u0103ciun are, \u00een fiecare ora\u0219, un loc special, mai drag lui dec\u00e2t toate celelalte, \u00een care prefer\u0103 s\u0103 aterizeze cu sania magic\u0103 \u0219i\",\"breadcrumb\":{\"@id\":\"https:\\\/\\\/urbeamea.ro\\\/albaiulia\\\/targul-de-craciun-din-curtea-palatului-principilor-se-va-deschide-oficial-de-mos-nicolae-ateliere-creative-pentru-cei-mici-intalniri-cu-mos-craciun-si-elfii-lui-concerte-de-colinde-si-un-show-unic\\\/#breadcrumb\"},\"inLanguage\":\"ro-RO\",\"potentialAction\":[{\"@type\":\"ReadAction\",\"target\":[\"https:\\\/\\\/urbeamea.ro\\\/albaiulia\\\/targul-de-craciun-din-curtea-palatului-principilor-se-va-deschide-oficial-de-mos-nicolae-ateliere-creative-pentru-cei-mici-intalniri-cu-mos-craciun-si-elfii-lui-concerte-de-colinde-si-un-show-unic\\\/\"]}]},{\"@type\":\"ImageObject\",\"inLanguage\":\"ro-RO\",\"@id\":\"https:\\\/\\\/urbeamea.ro\\\/albaiulia\\\/targul-de-craciun-din-curtea-palatului-principilor-se-va-deschide-oficial-de-mos-nicolae-ateliere-creative-pentru-cei-mici-intalniri-cu-mos-craciun-si-elfii-lui-concerte-de-colinde-si-un-show-unic\\\/#primaryimage\",\"url\":\"https:\\\/\\\/urbeamea.ro\\\/albaiulia\\\/wp-content\\\/uploads\\\/2024\\\/11\\\/1000017952.jpg\",\"contentUrl\":\"https:\\\/\\\/urbeamea.ro\\\/albaiulia\\\/wp-content\\\/uploads\\\/2024\\\/11\\\/1000017952.jpg\",\"width\":1080,\"height\":1588},{\"@type\":\"BreadcrumbList\",\"@id\":\"https:\\\/\\\/urbeamea.ro\\\/albaiulia\\\/targul-de-craciun-din-curtea-palatului-principilor-se-va-deschide-oficial-de-mos-nicolae-ateliere-creative-pentru-cei-mici-intalniri-cu-mos-craciun-si-elfii-lui-concerte-de-colinde-si-un-show-unic\\\/#breadcrumb\",\"itemListElement\":[{\"@type\":\"ListItem\",\"position\":1,\"name\":\"Prima pagin\u0103\",\"item\":\"https:\\\/\\\/urbeamea.ro\\\/albaiulia\\\/\"},{\"@type\":\"ListItem\",\"position\":2,\"name\":\"T\u00e2rgul de Cr\u0103ciun din curtea Palatului Principilor se va deschide oficial de Mo\u0219 Nicolae: ateliere creative pentru cei mici, \u00eent\u00e2lniri cu Mo\u0219 Cr\u0103ciun \u0219i Elfii lui, concerte de colinde \u0219i un show unic, marca Ga\u0219ca Zurli\"}]},{\"@type\":\"WebSite\",\"@id\":\"https:\\\/\\\/urbeamea.ro\\\/albaiulia\\\/#website\",\"url\":\"https:\\\/\\\/urbeamea.ro\\\/albaiulia\\\/\",\"name\":\"Revista Urbea Mea, Stiri urbane\",\"description\":\"Evenimente \u0219i \u0219tiri din Alba Iulia, Sebe\u0219, Aiud, Blaj\",\"potentialAction\":[{\"@type\":\"SearchAction\",\"target\":{\"@type\":\"EntryPoint\",\"urlTemplate\":\"https:\\\/\\\/urbeamea.ro\\\/albaiulia\\\/?s={search_term_string}\"},\"query-input\":{\"@type\":\"PropertyValueSpecification\",\"valueRequired\":true,\"valueName\":\"search_term_string\"}}],\"inLanguage\":\"ro-RO\"},{\"@type\":\"Person\",\"@id\":\"https:\\\/\\\/urbeamea.ro\\\/albaiulia\\\/#\\\/schema\\\/person\\\/5db3854ac38c1cc9f0ab4092d6a20f02\",\"name\":\"Giurca Sorin\",\"image\":{\"@type\":\"ImageObject\",\"inLanguage\":\"ro-RO\",\"@id\":\"https:\\\/\\\/secure.gravatar.com\\\/avatar\\\/120f6fcae7b3b47a7730cb9943f612f4909f68ac5284b5f40ac1c4615fd70576?s=96&d=mm&r=g\",\"url\":\"https:\\\/\\\/secure.gravatar.com\\\/avatar\\\/120f6fcae7b3b47a7730cb9943f612f4909f68ac5284b5f40ac1c4615fd70576?s=96&d=mm&r=g\",\"contentUrl\":\"https:\\\/\\\/secure.gravatar.com\\\/avatar\\\/120f6fcae7b3b47a7730cb9943f612f4909f68ac5284b5f40ac1c4615fd70576?s=96&d=mm&r=g\",\"caption\":\"Giurca Sorin\"},\"url\":\"https:\\\/\\\/urbeamea.ro\\\/albaiulia\\\/author\\\/sorin\\\/\"}]}<\/script>\n<!-- \/ Yoast SEO plugin. -->","yoast_head_json":{"title":"T\u00e2rgul de Cr\u0103ciun din curtea Palatului Principilor se va deschide oficial de Mo\u0219 Nicolae: ateliere creative pentru cei mici, \u00eent\u00e2lniri cu Mo\u0219 Cr\u0103ciun \u0219i Elfii lui, concerte de colinde \u0219i un show unic, marca Ga\u0219ca Zurli - Revista Urbea Mea - Revista de Alba","description":"Legenda spune c\u0103 Mo\u0219 Cr\u0103ciun are, \u00een fiecare ora\u0219, un loc special, mai drag lui dec\u00e2t toate celelalte, \u00een care prefer\u0103 s\u0103 aterizeze cu sania magic\u0103 \u0219i","robots":{"index":"index","follow":"follow","max-snippet":"max-snippet:-1","max-image-preview":"max-image-preview:large","max-video-preview":"max-video-preview:-1"},"canonical":"https:\/\/urbeamea.ro\/albaiulia\/targul-de-craciun-din-curtea-palatului-principilor-se-va-deschide-oficial-de-mos-nicolae-ateliere-creative-pentru-cei-mici-intalniri-cu-mos-craciun-si-elfii-lui-concerte-de-colinde-si-un-show-unic\/","twitter_card":"summary_large_image","twitter_title":"T\u00e2rgul de Cr\u0103ciun din curtea Palatului Principilor se va deschide oficial de Mo\u0219 Nicolae: ateliere creative pentru cei mici, \u00eent\u00e2lniri cu Mo\u0219 Cr\u0103ciun \u0219i Elfii lui, concerte de colinde \u0219i un show unic, marca Ga\u0219ca Zurli - Revista Urbea Mea - Revista de Alba","twitter_description":"Legenda spune c\u0103 Mo\u0219 Cr\u0103ciun are, \u00een fiecare ora\u0219, un loc special, mai drag lui dec\u00e2t toate celelalte, \u00een care prefer\u0103 s\u0103 aterizeze cu sania magic\u0103 \u0219i","twitter_image":"https:\/\/urbeamea.ro\/albaiulia\/wp-content\/uploads\/2024\/11\/1000017952.jpg","twitter_creator":"@urbeameaweb","twitter_site":"@urbeameaweb","schema":{"@context":"https:\/\/schema.org","@graph":[{"@type":"Article","@id":"https:\/\/urbeamea.ro\/albaiulia\/targul-de-craciun-din-curtea-palatului-principilor-se-va-deschide-oficial-de-mos-nicolae-ateliere-creative-pentru-cei-mici-intalniri-cu-mos-craciun-si-elfii-lui-concerte-de-colinde-si-un-show-unic\/#article","isPartOf":{"@id":"https:\/\/urbeamea.ro\/albaiulia\/targul-de-craciun-din-curtea-palatului-principilor-se-va-deschide-oficial-de-mos-nicolae-ateliere-creative-pentru-cei-mici-intalniri-cu-mos-craciun-si-elfii-lui-concerte-de-colinde-si-un-show-unic\/"},"author":{"name":"Giurca Sorin","@id":"https:\/\/urbeamea.ro\/albaiulia\/#\/schema\/person\/5db3854ac38c1cc9f0ab4092d6a20f02"},"headline":"T\u00e2rgul de Cr\u0103ciun din curtea Palatului Principilor se va deschide oficial de Mo\u0219 Nicolae: ateliere creative pentru cei mici, \u00eent\u00e2lniri cu Mo\u0219 Cr\u0103ciun \u0219i Elfii lui, concerte de colinde \u0219i un show unic, marca Ga\u0219ca Zurli","datePublished":"2024-11-09T19:36:58+00:00","dateModified":"2024-11-09T19:37:00+00:00","mainEntityOfPage":{"@id":"https:\/\/urbeamea.ro\/albaiulia\/targul-de-craciun-din-curtea-palatului-principilor-se-va-deschide-oficial-de-mos-nicolae-ateliere-creative-pentru-cei-mici-intalniri-cu-mos-craciun-si-elfii-lui-concerte-de-colinde-si-un-show-unic\/"},"wordCount":542,"commentCount":0,"image":{"@id":"https:\/\/urbeamea.ro\/albaiulia\/targul-de-craciun-din-curtea-palatului-principilor-se-va-deschide-oficial-de-mos-nicolae-ateliere-creative-pentru-cei-mici-intalniri-cu-mos-craciun-si-elfii-lui-concerte-de-colinde-si-un-show-unic\/#primaryimage"},"thumbnailUrl":"https:\/\/urbeamea.ro\/albaiulia\/wp-content\/uploads\/2024\/11\/1000017952.jpg","keywords":["palatul principilor","T\u00e2rgul de Cr\u0103ciun"],"articleSection":["Actualitate","Evenimente","Monden","Social","\u015etiri Urbane","Urbea Mea"],"inLanguage":"ro-RO","potentialAction":[{"@type":"CommentAction","name":"Comment","target":["https:\/\/urbeamea.ro\/albaiulia\/targul-de-craciun-din-curtea-palatului-principilor-se-va-deschide-oficial-de-mos-nicolae-ateliere-creative-pentru-cei-mici-intalniri-cu-mos-craciun-si-elfii-lui-concerte-de-colinde-si-un-show-unic\/#respond"]}]},{"@type":"WebPage","@id":"https:\/\/urbeamea.ro\/albaiulia\/targul-de-craciun-din-curtea-palatului-principilor-se-va-deschide-oficial-de-mos-nicolae-ateliere-creative-pentru-cei-mici-intalniri-cu-mos-craciun-si-elfii-lui-concerte-de-colinde-si-un-show-unic\/","url":"https:\/\/urbeamea.ro\/albaiulia\/targul-de-craciun-din-curtea-palatului-principilor-se-va-deschide-oficial-de-mos-nicolae-ateliere-creative-pentru-cei-mici-intalniri-cu-mos-craciun-si-elfii-lui-concerte-de-colinde-si-un-show-unic\/","name":"T\u00e2rgul de Cr\u0103ciun din curtea Palatului Principilor se va deschide oficial de Mo\u0219 Nicolae: ateliere creative pentru cei mici, \u00eent\u00e2lniri cu Mo\u0219 Cr\u0103ciun \u0219i Elfii lui, concerte de colinde \u0219i un show unic, marca Ga\u0219ca Zurli - Revista Urbea Mea - Revista de Alba","isPartOf":{"@id":"https:\/\/urbeamea.ro\/albaiulia\/#website"},"primaryImageOfPage":{"@id":"https:\/\/urbeamea.ro\/albaiulia\/targul-de-craciun-din-curtea-palatului-principilor-se-va-deschide-oficial-de-mos-nicolae-ateliere-creative-pentru-cei-mici-intalniri-cu-mos-craciun-si-elfii-lui-concerte-de-colinde-si-un-show-unic\/#primaryimage"},"image":{"@id":"https:\/\/urbeamea.ro\/albaiulia\/targul-de-craciun-din-curtea-palatului-principilor-se-va-deschide-oficial-de-mos-nicolae-ateliere-creative-pentru-cei-mici-intalniri-cu-mos-craciun-si-elfii-lui-concerte-de-colinde-si-un-show-unic\/#primaryimage"},"thumbnailUrl":"https:\/\/urbeamea.ro\/albaiulia\/wp-content\/uploads\/2024\/11\/1000017952.jpg","datePublished":"2024-11-09T19:36:58+00:00","dateModified":"2024-11-09T19:37:00+00:00","author":{"@id":"https:\/\/urbeamea.ro\/albaiulia\/#\/schema\/person\/5db3854ac38c1cc9f0ab4092d6a20f02"},"description":"Legenda spune c\u0103 Mo\u0219 Cr\u0103ciun are, \u00een fiecare ora\u0219, un loc special, mai drag lui dec\u00e2t toate celelalte, \u00een care prefer\u0103 s\u0103 aterizeze cu sania magic\u0103 \u0219i","breadcrumb":{"@id":"https:\/\/urbeamea.ro\/albaiulia\/targul-de-craciun-din-curtea-palatului-principilor-se-va-deschide-oficial-de-mos-nicolae-ateliere-creative-pentru-cei-mici-intalniri-cu-mos-craciun-si-elfii-lui-concerte-de-colinde-si-un-show-unic\/#breadcrumb"},"inLanguage":"ro-RO","potentialAction":[{"@type":"ReadAction","target":["https:\/\/urbeamea.ro\/albaiulia\/targul-de-craciun-din-curtea-palatului-principilor-se-va-deschide-oficial-de-mos-nicolae-ateliere-creative-pentru-cei-mici-intalniri-cu-mos-craciun-si-elfii-lui-concerte-de-colinde-si-un-show-unic\/"]}]},{"@type":"ImageObject","inLanguage":"ro-RO","@id":"https:\/\/urbeamea.ro\/albaiulia\/targul-de-craciun-din-curtea-palatului-principilor-se-va-deschide-oficial-de-mos-nicolae-ateliere-creative-pentru-cei-mici-intalniri-cu-mos-craciun-si-elfii-lui-concerte-de-colinde-si-un-show-unic\/#primaryimage","url":"https:\/\/urbeamea.ro\/albaiulia\/wp-content\/uploads\/2024\/11\/1000017952.jpg","contentUrl":"https:\/\/urbeamea.ro\/albaiulia\/wp-content\/uploads\/2024\/11\/1000017952.jpg","width":1080,"height":1588},{"@type":"BreadcrumbList","@id":"https:\/\/urbeamea.ro\/albaiulia\/targul-de-craciun-din-curtea-palatului-principilor-se-va-deschide-oficial-de-mos-nicolae-ateliere-creative-pentru-cei-mici-intalniri-cu-mos-craciun-si-elfii-lui-concerte-de-colinde-si-un-show-unic\/#breadcrumb","itemListElement":[{"@type":"ListItem","position":1,"name":"Prima pagin\u0103","item":"https:\/\/urbeamea.ro\/albaiulia\/"},{"@type":"ListItem","position":2,"name":"T\u00e2rgul de Cr\u0103ciun din curtea Palatului Principilor se va deschide oficial de Mo\u0219 Nicolae: ateliere creative pentru cei mici, \u00eent\u00e2lniri cu Mo\u0219 Cr\u0103ciun \u0219i Elfii lui, concerte de colinde \u0219i un show unic, marca Ga\u0219ca Zurli"}]},{"@type":"WebSite","@id":"https:\/\/urbeamea.ro\/albaiulia\/#website","url":"https:\/\/urbeamea.ro\/albaiulia\/","name":"Revista Urbea Mea, Stiri urbane","description":"Evenimente \u0219i \u0219tiri din Alba Iulia, Sebe\u0219, Aiud, Blaj","potentialAction":[{"@type":"SearchAction","target":{"@type":"EntryPoint","urlTemplate":"https:\/\/urbeamea.ro\/albaiulia\/?s={search_term_string}"},"query-input":{"@type":"PropertyValueSpecification","valueRequired":true,"valueName":"search_term_string"}}],"inLanguage":"ro-RO"},{"@type":"Person","@id":"https:\/\/urbeamea.ro\/albaiulia\/#\/schema\/person\/5db3854ac38c1cc9f0ab4092d6a20f02","name":"Giurca Sorin","image":{"@type":"ImageObject","inLanguage":"ro-RO","@id":"https:\/\/secure.gravatar.com\/avatar\/120f6fcae7b3b47a7730cb9943f612f4909f68ac5284b5f40ac1c4615fd70576?s=96&d=mm&r=g","url":"https:\/\/secure.gravatar.com\/avatar\/120f6fcae7b3b47a7730cb9943f612f4909f68ac5284b5f40ac1c4615fd70576?s=96&d=mm&r=g","contentUrl":"https:\/\/secure.gravatar.com\/avatar\/120f6fcae7b3b47a7730cb9943f612f4909f68ac5284b5f40ac1c4615fd70576?s=96&d=mm&r=g","caption":"Giurca Sorin"},"url":"https:\/\/urbeamea.ro\/albaiulia\/author\/sorin\/"}]}},"_links":{"self":[{"href":"https:\/\/urbeamea.ro\/albaiulia\/wp-json\/wp\/v2\/posts\/114767","targetHints":{"allow":["GET"]}}],"collection":[{"href":"https:\/\/urbeamea.ro\/albaiulia\/wp-json\/wp\/v2\/posts"}],"about":[{"href":"https:\/\/urbeamea.ro\/albaiulia\/wp-json\/wp\/v2\/types\/post"}],"author":[{"embeddable":true,"href":"https:\/\/urbeamea.ro\/albaiulia\/wp-json\/wp\/v2\/users\/28"}],"replies":[{"embeddable":true,"href":"https:\/\/urbeamea.ro\/albaiulia\/wp-json\/wp\/v2\/comments?post=114767"}],"version-history":[{"count":1,"href":"https:\/\/urbeamea.ro\/albaiulia\/wp-json\/wp\/v2\/posts\/114767\/revisions"}],"predecessor-version":[{"id":114770,"href":"https:\/\/urbeamea.ro\/albaiulia\/wp-json\/wp\/v2\/posts\/114767\/revisions\/114770"}],"wp:featuredmedia":[{"embeddable":true,"href":"https:\/\/urbeamea.ro\/albaiulia\/wp-json\/wp\/v2\/media\/114768"}],"wp:attachment":[{"href":"https:\/\/urbeamea.ro\/albaiulia\/wp-json\/wp\/v2\/media?parent=114767"}],"wp:term":[{"taxonomy":"category","embeddable":true,"href":"https:\/\/urbeamea.ro\/albaiulia\/wp-json\/wp\/v2\/categories?post=114767"},{"taxonomy":"post_tag","embeddable":true,"href":"https:\/\/urbeamea.ro\/albaiulia\/wp-json\/wp\/v2\/tags?post=114767"}],"curies":[{"name":"wp","href":"https:\/\/api.w.org\/{rel}","templated":true}]}}