{"id":114780,"date":"2024-11-11T14:31:32","date_gmt":"2024-11-11T12:31:32","guid":{"rendered":"https:\/\/urbeamea.ro\/albaiulia\/?p=114780"},"modified":"2024-11-11T14:31:56","modified_gmt":"2024-11-11T12:31:56","slug":"anunt-public-privind-depunerea-solicitarii-de-emitere-a-acordului-de-mediu","status":"publish","type":"post","link":"https:\/\/urbeamea.ro\/albaiulia\/anunt-public-privind-depunerea-solicitarii-de-emitere-a-acordului-de-mediu\/","title":{"rendered":"Anun\u021b public privind depunerea solicit\u0103rii de emitere a acordului de mediu"},"content":{"rendered":"\n<p>MUNICIPIUL ALBA IULIA, cu sediul \u00een Alba Iulia, str. Calea Mo\u021bilor, nr. 5A, titular al proiectului &#8222;FLUIDIZAREA TRAFICULUI RUTIER PRIN M\u0102SURI DE MOBILITATE URBAN\u0102 DURABIL\u0102 \u2013 CONSTRUIRE ARTER\u0102 CU ROL DE CULOAR VERDE DE MOBILITATE PE LATURA DE SUD-VEST A MUNICIPIULUI ALBA IULIA&#8221;, anun\u021b\u0103 publicul interesat asupra depunerii solicit\u0103rii de emitere a acordului de mediu pentru proiectul &#8222;FLUIDIZAREA TRAFICULUI RUTIER PRIN M\u0102SURI DE MOBILITATE URBAN\u0102 DURABIL\u0102 \u2013 CONSTRUIRE ARTER\u0102 CU ROL DE CULOAR VERDE DE MOBILITATE PE LATURA DE SUD-VEST A MUNICIPIULUI ALBA IULIA&#8221;, propus a fi amplasat\u00a0\u00een ALBA IULIA, str. ION L\u0102NCR\u0102JAN, nr. FN.<\/p>\n\n\n\n<p>Informa\u021biile privind proiectul propus pot fi consultate la sediul Agen\u021biei pentru Protec\u0163ia Mediului Alba, din Alba Iulia, str. Lalelelor, nr. 7B, \u00een zilele de luni-joi \u00eentre orele 9,00-14,00 \u0219i vineri \u00eentre orele 9,00-13,00, precum \u0219i la sediul PRIM\u0102RIEI MUNICIPIULUI ALBA IULIA, str. CALEA MO\u021aILOR, nr: 5A, \u00een zilele de luni-joi intre orele\u00a0 7,30-16,00 \u0219i vineri intre orele 7,30 -13,30.<\/p>\n\n\n\n<p>Observa\u021biile publicului cu privire la \u00eencadrarea planului se primesc zilnic la sediul Agen\u021biei pentru Protec\u021bia Mediului Alba, din Alba Iulia, str. Lalelelor, nr. 7B, \u00een termen de 10 zile calendaristice de la data public\u0103rii prezentului anun\u021b.<\/p>\n","protected":false},"excerpt":{"rendered":"<p>MUNICIPIUL ALBA IULIA, cu sediul \u00een Alba Iulia, str. Calea Mo\u021bilor, nr. 5A, titular al proiectului &#8222;FLUIDIZAREA TRAFICULUI RUTIER PRIN M\u0102SURI DE MOBILITATE URBAN\u0102 DURABIL\u0102 \u2013 CONSTRUIRE ARTER\u0102 CU ROL DE CULOAR VERDE DE MOBILITATE PE LATURA DE SUD-VEST A MUNICIPIULUI ALBA IULIA&#8221;, anun\u021b\u0103 publicul interesat asupra depunerii solicit\u0103rii de emitere a acordului de mediu &hellip;<\/p>\n","protected":false},"author":16,"featured_media":111706,"comment_status":"open","ping_status":"open","sticky":false,"template":"","format":"standard","meta":{"inline_featured_image":false,"footnotes":""},"categories":[2035],"tags":[],"class_list":["post-114780","post","type-post","status-publish","format-standard","has-post-thumbnail","hentry","category-administratie"],"yoast_head":"<!-- This site is optimized with the Yoast SEO plugin v27.4 - https:\/\/yoast.com\/product\/yoast-seo-wordpress\/ -->\n<title>Anun\u021b public privind depunerea solicit\u0103rii de emitere a acordului de mediu - Revista Urbea Mea - Revista de Alba<\/title>\n<meta name=\"description\" content=\"MUNICIPIUL ALBA IULIA, cu sediul \u00een Alba Iulia, str. Calea Mo\u021bilor, nr. 5A, titular al proiectului &quot;FLUIDIZAREA TRAFICULUI RUTIER PRIN M\u0102SURI DE\" \/>\n<meta name=\"robots\" content=\"index, follow, max-snippet:-1, max-image-preview:large, max-video-preview:-1\" \/>\n<link rel=\"canonical\" href=\"https:\/\/urbeamea.ro\/albaiulia\/anunt-public-privind-depunerea-solicitarii-de-emitere-a-acordului-de-mediu\/\" \/>\n<meta name=\"twitter:card\" content=\"summary_large_image\" \/>\n<meta name=\"twitter:title\" content=\"Anun\u021b public privind depunerea solicit\u0103rii de emitere a acordului de mediu - Revista Urbea Mea - Revista de Alba\" \/>\n<meta name=\"twitter:description\" content=\"MUNICIPIUL ALBA IULIA, cu sediul \u00een Alba Iulia, str. Calea Mo\u021bilor, nr. 5A, titular al proiectului &quot;FLUIDIZAREA TRAFICULUI RUTIER PRIN M\u0102SURI DE\" \/>\n<meta name=\"twitter:image\" content=\"https:\/\/urbeamea.ro\/albaiulia\/wp-content\/uploads\/2024\/05\/img_pnrr_comunicat-presa.jpg\" \/>\n<meta name=\"twitter:creator\" content=\"@urbeameaweb\" \/>\n<meta name=\"twitter:site\" content=\"@urbeameaweb\" \/>\n<script type=\"application\/ld+json\" class=\"yoast-schema-graph\">{\"@context\":\"https:\\\/\\\/schema.org\",\"@graph\":[{\"@type\":\"Article\",\"@id\":\"https:\\\/\\\/urbeamea.ro\\\/albaiulia\\\/anunt-public-privind-depunerea-solicitarii-de-emitere-a-acordului-de-mediu\\\/#article\",\"isPartOf\":{\"@id\":\"https:\\\/\\\/urbeamea.ro\\\/albaiulia\\\/anunt-public-privind-depunerea-solicitarii-de-emitere-a-acordului-de-mediu\\\/\"},\"author\":{\"name\":\"Redac\u021bia UrbeaMea\",\"@id\":\"https:\\\/\\\/urbeamea.ro\\\/albaiulia\\\/#\\\/schema\\\/person\\\/272ae98052f8ee8980f59848df070247\"},\"headline\":\"Anun\u021b public privind depunerea solicit\u0103rii de emitere a acordului de mediu\",\"datePublished\":\"2024-11-11T12:31:32+00:00\",\"dateModified\":\"2024-11-11T12:31:56+00:00\",\"mainEntityOfPage\":{\"@id\":\"https:\\\/\\\/urbeamea.ro\\\/albaiulia\\\/anunt-public-privind-depunerea-solicitarii-de-emitere-a-acordului-de-mediu\\\/\"},\"wordCount\":214,\"commentCount\":0,\"image\":{\"@id\":\"https:\\\/\\\/urbeamea.ro\\\/albaiulia\\\/anunt-public-privind-depunerea-solicitarii-de-emitere-a-acordului-de-mediu\\\/#primaryimage\"},\"thumbnailUrl\":\"https:\\\/\\\/urbeamea.ro\\\/albaiulia\\\/wp-content\\\/uploads\\\/2024\\\/05\\\/img_pnrr_comunicat-presa.jpg\",\"articleSection\":[\"Administra\u021bie\"],\"inLanguage\":\"ro-RO\",\"potentialAction\":[{\"@type\":\"CommentAction\",\"name\":\"Comment\",\"target\":[\"https:\\\/\\\/urbeamea.ro\\\/albaiulia\\\/anunt-public-privind-depunerea-solicitarii-de-emitere-a-acordului-de-mediu\\\/#respond\"]}]},{\"@type\":\"WebPage\",\"@id\":\"https:\\\/\\\/urbeamea.ro\\\/albaiulia\\\/anunt-public-privind-depunerea-solicitarii-de-emitere-a-acordului-de-mediu\\\/\",\"url\":\"https:\\\/\\\/urbeamea.ro\\\/albaiulia\\\/anunt-public-privind-depunerea-solicitarii-de-emitere-a-acordului-de-mediu\\\/\",\"name\":\"Anun\u021b public privind depunerea solicit\u0103rii de emitere a acordului de mediu - Revista Urbea Mea - Revista de Alba\",\"isPartOf\":{\"@id\":\"https:\\\/\\\/urbeamea.ro\\\/albaiulia\\\/#website\"},\"primaryImageOfPage\":{\"@id\":\"https:\\\/\\\/urbeamea.ro\\\/albaiulia\\\/anunt-public-privind-depunerea-solicitarii-de-emitere-a-acordului-de-mediu\\\/#primaryimage\"},\"image\":{\"@id\":\"https:\\\/\\\/urbeamea.ro\\\/albaiulia\\\/anunt-public-privind-depunerea-solicitarii-de-emitere-a-acordului-de-mediu\\\/#primaryimage\"},\"thumbnailUrl\":\"https:\\\/\\\/urbeamea.ro\\\/albaiulia\\\/wp-content\\\/uploads\\\/2024\\\/05\\\/img_pnrr_comunicat-presa.jpg\",\"datePublished\":\"2024-11-11T12:31:32+00:00\",\"dateModified\":\"2024-11-11T12:31:56+00:00\",\"author\":{\"@id\":\"https:\\\/\\\/urbeamea.ro\\\/albaiulia\\\/#\\\/schema\\\/person\\\/272ae98052f8ee8980f59848df070247\"},\"description\":\"MUNICIPIUL ALBA IULIA, cu sediul \u00een Alba Iulia, str. Calea Mo\u021bilor, nr. 5A, titular al proiectului \\\"FLUIDIZAREA TRAFICULUI RUTIER PRIN M\u0102SURI DE\",\"breadcrumb\":{\"@id\":\"https:\\\/\\\/urbeamea.ro\\\/albaiulia\\\/anunt-public-privind-depunerea-solicitarii-de-emitere-a-acordului-de-mediu\\\/#breadcrumb\"},\"inLanguage\":\"ro-RO\",\"potentialAction\":[{\"@type\":\"ReadAction\",\"target\":[\"https:\\\/\\\/urbeamea.ro\\\/albaiulia\\\/anunt-public-privind-depunerea-solicitarii-de-emitere-a-acordului-de-mediu\\\/\"]}]},{\"@type\":\"ImageObject\",\"inLanguage\":\"ro-RO\",\"@id\":\"https:\\\/\\\/urbeamea.ro\\\/albaiulia\\\/anunt-public-privind-depunerea-solicitarii-de-emitere-a-acordului-de-mediu\\\/#primaryimage\",\"url\":\"https:\\\/\\\/urbeamea.ro\\\/albaiulia\\\/wp-content\\\/uploads\\\/2024\\\/05\\\/img_pnrr_comunicat-presa.jpg\",\"contentUrl\":\"https:\\\/\\\/urbeamea.ro\\\/albaiulia\\\/wp-content\\\/uploads\\\/2024\\\/05\\\/img_pnrr_comunicat-presa.jpg\",\"width\":1000,\"height\":1000},{\"@type\":\"BreadcrumbList\",\"@id\":\"https:\\\/\\\/urbeamea.ro\\\/albaiulia\\\/anunt-public-privind-depunerea-solicitarii-de-emitere-a-acordului-de-mediu\\\/#breadcrumb\",\"itemListElement\":[{\"@type\":\"ListItem\",\"position\":1,\"name\":\"Prima pagin\u0103\",\"item\":\"https:\\\/\\\/urbeamea.ro\\\/albaiulia\\\/\"},{\"@type\":\"ListItem\",\"position\":2,\"name\":\"Anun\u021b public privind depunerea solicit\u0103rii de emitere a acordului de mediu\"}]},{\"@type\":\"WebSite\",\"@id\":\"https:\\\/\\\/urbeamea.ro\\\/albaiulia\\\/#website\",\"url\":\"https:\\\/\\\/urbeamea.ro\\\/albaiulia\\\/\",\"name\":\"Revista Urbea Mea, Stiri urbane\",\"description\":\"Evenimente \u0219i \u0219tiri din Alba Iulia, Sebe\u0219, Aiud, Blaj\",\"potentialAction\":[{\"@type\":\"SearchAction\",\"target\":{\"@type\":\"EntryPoint\",\"urlTemplate\":\"https:\\\/\\\/urbeamea.ro\\\/albaiulia\\\/?s={search_term_string}\"},\"query-input\":{\"@type\":\"PropertyValueSpecification\",\"valueRequired\":true,\"valueName\":\"search_term_string\"}}],\"inLanguage\":\"ro-RO\"},{\"@type\":\"Person\",\"@id\":\"https:\\\/\\\/urbeamea.ro\\\/albaiulia\\\/#\\\/schema\\\/person\\\/272ae98052f8ee8980f59848df070247\",\"name\":\"Redac\u021bia UrbeaMea\",\"image\":{\"@type\":\"ImageObject\",\"inLanguage\":\"ro-RO\",\"@id\":\"https:\\\/\\\/secure.gravatar.com\\\/avatar\\\/9ce5a9435071fa1037e8468053ead8e513dbbff59009d3069aadb85506d85a27?s=96&d=mm&r=g\",\"url\":\"https:\\\/\\\/secure.gravatar.com\\\/avatar\\\/9ce5a9435071fa1037e8468053ead8e513dbbff59009d3069aadb85506d85a27?s=96&d=mm&r=g\",\"contentUrl\":\"https:\\\/\\\/secure.gravatar.com\\\/avatar\\\/9ce5a9435071fa1037e8468053ead8e513dbbff59009d3069aadb85506d85a27?s=96&d=mm&r=g\",\"caption\":\"Redac\u021bia UrbeaMea\"},\"description\":\"contact@urbeamea.ro\",\"sameAs\":[\"https:\\\/\\\/www.urbeamea.ro\"],\"url\":\"https:\\\/\\\/urbeamea.ro\\\/albaiulia\\\/author\\\/redactia-urbeamea\\\/\"}]}<\/script>\n<!-- \/ Yoast SEO plugin. -->","yoast_head_json":{"title":"Anun\u021b public privind depunerea solicit\u0103rii de emitere a acordului de mediu - Revista Urbea Mea - Revista de Alba","description":"MUNICIPIUL ALBA IULIA, cu sediul \u00een Alba Iulia, str. Calea Mo\u021bilor, nr. 5A, titular al proiectului \"FLUIDIZAREA TRAFICULUI RUTIER PRIN M\u0102SURI DE","robots":{"index":"index","follow":"follow","max-snippet":"max-snippet:-1","max-image-preview":"max-image-preview:large","max-video-preview":"max-video-preview:-1"},"canonical":"https:\/\/urbeamea.ro\/albaiulia\/anunt-public-privind-depunerea-solicitarii-de-emitere-a-acordului-de-mediu\/","twitter_card":"summary_large_image","twitter_title":"Anun\u021b public privind depunerea solicit\u0103rii de emitere a acordului de mediu - Revista Urbea Mea - Revista de Alba","twitter_description":"MUNICIPIUL ALBA IULIA, cu sediul \u00een Alba Iulia, str. Calea Mo\u021bilor, nr. 5A, titular al proiectului \"FLUIDIZAREA TRAFICULUI RUTIER PRIN M\u0102SURI DE","twitter_image":"https:\/\/urbeamea.ro\/albaiulia\/wp-content\/uploads\/2024\/05\/img_pnrr_comunicat-presa.jpg","twitter_creator":"@urbeameaweb","twitter_site":"@urbeameaweb","schema":{"@context":"https:\/\/schema.org","@graph":[{"@type":"Article","@id":"https:\/\/urbeamea.ro\/albaiulia\/anunt-public-privind-depunerea-solicitarii-de-emitere-a-acordului-de-mediu\/#article","isPartOf":{"@id":"https:\/\/urbeamea.ro\/albaiulia\/anunt-public-privind-depunerea-solicitarii-de-emitere-a-acordului-de-mediu\/"},"author":{"name":"Redac\u021bia UrbeaMea","@id":"https:\/\/urbeamea.ro\/albaiulia\/#\/schema\/person\/272ae98052f8ee8980f59848df070247"},"headline":"Anun\u021b public privind depunerea solicit\u0103rii de emitere a acordului de mediu","datePublished":"2024-11-11T12:31:32+00:00","dateModified":"2024-11-11T12:31:56+00:00","mainEntityOfPage":{"@id":"https:\/\/urbeamea.ro\/albaiulia\/anunt-public-privind-depunerea-solicitarii-de-emitere-a-acordului-de-mediu\/"},"wordCount":214,"commentCount":0,"image":{"@id":"https:\/\/urbeamea.ro\/albaiulia\/anunt-public-privind-depunerea-solicitarii-de-emitere-a-acordului-de-mediu\/#primaryimage"},"thumbnailUrl":"https:\/\/urbeamea.ro\/albaiulia\/wp-content\/uploads\/2024\/05\/img_pnrr_comunicat-presa.jpg","articleSection":["Administra\u021bie"],"inLanguage":"ro-RO","potentialAction":[{"@type":"CommentAction","name":"Comment","target":["https:\/\/urbeamea.ro\/albaiulia\/anunt-public-privind-depunerea-solicitarii-de-emitere-a-acordului-de-mediu\/#respond"]}]},{"@type":"WebPage","@id":"https:\/\/urbeamea.ro\/albaiulia\/anunt-public-privind-depunerea-solicitarii-de-emitere-a-acordului-de-mediu\/","url":"https:\/\/urbeamea.ro\/albaiulia\/anunt-public-privind-depunerea-solicitarii-de-emitere-a-acordului-de-mediu\/","name":"Anun\u021b public privind depunerea solicit\u0103rii de emitere a acordului de mediu - Revista Urbea Mea - Revista de Alba","isPartOf":{"@id":"https:\/\/urbeamea.ro\/albaiulia\/#website"},"primaryImageOfPage":{"@id":"https:\/\/urbeamea.ro\/albaiulia\/anunt-public-privind-depunerea-solicitarii-de-emitere-a-acordului-de-mediu\/#primaryimage"},"image":{"@id":"https:\/\/urbeamea.ro\/albaiulia\/anunt-public-privind-depunerea-solicitarii-de-emitere-a-acordului-de-mediu\/#primaryimage"},"thumbnailUrl":"https:\/\/urbeamea.ro\/albaiulia\/wp-content\/uploads\/2024\/05\/img_pnrr_comunicat-presa.jpg","datePublished":"2024-11-11T12:31:32+00:00","dateModified":"2024-11-11T12:31:56+00:00","author":{"@id":"https:\/\/urbeamea.ro\/albaiulia\/#\/schema\/person\/272ae98052f8ee8980f59848df070247"},"description":"MUNICIPIUL ALBA IULIA, cu sediul \u00een Alba Iulia, str. Calea Mo\u021bilor, nr. 5A, titular al proiectului \"FLUIDIZAREA TRAFICULUI RUTIER PRIN M\u0102SURI DE","breadcrumb":{"@id":"https:\/\/urbeamea.ro\/albaiulia\/anunt-public-privind-depunerea-solicitarii-de-emitere-a-acordului-de-mediu\/#breadcrumb"},"inLanguage":"ro-RO","potentialAction":[{"@type":"ReadAction","target":["https:\/\/urbeamea.ro\/albaiulia\/anunt-public-privind-depunerea-solicitarii-de-emitere-a-acordului-de-mediu\/"]}]},{"@type":"ImageObject","inLanguage":"ro-RO","@id":"https:\/\/urbeamea.ro\/albaiulia\/anunt-public-privind-depunerea-solicitarii-de-emitere-a-acordului-de-mediu\/#primaryimage","url":"https:\/\/urbeamea.ro\/albaiulia\/wp-content\/uploads\/2024\/05\/img_pnrr_comunicat-presa.jpg","contentUrl":"https:\/\/urbeamea.ro\/albaiulia\/wp-content\/uploads\/2024\/05\/img_pnrr_comunicat-presa.jpg","width":1000,"height":1000},{"@type":"BreadcrumbList","@id":"https:\/\/urbeamea.ro\/albaiulia\/anunt-public-privind-depunerea-solicitarii-de-emitere-a-acordului-de-mediu\/#breadcrumb","itemListElement":[{"@type":"ListItem","position":1,"name":"Prima pagin\u0103","item":"https:\/\/urbeamea.ro\/albaiulia\/"},{"@type":"ListItem","position":2,"name":"Anun\u021b public privind depunerea solicit\u0103rii de emitere a acordului de mediu"}]},{"@type":"WebSite","@id":"https:\/\/urbeamea.ro\/albaiulia\/#website","url":"https:\/\/urbeamea.ro\/albaiulia\/","name":"Revista Urbea Mea, Stiri urbane","description":"Evenimente \u0219i \u0219tiri din Alba Iulia, Sebe\u0219, Aiud, Blaj","potentialAction":[{"@type":"SearchAction","target":{"@type":"EntryPoint","urlTemplate":"https:\/\/urbeamea.ro\/albaiulia\/?s={search_term_string}"},"query-input":{"@type":"PropertyValueSpecification","valueRequired":true,"valueName":"search_term_string"}}],"inLanguage":"ro-RO"},{"@type":"Person","@id":"https:\/\/urbeamea.ro\/albaiulia\/#\/schema\/person\/272ae98052f8ee8980f59848df070247","name":"Redac\u021bia UrbeaMea","image":{"@type":"ImageObject","inLanguage":"ro-RO","@id":"https:\/\/secure.gravatar.com\/avatar\/9ce5a9435071fa1037e8468053ead8e513dbbff59009d3069aadb85506d85a27?s=96&d=mm&r=g","url":"https:\/\/secure.gravatar.com\/avatar\/9ce5a9435071fa1037e8468053ead8e513dbbff59009d3069aadb85506d85a27?s=96&d=mm&r=g","contentUrl":"https:\/\/secure.gravatar.com\/avatar\/9ce5a9435071fa1037e8468053ead8e513dbbff59009d3069aadb85506d85a27?s=96&d=mm&r=g","caption":"Redac\u021bia UrbeaMea"},"description":"contact@urbeamea.ro","sameAs":["https:\/\/www.urbeamea.ro"],"url":"https:\/\/urbeamea.ro\/albaiulia\/author\/redactia-urbeamea\/"}]}},"_links":{"self":[{"href":"https:\/\/urbeamea.ro\/albaiulia\/wp-json\/wp\/v2\/posts\/114780","targetHints":{"allow":["GET"]}}],"collection":[{"href":"https:\/\/urbeamea.ro\/albaiulia\/wp-json\/wp\/v2\/posts"}],"about":[{"href":"https:\/\/urbeamea.ro\/albaiulia\/wp-json\/wp\/v2\/types\/post"}],"author":[{"embeddable":true,"href":"https:\/\/urbeamea.ro\/albaiulia\/wp-json\/wp\/v2\/users\/16"}],"replies":[{"embeddable":true,"href":"https:\/\/urbeamea.ro\/albaiulia\/wp-json\/wp\/v2\/comments?post=114780"}],"version-history":[{"count":1,"href":"https:\/\/urbeamea.ro\/albaiulia\/wp-json\/wp\/v2\/posts\/114780\/revisions"}],"predecessor-version":[{"id":114782,"href":"https:\/\/urbeamea.ro\/albaiulia\/wp-json\/wp\/v2\/posts\/114780\/revisions\/114782"}],"wp:featuredmedia":[{"embeddable":true,"href":"https:\/\/urbeamea.ro\/albaiulia\/wp-json\/wp\/v2\/media\/111706"}],"wp:attachment":[{"href":"https:\/\/urbeamea.ro\/albaiulia\/wp-json\/wp\/v2\/media?parent=114780"}],"wp:term":[{"taxonomy":"category","embeddable":true,"href":"https:\/\/urbeamea.ro\/albaiulia\/wp-json\/wp\/v2\/categories?post=114780"},{"taxonomy":"post_tag","embeddable":true,"href":"https:\/\/urbeamea.ro\/albaiulia\/wp-json\/wp\/v2\/tags?post=114780"}],"curies":[{"name":"wp","href":"https:\/\/api.w.org\/{rel}","templated":true}]}}