{"id":114783,"date":"2024-11-11T15:20:52","date_gmt":"2024-11-11T13:20:52","guid":{"rendered":"https:\/\/urbeamea.ro\/albaiulia\/?p=114783"},"modified":"2024-11-11T15:20:53","modified_gmt":"2024-11-11T13:20:53","slug":"parcul-arini-din-sebes-pasi-concreti-parcursi-de-primarie-pentru-realizarea-si-finantarea-proiectului-de-revitalizare","status":"publish","type":"post","link":"https:\/\/urbeamea.ro\/albaiulia\/parcul-arini-din-sebes-pasi-concreti-parcursi-de-primarie-pentru-realizarea-si-finantarea-proiectului-de-revitalizare\/","title":{"rendered":"Parcul Arini din Sebe\u0219 pa\u0219i concre\u021bi parcur\u0219i de prim\u0103rie pentru realizarea \u0219i finan\u021barea proiectului de revitalizare"},"content":{"rendered":"\n<p>Unul din cele mai a\u0219teptate proiecte municipale vizeaz\u0103 reabilitarea \u0219i revitalizarea Parcului Arini din Sebe\u0219. Mar\u021bi, 5 noiembrie 2024, la sediul prim\u0103riei a avut loc dezbaterea public\u0103 privind documenta\u021bia de avizare a lucr\u0103rilor de interven\u021bie.<\/p>\n\n\n\n<blockquote class=\"wp-block-quote is-layout-flow wp-block-quote-is-layout-flow\">\n<p><em>Conceptul de amenajare propune realizarea a dou\u0103 zone mari: o zon\u0103 destinat\u0103 cu predilec\u021bie activit\u0103\u021bilor de recreere \u0219i de socializare, plus o zon\u0103 destinat\u0103 mai mult activit\u0103\u021bilor recreative \u0219i fizice. Ne dorim reamenajarea peisajer\u0103 a parcului \u0219i introducerea de noi func\u021biuni: amfiteatru cu gradene \u00een aer liber, zone pentru petrecerea timpului liber \u0219i pentru picnic, zon\u0103 pentru prepararea gr\u0103tarului, spa\u021bii de joac\u0103 dotate cu echipamente pentru diferite grupe de v\u00e2rst\u0103, grupuri sanitare, zon\u0103 dedicat\u0103 sportului \u00een aer liber dotat\u0103 cu echipamente pentru fitness \u0219i crossfit, zon\u0103 pump track pentru biciclete, zon\u0103 pentru skatepark, toate interconectate de alei pietonale \u0219i piste pentru biciclete. Reamenajarea include plant\u0103ri de arbori, crearea de trasee noi pietonale care, \u00eempreun\u0103 cu pista de biciclete, s\u0103 conecteze toate zonele facilit\u00e2nd promenada \u00een \u00eentregul parc<\/em>.<\/p>\n\n\n\n<p>primarul Sebe\u0219ului, Dorin Nistor<\/p>\n<\/blockquote>\n\n\n\n<p>Fiind vorba de unul din cele mai generoase parcuri din jude\u021bul Alba, ini\u021biatorii proiectului asigur\u0103 c\u0103 se vor face plant\u0103ri de arbori foio\u0219i \u0219i r\u0103\u0219ino\u0219i maturi, de arbu\u0219ti din diferite specii, plante perene, se va monta gazon \u00een zona amfiteatrului \u0219i \u00een cea de picnic.<\/p>\n\n\n\n<blockquote class=\"wp-block-quote is-layout-flow wp-block-quote-is-layout-flow\">\n<p><em>Pentru realizarea acestui proiect ambi\u021bios miz\u0103m pe ob\u021binerea unor finan\u021b\u0103ri nerambursabile care s\u0103 completeze aloc\u0103rile de la bugetul local<\/em>.<\/p>\n\n\n\n<p>Dorin Nistor<\/p>\n<\/blockquote>\n\n\n\n<figure class=\"wp-block-gallery has-nested-images columns-default is-cropped wp-block-gallery-1 is-layout-flex wp-block-gallery-is-layout-flex\">\n<figure class=\"wp-block-image size-full\"><a href=\"https:\/\/urbeamea.ro\/albaiulia\/wp-content\/uploads\/2024\/11\/IMG_7191.jpg\"><img loading=\"lazy\" decoding=\"async\" width=\"928\" height=\"759\" data-id=\"114784\" src=\"https:\/\/urbeamea.ro\/albaiulia\/wp-content\/uploads\/2024\/11\/IMG_7191.jpg\" alt=\"\" class=\"wp-image-114784\" srcset=\"https:\/\/urbeamea.ro\/albaiulia\/wp-content\/uploads\/2024\/11\/IMG_7191.jpg 928w, https:\/\/urbeamea.ro\/albaiulia\/wp-content\/uploads\/2024\/11\/IMG_7191-640x523.jpg 640w, https:\/\/urbeamea.ro\/albaiulia\/wp-content\/uploads\/2024\/11\/IMG_7191-150x123.jpg 150w, https:\/\/urbeamea.ro\/albaiulia\/wp-content\/uploads\/2024\/11\/IMG_7191-768x628.jpg 768w\" sizes=\"auto, (max-width: 928px) 100vw, 928px\" \/><\/a><figcaption class=\"wp-element-caption\">Screenshot<\/figcaption><\/figure>\n\n\n\n<figure class=\"wp-block-image size-full\"><a href=\"https:\/\/urbeamea.ro\/albaiulia\/wp-content\/uploads\/2024\/11\/IMG_7185.jpg\"><img loading=\"lazy\" decoding=\"async\" width=\"993\" height=\"554\" data-id=\"114785\" src=\"https:\/\/urbeamea.ro\/albaiulia\/wp-content\/uploads\/2024\/11\/IMG_7185.jpg\" alt=\"\" class=\"wp-image-114785\" srcset=\"https:\/\/urbeamea.ro\/albaiulia\/wp-content\/uploads\/2024\/11\/IMG_7185.jpg 993w, https:\/\/urbeamea.ro\/albaiulia\/wp-content\/uploads\/2024\/11\/IMG_7185-640x357.jpg 640w, https:\/\/urbeamea.ro\/albaiulia\/wp-content\/uploads\/2024\/11\/IMG_7185-150x84.jpg 150w, https:\/\/urbeamea.ro\/albaiulia\/wp-content\/uploads\/2024\/11\/IMG_7185-768x428.jpg 768w\" sizes=\"auto, (max-width: 993px) 100vw, 993px\" \/><\/a><figcaption class=\"wp-element-caption\">Screenshot<\/figcaption><\/figure>\n\n\n\n<figure class=\"wp-block-image size-full\"><a href=\"https:\/\/urbeamea.ro\/albaiulia\/wp-content\/uploads\/2024\/11\/IMG_7190.jpg\"><img loading=\"lazy\" decoding=\"async\" width=\"999\" height=\"835\" data-id=\"114786\" src=\"https:\/\/urbeamea.ro\/albaiulia\/wp-content\/uploads\/2024\/11\/IMG_7190.jpg\" alt=\"\" class=\"wp-image-114786\" srcset=\"https:\/\/urbeamea.ro\/albaiulia\/wp-content\/uploads\/2024\/11\/IMG_7190.jpg 999w, https:\/\/urbeamea.ro\/albaiulia\/wp-content\/uploads\/2024\/11\/IMG_7190-640x535.jpg 640w, https:\/\/urbeamea.ro\/albaiulia\/wp-content\/uploads\/2024\/11\/IMG_7190-150x125.jpg 150w, https:\/\/urbeamea.ro\/albaiulia\/wp-content\/uploads\/2024\/11\/IMG_7190-768x642.jpg 768w\" sizes=\"auto, (max-width: 999px) 100vw, 999px\" \/><\/a><figcaption class=\"wp-element-caption\">Screenshot<\/figcaption><\/figure>\n\n\n\n<figure class=\"wp-block-image size-full\"><a href=\"https:\/\/urbeamea.ro\/albaiulia\/wp-content\/uploads\/2024\/11\/IMG_7178-rotated.jpg\"><img loading=\"lazy\" decoding=\"async\" width=\"1275\" height=\"1026\" data-id=\"114787\" src=\"https:\/\/urbeamea.ro\/albaiulia\/wp-content\/uploads\/2024\/11\/IMG_7178-rotated.jpg\" alt=\"\" class=\"wp-image-114787\" srcset=\"https:\/\/urbeamea.ro\/albaiulia\/wp-content\/uploads\/2024\/11\/IMG_7178-rotated.jpg 1275w, https:\/\/urbeamea.ro\/albaiulia\/wp-content\/uploads\/2024\/11\/IMG_7178-640x515.jpg 640w, https:\/\/urbeamea.ro\/albaiulia\/wp-content\/uploads\/2024\/11\/IMG_7178-150x121.jpg 150w, https:\/\/urbeamea.ro\/albaiulia\/wp-content\/uploads\/2024\/11\/IMG_7178-768x618.jpg 768w\" sizes=\"auto, (max-width: 1275px) 100vw, 1275px\" \/><\/a><figcaption class=\"wp-element-caption\">Screenshot<\/figcaption><\/figure>\n<\/figure>\n","protected":false},"excerpt":{"rendered":"<p>Unul din cele mai a\u0219teptate proiecte municipale vizeaz\u0103 reabilitarea \u0219i revitalizarea Parcului Arini din Sebe\u0219. Mar\u021bi, 5 noiembrie 2024, la sediul prim\u0103riei a avut loc dezbaterea public\u0103 privind documenta\u021bia de avizare a lucr\u0103rilor de interven\u021bie. Conceptul de amenajare propune realizarea a dou\u0103 zone mari: o zon\u0103 destinat\u0103 cu predilec\u021bie activit\u0103\u021bilor de recreere \u0219i de socializare, &hellip;<\/p>\n","protected":false},"author":5,"featured_media":114788,"comment_status":"open","ping_status":"open","sticky":false,"template":"","format":"standard","meta":{"inline_featured_image":false,"footnotes":""},"categories":[2035],"tags":[],"class_list":["post-114783","post","type-post","status-publish","format-standard","has-post-thumbnail","hentry","category-administratie"],"yoast_head":"<!-- This site is optimized with the Yoast SEO plugin v27.4 - https:\/\/yoast.com\/product\/yoast-seo-wordpress\/ -->\n<title>Parcul Arini din Sebe\u0219 pa\u0219i concre\u021bi parcur\u0219i de prim\u0103rie pentru realizarea \u0219i finan\u021barea proiectului de revitalizare - Revista Urbea Mea - Revista de Alba<\/title>\n<meta name=\"description\" content=\"Unul din cele mai a\u0219teptate proiecte municipale vizeaz\u0103 reabilitarea \u0219i revitalizarea Parcului Arini din Sebe\u0219. Mar\u021bi, 5 noiembrie 2024, la sediul\" \/>\n<meta name=\"robots\" content=\"index, follow, max-snippet:-1, max-image-preview:large, max-video-preview:-1\" \/>\n<link rel=\"canonical\" href=\"https:\/\/urbeamea.ro\/albaiulia\/parcul-arini-din-sebes-pasi-concreti-parcursi-de-primarie-pentru-realizarea-si-finantarea-proiectului-de-revitalizare\/\" \/>\n<meta name=\"twitter:card\" content=\"summary_large_image\" \/>\n<meta name=\"twitter:title\" content=\"Parcul Arini din Sebe\u0219 pa\u0219i concre\u021bi parcur\u0219i de prim\u0103rie pentru realizarea \u0219i finan\u021barea proiectului de revitalizare - Revista Urbea Mea - Revista de Alba\" \/>\n<meta name=\"twitter:description\" content=\"Unul din cele mai a\u0219teptate proiecte municipale vizeaz\u0103 reabilitarea \u0219i revitalizarea Parcului Arini din Sebe\u0219. Mar\u021bi, 5 noiembrie 2024, la sediul\" \/>\n<meta name=\"twitter:image\" content=\"https:\/\/urbeamea.ro\/albaiulia\/wp-content\/uploads\/2024\/11\/Imagine-WhatsApp-2024-11-05-la-15.12.57_39b2d524.jpg\" \/>\n<meta name=\"twitter:creator\" content=\"@urbeameaweb\" \/>\n<meta name=\"twitter:site\" content=\"@urbeameaweb\" \/>\n<script type=\"application\/ld+json\" class=\"yoast-schema-graph\">{\"@context\":\"https:\\\/\\\/schema.org\",\"@graph\":[{\"@type\":\"Article\",\"@id\":\"https:\\\/\\\/urbeamea.ro\\\/albaiulia\\\/parcul-arini-din-sebes-pasi-concreti-parcursi-de-primarie-pentru-realizarea-si-finantarea-proiectului-de-revitalizare\\\/#article\",\"isPartOf\":{\"@id\":\"https:\\\/\\\/urbeamea.ro\\\/albaiulia\\\/parcul-arini-din-sebes-pasi-concreti-parcursi-de-primarie-pentru-realizarea-si-finantarea-proiectului-de-revitalizare\\\/\"},\"author\":{\"name\":\"Bogdan P\u0103unescu\",\"@id\":\"https:\\\/\\\/urbeamea.ro\\\/albaiulia\\\/#\\\/schema\\\/person\\\/a115373ce8153754c6b084232d985956\"},\"headline\":\"Parcul Arini din Sebe\u0219 pa\u0219i concre\u021bi parcur\u0219i de prim\u0103rie pentru realizarea \u0219i finan\u021barea proiectului de revitalizare\",\"datePublished\":\"2024-11-11T13:20:52+00:00\",\"dateModified\":\"2024-11-11T13:20:53+00:00\",\"mainEntityOfPage\":{\"@id\":\"https:\\\/\\\/urbeamea.ro\\\/albaiulia\\\/parcul-arini-din-sebes-pasi-concreti-parcursi-de-primarie-pentru-realizarea-si-finantarea-proiectului-de-revitalizare\\\/\"},\"wordCount\":283,\"commentCount\":0,\"image\":{\"@id\":\"https:\\\/\\\/urbeamea.ro\\\/albaiulia\\\/parcul-arini-din-sebes-pasi-concreti-parcursi-de-primarie-pentru-realizarea-si-finantarea-proiectului-de-revitalizare\\\/#primaryimage\"},\"thumbnailUrl\":\"https:\\\/\\\/urbeamea.ro\\\/albaiulia\\\/wp-content\\\/uploads\\\/2024\\\/11\\\/Imagine-WhatsApp-2024-11-05-la-15.12.57_39b2d524.jpg\",\"articleSection\":[\"Administra\u021bie\"],\"inLanguage\":\"ro-RO\",\"potentialAction\":[{\"@type\":\"CommentAction\",\"name\":\"Comment\",\"target\":[\"https:\\\/\\\/urbeamea.ro\\\/albaiulia\\\/parcul-arini-din-sebes-pasi-concreti-parcursi-de-primarie-pentru-realizarea-si-finantarea-proiectului-de-revitalizare\\\/#respond\"]}]},{\"@type\":\"WebPage\",\"@id\":\"https:\\\/\\\/urbeamea.ro\\\/albaiulia\\\/parcul-arini-din-sebes-pasi-concreti-parcursi-de-primarie-pentru-realizarea-si-finantarea-proiectului-de-revitalizare\\\/\",\"url\":\"https:\\\/\\\/urbeamea.ro\\\/albaiulia\\\/parcul-arini-din-sebes-pasi-concreti-parcursi-de-primarie-pentru-realizarea-si-finantarea-proiectului-de-revitalizare\\\/\",\"name\":\"Parcul Arini din Sebe\u0219 pa\u0219i concre\u021bi parcur\u0219i de prim\u0103rie pentru realizarea \u0219i finan\u021barea proiectului de revitalizare - Revista Urbea Mea - Revista de Alba\",\"isPartOf\":{\"@id\":\"https:\\\/\\\/urbeamea.ro\\\/albaiulia\\\/#website\"},\"primaryImageOfPage\":{\"@id\":\"https:\\\/\\\/urbeamea.ro\\\/albaiulia\\\/parcul-arini-din-sebes-pasi-concreti-parcursi-de-primarie-pentru-realizarea-si-finantarea-proiectului-de-revitalizare\\\/#primaryimage\"},\"image\":{\"@id\":\"https:\\\/\\\/urbeamea.ro\\\/albaiulia\\\/parcul-arini-din-sebes-pasi-concreti-parcursi-de-primarie-pentru-realizarea-si-finantarea-proiectului-de-revitalizare\\\/#primaryimage\"},\"thumbnailUrl\":\"https:\\\/\\\/urbeamea.ro\\\/albaiulia\\\/wp-content\\\/uploads\\\/2024\\\/11\\\/Imagine-WhatsApp-2024-11-05-la-15.12.57_39b2d524.jpg\",\"datePublished\":\"2024-11-11T13:20:52+00:00\",\"dateModified\":\"2024-11-11T13:20:53+00:00\",\"author\":{\"@id\":\"https:\\\/\\\/urbeamea.ro\\\/albaiulia\\\/#\\\/schema\\\/person\\\/a115373ce8153754c6b084232d985956\"},\"description\":\"Unul din cele mai a\u0219teptate proiecte municipale vizeaz\u0103 reabilitarea \u0219i revitalizarea Parcului Arini din Sebe\u0219. Mar\u021bi, 5 noiembrie 2024, la sediul\",\"breadcrumb\":{\"@id\":\"https:\\\/\\\/urbeamea.ro\\\/albaiulia\\\/parcul-arini-din-sebes-pasi-concreti-parcursi-de-primarie-pentru-realizarea-si-finantarea-proiectului-de-revitalizare\\\/#breadcrumb\"},\"inLanguage\":\"ro-RO\",\"potentialAction\":[{\"@type\":\"ReadAction\",\"target\":[\"https:\\\/\\\/urbeamea.ro\\\/albaiulia\\\/parcul-arini-din-sebes-pasi-concreti-parcursi-de-primarie-pentru-realizarea-si-finantarea-proiectului-de-revitalizare\\\/\"]}]},{\"@type\":\"ImageObject\",\"inLanguage\":\"ro-RO\",\"@id\":\"https:\\\/\\\/urbeamea.ro\\\/albaiulia\\\/parcul-arini-din-sebes-pasi-concreti-parcursi-de-primarie-pentru-realizarea-si-finantarea-proiectului-de-revitalizare\\\/#primaryimage\",\"url\":\"https:\\\/\\\/urbeamea.ro\\\/albaiulia\\\/wp-content\\\/uploads\\\/2024\\\/11\\\/Imagine-WhatsApp-2024-11-05-la-15.12.57_39b2d524.jpg\",\"contentUrl\":\"https:\\\/\\\/urbeamea.ro\\\/albaiulia\\\/wp-content\\\/uploads\\\/2024\\\/11\\\/Imagine-WhatsApp-2024-11-05-la-15.12.57_39b2d524.jpg\",\"width\":2048,\"height\":1536},{\"@type\":\"BreadcrumbList\",\"@id\":\"https:\\\/\\\/urbeamea.ro\\\/albaiulia\\\/parcul-arini-din-sebes-pasi-concreti-parcursi-de-primarie-pentru-realizarea-si-finantarea-proiectului-de-revitalizare\\\/#breadcrumb\",\"itemListElement\":[{\"@type\":\"ListItem\",\"position\":1,\"name\":\"Prima pagin\u0103\",\"item\":\"https:\\\/\\\/urbeamea.ro\\\/albaiulia\\\/\"},{\"@type\":\"ListItem\",\"position\":2,\"name\":\"Parcul Arini din Sebe\u0219 pa\u0219i concre\u021bi parcur\u0219i de prim\u0103rie pentru realizarea \u0219i finan\u021barea proiectului de revitalizare\"}]},{\"@type\":\"WebSite\",\"@id\":\"https:\\\/\\\/urbeamea.ro\\\/albaiulia\\\/#website\",\"url\":\"https:\\\/\\\/urbeamea.ro\\\/albaiulia\\\/\",\"name\":\"Revista Urbea Mea, Stiri urbane\",\"description\":\"Evenimente \u0219i \u0219tiri din Alba Iulia, Sebe\u0219, Aiud, Blaj\",\"potentialAction\":[{\"@type\":\"SearchAction\",\"target\":{\"@type\":\"EntryPoint\",\"urlTemplate\":\"https:\\\/\\\/urbeamea.ro\\\/albaiulia\\\/?s={search_term_string}\"},\"query-input\":{\"@type\":\"PropertyValueSpecification\",\"valueRequired\":true,\"valueName\":\"search_term_string\"}}],\"inLanguage\":\"ro-RO\"},{\"@type\":\"Person\",\"@id\":\"https:\\\/\\\/urbeamea.ro\\\/albaiulia\\\/#\\\/schema\\\/person\\\/a115373ce8153754c6b084232d985956\",\"name\":\"Bogdan P\u0103unescu\",\"image\":{\"@type\":\"ImageObject\",\"inLanguage\":\"ro-RO\",\"@id\":\"https:\\\/\\\/secure.gravatar.com\\\/avatar\\\/f72aa881b5a32ea110a53aabc2049429e3ff68fcb09d283722d01fbf330e9dd9?s=96&d=mm&r=g\",\"url\":\"https:\\\/\\\/secure.gravatar.com\\\/avatar\\\/f72aa881b5a32ea110a53aabc2049429e3ff68fcb09d283722d01fbf330e9dd9?s=96&d=mm&r=g\",\"contentUrl\":\"https:\\\/\\\/secure.gravatar.com\\\/avatar\\\/f72aa881b5a32ea110a53aabc2049429e3ff68fcb09d283722d01fbf330e9dd9?s=96&d=mm&r=g\",\"caption\":\"Bogdan P\u0103unescu\"},\"description\":\"\u00cemi place tot ceea ce este legat de web \u015fi ajut la dezvoltarea \u015fi \u00eembun\u0103t\u0103\u0163irea lui prin tot ceea ce fac.\",\"sameAs\":[\"https:\\\/\\\/www.artonmedia.ro\",\"https:\\\/\\\/www.facebook.com\\\/bogdanvpaunescu\"],\"url\":\"https:\\\/\\\/urbeamea.ro\\\/albaiulia\\\/author\\\/bogdan-paunescu\\\/\"}]}<\/script>\n<!-- \/ Yoast SEO plugin. -->","yoast_head_json":{"title":"Parcul Arini din Sebe\u0219 pa\u0219i concre\u021bi parcur\u0219i de prim\u0103rie pentru realizarea \u0219i finan\u021barea proiectului de revitalizare - Revista Urbea Mea - Revista de Alba","description":"Unul din cele mai a\u0219teptate proiecte municipale vizeaz\u0103 reabilitarea \u0219i revitalizarea Parcului Arini din Sebe\u0219. Mar\u021bi, 5 noiembrie 2024, la sediul","robots":{"index":"index","follow":"follow","max-snippet":"max-snippet:-1","max-image-preview":"max-image-preview:large","max-video-preview":"max-video-preview:-1"},"canonical":"https:\/\/urbeamea.ro\/albaiulia\/parcul-arini-din-sebes-pasi-concreti-parcursi-de-primarie-pentru-realizarea-si-finantarea-proiectului-de-revitalizare\/","twitter_card":"summary_large_image","twitter_title":"Parcul Arini din Sebe\u0219 pa\u0219i concre\u021bi parcur\u0219i de prim\u0103rie pentru realizarea \u0219i finan\u021barea proiectului de revitalizare - Revista Urbea Mea - Revista de Alba","twitter_description":"Unul din cele mai a\u0219teptate proiecte municipale vizeaz\u0103 reabilitarea \u0219i revitalizarea Parcului Arini din Sebe\u0219. Mar\u021bi, 5 noiembrie 2024, la sediul","twitter_image":"https:\/\/urbeamea.ro\/albaiulia\/wp-content\/uploads\/2024\/11\/Imagine-WhatsApp-2024-11-05-la-15.12.57_39b2d524.jpg","twitter_creator":"@urbeameaweb","twitter_site":"@urbeameaweb","schema":{"@context":"https:\/\/schema.org","@graph":[{"@type":"Article","@id":"https:\/\/urbeamea.ro\/albaiulia\/parcul-arini-din-sebes-pasi-concreti-parcursi-de-primarie-pentru-realizarea-si-finantarea-proiectului-de-revitalizare\/#article","isPartOf":{"@id":"https:\/\/urbeamea.ro\/albaiulia\/parcul-arini-din-sebes-pasi-concreti-parcursi-de-primarie-pentru-realizarea-si-finantarea-proiectului-de-revitalizare\/"},"author":{"name":"Bogdan P\u0103unescu","@id":"https:\/\/urbeamea.ro\/albaiulia\/#\/schema\/person\/a115373ce8153754c6b084232d985956"},"headline":"Parcul Arini din Sebe\u0219 pa\u0219i concre\u021bi parcur\u0219i de prim\u0103rie pentru realizarea \u0219i finan\u021barea proiectului de revitalizare","datePublished":"2024-11-11T13:20:52+00:00","dateModified":"2024-11-11T13:20:53+00:00","mainEntityOfPage":{"@id":"https:\/\/urbeamea.ro\/albaiulia\/parcul-arini-din-sebes-pasi-concreti-parcursi-de-primarie-pentru-realizarea-si-finantarea-proiectului-de-revitalizare\/"},"wordCount":283,"commentCount":0,"image":{"@id":"https:\/\/urbeamea.ro\/albaiulia\/parcul-arini-din-sebes-pasi-concreti-parcursi-de-primarie-pentru-realizarea-si-finantarea-proiectului-de-revitalizare\/#primaryimage"},"thumbnailUrl":"https:\/\/urbeamea.ro\/albaiulia\/wp-content\/uploads\/2024\/11\/Imagine-WhatsApp-2024-11-05-la-15.12.57_39b2d524.jpg","articleSection":["Administra\u021bie"],"inLanguage":"ro-RO","potentialAction":[{"@type":"CommentAction","name":"Comment","target":["https:\/\/urbeamea.ro\/albaiulia\/parcul-arini-din-sebes-pasi-concreti-parcursi-de-primarie-pentru-realizarea-si-finantarea-proiectului-de-revitalizare\/#respond"]}]},{"@type":"WebPage","@id":"https:\/\/urbeamea.ro\/albaiulia\/parcul-arini-din-sebes-pasi-concreti-parcursi-de-primarie-pentru-realizarea-si-finantarea-proiectului-de-revitalizare\/","url":"https:\/\/urbeamea.ro\/albaiulia\/parcul-arini-din-sebes-pasi-concreti-parcursi-de-primarie-pentru-realizarea-si-finantarea-proiectului-de-revitalizare\/","name":"Parcul Arini din Sebe\u0219 pa\u0219i concre\u021bi parcur\u0219i de prim\u0103rie pentru realizarea \u0219i finan\u021barea proiectului de revitalizare - Revista Urbea Mea - Revista de Alba","isPartOf":{"@id":"https:\/\/urbeamea.ro\/albaiulia\/#website"},"primaryImageOfPage":{"@id":"https:\/\/urbeamea.ro\/albaiulia\/parcul-arini-din-sebes-pasi-concreti-parcursi-de-primarie-pentru-realizarea-si-finantarea-proiectului-de-revitalizare\/#primaryimage"},"image":{"@id":"https:\/\/urbeamea.ro\/albaiulia\/parcul-arini-din-sebes-pasi-concreti-parcursi-de-primarie-pentru-realizarea-si-finantarea-proiectului-de-revitalizare\/#primaryimage"},"thumbnailUrl":"https:\/\/urbeamea.ro\/albaiulia\/wp-content\/uploads\/2024\/11\/Imagine-WhatsApp-2024-11-05-la-15.12.57_39b2d524.jpg","datePublished":"2024-11-11T13:20:52+00:00","dateModified":"2024-11-11T13:20:53+00:00","author":{"@id":"https:\/\/urbeamea.ro\/albaiulia\/#\/schema\/person\/a115373ce8153754c6b084232d985956"},"description":"Unul din cele mai a\u0219teptate proiecte municipale vizeaz\u0103 reabilitarea \u0219i revitalizarea Parcului Arini din Sebe\u0219. Mar\u021bi, 5 noiembrie 2024, la sediul","breadcrumb":{"@id":"https:\/\/urbeamea.ro\/albaiulia\/parcul-arini-din-sebes-pasi-concreti-parcursi-de-primarie-pentru-realizarea-si-finantarea-proiectului-de-revitalizare\/#breadcrumb"},"inLanguage":"ro-RO","potentialAction":[{"@type":"ReadAction","target":["https:\/\/urbeamea.ro\/albaiulia\/parcul-arini-din-sebes-pasi-concreti-parcursi-de-primarie-pentru-realizarea-si-finantarea-proiectului-de-revitalizare\/"]}]},{"@type":"ImageObject","inLanguage":"ro-RO","@id":"https:\/\/urbeamea.ro\/albaiulia\/parcul-arini-din-sebes-pasi-concreti-parcursi-de-primarie-pentru-realizarea-si-finantarea-proiectului-de-revitalizare\/#primaryimage","url":"https:\/\/urbeamea.ro\/albaiulia\/wp-content\/uploads\/2024\/11\/Imagine-WhatsApp-2024-11-05-la-15.12.57_39b2d524.jpg","contentUrl":"https:\/\/urbeamea.ro\/albaiulia\/wp-content\/uploads\/2024\/11\/Imagine-WhatsApp-2024-11-05-la-15.12.57_39b2d524.jpg","width":2048,"height":1536},{"@type":"BreadcrumbList","@id":"https:\/\/urbeamea.ro\/albaiulia\/parcul-arini-din-sebes-pasi-concreti-parcursi-de-primarie-pentru-realizarea-si-finantarea-proiectului-de-revitalizare\/#breadcrumb","itemListElement":[{"@type":"ListItem","position":1,"name":"Prima pagin\u0103","item":"https:\/\/urbeamea.ro\/albaiulia\/"},{"@type":"ListItem","position":2,"name":"Parcul Arini din Sebe\u0219 pa\u0219i concre\u021bi parcur\u0219i de prim\u0103rie pentru realizarea \u0219i finan\u021barea proiectului de revitalizare"}]},{"@type":"WebSite","@id":"https:\/\/urbeamea.ro\/albaiulia\/#website","url":"https:\/\/urbeamea.ro\/albaiulia\/","name":"Revista Urbea Mea, Stiri urbane","description":"Evenimente \u0219i \u0219tiri din Alba Iulia, Sebe\u0219, Aiud, Blaj","potentialAction":[{"@type":"SearchAction","target":{"@type":"EntryPoint","urlTemplate":"https:\/\/urbeamea.ro\/albaiulia\/?s={search_term_string}"},"query-input":{"@type":"PropertyValueSpecification","valueRequired":true,"valueName":"search_term_string"}}],"inLanguage":"ro-RO"},{"@type":"Person","@id":"https:\/\/urbeamea.ro\/albaiulia\/#\/schema\/person\/a115373ce8153754c6b084232d985956","name":"Bogdan P\u0103unescu","image":{"@type":"ImageObject","inLanguage":"ro-RO","@id":"https:\/\/secure.gravatar.com\/avatar\/f72aa881b5a32ea110a53aabc2049429e3ff68fcb09d283722d01fbf330e9dd9?s=96&d=mm&r=g","url":"https:\/\/secure.gravatar.com\/avatar\/f72aa881b5a32ea110a53aabc2049429e3ff68fcb09d283722d01fbf330e9dd9?s=96&d=mm&r=g","contentUrl":"https:\/\/secure.gravatar.com\/avatar\/f72aa881b5a32ea110a53aabc2049429e3ff68fcb09d283722d01fbf330e9dd9?s=96&d=mm&r=g","caption":"Bogdan P\u0103unescu"},"description":"\u00cemi place tot ceea ce este legat de web \u015fi ajut la dezvoltarea \u015fi \u00eembun\u0103t\u0103\u0163irea lui prin tot ceea ce fac.","sameAs":["https:\/\/www.artonmedia.ro","https:\/\/www.facebook.com\/bogdanvpaunescu"],"url":"https:\/\/urbeamea.ro\/albaiulia\/author\/bogdan-paunescu\/"}]}},"_links":{"self":[{"href":"https:\/\/urbeamea.ro\/albaiulia\/wp-json\/wp\/v2\/posts\/114783","targetHints":{"allow":["GET"]}}],"collection":[{"href":"https:\/\/urbeamea.ro\/albaiulia\/wp-json\/wp\/v2\/posts"}],"about":[{"href":"https:\/\/urbeamea.ro\/albaiulia\/wp-json\/wp\/v2\/types\/post"}],"author":[{"embeddable":true,"href":"https:\/\/urbeamea.ro\/albaiulia\/wp-json\/wp\/v2\/users\/5"}],"replies":[{"embeddable":true,"href":"https:\/\/urbeamea.ro\/albaiulia\/wp-json\/wp\/v2\/comments?post=114783"}],"version-history":[{"count":1,"href":"https:\/\/urbeamea.ro\/albaiulia\/wp-json\/wp\/v2\/posts\/114783\/revisions"}],"predecessor-version":[{"id":114789,"href":"https:\/\/urbeamea.ro\/albaiulia\/wp-json\/wp\/v2\/posts\/114783\/revisions\/114789"}],"wp:featuredmedia":[{"embeddable":true,"href":"https:\/\/urbeamea.ro\/albaiulia\/wp-json\/wp\/v2\/media\/114788"}],"wp:attachment":[{"href":"https:\/\/urbeamea.ro\/albaiulia\/wp-json\/wp\/v2\/media?parent=114783"}],"wp:term":[{"taxonomy":"category","embeddable":true,"href":"https:\/\/urbeamea.ro\/albaiulia\/wp-json\/wp\/v2\/categories?post=114783"},{"taxonomy":"post_tag","embeddable":true,"href":"https:\/\/urbeamea.ro\/albaiulia\/wp-json\/wp\/v2\/tags?post=114783"}],"curies":[{"name":"wp","href":"https:\/\/api.w.org\/{rel}","templated":true}]}}