{"id":115105,"date":"2024-11-26T22:55:18","date_gmt":"2024-11-26T20:55:18","guid":{"rendered":"https:\/\/urbeamea.ro\/albaiulia\/?p=115105"},"modified":"2024-11-26T22:55:19","modified_gmt":"2024-11-26T20:55:19","slug":"sebesul-si-traditiile-locale-fanfara-din-petresti-si-scutierii-de-muhlbach-defileaza-in-onoarea-zilei-nationale-a-romaniei-muzeele-ofera-acces-gratuit-si-expozitii-tematice","status":"publish","type":"post","link":"https:\/\/urbeamea.ro\/albaiulia\/sebesul-si-traditiile-locale-fanfara-din-petresti-si-scutierii-de-muhlbach-defileaza-in-onoarea-zilei-nationale-a-romaniei-muzeele-ofera-acces-gratuit-si-expozitii-tematice\/","title":{"rendered":"Sebe\u0219ul \u0219i tradi\u021biile locale: Fanfara din Petre\u0219ti \u0219i Scutierii de Muhlbach, defileaz\u0103 \u00een onoarea Zilei Na\u021bionale a Rom\u00e2niei, Muzeele ofer\u0103 acces gratuit \u0219i expozi\u021bii tematice"},"content":{"rendered":"\n<p><strong>Duminic\u0103, 1 Decembrie 2024, la ora 18.00, Fanfara din Petre\u0219ti \u0219i tinerii din Ordinul Scutierilor de Muhlbach vor defila pe traseul cuprins \u00eentre Centrul Cultural \u201eLucian Blaga\u201d Sebe\u0219 \u2013 Prim\u0103ria Municipiului Sebe\u0219 &#8211; Parcul Tineretului.<\/strong><\/p>\n\n\n\n<p>\u00cen onoarea zilei de 1 Decembrie, Casa Memorial\u0103 \u201eLucian Blaga\u201d din Lancr\u0103m \u0219i Muzeul Municipal \u201eIoan Raica\u201d din Sebe\u0219 ofer\u0103 vineri acces gratuit tuturor vizitatorilor, \u00een intervalul orar 10.00-16.00. <\/p>\n\n\n\n<p>Biblioteca Municipal\u0103 \u201eLucian Blaga\u201d va prezenta o expozi\u021bie tematic\u0103 online.<\/p>\n\n\n\n<p>La mul\u021bi ani, dragi rom\u00e2ni!<\/p>\n\n\n\n<p>PROGRAMUL CASEI MEMORIALE \u201eLUCIAN BLAGA\u201d LANCR\u0102M<\/p>\n\n\n\n<p>Duminic\u0103, 1 Decembrie 2024 Orele 08.00-16.00, acces gratuit tuturor vizitatorilor<\/p>\n\n\n\n<p>S\u00e2mb\u0103t\u0103, 30 noiembrie 2024<\/p>\n\n\n\n<p>Orele: 08.00-16.00<\/p>\n\n\n\n<p>PROGRAMUL MUZEULUI MUNICIPAL \u201eIOAN RAICA\u201d SEBE\u0218<\/p>\n\n\n\n<p>Duminic\u0103, 1 Decembrie 2024 Orele 10.00-16.00, acces gratuit tuturor vizitatorilor<\/p>\n\n\n\n<p>S\u00e2mb\u0103t\u0103, 30 noiembrie 2024<\/p>\n\n\n\n<p>Orele: 10.00-16.00<\/p>\n\n\n\n<figure class=\"wp-block-image size-full\"><img loading=\"lazy\" decoding=\"async\" width=\"1080\" height=\"591\" src=\"https:\/\/urbeamea.ro\/albaiulia\/wp-content\/uploads\/2024\/11\/1000019813.jpg\" alt=\"\" class=\"wp-image-115106\" srcset=\"https:\/\/urbeamea.ro\/albaiulia\/wp-content\/uploads\/2024\/11\/1000019813.jpg 1080w, https:\/\/urbeamea.ro\/albaiulia\/wp-content\/uploads\/2024\/11\/1000019813-640x350.jpg 640w, https:\/\/urbeamea.ro\/albaiulia\/wp-content\/uploads\/2024\/11\/1000019813-150x82.jpg 150w, https:\/\/urbeamea.ro\/albaiulia\/wp-content\/uploads\/2024\/11\/1000019813-768x420.jpg 768w\" sizes=\"auto, (max-width: 1080px) 100vw, 1080px\" \/><\/figure>\n\n\n\n<p><\/p>\n","protected":false},"excerpt":{"rendered":"<p>Duminic\u0103, 1 Decembrie 2024, la ora 18.00, Fanfara din Petre\u0219ti \u0219i tinerii din Ordinul Scutierilor de Muhlbach vor defila pe traseul cuprins \u00eentre Centrul Cultural \u201eLucian Blaga\u201d Sebe\u0219 \u2013 Prim\u0103ria Municipiului Sebe\u0219 &#8211; Parcul Tineretului. \u00cen onoarea zilei de 1 Decembrie, Casa Memorial\u0103 \u201eLucian Blaga\u201d din Lancr\u0103m \u0219i Muzeul Municipal \u201eIoan Raica\u201d din Sebe\u0219 ofer\u0103 &hellip;<\/p>\n","protected":false},"author":28,"featured_media":115106,"comment_status":"open","ping_status":"open","sticky":false,"template":"","format":"standard","meta":{"inline_featured_image":false,"footnotes":""},"categories":[2038,4,2034,1,16344],"tags":[6638,25129],"class_list":["post-115105","post","type-post","status-publish","format-standard","has-post-thumbnail","hentry","category-cultura","category-eveniment","category-social","category-stiri-urbane","category-urbea-mea","tag-1-decembrie-1918","tag-sebesul"],"yoast_head":"<!-- This site is optimized with the Yoast SEO plugin v27.4 - https:\/\/yoast.com\/product\/yoast-seo-wordpress\/ -->\n<title>Sebe\u0219ul \u0219i tradi\u021biile locale: Fanfara din Petre\u0219ti \u0219i Scutierii de Muhlbach, defileaz\u0103 \u00een onoarea Zilei Na\u021bionale a Rom\u00e2niei, Muzeele ofer\u0103 acces gratuit \u0219i expozi\u021bii tematice - Revista Urbea Mea - Revista de Alba<\/title>\n<meta name=\"description\" content=\"Duminic\u0103, 1 Decembrie 2024, la ora 18.00, Fanfara din Petre\u0219ti \u0219i tinerii din Ordinul Scutierilor de Muhlbach vor defila pe traseul cuprins \u00eentre Centrul\" \/>\n<meta name=\"robots\" content=\"index, follow, max-snippet:-1, max-image-preview:large, max-video-preview:-1\" \/>\n<link rel=\"canonical\" href=\"https:\/\/urbeamea.ro\/albaiulia\/sebesul-si-traditiile-locale-fanfara-din-petresti-si-scutierii-de-muhlbach-defileaza-in-onoarea-zilei-nationale-a-romaniei-muzeele-ofera-acces-gratuit-si-expozitii-tematice\/\" \/>\n<meta name=\"twitter:card\" content=\"summary_large_image\" \/>\n<meta name=\"twitter:title\" content=\"Sebe\u0219ul \u0219i tradi\u021biile locale: Fanfara din Petre\u0219ti \u0219i Scutierii de Muhlbach, defileaz\u0103 \u00een onoarea Zilei Na\u021bionale a Rom\u00e2niei, Muzeele ofer\u0103 acces gratuit \u0219i expozi\u021bii tematice - Revista Urbea Mea - Revista de Alba\" \/>\n<meta name=\"twitter:description\" content=\"Duminic\u0103, 1 Decembrie 2024, la ora 18.00, Fanfara din Petre\u0219ti \u0219i tinerii din Ordinul Scutierilor de Muhlbach vor defila pe traseul cuprins \u00eentre Centrul\" \/>\n<meta name=\"twitter:image\" content=\"https:\/\/urbeamea.ro\/albaiulia\/wp-content\/uploads\/2024\/11\/1000019813.jpg\" \/>\n<meta name=\"twitter:creator\" content=\"@urbeameaweb\" \/>\n<meta name=\"twitter:site\" content=\"@urbeameaweb\" \/>\n<script type=\"application\/ld+json\" class=\"yoast-schema-graph\">{\"@context\":\"https:\\\/\\\/schema.org\",\"@graph\":[{\"@type\":\"Article\",\"@id\":\"https:\\\/\\\/urbeamea.ro\\\/albaiulia\\\/sebesul-si-traditiile-locale-fanfara-din-petresti-si-scutierii-de-muhlbach-defileaza-in-onoarea-zilei-nationale-a-romaniei-muzeele-ofera-acces-gratuit-si-expozitii-tematice\\\/#article\",\"isPartOf\":{\"@id\":\"https:\\\/\\\/urbeamea.ro\\\/albaiulia\\\/sebesul-si-traditiile-locale-fanfara-din-petresti-si-scutierii-de-muhlbach-defileaza-in-onoarea-zilei-nationale-a-romaniei-muzeele-ofera-acces-gratuit-si-expozitii-tematice\\\/\"},\"author\":{\"name\":\"Giurca Sorin\",\"@id\":\"https:\\\/\\\/urbeamea.ro\\\/albaiulia\\\/#\\\/schema\\\/person\\\/5db3854ac38c1cc9f0ab4092d6a20f02\"},\"headline\":\"Sebe\u0219ul \u0219i tradi\u021biile locale: Fanfara din Petre\u0219ti \u0219i Scutierii de Muhlbach, defileaz\u0103 \u00een onoarea Zilei Na\u021bionale a Rom\u00e2niei, Muzeele ofer\u0103 acces gratuit \u0219i expozi\u021bii tematice\",\"datePublished\":\"2024-11-26T20:55:18+00:00\",\"dateModified\":\"2024-11-26T20:55:19+00:00\",\"mainEntityOfPage\":{\"@id\":\"https:\\\/\\\/urbeamea.ro\\\/albaiulia\\\/sebesul-si-traditiile-locale-fanfara-din-petresti-si-scutierii-de-muhlbach-defileaza-in-onoarea-zilei-nationale-a-romaniei-muzeele-ofera-acces-gratuit-si-expozitii-tematice\\\/\"},\"wordCount\":152,\"commentCount\":0,\"image\":{\"@id\":\"https:\\\/\\\/urbeamea.ro\\\/albaiulia\\\/sebesul-si-traditiile-locale-fanfara-din-petresti-si-scutierii-de-muhlbach-defileaza-in-onoarea-zilei-nationale-a-romaniei-muzeele-ofera-acces-gratuit-si-expozitii-tematice\\\/#primaryimage\"},\"thumbnailUrl\":\"https:\\\/\\\/urbeamea.ro\\\/albaiulia\\\/wp-content\\\/uploads\\\/2024\\\/11\\\/1000019813.jpg\",\"keywords\":[\"1 decembrie 1918\",\"Sebe\u0219ul\"],\"articleSection\":[\"Cultur\u0103\",\"Evenimente\",\"Social\",\"\u015etiri Urbane\",\"Urbea Mea\"],\"inLanguage\":\"ro-RO\",\"potentialAction\":[{\"@type\":\"CommentAction\",\"name\":\"Comment\",\"target\":[\"https:\\\/\\\/urbeamea.ro\\\/albaiulia\\\/sebesul-si-traditiile-locale-fanfara-din-petresti-si-scutierii-de-muhlbach-defileaza-in-onoarea-zilei-nationale-a-romaniei-muzeele-ofera-acces-gratuit-si-expozitii-tematice\\\/#respond\"]}]},{\"@type\":\"WebPage\",\"@id\":\"https:\\\/\\\/urbeamea.ro\\\/albaiulia\\\/sebesul-si-traditiile-locale-fanfara-din-petresti-si-scutierii-de-muhlbach-defileaza-in-onoarea-zilei-nationale-a-romaniei-muzeele-ofera-acces-gratuit-si-expozitii-tematice\\\/\",\"url\":\"https:\\\/\\\/urbeamea.ro\\\/albaiulia\\\/sebesul-si-traditiile-locale-fanfara-din-petresti-si-scutierii-de-muhlbach-defileaza-in-onoarea-zilei-nationale-a-romaniei-muzeele-ofera-acces-gratuit-si-expozitii-tematice\\\/\",\"name\":\"Sebe\u0219ul \u0219i tradi\u021biile locale: Fanfara din Petre\u0219ti \u0219i Scutierii de Muhlbach, defileaz\u0103 \u00een onoarea Zilei Na\u021bionale a Rom\u00e2niei, Muzeele ofer\u0103 acces gratuit \u0219i expozi\u021bii tematice - Revista Urbea Mea - Revista de Alba\",\"isPartOf\":{\"@id\":\"https:\\\/\\\/urbeamea.ro\\\/albaiulia\\\/#website\"},\"primaryImageOfPage\":{\"@id\":\"https:\\\/\\\/urbeamea.ro\\\/albaiulia\\\/sebesul-si-traditiile-locale-fanfara-din-petresti-si-scutierii-de-muhlbach-defileaza-in-onoarea-zilei-nationale-a-romaniei-muzeele-ofera-acces-gratuit-si-expozitii-tematice\\\/#primaryimage\"},\"image\":{\"@id\":\"https:\\\/\\\/urbeamea.ro\\\/albaiulia\\\/sebesul-si-traditiile-locale-fanfara-din-petresti-si-scutierii-de-muhlbach-defileaza-in-onoarea-zilei-nationale-a-romaniei-muzeele-ofera-acces-gratuit-si-expozitii-tematice\\\/#primaryimage\"},\"thumbnailUrl\":\"https:\\\/\\\/urbeamea.ro\\\/albaiulia\\\/wp-content\\\/uploads\\\/2024\\\/11\\\/1000019813.jpg\",\"datePublished\":\"2024-11-26T20:55:18+00:00\",\"dateModified\":\"2024-11-26T20:55:19+00:00\",\"author\":{\"@id\":\"https:\\\/\\\/urbeamea.ro\\\/albaiulia\\\/#\\\/schema\\\/person\\\/5db3854ac38c1cc9f0ab4092d6a20f02\"},\"description\":\"Duminic\u0103, 1 Decembrie 2024, la ora 18.00, Fanfara din Petre\u0219ti \u0219i tinerii din Ordinul Scutierilor de Muhlbach vor defila pe traseul cuprins \u00eentre Centrul\",\"breadcrumb\":{\"@id\":\"https:\\\/\\\/urbeamea.ro\\\/albaiulia\\\/sebesul-si-traditiile-locale-fanfara-din-petresti-si-scutierii-de-muhlbach-defileaza-in-onoarea-zilei-nationale-a-romaniei-muzeele-ofera-acces-gratuit-si-expozitii-tematice\\\/#breadcrumb\"},\"inLanguage\":\"ro-RO\",\"potentialAction\":[{\"@type\":\"ReadAction\",\"target\":[\"https:\\\/\\\/urbeamea.ro\\\/albaiulia\\\/sebesul-si-traditiile-locale-fanfara-din-petresti-si-scutierii-de-muhlbach-defileaza-in-onoarea-zilei-nationale-a-romaniei-muzeele-ofera-acces-gratuit-si-expozitii-tematice\\\/\"]}]},{\"@type\":\"ImageObject\",\"inLanguage\":\"ro-RO\",\"@id\":\"https:\\\/\\\/urbeamea.ro\\\/albaiulia\\\/sebesul-si-traditiile-locale-fanfara-din-petresti-si-scutierii-de-muhlbach-defileaza-in-onoarea-zilei-nationale-a-romaniei-muzeele-ofera-acces-gratuit-si-expozitii-tematice\\\/#primaryimage\",\"url\":\"https:\\\/\\\/urbeamea.ro\\\/albaiulia\\\/wp-content\\\/uploads\\\/2024\\\/11\\\/1000019813.jpg\",\"contentUrl\":\"https:\\\/\\\/urbeamea.ro\\\/albaiulia\\\/wp-content\\\/uploads\\\/2024\\\/11\\\/1000019813.jpg\",\"width\":1080,\"height\":591},{\"@type\":\"BreadcrumbList\",\"@id\":\"https:\\\/\\\/urbeamea.ro\\\/albaiulia\\\/sebesul-si-traditiile-locale-fanfara-din-petresti-si-scutierii-de-muhlbach-defileaza-in-onoarea-zilei-nationale-a-romaniei-muzeele-ofera-acces-gratuit-si-expozitii-tematice\\\/#breadcrumb\",\"itemListElement\":[{\"@type\":\"ListItem\",\"position\":1,\"name\":\"Prima pagin\u0103\",\"item\":\"https:\\\/\\\/urbeamea.ro\\\/albaiulia\\\/\"},{\"@type\":\"ListItem\",\"position\":2,\"name\":\"Sebe\u0219ul \u0219i tradi\u021biile locale: Fanfara din Petre\u0219ti \u0219i Scutierii de Muhlbach, defileaz\u0103 \u00een onoarea Zilei Na\u021bionale a Rom\u00e2niei, Muzeele ofer\u0103 acces gratuit \u0219i expozi\u021bii tematice\"}]},{\"@type\":\"WebSite\",\"@id\":\"https:\\\/\\\/urbeamea.ro\\\/albaiulia\\\/#website\",\"url\":\"https:\\\/\\\/urbeamea.ro\\\/albaiulia\\\/\",\"name\":\"Revista Urbea Mea, Stiri urbane\",\"description\":\"Evenimente \u0219i \u0219tiri din Alba Iulia, Sebe\u0219, Aiud, Blaj\",\"potentialAction\":[{\"@type\":\"SearchAction\",\"target\":{\"@type\":\"EntryPoint\",\"urlTemplate\":\"https:\\\/\\\/urbeamea.ro\\\/albaiulia\\\/?s={search_term_string}\"},\"query-input\":{\"@type\":\"PropertyValueSpecification\",\"valueRequired\":true,\"valueName\":\"search_term_string\"}}],\"inLanguage\":\"ro-RO\"},{\"@type\":\"Person\",\"@id\":\"https:\\\/\\\/urbeamea.ro\\\/albaiulia\\\/#\\\/schema\\\/person\\\/5db3854ac38c1cc9f0ab4092d6a20f02\",\"name\":\"Giurca Sorin\",\"image\":{\"@type\":\"ImageObject\",\"inLanguage\":\"ro-RO\",\"@id\":\"https:\\\/\\\/secure.gravatar.com\\\/avatar\\\/120f6fcae7b3b47a7730cb9943f612f4909f68ac5284b5f40ac1c4615fd70576?s=96&d=mm&r=g\",\"url\":\"https:\\\/\\\/secure.gravatar.com\\\/avatar\\\/120f6fcae7b3b47a7730cb9943f612f4909f68ac5284b5f40ac1c4615fd70576?s=96&d=mm&r=g\",\"contentUrl\":\"https:\\\/\\\/secure.gravatar.com\\\/avatar\\\/120f6fcae7b3b47a7730cb9943f612f4909f68ac5284b5f40ac1c4615fd70576?s=96&d=mm&r=g\",\"caption\":\"Giurca Sorin\"},\"url\":\"https:\\\/\\\/urbeamea.ro\\\/albaiulia\\\/author\\\/sorin\\\/\"}]}<\/script>\n<!-- \/ Yoast SEO plugin. -->","yoast_head_json":{"title":"Sebe\u0219ul \u0219i tradi\u021biile locale: Fanfara din Petre\u0219ti \u0219i Scutierii de Muhlbach, defileaz\u0103 \u00een onoarea Zilei Na\u021bionale a Rom\u00e2niei, Muzeele ofer\u0103 acces gratuit \u0219i expozi\u021bii tematice - Revista Urbea Mea - Revista de Alba","description":"Duminic\u0103, 1 Decembrie 2024, la ora 18.00, Fanfara din Petre\u0219ti \u0219i tinerii din Ordinul Scutierilor de Muhlbach vor defila pe traseul cuprins \u00eentre Centrul","robots":{"index":"index","follow":"follow","max-snippet":"max-snippet:-1","max-image-preview":"max-image-preview:large","max-video-preview":"max-video-preview:-1"},"canonical":"https:\/\/urbeamea.ro\/albaiulia\/sebesul-si-traditiile-locale-fanfara-din-petresti-si-scutierii-de-muhlbach-defileaza-in-onoarea-zilei-nationale-a-romaniei-muzeele-ofera-acces-gratuit-si-expozitii-tematice\/","twitter_card":"summary_large_image","twitter_title":"Sebe\u0219ul \u0219i tradi\u021biile locale: Fanfara din Petre\u0219ti \u0219i Scutierii de Muhlbach, defileaz\u0103 \u00een onoarea Zilei Na\u021bionale a Rom\u00e2niei, Muzeele ofer\u0103 acces gratuit \u0219i expozi\u021bii tematice - Revista Urbea Mea - Revista de Alba","twitter_description":"Duminic\u0103, 1 Decembrie 2024, la ora 18.00, Fanfara din Petre\u0219ti \u0219i tinerii din Ordinul Scutierilor de Muhlbach vor defila pe traseul cuprins \u00eentre Centrul","twitter_image":"https:\/\/urbeamea.ro\/albaiulia\/wp-content\/uploads\/2024\/11\/1000019813.jpg","twitter_creator":"@urbeameaweb","twitter_site":"@urbeameaweb","schema":{"@context":"https:\/\/schema.org","@graph":[{"@type":"Article","@id":"https:\/\/urbeamea.ro\/albaiulia\/sebesul-si-traditiile-locale-fanfara-din-petresti-si-scutierii-de-muhlbach-defileaza-in-onoarea-zilei-nationale-a-romaniei-muzeele-ofera-acces-gratuit-si-expozitii-tematice\/#article","isPartOf":{"@id":"https:\/\/urbeamea.ro\/albaiulia\/sebesul-si-traditiile-locale-fanfara-din-petresti-si-scutierii-de-muhlbach-defileaza-in-onoarea-zilei-nationale-a-romaniei-muzeele-ofera-acces-gratuit-si-expozitii-tematice\/"},"author":{"name":"Giurca Sorin","@id":"https:\/\/urbeamea.ro\/albaiulia\/#\/schema\/person\/5db3854ac38c1cc9f0ab4092d6a20f02"},"headline":"Sebe\u0219ul \u0219i tradi\u021biile locale: Fanfara din Petre\u0219ti \u0219i Scutierii de Muhlbach, defileaz\u0103 \u00een onoarea Zilei Na\u021bionale a Rom\u00e2niei, Muzeele ofer\u0103 acces gratuit \u0219i expozi\u021bii tematice","datePublished":"2024-11-26T20:55:18+00:00","dateModified":"2024-11-26T20:55:19+00:00","mainEntityOfPage":{"@id":"https:\/\/urbeamea.ro\/albaiulia\/sebesul-si-traditiile-locale-fanfara-din-petresti-si-scutierii-de-muhlbach-defileaza-in-onoarea-zilei-nationale-a-romaniei-muzeele-ofera-acces-gratuit-si-expozitii-tematice\/"},"wordCount":152,"commentCount":0,"image":{"@id":"https:\/\/urbeamea.ro\/albaiulia\/sebesul-si-traditiile-locale-fanfara-din-petresti-si-scutierii-de-muhlbach-defileaza-in-onoarea-zilei-nationale-a-romaniei-muzeele-ofera-acces-gratuit-si-expozitii-tematice\/#primaryimage"},"thumbnailUrl":"https:\/\/urbeamea.ro\/albaiulia\/wp-content\/uploads\/2024\/11\/1000019813.jpg","keywords":["1 decembrie 1918","Sebe\u0219ul"],"articleSection":["Cultur\u0103","Evenimente","Social","\u015etiri Urbane","Urbea Mea"],"inLanguage":"ro-RO","potentialAction":[{"@type":"CommentAction","name":"Comment","target":["https:\/\/urbeamea.ro\/albaiulia\/sebesul-si-traditiile-locale-fanfara-din-petresti-si-scutierii-de-muhlbach-defileaza-in-onoarea-zilei-nationale-a-romaniei-muzeele-ofera-acces-gratuit-si-expozitii-tematice\/#respond"]}]},{"@type":"WebPage","@id":"https:\/\/urbeamea.ro\/albaiulia\/sebesul-si-traditiile-locale-fanfara-din-petresti-si-scutierii-de-muhlbach-defileaza-in-onoarea-zilei-nationale-a-romaniei-muzeele-ofera-acces-gratuit-si-expozitii-tematice\/","url":"https:\/\/urbeamea.ro\/albaiulia\/sebesul-si-traditiile-locale-fanfara-din-petresti-si-scutierii-de-muhlbach-defileaza-in-onoarea-zilei-nationale-a-romaniei-muzeele-ofera-acces-gratuit-si-expozitii-tematice\/","name":"Sebe\u0219ul \u0219i tradi\u021biile locale: Fanfara din Petre\u0219ti \u0219i Scutierii de Muhlbach, defileaz\u0103 \u00een onoarea Zilei Na\u021bionale a Rom\u00e2niei, Muzeele ofer\u0103 acces gratuit \u0219i expozi\u021bii tematice - Revista Urbea Mea - Revista de Alba","isPartOf":{"@id":"https:\/\/urbeamea.ro\/albaiulia\/#website"},"primaryImageOfPage":{"@id":"https:\/\/urbeamea.ro\/albaiulia\/sebesul-si-traditiile-locale-fanfara-din-petresti-si-scutierii-de-muhlbach-defileaza-in-onoarea-zilei-nationale-a-romaniei-muzeele-ofera-acces-gratuit-si-expozitii-tematice\/#primaryimage"},"image":{"@id":"https:\/\/urbeamea.ro\/albaiulia\/sebesul-si-traditiile-locale-fanfara-din-petresti-si-scutierii-de-muhlbach-defileaza-in-onoarea-zilei-nationale-a-romaniei-muzeele-ofera-acces-gratuit-si-expozitii-tematice\/#primaryimage"},"thumbnailUrl":"https:\/\/urbeamea.ro\/albaiulia\/wp-content\/uploads\/2024\/11\/1000019813.jpg","datePublished":"2024-11-26T20:55:18+00:00","dateModified":"2024-11-26T20:55:19+00:00","author":{"@id":"https:\/\/urbeamea.ro\/albaiulia\/#\/schema\/person\/5db3854ac38c1cc9f0ab4092d6a20f02"},"description":"Duminic\u0103, 1 Decembrie 2024, la ora 18.00, Fanfara din Petre\u0219ti \u0219i tinerii din Ordinul Scutierilor de Muhlbach vor defila pe traseul cuprins \u00eentre Centrul","breadcrumb":{"@id":"https:\/\/urbeamea.ro\/albaiulia\/sebesul-si-traditiile-locale-fanfara-din-petresti-si-scutierii-de-muhlbach-defileaza-in-onoarea-zilei-nationale-a-romaniei-muzeele-ofera-acces-gratuit-si-expozitii-tematice\/#breadcrumb"},"inLanguage":"ro-RO","potentialAction":[{"@type":"ReadAction","target":["https:\/\/urbeamea.ro\/albaiulia\/sebesul-si-traditiile-locale-fanfara-din-petresti-si-scutierii-de-muhlbach-defileaza-in-onoarea-zilei-nationale-a-romaniei-muzeele-ofera-acces-gratuit-si-expozitii-tematice\/"]}]},{"@type":"ImageObject","inLanguage":"ro-RO","@id":"https:\/\/urbeamea.ro\/albaiulia\/sebesul-si-traditiile-locale-fanfara-din-petresti-si-scutierii-de-muhlbach-defileaza-in-onoarea-zilei-nationale-a-romaniei-muzeele-ofera-acces-gratuit-si-expozitii-tematice\/#primaryimage","url":"https:\/\/urbeamea.ro\/albaiulia\/wp-content\/uploads\/2024\/11\/1000019813.jpg","contentUrl":"https:\/\/urbeamea.ro\/albaiulia\/wp-content\/uploads\/2024\/11\/1000019813.jpg","width":1080,"height":591},{"@type":"BreadcrumbList","@id":"https:\/\/urbeamea.ro\/albaiulia\/sebesul-si-traditiile-locale-fanfara-din-petresti-si-scutierii-de-muhlbach-defileaza-in-onoarea-zilei-nationale-a-romaniei-muzeele-ofera-acces-gratuit-si-expozitii-tematice\/#breadcrumb","itemListElement":[{"@type":"ListItem","position":1,"name":"Prima pagin\u0103","item":"https:\/\/urbeamea.ro\/albaiulia\/"},{"@type":"ListItem","position":2,"name":"Sebe\u0219ul \u0219i tradi\u021biile locale: Fanfara din Petre\u0219ti \u0219i Scutierii de Muhlbach, defileaz\u0103 \u00een onoarea Zilei Na\u021bionale a Rom\u00e2niei, Muzeele ofer\u0103 acces gratuit \u0219i expozi\u021bii tematice"}]},{"@type":"WebSite","@id":"https:\/\/urbeamea.ro\/albaiulia\/#website","url":"https:\/\/urbeamea.ro\/albaiulia\/","name":"Revista Urbea Mea, Stiri urbane","description":"Evenimente \u0219i \u0219tiri din Alba Iulia, Sebe\u0219, Aiud, Blaj","potentialAction":[{"@type":"SearchAction","target":{"@type":"EntryPoint","urlTemplate":"https:\/\/urbeamea.ro\/albaiulia\/?s={search_term_string}"},"query-input":{"@type":"PropertyValueSpecification","valueRequired":true,"valueName":"search_term_string"}}],"inLanguage":"ro-RO"},{"@type":"Person","@id":"https:\/\/urbeamea.ro\/albaiulia\/#\/schema\/person\/5db3854ac38c1cc9f0ab4092d6a20f02","name":"Giurca Sorin","image":{"@type":"ImageObject","inLanguage":"ro-RO","@id":"https:\/\/secure.gravatar.com\/avatar\/120f6fcae7b3b47a7730cb9943f612f4909f68ac5284b5f40ac1c4615fd70576?s=96&d=mm&r=g","url":"https:\/\/secure.gravatar.com\/avatar\/120f6fcae7b3b47a7730cb9943f612f4909f68ac5284b5f40ac1c4615fd70576?s=96&d=mm&r=g","contentUrl":"https:\/\/secure.gravatar.com\/avatar\/120f6fcae7b3b47a7730cb9943f612f4909f68ac5284b5f40ac1c4615fd70576?s=96&d=mm&r=g","caption":"Giurca Sorin"},"url":"https:\/\/urbeamea.ro\/albaiulia\/author\/sorin\/"}]}},"_links":{"self":[{"href":"https:\/\/urbeamea.ro\/albaiulia\/wp-json\/wp\/v2\/posts\/115105","targetHints":{"allow":["GET"]}}],"collection":[{"href":"https:\/\/urbeamea.ro\/albaiulia\/wp-json\/wp\/v2\/posts"}],"about":[{"href":"https:\/\/urbeamea.ro\/albaiulia\/wp-json\/wp\/v2\/types\/post"}],"author":[{"embeddable":true,"href":"https:\/\/urbeamea.ro\/albaiulia\/wp-json\/wp\/v2\/users\/28"}],"replies":[{"embeddable":true,"href":"https:\/\/urbeamea.ro\/albaiulia\/wp-json\/wp\/v2\/comments?post=115105"}],"version-history":[{"count":1,"href":"https:\/\/urbeamea.ro\/albaiulia\/wp-json\/wp\/v2\/posts\/115105\/revisions"}],"predecessor-version":[{"id":115107,"href":"https:\/\/urbeamea.ro\/albaiulia\/wp-json\/wp\/v2\/posts\/115105\/revisions\/115107"}],"wp:featuredmedia":[{"embeddable":true,"href":"https:\/\/urbeamea.ro\/albaiulia\/wp-json\/wp\/v2\/media\/115106"}],"wp:attachment":[{"href":"https:\/\/urbeamea.ro\/albaiulia\/wp-json\/wp\/v2\/media?parent=115105"}],"wp:term":[{"taxonomy":"category","embeddable":true,"href":"https:\/\/urbeamea.ro\/albaiulia\/wp-json\/wp\/v2\/categories?post=115105"},{"taxonomy":"post_tag","embeddable":true,"href":"https:\/\/urbeamea.ro\/albaiulia\/wp-json\/wp\/v2\/tags?post=115105"}],"curies":[{"name":"wp","href":"https:\/\/api.w.org\/{rel}","templated":true}]}}