{"id":115166,"date":"2024-11-29T08:22:19","date_gmt":"2024-11-29T06:22:19","guid":{"rendered":"https:\/\/urbeamea.ro\/albaiulia\/?p=115166"},"modified":"2024-11-29T08:22:21","modified_gmt":"2024-11-29T06:22:21","slug":"1-decembrie-ora-1300-cantec-pentru-fauritorii-unirii-pe-tvr-1-spectacol-sustinut-de-ansamblul-folcloric-al-judetului-alba","status":"publish","type":"post","link":"https:\/\/urbeamea.ro\/albaiulia\/1-decembrie-ora-1300-cantec-pentru-fauritorii-unirii-pe-tvr-1-spectacol-sustinut-de-ansamblul-folcloric-al-judetului-alba\/","title":{"rendered":"1 Decembrie, ora 13:00 &#8222;C\u00e2ntec pentru F\u0103uritorii Unirii&#8221;, pe TVR 1. Spectacol sus\u021binut de Ansamblul Folcloric al Jude\u021bului Alba"},"content":{"rendered":"\n<p><strong>\ud835\udc03\ud835\udc2e\ud835\udc26\ud835\udc22\ud835\udc27\ud835\udc22\ud835\udc1c\ud835\udc1a, \ud835\udfcf \ud835\udc03\ud835\udc1e\ud835\udc1c\ud835\udc1e\ud835\udc26\ud835\udc1b\ud835\udc2b\ud835\udc22\ud835\udc1e \ud835\udfd0\ud835\udfce\ud835\udfd0\ud835\udfd2, de la \ud835\udc28\ud835\udc2b\ud835\udc1a \ud835\udfcf\ud835\udfd1:\ud835\udfce\ud835\udfce, pe TVR1, \u00eentre Paradele militare de la Bucure\u0219ti \u0219i Alba Iulia, urm\u0103rim o nou\u0103 edi\u021bie de mare s\u0103rb\u0103toare marca \ud835\udc13\ud835\udc04\ud835\udc19\ud835\udc00\ud835\udc14\ud835\udc11 \ud835\udc05\ud835\udc0e\ud835\udc0b\ud835\udc02\ud835\udc0b\ud835\udc0e\ud835\udc11\ud835\udc08\ud835\udc02, cu ocazia ZILEI NA\u021aIONALE A ROM\u00c2NIEI, filmare realizat\u0103 la ALBA IULIA al\u0103turi de echipa Festivalului Na\u021bional de Folclor ,,JIDVEI &#8211; Strugurele de Aur\u201d \u0219i Orchestra Ansamblului Folcloric al Jude\u021bului Alba dirijat\u0103 cu m\u0103iestrie de Alexandru Pal.<\/strong><\/p>\n\n\n\n<p>Invita\u021bi: <\/p>\n\n\n\n<p>\ud835\udc47\ud835\udc62\ud835\udc59\ud835\udc5b\ud835\udc56\ud835\udc50\ud835\udc4e\ud835\udc5f\ud835\udc52\ud835\udc60\ud835\udc52\ud835\udc59\ud835\udc52 \ud835\udc51\ud835\udc56\ud835\udc5b \ud835\udc40\ud835\udc62\ud835\udc5b\ud835\udc61\ud835\udc56i \ud835\udc34\ud835\udc5d\ud835\udc62\ud835\udc60\ud835\udc52\ud835\udc5b\ud835\udc56, <\/p>\n\n\n\n<p>\ud835\udc43\ud835\udc4e\ud835\udc5f\ud835\udc56\ud835\udc5b\ud835\udc61\ud835\udc52\ud835\udc59\ud835\udc52 \ud835\udc37\ud835\udc5c\ud835\udc5f\ud835\udc62 \ud835\udc3a\u210e\ud835\udc52\ud835\udc4e\ud835\udc57\ud835\udc4e, <\/p>\n\n\n\n<p>\ud835\udc46\ud835\udc4e\ud835\udc63\ud835\udc4e \ud835\udc41\ud835\udc52\ud835\udc54\ud835\udc5f\ud835\udc52\ud835\udc4e\ud835\udc5b \ud835\udc35\ud835\udc5f\ud835\udc62\ud835\udc51\ud835\udc4e\ud835\udc60\ud835\udc50\ud835\udc62, <\/p>\n\n\n\n<p>\ud835\udc3c\ud835\udc5c\ud835\udc5b\ud835\udc62\ud835\udc61 \ud835\udc39\ud835\udc62\ud835\udc59\ud835\udc52\ud835\udc4e, <\/p>\n\n\n\n<p>\ud835\udc45\ud835\udc5c\ud835\udc65\ud835\udc4e\ud835\udc5b\ud835\udc4e \ud835\udc45\ud835\udc52\ud835\udc50\u210e\ud835\udc52, <\/p>\n\n\n\n<p>\ud835\udc47\ud835\udc62\ud835\udc51\ud835\udc5c\ud835\udc5f \ud835\udc39\ud835\udc62\ud835\udc5f\ud835\udc51\ud835\udc62\ud835\udc56 \ud835\udc3c\ud835\udc4e\ud835\udc5b\ud835\udc50\ud835\udc62, <\/p>\n\n\n\n<p>\ud835\udc42\ud835\udc4e\ud835\udc5b\ud835\udc4e \ud835\udc49\ud835\udc52\ud835\udc5b\ud835\udc61\ud835\udc52\ud835\udc59, <\/p>\n\n\n\n<p>\ud835\udc40\ud835\udc56\ud835\udc5f\ud835\udc52\ud835\udc59\ud835\udc4e \ud835\udc40\ud835\udc4e\ud835\udc5b\ud835\udc52\ud835\udc60\ud835\udc50\ud835\udc62, \ud835\udc41\ud835\udc56\ud835\udc50\ud835\udc5c\ud835\udc59\ud835\udc4e\ud835\udc52 \ud835\udc43\ud835\udc59\ud835\udc62\ud835\udc61\ud835\udc4e, <\/p>\n\n\n\n<p><\/p>\n\n\n\n<p>\ud835\udc39\ud835\udc59\ud835\udc5c\ud835\udc5f\ud835\udc56\ud835\udc50\ud835\udc56\ud835\udc50\ud835\udc4e \ud835\udc40\ud835\udc5c\ud835\udc54\ud835\udc4e, <\/p>\n\n\n\n<p>\ud835\udc37\ud835\udc5c\ud835\udc5f\ud835\udc56\ud835\udc5b\ud835\udc4e \ud835\udc41\ud835\udc4e\ud835\udc5f\ud835\udc56\ud835\udc61\ud835\udc4e<\/p>\n\n\n\n<p>\ud835\udc0f\ud835\udc2b\ud835\udc28\ud835\udc22\ud835\udc1e\ud835\udc1c\ud835\udc2d \ud835\udc28\ud835\udc2b\ud835\udc20\ud835\udc1a\ud835\udc27\ud835\udc22\ud835\udc33\ud835\udc1a\ud835\udc2d \ud835\udc1d\ud835\udc1e: Compania JIDVEI,Consiliul Jude\u021bean Alba, Centrul de Cultur\u0103 ,,Augustin Bena\u201d \u0219i TELEVIZIUNEA ROM\u00c2N\u0102.<\/p>\n\n\n\n<figure class=\"wp-block-image size-large\"><img loading=\"lazy\" decoding=\"async\" width=\"1040\" height=\"1280\" src=\"https:\/\/urbeamea.ro\/albaiulia\/wp-content\/uploads\/2024\/11\/1000020052-1040x1280.jpg\" alt=\"\" class=\"wp-image-115167\" srcset=\"https:\/\/urbeamea.ro\/albaiulia\/wp-content\/uploads\/2024\/11\/1000020052-1040x1280.jpg 1040w, https:\/\/urbeamea.ro\/albaiulia\/wp-content\/uploads\/2024\/11\/1000020052-520x640.jpg 520w, https:\/\/urbeamea.ro\/albaiulia\/wp-content\/uploads\/2024\/11\/1000020052-122x150.jpg 122w, https:\/\/urbeamea.ro\/albaiulia\/wp-content\/uploads\/2024\/11\/1000020052-768x945.jpg 768w, https:\/\/urbeamea.ro\/albaiulia\/wp-content\/uploads\/2024\/11\/1000020052.jpg 1080w\" sizes=\"auto, (max-width: 1040px) 100vw, 1040px\" \/><\/figure>\n","protected":false},"excerpt":{"rendered":"<p>\ud835\udc03\ud835\udc2e\ud835\udc26\ud835\udc22\ud835\udc27\ud835\udc22\ud835\udc1c\ud835\udc1a, \ud835\udfcf \ud835\udc03\ud835\udc1e\ud835\udc1c\ud835\udc1e\ud835\udc26\ud835\udc1b\ud835\udc2b\ud835\udc22\ud835\udc1e \ud835\udfd0\ud835\udfce\ud835\udfd0\ud835\udfd2, de la \ud835\udc28\ud835\udc2b\ud835\udc1a \ud835\udfcf\ud835\udfd1:\ud835\udfce\ud835\udfce, pe TVR1, \u00eentre Paradele militare de la Bucure\u0219ti \u0219i Alba Iulia, urm\u0103rim o nou\u0103 edi\u021bie de mare s\u0103rb\u0103toare marca \ud835\udc13\ud835\udc04\ud835\udc19\ud835\udc00\ud835\udc14\ud835\udc11 \ud835\udc05\ud835\udc0e\ud835\udc0b\ud835\udc02\ud835\udc0b\ud835\udc0e\ud835\udc11\ud835\udc08\ud835\udc02, cu ocazia ZILEI NA\u021aIONALE A ROM\u00c2NIEI, filmare realizat\u0103 la ALBA IULIA al\u0103turi de echipa Festivalului Na\u021bional de Folclor ,,JIDVEI &#8211; Strugurele de Aur\u201d \u0219i Orchestra Ansamblului &hellip;<\/p>\n","protected":false},"author":28,"featured_media":115167,"comment_status":"open","ping_status":"open","sticky":false,"template":"","format":"standard","meta":{"inline_featured_image":false,"footnotes":""},"categories":[2038,4,2034,16344],"tags":[6638,25135,1153],"class_list":["post-115166","post","type-post","status-publish","format-standard","has-post-thumbnail","hentry","category-cultura","category-eveniment","category-social","category-urbea-mea","tag-1-decembrie-1918","tag-ansamblul-folcloric-al-judetului-alba","tag-marea-unire"],"yoast_head":"<!-- This site is optimized with the Yoast SEO plugin v27.4 - https:\/\/yoast.com\/product\/yoast-seo-wordpress\/ -->\n<title>1 Decembrie, ora 13:00 &quot;C\u00e2ntec pentru F\u0103uritorii Unirii&quot;, pe TVR 1. Spectacol sus\u021binut de Ansamblul Folcloric al Jude\u021bului Alba - Revista Urbea Mea - Revista de Alba<\/title>\n<meta name=\"description\" content=\"\ud835\udc03\ud835\udc2e\ud835\udc26\ud835\udc22\ud835\udc27\ud835\udc22\ud835\udc1c\ud835\udc1a, \ud835\udfcf \ud835\udc03\ud835\udc1e\ud835\udc1c\ud835\udc1e\ud835\udc26\ud835\udc1b\ud835\udc2b\ud835\udc22\ud835\udc1e \ud835\udfd0\ud835\udfce\ud835\udfd0\ud835\udfd2, de la \ud835\udc28\ud835\udc2b\ud835\udc1a \ud835\udfcf\ud835\udfd1:\ud835\udfce\ud835\udfce, pe TVR1, \u00eentre Paradele militare de la Bucure\u0219ti \u0219i Alba Iulia, urm\u0103rim o nou\u0103 edi\u021bie de mare s\u0103rb\u0103toare\" \/>\n<meta name=\"robots\" content=\"index, follow, max-snippet:-1, max-image-preview:large, max-video-preview:-1\" \/>\n<link rel=\"canonical\" href=\"https:\/\/urbeamea.ro\/albaiulia\/1-decembrie-ora-1300-cantec-pentru-fauritorii-unirii-pe-tvr-1-spectacol-sustinut-de-ansamblul-folcloric-al-judetului-alba\/\" \/>\n<meta name=\"twitter:card\" content=\"summary_large_image\" \/>\n<meta name=\"twitter:title\" content=\"1 Decembrie, ora 13:00 &quot;C\u00e2ntec pentru F\u0103uritorii Unirii&quot;, pe TVR 1. Spectacol sus\u021binut de Ansamblul Folcloric al Jude\u021bului Alba - Revista Urbea Mea - Revista de Alba\" \/>\n<meta name=\"twitter:description\" content=\"\ud835\udc03\ud835\udc2e\ud835\udc26\ud835\udc22\ud835\udc27\ud835\udc22\ud835\udc1c\ud835\udc1a, \ud835\udfcf \ud835\udc03\ud835\udc1e\ud835\udc1c\ud835\udc1e\ud835\udc26\ud835\udc1b\ud835\udc2b\ud835\udc22\ud835\udc1e \ud835\udfd0\ud835\udfce\ud835\udfd0\ud835\udfd2, de la \ud835\udc28\ud835\udc2b\ud835\udc1a \ud835\udfcf\ud835\udfd1:\ud835\udfce\ud835\udfce, pe TVR1, \u00eentre Paradele militare de la Bucure\u0219ti \u0219i Alba Iulia, urm\u0103rim o nou\u0103 edi\u021bie de mare s\u0103rb\u0103toare\" \/>\n<meta name=\"twitter:image\" content=\"https:\/\/urbeamea.ro\/albaiulia\/wp-content\/uploads\/2024\/11\/1000020052.jpg\" \/>\n<meta name=\"twitter:creator\" content=\"@urbeameaweb\" \/>\n<meta name=\"twitter:site\" content=\"@urbeameaweb\" \/>\n<script type=\"application\/ld+json\" class=\"yoast-schema-graph\">{\"@context\":\"https:\\\/\\\/schema.org\",\"@graph\":[{\"@type\":\"Article\",\"@id\":\"https:\\\/\\\/urbeamea.ro\\\/albaiulia\\\/1-decembrie-ora-1300-cantec-pentru-fauritorii-unirii-pe-tvr-1-spectacol-sustinut-de-ansamblul-folcloric-al-judetului-alba\\\/#article\",\"isPartOf\":{\"@id\":\"https:\\\/\\\/urbeamea.ro\\\/albaiulia\\\/1-decembrie-ora-1300-cantec-pentru-fauritorii-unirii-pe-tvr-1-spectacol-sustinut-de-ansamblul-folcloric-al-judetului-alba\\\/\"},\"author\":{\"name\":\"Giurca Sorin\",\"@id\":\"https:\\\/\\\/urbeamea.ro\\\/albaiulia\\\/#\\\/schema\\\/person\\\/5db3854ac38c1cc9f0ab4092d6a20f02\"},\"headline\":\"1 Decembrie, ora 13:00 &#8222;C\u00e2ntec pentru F\u0103uritorii Unirii&#8221;, pe TVR 1. Spectacol sus\u021binut de Ansamblul Folcloric al Jude\u021bului Alba\",\"datePublished\":\"2024-11-29T06:22:19+00:00\",\"dateModified\":\"2024-11-29T06:22:21+00:00\",\"mainEntityOfPage\":{\"@id\":\"https:\\\/\\\/urbeamea.ro\\\/albaiulia\\\/1-decembrie-ora-1300-cantec-pentru-fauritorii-unirii-pe-tvr-1-spectacol-sustinut-de-ansamblul-folcloric-al-judetului-alba\\\/\"},\"wordCount\":106,\"commentCount\":0,\"image\":{\"@id\":\"https:\\\/\\\/urbeamea.ro\\\/albaiulia\\\/1-decembrie-ora-1300-cantec-pentru-fauritorii-unirii-pe-tvr-1-spectacol-sustinut-de-ansamblul-folcloric-al-judetului-alba\\\/#primaryimage\"},\"thumbnailUrl\":\"https:\\\/\\\/urbeamea.ro\\\/albaiulia\\\/wp-content\\\/uploads\\\/2024\\\/11\\\/1000020052.jpg\",\"keywords\":[\"1 decembrie 1918\",\"Ansamblul Folcloric al Jude\u021bului Alba\",\"marea unire\"],\"articleSection\":[\"Cultur\u0103\",\"Evenimente\",\"Social\",\"Urbea Mea\"],\"inLanguage\":\"ro-RO\",\"potentialAction\":[{\"@type\":\"CommentAction\",\"name\":\"Comment\",\"target\":[\"https:\\\/\\\/urbeamea.ro\\\/albaiulia\\\/1-decembrie-ora-1300-cantec-pentru-fauritorii-unirii-pe-tvr-1-spectacol-sustinut-de-ansamblul-folcloric-al-judetului-alba\\\/#respond\"]}]},{\"@type\":\"WebPage\",\"@id\":\"https:\\\/\\\/urbeamea.ro\\\/albaiulia\\\/1-decembrie-ora-1300-cantec-pentru-fauritorii-unirii-pe-tvr-1-spectacol-sustinut-de-ansamblul-folcloric-al-judetului-alba\\\/\",\"url\":\"https:\\\/\\\/urbeamea.ro\\\/albaiulia\\\/1-decembrie-ora-1300-cantec-pentru-fauritorii-unirii-pe-tvr-1-spectacol-sustinut-de-ansamblul-folcloric-al-judetului-alba\\\/\",\"name\":\"1 Decembrie, ora 13:00 \\\"C\u00e2ntec pentru F\u0103uritorii Unirii\\\", pe TVR 1. Spectacol sus\u021binut de Ansamblul Folcloric al Jude\u021bului Alba - Revista Urbea Mea - Revista de Alba\",\"isPartOf\":{\"@id\":\"https:\\\/\\\/urbeamea.ro\\\/albaiulia\\\/#website\"},\"primaryImageOfPage\":{\"@id\":\"https:\\\/\\\/urbeamea.ro\\\/albaiulia\\\/1-decembrie-ora-1300-cantec-pentru-fauritorii-unirii-pe-tvr-1-spectacol-sustinut-de-ansamblul-folcloric-al-judetului-alba\\\/#primaryimage\"},\"image\":{\"@id\":\"https:\\\/\\\/urbeamea.ro\\\/albaiulia\\\/1-decembrie-ora-1300-cantec-pentru-fauritorii-unirii-pe-tvr-1-spectacol-sustinut-de-ansamblul-folcloric-al-judetului-alba\\\/#primaryimage\"},\"thumbnailUrl\":\"https:\\\/\\\/urbeamea.ro\\\/albaiulia\\\/wp-content\\\/uploads\\\/2024\\\/11\\\/1000020052.jpg\",\"datePublished\":\"2024-11-29T06:22:19+00:00\",\"dateModified\":\"2024-11-29T06:22:21+00:00\",\"author\":{\"@id\":\"https:\\\/\\\/urbeamea.ro\\\/albaiulia\\\/#\\\/schema\\\/person\\\/5db3854ac38c1cc9f0ab4092d6a20f02\"},\"description\":\"\ud835\udc03\ud835\udc2e\ud835\udc26\ud835\udc22\ud835\udc27\ud835\udc22\ud835\udc1c\ud835\udc1a, \ud835\udfcf \ud835\udc03\ud835\udc1e\ud835\udc1c\ud835\udc1e\ud835\udc26\ud835\udc1b\ud835\udc2b\ud835\udc22\ud835\udc1e \ud835\udfd0\ud835\udfce\ud835\udfd0\ud835\udfd2, de la \ud835\udc28\ud835\udc2b\ud835\udc1a \ud835\udfcf\ud835\udfd1:\ud835\udfce\ud835\udfce, pe TVR1, \u00eentre Paradele militare de la Bucure\u0219ti \u0219i Alba Iulia, urm\u0103rim o nou\u0103 edi\u021bie de mare s\u0103rb\u0103toare\",\"breadcrumb\":{\"@id\":\"https:\\\/\\\/urbeamea.ro\\\/albaiulia\\\/1-decembrie-ora-1300-cantec-pentru-fauritorii-unirii-pe-tvr-1-spectacol-sustinut-de-ansamblul-folcloric-al-judetului-alba\\\/#breadcrumb\"},\"inLanguage\":\"ro-RO\",\"potentialAction\":[{\"@type\":\"ReadAction\",\"target\":[\"https:\\\/\\\/urbeamea.ro\\\/albaiulia\\\/1-decembrie-ora-1300-cantec-pentru-fauritorii-unirii-pe-tvr-1-spectacol-sustinut-de-ansamblul-folcloric-al-judetului-alba\\\/\"]}]},{\"@type\":\"ImageObject\",\"inLanguage\":\"ro-RO\",\"@id\":\"https:\\\/\\\/urbeamea.ro\\\/albaiulia\\\/1-decembrie-ora-1300-cantec-pentru-fauritorii-unirii-pe-tvr-1-spectacol-sustinut-de-ansamblul-folcloric-al-judetului-alba\\\/#primaryimage\",\"url\":\"https:\\\/\\\/urbeamea.ro\\\/albaiulia\\\/wp-content\\\/uploads\\\/2024\\\/11\\\/1000020052.jpg\",\"contentUrl\":\"https:\\\/\\\/urbeamea.ro\\\/albaiulia\\\/wp-content\\\/uploads\\\/2024\\\/11\\\/1000020052.jpg\",\"width\":1080,\"height\":1329},{\"@type\":\"BreadcrumbList\",\"@id\":\"https:\\\/\\\/urbeamea.ro\\\/albaiulia\\\/1-decembrie-ora-1300-cantec-pentru-fauritorii-unirii-pe-tvr-1-spectacol-sustinut-de-ansamblul-folcloric-al-judetului-alba\\\/#breadcrumb\",\"itemListElement\":[{\"@type\":\"ListItem\",\"position\":1,\"name\":\"Prima pagin\u0103\",\"item\":\"https:\\\/\\\/urbeamea.ro\\\/albaiulia\\\/\"},{\"@type\":\"ListItem\",\"position\":2,\"name\":\"1 Decembrie, ora 13:00 &#8222;C\u00e2ntec pentru F\u0103uritorii Unirii&#8221;, pe TVR 1. Spectacol sus\u021binut de Ansamblul Folcloric al Jude\u021bului Alba\"}]},{\"@type\":\"WebSite\",\"@id\":\"https:\\\/\\\/urbeamea.ro\\\/albaiulia\\\/#website\",\"url\":\"https:\\\/\\\/urbeamea.ro\\\/albaiulia\\\/\",\"name\":\"Revista Urbea Mea, Stiri urbane\",\"description\":\"Evenimente \u0219i \u0219tiri din Alba Iulia, Sebe\u0219, Aiud, Blaj\",\"potentialAction\":[{\"@type\":\"SearchAction\",\"target\":{\"@type\":\"EntryPoint\",\"urlTemplate\":\"https:\\\/\\\/urbeamea.ro\\\/albaiulia\\\/?s={search_term_string}\"},\"query-input\":{\"@type\":\"PropertyValueSpecification\",\"valueRequired\":true,\"valueName\":\"search_term_string\"}}],\"inLanguage\":\"ro-RO\"},{\"@type\":\"Person\",\"@id\":\"https:\\\/\\\/urbeamea.ro\\\/albaiulia\\\/#\\\/schema\\\/person\\\/5db3854ac38c1cc9f0ab4092d6a20f02\",\"name\":\"Giurca Sorin\",\"image\":{\"@type\":\"ImageObject\",\"inLanguage\":\"ro-RO\",\"@id\":\"https:\\\/\\\/secure.gravatar.com\\\/avatar\\\/120f6fcae7b3b47a7730cb9943f612f4909f68ac5284b5f40ac1c4615fd70576?s=96&d=mm&r=g\",\"url\":\"https:\\\/\\\/secure.gravatar.com\\\/avatar\\\/120f6fcae7b3b47a7730cb9943f612f4909f68ac5284b5f40ac1c4615fd70576?s=96&d=mm&r=g\",\"contentUrl\":\"https:\\\/\\\/secure.gravatar.com\\\/avatar\\\/120f6fcae7b3b47a7730cb9943f612f4909f68ac5284b5f40ac1c4615fd70576?s=96&d=mm&r=g\",\"caption\":\"Giurca Sorin\"},\"url\":\"https:\\\/\\\/urbeamea.ro\\\/albaiulia\\\/author\\\/sorin\\\/\"}]}<\/script>\n<!-- \/ Yoast SEO plugin. -->","yoast_head_json":{"title":"1 Decembrie, ora 13:00 \"C\u00e2ntec pentru F\u0103uritorii Unirii\", pe TVR 1. Spectacol sus\u021binut de Ansamblul Folcloric al Jude\u021bului Alba - Revista Urbea Mea - Revista de Alba","description":"\ud835\udc03\ud835\udc2e\ud835\udc26\ud835\udc22\ud835\udc27\ud835\udc22\ud835\udc1c\ud835\udc1a, \ud835\udfcf \ud835\udc03\ud835\udc1e\ud835\udc1c\ud835\udc1e\ud835\udc26\ud835\udc1b\ud835\udc2b\ud835\udc22\ud835\udc1e \ud835\udfd0\ud835\udfce\ud835\udfd0\ud835\udfd2, de la \ud835\udc28\ud835\udc2b\ud835\udc1a \ud835\udfcf\ud835\udfd1:\ud835\udfce\ud835\udfce, pe TVR1, \u00eentre Paradele militare de la Bucure\u0219ti \u0219i Alba Iulia, urm\u0103rim o nou\u0103 edi\u021bie de mare s\u0103rb\u0103toare","robots":{"index":"index","follow":"follow","max-snippet":"max-snippet:-1","max-image-preview":"max-image-preview:large","max-video-preview":"max-video-preview:-1"},"canonical":"https:\/\/urbeamea.ro\/albaiulia\/1-decembrie-ora-1300-cantec-pentru-fauritorii-unirii-pe-tvr-1-spectacol-sustinut-de-ansamblul-folcloric-al-judetului-alba\/","twitter_card":"summary_large_image","twitter_title":"1 Decembrie, ora 13:00 \"C\u00e2ntec pentru F\u0103uritorii Unirii\", pe TVR 1. Spectacol sus\u021binut de Ansamblul Folcloric al Jude\u021bului Alba - Revista Urbea Mea - Revista de Alba","twitter_description":"\ud835\udc03\ud835\udc2e\ud835\udc26\ud835\udc22\ud835\udc27\ud835\udc22\ud835\udc1c\ud835\udc1a, \ud835\udfcf \ud835\udc03\ud835\udc1e\ud835\udc1c\ud835\udc1e\ud835\udc26\ud835\udc1b\ud835\udc2b\ud835\udc22\ud835\udc1e \ud835\udfd0\ud835\udfce\ud835\udfd0\ud835\udfd2, de la \ud835\udc28\ud835\udc2b\ud835\udc1a \ud835\udfcf\ud835\udfd1:\ud835\udfce\ud835\udfce, pe TVR1, \u00eentre Paradele militare de la Bucure\u0219ti \u0219i Alba Iulia, urm\u0103rim o nou\u0103 edi\u021bie de mare s\u0103rb\u0103toare","twitter_image":"https:\/\/urbeamea.ro\/albaiulia\/wp-content\/uploads\/2024\/11\/1000020052.jpg","twitter_creator":"@urbeameaweb","twitter_site":"@urbeameaweb","schema":{"@context":"https:\/\/schema.org","@graph":[{"@type":"Article","@id":"https:\/\/urbeamea.ro\/albaiulia\/1-decembrie-ora-1300-cantec-pentru-fauritorii-unirii-pe-tvr-1-spectacol-sustinut-de-ansamblul-folcloric-al-judetului-alba\/#article","isPartOf":{"@id":"https:\/\/urbeamea.ro\/albaiulia\/1-decembrie-ora-1300-cantec-pentru-fauritorii-unirii-pe-tvr-1-spectacol-sustinut-de-ansamblul-folcloric-al-judetului-alba\/"},"author":{"name":"Giurca Sorin","@id":"https:\/\/urbeamea.ro\/albaiulia\/#\/schema\/person\/5db3854ac38c1cc9f0ab4092d6a20f02"},"headline":"1 Decembrie, ora 13:00 &#8222;C\u00e2ntec pentru F\u0103uritorii Unirii&#8221;, pe TVR 1. Spectacol sus\u021binut de Ansamblul Folcloric al Jude\u021bului Alba","datePublished":"2024-11-29T06:22:19+00:00","dateModified":"2024-11-29T06:22:21+00:00","mainEntityOfPage":{"@id":"https:\/\/urbeamea.ro\/albaiulia\/1-decembrie-ora-1300-cantec-pentru-fauritorii-unirii-pe-tvr-1-spectacol-sustinut-de-ansamblul-folcloric-al-judetului-alba\/"},"wordCount":106,"commentCount":0,"image":{"@id":"https:\/\/urbeamea.ro\/albaiulia\/1-decembrie-ora-1300-cantec-pentru-fauritorii-unirii-pe-tvr-1-spectacol-sustinut-de-ansamblul-folcloric-al-judetului-alba\/#primaryimage"},"thumbnailUrl":"https:\/\/urbeamea.ro\/albaiulia\/wp-content\/uploads\/2024\/11\/1000020052.jpg","keywords":["1 decembrie 1918","Ansamblul Folcloric al Jude\u021bului Alba","marea unire"],"articleSection":["Cultur\u0103","Evenimente","Social","Urbea Mea"],"inLanguage":"ro-RO","potentialAction":[{"@type":"CommentAction","name":"Comment","target":["https:\/\/urbeamea.ro\/albaiulia\/1-decembrie-ora-1300-cantec-pentru-fauritorii-unirii-pe-tvr-1-spectacol-sustinut-de-ansamblul-folcloric-al-judetului-alba\/#respond"]}]},{"@type":"WebPage","@id":"https:\/\/urbeamea.ro\/albaiulia\/1-decembrie-ora-1300-cantec-pentru-fauritorii-unirii-pe-tvr-1-spectacol-sustinut-de-ansamblul-folcloric-al-judetului-alba\/","url":"https:\/\/urbeamea.ro\/albaiulia\/1-decembrie-ora-1300-cantec-pentru-fauritorii-unirii-pe-tvr-1-spectacol-sustinut-de-ansamblul-folcloric-al-judetului-alba\/","name":"1 Decembrie, ora 13:00 \"C\u00e2ntec pentru F\u0103uritorii Unirii\", pe TVR 1. Spectacol sus\u021binut de Ansamblul Folcloric al Jude\u021bului Alba - Revista Urbea Mea - Revista de Alba","isPartOf":{"@id":"https:\/\/urbeamea.ro\/albaiulia\/#website"},"primaryImageOfPage":{"@id":"https:\/\/urbeamea.ro\/albaiulia\/1-decembrie-ora-1300-cantec-pentru-fauritorii-unirii-pe-tvr-1-spectacol-sustinut-de-ansamblul-folcloric-al-judetului-alba\/#primaryimage"},"image":{"@id":"https:\/\/urbeamea.ro\/albaiulia\/1-decembrie-ora-1300-cantec-pentru-fauritorii-unirii-pe-tvr-1-spectacol-sustinut-de-ansamblul-folcloric-al-judetului-alba\/#primaryimage"},"thumbnailUrl":"https:\/\/urbeamea.ro\/albaiulia\/wp-content\/uploads\/2024\/11\/1000020052.jpg","datePublished":"2024-11-29T06:22:19+00:00","dateModified":"2024-11-29T06:22:21+00:00","author":{"@id":"https:\/\/urbeamea.ro\/albaiulia\/#\/schema\/person\/5db3854ac38c1cc9f0ab4092d6a20f02"},"description":"\ud835\udc03\ud835\udc2e\ud835\udc26\ud835\udc22\ud835\udc27\ud835\udc22\ud835\udc1c\ud835\udc1a, \ud835\udfcf \ud835\udc03\ud835\udc1e\ud835\udc1c\ud835\udc1e\ud835\udc26\ud835\udc1b\ud835\udc2b\ud835\udc22\ud835\udc1e \ud835\udfd0\ud835\udfce\ud835\udfd0\ud835\udfd2, de la \ud835\udc28\ud835\udc2b\ud835\udc1a \ud835\udfcf\ud835\udfd1:\ud835\udfce\ud835\udfce, pe TVR1, \u00eentre Paradele militare de la Bucure\u0219ti \u0219i Alba Iulia, urm\u0103rim o nou\u0103 edi\u021bie de mare s\u0103rb\u0103toare","breadcrumb":{"@id":"https:\/\/urbeamea.ro\/albaiulia\/1-decembrie-ora-1300-cantec-pentru-fauritorii-unirii-pe-tvr-1-spectacol-sustinut-de-ansamblul-folcloric-al-judetului-alba\/#breadcrumb"},"inLanguage":"ro-RO","potentialAction":[{"@type":"ReadAction","target":["https:\/\/urbeamea.ro\/albaiulia\/1-decembrie-ora-1300-cantec-pentru-fauritorii-unirii-pe-tvr-1-spectacol-sustinut-de-ansamblul-folcloric-al-judetului-alba\/"]}]},{"@type":"ImageObject","inLanguage":"ro-RO","@id":"https:\/\/urbeamea.ro\/albaiulia\/1-decembrie-ora-1300-cantec-pentru-fauritorii-unirii-pe-tvr-1-spectacol-sustinut-de-ansamblul-folcloric-al-judetului-alba\/#primaryimage","url":"https:\/\/urbeamea.ro\/albaiulia\/wp-content\/uploads\/2024\/11\/1000020052.jpg","contentUrl":"https:\/\/urbeamea.ro\/albaiulia\/wp-content\/uploads\/2024\/11\/1000020052.jpg","width":1080,"height":1329},{"@type":"BreadcrumbList","@id":"https:\/\/urbeamea.ro\/albaiulia\/1-decembrie-ora-1300-cantec-pentru-fauritorii-unirii-pe-tvr-1-spectacol-sustinut-de-ansamblul-folcloric-al-judetului-alba\/#breadcrumb","itemListElement":[{"@type":"ListItem","position":1,"name":"Prima pagin\u0103","item":"https:\/\/urbeamea.ro\/albaiulia\/"},{"@type":"ListItem","position":2,"name":"1 Decembrie, ora 13:00 &#8222;C\u00e2ntec pentru F\u0103uritorii Unirii&#8221;, pe TVR 1. Spectacol sus\u021binut de Ansamblul Folcloric al Jude\u021bului Alba"}]},{"@type":"WebSite","@id":"https:\/\/urbeamea.ro\/albaiulia\/#website","url":"https:\/\/urbeamea.ro\/albaiulia\/","name":"Revista Urbea Mea, Stiri urbane","description":"Evenimente \u0219i \u0219tiri din Alba Iulia, Sebe\u0219, Aiud, Blaj","potentialAction":[{"@type":"SearchAction","target":{"@type":"EntryPoint","urlTemplate":"https:\/\/urbeamea.ro\/albaiulia\/?s={search_term_string}"},"query-input":{"@type":"PropertyValueSpecification","valueRequired":true,"valueName":"search_term_string"}}],"inLanguage":"ro-RO"},{"@type":"Person","@id":"https:\/\/urbeamea.ro\/albaiulia\/#\/schema\/person\/5db3854ac38c1cc9f0ab4092d6a20f02","name":"Giurca Sorin","image":{"@type":"ImageObject","inLanguage":"ro-RO","@id":"https:\/\/secure.gravatar.com\/avatar\/120f6fcae7b3b47a7730cb9943f612f4909f68ac5284b5f40ac1c4615fd70576?s=96&d=mm&r=g","url":"https:\/\/secure.gravatar.com\/avatar\/120f6fcae7b3b47a7730cb9943f612f4909f68ac5284b5f40ac1c4615fd70576?s=96&d=mm&r=g","contentUrl":"https:\/\/secure.gravatar.com\/avatar\/120f6fcae7b3b47a7730cb9943f612f4909f68ac5284b5f40ac1c4615fd70576?s=96&d=mm&r=g","caption":"Giurca Sorin"},"url":"https:\/\/urbeamea.ro\/albaiulia\/author\/sorin\/"}]}},"_links":{"self":[{"href":"https:\/\/urbeamea.ro\/albaiulia\/wp-json\/wp\/v2\/posts\/115166","targetHints":{"allow":["GET"]}}],"collection":[{"href":"https:\/\/urbeamea.ro\/albaiulia\/wp-json\/wp\/v2\/posts"}],"about":[{"href":"https:\/\/urbeamea.ro\/albaiulia\/wp-json\/wp\/v2\/types\/post"}],"author":[{"embeddable":true,"href":"https:\/\/urbeamea.ro\/albaiulia\/wp-json\/wp\/v2\/users\/28"}],"replies":[{"embeddable":true,"href":"https:\/\/urbeamea.ro\/albaiulia\/wp-json\/wp\/v2\/comments?post=115166"}],"version-history":[{"count":1,"href":"https:\/\/urbeamea.ro\/albaiulia\/wp-json\/wp\/v2\/posts\/115166\/revisions"}],"predecessor-version":[{"id":115168,"href":"https:\/\/urbeamea.ro\/albaiulia\/wp-json\/wp\/v2\/posts\/115166\/revisions\/115168"}],"wp:featuredmedia":[{"embeddable":true,"href":"https:\/\/urbeamea.ro\/albaiulia\/wp-json\/wp\/v2\/media\/115167"}],"wp:attachment":[{"href":"https:\/\/urbeamea.ro\/albaiulia\/wp-json\/wp\/v2\/media?parent=115166"}],"wp:term":[{"taxonomy":"category","embeddable":true,"href":"https:\/\/urbeamea.ro\/albaiulia\/wp-json\/wp\/v2\/categories?post=115166"},{"taxonomy":"post_tag","embeddable":true,"href":"https:\/\/urbeamea.ro\/albaiulia\/wp-json\/wp\/v2\/tags?post=115166"}],"curies":[{"name":"wp","href":"https:\/\/api.w.org\/{rel}","templated":true}]}}