{"id":115175,"date":"2024-11-30T10:32:01","date_gmt":"2024-11-30T08:32:01","guid":{"rendered":"https:\/\/urbeamea.ro\/albaiulia\/?p=115175"},"modified":"2024-11-30T10:32:02","modified_gmt":"2024-11-30T08:32:02","slug":"turist-in-alba-stegarul-marii-uniri-ion-arion-primul-martir-al-unirii-din-1918-ucis-in-gara-din-teius-in-timp-ce-flutura-steagul-tricolor","status":"publish","type":"post","link":"https:\/\/urbeamea.ro\/albaiulia\/turist-in-alba-stegarul-marii-uniri-ion-arion-primul-martir-al-unirii-din-1918-ucis-in-gara-din-teius-in-timp-ce-flutura-steagul-tricolor\/","title":{"rendered":"Turist \u00een Alba: Stegarul Marii Uniri, Ion Arion, primul Martir al Unirii din 1918. Ucis \u00een gara din Teiu\u0219, \u00een timp ce flutura steagul tricolor"},"content":{"rendered":"\n<p><strong>Ion Arion din satul Agri\u0219, jude\u021bul Cluj, este considerat de istoria de specialitate dedicat\u0103 evenimentelor Marii Uniri de la 1 Decembrie 1918, ca fiind primul martir al acelor zile.<\/strong><\/p>\n\n\n\n<p>Acesta a fost ucis \u00een gara Teiu\u0219, de c\u0103tre un soldat maghiar, \u00een timp ce flutur\u0103 steagul tricolor, cu care se \u00eendrepta spre Alba Iulia.<\/p>\n\n\n\n<p><strong>Contextul politic<\/strong><\/p>\n\n\n\n<p>Autorit\u0103\u0163ile maghiare care guvernau \u00een Transilvania, devin nemul\u021bumite la dorin\u021ba rom\u00e2nilor din Transilvania, cu &#8222;patria mam\u0103&#8221;.<\/p>\n\n\n\n<p>Acestea doreau men\u0163inerea integrit\u0103\u0163ii teritoriale a Ungariei, \u00een teritoriile ocupate \u00een Transilvania.<\/p>\n\n\n\n<p>\u00cen cea mai mare parte a Transilvaniei, revolu\u0163ia a dus la \u00eendep\u0103rtarea vechilor organe de stat \u015fi la crearea condi\u0163iilor pentru \u00eenfiin\u0163area consiliilor \u015fi a g\u0103rzilor na\u0163ionale rom\u00e2ne, care au preluat puterea politic\u0103, administrativ\u0103 \u015fi militar\u0103 din zon\u0103.<\/p>\n\n\n\n<p>La 8 noiembrie 1918, guvernul maghiar Karoly, ordon\u0103 \u00eenfiin\u0163area unor g\u0103rzi na\u0163ionale speciale pentru paza c\u0103ilor ferate, sub pretextul c\u0103 \u00eentreruperea transportului feroviar ar duce la o adev\u0103rat\u0103 catastrof\u0103 na\u0163ional\u0103.<\/p>\n\n\n\n<p>Scopul noilor g\u0103rzi na\u021bionale \u00eenfiin\u021bate \u00een g\u0103rile din Transilvania, era acela de a opri deplasarea trenurilor cu delega\u021bi rom\u00e2ni, care se \u00eendreptau spre Alba Iulia.<\/p>\n\n\n\n<p>Pentru a atrage militarii ce se re\u00eentorceau de pe fronturi, din caz\u0103rmi \u015fi din prizonierat \u00een aceste g\u0103rzi, se promitea o sold\u0103 zilnic\u0103 de 25 coroane \u015fi \u00eentre\u0163inerea cu toate cele necesare, cei vrednici urm\u00e2nd s\u0103 fie mai t\u00e2rziu recompensa\u0163i \u015fi cu loturi de p\u0103m\u00e2nt sau cu diferite slujbe la Stat.<\/p>\n\n\n\n<p>Asemenea g\u0103rzi s-au format pe traseul liniei ferate Cluj-Apahida-Teiu\u015f, constituindu-se \u00eentr-o adev\u0103rat\u0103 lance, \u00eenfipt\u0103 ad\u00e2nc spre Sud, \u00een teritoriul transilv\u0103nean aflat sub controlul rom\u00e2nilor. <\/p>\n\n\n\n<p>Ulterior, aceste g\u0103rzi au fost \u00eent\u0103rite \u015fi cu for\u0163e militare regulate, \u00eentruc\u00e2t, dup\u0103 cum se \u015ftie, prin armisti\u0163iul din 13 noiembrie 1918, \u00eencheiat la Belgrad \u00eentre guvernul Karoly \u015fi trupele Antantei de sub comanda lui Franchet d\u2019 Esperay, i se l\u0103sase Ungarei un efectiv militar de 6 divizii.<\/p>\n\n\n\n<p>\u00cen garda na\u0163ional\u0103 maghiar\u0103 de cale ferat\u0103 de la Teiu\u015f au fost atra\u015fi \u015fi c\u00e2\u0163iva rom\u00e2ni din Cugir, care, mai apoi, \u00een conjunctura care s-a creat, au fost nevoi\u0163i s\u0103 lupte la podul de peste Mure\u015f de la Mihal\u0163 \u015fi la Br\u0103ni\u015fca \u00eempotriva armatei rom\u00e2ne. <\/p>\n\n\n\n<p>Aresta\u0163i \u00een luna decembrie 1918 de c\u0103tre C.N.R. din Cugir, \u00eempreun\u0103 cu fo\u015ftii lor camarazi unguri din localitate, ei au fost preda\u0163i Marelui Stat Major al armatei rom\u00e2ne pentru a fi judeca\u0163i.<\/p>\n\n\n\n<p>\u00cen zilele \u00een care trenurile au \u00eenceput s\u0103 aduc\u0103 mul\u0163imile de rom\u00e2ni spre Alba Iulia, pe traseul c\u0103ii ferate Cluj-Teiu\u015f au ap\u0103rut \u015fi trenuri militare blindate.<\/p>\n\n\n\n<p><strong>Stegarul Marii Uniri<\/strong><\/p>\n\n\n\n<p>\u00cen anul 1918, Ioan Arion \u2013 stegarul Marii Uniri, era \u00een v\u00e2rst\u0103 de 24 ani, n\u0103scut la n\u0103scut la data de 3 iunie 1894 \u00een satul Agri\u015f, fiul lui Gheorghe \u015fi Irina, care erau agricultori.Trei ani luptase pe front pentru armata na\u021bional\u0103.<\/p>\n\n\n\n<figure class=\"wp-block-image size-full\"><img loading=\"lazy\" decoding=\"async\" width=\"545\" height=\"800\" src=\"https:\/\/urbeamea.ro\/albaiulia\/wp-content\/uploads\/2024\/11\/1000020104.jpg\" alt=\"\" class=\"wp-image-115176\" srcset=\"https:\/\/urbeamea.ro\/albaiulia\/wp-content\/uploads\/2024\/11\/1000020104.jpg 545w, https:\/\/urbeamea.ro\/albaiulia\/wp-content\/uploads\/2024\/11\/1000020104-436x640.jpg 436w, https:\/\/urbeamea.ro\/albaiulia\/wp-content\/uploads\/2024\/11\/1000020104-102x150.jpg 102w\" sizes=\"auto, (max-width: 545px) 100vw, 545px\" \/><\/figure>\n\n\n\n<p>R\u0103nit, a fost decorat chiar de marele general francez Henri Mathias Berthelot pentru fapte de lupt\u0103. <\/p>\n\n\n\n<p>A fost l\u0103sat la vatr\u0103, cum se \u00eent\u00e2mpla, cu cei mai mul\u021bi dintre cei care luptau pe front, cu gradul de caporal.<\/p>\n\n\n\n<p>La biserica din satul natal Agri\u0219, Ioan Arion, a depus \u0219i un jur\u0103m\u00e2nt de credin\u021b\u0103, fa\u021b\u0103 de steagul tricolor, pe care \u0219i -a luat angajamentul s\u0103 \u00eel duc\u0103 p\u00e2n\u0103 la Alba Iulia: \u201eJur c\u0103 acest drapel nu-l voi l\u0103sa din m\u00e2ini dec\u00e2t odat\u0103 cu via\u0163a mea \u015fi voi ajunge cu el la Alba Iulia\u201d.<\/p>\n\n\n\n<p>30 noiembrie <strong>1918, ziua fatidic\u0103 pentru stegarul Marii Uniri<\/strong><\/p>\n\n\n\n<p><\/p>\n\n\n\n<p>Pe data de 30 noiembrie 1918, \u00een gara din Turda, acesta a urcat \u00een trenul spre Alba Iulia, \u00eenso\u021bit de al\u021bi membri ai delega\u021biei din satul s\u0103u.<\/p>\n\n\n\n<p>Trenul care \u00eel transport\u0103 pe Ioan Arion \u0219i pe ceilal\u0163i rom\u00e2ni la Marea Unire din 1918, a ajuns \u00een Gara Teiu\u0219. <\/p>\n\n\n\n<p>Trenurile opreau des, oamenii se d\u0103deau jos, scoteau trompetele \u0219i \u00eencingeau\u201d Hora Unirii\u201d chiar acolo, pe peroanele mici, chiar acolo, printre linii. R\u0103zboiul cel mare se terminase, Unirea avea s\u0103 se fac\u0103.<\/p>\n\n\n\n<p>Ferestrele trenurilor \u0219i vagoanele trenurilor erau \u00eempodobite cu steaguri \u0219i cocarde tricolore.<\/p>\n\n\n\n<p>La Teiu\u015f, garda na\u0163ional\u0103 maghiar\u0103 comandat\u0103 de c\u0103pitanul Francisc Varga a fost \u00eent\u0103rit\u0103 cu trupe de husari venite de la Aiud, sub comanda c\u0103pitanului Iuliu Tookos \u015fi cu un tren blindat, postat pe linia I-a. <\/p>\n\n\n\n<p>La ferestrele de la etaj ale g\u0103rii au fost postate mitraliere \u015fi pu\u015fti mitraliere.<\/p>\n\n\n\n<p>Tot pentru ac\u021biuni de intimidare, pe linia a 5-a a g\u0103rii din Teiu\u0219, se afla sta\u0163ionat un tren plin cu militari germani \u00eenarma\u0163i, afla\u0163i \u00een retragere din Rom\u00e2nia. <\/p>\n\n\n\n<p>Trenurile cu rom\u00e2ni au fost oprite pe liniile dintre trenul blindat \u015fi trenul cu nem\u0163i.<\/p>\n\n\n\n<p>Delega\u021biile de rom\u00e2ni au cobor\u00e2t din trenuri \u00een gara din Teiu\u0219, pentru a \u00eencinge o hor\u0103 \u0219i pentru a arbora drapelul tricolor pe frontispiciul g\u0103rii.<\/p>\n\n\n\n<p>Jocurile \u015fi c\u00e2ntecele rom\u00e2ne\u015fti au continuat cu mar\u015ful revolu\u0163ionar \u201eDe\u015fteapt\u0103-te rom\u00e2ne\u201d \u015fi cu imnul de slav\u0103 \u015fi n\u0103dejde \u201ePe-al nostru steag e scris Unire!\u201d.<\/p>\n\n\n\n<p>Conform raportului procurorului militar maghiar, aceste manifest\u0103ri zgomotoase i-a iritat peste m\u0103sur\u0103 pe militarii \u015fi lucr\u0103torii de cale ferat\u0103 maghiari din sta\u0163ie, ace\u015ftia consider\u00e2ndu-le \u201edef\u0103im\u0103toare la adresa na\u0163iunii maghiare\u201d.<\/p>\n\n\n\n<p>Trenurile cu delega\u021bi rom\u00e2ni \u0219i cu Ioan Arion \u2013 stegarul Unirii, au plecat din gara Teiu\u0219, unde au fost sta\u021bionate, la ora 20.00.<\/p>\n\n\n\n<p>Guvernul maghiar de ocupa\u021bie Karoly a promis Consiliului Na\u0163ional Rom\u00e2n Central c\u0103 va evita v\u0103rs\u0103rile de s\u00e2nge, d\u00e2nd ordine organelor de circula\u0163ie \u015fi celor de siguran\u0163\u0103 s\u0103 nu saboteze \u00een nici un fel c\u0103l\u0103toria rom\u00e2nilor spre Alba Iulia, pe traseul c\u0103ii ferate R\u0103zboieni-Teiu\u015f, acest lucru nu s \u2013 a \u00eent\u00e2mplat, iar guvernul maghiar \u0219i -a \u00eenc\u0103lcat cuv\u00e2ntul dat.<\/p>\n\n\n\n<p>Pornit din Teiu\u0219, trenul cu delega\u021bii rom\u00e2ni la Marea Unire de la 1918, a fost supus unui tir \u00eencruci\u015fat de arme de foc. <\/p>\n\n\n\n<p>Procurorul militar maghiar, trimis pentru anchetarea cazului, recunoa\u015fte c\u0103 s-a tras din toate p\u0103r\u0163ile, inclusiv cu mitralierele amplasate la etajul g\u0103rii.<\/p>\n\n\n\n<p>Unul dintre lucr\u0103torii de cale ferat\u0103 prezent \u00een sta\u0163ie a m\u0103rturisit mai t\u00e2rziu procurorului rom\u00e2n de anchet\u0103 c\u0103 s\u0103 tras din cl\u0103direa g\u0103rii, din trenul blindat \u015fi din trenul cu militari germani. <\/p>\n\n\n\n<p>Dup\u0103 declara\u0163ia protopopului Ioan Sonea, tirul a \u00eenso\u0163it trenul p\u00e2n\u0103 la 2 km distan\u0163\u0103 de gara Teiu\u015f.<\/p>\n\n\n\n<p><strong>Unul dintre gloan\u021bele trase de c\u0103tre solda\u021bii maghiari, l -a lovit mortal pe Ioan Arion \u2013 stegarul Unrii, direct \u00een inim\u0103.<\/strong><\/p>\n\n\n\n<p>\u00cen urm\u0103toarea sta\u021bie, cea din apropierea satului Co\u0219lar, jude\u021bul Alba, delega\u021biile de rom\u00e2ni care se \u00eendreptau spre Alba Iulia, au aflat despre tragicul eveniment.<\/p>\n\n\n\n<p>S-a hot\u0103r\u00e2t pe loc transportarea celui ucis la Alba Iulia. <\/p>\n\n\n\n<p>Constatarea oficial\u0103 a decesului s-a f\u0103cut prin garda na\u0163ional\u0103 rom\u00e2n\u0103 din ora\u015f, care a g\u0103sit urmele a dou\u0103 gloan\u0163e.<\/p>\n\n\n\n<p>Anun\u0163a\u0163i de cele \u00eent\u00e2mplate, frunta\u015fii \u015fi conduc\u0103torii rom\u00e2nilor sosi\u0163i la Alba Iulia l-au declarat pe Ioan Arion ca \u201emort al na\u0163iunii rom\u00e2ne\u201d.<\/p>\n\n\n\n<p>Trupul s\u0103u a fost a\u015fezat pe catafalc \u00een biserica ortodox\u0103 din cartierul Maieri, aflat\u0103 sub administrarea preotului Florian Rusan, care era, \u00een acela\u015fi timp, \u015fi duhovnicul g\u0103rzii \u015fi a legiunii rom\u00e2ne din Alba Iulia.<\/p>\n\n\n\n<p>Din fotografia pe care o realizeaz\u0103, probabil \u00een ziua de 1 sau de 2 decembrie 1918, fotograful Unirii, Emanoil M\u00e2rza, (cea de a 7-a fotografie a sa din seria realizat\u0103 atunci) se observ\u0103 c\u0103 decedatul era \u00eembr\u0103cat \u00een haine militare.<\/p>\n\n\n\n<p>Decesul a fost \u00eenregistrat at\u00e2t la oficiul de stare civil\u0103 al ora\u015fului, c\u00e2t \u015fi la Parohia ortodox\u0103 unde s-a oficiat \u0219i \u00eenmorm\u00e2ntarea.<\/p>\n\n\n\n<p>Trupul lui ne\u00eensufle\u0163it a fost adus la Alba Iulia \u015fi a\u015fezat \u00een biserica ortodox\u0103, de unde i s-a f\u0103cut \u00eenmorm\u00e2ntarea luni, \u00een 2 Decembrie, dup\u0103 actul Marii Uniri.<\/p>\n\n\n\n<figure class=\"wp-block-image size-full\"><img loading=\"lazy\" decoding=\"async\" width=\"601\" height=\"400\" src=\"https:\/\/urbeamea.ro\/albaiulia\/wp-content\/uploads\/2024\/11\/1000020103.jpg\" alt=\"\" class=\"wp-image-115177\" srcset=\"https:\/\/urbeamea.ro\/albaiulia\/wp-content\/uploads\/2024\/11\/1000020103.jpg 601w, https:\/\/urbeamea.ro\/albaiulia\/wp-content\/uploads\/2024\/11\/1000020103-150x100.jpg 150w\" sizes=\"auto, (max-width: 601px) 100vw, 601px\" \/><\/figure>\n\n\n\n<p>La morm\u00e2nt a luat cuv\u00e2ntul generalul Leonte, delegatul armatei rom\u00e2ne din Regat la Marea Adunare Na\u0163ional\u0103, care, \u00een final, l-a s\u0103rutat pe frunte, d\u00e2ndu-i astfel s\u0103rutarea \u00eentregii \u0163\u0103ri. <\/p>\n\n\n\n<p>Au vorbit apoi Vasile Goldi\u015f, protopopul Vasile Urzic\u0103 \u015fi preotul Florian Rusan. <\/p>\n\n\n\n<p> La \u00eenmorm\u00e2ntare a participat \u0219i mama lui Ioan Arion \u00eenso\u021bit\u0103 de cei doi fra\u021bi ai acestuia.<\/p>\n\n\n\n<p>Mama care a r\u0103mas acum orfan\u0103 de un fiu, a primit ca r\u0103splat\u0103 suma de 3564 coroane.<\/p>\n\n\n\n<p>\u00cen ziua de 11 ianuarie 1919, la morm\u00e2ntul lui Ioan Arion s-a oficiat parastasul de \u015fase s\u0103pt\u0103m\u00e2ni, \u00een prezen\u0163a unei companii de onoare comandat\u0103 de col. Nicolau \u015fi a unei mari mul\u0163imi de cet\u0103\u0163eni. <\/p>\n\n\n\n<p>\u00cen timpul slujbei, preotul Rusan a pomenit pe to\u0163i martirii neamului rom\u00e2nesc.<\/p>\n\n\n\n<p>La 23 februarie 1920, prim\u0103ria ora\u015fului s-a adresat prefecturii jude\u0163ului, cer\u00e2nd punerea la dispozi\u0163ie a unei sume destinate monumentului funerar. <\/p>\n\n\n\n<p>La 10 martie 1920, prefectura a \u00eenaintat raportul Consiliului Dirigent \u2013 Resortul Internelor din Cluj, care aprob\u0103 \u015fi trimite suma de 10.000 coroane.<\/p>\n\n\n\n<p>La 27 noiembrie 1921, Ioan Arion a fost din nou comemorat \u00een biserica din Maieri a preotului Rusan, \u00een prezen\u0163a autorit\u0103\u0163ilor civile \u015fi militare ale ora\u015fului, a unei subunit\u0103\u0163i de osta\u015fi \u015fi a fanfarei militare.<\/p>\n\n\n\n<p> La solemnitate a participat \u015fi mama martirului. <\/p>\n\n\n\n<p>Cel pomenit a fost elogiat de preotul Rusan \u015fi generalul Glodeanu. <\/p>\n\n\n\n<p>Pentru mama eroului s-a colectat suma de 1000 lei.<\/p>\n\n\n\n<p>Morm\u00e2ntul \u015fi piatra funerar\u0103 au fost amenajate de preotul Florian Rusan, cel care a fost \u00een 1918 parohul bisericii din Maieri, unde a fost depus corpul ne\u00eensufle\u0163it al lui Ion Arion.<\/p>\n\n\n\n<p>Acesta s-a \u015fi \u00eengrijit ulterior de ridicarea monumentului funerar, primind o parte din bani de la statul rom\u00e2n, dar \u015fi de organizarea parastaselor.<\/p>\n\n\n\n<p>Procesul uciderii stegarului Ion Arion, \u00een gara din Teiu\u0219, a \u00eenceput \u00een 1918 \u0219i s -a \u00eencheiat un an mai t\u00e2rziu, f\u0103r\u0103 nici un rezultat, nefiind g\u0103sit nici un vinovat. <\/p>\n\n\n\n<p>La data de 27 aprilie 1919, dosarul este redeschis din nou.<\/p>\n\n\n\n<p>Procesul va dura doi ani de zile, p\u00e2n\u0103 pe data de 8 martie 1921, de c\u0103tre procuratura de stat din cadrul Tribunalului Alba Iulia, c\u00e2t \u015fi la Curtea de Apel din Cluj, sf\u00e2r\u015findu-se prin clasarea cazului din lips\u0103 de probe \u00eempotriva inculpatului Iuliu Andrasi. <\/p>\n\n\n\n<p>La dosar a fost conexat \u015fi raport din luna decembrie 1918 al procurorului militar maghiar din Cluj.<\/p>\n\n\n\n<p>Dosarul uciderii lui Ion Arion, a fost cercetat de ambele p\u0103r\u021bi, at\u00e2t de cea maghiar\u0103 c\u00e2t \u0219i de cea rom\u00e2neasc\u0103.<\/p>\n\n\n\n<p>Autorit\u0103\u021bile maghiare nu au g\u0103sit nici \u00een vinovat, \u00een cazul uciderii stegarului rom\u00e2n \u00een gara din Teiu\u0219, iar cazul va fi \u00eenchis, ca fiind unul cu autor necunoscut.<\/p>\n\n\n\n<p>Procurorul maghiar de caz, men\u021bioneaz\u0103 \u00een raport, c\u0103 c\u00e2ntecele \u0219i jocurile rom\u00e2ne\u0219ti din Gara Teiu\u0219, au adus intrigare \u0219i sup\u0103rare \u00een r\u00e2ndurile personalului maghiar din gar\u0103, \u0219i a solda\u0163ilor maghiari cantona\u021bi \u00een aceea sta\u021bie de cale ferat\u0103.<\/p>\n\n\n\n<p>Iar ciocnirile dintre delega\u021biile rom\u00e2nilor care se \u00eendreptau spre Alba Iulia \u0219i armata maghiar\u0103, nu au mai putut fii evitate.<\/p>\n\n\n\n<p>\u00cen anul 1919, pe baza unor zvonuri, conform c\u0103rora pe Ioan Arion l-ar fi \u00eempu\u015fcat un t\u00e2n\u0103r maghiar de 19 ani, Iuliu Andrasi, fr\u00e2nar de trenuri din gara Teiu\u015f, Procuratura Tribunalului Alba Iulia redeschide dosarul cauzei.<\/p>\n\n\n\n<p>Acest t\u00e2n\u0103r, \u00een seara zilei de 30 noiembrie 1918, profit\u00e2nd de \u00eentuneric \u015fi st\u00e2nd l\u00e2ng\u0103 vagonul de po\u015ft\u0103 al trenului cu care rom\u00e2nii se \u00eendreptau spre Alba Iulia, \u00een momentul punerii acestuia \u00een mi\u015fcare a \u00eenceput s\u0103 strige \u00een batjocur\u0103 \u201eTr\u0103iasc\u0103 Rom\u00e2nia Mare\u201d, \u00een timp ce, \u201edin pu\u015fca ce o \u0163inea \u00een m\u00e2ini, slobozea gloan\u0163e asupra celor din vagoane\u201d.<\/p>\n\n\n\n<p>\u00centr-un raport al Procuraturii Alba Iulia din 1920 se spune: \u201e\u00cen contra inculpatului Iuliu Andrasi ridic acuza pentru crima de asasinare comis\u0103 \u00een gara Teiu\u0219, la 30 noiembrie 1918, asupra trenului de persoane care venea la adunarea na\u021bional\u0103 Rom\u00e2n\u0103 la Alba Iulia, dup\u0103 vagonul de po\u0219t\u0103 fiind ad\u0103postit \u00een mai multe r\u00e2nduri cu inten\u021biunea precujetat\u0103 a \u00eempu\u0219cat asupra decedatului Ioan c\u00e2nd acesta \u0163inea \u00een m\u00e2n\u0103 steagul tricolor rom\u00e2nesc, \u00een urma c\u0103rei \u00eempu\u015fc\u0103turi a murit subit \u201c.<\/p>\n\n\n\n<p>Din spusele martorilor str\u00e2nse de procuror rezult\u0103 c\u0103 \u201eau auzit, dar nu au v\u0103zut \u201c. <\/p>\n\n\n\n<p>Ancheta \u015fi dezbaterea cazului Ion Arion a durat doi ani, at\u00e2t la Tribunalul Alba, c\u00e2t \u015fi la Curtea de Apel din Cluj. <\/p>\n\n\n\n<p>Verdictul final: clasarea cazului din lips\u0103 de probe.<\/p>\n\n\n\n<p>\u201eAccept\u00e2nd Curtea de Apel motivarea camerei de acuz\u0103 \u0219i nesubvers\u00e2nd momente, pe baza c\u0103rora s-ar putea a\u0219tepta alt rezultat de la \u0219edin\u021ba principal\u0103, a men\u021binut deciziunea corect\u0103 \u0219i \u00een consecin\u021b\u0103 a respins recursul \u201c, se spune \u00een motivarea Cur\u021bii din 1921.<\/p>\n\n\n\n<p>\u00cen ziarul \u201eRom\u00e2nul\u201d din 23 noiembrie\/6 decembrie 1918, stegarului Marii Uniri, \u00eei este dedicat un material \u00een memoria acestuia, intitulat \u201eMortul neamului, amintirii lui Ion Arion\u201d.\u201d <\/p>\n\n\n\n<p>Mortul neamului, amintirii lui Ion Arion: \u201cAlba-Iulia. Alba-Iulia. Ai gr\u0103bit \u015fi tu [\u2026] s\u0103-\u0163i contope\u015fti sufletul romanesc cu al fra\u0163ilor t\u0103i de pretutindeni [\u2026]. \u00censu\u0163i ai luat \u00een m\u00e2ini drapelul tricolor \u015fi atingeai cu drag acest simbol al dorurilor noastre, simbolul idealului, al unit\u0103\u0163ii noastre na\u0163ionale. Dar, c\u00e2nd te-ai urcat \u00een trenul care avea s\u0103 te duc\u0103 la cetatea f\u0103g\u0103duin\u0163ei, c\u00e2nd sim\u0163eai \u00een sufletul t\u0103u fiorul \u00eent\u00e2iului pas pe p\u0103m\u00e2ntul istoricei cet\u0103\u0163i [\u2026], c\u00e2nd, cu ochii umezi, cantai imnul unirii [\u2026], un glonte du\u015fman \u0163i-a str\u0103puns mi\u015fele\u015fte inima [\u2026] Mortul neamului romanesc e\u015fti tu, Ion Arion. Ai plinit legea: orice ideal trebuie r\u0103scump\u0103rat cu s\u00e2nge de martir\u201d.<\/p>\n\n\n\n<p>\u00cen paginile aceluia\u0219i ziar, era publicat un articol, care face referire la momentul \u00eenmorm\u00e2nt\u0103rii de la Alba Iulia, a stegarului Unirii, Ion Arion:<\/p>\n\n\n\n<p>\u201eLuni inainte de amiaza a fost ridicat in biserica din Maieri catafalcul pe care a fost asezat sicriul cu mortul natiunii. Cu camasa desfasurata, cu o pata rosie pe piept, dar cu fata senina, zacea pe catafalc stegarul Ion Arion, taranul din Agris rapus de un glont miselesc. Inca din noaptea de sambata spre duminica, se latise vestea despre atacul miselesc din gara de la Teius, unde husarii maghiari au dat salve asupra trenului in miscare, arborat cu steaguri romanesti si care aducea pe cei ce se grabeau la Alba Iulia\u201d.<\/p>\n\n\n\n<p>La 1 Decembrie 1918, \u00een cetatea Marii Uniri, la Alba Iulia s \u2013 a proclamat unirea provinciilor rom\u00e2ne\u0219ti care lipseau de pe harta Rom\u00e2niei Mari: Transilvania, Banatul, Cri\u0219anei \u0219i Maramure\u0219ului cu Rom\u00e2nia, format\u0103 p\u00e2n\u0103 la aceea dat\u0103 din \u021aara Rom\u00e2neasc\u0103 \u0219i Moldova.<\/p>\n\n\n\n<figure class=\"wp-block-gallery has-nested-images columns-default is-cropped wp-block-gallery-1 is-layout-flex wp-block-gallery-is-layout-flex\">\n<figure class=\"wp-block-image size-full\"><img decoding=\"async\" data-id=\"115182\" src=\"https:\/\/urbeamea.ro\/albaiulia\/wp-content\/uploads\/2024\/11\/1000019533-1.heic\" alt=\"\" class=\"wp-image-115182\" \/><\/figure>\n\n\n\n<figure class=\"wp-block-image size-large\"><img decoding=\"async\" data-id=\"115179\" src=\"https:\/\/urbeamea.ro\/albaiulia\/wp-content\/uploads\/2024\/11\/1000019531.heic\" alt=\"\" class=\"wp-image-115179\" \/><\/figure>\n\n\n\n<figure class=\"wp-block-image size-large\"><img decoding=\"async\" data-id=\"115180\" src=\"https:\/\/urbeamea.ro\/albaiulia\/wp-content\/uploads\/2024\/11\/1000019533.heic\" alt=\"\" class=\"wp-image-115180\" \/><\/figure>\n\n\n\n<figure class=\"wp-block-image size-large\"><img decoding=\"async\" data-id=\"115181\" src=\"https:\/\/urbeamea.ro\/albaiulia\/wp-content\/uploads\/2024\/11\/1000019532.heic\" alt=\"\" class=\"wp-image-115181\" \/><\/figure>\n<\/figure>\n","protected":false},"excerpt":{"rendered":"<p>Ion Arion din satul Agri\u0219, jude\u021bul Cluj, este considerat de istoria de specialitate dedicat\u0103 evenimentelor Marii Uniri de la 1 Decembrie 1918, ca fiind primul martir al acelor zile. Acesta a fost ucis \u00een gara Teiu\u0219, de c\u0103tre un soldat maghiar, \u00een timp ce flutur\u0103 steagul tricolor, cu care se \u00eendrepta spre Alba Iulia. Contextul &hellip;<\/p>\n","protected":false},"author":28,"featured_media":115177,"comment_status":"open","ping_status":"open","sticky":false,"template":"","format":"standard","meta":{"inline_featured_image":false,"footnotes":""},"categories":[23926,8857,24746],"tags":[6638,8878,1153],"class_list":["post-115175","post","type-post","status-publish","format-standard","has-post-thumbnail","hentry","category-actualitate","category-istorie","category-reportaje","tag-1-decembrie-1918","tag-ion-arion","tag-marea-unire"],"yoast_head":"<!-- This site is optimized with the Yoast SEO plugin v27.4 - https:\/\/yoast.com\/product\/yoast-seo-wordpress\/ -->\n<title>Turist \u00een Alba: Stegarul Marii Uniri, Ion Arion, primul Martir al Unirii din 1918. Ucis \u00een gara din Teiu\u0219, \u00een timp ce flutura steagul tricolor - Revista Urbea Mea - Revista de Alba<\/title>\n<meta name=\"description\" content=\"Ion Arion din satul Agri\u0219, jude\u021bul Cluj, este considerat de istoria de specialitate dedicat\u0103 evenimentelor Marii Uniri de la 1 Decembrie 1918, ca fiind\" \/>\n<meta name=\"robots\" content=\"index, follow, max-snippet:-1, max-image-preview:large, max-video-preview:-1\" \/>\n<link rel=\"canonical\" href=\"https:\/\/urbeamea.ro\/albaiulia\/turist-in-alba-stegarul-marii-uniri-ion-arion-primul-martir-al-unirii-din-1918-ucis-in-gara-din-teius-in-timp-ce-flutura-steagul-tricolor\/\" \/>\n<meta name=\"twitter:card\" content=\"summary_large_image\" \/>\n<meta name=\"twitter:title\" content=\"Turist \u00een Alba: Stegarul Marii Uniri, Ion Arion, primul Martir al Unirii din 1918. Ucis \u00een gara din Teiu\u0219, \u00een timp ce flutura steagul tricolor - Revista Urbea Mea - Revista de Alba\" \/>\n<meta name=\"twitter:description\" content=\"Ion Arion din satul Agri\u0219, jude\u021bul Cluj, este considerat de istoria de specialitate dedicat\u0103 evenimentelor Marii Uniri de la 1 Decembrie 1918, ca fiind\" \/>\n<meta name=\"twitter:image\" content=\"https:\/\/urbeamea.ro\/albaiulia\/wp-content\/uploads\/2024\/11\/1000020103.jpg\" \/>\n<meta name=\"twitter:creator\" content=\"@urbeameaweb\" \/>\n<meta name=\"twitter:site\" content=\"@urbeameaweb\" \/>\n<script type=\"application\/ld+json\" class=\"yoast-schema-graph\">{\"@context\":\"https:\\\/\\\/schema.org\",\"@graph\":[{\"@type\":\"Article\",\"@id\":\"https:\\\/\\\/urbeamea.ro\\\/albaiulia\\\/turist-in-alba-stegarul-marii-uniri-ion-arion-primul-martir-al-unirii-din-1918-ucis-in-gara-din-teius-in-timp-ce-flutura-steagul-tricolor\\\/#article\",\"isPartOf\":{\"@id\":\"https:\\\/\\\/urbeamea.ro\\\/albaiulia\\\/turist-in-alba-stegarul-marii-uniri-ion-arion-primul-martir-al-unirii-din-1918-ucis-in-gara-din-teius-in-timp-ce-flutura-steagul-tricolor\\\/\"},\"author\":{\"name\":\"Giurca Sorin\",\"@id\":\"https:\\\/\\\/urbeamea.ro\\\/albaiulia\\\/#\\\/schema\\\/person\\\/5db3854ac38c1cc9f0ab4092d6a20f02\"},\"headline\":\"Turist \u00een Alba: Stegarul Marii Uniri, Ion Arion, primul Martir al Unirii din 1918. Ucis \u00een gara din Teiu\u0219, \u00een timp ce flutura steagul tricolor\",\"datePublished\":\"2024-11-30T08:32:01+00:00\",\"dateModified\":\"2024-11-30T08:32:02+00:00\",\"mainEntityOfPage\":{\"@id\":\"https:\\\/\\\/urbeamea.ro\\\/albaiulia\\\/turist-in-alba-stegarul-marii-uniri-ion-arion-primul-martir-al-unirii-din-1918-ucis-in-gara-din-teius-in-timp-ce-flutura-steagul-tricolor\\\/\"},\"wordCount\":2541,\"commentCount\":0,\"image\":{\"@id\":\"https:\\\/\\\/urbeamea.ro\\\/albaiulia\\\/turist-in-alba-stegarul-marii-uniri-ion-arion-primul-martir-al-unirii-din-1918-ucis-in-gara-din-teius-in-timp-ce-flutura-steagul-tricolor\\\/#primaryimage\"},\"thumbnailUrl\":\"https:\\\/\\\/urbeamea.ro\\\/albaiulia\\\/wp-content\\\/uploads\\\/2024\\\/11\\\/1000020103.jpg\",\"keywords\":[\"1 decembrie 1918\",\"Ion Arion\",\"marea unire\"],\"articleSection\":[\"Actualitate\",\"Istorie\",\"Reportaje\"],\"inLanguage\":\"ro-RO\",\"potentialAction\":[{\"@type\":\"CommentAction\",\"name\":\"Comment\",\"target\":[\"https:\\\/\\\/urbeamea.ro\\\/albaiulia\\\/turist-in-alba-stegarul-marii-uniri-ion-arion-primul-martir-al-unirii-din-1918-ucis-in-gara-din-teius-in-timp-ce-flutura-steagul-tricolor\\\/#respond\"]}]},{\"@type\":\"WebPage\",\"@id\":\"https:\\\/\\\/urbeamea.ro\\\/albaiulia\\\/turist-in-alba-stegarul-marii-uniri-ion-arion-primul-martir-al-unirii-din-1918-ucis-in-gara-din-teius-in-timp-ce-flutura-steagul-tricolor\\\/\",\"url\":\"https:\\\/\\\/urbeamea.ro\\\/albaiulia\\\/turist-in-alba-stegarul-marii-uniri-ion-arion-primul-martir-al-unirii-din-1918-ucis-in-gara-din-teius-in-timp-ce-flutura-steagul-tricolor\\\/\",\"name\":\"Turist \u00een Alba: Stegarul Marii Uniri, Ion Arion, primul Martir al Unirii din 1918. Ucis \u00een gara din Teiu\u0219, \u00een timp ce flutura steagul tricolor - Revista Urbea Mea - Revista de Alba\",\"isPartOf\":{\"@id\":\"https:\\\/\\\/urbeamea.ro\\\/albaiulia\\\/#website\"},\"primaryImageOfPage\":{\"@id\":\"https:\\\/\\\/urbeamea.ro\\\/albaiulia\\\/turist-in-alba-stegarul-marii-uniri-ion-arion-primul-martir-al-unirii-din-1918-ucis-in-gara-din-teius-in-timp-ce-flutura-steagul-tricolor\\\/#primaryimage\"},\"image\":{\"@id\":\"https:\\\/\\\/urbeamea.ro\\\/albaiulia\\\/turist-in-alba-stegarul-marii-uniri-ion-arion-primul-martir-al-unirii-din-1918-ucis-in-gara-din-teius-in-timp-ce-flutura-steagul-tricolor\\\/#primaryimage\"},\"thumbnailUrl\":\"https:\\\/\\\/urbeamea.ro\\\/albaiulia\\\/wp-content\\\/uploads\\\/2024\\\/11\\\/1000020103.jpg\",\"datePublished\":\"2024-11-30T08:32:01+00:00\",\"dateModified\":\"2024-11-30T08:32:02+00:00\",\"author\":{\"@id\":\"https:\\\/\\\/urbeamea.ro\\\/albaiulia\\\/#\\\/schema\\\/person\\\/5db3854ac38c1cc9f0ab4092d6a20f02\"},\"description\":\"Ion Arion din satul Agri\u0219, jude\u021bul Cluj, este considerat de istoria de specialitate dedicat\u0103 evenimentelor Marii Uniri de la 1 Decembrie 1918, ca fiind\",\"breadcrumb\":{\"@id\":\"https:\\\/\\\/urbeamea.ro\\\/albaiulia\\\/turist-in-alba-stegarul-marii-uniri-ion-arion-primul-martir-al-unirii-din-1918-ucis-in-gara-din-teius-in-timp-ce-flutura-steagul-tricolor\\\/#breadcrumb\"},\"inLanguage\":\"ro-RO\",\"potentialAction\":[{\"@type\":\"ReadAction\",\"target\":[\"https:\\\/\\\/urbeamea.ro\\\/albaiulia\\\/turist-in-alba-stegarul-marii-uniri-ion-arion-primul-martir-al-unirii-din-1918-ucis-in-gara-din-teius-in-timp-ce-flutura-steagul-tricolor\\\/\"]}]},{\"@type\":\"ImageObject\",\"inLanguage\":\"ro-RO\",\"@id\":\"https:\\\/\\\/urbeamea.ro\\\/albaiulia\\\/turist-in-alba-stegarul-marii-uniri-ion-arion-primul-martir-al-unirii-din-1918-ucis-in-gara-din-teius-in-timp-ce-flutura-steagul-tricolor\\\/#primaryimage\",\"url\":\"https:\\\/\\\/urbeamea.ro\\\/albaiulia\\\/wp-content\\\/uploads\\\/2024\\\/11\\\/1000020103.jpg\",\"contentUrl\":\"https:\\\/\\\/urbeamea.ro\\\/albaiulia\\\/wp-content\\\/uploads\\\/2024\\\/11\\\/1000020103.jpg\",\"width\":601,\"height\":400},{\"@type\":\"BreadcrumbList\",\"@id\":\"https:\\\/\\\/urbeamea.ro\\\/albaiulia\\\/turist-in-alba-stegarul-marii-uniri-ion-arion-primul-martir-al-unirii-din-1918-ucis-in-gara-din-teius-in-timp-ce-flutura-steagul-tricolor\\\/#breadcrumb\",\"itemListElement\":[{\"@type\":\"ListItem\",\"position\":1,\"name\":\"Prima pagin\u0103\",\"item\":\"https:\\\/\\\/urbeamea.ro\\\/albaiulia\\\/\"},{\"@type\":\"ListItem\",\"position\":2,\"name\":\"Turist \u00een Alba: Stegarul Marii Uniri, Ion Arion, primul Martir al Unirii din 1918. Ucis \u00een gara din Teiu\u0219, \u00een timp ce flutura steagul tricolor\"}]},{\"@type\":\"WebSite\",\"@id\":\"https:\\\/\\\/urbeamea.ro\\\/albaiulia\\\/#website\",\"url\":\"https:\\\/\\\/urbeamea.ro\\\/albaiulia\\\/\",\"name\":\"Revista Urbea Mea, Stiri urbane\",\"description\":\"Evenimente \u0219i \u0219tiri din Alba Iulia, Sebe\u0219, Aiud, Blaj\",\"potentialAction\":[{\"@type\":\"SearchAction\",\"target\":{\"@type\":\"EntryPoint\",\"urlTemplate\":\"https:\\\/\\\/urbeamea.ro\\\/albaiulia\\\/?s={search_term_string}\"},\"query-input\":{\"@type\":\"PropertyValueSpecification\",\"valueRequired\":true,\"valueName\":\"search_term_string\"}}],\"inLanguage\":\"ro-RO\"},{\"@type\":\"Person\",\"@id\":\"https:\\\/\\\/urbeamea.ro\\\/albaiulia\\\/#\\\/schema\\\/person\\\/5db3854ac38c1cc9f0ab4092d6a20f02\",\"name\":\"Giurca Sorin\",\"image\":{\"@type\":\"ImageObject\",\"inLanguage\":\"ro-RO\",\"@id\":\"https:\\\/\\\/secure.gravatar.com\\\/avatar\\\/120f6fcae7b3b47a7730cb9943f612f4909f68ac5284b5f40ac1c4615fd70576?s=96&d=mm&r=g\",\"url\":\"https:\\\/\\\/secure.gravatar.com\\\/avatar\\\/120f6fcae7b3b47a7730cb9943f612f4909f68ac5284b5f40ac1c4615fd70576?s=96&d=mm&r=g\",\"contentUrl\":\"https:\\\/\\\/secure.gravatar.com\\\/avatar\\\/120f6fcae7b3b47a7730cb9943f612f4909f68ac5284b5f40ac1c4615fd70576?s=96&d=mm&r=g\",\"caption\":\"Giurca Sorin\"},\"url\":\"https:\\\/\\\/urbeamea.ro\\\/albaiulia\\\/author\\\/sorin\\\/\"}]}<\/script>\n<!-- \/ Yoast SEO plugin. -->","yoast_head_json":{"title":"Turist \u00een Alba: Stegarul Marii Uniri, Ion Arion, primul Martir al Unirii din 1918. Ucis \u00een gara din Teiu\u0219, \u00een timp ce flutura steagul tricolor - Revista Urbea Mea - Revista de Alba","description":"Ion Arion din satul Agri\u0219, jude\u021bul Cluj, este considerat de istoria de specialitate dedicat\u0103 evenimentelor Marii Uniri de la 1 Decembrie 1918, ca fiind","robots":{"index":"index","follow":"follow","max-snippet":"max-snippet:-1","max-image-preview":"max-image-preview:large","max-video-preview":"max-video-preview:-1"},"canonical":"https:\/\/urbeamea.ro\/albaiulia\/turist-in-alba-stegarul-marii-uniri-ion-arion-primul-martir-al-unirii-din-1918-ucis-in-gara-din-teius-in-timp-ce-flutura-steagul-tricolor\/","twitter_card":"summary_large_image","twitter_title":"Turist \u00een Alba: Stegarul Marii Uniri, Ion Arion, primul Martir al Unirii din 1918. Ucis \u00een gara din Teiu\u0219, \u00een timp ce flutura steagul tricolor - Revista Urbea Mea - Revista de Alba","twitter_description":"Ion Arion din satul Agri\u0219, jude\u021bul Cluj, este considerat de istoria de specialitate dedicat\u0103 evenimentelor Marii Uniri de la 1 Decembrie 1918, ca fiind","twitter_image":"https:\/\/urbeamea.ro\/albaiulia\/wp-content\/uploads\/2024\/11\/1000020103.jpg","twitter_creator":"@urbeameaweb","twitter_site":"@urbeameaweb","schema":{"@context":"https:\/\/schema.org","@graph":[{"@type":"Article","@id":"https:\/\/urbeamea.ro\/albaiulia\/turist-in-alba-stegarul-marii-uniri-ion-arion-primul-martir-al-unirii-din-1918-ucis-in-gara-din-teius-in-timp-ce-flutura-steagul-tricolor\/#article","isPartOf":{"@id":"https:\/\/urbeamea.ro\/albaiulia\/turist-in-alba-stegarul-marii-uniri-ion-arion-primul-martir-al-unirii-din-1918-ucis-in-gara-din-teius-in-timp-ce-flutura-steagul-tricolor\/"},"author":{"name":"Giurca Sorin","@id":"https:\/\/urbeamea.ro\/albaiulia\/#\/schema\/person\/5db3854ac38c1cc9f0ab4092d6a20f02"},"headline":"Turist \u00een Alba: Stegarul Marii Uniri, Ion Arion, primul Martir al Unirii din 1918. Ucis \u00een gara din Teiu\u0219, \u00een timp ce flutura steagul tricolor","datePublished":"2024-11-30T08:32:01+00:00","dateModified":"2024-11-30T08:32:02+00:00","mainEntityOfPage":{"@id":"https:\/\/urbeamea.ro\/albaiulia\/turist-in-alba-stegarul-marii-uniri-ion-arion-primul-martir-al-unirii-din-1918-ucis-in-gara-din-teius-in-timp-ce-flutura-steagul-tricolor\/"},"wordCount":2541,"commentCount":0,"image":{"@id":"https:\/\/urbeamea.ro\/albaiulia\/turist-in-alba-stegarul-marii-uniri-ion-arion-primul-martir-al-unirii-din-1918-ucis-in-gara-din-teius-in-timp-ce-flutura-steagul-tricolor\/#primaryimage"},"thumbnailUrl":"https:\/\/urbeamea.ro\/albaiulia\/wp-content\/uploads\/2024\/11\/1000020103.jpg","keywords":["1 decembrie 1918","Ion Arion","marea unire"],"articleSection":["Actualitate","Istorie","Reportaje"],"inLanguage":"ro-RO","potentialAction":[{"@type":"CommentAction","name":"Comment","target":["https:\/\/urbeamea.ro\/albaiulia\/turist-in-alba-stegarul-marii-uniri-ion-arion-primul-martir-al-unirii-din-1918-ucis-in-gara-din-teius-in-timp-ce-flutura-steagul-tricolor\/#respond"]}]},{"@type":"WebPage","@id":"https:\/\/urbeamea.ro\/albaiulia\/turist-in-alba-stegarul-marii-uniri-ion-arion-primul-martir-al-unirii-din-1918-ucis-in-gara-din-teius-in-timp-ce-flutura-steagul-tricolor\/","url":"https:\/\/urbeamea.ro\/albaiulia\/turist-in-alba-stegarul-marii-uniri-ion-arion-primul-martir-al-unirii-din-1918-ucis-in-gara-din-teius-in-timp-ce-flutura-steagul-tricolor\/","name":"Turist \u00een Alba: Stegarul Marii Uniri, Ion Arion, primul Martir al Unirii din 1918. Ucis \u00een gara din Teiu\u0219, \u00een timp ce flutura steagul tricolor - Revista Urbea Mea - Revista de Alba","isPartOf":{"@id":"https:\/\/urbeamea.ro\/albaiulia\/#website"},"primaryImageOfPage":{"@id":"https:\/\/urbeamea.ro\/albaiulia\/turist-in-alba-stegarul-marii-uniri-ion-arion-primul-martir-al-unirii-din-1918-ucis-in-gara-din-teius-in-timp-ce-flutura-steagul-tricolor\/#primaryimage"},"image":{"@id":"https:\/\/urbeamea.ro\/albaiulia\/turist-in-alba-stegarul-marii-uniri-ion-arion-primul-martir-al-unirii-din-1918-ucis-in-gara-din-teius-in-timp-ce-flutura-steagul-tricolor\/#primaryimage"},"thumbnailUrl":"https:\/\/urbeamea.ro\/albaiulia\/wp-content\/uploads\/2024\/11\/1000020103.jpg","datePublished":"2024-11-30T08:32:01+00:00","dateModified":"2024-11-30T08:32:02+00:00","author":{"@id":"https:\/\/urbeamea.ro\/albaiulia\/#\/schema\/person\/5db3854ac38c1cc9f0ab4092d6a20f02"},"description":"Ion Arion din satul Agri\u0219, jude\u021bul Cluj, este considerat de istoria de specialitate dedicat\u0103 evenimentelor Marii Uniri de la 1 Decembrie 1918, ca fiind","breadcrumb":{"@id":"https:\/\/urbeamea.ro\/albaiulia\/turist-in-alba-stegarul-marii-uniri-ion-arion-primul-martir-al-unirii-din-1918-ucis-in-gara-din-teius-in-timp-ce-flutura-steagul-tricolor\/#breadcrumb"},"inLanguage":"ro-RO","potentialAction":[{"@type":"ReadAction","target":["https:\/\/urbeamea.ro\/albaiulia\/turist-in-alba-stegarul-marii-uniri-ion-arion-primul-martir-al-unirii-din-1918-ucis-in-gara-din-teius-in-timp-ce-flutura-steagul-tricolor\/"]}]},{"@type":"ImageObject","inLanguage":"ro-RO","@id":"https:\/\/urbeamea.ro\/albaiulia\/turist-in-alba-stegarul-marii-uniri-ion-arion-primul-martir-al-unirii-din-1918-ucis-in-gara-din-teius-in-timp-ce-flutura-steagul-tricolor\/#primaryimage","url":"https:\/\/urbeamea.ro\/albaiulia\/wp-content\/uploads\/2024\/11\/1000020103.jpg","contentUrl":"https:\/\/urbeamea.ro\/albaiulia\/wp-content\/uploads\/2024\/11\/1000020103.jpg","width":601,"height":400},{"@type":"BreadcrumbList","@id":"https:\/\/urbeamea.ro\/albaiulia\/turist-in-alba-stegarul-marii-uniri-ion-arion-primul-martir-al-unirii-din-1918-ucis-in-gara-din-teius-in-timp-ce-flutura-steagul-tricolor\/#breadcrumb","itemListElement":[{"@type":"ListItem","position":1,"name":"Prima pagin\u0103","item":"https:\/\/urbeamea.ro\/albaiulia\/"},{"@type":"ListItem","position":2,"name":"Turist \u00een Alba: Stegarul Marii Uniri, Ion Arion, primul Martir al Unirii din 1918. Ucis \u00een gara din Teiu\u0219, \u00een timp ce flutura steagul tricolor"}]},{"@type":"WebSite","@id":"https:\/\/urbeamea.ro\/albaiulia\/#website","url":"https:\/\/urbeamea.ro\/albaiulia\/","name":"Revista Urbea Mea, Stiri urbane","description":"Evenimente \u0219i \u0219tiri din Alba Iulia, Sebe\u0219, Aiud, Blaj","potentialAction":[{"@type":"SearchAction","target":{"@type":"EntryPoint","urlTemplate":"https:\/\/urbeamea.ro\/albaiulia\/?s={search_term_string}"},"query-input":{"@type":"PropertyValueSpecification","valueRequired":true,"valueName":"search_term_string"}}],"inLanguage":"ro-RO"},{"@type":"Person","@id":"https:\/\/urbeamea.ro\/albaiulia\/#\/schema\/person\/5db3854ac38c1cc9f0ab4092d6a20f02","name":"Giurca Sorin","image":{"@type":"ImageObject","inLanguage":"ro-RO","@id":"https:\/\/secure.gravatar.com\/avatar\/120f6fcae7b3b47a7730cb9943f612f4909f68ac5284b5f40ac1c4615fd70576?s=96&d=mm&r=g","url":"https:\/\/secure.gravatar.com\/avatar\/120f6fcae7b3b47a7730cb9943f612f4909f68ac5284b5f40ac1c4615fd70576?s=96&d=mm&r=g","contentUrl":"https:\/\/secure.gravatar.com\/avatar\/120f6fcae7b3b47a7730cb9943f612f4909f68ac5284b5f40ac1c4615fd70576?s=96&d=mm&r=g","caption":"Giurca Sorin"},"url":"https:\/\/urbeamea.ro\/albaiulia\/author\/sorin\/"}]}},"_links":{"self":[{"href":"https:\/\/urbeamea.ro\/albaiulia\/wp-json\/wp\/v2\/posts\/115175","targetHints":{"allow":["GET"]}}],"collection":[{"href":"https:\/\/urbeamea.ro\/albaiulia\/wp-json\/wp\/v2\/posts"}],"about":[{"href":"https:\/\/urbeamea.ro\/albaiulia\/wp-json\/wp\/v2\/types\/post"}],"author":[{"embeddable":true,"href":"https:\/\/urbeamea.ro\/albaiulia\/wp-json\/wp\/v2\/users\/28"}],"replies":[{"embeddable":true,"href":"https:\/\/urbeamea.ro\/albaiulia\/wp-json\/wp\/v2\/comments?post=115175"}],"version-history":[{"count":1,"href":"https:\/\/urbeamea.ro\/albaiulia\/wp-json\/wp\/v2\/posts\/115175\/revisions"}],"predecessor-version":[{"id":115183,"href":"https:\/\/urbeamea.ro\/albaiulia\/wp-json\/wp\/v2\/posts\/115175\/revisions\/115183"}],"wp:featuredmedia":[{"embeddable":true,"href":"https:\/\/urbeamea.ro\/albaiulia\/wp-json\/wp\/v2\/media\/115177"}],"wp:attachment":[{"href":"https:\/\/urbeamea.ro\/albaiulia\/wp-json\/wp\/v2\/media?parent=115175"}],"wp:term":[{"taxonomy":"category","embeddable":true,"href":"https:\/\/urbeamea.ro\/albaiulia\/wp-json\/wp\/v2\/categories?post=115175"},{"taxonomy":"post_tag","embeddable":true,"href":"https:\/\/urbeamea.ro\/albaiulia\/wp-json\/wp\/v2\/tags?post=115175"}],"curies":[{"name":"wp","href":"https:\/\/api.w.org\/{rel}","templated":true}]}}