{"id":115317,"date":"2024-12-06T10:13:14","date_gmt":"2024-12-06T08:13:14","guid":{"rendered":"https:\/\/urbeamea.ro\/albaiulia\/?p=115317"},"modified":"2024-12-06T10:13:15","modified_gmt":"2024-12-06T08:13:15","slug":"vineri-ora-2000-concert-alexandra-ungureanu-la-deschiderea-targului-de-craciun-craciunul-la-palat-de-la-palatul-principilor-din-alba-iulia","status":"publish","type":"post","link":"https:\/\/urbeamea.ro\/albaiulia\/vineri-ora-2000-concert-alexandra-ungureanu-la-deschiderea-targului-de-craciun-craciunul-la-palat-de-la-palatul-principilor-din-alba-iulia\/","title":{"rendered":"Vineri, ora 20:00 Concert Alexandra Ungureanu, la deschiderea T\u00e2rgului de Cr\u0103ciun, &#8222;Cr\u0103ciunul la Palat&#8221;, de la Palatul Principilor din Alba Iulia"},"content":{"rendered":"\n<p> <strong>Pe \ud835\udfd4 \ud835\udc1d\ud835\udc1e\ud835\udc1c\ud835\udc1e\ud835\udc26\ud835\udc1b\ud835\udc2b\ud835\udc22\ud835\udc1e, \ud835\udc1d\ud835\udc1e \ud835\udc25\ud835\udc1a \ud835\udc28\ud835\udc2b\ud835\udc1a \ud835\udfd0\ud835\udfce:\ud835\udfce\ud835\udfce, v\u0103 invit\u0103m s\u0103 tr\u0103i\u021bi magia s\u0103rb\u0103torilor al\u0103turi de \ud835\udc00\ud835\udc25\ud835\udc1e\ud835\udc31\ud835\udc1a\ud835\udc27\ud835\udc1d\ud835\udc2b\ud835\udc1a \ud835\udc14\ud835\udc27\ud835\udc20\ud835\udc2e\ud835\udc2b\ud835\udc1e\ud835\udc1a\ud835\udc27\ud835\udc2e!<\/strong><\/p>\n\n\n\n<p> \u00cen cadrul celei de-a doua edi\u021bii a evenimentului \u201eCr\u0103ciunul la Palat\u201d, Palatul Principilor din Alba Iulia devine scena unui concert de poveste, care va aduce farmecul iernii \u0219i emo\u021bia colindelor aproape de inimile noastre. <\/p>\n\n\n\n<p>Acest eveniment unic, organizat \u00een atmosfera feeric\u0103 a T\u00e2rgului de Cr\u0103ciun, v\u0103 promite o sear\u0103 de neuitat, plin\u0103 de muzic\u0103, emo\u021bie \u0219i str\u0103lucire! <\/p>\n\n\n\n<p>  \ud835\udc0b\ud835\udc28\ud835\udc1c\ud835\udc1a\ud835\udc2d\ud835\udc22\ud835\udc1e: Palatul Principilor Transilvaniei, Alba Iulia<\/p>\n\n\n\n<p> \ud835\udc03\ud835\udc1a\ud835\udc2d\ud835\udc1a: 6 decembrie, o\ud835\udc2b\ud835\udc1a: 20:00<\/p>\n\n\n\n<p> Intrarea este liber\u0103 pentru to\u021bi cei care doresc s\u0103 simt\u0103 magia s\u0103rb\u0103torilor al\u0103turi de Alexandra Ungureanu!<\/p>\n\n\n\n<p>V\u0103 a\u0219tept\u0103m s\u0103 scriem \u00eempreun\u0103 o poveste de Cr\u0103ciun memorabil\u0103! <\/p>\n\n\n\n<figure class=\"wp-block-image size-large\"><img loading=\"lazy\" decoding=\"async\" width=\"1024\" height=\"1280\" src=\"https:\/\/urbeamea.ro\/albaiulia\/wp-content\/uploads\/2024\/12\/1000021112-1024x1280.jpg\" alt=\"\" class=\"wp-image-115318\" srcset=\"https:\/\/urbeamea.ro\/albaiulia\/wp-content\/uploads\/2024\/12\/1000021112-1024x1280.jpg 1024w, https:\/\/urbeamea.ro\/albaiulia\/wp-content\/uploads\/2024\/12\/1000021112-512x640.jpg 512w, https:\/\/urbeamea.ro\/albaiulia\/wp-content\/uploads\/2024\/12\/1000021112-120x150.jpg 120w, https:\/\/urbeamea.ro\/albaiulia\/wp-content\/uploads\/2024\/12\/1000021112-768x960.jpg 768w, https:\/\/urbeamea.ro\/albaiulia\/wp-content\/uploads\/2024\/12\/1000021112.jpg 1080w\" sizes=\"auto, (max-width: 1024px) 100vw, 1024px\" \/><\/figure>\n","protected":false},"excerpt":{"rendered":"<p>Pe \ud835\udfd4 \ud835\udc1d\ud835\udc1e\ud835\udc1c\ud835\udc1e\ud835\udc26\ud835\udc1b\ud835\udc2b\ud835\udc22\ud835\udc1e, \ud835\udc1d\ud835\udc1e \ud835\udc25\ud835\udc1a \ud835\udc28\ud835\udc2b\ud835\udc1a \ud835\udfd0\ud835\udfce:\ud835\udfce\ud835\udfce, v\u0103 invit\u0103m s\u0103 tr\u0103i\u021bi magia s\u0103rb\u0103torilor al\u0103turi de \ud835\udc00\ud835\udc25\ud835\udc1e\ud835\udc31\ud835\udc1a\ud835\udc27\ud835\udc1d\ud835\udc2b\ud835\udc1a \ud835\udc14\ud835\udc27\ud835\udc20\ud835\udc2e\ud835\udc2b\ud835\udc1e\ud835\udc1a\ud835\udc27\ud835\udc2e! \u00cen cadrul celei de-a doua edi\u021bii a evenimentului \u201eCr\u0103ciunul la Palat\u201d, Palatul Principilor din Alba Iulia devine scena unui concert de poveste, care va aduce farmecul iernii \u0219i emo\u021bia colindelor aproape de inimile noastre. Acest eveniment unic, organizat &hellip;<\/p>\n","protected":false},"author":28,"featured_media":115318,"comment_status":"open","ping_status":"open","sticky":false,"template":"","format":"standard","meta":{"inline_featured_image":false,"footnotes":""},"categories":[2038,4,2034,1,16344],"tags":[842,25140],"class_list":["post-115317","post","type-post","status-publish","format-standard","has-post-thumbnail","hentry","category-cultura","category-eveniment","category-social","category-stiri-urbane","category-urbea-mea","tag-alexandra-ungureanu","tag-craciun-la-palat"],"yoast_head":"<!-- This site is optimized with the Yoast SEO plugin v27.4 - https:\/\/yoast.com\/product\/yoast-seo-wordpress\/ -->\n<title>Vineri, ora 20:00 Concert Alexandra Ungureanu, la deschiderea T\u00e2rgului de Cr\u0103ciun, &quot;Cr\u0103ciunul la Palat&quot;, de la Palatul Principilor din Alba Iulia - Revista Urbea Mea - Revista de Alba<\/title>\n<meta name=\"description\" content=\"Pe \ud835\udfd4 \ud835\udc1d\ud835\udc1e\ud835\udc1c\ud835\udc1e\ud835\udc26\ud835\udc1b\ud835\udc2b\ud835\udc22\ud835\udc1e, \ud835\udc1d\ud835\udc1e \ud835\udc25\ud835\udc1a \ud835\udc28\ud835\udc2b\ud835\udc1a \ud835\udfd0\ud835\udfce:\ud835\udfce\ud835\udfce, v\u0103 invit\u0103m s\u0103 tr\u0103i\u021bi magia s\u0103rb\u0103torilor al\u0103turi de \ud835\udc00\ud835\udc25\ud835\udc1e\ud835\udc31\ud835\udc1a\ud835\udc27\ud835\udc1d\ud835\udc2b\ud835\udc1a \ud835\udc14\ud835\udc27\ud835\udc20\ud835\udc2e\ud835\udc2b\ud835\udc1e\ud835\udc1a\ud835\udc27\ud835\udc2e! \u00cen cadrul celei de-a doua edi\u021bii a evenimentului\" \/>\n<meta name=\"robots\" content=\"index, follow, max-snippet:-1, max-image-preview:large, max-video-preview:-1\" \/>\n<link rel=\"canonical\" href=\"https:\/\/urbeamea.ro\/albaiulia\/vineri-ora-2000-concert-alexandra-ungureanu-la-deschiderea-targului-de-craciun-craciunul-la-palat-de-la-palatul-principilor-din-alba-iulia\/\" \/>\n<meta name=\"twitter:card\" content=\"summary_large_image\" \/>\n<meta name=\"twitter:title\" content=\"Vineri, ora 20:00 Concert Alexandra Ungureanu, la deschiderea T\u00e2rgului de Cr\u0103ciun, &quot;Cr\u0103ciunul la Palat&quot;, de la Palatul Principilor din Alba Iulia - Revista Urbea Mea - Revista de Alba\" \/>\n<meta name=\"twitter:description\" content=\"Pe \ud835\udfd4 \ud835\udc1d\ud835\udc1e\ud835\udc1c\ud835\udc1e\ud835\udc26\ud835\udc1b\ud835\udc2b\ud835\udc22\ud835\udc1e, \ud835\udc1d\ud835\udc1e \ud835\udc25\ud835\udc1a \ud835\udc28\ud835\udc2b\ud835\udc1a \ud835\udfd0\ud835\udfce:\ud835\udfce\ud835\udfce, v\u0103 invit\u0103m s\u0103 tr\u0103i\u021bi magia s\u0103rb\u0103torilor al\u0103turi de \ud835\udc00\ud835\udc25\ud835\udc1e\ud835\udc31\ud835\udc1a\ud835\udc27\ud835\udc1d\ud835\udc2b\ud835\udc1a \ud835\udc14\ud835\udc27\ud835\udc20\ud835\udc2e\ud835\udc2b\ud835\udc1e\ud835\udc1a\ud835\udc27\ud835\udc2e! \u00cen cadrul celei de-a doua edi\u021bii a evenimentului\" \/>\n<meta name=\"twitter:image\" content=\"https:\/\/urbeamea.ro\/albaiulia\/wp-content\/uploads\/2024\/12\/1000021112.jpg\" \/>\n<meta name=\"twitter:creator\" content=\"@urbeameaweb\" \/>\n<meta name=\"twitter:site\" content=\"@urbeameaweb\" \/>\n<script type=\"application\/ld+json\" class=\"yoast-schema-graph\">{\"@context\":\"https:\\\/\\\/schema.org\",\"@graph\":[{\"@type\":\"Article\",\"@id\":\"https:\\\/\\\/urbeamea.ro\\\/albaiulia\\\/vineri-ora-2000-concert-alexandra-ungureanu-la-deschiderea-targului-de-craciun-craciunul-la-palat-de-la-palatul-principilor-din-alba-iulia\\\/#article\",\"isPartOf\":{\"@id\":\"https:\\\/\\\/urbeamea.ro\\\/albaiulia\\\/vineri-ora-2000-concert-alexandra-ungureanu-la-deschiderea-targului-de-craciun-craciunul-la-palat-de-la-palatul-principilor-din-alba-iulia\\\/\"},\"author\":{\"name\":\"Giurca Sorin\",\"@id\":\"https:\\\/\\\/urbeamea.ro\\\/albaiulia\\\/#\\\/schema\\\/person\\\/5db3854ac38c1cc9f0ab4092d6a20f02\"},\"headline\":\"Vineri, ora 20:00 Concert Alexandra Ungureanu, la deschiderea T\u00e2rgului de Cr\u0103ciun, &#8222;Cr\u0103ciunul la Palat&#8221;, de la Palatul Principilor din Alba Iulia\",\"datePublished\":\"2024-12-06T08:13:14+00:00\",\"dateModified\":\"2024-12-06T08:13:15+00:00\",\"mainEntityOfPage\":{\"@id\":\"https:\\\/\\\/urbeamea.ro\\\/albaiulia\\\/vineri-ora-2000-concert-alexandra-ungureanu-la-deschiderea-targului-de-craciun-craciunul-la-palat-de-la-palatul-principilor-din-alba-iulia\\\/\"},\"wordCount\":142,\"commentCount\":0,\"image\":{\"@id\":\"https:\\\/\\\/urbeamea.ro\\\/albaiulia\\\/vineri-ora-2000-concert-alexandra-ungureanu-la-deschiderea-targului-de-craciun-craciunul-la-palat-de-la-palatul-principilor-din-alba-iulia\\\/#primaryimage\"},\"thumbnailUrl\":\"https:\\\/\\\/urbeamea.ro\\\/albaiulia\\\/wp-content\\\/uploads\\\/2024\\\/12\\\/1000021112.jpg\",\"keywords\":[\"alexandra ungureanu\",\"Cr\u0103ciun la palat\"],\"articleSection\":[\"Cultur\u0103\",\"Evenimente\",\"Social\",\"\u015etiri Urbane\",\"Urbea Mea\"],\"inLanguage\":\"ro-RO\",\"potentialAction\":[{\"@type\":\"CommentAction\",\"name\":\"Comment\",\"target\":[\"https:\\\/\\\/urbeamea.ro\\\/albaiulia\\\/vineri-ora-2000-concert-alexandra-ungureanu-la-deschiderea-targului-de-craciun-craciunul-la-palat-de-la-palatul-principilor-din-alba-iulia\\\/#respond\"]}]},{\"@type\":\"WebPage\",\"@id\":\"https:\\\/\\\/urbeamea.ro\\\/albaiulia\\\/vineri-ora-2000-concert-alexandra-ungureanu-la-deschiderea-targului-de-craciun-craciunul-la-palat-de-la-palatul-principilor-din-alba-iulia\\\/\",\"url\":\"https:\\\/\\\/urbeamea.ro\\\/albaiulia\\\/vineri-ora-2000-concert-alexandra-ungureanu-la-deschiderea-targului-de-craciun-craciunul-la-palat-de-la-palatul-principilor-din-alba-iulia\\\/\",\"name\":\"Vineri, ora 20:00 Concert Alexandra Ungureanu, la deschiderea T\u00e2rgului de Cr\u0103ciun, \\\"Cr\u0103ciunul la Palat\\\", de la Palatul Principilor din Alba Iulia - Revista Urbea Mea - Revista de Alba\",\"isPartOf\":{\"@id\":\"https:\\\/\\\/urbeamea.ro\\\/albaiulia\\\/#website\"},\"primaryImageOfPage\":{\"@id\":\"https:\\\/\\\/urbeamea.ro\\\/albaiulia\\\/vineri-ora-2000-concert-alexandra-ungureanu-la-deschiderea-targului-de-craciun-craciunul-la-palat-de-la-palatul-principilor-din-alba-iulia\\\/#primaryimage\"},\"image\":{\"@id\":\"https:\\\/\\\/urbeamea.ro\\\/albaiulia\\\/vineri-ora-2000-concert-alexandra-ungureanu-la-deschiderea-targului-de-craciun-craciunul-la-palat-de-la-palatul-principilor-din-alba-iulia\\\/#primaryimage\"},\"thumbnailUrl\":\"https:\\\/\\\/urbeamea.ro\\\/albaiulia\\\/wp-content\\\/uploads\\\/2024\\\/12\\\/1000021112.jpg\",\"datePublished\":\"2024-12-06T08:13:14+00:00\",\"dateModified\":\"2024-12-06T08:13:15+00:00\",\"author\":{\"@id\":\"https:\\\/\\\/urbeamea.ro\\\/albaiulia\\\/#\\\/schema\\\/person\\\/5db3854ac38c1cc9f0ab4092d6a20f02\"},\"description\":\"Pe \ud835\udfd4 \ud835\udc1d\ud835\udc1e\ud835\udc1c\ud835\udc1e\ud835\udc26\ud835\udc1b\ud835\udc2b\ud835\udc22\ud835\udc1e, \ud835\udc1d\ud835\udc1e \ud835\udc25\ud835\udc1a \ud835\udc28\ud835\udc2b\ud835\udc1a \ud835\udfd0\ud835\udfce:\ud835\udfce\ud835\udfce, v\u0103 invit\u0103m s\u0103 tr\u0103i\u021bi magia s\u0103rb\u0103torilor al\u0103turi de \ud835\udc00\ud835\udc25\ud835\udc1e\ud835\udc31\ud835\udc1a\ud835\udc27\ud835\udc1d\ud835\udc2b\ud835\udc1a \ud835\udc14\ud835\udc27\ud835\udc20\ud835\udc2e\ud835\udc2b\ud835\udc1e\ud835\udc1a\ud835\udc27\ud835\udc2e! \u00cen cadrul celei de-a doua edi\u021bii a evenimentului\",\"breadcrumb\":{\"@id\":\"https:\\\/\\\/urbeamea.ro\\\/albaiulia\\\/vineri-ora-2000-concert-alexandra-ungureanu-la-deschiderea-targului-de-craciun-craciunul-la-palat-de-la-palatul-principilor-din-alba-iulia\\\/#breadcrumb\"},\"inLanguage\":\"ro-RO\",\"potentialAction\":[{\"@type\":\"ReadAction\",\"target\":[\"https:\\\/\\\/urbeamea.ro\\\/albaiulia\\\/vineri-ora-2000-concert-alexandra-ungureanu-la-deschiderea-targului-de-craciun-craciunul-la-palat-de-la-palatul-principilor-din-alba-iulia\\\/\"]}]},{\"@type\":\"ImageObject\",\"inLanguage\":\"ro-RO\",\"@id\":\"https:\\\/\\\/urbeamea.ro\\\/albaiulia\\\/vineri-ora-2000-concert-alexandra-ungureanu-la-deschiderea-targului-de-craciun-craciunul-la-palat-de-la-palatul-principilor-din-alba-iulia\\\/#primaryimage\",\"url\":\"https:\\\/\\\/urbeamea.ro\\\/albaiulia\\\/wp-content\\\/uploads\\\/2024\\\/12\\\/1000021112.jpg\",\"contentUrl\":\"https:\\\/\\\/urbeamea.ro\\\/albaiulia\\\/wp-content\\\/uploads\\\/2024\\\/12\\\/1000021112.jpg\",\"width\":1080,\"height\":1350},{\"@type\":\"BreadcrumbList\",\"@id\":\"https:\\\/\\\/urbeamea.ro\\\/albaiulia\\\/vineri-ora-2000-concert-alexandra-ungureanu-la-deschiderea-targului-de-craciun-craciunul-la-palat-de-la-palatul-principilor-din-alba-iulia\\\/#breadcrumb\",\"itemListElement\":[{\"@type\":\"ListItem\",\"position\":1,\"name\":\"Prima pagin\u0103\",\"item\":\"https:\\\/\\\/urbeamea.ro\\\/albaiulia\\\/\"},{\"@type\":\"ListItem\",\"position\":2,\"name\":\"Vineri, ora 20:00 Concert Alexandra Ungureanu, la deschiderea T\u00e2rgului de Cr\u0103ciun, &#8222;Cr\u0103ciunul la Palat&#8221;, de la Palatul Principilor din Alba Iulia\"}]},{\"@type\":\"WebSite\",\"@id\":\"https:\\\/\\\/urbeamea.ro\\\/albaiulia\\\/#website\",\"url\":\"https:\\\/\\\/urbeamea.ro\\\/albaiulia\\\/\",\"name\":\"Revista Urbea Mea, Stiri urbane\",\"description\":\"Evenimente \u0219i \u0219tiri din Alba Iulia, Sebe\u0219, Aiud, Blaj\",\"potentialAction\":[{\"@type\":\"SearchAction\",\"target\":{\"@type\":\"EntryPoint\",\"urlTemplate\":\"https:\\\/\\\/urbeamea.ro\\\/albaiulia\\\/?s={search_term_string}\"},\"query-input\":{\"@type\":\"PropertyValueSpecification\",\"valueRequired\":true,\"valueName\":\"search_term_string\"}}],\"inLanguage\":\"ro-RO\"},{\"@type\":\"Person\",\"@id\":\"https:\\\/\\\/urbeamea.ro\\\/albaiulia\\\/#\\\/schema\\\/person\\\/5db3854ac38c1cc9f0ab4092d6a20f02\",\"name\":\"Giurca Sorin\",\"image\":{\"@type\":\"ImageObject\",\"inLanguage\":\"ro-RO\",\"@id\":\"https:\\\/\\\/secure.gravatar.com\\\/avatar\\\/120f6fcae7b3b47a7730cb9943f612f4909f68ac5284b5f40ac1c4615fd70576?s=96&d=mm&r=g\",\"url\":\"https:\\\/\\\/secure.gravatar.com\\\/avatar\\\/120f6fcae7b3b47a7730cb9943f612f4909f68ac5284b5f40ac1c4615fd70576?s=96&d=mm&r=g\",\"contentUrl\":\"https:\\\/\\\/secure.gravatar.com\\\/avatar\\\/120f6fcae7b3b47a7730cb9943f612f4909f68ac5284b5f40ac1c4615fd70576?s=96&d=mm&r=g\",\"caption\":\"Giurca Sorin\"},\"url\":\"https:\\\/\\\/urbeamea.ro\\\/albaiulia\\\/author\\\/sorin\\\/\"}]}<\/script>\n<!-- \/ Yoast SEO plugin. -->","yoast_head_json":{"title":"Vineri, ora 20:00 Concert Alexandra Ungureanu, la deschiderea T\u00e2rgului de Cr\u0103ciun, \"Cr\u0103ciunul la Palat\", de la Palatul Principilor din Alba Iulia - Revista Urbea Mea - Revista de Alba","description":"Pe \ud835\udfd4 \ud835\udc1d\ud835\udc1e\ud835\udc1c\ud835\udc1e\ud835\udc26\ud835\udc1b\ud835\udc2b\ud835\udc22\ud835\udc1e, \ud835\udc1d\ud835\udc1e \ud835\udc25\ud835\udc1a \ud835\udc28\ud835\udc2b\ud835\udc1a \ud835\udfd0\ud835\udfce:\ud835\udfce\ud835\udfce, v\u0103 invit\u0103m s\u0103 tr\u0103i\u021bi magia s\u0103rb\u0103torilor al\u0103turi de \ud835\udc00\ud835\udc25\ud835\udc1e\ud835\udc31\ud835\udc1a\ud835\udc27\ud835\udc1d\ud835\udc2b\ud835\udc1a \ud835\udc14\ud835\udc27\ud835\udc20\ud835\udc2e\ud835\udc2b\ud835\udc1e\ud835\udc1a\ud835\udc27\ud835\udc2e! \u00cen cadrul celei de-a doua edi\u021bii a evenimentului","robots":{"index":"index","follow":"follow","max-snippet":"max-snippet:-1","max-image-preview":"max-image-preview:large","max-video-preview":"max-video-preview:-1"},"canonical":"https:\/\/urbeamea.ro\/albaiulia\/vineri-ora-2000-concert-alexandra-ungureanu-la-deschiderea-targului-de-craciun-craciunul-la-palat-de-la-palatul-principilor-din-alba-iulia\/","twitter_card":"summary_large_image","twitter_title":"Vineri, ora 20:00 Concert Alexandra Ungureanu, la deschiderea T\u00e2rgului de Cr\u0103ciun, \"Cr\u0103ciunul la Palat\", de la Palatul Principilor din Alba Iulia - Revista Urbea Mea - Revista de Alba","twitter_description":"Pe \ud835\udfd4 \ud835\udc1d\ud835\udc1e\ud835\udc1c\ud835\udc1e\ud835\udc26\ud835\udc1b\ud835\udc2b\ud835\udc22\ud835\udc1e, \ud835\udc1d\ud835\udc1e \ud835\udc25\ud835\udc1a \ud835\udc28\ud835\udc2b\ud835\udc1a \ud835\udfd0\ud835\udfce:\ud835\udfce\ud835\udfce, v\u0103 invit\u0103m s\u0103 tr\u0103i\u021bi magia s\u0103rb\u0103torilor al\u0103turi de \ud835\udc00\ud835\udc25\ud835\udc1e\ud835\udc31\ud835\udc1a\ud835\udc27\ud835\udc1d\ud835\udc2b\ud835\udc1a \ud835\udc14\ud835\udc27\ud835\udc20\ud835\udc2e\ud835\udc2b\ud835\udc1e\ud835\udc1a\ud835\udc27\ud835\udc2e! \u00cen cadrul celei de-a doua edi\u021bii a evenimentului","twitter_image":"https:\/\/urbeamea.ro\/albaiulia\/wp-content\/uploads\/2024\/12\/1000021112.jpg","twitter_creator":"@urbeameaweb","twitter_site":"@urbeameaweb","schema":{"@context":"https:\/\/schema.org","@graph":[{"@type":"Article","@id":"https:\/\/urbeamea.ro\/albaiulia\/vineri-ora-2000-concert-alexandra-ungureanu-la-deschiderea-targului-de-craciun-craciunul-la-palat-de-la-palatul-principilor-din-alba-iulia\/#article","isPartOf":{"@id":"https:\/\/urbeamea.ro\/albaiulia\/vineri-ora-2000-concert-alexandra-ungureanu-la-deschiderea-targului-de-craciun-craciunul-la-palat-de-la-palatul-principilor-din-alba-iulia\/"},"author":{"name":"Giurca Sorin","@id":"https:\/\/urbeamea.ro\/albaiulia\/#\/schema\/person\/5db3854ac38c1cc9f0ab4092d6a20f02"},"headline":"Vineri, ora 20:00 Concert Alexandra Ungureanu, la deschiderea T\u00e2rgului de Cr\u0103ciun, &#8222;Cr\u0103ciunul la Palat&#8221;, de la Palatul Principilor din Alba Iulia","datePublished":"2024-12-06T08:13:14+00:00","dateModified":"2024-12-06T08:13:15+00:00","mainEntityOfPage":{"@id":"https:\/\/urbeamea.ro\/albaiulia\/vineri-ora-2000-concert-alexandra-ungureanu-la-deschiderea-targului-de-craciun-craciunul-la-palat-de-la-palatul-principilor-din-alba-iulia\/"},"wordCount":142,"commentCount":0,"image":{"@id":"https:\/\/urbeamea.ro\/albaiulia\/vineri-ora-2000-concert-alexandra-ungureanu-la-deschiderea-targului-de-craciun-craciunul-la-palat-de-la-palatul-principilor-din-alba-iulia\/#primaryimage"},"thumbnailUrl":"https:\/\/urbeamea.ro\/albaiulia\/wp-content\/uploads\/2024\/12\/1000021112.jpg","keywords":["alexandra ungureanu","Cr\u0103ciun la palat"],"articleSection":["Cultur\u0103","Evenimente","Social","\u015etiri Urbane","Urbea Mea"],"inLanguage":"ro-RO","potentialAction":[{"@type":"CommentAction","name":"Comment","target":["https:\/\/urbeamea.ro\/albaiulia\/vineri-ora-2000-concert-alexandra-ungureanu-la-deschiderea-targului-de-craciun-craciunul-la-palat-de-la-palatul-principilor-din-alba-iulia\/#respond"]}]},{"@type":"WebPage","@id":"https:\/\/urbeamea.ro\/albaiulia\/vineri-ora-2000-concert-alexandra-ungureanu-la-deschiderea-targului-de-craciun-craciunul-la-palat-de-la-palatul-principilor-din-alba-iulia\/","url":"https:\/\/urbeamea.ro\/albaiulia\/vineri-ora-2000-concert-alexandra-ungureanu-la-deschiderea-targului-de-craciun-craciunul-la-palat-de-la-palatul-principilor-din-alba-iulia\/","name":"Vineri, ora 20:00 Concert Alexandra Ungureanu, la deschiderea T\u00e2rgului de Cr\u0103ciun, \"Cr\u0103ciunul la Palat\", de la Palatul Principilor din Alba Iulia - Revista Urbea Mea - Revista de Alba","isPartOf":{"@id":"https:\/\/urbeamea.ro\/albaiulia\/#website"},"primaryImageOfPage":{"@id":"https:\/\/urbeamea.ro\/albaiulia\/vineri-ora-2000-concert-alexandra-ungureanu-la-deschiderea-targului-de-craciun-craciunul-la-palat-de-la-palatul-principilor-din-alba-iulia\/#primaryimage"},"image":{"@id":"https:\/\/urbeamea.ro\/albaiulia\/vineri-ora-2000-concert-alexandra-ungureanu-la-deschiderea-targului-de-craciun-craciunul-la-palat-de-la-palatul-principilor-din-alba-iulia\/#primaryimage"},"thumbnailUrl":"https:\/\/urbeamea.ro\/albaiulia\/wp-content\/uploads\/2024\/12\/1000021112.jpg","datePublished":"2024-12-06T08:13:14+00:00","dateModified":"2024-12-06T08:13:15+00:00","author":{"@id":"https:\/\/urbeamea.ro\/albaiulia\/#\/schema\/person\/5db3854ac38c1cc9f0ab4092d6a20f02"},"description":"Pe \ud835\udfd4 \ud835\udc1d\ud835\udc1e\ud835\udc1c\ud835\udc1e\ud835\udc26\ud835\udc1b\ud835\udc2b\ud835\udc22\ud835\udc1e, \ud835\udc1d\ud835\udc1e \ud835\udc25\ud835\udc1a \ud835\udc28\ud835\udc2b\ud835\udc1a \ud835\udfd0\ud835\udfce:\ud835\udfce\ud835\udfce, v\u0103 invit\u0103m s\u0103 tr\u0103i\u021bi magia s\u0103rb\u0103torilor al\u0103turi de \ud835\udc00\ud835\udc25\ud835\udc1e\ud835\udc31\ud835\udc1a\ud835\udc27\ud835\udc1d\ud835\udc2b\ud835\udc1a \ud835\udc14\ud835\udc27\ud835\udc20\ud835\udc2e\ud835\udc2b\ud835\udc1e\ud835\udc1a\ud835\udc27\ud835\udc2e! \u00cen cadrul celei de-a doua edi\u021bii a evenimentului","breadcrumb":{"@id":"https:\/\/urbeamea.ro\/albaiulia\/vineri-ora-2000-concert-alexandra-ungureanu-la-deschiderea-targului-de-craciun-craciunul-la-palat-de-la-palatul-principilor-din-alba-iulia\/#breadcrumb"},"inLanguage":"ro-RO","potentialAction":[{"@type":"ReadAction","target":["https:\/\/urbeamea.ro\/albaiulia\/vineri-ora-2000-concert-alexandra-ungureanu-la-deschiderea-targului-de-craciun-craciunul-la-palat-de-la-palatul-principilor-din-alba-iulia\/"]}]},{"@type":"ImageObject","inLanguage":"ro-RO","@id":"https:\/\/urbeamea.ro\/albaiulia\/vineri-ora-2000-concert-alexandra-ungureanu-la-deschiderea-targului-de-craciun-craciunul-la-palat-de-la-palatul-principilor-din-alba-iulia\/#primaryimage","url":"https:\/\/urbeamea.ro\/albaiulia\/wp-content\/uploads\/2024\/12\/1000021112.jpg","contentUrl":"https:\/\/urbeamea.ro\/albaiulia\/wp-content\/uploads\/2024\/12\/1000021112.jpg","width":1080,"height":1350},{"@type":"BreadcrumbList","@id":"https:\/\/urbeamea.ro\/albaiulia\/vineri-ora-2000-concert-alexandra-ungureanu-la-deschiderea-targului-de-craciun-craciunul-la-palat-de-la-palatul-principilor-din-alba-iulia\/#breadcrumb","itemListElement":[{"@type":"ListItem","position":1,"name":"Prima pagin\u0103","item":"https:\/\/urbeamea.ro\/albaiulia\/"},{"@type":"ListItem","position":2,"name":"Vineri, ora 20:00 Concert Alexandra Ungureanu, la deschiderea T\u00e2rgului de Cr\u0103ciun, &#8222;Cr\u0103ciunul la Palat&#8221;, de la Palatul Principilor din Alba Iulia"}]},{"@type":"WebSite","@id":"https:\/\/urbeamea.ro\/albaiulia\/#website","url":"https:\/\/urbeamea.ro\/albaiulia\/","name":"Revista Urbea Mea, Stiri urbane","description":"Evenimente \u0219i \u0219tiri din Alba Iulia, Sebe\u0219, Aiud, Blaj","potentialAction":[{"@type":"SearchAction","target":{"@type":"EntryPoint","urlTemplate":"https:\/\/urbeamea.ro\/albaiulia\/?s={search_term_string}"},"query-input":{"@type":"PropertyValueSpecification","valueRequired":true,"valueName":"search_term_string"}}],"inLanguage":"ro-RO"},{"@type":"Person","@id":"https:\/\/urbeamea.ro\/albaiulia\/#\/schema\/person\/5db3854ac38c1cc9f0ab4092d6a20f02","name":"Giurca Sorin","image":{"@type":"ImageObject","inLanguage":"ro-RO","@id":"https:\/\/secure.gravatar.com\/avatar\/120f6fcae7b3b47a7730cb9943f612f4909f68ac5284b5f40ac1c4615fd70576?s=96&d=mm&r=g","url":"https:\/\/secure.gravatar.com\/avatar\/120f6fcae7b3b47a7730cb9943f612f4909f68ac5284b5f40ac1c4615fd70576?s=96&d=mm&r=g","contentUrl":"https:\/\/secure.gravatar.com\/avatar\/120f6fcae7b3b47a7730cb9943f612f4909f68ac5284b5f40ac1c4615fd70576?s=96&d=mm&r=g","caption":"Giurca Sorin"},"url":"https:\/\/urbeamea.ro\/albaiulia\/author\/sorin\/"}]}},"_links":{"self":[{"href":"https:\/\/urbeamea.ro\/albaiulia\/wp-json\/wp\/v2\/posts\/115317","targetHints":{"allow":["GET"]}}],"collection":[{"href":"https:\/\/urbeamea.ro\/albaiulia\/wp-json\/wp\/v2\/posts"}],"about":[{"href":"https:\/\/urbeamea.ro\/albaiulia\/wp-json\/wp\/v2\/types\/post"}],"author":[{"embeddable":true,"href":"https:\/\/urbeamea.ro\/albaiulia\/wp-json\/wp\/v2\/users\/28"}],"replies":[{"embeddable":true,"href":"https:\/\/urbeamea.ro\/albaiulia\/wp-json\/wp\/v2\/comments?post=115317"}],"version-history":[{"count":1,"href":"https:\/\/urbeamea.ro\/albaiulia\/wp-json\/wp\/v2\/posts\/115317\/revisions"}],"predecessor-version":[{"id":115319,"href":"https:\/\/urbeamea.ro\/albaiulia\/wp-json\/wp\/v2\/posts\/115317\/revisions\/115319"}],"wp:featuredmedia":[{"embeddable":true,"href":"https:\/\/urbeamea.ro\/albaiulia\/wp-json\/wp\/v2\/media\/115318"}],"wp:attachment":[{"href":"https:\/\/urbeamea.ro\/albaiulia\/wp-json\/wp\/v2\/media?parent=115317"}],"wp:term":[{"taxonomy":"category","embeddable":true,"href":"https:\/\/urbeamea.ro\/albaiulia\/wp-json\/wp\/v2\/categories?post=115317"},{"taxonomy":"post_tag","embeddable":true,"href":"https:\/\/urbeamea.ro\/albaiulia\/wp-json\/wp\/v2\/tags?post=115317"}],"curies":[{"name":"wp","href":"https:\/\/api.w.org\/{rel}","templated":true}]}}