{"id":115320,"date":"2024-12-06T10:48:08","date_gmt":"2024-12-06T08:48:08","guid":{"rendered":"https:\/\/urbeamea.ro\/albaiulia\/?p=115320"},"modified":"2024-12-06T10:48:52","modified_gmt":"2024-12-06T08:48:52","slug":"atlanticul-din-apuseni-fotografie-realizata-de-fotograful-aiudean-gheorghe-popa-in-muntii-apuseni-locul-3-topului-the-international-landscape-photographer-of-the-year","status":"publish","type":"post","link":"https:\/\/urbeamea.ro\/albaiulia\/atlanticul-din-apuseni-fotografie-realizata-de-fotograful-aiudean-gheorghe-popa-in-muntii-apuseni-locul-3-topului-the-international-landscape-photographer-of-the-year\/","title":{"rendered":"&#8222;Atlanticul din Apuseni&#8221;, fotografie realizat\u0103 de fotograful aiudean Gheorghe Popa, \u00een Mun\u021bii Apuseni, locul 3 \u00een  topul The International Landscape Photographer of The Year"},"content":{"rendered":"\n<p>Fotografia intitulat\u0103 &#8222;Atlanticul din Apuseni&#8221;, realizat\u0103 de fotograful Gheorghe Popa, originar din Aiud, a fost premiat\u0103 cu locul 3 \u00een cadrul topului International Landscape Photographer of The Year.<\/p>\n\n\n\n<p>Fotografia surprinde un peisaj realizat \u00een zona Geam\u0103na din Mun\u021bii Apuseni. <\/p>\n\n\n\n<p>&#8222;Imagine f\u0103cut\u0103 cu AI? Nu, nici vorb\u0103! De fapt, este o poz\u0103 care surprinde un peisaj incredibil din Geam\u0103na, Mun\u021bii Apuseni , f\u0103cut\u0103 cu mult\u0103 m\u0103iestrie de c\u0103tre Gheorghe Popa, fotograful rom\u00e2n care a ob\u021binut, \u00een 2024, locul 3 \u00een cadrul topului The International Landscape Photographer of the Year\u201d, au scris reprezentan\u021bii Ambasadei SUA \u00een Rom\u00e2nia, vineri, pe pagina de socializarea institu\u021biei.<\/p>\n\n\n\n<p>Gheorghe Popa este de profesie farmacist \u0219i fotograf de natur\u0103. S-a n\u0103scut \u00een 1982 \u00een Aiud, un mic or\u0103\u0219el din Transilvania, Rom\u00e2nia.<\/p>\n\n\n\n<p>Originalitatea fotografiilor lui st\u0103 \u00een consecven\u021ba \u0219i meticulozitatea cu care abordeaz\u0103 proiectele pe termen lung \u00een arii naturale \u0219i peisaje s\u0103lbatice deseori trecute cu vederea.<\/p>\n\n\n\n<p> Lucr\u0103rile lui sunt un monument dedicat frumuse\u021bii unice a naturii neatinse. Scopul este s\u0103 trezeasc\u0103 sim\u021bul responsabilit\u0103\u021bii \u0219i aten\u021bia privitorilor, \u00eencuraj\u00e2ndu-i s\u0103 pre\u021buiasc\u0103 \u0219i s\u0103 protejeze natura.<\/p>\n\n\n\n<p>Creativitatea cu care a fotografiat lacurile Cuejdel \u0219i Geam\u0103na i-a adus recunoa\u0219tere interna\u021bional\u0103 c\u00e2\u0219tig\u00e2nd numeroase premii interna\u021bionale precum National Geographic \u2013 Nature Photographer of the Year (Men\u021biune), GDT \u2013 European Wildlife Photographer of the Year (Germania), Monochrome Awards U.S.A., ILPOTY (The International Landscape Photographer of the Year Award \u2013 Australia), MontPhoto and Memorial Maria Luisa (Spania), Nature Photographer of the Year (Olanda), \u201cMilvus\u201d Nature Photography Contest (Rom\u00e2nia).<\/p>\n\n\n\n<p>Fotografiile sale sunt publicate \u00een revistele National Geographic, National Geographic Traveler, Natuurfotografie Magazine (Olanda &amp; Belgia), Forum Naturfotografie (Germania), Elements Magazine (Canada), On Landscape (UK).<\/p>\n\n\n\n<p>Gheorghe Popa este primul rom\u00e2n care a avut o fotografie prezent\u0103 \u00een Galeriile National Geographic Fine Art din U.S.A.<\/p>\n\n\n\n<figure class=\"wp-block-image size-full\"><img loading=\"lazy\" decoding=\"async\" width=\"1080\" height=\"720\" src=\"https:\/\/urbeamea.ro\/albaiulia\/wp-content\/uploads\/2024\/12\/1000021113.jpg\" alt=\"\" class=\"wp-image-115321\" srcset=\"https:\/\/urbeamea.ro\/albaiulia\/wp-content\/uploads\/2024\/12\/1000021113.jpg 1080w, https:\/\/urbeamea.ro\/albaiulia\/wp-content\/uploads\/2024\/12\/1000021113-640x427.jpg 640w, https:\/\/urbeamea.ro\/albaiulia\/wp-content\/uploads\/2024\/12\/1000021113-150x100.jpg 150w, https:\/\/urbeamea.ro\/albaiulia\/wp-content\/uploads\/2024\/12\/1000021113-768x512.jpg 768w\" sizes=\"auto, (max-width: 1080px) 100vw, 1080px\" \/><\/figure>\n","protected":false},"excerpt":{"rendered":"<p>Fotografia intitulat\u0103 &#8222;Atlanticul din Apuseni&#8221;, realizat\u0103 de fotograful Gheorghe Popa, originar din Aiud, a fost premiat\u0103 cu locul 3 \u00een cadrul topului International Landscape Photographer of The Year. Fotografia surprinde un peisaj realizat \u00een zona Geam\u0103na din Mun\u021bii Apuseni. &#8222;Imagine f\u0103cut\u0103 cu AI? Nu, nici vorb\u0103! De fapt, este o poz\u0103 care surprinde un peisaj &hellip;<\/p>\n","protected":false},"author":28,"featured_media":115321,"comment_status":"open","ping_status":"open","sticky":false,"template":"","format":"standard","meta":{"inline_featured_image":false,"footnotes":""},"categories":[4,2036,2034,1,16344],"tags":[25145,4987],"class_list":["post-115320","post","type-post","status-publish","format-standard","has-post-thumbnail","hentry","category-eveniment","category-monden","category-social","category-stiri-urbane","category-urbea-mea","tag-gheorghe-popa","tag-muntii-apuseni"],"yoast_head":"<!-- This site is optimized with the Yoast SEO plugin v27.4 - https:\/\/yoast.com\/product\/yoast-seo-wordpress\/ -->\n<title>&quot;Atlanticul din Apuseni&quot;, fotografie realizat\u0103 de fotograful aiudean Gheorghe Popa, \u00een Mun\u021bii Apuseni, locul 3 \u00een topul The International Landscape Photographer of The Year - Revista Urbea Mea - Revista de Alba<\/title>\n<meta name=\"description\" content=\"Fotografia intitulat\u0103 &quot;Atlanticul din Apuseni&quot;, realizat\u0103 de fotograful Gheorghe Popa, originar din Aiud, a fost premiat\u0103 cu locul 3 \u00een cadrul topului\" \/>\n<meta name=\"robots\" content=\"index, follow, max-snippet:-1, max-image-preview:large, max-video-preview:-1\" \/>\n<link rel=\"canonical\" href=\"https:\/\/urbeamea.ro\/albaiulia\/atlanticul-din-apuseni-fotografie-realizata-de-fotograful-aiudean-gheorghe-popa-in-muntii-apuseni-locul-3-topului-the-international-landscape-photographer-of-the-year\/\" \/>\n<meta name=\"twitter:card\" content=\"summary_large_image\" \/>\n<meta name=\"twitter:title\" content=\"&quot;Atlanticul din Apuseni&quot;, fotografie realizat\u0103 de fotograful aiudean Gheorghe Popa, \u00een Mun\u021bii Apuseni, locul 3 \u00een topul The International Landscape Photographer of The Year - Revista Urbea Mea - Revista de Alba\" \/>\n<meta name=\"twitter:description\" content=\"Fotografia intitulat\u0103 &quot;Atlanticul din Apuseni&quot;, realizat\u0103 de fotograful Gheorghe Popa, originar din Aiud, a fost premiat\u0103 cu locul 3 \u00een cadrul topului\" \/>\n<meta name=\"twitter:image\" content=\"https:\/\/urbeamea.ro\/albaiulia\/wp-content\/uploads\/2024\/12\/1000021113.jpg\" \/>\n<meta name=\"twitter:creator\" content=\"@urbeameaweb\" \/>\n<meta name=\"twitter:site\" content=\"@urbeameaweb\" \/>\n<script type=\"application\/ld+json\" class=\"yoast-schema-graph\">{\"@context\":\"https:\\\/\\\/schema.org\",\"@graph\":[{\"@type\":\"Article\",\"@id\":\"https:\\\/\\\/urbeamea.ro\\\/albaiulia\\\/atlanticul-din-apuseni-fotografie-realizata-de-fotograful-aiudean-gheorghe-popa-in-muntii-apuseni-locul-3-topului-the-international-landscape-photographer-of-the-year\\\/#article\",\"isPartOf\":{\"@id\":\"https:\\\/\\\/urbeamea.ro\\\/albaiulia\\\/atlanticul-din-apuseni-fotografie-realizata-de-fotograful-aiudean-gheorghe-popa-in-muntii-apuseni-locul-3-topului-the-international-landscape-photographer-of-the-year\\\/\"},\"author\":{\"name\":\"Giurca Sorin\",\"@id\":\"https:\\\/\\\/urbeamea.ro\\\/albaiulia\\\/#\\\/schema\\\/person\\\/5db3854ac38c1cc9f0ab4092d6a20f02\"},\"headline\":\"&#8222;Atlanticul din Apuseni&#8221;, fotografie realizat\u0103 de fotograful aiudean Gheorghe Popa, \u00een Mun\u021bii Apuseni, locul 3 \u00een topul The International Landscape Photographer of The Year\",\"datePublished\":\"2024-12-06T08:48:08+00:00\",\"dateModified\":\"2024-12-06T08:48:52+00:00\",\"mainEntityOfPage\":{\"@id\":\"https:\\\/\\\/urbeamea.ro\\\/albaiulia\\\/atlanticul-din-apuseni-fotografie-realizata-de-fotograful-aiudean-gheorghe-popa-in-muntii-apuseni-locul-3-topului-the-international-landscape-photographer-of-the-year\\\/\"},\"wordCount\":340,\"commentCount\":0,\"image\":{\"@id\":\"https:\\\/\\\/urbeamea.ro\\\/albaiulia\\\/atlanticul-din-apuseni-fotografie-realizata-de-fotograful-aiudean-gheorghe-popa-in-muntii-apuseni-locul-3-topului-the-international-landscape-photographer-of-the-year\\\/#primaryimage\"},\"thumbnailUrl\":\"https:\\\/\\\/urbeamea.ro\\\/albaiulia\\\/wp-content\\\/uploads\\\/2024\\\/12\\\/1000021113.jpg\",\"keywords\":[\"Gheorghe Popa\",\"muntii apuseni\"],\"articleSection\":[\"Evenimente\",\"Monden\",\"Social\",\"\u015etiri Urbane\",\"Urbea Mea\"],\"inLanguage\":\"ro-RO\",\"potentialAction\":[{\"@type\":\"CommentAction\",\"name\":\"Comment\",\"target\":[\"https:\\\/\\\/urbeamea.ro\\\/albaiulia\\\/atlanticul-din-apuseni-fotografie-realizata-de-fotograful-aiudean-gheorghe-popa-in-muntii-apuseni-locul-3-topului-the-international-landscape-photographer-of-the-year\\\/#respond\"]}]},{\"@type\":\"WebPage\",\"@id\":\"https:\\\/\\\/urbeamea.ro\\\/albaiulia\\\/atlanticul-din-apuseni-fotografie-realizata-de-fotograful-aiudean-gheorghe-popa-in-muntii-apuseni-locul-3-topului-the-international-landscape-photographer-of-the-year\\\/\",\"url\":\"https:\\\/\\\/urbeamea.ro\\\/albaiulia\\\/atlanticul-din-apuseni-fotografie-realizata-de-fotograful-aiudean-gheorghe-popa-in-muntii-apuseni-locul-3-topului-the-international-landscape-photographer-of-the-year\\\/\",\"name\":\"\\\"Atlanticul din Apuseni\\\", fotografie realizat\u0103 de fotograful aiudean Gheorghe Popa, \u00een Mun\u021bii Apuseni, locul 3 \u00een topul The International Landscape Photographer of The Year - Revista Urbea Mea - Revista de Alba\",\"isPartOf\":{\"@id\":\"https:\\\/\\\/urbeamea.ro\\\/albaiulia\\\/#website\"},\"primaryImageOfPage\":{\"@id\":\"https:\\\/\\\/urbeamea.ro\\\/albaiulia\\\/atlanticul-din-apuseni-fotografie-realizata-de-fotograful-aiudean-gheorghe-popa-in-muntii-apuseni-locul-3-topului-the-international-landscape-photographer-of-the-year\\\/#primaryimage\"},\"image\":{\"@id\":\"https:\\\/\\\/urbeamea.ro\\\/albaiulia\\\/atlanticul-din-apuseni-fotografie-realizata-de-fotograful-aiudean-gheorghe-popa-in-muntii-apuseni-locul-3-topului-the-international-landscape-photographer-of-the-year\\\/#primaryimage\"},\"thumbnailUrl\":\"https:\\\/\\\/urbeamea.ro\\\/albaiulia\\\/wp-content\\\/uploads\\\/2024\\\/12\\\/1000021113.jpg\",\"datePublished\":\"2024-12-06T08:48:08+00:00\",\"dateModified\":\"2024-12-06T08:48:52+00:00\",\"author\":{\"@id\":\"https:\\\/\\\/urbeamea.ro\\\/albaiulia\\\/#\\\/schema\\\/person\\\/5db3854ac38c1cc9f0ab4092d6a20f02\"},\"description\":\"Fotografia intitulat\u0103 \\\"Atlanticul din Apuseni\\\", realizat\u0103 de fotograful Gheorghe Popa, originar din Aiud, a fost premiat\u0103 cu locul 3 \u00een cadrul topului\",\"breadcrumb\":{\"@id\":\"https:\\\/\\\/urbeamea.ro\\\/albaiulia\\\/atlanticul-din-apuseni-fotografie-realizata-de-fotograful-aiudean-gheorghe-popa-in-muntii-apuseni-locul-3-topului-the-international-landscape-photographer-of-the-year\\\/#breadcrumb\"},\"inLanguage\":\"ro-RO\",\"potentialAction\":[{\"@type\":\"ReadAction\",\"target\":[\"https:\\\/\\\/urbeamea.ro\\\/albaiulia\\\/atlanticul-din-apuseni-fotografie-realizata-de-fotograful-aiudean-gheorghe-popa-in-muntii-apuseni-locul-3-topului-the-international-landscape-photographer-of-the-year\\\/\"]}]},{\"@type\":\"ImageObject\",\"inLanguage\":\"ro-RO\",\"@id\":\"https:\\\/\\\/urbeamea.ro\\\/albaiulia\\\/atlanticul-din-apuseni-fotografie-realizata-de-fotograful-aiudean-gheorghe-popa-in-muntii-apuseni-locul-3-topului-the-international-landscape-photographer-of-the-year\\\/#primaryimage\",\"url\":\"https:\\\/\\\/urbeamea.ro\\\/albaiulia\\\/wp-content\\\/uploads\\\/2024\\\/12\\\/1000021113.jpg\",\"contentUrl\":\"https:\\\/\\\/urbeamea.ro\\\/albaiulia\\\/wp-content\\\/uploads\\\/2024\\\/12\\\/1000021113.jpg\",\"width\":1080,\"height\":720},{\"@type\":\"BreadcrumbList\",\"@id\":\"https:\\\/\\\/urbeamea.ro\\\/albaiulia\\\/atlanticul-din-apuseni-fotografie-realizata-de-fotograful-aiudean-gheorghe-popa-in-muntii-apuseni-locul-3-topului-the-international-landscape-photographer-of-the-year\\\/#breadcrumb\",\"itemListElement\":[{\"@type\":\"ListItem\",\"position\":1,\"name\":\"Prima pagin\u0103\",\"item\":\"https:\\\/\\\/urbeamea.ro\\\/albaiulia\\\/\"},{\"@type\":\"ListItem\",\"position\":2,\"name\":\"&#8222;Atlanticul din Apuseni&#8221;, fotografie realizat\u0103 de fotograful aiudean Gheorghe Popa, \u00een Mun\u021bii Apuseni, locul 3 \u00een topul The International Landscape Photographer of The Year\"}]},{\"@type\":\"WebSite\",\"@id\":\"https:\\\/\\\/urbeamea.ro\\\/albaiulia\\\/#website\",\"url\":\"https:\\\/\\\/urbeamea.ro\\\/albaiulia\\\/\",\"name\":\"Revista Urbea Mea, Stiri urbane\",\"description\":\"Evenimente \u0219i \u0219tiri din Alba Iulia, Sebe\u0219, Aiud, Blaj\",\"potentialAction\":[{\"@type\":\"SearchAction\",\"target\":{\"@type\":\"EntryPoint\",\"urlTemplate\":\"https:\\\/\\\/urbeamea.ro\\\/albaiulia\\\/?s={search_term_string}\"},\"query-input\":{\"@type\":\"PropertyValueSpecification\",\"valueRequired\":true,\"valueName\":\"search_term_string\"}}],\"inLanguage\":\"ro-RO\"},{\"@type\":\"Person\",\"@id\":\"https:\\\/\\\/urbeamea.ro\\\/albaiulia\\\/#\\\/schema\\\/person\\\/5db3854ac38c1cc9f0ab4092d6a20f02\",\"name\":\"Giurca Sorin\",\"image\":{\"@type\":\"ImageObject\",\"inLanguage\":\"ro-RO\",\"@id\":\"https:\\\/\\\/secure.gravatar.com\\\/avatar\\\/120f6fcae7b3b47a7730cb9943f612f4909f68ac5284b5f40ac1c4615fd70576?s=96&d=mm&r=g\",\"url\":\"https:\\\/\\\/secure.gravatar.com\\\/avatar\\\/120f6fcae7b3b47a7730cb9943f612f4909f68ac5284b5f40ac1c4615fd70576?s=96&d=mm&r=g\",\"contentUrl\":\"https:\\\/\\\/secure.gravatar.com\\\/avatar\\\/120f6fcae7b3b47a7730cb9943f612f4909f68ac5284b5f40ac1c4615fd70576?s=96&d=mm&r=g\",\"caption\":\"Giurca Sorin\"},\"url\":\"https:\\\/\\\/urbeamea.ro\\\/albaiulia\\\/author\\\/sorin\\\/\"}]}<\/script>\n<!-- \/ Yoast SEO plugin. -->","yoast_head_json":{"title":"\"Atlanticul din Apuseni\", fotografie realizat\u0103 de fotograful aiudean Gheorghe Popa, \u00een Mun\u021bii Apuseni, locul 3 \u00een topul The International Landscape Photographer of The Year - Revista Urbea Mea - Revista de Alba","description":"Fotografia intitulat\u0103 \"Atlanticul din Apuseni\", realizat\u0103 de fotograful Gheorghe Popa, originar din Aiud, a fost premiat\u0103 cu locul 3 \u00een cadrul topului","robots":{"index":"index","follow":"follow","max-snippet":"max-snippet:-1","max-image-preview":"max-image-preview:large","max-video-preview":"max-video-preview:-1"},"canonical":"https:\/\/urbeamea.ro\/albaiulia\/atlanticul-din-apuseni-fotografie-realizata-de-fotograful-aiudean-gheorghe-popa-in-muntii-apuseni-locul-3-topului-the-international-landscape-photographer-of-the-year\/","twitter_card":"summary_large_image","twitter_title":"\"Atlanticul din Apuseni\", fotografie realizat\u0103 de fotograful aiudean Gheorghe Popa, \u00een Mun\u021bii Apuseni, locul 3 \u00een topul The International Landscape Photographer of The Year - Revista Urbea Mea - Revista de Alba","twitter_description":"Fotografia intitulat\u0103 \"Atlanticul din Apuseni\", realizat\u0103 de fotograful Gheorghe Popa, originar din Aiud, a fost premiat\u0103 cu locul 3 \u00een cadrul topului","twitter_image":"https:\/\/urbeamea.ro\/albaiulia\/wp-content\/uploads\/2024\/12\/1000021113.jpg","twitter_creator":"@urbeameaweb","twitter_site":"@urbeameaweb","schema":{"@context":"https:\/\/schema.org","@graph":[{"@type":"Article","@id":"https:\/\/urbeamea.ro\/albaiulia\/atlanticul-din-apuseni-fotografie-realizata-de-fotograful-aiudean-gheorghe-popa-in-muntii-apuseni-locul-3-topului-the-international-landscape-photographer-of-the-year\/#article","isPartOf":{"@id":"https:\/\/urbeamea.ro\/albaiulia\/atlanticul-din-apuseni-fotografie-realizata-de-fotograful-aiudean-gheorghe-popa-in-muntii-apuseni-locul-3-topului-the-international-landscape-photographer-of-the-year\/"},"author":{"name":"Giurca Sorin","@id":"https:\/\/urbeamea.ro\/albaiulia\/#\/schema\/person\/5db3854ac38c1cc9f0ab4092d6a20f02"},"headline":"&#8222;Atlanticul din Apuseni&#8221;, fotografie realizat\u0103 de fotograful aiudean Gheorghe Popa, \u00een Mun\u021bii Apuseni, locul 3 \u00een topul The International Landscape Photographer of The Year","datePublished":"2024-12-06T08:48:08+00:00","dateModified":"2024-12-06T08:48:52+00:00","mainEntityOfPage":{"@id":"https:\/\/urbeamea.ro\/albaiulia\/atlanticul-din-apuseni-fotografie-realizata-de-fotograful-aiudean-gheorghe-popa-in-muntii-apuseni-locul-3-topului-the-international-landscape-photographer-of-the-year\/"},"wordCount":340,"commentCount":0,"image":{"@id":"https:\/\/urbeamea.ro\/albaiulia\/atlanticul-din-apuseni-fotografie-realizata-de-fotograful-aiudean-gheorghe-popa-in-muntii-apuseni-locul-3-topului-the-international-landscape-photographer-of-the-year\/#primaryimage"},"thumbnailUrl":"https:\/\/urbeamea.ro\/albaiulia\/wp-content\/uploads\/2024\/12\/1000021113.jpg","keywords":["Gheorghe Popa","muntii apuseni"],"articleSection":["Evenimente","Monden","Social","\u015etiri Urbane","Urbea Mea"],"inLanguage":"ro-RO","potentialAction":[{"@type":"CommentAction","name":"Comment","target":["https:\/\/urbeamea.ro\/albaiulia\/atlanticul-din-apuseni-fotografie-realizata-de-fotograful-aiudean-gheorghe-popa-in-muntii-apuseni-locul-3-topului-the-international-landscape-photographer-of-the-year\/#respond"]}]},{"@type":"WebPage","@id":"https:\/\/urbeamea.ro\/albaiulia\/atlanticul-din-apuseni-fotografie-realizata-de-fotograful-aiudean-gheorghe-popa-in-muntii-apuseni-locul-3-topului-the-international-landscape-photographer-of-the-year\/","url":"https:\/\/urbeamea.ro\/albaiulia\/atlanticul-din-apuseni-fotografie-realizata-de-fotograful-aiudean-gheorghe-popa-in-muntii-apuseni-locul-3-topului-the-international-landscape-photographer-of-the-year\/","name":"\"Atlanticul din Apuseni\", fotografie realizat\u0103 de fotograful aiudean Gheorghe Popa, \u00een Mun\u021bii Apuseni, locul 3 \u00een topul The International Landscape Photographer of The Year - Revista Urbea Mea - Revista de Alba","isPartOf":{"@id":"https:\/\/urbeamea.ro\/albaiulia\/#website"},"primaryImageOfPage":{"@id":"https:\/\/urbeamea.ro\/albaiulia\/atlanticul-din-apuseni-fotografie-realizata-de-fotograful-aiudean-gheorghe-popa-in-muntii-apuseni-locul-3-topului-the-international-landscape-photographer-of-the-year\/#primaryimage"},"image":{"@id":"https:\/\/urbeamea.ro\/albaiulia\/atlanticul-din-apuseni-fotografie-realizata-de-fotograful-aiudean-gheorghe-popa-in-muntii-apuseni-locul-3-topului-the-international-landscape-photographer-of-the-year\/#primaryimage"},"thumbnailUrl":"https:\/\/urbeamea.ro\/albaiulia\/wp-content\/uploads\/2024\/12\/1000021113.jpg","datePublished":"2024-12-06T08:48:08+00:00","dateModified":"2024-12-06T08:48:52+00:00","author":{"@id":"https:\/\/urbeamea.ro\/albaiulia\/#\/schema\/person\/5db3854ac38c1cc9f0ab4092d6a20f02"},"description":"Fotografia intitulat\u0103 \"Atlanticul din Apuseni\", realizat\u0103 de fotograful Gheorghe Popa, originar din Aiud, a fost premiat\u0103 cu locul 3 \u00een cadrul topului","breadcrumb":{"@id":"https:\/\/urbeamea.ro\/albaiulia\/atlanticul-din-apuseni-fotografie-realizata-de-fotograful-aiudean-gheorghe-popa-in-muntii-apuseni-locul-3-topului-the-international-landscape-photographer-of-the-year\/#breadcrumb"},"inLanguage":"ro-RO","potentialAction":[{"@type":"ReadAction","target":["https:\/\/urbeamea.ro\/albaiulia\/atlanticul-din-apuseni-fotografie-realizata-de-fotograful-aiudean-gheorghe-popa-in-muntii-apuseni-locul-3-topului-the-international-landscape-photographer-of-the-year\/"]}]},{"@type":"ImageObject","inLanguage":"ro-RO","@id":"https:\/\/urbeamea.ro\/albaiulia\/atlanticul-din-apuseni-fotografie-realizata-de-fotograful-aiudean-gheorghe-popa-in-muntii-apuseni-locul-3-topului-the-international-landscape-photographer-of-the-year\/#primaryimage","url":"https:\/\/urbeamea.ro\/albaiulia\/wp-content\/uploads\/2024\/12\/1000021113.jpg","contentUrl":"https:\/\/urbeamea.ro\/albaiulia\/wp-content\/uploads\/2024\/12\/1000021113.jpg","width":1080,"height":720},{"@type":"BreadcrumbList","@id":"https:\/\/urbeamea.ro\/albaiulia\/atlanticul-din-apuseni-fotografie-realizata-de-fotograful-aiudean-gheorghe-popa-in-muntii-apuseni-locul-3-topului-the-international-landscape-photographer-of-the-year\/#breadcrumb","itemListElement":[{"@type":"ListItem","position":1,"name":"Prima pagin\u0103","item":"https:\/\/urbeamea.ro\/albaiulia\/"},{"@type":"ListItem","position":2,"name":"&#8222;Atlanticul din Apuseni&#8221;, fotografie realizat\u0103 de fotograful aiudean Gheorghe Popa, \u00een Mun\u021bii Apuseni, locul 3 \u00een topul The International Landscape Photographer of The Year"}]},{"@type":"WebSite","@id":"https:\/\/urbeamea.ro\/albaiulia\/#website","url":"https:\/\/urbeamea.ro\/albaiulia\/","name":"Revista Urbea Mea, Stiri urbane","description":"Evenimente \u0219i \u0219tiri din Alba Iulia, Sebe\u0219, Aiud, Blaj","potentialAction":[{"@type":"SearchAction","target":{"@type":"EntryPoint","urlTemplate":"https:\/\/urbeamea.ro\/albaiulia\/?s={search_term_string}"},"query-input":{"@type":"PropertyValueSpecification","valueRequired":true,"valueName":"search_term_string"}}],"inLanguage":"ro-RO"},{"@type":"Person","@id":"https:\/\/urbeamea.ro\/albaiulia\/#\/schema\/person\/5db3854ac38c1cc9f0ab4092d6a20f02","name":"Giurca Sorin","image":{"@type":"ImageObject","inLanguage":"ro-RO","@id":"https:\/\/secure.gravatar.com\/avatar\/120f6fcae7b3b47a7730cb9943f612f4909f68ac5284b5f40ac1c4615fd70576?s=96&d=mm&r=g","url":"https:\/\/secure.gravatar.com\/avatar\/120f6fcae7b3b47a7730cb9943f612f4909f68ac5284b5f40ac1c4615fd70576?s=96&d=mm&r=g","contentUrl":"https:\/\/secure.gravatar.com\/avatar\/120f6fcae7b3b47a7730cb9943f612f4909f68ac5284b5f40ac1c4615fd70576?s=96&d=mm&r=g","caption":"Giurca Sorin"},"url":"https:\/\/urbeamea.ro\/albaiulia\/author\/sorin\/"}]}},"_links":{"self":[{"href":"https:\/\/urbeamea.ro\/albaiulia\/wp-json\/wp\/v2\/posts\/115320","targetHints":{"allow":["GET"]}}],"collection":[{"href":"https:\/\/urbeamea.ro\/albaiulia\/wp-json\/wp\/v2\/posts"}],"about":[{"href":"https:\/\/urbeamea.ro\/albaiulia\/wp-json\/wp\/v2\/types\/post"}],"author":[{"embeddable":true,"href":"https:\/\/urbeamea.ro\/albaiulia\/wp-json\/wp\/v2\/users\/28"}],"replies":[{"embeddable":true,"href":"https:\/\/urbeamea.ro\/albaiulia\/wp-json\/wp\/v2\/comments?post=115320"}],"version-history":[{"count":2,"href":"https:\/\/urbeamea.ro\/albaiulia\/wp-json\/wp\/v2\/posts\/115320\/revisions"}],"predecessor-version":[{"id":115323,"href":"https:\/\/urbeamea.ro\/albaiulia\/wp-json\/wp\/v2\/posts\/115320\/revisions\/115323"}],"wp:featuredmedia":[{"embeddable":true,"href":"https:\/\/urbeamea.ro\/albaiulia\/wp-json\/wp\/v2\/media\/115321"}],"wp:attachment":[{"href":"https:\/\/urbeamea.ro\/albaiulia\/wp-json\/wp\/v2\/media?parent=115320"}],"wp:term":[{"taxonomy":"category","embeddable":true,"href":"https:\/\/urbeamea.ro\/albaiulia\/wp-json\/wp\/v2\/categories?post=115320"},{"taxonomy":"post_tag","embeddable":true,"href":"https:\/\/urbeamea.ro\/albaiulia\/wp-json\/wp\/v2\/tags?post=115320"}],"curies":[{"name":"wp","href":"https:\/\/api.w.org\/{rel}","templated":true}]}}