{"id":115327,"date":"2024-12-07T10:29:04","date_gmt":"2024-12-07T08:29:04","guid":{"rendered":"https:\/\/urbeamea.ro\/albaiulia\/?p=115327"},"modified":"2024-12-07T10:29:05","modified_gmt":"2024-12-07T08:29:05","slug":"handbal-romania-invinge-suedia-la-campionatul-european-din-ungaria","status":"publish","type":"post","link":"https:\/\/urbeamea.ro\/albaiulia\/handbal-romania-invinge-suedia-la-campionatul-european-din-ungaria\/","title":{"rendered":"Handbal: Rom\u00e2nia \u00eenvinge Suedia, la Campionatul European  din Ungaria"},"content":{"rendered":"\n<p><strong>Na\u021bionala de handbal a Rom\u00e2niei a \u00eenvins Suedia vineri sear\u0103, scor 25-23 (12-8), \u00een al doilea meci din Grupele Principale de la Campionatul European din Ungaria.<\/strong><\/p>\n\n\n\n<p>Meciul s-a disputat la Debrecen.&#8221;Tricolorele&#8221; au reu\u0219it s\u0103 adune primele puncte \u00een Grupele Principale de la EHF EURO 2024.<\/p>\n\n\n\n<p>&#8222;Tricolorele&#8221; au reu\u0219it s\u0103 adune primele puncte \u00een Grupele Principale de la EHF EURO 2024.<\/p>\n\n\n\n<p>Tricolorele au jucat foarte bine \u0219i au profitat la maximum de toate erorilor pe care Suedia le-a f\u0103cut \u00een atac \u0219i \u00een ap\u0103rare, \u00een prima repriz\u0103. <\/p>\n\n\n\n<p> Portarul na\u021bionalei Rom\u00e2niei, Bianca Curmen\u021b a avut multe interven\u021bii salvatoare, iar Rom\u00e2nia a condus \u00een mai multe r\u00e2nduri, \u0219i la \u0219ase goluri diferen\u021b\u0103.<\/p>\n\n\n\n<p>La pauz\u0103, Rom\u00e2nia a condus cu o diferen\u021b\u0103 de 4 goluri (12-8).<\/p>\n\n\n\n<p>Repriza a doua a \u00eenceput mai slab, tricolorele au pierdut din tura\u021bie, iar suedezele s-au apropiat pe tabel\u0103 de juc\u0103toarele noastre.<\/p>\n\n\n\n<p>Alisia Boiciuc a fost eliminat\u0103 cu cartona\u0219 ro\u0219u (43).<\/p>\n\n\n\n<p>Profit\u00e2nd de omul \u00een plus, scandinave au egalat pe tabel\u0103, la 22 &#8211; 22.<\/p>\n\n\n\n<p>  A fost seara portarilor rom\u00e2ni, Bianca Curmen\u021b \u0219i Raluca Kelemen, care au f\u0103cut minuni \u00eentre buturile Rom\u00e2niei.<\/p>\n\n\n\n<p>Finalul a fost unul nebun, dar \u00een cele din urm\u0103 Rom\u00e2nia a reu\u0219it s\u0103 se impun\u0103, scor 25-23, \u0219i s\u0103 ob\u021bin\u0103 primele puncte \u00een grupa principal\u0103 1 de la EURO 2024. <\/p>\n\n\n\n<p>Rom\u00e2nia se afl\u0103 pe locul patru \u00een clasament, cu dou\u0103 puncte. Fran\u021ba (locul 1) \u0219i Ungaria (locul 2) au c\u00e2te patru puncte, pe primele locuri, Muntenegru este pe locul trei, cu dou\u0103 puncte. Suedia pe locul cinci, cu dou\u0103 puncte, Polonia e ultima, f\u0103r\u0103 punct.<\/p>\n\n\n\n<p>Echipa antrenat\u0103 de Florentin Pera mai are de jucat, dup\u0103 meciul cu Suedia, \u00eempotriva Ungariei (8 decembrie) \u0219i \u00eempotriva Poloniei (10 decembrie).<\/p>\n\n\n\n<p>Cea mai bun\u0103 marcatoare pentru noi a fost Bianca Bazaliu (8 goluri), desemnat\u0103 \u0219i cea mai bun\u0103 juc\u0103toare a meciului, \u00een timp ce \u00een poart\u0103 Bianca Curmen\u0163 a avut 8 interven\u0163ii, iar Raluca Kelemen a reu\u015fit 4.<\/p>\n\n\n\n<figure class=\"wp-block-gallery has-nested-images columns-default is-cropped wp-block-gallery-1 is-layout-flex wp-block-gallery-is-layout-flex\">\n<figure class=\"wp-block-image size-large\"><img loading=\"lazy\" decoding=\"async\" width=\"1080\" height=\"720\" data-id=\"115329\" src=\"https:\/\/urbeamea.ro\/albaiulia\/wp-content\/uploads\/2024\/12\/1000021192.jpg\" alt=\"\" class=\"wp-image-115329\" srcset=\"https:\/\/urbeamea.ro\/albaiulia\/wp-content\/uploads\/2024\/12\/1000021192.jpg 1080w, https:\/\/urbeamea.ro\/albaiulia\/wp-content\/uploads\/2024\/12\/1000021192-640x427.jpg 640w, https:\/\/urbeamea.ro\/albaiulia\/wp-content\/uploads\/2024\/12\/1000021192-150x100.jpg 150w, https:\/\/urbeamea.ro\/albaiulia\/wp-content\/uploads\/2024\/12\/1000021192-768x512.jpg 768w\" sizes=\"auto, (max-width: 1080px) 100vw, 1080px\" \/><\/figure>\n\n\n\n<figure class=\"wp-block-image size-large\"><img loading=\"lazy\" decoding=\"async\" width=\"1080\" height=\"720\" data-id=\"115328\" src=\"https:\/\/urbeamea.ro\/albaiulia\/wp-content\/uploads\/2024\/12\/1000021195.jpg\" alt=\"\" class=\"wp-image-115328\" srcset=\"https:\/\/urbeamea.ro\/albaiulia\/wp-content\/uploads\/2024\/12\/1000021195.jpg 1080w, https:\/\/urbeamea.ro\/albaiulia\/wp-content\/uploads\/2024\/12\/1000021195-640x427.jpg 640w, https:\/\/urbeamea.ro\/albaiulia\/wp-content\/uploads\/2024\/12\/1000021195-150x100.jpg 150w, https:\/\/urbeamea.ro\/albaiulia\/wp-content\/uploads\/2024\/12\/1000021195-768x512.jpg 768w\" sizes=\"auto, (max-width: 1080px) 100vw, 1080px\" \/><\/figure>\n\n\n\n<figure class=\"wp-block-image size-large\"><img loading=\"lazy\" decoding=\"async\" width=\"1080\" height=\"720\" data-id=\"115330\" src=\"https:\/\/urbeamea.ro\/albaiulia\/wp-content\/uploads\/2024\/12\/1000021194.jpg\" alt=\"\" class=\"wp-image-115330\" srcset=\"https:\/\/urbeamea.ro\/albaiulia\/wp-content\/uploads\/2024\/12\/1000021194.jpg 1080w, https:\/\/urbeamea.ro\/albaiulia\/wp-content\/uploads\/2024\/12\/1000021194-640x427.jpg 640w, https:\/\/urbeamea.ro\/albaiulia\/wp-content\/uploads\/2024\/12\/1000021194-150x100.jpg 150w, https:\/\/urbeamea.ro\/albaiulia\/wp-content\/uploads\/2024\/12\/1000021194-768x512.jpg 768w\" sizes=\"auto, (max-width: 1080px) 100vw, 1080px\" \/><\/figure>\n\n\n\n<figure class=\"wp-block-image size-large\"><img loading=\"lazy\" decoding=\"async\" width=\"1080\" height=\"720\" data-id=\"115331\" src=\"https:\/\/urbeamea.ro\/albaiulia\/wp-content\/uploads\/2024\/12\/1000021193.jpg\" alt=\"\" class=\"wp-image-115331\" srcset=\"https:\/\/urbeamea.ro\/albaiulia\/wp-content\/uploads\/2024\/12\/1000021193.jpg 1080w, https:\/\/urbeamea.ro\/albaiulia\/wp-content\/uploads\/2024\/12\/1000021193-640x427.jpg 640w, https:\/\/urbeamea.ro\/albaiulia\/wp-content\/uploads\/2024\/12\/1000021193-150x100.jpg 150w, https:\/\/urbeamea.ro\/albaiulia\/wp-content\/uploads\/2024\/12\/1000021193-768x512.jpg 768w\" sizes=\"auto, (max-width: 1080px) 100vw, 1080px\" \/><\/figure>\n<\/figure>\n","protected":false},"excerpt":{"rendered":"<p>Na\u021bionala de handbal a Rom\u00e2niei a \u00eenvins Suedia vineri sear\u0103, scor 25-23 (12-8), \u00een al doilea meci din Grupele Principale de la Campionatul European din Ungaria. Meciul s-a disputat la Debrecen.&#8221;Tricolorele&#8221; au reu\u0219it s\u0103 adune primele puncte \u00een Grupele Principale de la EHF EURO 2024. &#8222;Tricolorele&#8221; au reu\u0219it s\u0103 adune primele puncte \u00een Grupele Principale &hellip;<\/p>\n","protected":false},"author":28,"featured_media":115330,"comment_status":"open","ping_status":"open","sticky":false,"template":"","format":"standard","meta":{"inline_featured_image":false,"footnotes":""},"categories":[2037],"tags":[25019,25146],"class_list":["post-115327","post","type-post","status-publish","format-standard","has-post-thumbnail","hentry","category-sport","tag-campionatul-european","tag-romania-2"],"yoast_head":"<!-- This site is optimized with the Yoast SEO plugin v27.4 - https:\/\/yoast.com\/product\/yoast-seo-wordpress\/ -->\n<title>Handbal: Rom\u00e2nia \u00eenvinge Suedia, la Campionatul European din Ungaria - Revista Urbea Mea - Revista de Alba<\/title>\n<meta name=\"description\" content=\"Na\u021bionala de handbal a Rom\u00e2niei a \u00eenvins Suedia vineri sear\u0103, scor 25-23 (12-8), \u00een al doilea meci din Grupele Principale de la Campionatul European din\" \/>\n<meta name=\"robots\" content=\"index, follow, max-snippet:-1, max-image-preview:large, max-video-preview:-1\" \/>\n<link rel=\"canonical\" href=\"https:\/\/urbeamea.ro\/albaiulia\/handbal-romania-invinge-suedia-la-campionatul-european-din-ungaria\/\" \/>\n<meta name=\"twitter:card\" content=\"summary_large_image\" \/>\n<meta name=\"twitter:title\" content=\"Handbal: Rom\u00e2nia \u00eenvinge Suedia, la Campionatul European din Ungaria - Revista Urbea Mea - Revista de Alba\" \/>\n<meta name=\"twitter:description\" content=\"Na\u021bionala de handbal a Rom\u00e2niei a \u00eenvins Suedia vineri sear\u0103, scor 25-23 (12-8), \u00een al doilea meci din Grupele Principale de la Campionatul European din\" \/>\n<meta name=\"twitter:image\" content=\"https:\/\/urbeamea.ro\/albaiulia\/wp-content\/uploads\/2024\/12\/1000021194.jpg\" \/>\n<meta name=\"twitter:creator\" content=\"@urbeameaweb\" \/>\n<meta name=\"twitter:site\" content=\"@urbeameaweb\" \/>\n<script type=\"application\/ld+json\" class=\"yoast-schema-graph\">{\"@context\":\"https:\\\/\\\/schema.org\",\"@graph\":[{\"@type\":\"Article\",\"@id\":\"https:\\\/\\\/urbeamea.ro\\\/albaiulia\\\/handbal-romania-invinge-suedia-la-campionatul-european-din-ungaria\\\/#article\",\"isPartOf\":{\"@id\":\"https:\\\/\\\/urbeamea.ro\\\/albaiulia\\\/handbal-romania-invinge-suedia-la-campionatul-european-din-ungaria\\\/\"},\"author\":{\"name\":\"Giurca Sorin\",\"@id\":\"https:\\\/\\\/urbeamea.ro\\\/albaiulia\\\/#\\\/schema\\\/person\\\/5db3854ac38c1cc9f0ab4092d6a20f02\"},\"headline\":\"Handbal: Rom\u00e2nia \u00eenvinge Suedia, la Campionatul European din Ungaria\",\"datePublished\":\"2024-12-07T08:29:04+00:00\",\"dateModified\":\"2024-12-07T08:29:05+00:00\",\"mainEntityOfPage\":{\"@id\":\"https:\\\/\\\/urbeamea.ro\\\/albaiulia\\\/handbal-romania-invinge-suedia-la-campionatul-european-din-ungaria\\\/\"},\"wordCount\":342,\"commentCount\":0,\"image\":{\"@id\":\"https:\\\/\\\/urbeamea.ro\\\/albaiulia\\\/handbal-romania-invinge-suedia-la-campionatul-european-din-ungaria\\\/#primaryimage\"},\"thumbnailUrl\":\"https:\\\/\\\/urbeamea.ro\\\/albaiulia\\\/wp-content\\\/uploads\\\/2024\\\/12\\\/1000021194.jpg\",\"keywords\":[\"campionatul european\",\"Rom\u00e2nia\"],\"articleSection\":[\"Sport\"],\"inLanguage\":\"ro-RO\",\"potentialAction\":[{\"@type\":\"CommentAction\",\"name\":\"Comment\",\"target\":[\"https:\\\/\\\/urbeamea.ro\\\/albaiulia\\\/handbal-romania-invinge-suedia-la-campionatul-european-din-ungaria\\\/#respond\"]}]},{\"@type\":\"WebPage\",\"@id\":\"https:\\\/\\\/urbeamea.ro\\\/albaiulia\\\/handbal-romania-invinge-suedia-la-campionatul-european-din-ungaria\\\/\",\"url\":\"https:\\\/\\\/urbeamea.ro\\\/albaiulia\\\/handbal-romania-invinge-suedia-la-campionatul-european-din-ungaria\\\/\",\"name\":\"Handbal: Rom\u00e2nia \u00eenvinge Suedia, la Campionatul European din Ungaria - Revista Urbea Mea - Revista de Alba\",\"isPartOf\":{\"@id\":\"https:\\\/\\\/urbeamea.ro\\\/albaiulia\\\/#website\"},\"primaryImageOfPage\":{\"@id\":\"https:\\\/\\\/urbeamea.ro\\\/albaiulia\\\/handbal-romania-invinge-suedia-la-campionatul-european-din-ungaria\\\/#primaryimage\"},\"image\":{\"@id\":\"https:\\\/\\\/urbeamea.ro\\\/albaiulia\\\/handbal-romania-invinge-suedia-la-campionatul-european-din-ungaria\\\/#primaryimage\"},\"thumbnailUrl\":\"https:\\\/\\\/urbeamea.ro\\\/albaiulia\\\/wp-content\\\/uploads\\\/2024\\\/12\\\/1000021194.jpg\",\"datePublished\":\"2024-12-07T08:29:04+00:00\",\"dateModified\":\"2024-12-07T08:29:05+00:00\",\"author\":{\"@id\":\"https:\\\/\\\/urbeamea.ro\\\/albaiulia\\\/#\\\/schema\\\/person\\\/5db3854ac38c1cc9f0ab4092d6a20f02\"},\"description\":\"Na\u021bionala de handbal a Rom\u00e2niei a \u00eenvins Suedia vineri sear\u0103, scor 25-23 (12-8), \u00een al doilea meci din Grupele Principale de la Campionatul European din\",\"breadcrumb\":{\"@id\":\"https:\\\/\\\/urbeamea.ro\\\/albaiulia\\\/handbal-romania-invinge-suedia-la-campionatul-european-din-ungaria\\\/#breadcrumb\"},\"inLanguage\":\"ro-RO\",\"potentialAction\":[{\"@type\":\"ReadAction\",\"target\":[\"https:\\\/\\\/urbeamea.ro\\\/albaiulia\\\/handbal-romania-invinge-suedia-la-campionatul-european-din-ungaria\\\/\"]}]},{\"@type\":\"ImageObject\",\"inLanguage\":\"ro-RO\",\"@id\":\"https:\\\/\\\/urbeamea.ro\\\/albaiulia\\\/handbal-romania-invinge-suedia-la-campionatul-european-din-ungaria\\\/#primaryimage\",\"url\":\"https:\\\/\\\/urbeamea.ro\\\/albaiulia\\\/wp-content\\\/uploads\\\/2024\\\/12\\\/1000021194.jpg\",\"contentUrl\":\"https:\\\/\\\/urbeamea.ro\\\/albaiulia\\\/wp-content\\\/uploads\\\/2024\\\/12\\\/1000021194.jpg\",\"width\":1080,\"height\":720},{\"@type\":\"BreadcrumbList\",\"@id\":\"https:\\\/\\\/urbeamea.ro\\\/albaiulia\\\/handbal-romania-invinge-suedia-la-campionatul-european-din-ungaria\\\/#breadcrumb\",\"itemListElement\":[{\"@type\":\"ListItem\",\"position\":1,\"name\":\"Prima pagin\u0103\",\"item\":\"https:\\\/\\\/urbeamea.ro\\\/albaiulia\\\/\"},{\"@type\":\"ListItem\",\"position\":2,\"name\":\"Handbal: Rom\u00e2nia \u00eenvinge Suedia, la Campionatul European din Ungaria\"}]},{\"@type\":\"WebSite\",\"@id\":\"https:\\\/\\\/urbeamea.ro\\\/albaiulia\\\/#website\",\"url\":\"https:\\\/\\\/urbeamea.ro\\\/albaiulia\\\/\",\"name\":\"Revista Urbea Mea, Stiri urbane\",\"description\":\"Evenimente \u0219i \u0219tiri din Alba Iulia, Sebe\u0219, Aiud, Blaj\",\"potentialAction\":[{\"@type\":\"SearchAction\",\"target\":{\"@type\":\"EntryPoint\",\"urlTemplate\":\"https:\\\/\\\/urbeamea.ro\\\/albaiulia\\\/?s={search_term_string}\"},\"query-input\":{\"@type\":\"PropertyValueSpecification\",\"valueRequired\":true,\"valueName\":\"search_term_string\"}}],\"inLanguage\":\"ro-RO\"},{\"@type\":\"Person\",\"@id\":\"https:\\\/\\\/urbeamea.ro\\\/albaiulia\\\/#\\\/schema\\\/person\\\/5db3854ac38c1cc9f0ab4092d6a20f02\",\"name\":\"Giurca Sorin\",\"image\":{\"@type\":\"ImageObject\",\"inLanguage\":\"ro-RO\",\"@id\":\"https:\\\/\\\/secure.gravatar.com\\\/avatar\\\/120f6fcae7b3b47a7730cb9943f612f4909f68ac5284b5f40ac1c4615fd70576?s=96&d=mm&r=g\",\"url\":\"https:\\\/\\\/secure.gravatar.com\\\/avatar\\\/120f6fcae7b3b47a7730cb9943f612f4909f68ac5284b5f40ac1c4615fd70576?s=96&d=mm&r=g\",\"contentUrl\":\"https:\\\/\\\/secure.gravatar.com\\\/avatar\\\/120f6fcae7b3b47a7730cb9943f612f4909f68ac5284b5f40ac1c4615fd70576?s=96&d=mm&r=g\",\"caption\":\"Giurca Sorin\"},\"url\":\"https:\\\/\\\/urbeamea.ro\\\/albaiulia\\\/author\\\/sorin\\\/\"}]}<\/script>\n<!-- \/ Yoast SEO plugin. -->","yoast_head_json":{"title":"Handbal: Rom\u00e2nia \u00eenvinge Suedia, la Campionatul European din Ungaria - Revista Urbea Mea - Revista de Alba","description":"Na\u021bionala de handbal a Rom\u00e2niei a \u00eenvins Suedia vineri sear\u0103, scor 25-23 (12-8), \u00een al doilea meci din Grupele Principale de la Campionatul European din","robots":{"index":"index","follow":"follow","max-snippet":"max-snippet:-1","max-image-preview":"max-image-preview:large","max-video-preview":"max-video-preview:-1"},"canonical":"https:\/\/urbeamea.ro\/albaiulia\/handbal-romania-invinge-suedia-la-campionatul-european-din-ungaria\/","twitter_card":"summary_large_image","twitter_title":"Handbal: Rom\u00e2nia \u00eenvinge Suedia, la Campionatul European din Ungaria - Revista Urbea Mea - Revista de Alba","twitter_description":"Na\u021bionala de handbal a Rom\u00e2niei a \u00eenvins Suedia vineri sear\u0103, scor 25-23 (12-8), \u00een al doilea meci din Grupele Principale de la Campionatul European din","twitter_image":"https:\/\/urbeamea.ro\/albaiulia\/wp-content\/uploads\/2024\/12\/1000021194.jpg","twitter_creator":"@urbeameaweb","twitter_site":"@urbeameaweb","schema":{"@context":"https:\/\/schema.org","@graph":[{"@type":"Article","@id":"https:\/\/urbeamea.ro\/albaiulia\/handbal-romania-invinge-suedia-la-campionatul-european-din-ungaria\/#article","isPartOf":{"@id":"https:\/\/urbeamea.ro\/albaiulia\/handbal-romania-invinge-suedia-la-campionatul-european-din-ungaria\/"},"author":{"name":"Giurca Sorin","@id":"https:\/\/urbeamea.ro\/albaiulia\/#\/schema\/person\/5db3854ac38c1cc9f0ab4092d6a20f02"},"headline":"Handbal: Rom\u00e2nia \u00eenvinge Suedia, la Campionatul European din Ungaria","datePublished":"2024-12-07T08:29:04+00:00","dateModified":"2024-12-07T08:29:05+00:00","mainEntityOfPage":{"@id":"https:\/\/urbeamea.ro\/albaiulia\/handbal-romania-invinge-suedia-la-campionatul-european-din-ungaria\/"},"wordCount":342,"commentCount":0,"image":{"@id":"https:\/\/urbeamea.ro\/albaiulia\/handbal-romania-invinge-suedia-la-campionatul-european-din-ungaria\/#primaryimage"},"thumbnailUrl":"https:\/\/urbeamea.ro\/albaiulia\/wp-content\/uploads\/2024\/12\/1000021194.jpg","keywords":["campionatul european","Rom\u00e2nia"],"articleSection":["Sport"],"inLanguage":"ro-RO","potentialAction":[{"@type":"CommentAction","name":"Comment","target":["https:\/\/urbeamea.ro\/albaiulia\/handbal-romania-invinge-suedia-la-campionatul-european-din-ungaria\/#respond"]}]},{"@type":"WebPage","@id":"https:\/\/urbeamea.ro\/albaiulia\/handbal-romania-invinge-suedia-la-campionatul-european-din-ungaria\/","url":"https:\/\/urbeamea.ro\/albaiulia\/handbal-romania-invinge-suedia-la-campionatul-european-din-ungaria\/","name":"Handbal: Rom\u00e2nia \u00eenvinge Suedia, la Campionatul European din Ungaria - Revista Urbea Mea - Revista de Alba","isPartOf":{"@id":"https:\/\/urbeamea.ro\/albaiulia\/#website"},"primaryImageOfPage":{"@id":"https:\/\/urbeamea.ro\/albaiulia\/handbal-romania-invinge-suedia-la-campionatul-european-din-ungaria\/#primaryimage"},"image":{"@id":"https:\/\/urbeamea.ro\/albaiulia\/handbal-romania-invinge-suedia-la-campionatul-european-din-ungaria\/#primaryimage"},"thumbnailUrl":"https:\/\/urbeamea.ro\/albaiulia\/wp-content\/uploads\/2024\/12\/1000021194.jpg","datePublished":"2024-12-07T08:29:04+00:00","dateModified":"2024-12-07T08:29:05+00:00","author":{"@id":"https:\/\/urbeamea.ro\/albaiulia\/#\/schema\/person\/5db3854ac38c1cc9f0ab4092d6a20f02"},"description":"Na\u021bionala de handbal a Rom\u00e2niei a \u00eenvins Suedia vineri sear\u0103, scor 25-23 (12-8), \u00een al doilea meci din Grupele Principale de la Campionatul European din","breadcrumb":{"@id":"https:\/\/urbeamea.ro\/albaiulia\/handbal-romania-invinge-suedia-la-campionatul-european-din-ungaria\/#breadcrumb"},"inLanguage":"ro-RO","potentialAction":[{"@type":"ReadAction","target":["https:\/\/urbeamea.ro\/albaiulia\/handbal-romania-invinge-suedia-la-campionatul-european-din-ungaria\/"]}]},{"@type":"ImageObject","inLanguage":"ro-RO","@id":"https:\/\/urbeamea.ro\/albaiulia\/handbal-romania-invinge-suedia-la-campionatul-european-din-ungaria\/#primaryimage","url":"https:\/\/urbeamea.ro\/albaiulia\/wp-content\/uploads\/2024\/12\/1000021194.jpg","contentUrl":"https:\/\/urbeamea.ro\/albaiulia\/wp-content\/uploads\/2024\/12\/1000021194.jpg","width":1080,"height":720},{"@type":"BreadcrumbList","@id":"https:\/\/urbeamea.ro\/albaiulia\/handbal-romania-invinge-suedia-la-campionatul-european-din-ungaria\/#breadcrumb","itemListElement":[{"@type":"ListItem","position":1,"name":"Prima pagin\u0103","item":"https:\/\/urbeamea.ro\/albaiulia\/"},{"@type":"ListItem","position":2,"name":"Handbal: Rom\u00e2nia \u00eenvinge Suedia, la Campionatul European din Ungaria"}]},{"@type":"WebSite","@id":"https:\/\/urbeamea.ro\/albaiulia\/#website","url":"https:\/\/urbeamea.ro\/albaiulia\/","name":"Revista Urbea Mea, Stiri urbane","description":"Evenimente \u0219i \u0219tiri din Alba Iulia, Sebe\u0219, Aiud, Blaj","potentialAction":[{"@type":"SearchAction","target":{"@type":"EntryPoint","urlTemplate":"https:\/\/urbeamea.ro\/albaiulia\/?s={search_term_string}"},"query-input":{"@type":"PropertyValueSpecification","valueRequired":true,"valueName":"search_term_string"}}],"inLanguage":"ro-RO"},{"@type":"Person","@id":"https:\/\/urbeamea.ro\/albaiulia\/#\/schema\/person\/5db3854ac38c1cc9f0ab4092d6a20f02","name":"Giurca Sorin","image":{"@type":"ImageObject","inLanguage":"ro-RO","@id":"https:\/\/secure.gravatar.com\/avatar\/120f6fcae7b3b47a7730cb9943f612f4909f68ac5284b5f40ac1c4615fd70576?s=96&d=mm&r=g","url":"https:\/\/secure.gravatar.com\/avatar\/120f6fcae7b3b47a7730cb9943f612f4909f68ac5284b5f40ac1c4615fd70576?s=96&d=mm&r=g","contentUrl":"https:\/\/secure.gravatar.com\/avatar\/120f6fcae7b3b47a7730cb9943f612f4909f68ac5284b5f40ac1c4615fd70576?s=96&d=mm&r=g","caption":"Giurca Sorin"},"url":"https:\/\/urbeamea.ro\/albaiulia\/author\/sorin\/"}]}},"_links":{"self":[{"href":"https:\/\/urbeamea.ro\/albaiulia\/wp-json\/wp\/v2\/posts\/115327","targetHints":{"allow":["GET"]}}],"collection":[{"href":"https:\/\/urbeamea.ro\/albaiulia\/wp-json\/wp\/v2\/posts"}],"about":[{"href":"https:\/\/urbeamea.ro\/albaiulia\/wp-json\/wp\/v2\/types\/post"}],"author":[{"embeddable":true,"href":"https:\/\/urbeamea.ro\/albaiulia\/wp-json\/wp\/v2\/users\/28"}],"replies":[{"embeddable":true,"href":"https:\/\/urbeamea.ro\/albaiulia\/wp-json\/wp\/v2\/comments?post=115327"}],"version-history":[{"count":1,"href":"https:\/\/urbeamea.ro\/albaiulia\/wp-json\/wp\/v2\/posts\/115327\/revisions"}],"predecessor-version":[{"id":115332,"href":"https:\/\/urbeamea.ro\/albaiulia\/wp-json\/wp\/v2\/posts\/115327\/revisions\/115332"}],"wp:featuredmedia":[{"embeddable":true,"href":"https:\/\/urbeamea.ro\/albaiulia\/wp-json\/wp\/v2\/media\/115330"}],"wp:attachment":[{"href":"https:\/\/urbeamea.ro\/albaiulia\/wp-json\/wp\/v2\/media?parent=115327"}],"wp:term":[{"taxonomy":"category","embeddable":true,"href":"https:\/\/urbeamea.ro\/albaiulia\/wp-json\/wp\/v2\/categories?post=115327"},{"taxonomy":"post_tag","embeddable":true,"href":"https:\/\/urbeamea.ro\/albaiulia\/wp-json\/wp\/v2\/tags?post=115327"}],"curies":[{"name":"wp","href":"https:\/\/api.w.org\/{rel}","templated":true}]}}