{"id":115406,"date":"2024-12-11T08:12:25","date_gmt":"2024-12-11T06:12:25","guid":{"rendered":"https:\/\/urbeamea.ro\/albaiulia\/?p=115406"},"modified":"2024-12-11T08:12:27","modified_gmt":"2024-12-11T06:12:27","slug":"clasari-pe-podium-pentru-sportivii-de-la-cs-unirea-alba-iulia-la-campionatul-national-de-impins-din-culcat-desfasurat-la-beius","status":"publish","type":"post","link":"https:\/\/urbeamea.ro\/albaiulia\/clasari-pe-podium-pentru-sportivii-de-la-cs-unirea-alba-iulia-la-campionatul-national-de-impins-din-culcat-desfasurat-la-beius\/","title":{"rendered":"Clas\u0103ri pe podium pentru sportivii de la CS Unirea Alba Iulia, la  Campionatul Na\u021bional de \u00cempins din Culcat, desf\u0103\u0219urat la Beiu\u0219"},"content":{"rendered":"\n<p><strong>Sportivii CS Unirea Alba Iulia, coordona\u021bi de pre\u0219edintele Federa\u021biei Rom\u00e2ne de Powerlifting, antrenorul Ovidiu P\u0103n\u0103zan, au ob\u021binut noi rezultate excelente la Campionatul Na\u021bional de \u00cempins din Culcat, desf\u0103\u0219urat la \u00eenceputul lunii decembrie, la Beiu\u0219, \u00een jude\u021bul Bihor. <\/strong><\/p>\n\n\n\n<p>Competi\u021bia s-a derulat pe parcursul a trei zile, iar proba \u00eempins din culcat s-a desf\u0103\u0219urat, la masculin \u0219i feminin, clasic \u0219i echipat. <\/p>\n\n\n\n<p>A treia zi a fost dedicat\u0103 sportivilor cu dizabilit\u0103\u021bi \u2013 fizice \u0219i intelectuale.Greut\u0103\u021bile maxime ridicate \u0219i cele mai bune rezultate ob\u021binute de CS Unirea Alba Iulia, la masculin \u0219i feminin, proba \u00eempins din culcat, clasic \u0219i echipat:-          <\/p>\n\n\n\n<p>Irimie Andrei (categoria de greutate 83 de kilograme) \u2013 locul 1 la clasic \u0219i echipat, (255 de kilograme ridicate);-         <\/p>\n\n\n\n<p> Alexandru Cazacu (categoria de greutate 120 de kilograme) \u2013 locul 1 la echipat (237,5 kilograme ridicate);-          <\/p>\n\n\n\n<p>O\u021boiu Lucian (categoria de greutate 120 de kilograme) \u2013 locul 3 la echipat \u0219i la open masters (227 de kilograme ridicate);-          <\/p>\n\n\n\n<p>Daniel Ordean (categoria de greutate +120 de kilograme) \u2013 locul 2 la echipat (252 de kilograme ridicate);-         <\/p>\n\n\n\n<p> Mure\u0219an Tiberiu (categoria de greutate +120 de kilograme) \u2013 locul 3 la echipat (250 de kilograme ridicate);-        <\/p>\n\n\n\n<p>  Meszaros Adelin Gabriel (categoria de greutate 93 de kilograme) \u2013 locul 2 la clasic (160 de kilograme ridicate); &#8211;          <\/p>\n\n\n\n<p>Pistanila Ionut (categoria de greutate 120 de kilograme) \u2013 locul 2 la clasic (175 de kilograme ridicate);  &#8211;          <\/p>\n\n\n\n<p>Bianca Todorescu (categoria de greutate 52 de kilograme) \u2013 locul 1 la clasic \u0219i echipat (102 kilograme ridicate) \u2013 record na\u021bional;-          <\/p>\n\n\n\n<p>Deac Roxana (categoria de greutate 69 de kilograme) \u2013 locul 1 la echipat \u0219i locul 3 la open (85 de kilograme ridicate).<\/p>\n\n\n\n<p>A treia zi a fost destinat\u0103 sportivilor cu dizabilit\u0103\u021bi, fiind ziua cea mai \u00eenc\u0103rcat\u0103 de emo\u021bie a competi\u021biei. Aceast\u0103 zi a fost dedicat\u0103 sportivilor care, \u00een ciuda provoc\u0103rilor cu care se confrunt\u0103, demonstreaz\u0103 c\u0103 orice limite pot fi dep\u0103\u0219ite. <\/p>\n\n\n\n<p>Diana P\u0103n\u0103zan, la  dizabilit\u0103\u021bi intelectuale, a ob\u021binut locul 1 la categoria de greutate 52 de kilograme, \u00een vreme ce C\u00e2nda Petru, la dizabilit\u0103\u021bi fizice, s-a clasat pe locul 2 la categoria de greutate 120 de kilograme. <\/p>\n\n\n\n<p>Felicit\u0103ri acestora pentru determinare \u0219i devotament, dar \u0219i antrenorului Ovidiu P\u0103n\u0103zan care \u00ee\u0219i face cu prisosin\u021b\u0103 datoria \u0219i pe aceast\u0103 linie sportiv\u0103.<\/p>\n\n\n\n<p>\u201dAcest eveniment nu a fost doar o competi\u021bie, ci o adev\u0103rat\u0103 s\u0103rb\u0103toare a puterii \u0219i a determin\u0103rii. Felicit\u0103rile se \u00eendreapt\u0103 c\u0103tre to\u021bi participan\u021bii, care au demonstrat c\u0103 prin munc\u0103 asidu\u0103 \u0219i perseveren\u021b\u0103, se pot atinge cele mai \u00eenalte culmi ale performan\u021bei. <\/p>\n\n\n\n<p>Rezultatele excelente ob\u021binute de sportivii no\u0219tri sunt o dovad\u0103 clar\u0103 c\u0103 succesul nu vine \u00eent\u00e2mpl\u0103tor. <\/p>\n\n\n\n<p>Fiecare medalie este rezultatul multor ore de antrenamente, sacrificii personale \u0219i o disciplin\u0103 de fier. \u00centr-o lume \u00een care tenta\u021biile sunt la tot pasul, ace\u0219ti sportivi au ales s\u0103 investeasc\u0103 timp \u0219i energie \u00een dezvoltarea abilit\u0103\u021bilor lor, iar roadele muncii lor sunt vizibile. <\/p>\n\n\n\n<p>Munca mult\u0103 \u0219i perseveren\u021ba sunt cheia succesului! Mul\u021bumirile se \u00eendreapt\u0103 c\u0103tre conducerea CS Unirea Alba Iulia, Prim\u0103ria ora\u0219ului Beiu\u0219 \u0219i c\u0103tre to\u021bi cei care sprijin\u0103 acest sport\u201d, a transmis Ovidiu P\u0103n\u0103zan, pre\u0219edinte FRP.<\/p>\n\n\n\n<p>Campionatul Na\u021bional de \u00cempins din Culcat a fost ultima competi\u021bie de powerlifting din acest an.<\/p>\n\n\n\n<figure class=\"wp-block-gallery has-nested-images columns-default is-cropped wp-block-gallery-1 is-layout-flex wp-block-gallery-is-layout-flex\">\n<figure class=\"wp-block-image size-large\"><img loading=\"lazy\" decoding=\"async\" width=\"1080\" height=\"474\" data-id=\"115407\" src=\"https:\/\/urbeamea.ro\/albaiulia\/wp-content\/uploads\/2024\/12\/1000021683.jpg\" alt=\"\" class=\"wp-image-115407\" srcset=\"https:\/\/urbeamea.ro\/albaiulia\/wp-content\/uploads\/2024\/12\/1000021683.jpg 1080w, https:\/\/urbeamea.ro\/albaiulia\/wp-content\/uploads\/2024\/12\/1000021683-640x281.jpg 640w, https:\/\/urbeamea.ro\/albaiulia\/wp-content\/uploads\/2024\/12\/1000021683-150x66.jpg 150w, https:\/\/urbeamea.ro\/albaiulia\/wp-content\/uploads\/2024\/12\/1000021683-768x337.jpg 768w\" sizes=\"auto, (max-width: 1080px) 100vw, 1080px\" \/><\/figure>\n\n\n\n<figure class=\"wp-block-image size-large\"><img loading=\"lazy\" decoding=\"async\" width=\"971\" height=\"1280\" data-id=\"115408\" src=\"https:\/\/urbeamea.ro\/albaiulia\/wp-content\/uploads\/2024\/12\/1000021686-971x1280.jpg\" alt=\"\" class=\"wp-image-115408\" srcset=\"https:\/\/urbeamea.ro\/albaiulia\/wp-content\/uploads\/2024\/12\/1000021686-971x1280.jpg 971w, https:\/\/urbeamea.ro\/albaiulia\/wp-content\/uploads\/2024\/12\/1000021686-486x640.jpg 486w, https:\/\/urbeamea.ro\/albaiulia\/wp-content\/uploads\/2024\/12\/1000021686-114x150.jpg 114w, https:\/\/urbeamea.ro\/albaiulia\/wp-content\/uploads\/2024\/12\/1000021686-768x1012.jpg 768w, https:\/\/urbeamea.ro\/albaiulia\/wp-content\/uploads\/2024\/12\/1000021686.jpg 1080w\" sizes=\"auto, (max-width: 971px) 100vw, 971px\" \/><\/figure>\n\n\n\n<figure class=\"wp-block-image size-large\"><img loading=\"lazy\" decoding=\"async\" width=\"1080\" height=\"1131\" data-id=\"115412\" src=\"https:\/\/urbeamea.ro\/albaiulia\/wp-content\/uploads\/2024\/12\/1000021685.jpg\" alt=\"\" class=\"wp-image-115412\" srcset=\"https:\/\/urbeamea.ro\/albaiulia\/wp-content\/uploads\/2024\/12\/1000021685.jpg 1080w, https:\/\/urbeamea.ro\/albaiulia\/wp-content\/uploads\/2024\/12\/1000021685-611x640.jpg 611w, https:\/\/urbeamea.ro\/albaiulia\/wp-content\/uploads\/2024\/12\/1000021685-143x150.jpg 143w, https:\/\/urbeamea.ro\/albaiulia\/wp-content\/uploads\/2024\/12\/1000021685-768x804.jpg 768w\" sizes=\"auto, (max-width: 1080px) 100vw, 1080px\" \/><\/figure>\n\n\n\n<figure class=\"wp-block-image size-large\"><img loading=\"lazy\" decoding=\"async\" width=\"1080\" height=\"987\" data-id=\"115410\" src=\"https:\/\/urbeamea.ro\/albaiulia\/wp-content\/uploads\/2024\/12\/1000021684.jpg\" alt=\"\" class=\"wp-image-115410\" srcset=\"https:\/\/urbeamea.ro\/albaiulia\/wp-content\/uploads\/2024\/12\/1000021684.jpg 1080w, https:\/\/urbeamea.ro\/albaiulia\/wp-content\/uploads\/2024\/12\/1000021684-640x585.jpg 640w, https:\/\/urbeamea.ro\/albaiulia\/wp-content\/uploads\/2024\/12\/1000021684-150x137.jpg 150w, https:\/\/urbeamea.ro\/albaiulia\/wp-content\/uploads\/2024\/12\/1000021684-768x702.jpg 768w\" sizes=\"auto, (max-width: 1080px) 100vw, 1080px\" \/><\/figure>\n\n\n\n<figure class=\"wp-block-image size-large\"><img loading=\"lazy\" decoding=\"async\" width=\"1080\" height=\"721\" data-id=\"115409\" src=\"https:\/\/urbeamea.ro\/albaiulia\/wp-content\/uploads\/2024\/12\/1000021687.jpg\" alt=\"\" class=\"wp-image-115409\" srcset=\"https:\/\/urbeamea.ro\/albaiulia\/wp-content\/uploads\/2024\/12\/1000021687.jpg 1080w, https:\/\/urbeamea.ro\/albaiulia\/wp-content\/uploads\/2024\/12\/1000021687-640x427.jpg 640w, https:\/\/urbeamea.ro\/albaiulia\/wp-content\/uploads\/2024\/12\/1000021687-150x100.jpg 150w, https:\/\/urbeamea.ro\/albaiulia\/wp-content\/uploads\/2024\/12\/1000021687-768x513.jpg 768w\" sizes=\"auto, (max-width: 1080px) 100vw, 1080px\" \/><\/figure>\n\n\n\n<figure class=\"wp-block-image size-large\"><img loading=\"lazy\" decoding=\"async\" width=\"1080\" height=\"810\" data-id=\"115411\" src=\"https:\/\/urbeamea.ro\/albaiulia\/wp-content\/uploads\/2024\/12\/1000021688.jpg\" alt=\"\" class=\"wp-image-115411\" srcset=\"https:\/\/urbeamea.ro\/albaiulia\/wp-content\/uploads\/2024\/12\/1000021688.jpg 1080w, https:\/\/urbeamea.ro\/albaiulia\/wp-content\/uploads\/2024\/12\/1000021688-640x480.jpg 640w, https:\/\/urbeamea.ro\/albaiulia\/wp-content\/uploads\/2024\/12\/1000021688-150x113.jpg 150w, https:\/\/urbeamea.ro\/albaiulia\/wp-content\/uploads\/2024\/12\/1000021688-768x576.jpg 768w\" sizes=\"auto, (max-width: 1080px) 100vw, 1080px\" \/><\/figure>\n\n\n\n<figure class=\"wp-block-image size-large\"><img loading=\"lazy\" decoding=\"async\" width=\"960\" height=\"1280\" data-id=\"115416\" src=\"https:\/\/urbeamea.ro\/albaiulia\/wp-content\/uploads\/2024\/12\/1000021689-960x1280.jpg\" alt=\"\" class=\"wp-image-115416\" srcset=\"https:\/\/urbeamea.ro\/albaiulia\/wp-content\/uploads\/2024\/12\/1000021689-960x1280.jpg 960w, https:\/\/urbeamea.ro\/albaiulia\/wp-content\/uploads\/2024\/12\/1000021689-480x640.jpg 480w, https:\/\/urbeamea.ro\/albaiulia\/wp-content\/uploads\/2024\/12\/1000021689-113x150.jpg 113w, https:\/\/urbeamea.ro\/albaiulia\/wp-content\/uploads\/2024\/12\/1000021689-768x1024.jpg 768w, https:\/\/urbeamea.ro\/albaiulia\/wp-content\/uploads\/2024\/12\/1000021689.jpg 1080w\" sizes=\"auto, (max-width: 960px) 100vw, 960px\" \/><\/figure>\n\n\n\n<figure class=\"wp-block-image size-large\"><img loading=\"lazy\" decoding=\"async\" width=\"1080\" height=\"1080\" data-id=\"115414\" src=\"https:\/\/urbeamea.ro\/albaiulia\/wp-content\/uploads\/2024\/12\/1000021692.jpg\" alt=\"\" class=\"wp-image-115414\" srcset=\"https:\/\/urbeamea.ro\/albaiulia\/wp-content\/uploads\/2024\/12\/1000021692.jpg 1080w, https:\/\/urbeamea.ro\/albaiulia\/wp-content\/uploads\/2024\/12\/1000021692-640x640.jpg 640w, https:\/\/urbeamea.ro\/albaiulia\/wp-content\/uploads\/2024\/12\/1000021692-150x150.jpg 150w, https:\/\/urbeamea.ro\/albaiulia\/wp-content\/uploads\/2024\/12\/1000021692-768x768.jpg 768w\" sizes=\"auto, (max-width: 1080px) 100vw, 1080px\" \/><\/figure>\n\n\n\n<figure class=\"wp-block-image size-large\"><img loading=\"lazy\" decoding=\"async\" width=\"1080\" height=\"1080\" data-id=\"115413\" src=\"https:\/\/urbeamea.ro\/albaiulia\/wp-content\/uploads\/2024\/12\/1000021691.jpg\" alt=\"\" class=\"wp-image-115413\" srcset=\"https:\/\/urbeamea.ro\/albaiulia\/wp-content\/uploads\/2024\/12\/1000021691.jpg 1080w, https:\/\/urbeamea.ro\/albaiulia\/wp-content\/uploads\/2024\/12\/1000021691-640x640.jpg 640w, https:\/\/urbeamea.ro\/albaiulia\/wp-content\/uploads\/2024\/12\/1000021691-150x150.jpg 150w, https:\/\/urbeamea.ro\/albaiulia\/wp-content\/uploads\/2024\/12\/1000021691-768x768.jpg 768w\" sizes=\"auto, (max-width: 1080px) 100vw, 1080px\" \/><\/figure>\n\n\n\n<figure class=\"wp-block-image size-large\"><img loading=\"lazy\" decoding=\"async\" width=\"720\" height=\"1280\" data-id=\"115415\" src=\"https:\/\/urbeamea.ro\/albaiulia\/wp-content\/uploads\/2024\/12\/1000021690-720x1280.jpg\" alt=\"\" class=\"wp-image-115415\" srcset=\"https:\/\/urbeamea.ro\/albaiulia\/wp-content\/uploads\/2024\/12\/1000021690-720x1280.jpg 720w, https:\/\/urbeamea.ro\/albaiulia\/wp-content\/uploads\/2024\/12\/1000021690-360x640.jpg 360w, https:\/\/urbeamea.ro\/albaiulia\/wp-content\/uploads\/2024\/12\/1000021690-84x150.jpg 84w, https:\/\/urbeamea.ro\/albaiulia\/wp-content\/uploads\/2024\/12\/1000021690-768x1365.jpg 768w, https:\/\/urbeamea.ro\/albaiulia\/wp-content\/uploads\/2024\/12\/1000021690-864x1536.jpg 864w, https:\/\/urbeamea.ro\/albaiulia\/wp-content\/uploads\/2024\/12\/1000021690.jpg 900w\" sizes=\"auto, (max-width: 720px) 100vw, 720px\" \/><\/figure>\n<\/figure>\n","protected":false},"excerpt":{"rendered":"<p>Sportivii CS Unirea Alba Iulia, coordona\u021bi de pre\u0219edintele Federa\u021biei Rom\u00e2ne de Powerlifting, antrenorul Ovidiu P\u0103n\u0103zan, au ob\u021binut noi rezultate excelente la Campionatul Na\u021bional de \u00cempins din Culcat, desf\u0103\u0219urat la \u00eenceputul lunii decembrie, la Beiu\u0219, \u00een jude\u021bul Bihor. Competi\u021bia s-a derulat pe parcursul a trei zile, iar proba \u00eempins din culcat s-a desf\u0103\u0219urat, la masculin \u0219i &hellip;<\/p>\n","protected":false},"author":28,"featured_media":115411,"comment_status":"open","ping_status":"open","sticky":false,"template":"","format":"standard","meta":{"inline_featured_image":false,"footnotes":""},"categories":[2037],"tags":[13058,5050],"class_list":["post-115406","post","type-post","status-publish","format-standard","has-post-thumbnail","hentry","category-sport","tag-andrei-irimie","tag-cs-unirea-alba-iulia"],"yoast_head":"<!-- This site is optimized with the Yoast SEO plugin v27.4 - https:\/\/yoast.com\/product\/yoast-seo-wordpress\/ -->\n<title>Clas\u0103ri pe podium pentru sportivii de la CS Unirea Alba Iulia, la Campionatul Na\u021bional de \u00cempins din Culcat, desf\u0103\u0219urat la Beiu\u0219 - Revista Urbea Mea - Revista de Alba<\/title>\n<meta name=\"description\" content=\"Sportivii CS Unirea Alba Iulia, coordona\u021bi de pre\u0219edintele Federa\u021biei Rom\u00e2ne de Powerlifting, antrenorul Ovidiu P\u0103n\u0103zan, au ob\u021binut noi rezultate\" \/>\n<meta name=\"robots\" content=\"index, follow, max-snippet:-1, max-image-preview:large, max-video-preview:-1\" \/>\n<link rel=\"canonical\" href=\"https:\/\/urbeamea.ro\/albaiulia\/clasari-pe-podium-pentru-sportivii-de-la-cs-unirea-alba-iulia-la-campionatul-national-de-impins-din-culcat-desfasurat-la-beius\/\" \/>\n<meta name=\"twitter:card\" content=\"summary_large_image\" \/>\n<meta name=\"twitter:title\" content=\"Clas\u0103ri pe podium pentru sportivii de la CS Unirea Alba Iulia, la Campionatul Na\u021bional de \u00cempins din Culcat, desf\u0103\u0219urat la Beiu\u0219 - Revista Urbea Mea - Revista de Alba\" \/>\n<meta name=\"twitter:description\" content=\"Sportivii CS Unirea Alba Iulia, coordona\u021bi de pre\u0219edintele Federa\u021biei Rom\u00e2ne de Powerlifting, antrenorul Ovidiu P\u0103n\u0103zan, au ob\u021binut noi rezultate\" \/>\n<meta name=\"twitter:image\" content=\"https:\/\/urbeamea.ro\/albaiulia\/wp-content\/uploads\/2024\/12\/1000021688.jpg\" \/>\n<meta name=\"twitter:creator\" content=\"@urbeameaweb\" \/>\n<meta name=\"twitter:site\" content=\"@urbeameaweb\" \/>\n<script type=\"application\/ld+json\" class=\"yoast-schema-graph\">{\"@context\":\"https:\\\/\\\/schema.org\",\"@graph\":[{\"@type\":\"Article\",\"@id\":\"https:\\\/\\\/urbeamea.ro\\\/albaiulia\\\/clasari-pe-podium-pentru-sportivii-de-la-cs-unirea-alba-iulia-la-campionatul-national-de-impins-din-culcat-desfasurat-la-beius\\\/#article\",\"isPartOf\":{\"@id\":\"https:\\\/\\\/urbeamea.ro\\\/albaiulia\\\/clasari-pe-podium-pentru-sportivii-de-la-cs-unirea-alba-iulia-la-campionatul-national-de-impins-din-culcat-desfasurat-la-beius\\\/\"},\"author\":{\"name\":\"Giurca Sorin\",\"@id\":\"https:\\\/\\\/urbeamea.ro\\\/albaiulia\\\/#\\\/schema\\\/person\\\/5db3854ac38c1cc9f0ab4092d6a20f02\"},\"headline\":\"Clas\u0103ri pe podium pentru sportivii de la CS Unirea Alba Iulia, la Campionatul Na\u021bional de \u00cempins din Culcat, desf\u0103\u0219urat la Beiu\u0219\",\"datePublished\":\"2024-12-11T06:12:25+00:00\",\"dateModified\":\"2024-12-11T06:12:27+00:00\",\"mainEntityOfPage\":{\"@id\":\"https:\\\/\\\/urbeamea.ro\\\/albaiulia\\\/clasari-pe-podium-pentru-sportivii-de-la-cs-unirea-alba-iulia-la-campionatul-national-de-impins-din-culcat-desfasurat-la-beius\\\/\"},\"wordCount\":561,\"commentCount\":0,\"image\":{\"@id\":\"https:\\\/\\\/urbeamea.ro\\\/albaiulia\\\/clasari-pe-podium-pentru-sportivii-de-la-cs-unirea-alba-iulia-la-campionatul-national-de-impins-din-culcat-desfasurat-la-beius\\\/#primaryimage\"},\"thumbnailUrl\":\"https:\\\/\\\/urbeamea.ro\\\/albaiulia\\\/wp-content\\\/uploads\\\/2024\\\/12\\\/1000021688.jpg\",\"keywords\":[\"andrei irimie\",\"CS Unirea Alba IULIA\"],\"articleSection\":[\"Sport\"],\"inLanguage\":\"ro-RO\",\"potentialAction\":[{\"@type\":\"CommentAction\",\"name\":\"Comment\",\"target\":[\"https:\\\/\\\/urbeamea.ro\\\/albaiulia\\\/clasari-pe-podium-pentru-sportivii-de-la-cs-unirea-alba-iulia-la-campionatul-national-de-impins-din-culcat-desfasurat-la-beius\\\/#respond\"]}]},{\"@type\":\"WebPage\",\"@id\":\"https:\\\/\\\/urbeamea.ro\\\/albaiulia\\\/clasari-pe-podium-pentru-sportivii-de-la-cs-unirea-alba-iulia-la-campionatul-national-de-impins-din-culcat-desfasurat-la-beius\\\/\",\"url\":\"https:\\\/\\\/urbeamea.ro\\\/albaiulia\\\/clasari-pe-podium-pentru-sportivii-de-la-cs-unirea-alba-iulia-la-campionatul-national-de-impins-din-culcat-desfasurat-la-beius\\\/\",\"name\":\"Clas\u0103ri pe podium pentru sportivii de la CS Unirea Alba Iulia, la Campionatul Na\u021bional de \u00cempins din Culcat, desf\u0103\u0219urat la Beiu\u0219 - Revista Urbea Mea - Revista de Alba\",\"isPartOf\":{\"@id\":\"https:\\\/\\\/urbeamea.ro\\\/albaiulia\\\/#website\"},\"primaryImageOfPage\":{\"@id\":\"https:\\\/\\\/urbeamea.ro\\\/albaiulia\\\/clasari-pe-podium-pentru-sportivii-de-la-cs-unirea-alba-iulia-la-campionatul-national-de-impins-din-culcat-desfasurat-la-beius\\\/#primaryimage\"},\"image\":{\"@id\":\"https:\\\/\\\/urbeamea.ro\\\/albaiulia\\\/clasari-pe-podium-pentru-sportivii-de-la-cs-unirea-alba-iulia-la-campionatul-national-de-impins-din-culcat-desfasurat-la-beius\\\/#primaryimage\"},\"thumbnailUrl\":\"https:\\\/\\\/urbeamea.ro\\\/albaiulia\\\/wp-content\\\/uploads\\\/2024\\\/12\\\/1000021688.jpg\",\"datePublished\":\"2024-12-11T06:12:25+00:00\",\"dateModified\":\"2024-12-11T06:12:27+00:00\",\"author\":{\"@id\":\"https:\\\/\\\/urbeamea.ro\\\/albaiulia\\\/#\\\/schema\\\/person\\\/5db3854ac38c1cc9f0ab4092d6a20f02\"},\"description\":\"Sportivii CS Unirea Alba Iulia, coordona\u021bi de pre\u0219edintele Federa\u021biei Rom\u00e2ne de Powerlifting, antrenorul Ovidiu P\u0103n\u0103zan, au ob\u021binut noi rezultate\",\"breadcrumb\":{\"@id\":\"https:\\\/\\\/urbeamea.ro\\\/albaiulia\\\/clasari-pe-podium-pentru-sportivii-de-la-cs-unirea-alba-iulia-la-campionatul-national-de-impins-din-culcat-desfasurat-la-beius\\\/#breadcrumb\"},\"inLanguage\":\"ro-RO\",\"potentialAction\":[{\"@type\":\"ReadAction\",\"target\":[\"https:\\\/\\\/urbeamea.ro\\\/albaiulia\\\/clasari-pe-podium-pentru-sportivii-de-la-cs-unirea-alba-iulia-la-campionatul-national-de-impins-din-culcat-desfasurat-la-beius\\\/\"]}]},{\"@type\":\"ImageObject\",\"inLanguage\":\"ro-RO\",\"@id\":\"https:\\\/\\\/urbeamea.ro\\\/albaiulia\\\/clasari-pe-podium-pentru-sportivii-de-la-cs-unirea-alba-iulia-la-campionatul-national-de-impins-din-culcat-desfasurat-la-beius\\\/#primaryimage\",\"url\":\"https:\\\/\\\/urbeamea.ro\\\/albaiulia\\\/wp-content\\\/uploads\\\/2024\\\/12\\\/1000021688.jpg\",\"contentUrl\":\"https:\\\/\\\/urbeamea.ro\\\/albaiulia\\\/wp-content\\\/uploads\\\/2024\\\/12\\\/1000021688.jpg\",\"width\":1080,\"height\":810},{\"@type\":\"BreadcrumbList\",\"@id\":\"https:\\\/\\\/urbeamea.ro\\\/albaiulia\\\/clasari-pe-podium-pentru-sportivii-de-la-cs-unirea-alba-iulia-la-campionatul-national-de-impins-din-culcat-desfasurat-la-beius\\\/#breadcrumb\",\"itemListElement\":[{\"@type\":\"ListItem\",\"position\":1,\"name\":\"Prima pagin\u0103\",\"item\":\"https:\\\/\\\/urbeamea.ro\\\/albaiulia\\\/\"},{\"@type\":\"ListItem\",\"position\":2,\"name\":\"Clas\u0103ri pe podium pentru sportivii de la CS Unirea Alba Iulia, la Campionatul Na\u021bional de \u00cempins din Culcat, desf\u0103\u0219urat la Beiu\u0219\"}]},{\"@type\":\"WebSite\",\"@id\":\"https:\\\/\\\/urbeamea.ro\\\/albaiulia\\\/#website\",\"url\":\"https:\\\/\\\/urbeamea.ro\\\/albaiulia\\\/\",\"name\":\"Revista Urbea Mea, Stiri urbane\",\"description\":\"Evenimente \u0219i \u0219tiri din Alba Iulia, Sebe\u0219, Aiud, Blaj\",\"potentialAction\":[{\"@type\":\"SearchAction\",\"target\":{\"@type\":\"EntryPoint\",\"urlTemplate\":\"https:\\\/\\\/urbeamea.ro\\\/albaiulia\\\/?s={search_term_string}\"},\"query-input\":{\"@type\":\"PropertyValueSpecification\",\"valueRequired\":true,\"valueName\":\"search_term_string\"}}],\"inLanguage\":\"ro-RO\"},{\"@type\":\"Person\",\"@id\":\"https:\\\/\\\/urbeamea.ro\\\/albaiulia\\\/#\\\/schema\\\/person\\\/5db3854ac38c1cc9f0ab4092d6a20f02\",\"name\":\"Giurca Sorin\",\"image\":{\"@type\":\"ImageObject\",\"inLanguage\":\"ro-RO\",\"@id\":\"https:\\\/\\\/secure.gravatar.com\\\/avatar\\\/120f6fcae7b3b47a7730cb9943f612f4909f68ac5284b5f40ac1c4615fd70576?s=96&d=mm&r=g\",\"url\":\"https:\\\/\\\/secure.gravatar.com\\\/avatar\\\/120f6fcae7b3b47a7730cb9943f612f4909f68ac5284b5f40ac1c4615fd70576?s=96&d=mm&r=g\",\"contentUrl\":\"https:\\\/\\\/secure.gravatar.com\\\/avatar\\\/120f6fcae7b3b47a7730cb9943f612f4909f68ac5284b5f40ac1c4615fd70576?s=96&d=mm&r=g\",\"caption\":\"Giurca Sorin\"},\"url\":\"https:\\\/\\\/urbeamea.ro\\\/albaiulia\\\/author\\\/sorin\\\/\"}]}<\/script>\n<!-- \/ Yoast SEO plugin. -->","yoast_head_json":{"title":"Clas\u0103ri pe podium pentru sportivii de la CS Unirea Alba Iulia, la Campionatul Na\u021bional de \u00cempins din Culcat, desf\u0103\u0219urat la Beiu\u0219 - Revista Urbea Mea - Revista de Alba","description":"Sportivii CS Unirea Alba Iulia, coordona\u021bi de pre\u0219edintele Federa\u021biei Rom\u00e2ne de Powerlifting, antrenorul Ovidiu P\u0103n\u0103zan, au ob\u021binut noi rezultate","robots":{"index":"index","follow":"follow","max-snippet":"max-snippet:-1","max-image-preview":"max-image-preview:large","max-video-preview":"max-video-preview:-1"},"canonical":"https:\/\/urbeamea.ro\/albaiulia\/clasari-pe-podium-pentru-sportivii-de-la-cs-unirea-alba-iulia-la-campionatul-national-de-impins-din-culcat-desfasurat-la-beius\/","twitter_card":"summary_large_image","twitter_title":"Clas\u0103ri pe podium pentru sportivii de la CS Unirea Alba Iulia, la Campionatul Na\u021bional de \u00cempins din Culcat, desf\u0103\u0219urat la Beiu\u0219 - Revista Urbea Mea - Revista de Alba","twitter_description":"Sportivii CS Unirea Alba Iulia, coordona\u021bi de pre\u0219edintele Federa\u021biei Rom\u00e2ne de Powerlifting, antrenorul Ovidiu P\u0103n\u0103zan, au ob\u021binut noi rezultate","twitter_image":"https:\/\/urbeamea.ro\/albaiulia\/wp-content\/uploads\/2024\/12\/1000021688.jpg","twitter_creator":"@urbeameaweb","twitter_site":"@urbeameaweb","schema":{"@context":"https:\/\/schema.org","@graph":[{"@type":"Article","@id":"https:\/\/urbeamea.ro\/albaiulia\/clasari-pe-podium-pentru-sportivii-de-la-cs-unirea-alba-iulia-la-campionatul-national-de-impins-din-culcat-desfasurat-la-beius\/#article","isPartOf":{"@id":"https:\/\/urbeamea.ro\/albaiulia\/clasari-pe-podium-pentru-sportivii-de-la-cs-unirea-alba-iulia-la-campionatul-national-de-impins-din-culcat-desfasurat-la-beius\/"},"author":{"name":"Giurca Sorin","@id":"https:\/\/urbeamea.ro\/albaiulia\/#\/schema\/person\/5db3854ac38c1cc9f0ab4092d6a20f02"},"headline":"Clas\u0103ri pe podium pentru sportivii de la CS Unirea Alba Iulia, la Campionatul Na\u021bional de \u00cempins din Culcat, desf\u0103\u0219urat la Beiu\u0219","datePublished":"2024-12-11T06:12:25+00:00","dateModified":"2024-12-11T06:12:27+00:00","mainEntityOfPage":{"@id":"https:\/\/urbeamea.ro\/albaiulia\/clasari-pe-podium-pentru-sportivii-de-la-cs-unirea-alba-iulia-la-campionatul-national-de-impins-din-culcat-desfasurat-la-beius\/"},"wordCount":561,"commentCount":0,"image":{"@id":"https:\/\/urbeamea.ro\/albaiulia\/clasari-pe-podium-pentru-sportivii-de-la-cs-unirea-alba-iulia-la-campionatul-national-de-impins-din-culcat-desfasurat-la-beius\/#primaryimage"},"thumbnailUrl":"https:\/\/urbeamea.ro\/albaiulia\/wp-content\/uploads\/2024\/12\/1000021688.jpg","keywords":["andrei irimie","CS Unirea Alba IULIA"],"articleSection":["Sport"],"inLanguage":"ro-RO","potentialAction":[{"@type":"CommentAction","name":"Comment","target":["https:\/\/urbeamea.ro\/albaiulia\/clasari-pe-podium-pentru-sportivii-de-la-cs-unirea-alba-iulia-la-campionatul-national-de-impins-din-culcat-desfasurat-la-beius\/#respond"]}]},{"@type":"WebPage","@id":"https:\/\/urbeamea.ro\/albaiulia\/clasari-pe-podium-pentru-sportivii-de-la-cs-unirea-alba-iulia-la-campionatul-national-de-impins-din-culcat-desfasurat-la-beius\/","url":"https:\/\/urbeamea.ro\/albaiulia\/clasari-pe-podium-pentru-sportivii-de-la-cs-unirea-alba-iulia-la-campionatul-national-de-impins-din-culcat-desfasurat-la-beius\/","name":"Clas\u0103ri pe podium pentru sportivii de la CS Unirea Alba Iulia, la Campionatul Na\u021bional de \u00cempins din Culcat, desf\u0103\u0219urat la Beiu\u0219 - Revista Urbea Mea - Revista de Alba","isPartOf":{"@id":"https:\/\/urbeamea.ro\/albaiulia\/#website"},"primaryImageOfPage":{"@id":"https:\/\/urbeamea.ro\/albaiulia\/clasari-pe-podium-pentru-sportivii-de-la-cs-unirea-alba-iulia-la-campionatul-national-de-impins-din-culcat-desfasurat-la-beius\/#primaryimage"},"image":{"@id":"https:\/\/urbeamea.ro\/albaiulia\/clasari-pe-podium-pentru-sportivii-de-la-cs-unirea-alba-iulia-la-campionatul-national-de-impins-din-culcat-desfasurat-la-beius\/#primaryimage"},"thumbnailUrl":"https:\/\/urbeamea.ro\/albaiulia\/wp-content\/uploads\/2024\/12\/1000021688.jpg","datePublished":"2024-12-11T06:12:25+00:00","dateModified":"2024-12-11T06:12:27+00:00","author":{"@id":"https:\/\/urbeamea.ro\/albaiulia\/#\/schema\/person\/5db3854ac38c1cc9f0ab4092d6a20f02"},"description":"Sportivii CS Unirea Alba Iulia, coordona\u021bi de pre\u0219edintele Federa\u021biei Rom\u00e2ne de Powerlifting, antrenorul Ovidiu P\u0103n\u0103zan, au ob\u021binut noi rezultate","breadcrumb":{"@id":"https:\/\/urbeamea.ro\/albaiulia\/clasari-pe-podium-pentru-sportivii-de-la-cs-unirea-alba-iulia-la-campionatul-national-de-impins-din-culcat-desfasurat-la-beius\/#breadcrumb"},"inLanguage":"ro-RO","potentialAction":[{"@type":"ReadAction","target":["https:\/\/urbeamea.ro\/albaiulia\/clasari-pe-podium-pentru-sportivii-de-la-cs-unirea-alba-iulia-la-campionatul-national-de-impins-din-culcat-desfasurat-la-beius\/"]}]},{"@type":"ImageObject","inLanguage":"ro-RO","@id":"https:\/\/urbeamea.ro\/albaiulia\/clasari-pe-podium-pentru-sportivii-de-la-cs-unirea-alba-iulia-la-campionatul-national-de-impins-din-culcat-desfasurat-la-beius\/#primaryimage","url":"https:\/\/urbeamea.ro\/albaiulia\/wp-content\/uploads\/2024\/12\/1000021688.jpg","contentUrl":"https:\/\/urbeamea.ro\/albaiulia\/wp-content\/uploads\/2024\/12\/1000021688.jpg","width":1080,"height":810},{"@type":"BreadcrumbList","@id":"https:\/\/urbeamea.ro\/albaiulia\/clasari-pe-podium-pentru-sportivii-de-la-cs-unirea-alba-iulia-la-campionatul-national-de-impins-din-culcat-desfasurat-la-beius\/#breadcrumb","itemListElement":[{"@type":"ListItem","position":1,"name":"Prima pagin\u0103","item":"https:\/\/urbeamea.ro\/albaiulia\/"},{"@type":"ListItem","position":2,"name":"Clas\u0103ri pe podium pentru sportivii de la CS Unirea Alba Iulia, la Campionatul Na\u021bional de \u00cempins din Culcat, desf\u0103\u0219urat la Beiu\u0219"}]},{"@type":"WebSite","@id":"https:\/\/urbeamea.ro\/albaiulia\/#website","url":"https:\/\/urbeamea.ro\/albaiulia\/","name":"Revista Urbea Mea, Stiri urbane","description":"Evenimente \u0219i \u0219tiri din Alba Iulia, Sebe\u0219, Aiud, Blaj","potentialAction":[{"@type":"SearchAction","target":{"@type":"EntryPoint","urlTemplate":"https:\/\/urbeamea.ro\/albaiulia\/?s={search_term_string}"},"query-input":{"@type":"PropertyValueSpecification","valueRequired":true,"valueName":"search_term_string"}}],"inLanguage":"ro-RO"},{"@type":"Person","@id":"https:\/\/urbeamea.ro\/albaiulia\/#\/schema\/person\/5db3854ac38c1cc9f0ab4092d6a20f02","name":"Giurca Sorin","image":{"@type":"ImageObject","inLanguage":"ro-RO","@id":"https:\/\/secure.gravatar.com\/avatar\/120f6fcae7b3b47a7730cb9943f612f4909f68ac5284b5f40ac1c4615fd70576?s=96&d=mm&r=g","url":"https:\/\/secure.gravatar.com\/avatar\/120f6fcae7b3b47a7730cb9943f612f4909f68ac5284b5f40ac1c4615fd70576?s=96&d=mm&r=g","contentUrl":"https:\/\/secure.gravatar.com\/avatar\/120f6fcae7b3b47a7730cb9943f612f4909f68ac5284b5f40ac1c4615fd70576?s=96&d=mm&r=g","caption":"Giurca Sorin"},"url":"https:\/\/urbeamea.ro\/albaiulia\/author\/sorin\/"}]}},"_links":{"self":[{"href":"https:\/\/urbeamea.ro\/albaiulia\/wp-json\/wp\/v2\/posts\/115406","targetHints":{"allow":["GET"]}}],"collection":[{"href":"https:\/\/urbeamea.ro\/albaiulia\/wp-json\/wp\/v2\/posts"}],"about":[{"href":"https:\/\/urbeamea.ro\/albaiulia\/wp-json\/wp\/v2\/types\/post"}],"author":[{"embeddable":true,"href":"https:\/\/urbeamea.ro\/albaiulia\/wp-json\/wp\/v2\/users\/28"}],"replies":[{"embeddable":true,"href":"https:\/\/urbeamea.ro\/albaiulia\/wp-json\/wp\/v2\/comments?post=115406"}],"version-history":[{"count":1,"href":"https:\/\/urbeamea.ro\/albaiulia\/wp-json\/wp\/v2\/posts\/115406\/revisions"}],"predecessor-version":[{"id":115417,"href":"https:\/\/urbeamea.ro\/albaiulia\/wp-json\/wp\/v2\/posts\/115406\/revisions\/115417"}],"wp:featuredmedia":[{"embeddable":true,"href":"https:\/\/urbeamea.ro\/albaiulia\/wp-json\/wp\/v2\/media\/115411"}],"wp:attachment":[{"href":"https:\/\/urbeamea.ro\/albaiulia\/wp-json\/wp\/v2\/media?parent=115406"}],"wp:term":[{"taxonomy":"category","embeddable":true,"href":"https:\/\/urbeamea.ro\/albaiulia\/wp-json\/wp\/v2\/categories?post=115406"},{"taxonomy":"post_tag","embeddable":true,"href":"https:\/\/urbeamea.ro\/albaiulia\/wp-json\/wp\/v2\/tags?post=115406"}],"curies":[{"name":"wp","href":"https:\/\/api.w.org\/{rel}","templated":true}]}}