{"id":115576,"date":"2024-12-16T19:47:25","date_gmt":"2024-12-16T17:47:25","guid":{"rendered":"https:\/\/urbeamea.ro\/albaiulia\/?p=115576"},"modified":"2024-12-16T19:47:26","modified_gmt":"2024-12-16T17:47:26","slug":"22-decembrie-ora-1400-teatru-pentru-copii-taina-craciunului-pe-scena-casei-de-cultura-lucian-blaga-din-sebes","status":"publish","type":"post","link":"https:\/\/urbeamea.ro\/albaiulia\/22-decembrie-ora-1400-teatru-pentru-copii-taina-craciunului-pe-scena-casei-de-cultura-lucian-blaga-din-sebes\/","title":{"rendered":"22 decembrie, ora 14:00 Teatru pentru Copii &#8222;Taina Cr\u0103ciunului&#8221;, pe scena Casei de Cultur\u0103 &#8222;Lucian Blaga&#8221; din Sebe\u0219"},"content":{"rendered":"\n<p class=\"wp-block-paragraph\"><strong>Duminic\u0103, 22 decembrie, cu \u00eencepere de la ora 14.00, la Casa de Cultur\u0103 &#8222;Lucian Blaga&#8221; din Sebe\u0219, va avea loc piesa de teatru pentru copii &#8222;Taina Cr\u0103ciunului&#8221;.<\/strong><\/p>\n\n\n\n<p class=\"wp-block-paragraph\"> \u201eTaina Cr\u0103ciunului\u201c este un spectacol de teatru care pune \u00een scen\u0103 evenimentele biblice \u0219i istorice ale s\u0103rb\u0103torii  cre\u0219tine Na\u0219terea Domnului Iisus.<\/p>\n\n\n\n<p class=\"wp-block-paragraph\">Spectacolul este special conceput pentru copiii cu v\u00e2rste \u00eentre 6 \u0219i 12 ani, dar va \u00eenc\u00e2nta \u00eentreaga familie!<\/p>\n\n\n\n<p class=\"wp-block-paragraph\">Durata spectacolului este de 60 de minute, \u00eenc\u0103rcate de lumin\u0103 \u0219i momente memorabile. <\/p>\n\n\n\n<p class=\"wp-block-paragraph\">La final, micu\u021bii vor avea ocazia s\u0103 fac\u0103 poze cu actorii \u0219i decorul fantastic al piesei! <\/p>\n\n\n\n<p class=\"wp-block-paragraph\"><strong>*\u00censcriere*<\/strong><\/p>\n\n\n\n<p class=\"wp-block-paragraph\">Locurile sunt limitate, a\u0219a c\u0103 nu rata\u021bi ocazia! <\/p>\n\n\n\n<p class=\"wp-block-paragraph\">Intrarea se face pe baz\u0103 de invita\u021bie, care poate fi ob\u021binut\u0103 gratuit de aici: <\/p>\n\n\n\n<p class=\"wp-block-paragraph\">*Invita\u021bie Gratuit\u0103. https:\/\/samariteniirenovatio.ro\/<\/p>\n\n\n\n<figure class=\"wp-block-image size-large\"><img loading=\"lazy\" decoding=\"async\" width=\"906\" height=\"1280\" src=\"https:\/\/urbeamea.ro\/albaiulia\/wp-content\/uploads\/2024\/12\/1000022033-906x1280.jpg\" alt=\"\" class=\"wp-image-115577\" srcset=\"https:\/\/urbeamea.ro\/albaiulia\/wp-content\/uploads\/2024\/12\/1000022033-906x1280.jpg 906w, https:\/\/urbeamea.ro\/albaiulia\/wp-content\/uploads\/2024\/12\/1000022033-453x640.jpg 453w, https:\/\/urbeamea.ro\/albaiulia\/wp-content\/uploads\/2024\/12\/1000022033-106x150.jpg 106w, https:\/\/urbeamea.ro\/albaiulia\/wp-content\/uploads\/2024\/12\/1000022033-768x1085.jpg 768w, https:\/\/urbeamea.ro\/albaiulia\/wp-content\/uploads\/2024\/12\/1000022033.jpg 1080w\" sizes=\"auto, (max-width: 906px) 100vw, 906px\" \/><\/figure>\n\n\n\n<p class=\"wp-block-paragraph\"><\/p>\n\n\n\n<p class=\"wp-block-paragraph\"><\/p>\n","protected":false},"excerpt":{"rendered":"<p>Duminic\u0103, 22 decembrie, cu \u00eencepere de la ora 14.00, la Casa de Cultur\u0103 &#8222;Lucian Blaga&#8221; din Sebe\u0219, va avea loc piesa de teatru pentru copii &#8222;Taina Cr\u0103ciunului&#8221;. \u201eTaina Cr\u0103ciunului\u201c este un spectacol de teatru care pune \u00een scen\u0103 evenimentele biblice \u0219i istorice ale s\u0103rb\u0103torii cre\u0219tine Na\u0219terea Domnului Iisus. Spectacolul este special conceput pentru copiii cu &hellip;<\/p>\n","protected":false},"author":28,"featured_media":115577,"comment_status":"open","ping_status":"open","sticky":false,"template":"","format":"standard","meta":{"inline_featured_image":false,"footnotes":""},"categories":[2038,4,2034,1,16344],"tags":[1223,25159],"class_list":["post-115576","post","type-post","status-publish","format-standard","has-post-thumbnail","hentry","category-cultura","category-eveniment","category-social","category-stiri-urbane","category-urbea-mea","tag-sebes","tag-taina-craciunului"],"yoast_head":"<!-- This site is optimized with the Yoast SEO plugin v28.3 - https:\/\/yoast.com\/product\/yoast-seo-wordpress\/ -->\n<title>22 decembrie, ora 14:00 Teatru pentru Copii &quot;Taina Cr\u0103ciunului&quot;, pe scena Casei de Cultur\u0103 &quot;Lucian Blaga&quot; din Sebe\u0219 - Revista Urbea Mea - Revista de Alba<\/title>\n<meta name=\"description\" content=\"Duminic\u0103, 22 decembrie, cu \u00eencepere de la ora 14.00, la Casa de Cultur\u0103 &quot;Lucian Blaga&quot; din Sebe\u0219, va avea loc piesa de teatru pentru copii &quot;Taina\" \/>\n<meta name=\"robots\" content=\"index, follow, max-snippet:-1, max-image-preview:large, max-video-preview:-1\" \/>\n<link rel=\"canonical\" href=\"https:\/\/urbeamea.ro\/albaiulia\/22-decembrie-ora-1400-teatru-pentru-copii-taina-craciunului-pe-scena-casei-de-cultura-lucian-blaga-din-sebes\/\" \/>\n<meta name=\"twitter:card\" content=\"summary_large_image\" \/>\n<meta name=\"twitter:title\" content=\"22 decembrie, ora 14:00 Teatru pentru Copii &quot;Taina Cr\u0103ciunului&quot;, pe scena Casei de Cultur\u0103 &quot;Lucian Blaga&quot; din Sebe\u0219 - Revista Urbea Mea - Revista de Alba\" \/>\n<meta name=\"twitter:description\" content=\"Duminic\u0103, 22 decembrie, cu \u00eencepere de la ora 14.00, la Casa de Cultur\u0103 &quot;Lucian Blaga&quot; din Sebe\u0219, va avea loc piesa de teatru pentru copii &quot;Taina\" \/>\n<meta name=\"twitter:image\" content=\"https:\/\/urbeamea.ro\/albaiulia\/wp-content\/uploads\/2024\/12\/1000022033.jpg\" \/>\n<meta name=\"twitter:creator\" content=\"@urbeameaweb\" \/>\n<meta name=\"twitter:site\" content=\"@urbeameaweb\" \/>\n<script type=\"application\/ld+json\" class=\"yoast-schema-graph\">{\"@context\":\"https:\\\/\\\/schema.org\",\"@graph\":[{\"@type\":\"Article\",\"@id\":\"https:\\\/\\\/urbeamea.ro\\\/albaiulia\\\/22-decembrie-ora-1400-teatru-pentru-copii-taina-craciunului-pe-scena-casei-de-cultura-lucian-blaga-din-sebes\\\/#article\",\"isPartOf\":{\"@id\":\"https:\\\/\\\/urbeamea.ro\\\/albaiulia\\\/22-decembrie-ora-1400-teatru-pentru-copii-taina-craciunului-pe-scena-casei-de-cultura-lucian-blaga-din-sebes\\\/\"},\"author\":{\"name\":\"Giurca Sorin\",\"@id\":\"https:\\\/\\\/urbeamea.ro\\\/albaiulia\\\/#\\\/schema\\\/person\\\/5db3854ac38c1cc9f0ab4092d6a20f02\"},\"headline\":\"22 decembrie, ora 14:00 Teatru pentru Copii &#8222;Taina Cr\u0103ciunului&#8221;, pe scena Casei de Cultur\u0103 &#8222;Lucian Blaga&#8221; din Sebe\u0219\",\"datePublished\":\"2024-12-16T17:47:25+00:00\",\"dateModified\":\"2024-12-16T17:47:26+00:00\",\"mainEntityOfPage\":{\"@id\":\"https:\\\/\\\/urbeamea.ro\\\/albaiulia\\\/22-decembrie-ora-1400-teatru-pentru-copii-taina-craciunului-pe-scena-casei-de-cultura-lucian-blaga-din-sebes\\\/\"},\"wordCount\":150,\"commentCount\":0,\"image\":{\"@id\":\"https:\\\/\\\/urbeamea.ro\\\/albaiulia\\\/22-decembrie-ora-1400-teatru-pentru-copii-taina-craciunului-pe-scena-casei-de-cultura-lucian-blaga-din-sebes\\\/#primaryimage\"},\"thumbnailUrl\":\"https:\\\/\\\/urbeamea.ro\\\/albaiulia\\\/wp-content\\\/uploads\\\/2024\\\/12\\\/1000022033.jpg\",\"keywords\":[\"sebes\",\"Taina Cr\u0103ciunului\"],\"articleSection\":[\"Cultur\u0103\",\"Evenimente\",\"Social\",\"\u015etiri Urbane\",\"Urbea Mea\"],\"inLanguage\":\"ro-RO\",\"potentialAction\":[{\"@type\":\"CommentAction\",\"name\":\"Comment\",\"target\":[\"https:\\\/\\\/urbeamea.ro\\\/albaiulia\\\/22-decembrie-ora-1400-teatru-pentru-copii-taina-craciunului-pe-scena-casei-de-cultura-lucian-blaga-din-sebes\\\/#respond\"]}]},{\"@type\":\"WebPage\",\"@id\":\"https:\\\/\\\/urbeamea.ro\\\/albaiulia\\\/22-decembrie-ora-1400-teatru-pentru-copii-taina-craciunului-pe-scena-casei-de-cultura-lucian-blaga-din-sebes\\\/\",\"url\":\"https:\\\/\\\/urbeamea.ro\\\/albaiulia\\\/22-decembrie-ora-1400-teatru-pentru-copii-taina-craciunului-pe-scena-casei-de-cultura-lucian-blaga-din-sebes\\\/\",\"name\":\"22 decembrie, ora 14:00 Teatru pentru Copii \\\"Taina Cr\u0103ciunului\\\", pe scena Casei de Cultur\u0103 \\\"Lucian Blaga\\\" din Sebe\u0219 - Revista Urbea Mea - Revista de Alba\",\"isPartOf\":{\"@id\":\"https:\\\/\\\/urbeamea.ro\\\/albaiulia\\\/#website\"},\"primaryImageOfPage\":{\"@id\":\"https:\\\/\\\/urbeamea.ro\\\/albaiulia\\\/22-decembrie-ora-1400-teatru-pentru-copii-taina-craciunului-pe-scena-casei-de-cultura-lucian-blaga-din-sebes\\\/#primaryimage\"},\"image\":{\"@id\":\"https:\\\/\\\/urbeamea.ro\\\/albaiulia\\\/22-decembrie-ora-1400-teatru-pentru-copii-taina-craciunului-pe-scena-casei-de-cultura-lucian-blaga-din-sebes\\\/#primaryimage\"},\"thumbnailUrl\":\"https:\\\/\\\/urbeamea.ro\\\/albaiulia\\\/wp-content\\\/uploads\\\/2024\\\/12\\\/1000022033.jpg\",\"datePublished\":\"2024-12-16T17:47:25+00:00\",\"dateModified\":\"2024-12-16T17:47:26+00:00\",\"author\":{\"@id\":\"https:\\\/\\\/urbeamea.ro\\\/albaiulia\\\/#\\\/schema\\\/person\\\/5db3854ac38c1cc9f0ab4092d6a20f02\"},\"description\":\"Duminic\u0103, 22 decembrie, cu \u00eencepere de la ora 14.00, la Casa de Cultur\u0103 \\\"Lucian Blaga\\\" din Sebe\u0219, va avea loc piesa de teatru pentru copii \\\"Taina\",\"breadcrumb\":{\"@id\":\"https:\\\/\\\/urbeamea.ro\\\/albaiulia\\\/22-decembrie-ora-1400-teatru-pentru-copii-taina-craciunului-pe-scena-casei-de-cultura-lucian-blaga-din-sebes\\\/#breadcrumb\"},\"inLanguage\":\"ro-RO\",\"potentialAction\":[{\"@type\":\"ReadAction\",\"target\":[\"https:\\\/\\\/urbeamea.ro\\\/albaiulia\\\/22-decembrie-ora-1400-teatru-pentru-copii-taina-craciunului-pe-scena-casei-de-cultura-lucian-blaga-din-sebes\\\/\"]}]},{\"@type\":\"ImageObject\",\"inLanguage\":\"ro-RO\",\"@id\":\"https:\\\/\\\/urbeamea.ro\\\/albaiulia\\\/22-decembrie-ora-1400-teatru-pentru-copii-taina-craciunului-pe-scena-casei-de-cultura-lucian-blaga-din-sebes\\\/#primaryimage\",\"url\":\"https:\\\/\\\/urbeamea.ro\\\/albaiulia\\\/wp-content\\\/uploads\\\/2024\\\/12\\\/1000022033.jpg\",\"contentUrl\":\"https:\\\/\\\/urbeamea.ro\\\/albaiulia\\\/wp-content\\\/uploads\\\/2024\\\/12\\\/1000022033.jpg\",\"width\":1080,\"height\":1526},{\"@type\":\"BreadcrumbList\",\"@id\":\"https:\\\/\\\/urbeamea.ro\\\/albaiulia\\\/22-decembrie-ora-1400-teatru-pentru-copii-taina-craciunului-pe-scena-casei-de-cultura-lucian-blaga-din-sebes\\\/#breadcrumb\",\"itemListElement\":[{\"@type\":\"ListItem\",\"position\":1,\"name\":\"Prima pagin\u0103\",\"item\":\"https:\\\/\\\/urbeamea.ro\\\/albaiulia\\\/\"},{\"@type\":\"ListItem\",\"position\":2,\"name\":\"22 decembrie, ora 14:00 Teatru pentru Copii &#8222;Taina Cr\u0103ciunului&#8221;, pe scena Casei de Cultur\u0103 &#8222;Lucian Blaga&#8221; din Sebe\u0219\"}]},{\"@type\":\"WebSite\",\"@id\":\"https:\\\/\\\/urbeamea.ro\\\/albaiulia\\\/#website\",\"url\":\"https:\\\/\\\/urbeamea.ro\\\/albaiulia\\\/\",\"name\":\"Revista Urbea Mea, Stiri urbane\",\"description\":\"Evenimente \u0219i \u0219tiri din Alba Iulia, Sebe\u0219, Aiud, Blaj\",\"potentialAction\":[{\"@type\":\"SearchAction\",\"target\":{\"@type\":\"EntryPoint\",\"urlTemplate\":\"https:\\\/\\\/urbeamea.ro\\\/albaiulia\\\/?s={search_term_string}\"},\"query-input\":{\"@type\":\"PropertyValueSpecification\",\"valueRequired\":true,\"valueName\":\"search_term_string\"}}],\"inLanguage\":\"ro-RO\"},{\"@type\":\"Person\",\"@id\":\"https:\\\/\\\/urbeamea.ro\\\/albaiulia\\\/#\\\/schema\\\/person\\\/5db3854ac38c1cc9f0ab4092d6a20f02\",\"name\":\"Giurca Sorin\",\"image\":{\"@type\":\"ImageObject\",\"inLanguage\":\"ro-RO\",\"@id\":\"https:\\\/\\\/secure.gravatar.com\\\/avatar\\\/120f6fcae7b3b47a7730cb9943f612f4909f68ac5284b5f40ac1c4615fd70576?s=96&d=mm&r=g\",\"url\":\"https:\\\/\\\/secure.gravatar.com\\\/avatar\\\/120f6fcae7b3b47a7730cb9943f612f4909f68ac5284b5f40ac1c4615fd70576?s=96&d=mm&r=g\",\"contentUrl\":\"https:\\\/\\\/secure.gravatar.com\\\/avatar\\\/120f6fcae7b3b47a7730cb9943f612f4909f68ac5284b5f40ac1c4615fd70576?s=96&d=mm&r=g\",\"caption\":\"Giurca Sorin\"},\"url\":\"https:\\\/\\\/urbeamea.ro\\\/albaiulia\\\/author\\\/sorin\\\/\"}]}<\/script>\n<!-- \/ Yoast SEO plugin. -->","yoast_head_json":{"title":"22 decembrie, ora 14:00 Teatru pentru Copii \"Taina Cr\u0103ciunului\", pe scena Casei de Cultur\u0103 \"Lucian Blaga\" din Sebe\u0219 - Revista Urbea Mea - Revista de Alba","description":"Duminic\u0103, 22 decembrie, cu \u00eencepere de la ora 14.00, la Casa de Cultur\u0103 \"Lucian Blaga\" din Sebe\u0219, va avea loc piesa de teatru pentru copii \"Taina","robots":{"index":"index","follow":"follow","max-snippet":"max-snippet:-1","max-image-preview":"max-image-preview:large","max-video-preview":"max-video-preview:-1"},"canonical":"https:\/\/urbeamea.ro\/albaiulia\/22-decembrie-ora-1400-teatru-pentru-copii-taina-craciunului-pe-scena-casei-de-cultura-lucian-blaga-din-sebes\/","twitter_card":"summary_large_image","twitter_title":"22 decembrie, ora 14:00 Teatru pentru Copii \"Taina Cr\u0103ciunului\", pe scena Casei de Cultur\u0103 \"Lucian Blaga\" din Sebe\u0219 - Revista Urbea Mea - Revista de Alba","twitter_description":"Duminic\u0103, 22 decembrie, cu \u00eencepere de la ora 14.00, la Casa de Cultur\u0103 \"Lucian Blaga\" din Sebe\u0219, va avea loc piesa de teatru pentru copii \"Taina","twitter_image":"https:\/\/urbeamea.ro\/albaiulia\/wp-content\/uploads\/2024\/12\/1000022033.jpg","twitter_creator":"@urbeameaweb","twitter_site":"@urbeameaweb","schema":{"@context":"https:\/\/schema.org","@graph":[{"@type":"Article","@id":"https:\/\/urbeamea.ro\/albaiulia\/22-decembrie-ora-1400-teatru-pentru-copii-taina-craciunului-pe-scena-casei-de-cultura-lucian-blaga-din-sebes\/#article","isPartOf":{"@id":"https:\/\/urbeamea.ro\/albaiulia\/22-decembrie-ora-1400-teatru-pentru-copii-taina-craciunului-pe-scena-casei-de-cultura-lucian-blaga-din-sebes\/"},"author":{"name":"Giurca Sorin","@id":"https:\/\/urbeamea.ro\/albaiulia\/#\/schema\/person\/5db3854ac38c1cc9f0ab4092d6a20f02"},"headline":"22 decembrie, ora 14:00 Teatru pentru Copii &#8222;Taina Cr\u0103ciunului&#8221;, pe scena Casei de Cultur\u0103 &#8222;Lucian Blaga&#8221; din Sebe\u0219","datePublished":"2024-12-16T17:47:25+00:00","dateModified":"2024-12-16T17:47:26+00:00","mainEntityOfPage":{"@id":"https:\/\/urbeamea.ro\/albaiulia\/22-decembrie-ora-1400-teatru-pentru-copii-taina-craciunului-pe-scena-casei-de-cultura-lucian-blaga-din-sebes\/"},"wordCount":150,"commentCount":0,"image":{"@id":"https:\/\/urbeamea.ro\/albaiulia\/22-decembrie-ora-1400-teatru-pentru-copii-taina-craciunului-pe-scena-casei-de-cultura-lucian-blaga-din-sebes\/#primaryimage"},"thumbnailUrl":"https:\/\/urbeamea.ro\/albaiulia\/wp-content\/uploads\/2024\/12\/1000022033.jpg","keywords":["sebes","Taina Cr\u0103ciunului"],"articleSection":["Cultur\u0103","Evenimente","Social","\u015etiri Urbane","Urbea Mea"],"inLanguage":"ro-RO","potentialAction":[{"@type":"CommentAction","name":"Comment","target":["https:\/\/urbeamea.ro\/albaiulia\/22-decembrie-ora-1400-teatru-pentru-copii-taina-craciunului-pe-scena-casei-de-cultura-lucian-blaga-din-sebes\/#respond"]}]},{"@type":"WebPage","@id":"https:\/\/urbeamea.ro\/albaiulia\/22-decembrie-ora-1400-teatru-pentru-copii-taina-craciunului-pe-scena-casei-de-cultura-lucian-blaga-din-sebes\/","url":"https:\/\/urbeamea.ro\/albaiulia\/22-decembrie-ora-1400-teatru-pentru-copii-taina-craciunului-pe-scena-casei-de-cultura-lucian-blaga-din-sebes\/","name":"22 decembrie, ora 14:00 Teatru pentru Copii \"Taina Cr\u0103ciunului\", pe scena Casei de Cultur\u0103 \"Lucian Blaga\" din Sebe\u0219 - Revista Urbea Mea - Revista de Alba","isPartOf":{"@id":"https:\/\/urbeamea.ro\/albaiulia\/#website"},"primaryImageOfPage":{"@id":"https:\/\/urbeamea.ro\/albaiulia\/22-decembrie-ora-1400-teatru-pentru-copii-taina-craciunului-pe-scena-casei-de-cultura-lucian-blaga-din-sebes\/#primaryimage"},"image":{"@id":"https:\/\/urbeamea.ro\/albaiulia\/22-decembrie-ora-1400-teatru-pentru-copii-taina-craciunului-pe-scena-casei-de-cultura-lucian-blaga-din-sebes\/#primaryimage"},"thumbnailUrl":"https:\/\/urbeamea.ro\/albaiulia\/wp-content\/uploads\/2024\/12\/1000022033.jpg","datePublished":"2024-12-16T17:47:25+00:00","dateModified":"2024-12-16T17:47:26+00:00","author":{"@id":"https:\/\/urbeamea.ro\/albaiulia\/#\/schema\/person\/5db3854ac38c1cc9f0ab4092d6a20f02"},"description":"Duminic\u0103, 22 decembrie, cu \u00eencepere de la ora 14.00, la Casa de Cultur\u0103 \"Lucian Blaga\" din Sebe\u0219, va avea loc piesa de teatru pentru copii \"Taina","breadcrumb":{"@id":"https:\/\/urbeamea.ro\/albaiulia\/22-decembrie-ora-1400-teatru-pentru-copii-taina-craciunului-pe-scena-casei-de-cultura-lucian-blaga-din-sebes\/#breadcrumb"},"inLanguage":"ro-RO","potentialAction":[{"@type":"ReadAction","target":["https:\/\/urbeamea.ro\/albaiulia\/22-decembrie-ora-1400-teatru-pentru-copii-taina-craciunului-pe-scena-casei-de-cultura-lucian-blaga-din-sebes\/"]}]},{"@type":"ImageObject","inLanguage":"ro-RO","@id":"https:\/\/urbeamea.ro\/albaiulia\/22-decembrie-ora-1400-teatru-pentru-copii-taina-craciunului-pe-scena-casei-de-cultura-lucian-blaga-din-sebes\/#primaryimage","url":"https:\/\/urbeamea.ro\/albaiulia\/wp-content\/uploads\/2024\/12\/1000022033.jpg","contentUrl":"https:\/\/urbeamea.ro\/albaiulia\/wp-content\/uploads\/2024\/12\/1000022033.jpg","width":1080,"height":1526},{"@type":"BreadcrumbList","@id":"https:\/\/urbeamea.ro\/albaiulia\/22-decembrie-ora-1400-teatru-pentru-copii-taina-craciunului-pe-scena-casei-de-cultura-lucian-blaga-din-sebes\/#breadcrumb","itemListElement":[{"@type":"ListItem","position":1,"name":"Prima pagin\u0103","item":"https:\/\/urbeamea.ro\/albaiulia\/"},{"@type":"ListItem","position":2,"name":"22 decembrie, ora 14:00 Teatru pentru Copii &#8222;Taina Cr\u0103ciunului&#8221;, pe scena Casei de Cultur\u0103 &#8222;Lucian Blaga&#8221; din Sebe\u0219"}]},{"@type":"WebSite","@id":"https:\/\/urbeamea.ro\/albaiulia\/#website","url":"https:\/\/urbeamea.ro\/albaiulia\/","name":"Revista Urbea Mea, Stiri urbane","description":"Evenimente \u0219i \u0219tiri din Alba Iulia, Sebe\u0219, Aiud, Blaj","potentialAction":[{"@type":"SearchAction","target":{"@type":"EntryPoint","urlTemplate":"https:\/\/urbeamea.ro\/albaiulia\/?s={search_term_string}"},"query-input":{"@type":"PropertyValueSpecification","valueRequired":true,"valueName":"search_term_string"}}],"inLanguage":"ro-RO"},{"@type":"Person","@id":"https:\/\/urbeamea.ro\/albaiulia\/#\/schema\/person\/5db3854ac38c1cc9f0ab4092d6a20f02","name":"Giurca Sorin","image":{"@type":"ImageObject","inLanguage":"ro-RO","@id":"https:\/\/secure.gravatar.com\/avatar\/120f6fcae7b3b47a7730cb9943f612f4909f68ac5284b5f40ac1c4615fd70576?s=96&d=mm&r=g","url":"https:\/\/secure.gravatar.com\/avatar\/120f6fcae7b3b47a7730cb9943f612f4909f68ac5284b5f40ac1c4615fd70576?s=96&d=mm&r=g","contentUrl":"https:\/\/secure.gravatar.com\/avatar\/120f6fcae7b3b47a7730cb9943f612f4909f68ac5284b5f40ac1c4615fd70576?s=96&d=mm&r=g","caption":"Giurca Sorin"},"url":"https:\/\/urbeamea.ro\/albaiulia\/author\/sorin\/"}]}},"_links":{"self":[{"href":"https:\/\/urbeamea.ro\/albaiulia\/wp-json\/wp\/v2\/posts\/115576","targetHints":{"allow":["GET"]}}],"collection":[{"href":"https:\/\/urbeamea.ro\/albaiulia\/wp-json\/wp\/v2\/posts"}],"about":[{"href":"https:\/\/urbeamea.ro\/albaiulia\/wp-json\/wp\/v2\/types\/post"}],"author":[{"embeddable":true,"href":"https:\/\/urbeamea.ro\/albaiulia\/wp-json\/wp\/v2\/users\/28"}],"replies":[{"embeddable":true,"href":"https:\/\/urbeamea.ro\/albaiulia\/wp-json\/wp\/v2\/comments?post=115576"}],"version-history":[{"count":1,"href":"https:\/\/urbeamea.ro\/albaiulia\/wp-json\/wp\/v2\/posts\/115576\/revisions"}],"predecessor-version":[{"id":115578,"href":"https:\/\/urbeamea.ro\/albaiulia\/wp-json\/wp\/v2\/posts\/115576\/revisions\/115578"}],"wp:featuredmedia":[{"embeddable":true,"href":"https:\/\/urbeamea.ro\/albaiulia\/wp-json\/wp\/v2\/media\/115577"}],"wp:attachment":[{"href":"https:\/\/urbeamea.ro\/albaiulia\/wp-json\/wp\/v2\/media?parent=115576"}],"wp:term":[{"taxonomy":"category","embeddable":true,"href":"https:\/\/urbeamea.ro\/albaiulia\/wp-json\/wp\/v2\/categories?post=115576"},{"taxonomy":"post_tag","embeddable":true,"href":"https:\/\/urbeamea.ro\/albaiulia\/wp-json\/wp\/v2\/tags?post=115576"}],"curies":[{"name":"wp","href":"https:\/\/api.w.org\/{rel}","templated":true}]}}