{"id":115664,"date":"2024-12-19T15:41:28","date_gmt":"2024-12-19T13:41:28","guid":{"rendered":"https:\/\/urbeamea.ro\/albaiulia\/?p=115664"},"modified":"2024-12-19T15:41:30","modified_gmt":"2024-12-19T13:41:30","slug":"proiectul-daruind-vei-dobandi-o-initiativa-a-consiliului-scolar-al-elevilor-seminarului-teologic-ortodox-sfantul-simion-stefan-alba-iulia","status":"publish","type":"post","link":"https:\/\/urbeamea.ro\/albaiulia\/proiectul-daruind-vei-dobandi-o-initiativa-a-consiliului-scolar-al-elevilor-seminarului-teologic-ortodox-sfantul-simion-stefan-alba-iulia\/","title":{"rendered":"Proiectul &#8222;D\u0103ruind, vei dob\u00e2ndi&#8221;, o ini\u021biativ\u0103 a Consiliului \u0218colar al Elevilor Seminarului Teologic Ortodox &#8222;Sf\u00e2ntul Simion \u0218tefan&#8221; Alba Iulia"},"content":{"rendered":"\n<p><strong>Luni, 16 decembrie a.c., un grup de 8 elevi ai Consiliului Elevilor Seminarului Teologic Ortodox \u201eSf\u00e2ntul Simion \u0218tefan\u201d din Alba Iulia, \u00eenso\u021bit de c\u0103tre p\u0103rintele duhovnic Silviu Florea, de prof. Gheorghe Popa \u0219i profesor Andrei Petru\u021ba, a efectuat o vizit\u0103 \u00een localitatea Tonciu, jude\u021bul Mure\u0219, cu scopul de a oferi 88 de pachete de Cr\u0103ciun, realizate \u00een cadrul proiectului \u201eD\u0103ruind, vei dob\u00e2ndi\u201d.<\/strong><\/p>\n\n\n\n<p>Grupul din cetatea Marii Uniri a fost a\u0219teptat de o biseric\u0103 plin\u0103 de copii \u0219i p\u0103rin\u021bi. \u00cen continuare, p\u0103rintele duhovnic Silviu Florea \u0219i p\u0103rintele paroh Marius Ionu\u021b Boar au adresat un cuv\u00e2nt de mul\u021bumire tuturor celor implica\u021bi \u00een proiect, urm\u00e2nd ca Mo\u0219 Cr\u0103ciun s\u0103 \u00eempart\u0103 copiilor cadouri const\u00e2nd \u00een haine, rechizite, dulciuri \u0219i juc\u0103rii.<\/p>\n\n\n\n<p>Pe aceast\u0103 cale, mul\u021bumim sponsorilor f\u0103r\u0103 de care nu s-ar fi putut realiza acest proiect filantropic. <\/p>\n\n\n\n<p>De asemenea, mul\u021bumim elevilor care au participat la aceast\u0103 activitate: Darius Moldovan (clasa a X-a A); Siluana Botezan (clasa a X-a BC); Alexandra Du\u0219a, Bianca Florea (clasa a XI-a BC); Darius Luca, Ilie Suciu, Alexandru Todor (clasa a XII-a A) \u0219i Ecaterina L\u0103p\u0103dat (clasa a XII-a C).<\/p>\n\n\n\n<figure class=\"wp-block-gallery has-nested-images columns-default is-cropped wp-block-gallery-1 is-layout-flex wp-block-gallery-is-layout-flex\">\n<figure class=\"wp-block-image size-large\"><img loading=\"lazy\" decoding=\"async\" width=\"1080\" height=\"810\" data-id=\"115665\" src=\"https:\/\/urbeamea.ro\/albaiulia\/wp-content\/uploads\/2024\/12\/1000022141.jpg\" alt=\"\" class=\"wp-image-115665\" srcset=\"https:\/\/urbeamea.ro\/albaiulia\/wp-content\/uploads\/2024\/12\/1000022141.jpg 1080w, https:\/\/urbeamea.ro\/albaiulia\/wp-content\/uploads\/2024\/12\/1000022141-640x480.jpg 640w, https:\/\/urbeamea.ro\/albaiulia\/wp-content\/uploads\/2024\/12\/1000022141-150x113.jpg 150w, https:\/\/urbeamea.ro\/albaiulia\/wp-content\/uploads\/2024\/12\/1000022141-768x576.jpg 768w\" sizes=\"auto, (max-width: 1080px) 100vw, 1080px\" \/><\/figure>\n\n\n\n<figure class=\"wp-block-image size-large\"><img loading=\"lazy\" decoding=\"async\" width=\"1080\" height=\"702\" data-id=\"115666\" src=\"https:\/\/urbeamea.ro\/albaiulia\/wp-content\/uploads\/2024\/12\/1000022140.jpg\" alt=\"\" class=\"wp-image-115666\" srcset=\"https:\/\/urbeamea.ro\/albaiulia\/wp-content\/uploads\/2024\/12\/1000022140.jpg 1080w, https:\/\/urbeamea.ro\/albaiulia\/wp-content\/uploads\/2024\/12\/1000022140-640x416.jpg 640w, https:\/\/urbeamea.ro\/albaiulia\/wp-content\/uploads\/2024\/12\/1000022140-150x98.jpg 150w, https:\/\/urbeamea.ro\/albaiulia\/wp-content\/uploads\/2024\/12\/1000022140-768x499.jpg 768w\" sizes=\"auto, (max-width: 1080px) 100vw, 1080px\" \/><\/figure>\n\n\n\n<figure class=\"wp-block-image size-large\"><img loading=\"lazy\" decoding=\"async\" width=\"1080\" height=\"810\" data-id=\"115667\" src=\"https:\/\/urbeamea.ro\/albaiulia\/wp-content\/uploads\/2024\/12\/1000022142.jpg\" alt=\"\" class=\"wp-image-115667\" srcset=\"https:\/\/urbeamea.ro\/albaiulia\/wp-content\/uploads\/2024\/12\/1000022142.jpg 1080w, https:\/\/urbeamea.ro\/albaiulia\/wp-content\/uploads\/2024\/12\/1000022142-640x480.jpg 640w, https:\/\/urbeamea.ro\/albaiulia\/wp-content\/uploads\/2024\/12\/1000022142-150x113.jpg 150w, https:\/\/urbeamea.ro\/albaiulia\/wp-content\/uploads\/2024\/12\/1000022142-768x576.jpg 768w\" sizes=\"auto, (max-width: 1080px) 100vw, 1080px\" \/><\/figure>\n\n\n\n<figure class=\"wp-block-image size-large\"><img loading=\"lazy\" decoding=\"async\" width=\"960\" height=\"1280\" data-id=\"115668\" src=\"https:\/\/urbeamea.ro\/albaiulia\/wp-content\/uploads\/2024\/12\/1000022143-960x1280.jpg\" alt=\"\" class=\"wp-image-115668\" srcset=\"https:\/\/urbeamea.ro\/albaiulia\/wp-content\/uploads\/2024\/12\/1000022143-960x1280.jpg 960w, https:\/\/urbeamea.ro\/albaiulia\/wp-content\/uploads\/2024\/12\/1000022143-480x640.jpg 480w, https:\/\/urbeamea.ro\/albaiulia\/wp-content\/uploads\/2024\/12\/1000022143-113x150.jpg 113w, https:\/\/urbeamea.ro\/albaiulia\/wp-content\/uploads\/2024\/12\/1000022143-768x1024.jpg 768w, https:\/\/urbeamea.ro\/albaiulia\/wp-content\/uploads\/2024\/12\/1000022143.jpg 1080w\" sizes=\"auto, (max-width: 960px) 100vw, 960px\" \/><\/figure>\n\n\n\n<figure class=\"wp-block-image size-large\"><img loading=\"lazy\" decoding=\"async\" width=\"1080\" height=\"810\" data-id=\"115669\" src=\"https:\/\/urbeamea.ro\/albaiulia\/wp-content\/uploads\/2024\/12\/1000022144.jpg\" alt=\"\" class=\"wp-image-115669\" srcset=\"https:\/\/urbeamea.ro\/albaiulia\/wp-content\/uploads\/2024\/12\/1000022144.jpg 1080w, https:\/\/urbeamea.ro\/albaiulia\/wp-content\/uploads\/2024\/12\/1000022144-640x480.jpg 640w, https:\/\/urbeamea.ro\/albaiulia\/wp-content\/uploads\/2024\/12\/1000022144-150x113.jpg 150w, https:\/\/urbeamea.ro\/albaiulia\/wp-content\/uploads\/2024\/12\/1000022144-768x576.jpg 768w\" sizes=\"auto, (max-width: 1080px) 100vw, 1080px\" \/><\/figure>\n<\/figure>\n\n\n\n<p><\/p>\n\n\n\n<p><\/p>\n\n\n\n<p><\/p>\n","protected":false},"excerpt":{"rendered":"<p>Luni, 16 decembrie a.c., un grup de 8 elevi ai Consiliului Elevilor Seminarului Teologic Ortodox \u201eSf\u00e2ntul Simion \u0218tefan\u201d din Alba Iulia, \u00eenso\u021bit de c\u0103tre p\u0103rintele duhovnic Silviu Florea, de prof. Gheorghe Popa \u0219i profesor Andrei Petru\u021ba, a efectuat o vizit\u0103 \u00een localitatea Tonciu, jude\u021bul Mure\u0219, cu scopul de a oferi 88 de pachete de Cr\u0103ciun, &hellip;<\/p>\n","protected":false},"author":28,"featured_media":115666,"comment_status":"open","ping_status":"open","sticky":false,"template":"","format":"standard","meta":{"inline_featured_image":false,"footnotes":""},"categories":[4,2034],"tags":[4697],"class_list":["post-115664","post","type-post","status-publish","format-standard","has-post-thumbnail","hentry","category-eveniment","category-social","tag-seminarul-teologic-ortodox-sfantul-simion-stefan"],"yoast_head":"<!-- This site is optimized with the Yoast SEO plugin v27.4 - https:\/\/yoast.com\/product\/yoast-seo-wordpress\/ -->\n<title>Proiectul &quot;D\u0103ruind, vei dob\u00e2ndi&quot;, o ini\u021biativ\u0103 a Consiliului \u0218colar al Elevilor Seminarului Teologic Ortodox &quot;Sf\u00e2ntul Simion \u0218tefan&quot; Alba Iulia - Revista Urbea Mea - Revista de Alba<\/title>\n<meta name=\"description\" content=\"Luni, 16 decembrie a.c., un grup de 8 elevi ai Consiliului Elevilor Seminarului Teologic Ortodox \u201eSf\u00e2ntul Simion \u0218tefan\u201d din Alba Iulia, \u00eenso\u021bit de c\u0103tre\" \/>\n<meta name=\"robots\" content=\"index, follow, max-snippet:-1, max-image-preview:large, max-video-preview:-1\" \/>\n<link rel=\"canonical\" href=\"https:\/\/urbeamea.ro\/albaiulia\/proiectul-daruind-vei-dobandi-o-initiativa-a-consiliului-scolar-al-elevilor-seminarului-teologic-ortodox-sfantul-simion-stefan-alba-iulia\/\" \/>\n<meta name=\"twitter:card\" content=\"summary_large_image\" \/>\n<meta name=\"twitter:title\" content=\"Proiectul &quot;D\u0103ruind, vei dob\u00e2ndi&quot;, o ini\u021biativ\u0103 a Consiliului \u0218colar al Elevilor Seminarului Teologic Ortodox &quot;Sf\u00e2ntul Simion \u0218tefan&quot; Alba Iulia - Revista Urbea Mea - Revista de Alba\" \/>\n<meta name=\"twitter:description\" content=\"Luni, 16 decembrie a.c., un grup de 8 elevi ai Consiliului Elevilor Seminarului Teologic Ortodox \u201eSf\u00e2ntul Simion \u0218tefan\u201d din Alba Iulia, \u00eenso\u021bit de c\u0103tre\" \/>\n<meta name=\"twitter:image\" content=\"https:\/\/urbeamea.ro\/albaiulia\/wp-content\/uploads\/2024\/12\/1000022140.jpg\" \/>\n<meta name=\"twitter:creator\" content=\"@urbeameaweb\" \/>\n<meta name=\"twitter:site\" content=\"@urbeameaweb\" \/>\n<script type=\"application\/ld+json\" class=\"yoast-schema-graph\">{\"@context\":\"https:\\\/\\\/schema.org\",\"@graph\":[{\"@type\":\"Article\",\"@id\":\"https:\\\/\\\/urbeamea.ro\\\/albaiulia\\\/proiectul-daruind-vei-dobandi-o-initiativa-a-consiliului-scolar-al-elevilor-seminarului-teologic-ortodox-sfantul-simion-stefan-alba-iulia\\\/#article\",\"isPartOf\":{\"@id\":\"https:\\\/\\\/urbeamea.ro\\\/albaiulia\\\/proiectul-daruind-vei-dobandi-o-initiativa-a-consiliului-scolar-al-elevilor-seminarului-teologic-ortodox-sfantul-simion-stefan-alba-iulia\\\/\"},\"author\":{\"name\":\"Giurca Sorin\",\"@id\":\"https:\\\/\\\/urbeamea.ro\\\/albaiulia\\\/#\\\/schema\\\/person\\\/5db3854ac38c1cc9f0ab4092d6a20f02\"},\"headline\":\"Proiectul &#8222;D\u0103ruind, vei dob\u00e2ndi&#8221;, o ini\u021biativ\u0103 a Consiliului \u0218colar al Elevilor Seminarului Teologic Ortodox &#8222;Sf\u00e2ntul Simion \u0218tefan&#8221; Alba Iulia\",\"datePublished\":\"2024-12-19T13:41:28+00:00\",\"dateModified\":\"2024-12-19T13:41:30+00:00\",\"mainEntityOfPage\":{\"@id\":\"https:\\\/\\\/urbeamea.ro\\\/albaiulia\\\/proiectul-daruind-vei-dobandi-o-initiativa-a-consiliului-scolar-al-elevilor-seminarului-teologic-ortodox-sfantul-simion-stefan-alba-iulia\\\/\"},\"wordCount\":227,\"commentCount\":0,\"image\":{\"@id\":\"https:\\\/\\\/urbeamea.ro\\\/albaiulia\\\/proiectul-daruind-vei-dobandi-o-initiativa-a-consiliului-scolar-al-elevilor-seminarului-teologic-ortodox-sfantul-simion-stefan-alba-iulia\\\/#primaryimage\"},\"thumbnailUrl\":\"https:\\\/\\\/urbeamea.ro\\\/albaiulia\\\/wp-content\\\/uploads\\\/2024\\\/12\\\/1000022140.jpg\",\"keywords\":[\"Seminarul Teologic Ortodox \u201cSf\u00e2ntul Simion \u0218tefan\u201d\"],\"articleSection\":[\"Evenimente\",\"Social\"],\"inLanguage\":\"ro-RO\",\"potentialAction\":[{\"@type\":\"CommentAction\",\"name\":\"Comment\",\"target\":[\"https:\\\/\\\/urbeamea.ro\\\/albaiulia\\\/proiectul-daruind-vei-dobandi-o-initiativa-a-consiliului-scolar-al-elevilor-seminarului-teologic-ortodox-sfantul-simion-stefan-alba-iulia\\\/#respond\"]}]},{\"@type\":\"WebPage\",\"@id\":\"https:\\\/\\\/urbeamea.ro\\\/albaiulia\\\/proiectul-daruind-vei-dobandi-o-initiativa-a-consiliului-scolar-al-elevilor-seminarului-teologic-ortodox-sfantul-simion-stefan-alba-iulia\\\/\",\"url\":\"https:\\\/\\\/urbeamea.ro\\\/albaiulia\\\/proiectul-daruind-vei-dobandi-o-initiativa-a-consiliului-scolar-al-elevilor-seminarului-teologic-ortodox-sfantul-simion-stefan-alba-iulia\\\/\",\"name\":\"Proiectul \\\"D\u0103ruind, vei dob\u00e2ndi\\\", o ini\u021biativ\u0103 a Consiliului \u0218colar al Elevilor Seminarului Teologic Ortodox \\\"Sf\u00e2ntul Simion \u0218tefan\\\" Alba Iulia - Revista Urbea Mea - Revista de Alba\",\"isPartOf\":{\"@id\":\"https:\\\/\\\/urbeamea.ro\\\/albaiulia\\\/#website\"},\"primaryImageOfPage\":{\"@id\":\"https:\\\/\\\/urbeamea.ro\\\/albaiulia\\\/proiectul-daruind-vei-dobandi-o-initiativa-a-consiliului-scolar-al-elevilor-seminarului-teologic-ortodox-sfantul-simion-stefan-alba-iulia\\\/#primaryimage\"},\"image\":{\"@id\":\"https:\\\/\\\/urbeamea.ro\\\/albaiulia\\\/proiectul-daruind-vei-dobandi-o-initiativa-a-consiliului-scolar-al-elevilor-seminarului-teologic-ortodox-sfantul-simion-stefan-alba-iulia\\\/#primaryimage\"},\"thumbnailUrl\":\"https:\\\/\\\/urbeamea.ro\\\/albaiulia\\\/wp-content\\\/uploads\\\/2024\\\/12\\\/1000022140.jpg\",\"datePublished\":\"2024-12-19T13:41:28+00:00\",\"dateModified\":\"2024-12-19T13:41:30+00:00\",\"author\":{\"@id\":\"https:\\\/\\\/urbeamea.ro\\\/albaiulia\\\/#\\\/schema\\\/person\\\/5db3854ac38c1cc9f0ab4092d6a20f02\"},\"description\":\"Luni, 16 decembrie a.c., un grup de 8 elevi ai Consiliului Elevilor Seminarului Teologic Ortodox \u201eSf\u00e2ntul Simion \u0218tefan\u201d din Alba Iulia, \u00eenso\u021bit de c\u0103tre\",\"breadcrumb\":{\"@id\":\"https:\\\/\\\/urbeamea.ro\\\/albaiulia\\\/proiectul-daruind-vei-dobandi-o-initiativa-a-consiliului-scolar-al-elevilor-seminarului-teologic-ortodox-sfantul-simion-stefan-alba-iulia\\\/#breadcrumb\"},\"inLanguage\":\"ro-RO\",\"potentialAction\":[{\"@type\":\"ReadAction\",\"target\":[\"https:\\\/\\\/urbeamea.ro\\\/albaiulia\\\/proiectul-daruind-vei-dobandi-o-initiativa-a-consiliului-scolar-al-elevilor-seminarului-teologic-ortodox-sfantul-simion-stefan-alba-iulia\\\/\"]}]},{\"@type\":\"ImageObject\",\"inLanguage\":\"ro-RO\",\"@id\":\"https:\\\/\\\/urbeamea.ro\\\/albaiulia\\\/proiectul-daruind-vei-dobandi-o-initiativa-a-consiliului-scolar-al-elevilor-seminarului-teologic-ortodox-sfantul-simion-stefan-alba-iulia\\\/#primaryimage\",\"url\":\"https:\\\/\\\/urbeamea.ro\\\/albaiulia\\\/wp-content\\\/uploads\\\/2024\\\/12\\\/1000022140.jpg\",\"contentUrl\":\"https:\\\/\\\/urbeamea.ro\\\/albaiulia\\\/wp-content\\\/uploads\\\/2024\\\/12\\\/1000022140.jpg\",\"width\":1080,\"height\":702},{\"@type\":\"BreadcrumbList\",\"@id\":\"https:\\\/\\\/urbeamea.ro\\\/albaiulia\\\/proiectul-daruind-vei-dobandi-o-initiativa-a-consiliului-scolar-al-elevilor-seminarului-teologic-ortodox-sfantul-simion-stefan-alba-iulia\\\/#breadcrumb\",\"itemListElement\":[{\"@type\":\"ListItem\",\"position\":1,\"name\":\"Prima pagin\u0103\",\"item\":\"https:\\\/\\\/urbeamea.ro\\\/albaiulia\\\/\"},{\"@type\":\"ListItem\",\"position\":2,\"name\":\"Proiectul &#8222;D\u0103ruind, vei dob\u00e2ndi&#8221;, o ini\u021biativ\u0103 a Consiliului \u0218colar al Elevilor Seminarului Teologic Ortodox &#8222;Sf\u00e2ntul Simion \u0218tefan&#8221; Alba Iulia\"}]},{\"@type\":\"WebSite\",\"@id\":\"https:\\\/\\\/urbeamea.ro\\\/albaiulia\\\/#website\",\"url\":\"https:\\\/\\\/urbeamea.ro\\\/albaiulia\\\/\",\"name\":\"Revista Urbea Mea, Stiri urbane\",\"description\":\"Evenimente \u0219i \u0219tiri din Alba Iulia, Sebe\u0219, Aiud, Blaj\",\"potentialAction\":[{\"@type\":\"SearchAction\",\"target\":{\"@type\":\"EntryPoint\",\"urlTemplate\":\"https:\\\/\\\/urbeamea.ro\\\/albaiulia\\\/?s={search_term_string}\"},\"query-input\":{\"@type\":\"PropertyValueSpecification\",\"valueRequired\":true,\"valueName\":\"search_term_string\"}}],\"inLanguage\":\"ro-RO\"},{\"@type\":\"Person\",\"@id\":\"https:\\\/\\\/urbeamea.ro\\\/albaiulia\\\/#\\\/schema\\\/person\\\/5db3854ac38c1cc9f0ab4092d6a20f02\",\"name\":\"Giurca Sorin\",\"image\":{\"@type\":\"ImageObject\",\"inLanguage\":\"ro-RO\",\"@id\":\"https:\\\/\\\/secure.gravatar.com\\\/avatar\\\/120f6fcae7b3b47a7730cb9943f612f4909f68ac5284b5f40ac1c4615fd70576?s=96&d=mm&r=g\",\"url\":\"https:\\\/\\\/secure.gravatar.com\\\/avatar\\\/120f6fcae7b3b47a7730cb9943f612f4909f68ac5284b5f40ac1c4615fd70576?s=96&d=mm&r=g\",\"contentUrl\":\"https:\\\/\\\/secure.gravatar.com\\\/avatar\\\/120f6fcae7b3b47a7730cb9943f612f4909f68ac5284b5f40ac1c4615fd70576?s=96&d=mm&r=g\",\"caption\":\"Giurca Sorin\"},\"url\":\"https:\\\/\\\/urbeamea.ro\\\/albaiulia\\\/author\\\/sorin\\\/\"}]}<\/script>\n<!-- \/ Yoast SEO plugin. -->","yoast_head_json":{"title":"Proiectul \"D\u0103ruind, vei dob\u00e2ndi\", o ini\u021biativ\u0103 a Consiliului \u0218colar al Elevilor Seminarului Teologic Ortodox \"Sf\u00e2ntul Simion \u0218tefan\" Alba Iulia - Revista Urbea Mea - Revista de Alba","description":"Luni, 16 decembrie a.c., un grup de 8 elevi ai Consiliului Elevilor Seminarului Teologic Ortodox \u201eSf\u00e2ntul Simion \u0218tefan\u201d din Alba Iulia, \u00eenso\u021bit de c\u0103tre","robots":{"index":"index","follow":"follow","max-snippet":"max-snippet:-1","max-image-preview":"max-image-preview:large","max-video-preview":"max-video-preview:-1"},"canonical":"https:\/\/urbeamea.ro\/albaiulia\/proiectul-daruind-vei-dobandi-o-initiativa-a-consiliului-scolar-al-elevilor-seminarului-teologic-ortodox-sfantul-simion-stefan-alba-iulia\/","twitter_card":"summary_large_image","twitter_title":"Proiectul \"D\u0103ruind, vei dob\u00e2ndi\", o ini\u021biativ\u0103 a Consiliului \u0218colar al Elevilor Seminarului Teologic Ortodox \"Sf\u00e2ntul Simion \u0218tefan\" Alba Iulia - Revista Urbea Mea - Revista de Alba","twitter_description":"Luni, 16 decembrie a.c., un grup de 8 elevi ai Consiliului Elevilor Seminarului Teologic Ortodox \u201eSf\u00e2ntul Simion \u0218tefan\u201d din Alba Iulia, \u00eenso\u021bit de c\u0103tre","twitter_image":"https:\/\/urbeamea.ro\/albaiulia\/wp-content\/uploads\/2024\/12\/1000022140.jpg","twitter_creator":"@urbeameaweb","twitter_site":"@urbeameaweb","schema":{"@context":"https:\/\/schema.org","@graph":[{"@type":"Article","@id":"https:\/\/urbeamea.ro\/albaiulia\/proiectul-daruind-vei-dobandi-o-initiativa-a-consiliului-scolar-al-elevilor-seminarului-teologic-ortodox-sfantul-simion-stefan-alba-iulia\/#article","isPartOf":{"@id":"https:\/\/urbeamea.ro\/albaiulia\/proiectul-daruind-vei-dobandi-o-initiativa-a-consiliului-scolar-al-elevilor-seminarului-teologic-ortodox-sfantul-simion-stefan-alba-iulia\/"},"author":{"name":"Giurca Sorin","@id":"https:\/\/urbeamea.ro\/albaiulia\/#\/schema\/person\/5db3854ac38c1cc9f0ab4092d6a20f02"},"headline":"Proiectul &#8222;D\u0103ruind, vei dob\u00e2ndi&#8221;, o ini\u021biativ\u0103 a Consiliului \u0218colar al Elevilor Seminarului Teologic Ortodox &#8222;Sf\u00e2ntul Simion \u0218tefan&#8221; Alba Iulia","datePublished":"2024-12-19T13:41:28+00:00","dateModified":"2024-12-19T13:41:30+00:00","mainEntityOfPage":{"@id":"https:\/\/urbeamea.ro\/albaiulia\/proiectul-daruind-vei-dobandi-o-initiativa-a-consiliului-scolar-al-elevilor-seminarului-teologic-ortodox-sfantul-simion-stefan-alba-iulia\/"},"wordCount":227,"commentCount":0,"image":{"@id":"https:\/\/urbeamea.ro\/albaiulia\/proiectul-daruind-vei-dobandi-o-initiativa-a-consiliului-scolar-al-elevilor-seminarului-teologic-ortodox-sfantul-simion-stefan-alba-iulia\/#primaryimage"},"thumbnailUrl":"https:\/\/urbeamea.ro\/albaiulia\/wp-content\/uploads\/2024\/12\/1000022140.jpg","keywords":["Seminarul Teologic Ortodox \u201cSf\u00e2ntul Simion \u0218tefan\u201d"],"articleSection":["Evenimente","Social"],"inLanguage":"ro-RO","potentialAction":[{"@type":"CommentAction","name":"Comment","target":["https:\/\/urbeamea.ro\/albaiulia\/proiectul-daruind-vei-dobandi-o-initiativa-a-consiliului-scolar-al-elevilor-seminarului-teologic-ortodox-sfantul-simion-stefan-alba-iulia\/#respond"]}]},{"@type":"WebPage","@id":"https:\/\/urbeamea.ro\/albaiulia\/proiectul-daruind-vei-dobandi-o-initiativa-a-consiliului-scolar-al-elevilor-seminarului-teologic-ortodox-sfantul-simion-stefan-alba-iulia\/","url":"https:\/\/urbeamea.ro\/albaiulia\/proiectul-daruind-vei-dobandi-o-initiativa-a-consiliului-scolar-al-elevilor-seminarului-teologic-ortodox-sfantul-simion-stefan-alba-iulia\/","name":"Proiectul \"D\u0103ruind, vei dob\u00e2ndi\", o ini\u021biativ\u0103 a Consiliului \u0218colar al Elevilor Seminarului Teologic Ortodox \"Sf\u00e2ntul Simion \u0218tefan\" Alba Iulia - Revista Urbea Mea - Revista de Alba","isPartOf":{"@id":"https:\/\/urbeamea.ro\/albaiulia\/#website"},"primaryImageOfPage":{"@id":"https:\/\/urbeamea.ro\/albaiulia\/proiectul-daruind-vei-dobandi-o-initiativa-a-consiliului-scolar-al-elevilor-seminarului-teologic-ortodox-sfantul-simion-stefan-alba-iulia\/#primaryimage"},"image":{"@id":"https:\/\/urbeamea.ro\/albaiulia\/proiectul-daruind-vei-dobandi-o-initiativa-a-consiliului-scolar-al-elevilor-seminarului-teologic-ortodox-sfantul-simion-stefan-alba-iulia\/#primaryimage"},"thumbnailUrl":"https:\/\/urbeamea.ro\/albaiulia\/wp-content\/uploads\/2024\/12\/1000022140.jpg","datePublished":"2024-12-19T13:41:28+00:00","dateModified":"2024-12-19T13:41:30+00:00","author":{"@id":"https:\/\/urbeamea.ro\/albaiulia\/#\/schema\/person\/5db3854ac38c1cc9f0ab4092d6a20f02"},"description":"Luni, 16 decembrie a.c., un grup de 8 elevi ai Consiliului Elevilor Seminarului Teologic Ortodox \u201eSf\u00e2ntul Simion \u0218tefan\u201d din Alba Iulia, \u00eenso\u021bit de c\u0103tre","breadcrumb":{"@id":"https:\/\/urbeamea.ro\/albaiulia\/proiectul-daruind-vei-dobandi-o-initiativa-a-consiliului-scolar-al-elevilor-seminarului-teologic-ortodox-sfantul-simion-stefan-alba-iulia\/#breadcrumb"},"inLanguage":"ro-RO","potentialAction":[{"@type":"ReadAction","target":["https:\/\/urbeamea.ro\/albaiulia\/proiectul-daruind-vei-dobandi-o-initiativa-a-consiliului-scolar-al-elevilor-seminarului-teologic-ortodox-sfantul-simion-stefan-alba-iulia\/"]}]},{"@type":"ImageObject","inLanguage":"ro-RO","@id":"https:\/\/urbeamea.ro\/albaiulia\/proiectul-daruind-vei-dobandi-o-initiativa-a-consiliului-scolar-al-elevilor-seminarului-teologic-ortodox-sfantul-simion-stefan-alba-iulia\/#primaryimage","url":"https:\/\/urbeamea.ro\/albaiulia\/wp-content\/uploads\/2024\/12\/1000022140.jpg","contentUrl":"https:\/\/urbeamea.ro\/albaiulia\/wp-content\/uploads\/2024\/12\/1000022140.jpg","width":1080,"height":702},{"@type":"BreadcrumbList","@id":"https:\/\/urbeamea.ro\/albaiulia\/proiectul-daruind-vei-dobandi-o-initiativa-a-consiliului-scolar-al-elevilor-seminarului-teologic-ortodox-sfantul-simion-stefan-alba-iulia\/#breadcrumb","itemListElement":[{"@type":"ListItem","position":1,"name":"Prima pagin\u0103","item":"https:\/\/urbeamea.ro\/albaiulia\/"},{"@type":"ListItem","position":2,"name":"Proiectul &#8222;D\u0103ruind, vei dob\u00e2ndi&#8221;, o ini\u021biativ\u0103 a Consiliului \u0218colar al Elevilor Seminarului Teologic Ortodox &#8222;Sf\u00e2ntul Simion \u0218tefan&#8221; Alba Iulia"}]},{"@type":"WebSite","@id":"https:\/\/urbeamea.ro\/albaiulia\/#website","url":"https:\/\/urbeamea.ro\/albaiulia\/","name":"Revista Urbea Mea, Stiri urbane","description":"Evenimente \u0219i \u0219tiri din Alba Iulia, Sebe\u0219, Aiud, Blaj","potentialAction":[{"@type":"SearchAction","target":{"@type":"EntryPoint","urlTemplate":"https:\/\/urbeamea.ro\/albaiulia\/?s={search_term_string}"},"query-input":{"@type":"PropertyValueSpecification","valueRequired":true,"valueName":"search_term_string"}}],"inLanguage":"ro-RO"},{"@type":"Person","@id":"https:\/\/urbeamea.ro\/albaiulia\/#\/schema\/person\/5db3854ac38c1cc9f0ab4092d6a20f02","name":"Giurca Sorin","image":{"@type":"ImageObject","inLanguage":"ro-RO","@id":"https:\/\/secure.gravatar.com\/avatar\/120f6fcae7b3b47a7730cb9943f612f4909f68ac5284b5f40ac1c4615fd70576?s=96&d=mm&r=g","url":"https:\/\/secure.gravatar.com\/avatar\/120f6fcae7b3b47a7730cb9943f612f4909f68ac5284b5f40ac1c4615fd70576?s=96&d=mm&r=g","contentUrl":"https:\/\/secure.gravatar.com\/avatar\/120f6fcae7b3b47a7730cb9943f612f4909f68ac5284b5f40ac1c4615fd70576?s=96&d=mm&r=g","caption":"Giurca Sorin"},"url":"https:\/\/urbeamea.ro\/albaiulia\/author\/sorin\/"}]}},"_links":{"self":[{"href":"https:\/\/urbeamea.ro\/albaiulia\/wp-json\/wp\/v2\/posts\/115664","targetHints":{"allow":["GET"]}}],"collection":[{"href":"https:\/\/urbeamea.ro\/albaiulia\/wp-json\/wp\/v2\/posts"}],"about":[{"href":"https:\/\/urbeamea.ro\/albaiulia\/wp-json\/wp\/v2\/types\/post"}],"author":[{"embeddable":true,"href":"https:\/\/urbeamea.ro\/albaiulia\/wp-json\/wp\/v2\/users\/28"}],"replies":[{"embeddable":true,"href":"https:\/\/urbeamea.ro\/albaiulia\/wp-json\/wp\/v2\/comments?post=115664"}],"version-history":[{"count":1,"href":"https:\/\/urbeamea.ro\/albaiulia\/wp-json\/wp\/v2\/posts\/115664\/revisions"}],"predecessor-version":[{"id":115670,"href":"https:\/\/urbeamea.ro\/albaiulia\/wp-json\/wp\/v2\/posts\/115664\/revisions\/115670"}],"wp:featuredmedia":[{"embeddable":true,"href":"https:\/\/urbeamea.ro\/albaiulia\/wp-json\/wp\/v2\/media\/115666"}],"wp:attachment":[{"href":"https:\/\/urbeamea.ro\/albaiulia\/wp-json\/wp\/v2\/media?parent=115664"}],"wp:term":[{"taxonomy":"category","embeddable":true,"href":"https:\/\/urbeamea.ro\/albaiulia\/wp-json\/wp\/v2\/categories?post=115664"},{"taxonomy":"post_tag","embeddable":true,"href":"https:\/\/urbeamea.ro\/albaiulia\/wp-json\/wp\/v2\/tags?post=115664"}],"curies":[{"name":"wp","href":"https:\/\/api.w.org\/{rel}","templated":true}]}}