{"id":115671,"date":"2024-12-19T16:02:46","date_gmt":"2024-12-19T14:02:46","guid":{"rendered":"https:\/\/urbeamea.ro\/albaiulia\/?p=115671"},"modified":"2024-12-19T16:02:47","modified_gmt":"2024-12-19T14:02:47","slug":"reuniune-tehnica-privind-planul-de-dezvoltare-al-regiunii-centru-corelata-cu-discutii-in-cadrul-forumului-comunicatorilor-regionali","status":"publish","type":"post","link":"https:\/\/urbeamea.ro\/albaiulia\/reuniune-tehnica-privind-planul-de-dezvoltare-al-regiunii-centru-corelata-cu-discutii-in-cadrul-forumului-comunicatorilor-regionali\/","title":{"rendered":"Reuniune tehnic\u0103 privind Planul de Dezvoltare al Regiunii CENTRU, corelat\u0103 cu discu\u021bii \u00een cadrul Forumului Comunicatorilor regionali"},"content":{"rendered":"\n<p><strong>La \u00eenceputul acestei s\u0103pt\u0103m\u00e2ni, Agen\u021bia pentru Dezvoltare Regional\u0103 Centru, \u00een calitatea sa de coordonator, a organizat reuniunea de lucru a Comitetului Regional de Planificare ,,Centru\u201d, \u00een format online.<\/strong> <\/p>\n\n\n\n<p>Pe agenda \u00eent\u00e2lnirii CRP Centru, al\u0103turi de prezentarea \u0219i discutarea versiunii finale de lucru a Raportului de Monitorizare a Planului de Dezvoltare Regional\u0103 Centru 2021-2027, s-au aflat prezent\u0103ri privind stadiul implement\u0103rii Programului Regiunea Centru, a Programului S\u0103n\u0103tate \u0219i a Programului Tranzi\u021bie Just\u0103 la nivelul Regiunii Centru, precum \u0219i  o informare privind Planul de ac\u021biune pentru 2025 pentru implementarea PDR Centru.<\/p>\n\n\n\n<p>Evenimentul a fost corelat cu o \u00eent\u00e2lnire a multiplicatorilor de informa\u021bii europene: \u201dForumul Comunicatorilor\u201d din Regiunea Centru. <\/p>\n\n\n\n<p>La cele peste 6 ore de dezbateri au participat \u00een total peste 60 de actori regionali, interesa\u021bi at\u00e2t de procesul dezvolt\u0103rii regionale c\u00e2t \u0219i de informa\u021biile privind prevenirea neregulilor \u0219i fraudelor \u00een proiectele finan\u021bate cu fonduri publice, de instrumentele de Inteligen\u021b\u0103 Artificial\u0103 \u0219i folosirea lor \u00een activitatea de comunicare.<\/p>\n\n\n\n<p>Planul de Dezvoltare a Regiunii Centru (PDR) 2021-2027 a fost elaborat de c\u0103tre ADR Centru \u00een cooperare cu structurile parteneriale regionale \u00een perioada 2020-2021 \u0219i a fost aprobat de c\u0103tre Consiliul pentru Dezvoltare Regional\u0103 Centru prin Hot\u0103r\u00e2rea nr. 17\/2022. Planul \u0219i-a fixat atingerea p\u00e2n\u0103 \u00een anul 2029 a unor importante obiective de dezvoltare economic\u0103 \u0219i social\u0103 prin implementarea la nivel regional a unui set cuprinz\u0103tor \u0219i coerent de priorit\u0103\u021bi \u0219i m\u0103suri grupate \u00een 6 domenii strategice.<\/p>\n\n\n\n<p>&#8222;Ca parte a mecanismului de monitorizare a PDR Centru 2021-2027, am prev\u0103zut elaborarea a 3 rapoarte strategice \u2013 \u00een acest an, apoi \u00een 2027 \u0219i 2029 \u2013 \u00een cadrul c\u0103rora prezent\u0103m situa\u021bia la zi \u0219i evolu\u021bia socio-economic\u0103 a regiunii fa\u021b\u0103 de anul de referin\u021b\u0103 2020. <\/p>\n\n\n\n<p>Astfel, ne dorim s\u0103 cuantific\u0103m progresele ob\u021binute \u00een procesul de implementare a obiectivelor stabilite prin PDR Centru. Raportul de Monitorizare a PDR Centru elaborat \u00een 2024 include o analiz\u0103 a evolu\u021biei principalilor indicatori socioeconomici la nivel regional \u00een perioada 2020-2023 \u0219i contribu\u021bia programelor cu finan\u021bare european\u0103 la dezvoltarea comunit\u0103\u021bilor din Regiunea Centru. <\/p>\n\n\n\n<p>\u00cen cadrul discu\u021biilor, am ar\u0103tat cum Regiunea Centru \u0219i-a reluat cre\u0219terea economic\u0103 dup\u0103 recesiunea din 2020, evolu\u021bia pozitiv\u0103 fiind eviden\u021biat\u0103 de dinamica produsului intern brut regional per locuitor, de cre\u0219terea soldului investi\u021biilor str\u0103ine directe, de num\u0103rul de firme active \u0219i de volumul crescut al exporturilor regionale.<\/p>\n\n\n\n<p> \u00cen perioada urm\u0103toare, contribu\u021bia cercet\u0103rii-dezvolt\u0103rii \u0219i inov\u0103rii la progresul economic va trebui s\u0103 creasc\u0103 semnificativ pentru a ne apropia de nivelul altor regiuni europene\u201d, a declarat \u2013 dup\u0103 \u00eent\u00e2lnirile de lucru din cadrul CRP Centru \u0219i a Forumului Comunicatorilor regionali \u2013 domnul Simion Cre\u021bu, Director General ADR Centru.<\/p>\n\n\n\n<p>Detalii privind Planul Regional de Dezvoltare a Regiunii Centru pentru perioada 2021\u20132027 se reg\u0103sesc pe www.adrcentru.ro, precum \u0219i pe site-ul www.regiocentru.ro, Sec\u021biunea \u201dDocumente de Planificare \u0219i Programare 2021-2027\u201d.<\/p>\n\n\n\n<p>Informa\u021bii tehnice privind reuniunea de lucru a CRP Centru<\/p>\n\n\n\n<p>Comitetul Regional de Planificare Centru este structura partenerial\u0103 permanent\u0103 care avizeaz\u0103 Planul de Dezvoltare Regional\u0103, \u00een componen\u021ba sa fiind reprezentate 43 organiza\u021bii reprezentative pentru cele 4 sfere ale societ\u0103\u021bii: administra\u021bia public\u0103, mediul de afaceri, mediul academic \u0219i societatea civil\u0103 \u0219i cu o reprezentare echilibrat\u0103 din punct de vedere teritorial.<\/p>\n\n\n\n<p>Raportul de Monitorizare a PDR Centru din acest an scoate \u00een eviden\u021b\u0103 \u0219i evolu\u021biile pozitive \u00een direc\u021bia ocup\u0103rii \u0219i a reducerii \u0219omajului, al\u0103turi de evolu\u021biile mai modeste \u00een ce prive\u0219te educa\u021bia ini\u021bial\u0103 \u0219i \u00een particular educa\u021bia ter\u021biar\u0103, educa\u021bia adul\u021bilor \u0219i integrarea tinerilor pe pia\u021ba muncii.<\/p>\n\n\n\n<p>In ce prive\u0219te infrastructura de transport, Raportul de Monitorizare eviden\u021biaz\u0103 extinderea re\u021belei de autostr\u0103zi \u0219i a modernizarea drumurilor jude\u021bene, continuarea proiectelor de modernizare a re\u021belei feroviare, extinderea infrastructurii aeroportuare, dezvoltarea transportului intermodal, men\u021bion\u00e2nd finalizarea unor proiecte majore precum Aeroportul Interna\u021bional Ghimbav-Bra\u0219ov, terminalul intermodal de la Decea, modernizarea c\u0103ii ferate \u00eentre Sighi\u0219oara \u0219i Simeria, parte a coridorului 4 Pan-European.<\/p>\n\n\n\n<p>\u00cen domeniul protec\u021biei mediului \u0219i al combaterii schimb\u0103rilor climatice sunt consemnate progresele \u00een ce prive\u0219te accesul popula\u021biei la re\u021belele publice de ap\u0103 \u0219i de canalizare \u0219i cre\u0219terea suprafe\u021belor spa\u021biilor verzi per locuitor \u00een ora\u0219ele Regiunii Centru.<\/p>\n\n\n\n<p>\u00cen ce prive\u0219te turismul, unul din domeniile de excelen\u021b\u0103 ale Regiunii Centru puternic afectat \u00een perioada 2020-2021, datele statistice privind privind capacitatea de cazare \u0219i fluxul turistic aferente anilor 2022 \u0219i 2023 confirm\u0103 evolu\u021biile pozitive ale acestui domeniu economic spre valori ce dep\u0103\u0219esc performan\u021bele \u00eenregistrate \u00een 2019.<\/p>\n\n\n\n<p>Dezvoltarea localit\u0103\u021bilor rurale at\u00e2t prin extinderea \u0219i modernizarea infrastructurii tehnico-edilitare c\u00e2t \u0219i prin diversificarea activit\u0103\u021bilor economice, a permis cre\u0219terea nivelului de trai al locuitorilor \u0219i \u00eencetinirea declinului demografic la nivelul mediului rural din Regiunea Centru.<\/p>\n\n\n\n<p>Dup\u0103 ob\u021binerea \u00een luna ianuarie 2025 a avizului CRP Centru pentru versiunea de lucru supus\u0103 analizei membrilor acestei structuri regionale cu rol consultativ, Raportul de Monitorizare va fi  \u00eenaintat spre aprobare c\u0103tre Consiliul de Dezvoltare Regional\u0103 Centru. Materialele dezb\u0103tute \u00een aceast\u0103 sesiune sunt publicate pe pagina web www.regiocentru.ro.<\/p>\n\n\n\n<figure class=\"wp-block-gallery has-nested-images columns-default is-cropped wp-block-gallery-1 is-layout-flex wp-block-gallery-is-layout-flex\">\n<figure class=\"wp-block-image size-large\"><img loading=\"lazy\" decoding=\"async\" width=\"1000\" height=\"572\" data-id=\"115672\" src=\"https:\/\/urbeamea.ro\/albaiulia\/wp-content\/uploads\/2024\/12\/1000022145.jpg\" alt=\"\" class=\"wp-image-115672\" srcset=\"https:\/\/urbeamea.ro\/albaiulia\/wp-content\/uploads\/2024\/12\/1000022145.jpg 1000w, https:\/\/urbeamea.ro\/albaiulia\/wp-content\/uploads\/2024\/12\/1000022145-640x366.jpg 640w, https:\/\/urbeamea.ro\/albaiulia\/wp-content\/uploads\/2024\/12\/1000022145-150x86.jpg 150w, https:\/\/urbeamea.ro\/albaiulia\/wp-content\/uploads\/2024\/12\/1000022145-768x439.jpg 768w\" sizes=\"auto, (max-width: 1000px) 100vw, 1000px\" \/><\/figure>\n\n\n\n<figure class=\"wp-block-image size-large\"><img loading=\"lazy\" decoding=\"async\" width=\"1000\" height=\"537\" data-id=\"115673\" src=\"https:\/\/urbeamea.ro\/albaiulia\/wp-content\/uploads\/2024\/12\/1000022148.jpg\" alt=\"\" class=\"wp-image-115673\" srcset=\"https:\/\/urbeamea.ro\/albaiulia\/wp-content\/uploads\/2024\/12\/1000022148.jpg 1000w, https:\/\/urbeamea.ro\/albaiulia\/wp-content\/uploads\/2024\/12\/1000022148-640x344.jpg 640w, https:\/\/urbeamea.ro\/albaiulia\/wp-content\/uploads\/2024\/12\/1000022148-150x81.jpg 150w, https:\/\/urbeamea.ro\/albaiulia\/wp-content\/uploads\/2024\/12\/1000022148-768x412.jpg 768w\" sizes=\"auto, (max-width: 1000px) 100vw, 1000px\" \/><\/figure>\n\n\n\n<figure class=\"wp-block-image size-large\"><img loading=\"lazy\" decoding=\"async\" width=\"1000\" height=\"579\" data-id=\"115674\" src=\"https:\/\/urbeamea.ro\/albaiulia\/wp-content\/uploads\/2024\/12\/1000022147.jpg\" alt=\"\" class=\"wp-image-115674\" srcset=\"https:\/\/urbeamea.ro\/albaiulia\/wp-content\/uploads\/2024\/12\/1000022147.jpg 1000w, https:\/\/urbeamea.ro\/albaiulia\/wp-content\/uploads\/2024\/12\/1000022147-640x371.jpg 640w, https:\/\/urbeamea.ro\/albaiulia\/wp-content\/uploads\/2024\/12\/1000022147-150x87.jpg 150w, https:\/\/urbeamea.ro\/albaiulia\/wp-content\/uploads\/2024\/12\/1000022147-768x445.jpg 768w\" sizes=\"auto, (max-width: 1000px) 100vw, 1000px\" \/><\/figure>\n\n\n\n<figure class=\"wp-block-image size-large\"><img loading=\"lazy\" decoding=\"async\" width=\"1000\" height=\"596\" data-id=\"115675\" src=\"https:\/\/urbeamea.ro\/albaiulia\/wp-content\/uploads\/2024\/12\/1000022146.jpg\" alt=\"\" class=\"wp-image-115675\" srcset=\"https:\/\/urbeamea.ro\/albaiulia\/wp-content\/uploads\/2024\/12\/1000022146.jpg 1000w, https:\/\/urbeamea.ro\/albaiulia\/wp-content\/uploads\/2024\/12\/1000022146-640x381.jpg 640w, https:\/\/urbeamea.ro\/albaiulia\/wp-content\/uploads\/2024\/12\/1000022146-150x89.jpg 150w, https:\/\/urbeamea.ro\/albaiulia\/wp-content\/uploads\/2024\/12\/1000022146-768x458.jpg 768w\" sizes=\"auto, (max-width: 1000px) 100vw, 1000px\" \/><\/figure>\n<\/figure>\n","protected":false},"excerpt":{"rendered":"<p>La \u00eenceputul acestei s\u0103pt\u0103m\u00e2ni, Agen\u021bia pentru Dezvoltare Regional\u0103 Centru, \u00een calitatea sa de coordonator, a organizat reuniunea de lucru a Comitetului Regional de Planificare ,,Centru\u201d, \u00een format online. Pe agenda \u00eent\u00e2lnirii CRP Centru, al\u0103turi de prezentarea \u0219i discutarea versiunii finale de lucru a Raportului de Monitorizare a Planului de Dezvoltare Regional\u0103 Centru 2021-2027, s-au aflat &hellip;<\/p>\n","protected":false},"author":28,"featured_media":115675,"comment_status":"open","ping_status":"open","sticky":false,"template":"","format":"standard","meta":{"inline_featured_image":false,"footnotes":""},"categories":[4,2034,16344],"tags":[343],"class_list":["post-115671","post","type-post","status-publish","format-standard","has-post-thumbnail","hentry","category-eveniment","category-social","category-urbea-mea","tag-adr-centru"],"yoast_head":"<!-- This site is optimized with the Yoast SEO plugin v27.4 - https:\/\/yoast.com\/product\/yoast-seo-wordpress\/ -->\n<title>Reuniune tehnic\u0103 privind Planul de Dezvoltare al Regiunii CENTRU, corelat\u0103 cu discu\u021bii \u00een cadrul Forumului Comunicatorilor regionali - Revista Urbea Mea - Revista de Alba<\/title>\n<meta name=\"description\" content=\"La \u00eenceputul acestei s\u0103pt\u0103m\u00e2ni, Agen\u021bia pentru Dezvoltare Regional\u0103 Centru, \u00een calitatea sa de coordonator, a organizat reuniunea de lucru a Comitetului\" \/>\n<meta name=\"robots\" content=\"index, follow, max-snippet:-1, max-image-preview:large, max-video-preview:-1\" \/>\n<link rel=\"canonical\" href=\"https:\/\/urbeamea.ro\/albaiulia\/reuniune-tehnica-privind-planul-de-dezvoltare-al-regiunii-centru-corelata-cu-discutii-in-cadrul-forumului-comunicatorilor-regionali\/\" \/>\n<meta name=\"twitter:card\" content=\"summary_large_image\" \/>\n<meta name=\"twitter:title\" content=\"Reuniune tehnic\u0103 privind Planul de Dezvoltare al Regiunii CENTRU, corelat\u0103 cu discu\u021bii \u00een cadrul Forumului Comunicatorilor regionali - Revista Urbea Mea - Revista de Alba\" \/>\n<meta name=\"twitter:description\" content=\"La \u00eenceputul acestei s\u0103pt\u0103m\u00e2ni, Agen\u021bia pentru Dezvoltare Regional\u0103 Centru, \u00een calitatea sa de coordonator, a organizat reuniunea de lucru a Comitetului\" \/>\n<meta name=\"twitter:image\" content=\"https:\/\/urbeamea.ro\/albaiulia\/wp-content\/uploads\/2024\/12\/1000022146.jpg\" \/>\n<meta name=\"twitter:creator\" content=\"@urbeameaweb\" \/>\n<meta name=\"twitter:site\" content=\"@urbeameaweb\" \/>\n<script type=\"application\/ld+json\" class=\"yoast-schema-graph\">{\"@context\":\"https:\\\/\\\/schema.org\",\"@graph\":[{\"@type\":\"Article\",\"@id\":\"https:\\\/\\\/urbeamea.ro\\\/albaiulia\\\/reuniune-tehnica-privind-planul-de-dezvoltare-al-regiunii-centru-corelata-cu-discutii-in-cadrul-forumului-comunicatorilor-regionali\\\/#article\",\"isPartOf\":{\"@id\":\"https:\\\/\\\/urbeamea.ro\\\/albaiulia\\\/reuniune-tehnica-privind-planul-de-dezvoltare-al-regiunii-centru-corelata-cu-discutii-in-cadrul-forumului-comunicatorilor-regionali\\\/\"},\"author\":{\"name\":\"Giurca Sorin\",\"@id\":\"https:\\\/\\\/urbeamea.ro\\\/albaiulia\\\/#\\\/schema\\\/person\\\/5db3854ac38c1cc9f0ab4092d6a20f02\"},\"headline\":\"Reuniune tehnic\u0103 privind Planul de Dezvoltare al Regiunii CENTRU, corelat\u0103 cu discu\u021bii \u00een cadrul Forumului Comunicatorilor regionali\",\"datePublished\":\"2024-12-19T14:02:46+00:00\",\"dateModified\":\"2024-12-19T14:02:47+00:00\",\"mainEntityOfPage\":{\"@id\":\"https:\\\/\\\/urbeamea.ro\\\/albaiulia\\\/reuniune-tehnica-privind-planul-de-dezvoltare-al-regiunii-centru-corelata-cu-discutii-in-cadrul-forumului-comunicatorilor-regionali\\\/\"},\"wordCount\":884,\"commentCount\":0,\"image\":{\"@id\":\"https:\\\/\\\/urbeamea.ro\\\/albaiulia\\\/reuniune-tehnica-privind-planul-de-dezvoltare-al-regiunii-centru-corelata-cu-discutii-in-cadrul-forumului-comunicatorilor-regionali\\\/#primaryimage\"},\"thumbnailUrl\":\"https:\\\/\\\/urbeamea.ro\\\/albaiulia\\\/wp-content\\\/uploads\\\/2024\\\/12\\\/1000022146.jpg\",\"keywords\":[\"ADR Centru\"],\"articleSection\":[\"Evenimente\",\"Social\",\"Urbea Mea\"],\"inLanguage\":\"ro-RO\",\"potentialAction\":[{\"@type\":\"CommentAction\",\"name\":\"Comment\",\"target\":[\"https:\\\/\\\/urbeamea.ro\\\/albaiulia\\\/reuniune-tehnica-privind-planul-de-dezvoltare-al-regiunii-centru-corelata-cu-discutii-in-cadrul-forumului-comunicatorilor-regionali\\\/#respond\"]}]},{\"@type\":\"WebPage\",\"@id\":\"https:\\\/\\\/urbeamea.ro\\\/albaiulia\\\/reuniune-tehnica-privind-planul-de-dezvoltare-al-regiunii-centru-corelata-cu-discutii-in-cadrul-forumului-comunicatorilor-regionali\\\/\",\"url\":\"https:\\\/\\\/urbeamea.ro\\\/albaiulia\\\/reuniune-tehnica-privind-planul-de-dezvoltare-al-regiunii-centru-corelata-cu-discutii-in-cadrul-forumului-comunicatorilor-regionali\\\/\",\"name\":\"Reuniune tehnic\u0103 privind Planul de Dezvoltare al Regiunii CENTRU, corelat\u0103 cu discu\u021bii \u00een cadrul Forumului Comunicatorilor regionali - Revista Urbea Mea - Revista de Alba\",\"isPartOf\":{\"@id\":\"https:\\\/\\\/urbeamea.ro\\\/albaiulia\\\/#website\"},\"primaryImageOfPage\":{\"@id\":\"https:\\\/\\\/urbeamea.ro\\\/albaiulia\\\/reuniune-tehnica-privind-planul-de-dezvoltare-al-regiunii-centru-corelata-cu-discutii-in-cadrul-forumului-comunicatorilor-regionali\\\/#primaryimage\"},\"image\":{\"@id\":\"https:\\\/\\\/urbeamea.ro\\\/albaiulia\\\/reuniune-tehnica-privind-planul-de-dezvoltare-al-regiunii-centru-corelata-cu-discutii-in-cadrul-forumului-comunicatorilor-regionali\\\/#primaryimage\"},\"thumbnailUrl\":\"https:\\\/\\\/urbeamea.ro\\\/albaiulia\\\/wp-content\\\/uploads\\\/2024\\\/12\\\/1000022146.jpg\",\"datePublished\":\"2024-12-19T14:02:46+00:00\",\"dateModified\":\"2024-12-19T14:02:47+00:00\",\"author\":{\"@id\":\"https:\\\/\\\/urbeamea.ro\\\/albaiulia\\\/#\\\/schema\\\/person\\\/5db3854ac38c1cc9f0ab4092d6a20f02\"},\"description\":\"La \u00eenceputul acestei s\u0103pt\u0103m\u00e2ni, Agen\u021bia pentru Dezvoltare Regional\u0103 Centru, \u00een calitatea sa de coordonator, a organizat reuniunea de lucru a Comitetului\",\"breadcrumb\":{\"@id\":\"https:\\\/\\\/urbeamea.ro\\\/albaiulia\\\/reuniune-tehnica-privind-planul-de-dezvoltare-al-regiunii-centru-corelata-cu-discutii-in-cadrul-forumului-comunicatorilor-regionali\\\/#breadcrumb\"},\"inLanguage\":\"ro-RO\",\"potentialAction\":[{\"@type\":\"ReadAction\",\"target\":[\"https:\\\/\\\/urbeamea.ro\\\/albaiulia\\\/reuniune-tehnica-privind-planul-de-dezvoltare-al-regiunii-centru-corelata-cu-discutii-in-cadrul-forumului-comunicatorilor-regionali\\\/\"]}]},{\"@type\":\"ImageObject\",\"inLanguage\":\"ro-RO\",\"@id\":\"https:\\\/\\\/urbeamea.ro\\\/albaiulia\\\/reuniune-tehnica-privind-planul-de-dezvoltare-al-regiunii-centru-corelata-cu-discutii-in-cadrul-forumului-comunicatorilor-regionali\\\/#primaryimage\",\"url\":\"https:\\\/\\\/urbeamea.ro\\\/albaiulia\\\/wp-content\\\/uploads\\\/2024\\\/12\\\/1000022146.jpg\",\"contentUrl\":\"https:\\\/\\\/urbeamea.ro\\\/albaiulia\\\/wp-content\\\/uploads\\\/2024\\\/12\\\/1000022146.jpg\",\"width\":1000,\"height\":596},{\"@type\":\"BreadcrumbList\",\"@id\":\"https:\\\/\\\/urbeamea.ro\\\/albaiulia\\\/reuniune-tehnica-privind-planul-de-dezvoltare-al-regiunii-centru-corelata-cu-discutii-in-cadrul-forumului-comunicatorilor-regionali\\\/#breadcrumb\",\"itemListElement\":[{\"@type\":\"ListItem\",\"position\":1,\"name\":\"Prima pagin\u0103\",\"item\":\"https:\\\/\\\/urbeamea.ro\\\/albaiulia\\\/\"},{\"@type\":\"ListItem\",\"position\":2,\"name\":\"Reuniune tehnic\u0103 privind Planul de Dezvoltare al Regiunii CENTRU, corelat\u0103 cu discu\u021bii \u00een cadrul Forumului Comunicatorilor regionali\"}]},{\"@type\":\"WebSite\",\"@id\":\"https:\\\/\\\/urbeamea.ro\\\/albaiulia\\\/#website\",\"url\":\"https:\\\/\\\/urbeamea.ro\\\/albaiulia\\\/\",\"name\":\"Revista Urbea Mea, Stiri urbane\",\"description\":\"Evenimente \u0219i \u0219tiri din Alba Iulia, Sebe\u0219, Aiud, Blaj\",\"potentialAction\":[{\"@type\":\"SearchAction\",\"target\":{\"@type\":\"EntryPoint\",\"urlTemplate\":\"https:\\\/\\\/urbeamea.ro\\\/albaiulia\\\/?s={search_term_string}\"},\"query-input\":{\"@type\":\"PropertyValueSpecification\",\"valueRequired\":true,\"valueName\":\"search_term_string\"}}],\"inLanguage\":\"ro-RO\"},{\"@type\":\"Person\",\"@id\":\"https:\\\/\\\/urbeamea.ro\\\/albaiulia\\\/#\\\/schema\\\/person\\\/5db3854ac38c1cc9f0ab4092d6a20f02\",\"name\":\"Giurca Sorin\",\"image\":{\"@type\":\"ImageObject\",\"inLanguage\":\"ro-RO\",\"@id\":\"https:\\\/\\\/secure.gravatar.com\\\/avatar\\\/120f6fcae7b3b47a7730cb9943f612f4909f68ac5284b5f40ac1c4615fd70576?s=96&d=mm&r=g\",\"url\":\"https:\\\/\\\/secure.gravatar.com\\\/avatar\\\/120f6fcae7b3b47a7730cb9943f612f4909f68ac5284b5f40ac1c4615fd70576?s=96&d=mm&r=g\",\"contentUrl\":\"https:\\\/\\\/secure.gravatar.com\\\/avatar\\\/120f6fcae7b3b47a7730cb9943f612f4909f68ac5284b5f40ac1c4615fd70576?s=96&d=mm&r=g\",\"caption\":\"Giurca Sorin\"},\"url\":\"https:\\\/\\\/urbeamea.ro\\\/albaiulia\\\/author\\\/sorin\\\/\"}]}<\/script>\n<!-- \/ Yoast SEO plugin. -->","yoast_head_json":{"title":"Reuniune tehnic\u0103 privind Planul de Dezvoltare al Regiunii CENTRU, corelat\u0103 cu discu\u021bii \u00een cadrul Forumului Comunicatorilor regionali - Revista Urbea Mea - Revista de Alba","description":"La \u00eenceputul acestei s\u0103pt\u0103m\u00e2ni, Agen\u021bia pentru Dezvoltare Regional\u0103 Centru, \u00een calitatea sa de coordonator, a organizat reuniunea de lucru a Comitetului","robots":{"index":"index","follow":"follow","max-snippet":"max-snippet:-1","max-image-preview":"max-image-preview:large","max-video-preview":"max-video-preview:-1"},"canonical":"https:\/\/urbeamea.ro\/albaiulia\/reuniune-tehnica-privind-planul-de-dezvoltare-al-regiunii-centru-corelata-cu-discutii-in-cadrul-forumului-comunicatorilor-regionali\/","twitter_card":"summary_large_image","twitter_title":"Reuniune tehnic\u0103 privind Planul de Dezvoltare al Regiunii CENTRU, corelat\u0103 cu discu\u021bii \u00een cadrul Forumului Comunicatorilor regionali - Revista Urbea Mea - Revista de Alba","twitter_description":"La \u00eenceputul acestei s\u0103pt\u0103m\u00e2ni, Agen\u021bia pentru Dezvoltare Regional\u0103 Centru, \u00een calitatea sa de coordonator, a organizat reuniunea de lucru a Comitetului","twitter_image":"https:\/\/urbeamea.ro\/albaiulia\/wp-content\/uploads\/2024\/12\/1000022146.jpg","twitter_creator":"@urbeameaweb","twitter_site":"@urbeameaweb","schema":{"@context":"https:\/\/schema.org","@graph":[{"@type":"Article","@id":"https:\/\/urbeamea.ro\/albaiulia\/reuniune-tehnica-privind-planul-de-dezvoltare-al-regiunii-centru-corelata-cu-discutii-in-cadrul-forumului-comunicatorilor-regionali\/#article","isPartOf":{"@id":"https:\/\/urbeamea.ro\/albaiulia\/reuniune-tehnica-privind-planul-de-dezvoltare-al-regiunii-centru-corelata-cu-discutii-in-cadrul-forumului-comunicatorilor-regionali\/"},"author":{"name":"Giurca Sorin","@id":"https:\/\/urbeamea.ro\/albaiulia\/#\/schema\/person\/5db3854ac38c1cc9f0ab4092d6a20f02"},"headline":"Reuniune tehnic\u0103 privind Planul de Dezvoltare al Regiunii CENTRU, corelat\u0103 cu discu\u021bii \u00een cadrul Forumului Comunicatorilor regionali","datePublished":"2024-12-19T14:02:46+00:00","dateModified":"2024-12-19T14:02:47+00:00","mainEntityOfPage":{"@id":"https:\/\/urbeamea.ro\/albaiulia\/reuniune-tehnica-privind-planul-de-dezvoltare-al-regiunii-centru-corelata-cu-discutii-in-cadrul-forumului-comunicatorilor-regionali\/"},"wordCount":884,"commentCount":0,"image":{"@id":"https:\/\/urbeamea.ro\/albaiulia\/reuniune-tehnica-privind-planul-de-dezvoltare-al-regiunii-centru-corelata-cu-discutii-in-cadrul-forumului-comunicatorilor-regionali\/#primaryimage"},"thumbnailUrl":"https:\/\/urbeamea.ro\/albaiulia\/wp-content\/uploads\/2024\/12\/1000022146.jpg","keywords":["ADR Centru"],"articleSection":["Evenimente","Social","Urbea Mea"],"inLanguage":"ro-RO","potentialAction":[{"@type":"CommentAction","name":"Comment","target":["https:\/\/urbeamea.ro\/albaiulia\/reuniune-tehnica-privind-planul-de-dezvoltare-al-regiunii-centru-corelata-cu-discutii-in-cadrul-forumului-comunicatorilor-regionali\/#respond"]}]},{"@type":"WebPage","@id":"https:\/\/urbeamea.ro\/albaiulia\/reuniune-tehnica-privind-planul-de-dezvoltare-al-regiunii-centru-corelata-cu-discutii-in-cadrul-forumului-comunicatorilor-regionali\/","url":"https:\/\/urbeamea.ro\/albaiulia\/reuniune-tehnica-privind-planul-de-dezvoltare-al-regiunii-centru-corelata-cu-discutii-in-cadrul-forumului-comunicatorilor-regionali\/","name":"Reuniune tehnic\u0103 privind Planul de Dezvoltare al Regiunii CENTRU, corelat\u0103 cu discu\u021bii \u00een cadrul Forumului Comunicatorilor regionali - Revista Urbea Mea - Revista de Alba","isPartOf":{"@id":"https:\/\/urbeamea.ro\/albaiulia\/#website"},"primaryImageOfPage":{"@id":"https:\/\/urbeamea.ro\/albaiulia\/reuniune-tehnica-privind-planul-de-dezvoltare-al-regiunii-centru-corelata-cu-discutii-in-cadrul-forumului-comunicatorilor-regionali\/#primaryimage"},"image":{"@id":"https:\/\/urbeamea.ro\/albaiulia\/reuniune-tehnica-privind-planul-de-dezvoltare-al-regiunii-centru-corelata-cu-discutii-in-cadrul-forumului-comunicatorilor-regionali\/#primaryimage"},"thumbnailUrl":"https:\/\/urbeamea.ro\/albaiulia\/wp-content\/uploads\/2024\/12\/1000022146.jpg","datePublished":"2024-12-19T14:02:46+00:00","dateModified":"2024-12-19T14:02:47+00:00","author":{"@id":"https:\/\/urbeamea.ro\/albaiulia\/#\/schema\/person\/5db3854ac38c1cc9f0ab4092d6a20f02"},"description":"La \u00eenceputul acestei s\u0103pt\u0103m\u00e2ni, Agen\u021bia pentru Dezvoltare Regional\u0103 Centru, \u00een calitatea sa de coordonator, a organizat reuniunea de lucru a Comitetului","breadcrumb":{"@id":"https:\/\/urbeamea.ro\/albaiulia\/reuniune-tehnica-privind-planul-de-dezvoltare-al-regiunii-centru-corelata-cu-discutii-in-cadrul-forumului-comunicatorilor-regionali\/#breadcrumb"},"inLanguage":"ro-RO","potentialAction":[{"@type":"ReadAction","target":["https:\/\/urbeamea.ro\/albaiulia\/reuniune-tehnica-privind-planul-de-dezvoltare-al-regiunii-centru-corelata-cu-discutii-in-cadrul-forumului-comunicatorilor-regionali\/"]}]},{"@type":"ImageObject","inLanguage":"ro-RO","@id":"https:\/\/urbeamea.ro\/albaiulia\/reuniune-tehnica-privind-planul-de-dezvoltare-al-regiunii-centru-corelata-cu-discutii-in-cadrul-forumului-comunicatorilor-regionali\/#primaryimage","url":"https:\/\/urbeamea.ro\/albaiulia\/wp-content\/uploads\/2024\/12\/1000022146.jpg","contentUrl":"https:\/\/urbeamea.ro\/albaiulia\/wp-content\/uploads\/2024\/12\/1000022146.jpg","width":1000,"height":596},{"@type":"BreadcrumbList","@id":"https:\/\/urbeamea.ro\/albaiulia\/reuniune-tehnica-privind-planul-de-dezvoltare-al-regiunii-centru-corelata-cu-discutii-in-cadrul-forumului-comunicatorilor-regionali\/#breadcrumb","itemListElement":[{"@type":"ListItem","position":1,"name":"Prima pagin\u0103","item":"https:\/\/urbeamea.ro\/albaiulia\/"},{"@type":"ListItem","position":2,"name":"Reuniune tehnic\u0103 privind Planul de Dezvoltare al Regiunii CENTRU, corelat\u0103 cu discu\u021bii \u00een cadrul Forumului Comunicatorilor regionali"}]},{"@type":"WebSite","@id":"https:\/\/urbeamea.ro\/albaiulia\/#website","url":"https:\/\/urbeamea.ro\/albaiulia\/","name":"Revista Urbea Mea, Stiri urbane","description":"Evenimente \u0219i \u0219tiri din Alba Iulia, Sebe\u0219, Aiud, Blaj","potentialAction":[{"@type":"SearchAction","target":{"@type":"EntryPoint","urlTemplate":"https:\/\/urbeamea.ro\/albaiulia\/?s={search_term_string}"},"query-input":{"@type":"PropertyValueSpecification","valueRequired":true,"valueName":"search_term_string"}}],"inLanguage":"ro-RO"},{"@type":"Person","@id":"https:\/\/urbeamea.ro\/albaiulia\/#\/schema\/person\/5db3854ac38c1cc9f0ab4092d6a20f02","name":"Giurca Sorin","image":{"@type":"ImageObject","inLanguage":"ro-RO","@id":"https:\/\/secure.gravatar.com\/avatar\/120f6fcae7b3b47a7730cb9943f612f4909f68ac5284b5f40ac1c4615fd70576?s=96&d=mm&r=g","url":"https:\/\/secure.gravatar.com\/avatar\/120f6fcae7b3b47a7730cb9943f612f4909f68ac5284b5f40ac1c4615fd70576?s=96&d=mm&r=g","contentUrl":"https:\/\/secure.gravatar.com\/avatar\/120f6fcae7b3b47a7730cb9943f612f4909f68ac5284b5f40ac1c4615fd70576?s=96&d=mm&r=g","caption":"Giurca Sorin"},"url":"https:\/\/urbeamea.ro\/albaiulia\/author\/sorin\/"}]}},"_links":{"self":[{"href":"https:\/\/urbeamea.ro\/albaiulia\/wp-json\/wp\/v2\/posts\/115671","targetHints":{"allow":["GET"]}}],"collection":[{"href":"https:\/\/urbeamea.ro\/albaiulia\/wp-json\/wp\/v2\/posts"}],"about":[{"href":"https:\/\/urbeamea.ro\/albaiulia\/wp-json\/wp\/v2\/types\/post"}],"author":[{"embeddable":true,"href":"https:\/\/urbeamea.ro\/albaiulia\/wp-json\/wp\/v2\/users\/28"}],"replies":[{"embeddable":true,"href":"https:\/\/urbeamea.ro\/albaiulia\/wp-json\/wp\/v2\/comments?post=115671"}],"version-history":[{"count":1,"href":"https:\/\/urbeamea.ro\/albaiulia\/wp-json\/wp\/v2\/posts\/115671\/revisions"}],"predecessor-version":[{"id":115676,"href":"https:\/\/urbeamea.ro\/albaiulia\/wp-json\/wp\/v2\/posts\/115671\/revisions\/115676"}],"wp:featuredmedia":[{"embeddable":true,"href":"https:\/\/urbeamea.ro\/albaiulia\/wp-json\/wp\/v2\/media\/115675"}],"wp:attachment":[{"href":"https:\/\/urbeamea.ro\/albaiulia\/wp-json\/wp\/v2\/media?parent=115671"}],"wp:term":[{"taxonomy":"category","embeddable":true,"href":"https:\/\/urbeamea.ro\/albaiulia\/wp-json\/wp\/v2\/categories?post=115671"},{"taxonomy":"post_tag","embeddable":true,"href":"https:\/\/urbeamea.ro\/albaiulia\/wp-json\/wp\/v2\/tags?post=115671"}],"curies":[{"name":"wp","href":"https:\/\/api.w.org\/{rel}","templated":true}]}}