{"id":115677,"date":"2024-12-19T18:33:09","date_gmt":"2024-12-19T16:33:09","guid":{"rendered":"https:\/\/urbeamea.ro\/albaiulia\/?p=115677"},"modified":"2024-12-19T18:33:11","modified_gmt":"2024-12-19T16:33:11","slug":"cod-galben-de-ceata-in-alba-valabil-pana-la-ora-2300","status":"publish","type":"post","link":"https:\/\/urbeamea.ro\/albaiulia\/cod-galben-de-ceata-in-alba-valabil-pana-la-ora-2300\/","title":{"rendered":"Cod galben de cea\u021b\u0103 \u00een Alba, valabil p\u00e2n\u0103 la ora 23:00"},"content":{"rendered":"\n<p><strong>Administra\u0163ia Na\u0163ional\u0103 de Meteorologie a emis joi, o avertizare nowcasting Cod galben de cea\u0163\u0103 \u015fi vizibilitate redus\u0103, valabil la nivelul jude\u021bului Alba, p\u00e2n\u0103 la ora 23:00.<\/strong><\/p>\n\n\n\n<p>Potrivit ANM, se va semnala <strong>cea\u021b\u0103 ce determin\u0103 vizibilitate redus\u0103, local sub 200 m \u0219i izolat sub 50 m.<\/strong><\/p>\n\n\n\n<p>Localit\u0103\u021bile afectate de codul galben de cea\u021b\u0103, sunt: Alba Iulia, Aiud, Cugir, Sebe\u0219, Ocna Mure\u0219, Teiu\u0219, Ighiu, Unirea, Vin\u021bu de Jos, Galda de Jos, Mihal\u021b, Pianu, Strem\u021b, \u0218pring, S\u00e2ntimbru, Lunca Mure\u0219ului, Ciugud, \u0218ibot, Mir\u0103sl\u0103u, S\u0103li\u0219tea, Cric\u0103u, Livezile, R\u0103de\u0219ti, Cut, Blandiana<\/p>\n\n\n\n<figure class=\"wp-block-image size-full\"><img loading=\"lazy\" decoding=\"async\" width=\"620\" height=\"413\" src=\"https:\/\/urbeamea.ro\/albaiulia\/wp-content\/uploads\/2024\/12\/1000022152.jpg\" alt=\"\" class=\"wp-image-115678\" srcset=\"https:\/\/urbeamea.ro\/albaiulia\/wp-content\/uploads\/2024\/12\/1000022152.jpg 620w, https:\/\/urbeamea.ro\/albaiulia\/wp-content\/uploads\/2024\/12\/1000022152-150x100.jpg 150w\" sizes=\"auto, (max-width: 620px) 100vw, 620px\" \/><\/figure>\n\n\n\n<p><\/p>\n\n\n\n<p><\/p>\n\n\n\n<p><\/p>\n","protected":false},"excerpt":{"rendered":"<p>Administra\u0163ia Na\u0163ional\u0103 de Meteorologie a emis joi, o avertizare nowcasting Cod galben de cea\u0163\u0103 \u015fi vizibilitate redus\u0103, valabil la nivelul jude\u021bului Alba, p\u00e2n\u0103 la ora 23:00. Potrivit ANM, se va semnala cea\u021b\u0103 ce determin\u0103 vizibilitate redus\u0103, local sub 200 m \u0219i izolat sub 50 m. Localit\u0103\u021bile afectate de codul galben de cea\u021b\u0103, sunt: Alba Iulia, &hellip;<\/p>\n","protected":false},"author":28,"featured_media":115678,"comment_status":"open","ping_status":"open","sticky":false,"template":"","format":"standard","meta":{"inline_featured_image":false,"footnotes":""},"categories":[4,2034,16344],"tags":[25166],"class_list":["post-115677","post","type-post","status-publish","format-standard","has-post-thumbnail","hentry","category-eveniment","category-social","category-urbea-mea","tag-cod-galben-de-ceata"],"yoast_head":"<!-- This site is optimized with the Yoast SEO plugin v27.4 - https:\/\/yoast.com\/product\/yoast-seo-wordpress\/ -->\n<title>Cod galben de cea\u021b\u0103 \u00een Alba, valabil p\u00e2n\u0103 la ora 23:00 - Revista Urbea Mea - Revista de Alba<\/title>\n<meta name=\"description\" content=\"Administra\u0163ia Na\u0163ional\u0103 de Meteorologie a emis joi, o avertizare nowcasting Cod galben de cea\u0163\u0103 \u015fi vizibilitate redus\u0103, valabil la nivelul jude\u021bului Alba,\" \/>\n<meta name=\"robots\" content=\"index, follow, max-snippet:-1, max-image-preview:large, max-video-preview:-1\" \/>\n<link rel=\"canonical\" href=\"https:\/\/urbeamea.ro\/albaiulia\/cod-galben-de-ceata-in-alba-valabil-pana-la-ora-2300\/\" \/>\n<meta name=\"twitter:card\" content=\"summary_large_image\" \/>\n<meta name=\"twitter:title\" content=\"Cod galben de cea\u021b\u0103 \u00een Alba, valabil p\u00e2n\u0103 la ora 23:00 - Revista Urbea Mea - Revista de Alba\" \/>\n<meta name=\"twitter:description\" content=\"Administra\u0163ia Na\u0163ional\u0103 de Meteorologie a emis joi, o avertizare nowcasting Cod galben de cea\u0163\u0103 \u015fi vizibilitate redus\u0103, valabil la nivelul jude\u021bului Alba,\" \/>\n<meta name=\"twitter:image\" content=\"https:\/\/urbeamea.ro\/albaiulia\/wp-content\/uploads\/2024\/12\/1000022152.jpg\" \/>\n<meta name=\"twitter:creator\" content=\"@urbeameaweb\" \/>\n<meta name=\"twitter:site\" content=\"@urbeameaweb\" \/>\n<script type=\"application\/ld+json\" class=\"yoast-schema-graph\">{\"@context\":\"https:\\\/\\\/schema.org\",\"@graph\":[{\"@type\":\"Article\",\"@id\":\"https:\\\/\\\/urbeamea.ro\\\/albaiulia\\\/cod-galben-de-ceata-in-alba-valabil-pana-la-ora-2300\\\/#article\",\"isPartOf\":{\"@id\":\"https:\\\/\\\/urbeamea.ro\\\/albaiulia\\\/cod-galben-de-ceata-in-alba-valabil-pana-la-ora-2300\\\/\"},\"author\":{\"name\":\"Giurca Sorin\",\"@id\":\"https:\\\/\\\/urbeamea.ro\\\/albaiulia\\\/#\\\/schema\\\/person\\\/5db3854ac38c1cc9f0ab4092d6a20f02\"},\"headline\":\"Cod galben de cea\u021b\u0103 \u00een Alba, valabil p\u00e2n\u0103 la ora 23:00\",\"datePublished\":\"2024-12-19T16:33:09+00:00\",\"dateModified\":\"2024-12-19T16:33:11+00:00\",\"mainEntityOfPage\":{\"@id\":\"https:\\\/\\\/urbeamea.ro\\\/albaiulia\\\/cod-galben-de-ceata-in-alba-valabil-pana-la-ora-2300\\\/\"},\"wordCount\":108,\"commentCount\":0,\"image\":{\"@id\":\"https:\\\/\\\/urbeamea.ro\\\/albaiulia\\\/cod-galben-de-ceata-in-alba-valabil-pana-la-ora-2300\\\/#primaryimage\"},\"thumbnailUrl\":\"https:\\\/\\\/urbeamea.ro\\\/albaiulia\\\/wp-content\\\/uploads\\\/2024\\\/12\\\/1000022152.jpg\",\"keywords\":[\"Cod galben de ceata\"],\"articleSection\":[\"Evenimente\",\"Social\",\"Urbea Mea\"],\"inLanguage\":\"ro-RO\",\"potentialAction\":[{\"@type\":\"CommentAction\",\"name\":\"Comment\",\"target\":[\"https:\\\/\\\/urbeamea.ro\\\/albaiulia\\\/cod-galben-de-ceata-in-alba-valabil-pana-la-ora-2300\\\/#respond\"]}]},{\"@type\":\"WebPage\",\"@id\":\"https:\\\/\\\/urbeamea.ro\\\/albaiulia\\\/cod-galben-de-ceata-in-alba-valabil-pana-la-ora-2300\\\/\",\"url\":\"https:\\\/\\\/urbeamea.ro\\\/albaiulia\\\/cod-galben-de-ceata-in-alba-valabil-pana-la-ora-2300\\\/\",\"name\":\"Cod galben de cea\u021b\u0103 \u00een Alba, valabil p\u00e2n\u0103 la ora 23:00 - Revista Urbea Mea - Revista de Alba\",\"isPartOf\":{\"@id\":\"https:\\\/\\\/urbeamea.ro\\\/albaiulia\\\/#website\"},\"primaryImageOfPage\":{\"@id\":\"https:\\\/\\\/urbeamea.ro\\\/albaiulia\\\/cod-galben-de-ceata-in-alba-valabil-pana-la-ora-2300\\\/#primaryimage\"},\"image\":{\"@id\":\"https:\\\/\\\/urbeamea.ro\\\/albaiulia\\\/cod-galben-de-ceata-in-alba-valabil-pana-la-ora-2300\\\/#primaryimage\"},\"thumbnailUrl\":\"https:\\\/\\\/urbeamea.ro\\\/albaiulia\\\/wp-content\\\/uploads\\\/2024\\\/12\\\/1000022152.jpg\",\"datePublished\":\"2024-12-19T16:33:09+00:00\",\"dateModified\":\"2024-12-19T16:33:11+00:00\",\"author\":{\"@id\":\"https:\\\/\\\/urbeamea.ro\\\/albaiulia\\\/#\\\/schema\\\/person\\\/5db3854ac38c1cc9f0ab4092d6a20f02\"},\"description\":\"Administra\u0163ia Na\u0163ional\u0103 de Meteorologie a emis joi, o avertizare nowcasting Cod galben de cea\u0163\u0103 \u015fi vizibilitate redus\u0103, valabil la nivelul jude\u021bului Alba,\",\"breadcrumb\":{\"@id\":\"https:\\\/\\\/urbeamea.ro\\\/albaiulia\\\/cod-galben-de-ceata-in-alba-valabil-pana-la-ora-2300\\\/#breadcrumb\"},\"inLanguage\":\"ro-RO\",\"potentialAction\":[{\"@type\":\"ReadAction\",\"target\":[\"https:\\\/\\\/urbeamea.ro\\\/albaiulia\\\/cod-galben-de-ceata-in-alba-valabil-pana-la-ora-2300\\\/\"]}]},{\"@type\":\"ImageObject\",\"inLanguage\":\"ro-RO\",\"@id\":\"https:\\\/\\\/urbeamea.ro\\\/albaiulia\\\/cod-galben-de-ceata-in-alba-valabil-pana-la-ora-2300\\\/#primaryimage\",\"url\":\"https:\\\/\\\/urbeamea.ro\\\/albaiulia\\\/wp-content\\\/uploads\\\/2024\\\/12\\\/1000022152.jpg\",\"contentUrl\":\"https:\\\/\\\/urbeamea.ro\\\/albaiulia\\\/wp-content\\\/uploads\\\/2024\\\/12\\\/1000022152.jpg\",\"width\":620,\"height\":413},{\"@type\":\"BreadcrumbList\",\"@id\":\"https:\\\/\\\/urbeamea.ro\\\/albaiulia\\\/cod-galben-de-ceata-in-alba-valabil-pana-la-ora-2300\\\/#breadcrumb\",\"itemListElement\":[{\"@type\":\"ListItem\",\"position\":1,\"name\":\"Prima pagin\u0103\",\"item\":\"https:\\\/\\\/urbeamea.ro\\\/albaiulia\\\/\"},{\"@type\":\"ListItem\",\"position\":2,\"name\":\"Cod galben de cea\u021b\u0103 \u00een Alba, valabil p\u00e2n\u0103 la ora 23:00\"}]},{\"@type\":\"WebSite\",\"@id\":\"https:\\\/\\\/urbeamea.ro\\\/albaiulia\\\/#website\",\"url\":\"https:\\\/\\\/urbeamea.ro\\\/albaiulia\\\/\",\"name\":\"Revista Urbea Mea, Stiri urbane\",\"description\":\"Evenimente \u0219i \u0219tiri din Alba Iulia, Sebe\u0219, Aiud, Blaj\",\"potentialAction\":[{\"@type\":\"SearchAction\",\"target\":{\"@type\":\"EntryPoint\",\"urlTemplate\":\"https:\\\/\\\/urbeamea.ro\\\/albaiulia\\\/?s={search_term_string}\"},\"query-input\":{\"@type\":\"PropertyValueSpecification\",\"valueRequired\":true,\"valueName\":\"search_term_string\"}}],\"inLanguage\":\"ro-RO\"},{\"@type\":\"Person\",\"@id\":\"https:\\\/\\\/urbeamea.ro\\\/albaiulia\\\/#\\\/schema\\\/person\\\/5db3854ac38c1cc9f0ab4092d6a20f02\",\"name\":\"Giurca Sorin\",\"image\":{\"@type\":\"ImageObject\",\"inLanguage\":\"ro-RO\",\"@id\":\"https:\\\/\\\/secure.gravatar.com\\\/avatar\\\/120f6fcae7b3b47a7730cb9943f612f4909f68ac5284b5f40ac1c4615fd70576?s=96&d=mm&r=g\",\"url\":\"https:\\\/\\\/secure.gravatar.com\\\/avatar\\\/120f6fcae7b3b47a7730cb9943f612f4909f68ac5284b5f40ac1c4615fd70576?s=96&d=mm&r=g\",\"contentUrl\":\"https:\\\/\\\/secure.gravatar.com\\\/avatar\\\/120f6fcae7b3b47a7730cb9943f612f4909f68ac5284b5f40ac1c4615fd70576?s=96&d=mm&r=g\",\"caption\":\"Giurca Sorin\"},\"url\":\"https:\\\/\\\/urbeamea.ro\\\/albaiulia\\\/author\\\/sorin\\\/\"}]}<\/script>\n<!-- \/ Yoast SEO plugin. -->","yoast_head_json":{"title":"Cod galben de cea\u021b\u0103 \u00een Alba, valabil p\u00e2n\u0103 la ora 23:00 - Revista Urbea Mea - Revista de Alba","description":"Administra\u0163ia Na\u0163ional\u0103 de Meteorologie a emis joi, o avertizare nowcasting Cod galben de cea\u0163\u0103 \u015fi vizibilitate redus\u0103, valabil la nivelul jude\u021bului Alba,","robots":{"index":"index","follow":"follow","max-snippet":"max-snippet:-1","max-image-preview":"max-image-preview:large","max-video-preview":"max-video-preview:-1"},"canonical":"https:\/\/urbeamea.ro\/albaiulia\/cod-galben-de-ceata-in-alba-valabil-pana-la-ora-2300\/","twitter_card":"summary_large_image","twitter_title":"Cod galben de cea\u021b\u0103 \u00een Alba, valabil p\u00e2n\u0103 la ora 23:00 - Revista Urbea Mea - Revista de Alba","twitter_description":"Administra\u0163ia Na\u0163ional\u0103 de Meteorologie a emis joi, o avertizare nowcasting Cod galben de cea\u0163\u0103 \u015fi vizibilitate redus\u0103, valabil la nivelul jude\u021bului Alba,","twitter_image":"https:\/\/urbeamea.ro\/albaiulia\/wp-content\/uploads\/2024\/12\/1000022152.jpg","twitter_creator":"@urbeameaweb","twitter_site":"@urbeameaweb","schema":{"@context":"https:\/\/schema.org","@graph":[{"@type":"Article","@id":"https:\/\/urbeamea.ro\/albaiulia\/cod-galben-de-ceata-in-alba-valabil-pana-la-ora-2300\/#article","isPartOf":{"@id":"https:\/\/urbeamea.ro\/albaiulia\/cod-galben-de-ceata-in-alba-valabil-pana-la-ora-2300\/"},"author":{"name":"Giurca Sorin","@id":"https:\/\/urbeamea.ro\/albaiulia\/#\/schema\/person\/5db3854ac38c1cc9f0ab4092d6a20f02"},"headline":"Cod galben de cea\u021b\u0103 \u00een Alba, valabil p\u00e2n\u0103 la ora 23:00","datePublished":"2024-12-19T16:33:09+00:00","dateModified":"2024-12-19T16:33:11+00:00","mainEntityOfPage":{"@id":"https:\/\/urbeamea.ro\/albaiulia\/cod-galben-de-ceata-in-alba-valabil-pana-la-ora-2300\/"},"wordCount":108,"commentCount":0,"image":{"@id":"https:\/\/urbeamea.ro\/albaiulia\/cod-galben-de-ceata-in-alba-valabil-pana-la-ora-2300\/#primaryimage"},"thumbnailUrl":"https:\/\/urbeamea.ro\/albaiulia\/wp-content\/uploads\/2024\/12\/1000022152.jpg","keywords":["Cod galben de ceata"],"articleSection":["Evenimente","Social","Urbea Mea"],"inLanguage":"ro-RO","potentialAction":[{"@type":"CommentAction","name":"Comment","target":["https:\/\/urbeamea.ro\/albaiulia\/cod-galben-de-ceata-in-alba-valabil-pana-la-ora-2300\/#respond"]}]},{"@type":"WebPage","@id":"https:\/\/urbeamea.ro\/albaiulia\/cod-galben-de-ceata-in-alba-valabil-pana-la-ora-2300\/","url":"https:\/\/urbeamea.ro\/albaiulia\/cod-galben-de-ceata-in-alba-valabil-pana-la-ora-2300\/","name":"Cod galben de cea\u021b\u0103 \u00een Alba, valabil p\u00e2n\u0103 la ora 23:00 - Revista Urbea Mea - Revista de Alba","isPartOf":{"@id":"https:\/\/urbeamea.ro\/albaiulia\/#website"},"primaryImageOfPage":{"@id":"https:\/\/urbeamea.ro\/albaiulia\/cod-galben-de-ceata-in-alba-valabil-pana-la-ora-2300\/#primaryimage"},"image":{"@id":"https:\/\/urbeamea.ro\/albaiulia\/cod-galben-de-ceata-in-alba-valabil-pana-la-ora-2300\/#primaryimage"},"thumbnailUrl":"https:\/\/urbeamea.ro\/albaiulia\/wp-content\/uploads\/2024\/12\/1000022152.jpg","datePublished":"2024-12-19T16:33:09+00:00","dateModified":"2024-12-19T16:33:11+00:00","author":{"@id":"https:\/\/urbeamea.ro\/albaiulia\/#\/schema\/person\/5db3854ac38c1cc9f0ab4092d6a20f02"},"description":"Administra\u0163ia Na\u0163ional\u0103 de Meteorologie a emis joi, o avertizare nowcasting Cod galben de cea\u0163\u0103 \u015fi vizibilitate redus\u0103, valabil la nivelul jude\u021bului Alba,","breadcrumb":{"@id":"https:\/\/urbeamea.ro\/albaiulia\/cod-galben-de-ceata-in-alba-valabil-pana-la-ora-2300\/#breadcrumb"},"inLanguage":"ro-RO","potentialAction":[{"@type":"ReadAction","target":["https:\/\/urbeamea.ro\/albaiulia\/cod-galben-de-ceata-in-alba-valabil-pana-la-ora-2300\/"]}]},{"@type":"ImageObject","inLanguage":"ro-RO","@id":"https:\/\/urbeamea.ro\/albaiulia\/cod-galben-de-ceata-in-alba-valabil-pana-la-ora-2300\/#primaryimage","url":"https:\/\/urbeamea.ro\/albaiulia\/wp-content\/uploads\/2024\/12\/1000022152.jpg","contentUrl":"https:\/\/urbeamea.ro\/albaiulia\/wp-content\/uploads\/2024\/12\/1000022152.jpg","width":620,"height":413},{"@type":"BreadcrumbList","@id":"https:\/\/urbeamea.ro\/albaiulia\/cod-galben-de-ceata-in-alba-valabil-pana-la-ora-2300\/#breadcrumb","itemListElement":[{"@type":"ListItem","position":1,"name":"Prima pagin\u0103","item":"https:\/\/urbeamea.ro\/albaiulia\/"},{"@type":"ListItem","position":2,"name":"Cod galben de cea\u021b\u0103 \u00een Alba, valabil p\u00e2n\u0103 la ora 23:00"}]},{"@type":"WebSite","@id":"https:\/\/urbeamea.ro\/albaiulia\/#website","url":"https:\/\/urbeamea.ro\/albaiulia\/","name":"Revista Urbea Mea, Stiri urbane","description":"Evenimente \u0219i \u0219tiri din Alba Iulia, Sebe\u0219, Aiud, Blaj","potentialAction":[{"@type":"SearchAction","target":{"@type":"EntryPoint","urlTemplate":"https:\/\/urbeamea.ro\/albaiulia\/?s={search_term_string}"},"query-input":{"@type":"PropertyValueSpecification","valueRequired":true,"valueName":"search_term_string"}}],"inLanguage":"ro-RO"},{"@type":"Person","@id":"https:\/\/urbeamea.ro\/albaiulia\/#\/schema\/person\/5db3854ac38c1cc9f0ab4092d6a20f02","name":"Giurca Sorin","image":{"@type":"ImageObject","inLanguage":"ro-RO","@id":"https:\/\/secure.gravatar.com\/avatar\/120f6fcae7b3b47a7730cb9943f612f4909f68ac5284b5f40ac1c4615fd70576?s=96&d=mm&r=g","url":"https:\/\/secure.gravatar.com\/avatar\/120f6fcae7b3b47a7730cb9943f612f4909f68ac5284b5f40ac1c4615fd70576?s=96&d=mm&r=g","contentUrl":"https:\/\/secure.gravatar.com\/avatar\/120f6fcae7b3b47a7730cb9943f612f4909f68ac5284b5f40ac1c4615fd70576?s=96&d=mm&r=g","caption":"Giurca Sorin"},"url":"https:\/\/urbeamea.ro\/albaiulia\/author\/sorin\/"}]}},"_links":{"self":[{"href":"https:\/\/urbeamea.ro\/albaiulia\/wp-json\/wp\/v2\/posts\/115677","targetHints":{"allow":["GET"]}}],"collection":[{"href":"https:\/\/urbeamea.ro\/albaiulia\/wp-json\/wp\/v2\/posts"}],"about":[{"href":"https:\/\/urbeamea.ro\/albaiulia\/wp-json\/wp\/v2\/types\/post"}],"author":[{"embeddable":true,"href":"https:\/\/urbeamea.ro\/albaiulia\/wp-json\/wp\/v2\/users\/28"}],"replies":[{"embeddable":true,"href":"https:\/\/urbeamea.ro\/albaiulia\/wp-json\/wp\/v2\/comments?post=115677"}],"version-history":[{"count":1,"href":"https:\/\/urbeamea.ro\/albaiulia\/wp-json\/wp\/v2\/posts\/115677\/revisions"}],"predecessor-version":[{"id":115679,"href":"https:\/\/urbeamea.ro\/albaiulia\/wp-json\/wp\/v2\/posts\/115677\/revisions\/115679"}],"wp:featuredmedia":[{"embeddable":true,"href":"https:\/\/urbeamea.ro\/albaiulia\/wp-json\/wp\/v2\/media\/115678"}],"wp:attachment":[{"href":"https:\/\/urbeamea.ro\/albaiulia\/wp-json\/wp\/v2\/media?parent=115677"}],"wp:term":[{"taxonomy":"category","embeddable":true,"href":"https:\/\/urbeamea.ro\/albaiulia\/wp-json\/wp\/v2\/categories?post=115677"},{"taxonomy":"post_tag","embeddable":true,"href":"https:\/\/urbeamea.ro\/albaiulia\/wp-json\/wp\/v2\/tags?post=115677"}],"curies":[{"name":"wp","href":"https:\/\/api.w.org\/{rel}","templated":true}]}}