{"id":115734,"date":"2024-12-22T17:03:22","date_gmt":"2024-12-22T15:03:22","guid":{"rendered":"https:\/\/urbeamea.ro\/albaiulia\/?p=115734"},"modified":"2024-12-22T17:03:24","modified_gmt":"2024-12-22T15:03:24","slug":"colinde-stravechi-interpretate-de-maramu-la-targul-de-craciun-de-la-palatul-principilor-transilvaniei-din-alba-iulia","status":"publish","type":"post","link":"https:\/\/urbeamea.ro\/albaiulia\/colinde-stravechi-interpretate-de-maramu-la-targul-de-craciun-de-la-palatul-principilor-transilvaniei-din-alba-iulia\/","title":{"rendered":"Colinde str\u0103vechi interpretate de MARAMU, la T\u00e2rgul de Cr\u0103ciun de la Palatul Principilor Transilvaniei din Alba Iulia"},"content":{"rendered":"\n<p><strong>Colindele str\u0103vechi, tradi\u021bionale interpretate \u00een versiune contemporan\u0103, au r\u0103sunat s\u00e2mb\u0103t\u0103 seara, pe scena T\u00e2rgului de Cr\u0103ciun desf\u0103\u0219urat la Palatul Principilor Transilvaniei din Alba Iulia. <\/strong><\/p>\n\n\n\n<p>&#8222;\ud835\udc0c\ud835\udc00\u2022\ud835\udc11\ud835\udc00\u2022\ud835\udc0c\ud835\udc14 &#8211; un tribut adus colindelor str\u0103vechi, re\u00eenviate \u00eentr-o form\u0103 ce r\u0103sun\u0103 puternic \u00een prezent. Sunete arhaice, armonii moderne \u0219i emo\u021bia autentic\u0103 a s\u0103rb\u0103torilor, toate au f\u0103cut din acest concert unul de neuitat \u00een T\u00e2rgul de Cr\u0103ciun&#8221;, au transmis reprezentan\u021bii prin intermediul paginii de socializare, Palatului Principilor Transilvaniei.<\/p>\n\n\n\n<figure class=\"wp-block-gallery has-nested-images columns-default is-cropped wp-block-gallery-1 is-layout-flex wp-block-gallery-is-layout-flex\">\n<figure class=\"wp-block-image size-large\"><img loading=\"lazy\" decoding=\"async\" width=\"1080\" height=\"720\" data-id=\"115735\" src=\"https:\/\/urbeamea.ro\/albaiulia\/wp-content\/uploads\/2024\/12\/1000022361.jpg\" alt=\"\" class=\"wp-image-115735\" srcset=\"https:\/\/urbeamea.ro\/albaiulia\/wp-content\/uploads\/2024\/12\/1000022361.jpg 1080w, https:\/\/urbeamea.ro\/albaiulia\/wp-content\/uploads\/2024\/12\/1000022361-640x427.jpg 640w, https:\/\/urbeamea.ro\/albaiulia\/wp-content\/uploads\/2024\/12\/1000022361-150x100.jpg 150w, https:\/\/urbeamea.ro\/albaiulia\/wp-content\/uploads\/2024\/12\/1000022361-768x512.jpg 768w\" sizes=\"auto, (max-width: 1080px) 100vw, 1080px\" \/><\/figure>\n\n\n\n<figure class=\"wp-block-image size-large\"><img loading=\"lazy\" decoding=\"async\" width=\"1080\" height=\"720\" data-id=\"115736\" src=\"https:\/\/urbeamea.ro\/albaiulia\/wp-content\/uploads\/2024\/12\/1000022364.jpg\" alt=\"\" class=\"wp-image-115736\" srcset=\"https:\/\/urbeamea.ro\/albaiulia\/wp-content\/uploads\/2024\/12\/1000022364.jpg 1080w, https:\/\/urbeamea.ro\/albaiulia\/wp-content\/uploads\/2024\/12\/1000022364-640x427.jpg 640w, https:\/\/urbeamea.ro\/albaiulia\/wp-content\/uploads\/2024\/12\/1000022364-150x100.jpg 150w, https:\/\/urbeamea.ro\/albaiulia\/wp-content\/uploads\/2024\/12\/1000022364-768x512.jpg 768w\" sizes=\"auto, (max-width: 1080px) 100vw, 1080px\" \/><\/figure>\n\n\n\n<figure class=\"wp-block-image size-large\"><img loading=\"lazy\" decoding=\"async\" width=\"1080\" height=\"720\" data-id=\"115737\" src=\"https:\/\/urbeamea.ro\/albaiulia\/wp-content\/uploads\/2024\/12\/1000022363.jpg\" alt=\"\" class=\"wp-image-115737\" srcset=\"https:\/\/urbeamea.ro\/albaiulia\/wp-content\/uploads\/2024\/12\/1000022363.jpg 1080w, https:\/\/urbeamea.ro\/albaiulia\/wp-content\/uploads\/2024\/12\/1000022363-640x427.jpg 640w, https:\/\/urbeamea.ro\/albaiulia\/wp-content\/uploads\/2024\/12\/1000022363-150x100.jpg 150w, https:\/\/urbeamea.ro\/albaiulia\/wp-content\/uploads\/2024\/12\/1000022363-768x512.jpg 768w\" sizes=\"auto, (max-width: 1080px) 100vw, 1080px\" \/><\/figure>\n\n\n\n<figure class=\"wp-block-image size-large\"><img loading=\"lazy\" decoding=\"async\" width=\"853\" height=\"1280\" data-id=\"115740\" src=\"https:\/\/urbeamea.ro\/albaiulia\/wp-content\/uploads\/2024\/12\/1000022362-853x1280.jpg\" alt=\"\" class=\"wp-image-115740\" srcset=\"https:\/\/urbeamea.ro\/albaiulia\/wp-content\/uploads\/2024\/12\/1000022362-853x1280.jpg 853w, https:\/\/urbeamea.ro\/albaiulia\/wp-content\/uploads\/2024\/12\/1000022362-427x640.jpg 427w, https:\/\/urbeamea.ro\/albaiulia\/wp-content\/uploads\/2024\/12\/1000022362-100x150.jpg 100w, https:\/\/urbeamea.ro\/albaiulia\/wp-content\/uploads\/2024\/12\/1000022362-768x1152.jpg 768w, https:\/\/urbeamea.ro\/albaiulia\/wp-content\/uploads\/2024\/12\/1000022362-1024x1536.jpg 1024w, https:\/\/urbeamea.ro\/albaiulia\/wp-content\/uploads\/2024\/12\/1000022362.jpg 1080w\" sizes=\"auto, (max-width: 853px) 100vw, 853px\" \/><\/figure>\n\n\n\n<figure class=\"wp-block-image size-large\"><img loading=\"lazy\" decoding=\"async\" width=\"853\" height=\"1280\" data-id=\"115741\" src=\"https:\/\/urbeamea.ro\/albaiulia\/wp-content\/uploads\/2024\/12\/1000022365-853x1280.jpg\" alt=\"\" class=\"wp-image-115741\" srcset=\"https:\/\/urbeamea.ro\/albaiulia\/wp-content\/uploads\/2024\/12\/1000022365-853x1280.jpg 853w, https:\/\/urbeamea.ro\/albaiulia\/wp-content\/uploads\/2024\/12\/1000022365-427x640.jpg 427w, https:\/\/urbeamea.ro\/albaiulia\/wp-content\/uploads\/2024\/12\/1000022365-100x150.jpg 100w, https:\/\/urbeamea.ro\/albaiulia\/wp-content\/uploads\/2024\/12\/1000022365-768x1152.jpg 768w, https:\/\/urbeamea.ro\/albaiulia\/wp-content\/uploads\/2024\/12\/1000022365-1024x1536.jpg 1024w, https:\/\/urbeamea.ro\/albaiulia\/wp-content\/uploads\/2024\/12\/1000022365.jpg 1080w\" sizes=\"auto, (max-width: 853px) 100vw, 853px\" \/><\/figure>\n\n\n\n<figure class=\"wp-block-image size-large\"><img loading=\"lazy\" decoding=\"async\" width=\"1080\" height=\"720\" data-id=\"115738\" src=\"https:\/\/urbeamea.ro\/albaiulia\/wp-content\/uploads\/2024\/12\/1000022366.jpg\" alt=\"\" class=\"wp-image-115738\" srcset=\"https:\/\/urbeamea.ro\/albaiulia\/wp-content\/uploads\/2024\/12\/1000022366.jpg 1080w, https:\/\/urbeamea.ro\/albaiulia\/wp-content\/uploads\/2024\/12\/1000022366-640x427.jpg 640w, https:\/\/urbeamea.ro\/albaiulia\/wp-content\/uploads\/2024\/12\/1000022366-150x100.jpg 150w, https:\/\/urbeamea.ro\/albaiulia\/wp-content\/uploads\/2024\/12\/1000022366-768x512.jpg 768w\" sizes=\"auto, (max-width: 1080px) 100vw, 1080px\" \/><\/figure>\n\n\n\n<figure class=\"wp-block-image size-large\"><img loading=\"lazy\" decoding=\"async\" width=\"1080\" height=\"720\" data-id=\"115739\" src=\"https:\/\/urbeamea.ro\/albaiulia\/wp-content\/uploads\/2024\/12\/1000022367.jpg\" alt=\"\" class=\"wp-image-115739\" srcset=\"https:\/\/urbeamea.ro\/albaiulia\/wp-content\/uploads\/2024\/12\/1000022367.jpg 1080w, https:\/\/urbeamea.ro\/albaiulia\/wp-content\/uploads\/2024\/12\/1000022367-640x427.jpg 640w, https:\/\/urbeamea.ro\/albaiulia\/wp-content\/uploads\/2024\/12\/1000022367-150x100.jpg 150w, https:\/\/urbeamea.ro\/albaiulia\/wp-content\/uploads\/2024\/12\/1000022367-768x512.jpg 768w\" sizes=\"auto, (max-width: 1080px) 100vw, 1080px\" \/><\/figure>\n\n\n\n<figure class=\"wp-block-image size-large\"><img loading=\"lazy\" decoding=\"async\" width=\"1080\" height=\"720\" data-id=\"115742\" src=\"https:\/\/urbeamea.ro\/albaiulia\/wp-content\/uploads\/2024\/12\/1000022370.jpg\" alt=\"\" class=\"wp-image-115742\" srcset=\"https:\/\/urbeamea.ro\/albaiulia\/wp-content\/uploads\/2024\/12\/1000022370.jpg 1080w, https:\/\/urbeamea.ro\/albaiulia\/wp-content\/uploads\/2024\/12\/1000022370-640x427.jpg 640w, https:\/\/urbeamea.ro\/albaiulia\/wp-content\/uploads\/2024\/12\/1000022370-150x100.jpg 150w, https:\/\/urbeamea.ro\/albaiulia\/wp-content\/uploads\/2024\/12\/1000022370-768x512.jpg 768w\" sizes=\"auto, (max-width: 1080px) 100vw, 1080px\" \/><\/figure>\n\n\n\n<figure class=\"wp-block-image size-large\"><img loading=\"lazy\" decoding=\"async\" width=\"1080\" height=\"720\" data-id=\"115743\" src=\"https:\/\/urbeamea.ro\/albaiulia\/wp-content\/uploads\/2024\/12\/1000022369.jpg\" alt=\"\" class=\"wp-image-115743\" srcset=\"https:\/\/urbeamea.ro\/albaiulia\/wp-content\/uploads\/2024\/12\/1000022369.jpg 1080w, https:\/\/urbeamea.ro\/albaiulia\/wp-content\/uploads\/2024\/12\/1000022369-640x427.jpg 640w, https:\/\/urbeamea.ro\/albaiulia\/wp-content\/uploads\/2024\/12\/1000022369-150x100.jpg 150w, https:\/\/urbeamea.ro\/albaiulia\/wp-content\/uploads\/2024\/12\/1000022369-768x512.jpg 768w\" sizes=\"auto, (max-width: 1080px) 100vw, 1080px\" \/><\/figure>\n\n\n\n<figure class=\"wp-block-image size-large\"><img loading=\"lazy\" decoding=\"async\" width=\"1080\" height=\"720\" data-id=\"115744\" src=\"https:\/\/urbeamea.ro\/albaiulia\/wp-content\/uploads\/2024\/12\/1000022368.jpg\" alt=\"\" class=\"wp-image-115744\" srcset=\"https:\/\/urbeamea.ro\/albaiulia\/wp-content\/uploads\/2024\/12\/1000022368.jpg 1080w, https:\/\/urbeamea.ro\/albaiulia\/wp-content\/uploads\/2024\/12\/1000022368-640x427.jpg 640w, https:\/\/urbeamea.ro\/albaiulia\/wp-content\/uploads\/2024\/12\/1000022368-150x100.jpg 150w, https:\/\/urbeamea.ro\/albaiulia\/wp-content\/uploads\/2024\/12\/1000022368-768x512.jpg 768w\" sizes=\"auto, (max-width: 1080px) 100vw, 1080px\" \/><\/figure>\n<\/figure>\n","protected":false},"excerpt":{"rendered":"<p>Colindele str\u0103vechi, tradi\u021bionale interpretate \u00een versiune contemporan\u0103, au r\u0103sunat s\u00e2mb\u0103t\u0103 seara, pe scena T\u00e2rgului de Cr\u0103ciun desf\u0103\u0219urat la Palatul Principilor Transilvaniei din Alba Iulia. &#8222;\ud835\udc0c\ud835\udc00\u2022\ud835\udc11\ud835\udc00\u2022\ud835\udc0c\ud835\udc14 &#8211; un tribut adus colindelor str\u0103vechi, re\u00eenviate \u00eentr-o form\u0103 ce r\u0103sun\u0103 puternic \u00een prezent. Sunete arhaice, armonii moderne \u0219i emo\u021bia autentic\u0103 a s\u0103rb\u0103torilor, toate au f\u0103cut din acest concert unul &hellip;<\/p>\n","protected":false},"author":28,"featured_media":115737,"comment_status":"open","ping_status":"open","sticky":false,"template":"","format":"standard","meta":{"inline_featured_image":false,"footnotes":""},"categories":[2038,4,2034,16344],"tags":[25168,5826],"class_list":["post-115734","post","type-post","status-publish","format-standard","has-post-thumbnail","hentry","category-cultura","category-eveniment","category-social","category-urbea-mea","tag-maramu","tag-palatul-principilor"],"yoast_head":"<!-- This site is optimized with the Yoast SEO plugin v27.4 - https:\/\/yoast.com\/product\/yoast-seo-wordpress\/ -->\n<title>Colinde str\u0103vechi interpretate de MARAMU, la T\u00e2rgul de Cr\u0103ciun de la Palatul Principilor Transilvaniei din Alba Iulia - Revista Urbea Mea - Revista de Alba<\/title>\n<meta name=\"description\" content=\"Colindele str\u0103vechi, tradi\u021bionale interpretate \u00een versiune contemporan\u0103, au r\u0103sunat s\u00e2mb\u0103t\u0103 seara, pe scena T\u00e2rgului de Cr\u0103ciun desf\u0103\u0219urat la Palatul\" \/>\n<meta name=\"robots\" content=\"index, follow, max-snippet:-1, max-image-preview:large, max-video-preview:-1\" \/>\n<link rel=\"canonical\" href=\"https:\/\/urbeamea.ro\/albaiulia\/colinde-stravechi-interpretate-de-maramu-la-targul-de-craciun-de-la-palatul-principilor-transilvaniei-din-alba-iulia\/\" \/>\n<meta name=\"twitter:card\" content=\"summary_large_image\" \/>\n<meta name=\"twitter:title\" content=\"Colinde str\u0103vechi interpretate de MARAMU, la T\u00e2rgul de Cr\u0103ciun de la Palatul Principilor Transilvaniei din Alba Iulia - Revista Urbea Mea - Revista de Alba\" \/>\n<meta name=\"twitter:description\" content=\"Colindele str\u0103vechi, tradi\u021bionale interpretate \u00een versiune contemporan\u0103, au r\u0103sunat s\u00e2mb\u0103t\u0103 seara, pe scena T\u00e2rgului de Cr\u0103ciun desf\u0103\u0219urat la Palatul\" \/>\n<meta name=\"twitter:image\" content=\"https:\/\/urbeamea.ro\/albaiulia\/wp-content\/uploads\/2024\/12\/1000022363.jpg\" \/>\n<meta name=\"twitter:creator\" content=\"@urbeameaweb\" \/>\n<meta name=\"twitter:site\" content=\"@urbeameaweb\" \/>\n<script type=\"application\/ld+json\" class=\"yoast-schema-graph\">{\"@context\":\"https:\\\/\\\/schema.org\",\"@graph\":[{\"@type\":\"Article\",\"@id\":\"https:\\\/\\\/urbeamea.ro\\\/albaiulia\\\/colinde-stravechi-interpretate-de-maramu-la-targul-de-craciun-de-la-palatul-principilor-transilvaniei-din-alba-iulia\\\/#article\",\"isPartOf\":{\"@id\":\"https:\\\/\\\/urbeamea.ro\\\/albaiulia\\\/colinde-stravechi-interpretate-de-maramu-la-targul-de-craciun-de-la-palatul-principilor-transilvaniei-din-alba-iulia\\\/\"},\"author\":{\"name\":\"Giurca Sorin\",\"@id\":\"https:\\\/\\\/urbeamea.ro\\\/albaiulia\\\/#\\\/schema\\\/person\\\/5db3854ac38c1cc9f0ab4092d6a20f02\"},\"headline\":\"Colinde str\u0103vechi interpretate de MARAMU, la T\u00e2rgul de Cr\u0103ciun de la Palatul Principilor Transilvaniei din Alba Iulia\",\"datePublished\":\"2024-12-22T15:03:22+00:00\",\"dateModified\":\"2024-12-22T15:03:24+00:00\",\"mainEntityOfPage\":{\"@id\":\"https:\\\/\\\/urbeamea.ro\\\/albaiulia\\\/colinde-stravechi-interpretate-de-maramu-la-targul-de-craciun-de-la-palatul-principilor-transilvaniei-din-alba-iulia\\\/\"},\"wordCount\":109,\"commentCount\":0,\"image\":{\"@id\":\"https:\\\/\\\/urbeamea.ro\\\/albaiulia\\\/colinde-stravechi-interpretate-de-maramu-la-targul-de-craciun-de-la-palatul-principilor-transilvaniei-din-alba-iulia\\\/#primaryimage\"},\"thumbnailUrl\":\"https:\\\/\\\/urbeamea.ro\\\/albaiulia\\\/wp-content\\\/uploads\\\/2024\\\/12\\\/1000022363.jpg\",\"keywords\":[\"Maramu\",\"palatul principilor\"],\"articleSection\":[\"Cultur\u0103\",\"Evenimente\",\"Social\",\"Urbea Mea\"],\"inLanguage\":\"ro-RO\",\"potentialAction\":[{\"@type\":\"CommentAction\",\"name\":\"Comment\",\"target\":[\"https:\\\/\\\/urbeamea.ro\\\/albaiulia\\\/colinde-stravechi-interpretate-de-maramu-la-targul-de-craciun-de-la-palatul-principilor-transilvaniei-din-alba-iulia\\\/#respond\"]}]},{\"@type\":\"WebPage\",\"@id\":\"https:\\\/\\\/urbeamea.ro\\\/albaiulia\\\/colinde-stravechi-interpretate-de-maramu-la-targul-de-craciun-de-la-palatul-principilor-transilvaniei-din-alba-iulia\\\/\",\"url\":\"https:\\\/\\\/urbeamea.ro\\\/albaiulia\\\/colinde-stravechi-interpretate-de-maramu-la-targul-de-craciun-de-la-palatul-principilor-transilvaniei-din-alba-iulia\\\/\",\"name\":\"Colinde str\u0103vechi interpretate de MARAMU, la T\u00e2rgul de Cr\u0103ciun de la Palatul Principilor Transilvaniei din Alba Iulia - Revista Urbea Mea - Revista de Alba\",\"isPartOf\":{\"@id\":\"https:\\\/\\\/urbeamea.ro\\\/albaiulia\\\/#website\"},\"primaryImageOfPage\":{\"@id\":\"https:\\\/\\\/urbeamea.ro\\\/albaiulia\\\/colinde-stravechi-interpretate-de-maramu-la-targul-de-craciun-de-la-palatul-principilor-transilvaniei-din-alba-iulia\\\/#primaryimage\"},\"image\":{\"@id\":\"https:\\\/\\\/urbeamea.ro\\\/albaiulia\\\/colinde-stravechi-interpretate-de-maramu-la-targul-de-craciun-de-la-palatul-principilor-transilvaniei-din-alba-iulia\\\/#primaryimage\"},\"thumbnailUrl\":\"https:\\\/\\\/urbeamea.ro\\\/albaiulia\\\/wp-content\\\/uploads\\\/2024\\\/12\\\/1000022363.jpg\",\"datePublished\":\"2024-12-22T15:03:22+00:00\",\"dateModified\":\"2024-12-22T15:03:24+00:00\",\"author\":{\"@id\":\"https:\\\/\\\/urbeamea.ro\\\/albaiulia\\\/#\\\/schema\\\/person\\\/5db3854ac38c1cc9f0ab4092d6a20f02\"},\"description\":\"Colindele str\u0103vechi, tradi\u021bionale interpretate \u00een versiune contemporan\u0103, au r\u0103sunat s\u00e2mb\u0103t\u0103 seara, pe scena T\u00e2rgului de Cr\u0103ciun desf\u0103\u0219urat la Palatul\",\"breadcrumb\":{\"@id\":\"https:\\\/\\\/urbeamea.ro\\\/albaiulia\\\/colinde-stravechi-interpretate-de-maramu-la-targul-de-craciun-de-la-palatul-principilor-transilvaniei-din-alba-iulia\\\/#breadcrumb\"},\"inLanguage\":\"ro-RO\",\"potentialAction\":[{\"@type\":\"ReadAction\",\"target\":[\"https:\\\/\\\/urbeamea.ro\\\/albaiulia\\\/colinde-stravechi-interpretate-de-maramu-la-targul-de-craciun-de-la-palatul-principilor-transilvaniei-din-alba-iulia\\\/\"]}]},{\"@type\":\"ImageObject\",\"inLanguage\":\"ro-RO\",\"@id\":\"https:\\\/\\\/urbeamea.ro\\\/albaiulia\\\/colinde-stravechi-interpretate-de-maramu-la-targul-de-craciun-de-la-palatul-principilor-transilvaniei-din-alba-iulia\\\/#primaryimage\",\"url\":\"https:\\\/\\\/urbeamea.ro\\\/albaiulia\\\/wp-content\\\/uploads\\\/2024\\\/12\\\/1000022363.jpg\",\"contentUrl\":\"https:\\\/\\\/urbeamea.ro\\\/albaiulia\\\/wp-content\\\/uploads\\\/2024\\\/12\\\/1000022363.jpg\",\"width\":1080,\"height\":720},{\"@type\":\"BreadcrumbList\",\"@id\":\"https:\\\/\\\/urbeamea.ro\\\/albaiulia\\\/colinde-stravechi-interpretate-de-maramu-la-targul-de-craciun-de-la-palatul-principilor-transilvaniei-din-alba-iulia\\\/#breadcrumb\",\"itemListElement\":[{\"@type\":\"ListItem\",\"position\":1,\"name\":\"Prima pagin\u0103\",\"item\":\"https:\\\/\\\/urbeamea.ro\\\/albaiulia\\\/\"},{\"@type\":\"ListItem\",\"position\":2,\"name\":\"Colinde str\u0103vechi interpretate de MARAMU, la T\u00e2rgul de Cr\u0103ciun de la Palatul Principilor Transilvaniei din Alba Iulia\"}]},{\"@type\":\"WebSite\",\"@id\":\"https:\\\/\\\/urbeamea.ro\\\/albaiulia\\\/#website\",\"url\":\"https:\\\/\\\/urbeamea.ro\\\/albaiulia\\\/\",\"name\":\"Revista Urbea Mea, Stiri urbane\",\"description\":\"Evenimente \u0219i \u0219tiri din Alba Iulia, Sebe\u0219, Aiud, Blaj\",\"potentialAction\":[{\"@type\":\"SearchAction\",\"target\":{\"@type\":\"EntryPoint\",\"urlTemplate\":\"https:\\\/\\\/urbeamea.ro\\\/albaiulia\\\/?s={search_term_string}\"},\"query-input\":{\"@type\":\"PropertyValueSpecification\",\"valueRequired\":true,\"valueName\":\"search_term_string\"}}],\"inLanguage\":\"ro-RO\"},{\"@type\":\"Person\",\"@id\":\"https:\\\/\\\/urbeamea.ro\\\/albaiulia\\\/#\\\/schema\\\/person\\\/5db3854ac38c1cc9f0ab4092d6a20f02\",\"name\":\"Giurca Sorin\",\"image\":{\"@type\":\"ImageObject\",\"inLanguage\":\"ro-RO\",\"@id\":\"https:\\\/\\\/secure.gravatar.com\\\/avatar\\\/120f6fcae7b3b47a7730cb9943f612f4909f68ac5284b5f40ac1c4615fd70576?s=96&d=mm&r=g\",\"url\":\"https:\\\/\\\/secure.gravatar.com\\\/avatar\\\/120f6fcae7b3b47a7730cb9943f612f4909f68ac5284b5f40ac1c4615fd70576?s=96&d=mm&r=g\",\"contentUrl\":\"https:\\\/\\\/secure.gravatar.com\\\/avatar\\\/120f6fcae7b3b47a7730cb9943f612f4909f68ac5284b5f40ac1c4615fd70576?s=96&d=mm&r=g\",\"caption\":\"Giurca Sorin\"},\"url\":\"https:\\\/\\\/urbeamea.ro\\\/albaiulia\\\/author\\\/sorin\\\/\"}]}<\/script>\n<!-- \/ Yoast SEO plugin. -->","yoast_head_json":{"title":"Colinde str\u0103vechi interpretate de MARAMU, la T\u00e2rgul de Cr\u0103ciun de la Palatul Principilor Transilvaniei din Alba Iulia - Revista Urbea Mea - Revista de Alba","description":"Colindele str\u0103vechi, tradi\u021bionale interpretate \u00een versiune contemporan\u0103, au r\u0103sunat s\u00e2mb\u0103t\u0103 seara, pe scena T\u00e2rgului de Cr\u0103ciun desf\u0103\u0219urat la Palatul","robots":{"index":"index","follow":"follow","max-snippet":"max-snippet:-1","max-image-preview":"max-image-preview:large","max-video-preview":"max-video-preview:-1"},"canonical":"https:\/\/urbeamea.ro\/albaiulia\/colinde-stravechi-interpretate-de-maramu-la-targul-de-craciun-de-la-palatul-principilor-transilvaniei-din-alba-iulia\/","twitter_card":"summary_large_image","twitter_title":"Colinde str\u0103vechi interpretate de MARAMU, la T\u00e2rgul de Cr\u0103ciun de la Palatul Principilor Transilvaniei din Alba Iulia - Revista Urbea Mea - Revista de Alba","twitter_description":"Colindele str\u0103vechi, tradi\u021bionale interpretate \u00een versiune contemporan\u0103, au r\u0103sunat s\u00e2mb\u0103t\u0103 seara, pe scena T\u00e2rgului de Cr\u0103ciun desf\u0103\u0219urat la Palatul","twitter_image":"https:\/\/urbeamea.ro\/albaiulia\/wp-content\/uploads\/2024\/12\/1000022363.jpg","twitter_creator":"@urbeameaweb","twitter_site":"@urbeameaweb","schema":{"@context":"https:\/\/schema.org","@graph":[{"@type":"Article","@id":"https:\/\/urbeamea.ro\/albaiulia\/colinde-stravechi-interpretate-de-maramu-la-targul-de-craciun-de-la-palatul-principilor-transilvaniei-din-alba-iulia\/#article","isPartOf":{"@id":"https:\/\/urbeamea.ro\/albaiulia\/colinde-stravechi-interpretate-de-maramu-la-targul-de-craciun-de-la-palatul-principilor-transilvaniei-din-alba-iulia\/"},"author":{"name":"Giurca Sorin","@id":"https:\/\/urbeamea.ro\/albaiulia\/#\/schema\/person\/5db3854ac38c1cc9f0ab4092d6a20f02"},"headline":"Colinde str\u0103vechi interpretate de MARAMU, la T\u00e2rgul de Cr\u0103ciun de la Palatul Principilor Transilvaniei din Alba Iulia","datePublished":"2024-12-22T15:03:22+00:00","dateModified":"2024-12-22T15:03:24+00:00","mainEntityOfPage":{"@id":"https:\/\/urbeamea.ro\/albaiulia\/colinde-stravechi-interpretate-de-maramu-la-targul-de-craciun-de-la-palatul-principilor-transilvaniei-din-alba-iulia\/"},"wordCount":109,"commentCount":0,"image":{"@id":"https:\/\/urbeamea.ro\/albaiulia\/colinde-stravechi-interpretate-de-maramu-la-targul-de-craciun-de-la-palatul-principilor-transilvaniei-din-alba-iulia\/#primaryimage"},"thumbnailUrl":"https:\/\/urbeamea.ro\/albaiulia\/wp-content\/uploads\/2024\/12\/1000022363.jpg","keywords":["Maramu","palatul principilor"],"articleSection":["Cultur\u0103","Evenimente","Social","Urbea Mea"],"inLanguage":"ro-RO","potentialAction":[{"@type":"CommentAction","name":"Comment","target":["https:\/\/urbeamea.ro\/albaiulia\/colinde-stravechi-interpretate-de-maramu-la-targul-de-craciun-de-la-palatul-principilor-transilvaniei-din-alba-iulia\/#respond"]}]},{"@type":"WebPage","@id":"https:\/\/urbeamea.ro\/albaiulia\/colinde-stravechi-interpretate-de-maramu-la-targul-de-craciun-de-la-palatul-principilor-transilvaniei-din-alba-iulia\/","url":"https:\/\/urbeamea.ro\/albaiulia\/colinde-stravechi-interpretate-de-maramu-la-targul-de-craciun-de-la-palatul-principilor-transilvaniei-din-alba-iulia\/","name":"Colinde str\u0103vechi interpretate de MARAMU, la T\u00e2rgul de Cr\u0103ciun de la Palatul Principilor Transilvaniei din Alba Iulia - Revista Urbea Mea - Revista de Alba","isPartOf":{"@id":"https:\/\/urbeamea.ro\/albaiulia\/#website"},"primaryImageOfPage":{"@id":"https:\/\/urbeamea.ro\/albaiulia\/colinde-stravechi-interpretate-de-maramu-la-targul-de-craciun-de-la-palatul-principilor-transilvaniei-din-alba-iulia\/#primaryimage"},"image":{"@id":"https:\/\/urbeamea.ro\/albaiulia\/colinde-stravechi-interpretate-de-maramu-la-targul-de-craciun-de-la-palatul-principilor-transilvaniei-din-alba-iulia\/#primaryimage"},"thumbnailUrl":"https:\/\/urbeamea.ro\/albaiulia\/wp-content\/uploads\/2024\/12\/1000022363.jpg","datePublished":"2024-12-22T15:03:22+00:00","dateModified":"2024-12-22T15:03:24+00:00","author":{"@id":"https:\/\/urbeamea.ro\/albaiulia\/#\/schema\/person\/5db3854ac38c1cc9f0ab4092d6a20f02"},"description":"Colindele str\u0103vechi, tradi\u021bionale interpretate \u00een versiune contemporan\u0103, au r\u0103sunat s\u00e2mb\u0103t\u0103 seara, pe scena T\u00e2rgului de Cr\u0103ciun desf\u0103\u0219urat la Palatul","breadcrumb":{"@id":"https:\/\/urbeamea.ro\/albaiulia\/colinde-stravechi-interpretate-de-maramu-la-targul-de-craciun-de-la-palatul-principilor-transilvaniei-din-alba-iulia\/#breadcrumb"},"inLanguage":"ro-RO","potentialAction":[{"@type":"ReadAction","target":["https:\/\/urbeamea.ro\/albaiulia\/colinde-stravechi-interpretate-de-maramu-la-targul-de-craciun-de-la-palatul-principilor-transilvaniei-din-alba-iulia\/"]}]},{"@type":"ImageObject","inLanguage":"ro-RO","@id":"https:\/\/urbeamea.ro\/albaiulia\/colinde-stravechi-interpretate-de-maramu-la-targul-de-craciun-de-la-palatul-principilor-transilvaniei-din-alba-iulia\/#primaryimage","url":"https:\/\/urbeamea.ro\/albaiulia\/wp-content\/uploads\/2024\/12\/1000022363.jpg","contentUrl":"https:\/\/urbeamea.ro\/albaiulia\/wp-content\/uploads\/2024\/12\/1000022363.jpg","width":1080,"height":720},{"@type":"BreadcrumbList","@id":"https:\/\/urbeamea.ro\/albaiulia\/colinde-stravechi-interpretate-de-maramu-la-targul-de-craciun-de-la-palatul-principilor-transilvaniei-din-alba-iulia\/#breadcrumb","itemListElement":[{"@type":"ListItem","position":1,"name":"Prima pagin\u0103","item":"https:\/\/urbeamea.ro\/albaiulia\/"},{"@type":"ListItem","position":2,"name":"Colinde str\u0103vechi interpretate de MARAMU, la T\u00e2rgul de Cr\u0103ciun de la Palatul Principilor Transilvaniei din Alba Iulia"}]},{"@type":"WebSite","@id":"https:\/\/urbeamea.ro\/albaiulia\/#website","url":"https:\/\/urbeamea.ro\/albaiulia\/","name":"Revista Urbea Mea, Stiri urbane","description":"Evenimente \u0219i \u0219tiri din Alba Iulia, Sebe\u0219, Aiud, Blaj","potentialAction":[{"@type":"SearchAction","target":{"@type":"EntryPoint","urlTemplate":"https:\/\/urbeamea.ro\/albaiulia\/?s={search_term_string}"},"query-input":{"@type":"PropertyValueSpecification","valueRequired":true,"valueName":"search_term_string"}}],"inLanguage":"ro-RO"},{"@type":"Person","@id":"https:\/\/urbeamea.ro\/albaiulia\/#\/schema\/person\/5db3854ac38c1cc9f0ab4092d6a20f02","name":"Giurca Sorin","image":{"@type":"ImageObject","inLanguage":"ro-RO","@id":"https:\/\/secure.gravatar.com\/avatar\/120f6fcae7b3b47a7730cb9943f612f4909f68ac5284b5f40ac1c4615fd70576?s=96&d=mm&r=g","url":"https:\/\/secure.gravatar.com\/avatar\/120f6fcae7b3b47a7730cb9943f612f4909f68ac5284b5f40ac1c4615fd70576?s=96&d=mm&r=g","contentUrl":"https:\/\/secure.gravatar.com\/avatar\/120f6fcae7b3b47a7730cb9943f612f4909f68ac5284b5f40ac1c4615fd70576?s=96&d=mm&r=g","caption":"Giurca Sorin"},"url":"https:\/\/urbeamea.ro\/albaiulia\/author\/sorin\/"}]}},"_links":{"self":[{"href":"https:\/\/urbeamea.ro\/albaiulia\/wp-json\/wp\/v2\/posts\/115734","targetHints":{"allow":["GET"]}}],"collection":[{"href":"https:\/\/urbeamea.ro\/albaiulia\/wp-json\/wp\/v2\/posts"}],"about":[{"href":"https:\/\/urbeamea.ro\/albaiulia\/wp-json\/wp\/v2\/types\/post"}],"author":[{"embeddable":true,"href":"https:\/\/urbeamea.ro\/albaiulia\/wp-json\/wp\/v2\/users\/28"}],"replies":[{"embeddable":true,"href":"https:\/\/urbeamea.ro\/albaiulia\/wp-json\/wp\/v2\/comments?post=115734"}],"version-history":[{"count":1,"href":"https:\/\/urbeamea.ro\/albaiulia\/wp-json\/wp\/v2\/posts\/115734\/revisions"}],"predecessor-version":[{"id":115745,"href":"https:\/\/urbeamea.ro\/albaiulia\/wp-json\/wp\/v2\/posts\/115734\/revisions\/115745"}],"wp:featuredmedia":[{"embeddable":true,"href":"https:\/\/urbeamea.ro\/albaiulia\/wp-json\/wp\/v2\/media\/115737"}],"wp:attachment":[{"href":"https:\/\/urbeamea.ro\/albaiulia\/wp-json\/wp\/v2\/media?parent=115734"}],"wp:term":[{"taxonomy":"category","embeddable":true,"href":"https:\/\/urbeamea.ro\/albaiulia\/wp-json\/wp\/v2\/categories?post=115734"},{"taxonomy":"post_tag","embeddable":true,"href":"https:\/\/urbeamea.ro\/albaiulia\/wp-json\/wp\/v2\/tags?post=115734"}],"curies":[{"name":"wp","href":"https:\/\/api.w.org\/{rel}","templated":true}]}}