{"id":115748,"date":"2024-12-23T16:31:57","date_gmt":"2024-12-23T14:31:57","guid":{"rendered":"https:\/\/urbeamea.ro\/albaiulia\/?p=115748"},"modified":"2024-12-23T16:31:59","modified_gmt":"2024-12-23T14:31:59","slug":"maria-hanganu-eleva-a-colegiului-national-militar-mihai-viteazul-din-alba-iulia-locul-1-la-concursul-national-eroul-meu-de-ieri-si-de-azi","status":"publish","type":"post","link":"https:\/\/urbeamea.ro\/albaiulia\/maria-hanganu-eleva-a-colegiului-national-militar-mihai-viteazul-din-alba-iulia-locul-1-la-concursul-national-eroul-meu-de-ieri-si-de-azi\/","title":{"rendered":"Maria Hanganu, elev\u0103 a Colegiului Na\u0163ional Militar &#8222;Mihai Viteazul&#8221; din Alba Iulia, locul 1 la Concursul Na\u021bional &#8222;Eroul meu de ieri \u0219i de azi&#8221;"},"content":{"rendered":"\n<p><strong>Elev caporal Maria Hanganu, clasa a XI-a, a ob\u021binut Premiul I la cea de-a XVIII-a edi\u021bie a Concursului \u201eEroul meu de ieri \u0219i de azi\u201d, organizat de Oficiul Na\u021bional pentru Cultul Eroilor.<\/strong><\/p>\n\n\n\n<p> Lucrarea scris\u0103 de Maria, sub coordonarea profesorului de istorie Dan Anca, este intitulat\u0103 \u201eUn erou printre filele necunoscute ale istoriei\u201d \u0219i prezint\u0103 experien\u021bele de via\u021b\u0103 ale str\u0103bunicului Mariei, din Primul \u0219i din cel de-al Doilea R\u0103zboi Mondial. <\/p>\n\n\n\n<p>Cu o sensibilitate aparte \u0219i cu \u00eenclina\u021bii spre unele discipline din categoria celor umaniste, Maria a ob\u021binut premii la nivel na\u021bional\u0103 la Olimpiadele de Religie \u0219i Cultur\u0103 \u0219i spiritualitate rom\u00e2neasc\u0103, ar\u0103t\u00e2nd dragoste fa\u021b\u0103 de valorile na\u021bionale.<\/p>\n\n\n\n<p>\u201eTotul a \u00eenceput c\u00e2nd mama mi-a povestit pentru prima dat\u0103 despre \u00eent\u00e2mpl\u0103rile str\u0103-str\u0103bunicului meu din r\u0103zboi. Povestea sa mi s-a p\u0103rut fascinant\u0103, \u00eens\u0103 nu m-am g\u00e2ndit niciodat\u0103 c\u0103 voi avea posibilitatea de a o transpune \u00eentr-o poveste, pe h\u00e2rtie, pe care s\u0103 o citeasc\u0103 \u0219i al\u021bi oameni, ca un omagiu adus str\u0103-str\u0103bunicului meu. <\/p>\n\n\n\n<p>Totu\u0219i, \u00eent\u00e2mplarea a f\u0103cut c\u0103 am primit aceast\u0103 oportunitate \u0219i aduc\u00e2ndu-mi aminte de aceast\u0103 fascinant\u0103 poveste, mi-am dat seama c\u0103 e momentul potrivit pentru ca aceast\u0103 poveste s\u0103 fie auzit\u0103 \u0219i de alte persoane. <\/p>\n\n\n\n<p>Tot ceea ce am scris despre el provine din propriile sale m\u0103rturii de r\u0103zboi, pe care bunicul meu a avut ocazia s\u0103 le asculte \u00een copil\u0103rie \u0219i mi le-a povestit \u0219i mie. <\/p>\n\n\n\n<p>Adev\u0103rate experien\u021be de via\u021b\u0103 ale unui erou rom\u00e2n, care a \u00eendurat suferin\u021bele at\u00e2t \u00een Primul, c\u00e2t \u0219i \u00een Al Doilea R\u0103zboi Mondial cu curaj, credin\u021b\u0103 \u0219i o nestins\u0103 dragoste fa\u021b\u0103 de neam \u0219i de \u021bar\u0103. <\/p>\n\n\n\n<p>C\u00e2nd am \u00eenceput s\u0103 scriu, am sim\u021bit c\u0103 o parte din trecutul familiei mele, dar \u0219i al poporului nostru reu\u0219e\u0219te s\u0103 \u00eenvie \u00eentre noi prin aceste scurte povestiri, m\u0103rturii de via\u021b\u0103 ale celor care s-au jertfit pe c\u00e2mpul de lupt\u0103 pentru ap\u0103rarea identit\u0103\u021bii noastre na\u021bionale. <\/p>\n\n\n\n<p>Am sim\u021bit c\u0103 \u00een felul acesta reu\u0219esc s\u0103 p\u0103strez vie amintirea unor eroi, care altfel, cu timpul, ar fi r\u0103mas doar ni\u0219te nume f\u0103r\u0103 nicio poveste. M-am bucurat foarte mult c\u0103 \u00een felul acesta am reu\u0219it nu numai s\u0103 le p\u0103strez amintirea vie, ci am reu\u0219it s\u0103 descop\u0103r astfel anumite lucruri pe care poate nu le-a\u0219 fi cunoscut niciodat\u0103 \u00een lipsa c\u0103ut\u0103rii informa\u021biilor pentru scrierea pove\u0219tii.\u00cen urma particip\u0103rii la acest concurs am \u00eenv\u0103\u021bat c\u0103 noi, ca urma\u0219i ai celor care au luptat pentru unitatea na\u021bional\u0103 \u0219i pentru tot ceea ce \u00eenseamn\u0103 specific rom\u00e2nesc, avem datoria de a-i cinsti, dar \u0219i de a le urma, lupt\u00e2nd pentru identitatea poporului nostru rom\u00e2n. <\/p>\n\n\n\n<p>De asemenea, am \u00eenv\u0103\u021bat c\u0103 oric\u00e2t de mari ar fi suferin\u021bele de care ne izbim \u00een via\u021b\u0103, exist\u0103 o cale de a trece peste ele, at\u00e2ta timp c\u00e2t nu ne pierdem credin\u021ba, n\u0103dejdea \u0219i curajul. <\/p>\n\n\n\n<p>Fiecare eveniment din via\u021ba noastr\u0103 are un scop, oferindu-ne o nou\u0103 experien\u021b\u0103 de via\u021b\u0103, iar noi, v\u0103z\u00e2nd curajul \u00eenainta\u0219ilor no\u0219tri, suntem datori a le primi cu acela\u0219i curaj.<\/p>\n\n\n\n<p>Sunt de p\u0103rere c\u0103 fiecare dintre noi ar trebui s\u0103 \u00eencerc\u0103m s\u0103 cercet\u0103m mai mult despre istoria str\u0103mo\u0219ilor no\u0219tri, pentru c\u0103 numai a\u0219a vom reu\u0219i cu adev\u0103rat s\u0103 \u00een\u021belegem valoarea jertfei lor \u0219i nevoia noastr\u0103 de a ne ap\u0103ra \u021bara \u0219i specificul na\u021bional\u201d, a m\u0103rturisit Maria.<\/p>\n\n\n\n<p>Felicit\u0103ri, Maria pentru premiul ob\u021binut \u0219i pentru respectul ar\u0103tat eroilor \u0219i valorilor na\u021bionale!<\/p>\n\n\n\n<figure class=\"wp-block-gallery has-nested-images columns-default is-cropped wp-block-gallery-1 is-layout-flex wp-block-gallery-is-layout-flex\">\n<figure class=\"wp-block-image size-large\"><img loading=\"lazy\" decoding=\"async\" width=\"1080\" height=\"843\" data-id=\"115750\" src=\"https:\/\/urbeamea.ro\/albaiulia\/wp-content\/uploads\/2024\/12\/1000022512.jpg\" alt=\"\" class=\"wp-image-115750\" srcset=\"https:\/\/urbeamea.ro\/albaiulia\/wp-content\/uploads\/2024\/12\/1000022512.jpg 1080w, https:\/\/urbeamea.ro\/albaiulia\/wp-content\/uploads\/2024\/12\/1000022512-640x500.jpg 640w, https:\/\/urbeamea.ro\/albaiulia\/wp-content\/uploads\/2024\/12\/1000022512-150x117.jpg 150w, https:\/\/urbeamea.ro\/albaiulia\/wp-content\/uploads\/2024\/12\/1000022512-768x599.jpg 768w\" sizes=\"auto, (max-width: 1080px) 100vw, 1080px\" \/><\/figure>\n\n\n\n<figure class=\"wp-block-image size-large\"><img loading=\"lazy\" decoding=\"async\" width=\"1080\" height=\"811\" data-id=\"115749\" src=\"https:\/\/urbeamea.ro\/albaiulia\/wp-content\/uploads\/2024\/12\/1000022513.jpg\" alt=\"\" class=\"wp-image-115749\" srcset=\"https:\/\/urbeamea.ro\/albaiulia\/wp-content\/uploads\/2024\/12\/1000022513.jpg 1080w, https:\/\/urbeamea.ro\/albaiulia\/wp-content\/uploads\/2024\/12\/1000022513-640x481.jpg 640w, https:\/\/urbeamea.ro\/albaiulia\/wp-content\/uploads\/2024\/12\/1000022513-150x113.jpg 150w, https:\/\/urbeamea.ro\/albaiulia\/wp-content\/uploads\/2024\/12\/1000022513-768x577.jpg 768w\" sizes=\"auto, (max-width: 1080px) 100vw, 1080px\" \/><\/figure>\n<\/figure>\n","protected":false},"excerpt":{"rendered":"<p>Elev caporal Maria Hanganu, clasa a XI-a, a ob\u021binut Premiul I la cea de-a XVIII-a edi\u021bie a Concursului \u201eEroul meu de ieri \u0219i de azi\u201d, organizat de Oficiul Na\u021bional pentru Cultul Eroilor. Lucrarea scris\u0103 de Maria, sub coordonarea profesorului de istorie Dan Anca, este intitulat\u0103 \u201eUn erou printre filele necunoscute ale istoriei\u201d \u0219i prezint\u0103 experien\u021bele &hellip;<\/p>\n","protected":false},"author":28,"featured_media":115749,"comment_status":"open","ping_status":"open","sticky":false,"template":"","format":"standard","meta":{"inline_featured_image":false,"footnotes":""},"categories":[2039,16344],"tags":[18994],"class_list":["post-115748","post","type-post","status-publish","format-standard","has-post-thumbnail","hentry","category-educatie","category-urbea-mea","tag-colegiul-militar-mihai-viteazul-alba-iulia"],"yoast_head":"<!-- This site is optimized with the Yoast SEO plugin v27.4 - https:\/\/yoast.com\/product\/yoast-seo-wordpress\/ -->\n<title>Maria Hanganu, elev\u0103 a Colegiului Na\u0163ional Militar &quot;Mihai Viteazul&quot; din Alba Iulia, locul 1 la Concursul Na\u021bional &quot;Eroul meu de ieri \u0219i de azi&quot; - Revista Urbea Mea - Revista de Alba<\/title>\n<meta name=\"description\" content=\"Elev caporal Maria Hanganu, clasa a XI-a, a ob\u021binut Premiul I la cea de-a XVIII-a edi\u021bie a Concursului \u201eEroul meu de ieri \u0219i de azi\u201d, organizat de Oficiul\" \/>\n<meta name=\"robots\" content=\"index, follow, max-snippet:-1, max-image-preview:large, max-video-preview:-1\" \/>\n<link rel=\"canonical\" href=\"https:\/\/urbeamea.ro\/albaiulia\/maria-hanganu-eleva-a-colegiului-national-militar-mihai-viteazul-din-alba-iulia-locul-1-la-concursul-national-eroul-meu-de-ieri-si-de-azi\/\" \/>\n<meta name=\"twitter:card\" content=\"summary_large_image\" \/>\n<meta name=\"twitter:title\" content=\"Maria Hanganu, elev\u0103 a Colegiului Na\u0163ional Militar &quot;Mihai Viteazul&quot; din Alba Iulia, locul 1 la Concursul Na\u021bional &quot;Eroul meu de ieri \u0219i de azi&quot; - Revista Urbea Mea - Revista de Alba\" \/>\n<meta name=\"twitter:description\" content=\"Elev caporal Maria Hanganu, clasa a XI-a, a ob\u021binut Premiul I la cea de-a XVIII-a edi\u021bie a Concursului \u201eEroul meu de ieri \u0219i de azi\u201d, organizat de Oficiul\" \/>\n<meta name=\"twitter:image\" content=\"https:\/\/urbeamea.ro\/albaiulia\/wp-content\/uploads\/2024\/12\/1000022513.jpg\" \/>\n<meta name=\"twitter:creator\" content=\"@urbeameaweb\" \/>\n<meta name=\"twitter:site\" content=\"@urbeameaweb\" \/>\n<script type=\"application\/ld+json\" class=\"yoast-schema-graph\">{\"@context\":\"https:\\\/\\\/schema.org\",\"@graph\":[{\"@type\":\"Article\",\"@id\":\"https:\\\/\\\/urbeamea.ro\\\/albaiulia\\\/maria-hanganu-eleva-a-colegiului-national-militar-mihai-viteazul-din-alba-iulia-locul-1-la-concursul-national-eroul-meu-de-ieri-si-de-azi\\\/#article\",\"isPartOf\":{\"@id\":\"https:\\\/\\\/urbeamea.ro\\\/albaiulia\\\/maria-hanganu-eleva-a-colegiului-national-militar-mihai-viteazul-din-alba-iulia-locul-1-la-concursul-national-eroul-meu-de-ieri-si-de-azi\\\/\"},\"author\":{\"name\":\"Giurca Sorin\",\"@id\":\"https:\\\/\\\/urbeamea.ro\\\/albaiulia\\\/#\\\/schema\\\/person\\\/5db3854ac38c1cc9f0ab4092d6a20f02\"},\"headline\":\"Maria Hanganu, elev\u0103 a Colegiului Na\u0163ional Militar &#8222;Mihai Viteazul&#8221; din Alba Iulia, locul 1 la Concursul Na\u021bional &#8222;Eroul meu de ieri \u0219i de azi&#8221;\",\"datePublished\":\"2024-12-23T14:31:57+00:00\",\"dateModified\":\"2024-12-23T14:31:59+00:00\",\"mainEntityOfPage\":{\"@id\":\"https:\\\/\\\/urbeamea.ro\\\/albaiulia\\\/maria-hanganu-eleva-a-colegiului-national-militar-mihai-viteazul-din-alba-iulia-locul-1-la-concursul-national-eroul-meu-de-ieri-si-de-azi\\\/\"},\"wordCount\":661,\"commentCount\":0,\"image\":{\"@id\":\"https:\\\/\\\/urbeamea.ro\\\/albaiulia\\\/maria-hanganu-eleva-a-colegiului-national-militar-mihai-viteazul-din-alba-iulia-locul-1-la-concursul-national-eroul-meu-de-ieri-si-de-azi\\\/#primaryimage\"},\"thumbnailUrl\":\"https:\\\/\\\/urbeamea.ro\\\/albaiulia\\\/wp-content\\\/uploads\\\/2024\\\/12\\\/1000022513.jpg\",\"keywords\":[\"colegiul militar mihai viteazul alba iulia\"],\"articleSection\":[\"Educa\u021bie\",\"Urbea Mea\"],\"inLanguage\":\"ro-RO\",\"potentialAction\":[{\"@type\":\"CommentAction\",\"name\":\"Comment\",\"target\":[\"https:\\\/\\\/urbeamea.ro\\\/albaiulia\\\/maria-hanganu-eleva-a-colegiului-national-militar-mihai-viteazul-din-alba-iulia-locul-1-la-concursul-national-eroul-meu-de-ieri-si-de-azi\\\/#respond\"]}]},{\"@type\":\"WebPage\",\"@id\":\"https:\\\/\\\/urbeamea.ro\\\/albaiulia\\\/maria-hanganu-eleva-a-colegiului-national-militar-mihai-viteazul-din-alba-iulia-locul-1-la-concursul-national-eroul-meu-de-ieri-si-de-azi\\\/\",\"url\":\"https:\\\/\\\/urbeamea.ro\\\/albaiulia\\\/maria-hanganu-eleva-a-colegiului-national-militar-mihai-viteazul-din-alba-iulia-locul-1-la-concursul-national-eroul-meu-de-ieri-si-de-azi\\\/\",\"name\":\"Maria Hanganu, elev\u0103 a Colegiului Na\u0163ional Militar \\\"Mihai Viteazul\\\" din Alba Iulia, locul 1 la Concursul Na\u021bional \\\"Eroul meu de ieri \u0219i de azi\\\" - Revista Urbea Mea - Revista de Alba\",\"isPartOf\":{\"@id\":\"https:\\\/\\\/urbeamea.ro\\\/albaiulia\\\/#website\"},\"primaryImageOfPage\":{\"@id\":\"https:\\\/\\\/urbeamea.ro\\\/albaiulia\\\/maria-hanganu-eleva-a-colegiului-national-militar-mihai-viteazul-din-alba-iulia-locul-1-la-concursul-national-eroul-meu-de-ieri-si-de-azi\\\/#primaryimage\"},\"image\":{\"@id\":\"https:\\\/\\\/urbeamea.ro\\\/albaiulia\\\/maria-hanganu-eleva-a-colegiului-national-militar-mihai-viteazul-din-alba-iulia-locul-1-la-concursul-national-eroul-meu-de-ieri-si-de-azi\\\/#primaryimage\"},\"thumbnailUrl\":\"https:\\\/\\\/urbeamea.ro\\\/albaiulia\\\/wp-content\\\/uploads\\\/2024\\\/12\\\/1000022513.jpg\",\"datePublished\":\"2024-12-23T14:31:57+00:00\",\"dateModified\":\"2024-12-23T14:31:59+00:00\",\"author\":{\"@id\":\"https:\\\/\\\/urbeamea.ro\\\/albaiulia\\\/#\\\/schema\\\/person\\\/5db3854ac38c1cc9f0ab4092d6a20f02\"},\"description\":\"Elev caporal Maria Hanganu, clasa a XI-a, a ob\u021binut Premiul I la cea de-a XVIII-a edi\u021bie a Concursului \u201eEroul meu de ieri \u0219i de azi\u201d, organizat de Oficiul\",\"breadcrumb\":{\"@id\":\"https:\\\/\\\/urbeamea.ro\\\/albaiulia\\\/maria-hanganu-eleva-a-colegiului-national-militar-mihai-viteazul-din-alba-iulia-locul-1-la-concursul-national-eroul-meu-de-ieri-si-de-azi\\\/#breadcrumb\"},\"inLanguage\":\"ro-RO\",\"potentialAction\":[{\"@type\":\"ReadAction\",\"target\":[\"https:\\\/\\\/urbeamea.ro\\\/albaiulia\\\/maria-hanganu-eleva-a-colegiului-national-militar-mihai-viteazul-din-alba-iulia-locul-1-la-concursul-national-eroul-meu-de-ieri-si-de-azi\\\/\"]}]},{\"@type\":\"ImageObject\",\"inLanguage\":\"ro-RO\",\"@id\":\"https:\\\/\\\/urbeamea.ro\\\/albaiulia\\\/maria-hanganu-eleva-a-colegiului-national-militar-mihai-viteazul-din-alba-iulia-locul-1-la-concursul-national-eroul-meu-de-ieri-si-de-azi\\\/#primaryimage\",\"url\":\"https:\\\/\\\/urbeamea.ro\\\/albaiulia\\\/wp-content\\\/uploads\\\/2024\\\/12\\\/1000022513.jpg\",\"contentUrl\":\"https:\\\/\\\/urbeamea.ro\\\/albaiulia\\\/wp-content\\\/uploads\\\/2024\\\/12\\\/1000022513.jpg\",\"width\":1080,\"height\":811},{\"@type\":\"BreadcrumbList\",\"@id\":\"https:\\\/\\\/urbeamea.ro\\\/albaiulia\\\/maria-hanganu-eleva-a-colegiului-national-militar-mihai-viteazul-din-alba-iulia-locul-1-la-concursul-national-eroul-meu-de-ieri-si-de-azi\\\/#breadcrumb\",\"itemListElement\":[{\"@type\":\"ListItem\",\"position\":1,\"name\":\"Prima pagin\u0103\",\"item\":\"https:\\\/\\\/urbeamea.ro\\\/albaiulia\\\/\"},{\"@type\":\"ListItem\",\"position\":2,\"name\":\"Maria Hanganu, elev\u0103 a Colegiului Na\u0163ional Militar &#8222;Mihai Viteazul&#8221; din Alba Iulia, locul 1 la Concursul Na\u021bional &#8222;Eroul meu de ieri \u0219i de azi&#8221;\"}]},{\"@type\":\"WebSite\",\"@id\":\"https:\\\/\\\/urbeamea.ro\\\/albaiulia\\\/#website\",\"url\":\"https:\\\/\\\/urbeamea.ro\\\/albaiulia\\\/\",\"name\":\"Revista Urbea Mea, Stiri urbane\",\"description\":\"Evenimente \u0219i \u0219tiri din Alba Iulia, Sebe\u0219, Aiud, Blaj\",\"potentialAction\":[{\"@type\":\"SearchAction\",\"target\":{\"@type\":\"EntryPoint\",\"urlTemplate\":\"https:\\\/\\\/urbeamea.ro\\\/albaiulia\\\/?s={search_term_string}\"},\"query-input\":{\"@type\":\"PropertyValueSpecification\",\"valueRequired\":true,\"valueName\":\"search_term_string\"}}],\"inLanguage\":\"ro-RO\"},{\"@type\":\"Person\",\"@id\":\"https:\\\/\\\/urbeamea.ro\\\/albaiulia\\\/#\\\/schema\\\/person\\\/5db3854ac38c1cc9f0ab4092d6a20f02\",\"name\":\"Giurca Sorin\",\"image\":{\"@type\":\"ImageObject\",\"inLanguage\":\"ro-RO\",\"@id\":\"https:\\\/\\\/secure.gravatar.com\\\/avatar\\\/120f6fcae7b3b47a7730cb9943f612f4909f68ac5284b5f40ac1c4615fd70576?s=96&d=mm&r=g\",\"url\":\"https:\\\/\\\/secure.gravatar.com\\\/avatar\\\/120f6fcae7b3b47a7730cb9943f612f4909f68ac5284b5f40ac1c4615fd70576?s=96&d=mm&r=g\",\"contentUrl\":\"https:\\\/\\\/secure.gravatar.com\\\/avatar\\\/120f6fcae7b3b47a7730cb9943f612f4909f68ac5284b5f40ac1c4615fd70576?s=96&d=mm&r=g\",\"caption\":\"Giurca Sorin\"},\"url\":\"https:\\\/\\\/urbeamea.ro\\\/albaiulia\\\/author\\\/sorin\\\/\"}]}<\/script>\n<!-- \/ Yoast SEO plugin. -->","yoast_head_json":{"title":"Maria Hanganu, elev\u0103 a Colegiului Na\u0163ional Militar \"Mihai Viteazul\" din Alba Iulia, locul 1 la Concursul Na\u021bional \"Eroul meu de ieri \u0219i de azi\" - Revista Urbea Mea - Revista de Alba","description":"Elev caporal Maria Hanganu, clasa a XI-a, a ob\u021binut Premiul I la cea de-a XVIII-a edi\u021bie a Concursului \u201eEroul meu de ieri \u0219i de azi\u201d, organizat de Oficiul","robots":{"index":"index","follow":"follow","max-snippet":"max-snippet:-1","max-image-preview":"max-image-preview:large","max-video-preview":"max-video-preview:-1"},"canonical":"https:\/\/urbeamea.ro\/albaiulia\/maria-hanganu-eleva-a-colegiului-national-militar-mihai-viteazul-din-alba-iulia-locul-1-la-concursul-national-eroul-meu-de-ieri-si-de-azi\/","twitter_card":"summary_large_image","twitter_title":"Maria Hanganu, elev\u0103 a Colegiului Na\u0163ional Militar \"Mihai Viteazul\" din Alba Iulia, locul 1 la Concursul Na\u021bional \"Eroul meu de ieri \u0219i de azi\" - Revista Urbea Mea - Revista de Alba","twitter_description":"Elev caporal Maria Hanganu, clasa a XI-a, a ob\u021binut Premiul I la cea de-a XVIII-a edi\u021bie a Concursului \u201eEroul meu de ieri \u0219i de azi\u201d, organizat de Oficiul","twitter_image":"https:\/\/urbeamea.ro\/albaiulia\/wp-content\/uploads\/2024\/12\/1000022513.jpg","twitter_creator":"@urbeameaweb","twitter_site":"@urbeameaweb","schema":{"@context":"https:\/\/schema.org","@graph":[{"@type":"Article","@id":"https:\/\/urbeamea.ro\/albaiulia\/maria-hanganu-eleva-a-colegiului-national-militar-mihai-viteazul-din-alba-iulia-locul-1-la-concursul-national-eroul-meu-de-ieri-si-de-azi\/#article","isPartOf":{"@id":"https:\/\/urbeamea.ro\/albaiulia\/maria-hanganu-eleva-a-colegiului-national-militar-mihai-viteazul-din-alba-iulia-locul-1-la-concursul-national-eroul-meu-de-ieri-si-de-azi\/"},"author":{"name":"Giurca Sorin","@id":"https:\/\/urbeamea.ro\/albaiulia\/#\/schema\/person\/5db3854ac38c1cc9f0ab4092d6a20f02"},"headline":"Maria Hanganu, elev\u0103 a Colegiului Na\u0163ional Militar &#8222;Mihai Viteazul&#8221; din Alba Iulia, locul 1 la Concursul Na\u021bional &#8222;Eroul meu de ieri \u0219i de azi&#8221;","datePublished":"2024-12-23T14:31:57+00:00","dateModified":"2024-12-23T14:31:59+00:00","mainEntityOfPage":{"@id":"https:\/\/urbeamea.ro\/albaiulia\/maria-hanganu-eleva-a-colegiului-national-militar-mihai-viteazul-din-alba-iulia-locul-1-la-concursul-national-eroul-meu-de-ieri-si-de-azi\/"},"wordCount":661,"commentCount":0,"image":{"@id":"https:\/\/urbeamea.ro\/albaiulia\/maria-hanganu-eleva-a-colegiului-national-militar-mihai-viteazul-din-alba-iulia-locul-1-la-concursul-national-eroul-meu-de-ieri-si-de-azi\/#primaryimage"},"thumbnailUrl":"https:\/\/urbeamea.ro\/albaiulia\/wp-content\/uploads\/2024\/12\/1000022513.jpg","keywords":["colegiul militar mihai viteazul alba iulia"],"articleSection":["Educa\u021bie","Urbea Mea"],"inLanguage":"ro-RO","potentialAction":[{"@type":"CommentAction","name":"Comment","target":["https:\/\/urbeamea.ro\/albaiulia\/maria-hanganu-eleva-a-colegiului-national-militar-mihai-viteazul-din-alba-iulia-locul-1-la-concursul-national-eroul-meu-de-ieri-si-de-azi\/#respond"]}]},{"@type":"WebPage","@id":"https:\/\/urbeamea.ro\/albaiulia\/maria-hanganu-eleva-a-colegiului-national-militar-mihai-viteazul-din-alba-iulia-locul-1-la-concursul-national-eroul-meu-de-ieri-si-de-azi\/","url":"https:\/\/urbeamea.ro\/albaiulia\/maria-hanganu-eleva-a-colegiului-national-militar-mihai-viteazul-din-alba-iulia-locul-1-la-concursul-national-eroul-meu-de-ieri-si-de-azi\/","name":"Maria Hanganu, elev\u0103 a Colegiului Na\u0163ional Militar \"Mihai Viteazul\" din Alba Iulia, locul 1 la Concursul Na\u021bional \"Eroul meu de ieri \u0219i de azi\" - Revista Urbea Mea - Revista de Alba","isPartOf":{"@id":"https:\/\/urbeamea.ro\/albaiulia\/#website"},"primaryImageOfPage":{"@id":"https:\/\/urbeamea.ro\/albaiulia\/maria-hanganu-eleva-a-colegiului-national-militar-mihai-viteazul-din-alba-iulia-locul-1-la-concursul-national-eroul-meu-de-ieri-si-de-azi\/#primaryimage"},"image":{"@id":"https:\/\/urbeamea.ro\/albaiulia\/maria-hanganu-eleva-a-colegiului-national-militar-mihai-viteazul-din-alba-iulia-locul-1-la-concursul-national-eroul-meu-de-ieri-si-de-azi\/#primaryimage"},"thumbnailUrl":"https:\/\/urbeamea.ro\/albaiulia\/wp-content\/uploads\/2024\/12\/1000022513.jpg","datePublished":"2024-12-23T14:31:57+00:00","dateModified":"2024-12-23T14:31:59+00:00","author":{"@id":"https:\/\/urbeamea.ro\/albaiulia\/#\/schema\/person\/5db3854ac38c1cc9f0ab4092d6a20f02"},"description":"Elev caporal Maria Hanganu, clasa a XI-a, a ob\u021binut Premiul I la cea de-a XVIII-a edi\u021bie a Concursului \u201eEroul meu de ieri \u0219i de azi\u201d, organizat de Oficiul","breadcrumb":{"@id":"https:\/\/urbeamea.ro\/albaiulia\/maria-hanganu-eleva-a-colegiului-national-militar-mihai-viteazul-din-alba-iulia-locul-1-la-concursul-national-eroul-meu-de-ieri-si-de-azi\/#breadcrumb"},"inLanguage":"ro-RO","potentialAction":[{"@type":"ReadAction","target":["https:\/\/urbeamea.ro\/albaiulia\/maria-hanganu-eleva-a-colegiului-national-militar-mihai-viteazul-din-alba-iulia-locul-1-la-concursul-national-eroul-meu-de-ieri-si-de-azi\/"]}]},{"@type":"ImageObject","inLanguage":"ro-RO","@id":"https:\/\/urbeamea.ro\/albaiulia\/maria-hanganu-eleva-a-colegiului-national-militar-mihai-viteazul-din-alba-iulia-locul-1-la-concursul-national-eroul-meu-de-ieri-si-de-azi\/#primaryimage","url":"https:\/\/urbeamea.ro\/albaiulia\/wp-content\/uploads\/2024\/12\/1000022513.jpg","contentUrl":"https:\/\/urbeamea.ro\/albaiulia\/wp-content\/uploads\/2024\/12\/1000022513.jpg","width":1080,"height":811},{"@type":"BreadcrumbList","@id":"https:\/\/urbeamea.ro\/albaiulia\/maria-hanganu-eleva-a-colegiului-national-militar-mihai-viteazul-din-alba-iulia-locul-1-la-concursul-national-eroul-meu-de-ieri-si-de-azi\/#breadcrumb","itemListElement":[{"@type":"ListItem","position":1,"name":"Prima pagin\u0103","item":"https:\/\/urbeamea.ro\/albaiulia\/"},{"@type":"ListItem","position":2,"name":"Maria Hanganu, elev\u0103 a Colegiului Na\u0163ional Militar &#8222;Mihai Viteazul&#8221; din Alba Iulia, locul 1 la Concursul Na\u021bional &#8222;Eroul meu de ieri \u0219i de azi&#8221;"}]},{"@type":"WebSite","@id":"https:\/\/urbeamea.ro\/albaiulia\/#website","url":"https:\/\/urbeamea.ro\/albaiulia\/","name":"Revista Urbea Mea, Stiri urbane","description":"Evenimente \u0219i \u0219tiri din Alba Iulia, Sebe\u0219, Aiud, Blaj","potentialAction":[{"@type":"SearchAction","target":{"@type":"EntryPoint","urlTemplate":"https:\/\/urbeamea.ro\/albaiulia\/?s={search_term_string}"},"query-input":{"@type":"PropertyValueSpecification","valueRequired":true,"valueName":"search_term_string"}}],"inLanguage":"ro-RO"},{"@type":"Person","@id":"https:\/\/urbeamea.ro\/albaiulia\/#\/schema\/person\/5db3854ac38c1cc9f0ab4092d6a20f02","name":"Giurca Sorin","image":{"@type":"ImageObject","inLanguage":"ro-RO","@id":"https:\/\/secure.gravatar.com\/avatar\/120f6fcae7b3b47a7730cb9943f612f4909f68ac5284b5f40ac1c4615fd70576?s=96&d=mm&r=g","url":"https:\/\/secure.gravatar.com\/avatar\/120f6fcae7b3b47a7730cb9943f612f4909f68ac5284b5f40ac1c4615fd70576?s=96&d=mm&r=g","contentUrl":"https:\/\/secure.gravatar.com\/avatar\/120f6fcae7b3b47a7730cb9943f612f4909f68ac5284b5f40ac1c4615fd70576?s=96&d=mm&r=g","caption":"Giurca Sorin"},"url":"https:\/\/urbeamea.ro\/albaiulia\/author\/sorin\/"}]}},"_links":{"self":[{"href":"https:\/\/urbeamea.ro\/albaiulia\/wp-json\/wp\/v2\/posts\/115748","targetHints":{"allow":["GET"]}}],"collection":[{"href":"https:\/\/urbeamea.ro\/albaiulia\/wp-json\/wp\/v2\/posts"}],"about":[{"href":"https:\/\/urbeamea.ro\/albaiulia\/wp-json\/wp\/v2\/types\/post"}],"author":[{"embeddable":true,"href":"https:\/\/urbeamea.ro\/albaiulia\/wp-json\/wp\/v2\/users\/28"}],"replies":[{"embeddable":true,"href":"https:\/\/urbeamea.ro\/albaiulia\/wp-json\/wp\/v2\/comments?post=115748"}],"version-history":[{"count":1,"href":"https:\/\/urbeamea.ro\/albaiulia\/wp-json\/wp\/v2\/posts\/115748\/revisions"}],"predecessor-version":[{"id":115751,"href":"https:\/\/urbeamea.ro\/albaiulia\/wp-json\/wp\/v2\/posts\/115748\/revisions\/115751"}],"wp:featuredmedia":[{"embeddable":true,"href":"https:\/\/urbeamea.ro\/albaiulia\/wp-json\/wp\/v2\/media\/115749"}],"wp:attachment":[{"href":"https:\/\/urbeamea.ro\/albaiulia\/wp-json\/wp\/v2\/media?parent=115748"}],"wp:term":[{"taxonomy":"category","embeddable":true,"href":"https:\/\/urbeamea.ro\/albaiulia\/wp-json\/wp\/v2\/categories?post=115748"},{"taxonomy":"post_tag","embeddable":true,"href":"https:\/\/urbeamea.ro\/albaiulia\/wp-json\/wp\/v2\/tags?post=115748"}],"curies":[{"name":"wp","href":"https:\/\/api.w.org\/{rel}","templated":true}]}}