{"id":115829,"date":"2024-12-30T22:01:45","date_gmt":"2024-12-30T20:01:45","guid":{"rendered":"https:\/\/urbeamea.ro\/albaiulia\/?p=115829"},"modified":"2024-12-30T22:01:46","modified_gmt":"2024-12-30T20:01:46","slug":"unitatea-de-primiri-urgente-a-spitalului-judetean-de-urgenta-alba-iulia-supraaglomerata-in-ajun-de-revelion-aproape-200-de-pacienti-la-24-de-ore","status":"publish","type":"post","link":"https:\/\/urbeamea.ro\/albaiulia\/unitatea-de-primiri-urgente-a-spitalului-judetean-de-urgenta-alba-iulia-supraaglomerata-in-ajun-de-revelion-aproape-200-de-pacienti-la-24-de-ore\/","title":{"rendered":"Unitatea de Primiri Urgen\u021be a Spitalului Jude\u021bean de Urgen\u021b\u0103 Alba Iulia, supraaglomerat\u0103 \u00een ajun de Revelion: Aproape 200 de pacien\u021bi la 24 de ore"},"content":{"rendered":"\n<p><strong>Unitatea de Primiri Urgen\u021be a Spitalului Jude\u021bean de Urgen\u021b\u0103 Alba Iulia se afl\u0103, luni seara, \u00eentr-o situa\u021bie extrem de dificil\u0103, \u00een condi\u021biile \u00een care, \u00een decurs de c\u00e2teva ore, s-au prezentat zeci de pacien\u021bi.<\/strong><\/p>\n\n\n\n<p>Sala de a\u0219teptare a UPU este arhiplin\u0103. <\/p>\n\n\n\n<p>\u00cen 30 decembrie, de la ora 00.00 \u0219i p\u00e2n\u0103 la ora 19.30, la UPU Alba Iulia s-au prezentat 161 de pacien\u021bi, dintre care 41 de copii. <\/p>\n\n\n\n<p>\u00cen total, 20 de cazuri au fost internate, iar celelalte nu au necesitat internare.<\/p>\n\n\n\n<p> Num\u0103rul pacien\u021bilor este \u00een cre\u0219tere.<\/p>\n\n\n\n<p>Personalul medical din cadrul UPU Alba Iulia face tot posibilul s\u0103 gestioneze c\u00e2t mai bine situa\u021bia dificil\u0103, astfel \u00eenc\u00e2t fiecare pacient s\u0103 primeasc\u0103 \u00eengrijirile medicale de care are nevoie.<\/p>\n\n\n\n<p> Fiecare caz medical are particularit\u0103\u021bile sale, iar pentru a trata corespunz\u0103tor fiecare pacient este nevoie de timp, pentru consulta\u021bia specific\u0103, investiga\u021bii \u0219i analize medicale. <\/p>\n\n\n\n<p>Astfel, facem apel la \u00een\u021belegere din partea pacien\u021bilor \u0219i apar\u021bin\u0103torilor \u00eentruc\u00e2t \u0219i pentru medici situa\u021bia a devenit una dificil\u0103, aproape inuman\u0103.<\/p>\n\n\n\n<p>Pe o tur\u0103 de lucru (12 ore) la UPU Alba Iulia sunt doar doi medici, iar afluxul mare de pacien\u021bi, \u00eentr-o perioad\u0103 scurt\u0103 de timp, creeaz\u0103 o situa\u021bie medical\u0103 foarte dificil\u0103 \u0219i pune presiune extrem de mare pe personalul medical. <\/p>\n\n\n\n<p>Num\u0103rul pacien\u021bilor a crescut constant de la Cr\u0103ciun \u0219i se \u00eendreapt\u0103 c\u0103tre 200 de cazuri la 24 de ore. <\/p>\n\n\n\n<p>Pentru a putea func\u021biona \u00een condi\u021bii optime, av\u00e2nd \u00een vedere afluxul extrem de mare de pacien\u021bi, este necesar\u0103 prezen\u021ba a cel pu\u021bin PATRU medici pe tur\u0103.<\/p>\n\n\n\n<p> Astfel, un medic este nevoit s\u0103 lucreze c\u00e2t doi, ceea ce devine extrem de greu pe o perioad\u0103 mai lung\u0103 de timp. <\/p>\n\n\n\n<p>Din p\u0103cate, tot din cauza deficitului de medici, nu pot fi chema\u021bi ceilal\u021bi medici, de acas\u0103, pentru a gestiona situa\u021bii precum cea de ast\u0103zi, \u00eentruc\u00e2t ace\u0219tia vor fi nevoi\u021bi s\u0103 fac\u0103 fa\u021b\u0103 m\u00e2ine \u0219i zilele urm\u0103toare provoc\u0103rilor din activitatea medical\u0103, care sunt la fel de mari. <\/p>\n\n\n\n<p>Toate spitalele municipale \u0219i or\u0103\u0219ene\u0219ti din jude\u021bul Alba, cu excep\u021bia Spitalului Municipal Blaj, trimit pacien\u021bi la UPU Alba Iulia. <\/p>\n\n\n\n<p>Astfel, pe l\u00e2ng\u0103 pacien\u021bii din municipiul re\u0219edin\u021b\u0103 de jude\u021b, cu ambulan\u021bele sunt adu\u0219i zilnic din jude\u021b zeci de pacien\u021bi. <\/p>\n\n\n\n<p>De asemenea, sunt \u0219i pacien\u021bi din jude\u021b care ajung la UPU Alba Iulia cu ma\u0219inile personale pentru asisten\u021b\u0103 medical\u0103. <\/p>\n\n\n\n<p>Fiecare caz este tratat cu seriozitate, \u00eens\u0103 prioritate sunt cazurile grave (\u00een ariile de consulta\u021bii \u0219i tratament nu sunt prelua\u021bi pacien\u021bi \u00een ordinea sosirii, ci \u00een func\u021bie de gravitatea cazului medical).<\/p>\n\n\n\n<figure class=\"wp-block-image size-full\"><img loading=\"lazy\" decoding=\"async\" width=\"1080\" height=\"720\" src=\"https:\/\/urbeamea.ro\/albaiulia\/wp-content\/uploads\/2024\/12\/1000023452.jpg\" alt=\"\" class=\"wp-image-115830\" srcset=\"https:\/\/urbeamea.ro\/albaiulia\/wp-content\/uploads\/2024\/12\/1000023452.jpg 1080w, https:\/\/urbeamea.ro\/albaiulia\/wp-content\/uploads\/2024\/12\/1000023452-640x427.jpg 640w, https:\/\/urbeamea.ro\/albaiulia\/wp-content\/uploads\/2024\/12\/1000023452-150x100.jpg 150w, https:\/\/urbeamea.ro\/albaiulia\/wp-content\/uploads\/2024\/12\/1000023452-768x512.jpg 768w\" sizes=\"auto, (max-width: 1080px) 100vw, 1080px\" \/><\/figure>\n\n\n\n<p><\/p>\n","protected":false},"excerpt":{"rendered":"<p>Unitatea de Primiri Urgen\u021be a Spitalului Jude\u021bean de Urgen\u021b\u0103 Alba Iulia se afl\u0103, luni seara, \u00eentr-o situa\u021bie extrem de dificil\u0103, \u00een condi\u021biile \u00een care, \u00een decurs de c\u00e2teva ore, s-au prezentat zeci de pacien\u021bi. Sala de a\u0219teptare a UPU este arhiplin\u0103. \u00cen 30 decembrie, de la ora 00.00 \u0219i p\u00e2n\u0103 la ora 19.30, la UPU &hellip;<\/p>\n","protected":false},"author":28,"featured_media":115830,"comment_status":"open","ping_status":"open","sticky":false,"template":"","format":"standard","meta":{"inline_featured_image":false,"footnotes":""},"categories":[4,255,2034,1,16344],"tags":[1334,25174],"class_list":["post-115829","post","type-post","status-publish","format-standard","has-post-thumbnail","hentry","category-eveniment","category-sanatate","category-social","category-stiri-urbane","category-urbea-mea","tag-spitalul-judetean-alba","tag-unitate-de-primiri-urgente"],"yoast_head":"<!-- This site is optimized with the Yoast SEO plugin v27.4 - https:\/\/yoast.com\/product\/yoast-seo-wordpress\/ -->\n<title>Unitatea de Primiri Urgen\u021be a Spitalului Jude\u021bean de Urgen\u021b\u0103 Alba Iulia, supraaglomerat\u0103 \u00een ajun de Revelion: Aproape 200 de pacien\u021bi la 24 de ore - Revista Urbea Mea - Revista de Alba<\/title>\n<meta name=\"description\" content=\"Unitatea de Primiri Urgen\u021be a Spitalului Jude\u021bean de Urgen\u021b\u0103 Alba Iulia se afl\u0103, luni seara, \u00eentr-o situa\u021bie extrem de dificil\u0103, \u00een condi\u021biile \u00een care, \u00een\" \/>\n<meta name=\"robots\" content=\"index, follow, max-snippet:-1, max-image-preview:large, max-video-preview:-1\" \/>\n<link rel=\"canonical\" href=\"https:\/\/urbeamea.ro\/albaiulia\/unitatea-de-primiri-urgente-a-spitalului-judetean-de-urgenta-alba-iulia-supraaglomerata-in-ajun-de-revelion-aproape-200-de-pacienti-la-24-de-ore\/\" \/>\n<meta name=\"twitter:card\" content=\"summary_large_image\" \/>\n<meta name=\"twitter:title\" content=\"Unitatea de Primiri Urgen\u021be a Spitalului Jude\u021bean de Urgen\u021b\u0103 Alba Iulia, supraaglomerat\u0103 \u00een ajun de Revelion: Aproape 200 de pacien\u021bi la 24 de ore - Revista Urbea Mea - Revista de Alba\" \/>\n<meta name=\"twitter:description\" content=\"Unitatea de Primiri Urgen\u021be a Spitalului Jude\u021bean de Urgen\u021b\u0103 Alba Iulia se afl\u0103, luni seara, \u00eentr-o situa\u021bie extrem de dificil\u0103, \u00een condi\u021biile \u00een care, \u00een\" \/>\n<meta name=\"twitter:image\" content=\"https:\/\/urbeamea.ro\/albaiulia\/wp-content\/uploads\/2024\/12\/1000023452.jpg\" \/>\n<meta name=\"twitter:creator\" content=\"@urbeameaweb\" \/>\n<meta name=\"twitter:site\" content=\"@urbeameaweb\" \/>\n<script type=\"application\/ld+json\" class=\"yoast-schema-graph\">{\"@context\":\"https:\\\/\\\/schema.org\",\"@graph\":[{\"@type\":\"Article\",\"@id\":\"https:\\\/\\\/urbeamea.ro\\\/albaiulia\\\/unitatea-de-primiri-urgente-a-spitalului-judetean-de-urgenta-alba-iulia-supraaglomerata-in-ajun-de-revelion-aproape-200-de-pacienti-la-24-de-ore\\\/#article\",\"isPartOf\":{\"@id\":\"https:\\\/\\\/urbeamea.ro\\\/albaiulia\\\/unitatea-de-primiri-urgente-a-spitalului-judetean-de-urgenta-alba-iulia-supraaglomerata-in-ajun-de-revelion-aproape-200-de-pacienti-la-24-de-ore\\\/\"},\"author\":{\"name\":\"Giurca Sorin\",\"@id\":\"https:\\\/\\\/urbeamea.ro\\\/albaiulia\\\/#\\\/schema\\\/person\\\/5db3854ac38c1cc9f0ab4092d6a20f02\"},\"headline\":\"Unitatea de Primiri Urgen\u021be a Spitalului Jude\u021bean de Urgen\u021b\u0103 Alba Iulia, supraaglomerat\u0103 \u00een ajun de Revelion: Aproape 200 de pacien\u021bi la 24 de ore\",\"datePublished\":\"2024-12-30T20:01:45+00:00\",\"dateModified\":\"2024-12-30T20:01:46+00:00\",\"mainEntityOfPage\":{\"@id\":\"https:\\\/\\\/urbeamea.ro\\\/albaiulia\\\/unitatea-de-primiri-urgente-a-spitalului-judetean-de-urgenta-alba-iulia-supraaglomerata-in-ajun-de-revelion-aproape-200-de-pacienti-la-24-de-ore\\\/\"},\"wordCount\":483,\"commentCount\":0,\"image\":{\"@id\":\"https:\\\/\\\/urbeamea.ro\\\/albaiulia\\\/unitatea-de-primiri-urgente-a-spitalului-judetean-de-urgenta-alba-iulia-supraaglomerata-in-ajun-de-revelion-aproape-200-de-pacienti-la-24-de-ore\\\/#primaryimage\"},\"thumbnailUrl\":\"https:\\\/\\\/urbeamea.ro\\\/albaiulia\\\/wp-content\\\/uploads\\\/2024\\\/12\\\/1000023452.jpg\",\"keywords\":[\"spitalul judetean alba\",\"Unitate de primiri urgente\"],\"articleSection\":[\"Evenimente\",\"S\u0103n\u0103tate\",\"Social\",\"\u015etiri Urbane\",\"Urbea Mea\"],\"inLanguage\":\"ro-RO\",\"potentialAction\":[{\"@type\":\"CommentAction\",\"name\":\"Comment\",\"target\":[\"https:\\\/\\\/urbeamea.ro\\\/albaiulia\\\/unitatea-de-primiri-urgente-a-spitalului-judetean-de-urgenta-alba-iulia-supraaglomerata-in-ajun-de-revelion-aproape-200-de-pacienti-la-24-de-ore\\\/#respond\"]}]},{\"@type\":\"WebPage\",\"@id\":\"https:\\\/\\\/urbeamea.ro\\\/albaiulia\\\/unitatea-de-primiri-urgente-a-spitalului-judetean-de-urgenta-alba-iulia-supraaglomerata-in-ajun-de-revelion-aproape-200-de-pacienti-la-24-de-ore\\\/\",\"url\":\"https:\\\/\\\/urbeamea.ro\\\/albaiulia\\\/unitatea-de-primiri-urgente-a-spitalului-judetean-de-urgenta-alba-iulia-supraaglomerata-in-ajun-de-revelion-aproape-200-de-pacienti-la-24-de-ore\\\/\",\"name\":\"Unitatea de Primiri Urgen\u021be a Spitalului Jude\u021bean de Urgen\u021b\u0103 Alba Iulia, supraaglomerat\u0103 \u00een ajun de Revelion: Aproape 200 de pacien\u021bi la 24 de ore - Revista Urbea Mea - Revista de Alba\",\"isPartOf\":{\"@id\":\"https:\\\/\\\/urbeamea.ro\\\/albaiulia\\\/#website\"},\"primaryImageOfPage\":{\"@id\":\"https:\\\/\\\/urbeamea.ro\\\/albaiulia\\\/unitatea-de-primiri-urgente-a-spitalului-judetean-de-urgenta-alba-iulia-supraaglomerata-in-ajun-de-revelion-aproape-200-de-pacienti-la-24-de-ore\\\/#primaryimage\"},\"image\":{\"@id\":\"https:\\\/\\\/urbeamea.ro\\\/albaiulia\\\/unitatea-de-primiri-urgente-a-spitalului-judetean-de-urgenta-alba-iulia-supraaglomerata-in-ajun-de-revelion-aproape-200-de-pacienti-la-24-de-ore\\\/#primaryimage\"},\"thumbnailUrl\":\"https:\\\/\\\/urbeamea.ro\\\/albaiulia\\\/wp-content\\\/uploads\\\/2024\\\/12\\\/1000023452.jpg\",\"datePublished\":\"2024-12-30T20:01:45+00:00\",\"dateModified\":\"2024-12-30T20:01:46+00:00\",\"author\":{\"@id\":\"https:\\\/\\\/urbeamea.ro\\\/albaiulia\\\/#\\\/schema\\\/person\\\/5db3854ac38c1cc9f0ab4092d6a20f02\"},\"description\":\"Unitatea de Primiri Urgen\u021be a Spitalului Jude\u021bean de Urgen\u021b\u0103 Alba Iulia se afl\u0103, luni seara, \u00eentr-o situa\u021bie extrem de dificil\u0103, \u00een condi\u021biile \u00een care, \u00een\",\"breadcrumb\":{\"@id\":\"https:\\\/\\\/urbeamea.ro\\\/albaiulia\\\/unitatea-de-primiri-urgente-a-spitalului-judetean-de-urgenta-alba-iulia-supraaglomerata-in-ajun-de-revelion-aproape-200-de-pacienti-la-24-de-ore\\\/#breadcrumb\"},\"inLanguage\":\"ro-RO\",\"potentialAction\":[{\"@type\":\"ReadAction\",\"target\":[\"https:\\\/\\\/urbeamea.ro\\\/albaiulia\\\/unitatea-de-primiri-urgente-a-spitalului-judetean-de-urgenta-alba-iulia-supraaglomerata-in-ajun-de-revelion-aproape-200-de-pacienti-la-24-de-ore\\\/\"]}]},{\"@type\":\"ImageObject\",\"inLanguage\":\"ro-RO\",\"@id\":\"https:\\\/\\\/urbeamea.ro\\\/albaiulia\\\/unitatea-de-primiri-urgente-a-spitalului-judetean-de-urgenta-alba-iulia-supraaglomerata-in-ajun-de-revelion-aproape-200-de-pacienti-la-24-de-ore\\\/#primaryimage\",\"url\":\"https:\\\/\\\/urbeamea.ro\\\/albaiulia\\\/wp-content\\\/uploads\\\/2024\\\/12\\\/1000023452.jpg\",\"contentUrl\":\"https:\\\/\\\/urbeamea.ro\\\/albaiulia\\\/wp-content\\\/uploads\\\/2024\\\/12\\\/1000023452.jpg\",\"width\":1080,\"height\":720},{\"@type\":\"BreadcrumbList\",\"@id\":\"https:\\\/\\\/urbeamea.ro\\\/albaiulia\\\/unitatea-de-primiri-urgente-a-spitalului-judetean-de-urgenta-alba-iulia-supraaglomerata-in-ajun-de-revelion-aproape-200-de-pacienti-la-24-de-ore\\\/#breadcrumb\",\"itemListElement\":[{\"@type\":\"ListItem\",\"position\":1,\"name\":\"Prima pagin\u0103\",\"item\":\"https:\\\/\\\/urbeamea.ro\\\/albaiulia\\\/\"},{\"@type\":\"ListItem\",\"position\":2,\"name\":\"Unitatea de Primiri Urgen\u021be a Spitalului Jude\u021bean de Urgen\u021b\u0103 Alba Iulia, supraaglomerat\u0103 \u00een ajun de Revelion: Aproape 200 de pacien\u021bi la 24 de ore\"}]},{\"@type\":\"WebSite\",\"@id\":\"https:\\\/\\\/urbeamea.ro\\\/albaiulia\\\/#website\",\"url\":\"https:\\\/\\\/urbeamea.ro\\\/albaiulia\\\/\",\"name\":\"Revista Urbea Mea, Stiri urbane\",\"description\":\"Evenimente \u0219i \u0219tiri din Alba Iulia, Sebe\u0219, Aiud, Blaj\",\"potentialAction\":[{\"@type\":\"SearchAction\",\"target\":{\"@type\":\"EntryPoint\",\"urlTemplate\":\"https:\\\/\\\/urbeamea.ro\\\/albaiulia\\\/?s={search_term_string}\"},\"query-input\":{\"@type\":\"PropertyValueSpecification\",\"valueRequired\":true,\"valueName\":\"search_term_string\"}}],\"inLanguage\":\"ro-RO\"},{\"@type\":\"Person\",\"@id\":\"https:\\\/\\\/urbeamea.ro\\\/albaiulia\\\/#\\\/schema\\\/person\\\/5db3854ac38c1cc9f0ab4092d6a20f02\",\"name\":\"Giurca Sorin\",\"image\":{\"@type\":\"ImageObject\",\"inLanguage\":\"ro-RO\",\"@id\":\"https:\\\/\\\/secure.gravatar.com\\\/avatar\\\/120f6fcae7b3b47a7730cb9943f612f4909f68ac5284b5f40ac1c4615fd70576?s=96&d=mm&r=g\",\"url\":\"https:\\\/\\\/secure.gravatar.com\\\/avatar\\\/120f6fcae7b3b47a7730cb9943f612f4909f68ac5284b5f40ac1c4615fd70576?s=96&d=mm&r=g\",\"contentUrl\":\"https:\\\/\\\/secure.gravatar.com\\\/avatar\\\/120f6fcae7b3b47a7730cb9943f612f4909f68ac5284b5f40ac1c4615fd70576?s=96&d=mm&r=g\",\"caption\":\"Giurca Sorin\"},\"url\":\"https:\\\/\\\/urbeamea.ro\\\/albaiulia\\\/author\\\/sorin\\\/\"}]}<\/script>\n<!-- \/ Yoast SEO plugin. -->","yoast_head_json":{"title":"Unitatea de Primiri Urgen\u021be a Spitalului Jude\u021bean de Urgen\u021b\u0103 Alba Iulia, supraaglomerat\u0103 \u00een ajun de Revelion: Aproape 200 de pacien\u021bi la 24 de ore - Revista Urbea Mea - Revista de Alba","description":"Unitatea de Primiri Urgen\u021be a Spitalului Jude\u021bean de Urgen\u021b\u0103 Alba Iulia se afl\u0103, luni seara, \u00eentr-o situa\u021bie extrem de dificil\u0103, \u00een condi\u021biile \u00een care, \u00een","robots":{"index":"index","follow":"follow","max-snippet":"max-snippet:-1","max-image-preview":"max-image-preview:large","max-video-preview":"max-video-preview:-1"},"canonical":"https:\/\/urbeamea.ro\/albaiulia\/unitatea-de-primiri-urgente-a-spitalului-judetean-de-urgenta-alba-iulia-supraaglomerata-in-ajun-de-revelion-aproape-200-de-pacienti-la-24-de-ore\/","twitter_card":"summary_large_image","twitter_title":"Unitatea de Primiri Urgen\u021be a Spitalului Jude\u021bean de Urgen\u021b\u0103 Alba Iulia, supraaglomerat\u0103 \u00een ajun de Revelion: Aproape 200 de pacien\u021bi la 24 de ore - Revista Urbea Mea - Revista de Alba","twitter_description":"Unitatea de Primiri Urgen\u021be a Spitalului Jude\u021bean de Urgen\u021b\u0103 Alba Iulia se afl\u0103, luni seara, \u00eentr-o situa\u021bie extrem de dificil\u0103, \u00een condi\u021biile \u00een care, \u00een","twitter_image":"https:\/\/urbeamea.ro\/albaiulia\/wp-content\/uploads\/2024\/12\/1000023452.jpg","twitter_creator":"@urbeameaweb","twitter_site":"@urbeameaweb","schema":{"@context":"https:\/\/schema.org","@graph":[{"@type":"Article","@id":"https:\/\/urbeamea.ro\/albaiulia\/unitatea-de-primiri-urgente-a-spitalului-judetean-de-urgenta-alba-iulia-supraaglomerata-in-ajun-de-revelion-aproape-200-de-pacienti-la-24-de-ore\/#article","isPartOf":{"@id":"https:\/\/urbeamea.ro\/albaiulia\/unitatea-de-primiri-urgente-a-spitalului-judetean-de-urgenta-alba-iulia-supraaglomerata-in-ajun-de-revelion-aproape-200-de-pacienti-la-24-de-ore\/"},"author":{"name":"Giurca Sorin","@id":"https:\/\/urbeamea.ro\/albaiulia\/#\/schema\/person\/5db3854ac38c1cc9f0ab4092d6a20f02"},"headline":"Unitatea de Primiri Urgen\u021be a Spitalului Jude\u021bean de Urgen\u021b\u0103 Alba Iulia, supraaglomerat\u0103 \u00een ajun de Revelion: Aproape 200 de pacien\u021bi la 24 de ore","datePublished":"2024-12-30T20:01:45+00:00","dateModified":"2024-12-30T20:01:46+00:00","mainEntityOfPage":{"@id":"https:\/\/urbeamea.ro\/albaiulia\/unitatea-de-primiri-urgente-a-spitalului-judetean-de-urgenta-alba-iulia-supraaglomerata-in-ajun-de-revelion-aproape-200-de-pacienti-la-24-de-ore\/"},"wordCount":483,"commentCount":0,"image":{"@id":"https:\/\/urbeamea.ro\/albaiulia\/unitatea-de-primiri-urgente-a-spitalului-judetean-de-urgenta-alba-iulia-supraaglomerata-in-ajun-de-revelion-aproape-200-de-pacienti-la-24-de-ore\/#primaryimage"},"thumbnailUrl":"https:\/\/urbeamea.ro\/albaiulia\/wp-content\/uploads\/2024\/12\/1000023452.jpg","keywords":["spitalul judetean alba","Unitate de primiri urgente"],"articleSection":["Evenimente","S\u0103n\u0103tate","Social","\u015etiri Urbane","Urbea Mea"],"inLanguage":"ro-RO","potentialAction":[{"@type":"CommentAction","name":"Comment","target":["https:\/\/urbeamea.ro\/albaiulia\/unitatea-de-primiri-urgente-a-spitalului-judetean-de-urgenta-alba-iulia-supraaglomerata-in-ajun-de-revelion-aproape-200-de-pacienti-la-24-de-ore\/#respond"]}]},{"@type":"WebPage","@id":"https:\/\/urbeamea.ro\/albaiulia\/unitatea-de-primiri-urgente-a-spitalului-judetean-de-urgenta-alba-iulia-supraaglomerata-in-ajun-de-revelion-aproape-200-de-pacienti-la-24-de-ore\/","url":"https:\/\/urbeamea.ro\/albaiulia\/unitatea-de-primiri-urgente-a-spitalului-judetean-de-urgenta-alba-iulia-supraaglomerata-in-ajun-de-revelion-aproape-200-de-pacienti-la-24-de-ore\/","name":"Unitatea de Primiri Urgen\u021be a Spitalului Jude\u021bean de Urgen\u021b\u0103 Alba Iulia, supraaglomerat\u0103 \u00een ajun de Revelion: Aproape 200 de pacien\u021bi la 24 de ore - Revista Urbea Mea - Revista de Alba","isPartOf":{"@id":"https:\/\/urbeamea.ro\/albaiulia\/#website"},"primaryImageOfPage":{"@id":"https:\/\/urbeamea.ro\/albaiulia\/unitatea-de-primiri-urgente-a-spitalului-judetean-de-urgenta-alba-iulia-supraaglomerata-in-ajun-de-revelion-aproape-200-de-pacienti-la-24-de-ore\/#primaryimage"},"image":{"@id":"https:\/\/urbeamea.ro\/albaiulia\/unitatea-de-primiri-urgente-a-spitalului-judetean-de-urgenta-alba-iulia-supraaglomerata-in-ajun-de-revelion-aproape-200-de-pacienti-la-24-de-ore\/#primaryimage"},"thumbnailUrl":"https:\/\/urbeamea.ro\/albaiulia\/wp-content\/uploads\/2024\/12\/1000023452.jpg","datePublished":"2024-12-30T20:01:45+00:00","dateModified":"2024-12-30T20:01:46+00:00","author":{"@id":"https:\/\/urbeamea.ro\/albaiulia\/#\/schema\/person\/5db3854ac38c1cc9f0ab4092d6a20f02"},"description":"Unitatea de Primiri Urgen\u021be a Spitalului Jude\u021bean de Urgen\u021b\u0103 Alba Iulia se afl\u0103, luni seara, \u00eentr-o situa\u021bie extrem de dificil\u0103, \u00een condi\u021biile \u00een care, \u00een","breadcrumb":{"@id":"https:\/\/urbeamea.ro\/albaiulia\/unitatea-de-primiri-urgente-a-spitalului-judetean-de-urgenta-alba-iulia-supraaglomerata-in-ajun-de-revelion-aproape-200-de-pacienti-la-24-de-ore\/#breadcrumb"},"inLanguage":"ro-RO","potentialAction":[{"@type":"ReadAction","target":["https:\/\/urbeamea.ro\/albaiulia\/unitatea-de-primiri-urgente-a-spitalului-judetean-de-urgenta-alba-iulia-supraaglomerata-in-ajun-de-revelion-aproape-200-de-pacienti-la-24-de-ore\/"]}]},{"@type":"ImageObject","inLanguage":"ro-RO","@id":"https:\/\/urbeamea.ro\/albaiulia\/unitatea-de-primiri-urgente-a-spitalului-judetean-de-urgenta-alba-iulia-supraaglomerata-in-ajun-de-revelion-aproape-200-de-pacienti-la-24-de-ore\/#primaryimage","url":"https:\/\/urbeamea.ro\/albaiulia\/wp-content\/uploads\/2024\/12\/1000023452.jpg","contentUrl":"https:\/\/urbeamea.ro\/albaiulia\/wp-content\/uploads\/2024\/12\/1000023452.jpg","width":1080,"height":720},{"@type":"BreadcrumbList","@id":"https:\/\/urbeamea.ro\/albaiulia\/unitatea-de-primiri-urgente-a-spitalului-judetean-de-urgenta-alba-iulia-supraaglomerata-in-ajun-de-revelion-aproape-200-de-pacienti-la-24-de-ore\/#breadcrumb","itemListElement":[{"@type":"ListItem","position":1,"name":"Prima pagin\u0103","item":"https:\/\/urbeamea.ro\/albaiulia\/"},{"@type":"ListItem","position":2,"name":"Unitatea de Primiri Urgen\u021be a Spitalului Jude\u021bean de Urgen\u021b\u0103 Alba Iulia, supraaglomerat\u0103 \u00een ajun de Revelion: Aproape 200 de pacien\u021bi la 24 de ore"}]},{"@type":"WebSite","@id":"https:\/\/urbeamea.ro\/albaiulia\/#website","url":"https:\/\/urbeamea.ro\/albaiulia\/","name":"Revista Urbea Mea, Stiri urbane","description":"Evenimente \u0219i \u0219tiri din Alba Iulia, Sebe\u0219, Aiud, Blaj","potentialAction":[{"@type":"SearchAction","target":{"@type":"EntryPoint","urlTemplate":"https:\/\/urbeamea.ro\/albaiulia\/?s={search_term_string}"},"query-input":{"@type":"PropertyValueSpecification","valueRequired":true,"valueName":"search_term_string"}}],"inLanguage":"ro-RO"},{"@type":"Person","@id":"https:\/\/urbeamea.ro\/albaiulia\/#\/schema\/person\/5db3854ac38c1cc9f0ab4092d6a20f02","name":"Giurca Sorin","image":{"@type":"ImageObject","inLanguage":"ro-RO","@id":"https:\/\/secure.gravatar.com\/avatar\/120f6fcae7b3b47a7730cb9943f612f4909f68ac5284b5f40ac1c4615fd70576?s=96&d=mm&r=g","url":"https:\/\/secure.gravatar.com\/avatar\/120f6fcae7b3b47a7730cb9943f612f4909f68ac5284b5f40ac1c4615fd70576?s=96&d=mm&r=g","contentUrl":"https:\/\/secure.gravatar.com\/avatar\/120f6fcae7b3b47a7730cb9943f612f4909f68ac5284b5f40ac1c4615fd70576?s=96&d=mm&r=g","caption":"Giurca Sorin"},"url":"https:\/\/urbeamea.ro\/albaiulia\/author\/sorin\/"}]}},"_links":{"self":[{"href":"https:\/\/urbeamea.ro\/albaiulia\/wp-json\/wp\/v2\/posts\/115829","targetHints":{"allow":["GET"]}}],"collection":[{"href":"https:\/\/urbeamea.ro\/albaiulia\/wp-json\/wp\/v2\/posts"}],"about":[{"href":"https:\/\/urbeamea.ro\/albaiulia\/wp-json\/wp\/v2\/types\/post"}],"author":[{"embeddable":true,"href":"https:\/\/urbeamea.ro\/albaiulia\/wp-json\/wp\/v2\/users\/28"}],"replies":[{"embeddable":true,"href":"https:\/\/urbeamea.ro\/albaiulia\/wp-json\/wp\/v2\/comments?post=115829"}],"version-history":[{"count":1,"href":"https:\/\/urbeamea.ro\/albaiulia\/wp-json\/wp\/v2\/posts\/115829\/revisions"}],"predecessor-version":[{"id":115831,"href":"https:\/\/urbeamea.ro\/albaiulia\/wp-json\/wp\/v2\/posts\/115829\/revisions\/115831"}],"wp:featuredmedia":[{"embeddable":true,"href":"https:\/\/urbeamea.ro\/albaiulia\/wp-json\/wp\/v2\/media\/115830"}],"wp:attachment":[{"href":"https:\/\/urbeamea.ro\/albaiulia\/wp-json\/wp\/v2\/media?parent=115829"}],"wp:term":[{"taxonomy":"category","embeddable":true,"href":"https:\/\/urbeamea.ro\/albaiulia\/wp-json\/wp\/v2\/categories?post=115829"},{"taxonomy":"post_tag","embeddable":true,"href":"https:\/\/urbeamea.ro\/albaiulia\/wp-json\/wp\/v2\/tags?post=115829"}],"curies":[{"name":"wp","href":"https:\/\/api.w.org\/{rel}","templated":true}]}}