{"id":115848,"date":"2025-01-03T13:38:40","date_gmt":"2025-01-03T11:38:40","guid":{"rendered":"https:\/\/urbeamea.ro\/albaiulia\/?p=115848"},"modified":"2025-01-03T13:38:41","modified_gmt":"2025-01-03T11:38:41","slug":"si-in-anul-2025-continua-modernizarea-si-extinderea-sistemului-de-iluminat-public-pe-zeci-de-strazi-din-sebes-lancram-si-rahau","status":"publish","type":"post","link":"https:\/\/urbeamea.ro\/albaiulia\/si-in-anul-2025-continua-modernizarea-si-extinderea-sistemului-de-iluminat-public-pe-zeci-de-strazi-din-sebes-lancram-si-rahau\/","title":{"rendered":"\u0218i \u00een anul 2025 continu\u0103 modernizarea \u0219i extinderea sistemului de iluminat public pe zeci de str\u0103zi din Sebe\u0219, Lancr\u0103m \u0219i R\u0103h\u0103u"},"content":{"rendered":"\n<blockquote class=\"wp-block-quote is-layout-flow wp-block-quote-is-layout-flow\">\n<p>Prim\u0103ria Municipiului Sebe\u0219 continu\u0103 demersul de dezvoltare \u0219i eficientizare a sistemului de iluminat public, depun\u00e2nd la Administra\u021bia Fondului pentru Mediu un proiect al c\u0103rui scop este \u0219i \u00eembun\u0103t\u0103\u021birea calit\u0103\u021bii mediului prin reducerea emisiilor de gaze cu efect de ser\u0103 prin utilizarea unor corpuri de iluminat cu surse de tip LED, care s\u0103 determine o eficien\u021b\u0103 energetic\u0103 ridicat\u0103 \u0219i poluare luminoas\u0103 minim\u0103.<\/p>\n\n\n\n<p>primarul Dorin Nistor<\/p>\n<\/blockquote>\n\n\n\n<p>Proiectul vizeaz\u0103 modernizarea sistemului de iluminat public prin \u00eenlocuirea corpurilor de iluminat existente av\u00e2nd un consum ridicat de energie electric\u0103 cu corpuri de iluminat cu surse LED, completarea sistemului de iluminat public existent cu corpuri de iluminat cu surse LED, extinderea sistemului de iluminat existent, precum \u0219i achizi\u021bionarea \u0219i instalarea sistemului de telegestiune aferent.<\/p>\n\n\n\n<p>Prin intermediul proiectului \u201eModernizare \u0219i extindere sistem iluminat public \u00een Municipiul Sebe\u0219\u201d se urm\u0103re\u0219te:<\/p>\n\n\n\n<p>1. modernizarea sistemelor de iluminat public prin \u00eenlocuirea corpurilor de iluminat existente de pe urm\u0103toarele str\u0103zi: Abatorului, Alunelului, Br\u00e2ndu\u0219elor, Doroban\u021bi, Iasminului, Izvorului, Luncii, Macului, Occidentului, Pia\u021ba Prim\u0103riei, Speran\u021bei, Valea Frumoasei, Paul Tomi\u021ba, Ar\u021barului, P\u0103cii, Z\u0103voi;<\/p>\n\n\n\n<p>2. extinderea sistemului de iluminat public prin instalarea de st\u00e2lpi fotovoltaici pe urm\u0103toarele str\u0103zi: Augustin Bena \u2013 de la sensul giratoriu la intersec\u021bia cu DJ 704A (\u00eentre sensul giratoriu \u0219i vechiul Drum al Pianului), Crizantemelor, \u00een Lancr\u0103m \u2013 str\u0103zile Arini, R\u00e2ului, Salciei, Ghiocelului iar \u00een R\u0103h\u0103u pe strada Principal\u0103 \u2013 de la nr. 190 la intersec\u021bia cu drumul na\u021bional DN 1.<\/p>\n\n\n\n<p>3. implementare sistem de telegestiune la nivelul \u00eentregului obiectiv.<\/p>\n\n\n\n<p>Implementarea obiectivului de investi\u021bii presupune realizarea de lucr\u0103ri pe str\u0103zile vizate, cum sunt:<\/p>\n\n\n\n<p>&#8211; demontare corpuri de iluminat \u0219i sisteme de prindere: 114 buc;<\/p>\n\n\n\n<p>&#8211; montare aparate de iluminat LED 30W: 218 buc;<\/p>\n\n\n\n<p>&#8211; montare senzori inteligen\u021bi: 1 buc;<\/p>\n\n\n\n<p>&#8211; instalare st\u00e2lpi fotovoltaici 100% autonomi\u2013 f\u0103r\u0103 consum din re\u021bea: 104 buc;<\/p>\n\n\n\n<p>&#8211; implementare sistem inteligent de telegestiune: 1 buc;<\/p>\n\n\n\n<p>Valoarea total\u0103 a investi\u021biei: 5.488.490,00 lei.<\/p>\n\n\n\n<p>Implementarea proiectului va asigura un sistem de iluminat modern, cu eficien\u021b\u0103 luminoas\u0103 \u0219i energetic\u0103 ridicat\u0103, cu o durat\u0103 de via\u021b\u0103 mare a surselor de lumin\u0103 (minim 100000 ore), cu cheltuieli de \u00eentre\u021binere \u0219i exploatare reduse. \u00cen plus, punerea \u00een practic\u0103 a investi\u021biei asigur\u0103 un nivel al luminan\u021bei \u00een conformitate cu prevederile standardului SR-EN 13.201 pe toate str\u0103zile din obiectivul de investi\u021bii \u0219i, de asemenea, asigur\u0103 implementarea sistemului de telegestiune.<\/p>\n\n\n\n<p>Durata estimat\u0103 de realizare a obiectivului de investi\u021bie este de 12 luni.<\/p>\n","protected":false},"excerpt":{"rendered":"<p>Prim\u0103ria Municipiului Sebe\u0219 continu\u0103 demersul de dezvoltare \u0219i eficientizare a sistemului de iluminat public, depun\u00e2nd la Administra\u021bia Fondului pentru Mediu un proiect al c\u0103rui scop este \u0219i \u00eembun\u0103t\u0103\u021birea calit\u0103\u021bii mediului prin reducerea emisiilor de gaze cu efect de ser\u0103 prin utilizarea unor corpuri de iluminat cu surse de tip LED, care s\u0103 determine o eficien\u021b\u0103 &hellip;<\/p>\n","protected":false},"author":16,"featured_media":115849,"comment_status":"open","ping_status":"open","sticky":false,"template":"","format":"standard","meta":{"inline_featured_image":false,"footnotes":""},"categories":[2035],"tags":[],"class_list":["post-115848","post","type-post","status-publish","format-standard","has-post-thumbnail","hentry","category-administratie"],"yoast_head":"<!-- This site is optimized with the Yoast SEO plugin v27.4 - https:\/\/yoast.com\/product\/yoast-seo-wordpress\/ -->\n<title>\u0218i \u00een anul 2025 continu\u0103 modernizarea \u0219i extinderea sistemului de iluminat public pe zeci de str\u0103zi din Sebe\u0219, Lancr\u0103m \u0219i R\u0103h\u0103u - Revista Urbea Mea - Revista de Alba<\/title>\n<meta name=\"description\" content=\"Prim\u0103ria Municipiului Sebe\u0219 continu\u0103 demersul de dezvoltare \u0219i eficientizare a sistemului de iluminat public, depun\u00e2nd la Administra\u021bia Fondului pentru\" \/>\n<meta name=\"robots\" content=\"index, follow, max-snippet:-1, max-image-preview:large, max-video-preview:-1\" \/>\n<link rel=\"canonical\" href=\"https:\/\/urbeamea.ro\/albaiulia\/si-in-anul-2025-continua-modernizarea-si-extinderea-sistemului-de-iluminat-public-pe-zeci-de-strazi-din-sebes-lancram-si-rahau\/\" \/>\n<meta name=\"twitter:card\" content=\"summary_large_image\" \/>\n<meta name=\"twitter:title\" content=\"\u0218i \u00een anul 2025 continu\u0103 modernizarea \u0219i extinderea sistemului de iluminat public pe zeci de str\u0103zi din Sebe\u0219, Lancr\u0103m \u0219i R\u0103h\u0103u - Revista Urbea Mea - Revista de Alba\" \/>\n<meta name=\"twitter:description\" content=\"Prim\u0103ria Municipiului Sebe\u0219 continu\u0103 demersul de dezvoltare \u0219i eficientizare a sistemului de iluminat public, depun\u00e2nd la Administra\u021bia Fondului pentru\" \/>\n<meta name=\"twitter:image\" content=\"https:\/\/urbeamea.ro\/albaiulia\/wp-content\/uploads\/2025\/01\/IMG_7468.jpg\" \/>\n<meta name=\"twitter:creator\" content=\"@urbeameaweb\" \/>\n<meta name=\"twitter:site\" content=\"@urbeameaweb\" \/>\n<script type=\"application\/ld+json\" class=\"yoast-schema-graph\">{\"@context\":\"https:\\\/\\\/schema.org\",\"@graph\":[{\"@type\":\"Article\",\"@id\":\"https:\\\/\\\/urbeamea.ro\\\/albaiulia\\\/si-in-anul-2025-continua-modernizarea-si-extinderea-sistemului-de-iluminat-public-pe-zeci-de-strazi-din-sebes-lancram-si-rahau\\\/#article\",\"isPartOf\":{\"@id\":\"https:\\\/\\\/urbeamea.ro\\\/albaiulia\\\/si-in-anul-2025-continua-modernizarea-si-extinderea-sistemului-de-iluminat-public-pe-zeci-de-strazi-din-sebes-lancram-si-rahau\\\/\"},\"author\":{\"name\":\"Redac\u021bia UrbeaMea\",\"@id\":\"https:\\\/\\\/urbeamea.ro\\\/albaiulia\\\/#\\\/schema\\\/person\\\/272ae98052f8ee8980f59848df070247\"},\"headline\":\"\u0218i \u00een anul 2025 continu\u0103 modernizarea \u0219i extinderea sistemului de iluminat public pe zeci de str\u0103zi din Sebe\u0219, Lancr\u0103m \u0219i R\u0103h\u0103u\",\"datePublished\":\"2025-01-03T11:38:40+00:00\",\"dateModified\":\"2025-01-03T11:38:41+00:00\",\"mainEntityOfPage\":{\"@id\":\"https:\\\/\\\/urbeamea.ro\\\/albaiulia\\\/si-in-anul-2025-continua-modernizarea-si-extinderea-sistemului-de-iluminat-public-pe-zeci-de-strazi-din-sebes-lancram-si-rahau\\\/\"},\"wordCount\":437,\"commentCount\":0,\"image\":{\"@id\":\"https:\\\/\\\/urbeamea.ro\\\/albaiulia\\\/si-in-anul-2025-continua-modernizarea-si-extinderea-sistemului-de-iluminat-public-pe-zeci-de-strazi-din-sebes-lancram-si-rahau\\\/#primaryimage\"},\"thumbnailUrl\":\"https:\\\/\\\/urbeamea.ro\\\/albaiulia\\\/wp-content\\\/uploads\\\/2025\\\/01\\\/IMG_7468.jpg\",\"articleSection\":[\"Administra\u021bie\"],\"inLanguage\":\"ro-RO\",\"potentialAction\":[{\"@type\":\"CommentAction\",\"name\":\"Comment\",\"target\":[\"https:\\\/\\\/urbeamea.ro\\\/albaiulia\\\/si-in-anul-2025-continua-modernizarea-si-extinderea-sistemului-de-iluminat-public-pe-zeci-de-strazi-din-sebes-lancram-si-rahau\\\/#respond\"]}]},{\"@type\":\"WebPage\",\"@id\":\"https:\\\/\\\/urbeamea.ro\\\/albaiulia\\\/si-in-anul-2025-continua-modernizarea-si-extinderea-sistemului-de-iluminat-public-pe-zeci-de-strazi-din-sebes-lancram-si-rahau\\\/\",\"url\":\"https:\\\/\\\/urbeamea.ro\\\/albaiulia\\\/si-in-anul-2025-continua-modernizarea-si-extinderea-sistemului-de-iluminat-public-pe-zeci-de-strazi-din-sebes-lancram-si-rahau\\\/\",\"name\":\"\u0218i \u00een anul 2025 continu\u0103 modernizarea \u0219i extinderea sistemului de iluminat public pe zeci de str\u0103zi din Sebe\u0219, Lancr\u0103m \u0219i R\u0103h\u0103u - Revista Urbea Mea - Revista de Alba\",\"isPartOf\":{\"@id\":\"https:\\\/\\\/urbeamea.ro\\\/albaiulia\\\/#website\"},\"primaryImageOfPage\":{\"@id\":\"https:\\\/\\\/urbeamea.ro\\\/albaiulia\\\/si-in-anul-2025-continua-modernizarea-si-extinderea-sistemului-de-iluminat-public-pe-zeci-de-strazi-din-sebes-lancram-si-rahau\\\/#primaryimage\"},\"image\":{\"@id\":\"https:\\\/\\\/urbeamea.ro\\\/albaiulia\\\/si-in-anul-2025-continua-modernizarea-si-extinderea-sistemului-de-iluminat-public-pe-zeci-de-strazi-din-sebes-lancram-si-rahau\\\/#primaryimage\"},\"thumbnailUrl\":\"https:\\\/\\\/urbeamea.ro\\\/albaiulia\\\/wp-content\\\/uploads\\\/2025\\\/01\\\/IMG_7468.jpg\",\"datePublished\":\"2025-01-03T11:38:40+00:00\",\"dateModified\":\"2025-01-03T11:38:41+00:00\",\"author\":{\"@id\":\"https:\\\/\\\/urbeamea.ro\\\/albaiulia\\\/#\\\/schema\\\/person\\\/272ae98052f8ee8980f59848df070247\"},\"description\":\"Prim\u0103ria Municipiului Sebe\u0219 continu\u0103 demersul de dezvoltare \u0219i eficientizare a sistemului de iluminat public, depun\u00e2nd la Administra\u021bia Fondului pentru\",\"breadcrumb\":{\"@id\":\"https:\\\/\\\/urbeamea.ro\\\/albaiulia\\\/si-in-anul-2025-continua-modernizarea-si-extinderea-sistemului-de-iluminat-public-pe-zeci-de-strazi-din-sebes-lancram-si-rahau\\\/#breadcrumb\"},\"inLanguage\":\"ro-RO\",\"potentialAction\":[{\"@type\":\"ReadAction\",\"target\":[\"https:\\\/\\\/urbeamea.ro\\\/albaiulia\\\/si-in-anul-2025-continua-modernizarea-si-extinderea-sistemului-de-iluminat-public-pe-zeci-de-strazi-din-sebes-lancram-si-rahau\\\/\"]}]},{\"@type\":\"ImageObject\",\"inLanguage\":\"ro-RO\",\"@id\":\"https:\\\/\\\/urbeamea.ro\\\/albaiulia\\\/si-in-anul-2025-continua-modernizarea-si-extinderea-sistemului-de-iluminat-public-pe-zeci-de-strazi-din-sebes-lancram-si-rahau\\\/#primaryimage\",\"url\":\"https:\\\/\\\/urbeamea.ro\\\/albaiulia\\\/wp-content\\\/uploads\\\/2025\\\/01\\\/IMG_7468.jpg\",\"contentUrl\":\"https:\\\/\\\/urbeamea.ro\\\/albaiulia\\\/wp-content\\\/uploads\\\/2025\\\/01\\\/IMG_7468.jpg\",\"width\":1170,\"height\":1063},{\"@type\":\"BreadcrumbList\",\"@id\":\"https:\\\/\\\/urbeamea.ro\\\/albaiulia\\\/si-in-anul-2025-continua-modernizarea-si-extinderea-sistemului-de-iluminat-public-pe-zeci-de-strazi-din-sebes-lancram-si-rahau\\\/#breadcrumb\",\"itemListElement\":[{\"@type\":\"ListItem\",\"position\":1,\"name\":\"Prima pagin\u0103\",\"item\":\"https:\\\/\\\/urbeamea.ro\\\/albaiulia\\\/\"},{\"@type\":\"ListItem\",\"position\":2,\"name\":\"\u0218i \u00een anul 2025 continu\u0103 modernizarea \u0219i extinderea sistemului de iluminat public pe zeci de str\u0103zi din Sebe\u0219, Lancr\u0103m \u0219i R\u0103h\u0103u\"}]},{\"@type\":\"WebSite\",\"@id\":\"https:\\\/\\\/urbeamea.ro\\\/albaiulia\\\/#website\",\"url\":\"https:\\\/\\\/urbeamea.ro\\\/albaiulia\\\/\",\"name\":\"Revista Urbea Mea, Stiri urbane\",\"description\":\"Evenimente \u0219i \u0219tiri din Alba Iulia, Sebe\u0219, Aiud, Blaj\",\"potentialAction\":[{\"@type\":\"SearchAction\",\"target\":{\"@type\":\"EntryPoint\",\"urlTemplate\":\"https:\\\/\\\/urbeamea.ro\\\/albaiulia\\\/?s={search_term_string}\"},\"query-input\":{\"@type\":\"PropertyValueSpecification\",\"valueRequired\":true,\"valueName\":\"search_term_string\"}}],\"inLanguage\":\"ro-RO\"},{\"@type\":\"Person\",\"@id\":\"https:\\\/\\\/urbeamea.ro\\\/albaiulia\\\/#\\\/schema\\\/person\\\/272ae98052f8ee8980f59848df070247\",\"name\":\"Redac\u021bia UrbeaMea\",\"image\":{\"@type\":\"ImageObject\",\"inLanguage\":\"ro-RO\",\"@id\":\"https:\\\/\\\/secure.gravatar.com\\\/avatar\\\/9ce5a9435071fa1037e8468053ead8e513dbbff59009d3069aadb85506d85a27?s=96&d=mm&r=g\",\"url\":\"https:\\\/\\\/secure.gravatar.com\\\/avatar\\\/9ce5a9435071fa1037e8468053ead8e513dbbff59009d3069aadb85506d85a27?s=96&d=mm&r=g\",\"contentUrl\":\"https:\\\/\\\/secure.gravatar.com\\\/avatar\\\/9ce5a9435071fa1037e8468053ead8e513dbbff59009d3069aadb85506d85a27?s=96&d=mm&r=g\",\"caption\":\"Redac\u021bia UrbeaMea\"},\"description\":\"contact@urbeamea.ro\",\"sameAs\":[\"https:\\\/\\\/www.urbeamea.ro\"],\"url\":\"https:\\\/\\\/urbeamea.ro\\\/albaiulia\\\/author\\\/redactia-urbeamea\\\/\"}]}<\/script>\n<!-- \/ Yoast SEO plugin. -->","yoast_head_json":{"title":"\u0218i \u00een anul 2025 continu\u0103 modernizarea \u0219i extinderea sistemului de iluminat public pe zeci de str\u0103zi din Sebe\u0219, Lancr\u0103m \u0219i R\u0103h\u0103u - Revista Urbea Mea - Revista de Alba","description":"Prim\u0103ria Municipiului Sebe\u0219 continu\u0103 demersul de dezvoltare \u0219i eficientizare a sistemului de iluminat public, depun\u00e2nd la Administra\u021bia Fondului pentru","robots":{"index":"index","follow":"follow","max-snippet":"max-snippet:-1","max-image-preview":"max-image-preview:large","max-video-preview":"max-video-preview:-1"},"canonical":"https:\/\/urbeamea.ro\/albaiulia\/si-in-anul-2025-continua-modernizarea-si-extinderea-sistemului-de-iluminat-public-pe-zeci-de-strazi-din-sebes-lancram-si-rahau\/","twitter_card":"summary_large_image","twitter_title":"\u0218i \u00een anul 2025 continu\u0103 modernizarea \u0219i extinderea sistemului de iluminat public pe zeci de str\u0103zi din Sebe\u0219, Lancr\u0103m \u0219i R\u0103h\u0103u - Revista Urbea Mea - Revista de Alba","twitter_description":"Prim\u0103ria Municipiului Sebe\u0219 continu\u0103 demersul de dezvoltare \u0219i eficientizare a sistemului de iluminat public, depun\u00e2nd la Administra\u021bia Fondului pentru","twitter_image":"https:\/\/urbeamea.ro\/albaiulia\/wp-content\/uploads\/2025\/01\/IMG_7468.jpg","twitter_creator":"@urbeameaweb","twitter_site":"@urbeameaweb","schema":{"@context":"https:\/\/schema.org","@graph":[{"@type":"Article","@id":"https:\/\/urbeamea.ro\/albaiulia\/si-in-anul-2025-continua-modernizarea-si-extinderea-sistemului-de-iluminat-public-pe-zeci-de-strazi-din-sebes-lancram-si-rahau\/#article","isPartOf":{"@id":"https:\/\/urbeamea.ro\/albaiulia\/si-in-anul-2025-continua-modernizarea-si-extinderea-sistemului-de-iluminat-public-pe-zeci-de-strazi-din-sebes-lancram-si-rahau\/"},"author":{"name":"Redac\u021bia UrbeaMea","@id":"https:\/\/urbeamea.ro\/albaiulia\/#\/schema\/person\/272ae98052f8ee8980f59848df070247"},"headline":"\u0218i \u00een anul 2025 continu\u0103 modernizarea \u0219i extinderea sistemului de iluminat public pe zeci de str\u0103zi din Sebe\u0219, Lancr\u0103m \u0219i R\u0103h\u0103u","datePublished":"2025-01-03T11:38:40+00:00","dateModified":"2025-01-03T11:38:41+00:00","mainEntityOfPage":{"@id":"https:\/\/urbeamea.ro\/albaiulia\/si-in-anul-2025-continua-modernizarea-si-extinderea-sistemului-de-iluminat-public-pe-zeci-de-strazi-din-sebes-lancram-si-rahau\/"},"wordCount":437,"commentCount":0,"image":{"@id":"https:\/\/urbeamea.ro\/albaiulia\/si-in-anul-2025-continua-modernizarea-si-extinderea-sistemului-de-iluminat-public-pe-zeci-de-strazi-din-sebes-lancram-si-rahau\/#primaryimage"},"thumbnailUrl":"https:\/\/urbeamea.ro\/albaiulia\/wp-content\/uploads\/2025\/01\/IMG_7468.jpg","articleSection":["Administra\u021bie"],"inLanguage":"ro-RO","potentialAction":[{"@type":"CommentAction","name":"Comment","target":["https:\/\/urbeamea.ro\/albaiulia\/si-in-anul-2025-continua-modernizarea-si-extinderea-sistemului-de-iluminat-public-pe-zeci-de-strazi-din-sebes-lancram-si-rahau\/#respond"]}]},{"@type":"WebPage","@id":"https:\/\/urbeamea.ro\/albaiulia\/si-in-anul-2025-continua-modernizarea-si-extinderea-sistemului-de-iluminat-public-pe-zeci-de-strazi-din-sebes-lancram-si-rahau\/","url":"https:\/\/urbeamea.ro\/albaiulia\/si-in-anul-2025-continua-modernizarea-si-extinderea-sistemului-de-iluminat-public-pe-zeci-de-strazi-din-sebes-lancram-si-rahau\/","name":"\u0218i \u00een anul 2025 continu\u0103 modernizarea \u0219i extinderea sistemului de iluminat public pe zeci de str\u0103zi din Sebe\u0219, Lancr\u0103m \u0219i R\u0103h\u0103u - Revista Urbea Mea - Revista de Alba","isPartOf":{"@id":"https:\/\/urbeamea.ro\/albaiulia\/#website"},"primaryImageOfPage":{"@id":"https:\/\/urbeamea.ro\/albaiulia\/si-in-anul-2025-continua-modernizarea-si-extinderea-sistemului-de-iluminat-public-pe-zeci-de-strazi-din-sebes-lancram-si-rahau\/#primaryimage"},"image":{"@id":"https:\/\/urbeamea.ro\/albaiulia\/si-in-anul-2025-continua-modernizarea-si-extinderea-sistemului-de-iluminat-public-pe-zeci-de-strazi-din-sebes-lancram-si-rahau\/#primaryimage"},"thumbnailUrl":"https:\/\/urbeamea.ro\/albaiulia\/wp-content\/uploads\/2025\/01\/IMG_7468.jpg","datePublished":"2025-01-03T11:38:40+00:00","dateModified":"2025-01-03T11:38:41+00:00","author":{"@id":"https:\/\/urbeamea.ro\/albaiulia\/#\/schema\/person\/272ae98052f8ee8980f59848df070247"},"description":"Prim\u0103ria Municipiului Sebe\u0219 continu\u0103 demersul de dezvoltare \u0219i eficientizare a sistemului de iluminat public, depun\u00e2nd la Administra\u021bia Fondului pentru","breadcrumb":{"@id":"https:\/\/urbeamea.ro\/albaiulia\/si-in-anul-2025-continua-modernizarea-si-extinderea-sistemului-de-iluminat-public-pe-zeci-de-strazi-din-sebes-lancram-si-rahau\/#breadcrumb"},"inLanguage":"ro-RO","potentialAction":[{"@type":"ReadAction","target":["https:\/\/urbeamea.ro\/albaiulia\/si-in-anul-2025-continua-modernizarea-si-extinderea-sistemului-de-iluminat-public-pe-zeci-de-strazi-din-sebes-lancram-si-rahau\/"]}]},{"@type":"ImageObject","inLanguage":"ro-RO","@id":"https:\/\/urbeamea.ro\/albaiulia\/si-in-anul-2025-continua-modernizarea-si-extinderea-sistemului-de-iluminat-public-pe-zeci-de-strazi-din-sebes-lancram-si-rahau\/#primaryimage","url":"https:\/\/urbeamea.ro\/albaiulia\/wp-content\/uploads\/2025\/01\/IMG_7468.jpg","contentUrl":"https:\/\/urbeamea.ro\/albaiulia\/wp-content\/uploads\/2025\/01\/IMG_7468.jpg","width":1170,"height":1063},{"@type":"BreadcrumbList","@id":"https:\/\/urbeamea.ro\/albaiulia\/si-in-anul-2025-continua-modernizarea-si-extinderea-sistemului-de-iluminat-public-pe-zeci-de-strazi-din-sebes-lancram-si-rahau\/#breadcrumb","itemListElement":[{"@type":"ListItem","position":1,"name":"Prima pagin\u0103","item":"https:\/\/urbeamea.ro\/albaiulia\/"},{"@type":"ListItem","position":2,"name":"\u0218i \u00een anul 2025 continu\u0103 modernizarea \u0219i extinderea sistemului de iluminat public pe zeci de str\u0103zi din Sebe\u0219, Lancr\u0103m \u0219i R\u0103h\u0103u"}]},{"@type":"WebSite","@id":"https:\/\/urbeamea.ro\/albaiulia\/#website","url":"https:\/\/urbeamea.ro\/albaiulia\/","name":"Revista Urbea Mea, Stiri urbane","description":"Evenimente \u0219i \u0219tiri din Alba Iulia, Sebe\u0219, Aiud, Blaj","potentialAction":[{"@type":"SearchAction","target":{"@type":"EntryPoint","urlTemplate":"https:\/\/urbeamea.ro\/albaiulia\/?s={search_term_string}"},"query-input":{"@type":"PropertyValueSpecification","valueRequired":true,"valueName":"search_term_string"}}],"inLanguage":"ro-RO"},{"@type":"Person","@id":"https:\/\/urbeamea.ro\/albaiulia\/#\/schema\/person\/272ae98052f8ee8980f59848df070247","name":"Redac\u021bia UrbeaMea","image":{"@type":"ImageObject","inLanguage":"ro-RO","@id":"https:\/\/secure.gravatar.com\/avatar\/9ce5a9435071fa1037e8468053ead8e513dbbff59009d3069aadb85506d85a27?s=96&d=mm&r=g","url":"https:\/\/secure.gravatar.com\/avatar\/9ce5a9435071fa1037e8468053ead8e513dbbff59009d3069aadb85506d85a27?s=96&d=mm&r=g","contentUrl":"https:\/\/secure.gravatar.com\/avatar\/9ce5a9435071fa1037e8468053ead8e513dbbff59009d3069aadb85506d85a27?s=96&d=mm&r=g","caption":"Redac\u021bia UrbeaMea"},"description":"contact@urbeamea.ro","sameAs":["https:\/\/www.urbeamea.ro"],"url":"https:\/\/urbeamea.ro\/albaiulia\/author\/redactia-urbeamea\/"}]}},"_links":{"self":[{"href":"https:\/\/urbeamea.ro\/albaiulia\/wp-json\/wp\/v2\/posts\/115848","targetHints":{"allow":["GET"]}}],"collection":[{"href":"https:\/\/urbeamea.ro\/albaiulia\/wp-json\/wp\/v2\/posts"}],"about":[{"href":"https:\/\/urbeamea.ro\/albaiulia\/wp-json\/wp\/v2\/types\/post"}],"author":[{"embeddable":true,"href":"https:\/\/urbeamea.ro\/albaiulia\/wp-json\/wp\/v2\/users\/16"}],"replies":[{"embeddable":true,"href":"https:\/\/urbeamea.ro\/albaiulia\/wp-json\/wp\/v2\/comments?post=115848"}],"version-history":[{"count":1,"href":"https:\/\/urbeamea.ro\/albaiulia\/wp-json\/wp\/v2\/posts\/115848\/revisions"}],"predecessor-version":[{"id":115850,"href":"https:\/\/urbeamea.ro\/albaiulia\/wp-json\/wp\/v2\/posts\/115848\/revisions\/115850"}],"wp:featuredmedia":[{"embeddable":true,"href":"https:\/\/urbeamea.ro\/albaiulia\/wp-json\/wp\/v2\/media\/115849"}],"wp:attachment":[{"href":"https:\/\/urbeamea.ro\/albaiulia\/wp-json\/wp\/v2\/media?parent=115848"}],"wp:term":[{"taxonomy":"category","embeddable":true,"href":"https:\/\/urbeamea.ro\/albaiulia\/wp-json\/wp\/v2\/categories?post=115848"},{"taxonomy":"post_tag","embeddable":true,"href":"https:\/\/urbeamea.ro\/albaiulia\/wp-json\/wp\/v2\/tags?post=115848"}],"curies":[{"name":"wp","href":"https:\/\/api.w.org\/{rel}","templated":true}]}}