{"id":115853,"date":"2025-01-03T17:48:26","date_gmt":"2025-01-03T15:48:26","guid":{"rendered":"https:\/\/urbeamea.ro\/albaiulia\/?p=115853"},"modified":"2025-01-03T17:48:27","modified_gmt":"2025-01-03T15:48:27","slug":"continua-strategia-de-dezvoltare-igsu-si-isu-alba-doua-noi-puncte-de-lucru-si-interventie-la-sugag-si-jidvei","status":"publish","type":"post","link":"https:\/\/urbeamea.ro\/albaiulia\/continua-strategia-de-dezvoltare-igsu-si-isu-alba-doua-noi-puncte-de-lucru-si-interventie-la-sugag-si-jidvei\/","title":{"rendered":"Continu\u0103 strategia de dezvoltare IGSU \u0219i ISU Alba. Dou\u0103 noi puncte de lucru \u0219i interven\u021bie, la \u0218ugag \u0219i Jidvei"},"content":{"rendered":"\n<p><strong>Av\u00e2nd \u00een vedere cre\u0219terea constant\u0103 a num\u0103rului de situa\u021bii de urgen\u021b\u0103 la care structurile operative ale ISU Alba au fost solicitate s\u0103 intervin\u0103 precum \u0219i Concep\u021bia privind reorganizarea raioanelor de interven\u021bie \u0219i redimensionarea structurilor de interven\u021bie din cadrul inspectoratelor pentru situa\u021bii de urgen\u021b\u0103, \u00eencep\u00e2nd din anul 2025, structura subunit\u0103\u021bilor operative ale ISU Alba este urm\u0103toarea:<\/strong><\/p>\n\n\n\n<p>&#8211; Deta\u0219amentul de Pompieri Alba Iulia \u2013 asigur\u0103 interven\u021bia operativ\u0103 \u00eentr-un raion de interven\u021bie de aproximativ 1.120 km\u00b2 (1 municipiu, 1 ora\u0219 \u0219i 9 comune cu 85 sate apar\u021bin\u0103toare);<\/p>\n\n\n\n<p>&#8211; Deta\u0219amentul de Pompieri Sebe\u0219 &#8211; asigur\u0103 interven\u021bia operativ\u0103 \u00eentr-un raion de interven\u021bie de aproximativ 1.572 km\u00b2 (1 municipiu, 1 ora\u0219 \u0219i 14 comune cu 83 sate apar\u021bin\u0103toare);<\/p>\n\n\n\n<p>&#8211; Sec\u021bia de Pompieri Aiud &#8211; asigur\u0103 interven\u021bia operativ\u0103 \u00eentr-un raion de interven\u021bie de aproximativ 1.102 km\u00b2 (1 municipiu, 2 ora\u0219e \u0219i 13 comune cu 89 sate apar\u021bin\u0103toare);<\/p>\n\n\n\n<p>&#8211; Sec\u021bia de Pompieri C\u00e2mpeni &#8211; asigur\u0103 interven\u021bia operativ\u0103 \u00eentr-un raion de interven\u021bie de aproximativ 1.630 km\u00b2 ( 3 ora\u0219e \u0219i 19 comune cu 379 sate apar\u021bin\u0103toare);<\/p>\n\n\n\n<p>&#8211; Sta\u021bia de Pompieri Blaj &#8211; asigur\u0103 interven\u021bia operativ\u0103 \u00eentr-un raion de interven\u021bie de aproximativ 818 km\u00b2 (1 municipiu \u0219i 12 comune cu 53 sate apar\u021bin\u0103toare);<\/p>\n\n\n\n<p>Odat\u0103 cu aceste modific\u0103ri, a crescut num\u0103rul echipajelor de interven\u021bie care vor ac\u021biona \u00een sprijinul comunit\u0103\u021bilor din jude\u021bul Alba, scopul fiind acela de a asigura \u00een continuare un r\u0103spuns profesionist \u0219i c\u00e2t mai prompt prin sc\u0103derea timpului de r\u0103spuns la toate interven\u021biile la care suntem solicita\u021bi.<\/p>\n\n\n\n<p>De asemenea, reamintim faptul c\u0103 ISU Alba va beneficia \u0219i de \u00eenfiin\u021barea \u0219i construirea a \u00eenc\u0103 dou\u0103 noi puncte de lucru \u00een localit\u0103\u021bile \u0218ugag \u0219i Jidvei, proiectele fiind deja demarate prin Ministerul Afacerilor Interne \u00een cadrul Programului Opera\u021bional de Dezvoltare Durabil\u0103 2021 \u2013 2027.<\/p>\n\n\n\n<figure class=\"wp-block-image size-full\"><img loading=\"lazy\" decoding=\"async\" width=\"960\" height=\"805\" src=\"https:\/\/urbeamea.ro\/albaiulia\/wp-content\/uploads\/2025\/01\/1000023692.jpg\" alt=\"\" class=\"wp-image-115854\" srcset=\"https:\/\/urbeamea.ro\/albaiulia\/wp-content\/uploads\/2025\/01\/1000023692.jpg 960w, https:\/\/urbeamea.ro\/albaiulia\/wp-content\/uploads\/2025\/01\/1000023692-640x537.jpg 640w, https:\/\/urbeamea.ro\/albaiulia\/wp-content\/uploads\/2025\/01\/1000023692-150x126.jpg 150w, https:\/\/urbeamea.ro\/albaiulia\/wp-content\/uploads\/2025\/01\/1000023692-768x644.jpg 768w\" sizes=\"auto, (max-width: 960px) 100vw, 960px\" \/><\/figure>\n","protected":false},"excerpt":{"rendered":"<p>Av\u00e2nd \u00een vedere cre\u0219terea constant\u0103 a num\u0103rului de situa\u021bii de urgen\u021b\u0103 la care structurile operative ale ISU Alba au fost solicitate s\u0103 intervin\u0103 precum \u0219i Concep\u021bia privind reorganizarea raioanelor de interven\u021bie \u0219i redimensionarea structurilor de interven\u021bie din cadrul inspectoratelor pentru situa\u021bii de urgen\u021b\u0103, \u00eencep\u00e2nd din anul 2025, structura subunit\u0103\u021bilor operative ale ISU Alba este urm\u0103toarea: &hellip;<\/p>\n","protected":false},"author":28,"featured_media":115854,"comment_status":"open","ping_status":"open","sticky":false,"template":"","format":"standard","meta":{"inline_featured_image":false,"footnotes":""},"categories":[4,2034,1,16344],"tags":[7447,2560],"class_list":["post-115853","post","type-post","status-publish","format-standard","has-post-thumbnail","hentry","category-eveniment","category-social","category-stiri-urbane","category-urbea-mea","tag-igsu","tag-isu-alba"],"yoast_head":"<!-- This site is optimized with the Yoast SEO plugin v27.4 - https:\/\/yoast.com\/product\/yoast-seo-wordpress\/ -->\n<title>Continu\u0103 strategia de dezvoltare IGSU \u0219i ISU Alba. Dou\u0103 noi puncte de lucru \u0219i interven\u021bie, la \u0218ugag \u0219i Jidvei - Revista Urbea Mea - Revista de Alba<\/title>\n<meta name=\"description\" content=\"Av\u00e2nd \u00een vedere cre\u0219terea constant\u0103 a num\u0103rului de situa\u021bii de urgen\u021b\u0103 la care structurile operative ale ISU Alba au fost solicitate s\u0103 intervin\u0103 precum\" \/>\n<meta name=\"robots\" content=\"index, follow, max-snippet:-1, max-image-preview:large, max-video-preview:-1\" \/>\n<link rel=\"canonical\" href=\"https:\/\/urbeamea.ro\/albaiulia\/continua-strategia-de-dezvoltare-igsu-si-isu-alba-doua-noi-puncte-de-lucru-si-interventie-la-sugag-si-jidvei\/\" \/>\n<meta name=\"twitter:card\" content=\"summary_large_image\" \/>\n<meta name=\"twitter:title\" content=\"Continu\u0103 strategia de dezvoltare IGSU \u0219i ISU Alba. Dou\u0103 noi puncte de lucru \u0219i interven\u021bie, la \u0218ugag \u0219i Jidvei - Revista Urbea Mea - Revista de Alba\" \/>\n<meta name=\"twitter:description\" content=\"Av\u00e2nd \u00een vedere cre\u0219terea constant\u0103 a num\u0103rului de situa\u021bii de urgen\u021b\u0103 la care structurile operative ale ISU Alba au fost solicitate s\u0103 intervin\u0103 precum\" \/>\n<meta name=\"twitter:image\" content=\"https:\/\/urbeamea.ro\/albaiulia\/wp-content\/uploads\/2025\/01\/1000023692.jpg\" \/>\n<meta name=\"twitter:creator\" content=\"@urbeameaweb\" \/>\n<meta name=\"twitter:site\" content=\"@urbeameaweb\" \/>\n<script type=\"application\/ld+json\" class=\"yoast-schema-graph\">{\"@context\":\"https:\\\/\\\/schema.org\",\"@graph\":[{\"@type\":\"Article\",\"@id\":\"https:\\\/\\\/urbeamea.ro\\\/albaiulia\\\/continua-strategia-de-dezvoltare-igsu-si-isu-alba-doua-noi-puncte-de-lucru-si-interventie-la-sugag-si-jidvei\\\/#article\",\"isPartOf\":{\"@id\":\"https:\\\/\\\/urbeamea.ro\\\/albaiulia\\\/continua-strategia-de-dezvoltare-igsu-si-isu-alba-doua-noi-puncte-de-lucru-si-interventie-la-sugag-si-jidvei\\\/\"},\"author\":{\"name\":\"Giurca Sorin\",\"@id\":\"https:\\\/\\\/urbeamea.ro\\\/albaiulia\\\/#\\\/schema\\\/person\\\/5db3854ac38c1cc9f0ab4092d6a20f02\"},\"headline\":\"Continu\u0103 strategia de dezvoltare IGSU \u0219i ISU Alba. Dou\u0103 noi puncte de lucru \u0219i interven\u021bie, la \u0218ugag \u0219i Jidvei\",\"datePublished\":\"2025-01-03T15:48:26+00:00\",\"dateModified\":\"2025-01-03T15:48:27+00:00\",\"mainEntityOfPage\":{\"@id\":\"https:\\\/\\\/urbeamea.ro\\\/albaiulia\\\/continua-strategia-de-dezvoltare-igsu-si-isu-alba-doua-noi-puncte-de-lucru-si-interventie-la-sugag-si-jidvei\\\/\"},\"wordCount\":328,\"commentCount\":0,\"image\":{\"@id\":\"https:\\\/\\\/urbeamea.ro\\\/albaiulia\\\/continua-strategia-de-dezvoltare-igsu-si-isu-alba-doua-noi-puncte-de-lucru-si-interventie-la-sugag-si-jidvei\\\/#primaryimage\"},\"thumbnailUrl\":\"https:\\\/\\\/urbeamea.ro\\\/albaiulia\\\/wp-content\\\/uploads\\\/2025\\\/01\\\/1000023692.jpg\",\"keywords\":[\"igsu\",\"ISU Alba\"],\"articleSection\":[\"Evenimente\",\"Social\",\"\u015etiri Urbane\",\"Urbea Mea\"],\"inLanguage\":\"ro-RO\",\"potentialAction\":[{\"@type\":\"CommentAction\",\"name\":\"Comment\",\"target\":[\"https:\\\/\\\/urbeamea.ro\\\/albaiulia\\\/continua-strategia-de-dezvoltare-igsu-si-isu-alba-doua-noi-puncte-de-lucru-si-interventie-la-sugag-si-jidvei\\\/#respond\"]}]},{\"@type\":\"WebPage\",\"@id\":\"https:\\\/\\\/urbeamea.ro\\\/albaiulia\\\/continua-strategia-de-dezvoltare-igsu-si-isu-alba-doua-noi-puncte-de-lucru-si-interventie-la-sugag-si-jidvei\\\/\",\"url\":\"https:\\\/\\\/urbeamea.ro\\\/albaiulia\\\/continua-strategia-de-dezvoltare-igsu-si-isu-alba-doua-noi-puncte-de-lucru-si-interventie-la-sugag-si-jidvei\\\/\",\"name\":\"Continu\u0103 strategia de dezvoltare IGSU \u0219i ISU Alba. Dou\u0103 noi puncte de lucru \u0219i interven\u021bie, la \u0218ugag \u0219i Jidvei - Revista Urbea Mea - Revista de Alba\",\"isPartOf\":{\"@id\":\"https:\\\/\\\/urbeamea.ro\\\/albaiulia\\\/#website\"},\"primaryImageOfPage\":{\"@id\":\"https:\\\/\\\/urbeamea.ro\\\/albaiulia\\\/continua-strategia-de-dezvoltare-igsu-si-isu-alba-doua-noi-puncte-de-lucru-si-interventie-la-sugag-si-jidvei\\\/#primaryimage\"},\"image\":{\"@id\":\"https:\\\/\\\/urbeamea.ro\\\/albaiulia\\\/continua-strategia-de-dezvoltare-igsu-si-isu-alba-doua-noi-puncte-de-lucru-si-interventie-la-sugag-si-jidvei\\\/#primaryimage\"},\"thumbnailUrl\":\"https:\\\/\\\/urbeamea.ro\\\/albaiulia\\\/wp-content\\\/uploads\\\/2025\\\/01\\\/1000023692.jpg\",\"datePublished\":\"2025-01-03T15:48:26+00:00\",\"dateModified\":\"2025-01-03T15:48:27+00:00\",\"author\":{\"@id\":\"https:\\\/\\\/urbeamea.ro\\\/albaiulia\\\/#\\\/schema\\\/person\\\/5db3854ac38c1cc9f0ab4092d6a20f02\"},\"description\":\"Av\u00e2nd \u00een vedere cre\u0219terea constant\u0103 a num\u0103rului de situa\u021bii de urgen\u021b\u0103 la care structurile operative ale ISU Alba au fost solicitate s\u0103 intervin\u0103 precum\",\"breadcrumb\":{\"@id\":\"https:\\\/\\\/urbeamea.ro\\\/albaiulia\\\/continua-strategia-de-dezvoltare-igsu-si-isu-alba-doua-noi-puncte-de-lucru-si-interventie-la-sugag-si-jidvei\\\/#breadcrumb\"},\"inLanguage\":\"ro-RO\",\"potentialAction\":[{\"@type\":\"ReadAction\",\"target\":[\"https:\\\/\\\/urbeamea.ro\\\/albaiulia\\\/continua-strategia-de-dezvoltare-igsu-si-isu-alba-doua-noi-puncte-de-lucru-si-interventie-la-sugag-si-jidvei\\\/\"]}]},{\"@type\":\"ImageObject\",\"inLanguage\":\"ro-RO\",\"@id\":\"https:\\\/\\\/urbeamea.ro\\\/albaiulia\\\/continua-strategia-de-dezvoltare-igsu-si-isu-alba-doua-noi-puncte-de-lucru-si-interventie-la-sugag-si-jidvei\\\/#primaryimage\",\"url\":\"https:\\\/\\\/urbeamea.ro\\\/albaiulia\\\/wp-content\\\/uploads\\\/2025\\\/01\\\/1000023692.jpg\",\"contentUrl\":\"https:\\\/\\\/urbeamea.ro\\\/albaiulia\\\/wp-content\\\/uploads\\\/2025\\\/01\\\/1000023692.jpg\",\"width\":960,\"height\":805},{\"@type\":\"BreadcrumbList\",\"@id\":\"https:\\\/\\\/urbeamea.ro\\\/albaiulia\\\/continua-strategia-de-dezvoltare-igsu-si-isu-alba-doua-noi-puncte-de-lucru-si-interventie-la-sugag-si-jidvei\\\/#breadcrumb\",\"itemListElement\":[{\"@type\":\"ListItem\",\"position\":1,\"name\":\"Prima pagin\u0103\",\"item\":\"https:\\\/\\\/urbeamea.ro\\\/albaiulia\\\/\"},{\"@type\":\"ListItem\",\"position\":2,\"name\":\"Continu\u0103 strategia de dezvoltare IGSU \u0219i ISU Alba. Dou\u0103 noi puncte de lucru \u0219i interven\u021bie, la \u0218ugag \u0219i Jidvei\"}]},{\"@type\":\"WebSite\",\"@id\":\"https:\\\/\\\/urbeamea.ro\\\/albaiulia\\\/#website\",\"url\":\"https:\\\/\\\/urbeamea.ro\\\/albaiulia\\\/\",\"name\":\"Revista Urbea Mea, Stiri urbane\",\"description\":\"Evenimente \u0219i \u0219tiri din Alba Iulia, Sebe\u0219, Aiud, Blaj\",\"potentialAction\":[{\"@type\":\"SearchAction\",\"target\":{\"@type\":\"EntryPoint\",\"urlTemplate\":\"https:\\\/\\\/urbeamea.ro\\\/albaiulia\\\/?s={search_term_string}\"},\"query-input\":{\"@type\":\"PropertyValueSpecification\",\"valueRequired\":true,\"valueName\":\"search_term_string\"}}],\"inLanguage\":\"ro-RO\"},{\"@type\":\"Person\",\"@id\":\"https:\\\/\\\/urbeamea.ro\\\/albaiulia\\\/#\\\/schema\\\/person\\\/5db3854ac38c1cc9f0ab4092d6a20f02\",\"name\":\"Giurca Sorin\",\"image\":{\"@type\":\"ImageObject\",\"inLanguage\":\"ro-RO\",\"@id\":\"https:\\\/\\\/secure.gravatar.com\\\/avatar\\\/120f6fcae7b3b47a7730cb9943f612f4909f68ac5284b5f40ac1c4615fd70576?s=96&d=mm&r=g\",\"url\":\"https:\\\/\\\/secure.gravatar.com\\\/avatar\\\/120f6fcae7b3b47a7730cb9943f612f4909f68ac5284b5f40ac1c4615fd70576?s=96&d=mm&r=g\",\"contentUrl\":\"https:\\\/\\\/secure.gravatar.com\\\/avatar\\\/120f6fcae7b3b47a7730cb9943f612f4909f68ac5284b5f40ac1c4615fd70576?s=96&d=mm&r=g\",\"caption\":\"Giurca Sorin\"},\"url\":\"https:\\\/\\\/urbeamea.ro\\\/albaiulia\\\/author\\\/sorin\\\/\"}]}<\/script>\n<!-- \/ Yoast SEO plugin. -->","yoast_head_json":{"title":"Continu\u0103 strategia de dezvoltare IGSU \u0219i ISU Alba. Dou\u0103 noi puncte de lucru \u0219i interven\u021bie, la \u0218ugag \u0219i Jidvei - Revista Urbea Mea - Revista de Alba","description":"Av\u00e2nd \u00een vedere cre\u0219terea constant\u0103 a num\u0103rului de situa\u021bii de urgen\u021b\u0103 la care structurile operative ale ISU Alba au fost solicitate s\u0103 intervin\u0103 precum","robots":{"index":"index","follow":"follow","max-snippet":"max-snippet:-1","max-image-preview":"max-image-preview:large","max-video-preview":"max-video-preview:-1"},"canonical":"https:\/\/urbeamea.ro\/albaiulia\/continua-strategia-de-dezvoltare-igsu-si-isu-alba-doua-noi-puncte-de-lucru-si-interventie-la-sugag-si-jidvei\/","twitter_card":"summary_large_image","twitter_title":"Continu\u0103 strategia de dezvoltare IGSU \u0219i ISU Alba. Dou\u0103 noi puncte de lucru \u0219i interven\u021bie, la \u0218ugag \u0219i Jidvei - Revista Urbea Mea - Revista de Alba","twitter_description":"Av\u00e2nd \u00een vedere cre\u0219terea constant\u0103 a num\u0103rului de situa\u021bii de urgen\u021b\u0103 la care structurile operative ale ISU Alba au fost solicitate s\u0103 intervin\u0103 precum","twitter_image":"https:\/\/urbeamea.ro\/albaiulia\/wp-content\/uploads\/2025\/01\/1000023692.jpg","twitter_creator":"@urbeameaweb","twitter_site":"@urbeameaweb","schema":{"@context":"https:\/\/schema.org","@graph":[{"@type":"Article","@id":"https:\/\/urbeamea.ro\/albaiulia\/continua-strategia-de-dezvoltare-igsu-si-isu-alba-doua-noi-puncte-de-lucru-si-interventie-la-sugag-si-jidvei\/#article","isPartOf":{"@id":"https:\/\/urbeamea.ro\/albaiulia\/continua-strategia-de-dezvoltare-igsu-si-isu-alba-doua-noi-puncte-de-lucru-si-interventie-la-sugag-si-jidvei\/"},"author":{"name":"Giurca Sorin","@id":"https:\/\/urbeamea.ro\/albaiulia\/#\/schema\/person\/5db3854ac38c1cc9f0ab4092d6a20f02"},"headline":"Continu\u0103 strategia de dezvoltare IGSU \u0219i ISU Alba. Dou\u0103 noi puncte de lucru \u0219i interven\u021bie, la \u0218ugag \u0219i Jidvei","datePublished":"2025-01-03T15:48:26+00:00","dateModified":"2025-01-03T15:48:27+00:00","mainEntityOfPage":{"@id":"https:\/\/urbeamea.ro\/albaiulia\/continua-strategia-de-dezvoltare-igsu-si-isu-alba-doua-noi-puncte-de-lucru-si-interventie-la-sugag-si-jidvei\/"},"wordCount":328,"commentCount":0,"image":{"@id":"https:\/\/urbeamea.ro\/albaiulia\/continua-strategia-de-dezvoltare-igsu-si-isu-alba-doua-noi-puncte-de-lucru-si-interventie-la-sugag-si-jidvei\/#primaryimage"},"thumbnailUrl":"https:\/\/urbeamea.ro\/albaiulia\/wp-content\/uploads\/2025\/01\/1000023692.jpg","keywords":["igsu","ISU Alba"],"articleSection":["Evenimente","Social","\u015etiri Urbane","Urbea Mea"],"inLanguage":"ro-RO","potentialAction":[{"@type":"CommentAction","name":"Comment","target":["https:\/\/urbeamea.ro\/albaiulia\/continua-strategia-de-dezvoltare-igsu-si-isu-alba-doua-noi-puncte-de-lucru-si-interventie-la-sugag-si-jidvei\/#respond"]}]},{"@type":"WebPage","@id":"https:\/\/urbeamea.ro\/albaiulia\/continua-strategia-de-dezvoltare-igsu-si-isu-alba-doua-noi-puncte-de-lucru-si-interventie-la-sugag-si-jidvei\/","url":"https:\/\/urbeamea.ro\/albaiulia\/continua-strategia-de-dezvoltare-igsu-si-isu-alba-doua-noi-puncte-de-lucru-si-interventie-la-sugag-si-jidvei\/","name":"Continu\u0103 strategia de dezvoltare IGSU \u0219i ISU Alba. Dou\u0103 noi puncte de lucru \u0219i interven\u021bie, la \u0218ugag \u0219i Jidvei - Revista Urbea Mea - Revista de Alba","isPartOf":{"@id":"https:\/\/urbeamea.ro\/albaiulia\/#website"},"primaryImageOfPage":{"@id":"https:\/\/urbeamea.ro\/albaiulia\/continua-strategia-de-dezvoltare-igsu-si-isu-alba-doua-noi-puncte-de-lucru-si-interventie-la-sugag-si-jidvei\/#primaryimage"},"image":{"@id":"https:\/\/urbeamea.ro\/albaiulia\/continua-strategia-de-dezvoltare-igsu-si-isu-alba-doua-noi-puncte-de-lucru-si-interventie-la-sugag-si-jidvei\/#primaryimage"},"thumbnailUrl":"https:\/\/urbeamea.ro\/albaiulia\/wp-content\/uploads\/2025\/01\/1000023692.jpg","datePublished":"2025-01-03T15:48:26+00:00","dateModified":"2025-01-03T15:48:27+00:00","author":{"@id":"https:\/\/urbeamea.ro\/albaiulia\/#\/schema\/person\/5db3854ac38c1cc9f0ab4092d6a20f02"},"description":"Av\u00e2nd \u00een vedere cre\u0219terea constant\u0103 a num\u0103rului de situa\u021bii de urgen\u021b\u0103 la care structurile operative ale ISU Alba au fost solicitate s\u0103 intervin\u0103 precum","breadcrumb":{"@id":"https:\/\/urbeamea.ro\/albaiulia\/continua-strategia-de-dezvoltare-igsu-si-isu-alba-doua-noi-puncte-de-lucru-si-interventie-la-sugag-si-jidvei\/#breadcrumb"},"inLanguage":"ro-RO","potentialAction":[{"@type":"ReadAction","target":["https:\/\/urbeamea.ro\/albaiulia\/continua-strategia-de-dezvoltare-igsu-si-isu-alba-doua-noi-puncte-de-lucru-si-interventie-la-sugag-si-jidvei\/"]}]},{"@type":"ImageObject","inLanguage":"ro-RO","@id":"https:\/\/urbeamea.ro\/albaiulia\/continua-strategia-de-dezvoltare-igsu-si-isu-alba-doua-noi-puncte-de-lucru-si-interventie-la-sugag-si-jidvei\/#primaryimage","url":"https:\/\/urbeamea.ro\/albaiulia\/wp-content\/uploads\/2025\/01\/1000023692.jpg","contentUrl":"https:\/\/urbeamea.ro\/albaiulia\/wp-content\/uploads\/2025\/01\/1000023692.jpg","width":960,"height":805},{"@type":"BreadcrumbList","@id":"https:\/\/urbeamea.ro\/albaiulia\/continua-strategia-de-dezvoltare-igsu-si-isu-alba-doua-noi-puncte-de-lucru-si-interventie-la-sugag-si-jidvei\/#breadcrumb","itemListElement":[{"@type":"ListItem","position":1,"name":"Prima pagin\u0103","item":"https:\/\/urbeamea.ro\/albaiulia\/"},{"@type":"ListItem","position":2,"name":"Continu\u0103 strategia de dezvoltare IGSU \u0219i ISU Alba. Dou\u0103 noi puncte de lucru \u0219i interven\u021bie, la \u0218ugag \u0219i Jidvei"}]},{"@type":"WebSite","@id":"https:\/\/urbeamea.ro\/albaiulia\/#website","url":"https:\/\/urbeamea.ro\/albaiulia\/","name":"Revista Urbea Mea, Stiri urbane","description":"Evenimente \u0219i \u0219tiri din Alba Iulia, Sebe\u0219, Aiud, Blaj","potentialAction":[{"@type":"SearchAction","target":{"@type":"EntryPoint","urlTemplate":"https:\/\/urbeamea.ro\/albaiulia\/?s={search_term_string}"},"query-input":{"@type":"PropertyValueSpecification","valueRequired":true,"valueName":"search_term_string"}}],"inLanguage":"ro-RO"},{"@type":"Person","@id":"https:\/\/urbeamea.ro\/albaiulia\/#\/schema\/person\/5db3854ac38c1cc9f0ab4092d6a20f02","name":"Giurca Sorin","image":{"@type":"ImageObject","inLanguage":"ro-RO","@id":"https:\/\/secure.gravatar.com\/avatar\/120f6fcae7b3b47a7730cb9943f612f4909f68ac5284b5f40ac1c4615fd70576?s=96&d=mm&r=g","url":"https:\/\/secure.gravatar.com\/avatar\/120f6fcae7b3b47a7730cb9943f612f4909f68ac5284b5f40ac1c4615fd70576?s=96&d=mm&r=g","contentUrl":"https:\/\/secure.gravatar.com\/avatar\/120f6fcae7b3b47a7730cb9943f612f4909f68ac5284b5f40ac1c4615fd70576?s=96&d=mm&r=g","caption":"Giurca Sorin"},"url":"https:\/\/urbeamea.ro\/albaiulia\/author\/sorin\/"}]}},"_links":{"self":[{"href":"https:\/\/urbeamea.ro\/albaiulia\/wp-json\/wp\/v2\/posts\/115853","targetHints":{"allow":["GET"]}}],"collection":[{"href":"https:\/\/urbeamea.ro\/albaiulia\/wp-json\/wp\/v2\/posts"}],"about":[{"href":"https:\/\/urbeamea.ro\/albaiulia\/wp-json\/wp\/v2\/types\/post"}],"author":[{"embeddable":true,"href":"https:\/\/urbeamea.ro\/albaiulia\/wp-json\/wp\/v2\/users\/28"}],"replies":[{"embeddable":true,"href":"https:\/\/urbeamea.ro\/albaiulia\/wp-json\/wp\/v2\/comments?post=115853"}],"version-history":[{"count":1,"href":"https:\/\/urbeamea.ro\/albaiulia\/wp-json\/wp\/v2\/posts\/115853\/revisions"}],"predecessor-version":[{"id":115855,"href":"https:\/\/urbeamea.ro\/albaiulia\/wp-json\/wp\/v2\/posts\/115853\/revisions\/115855"}],"wp:featuredmedia":[{"embeddable":true,"href":"https:\/\/urbeamea.ro\/albaiulia\/wp-json\/wp\/v2\/media\/115854"}],"wp:attachment":[{"href":"https:\/\/urbeamea.ro\/albaiulia\/wp-json\/wp\/v2\/media?parent=115853"}],"wp:term":[{"taxonomy":"category","embeddable":true,"href":"https:\/\/urbeamea.ro\/albaiulia\/wp-json\/wp\/v2\/categories?post=115853"},{"taxonomy":"post_tag","embeddable":true,"href":"https:\/\/urbeamea.ro\/albaiulia\/wp-json\/wp\/v2\/tags?post=115853"}],"curies":[{"name":"wp","href":"https:\/\/api.w.org\/{rel}","templated":true}]}}