{"id":116033,"date":"2025-01-15T20:29:58","date_gmt":"2025-01-15T18:29:58","guid":{"rendered":"https:\/\/urbeamea.ro\/albaiulia\/?p=116033"},"modified":"2025-01-15T20:29:59","modified_gmt":"2025-01-15T18:29:59","slug":"amelie-maria-rotar-jucatoare-din-nationala-frantei-de-origine-romana-transferata-de-volei-alba-blaj","status":"publish","type":"post","link":"https:\/\/urbeamea.ro\/albaiulia\/amelie-maria-rotar-jucatoare-din-nationala-frantei-de-origine-romana-transferata-de-volei-alba-blaj\/","title":{"rendered":"Am\u00e9lie Maria Rotar, juc\u0103toare din na\u0163ionala Fran\u0163ei de origine rom\u00e2n\u0103, transferat\u0103 de Volei Alba Blaj"},"content":{"rendered":"\n<p><strong>Vicecampioana Rom\u00e2niei, Volei Alba Blaj a reu\u0219it \u00een nou transfer \u00een acest\u0103 pauz\u0103 competi\u021bional\u0103.<\/strong><\/p>\n\n\n\n<p>Voleibalista Am\u00e9lie Maria Rotar, component\u0103 a na\u0163ionalei Fran\u0163ei, \u00eens\u0103 de origine rom\u00e2n\u0103, este noul transfer al echipei Volei Alba Blaj. <\/p>\n\n\n\n<p>Cu echipa Fran\u0163ei, juc\u0103toarea a participat la Jocurile Olimpice de la Paris. <\/p>\n\n\n\n<p>&#8222;Bun venit, Am\u00e9lie Rotar! Component\u0103 de baz\u0103 a na\u0163ionalei Fran\u0163ei, voleibalista de origine rom\u00e2n\u0103 Am\u00e9lie Maria Rotar (24 ani, 1.88 m) va evolua pentru Volei Alba Blaj. Noua noastr\u0103 extrem\u0103 vine la Blaj de la echipa italian\u0103 SMI Roma Volley \u015fi va purta tricoul cu num\u0103rul 88, la fel ca la na\u0163ionala Fran\u0163ei!.<\/p>\n\n\n\n<p>Am\u00e9lie Rotar a participat al\u0103turi de na\u0163ionala Fran\u0163ei la Jocurile Olimpice de la Paris. Cu echipa na\u0163ional\u0103 a c\u00e2\u015ftigat European Golden League 2022 \u015fi Challenger Cup 2023, respectiv a participat la turneele finale ale Campionatelor Europene din 2021 \u015fi 2023.<\/p>\n\n\n\n<p>La nivel de club, Rotar, care poate evolua \u015fi ca universal, a mai jucat pentru echipele franceze Pays d&#8217;Aix Venelles, B\u00e9ziers \u015fi Neptunes de Nantes. Ea are \u00een palmares dou\u0103 Cupe ale Fran\u0163ei, c\u00e2\u015ftigate \u00een 2023 \u015fi 2024.<\/p>\n\n\n\n<p>N\u0103scut\u0103 \u00een 24 octombrie 2000, la Martigues (Fran\u0163a), Am\u00e9lie Rotar provine dintr-o familie de sportivi. <\/p>\n\n\n\n<p>Tat\u0103l s\u0103u este Tudor Rotar, fost component al na\u0163ionalei de volei a Rom\u00e2niei \u00een anii 90, care a evoluat, \u00eentre 1992 \u015fi 2004, \u00een campionatul Fran\u0163ei, iar mama sa, de origine francez\u0103, a jucat volei la nivel de seniori, tot \u00een campionatul Fran\u0163ei. <\/p>\n\n\n\n<p>Suntem convin\u015fi c\u0103 Am\u00e9lie Rotar este o juc\u0103toare care ne va ajuta s\u0103 ne \u00eendeplinim principalul obiectiv al sezonului, c\u00e2\u015ftigarea titlului na\u0163ional! <\/p>\n\n\n\n<p>\u00cei ur\u0103m mult succes \u015fi c\u00e2t mai multe realiz\u0103ri al\u0103turi de Volei Alba Blaj!\u201d, a transmis, miercuri, echipa din &#8222;Mica Rom\u0103&#8221;, prin intermediul paginii de socializare.<\/p>\n\n\n\n<figure class=\"wp-block-image size-full\"><img loading=\"lazy\" decoding=\"async\" width=\"1080\" height=\"1080\" src=\"https:\/\/urbeamea.ro\/albaiulia\/wp-content\/uploads\/2025\/01\/1000024637.jpg\" alt=\"\" class=\"wp-image-116034\" srcset=\"https:\/\/urbeamea.ro\/albaiulia\/wp-content\/uploads\/2025\/01\/1000024637.jpg 1080w, https:\/\/urbeamea.ro\/albaiulia\/wp-content\/uploads\/2025\/01\/1000024637-640x640.jpg 640w, https:\/\/urbeamea.ro\/albaiulia\/wp-content\/uploads\/2025\/01\/1000024637-150x150.jpg 150w, https:\/\/urbeamea.ro\/albaiulia\/wp-content\/uploads\/2025\/01\/1000024637-768x768.jpg 768w\" sizes=\"auto, (max-width: 1080px) 100vw, 1080px\" \/><\/figure>\n\n\n\n<p><\/p>\n\n\n\n<p><\/p>\n","protected":false},"excerpt":{"rendered":"<p>Vicecampioana Rom\u00e2niei, Volei Alba Blaj a reu\u0219it \u00een nou transfer \u00een acest\u0103 pauz\u0103 competi\u021bional\u0103. Voleibalista Am\u00e9lie Maria Rotar, component\u0103 a na\u0163ionalei Fran\u0163ei, \u00eens\u0103 de origine rom\u00e2n\u0103, este noul transfer al echipei Volei Alba Blaj. Cu echipa Fran\u0163ei, juc\u0103toarea a participat la Jocurile Olimpice de la Paris. &#8222;Bun venit, Am\u00e9lie Rotar! Component\u0103 de baz\u0103 a na\u0163ionalei &hellip;<\/p>\n","protected":false},"author":28,"featured_media":116034,"comment_status":"open","ping_status":"open","sticky":false,"template":"","format":"standard","meta":{"inline_featured_image":false,"footnotes":""},"categories":[2037],"tags":[24970],"class_list":["post-116033","post","type-post","status-publish","format-standard","has-post-thumbnail","hentry","category-sport","tag-volei-alba-blaj"],"yoast_head":"<!-- This site is optimized with the Yoast SEO plugin v27.4 - https:\/\/yoast.com\/product\/yoast-seo-wordpress\/ -->\n<title>Am\u00e9lie Maria Rotar, juc\u0103toare din na\u0163ionala Fran\u0163ei de origine rom\u00e2n\u0103, transferat\u0103 de Volei Alba Blaj - Revista Urbea Mea - Revista de Alba<\/title>\n<meta name=\"description\" content=\"Vicecampioana Rom\u00e2niei, Volei Alba Blaj a reu\u0219it \u00een nou transfer \u00een acest\u0103 pauz\u0103 competi\u021bional\u0103. Voleibalista Am\u00e9lie Maria Rotar, component\u0103 a na\u0163ionalei\" \/>\n<meta name=\"robots\" content=\"index, follow, max-snippet:-1, max-image-preview:large, max-video-preview:-1\" \/>\n<link rel=\"canonical\" href=\"https:\/\/urbeamea.ro\/albaiulia\/amelie-maria-rotar-jucatoare-din-nationala-frantei-de-origine-romana-transferata-de-volei-alba-blaj\/\" \/>\n<meta name=\"twitter:card\" content=\"summary_large_image\" \/>\n<meta name=\"twitter:title\" content=\"Am\u00e9lie Maria Rotar, juc\u0103toare din na\u0163ionala Fran\u0163ei de origine rom\u00e2n\u0103, transferat\u0103 de Volei Alba Blaj - Revista Urbea Mea - Revista de Alba\" \/>\n<meta name=\"twitter:description\" content=\"Vicecampioana Rom\u00e2niei, Volei Alba Blaj a reu\u0219it \u00een nou transfer \u00een acest\u0103 pauz\u0103 competi\u021bional\u0103. Voleibalista Am\u00e9lie Maria Rotar, component\u0103 a na\u0163ionalei\" \/>\n<meta name=\"twitter:image\" content=\"https:\/\/urbeamea.ro\/albaiulia\/wp-content\/uploads\/2025\/01\/1000024637.jpg\" \/>\n<meta name=\"twitter:creator\" content=\"@urbeameaweb\" \/>\n<meta name=\"twitter:site\" content=\"@urbeameaweb\" \/>\n<script type=\"application\/ld+json\" class=\"yoast-schema-graph\">{\"@context\":\"https:\\\/\\\/schema.org\",\"@graph\":[{\"@type\":\"Article\",\"@id\":\"https:\\\/\\\/urbeamea.ro\\\/albaiulia\\\/amelie-maria-rotar-jucatoare-din-nationala-frantei-de-origine-romana-transferata-de-volei-alba-blaj\\\/#article\",\"isPartOf\":{\"@id\":\"https:\\\/\\\/urbeamea.ro\\\/albaiulia\\\/amelie-maria-rotar-jucatoare-din-nationala-frantei-de-origine-romana-transferata-de-volei-alba-blaj\\\/\"},\"author\":{\"name\":\"Giurca Sorin\",\"@id\":\"https:\\\/\\\/urbeamea.ro\\\/albaiulia\\\/#\\\/schema\\\/person\\\/5db3854ac38c1cc9f0ab4092d6a20f02\"},\"headline\":\"Am\u00e9lie Maria Rotar, juc\u0103toare din na\u0163ionala Fran\u0163ei de origine rom\u00e2n\u0103, transferat\u0103 de Volei Alba Blaj\",\"datePublished\":\"2025-01-15T18:29:58+00:00\",\"dateModified\":\"2025-01-15T18:29:59+00:00\",\"mainEntityOfPage\":{\"@id\":\"https:\\\/\\\/urbeamea.ro\\\/albaiulia\\\/amelie-maria-rotar-jucatoare-din-nationala-frantei-de-origine-romana-transferata-de-volei-alba-blaj\\\/\"},\"wordCount\":334,\"commentCount\":0,\"image\":{\"@id\":\"https:\\\/\\\/urbeamea.ro\\\/albaiulia\\\/amelie-maria-rotar-jucatoare-din-nationala-frantei-de-origine-romana-transferata-de-volei-alba-blaj\\\/#primaryimage\"},\"thumbnailUrl\":\"https:\\\/\\\/urbeamea.ro\\\/albaiulia\\\/wp-content\\\/uploads\\\/2025\\\/01\\\/1000024637.jpg\",\"keywords\":[\"volei alba blaj\"],\"articleSection\":[\"Sport\"],\"inLanguage\":\"ro-RO\",\"potentialAction\":[{\"@type\":\"CommentAction\",\"name\":\"Comment\",\"target\":[\"https:\\\/\\\/urbeamea.ro\\\/albaiulia\\\/amelie-maria-rotar-jucatoare-din-nationala-frantei-de-origine-romana-transferata-de-volei-alba-blaj\\\/#respond\"]}]},{\"@type\":\"WebPage\",\"@id\":\"https:\\\/\\\/urbeamea.ro\\\/albaiulia\\\/amelie-maria-rotar-jucatoare-din-nationala-frantei-de-origine-romana-transferata-de-volei-alba-blaj\\\/\",\"url\":\"https:\\\/\\\/urbeamea.ro\\\/albaiulia\\\/amelie-maria-rotar-jucatoare-din-nationala-frantei-de-origine-romana-transferata-de-volei-alba-blaj\\\/\",\"name\":\"Am\u00e9lie Maria Rotar, juc\u0103toare din na\u0163ionala Fran\u0163ei de origine rom\u00e2n\u0103, transferat\u0103 de Volei Alba Blaj - Revista Urbea Mea - Revista de Alba\",\"isPartOf\":{\"@id\":\"https:\\\/\\\/urbeamea.ro\\\/albaiulia\\\/#website\"},\"primaryImageOfPage\":{\"@id\":\"https:\\\/\\\/urbeamea.ro\\\/albaiulia\\\/amelie-maria-rotar-jucatoare-din-nationala-frantei-de-origine-romana-transferata-de-volei-alba-blaj\\\/#primaryimage\"},\"image\":{\"@id\":\"https:\\\/\\\/urbeamea.ro\\\/albaiulia\\\/amelie-maria-rotar-jucatoare-din-nationala-frantei-de-origine-romana-transferata-de-volei-alba-blaj\\\/#primaryimage\"},\"thumbnailUrl\":\"https:\\\/\\\/urbeamea.ro\\\/albaiulia\\\/wp-content\\\/uploads\\\/2025\\\/01\\\/1000024637.jpg\",\"datePublished\":\"2025-01-15T18:29:58+00:00\",\"dateModified\":\"2025-01-15T18:29:59+00:00\",\"author\":{\"@id\":\"https:\\\/\\\/urbeamea.ro\\\/albaiulia\\\/#\\\/schema\\\/person\\\/5db3854ac38c1cc9f0ab4092d6a20f02\"},\"description\":\"Vicecampioana Rom\u00e2niei, Volei Alba Blaj a reu\u0219it \u00een nou transfer \u00een acest\u0103 pauz\u0103 competi\u021bional\u0103. Voleibalista Am\u00e9lie Maria Rotar, component\u0103 a na\u0163ionalei\",\"breadcrumb\":{\"@id\":\"https:\\\/\\\/urbeamea.ro\\\/albaiulia\\\/amelie-maria-rotar-jucatoare-din-nationala-frantei-de-origine-romana-transferata-de-volei-alba-blaj\\\/#breadcrumb\"},\"inLanguage\":\"ro-RO\",\"potentialAction\":[{\"@type\":\"ReadAction\",\"target\":[\"https:\\\/\\\/urbeamea.ro\\\/albaiulia\\\/amelie-maria-rotar-jucatoare-din-nationala-frantei-de-origine-romana-transferata-de-volei-alba-blaj\\\/\"]}]},{\"@type\":\"ImageObject\",\"inLanguage\":\"ro-RO\",\"@id\":\"https:\\\/\\\/urbeamea.ro\\\/albaiulia\\\/amelie-maria-rotar-jucatoare-din-nationala-frantei-de-origine-romana-transferata-de-volei-alba-blaj\\\/#primaryimage\",\"url\":\"https:\\\/\\\/urbeamea.ro\\\/albaiulia\\\/wp-content\\\/uploads\\\/2025\\\/01\\\/1000024637.jpg\",\"contentUrl\":\"https:\\\/\\\/urbeamea.ro\\\/albaiulia\\\/wp-content\\\/uploads\\\/2025\\\/01\\\/1000024637.jpg\",\"width\":1080,\"height\":1080},{\"@type\":\"BreadcrumbList\",\"@id\":\"https:\\\/\\\/urbeamea.ro\\\/albaiulia\\\/amelie-maria-rotar-jucatoare-din-nationala-frantei-de-origine-romana-transferata-de-volei-alba-blaj\\\/#breadcrumb\",\"itemListElement\":[{\"@type\":\"ListItem\",\"position\":1,\"name\":\"Prima pagin\u0103\",\"item\":\"https:\\\/\\\/urbeamea.ro\\\/albaiulia\\\/\"},{\"@type\":\"ListItem\",\"position\":2,\"name\":\"Am\u00e9lie Maria Rotar, juc\u0103toare din na\u0163ionala Fran\u0163ei de origine rom\u00e2n\u0103, transferat\u0103 de Volei Alba Blaj\"}]},{\"@type\":\"WebSite\",\"@id\":\"https:\\\/\\\/urbeamea.ro\\\/albaiulia\\\/#website\",\"url\":\"https:\\\/\\\/urbeamea.ro\\\/albaiulia\\\/\",\"name\":\"Revista Urbea Mea, Stiri urbane\",\"description\":\"Evenimente \u0219i \u0219tiri din Alba Iulia, Sebe\u0219, Aiud, Blaj\",\"potentialAction\":[{\"@type\":\"SearchAction\",\"target\":{\"@type\":\"EntryPoint\",\"urlTemplate\":\"https:\\\/\\\/urbeamea.ro\\\/albaiulia\\\/?s={search_term_string}\"},\"query-input\":{\"@type\":\"PropertyValueSpecification\",\"valueRequired\":true,\"valueName\":\"search_term_string\"}}],\"inLanguage\":\"ro-RO\"},{\"@type\":\"Person\",\"@id\":\"https:\\\/\\\/urbeamea.ro\\\/albaiulia\\\/#\\\/schema\\\/person\\\/5db3854ac38c1cc9f0ab4092d6a20f02\",\"name\":\"Giurca Sorin\",\"image\":{\"@type\":\"ImageObject\",\"inLanguage\":\"ro-RO\",\"@id\":\"https:\\\/\\\/secure.gravatar.com\\\/avatar\\\/120f6fcae7b3b47a7730cb9943f612f4909f68ac5284b5f40ac1c4615fd70576?s=96&d=mm&r=g\",\"url\":\"https:\\\/\\\/secure.gravatar.com\\\/avatar\\\/120f6fcae7b3b47a7730cb9943f612f4909f68ac5284b5f40ac1c4615fd70576?s=96&d=mm&r=g\",\"contentUrl\":\"https:\\\/\\\/secure.gravatar.com\\\/avatar\\\/120f6fcae7b3b47a7730cb9943f612f4909f68ac5284b5f40ac1c4615fd70576?s=96&d=mm&r=g\",\"caption\":\"Giurca Sorin\"},\"url\":\"https:\\\/\\\/urbeamea.ro\\\/albaiulia\\\/author\\\/sorin\\\/\"}]}<\/script>\n<!-- \/ Yoast SEO plugin. -->","yoast_head_json":{"title":"Am\u00e9lie Maria Rotar, juc\u0103toare din na\u0163ionala Fran\u0163ei de origine rom\u00e2n\u0103, transferat\u0103 de Volei Alba Blaj - Revista Urbea Mea - Revista de Alba","description":"Vicecampioana Rom\u00e2niei, Volei Alba Blaj a reu\u0219it \u00een nou transfer \u00een acest\u0103 pauz\u0103 competi\u021bional\u0103. Voleibalista Am\u00e9lie Maria Rotar, component\u0103 a na\u0163ionalei","robots":{"index":"index","follow":"follow","max-snippet":"max-snippet:-1","max-image-preview":"max-image-preview:large","max-video-preview":"max-video-preview:-1"},"canonical":"https:\/\/urbeamea.ro\/albaiulia\/amelie-maria-rotar-jucatoare-din-nationala-frantei-de-origine-romana-transferata-de-volei-alba-blaj\/","twitter_card":"summary_large_image","twitter_title":"Am\u00e9lie Maria Rotar, juc\u0103toare din na\u0163ionala Fran\u0163ei de origine rom\u00e2n\u0103, transferat\u0103 de Volei Alba Blaj - Revista Urbea Mea - Revista de Alba","twitter_description":"Vicecampioana Rom\u00e2niei, Volei Alba Blaj a reu\u0219it \u00een nou transfer \u00een acest\u0103 pauz\u0103 competi\u021bional\u0103. Voleibalista Am\u00e9lie Maria Rotar, component\u0103 a na\u0163ionalei","twitter_image":"https:\/\/urbeamea.ro\/albaiulia\/wp-content\/uploads\/2025\/01\/1000024637.jpg","twitter_creator":"@urbeameaweb","twitter_site":"@urbeameaweb","schema":{"@context":"https:\/\/schema.org","@graph":[{"@type":"Article","@id":"https:\/\/urbeamea.ro\/albaiulia\/amelie-maria-rotar-jucatoare-din-nationala-frantei-de-origine-romana-transferata-de-volei-alba-blaj\/#article","isPartOf":{"@id":"https:\/\/urbeamea.ro\/albaiulia\/amelie-maria-rotar-jucatoare-din-nationala-frantei-de-origine-romana-transferata-de-volei-alba-blaj\/"},"author":{"name":"Giurca Sorin","@id":"https:\/\/urbeamea.ro\/albaiulia\/#\/schema\/person\/5db3854ac38c1cc9f0ab4092d6a20f02"},"headline":"Am\u00e9lie Maria Rotar, juc\u0103toare din na\u0163ionala Fran\u0163ei de origine rom\u00e2n\u0103, transferat\u0103 de Volei Alba Blaj","datePublished":"2025-01-15T18:29:58+00:00","dateModified":"2025-01-15T18:29:59+00:00","mainEntityOfPage":{"@id":"https:\/\/urbeamea.ro\/albaiulia\/amelie-maria-rotar-jucatoare-din-nationala-frantei-de-origine-romana-transferata-de-volei-alba-blaj\/"},"wordCount":334,"commentCount":0,"image":{"@id":"https:\/\/urbeamea.ro\/albaiulia\/amelie-maria-rotar-jucatoare-din-nationala-frantei-de-origine-romana-transferata-de-volei-alba-blaj\/#primaryimage"},"thumbnailUrl":"https:\/\/urbeamea.ro\/albaiulia\/wp-content\/uploads\/2025\/01\/1000024637.jpg","keywords":["volei alba blaj"],"articleSection":["Sport"],"inLanguage":"ro-RO","potentialAction":[{"@type":"CommentAction","name":"Comment","target":["https:\/\/urbeamea.ro\/albaiulia\/amelie-maria-rotar-jucatoare-din-nationala-frantei-de-origine-romana-transferata-de-volei-alba-blaj\/#respond"]}]},{"@type":"WebPage","@id":"https:\/\/urbeamea.ro\/albaiulia\/amelie-maria-rotar-jucatoare-din-nationala-frantei-de-origine-romana-transferata-de-volei-alba-blaj\/","url":"https:\/\/urbeamea.ro\/albaiulia\/amelie-maria-rotar-jucatoare-din-nationala-frantei-de-origine-romana-transferata-de-volei-alba-blaj\/","name":"Am\u00e9lie Maria Rotar, juc\u0103toare din na\u0163ionala Fran\u0163ei de origine rom\u00e2n\u0103, transferat\u0103 de Volei Alba Blaj - Revista Urbea Mea - Revista de Alba","isPartOf":{"@id":"https:\/\/urbeamea.ro\/albaiulia\/#website"},"primaryImageOfPage":{"@id":"https:\/\/urbeamea.ro\/albaiulia\/amelie-maria-rotar-jucatoare-din-nationala-frantei-de-origine-romana-transferata-de-volei-alba-blaj\/#primaryimage"},"image":{"@id":"https:\/\/urbeamea.ro\/albaiulia\/amelie-maria-rotar-jucatoare-din-nationala-frantei-de-origine-romana-transferata-de-volei-alba-blaj\/#primaryimage"},"thumbnailUrl":"https:\/\/urbeamea.ro\/albaiulia\/wp-content\/uploads\/2025\/01\/1000024637.jpg","datePublished":"2025-01-15T18:29:58+00:00","dateModified":"2025-01-15T18:29:59+00:00","author":{"@id":"https:\/\/urbeamea.ro\/albaiulia\/#\/schema\/person\/5db3854ac38c1cc9f0ab4092d6a20f02"},"description":"Vicecampioana Rom\u00e2niei, Volei Alba Blaj a reu\u0219it \u00een nou transfer \u00een acest\u0103 pauz\u0103 competi\u021bional\u0103. Voleibalista Am\u00e9lie Maria Rotar, component\u0103 a na\u0163ionalei","breadcrumb":{"@id":"https:\/\/urbeamea.ro\/albaiulia\/amelie-maria-rotar-jucatoare-din-nationala-frantei-de-origine-romana-transferata-de-volei-alba-blaj\/#breadcrumb"},"inLanguage":"ro-RO","potentialAction":[{"@type":"ReadAction","target":["https:\/\/urbeamea.ro\/albaiulia\/amelie-maria-rotar-jucatoare-din-nationala-frantei-de-origine-romana-transferata-de-volei-alba-blaj\/"]}]},{"@type":"ImageObject","inLanguage":"ro-RO","@id":"https:\/\/urbeamea.ro\/albaiulia\/amelie-maria-rotar-jucatoare-din-nationala-frantei-de-origine-romana-transferata-de-volei-alba-blaj\/#primaryimage","url":"https:\/\/urbeamea.ro\/albaiulia\/wp-content\/uploads\/2025\/01\/1000024637.jpg","contentUrl":"https:\/\/urbeamea.ro\/albaiulia\/wp-content\/uploads\/2025\/01\/1000024637.jpg","width":1080,"height":1080},{"@type":"BreadcrumbList","@id":"https:\/\/urbeamea.ro\/albaiulia\/amelie-maria-rotar-jucatoare-din-nationala-frantei-de-origine-romana-transferata-de-volei-alba-blaj\/#breadcrumb","itemListElement":[{"@type":"ListItem","position":1,"name":"Prima pagin\u0103","item":"https:\/\/urbeamea.ro\/albaiulia\/"},{"@type":"ListItem","position":2,"name":"Am\u00e9lie Maria Rotar, juc\u0103toare din na\u0163ionala Fran\u0163ei de origine rom\u00e2n\u0103, transferat\u0103 de Volei Alba Blaj"}]},{"@type":"WebSite","@id":"https:\/\/urbeamea.ro\/albaiulia\/#website","url":"https:\/\/urbeamea.ro\/albaiulia\/","name":"Revista Urbea Mea, Stiri urbane","description":"Evenimente \u0219i \u0219tiri din Alba Iulia, Sebe\u0219, Aiud, Blaj","potentialAction":[{"@type":"SearchAction","target":{"@type":"EntryPoint","urlTemplate":"https:\/\/urbeamea.ro\/albaiulia\/?s={search_term_string}"},"query-input":{"@type":"PropertyValueSpecification","valueRequired":true,"valueName":"search_term_string"}}],"inLanguage":"ro-RO"},{"@type":"Person","@id":"https:\/\/urbeamea.ro\/albaiulia\/#\/schema\/person\/5db3854ac38c1cc9f0ab4092d6a20f02","name":"Giurca Sorin","image":{"@type":"ImageObject","inLanguage":"ro-RO","@id":"https:\/\/secure.gravatar.com\/avatar\/120f6fcae7b3b47a7730cb9943f612f4909f68ac5284b5f40ac1c4615fd70576?s=96&d=mm&r=g","url":"https:\/\/secure.gravatar.com\/avatar\/120f6fcae7b3b47a7730cb9943f612f4909f68ac5284b5f40ac1c4615fd70576?s=96&d=mm&r=g","contentUrl":"https:\/\/secure.gravatar.com\/avatar\/120f6fcae7b3b47a7730cb9943f612f4909f68ac5284b5f40ac1c4615fd70576?s=96&d=mm&r=g","caption":"Giurca Sorin"},"url":"https:\/\/urbeamea.ro\/albaiulia\/author\/sorin\/"}]}},"_links":{"self":[{"href":"https:\/\/urbeamea.ro\/albaiulia\/wp-json\/wp\/v2\/posts\/116033","targetHints":{"allow":["GET"]}}],"collection":[{"href":"https:\/\/urbeamea.ro\/albaiulia\/wp-json\/wp\/v2\/posts"}],"about":[{"href":"https:\/\/urbeamea.ro\/albaiulia\/wp-json\/wp\/v2\/types\/post"}],"author":[{"embeddable":true,"href":"https:\/\/urbeamea.ro\/albaiulia\/wp-json\/wp\/v2\/users\/28"}],"replies":[{"embeddable":true,"href":"https:\/\/urbeamea.ro\/albaiulia\/wp-json\/wp\/v2\/comments?post=116033"}],"version-history":[{"count":1,"href":"https:\/\/urbeamea.ro\/albaiulia\/wp-json\/wp\/v2\/posts\/116033\/revisions"}],"predecessor-version":[{"id":116035,"href":"https:\/\/urbeamea.ro\/albaiulia\/wp-json\/wp\/v2\/posts\/116033\/revisions\/116035"}],"wp:featuredmedia":[{"embeddable":true,"href":"https:\/\/urbeamea.ro\/albaiulia\/wp-json\/wp\/v2\/media\/116034"}],"wp:attachment":[{"href":"https:\/\/urbeamea.ro\/albaiulia\/wp-json\/wp\/v2\/media?parent=116033"}],"wp:term":[{"taxonomy":"category","embeddable":true,"href":"https:\/\/urbeamea.ro\/albaiulia\/wp-json\/wp\/v2\/categories?post=116033"},{"taxonomy":"post_tag","embeddable":true,"href":"https:\/\/urbeamea.ro\/albaiulia\/wp-json\/wp\/v2\/tags?post=116033"}],"curies":[{"name":"wp","href":"https:\/\/api.w.org\/{rel}","templated":true}]}}