{"id":116036,"date":"2025-01-16T08:56:37","date_gmt":"2025-01-16T06:56:37","guid":{"rendered":"https:\/\/urbeamea.ro\/albaiulia\/?p=116036"},"modified":"2025-01-16T08:56:38","modified_gmt":"2025-01-16T06:56:38","slug":"renaste-cinematograful-columna-din-alba-iulia-a-fost-semnat-contractul-de-autorizatie-si-executie-a-lucrarilor-de-reabilitare","status":"publish","type":"post","link":"https:\/\/urbeamea.ro\/albaiulia\/renaste-cinematograful-columna-din-alba-iulia-a-fost-semnat-contractul-de-autorizatie-si-executie-a-lucrarilor-de-reabilitare\/","title":{"rendered":"Rena\u0219te Cinematograful Columna din Alba Iulia. A fost semnat contractul de autoriza\u021bie \u0219i execu\u021bie a lucr\u0103rilor de reabilitare"},"content":{"rendered":"\n<p>Fostul Cinematograf Columna va fi readus la via\u021b\u0103, de c\u0103tre autorit\u0103\u021bile locale din Alba Iulia.<\/p>\n\n\n\n<p>Cinematograful acum \u00een paragin\u0103, va fi reabilitat, dotat \u0219i modernizat, \u00een cadrul unui program sus\u021binut de Compania Na\u021bional\u0103 de Investi\u021bii.<\/p>\n\n\n\n<p>Anun\u021bul a fost f\u0103cut de c\u0103tre primarul municipiului Alba Iulia, Gabriel Ple\u0219a prin intermediul paginii de socializare.<\/p>\n\n\n\n<p>&#8222;\ud835\udc02\ud835\udc22\ud835\udc27\ud835\udc1e\ud835\udc26\ud835\udc1a\ud835\udc2d\ud835\udc28\ud835\udc20\ud835\udc2b\ud835\udc1a\ud835\udc1f\ud835\udc2e\ud835\udc25 \ud835\udc02\ud835\udc28\ud835\udc25\ud835\udc2e\ud835\udc26\ud835\udc27\ud835\udc1a \ud835\udc2b\ud835\udc1e\ud835\udc27\ud835\udc1a\ud835\udc2c\ud835\udc2d\ud835\udc1e: \ud835\udc2d\ud835\udc2b\ud835\udc1a\ud835\udc27\ud835\udc2c\ud835\udc1f\ud835\udc28\ud835\udc2b\ud835\udc26\ud835\udc1a\ud835\udc2b\ud835\udc1e\ud835\udc1a \ud835\udc2e\ud835\udc27\ud835\udc2e\ud835\udc22 \ud835\udc2c\ud835\udc22\ud835\udc26\ud835\udc1b\ud835\udc28\ud835\udc25 \ud835\udc1a\ud835\udc25 \ud835\udc00\ud835\udc25\ud835\udc1b\ud835\udc1e\ud835\udc22 \ud835\udc08\ud835\udc2e\ud835\udc25\ud835\udc22\ud835\udc1a<\/p>\n\n\n\n<p>Ve\u0219ti excelente pentru albaiulieni: a avut loc semnarea contractului pentru elaborarea proiectului de autorizare \u0219i execu\u021bie a lucr\u0103rilor pentru reabilitarea, dotarea \u0219i modernizarea Cinematografului Columna din Alba Iulia. <\/p>\n\n\n\n<p>Acest moment marcheaz\u0103 un pas important pentru revitalizarea unuia dintre simbolurile comunit\u0103\u021bii noastre. Situat\u0103 \u00eentr-o zon\u0103 cu o istorie bogat\u0103, cl\u0103direa Cinematografului Columna ajunsese, din p\u0103cate, la un nivel avansat de degradare.<\/p>\n\n\n\n<p> Astfel, demararea acestor lucr\u0103ri a reprezentat o prioritate pentru mine \u00eenc\u0103 de la \u00eenceputul primului mandat la prim\u0103ria Alba Iulia, \u0219i m\u0103 bucur c\u0103 am reu\u0219it, \u00een sf\u00e2r\u0219it, \u00een ciuda faptului c\u0103 am \u00eent\u00e2mpinat diverse probleme birocratice, acestea cauz\u00e2nd \u00eent\u00e2rzieri. <\/p>\n\n\n\n<p> Starea precar\u0103 a structurii nu doar c\u0103 afecta imaginea zonei, ci reprezenta \u0219i un real pericol pentru trec\u0103tori, din cauza pere\u021bilor deteriora\u021bi \u0219i a elementelor care riscau s\u0103 se desprind\u0103. <\/p>\n\n\n\n<p>Mai mult, lipsa unei utiliz\u0103ri corespunz\u0103toare a transformat spa\u021biul \u00eentr-un focar insalubru, unde se adunau frecvent persoane f\u0103r\u0103 ad\u0103post, cre\u00e2nd o stare de disconfort \u0219i nesiguran\u021b\u0103 pentru cet\u0103\u021beni.<\/p>\n\n\n\n<p>Prin acest proiect de modernizare vom readuce la via\u021b\u0103 un spa\u021biu cultural emblematic al Albei Iulia, transform\u00e2nd cinematograful \u00eentr-un centru modern, dotat la standarde europene, unde arta \u0219i cultura vor prinde via\u021b\u0103. <\/p>\n\n\n\n<p>Se dore\u0219te ob\u021binerea unui exemplu corect de revitalizare a unei cl\u0103diri de secol XX, \u00een conformitate cu noile prevederi \u00een vederea consumului de energie, f\u0103r\u0103 a avea repercusiuni asupra aspectului exterior si a func\u021bionalit\u0103\u021bii.<\/p>\n\n\n\n<p> Acest proiect este mai mult dec\u00e2t o investi\u021bie \u00een infrastructur\u0103- este o investi\u021bie \u00een spiritul \u0219i sufletul albaiulienilor. <\/p>\n\n\n\n<p>\u00cemi doresc ca Cinematograful Columna s\u0103 devin\u0103 un punct de atrac\u021bie \u0219i un loc unde to\u021bi locuitorii, indiferent de v\u00e2rst\u0103, s\u0103 se bucure de experien\u021be culturale de neuitat.<\/p>\n\n\n\n<p>Contractul va fi implementat prin grija Companiei Na\u021bionale de Investi\u021bii, \u00een calitate de finan\u021bator. Valoarea estimat\u0103 a investi\u021biei este de aproximativ 21 milioane de lei&#8221;, a scris , miercuri, Gabriel Ple\u0219a pe Facebook.<\/p>\n\n\n\n<figure class=\"wp-block-gallery has-nested-images columns-default is-cropped wp-block-gallery-1 is-layout-flex wp-block-gallery-is-layout-flex\">\n<figure class=\"wp-block-image size-large\"><img loading=\"lazy\" decoding=\"async\" width=\"1080\" height=\"608\" data-id=\"116037\" src=\"https:\/\/urbeamea.ro\/albaiulia\/wp-content\/uploads\/2025\/01\/1000024653.jpg\" alt=\"\" class=\"wp-image-116037\" srcset=\"https:\/\/urbeamea.ro\/albaiulia\/wp-content\/uploads\/2025\/01\/1000024653.jpg 1080w, https:\/\/urbeamea.ro\/albaiulia\/wp-content\/uploads\/2025\/01\/1000024653-640x360.jpg 640w, https:\/\/urbeamea.ro\/albaiulia\/wp-content\/uploads\/2025\/01\/1000024653-150x84.jpg 150w, https:\/\/urbeamea.ro\/albaiulia\/wp-content\/uploads\/2025\/01\/1000024653-768x432.jpg 768w, https:\/\/urbeamea.ro\/albaiulia\/wp-content\/uploads\/2025\/01\/1000024653-390x220.jpg 390w\" sizes=\"auto, (max-width: 1080px) 100vw, 1080px\" \/><\/figure>\n\n\n\n<figure class=\"wp-block-image size-large\"><img loading=\"lazy\" decoding=\"async\" width=\"1080\" height=\"608\" data-id=\"116038\" src=\"https:\/\/urbeamea.ro\/albaiulia\/wp-content\/uploads\/2025\/01\/1000024656.jpg\" alt=\"\" class=\"wp-image-116038\" srcset=\"https:\/\/urbeamea.ro\/albaiulia\/wp-content\/uploads\/2025\/01\/1000024656.jpg 1080w, https:\/\/urbeamea.ro\/albaiulia\/wp-content\/uploads\/2025\/01\/1000024656-640x360.jpg 640w, https:\/\/urbeamea.ro\/albaiulia\/wp-content\/uploads\/2025\/01\/1000024656-150x84.jpg 150w, https:\/\/urbeamea.ro\/albaiulia\/wp-content\/uploads\/2025\/01\/1000024656-768x432.jpg 768w, https:\/\/urbeamea.ro\/albaiulia\/wp-content\/uploads\/2025\/01\/1000024656-390x220.jpg 390w\" sizes=\"auto, (max-width: 1080px) 100vw, 1080px\" \/><\/figure>\n\n\n\n<figure class=\"wp-block-image size-large\"><img loading=\"lazy\" decoding=\"async\" width=\"1080\" height=\"608\" data-id=\"116039\" src=\"https:\/\/urbeamea.ro\/albaiulia\/wp-content\/uploads\/2025\/01\/1000024655.jpg\" alt=\"\" class=\"wp-image-116039\" srcset=\"https:\/\/urbeamea.ro\/albaiulia\/wp-content\/uploads\/2025\/01\/1000024655.jpg 1080w, https:\/\/urbeamea.ro\/albaiulia\/wp-content\/uploads\/2025\/01\/1000024655-640x360.jpg 640w, https:\/\/urbeamea.ro\/albaiulia\/wp-content\/uploads\/2025\/01\/1000024655-150x84.jpg 150w, https:\/\/urbeamea.ro\/albaiulia\/wp-content\/uploads\/2025\/01\/1000024655-768x432.jpg 768w, https:\/\/urbeamea.ro\/albaiulia\/wp-content\/uploads\/2025\/01\/1000024655-390x220.jpg 390w\" sizes=\"auto, (max-width: 1080px) 100vw, 1080px\" \/><\/figure>\n\n\n\n<figure class=\"wp-block-image size-large\"><img loading=\"lazy\" decoding=\"async\" width=\"1080\" height=\"608\" data-id=\"116040\" src=\"https:\/\/urbeamea.ro\/albaiulia\/wp-content\/uploads\/2025\/01\/1000024654.jpg\" alt=\"\" class=\"wp-image-116040\" srcset=\"https:\/\/urbeamea.ro\/albaiulia\/wp-content\/uploads\/2025\/01\/1000024654.jpg 1080w, https:\/\/urbeamea.ro\/albaiulia\/wp-content\/uploads\/2025\/01\/1000024654-640x360.jpg 640w, https:\/\/urbeamea.ro\/albaiulia\/wp-content\/uploads\/2025\/01\/1000024654-150x84.jpg 150w, https:\/\/urbeamea.ro\/albaiulia\/wp-content\/uploads\/2025\/01\/1000024654-768x432.jpg 768w, https:\/\/urbeamea.ro\/albaiulia\/wp-content\/uploads\/2025\/01\/1000024654-390x220.jpg 390w\" sizes=\"auto, (max-width: 1080px) 100vw, 1080px\" \/><\/figure>\n\n\n\n<figure class=\"wp-block-image size-large\"><img loading=\"lazy\" decoding=\"async\" width=\"1080\" height=\"900\" data-id=\"116043\" src=\"https:\/\/urbeamea.ro\/albaiulia\/wp-content\/uploads\/2025\/01\/1000024657.jpg\" alt=\"\" class=\"wp-image-116043\" srcset=\"https:\/\/urbeamea.ro\/albaiulia\/wp-content\/uploads\/2025\/01\/1000024657.jpg 1080w, https:\/\/urbeamea.ro\/albaiulia\/wp-content\/uploads\/2025\/01\/1000024657-640x533.jpg 640w, https:\/\/urbeamea.ro\/albaiulia\/wp-content\/uploads\/2025\/01\/1000024657-150x125.jpg 150w, https:\/\/urbeamea.ro\/albaiulia\/wp-content\/uploads\/2025\/01\/1000024657-768x640.jpg 768w\" sizes=\"auto, (max-width: 1080px) 100vw, 1080px\" \/><\/figure>\n\n\n\n<figure class=\"wp-block-image size-large\"><img loading=\"lazy\" decoding=\"async\" width=\"1080\" height=\"498\" data-id=\"116041\" src=\"https:\/\/urbeamea.ro\/albaiulia\/wp-content\/uploads\/2025\/01\/1000024658.jpg\" alt=\"\" class=\"wp-image-116041\" srcset=\"https:\/\/urbeamea.ro\/albaiulia\/wp-content\/uploads\/2025\/01\/1000024658.jpg 1080w, https:\/\/urbeamea.ro\/albaiulia\/wp-content\/uploads\/2025\/01\/1000024658-640x295.jpg 640w, https:\/\/urbeamea.ro\/albaiulia\/wp-content\/uploads\/2025\/01\/1000024658-150x69.jpg 150w, https:\/\/urbeamea.ro\/albaiulia\/wp-content\/uploads\/2025\/01\/1000024658-768x354.jpg 768w\" sizes=\"auto, (max-width: 1080px) 100vw, 1080px\" \/><\/figure>\n\n\n\n<figure class=\"wp-block-image size-large\"><img loading=\"lazy\" decoding=\"async\" width=\"1080\" height=\"499\" data-id=\"116042\" src=\"https:\/\/urbeamea.ro\/albaiulia\/wp-content\/uploads\/2025\/01\/1000024659.jpg\" alt=\"\" class=\"wp-image-116042\" srcset=\"https:\/\/urbeamea.ro\/albaiulia\/wp-content\/uploads\/2025\/01\/1000024659.jpg 1080w, https:\/\/urbeamea.ro\/albaiulia\/wp-content\/uploads\/2025\/01\/1000024659-640x296.jpg 640w, https:\/\/urbeamea.ro\/albaiulia\/wp-content\/uploads\/2025\/01\/1000024659-150x69.jpg 150w, https:\/\/urbeamea.ro\/albaiulia\/wp-content\/uploads\/2025\/01\/1000024659-768x355.jpg 768w\" sizes=\"auto, (max-width: 1080px) 100vw, 1080px\" \/><\/figure>\n<\/figure>\n\n\n\n<p><\/p>\n\n\n\n<p><\/p>\n\n\n\n<p><\/p>\n","protected":false},"excerpt":{"rendered":"<p>Fostul Cinematograf Columna va fi readus la via\u021b\u0103, de c\u0103tre autorit\u0103\u021bile locale din Alba Iulia. Cinematograful acum \u00een paragin\u0103, va fi reabilitat, dotat \u0219i modernizat, \u00een cadrul unui program sus\u021binut de Compania Na\u021bional\u0103 de Investi\u021bii. Anun\u021bul a fost f\u0103cut de c\u0103tre primarul municipiului Alba Iulia, Gabriel Ple\u0219a prin intermediul paginii de socializare. &#8222;\ud835\udc02\ud835\udc22\ud835\udc27\ud835\udc1e\ud835\udc26\ud835\udc1a\ud835\udc2d\ud835\udc28\ud835\udc20\ud835\udc2b\ud835\udc1a\ud835\udc1f\ud835\udc2e\ud835\udc25 \ud835\udc02\ud835\udc28\ud835\udc25\ud835\udc2e\ud835\udc26\ud835\udc27\ud835\udc1a \ud835\udc2b\ud835\udc1e\ud835\udc27\ud835\udc1a\ud835\udc2c\ud835\udc2d\ud835\udc1e: &hellip;<\/p>\n","protected":false},"author":28,"featured_media":116037,"comment_status":"open","ping_status":"open","sticky":false,"template":"","format":"standard","meta":{"inline_featured_image":false,"footnotes":""},"categories":[2035,28,2034,16344],"tags":[21650],"class_list":["post-116036","post","type-post","status-publish","format-standard","has-post-thumbnail","hentry","category-administratie","category-cinema","category-social","category-urbea-mea","tag-cinematograful-columna"],"yoast_head":"<!-- This site is optimized with the Yoast SEO plugin v27.4 - https:\/\/yoast.com\/product\/yoast-seo-wordpress\/ -->\n<title>Rena\u0219te Cinematograful Columna din Alba Iulia. A fost semnat contractul de autoriza\u021bie \u0219i execu\u021bie a lucr\u0103rilor de reabilitare - Revista Urbea Mea - Revista de Alba<\/title>\n<meta name=\"description\" content=\"Fostul Cinematograf Columna va fi readus la via\u021b\u0103, de c\u0103tre autorit\u0103\u021bile locale din Alba Iulia. Cinematograful acum \u00een paragin\u0103, va fi reabilitat, dotat\" \/>\n<meta name=\"robots\" content=\"index, follow, max-snippet:-1, max-image-preview:large, max-video-preview:-1\" \/>\n<link rel=\"canonical\" href=\"https:\/\/urbeamea.ro\/albaiulia\/renaste-cinematograful-columna-din-alba-iulia-a-fost-semnat-contractul-de-autorizatie-si-executie-a-lucrarilor-de-reabilitare\/\" \/>\n<meta name=\"twitter:card\" content=\"summary_large_image\" \/>\n<meta name=\"twitter:title\" content=\"Rena\u0219te Cinematograful Columna din Alba Iulia. A fost semnat contractul de autoriza\u021bie \u0219i execu\u021bie a lucr\u0103rilor de reabilitare - Revista Urbea Mea - Revista de Alba\" \/>\n<meta name=\"twitter:description\" content=\"Fostul Cinematograf Columna va fi readus la via\u021b\u0103, de c\u0103tre autorit\u0103\u021bile locale din Alba Iulia. Cinematograful acum \u00een paragin\u0103, va fi reabilitat, dotat\" \/>\n<meta name=\"twitter:image\" content=\"https:\/\/urbeamea.ro\/albaiulia\/wp-content\/uploads\/2025\/01\/1000024653.jpg\" \/>\n<meta name=\"twitter:creator\" content=\"@urbeameaweb\" \/>\n<meta name=\"twitter:site\" content=\"@urbeameaweb\" \/>\n<script type=\"application\/ld+json\" class=\"yoast-schema-graph\">{\"@context\":\"https:\\\/\\\/schema.org\",\"@graph\":[{\"@type\":\"Article\",\"@id\":\"https:\\\/\\\/urbeamea.ro\\\/albaiulia\\\/renaste-cinematograful-columna-din-alba-iulia-a-fost-semnat-contractul-de-autorizatie-si-executie-a-lucrarilor-de-reabilitare\\\/#article\",\"isPartOf\":{\"@id\":\"https:\\\/\\\/urbeamea.ro\\\/albaiulia\\\/renaste-cinematograful-columna-din-alba-iulia-a-fost-semnat-contractul-de-autorizatie-si-executie-a-lucrarilor-de-reabilitare\\\/\"},\"author\":{\"name\":\"Giurca Sorin\",\"@id\":\"https:\\\/\\\/urbeamea.ro\\\/albaiulia\\\/#\\\/schema\\\/person\\\/5db3854ac38c1cc9f0ab4092d6a20f02\"},\"headline\":\"Rena\u0219te Cinematograful Columna din Alba Iulia. A fost semnat contractul de autoriza\u021bie \u0219i execu\u021bie a lucr\u0103rilor de reabilitare\",\"datePublished\":\"2025-01-16T06:56:37+00:00\",\"dateModified\":\"2025-01-16T06:56:38+00:00\",\"mainEntityOfPage\":{\"@id\":\"https:\\\/\\\/urbeamea.ro\\\/albaiulia\\\/renaste-cinematograful-columna-din-alba-iulia-a-fost-semnat-contractul-de-autorizatie-si-executie-a-lucrarilor-de-reabilitare\\\/\"},\"wordCount\":429,\"commentCount\":0,\"image\":{\"@id\":\"https:\\\/\\\/urbeamea.ro\\\/albaiulia\\\/renaste-cinematograful-columna-din-alba-iulia-a-fost-semnat-contractul-de-autorizatie-si-executie-a-lucrarilor-de-reabilitare\\\/#primaryimage\"},\"thumbnailUrl\":\"https:\\\/\\\/urbeamea.ro\\\/albaiulia\\\/wp-content\\\/uploads\\\/2025\\\/01\\\/1000024653.jpg\",\"keywords\":[\"cinematograful columna\"],\"articleSection\":[\"Administra\u021bie\",\"Cinema, Filme \u0219i seriale\",\"Social\",\"Urbea Mea\"],\"inLanguage\":\"ro-RO\",\"potentialAction\":[{\"@type\":\"CommentAction\",\"name\":\"Comment\",\"target\":[\"https:\\\/\\\/urbeamea.ro\\\/albaiulia\\\/renaste-cinematograful-columna-din-alba-iulia-a-fost-semnat-contractul-de-autorizatie-si-executie-a-lucrarilor-de-reabilitare\\\/#respond\"]}]},{\"@type\":\"WebPage\",\"@id\":\"https:\\\/\\\/urbeamea.ro\\\/albaiulia\\\/renaste-cinematograful-columna-din-alba-iulia-a-fost-semnat-contractul-de-autorizatie-si-executie-a-lucrarilor-de-reabilitare\\\/\",\"url\":\"https:\\\/\\\/urbeamea.ro\\\/albaiulia\\\/renaste-cinematograful-columna-din-alba-iulia-a-fost-semnat-contractul-de-autorizatie-si-executie-a-lucrarilor-de-reabilitare\\\/\",\"name\":\"Rena\u0219te Cinematograful Columna din Alba Iulia. A fost semnat contractul de autoriza\u021bie \u0219i execu\u021bie a lucr\u0103rilor de reabilitare - Revista Urbea Mea - Revista de Alba\",\"isPartOf\":{\"@id\":\"https:\\\/\\\/urbeamea.ro\\\/albaiulia\\\/#website\"},\"primaryImageOfPage\":{\"@id\":\"https:\\\/\\\/urbeamea.ro\\\/albaiulia\\\/renaste-cinematograful-columna-din-alba-iulia-a-fost-semnat-contractul-de-autorizatie-si-executie-a-lucrarilor-de-reabilitare\\\/#primaryimage\"},\"image\":{\"@id\":\"https:\\\/\\\/urbeamea.ro\\\/albaiulia\\\/renaste-cinematograful-columna-din-alba-iulia-a-fost-semnat-contractul-de-autorizatie-si-executie-a-lucrarilor-de-reabilitare\\\/#primaryimage\"},\"thumbnailUrl\":\"https:\\\/\\\/urbeamea.ro\\\/albaiulia\\\/wp-content\\\/uploads\\\/2025\\\/01\\\/1000024653.jpg\",\"datePublished\":\"2025-01-16T06:56:37+00:00\",\"dateModified\":\"2025-01-16T06:56:38+00:00\",\"author\":{\"@id\":\"https:\\\/\\\/urbeamea.ro\\\/albaiulia\\\/#\\\/schema\\\/person\\\/5db3854ac38c1cc9f0ab4092d6a20f02\"},\"description\":\"Fostul Cinematograf Columna va fi readus la via\u021b\u0103, de c\u0103tre autorit\u0103\u021bile locale din Alba Iulia. Cinematograful acum \u00een paragin\u0103, va fi reabilitat, dotat\",\"breadcrumb\":{\"@id\":\"https:\\\/\\\/urbeamea.ro\\\/albaiulia\\\/renaste-cinematograful-columna-din-alba-iulia-a-fost-semnat-contractul-de-autorizatie-si-executie-a-lucrarilor-de-reabilitare\\\/#breadcrumb\"},\"inLanguage\":\"ro-RO\",\"potentialAction\":[{\"@type\":\"ReadAction\",\"target\":[\"https:\\\/\\\/urbeamea.ro\\\/albaiulia\\\/renaste-cinematograful-columna-din-alba-iulia-a-fost-semnat-contractul-de-autorizatie-si-executie-a-lucrarilor-de-reabilitare\\\/\"]}]},{\"@type\":\"ImageObject\",\"inLanguage\":\"ro-RO\",\"@id\":\"https:\\\/\\\/urbeamea.ro\\\/albaiulia\\\/renaste-cinematograful-columna-din-alba-iulia-a-fost-semnat-contractul-de-autorizatie-si-executie-a-lucrarilor-de-reabilitare\\\/#primaryimage\",\"url\":\"https:\\\/\\\/urbeamea.ro\\\/albaiulia\\\/wp-content\\\/uploads\\\/2025\\\/01\\\/1000024653.jpg\",\"contentUrl\":\"https:\\\/\\\/urbeamea.ro\\\/albaiulia\\\/wp-content\\\/uploads\\\/2025\\\/01\\\/1000024653.jpg\",\"width\":1080,\"height\":608},{\"@type\":\"BreadcrumbList\",\"@id\":\"https:\\\/\\\/urbeamea.ro\\\/albaiulia\\\/renaste-cinematograful-columna-din-alba-iulia-a-fost-semnat-contractul-de-autorizatie-si-executie-a-lucrarilor-de-reabilitare\\\/#breadcrumb\",\"itemListElement\":[{\"@type\":\"ListItem\",\"position\":1,\"name\":\"Prima pagin\u0103\",\"item\":\"https:\\\/\\\/urbeamea.ro\\\/albaiulia\\\/\"},{\"@type\":\"ListItem\",\"position\":2,\"name\":\"Rena\u0219te Cinematograful Columna din Alba Iulia. A fost semnat contractul de autoriza\u021bie \u0219i execu\u021bie a lucr\u0103rilor de reabilitare\"}]},{\"@type\":\"WebSite\",\"@id\":\"https:\\\/\\\/urbeamea.ro\\\/albaiulia\\\/#website\",\"url\":\"https:\\\/\\\/urbeamea.ro\\\/albaiulia\\\/\",\"name\":\"Revista Urbea Mea, Stiri urbane\",\"description\":\"Evenimente \u0219i \u0219tiri din Alba Iulia, Sebe\u0219, Aiud, Blaj\",\"potentialAction\":[{\"@type\":\"SearchAction\",\"target\":{\"@type\":\"EntryPoint\",\"urlTemplate\":\"https:\\\/\\\/urbeamea.ro\\\/albaiulia\\\/?s={search_term_string}\"},\"query-input\":{\"@type\":\"PropertyValueSpecification\",\"valueRequired\":true,\"valueName\":\"search_term_string\"}}],\"inLanguage\":\"ro-RO\"},{\"@type\":\"Person\",\"@id\":\"https:\\\/\\\/urbeamea.ro\\\/albaiulia\\\/#\\\/schema\\\/person\\\/5db3854ac38c1cc9f0ab4092d6a20f02\",\"name\":\"Giurca Sorin\",\"image\":{\"@type\":\"ImageObject\",\"inLanguage\":\"ro-RO\",\"@id\":\"https:\\\/\\\/secure.gravatar.com\\\/avatar\\\/120f6fcae7b3b47a7730cb9943f612f4909f68ac5284b5f40ac1c4615fd70576?s=96&d=mm&r=g\",\"url\":\"https:\\\/\\\/secure.gravatar.com\\\/avatar\\\/120f6fcae7b3b47a7730cb9943f612f4909f68ac5284b5f40ac1c4615fd70576?s=96&d=mm&r=g\",\"contentUrl\":\"https:\\\/\\\/secure.gravatar.com\\\/avatar\\\/120f6fcae7b3b47a7730cb9943f612f4909f68ac5284b5f40ac1c4615fd70576?s=96&d=mm&r=g\",\"caption\":\"Giurca Sorin\"},\"url\":\"https:\\\/\\\/urbeamea.ro\\\/albaiulia\\\/author\\\/sorin\\\/\"}]}<\/script>\n<!-- \/ Yoast SEO plugin. -->","yoast_head_json":{"title":"Rena\u0219te Cinematograful Columna din Alba Iulia. A fost semnat contractul de autoriza\u021bie \u0219i execu\u021bie a lucr\u0103rilor de reabilitare - Revista Urbea Mea - Revista de Alba","description":"Fostul Cinematograf Columna va fi readus la via\u021b\u0103, de c\u0103tre autorit\u0103\u021bile locale din Alba Iulia. Cinematograful acum \u00een paragin\u0103, va fi reabilitat, dotat","robots":{"index":"index","follow":"follow","max-snippet":"max-snippet:-1","max-image-preview":"max-image-preview:large","max-video-preview":"max-video-preview:-1"},"canonical":"https:\/\/urbeamea.ro\/albaiulia\/renaste-cinematograful-columna-din-alba-iulia-a-fost-semnat-contractul-de-autorizatie-si-executie-a-lucrarilor-de-reabilitare\/","twitter_card":"summary_large_image","twitter_title":"Rena\u0219te Cinematograful Columna din Alba Iulia. A fost semnat contractul de autoriza\u021bie \u0219i execu\u021bie a lucr\u0103rilor de reabilitare - Revista Urbea Mea - Revista de Alba","twitter_description":"Fostul Cinematograf Columna va fi readus la via\u021b\u0103, de c\u0103tre autorit\u0103\u021bile locale din Alba Iulia. Cinematograful acum \u00een paragin\u0103, va fi reabilitat, dotat","twitter_image":"https:\/\/urbeamea.ro\/albaiulia\/wp-content\/uploads\/2025\/01\/1000024653.jpg","twitter_creator":"@urbeameaweb","twitter_site":"@urbeameaweb","schema":{"@context":"https:\/\/schema.org","@graph":[{"@type":"Article","@id":"https:\/\/urbeamea.ro\/albaiulia\/renaste-cinematograful-columna-din-alba-iulia-a-fost-semnat-contractul-de-autorizatie-si-executie-a-lucrarilor-de-reabilitare\/#article","isPartOf":{"@id":"https:\/\/urbeamea.ro\/albaiulia\/renaste-cinematograful-columna-din-alba-iulia-a-fost-semnat-contractul-de-autorizatie-si-executie-a-lucrarilor-de-reabilitare\/"},"author":{"name":"Giurca Sorin","@id":"https:\/\/urbeamea.ro\/albaiulia\/#\/schema\/person\/5db3854ac38c1cc9f0ab4092d6a20f02"},"headline":"Rena\u0219te Cinematograful Columna din Alba Iulia. A fost semnat contractul de autoriza\u021bie \u0219i execu\u021bie a lucr\u0103rilor de reabilitare","datePublished":"2025-01-16T06:56:37+00:00","dateModified":"2025-01-16T06:56:38+00:00","mainEntityOfPage":{"@id":"https:\/\/urbeamea.ro\/albaiulia\/renaste-cinematograful-columna-din-alba-iulia-a-fost-semnat-contractul-de-autorizatie-si-executie-a-lucrarilor-de-reabilitare\/"},"wordCount":429,"commentCount":0,"image":{"@id":"https:\/\/urbeamea.ro\/albaiulia\/renaste-cinematograful-columna-din-alba-iulia-a-fost-semnat-contractul-de-autorizatie-si-executie-a-lucrarilor-de-reabilitare\/#primaryimage"},"thumbnailUrl":"https:\/\/urbeamea.ro\/albaiulia\/wp-content\/uploads\/2025\/01\/1000024653.jpg","keywords":["cinematograful columna"],"articleSection":["Administra\u021bie","Cinema, Filme \u0219i seriale","Social","Urbea Mea"],"inLanguage":"ro-RO","potentialAction":[{"@type":"CommentAction","name":"Comment","target":["https:\/\/urbeamea.ro\/albaiulia\/renaste-cinematograful-columna-din-alba-iulia-a-fost-semnat-contractul-de-autorizatie-si-executie-a-lucrarilor-de-reabilitare\/#respond"]}]},{"@type":"WebPage","@id":"https:\/\/urbeamea.ro\/albaiulia\/renaste-cinematograful-columna-din-alba-iulia-a-fost-semnat-contractul-de-autorizatie-si-executie-a-lucrarilor-de-reabilitare\/","url":"https:\/\/urbeamea.ro\/albaiulia\/renaste-cinematograful-columna-din-alba-iulia-a-fost-semnat-contractul-de-autorizatie-si-executie-a-lucrarilor-de-reabilitare\/","name":"Rena\u0219te Cinematograful Columna din Alba Iulia. A fost semnat contractul de autoriza\u021bie \u0219i execu\u021bie a lucr\u0103rilor de reabilitare - Revista Urbea Mea - Revista de Alba","isPartOf":{"@id":"https:\/\/urbeamea.ro\/albaiulia\/#website"},"primaryImageOfPage":{"@id":"https:\/\/urbeamea.ro\/albaiulia\/renaste-cinematograful-columna-din-alba-iulia-a-fost-semnat-contractul-de-autorizatie-si-executie-a-lucrarilor-de-reabilitare\/#primaryimage"},"image":{"@id":"https:\/\/urbeamea.ro\/albaiulia\/renaste-cinematograful-columna-din-alba-iulia-a-fost-semnat-contractul-de-autorizatie-si-executie-a-lucrarilor-de-reabilitare\/#primaryimage"},"thumbnailUrl":"https:\/\/urbeamea.ro\/albaiulia\/wp-content\/uploads\/2025\/01\/1000024653.jpg","datePublished":"2025-01-16T06:56:37+00:00","dateModified":"2025-01-16T06:56:38+00:00","author":{"@id":"https:\/\/urbeamea.ro\/albaiulia\/#\/schema\/person\/5db3854ac38c1cc9f0ab4092d6a20f02"},"description":"Fostul Cinematograf Columna va fi readus la via\u021b\u0103, de c\u0103tre autorit\u0103\u021bile locale din Alba Iulia. Cinematograful acum \u00een paragin\u0103, va fi reabilitat, dotat","breadcrumb":{"@id":"https:\/\/urbeamea.ro\/albaiulia\/renaste-cinematograful-columna-din-alba-iulia-a-fost-semnat-contractul-de-autorizatie-si-executie-a-lucrarilor-de-reabilitare\/#breadcrumb"},"inLanguage":"ro-RO","potentialAction":[{"@type":"ReadAction","target":["https:\/\/urbeamea.ro\/albaiulia\/renaste-cinematograful-columna-din-alba-iulia-a-fost-semnat-contractul-de-autorizatie-si-executie-a-lucrarilor-de-reabilitare\/"]}]},{"@type":"ImageObject","inLanguage":"ro-RO","@id":"https:\/\/urbeamea.ro\/albaiulia\/renaste-cinematograful-columna-din-alba-iulia-a-fost-semnat-contractul-de-autorizatie-si-executie-a-lucrarilor-de-reabilitare\/#primaryimage","url":"https:\/\/urbeamea.ro\/albaiulia\/wp-content\/uploads\/2025\/01\/1000024653.jpg","contentUrl":"https:\/\/urbeamea.ro\/albaiulia\/wp-content\/uploads\/2025\/01\/1000024653.jpg","width":1080,"height":608},{"@type":"BreadcrumbList","@id":"https:\/\/urbeamea.ro\/albaiulia\/renaste-cinematograful-columna-din-alba-iulia-a-fost-semnat-contractul-de-autorizatie-si-executie-a-lucrarilor-de-reabilitare\/#breadcrumb","itemListElement":[{"@type":"ListItem","position":1,"name":"Prima pagin\u0103","item":"https:\/\/urbeamea.ro\/albaiulia\/"},{"@type":"ListItem","position":2,"name":"Rena\u0219te Cinematograful Columna din Alba Iulia. A fost semnat contractul de autoriza\u021bie \u0219i execu\u021bie a lucr\u0103rilor de reabilitare"}]},{"@type":"WebSite","@id":"https:\/\/urbeamea.ro\/albaiulia\/#website","url":"https:\/\/urbeamea.ro\/albaiulia\/","name":"Revista Urbea Mea, Stiri urbane","description":"Evenimente \u0219i \u0219tiri din Alba Iulia, Sebe\u0219, Aiud, Blaj","potentialAction":[{"@type":"SearchAction","target":{"@type":"EntryPoint","urlTemplate":"https:\/\/urbeamea.ro\/albaiulia\/?s={search_term_string}"},"query-input":{"@type":"PropertyValueSpecification","valueRequired":true,"valueName":"search_term_string"}}],"inLanguage":"ro-RO"},{"@type":"Person","@id":"https:\/\/urbeamea.ro\/albaiulia\/#\/schema\/person\/5db3854ac38c1cc9f0ab4092d6a20f02","name":"Giurca Sorin","image":{"@type":"ImageObject","inLanguage":"ro-RO","@id":"https:\/\/secure.gravatar.com\/avatar\/120f6fcae7b3b47a7730cb9943f612f4909f68ac5284b5f40ac1c4615fd70576?s=96&d=mm&r=g","url":"https:\/\/secure.gravatar.com\/avatar\/120f6fcae7b3b47a7730cb9943f612f4909f68ac5284b5f40ac1c4615fd70576?s=96&d=mm&r=g","contentUrl":"https:\/\/secure.gravatar.com\/avatar\/120f6fcae7b3b47a7730cb9943f612f4909f68ac5284b5f40ac1c4615fd70576?s=96&d=mm&r=g","caption":"Giurca Sorin"},"url":"https:\/\/urbeamea.ro\/albaiulia\/author\/sorin\/"}]}},"_links":{"self":[{"href":"https:\/\/urbeamea.ro\/albaiulia\/wp-json\/wp\/v2\/posts\/116036","targetHints":{"allow":["GET"]}}],"collection":[{"href":"https:\/\/urbeamea.ro\/albaiulia\/wp-json\/wp\/v2\/posts"}],"about":[{"href":"https:\/\/urbeamea.ro\/albaiulia\/wp-json\/wp\/v2\/types\/post"}],"author":[{"embeddable":true,"href":"https:\/\/urbeamea.ro\/albaiulia\/wp-json\/wp\/v2\/users\/28"}],"replies":[{"embeddable":true,"href":"https:\/\/urbeamea.ro\/albaiulia\/wp-json\/wp\/v2\/comments?post=116036"}],"version-history":[{"count":1,"href":"https:\/\/urbeamea.ro\/albaiulia\/wp-json\/wp\/v2\/posts\/116036\/revisions"}],"predecessor-version":[{"id":116044,"href":"https:\/\/urbeamea.ro\/albaiulia\/wp-json\/wp\/v2\/posts\/116036\/revisions\/116044"}],"wp:featuredmedia":[{"embeddable":true,"href":"https:\/\/urbeamea.ro\/albaiulia\/wp-json\/wp\/v2\/media\/116037"}],"wp:attachment":[{"href":"https:\/\/urbeamea.ro\/albaiulia\/wp-json\/wp\/v2\/media?parent=116036"}],"wp:term":[{"taxonomy":"category","embeddable":true,"href":"https:\/\/urbeamea.ro\/albaiulia\/wp-json\/wp\/v2\/categories?post=116036"},{"taxonomy":"post_tag","embeddable":true,"href":"https:\/\/urbeamea.ro\/albaiulia\/wp-json\/wp\/v2\/tags?post=116036"}],"curies":[{"name":"wp","href":"https:\/\/api.w.org\/{rel}","templated":true}]}}