{"id":116046,"date":"2025-01-16T10:05:30","date_gmt":"2025-01-16T08:05:30","guid":{"rendered":"https:\/\/urbeamea.ro\/albaiulia\/?p=116046"},"modified":"2025-01-16T10:05:31","modified_gmt":"2025-01-16T08:05:31","slug":"stefan-bercu-elev-la-colegiul-militar-mihai-viteazul-din-alba-iulia-medalie-de-argint-la-concursul-national-de-fizica-astronomie-si-astrofizica-marian-dacian-bica","status":"publish","type":"post","link":"https:\/\/urbeamea.ro\/albaiulia\/stefan-bercu-elev-la-colegiul-militar-mihai-viteazul-din-alba-iulia-medalie-de-argint-la-concursul-national-de-fizica-astronomie-si-astrofizica-marian-dacian-bica\/","title":{"rendered":"\u0218tefan Bercu, elev la Colegiul Militar &#8222;Mihai Viteazul&#8221; din Alba Iulia, medalie de argint la Concursul Na\u021bional de Fizic\u0103, Astronomie \u0219i Astrofizic\u0103 &#8222;Marian Dacian Bica&#8221;"},"content":{"rendered":"\n<p><strong>Elevul frunta\u0219 \u0218tefan Bercu (clasa a X-a) a cucerit medalia de argint la Concursul Na\u021bional de Fizic\u0103, Astronomie \u015fi Astrofizic\u0103 \u201eMarin Dacian Bica\u201d, sec\u021biunea Astronomie \u015fi Astrofizic\u0103. <\/strong><\/p>\n\n\n\n<p>Dovedind \u00eenclina\u021bii spre \u0219tiin\u021bele reale, \u0218tefan s-a \u00eendreptat spre astronomie din curiozitatea de a \u00eenv\u0103\u021ba lucruri noi \u0219i din dorin\u021ba de a-\u0219i dezvolta imagina\u021bia \u0219i creativitatea. <\/p>\n\n\n\n<p>Distinc\u021bia ob\u021binut\u0103 la prima participare la un astfel de concurs reprezint\u0103 un \u00eendemn pentru aprofundarea preocup\u0103rilor elevului militar.<\/p>\n\n\n\n<p>\u201eSunt bucuros pentru ob\u021binerea acestei medalii la prima participare la un concurs pe teme de astronomie \u0219i astrofizic\u0103. <\/p>\n\n\n\n<p>Experien\u021ba acestui concurs a readus \u00een aten\u021bia mea o pasiune mai veche pentru domeniul astronomiei\u201d, a m\u0103rturisit elevul frunta\u0219 \u0218tefan Bercu, preg\u0103tit la disciplina fizic\u0103 de doamna profesoar\u0103 Laura Ciobanu.<\/p>\n\n\n\n<p>Concursul a fost inclus \u00een cadrul Taberei Na\u021bionale de Fizic\u0103, Astronomie \u015fi Astrofizic\u0103 \u201eMarin Dacian Bica\u201d, aflat\u0103 la cea de-a XI-a edi\u021bie. <\/p>\n\n\n\n<p>Desf\u0103\u0219urat\u0103 la \u00eenceputul lunii ianuarie la Vatra Dornei, tab\u0103ra a reunit elevi pasiona\u021bi de fizic\u0103 \u0219i de spa\u021biul cosmic din toat\u0103 \u021bara. <\/p>\n\n\n\n<p>Tab\u0103ra a fost organizat\u0103 de Inspectoratul \u0218colar Jude\u021bean Suceava, Universitatea \u201e\u0218tefan cel Mare\u201d din Suceava, Societatea \u015etiin\u0163ific\u0103 \u201eCygnus\u201d \u2013 centru UNESCO, \u00een parteneriat cu Liceul Teoretic \u201eIon Luca\u201d din Vatra Dornei, \u0218coala Gimnazial\u0103 \u201eGeorge Voevidca\u201d C\u00e2mpulung Moldovenesc \u0219i Colegiul Silvic \u201eBucovina\u201d din C\u00e2mpulung Moldovenesc.<\/p>\n\n\n\n<figure class=\"wp-block-image size-full\"><img loading=\"lazy\" decoding=\"async\" width=\"756\" height=\"960\" src=\"https:\/\/urbeamea.ro\/albaiulia\/wp-content\/uploads\/2025\/01\/1000024660.jpg\" alt=\"\" class=\"wp-image-116047\" srcset=\"https:\/\/urbeamea.ro\/albaiulia\/wp-content\/uploads\/2025\/01\/1000024660.jpg 756w, https:\/\/urbeamea.ro\/albaiulia\/wp-content\/uploads\/2025\/01\/1000024660-504x640.jpg 504w, https:\/\/urbeamea.ro\/albaiulia\/wp-content\/uploads\/2025\/01\/1000024660-118x150.jpg 118w\" sizes=\"auto, (max-width: 756px) 100vw, 756px\" \/><\/figure>\n","protected":false},"excerpt":{"rendered":"<p>Elevul frunta\u0219 \u0218tefan Bercu (clasa a X-a) a cucerit medalia de argint la Concursul Na\u021bional de Fizic\u0103, Astronomie \u015fi Astrofizic\u0103 \u201eMarin Dacian Bica\u201d, sec\u021biunea Astronomie \u015fi Astrofizic\u0103. Dovedind \u00eenclina\u021bii spre \u0219tiin\u021bele reale, \u0218tefan s-a \u00eendreptat spre astronomie din curiozitatea de a \u00eenv\u0103\u021ba lucruri noi \u0219i din dorin\u021ba de a-\u0219i dezvolta imagina\u021bia \u0219i creativitatea. Distinc\u021bia ob\u021binut\u0103 &hellip;<\/p>\n","protected":false},"author":28,"featured_media":116047,"comment_status":"open","ping_status":"open","sticky":false,"template":"","format":"standard","meta":{"inline_featured_image":false,"footnotes":""},"categories":[2039,2034,16344],"tags":[5443],"class_list":["post-116046","post","type-post","status-publish","format-standard","has-post-thumbnail","hentry","category-educatie","category-social","category-urbea-mea","tag-colegiul-nationa-militar-mihai-viteazul"],"yoast_head":"<!-- This site is optimized with the Yoast SEO plugin v27.4 - https:\/\/yoast.com\/product\/yoast-seo-wordpress\/ -->\n<title>\u0218tefan Bercu, elev la Colegiul Militar &quot;Mihai Viteazul&quot; din Alba Iulia, medalie de argint la Concursul Na\u021bional de Fizic\u0103, Astronomie \u0219i Astrofizic\u0103 &quot;Marian Dacian Bica&quot; - Revista Urbea Mea - Revista de Alba<\/title>\n<meta name=\"description\" content=\"Elevul frunta\u0219 \u0218tefan Bercu (clasa a X-a) a cucerit medalia de argint la Concursul Na\u021bional de Fizic\u0103, Astronomie \u015fi Astrofizic\u0103 \u201eMarin Dacian Bica\u201d,\" \/>\n<meta name=\"robots\" content=\"index, follow, max-snippet:-1, max-image-preview:large, max-video-preview:-1\" \/>\n<link rel=\"canonical\" href=\"https:\/\/urbeamea.ro\/albaiulia\/stefan-bercu-elev-la-colegiul-militar-mihai-viteazul-din-alba-iulia-medalie-de-argint-la-concursul-national-de-fizica-astronomie-si-astrofizica-marian-dacian-bica\/\" \/>\n<meta name=\"twitter:card\" content=\"summary_large_image\" \/>\n<meta name=\"twitter:title\" content=\"\u0218tefan Bercu, elev la Colegiul Militar &quot;Mihai Viteazul&quot; din Alba Iulia, medalie de argint la Concursul Na\u021bional de Fizic\u0103, Astronomie \u0219i Astrofizic\u0103 &quot;Marian Dacian Bica&quot; - Revista Urbea Mea - Revista de Alba\" \/>\n<meta name=\"twitter:description\" content=\"Elevul frunta\u0219 \u0218tefan Bercu (clasa a X-a) a cucerit medalia de argint la Concursul Na\u021bional de Fizic\u0103, Astronomie \u015fi Astrofizic\u0103 \u201eMarin Dacian Bica\u201d,\" \/>\n<meta name=\"twitter:image\" content=\"https:\/\/urbeamea.ro\/albaiulia\/wp-content\/uploads\/2025\/01\/1000024660.jpg\" \/>\n<meta name=\"twitter:creator\" content=\"@urbeameaweb\" \/>\n<meta name=\"twitter:site\" content=\"@urbeameaweb\" \/>\n<script type=\"application\/ld+json\" class=\"yoast-schema-graph\">{\"@context\":\"https:\\\/\\\/schema.org\",\"@graph\":[{\"@type\":\"Article\",\"@id\":\"https:\\\/\\\/urbeamea.ro\\\/albaiulia\\\/stefan-bercu-elev-la-colegiul-militar-mihai-viteazul-din-alba-iulia-medalie-de-argint-la-concursul-national-de-fizica-astronomie-si-astrofizica-marian-dacian-bica\\\/#article\",\"isPartOf\":{\"@id\":\"https:\\\/\\\/urbeamea.ro\\\/albaiulia\\\/stefan-bercu-elev-la-colegiul-militar-mihai-viteazul-din-alba-iulia-medalie-de-argint-la-concursul-national-de-fizica-astronomie-si-astrofizica-marian-dacian-bica\\\/\"},\"author\":{\"name\":\"Giurca Sorin\",\"@id\":\"https:\\\/\\\/urbeamea.ro\\\/albaiulia\\\/#\\\/schema\\\/person\\\/5db3854ac38c1cc9f0ab4092d6a20f02\"},\"headline\":\"\u0218tefan Bercu, elev la Colegiul Militar &#8222;Mihai Viteazul&#8221; din Alba Iulia, medalie de argint la Concursul Na\u021bional de Fizic\u0103, Astronomie \u0219i Astrofizic\u0103 &#8222;Marian Dacian Bica&#8221;\",\"datePublished\":\"2025-01-16T08:05:30+00:00\",\"dateModified\":\"2025-01-16T08:05:31+00:00\",\"mainEntityOfPage\":{\"@id\":\"https:\\\/\\\/urbeamea.ro\\\/albaiulia\\\/stefan-bercu-elev-la-colegiul-militar-mihai-viteazul-din-alba-iulia-medalie-de-argint-la-concursul-national-de-fizica-astronomie-si-astrofizica-marian-dacian-bica\\\/\"},\"wordCount\":259,\"commentCount\":0,\"image\":{\"@id\":\"https:\\\/\\\/urbeamea.ro\\\/albaiulia\\\/stefan-bercu-elev-la-colegiul-militar-mihai-viteazul-din-alba-iulia-medalie-de-argint-la-concursul-national-de-fizica-astronomie-si-astrofizica-marian-dacian-bica\\\/#primaryimage\"},\"thumbnailUrl\":\"https:\\\/\\\/urbeamea.ro\\\/albaiulia\\\/wp-content\\\/uploads\\\/2025\\\/01\\\/1000024660.jpg\",\"keywords\":[\"colegiul nationa militar mihai viteazul\"],\"articleSection\":[\"Educa\u021bie\",\"Social\",\"Urbea Mea\"],\"inLanguage\":\"ro-RO\",\"potentialAction\":[{\"@type\":\"CommentAction\",\"name\":\"Comment\",\"target\":[\"https:\\\/\\\/urbeamea.ro\\\/albaiulia\\\/stefan-bercu-elev-la-colegiul-militar-mihai-viteazul-din-alba-iulia-medalie-de-argint-la-concursul-national-de-fizica-astronomie-si-astrofizica-marian-dacian-bica\\\/#respond\"]}]},{\"@type\":\"WebPage\",\"@id\":\"https:\\\/\\\/urbeamea.ro\\\/albaiulia\\\/stefan-bercu-elev-la-colegiul-militar-mihai-viteazul-din-alba-iulia-medalie-de-argint-la-concursul-national-de-fizica-astronomie-si-astrofizica-marian-dacian-bica\\\/\",\"url\":\"https:\\\/\\\/urbeamea.ro\\\/albaiulia\\\/stefan-bercu-elev-la-colegiul-militar-mihai-viteazul-din-alba-iulia-medalie-de-argint-la-concursul-national-de-fizica-astronomie-si-astrofizica-marian-dacian-bica\\\/\",\"name\":\"\u0218tefan Bercu, elev la Colegiul Militar \\\"Mihai Viteazul\\\" din Alba Iulia, medalie de argint la Concursul Na\u021bional de Fizic\u0103, Astronomie \u0219i Astrofizic\u0103 \\\"Marian Dacian Bica\\\" - Revista Urbea Mea - Revista de Alba\",\"isPartOf\":{\"@id\":\"https:\\\/\\\/urbeamea.ro\\\/albaiulia\\\/#website\"},\"primaryImageOfPage\":{\"@id\":\"https:\\\/\\\/urbeamea.ro\\\/albaiulia\\\/stefan-bercu-elev-la-colegiul-militar-mihai-viteazul-din-alba-iulia-medalie-de-argint-la-concursul-national-de-fizica-astronomie-si-astrofizica-marian-dacian-bica\\\/#primaryimage\"},\"image\":{\"@id\":\"https:\\\/\\\/urbeamea.ro\\\/albaiulia\\\/stefan-bercu-elev-la-colegiul-militar-mihai-viteazul-din-alba-iulia-medalie-de-argint-la-concursul-national-de-fizica-astronomie-si-astrofizica-marian-dacian-bica\\\/#primaryimage\"},\"thumbnailUrl\":\"https:\\\/\\\/urbeamea.ro\\\/albaiulia\\\/wp-content\\\/uploads\\\/2025\\\/01\\\/1000024660.jpg\",\"datePublished\":\"2025-01-16T08:05:30+00:00\",\"dateModified\":\"2025-01-16T08:05:31+00:00\",\"author\":{\"@id\":\"https:\\\/\\\/urbeamea.ro\\\/albaiulia\\\/#\\\/schema\\\/person\\\/5db3854ac38c1cc9f0ab4092d6a20f02\"},\"description\":\"Elevul frunta\u0219 \u0218tefan Bercu (clasa a X-a) a cucerit medalia de argint la Concursul Na\u021bional de Fizic\u0103, Astronomie \u015fi Astrofizic\u0103 \u201eMarin Dacian Bica\u201d,\",\"breadcrumb\":{\"@id\":\"https:\\\/\\\/urbeamea.ro\\\/albaiulia\\\/stefan-bercu-elev-la-colegiul-militar-mihai-viteazul-din-alba-iulia-medalie-de-argint-la-concursul-national-de-fizica-astronomie-si-astrofizica-marian-dacian-bica\\\/#breadcrumb\"},\"inLanguage\":\"ro-RO\",\"potentialAction\":[{\"@type\":\"ReadAction\",\"target\":[\"https:\\\/\\\/urbeamea.ro\\\/albaiulia\\\/stefan-bercu-elev-la-colegiul-militar-mihai-viteazul-din-alba-iulia-medalie-de-argint-la-concursul-national-de-fizica-astronomie-si-astrofizica-marian-dacian-bica\\\/\"]}]},{\"@type\":\"ImageObject\",\"inLanguage\":\"ro-RO\",\"@id\":\"https:\\\/\\\/urbeamea.ro\\\/albaiulia\\\/stefan-bercu-elev-la-colegiul-militar-mihai-viteazul-din-alba-iulia-medalie-de-argint-la-concursul-national-de-fizica-astronomie-si-astrofizica-marian-dacian-bica\\\/#primaryimage\",\"url\":\"https:\\\/\\\/urbeamea.ro\\\/albaiulia\\\/wp-content\\\/uploads\\\/2025\\\/01\\\/1000024660.jpg\",\"contentUrl\":\"https:\\\/\\\/urbeamea.ro\\\/albaiulia\\\/wp-content\\\/uploads\\\/2025\\\/01\\\/1000024660.jpg\",\"width\":756,\"height\":960},{\"@type\":\"BreadcrumbList\",\"@id\":\"https:\\\/\\\/urbeamea.ro\\\/albaiulia\\\/stefan-bercu-elev-la-colegiul-militar-mihai-viteazul-din-alba-iulia-medalie-de-argint-la-concursul-national-de-fizica-astronomie-si-astrofizica-marian-dacian-bica\\\/#breadcrumb\",\"itemListElement\":[{\"@type\":\"ListItem\",\"position\":1,\"name\":\"Prima pagin\u0103\",\"item\":\"https:\\\/\\\/urbeamea.ro\\\/albaiulia\\\/\"},{\"@type\":\"ListItem\",\"position\":2,\"name\":\"\u0218tefan Bercu, elev la Colegiul Militar &#8222;Mihai Viteazul&#8221; din Alba Iulia, medalie de argint la Concursul Na\u021bional de Fizic\u0103, Astronomie \u0219i Astrofizic\u0103 &#8222;Marian Dacian Bica&#8221;\"}]},{\"@type\":\"WebSite\",\"@id\":\"https:\\\/\\\/urbeamea.ro\\\/albaiulia\\\/#website\",\"url\":\"https:\\\/\\\/urbeamea.ro\\\/albaiulia\\\/\",\"name\":\"Revista Urbea Mea, Stiri urbane\",\"description\":\"Evenimente \u0219i \u0219tiri din Alba Iulia, Sebe\u0219, Aiud, Blaj\",\"potentialAction\":[{\"@type\":\"SearchAction\",\"target\":{\"@type\":\"EntryPoint\",\"urlTemplate\":\"https:\\\/\\\/urbeamea.ro\\\/albaiulia\\\/?s={search_term_string}\"},\"query-input\":{\"@type\":\"PropertyValueSpecification\",\"valueRequired\":true,\"valueName\":\"search_term_string\"}}],\"inLanguage\":\"ro-RO\"},{\"@type\":\"Person\",\"@id\":\"https:\\\/\\\/urbeamea.ro\\\/albaiulia\\\/#\\\/schema\\\/person\\\/5db3854ac38c1cc9f0ab4092d6a20f02\",\"name\":\"Giurca Sorin\",\"image\":{\"@type\":\"ImageObject\",\"inLanguage\":\"ro-RO\",\"@id\":\"https:\\\/\\\/secure.gravatar.com\\\/avatar\\\/120f6fcae7b3b47a7730cb9943f612f4909f68ac5284b5f40ac1c4615fd70576?s=96&d=mm&r=g\",\"url\":\"https:\\\/\\\/secure.gravatar.com\\\/avatar\\\/120f6fcae7b3b47a7730cb9943f612f4909f68ac5284b5f40ac1c4615fd70576?s=96&d=mm&r=g\",\"contentUrl\":\"https:\\\/\\\/secure.gravatar.com\\\/avatar\\\/120f6fcae7b3b47a7730cb9943f612f4909f68ac5284b5f40ac1c4615fd70576?s=96&d=mm&r=g\",\"caption\":\"Giurca Sorin\"},\"url\":\"https:\\\/\\\/urbeamea.ro\\\/albaiulia\\\/author\\\/sorin\\\/\"}]}<\/script>\n<!-- \/ Yoast SEO plugin. -->","yoast_head_json":{"title":"\u0218tefan Bercu, elev la Colegiul Militar \"Mihai Viteazul\" din Alba Iulia, medalie de argint la Concursul Na\u021bional de Fizic\u0103, Astronomie \u0219i Astrofizic\u0103 \"Marian Dacian Bica\" - Revista Urbea Mea - Revista de Alba","description":"Elevul frunta\u0219 \u0218tefan Bercu (clasa a X-a) a cucerit medalia de argint la Concursul Na\u021bional de Fizic\u0103, Astronomie \u015fi Astrofizic\u0103 \u201eMarin Dacian Bica\u201d,","robots":{"index":"index","follow":"follow","max-snippet":"max-snippet:-1","max-image-preview":"max-image-preview:large","max-video-preview":"max-video-preview:-1"},"canonical":"https:\/\/urbeamea.ro\/albaiulia\/stefan-bercu-elev-la-colegiul-militar-mihai-viteazul-din-alba-iulia-medalie-de-argint-la-concursul-national-de-fizica-astronomie-si-astrofizica-marian-dacian-bica\/","twitter_card":"summary_large_image","twitter_title":"\u0218tefan Bercu, elev la Colegiul Militar \"Mihai Viteazul\" din Alba Iulia, medalie de argint la Concursul Na\u021bional de Fizic\u0103, Astronomie \u0219i Astrofizic\u0103 \"Marian Dacian Bica\" - Revista Urbea Mea - Revista de Alba","twitter_description":"Elevul frunta\u0219 \u0218tefan Bercu (clasa a X-a) a cucerit medalia de argint la Concursul Na\u021bional de Fizic\u0103, Astronomie \u015fi Astrofizic\u0103 \u201eMarin Dacian Bica\u201d,","twitter_image":"https:\/\/urbeamea.ro\/albaiulia\/wp-content\/uploads\/2025\/01\/1000024660.jpg","twitter_creator":"@urbeameaweb","twitter_site":"@urbeameaweb","schema":{"@context":"https:\/\/schema.org","@graph":[{"@type":"Article","@id":"https:\/\/urbeamea.ro\/albaiulia\/stefan-bercu-elev-la-colegiul-militar-mihai-viteazul-din-alba-iulia-medalie-de-argint-la-concursul-national-de-fizica-astronomie-si-astrofizica-marian-dacian-bica\/#article","isPartOf":{"@id":"https:\/\/urbeamea.ro\/albaiulia\/stefan-bercu-elev-la-colegiul-militar-mihai-viteazul-din-alba-iulia-medalie-de-argint-la-concursul-national-de-fizica-astronomie-si-astrofizica-marian-dacian-bica\/"},"author":{"name":"Giurca Sorin","@id":"https:\/\/urbeamea.ro\/albaiulia\/#\/schema\/person\/5db3854ac38c1cc9f0ab4092d6a20f02"},"headline":"\u0218tefan Bercu, elev la Colegiul Militar &#8222;Mihai Viteazul&#8221; din Alba Iulia, medalie de argint la Concursul Na\u021bional de Fizic\u0103, Astronomie \u0219i Astrofizic\u0103 &#8222;Marian Dacian Bica&#8221;","datePublished":"2025-01-16T08:05:30+00:00","dateModified":"2025-01-16T08:05:31+00:00","mainEntityOfPage":{"@id":"https:\/\/urbeamea.ro\/albaiulia\/stefan-bercu-elev-la-colegiul-militar-mihai-viteazul-din-alba-iulia-medalie-de-argint-la-concursul-national-de-fizica-astronomie-si-astrofizica-marian-dacian-bica\/"},"wordCount":259,"commentCount":0,"image":{"@id":"https:\/\/urbeamea.ro\/albaiulia\/stefan-bercu-elev-la-colegiul-militar-mihai-viteazul-din-alba-iulia-medalie-de-argint-la-concursul-national-de-fizica-astronomie-si-astrofizica-marian-dacian-bica\/#primaryimage"},"thumbnailUrl":"https:\/\/urbeamea.ro\/albaiulia\/wp-content\/uploads\/2025\/01\/1000024660.jpg","keywords":["colegiul nationa militar mihai viteazul"],"articleSection":["Educa\u021bie","Social","Urbea Mea"],"inLanguage":"ro-RO","potentialAction":[{"@type":"CommentAction","name":"Comment","target":["https:\/\/urbeamea.ro\/albaiulia\/stefan-bercu-elev-la-colegiul-militar-mihai-viteazul-din-alba-iulia-medalie-de-argint-la-concursul-national-de-fizica-astronomie-si-astrofizica-marian-dacian-bica\/#respond"]}]},{"@type":"WebPage","@id":"https:\/\/urbeamea.ro\/albaiulia\/stefan-bercu-elev-la-colegiul-militar-mihai-viteazul-din-alba-iulia-medalie-de-argint-la-concursul-national-de-fizica-astronomie-si-astrofizica-marian-dacian-bica\/","url":"https:\/\/urbeamea.ro\/albaiulia\/stefan-bercu-elev-la-colegiul-militar-mihai-viteazul-din-alba-iulia-medalie-de-argint-la-concursul-national-de-fizica-astronomie-si-astrofizica-marian-dacian-bica\/","name":"\u0218tefan Bercu, elev la Colegiul Militar \"Mihai Viteazul\" din Alba Iulia, medalie de argint la Concursul Na\u021bional de Fizic\u0103, Astronomie \u0219i Astrofizic\u0103 \"Marian Dacian Bica\" - Revista Urbea Mea - Revista de Alba","isPartOf":{"@id":"https:\/\/urbeamea.ro\/albaiulia\/#website"},"primaryImageOfPage":{"@id":"https:\/\/urbeamea.ro\/albaiulia\/stefan-bercu-elev-la-colegiul-militar-mihai-viteazul-din-alba-iulia-medalie-de-argint-la-concursul-national-de-fizica-astronomie-si-astrofizica-marian-dacian-bica\/#primaryimage"},"image":{"@id":"https:\/\/urbeamea.ro\/albaiulia\/stefan-bercu-elev-la-colegiul-militar-mihai-viteazul-din-alba-iulia-medalie-de-argint-la-concursul-national-de-fizica-astronomie-si-astrofizica-marian-dacian-bica\/#primaryimage"},"thumbnailUrl":"https:\/\/urbeamea.ro\/albaiulia\/wp-content\/uploads\/2025\/01\/1000024660.jpg","datePublished":"2025-01-16T08:05:30+00:00","dateModified":"2025-01-16T08:05:31+00:00","author":{"@id":"https:\/\/urbeamea.ro\/albaiulia\/#\/schema\/person\/5db3854ac38c1cc9f0ab4092d6a20f02"},"description":"Elevul frunta\u0219 \u0218tefan Bercu (clasa a X-a) a cucerit medalia de argint la Concursul Na\u021bional de Fizic\u0103, Astronomie \u015fi Astrofizic\u0103 \u201eMarin Dacian Bica\u201d,","breadcrumb":{"@id":"https:\/\/urbeamea.ro\/albaiulia\/stefan-bercu-elev-la-colegiul-militar-mihai-viteazul-din-alba-iulia-medalie-de-argint-la-concursul-national-de-fizica-astronomie-si-astrofizica-marian-dacian-bica\/#breadcrumb"},"inLanguage":"ro-RO","potentialAction":[{"@type":"ReadAction","target":["https:\/\/urbeamea.ro\/albaiulia\/stefan-bercu-elev-la-colegiul-militar-mihai-viteazul-din-alba-iulia-medalie-de-argint-la-concursul-national-de-fizica-astronomie-si-astrofizica-marian-dacian-bica\/"]}]},{"@type":"ImageObject","inLanguage":"ro-RO","@id":"https:\/\/urbeamea.ro\/albaiulia\/stefan-bercu-elev-la-colegiul-militar-mihai-viteazul-din-alba-iulia-medalie-de-argint-la-concursul-national-de-fizica-astronomie-si-astrofizica-marian-dacian-bica\/#primaryimage","url":"https:\/\/urbeamea.ro\/albaiulia\/wp-content\/uploads\/2025\/01\/1000024660.jpg","contentUrl":"https:\/\/urbeamea.ro\/albaiulia\/wp-content\/uploads\/2025\/01\/1000024660.jpg","width":756,"height":960},{"@type":"BreadcrumbList","@id":"https:\/\/urbeamea.ro\/albaiulia\/stefan-bercu-elev-la-colegiul-militar-mihai-viteazul-din-alba-iulia-medalie-de-argint-la-concursul-national-de-fizica-astronomie-si-astrofizica-marian-dacian-bica\/#breadcrumb","itemListElement":[{"@type":"ListItem","position":1,"name":"Prima pagin\u0103","item":"https:\/\/urbeamea.ro\/albaiulia\/"},{"@type":"ListItem","position":2,"name":"\u0218tefan Bercu, elev la Colegiul Militar &#8222;Mihai Viteazul&#8221; din Alba Iulia, medalie de argint la Concursul Na\u021bional de Fizic\u0103, Astronomie \u0219i Astrofizic\u0103 &#8222;Marian Dacian Bica&#8221;"}]},{"@type":"WebSite","@id":"https:\/\/urbeamea.ro\/albaiulia\/#website","url":"https:\/\/urbeamea.ro\/albaiulia\/","name":"Revista Urbea Mea, Stiri urbane","description":"Evenimente \u0219i \u0219tiri din Alba Iulia, Sebe\u0219, Aiud, Blaj","potentialAction":[{"@type":"SearchAction","target":{"@type":"EntryPoint","urlTemplate":"https:\/\/urbeamea.ro\/albaiulia\/?s={search_term_string}"},"query-input":{"@type":"PropertyValueSpecification","valueRequired":true,"valueName":"search_term_string"}}],"inLanguage":"ro-RO"},{"@type":"Person","@id":"https:\/\/urbeamea.ro\/albaiulia\/#\/schema\/person\/5db3854ac38c1cc9f0ab4092d6a20f02","name":"Giurca Sorin","image":{"@type":"ImageObject","inLanguage":"ro-RO","@id":"https:\/\/secure.gravatar.com\/avatar\/120f6fcae7b3b47a7730cb9943f612f4909f68ac5284b5f40ac1c4615fd70576?s=96&d=mm&r=g","url":"https:\/\/secure.gravatar.com\/avatar\/120f6fcae7b3b47a7730cb9943f612f4909f68ac5284b5f40ac1c4615fd70576?s=96&d=mm&r=g","contentUrl":"https:\/\/secure.gravatar.com\/avatar\/120f6fcae7b3b47a7730cb9943f612f4909f68ac5284b5f40ac1c4615fd70576?s=96&d=mm&r=g","caption":"Giurca Sorin"},"url":"https:\/\/urbeamea.ro\/albaiulia\/author\/sorin\/"}]}},"_links":{"self":[{"href":"https:\/\/urbeamea.ro\/albaiulia\/wp-json\/wp\/v2\/posts\/116046","targetHints":{"allow":["GET"]}}],"collection":[{"href":"https:\/\/urbeamea.ro\/albaiulia\/wp-json\/wp\/v2\/posts"}],"about":[{"href":"https:\/\/urbeamea.ro\/albaiulia\/wp-json\/wp\/v2\/types\/post"}],"author":[{"embeddable":true,"href":"https:\/\/urbeamea.ro\/albaiulia\/wp-json\/wp\/v2\/users\/28"}],"replies":[{"embeddable":true,"href":"https:\/\/urbeamea.ro\/albaiulia\/wp-json\/wp\/v2\/comments?post=116046"}],"version-history":[{"count":1,"href":"https:\/\/urbeamea.ro\/albaiulia\/wp-json\/wp\/v2\/posts\/116046\/revisions"}],"predecessor-version":[{"id":116048,"href":"https:\/\/urbeamea.ro\/albaiulia\/wp-json\/wp\/v2\/posts\/116046\/revisions\/116048"}],"wp:featuredmedia":[{"embeddable":true,"href":"https:\/\/urbeamea.ro\/albaiulia\/wp-json\/wp\/v2\/media\/116047"}],"wp:attachment":[{"href":"https:\/\/urbeamea.ro\/albaiulia\/wp-json\/wp\/v2\/media?parent=116046"}],"wp:term":[{"taxonomy":"category","embeddable":true,"href":"https:\/\/urbeamea.ro\/albaiulia\/wp-json\/wp\/v2\/categories?post=116046"},{"taxonomy":"post_tag","embeddable":true,"href":"https:\/\/urbeamea.ro\/albaiulia\/wp-json\/wp\/v2\/tags?post=116046"}],"curies":[{"name":"wp","href":"https:\/\/api.w.org\/{rel}","templated":true}]}}