{"id":116222,"date":"2025-02-04T16:53:18","date_gmt":"2025-02-04T14:53:18","guid":{"rendered":"https:\/\/urbeamea.ro\/albaiulia\/?p=116222"},"modified":"2025-02-04T16:53:19","modified_gmt":"2025-02-04T14:53:19","slug":"astazi-2230-fc-porto-volei-alba-blaj-in-mansa-tur-a-sferturilor-de-finala-ale-cupei-campionilor-europeni","status":"publish","type":"post","link":"https:\/\/urbeamea.ro\/albaiulia\/astazi-2230-fc-porto-volei-alba-blaj-in-mansa-tur-a-sferturilor-de-finala-ale-cupei-campionilor-europeni\/","title":{"rendered":"Ast\u0103zi, 22:30 FC Porto &#8211; Volei Alba Blaj, \u00een man\u0219a tur a sferturilor de final\u0103 ale Cupei Campionilor Europeni"},"content":{"rendered":"\n<p><strong>Vicecampioana Rom\u00e2niei, Volei Alba Blaj va \u00eent\u00e2lni mar\u021bi sear\u0103, cu \u00eencepere de la ora 22:30, \u00een deplasare, forma\u021bia FC Porto, \u00een man\u0219a tur a sferturilor de final\u0103 ale Cupei Campionilor Europeni la volei feminin.<\/strong><\/p>\n\n\n\n<p>Pentru a ajunge \u00een faza sferturilor de final\u0103, echipa din &#8222;Mica Rom\u0103&#8221; a trecut de forma\u021biile Rabotnicki Skopje, VK Prostejov \u0219i Avarca de Menorca.<\/p>\n\n\n\n<p>Echipa portughez\u0103 FC Porto ajuns \u00een Cupa CEV, din postura de ocupant\u0103 a locului 3 \u00eentr-o grup\u0103 a Ligii Campionilor.<\/p>\n\n\n\n<p>Porto a f\u0103cut doar cinci puncte \u00eentr-o grup\u0103 cu Vakifbank (15 puncte), Vero Volley (12 puncte) \u0219i Calcit Kamnik (zero puncte), \u00een ultimul meci \u00eenving\u00e2nd-o cu 3-2 \u00een deplasare pe Calcit (Slovenia).<\/p>\n\n\n\n<p>Porto este c\u00e2\u0219tig\u0103toarea ultimelor trei sezoane \u00een Portugalia, dar \u00een prezent ocup\u0103 locul 3 \u00een campionatul intern, liderul momentului fiind Sporting Lisabona.<\/p>\n\n\n\n<p>Dac\u0103 se va califica \u00een semifinale, Volei Alba Blaj va \u00eent\u00e2lni c\u00e2\u0219tig\u0103toarea partidei dintre Vasas \u00d3buda Budapesta (Ungaria) sau Moya Radomka Radom (Polonia).<\/p>\n\n\n\n<p>Man\u0219a retur va avea loc pe data de 20 februarie, \u00een &#8222;Alba Blaj Arena&#8221;.<\/p>\n\n\n\n<figure class=\"wp-block-image size-large\"><img loading=\"lazy\" decoding=\"async\" width=\"1024\" height=\"1280\" src=\"https:\/\/urbeamea.ro\/albaiulia\/wp-content\/uploads\/2025\/02\/1000028147-1024x1280.jpg\" alt=\"\" class=\"wp-image-116223\" srcset=\"https:\/\/urbeamea.ro\/albaiulia\/wp-content\/uploads\/2025\/02\/1000028147-1024x1280.jpg 1024w, https:\/\/urbeamea.ro\/albaiulia\/wp-content\/uploads\/2025\/02\/1000028147-512x640.jpg 512w, https:\/\/urbeamea.ro\/albaiulia\/wp-content\/uploads\/2025\/02\/1000028147-120x150.jpg 120w, https:\/\/urbeamea.ro\/albaiulia\/wp-content\/uploads\/2025\/02\/1000028147-768x960.jpg 768w, https:\/\/urbeamea.ro\/albaiulia\/wp-content\/uploads\/2025\/02\/1000028147.jpg 1080w\" sizes=\"auto, (max-width: 1024px) 100vw, 1024px\" \/><\/figure>\n\n\n\n<p><\/p>\n","protected":false},"excerpt":{"rendered":"<p>Vicecampioana Rom\u00e2niei, Volei Alba Blaj va \u00eent\u00e2lni mar\u021bi sear\u0103, cu \u00eencepere de la ora 22:30, \u00een deplasare, forma\u021bia FC Porto, \u00een man\u0219a tur a sferturilor de final\u0103 ale Cupei Campionilor Europeni la volei feminin. Pentru a ajunge \u00een faza sferturilor de final\u0103, echipa din &#8222;Mica Rom\u0103&#8221; a trecut de forma\u021biile Rabotnicki Skopje, VK Prostejov \u0219i &hellip;<\/p>\n","protected":false},"author":28,"featured_media":116223,"comment_status":"open","ping_status":"open","sticky":false,"template":"","format":"standard","meta":{"inline_featured_image":false,"footnotes":""},"categories":[2037],"tags":[24970],"class_list":["post-116222","post","type-post","status-publish","format-standard","has-post-thumbnail","hentry","category-sport","tag-volei-alba-blaj"],"yoast_head":"<!-- This site is optimized with the Yoast SEO plugin v27.4 - https:\/\/yoast.com\/product\/yoast-seo-wordpress\/ -->\n<title>Ast\u0103zi, 22:30 FC Porto - Volei Alba Blaj, \u00een man\u0219a tur a sferturilor de final\u0103 ale Cupei Campionilor Europeni - Revista Urbea Mea - Revista de Alba<\/title>\n<meta name=\"description\" content=\"Vicecampioana Rom\u00e2niei, Volei Alba Blaj va \u00eent\u00e2lni mar\u021bi sear\u0103, cu \u00eencepere de la ora 22:30, \u00een deplasare, forma\u021bia FC Porto, \u00een man\u0219a tur a sferturilor\" \/>\n<meta name=\"robots\" content=\"index, follow, max-snippet:-1, max-image-preview:large, max-video-preview:-1\" \/>\n<link rel=\"canonical\" href=\"https:\/\/urbeamea.ro\/albaiulia\/astazi-2230-fc-porto-volei-alba-blaj-in-mansa-tur-a-sferturilor-de-finala-ale-cupei-campionilor-europeni\/\" \/>\n<meta name=\"twitter:card\" content=\"summary_large_image\" \/>\n<meta name=\"twitter:title\" content=\"Ast\u0103zi, 22:30 FC Porto - Volei Alba Blaj, \u00een man\u0219a tur a sferturilor de final\u0103 ale Cupei Campionilor Europeni - Revista Urbea Mea - Revista de Alba\" \/>\n<meta name=\"twitter:description\" content=\"Vicecampioana Rom\u00e2niei, Volei Alba Blaj va \u00eent\u00e2lni mar\u021bi sear\u0103, cu \u00eencepere de la ora 22:30, \u00een deplasare, forma\u021bia FC Porto, \u00een man\u0219a tur a sferturilor\" \/>\n<meta name=\"twitter:image\" content=\"https:\/\/urbeamea.ro\/albaiulia\/wp-content\/uploads\/2025\/02\/1000028147.jpg\" \/>\n<meta name=\"twitter:creator\" content=\"@urbeameaweb\" \/>\n<meta name=\"twitter:site\" content=\"@urbeameaweb\" \/>\n<script type=\"application\/ld+json\" class=\"yoast-schema-graph\">{\"@context\":\"https:\\\/\\\/schema.org\",\"@graph\":[{\"@type\":\"Article\",\"@id\":\"https:\\\/\\\/urbeamea.ro\\\/albaiulia\\\/astazi-2230-fc-porto-volei-alba-blaj-in-mansa-tur-a-sferturilor-de-finala-ale-cupei-campionilor-europeni\\\/#article\",\"isPartOf\":{\"@id\":\"https:\\\/\\\/urbeamea.ro\\\/albaiulia\\\/astazi-2230-fc-porto-volei-alba-blaj-in-mansa-tur-a-sferturilor-de-finala-ale-cupei-campionilor-europeni\\\/\"},\"author\":{\"name\":\"Giurca Sorin\",\"@id\":\"https:\\\/\\\/urbeamea.ro\\\/albaiulia\\\/#\\\/schema\\\/person\\\/5db3854ac38c1cc9f0ab4092d6a20f02\"},\"headline\":\"Ast\u0103zi, 22:30 FC Porto &#8211; Volei Alba Blaj, \u00een man\u0219a tur a sferturilor de final\u0103 ale Cupei Campionilor Europeni\",\"datePublished\":\"2025-02-04T14:53:18+00:00\",\"dateModified\":\"2025-02-04T14:53:19+00:00\",\"mainEntityOfPage\":{\"@id\":\"https:\\\/\\\/urbeamea.ro\\\/albaiulia\\\/astazi-2230-fc-porto-volei-alba-blaj-in-mansa-tur-a-sferturilor-de-finala-ale-cupei-campionilor-europeni\\\/\"},\"wordCount\":197,\"commentCount\":0,\"image\":{\"@id\":\"https:\\\/\\\/urbeamea.ro\\\/albaiulia\\\/astazi-2230-fc-porto-volei-alba-blaj-in-mansa-tur-a-sferturilor-de-finala-ale-cupei-campionilor-europeni\\\/#primaryimage\"},\"thumbnailUrl\":\"https:\\\/\\\/urbeamea.ro\\\/albaiulia\\\/wp-content\\\/uploads\\\/2025\\\/02\\\/1000028147.jpg\",\"keywords\":[\"volei alba blaj\"],\"articleSection\":[\"Sport\"],\"inLanguage\":\"ro-RO\",\"potentialAction\":[{\"@type\":\"CommentAction\",\"name\":\"Comment\",\"target\":[\"https:\\\/\\\/urbeamea.ro\\\/albaiulia\\\/astazi-2230-fc-porto-volei-alba-blaj-in-mansa-tur-a-sferturilor-de-finala-ale-cupei-campionilor-europeni\\\/#respond\"]}]},{\"@type\":\"WebPage\",\"@id\":\"https:\\\/\\\/urbeamea.ro\\\/albaiulia\\\/astazi-2230-fc-porto-volei-alba-blaj-in-mansa-tur-a-sferturilor-de-finala-ale-cupei-campionilor-europeni\\\/\",\"url\":\"https:\\\/\\\/urbeamea.ro\\\/albaiulia\\\/astazi-2230-fc-porto-volei-alba-blaj-in-mansa-tur-a-sferturilor-de-finala-ale-cupei-campionilor-europeni\\\/\",\"name\":\"Ast\u0103zi, 22:30 FC Porto - Volei Alba Blaj, \u00een man\u0219a tur a sferturilor de final\u0103 ale Cupei Campionilor Europeni - Revista Urbea Mea - Revista de Alba\",\"isPartOf\":{\"@id\":\"https:\\\/\\\/urbeamea.ro\\\/albaiulia\\\/#website\"},\"primaryImageOfPage\":{\"@id\":\"https:\\\/\\\/urbeamea.ro\\\/albaiulia\\\/astazi-2230-fc-porto-volei-alba-blaj-in-mansa-tur-a-sferturilor-de-finala-ale-cupei-campionilor-europeni\\\/#primaryimage\"},\"image\":{\"@id\":\"https:\\\/\\\/urbeamea.ro\\\/albaiulia\\\/astazi-2230-fc-porto-volei-alba-blaj-in-mansa-tur-a-sferturilor-de-finala-ale-cupei-campionilor-europeni\\\/#primaryimage\"},\"thumbnailUrl\":\"https:\\\/\\\/urbeamea.ro\\\/albaiulia\\\/wp-content\\\/uploads\\\/2025\\\/02\\\/1000028147.jpg\",\"datePublished\":\"2025-02-04T14:53:18+00:00\",\"dateModified\":\"2025-02-04T14:53:19+00:00\",\"author\":{\"@id\":\"https:\\\/\\\/urbeamea.ro\\\/albaiulia\\\/#\\\/schema\\\/person\\\/5db3854ac38c1cc9f0ab4092d6a20f02\"},\"description\":\"Vicecampioana Rom\u00e2niei, Volei Alba Blaj va \u00eent\u00e2lni mar\u021bi sear\u0103, cu \u00eencepere de la ora 22:30, \u00een deplasare, forma\u021bia FC Porto, \u00een man\u0219a tur a sferturilor\",\"breadcrumb\":{\"@id\":\"https:\\\/\\\/urbeamea.ro\\\/albaiulia\\\/astazi-2230-fc-porto-volei-alba-blaj-in-mansa-tur-a-sferturilor-de-finala-ale-cupei-campionilor-europeni\\\/#breadcrumb\"},\"inLanguage\":\"ro-RO\",\"potentialAction\":[{\"@type\":\"ReadAction\",\"target\":[\"https:\\\/\\\/urbeamea.ro\\\/albaiulia\\\/astazi-2230-fc-porto-volei-alba-blaj-in-mansa-tur-a-sferturilor-de-finala-ale-cupei-campionilor-europeni\\\/\"]}]},{\"@type\":\"ImageObject\",\"inLanguage\":\"ro-RO\",\"@id\":\"https:\\\/\\\/urbeamea.ro\\\/albaiulia\\\/astazi-2230-fc-porto-volei-alba-blaj-in-mansa-tur-a-sferturilor-de-finala-ale-cupei-campionilor-europeni\\\/#primaryimage\",\"url\":\"https:\\\/\\\/urbeamea.ro\\\/albaiulia\\\/wp-content\\\/uploads\\\/2025\\\/02\\\/1000028147.jpg\",\"contentUrl\":\"https:\\\/\\\/urbeamea.ro\\\/albaiulia\\\/wp-content\\\/uploads\\\/2025\\\/02\\\/1000028147.jpg\",\"width\":1080,\"height\":1350},{\"@type\":\"BreadcrumbList\",\"@id\":\"https:\\\/\\\/urbeamea.ro\\\/albaiulia\\\/astazi-2230-fc-porto-volei-alba-blaj-in-mansa-tur-a-sferturilor-de-finala-ale-cupei-campionilor-europeni\\\/#breadcrumb\",\"itemListElement\":[{\"@type\":\"ListItem\",\"position\":1,\"name\":\"Prima pagin\u0103\",\"item\":\"https:\\\/\\\/urbeamea.ro\\\/albaiulia\\\/\"},{\"@type\":\"ListItem\",\"position\":2,\"name\":\"Ast\u0103zi, 22:30 FC Porto &#8211; Volei Alba Blaj, \u00een man\u0219a tur a sferturilor de final\u0103 ale Cupei Campionilor Europeni\"}]},{\"@type\":\"WebSite\",\"@id\":\"https:\\\/\\\/urbeamea.ro\\\/albaiulia\\\/#website\",\"url\":\"https:\\\/\\\/urbeamea.ro\\\/albaiulia\\\/\",\"name\":\"Revista Urbea Mea, Stiri urbane\",\"description\":\"Evenimente \u0219i \u0219tiri din Alba Iulia, Sebe\u0219, Aiud, Blaj\",\"potentialAction\":[{\"@type\":\"SearchAction\",\"target\":{\"@type\":\"EntryPoint\",\"urlTemplate\":\"https:\\\/\\\/urbeamea.ro\\\/albaiulia\\\/?s={search_term_string}\"},\"query-input\":{\"@type\":\"PropertyValueSpecification\",\"valueRequired\":true,\"valueName\":\"search_term_string\"}}],\"inLanguage\":\"ro-RO\"},{\"@type\":\"Person\",\"@id\":\"https:\\\/\\\/urbeamea.ro\\\/albaiulia\\\/#\\\/schema\\\/person\\\/5db3854ac38c1cc9f0ab4092d6a20f02\",\"name\":\"Giurca Sorin\",\"image\":{\"@type\":\"ImageObject\",\"inLanguage\":\"ro-RO\",\"@id\":\"https:\\\/\\\/secure.gravatar.com\\\/avatar\\\/120f6fcae7b3b47a7730cb9943f612f4909f68ac5284b5f40ac1c4615fd70576?s=96&d=mm&r=g\",\"url\":\"https:\\\/\\\/secure.gravatar.com\\\/avatar\\\/120f6fcae7b3b47a7730cb9943f612f4909f68ac5284b5f40ac1c4615fd70576?s=96&d=mm&r=g\",\"contentUrl\":\"https:\\\/\\\/secure.gravatar.com\\\/avatar\\\/120f6fcae7b3b47a7730cb9943f612f4909f68ac5284b5f40ac1c4615fd70576?s=96&d=mm&r=g\",\"caption\":\"Giurca Sorin\"},\"url\":\"https:\\\/\\\/urbeamea.ro\\\/albaiulia\\\/author\\\/sorin\\\/\"}]}<\/script>\n<!-- \/ Yoast SEO plugin. -->","yoast_head_json":{"title":"Ast\u0103zi, 22:30 FC Porto - Volei Alba Blaj, \u00een man\u0219a tur a sferturilor de final\u0103 ale Cupei Campionilor Europeni - Revista Urbea Mea - Revista de Alba","description":"Vicecampioana Rom\u00e2niei, Volei Alba Blaj va \u00eent\u00e2lni mar\u021bi sear\u0103, cu \u00eencepere de la ora 22:30, \u00een deplasare, forma\u021bia FC Porto, \u00een man\u0219a tur a sferturilor","robots":{"index":"index","follow":"follow","max-snippet":"max-snippet:-1","max-image-preview":"max-image-preview:large","max-video-preview":"max-video-preview:-1"},"canonical":"https:\/\/urbeamea.ro\/albaiulia\/astazi-2230-fc-porto-volei-alba-blaj-in-mansa-tur-a-sferturilor-de-finala-ale-cupei-campionilor-europeni\/","twitter_card":"summary_large_image","twitter_title":"Ast\u0103zi, 22:30 FC Porto - Volei Alba Blaj, \u00een man\u0219a tur a sferturilor de final\u0103 ale Cupei Campionilor Europeni - Revista Urbea Mea - Revista de Alba","twitter_description":"Vicecampioana Rom\u00e2niei, Volei Alba Blaj va \u00eent\u00e2lni mar\u021bi sear\u0103, cu \u00eencepere de la ora 22:30, \u00een deplasare, forma\u021bia FC Porto, \u00een man\u0219a tur a sferturilor","twitter_image":"https:\/\/urbeamea.ro\/albaiulia\/wp-content\/uploads\/2025\/02\/1000028147.jpg","twitter_creator":"@urbeameaweb","twitter_site":"@urbeameaweb","schema":{"@context":"https:\/\/schema.org","@graph":[{"@type":"Article","@id":"https:\/\/urbeamea.ro\/albaiulia\/astazi-2230-fc-porto-volei-alba-blaj-in-mansa-tur-a-sferturilor-de-finala-ale-cupei-campionilor-europeni\/#article","isPartOf":{"@id":"https:\/\/urbeamea.ro\/albaiulia\/astazi-2230-fc-porto-volei-alba-blaj-in-mansa-tur-a-sferturilor-de-finala-ale-cupei-campionilor-europeni\/"},"author":{"name":"Giurca Sorin","@id":"https:\/\/urbeamea.ro\/albaiulia\/#\/schema\/person\/5db3854ac38c1cc9f0ab4092d6a20f02"},"headline":"Ast\u0103zi, 22:30 FC Porto &#8211; Volei Alba Blaj, \u00een man\u0219a tur a sferturilor de final\u0103 ale Cupei Campionilor Europeni","datePublished":"2025-02-04T14:53:18+00:00","dateModified":"2025-02-04T14:53:19+00:00","mainEntityOfPage":{"@id":"https:\/\/urbeamea.ro\/albaiulia\/astazi-2230-fc-porto-volei-alba-blaj-in-mansa-tur-a-sferturilor-de-finala-ale-cupei-campionilor-europeni\/"},"wordCount":197,"commentCount":0,"image":{"@id":"https:\/\/urbeamea.ro\/albaiulia\/astazi-2230-fc-porto-volei-alba-blaj-in-mansa-tur-a-sferturilor-de-finala-ale-cupei-campionilor-europeni\/#primaryimage"},"thumbnailUrl":"https:\/\/urbeamea.ro\/albaiulia\/wp-content\/uploads\/2025\/02\/1000028147.jpg","keywords":["volei alba blaj"],"articleSection":["Sport"],"inLanguage":"ro-RO","potentialAction":[{"@type":"CommentAction","name":"Comment","target":["https:\/\/urbeamea.ro\/albaiulia\/astazi-2230-fc-porto-volei-alba-blaj-in-mansa-tur-a-sferturilor-de-finala-ale-cupei-campionilor-europeni\/#respond"]}]},{"@type":"WebPage","@id":"https:\/\/urbeamea.ro\/albaiulia\/astazi-2230-fc-porto-volei-alba-blaj-in-mansa-tur-a-sferturilor-de-finala-ale-cupei-campionilor-europeni\/","url":"https:\/\/urbeamea.ro\/albaiulia\/astazi-2230-fc-porto-volei-alba-blaj-in-mansa-tur-a-sferturilor-de-finala-ale-cupei-campionilor-europeni\/","name":"Ast\u0103zi, 22:30 FC Porto - Volei Alba Blaj, \u00een man\u0219a tur a sferturilor de final\u0103 ale Cupei Campionilor Europeni - Revista Urbea Mea - Revista de Alba","isPartOf":{"@id":"https:\/\/urbeamea.ro\/albaiulia\/#website"},"primaryImageOfPage":{"@id":"https:\/\/urbeamea.ro\/albaiulia\/astazi-2230-fc-porto-volei-alba-blaj-in-mansa-tur-a-sferturilor-de-finala-ale-cupei-campionilor-europeni\/#primaryimage"},"image":{"@id":"https:\/\/urbeamea.ro\/albaiulia\/astazi-2230-fc-porto-volei-alba-blaj-in-mansa-tur-a-sferturilor-de-finala-ale-cupei-campionilor-europeni\/#primaryimage"},"thumbnailUrl":"https:\/\/urbeamea.ro\/albaiulia\/wp-content\/uploads\/2025\/02\/1000028147.jpg","datePublished":"2025-02-04T14:53:18+00:00","dateModified":"2025-02-04T14:53:19+00:00","author":{"@id":"https:\/\/urbeamea.ro\/albaiulia\/#\/schema\/person\/5db3854ac38c1cc9f0ab4092d6a20f02"},"description":"Vicecampioana Rom\u00e2niei, Volei Alba Blaj va \u00eent\u00e2lni mar\u021bi sear\u0103, cu \u00eencepere de la ora 22:30, \u00een deplasare, forma\u021bia FC Porto, \u00een man\u0219a tur a sferturilor","breadcrumb":{"@id":"https:\/\/urbeamea.ro\/albaiulia\/astazi-2230-fc-porto-volei-alba-blaj-in-mansa-tur-a-sferturilor-de-finala-ale-cupei-campionilor-europeni\/#breadcrumb"},"inLanguage":"ro-RO","potentialAction":[{"@type":"ReadAction","target":["https:\/\/urbeamea.ro\/albaiulia\/astazi-2230-fc-porto-volei-alba-blaj-in-mansa-tur-a-sferturilor-de-finala-ale-cupei-campionilor-europeni\/"]}]},{"@type":"ImageObject","inLanguage":"ro-RO","@id":"https:\/\/urbeamea.ro\/albaiulia\/astazi-2230-fc-porto-volei-alba-blaj-in-mansa-tur-a-sferturilor-de-finala-ale-cupei-campionilor-europeni\/#primaryimage","url":"https:\/\/urbeamea.ro\/albaiulia\/wp-content\/uploads\/2025\/02\/1000028147.jpg","contentUrl":"https:\/\/urbeamea.ro\/albaiulia\/wp-content\/uploads\/2025\/02\/1000028147.jpg","width":1080,"height":1350},{"@type":"BreadcrumbList","@id":"https:\/\/urbeamea.ro\/albaiulia\/astazi-2230-fc-porto-volei-alba-blaj-in-mansa-tur-a-sferturilor-de-finala-ale-cupei-campionilor-europeni\/#breadcrumb","itemListElement":[{"@type":"ListItem","position":1,"name":"Prima pagin\u0103","item":"https:\/\/urbeamea.ro\/albaiulia\/"},{"@type":"ListItem","position":2,"name":"Ast\u0103zi, 22:30 FC Porto &#8211; Volei Alba Blaj, \u00een man\u0219a tur a sferturilor de final\u0103 ale Cupei Campionilor Europeni"}]},{"@type":"WebSite","@id":"https:\/\/urbeamea.ro\/albaiulia\/#website","url":"https:\/\/urbeamea.ro\/albaiulia\/","name":"Revista Urbea Mea, Stiri urbane","description":"Evenimente \u0219i \u0219tiri din Alba Iulia, Sebe\u0219, Aiud, Blaj","potentialAction":[{"@type":"SearchAction","target":{"@type":"EntryPoint","urlTemplate":"https:\/\/urbeamea.ro\/albaiulia\/?s={search_term_string}"},"query-input":{"@type":"PropertyValueSpecification","valueRequired":true,"valueName":"search_term_string"}}],"inLanguage":"ro-RO"},{"@type":"Person","@id":"https:\/\/urbeamea.ro\/albaiulia\/#\/schema\/person\/5db3854ac38c1cc9f0ab4092d6a20f02","name":"Giurca Sorin","image":{"@type":"ImageObject","inLanguage":"ro-RO","@id":"https:\/\/secure.gravatar.com\/avatar\/120f6fcae7b3b47a7730cb9943f612f4909f68ac5284b5f40ac1c4615fd70576?s=96&d=mm&r=g","url":"https:\/\/secure.gravatar.com\/avatar\/120f6fcae7b3b47a7730cb9943f612f4909f68ac5284b5f40ac1c4615fd70576?s=96&d=mm&r=g","contentUrl":"https:\/\/secure.gravatar.com\/avatar\/120f6fcae7b3b47a7730cb9943f612f4909f68ac5284b5f40ac1c4615fd70576?s=96&d=mm&r=g","caption":"Giurca Sorin"},"url":"https:\/\/urbeamea.ro\/albaiulia\/author\/sorin\/"}]}},"_links":{"self":[{"href":"https:\/\/urbeamea.ro\/albaiulia\/wp-json\/wp\/v2\/posts\/116222","targetHints":{"allow":["GET"]}}],"collection":[{"href":"https:\/\/urbeamea.ro\/albaiulia\/wp-json\/wp\/v2\/posts"}],"about":[{"href":"https:\/\/urbeamea.ro\/albaiulia\/wp-json\/wp\/v2\/types\/post"}],"author":[{"embeddable":true,"href":"https:\/\/urbeamea.ro\/albaiulia\/wp-json\/wp\/v2\/users\/28"}],"replies":[{"embeddable":true,"href":"https:\/\/urbeamea.ro\/albaiulia\/wp-json\/wp\/v2\/comments?post=116222"}],"version-history":[{"count":1,"href":"https:\/\/urbeamea.ro\/albaiulia\/wp-json\/wp\/v2\/posts\/116222\/revisions"}],"predecessor-version":[{"id":116224,"href":"https:\/\/urbeamea.ro\/albaiulia\/wp-json\/wp\/v2\/posts\/116222\/revisions\/116224"}],"wp:featuredmedia":[{"embeddable":true,"href":"https:\/\/urbeamea.ro\/albaiulia\/wp-json\/wp\/v2\/media\/116223"}],"wp:attachment":[{"href":"https:\/\/urbeamea.ro\/albaiulia\/wp-json\/wp\/v2\/media?parent=116222"}],"wp:term":[{"taxonomy":"category","embeddable":true,"href":"https:\/\/urbeamea.ro\/albaiulia\/wp-json\/wp\/v2\/categories?post=116222"},{"taxonomy":"post_tag","embeddable":true,"href":"https:\/\/urbeamea.ro\/albaiulia\/wp-json\/wp\/v2\/tags?post=116222"}],"curies":[{"name":"wp","href":"https:\/\/api.w.org\/{rel}","templated":true}]}}