{"id":116226,"date":"2025-02-04T21:35:40","date_gmt":"2025-02-04T19:35:40","guid":{"rendered":"https:\/\/urbeamea.ro\/albaiulia\/?p=116226"},"modified":"2025-02-04T21:35:42","modified_gmt":"2025-02-04T19:35:42","slug":"doi-sfinti-originari-din-judetul-alba-canonizati-de-biserica-ortodoxa-romana","status":"publish","type":"post","link":"https:\/\/urbeamea.ro\/albaiulia\/doi-sfinti-originari-din-judetul-alba-canonizati-de-biserica-ortodoxa-romana\/","title":{"rendered":"Doi sfin\u021bi originari din jude\u021bul Alba, canoniza\u021bi de Biserica Ortodox\u0103 Rom\u00e2n\u0103"},"content":{"rendered":"\n<p><strong>Doi sfin\u021bi originari din jude\u021bul Alba, au fost mar\u021bi, canoniza\u021bi de c\u0103tre Biserica Ortodox\u0103 Rom\u00e2n\u0103.<\/strong><\/p>\n\n\n\n<p>Este vorba despre Sf\u00e2ntul Cuvios Dometie cel Milostiv de la R\u00e2me\u021b \u0219i arhimandritul Serafim Popescu.<\/p>\n\n\n\n<p>Mar\u021bi, 4 februarie 2025, s-au \u00eemplinit 100 de ani de la aprobarea actului de \u00eenfiin\u021bare a Patriarhiei Rom\u00e2ne de c\u0103tre Sf\u00e2ntul Sinod al Bisericii Ortodoxe Rom\u00e2ne. <\/p>\n\n\n\n<p>Acest popas istoric a fost marcat \u00een mod solemn la Catedrala Patriarhal\u0103 din Bucure\u0219ti, \u00een diminea\u021ba zilei de Centenar. \u00cencep\u00e2nd cu ora 9.00, Preafericitul P\u0103rinte Daniel, Patriarhul Bisericii Ortodoxe Rom\u00e2ne, a oficiat Dumnezeiasca Liturghie a Sf\u00e2ntului Ioan Gur\u0103 de Aur, \u00eenconjurat de ierarhii Sf\u00e2ntului Sinod al Bisericii Ortodoxe Rom\u00e2ne, \u00een prezen\u021ba membrilor Adun\u0103rii Na\u021bionale Biserice\u0219ti.<\/p>\n\n\n\n<p> Din soborul arhiereilor a f\u0103cut parte \u0219i \u00cenaltpreasfin\u021bitul P\u0103rinte Irineu, Arhiepiscop al Alba Iuliei, \u00cent\u00e2ist\u0103t\u0103torul Eparhiei noastre particip\u00e2nd, \u00een aceste zile, la evenimentele organizate la Bucure\u0219ti cu ocazia Centenarului Patriarhiei Rom\u00e2ne.\u00cen continuare, dup\u0103 Sf\u00e2nta Liturghie, a avut loc proclamarea general\u0103 a canoniz\u0103rii celor 16 sfin\u021bi duhovnici \u0219i m\u0103rturisitori din secolul al XX-lea. <\/p>\n\n\n\n<p>Ceremonia a fost oficiat\u0103 de c\u0103tre P\u0103rintele Patriarh Daniel, \u00eenconjurat de ierarhii Sf\u00e2ntului Sinod. \u00cen r\u00e2ndul celor 16 personalit\u0103\u021bi duhovnice\u0219ti trecute \u00een r\u00e2ndul sfin\u021bilor se afl\u0103 Arhimandritul Dometie Manolache, duhovnic al M\u0103n\u0103stirii R\u00e2me\u021b, cu titulatura: \u201eSf\u00e2ntul Cuvios Dometie cel Milostiv de la R\u00e2me\u021b\u201d (cu cinstire \u00een ziua de 6 iulie), \u0219i Arhimandritul Serafim Popescu, originar din localitatea Totoi, jude\u021bul Alba, cu titulatura: \u201eSf\u00e2ntul Cuvios Serafim cel R\u0103bd\u0103tor de la S\u00e2mb\u0103ta de Sus\u201d (cu cinstire \u00een data de 20 decembrie). <\/p>\n\n\n\n<p>Episcopul-vicar patriarhal Varlaam Ploie\u0219teanul a dat citire Tomosului Sinodal de canonizare, dup\u0103 care P\u0103rintele Patriarh Daniel a subliniat \u00eensemn\u0103tatea acestui moment istoric.<\/p>\n\n\n\n<p>\u00cen continuare, \u00cenaltpreasfin\u021bitul P\u0103rinte Iosif, Arhiepiscopul Ortodox Rom\u00e2n al Europei Occidentale \u0219i Mitropolitul Ortodox Rom\u00e2n al Europei Occidentale \u0219i Meridionale, a oficiat slujba de Te-Deum pentru Centenarul Patriarhiei Rom\u00e2ne \u0219i pentru \u00eenceputul lucr\u0103rilor Sf\u00e2ntului Sinod \u0219i ale Adun\u0103rii Na\u021bionale Biserice\u0219ti. <\/p>\n\n\n\n<p>La aceast\u0103 ceremonie au luat parte Preafericitul P\u0103rinte Daniel, Patriarhul Bisericii Ortodoxe Rom\u00e2ne, ierarhii Sf\u00e2ntului Sinod, al\u0103turi de care s-a aflat \u0219i \u00cenaltpreasfin\u021bitul P\u0103rinte Irineu, Arhiepiscop al Alba Iuliei, \u0219i membrii Adun\u0103rii Na\u021bionale Biserice\u0219ti. <\/p>\n\n\n\n<p>Seria evenimentelor dedicate acestui moment istoric vor continua \u0219i \u00een dup\u0103-amiaza acestei zile, prin \u0219edin\u021ba solemn\u0103 a Sf\u00e2ntului Sinod \u0219i a Adun\u0103rii Na\u021bionale Biserice\u0219ti dedicat\u0103 Centenarului Patriarhiei Rom\u00e2ne.<\/p>\n\n\n\n<p>\ud835\uddd4\ud835\uddff\ud835\uddf5\ud835\uddf6\ud835\uddfa\ud835\uddee\ud835\uddfb\ud835\uddf1\ud835\uddff\ud835\uddf6\ud835\ude01\ud835\uddf6\ud835\uddf6 \ud835\uddd7\ud835\uddfc\ud835\uddfa\ud835\uddf2\ud835\ude01\ud835\uddf6\ud835\uddf2 \ud835\udde0\ud835\uddee\ud835\uddfb\ud835\uddfc\ud835\uddf9\ud835\uddee\ud835\uddf0\ud835\uddf5\ud835\uddf2 \ud835\ude00i \ud835\udde6\ud835\uddf2\ud835\uddff\ud835\uddee\ud835\uddf3\ud835\uddf6\ud835\uddfa \ud835\udde3\ud835\uddfc\ud835\uddfd\ud835\uddf2\ud835\ude00\ud835\uddf0\ud835\ude02, \ud835\uddf0\ud835\uddee\ud835\uddfb\ud835\uddfc\ud835\uddfb\ud835\uddf6\ud835\ude07\ud835\uddee\ud835\ude01\ud835\uddf6 \ud835\uddf1\ud835\uddf2 \ud835\uddf0\ud835\uddee\ud835\ude01\ud835\uddff\ud835\uddf2 \ud835\uddd5\ud835\uddf6\ud835\ude00\ud835\uddf2\ud835\uddff\ud835\uddf6\ud835\uddf0\ud835\uddee \ud835\udde2\ud835\uddff\ud835\ude01\ud835\uddfc\ud835\uddf1\ud835\uddfc\ud835\ude05\ud835\uddee \ud835\udde5\ud835\uddfc\ud835\uddfa\ud835\uddee\ud835\uddfb\ud835\uddee<\/p>\n\n\n\n<p>P\u0103rintele Dometie Manolache, unul dintre marii p\u0103rin\u021bi duhovnice\u0219ti ai secolului XX, s-a n\u0103scut la data de 15 octombrie 1924, fiind originar din jude\u021bul Buz\u0103u. <\/p>\n\n\n\n<p>\u00cen anul 1945, a absolvit Seminarul Teologic Ortodox din Buz\u0103u ca \u0219ef de promo\u021bie, urm\u00e2nd apoi cursurile Institutului Teologic din Bucure\u0219ti, pe care le absolv\u0103 patru ani mai t\u00e2rziu.<\/p>\n\n\n\n<p> Voca\u0163ia deosebit\u0103 pentru via\u0163a monahal\u0103 \u00eel determin\u0103 s\u0103 se \u00eenchinovieze la M\u0103n\u0103stirea Prislop, \u00een iulie 1949, av\u00e2ndu-l ca na\u0219 de c\u0103lug\u0103rie pe P\u0103rintele Serafim Popescu. P\u0103rintele Dometie a ajuns la M\u0103n\u0103stirea R\u00e2me\u021b \u00een prim\u0103vara anului 1959, av\u00e2nd ca scop re\u00eenflorirea vie\u021buirii monahale de aici \u0219i \u00eent\u0103rirea Ortodoxiei rom\u00e2ne\u0219ti. <\/p>\n\n\n\n<p>A trecut la cele ve\u0219nice \u00eentr-o zi de duminic\u0103, la data de 6 iulie 1975, fiind numit de c\u0103tre P\u0103rintele Dumitru St\u0103niloae drept \u201eun erou al credin\u0163ei, un suflet de mare sfin\u0163enie \u015fi puritate\u201d.<\/p>\n\n\n\n<p>Arhimandritul Serafim Popescu s-a n\u0103scut \u00een anul 1912, fiind originar din localitatea Totoi, jude\u021bul Alba. Dup\u0103 terminarea cursurilor primare \u0219i liceale urmate \u00een localitatea natal\u0103 \u0219i la Alba Iulia, s-a \u00eenscris la Academia Teologic\u0103 \u201eAndreian\u0103\u201d din Sibiu, pe care a absolvit-o \u00een anul 1936.<\/p>\n\n\n\n<p> Pentru completarea studiilor teologice, s-a \u00eenscris apoi la Facultatea de Teologie din Cern\u0103u\u021bi. Dup\u0103 o scurt\u0103 perioad\u0103 petrecut\u0103 \u00een Grecia, P\u0103rintele Serafim s-a \u00eentors \u00een \u021bar\u0103, la M\u0103n\u0103stirea Br\u00e2ncoveanu de la S\u00e2mb\u0103ta de Sus, unde a fost tuns \u00een monahism, \u00een aprilie 1941. <\/p>\n\n\n\n<p>\u00centre anii 1944-1954, a fost stare\u021bul \u0219i duhovnicul acestui a\u0219ez\u0103m\u00e2nt monahal, timp \u00een care a fost colaborator al publica\u021biilor Arhiepiscopiei Sibiului, cu scopul \u00eendrum\u0103rii duhovnice\u0219ti a credincio\u0219ilor dreptsl\u0103vitori. P\u0103rintele Serafim Popescu a trecut la cele ve\u0219nice \u00een anul 1990.<\/p>\n\n\n\n<p>Al\u0103turi de Arhimandri\u021bii Dometie Manolache \u0219i Serafim Popescu, au mai fost canoniza\u021bi:- P\u0103rintele Arhimandrit Sofian Boghiu, stare\u021bul M\u0103n\u0103stirii Antim din Bucure\u0219ti, cu titulatura: \u201eSf\u00e2ntul Cuvios M\u0103rturisitor Sofian de la Antim\u201d (cu cinstire \u00een ziua de 16 septembrie);- P\u0103rintele Dumitru St\u0103niloae, profesor de teologie la Sibiu \u0219i la Bucure\u0219ti, cu titulatura: \u201eSf\u00e2ntul Preot M\u0103rturisitor Dumitru St\u0103niloae\u201d (cu cinstire \u00een ziua de 4 octombrie);- P\u0103rintele Constantin S\u00e2rbu, cu titulatura: \u201eSf\u00e2ntul Preot Mucenic Constantin S\u00e2rbu\u201d (cu cinstire \u00een ziua de 23 octombrie);- P\u0103rintele Protosinghel Arsenie Boca, cu titulatura: \u201eSf\u00e2ntul Cuvios M\u0103rturisitor Arsenie de la Prislop\u201d (cu cinstire \u00een ziua de 28 noiembrie);- P\u0103rintele Ilie L\u0103c\u0103tu\u0219u, cu titulatura: \u201eSf\u00e2ntul Preot M\u0103rturisitor Ilie L\u0103c\u0103tu\u0219u\u201d (cu cinstire \u00een ziua de 22 iulie);- P\u0103rintele Ieroschimonah Paisie Olaru, duhovnicul M\u0103n\u0103stirii Sih\u0103stria, cu titulatura: \u201eSf\u00e2ntul Cuvios Paisie de la Sih\u0103stria\u201d (cu cinstire \u00een ziua de 2 decembrie);- P\u0103rintele Arhimandrit Cleopa Ilie, stare\u021bul M\u0103n\u0103stirii Sih\u0103stria, cu titulatura: \u201eSf\u00e2ntul Cuvios Cleopa de la Sih\u0103stria\u201d (cu cinstire \u00een ziua de 2 decembrie);- P\u0103rintele Liviu Galaction Munteanu, profesor de teologie la Cluj-Napoca, cu titulatura: \u201eSf\u00e2ntul Preot Mucenic Liviu Galaction de la Cluj\u201d (cu cinstire \u00een ziua de 8 martie);- P\u0103rintele Arhimandrit Gherasim Iscu, stare\u021bul M\u0103n\u0103stirii Tismana, cu titulatura: \u201eSf\u00e2ntul Cuvios Mucenic Gherasim de la Tismana\u201d (cu cinstire \u00een ziua de 26 decembrie);- P\u0103rintele Arhimandrit Visarion Toia, stare\u021bul M\u0103n\u0103stirii Lainici, cu titulatura: \u201eSf\u00e2ntul Cuvios Mucenic Visarion de la Lainici\u201d (cu cinstire \u00een ziua de 10 noiembrie);- P\u0103rintele Protosinghel Calistrat Bobu, duhovnic la M\u0103n\u0103stirea Timi\u0219eni \u0219i la M\u0103n\u0103stirea Vasiova, cu titulatura: \u201eSf\u00e2ntul Cuvios Calistrat de la Timi\u0219eni \u0219i Vasiova\u201d (cu cinstire \u00een ziua de 10 mai);- P\u0103rintele Ilarion Felea, profesor de teologie la Arad, cu titulatura: \u201eSf\u00e2ntul Preot Mucenic Ilarion Felea\u201d (cu cinstire \u00een ziua de 18 septembrie);- P\u0103rintele Protosinghel Iraclie Flocea, exarh al m\u0103n\u0103stirilor din Arhiepiscopia Chi\u0219in\u0103ului, cu titulatura: \u201eSf\u00e2ntul Cuvios Iraclie din Basarabia\u201d (cu cinstire \u00een ziua de 3 august);- P\u0103rintele Protoiereu Alexandru Baltag\u0103 cu titulatura: \u201eSf\u00e2ntul Preot Mucenic Alexandru din Basarabia\u201d (cu cinstire \u00een ziua de 8 august).<\/p>\n\n\n\n<figure class=\"wp-block-gallery has-nested-images columns-default is-cropped wp-block-gallery-1 is-layout-flex wp-block-gallery-is-layout-flex\">\n<figure class=\"wp-block-image size-large\"><img loading=\"lazy\" decoding=\"async\" width=\"1080\" height=\"720\" data-id=\"116227\" src=\"https:\/\/urbeamea.ro\/albaiulia\/wp-content\/uploads\/2025\/02\/1000028154.jpg\" alt=\"\" class=\"wp-image-116227\" srcset=\"https:\/\/urbeamea.ro\/albaiulia\/wp-content\/uploads\/2025\/02\/1000028154.jpg 1080w, https:\/\/urbeamea.ro\/albaiulia\/wp-content\/uploads\/2025\/02\/1000028154-640x427.jpg 640w, https:\/\/urbeamea.ro\/albaiulia\/wp-content\/uploads\/2025\/02\/1000028154-150x100.jpg 150w, https:\/\/urbeamea.ro\/albaiulia\/wp-content\/uploads\/2025\/02\/1000028154-768x512.jpg 768w\" sizes=\"auto, (max-width: 1080px) 100vw, 1080px\" \/><\/figure>\n\n\n\n<figure class=\"wp-block-image size-large\"><img loading=\"lazy\" decoding=\"async\" width=\"1080\" height=\"720\" data-id=\"116228\" src=\"https:\/\/urbeamea.ro\/albaiulia\/wp-content\/uploads\/2025\/02\/1000028155.jpg\" alt=\"\" class=\"wp-image-116228\" srcset=\"https:\/\/urbeamea.ro\/albaiulia\/wp-content\/uploads\/2025\/02\/1000028155.jpg 1080w, https:\/\/urbeamea.ro\/albaiulia\/wp-content\/uploads\/2025\/02\/1000028155-640x427.jpg 640w, https:\/\/urbeamea.ro\/albaiulia\/wp-content\/uploads\/2025\/02\/1000028155-150x100.jpg 150w, https:\/\/urbeamea.ro\/albaiulia\/wp-content\/uploads\/2025\/02\/1000028155-768x512.jpg 768w\" sizes=\"auto, (max-width: 1080px) 100vw, 1080px\" \/><\/figure>\n\n\n\n<figure class=\"wp-block-image size-large\"><img loading=\"lazy\" decoding=\"async\" width=\"1080\" height=\"721\" data-id=\"116229\" src=\"https:\/\/urbeamea.ro\/albaiulia\/wp-content\/uploads\/2025\/02\/1000028158.jpg\" alt=\"\" class=\"wp-image-116229\" srcset=\"https:\/\/urbeamea.ro\/albaiulia\/wp-content\/uploads\/2025\/02\/1000028158.jpg 1080w, https:\/\/urbeamea.ro\/albaiulia\/wp-content\/uploads\/2025\/02\/1000028158-640x427.jpg 640w, https:\/\/urbeamea.ro\/albaiulia\/wp-content\/uploads\/2025\/02\/1000028158-150x100.jpg 150w, https:\/\/urbeamea.ro\/albaiulia\/wp-content\/uploads\/2025\/02\/1000028158-768x513.jpg 768w\" sizes=\"auto, (max-width: 1080px) 100vw, 1080px\" \/><\/figure>\n\n\n\n<figure class=\"wp-block-image size-large\"><img loading=\"lazy\" decoding=\"async\" width=\"1080\" height=\"720\" data-id=\"116230\" src=\"https:\/\/urbeamea.ro\/albaiulia\/wp-content\/uploads\/2025\/02\/1000028157.jpg\" alt=\"\" class=\"wp-image-116230\" srcset=\"https:\/\/urbeamea.ro\/albaiulia\/wp-content\/uploads\/2025\/02\/1000028157.jpg 1080w, https:\/\/urbeamea.ro\/albaiulia\/wp-content\/uploads\/2025\/02\/1000028157-640x427.jpg 640w, https:\/\/urbeamea.ro\/albaiulia\/wp-content\/uploads\/2025\/02\/1000028157-150x100.jpg 150w, https:\/\/urbeamea.ro\/albaiulia\/wp-content\/uploads\/2025\/02\/1000028157-768x512.jpg 768w\" sizes=\"auto, (max-width: 1080px) 100vw, 1080px\" \/><\/figure>\n\n\n\n<figure class=\"wp-block-image size-large\"><img loading=\"lazy\" decoding=\"async\" width=\"1080\" height=\"720\" data-id=\"116231\" src=\"https:\/\/urbeamea.ro\/albaiulia\/wp-content\/uploads\/2025\/02\/1000028156.jpg\" alt=\"\" class=\"wp-image-116231\" srcset=\"https:\/\/urbeamea.ro\/albaiulia\/wp-content\/uploads\/2025\/02\/1000028156.jpg 1080w, https:\/\/urbeamea.ro\/albaiulia\/wp-content\/uploads\/2025\/02\/1000028156-640x427.jpg 640w, https:\/\/urbeamea.ro\/albaiulia\/wp-content\/uploads\/2025\/02\/1000028156-150x100.jpg 150w, https:\/\/urbeamea.ro\/albaiulia\/wp-content\/uploads\/2025\/02\/1000028156-768x512.jpg 768w\" sizes=\"auto, (max-width: 1080px) 100vw, 1080px\" \/><\/figure>\n<\/figure>\n","protected":false},"excerpt":{"rendered":"<p>Doi sfin\u021bi originari din jude\u021bul Alba, au fost mar\u021bi, canoniza\u021bi de c\u0103tre Biserica Ortodox\u0103 Rom\u00e2n\u0103. Este vorba despre Sf\u00e2ntul Cuvios Dometie cel Milostiv de la R\u00e2me\u021b \u0219i arhimandritul Serafim Popescu. Mar\u021bi, 4 februarie 2025, s-au \u00eemplinit 100 de ani de la aprobarea actului de \u00eenfiin\u021bare a Patriarhiei Rom\u00e2ne de c\u0103tre Sf\u00e2ntul Sinod al Bisericii Ortodoxe &hellip;<\/p>\n","protected":false},"author":28,"featured_media":116230,"comment_status":"open","ping_status":"open","sticky":false,"template":"","format":"standard","meta":{"inline_featured_image":false,"footnotes":""},"categories":[1],"tags":[],"class_list":["post-116226","post","type-post","status-publish","format-standard","has-post-thumbnail","hentry","category-stiri-urbane"],"yoast_head":"<!-- This site is optimized with the Yoast SEO plugin v27.4 - https:\/\/yoast.com\/product\/yoast-seo-wordpress\/ -->\n<title>Doi sfin\u021bi originari din jude\u021bul Alba, canoniza\u021bi de Biserica Ortodox\u0103 Rom\u00e2n\u0103 - Revista Urbea Mea - Revista de Alba<\/title>\n<meta name=\"description\" content=\"Doi sfin\u021bi originari din jude\u021bul Alba, au fost mar\u021bi, canoniza\u021bi de c\u0103tre Biserica Ortodox\u0103 Rom\u00e2n\u0103. Este vorba despre Sf\u00e2ntul Cuvios Dometie cel Milostiv\" \/>\n<meta name=\"robots\" content=\"index, follow, max-snippet:-1, max-image-preview:large, max-video-preview:-1\" \/>\n<link rel=\"canonical\" href=\"https:\/\/urbeamea.ro\/albaiulia\/doi-sfinti-originari-din-judetul-alba-canonizati-de-biserica-ortodoxa-romana\/\" \/>\n<meta name=\"twitter:card\" content=\"summary_large_image\" \/>\n<meta name=\"twitter:title\" content=\"Doi sfin\u021bi originari din jude\u021bul Alba, canoniza\u021bi de Biserica Ortodox\u0103 Rom\u00e2n\u0103 - Revista Urbea Mea - Revista de Alba\" \/>\n<meta name=\"twitter:description\" content=\"Doi sfin\u021bi originari din jude\u021bul Alba, au fost mar\u021bi, canoniza\u021bi de c\u0103tre Biserica Ortodox\u0103 Rom\u00e2n\u0103. Este vorba despre Sf\u00e2ntul Cuvios Dometie cel Milostiv\" \/>\n<meta name=\"twitter:image\" content=\"https:\/\/urbeamea.ro\/albaiulia\/wp-content\/uploads\/2025\/02\/1000028157.jpg\" \/>\n<meta name=\"twitter:creator\" content=\"@urbeameaweb\" \/>\n<meta name=\"twitter:site\" content=\"@urbeameaweb\" \/>\n<script type=\"application\/ld+json\" class=\"yoast-schema-graph\">{\"@context\":\"https:\\\/\\\/schema.org\",\"@graph\":[{\"@type\":\"Article\",\"@id\":\"https:\\\/\\\/urbeamea.ro\\\/albaiulia\\\/doi-sfinti-originari-din-judetul-alba-canonizati-de-biserica-ortodoxa-romana\\\/#article\",\"isPartOf\":{\"@id\":\"https:\\\/\\\/urbeamea.ro\\\/albaiulia\\\/doi-sfinti-originari-din-judetul-alba-canonizati-de-biserica-ortodoxa-romana\\\/\"},\"author\":{\"name\":\"Giurca Sorin\",\"@id\":\"https:\\\/\\\/urbeamea.ro\\\/albaiulia\\\/#\\\/schema\\\/person\\\/5db3854ac38c1cc9f0ab4092d6a20f02\"},\"headline\":\"Doi sfin\u021bi originari din jude\u021bul Alba, canoniza\u021bi de Biserica Ortodox\u0103 Rom\u00e2n\u0103\",\"datePublished\":\"2025-02-04T19:35:40+00:00\",\"dateModified\":\"2025-02-04T19:35:42+00:00\",\"mainEntityOfPage\":{\"@id\":\"https:\\\/\\\/urbeamea.ro\\\/albaiulia\\\/doi-sfinti-originari-din-judetul-alba-canonizati-de-biserica-ortodoxa-romana\\\/\"},\"wordCount\":1171,\"commentCount\":0,\"image\":{\"@id\":\"https:\\\/\\\/urbeamea.ro\\\/albaiulia\\\/doi-sfinti-originari-din-judetul-alba-canonizati-de-biserica-ortodoxa-romana\\\/#primaryimage\"},\"thumbnailUrl\":\"https:\\\/\\\/urbeamea.ro\\\/albaiulia\\\/wp-content\\\/uploads\\\/2025\\\/02\\\/1000028157.jpg\",\"articleSection\":[\"\u015etiri Urbane\"],\"inLanguage\":\"ro-RO\",\"potentialAction\":[{\"@type\":\"CommentAction\",\"name\":\"Comment\",\"target\":[\"https:\\\/\\\/urbeamea.ro\\\/albaiulia\\\/doi-sfinti-originari-din-judetul-alba-canonizati-de-biserica-ortodoxa-romana\\\/#respond\"]}]},{\"@type\":\"WebPage\",\"@id\":\"https:\\\/\\\/urbeamea.ro\\\/albaiulia\\\/doi-sfinti-originari-din-judetul-alba-canonizati-de-biserica-ortodoxa-romana\\\/\",\"url\":\"https:\\\/\\\/urbeamea.ro\\\/albaiulia\\\/doi-sfinti-originari-din-judetul-alba-canonizati-de-biserica-ortodoxa-romana\\\/\",\"name\":\"Doi sfin\u021bi originari din jude\u021bul Alba, canoniza\u021bi de Biserica Ortodox\u0103 Rom\u00e2n\u0103 - Revista Urbea Mea - Revista de Alba\",\"isPartOf\":{\"@id\":\"https:\\\/\\\/urbeamea.ro\\\/albaiulia\\\/#website\"},\"primaryImageOfPage\":{\"@id\":\"https:\\\/\\\/urbeamea.ro\\\/albaiulia\\\/doi-sfinti-originari-din-judetul-alba-canonizati-de-biserica-ortodoxa-romana\\\/#primaryimage\"},\"image\":{\"@id\":\"https:\\\/\\\/urbeamea.ro\\\/albaiulia\\\/doi-sfinti-originari-din-judetul-alba-canonizati-de-biserica-ortodoxa-romana\\\/#primaryimage\"},\"thumbnailUrl\":\"https:\\\/\\\/urbeamea.ro\\\/albaiulia\\\/wp-content\\\/uploads\\\/2025\\\/02\\\/1000028157.jpg\",\"datePublished\":\"2025-02-04T19:35:40+00:00\",\"dateModified\":\"2025-02-04T19:35:42+00:00\",\"author\":{\"@id\":\"https:\\\/\\\/urbeamea.ro\\\/albaiulia\\\/#\\\/schema\\\/person\\\/5db3854ac38c1cc9f0ab4092d6a20f02\"},\"description\":\"Doi sfin\u021bi originari din jude\u021bul Alba, au fost mar\u021bi, canoniza\u021bi de c\u0103tre Biserica Ortodox\u0103 Rom\u00e2n\u0103. Este vorba despre Sf\u00e2ntul Cuvios Dometie cel Milostiv\",\"breadcrumb\":{\"@id\":\"https:\\\/\\\/urbeamea.ro\\\/albaiulia\\\/doi-sfinti-originari-din-judetul-alba-canonizati-de-biserica-ortodoxa-romana\\\/#breadcrumb\"},\"inLanguage\":\"ro-RO\",\"potentialAction\":[{\"@type\":\"ReadAction\",\"target\":[\"https:\\\/\\\/urbeamea.ro\\\/albaiulia\\\/doi-sfinti-originari-din-judetul-alba-canonizati-de-biserica-ortodoxa-romana\\\/\"]}]},{\"@type\":\"ImageObject\",\"inLanguage\":\"ro-RO\",\"@id\":\"https:\\\/\\\/urbeamea.ro\\\/albaiulia\\\/doi-sfinti-originari-din-judetul-alba-canonizati-de-biserica-ortodoxa-romana\\\/#primaryimage\",\"url\":\"https:\\\/\\\/urbeamea.ro\\\/albaiulia\\\/wp-content\\\/uploads\\\/2025\\\/02\\\/1000028157.jpg\",\"contentUrl\":\"https:\\\/\\\/urbeamea.ro\\\/albaiulia\\\/wp-content\\\/uploads\\\/2025\\\/02\\\/1000028157.jpg\",\"width\":1080,\"height\":720},{\"@type\":\"BreadcrumbList\",\"@id\":\"https:\\\/\\\/urbeamea.ro\\\/albaiulia\\\/doi-sfinti-originari-din-judetul-alba-canonizati-de-biserica-ortodoxa-romana\\\/#breadcrumb\",\"itemListElement\":[{\"@type\":\"ListItem\",\"position\":1,\"name\":\"Prima pagin\u0103\",\"item\":\"https:\\\/\\\/urbeamea.ro\\\/albaiulia\\\/\"},{\"@type\":\"ListItem\",\"position\":2,\"name\":\"Doi sfin\u021bi originari din jude\u021bul Alba, canoniza\u021bi de Biserica Ortodox\u0103 Rom\u00e2n\u0103\"}]},{\"@type\":\"WebSite\",\"@id\":\"https:\\\/\\\/urbeamea.ro\\\/albaiulia\\\/#website\",\"url\":\"https:\\\/\\\/urbeamea.ro\\\/albaiulia\\\/\",\"name\":\"Revista Urbea Mea, Stiri urbane\",\"description\":\"Evenimente \u0219i \u0219tiri din Alba Iulia, Sebe\u0219, Aiud, Blaj\",\"potentialAction\":[{\"@type\":\"SearchAction\",\"target\":{\"@type\":\"EntryPoint\",\"urlTemplate\":\"https:\\\/\\\/urbeamea.ro\\\/albaiulia\\\/?s={search_term_string}\"},\"query-input\":{\"@type\":\"PropertyValueSpecification\",\"valueRequired\":true,\"valueName\":\"search_term_string\"}}],\"inLanguage\":\"ro-RO\"},{\"@type\":\"Person\",\"@id\":\"https:\\\/\\\/urbeamea.ro\\\/albaiulia\\\/#\\\/schema\\\/person\\\/5db3854ac38c1cc9f0ab4092d6a20f02\",\"name\":\"Giurca Sorin\",\"image\":{\"@type\":\"ImageObject\",\"inLanguage\":\"ro-RO\",\"@id\":\"https:\\\/\\\/secure.gravatar.com\\\/avatar\\\/120f6fcae7b3b47a7730cb9943f612f4909f68ac5284b5f40ac1c4615fd70576?s=96&d=mm&r=g\",\"url\":\"https:\\\/\\\/secure.gravatar.com\\\/avatar\\\/120f6fcae7b3b47a7730cb9943f612f4909f68ac5284b5f40ac1c4615fd70576?s=96&d=mm&r=g\",\"contentUrl\":\"https:\\\/\\\/secure.gravatar.com\\\/avatar\\\/120f6fcae7b3b47a7730cb9943f612f4909f68ac5284b5f40ac1c4615fd70576?s=96&d=mm&r=g\",\"caption\":\"Giurca Sorin\"},\"url\":\"https:\\\/\\\/urbeamea.ro\\\/albaiulia\\\/author\\\/sorin\\\/\"}]}<\/script>\n<!-- \/ Yoast SEO plugin. -->","yoast_head_json":{"title":"Doi sfin\u021bi originari din jude\u021bul Alba, canoniza\u021bi de Biserica Ortodox\u0103 Rom\u00e2n\u0103 - Revista Urbea Mea - Revista de Alba","description":"Doi sfin\u021bi originari din jude\u021bul Alba, au fost mar\u021bi, canoniza\u021bi de c\u0103tre Biserica Ortodox\u0103 Rom\u00e2n\u0103. Este vorba despre Sf\u00e2ntul Cuvios Dometie cel Milostiv","robots":{"index":"index","follow":"follow","max-snippet":"max-snippet:-1","max-image-preview":"max-image-preview:large","max-video-preview":"max-video-preview:-1"},"canonical":"https:\/\/urbeamea.ro\/albaiulia\/doi-sfinti-originari-din-judetul-alba-canonizati-de-biserica-ortodoxa-romana\/","twitter_card":"summary_large_image","twitter_title":"Doi sfin\u021bi originari din jude\u021bul Alba, canoniza\u021bi de Biserica Ortodox\u0103 Rom\u00e2n\u0103 - Revista Urbea Mea - Revista de Alba","twitter_description":"Doi sfin\u021bi originari din jude\u021bul Alba, au fost mar\u021bi, canoniza\u021bi de c\u0103tre Biserica Ortodox\u0103 Rom\u00e2n\u0103. Este vorba despre Sf\u00e2ntul Cuvios Dometie cel Milostiv","twitter_image":"https:\/\/urbeamea.ro\/albaiulia\/wp-content\/uploads\/2025\/02\/1000028157.jpg","twitter_creator":"@urbeameaweb","twitter_site":"@urbeameaweb","schema":{"@context":"https:\/\/schema.org","@graph":[{"@type":"Article","@id":"https:\/\/urbeamea.ro\/albaiulia\/doi-sfinti-originari-din-judetul-alba-canonizati-de-biserica-ortodoxa-romana\/#article","isPartOf":{"@id":"https:\/\/urbeamea.ro\/albaiulia\/doi-sfinti-originari-din-judetul-alba-canonizati-de-biserica-ortodoxa-romana\/"},"author":{"name":"Giurca Sorin","@id":"https:\/\/urbeamea.ro\/albaiulia\/#\/schema\/person\/5db3854ac38c1cc9f0ab4092d6a20f02"},"headline":"Doi sfin\u021bi originari din jude\u021bul Alba, canoniza\u021bi de Biserica Ortodox\u0103 Rom\u00e2n\u0103","datePublished":"2025-02-04T19:35:40+00:00","dateModified":"2025-02-04T19:35:42+00:00","mainEntityOfPage":{"@id":"https:\/\/urbeamea.ro\/albaiulia\/doi-sfinti-originari-din-judetul-alba-canonizati-de-biserica-ortodoxa-romana\/"},"wordCount":1171,"commentCount":0,"image":{"@id":"https:\/\/urbeamea.ro\/albaiulia\/doi-sfinti-originari-din-judetul-alba-canonizati-de-biserica-ortodoxa-romana\/#primaryimage"},"thumbnailUrl":"https:\/\/urbeamea.ro\/albaiulia\/wp-content\/uploads\/2025\/02\/1000028157.jpg","articleSection":["\u015etiri Urbane"],"inLanguage":"ro-RO","potentialAction":[{"@type":"CommentAction","name":"Comment","target":["https:\/\/urbeamea.ro\/albaiulia\/doi-sfinti-originari-din-judetul-alba-canonizati-de-biserica-ortodoxa-romana\/#respond"]}]},{"@type":"WebPage","@id":"https:\/\/urbeamea.ro\/albaiulia\/doi-sfinti-originari-din-judetul-alba-canonizati-de-biserica-ortodoxa-romana\/","url":"https:\/\/urbeamea.ro\/albaiulia\/doi-sfinti-originari-din-judetul-alba-canonizati-de-biserica-ortodoxa-romana\/","name":"Doi sfin\u021bi originari din jude\u021bul Alba, canoniza\u021bi de Biserica Ortodox\u0103 Rom\u00e2n\u0103 - Revista Urbea Mea - Revista de Alba","isPartOf":{"@id":"https:\/\/urbeamea.ro\/albaiulia\/#website"},"primaryImageOfPage":{"@id":"https:\/\/urbeamea.ro\/albaiulia\/doi-sfinti-originari-din-judetul-alba-canonizati-de-biserica-ortodoxa-romana\/#primaryimage"},"image":{"@id":"https:\/\/urbeamea.ro\/albaiulia\/doi-sfinti-originari-din-judetul-alba-canonizati-de-biserica-ortodoxa-romana\/#primaryimage"},"thumbnailUrl":"https:\/\/urbeamea.ro\/albaiulia\/wp-content\/uploads\/2025\/02\/1000028157.jpg","datePublished":"2025-02-04T19:35:40+00:00","dateModified":"2025-02-04T19:35:42+00:00","author":{"@id":"https:\/\/urbeamea.ro\/albaiulia\/#\/schema\/person\/5db3854ac38c1cc9f0ab4092d6a20f02"},"description":"Doi sfin\u021bi originari din jude\u021bul Alba, au fost mar\u021bi, canoniza\u021bi de c\u0103tre Biserica Ortodox\u0103 Rom\u00e2n\u0103. Este vorba despre Sf\u00e2ntul Cuvios Dometie cel Milostiv","breadcrumb":{"@id":"https:\/\/urbeamea.ro\/albaiulia\/doi-sfinti-originari-din-judetul-alba-canonizati-de-biserica-ortodoxa-romana\/#breadcrumb"},"inLanguage":"ro-RO","potentialAction":[{"@type":"ReadAction","target":["https:\/\/urbeamea.ro\/albaiulia\/doi-sfinti-originari-din-judetul-alba-canonizati-de-biserica-ortodoxa-romana\/"]}]},{"@type":"ImageObject","inLanguage":"ro-RO","@id":"https:\/\/urbeamea.ro\/albaiulia\/doi-sfinti-originari-din-judetul-alba-canonizati-de-biserica-ortodoxa-romana\/#primaryimage","url":"https:\/\/urbeamea.ro\/albaiulia\/wp-content\/uploads\/2025\/02\/1000028157.jpg","contentUrl":"https:\/\/urbeamea.ro\/albaiulia\/wp-content\/uploads\/2025\/02\/1000028157.jpg","width":1080,"height":720},{"@type":"BreadcrumbList","@id":"https:\/\/urbeamea.ro\/albaiulia\/doi-sfinti-originari-din-judetul-alba-canonizati-de-biserica-ortodoxa-romana\/#breadcrumb","itemListElement":[{"@type":"ListItem","position":1,"name":"Prima pagin\u0103","item":"https:\/\/urbeamea.ro\/albaiulia\/"},{"@type":"ListItem","position":2,"name":"Doi sfin\u021bi originari din jude\u021bul Alba, canoniza\u021bi de Biserica Ortodox\u0103 Rom\u00e2n\u0103"}]},{"@type":"WebSite","@id":"https:\/\/urbeamea.ro\/albaiulia\/#website","url":"https:\/\/urbeamea.ro\/albaiulia\/","name":"Revista Urbea Mea, Stiri urbane","description":"Evenimente \u0219i \u0219tiri din Alba Iulia, Sebe\u0219, Aiud, Blaj","potentialAction":[{"@type":"SearchAction","target":{"@type":"EntryPoint","urlTemplate":"https:\/\/urbeamea.ro\/albaiulia\/?s={search_term_string}"},"query-input":{"@type":"PropertyValueSpecification","valueRequired":true,"valueName":"search_term_string"}}],"inLanguage":"ro-RO"},{"@type":"Person","@id":"https:\/\/urbeamea.ro\/albaiulia\/#\/schema\/person\/5db3854ac38c1cc9f0ab4092d6a20f02","name":"Giurca Sorin","image":{"@type":"ImageObject","inLanguage":"ro-RO","@id":"https:\/\/secure.gravatar.com\/avatar\/120f6fcae7b3b47a7730cb9943f612f4909f68ac5284b5f40ac1c4615fd70576?s=96&d=mm&r=g","url":"https:\/\/secure.gravatar.com\/avatar\/120f6fcae7b3b47a7730cb9943f612f4909f68ac5284b5f40ac1c4615fd70576?s=96&d=mm&r=g","contentUrl":"https:\/\/secure.gravatar.com\/avatar\/120f6fcae7b3b47a7730cb9943f612f4909f68ac5284b5f40ac1c4615fd70576?s=96&d=mm&r=g","caption":"Giurca Sorin"},"url":"https:\/\/urbeamea.ro\/albaiulia\/author\/sorin\/"}]}},"_links":{"self":[{"href":"https:\/\/urbeamea.ro\/albaiulia\/wp-json\/wp\/v2\/posts\/116226","targetHints":{"allow":["GET"]}}],"collection":[{"href":"https:\/\/urbeamea.ro\/albaiulia\/wp-json\/wp\/v2\/posts"}],"about":[{"href":"https:\/\/urbeamea.ro\/albaiulia\/wp-json\/wp\/v2\/types\/post"}],"author":[{"embeddable":true,"href":"https:\/\/urbeamea.ro\/albaiulia\/wp-json\/wp\/v2\/users\/28"}],"replies":[{"embeddable":true,"href":"https:\/\/urbeamea.ro\/albaiulia\/wp-json\/wp\/v2\/comments?post=116226"}],"version-history":[{"count":1,"href":"https:\/\/urbeamea.ro\/albaiulia\/wp-json\/wp\/v2\/posts\/116226\/revisions"}],"predecessor-version":[{"id":116232,"href":"https:\/\/urbeamea.ro\/albaiulia\/wp-json\/wp\/v2\/posts\/116226\/revisions\/116232"}],"wp:featuredmedia":[{"embeddable":true,"href":"https:\/\/urbeamea.ro\/albaiulia\/wp-json\/wp\/v2\/media\/116230"}],"wp:attachment":[{"href":"https:\/\/urbeamea.ro\/albaiulia\/wp-json\/wp\/v2\/media?parent=116226"}],"wp:term":[{"taxonomy":"category","embeddable":true,"href":"https:\/\/urbeamea.ro\/albaiulia\/wp-json\/wp\/v2\/categories?post=116226"},{"taxonomy":"post_tag","embeddable":true,"href":"https:\/\/urbeamea.ro\/albaiulia\/wp-json\/wp\/v2\/tags?post=116226"}],"curies":[{"name":"wp","href":"https:\/\/api.w.org\/{rel}","templated":true}]}}