{"id":116249,"date":"2025-02-05T17:17:38","date_gmt":"2025-02-05T15:17:38","guid":{"rendered":"https:\/\/urbeamea.ro\/albaiulia\/?p=116249"},"modified":"2025-02-05T17:17:40","modified_gmt":"2025-02-05T15:17:40","slug":"peste-16-milioane-de-euro-investiti-in-valorificaea-potentialului-turistic-montan-al-judetului-sibiu","status":"publish","type":"post","link":"https:\/\/urbeamea.ro\/albaiulia\/peste-16-milioane-de-euro-investiti-in-valorificaea-potentialului-turistic-montan-al-judetului-sibiu\/","title":{"rendered":"Peste 1,6 milioane de euro investi\u021bi \u00een valorificaea poten\u021bialului turistic montan al jude\u021bului Sibiu"},"content":{"rendered":"\n<h3 class=\"wp-block-heading\"><strong><em>Primul contract de finan\u021bare a industriei turismului prin Programul \u201eRegiunea Centru\u201d a fost semnat<\/em><\/strong><\/h3>\n\n\n\n<p><strong>Ultimii ani sunt marca\u021bi de o cre\u0219tere a turismului \u00een natur\u0103, cu predilec\u021bie a drume\u021biilor. Zona montan\u0103 este tot mai c\u0103utat\u0103, iar necesitatea diversific\u0103rii activit\u0103\u021bilor \u0219i cre\u0219terea siguran\u021bei turi\u0219tilor este un obiectiv a c\u0103rui oportunitate de realizare a fost identificat\u0103 de Consiliului Jude\u021bean Sibiu, \u00een parteneriat cu comunele R\u0103\u0219inari, C\u00e2r\u021bi\u0219oara \u0219i Sadu, \u00een cadrul Programului \u201eRegiunea Centru\u201d 2021 \u2013 2027.<\/strong><\/p>\n\n\n\n<p>Contractul de finan\u021bare al proiectului <strong><em>\u201eProtejarea \u0219i valorificarea, \u00een scop turistic, a patrimoniului natural \u0219i cre\u0219terea siguran\u021bei turi\u0219tilor \u00een zona mun\u021bilor Cindrel, Lotru \u0219i F\u0103g\u0103ra\u0219, jude\u021bul Sibiu\u201d<\/em><\/strong> este primul semnat \u00een cadrul Priorit\u0103\u021bii 7 \u2013 O Regiune cu turism sustenabil, Ac\u021biunea 7.1 \u2013 Dezvoltarea durabil\u0103 a comunit\u0103\u021bilor rurale prin punerea \u00een valoare a poten\u021bialului lor turistic natural \u0219i cultural, Interven\u021bia 7.1.2&nbsp; \u2013 Interven\u021bii destinate protej\u0103rii \u0219i valorific\u0103rii \u00een scop turistic a patrimoniului natural \u0219i a resurselor balneare.<\/p>\n\n\n\n<p>Valoarea total\u0103 a proiectului este de 10. 416.296,60 lei (respectiv peste 2,08 milioane euro) din care valoarea finan\u021b\u0103rii nerambursabile alocat\u0103 prin Programul \u201eRegiunea Centru\u201d este de 8.067.193,02 lei (respectiv peste 1,61 milioane euro), reprezent\u00e2nd 85% din valoarea total\u0103.<\/p>\n\n\n\n<p>\u00cen cele 30 de luni de implementare, p\u00e2n\u0103 \u00een luna decembrie 2026, \u00een cadrul proiectului se vor realiza trei obiective astfel: Un punct de belvedere \u0219i de observa\u021bie avi-faunistic\u0103 \u00een zona V\u00e2rfului B\u0103tr\u00e2na, pe traseul de drume\u021bie P\u0103ltini\u0219 \u2013 Poiana G\u0103ujoara \u2013 \u0218aua B\u0103tr\u00e2na (comuna R\u0103\u0219inari); Construirea unui refugiu turistic \u0219i a unui punct de belvedere \u00een Mun\u021bii Lotru \u2013 V\u00e2rful Prejba, \u00eentr-un sit Natura 2000 (comuna Sadu), unde traseele de drume\u021bie au fost reabilitate recent prin programul CJ Sibiu \u201eAnii Drume\u021biei\u201d; Reabilitarea, modernizarea \u0219i dotarea Refugiului Salvamont B\u00e2lea Lac, care, \u00eempreun\u0103 cu refugiul din zona Prejba, va contribui la cre\u0219terea siguran\u021bei turi\u0219tilor \u00eentr-un dintre cele mai frecventate zone montane din Rom\u00e2nia.<\/p>\n\n\n\n<p>De asemenea, vor fi organizate activit\u0103\u021bi de promovare a frumuse\u021bilor naturale \u0219i a atrac\u021biilor specifice fiec\u0103rei loca\u021bii prin diverse canale de marketing, cum ar fi re\u021belele sociale, website-uri, bloguri de turism, \u0219i media tradi\u021bional\u0103; de digitalizare a obiectivelor vizate de investi\u021bie; introducerea obiectivelor turistice naturale care fac obiectul proiectului \u00een minim 3 circuite turistice, p\u00e2n\u0103 la finalul implement\u0103rii proiectului; implicarea tinerilor \u00een ac\u021biuni de voluntariat din domeniul ecologiei \u015fi al protec\u021biei mediului; ac\u021biuni de informare a micilor produc\u0103tori din zon\u0103; ac\u021biuni de instruire\/con\u0219tientizare aspecte de siguran\u021b\u0103\/securitate pe munte; organizarea unei sesiuni de informare pentru persoanele defavorizate cu privire la me\u0219te\u0219uguri tradi\u021bionale care pot fi realizate \u0219i care aduc un venit sigur etc.<\/p>\n\n\n\n<blockquote class=\"wp-block-quote is-layout-flow wp-block-quote-is-layout-flow\">\n<p><em>Turismul, o industrie care are o contribu\u021bie semnificativ\u0103 la Produsul Intern Brut al unor state, Grecia &#8211; 20 la sut\u0103, Malta \u2013 30 la sut\u0103, ca s\u0103 dau doar dou\u0103 exemple, trebuie s\u0103 devin\u0103 \u0219i \u00een Rom\u00e2nia unul dintre motoarele dezvolt\u0103rii economice at\u00e2t la nivel na\u021bional dar \u0219i la nivel regional \u0219i local. Cu o contribu\u021bie la formarea Produsului Intern Brut al Rom\u00e2niei de sub 5 la sut\u0103, dezvoltarea industriei turismului trebuie sprijinit\u0103 printr-o diversitate de ac\u021biuni specifice. Con\u0219tien\u021bi de aceast\u0103 necesitate, am inclus \u00een Programul \u201eRegiunea Centru\u201d 2021 &#8211; 2027 Prioritatea de finan\u021bare 7, prin care comunit\u0103\u021bile au posibilitatea de a-\u0219i spori atractivitatea \u00een r\u00e2ndul turi\u0219tilor rom\u00e2ni \u0219i str\u0103ini. Ce caut\u0103 turi\u0219tii? Desigur, caut\u0103 obiective de vizitat, culturale sau naturale \u0219i doresc s\u0103-\u0219i poat\u0103 organiza activit\u0103\u021bile de vacan\u021b\u0103 \u00een deplin\u0103 siguran\u021b\u0103. Acest prim proiect, prin care se valorific\u0103 poten\u021bialul turistic montan din jude\u021bul Sibiu, chiar acestor cerin\u021be ale turi\u0219tilor le r\u0103spunde. Beneficiari ai proiectului sunt, pe l\u00e2ng\u0103 turi\u0219ti, \u0219i micile afaceri din zon\u0103, fie c\u0103 sunt unit\u0103\u021bi de cazare, firme de transport, mici produc\u0103tori sau meseria\u0219i. Economia local\u0103 va cre\u0219te cu efecte benefice pentru stabilitatea demografic\u0103 a comunit\u0103\u021bilor, \u0219tiut fiind c\u0103 aceasta este str\u00e2ns legat\u0103, influen\u021bat\u0103 de nivelul de trai. Programul Regional \u201eCentru\u201d are alocat\u0103 pentru Prioritatea 7. O regiune cu turism sustenabil\u201d aproape 30 de milioane de euro, sume care sunt convins c\u0103 vor fi puse la bun\u0103 \u00eentrebuin\u021bare pentru cre\u0219terea atractivit\u0103\u021bii Regiunii noastre<\/em>.<\/p>\n\n\n\n<p>Simion Cre\u021bu, Director general\u00a0 ADR Centru<\/p>\n<\/blockquote>\n\n\n\n<figure class=\"wp-block-gallery has-nested-images columns-default is-cropped wp-block-gallery-1 is-layout-flex wp-block-gallery-is-layout-flex\">\n<figure class=\"wp-block-image size-large\"><img loading=\"lazy\" decoding=\"async\" width=\"1280\" height=\"639\" data-id=\"116250\" src=\"https:\/\/urbeamea.ro\/albaiulia\/wp-content\/uploads\/2025\/02\/Foto9-investitie-propusa-baza_Cover-foto-1280x639.jpg\" alt=\"\" class=\"wp-image-116250\" srcset=\"https:\/\/urbeamea.ro\/albaiulia\/wp-content\/uploads\/2025\/02\/Foto9-investitie-propusa-baza_Cover-foto-1280x639.jpg 1280w, https:\/\/urbeamea.ro\/albaiulia\/wp-content\/uploads\/2025\/02\/Foto9-investitie-propusa-baza_Cover-foto-640x319.jpg 640w, https:\/\/urbeamea.ro\/albaiulia\/wp-content\/uploads\/2025\/02\/Foto9-investitie-propusa-baza_Cover-foto-150x75.jpg 150w, https:\/\/urbeamea.ro\/albaiulia\/wp-content\/uploads\/2025\/02\/Foto9-investitie-propusa-baza_Cover-foto-768x383.jpg 768w, https:\/\/urbeamea.ro\/albaiulia\/wp-content\/uploads\/2025\/02\/Foto9-investitie-propusa-baza_Cover-foto.jpg 1367w\" sizes=\"auto, (max-width: 1280px) 100vw, 1280px\" \/><\/figure>\n\n\n\n<figure class=\"wp-block-image size-large\"><img loading=\"lazy\" decoding=\"async\" width=\"1280\" height=\"659\" data-id=\"116252\" src=\"https:\/\/urbeamea.ro\/albaiulia\/wp-content\/uploads\/2025\/02\/Foto7-investitie-propusa-belvedere-1280x659.jpg\" alt=\"\" class=\"wp-image-116252\" srcset=\"https:\/\/urbeamea.ro\/albaiulia\/wp-content\/uploads\/2025\/02\/Foto7-investitie-propusa-belvedere-1280x659.jpg 1280w, https:\/\/urbeamea.ro\/albaiulia\/wp-content\/uploads\/2025\/02\/Foto7-investitie-propusa-belvedere-640x330.jpg 640w, https:\/\/urbeamea.ro\/albaiulia\/wp-content\/uploads\/2025\/02\/Foto7-investitie-propusa-belvedere-150x77.jpg 150w, https:\/\/urbeamea.ro\/albaiulia\/wp-content\/uploads\/2025\/02\/Foto7-investitie-propusa-belvedere-768x396.jpg 768w, https:\/\/urbeamea.ro\/albaiulia\/wp-content\/uploads\/2025\/02\/Foto7-investitie-propusa-belvedere.jpg 1367w\" sizes=\"auto, (max-width: 1280px) 100vw, 1280px\" \/><\/figure>\n\n\n\n<figure class=\"wp-block-image size-large\"><img loading=\"lazy\" decoding=\"async\" width=\"1243\" height=\"653\" data-id=\"116251\" src=\"https:\/\/urbeamea.ro\/albaiulia\/wp-content\/uploads\/2025\/02\/Foto8-investitie-propusa-refugiu.jpg\" alt=\"\" class=\"wp-image-116251\" srcset=\"https:\/\/urbeamea.ro\/albaiulia\/wp-content\/uploads\/2025\/02\/Foto8-investitie-propusa-refugiu.jpg 1243w, https:\/\/urbeamea.ro\/albaiulia\/wp-content\/uploads\/2025\/02\/Foto8-investitie-propusa-refugiu-640x336.jpg 640w, https:\/\/urbeamea.ro\/albaiulia\/wp-content\/uploads\/2025\/02\/Foto8-investitie-propusa-refugiu-150x79.jpg 150w, https:\/\/urbeamea.ro\/albaiulia\/wp-content\/uploads\/2025\/02\/Foto8-investitie-propusa-refugiu-768x403.jpg 768w\" sizes=\"auto, (max-width: 1243px) 100vw, 1243px\" \/><\/figure>\n<\/figure>\n\n\n\n<p><\/p>\n","protected":false},"excerpt":{"rendered":"<p>Primul contract de finan\u021bare a industriei turismului prin Programul \u201eRegiunea Centru\u201d a fost semnat Ultimii ani sunt marca\u021bi de o cre\u0219tere a turismului \u00een natur\u0103, cu predilec\u021bie a drume\u021biilor. Zona montan\u0103 este tot mai c\u0103utat\u0103, iar necesitatea diversific\u0103rii activit\u0103\u021bilor \u0219i cre\u0219terea siguran\u021bei turi\u0219tilor este un obiectiv a c\u0103rui oportunitate de realizare a fost identificat\u0103 de &hellip;<\/p>\n","protected":false},"author":16,"featured_media":116253,"comment_status":"open","ping_status":"open","sticky":false,"template":"","format":"standard","meta":{"inline_featured_image":false,"footnotes":""},"categories":[6663],"tags":[343],"class_list":["post-116249","post","type-post","status-publish","format-standard","has-post-thumbnail","hentry","category-economic","tag-adr-centru"],"yoast_head":"<!-- This site is optimized with the Yoast SEO plugin v27.4 - https:\/\/yoast.com\/product\/yoast-seo-wordpress\/ -->\n<title>Peste 1,6 milioane de euro investi\u021bi \u00een valorificaea poten\u021bialului turistic montan al jude\u021bului Sibiu - Revista Urbea Mea - Revista de Alba<\/title>\n<meta name=\"description\" content=\"Primul contract de finan\u021bare a industriei turismului prin Programul \u201eRegiunea Centru\u201d a fost semnat Ultimii ani sunt marca\u021bi de o cre\u0219tere a turismului \u00een\" \/>\n<meta name=\"robots\" content=\"index, follow, max-snippet:-1, max-image-preview:large, max-video-preview:-1\" \/>\n<link rel=\"canonical\" href=\"https:\/\/urbeamea.ro\/albaiulia\/peste-16-milioane-de-euro-investiti-in-valorificaea-potentialului-turistic-montan-al-judetului-sibiu\/\" \/>\n<meta name=\"twitter:card\" content=\"summary_large_image\" \/>\n<meta name=\"twitter:title\" content=\"Peste 1,6 milioane de euro investi\u021bi \u00een valorificaea poten\u021bialului turistic montan al jude\u021bului Sibiu - Revista Urbea Mea - Revista de Alba\" \/>\n<meta name=\"twitter:description\" content=\"Primul contract de finan\u021bare a industriei turismului prin Programul \u201eRegiunea Centru\u201d a fost semnat Ultimii ani sunt marca\u021bi de o cre\u0219tere a turismului \u00een\" \/>\n<meta name=\"twitter:image\" content=\"https:\/\/urbeamea.ro\/albaiulia\/wp-content\/uploads\/2025\/02\/Foto1-stadiu-actual.jpg\" \/>\n<meta name=\"twitter:creator\" content=\"@urbeameaweb\" \/>\n<meta name=\"twitter:site\" content=\"@urbeameaweb\" \/>\n<script type=\"application\/ld+json\" class=\"yoast-schema-graph\">{\"@context\":\"https:\\\/\\\/schema.org\",\"@graph\":[{\"@type\":\"Article\",\"@id\":\"https:\\\/\\\/urbeamea.ro\\\/albaiulia\\\/peste-16-milioane-de-euro-investiti-in-valorificaea-potentialului-turistic-montan-al-judetului-sibiu\\\/#article\",\"isPartOf\":{\"@id\":\"https:\\\/\\\/urbeamea.ro\\\/albaiulia\\\/peste-16-milioane-de-euro-investiti-in-valorificaea-potentialului-turistic-montan-al-judetului-sibiu\\\/\"},\"author\":{\"name\":\"Redac\u021bia UrbeaMea\",\"@id\":\"https:\\\/\\\/urbeamea.ro\\\/albaiulia\\\/#\\\/schema\\\/person\\\/272ae98052f8ee8980f59848df070247\"},\"headline\":\"Peste 1,6 milioane de euro investi\u021bi \u00een valorificaea poten\u021bialului turistic montan al jude\u021bului Sibiu\",\"datePublished\":\"2025-02-05T15:17:38+00:00\",\"dateModified\":\"2025-02-05T15:17:40+00:00\",\"mainEntityOfPage\":{\"@id\":\"https:\\\/\\\/urbeamea.ro\\\/albaiulia\\\/peste-16-milioane-de-euro-investiti-in-valorificaea-potentialului-turistic-montan-al-judetului-sibiu\\\/\"},\"wordCount\":756,\"commentCount\":0,\"image\":{\"@id\":\"https:\\\/\\\/urbeamea.ro\\\/albaiulia\\\/peste-16-milioane-de-euro-investiti-in-valorificaea-potentialului-turistic-montan-al-judetului-sibiu\\\/#primaryimage\"},\"thumbnailUrl\":\"https:\\\/\\\/urbeamea.ro\\\/albaiulia\\\/wp-content\\\/uploads\\\/2025\\\/02\\\/Foto1-stadiu-actual.jpg\",\"keywords\":[\"ADR Centru\"],\"articleSection\":[\"Economic\"],\"inLanguage\":\"ro-RO\",\"potentialAction\":[{\"@type\":\"CommentAction\",\"name\":\"Comment\",\"target\":[\"https:\\\/\\\/urbeamea.ro\\\/albaiulia\\\/peste-16-milioane-de-euro-investiti-in-valorificaea-potentialului-turistic-montan-al-judetului-sibiu\\\/#respond\"]}]},{\"@type\":\"WebPage\",\"@id\":\"https:\\\/\\\/urbeamea.ro\\\/albaiulia\\\/peste-16-milioane-de-euro-investiti-in-valorificaea-potentialului-turistic-montan-al-judetului-sibiu\\\/\",\"url\":\"https:\\\/\\\/urbeamea.ro\\\/albaiulia\\\/peste-16-milioane-de-euro-investiti-in-valorificaea-potentialului-turistic-montan-al-judetului-sibiu\\\/\",\"name\":\"Peste 1,6 milioane de euro investi\u021bi \u00een valorificaea poten\u021bialului turistic montan al jude\u021bului Sibiu - Revista Urbea Mea - Revista de Alba\",\"isPartOf\":{\"@id\":\"https:\\\/\\\/urbeamea.ro\\\/albaiulia\\\/#website\"},\"primaryImageOfPage\":{\"@id\":\"https:\\\/\\\/urbeamea.ro\\\/albaiulia\\\/peste-16-milioane-de-euro-investiti-in-valorificaea-potentialului-turistic-montan-al-judetului-sibiu\\\/#primaryimage\"},\"image\":{\"@id\":\"https:\\\/\\\/urbeamea.ro\\\/albaiulia\\\/peste-16-milioane-de-euro-investiti-in-valorificaea-potentialului-turistic-montan-al-judetului-sibiu\\\/#primaryimage\"},\"thumbnailUrl\":\"https:\\\/\\\/urbeamea.ro\\\/albaiulia\\\/wp-content\\\/uploads\\\/2025\\\/02\\\/Foto1-stadiu-actual.jpg\",\"datePublished\":\"2025-02-05T15:17:38+00:00\",\"dateModified\":\"2025-02-05T15:17:40+00:00\",\"author\":{\"@id\":\"https:\\\/\\\/urbeamea.ro\\\/albaiulia\\\/#\\\/schema\\\/person\\\/272ae98052f8ee8980f59848df070247\"},\"description\":\"Primul contract de finan\u021bare a industriei turismului prin Programul \u201eRegiunea Centru\u201d a fost semnat Ultimii ani sunt marca\u021bi de o cre\u0219tere a turismului \u00een\",\"breadcrumb\":{\"@id\":\"https:\\\/\\\/urbeamea.ro\\\/albaiulia\\\/peste-16-milioane-de-euro-investiti-in-valorificaea-potentialului-turistic-montan-al-judetului-sibiu\\\/#breadcrumb\"},\"inLanguage\":\"ro-RO\",\"potentialAction\":[{\"@type\":\"ReadAction\",\"target\":[\"https:\\\/\\\/urbeamea.ro\\\/albaiulia\\\/peste-16-milioane-de-euro-investiti-in-valorificaea-potentialului-turistic-montan-al-judetului-sibiu\\\/\"]}]},{\"@type\":\"ImageObject\",\"inLanguage\":\"ro-RO\",\"@id\":\"https:\\\/\\\/urbeamea.ro\\\/albaiulia\\\/peste-16-milioane-de-euro-investiti-in-valorificaea-potentialului-turistic-montan-al-judetului-sibiu\\\/#primaryimage\",\"url\":\"https:\\\/\\\/urbeamea.ro\\\/albaiulia\\\/wp-content\\\/uploads\\\/2025\\\/02\\\/Foto1-stadiu-actual.jpg\",\"contentUrl\":\"https:\\\/\\\/urbeamea.ro\\\/albaiulia\\\/wp-content\\\/uploads\\\/2025\\\/02\\\/Foto1-stadiu-actual.jpg\",\"width\":1228,\"height\":646},{\"@type\":\"BreadcrumbList\",\"@id\":\"https:\\\/\\\/urbeamea.ro\\\/albaiulia\\\/peste-16-milioane-de-euro-investiti-in-valorificaea-potentialului-turistic-montan-al-judetului-sibiu\\\/#breadcrumb\",\"itemListElement\":[{\"@type\":\"ListItem\",\"position\":1,\"name\":\"Prima pagin\u0103\",\"item\":\"https:\\\/\\\/urbeamea.ro\\\/albaiulia\\\/\"},{\"@type\":\"ListItem\",\"position\":2,\"name\":\"Peste 1,6 milioane de euro investi\u021bi \u00een valorificaea poten\u021bialului turistic montan al jude\u021bului Sibiu\"}]},{\"@type\":\"WebSite\",\"@id\":\"https:\\\/\\\/urbeamea.ro\\\/albaiulia\\\/#website\",\"url\":\"https:\\\/\\\/urbeamea.ro\\\/albaiulia\\\/\",\"name\":\"Revista Urbea Mea, Stiri urbane\",\"description\":\"Evenimente \u0219i \u0219tiri din Alba Iulia, Sebe\u0219, Aiud, Blaj\",\"potentialAction\":[{\"@type\":\"SearchAction\",\"target\":{\"@type\":\"EntryPoint\",\"urlTemplate\":\"https:\\\/\\\/urbeamea.ro\\\/albaiulia\\\/?s={search_term_string}\"},\"query-input\":{\"@type\":\"PropertyValueSpecification\",\"valueRequired\":true,\"valueName\":\"search_term_string\"}}],\"inLanguage\":\"ro-RO\"},{\"@type\":\"Person\",\"@id\":\"https:\\\/\\\/urbeamea.ro\\\/albaiulia\\\/#\\\/schema\\\/person\\\/272ae98052f8ee8980f59848df070247\",\"name\":\"Redac\u021bia UrbeaMea\",\"image\":{\"@type\":\"ImageObject\",\"inLanguage\":\"ro-RO\",\"@id\":\"https:\\\/\\\/secure.gravatar.com\\\/avatar\\\/9ce5a9435071fa1037e8468053ead8e513dbbff59009d3069aadb85506d85a27?s=96&d=mm&r=g\",\"url\":\"https:\\\/\\\/secure.gravatar.com\\\/avatar\\\/9ce5a9435071fa1037e8468053ead8e513dbbff59009d3069aadb85506d85a27?s=96&d=mm&r=g\",\"contentUrl\":\"https:\\\/\\\/secure.gravatar.com\\\/avatar\\\/9ce5a9435071fa1037e8468053ead8e513dbbff59009d3069aadb85506d85a27?s=96&d=mm&r=g\",\"caption\":\"Redac\u021bia UrbeaMea\"},\"description\":\"contact@urbeamea.ro\",\"sameAs\":[\"https:\\\/\\\/www.urbeamea.ro\"],\"url\":\"https:\\\/\\\/urbeamea.ro\\\/albaiulia\\\/author\\\/redactia-urbeamea\\\/\"}]}<\/script>\n<!-- \/ Yoast SEO plugin. -->","yoast_head_json":{"title":"Peste 1,6 milioane de euro investi\u021bi \u00een valorificaea poten\u021bialului turistic montan al jude\u021bului Sibiu - Revista Urbea Mea - Revista de Alba","description":"Primul contract de finan\u021bare a industriei turismului prin Programul \u201eRegiunea Centru\u201d a fost semnat Ultimii ani sunt marca\u021bi de o cre\u0219tere a turismului \u00een","robots":{"index":"index","follow":"follow","max-snippet":"max-snippet:-1","max-image-preview":"max-image-preview:large","max-video-preview":"max-video-preview:-1"},"canonical":"https:\/\/urbeamea.ro\/albaiulia\/peste-16-milioane-de-euro-investiti-in-valorificaea-potentialului-turistic-montan-al-judetului-sibiu\/","twitter_card":"summary_large_image","twitter_title":"Peste 1,6 milioane de euro investi\u021bi \u00een valorificaea poten\u021bialului turistic montan al jude\u021bului Sibiu - Revista Urbea Mea - Revista de Alba","twitter_description":"Primul contract de finan\u021bare a industriei turismului prin Programul \u201eRegiunea Centru\u201d a fost semnat Ultimii ani sunt marca\u021bi de o cre\u0219tere a turismului \u00een","twitter_image":"https:\/\/urbeamea.ro\/albaiulia\/wp-content\/uploads\/2025\/02\/Foto1-stadiu-actual.jpg","twitter_creator":"@urbeameaweb","twitter_site":"@urbeameaweb","schema":{"@context":"https:\/\/schema.org","@graph":[{"@type":"Article","@id":"https:\/\/urbeamea.ro\/albaiulia\/peste-16-milioane-de-euro-investiti-in-valorificaea-potentialului-turistic-montan-al-judetului-sibiu\/#article","isPartOf":{"@id":"https:\/\/urbeamea.ro\/albaiulia\/peste-16-milioane-de-euro-investiti-in-valorificaea-potentialului-turistic-montan-al-judetului-sibiu\/"},"author":{"name":"Redac\u021bia UrbeaMea","@id":"https:\/\/urbeamea.ro\/albaiulia\/#\/schema\/person\/272ae98052f8ee8980f59848df070247"},"headline":"Peste 1,6 milioane de euro investi\u021bi \u00een valorificaea poten\u021bialului turistic montan al jude\u021bului Sibiu","datePublished":"2025-02-05T15:17:38+00:00","dateModified":"2025-02-05T15:17:40+00:00","mainEntityOfPage":{"@id":"https:\/\/urbeamea.ro\/albaiulia\/peste-16-milioane-de-euro-investiti-in-valorificaea-potentialului-turistic-montan-al-judetului-sibiu\/"},"wordCount":756,"commentCount":0,"image":{"@id":"https:\/\/urbeamea.ro\/albaiulia\/peste-16-milioane-de-euro-investiti-in-valorificaea-potentialului-turistic-montan-al-judetului-sibiu\/#primaryimage"},"thumbnailUrl":"https:\/\/urbeamea.ro\/albaiulia\/wp-content\/uploads\/2025\/02\/Foto1-stadiu-actual.jpg","keywords":["ADR Centru"],"articleSection":["Economic"],"inLanguage":"ro-RO","potentialAction":[{"@type":"CommentAction","name":"Comment","target":["https:\/\/urbeamea.ro\/albaiulia\/peste-16-milioane-de-euro-investiti-in-valorificaea-potentialului-turistic-montan-al-judetului-sibiu\/#respond"]}]},{"@type":"WebPage","@id":"https:\/\/urbeamea.ro\/albaiulia\/peste-16-milioane-de-euro-investiti-in-valorificaea-potentialului-turistic-montan-al-judetului-sibiu\/","url":"https:\/\/urbeamea.ro\/albaiulia\/peste-16-milioane-de-euro-investiti-in-valorificaea-potentialului-turistic-montan-al-judetului-sibiu\/","name":"Peste 1,6 milioane de euro investi\u021bi \u00een valorificaea poten\u021bialului turistic montan al jude\u021bului Sibiu - Revista Urbea Mea - Revista de Alba","isPartOf":{"@id":"https:\/\/urbeamea.ro\/albaiulia\/#website"},"primaryImageOfPage":{"@id":"https:\/\/urbeamea.ro\/albaiulia\/peste-16-milioane-de-euro-investiti-in-valorificaea-potentialului-turistic-montan-al-judetului-sibiu\/#primaryimage"},"image":{"@id":"https:\/\/urbeamea.ro\/albaiulia\/peste-16-milioane-de-euro-investiti-in-valorificaea-potentialului-turistic-montan-al-judetului-sibiu\/#primaryimage"},"thumbnailUrl":"https:\/\/urbeamea.ro\/albaiulia\/wp-content\/uploads\/2025\/02\/Foto1-stadiu-actual.jpg","datePublished":"2025-02-05T15:17:38+00:00","dateModified":"2025-02-05T15:17:40+00:00","author":{"@id":"https:\/\/urbeamea.ro\/albaiulia\/#\/schema\/person\/272ae98052f8ee8980f59848df070247"},"description":"Primul contract de finan\u021bare a industriei turismului prin Programul \u201eRegiunea Centru\u201d a fost semnat Ultimii ani sunt marca\u021bi de o cre\u0219tere a turismului \u00een","breadcrumb":{"@id":"https:\/\/urbeamea.ro\/albaiulia\/peste-16-milioane-de-euro-investiti-in-valorificaea-potentialului-turistic-montan-al-judetului-sibiu\/#breadcrumb"},"inLanguage":"ro-RO","potentialAction":[{"@type":"ReadAction","target":["https:\/\/urbeamea.ro\/albaiulia\/peste-16-milioane-de-euro-investiti-in-valorificaea-potentialului-turistic-montan-al-judetului-sibiu\/"]}]},{"@type":"ImageObject","inLanguage":"ro-RO","@id":"https:\/\/urbeamea.ro\/albaiulia\/peste-16-milioane-de-euro-investiti-in-valorificaea-potentialului-turistic-montan-al-judetului-sibiu\/#primaryimage","url":"https:\/\/urbeamea.ro\/albaiulia\/wp-content\/uploads\/2025\/02\/Foto1-stadiu-actual.jpg","contentUrl":"https:\/\/urbeamea.ro\/albaiulia\/wp-content\/uploads\/2025\/02\/Foto1-stadiu-actual.jpg","width":1228,"height":646},{"@type":"BreadcrumbList","@id":"https:\/\/urbeamea.ro\/albaiulia\/peste-16-milioane-de-euro-investiti-in-valorificaea-potentialului-turistic-montan-al-judetului-sibiu\/#breadcrumb","itemListElement":[{"@type":"ListItem","position":1,"name":"Prima pagin\u0103","item":"https:\/\/urbeamea.ro\/albaiulia\/"},{"@type":"ListItem","position":2,"name":"Peste 1,6 milioane de euro investi\u021bi \u00een valorificaea poten\u021bialului turistic montan al jude\u021bului Sibiu"}]},{"@type":"WebSite","@id":"https:\/\/urbeamea.ro\/albaiulia\/#website","url":"https:\/\/urbeamea.ro\/albaiulia\/","name":"Revista Urbea Mea, Stiri urbane","description":"Evenimente \u0219i \u0219tiri din Alba Iulia, Sebe\u0219, Aiud, Blaj","potentialAction":[{"@type":"SearchAction","target":{"@type":"EntryPoint","urlTemplate":"https:\/\/urbeamea.ro\/albaiulia\/?s={search_term_string}"},"query-input":{"@type":"PropertyValueSpecification","valueRequired":true,"valueName":"search_term_string"}}],"inLanguage":"ro-RO"},{"@type":"Person","@id":"https:\/\/urbeamea.ro\/albaiulia\/#\/schema\/person\/272ae98052f8ee8980f59848df070247","name":"Redac\u021bia UrbeaMea","image":{"@type":"ImageObject","inLanguage":"ro-RO","@id":"https:\/\/secure.gravatar.com\/avatar\/9ce5a9435071fa1037e8468053ead8e513dbbff59009d3069aadb85506d85a27?s=96&d=mm&r=g","url":"https:\/\/secure.gravatar.com\/avatar\/9ce5a9435071fa1037e8468053ead8e513dbbff59009d3069aadb85506d85a27?s=96&d=mm&r=g","contentUrl":"https:\/\/secure.gravatar.com\/avatar\/9ce5a9435071fa1037e8468053ead8e513dbbff59009d3069aadb85506d85a27?s=96&d=mm&r=g","caption":"Redac\u021bia UrbeaMea"},"description":"contact@urbeamea.ro","sameAs":["https:\/\/www.urbeamea.ro"],"url":"https:\/\/urbeamea.ro\/albaiulia\/author\/redactia-urbeamea\/"}]}},"_links":{"self":[{"href":"https:\/\/urbeamea.ro\/albaiulia\/wp-json\/wp\/v2\/posts\/116249","targetHints":{"allow":["GET"]}}],"collection":[{"href":"https:\/\/urbeamea.ro\/albaiulia\/wp-json\/wp\/v2\/posts"}],"about":[{"href":"https:\/\/urbeamea.ro\/albaiulia\/wp-json\/wp\/v2\/types\/post"}],"author":[{"embeddable":true,"href":"https:\/\/urbeamea.ro\/albaiulia\/wp-json\/wp\/v2\/users\/16"}],"replies":[{"embeddable":true,"href":"https:\/\/urbeamea.ro\/albaiulia\/wp-json\/wp\/v2\/comments?post=116249"}],"version-history":[{"count":1,"href":"https:\/\/urbeamea.ro\/albaiulia\/wp-json\/wp\/v2\/posts\/116249\/revisions"}],"predecessor-version":[{"id":116254,"href":"https:\/\/urbeamea.ro\/albaiulia\/wp-json\/wp\/v2\/posts\/116249\/revisions\/116254"}],"wp:featuredmedia":[{"embeddable":true,"href":"https:\/\/urbeamea.ro\/albaiulia\/wp-json\/wp\/v2\/media\/116253"}],"wp:attachment":[{"href":"https:\/\/urbeamea.ro\/albaiulia\/wp-json\/wp\/v2\/media?parent=116249"}],"wp:term":[{"taxonomy":"category","embeddable":true,"href":"https:\/\/urbeamea.ro\/albaiulia\/wp-json\/wp\/v2\/categories?post=116249"},{"taxonomy":"post_tag","embeddable":true,"href":"https:\/\/urbeamea.ro\/albaiulia\/wp-json\/wp\/v2\/tags?post=116249"}],"curies":[{"name":"wp","href":"https:\/\/api.w.org\/{rel}","templated":true}]}}