{"id":116255,"date":"2025-02-06T08:14:22","date_gmt":"2025-02-06T06:14:22","guid":{"rendered":"https:\/\/urbeamea.ro\/albaiulia\/?p=116255"},"modified":"2025-02-06T08:14:24","modified_gmt":"2025-02-06T06:14:24","slug":"muzeul-palatul-principilor-transilvaniei-a-fost-vizitat-de-peste-25-000-de-persoane-in-2024","status":"publish","type":"post","link":"https:\/\/urbeamea.ro\/albaiulia\/muzeul-palatul-principilor-transilvaniei-a-fost-vizitat-de-peste-25-000-de-persoane-in-2024\/","title":{"rendered":"Muzeul Palatul Principilor Transilvaniei a fost vizitat de peste 25.000 de persoane \u00een 2024"},"content":{"rendered":"\n<p><strong>Muzeul Palatul Principilor Transilvaniei func\u021bioneaz\u0103 \u00een cadrul Centrului Cultural Palatul Principilor. <\/strong><\/p>\n\n\n\n<p>\u00cen primul an de la inaugurare, institu\u021bia a organizat, pe l\u00e2ng\u0103 expozi\u021bia permanent\u0103, alte 9 expozi\u021bii temporare, zeci de ateliere pentru copii, evenimente: conferin\u021be \u0219tiin\u021bifice, spectacole, concerte, proiec\u021bii de film, spectacole de reconstituire antic\u0103, lans\u0103ri de carte etc., atr\u0103g\u00e2nd parteneri valoro\u0219i, \u00eenc\u0103 de la prima colaborare. <\/p>\n\n\n\n<p>\u00centre ace\u0219tia, Opera Na\u021bional\u0103 Bucure\u0219ti, Muzeul Na\u021bional al Literaturii Rom\u00e2ne Ia\u0219i, Complexul Muzeal ASTRA, Muzeul Na\u021bional de Istorie a Rom\u00e2niei, Muzeul Na\u021bional de Istorie al Transilvaniei, Muzeul Na\u021bional al Unirii din Alba Iulia, Casa de Licita\u021bii Historic, Galeria de Art\u0103 Historic, Artmark, Exporomania, Muzeul Consumatorului Comunist, Arhivele Na\u021bionale Alba etc.<\/p>\n\n\n\n<p>Referitor la num\u0103rul de vizitatori, Muzeul Palatul Principilor Transilvaniei a fost ales de peste 25.000 de localnici \u0219i turi\u0219ti, rom\u00e2ni \u0219i str\u0103ini, devenind unul dintre obiectivele preferate ale celor care au vizitat Alba Iulia \u00een 2024.<\/p>\n\n\n\n<p>Institu\u021bia  a reu\u0219it s\u0103 atrag\u0103 \u0219i dou\u0103 finan\u021b\u0103ri externe, nerambursabile, \u00een valoare de peste 460.000 de lei.<\/p>\n\n\n\n<p> Prima, prin Administra\u021bia Fondului pentru Mediu, care a permis achizi\u021bia a dou\u0103 autoturisme, unul electric \u0219i unul PHEV, iar a doua, prin Administra\u021bia Fondului Cultural Na\u021bional, pentru implementarea unui proiect interactiv de costuma\u021bii de epoc\u0103 \u2013 PRINCE, ce se va derula pe parcursul acestui an, \u0219i care va spori atractivitatea muzeului. <\/p>\n\n\n\n<p> De asemenea, la capitolul bunuri culturale, Muzeul Palatul Principilor Transilvaniei \u0219i-a sporit patrimoniul, achizi\u021bion\u00e2nd o serie de elemente care au fost sau urmeaz\u0103 s\u0103 fie valorizate \u00een cadrul expozi\u021biilor temporare, ori permanente. <\/p>\n\n\n\n<p>\u00centre ele, cli\u0219eele realizate de arhitectului Victor \u0218tef\u0103nescu, care surprind instantanee din timpul construc\u021biei Catedralei \u00cencoron\u0103rii din Alba Iulia, diplome de \u00eennobilare, monede antice (perioada roman\u0103) \u0219i medievale (perioada Principatului Autonom al Transilvaniei), gravuri ale principilor Transilvaniei, h\u0103r\u021bi medievale, facsimilul Evangheliarului de la Lorsch \u2013 Codex Aureus, carte veche.<\/p>\n\n\n\n<figure class=\"wp-block-gallery has-nested-images columns-default is-cropped wp-block-gallery-1 is-layout-flex wp-block-gallery-is-layout-flex\">\n<figure class=\"wp-block-image size-large\"><img loading=\"lazy\" decoding=\"async\" width=\"600\" height=\"346\" data-id=\"116256\" src=\"https:\/\/urbeamea.ro\/albaiulia\/wp-content\/uploads\/2025\/02\/1000028230.jpg\" alt=\"\" class=\"wp-image-116256\" srcset=\"https:\/\/urbeamea.ro\/albaiulia\/wp-content\/uploads\/2025\/02\/1000028230.jpg 600w, https:\/\/urbeamea.ro\/albaiulia\/wp-content\/uploads\/2025\/02\/1000028230-150x87.jpg 150w\" sizes=\"auto, (max-width: 600px) 100vw, 600px\" \/><\/figure>\n\n\n\n<figure class=\"wp-block-image size-large\"><img loading=\"lazy\" decoding=\"async\" width=\"1080\" height=\"719\" data-id=\"116257\" src=\"https:\/\/urbeamea.ro\/albaiulia\/wp-content\/uploads\/2025\/02\/1000028233.jpg\" alt=\"\" class=\"wp-image-116257\" srcset=\"https:\/\/urbeamea.ro\/albaiulia\/wp-content\/uploads\/2025\/02\/1000028233.jpg 1080w, https:\/\/urbeamea.ro\/albaiulia\/wp-content\/uploads\/2025\/02\/1000028233-640x426.jpg 640w, https:\/\/urbeamea.ro\/albaiulia\/wp-content\/uploads\/2025\/02\/1000028233-150x100.jpg 150w, https:\/\/urbeamea.ro\/albaiulia\/wp-content\/uploads\/2025\/02\/1000028233-768x511.jpg 768w\" sizes=\"auto, (max-width: 1080px) 100vw, 1080px\" \/><\/figure>\n\n\n\n<figure class=\"wp-block-image size-large\"><img loading=\"lazy\" decoding=\"async\" width=\"871\" height=\"1280\" data-id=\"116262\" src=\"https:\/\/urbeamea.ro\/albaiulia\/wp-content\/uploads\/2025\/02\/1000028232-871x1280.jpg\" alt=\"\" class=\"wp-image-116262\" srcset=\"https:\/\/urbeamea.ro\/albaiulia\/wp-content\/uploads\/2025\/02\/1000028232-871x1280.jpg 871w, https:\/\/urbeamea.ro\/albaiulia\/wp-content\/uploads\/2025\/02\/1000028232-435x640.jpg 435w, https:\/\/urbeamea.ro\/albaiulia\/wp-content\/uploads\/2025\/02\/1000028232-102x150.jpg 102w, https:\/\/urbeamea.ro\/albaiulia\/wp-content\/uploads\/2025\/02\/1000028232-768x1129.jpg 768w, https:\/\/urbeamea.ro\/albaiulia\/wp-content\/uploads\/2025\/02\/1000028232-1045x1536.jpg 1045w, https:\/\/urbeamea.ro\/albaiulia\/wp-content\/uploads\/2025\/02\/1000028232.jpg 1080w\" sizes=\"auto, (max-width: 871px) 100vw, 871px\" \/><\/figure>\n\n\n\n<figure class=\"wp-block-image size-large\"><img loading=\"lazy\" decoding=\"async\" width=\"1080\" height=\"682\" data-id=\"116261\" src=\"https:\/\/urbeamea.ro\/albaiulia\/wp-content\/uploads\/2025\/02\/1000028231.jpg\" alt=\"\" class=\"wp-image-116261\" srcset=\"https:\/\/urbeamea.ro\/albaiulia\/wp-content\/uploads\/2025\/02\/1000028231.jpg 1080w, https:\/\/urbeamea.ro\/albaiulia\/wp-content\/uploads\/2025\/02\/1000028231-640x404.jpg 640w, https:\/\/urbeamea.ro\/albaiulia\/wp-content\/uploads\/2025\/02\/1000028231-150x95.jpg 150w, https:\/\/urbeamea.ro\/albaiulia\/wp-content\/uploads\/2025\/02\/1000028231-768x485.jpg 768w\" sizes=\"auto, (max-width: 1080px) 100vw, 1080px\" \/><\/figure>\n\n\n\n<figure class=\"wp-block-image size-large\"><img loading=\"lazy\" decoding=\"async\" width=\"1080\" height=\"719\" data-id=\"116258\" src=\"https:\/\/urbeamea.ro\/albaiulia\/wp-content\/uploads\/2025\/02\/1000028234.jpg\" alt=\"\" class=\"wp-image-116258\" srcset=\"https:\/\/urbeamea.ro\/albaiulia\/wp-content\/uploads\/2025\/02\/1000028234.jpg 1080w, https:\/\/urbeamea.ro\/albaiulia\/wp-content\/uploads\/2025\/02\/1000028234-640x426.jpg 640w, https:\/\/urbeamea.ro\/albaiulia\/wp-content\/uploads\/2025\/02\/1000028234-150x100.jpg 150w, https:\/\/urbeamea.ro\/albaiulia\/wp-content\/uploads\/2025\/02\/1000028234-768x511.jpg 768w\" sizes=\"auto, (max-width: 1080px) 100vw, 1080px\" \/><\/figure>\n\n\n\n<figure class=\"wp-block-image size-large\"><img loading=\"lazy\" decoding=\"async\" width=\"1080\" height=\"647\" data-id=\"116259\" src=\"https:\/\/urbeamea.ro\/albaiulia\/wp-content\/uploads\/2025\/02\/1000028235.jpg\" alt=\"\" class=\"wp-image-116259\" srcset=\"https:\/\/urbeamea.ro\/albaiulia\/wp-content\/uploads\/2025\/02\/1000028235.jpg 1080w, https:\/\/urbeamea.ro\/albaiulia\/wp-content\/uploads\/2025\/02\/1000028235-640x383.jpg 640w, https:\/\/urbeamea.ro\/albaiulia\/wp-content\/uploads\/2025\/02\/1000028235-150x90.jpg 150w, https:\/\/urbeamea.ro\/albaiulia\/wp-content\/uploads\/2025\/02\/1000028235-768x460.jpg 768w\" sizes=\"auto, (max-width: 1080px) 100vw, 1080px\" \/><\/figure>\n\n\n\n<figure class=\"wp-block-image size-large\"><img loading=\"lazy\" decoding=\"async\" width=\"1080\" height=\"719\" data-id=\"116260\" src=\"https:\/\/urbeamea.ro\/albaiulia\/wp-content\/uploads\/2025\/02\/1000028236.jpg\" alt=\"\" class=\"wp-image-116260\" srcset=\"https:\/\/urbeamea.ro\/albaiulia\/wp-content\/uploads\/2025\/02\/1000028236.jpg 1080w, https:\/\/urbeamea.ro\/albaiulia\/wp-content\/uploads\/2025\/02\/1000028236-640x426.jpg 640w, https:\/\/urbeamea.ro\/albaiulia\/wp-content\/uploads\/2025\/02\/1000028236-150x100.jpg 150w, https:\/\/urbeamea.ro\/albaiulia\/wp-content\/uploads\/2025\/02\/1000028236-768x511.jpg 768w\" sizes=\"auto, (max-width: 1080px) 100vw, 1080px\" \/><\/figure>\n\n\n\n<figure class=\"wp-block-image size-large\"><img loading=\"lazy\" decoding=\"async\" width=\"1080\" height=\"719\" data-id=\"116263\" src=\"https:\/\/urbeamea.ro\/albaiulia\/wp-content\/uploads\/2025\/02\/1000028237.jpg\" alt=\"\" class=\"wp-image-116263\" srcset=\"https:\/\/urbeamea.ro\/albaiulia\/wp-content\/uploads\/2025\/02\/1000028237.jpg 1080w, https:\/\/urbeamea.ro\/albaiulia\/wp-content\/uploads\/2025\/02\/1000028237-640x426.jpg 640w, https:\/\/urbeamea.ro\/albaiulia\/wp-content\/uploads\/2025\/02\/1000028237-150x100.jpg 150w, https:\/\/urbeamea.ro\/albaiulia\/wp-content\/uploads\/2025\/02\/1000028237-768x511.jpg 768w\" sizes=\"auto, (max-width: 1080px) 100vw, 1080px\" \/><\/figure>\n\n\n\n<figure class=\"wp-block-image size-large\"><img loading=\"lazy\" decoding=\"async\" width=\"1080\" height=\"1215\" data-id=\"116267\" src=\"https:\/\/urbeamea.ro\/albaiulia\/wp-content\/uploads\/2025\/02\/1000028238.jpg\" alt=\"\" class=\"wp-image-116267\" srcset=\"https:\/\/urbeamea.ro\/albaiulia\/wp-content\/uploads\/2025\/02\/1000028238.jpg 1080w, https:\/\/urbeamea.ro\/albaiulia\/wp-content\/uploads\/2025\/02\/1000028238-569x640.jpg 569w, https:\/\/urbeamea.ro\/albaiulia\/wp-content\/uploads\/2025\/02\/1000028238-133x150.jpg 133w, https:\/\/urbeamea.ro\/albaiulia\/wp-content\/uploads\/2025\/02\/1000028238-768x864.jpg 768w\" sizes=\"auto, (max-width: 1080px) 100vw, 1080px\" \/><\/figure>\n\n\n\n<figure class=\"wp-block-image size-large\"><img loading=\"lazy\" decoding=\"async\" width=\"1080\" height=\"719\" data-id=\"116264\" src=\"https:\/\/urbeamea.ro\/albaiulia\/wp-content\/uploads\/2025\/02\/1000028239.jpg\" alt=\"\" class=\"wp-image-116264\" srcset=\"https:\/\/urbeamea.ro\/albaiulia\/wp-content\/uploads\/2025\/02\/1000028239.jpg 1080w, https:\/\/urbeamea.ro\/albaiulia\/wp-content\/uploads\/2025\/02\/1000028239-640x426.jpg 640w, https:\/\/urbeamea.ro\/albaiulia\/wp-content\/uploads\/2025\/02\/1000028239-150x100.jpg 150w, https:\/\/urbeamea.ro\/albaiulia\/wp-content\/uploads\/2025\/02\/1000028239-768x511.jpg 768w\" sizes=\"auto, (max-width: 1080px) 100vw, 1080px\" \/><\/figure>\n\n\n\n<figure class=\"wp-block-image size-large\"><img loading=\"lazy\" decoding=\"async\" width=\"1080\" height=\"853\" data-id=\"116265\" src=\"https:\/\/urbeamea.ro\/albaiulia\/wp-content\/uploads\/2025\/02\/1000028240.jpg\" alt=\"\" class=\"wp-image-116265\" srcset=\"https:\/\/urbeamea.ro\/albaiulia\/wp-content\/uploads\/2025\/02\/1000028240.jpg 1080w, https:\/\/urbeamea.ro\/albaiulia\/wp-content\/uploads\/2025\/02\/1000028240-640x505.jpg 640w, https:\/\/urbeamea.ro\/albaiulia\/wp-content\/uploads\/2025\/02\/1000028240-150x118.jpg 150w, https:\/\/urbeamea.ro\/albaiulia\/wp-content\/uploads\/2025\/02\/1000028240-768x607.jpg 768w\" sizes=\"auto, (max-width: 1080px) 100vw, 1080px\" \/><\/figure>\n\n\n\n<figure class=\"wp-block-image size-large\"><img loading=\"lazy\" decoding=\"async\" width=\"1080\" height=\"813\" data-id=\"116266\" src=\"https:\/\/urbeamea.ro\/albaiulia\/wp-content\/uploads\/2025\/02\/1000028241.jpg\" alt=\"\" class=\"wp-image-116266\" srcset=\"https:\/\/urbeamea.ro\/albaiulia\/wp-content\/uploads\/2025\/02\/1000028241.jpg 1080w, https:\/\/urbeamea.ro\/albaiulia\/wp-content\/uploads\/2025\/02\/1000028241-640x482.jpg 640w, https:\/\/urbeamea.ro\/albaiulia\/wp-content\/uploads\/2025\/02\/1000028241-150x113.jpg 150w, https:\/\/urbeamea.ro\/albaiulia\/wp-content\/uploads\/2025\/02\/1000028241-768x578.jpg 768w\" sizes=\"auto, (max-width: 1080px) 100vw, 1080px\" \/><\/figure>\n\n\n\n<figure class=\"wp-block-image size-large\"><img loading=\"lazy\" decoding=\"async\" width=\"1080\" height=\"719\" data-id=\"116268\" src=\"https:\/\/urbeamea.ro\/albaiulia\/wp-content\/uploads\/2025\/02\/1000028242.jpg\" alt=\"\" class=\"wp-image-116268\" srcset=\"https:\/\/urbeamea.ro\/albaiulia\/wp-content\/uploads\/2025\/02\/1000028242.jpg 1080w, https:\/\/urbeamea.ro\/albaiulia\/wp-content\/uploads\/2025\/02\/1000028242-640x426.jpg 640w, https:\/\/urbeamea.ro\/albaiulia\/wp-content\/uploads\/2025\/02\/1000028242-150x100.jpg 150w, https:\/\/urbeamea.ro\/albaiulia\/wp-content\/uploads\/2025\/02\/1000028242-768x511.jpg 768w\" sizes=\"auto, (max-width: 1080px) 100vw, 1080px\" \/><\/figure>\n<\/figure>\n","protected":false},"excerpt":{"rendered":"<p>Muzeul Palatul Principilor Transilvaniei func\u021bioneaz\u0103 \u00een cadrul Centrului Cultural Palatul Principilor. \u00cen primul an de la inaugurare, institu\u021bia a organizat, pe l\u00e2ng\u0103 expozi\u021bia permanent\u0103, alte 9 expozi\u021bii temporare, zeci de ateliere pentru copii, evenimente: conferin\u021be \u0219tiin\u021bifice, spectacole, concerte, proiec\u021bii de film, spectacole de reconstituire antic\u0103, lans\u0103ri de carte etc., atr\u0103g\u00e2nd parteneri valoro\u0219i, \u00eenc\u0103 de la &hellip;<\/p>\n","protected":false},"author":28,"featured_media":116268,"comment_status":"open","ping_status":"open","sticky":false,"template":"","format":"standard","meta":{"inline_featured_image":false,"footnotes":""},"categories":[2038,2034,1,16344],"tags":[5826],"class_list":["post-116255","post","type-post","status-publish","format-standard","has-post-thumbnail","hentry","category-cultura","category-social","category-stiri-urbane","category-urbea-mea","tag-palatul-principilor"],"yoast_head":"<!-- This site is optimized with the Yoast SEO plugin v27.4 - https:\/\/yoast.com\/product\/yoast-seo-wordpress\/ -->\n<title>Muzeul Palatul Principilor Transilvaniei a fost vizitat de peste 25.000 de persoane \u00een 2024 - Revista Urbea Mea - Revista de Alba<\/title>\n<meta name=\"description\" content=\"Muzeul Palatul Principilor Transilvaniei func\u021bioneaz\u0103 \u00een cadrul Centrului Cultural Palatul Principilor. \u00cen primul an de la inaugurare, institu\u021bia a\" \/>\n<meta name=\"robots\" content=\"index, follow, max-snippet:-1, max-image-preview:large, max-video-preview:-1\" \/>\n<link rel=\"canonical\" href=\"https:\/\/urbeamea.ro\/albaiulia\/muzeul-palatul-principilor-transilvaniei-a-fost-vizitat-de-peste-25-000-de-persoane-in-2024\/\" \/>\n<meta name=\"twitter:card\" content=\"summary_large_image\" \/>\n<meta name=\"twitter:title\" content=\"Muzeul Palatul Principilor Transilvaniei a fost vizitat de peste 25.000 de persoane \u00een 2024 - Revista Urbea Mea - Revista de Alba\" \/>\n<meta name=\"twitter:description\" content=\"Muzeul Palatul Principilor Transilvaniei func\u021bioneaz\u0103 \u00een cadrul Centrului Cultural Palatul Principilor. \u00cen primul an de la inaugurare, institu\u021bia a\" \/>\n<meta name=\"twitter:image\" content=\"https:\/\/urbeamea.ro\/albaiulia\/wp-content\/uploads\/2025\/02\/1000028242.jpg\" \/>\n<meta name=\"twitter:creator\" content=\"@urbeameaweb\" \/>\n<meta name=\"twitter:site\" content=\"@urbeameaweb\" \/>\n<script type=\"application\/ld+json\" class=\"yoast-schema-graph\">{\"@context\":\"https:\\\/\\\/schema.org\",\"@graph\":[{\"@type\":\"Article\",\"@id\":\"https:\\\/\\\/urbeamea.ro\\\/albaiulia\\\/muzeul-palatul-principilor-transilvaniei-a-fost-vizitat-de-peste-25-000-de-persoane-in-2024\\\/#article\",\"isPartOf\":{\"@id\":\"https:\\\/\\\/urbeamea.ro\\\/albaiulia\\\/muzeul-palatul-principilor-transilvaniei-a-fost-vizitat-de-peste-25-000-de-persoane-in-2024\\\/\"},\"author\":{\"name\":\"Giurca Sorin\",\"@id\":\"https:\\\/\\\/urbeamea.ro\\\/albaiulia\\\/#\\\/schema\\\/person\\\/5db3854ac38c1cc9f0ab4092d6a20f02\"},\"headline\":\"Muzeul Palatul Principilor Transilvaniei a fost vizitat de peste 25.000 de persoane \u00een 2024\",\"datePublished\":\"2025-02-06T06:14:22+00:00\",\"dateModified\":\"2025-02-06T06:14:24+00:00\",\"mainEntityOfPage\":{\"@id\":\"https:\\\/\\\/urbeamea.ro\\\/albaiulia\\\/muzeul-palatul-principilor-transilvaniei-a-fost-vizitat-de-peste-25-000-de-persoane-in-2024\\\/\"},\"wordCount\":343,\"commentCount\":0,\"image\":{\"@id\":\"https:\\\/\\\/urbeamea.ro\\\/albaiulia\\\/muzeul-palatul-principilor-transilvaniei-a-fost-vizitat-de-peste-25-000-de-persoane-in-2024\\\/#primaryimage\"},\"thumbnailUrl\":\"https:\\\/\\\/urbeamea.ro\\\/albaiulia\\\/wp-content\\\/uploads\\\/2025\\\/02\\\/1000028242.jpg\",\"keywords\":[\"palatul principilor\"],\"articleSection\":[\"Cultur\u0103\",\"Social\",\"\u015etiri Urbane\",\"Urbea Mea\"],\"inLanguage\":\"ro-RO\",\"potentialAction\":[{\"@type\":\"CommentAction\",\"name\":\"Comment\",\"target\":[\"https:\\\/\\\/urbeamea.ro\\\/albaiulia\\\/muzeul-palatul-principilor-transilvaniei-a-fost-vizitat-de-peste-25-000-de-persoane-in-2024\\\/#respond\"]}]},{\"@type\":\"WebPage\",\"@id\":\"https:\\\/\\\/urbeamea.ro\\\/albaiulia\\\/muzeul-palatul-principilor-transilvaniei-a-fost-vizitat-de-peste-25-000-de-persoane-in-2024\\\/\",\"url\":\"https:\\\/\\\/urbeamea.ro\\\/albaiulia\\\/muzeul-palatul-principilor-transilvaniei-a-fost-vizitat-de-peste-25-000-de-persoane-in-2024\\\/\",\"name\":\"Muzeul Palatul Principilor Transilvaniei a fost vizitat de peste 25.000 de persoane \u00een 2024 - Revista Urbea Mea - Revista de Alba\",\"isPartOf\":{\"@id\":\"https:\\\/\\\/urbeamea.ro\\\/albaiulia\\\/#website\"},\"primaryImageOfPage\":{\"@id\":\"https:\\\/\\\/urbeamea.ro\\\/albaiulia\\\/muzeul-palatul-principilor-transilvaniei-a-fost-vizitat-de-peste-25-000-de-persoane-in-2024\\\/#primaryimage\"},\"image\":{\"@id\":\"https:\\\/\\\/urbeamea.ro\\\/albaiulia\\\/muzeul-palatul-principilor-transilvaniei-a-fost-vizitat-de-peste-25-000-de-persoane-in-2024\\\/#primaryimage\"},\"thumbnailUrl\":\"https:\\\/\\\/urbeamea.ro\\\/albaiulia\\\/wp-content\\\/uploads\\\/2025\\\/02\\\/1000028242.jpg\",\"datePublished\":\"2025-02-06T06:14:22+00:00\",\"dateModified\":\"2025-02-06T06:14:24+00:00\",\"author\":{\"@id\":\"https:\\\/\\\/urbeamea.ro\\\/albaiulia\\\/#\\\/schema\\\/person\\\/5db3854ac38c1cc9f0ab4092d6a20f02\"},\"description\":\"Muzeul Palatul Principilor Transilvaniei func\u021bioneaz\u0103 \u00een cadrul Centrului Cultural Palatul Principilor. \u00cen primul an de la inaugurare, institu\u021bia a\",\"breadcrumb\":{\"@id\":\"https:\\\/\\\/urbeamea.ro\\\/albaiulia\\\/muzeul-palatul-principilor-transilvaniei-a-fost-vizitat-de-peste-25-000-de-persoane-in-2024\\\/#breadcrumb\"},\"inLanguage\":\"ro-RO\",\"potentialAction\":[{\"@type\":\"ReadAction\",\"target\":[\"https:\\\/\\\/urbeamea.ro\\\/albaiulia\\\/muzeul-palatul-principilor-transilvaniei-a-fost-vizitat-de-peste-25-000-de-persoane-in-2024\\\/\"]}]},{\"@type\":\"ImageObject\",\"inLanguage\":\"ro-RO\",\"@id\":\"https:\\\/\\\/urbeamea.ro\\\/albaiulia\\\/muzeul-palatul-principilor-transilvaniei-a-fost-vizitat-de-peste-25-000-de-persoane-in-2024\\\/#primaryimage\",\"url\":\"https:\\\/\\\/urbeamea.ro\\\/albaiulia\\\/wp-content\\\/uploads\\\/2025\\\/02\\\/1000028242.jpg\",\"contentUrl\":\"https:\\\/\\\/urbeamea.ro\\\/albaiulia\\\/wp-content\\\/uploads\\\/2025\\\/02\\\/1000028242.jpg\",\"width\":1080,\"height\":719},{\"@type\":\"BreadcrumbList\",\"@id\":\"https:\\\/\\\/urbeamea.ro\\\/albaiulia\\\/muzeul-palatul-principilor-transilvaniei-a-fost-vizitat-de-peste-25-000-de-persoane-in-2024\\\/#breadcrumb\",\"itemListElement\":[{\"@type\":\"ListItem\",\"position\":1,\"name\":\"Prima pagin\u0103\",\"item\":\"https:\\\/\\\/urbeamea.ro\\\/albaiulia\\\/\"},{\"@type\":\"ListItem\",\"position\":2,\"name\":\"Muzeul Palatul Principilor Transilvaniei a fost vizitat de peste 25.000 de persoane \u00een 2024\"}]},{\"@type\":\"WebSite\",\"@id\":\"https:\\\/\\\/urbeamea.ro\\\/albaiulia\\\/#website\",\"url\":\"https:\\\/\\\/urbeamea.ro\\\/albaiulia\\\/\",\"name\":\"Revista Urbea Mea, Stiri urbane\",\"description\":\"Evenimente \u0219i \u0219tiri din Alba Iulia, Sebe\u0219, Aiud, Blaj\",\"potentialAction\":[{\"@type\":\"SearchAction\",\"target\":{\"@type\":\"EntryPoint\",\"urlTemplate\":\"https:\\\/\\\/urbeamea.ro\\\/albaiulia\\\/?s={search_term_string}\"},\"query-input\":{\"@type\":\"PropertyValueSpecification\",\"valueRequired\":true,\"valueName\":\"search_term_string\"}}],\"inLanguage\":\"ro-RO\"},{\"@type\":\"Person\",\"@id\":\"https:\\\/\\\/urbeamea.ro\\\/albaiulia\\\/#\\\/schema\\\/person\\\/5db3854ac38c1cc9f0ab4092d6a20f02\",\"name\":\"Giurca Sorin\",\"image\":{\"@type\":\"ImageObject\",\"inLanguage\":\"ro-RO\",\"@id\":\"https:\\\/\\\/secure.gravatar.com\\\/avatar\\\/120f6fcae7b3b47a7730cb9943f612f4909f68ac5284b5f40ac1c4615fd70576?s=96&d=mm&r=g\",\"url\":\"https:\\\/\\\/secure.gravatar.com\\\/avatar\\\/120f6fcae7b3b47a7730cb9943f612f4909f68ac5284b5f40ac1c4615fd70576?s=96&d=mm&r=g\",\"contentUrl\":\"https:\\\/\\\/secure.gravatar.com\\\/avatar\\\/120f6fcae7b3b47a7730cb9943f612f4909f68ac5284b5f40ac1c4615fd70576?s=96&d=mm&r=g\",\"caption\":\"Giurca Sorin\"},\"url\":\"https:\\\/\\\/urbeamea.ro\\\/albaiulia\\\/author\\\/sorin\\\/\"}]}<\/script>\n<!-- \/ Yoast SEO plugin. -->","yoast_head_json":{"title":"Muzeul Palatul Principilor Transilvaniei a fost vizitat de peste 25.000 de persoane \u00een 2024 - Revista Urbea Mea - Revista de Alba","description":"Muzeul Palatul Principilor Transilvaniei func\u021bioneaz\u0103 \u00een cadrul Centrului Cultural Palatul Principilor. \u00cen primul an de la inaugurare, institu\u021bia a","robots":{"index":"index","follow":"follow","max-snippet":"max-snippet:-1","max-image-preview":"max-image-preview:large","max-video-preview":"max-video-preview:-1"},"canonical":"https:\/\/urbeamea.ro\/albaiulia\/muzeul-palatul-principilor-transilvaniei-a-fost-vizitat-de-peste-25-000-de-persoane-in-2024\/","twitter_card":"summary_large_image","twitter_title":"Muzeul Palatul Principilor Transilvaniei a fost vizitat de peste 25.000 de persoane \u00een 2024 - Revista Urbea Mea - Revista de Alba","twitter_description":"Muzeul Palatul Principilor Transilvaniei func\u021bioneaz\u0103 \u00een cadrul Centrului Cultural Palatul Principilor. \u00cen primul an de la inaugurare, institu\u021bia a","twitter_image":"https:\/\/urbeamea.ro\/albaiulia\/wp-content\/uploads\/2025\/02\/1000028242.jpg","twitter_creator":"@urbeameaweb","twitter_site":"@urbeameaweb","schema":{"@context":"https:\/\/schema.org","@graph":[{"@type":"Article","@id":"https:\/\/urbeamea.ro\/albaiulia\/muzeul-palatul-principilor-transilvaniei-a-fost-vizitat-de-peste-25-000-de-persoane-in-2024\/#article","isPartOf":{"@id":"https:\/\/urbeamea.ro\/albaiulia\/muzeul-palatul-principilor-transilvaniei-a-fost-vizitat-de-peste-25-000-de-persoane-in-2024\/"},"author":{"name":"Giurca Sorin","@id":"https:\/\/urbeamea.ro\/albaiulia\/#\/schema\/person\/5db3854ac38c1cc9f0ab4092d6a20f02"},"headline":"Muzeul Palatul Principilor Transilvaniei a fost vizitat de peste 25.000 de persoane \u00een 2024","datePublished":"2025-02-06T06:14:22+00:00","dateModified":"2025-02-06T06:14:24+00:00","mainEntityOfPage":{"@id":"https:\/\/urbeamea.ro\/albaiulia\/muzeul-palatul-principilor-transilvaniei-a-fost-vizitat-de-peste-25-000-de-persoane-in-2024\/"},"wordCount":343,"commentCount":0,"image":{"@id":"https:\/\/urbeamea.ro\/albaiulia\/muzeul-palatul-principilor-transilvaniei-a-fost-vizitat-de-peste-25-000-de-persoane-in-2024\/#primaryimage"},"thumbnailUrl":"https:\/\/urbeamea.ro\/albaiulia\/wp-content\/uploads\/2025\/02\/1000028242.jpg","keywords":["palatul principilor"],"articleSection":["Cultur\u0103","Social","\u015etiri Urbane","Urbea Mea"],"inLanguage":"ro-RO","potentialAction":[{"@type":"CommentAction","name":"Comment","target":["https:\/\/urbeamea.ro\/albaiulia\/muzeul-palatul-principilor-transilvaniei-a-fost-vizitat-de-peste-25-000-de-persoane-in-2024\/#respond"]}]},{"@type":"WebPage","@id":"https:\/\/urbeamea.ro\/albaiulia\/muzeul-palatul-principilor-transilvaniei-a-fost-vizitat-de-peste-25-000-de-persoane-in-2024\/","url":"https:\/\/urbeamea.ro\/albaiulia\/muzeul-palatul-principilor-transilvaniei-a-fost-vizitat-de-peste-25-000-de-persoane-in-2024\/","name":"Muzeul Palatul Principilor Transilvaniei a fost vizitat de peste 25.000 de persoane \u00een 2024 - Revista Urbea Mea - Revista de Alba","isPartOf":{"@id":"https:\/\/urbeamea.ro\/albaiulia\/#website"},"primaryImageOfPage":{"@id":"https:\/\/urbeamea.ro\/albaiulia\/muzeul-palatul-principilor-transilvaniei-a-fost-vizitat-de-peste-25-000-de-persoane-in-2024\/#primaryimage"},"image":{"@id":"https:\/\/urbeamea.ro\/albaiulia\/muzeul-palatul-principilor-transilvaniei-a-fost-vizitat-de-peste-25-000-de-persoane-in-2024\/#primaryimage"},"thumbnailUrl":"https:\/\/urbeamea.ro\/albaiulia\/wp-content\/uploads\/2025\/02\/1000028242.jpg","datePublished":"2025-02-06T06:14:22+00:00","dateModified":"2025-02-06T06:14:24+00:00","author":{"@id":"https:\/\/urbeamea.ro\/albaiulia\/#\/schema\/person\/5db3854ac38c1cc9f0ab4092d6a20f02"},"description":"Muzeul Palatul Principilor Transilvaniei func\u021bioneaz\u0103 \u00een cadrul Centrului Cultural Palatul Principilor. \u00cen primul an de la inaugurare, institu\u021bia a","breadcrumb":{"@id":"https:\/\/urbeamea.ro\/albaiulia\/muzeul-palatul-principilor-transilvaniei-a-fost-vizitat-de-peste-25-000-de-persoane-in-2024\/#breadcrumb"},"inLanguage":"ro-RO","potentialAction":[{"@type":"ReadAction","target":["https:\/\/urbeamea.ro\/albaiulia\/muzeul-palatul-principilor-transilvaniei-a-fost-vizitat-de-peste-25-000-de-persoane-in-2024\/"]}]},{"@type":"ImageObject","inLanguage":"ro-RO","@id":"https:\/\/urbeamea.ro\/albaiulia\/muzeul-palatul-principilor-transilvaniei-a-fost-vizitat-de-peste-25-000-de-persoane-in-2024\/#primaryimage","url":"https:\/\/urbeamea.ro\/albaiulia\/wp-content\/uploads\/2025\/02\/1000028242.jpg","contentUrl":"https:\/\/urbeamea.ro\/albaiulia\/wp-content\/uploads\/2025\/02\/1000028242.jpg","width":1080,"height":719},{"@type":"BreadcrumbList","@id":"https:\/\/urbeamea.ro\/albaiulia\/muzeul-palatul-principilor-transilvaniei-a-fost-vizitat-de-peste-25-000-de-persoane-in-2024\/#breadcrumb","itemListElement":[{"@type":"ListItem","position":1,"name":"Prima pagin\u0103","item":"https:\/\/urbeamea.ro\/albaiulia\/"},{"@type":"ListItem","position":2,"name":"Muzeul Palatul Principilor Transilvaniei a fost vizitat de peste 25.000 de persoane \u00een 2024"}]},{"@type":"WebSite","@id":"https:\/\/urbeamea.ro\/albaiulia\/#website","url":"https:\/\/urbeamea.ro\/albaiulia\/","name":"Revista Urbea Mea, Stiri urbane","description":"Evenimente \u0219i \u0219tiri din Alba Iulia, Sebe\u0219, Aiud, Blaj","potentialAction":[{"@type":"SearchAction","target":{"@type":"EntryPoint","urlTemplate":"https:\/\/urbeamea.ro\/albaiulia\/?s={search_term_string}"},"query-input":{"@type":"PropertyValueSpecification","valueRequired":true,"valueName":"search_term_string"}}],"inLanguage":"ro-RO"},{"@type":"Person","@id":"https:\/\/urbeamea.ro\/albaiulia\/#\/schema\/person\/5db3854ac38c1cc9f0ab4092d6a20f02","name":"Giurca Sorin","image":{"@type":"ImageObject","inLanguage":"ro-RO","@id":"https:\/\/secure.gravatar.com\/avatar\/120f6fcae7b3b47a7730cb9943f612f4909f68ac5284b5f40ac1c4615fd70576?s=96&d=mm&r=g","url":"https:\/\/secure.gravatar.com\/avatar\/120f6fcae7b3b47a7730cb9943f612f4909f68ac5284b5f40ac1c4615fd70576?s=96&d=mm&r=g","contentUrl":"https:\/\/secure.gravatar.com\/avatar\/120f6fcae7b3b47a7730cb9943f612f4909f68ac5284b5f40ac1c4615fd70576?s=96&d=mm&r=g","caption":"Giurca Sorin"},"url":"https:\/\/urbeamea.ro\/albaiulia\/author\/sorin\/"}]}},"_links":{"self":[{"href":"https:\/\/urbeamea.ro\/albaiulia\/wp-json\/wp\/v2\/posts\/116255","targetHints":{"allow":["GET"]}}],"collection":[{"href":"https:\/\/urbeamea.ro\/albaiulia\/wp-json\/wp\/v2\/posts"}],"about":[{"href":"https:\/\/urbeamea.ro\/albaiulia\/wp-json\/wp\/v2\/types\/post"}],"author":[{"embeddable":true,"href":"https:\/\/urbeamea.ro\/albaiulia\/wp-json\/wp\/v2\/users\/28"}],"replies":[{"embeddable":true,"href":"https:\/\/urbeamea.ro\/albaiulia\/wp-json\/wp\/v2\/comments?post=116255"}],"version-history":[{"count":1,"href":"https:\/\/urbeamea.ro\/albaiulia\/wp-json\/wp\/v2\/posts\/116255\/revisions"}],"predecessor-version":[{"id":116269,"href":"https:\/\/urbeamea.ro\/albaiulia\/wp-json\/wp\/v2\/posts\/116255\/revisions\/116269"}],"wp:featuredmedia":[{"embeddable":true,"href":"https:\/\/urbeamea.ro\/albaiulia\/wp-json\/wp\/v2\/media\/116268"}],"wp:attachment":[{"href":"https:\/\/urbeamea.ro\/albaiulia\/wp-json\/wp\/v2\/media?parent=116255"}],"wp:term":[{"taxonomy":"category","embeddable":true,"href":"https:\/\/urbeamea.ro\/albaiulia\/wp-json\/wp\/v2\/categories?post=116255"},{"taxonomy":"post_tag","embeddable":true,"href":"https:\/\/urbeamea.ro\/albaiulia\/wp-json\/wp\/v2\/tags?post=116255"}],"curies":[{"name":"wp","href":"https:\/\/api.w.org\/{rel}","templated":true}]}}