{"id":116270,"date":"2025-02-06T16:48:46","date_gmt":"2025-02-06T14:48:46","guid":{"rendered":"https:\/\/urbeamea.ro\/albaiulia\/?p=116270"},"modified":"2025-02-06T16:48:48","modified_gmt":"2025-02-06T14:48:48","slug":"finantare-de-peste-3-milioane-de-lei-pentru-grupul-de-actiune-locala-alba-iulia-incluziva","status":"publish","type":"post","link":"https:\/\/urbeamea.ro\/albaiulia\/finantare-de-peste-3-milioane-de-lei-pentru-grupul-de-actiune-locala-alba-iulia-incluziva\/","title":{"rendered":"Finan\u021bare de peste 3 milioane de lei, pentru Grupul de Ac\u021biune Local\u0103 &#8222;Alba Iulia Incluziv\u0103&#8221;"},"content":{"rendered":"\n<p><strong>Grupul de Ac\u021biune Local\u0103 &#8221; Alba Iulia Incluziv\u0103&#8221; a ob\u021binut o finan\u021bare de peste 3 milioane de lei, pentru Strategia de Dezvoltare Local\u0103- GAL Alba Iulia Incluziv\u0103 II.<\/strong><\/p>\n\n\n\n<p>Anun\u021bul a fost f\u0103cut de c\u0103tre primarul municipiului Alba Iulia, Gabriel Ple\u0219a printr-o postare pe pagina de Facebook.<\/p>\n\n\n\n<p>&#8222;Grupul de Ac\u021biune Local\u0103 \u201dAlba Iulia Incluziv\u0103 \u201d a ob\u021binut finan\u021barea pentru Strategia de Dezvoltare Local\u0103 \u2013 GAL Alba Iulia Incluziv\u0103 II, \u00een valoare de peste 3 milioane de lei, proiect finan\u021bat  prin  Programului Opera\u021bional Incluziune \u0219i Demnitate Social\u0103 (PIDS) 2021-2027.  Aceast\u0103 finan\u021bare ofer\u0103 oportunitatea de a continua eforturile dedicate dezvolt\u0103rii unei comunit\u0103\u021bi incluzive \u0219i prospere, \u00een perioada 2024 \u2013 2027.<\/p>\n\n\n\n<p>Prin implementarea noii strategii, GAL Alba Iulia se va concentra asupra unor direc\u021bii esen\u021biale pentru \u00eembun\u0103t\u0103\u021birea calit\u0103\u021bii vie\u021bii cet\u0103\u021benilor no\u0219tri: dezvoltarea infrastructurii locative, cre\u0219terea accesului persoanelor marginalizate la servicii sociale, sprijin pentru integrarea pe pia\u021ba muncii \u0219i \u00eembun\u0103t\u0103\u021birea st\u0103rii de s\u0103n\u0103tate prin programe dedicate, reducerea ratei s\u0103r\u0103ciei \u00een r\u00e2ndul copiilor din comunitatea \u021bint\u0103 prin sprijin educa\u021bional \u0219i m\u0103suri pentru combaterea abandonului \u0219colar precum \u0219i consolidarea coeziunii sociale \u0219i cre\u0219terea vizibilit\u0103\u021bii comunit\u0103\u021bii prin ini\u021biative de incluziune \u0219i dezvoltare local\u0103.<\/p>\n\n\n\n<p>Dezvoltarea incluziv\u0103 nu ar trebui s\u0103 fie doar un concept urbanistic, ci o declara\u021bie de grij\u0103 fa\u021b\u0103 de comunitate. Un ora\u0219 nu \u00eenseamn\u0103 doar cl\u0103diri, str\u0103zi \u0219i luminile care se aprind la c\u0103derea serii.<\/p>\n\n\n\n<p> Un ora\u0219 \u00eenseamn\u0103 oamenii care \u00eel locuiesc, pa\u0219ii care r\u0103sun\u0103 pe trotuare, glasurile care se amestec\u0103 \u00een pie\u021be, visurile care se \u021bes \u00een fiecare col\u021b. <\/p>\n\n\n\n<p>Un ora\u0219 adev\u0103rat este acela care \u00ee\u0219i \u00eembr\u0103\u021bi\u0219eaz\u0103 to\u021bi locuitorii, indiferent de v\u00e2rst\u0103, statut sau abilitate. C\u00e2nd construim cu g\u00e2ndul la to\u021bi, ridic\u0103m nu doar ziduri, ci pun\u021bi \u00eentre oameni. <\/p>\n\n\n\n<p>Un ora\u0219 nu apar\u021bine doar unora. El apar\u021bine tuturor.<\/p>\n\n\n\n<p>Felicit\u0103ri tuturor celor care contribuie la implementarea acestui proiect ambi\u021bios, prin care municipiul Alba Iulia devine un exemplu de dezvoltare incluziv\u0103&#8221;  a transmis, joi, primarul Gabriel Ple\u0219a.<\/p>\n\n\n\n<figure class=\"wp-block-image size-large\"><img loading=\"lazy\" decoding=\"async\" width=\"960\" height=\"1280\" src=\"https:\/\/urbeamea.ro\/albaiulia\/wp-content\/uploads\/2025\/02\/1000028250-960x1280.jpg\" alt=\"\" class=\"wp-image-116271\" srcset=\"https:\/\/urbeamea.ro\/albaiulia\/wp-content\/uploads\/2025\/02\/1000028250-960x1280.jpg 960w, https:\/\/urbeamea.ro\/albaiulia\/wp-content\/uploads\/2025\/02\/1000028250-480x640.jpg 480w, https:\/\/urbeamea.ro\/albaiulia\/wp-content\/uploads\/2025\/02\/1000028250-113x150.jpg 113w, https:\/\/urbeamea.ro\/albaiulia\/wp-content\/uploads\/2025\/02\/1000028250-768x1024.jpg 768w, https:\/\/urbeamea.ro\/albaiulia\/wp-content\/uploads\/2025\/02\/1000028250.jpg 1080w\" sizes=\"auto, (max-width: 960px) 100vw, 960px\" \/><\/figure>\n\n\n\n<figure class=\"wp-block-gallery has-nested-images columns-default is-cropped wp-block-gallery-1 is-layout-flex wp-block-gallery-is-layout-flex\">\n<figure class=\"wp-block-image size-large\"><img loading=\"lazy\" decoding=\"async\" width=\"1080\" height=\"810\" data-id=\"116272\" src=\"https:\/\/urbeamea.ro\/albaiulia\/wp-content\/uploads\/2025\/02\/1000028251.jpg\" alt=\"\" class=\"wp-image-116272\" srcset=\"https:\/\/urbeamea.ro\/albaiulia\/wp-content\/uploads\/2025\/02\/1000028251.jpg 1080w, https:\/\/urbeamea.ro\/albaiulia\/wp-content\/uploads\/2025\/02\/1000028251-640x480.jpg 640w, https:\/\/urbeamea.ro\/albaiulia\/wp-content\/uploads\/2025\/02\/1000028251-150x113.jpg 150w, https:\/\/urbeamea.ro\/albaiulia\/wp-content\/uploads\/2025\/02\/1000028251-768x576.jpg 768w\" sizes=\"auto, (max-width: 1080px) 100vw, 1080px\" \/><\/figure>\n\n\n\n<figure class=\"wp-block-image size-large\"><img loading=\"lazy\" decoding=\"async\" width=\"1080\" height=\"810\" data-id=\"116273\" src=\"https:\/\/urbeamea.ro\/albaiulia\/wp-content\/uploads\/2025\/02\/1000028254.jpg\" alt=\"\" class=\"wp-image-116273\" srcset=\"https:\/\/urbeamea.ro\/albaiulia\/wp-content\/uploads\/2025\/02\/1000028254.jpg 1080w, https:\/\/urbeamea.ro\/albaiulia\/wp-content\/uploads\/2025\/02\/1000028254-640x480.jpg 640w, https:\/\/urbeamea.ro\/albaiulia\/wp-content\/uploads\/2025\/02\/1000028254-150x113.jpg 150w, https:\/\/urbeamea.ro\/albaiulia\/wp-content\/uploads\/2025\/02\/1000028254-768x576.jpg 768w\" sizes=\"auto, (max-width: 1080px) 100vw, 1080px\" \/><\/figure>\n\n\n\n<figure class=\"wp-block-image size-large\"><img loading=\"lazy\" decoding=\"async\" width=\"1080\" height=\"810\" data-id=\"116274\" src=\"https:\/\/urbeamea.ro\/albaiulia\/wp-content\/uploads\/2025\/02\/1000028253.jpg\" alt=\"\" class=\"wp-image-116274\" srcset=\"https:\/\/urbeamea.ro\/albaiulia\/wp-content\/uploads\/2025\/02\/1000028253.jpg 1080w, https:\/\/urbeamea.ro\/albaiulia\/wp-content\/uploads\/2025\/02\/1000028253-640x480.jpg 640w, https:\/\/urbeamea.ro\/albaiulia\/wp-content\/uploads\/2025\/02\/1000028253-150x113.jpg 150w, https:\/\/urbeamea.ro\/albaiulia\/wp-content\/uploads\/2025\/02\/1000028253-768x576.jpg 768w\" sizes=\"auto, (max-width: 1080px) 100vw, 1080px\" \/><\/figure>\n\n\n\n<figure class=\"wp-block-image size-large\"><img loading=\"lazy\" decoding=\"async\" width=\"1080\" height=\"810\" data-id=\"116275\" src=\"https:\/\/urbeamea.ro\/albaiulia\/wp-content\/uploads\/2025\/02\/1000028252.jpg\" alt=\"\" class=\"wp-image-116275\" srcset=\"https:\/\/urbeamea.ro\/albaiulia\/wp-content\/uploads\/2025\/02\/1000028252.jpg 1080w, https:\/\/urbeamea.ro\/albaiulia\/wp-content\/uploads\/2025\/02\/1000028252-640x480.jpg 640w, https:\/\/urbeamea.ro\/albaiulia\/wp-content\/uploads\/2025\/02\/1000028252-150x113.jpg 150w, https:\/\/urbeamea.ro\/albaiulia\/wp-content\/uploads\/2025\/02\/1000028252-768x576.jpg 768w\" sizes=\"auto, (max-width: 1080px) 100vw, 1080px\" \/><\/figure>\n<\/figure>\n\n\n\n<p><\/p>\n","protected":false},"excerpt":{"rendered":"<p>Grupul de Ac\u021biune Local\u0103 &#8221; Alba Iulia Incluziv\u0103&#8221; a ob\u021binut o finan\u021bare de peste 3 milioane de lei, pentru Strategia de Dezvoltare Local\u0103- GAL Alba Iulia Incluziv\u0103 II. Anun\u021bul a fost f\u0103cut de c\u0103tre primarul municipiului Alba Iulia, Gabriel Ple\u0219a printr-o postare pe pagina de Facebook. &#8222;Grupul de Ac\u021biune Local\u0103 \u201dAlba Iulia Incluziv\u0103 \u201d a &hellip;<\/p>\n","protected":false},"author":28,"featured_media":116272,"comment_status":"open","ping_status":"open","sticky":false,"template":"","format":"standard","meta":{"inline_featured_image":false,"footnotes":""},"categories":[2034,1,16344],"tags":[25202],"class_list":["post-116270","post","type-post","status-publish","format-standard","has-post-thumbnail","hentry","category-social","category-stiri-urbane","category-urbea-mea","tag-grupul-de-actiune-locala"],"yoast_head":"<!-- This site is optimized with the Yoast SEO plugin v27.4 - https:\/\/yoast.com\/product\/yoast-seo-wordpress\/ -->\n<title>Finan\u021bare de peste 3 milioane de lei, pentru Grupul de Ac\u021biune Local\u0103 &quot;Alba Iulia Incluziv\u0103&quot; - Revista Urbea Mea - Revista de Alba<\/title>\n<meta name=\"description\" content=\"Grupul de Ac\u021biune Local\u0103 &quot; Alba Iulia Incluziv\u0103&quot; a ob\u021binut o finan\u021bare de peste 3 milioane de lei, pentru Strategia de Dezvoltare Local\u0103- GAL Alba Iulia\" \/>\n<meta name=\"robots\" content=\"index, follow, max-snippet:-1, max-image-preview:large, max-video-preview:-1\" \/>\n<link rel=\"canonical\" href=\"https:\/\/urbeamea.ro\/albaiulia\/finantare-de-peste-3-milioane-de-lei-pentru-grupul-de-actiune-locala-alba-iulia-incluziva\/\" \/>\n<meta name=\"twitter:card\" content=\"summary_large_image\" \/>\n<meta name=\"twitter:title\" content=\"Finan\u021bare de peste 3 milioane de lei, pentru Grupul de Ac\u021biune Local\u0103 &quot;Alba Iulia Incluziv\u0103&quot; - Revista Urbea Mea - Revista de Alba\" \/>\n<meta name=\"twitter:description\" content=\"Grupul de Ac\u021biune Local\u0103 &quot; Alba Iulia Incluziv\u0103&quot; a ob\u021binut o finan\u021bare de peste 3 milioane de lei, pentru Strategia de Dezvoltare Local\u0103- GAL Alba Iulia\" \/>\n<meta name=\"twitter:image\" content=\"https:\/\/urbeamea.ro\/albaiulia\/wp-content\/uploads\/2025\/02\/1000028251.jpg\" \/>\n<meta name=\"twitter:creator\" content=\"@urbeameaweb\" \/>\n<meta name=\"twitter:site\" content=\"@urbeameaweb\" \/>\n<script type=\"application\/ld+json\" class=\"yoast-schema-graph\">{\"@context\":\"https:\\\/\\\/schema.org\",\"@graph\":[{\"@type\":\"Article\",\"@id\":\"https:\\\/\\\/urbeamea.ro\\\/albaiulia\\\/finantare-de-peste-3-milioane-de-lei-pentru-grupul-de-actiune-locala-alba-iulia-incluziva\\\/#article\",\"isPartOf\":{\"@id\":\"https:\\\/\\\/urbeamea.ro\\\/albaiulia\\\/finantare-de-peste-3-milioane-de-lei-pentru-grupul-de-actiune-locala-alba-iulia-incluziva\\\/\"},\"author\":{\"name\":\"Giurca Sorin\",\"@id\":\"https:\\\/\\\/urbeamea.ro\\\/albaiulia\\\/#\\\/schema\\\/person\\\/5db3854ac38c1cc9f0ab4092d6a20f02\"},\"headline\":\"Finan\u021bare de peste 3 milioane de lei, pentru Grupul de Ac\u021biune Local\u0103 &#8222;Alba Iulia Incluziv\u0103&#8221;\",\"datePublished\":\"2025-02-06T14:48:46+00:00\",\"dateModified\":\"2025-02-06T14:48:48+00:00\",\"mainEntityOfPage\":{\"@id\":\"https:\\\/\\\/urbeamea.ro\\\/albaiulia\\\/finantare-de-peste-3-milioane-de-lei-pentru-grupul-de-actiune-locala-alba-iulia-incluziva\\\/\"},\"wordCount\":380,\"commentCount\":0,\"image\":{\"@id\":\"https:\\\/\\\/urbeamea.ro\\\/albaiulia\\\/finantare-de-peste-3-milioane-de-lei-pentru-grupul-de-actiune-locala-alba-iulia-incluziva\\\/#primaryimage\"},\"thumbnailUrl\":\"https:\\\/\\\/urbeamea.ro\\\/albaiulia\\\/wp-content\\\/uploads\\\/2025\\\/02\\\/1000028251.jpg\",\"keywords\":[\"Grupul de Ac\u021biune Local\u0103\"],\"articleSection\":[\"Social\",\"\u015etiri Urbane\",\"Urbea Mea\"],\"inLanguage\":\"ro-RO\",\"potentialAction\":[{\"@type\":\"CommentAction\",\"name\":\"Comment\",\"target\":[\"https:\\\/\\\/urbeamea.ro\\\/albaiulia\\\/finantare-de-peste-3-milioane-de-lei-pentru-grupul-de-actiune-locala-alba-iulia-incluziva\\\/#respond\"]}]},{\"@type\":\"WebPage\",\"@id\":\"https:\\\/\\\/urbeamea.ro\\\/albaiulia\\\/finantare-de-peste-3-milioane-de-lei-pentru-grupul-de-actiune-locala-alba-iulia-incluziva\\\/\",\"url\":\"https:\\\/\\\/urbeamea.ro\\\/albaiulia\\\/finantare-de-peste-3-milioane-de-lei-pentru-grupul-de-actiune-locala-alba-iulia-incluziva\\\/\",\"name\":\"Finan\u021bare de peste 3 milioane de lei, pentru Grupul de Ac\u021biune Local\u0103 \\\"Alba Iulia Incluziv\u0103\\\" - Revista Urbea Mea - Revista de Alba\",\"isPartOf\":{\"@id\":\"https:\\\/\\\/urbeamea.ro\\\/albaiulia\\\/#website\"},\"primaryImageOfPage\":{\"@id\":\"https:\\\/\\\/urbeamea.ro\\\/albaiulia\\\/finantare-de-peste-3-milioane-de-lei-pentru-grupul-de-actiune-locala-alba-iulia-incluziva\\\/#primaryimage\"},\"image\":{\"@id\":\"https:\\\/\\\/urbeamea.ro\\\/albaiulia\\\/finantare-de-peste-3-milioane-de-lei-pentru-grupul-de-actiune-locala-alba-iulia-incluziva\\\/#primaryimage\"},\"thumbnailUrl\":\"https:\\\/\\\/urbeamea.ro\\\/albaiulia\\\/wp-content\\\/uploads\\\/2025\\\/02\\\/1000028251.jpg\",\"datePublished\":\"2025-02-06T14:48:46+00:00\",\"dateModified\":\"2025-02-06T14:48:48+00:00\",\"author\":{\"@id\":\"https:\\\/\\\/urbeamea.ro\\\/albaiulia\\\/#\\\/schema\\\/person\\\/5db3854ac38c1cc9f0ab4092d6a20f02\"},\"description\":\"Grupul de Ac\u021biune Local\u0103 \\\" Alba Iulia Incluziv\u0103\\\" a ob\u021binut o finan\u021bare de peste 3 milioane de lei, pentru Strategia de Dezvoltare Local\u0103- GAL Alba Iulia\",\"breadcrumb\":{\"@id\":\"https:\\\/\\\/urbeamea.ro\\\/albaiulia\\\/finantare-de-peste-3-milioane-de-lei-pentru-grupul-de-actiune-locala-alba-iulia-incluziva\\\/#breadcrumb\"},\"inLanguage\":\"ro-RO\",\"potentialAction\":[{\"@type\":\"ReadAction\",\"target\":[\"https:\\\/\\\/urbeamea.ro\\\/albaiulia\\\/finantare-de-peste-3-milioane-de-lei-pentru-grupul-de-actiune-locala-alba-iulia-incluziva\\\/\"]}]},{\"@type\":\"ImageObject\",\"inLanguage\":\"ro-RO\",\"@id\":\"https:\\\/\\\/urbeamea.ro\\\/albaiulia\\\/finantare-de-peste-3-milioane-de-lei-pentru-grupul-de-actiune-locala-alba-iulia-incluziva\\\/#primaryimage\",\"url\":\"https:\\\/\\\/urbeamea.ro\\\/albaiulia\\\/wp-content\\\/uploads\\\/2025\\\/02\\\/1000028251.jpg\",\"contentUrl\":\"https:\\\/\\\/urbeamea.ro\\\/albaiulia\\\/wp-content\\\/uploads\\\/2025\\\/02\\\/1000028251.jpg\",\"width\":1080,\"height\":810},{\"@type\":\"BreadcrumbList\",\"@id\":\"https:\\\/\\\/urbeamea.ro\\\/albaiulia\\\/finantare-de-peste-3-milioane-de-lei-pentru-grupul-de-actiune-locala-alba-iulia-incluziva\\\/#breadcrumb\",\"itemListElement\":[{\"@type\":\"ListItem\",\"position\":1,\"name\":\"Prima pagin\u0103\",\"item\":\"https:\\\/\\\/urbeamea.ro\\\/albaiulia\\\/\"},{\"@type\":\"ListItem\",\"position\":2,\"name\":\"Finan\u021bare de peste 3 milioane de lei, pentru Grupul de Ac\u021biune Local\u0103 &#8222;Alba Iulia Incluziv\u0103&#8221;\"}]},{\"@type\":\"WebSite\",\"@id\":\"https:\\\/\\\/urbeamea.ro\\\/albaiulia\\\/#website\",\"url\":\"https:\\\/\\\/urbeamea.ro\\\/albaiulia\\\/\",\"name\":\"Revista Urbea Mea, Stiri urbane\",\"description\":\"Evenimente \u0219i \u0219tiri din Alba Iulia, Sebe\u0219, Aiud, Blaj\",\"potentialAction\":[{\"@type\":\"SearchAction\",\"target\":{\"@type\":\"EntryPoint\",\"urlTemplate\":\"https:\\\/\\\/urbeamea.ro\\\/albaiulia\\\/?s={search_term_string}\"},\"query-input\":{\"@type\":\"PropertyValueSpecification\",\"valueRequired\":true,\"valueName\":\"search_term_string\"}}],\"inLanguage\":\"ro-RO\"},{\"@type\":\"Person\",\"@id\":\"https:\\\/\\\/urbeamea.ro\\\/albaiulia\\\/#\\\/schema\\\/person\\\/5db3854ac38c1cc9f0ab4092d6a20f02\",\"name\":\"Giurca Sorin\",\"image\":{\"@type\":\"ImageObject\",\"inLanguage\":\"ro-RO\",\"@id\":\"https:\\\/\\\/secure.gravatar.com\\\/avatar\\\/120f6fcae7b3b47a7730cb9943f612f4909f68ac5284b5f40ac1c4615fd70576?s=96&d=mm&r=g\",\"url\":\"https:\\\/\\\/secure.gravatar.com\\\/avatar\\\/120f6fcae7b3b47a7730cb9943f612f4909f68ac5284b5f40ac1c4615fd70576?s=96&d=mm&r=g\",\"contentUrl\":\"https:\\\/\\\/secure.gravatar.com\\\/avatar\\\/120f6fcae7b3b47a7730cb9943f612f4909f68ac5284b5f40ac1c4615fd70576?s=96&d=mm&r=g\",\"caption\":\"Giurca Sorin\"},\"url\":\"https:\\\/\\\/urbeamea.ro\\\/albaiulia\\\/author\\\/sorin\\\/\"}]}<\/script>\n<!-- \/ Yoast SEO plugin. -->","yoast_head_json":{"title":"Finan\u021bare de peste 3 milioane de lei, pentru Grupul de Ac\u021biune Local\u0103 \"Alba Iulia Incluziv\u0103\" - Revista Urbea Mea - Revista de Alba","description":"Grupul de Ac\u021biune Local\u0103 \" Alba Iulia Incluziv\u0103\" a ob\u021binut o finan\u021bare de peste 3 milioane de lei, pentru Strategia de Dezvoltare Local\u0103- GAL Alba Iulia","robots":{"index":"index","follow":"follow","max-snippet":"max-snippet:-1","max-image-preview":"max-image-preview:large","max-video-preview":"max-video-preview:-1"},"canonical":"https:\/\/urbeamea.ro\/albaiulia\/finantare-de-peste-3-milioane-de-lei-pentru-grupul-de-actiune-locala-alba-iulia-incluziva\/","twitter_card":"summary_large_image","twitter_title":"Finan\u021bare de peste 3 milioane de lei, pentru Grupul de Ac\u021biune Local\u0103 \"Alba Iulia Incluziv\u0103\" - Revista Urbea Mea - Revista de Alba","twitter_description":"Grupul de Ac\u021biune Local\u0103 \" Alba Iulia Incluziv\u0103\" a ob\u021binut o finan\u021bare de peste 3 milioane de lei, pentru Strategia de Dezvoltare Local\u0103- GAL Alba Iulia","twitter_image":"https:\/\/urbeamea.ro\/albaiulia\/wp-content\/uploads\/2025\/02\/1000028251.jpg","twitter_creator":"@urbeameaweb","twitter_site":"@urbeameaweb","schema":{"@context":"https:\/\/schema.org","@graph":[{"@type":"Article","@id":"https:\/\/urbeamea.ro\/albaiulia\/finantare-de-peste-3-milioane-de-lei-pentru-grupul-de-actiune-locala-alba-iulia-incluziva\/#article","isPartOf":{"@id":"https:\/\/urbeamea.ro\/albaiulia\/finantare-de-peste-3-milioane-de-lei-pentru-grupul-de-actiune-locala-alba-iulia-incluziva\/"},"author":{"name":"Giurca Sorin","@id":"https:\/\/urbeamea.ro\/albaiulia\/#\/schema\/person\/5db3854ac38c1cc9f0ab4092d6a20f02"},"headline":"Finan\u021bare de peste 3 milioane de lei, pentru Grupul de Ac\u021biune Local\u0103 &#8222;Alba Iulia Incluziv\u0103&#8221;","datePublished":"2025-02-06T14:48:46+00:00","dateModified":"2025-02-06T14:48:48+00:00","mainEntityOfPage":{"@id":"https:\/\/urbeamea.ro\/albaiulia\/finantare-de-peste-3-milioane-de-lei-pentru-grupul-de-actiune-locala-alba-iulia-incluziva\/"},"wordCount":380,"commentCount":0,"image":{"@id":"https:\/\/urbeamea.ro\/albaiulia\/finantare-de-peste-3-milioane-de-lei-pentru-grupul-de-actiune-locala-alba-iulia-incluziva\/#primaryimage"},"thumbnailUrl":"https:\/\/urbeamea.ro\/albaiulia\/wp-content\/uploads\/2025\/02\/1000028251.jpg","keywords":["Grupul de Ac\u021biune Local\u0103"],"articleSection":["Social","\u015etiri Urbane","Urbea Mea"],"inLanguage":"ro-RO","potentialAction":[{"@type":"CommentAction","name":"Comment","target":["https:\/\/urbeamea.ro\/albaiulia\/finantare-de-peste-3-milioane-de-lei-pentru-grupul-de-actiune-locala-alba-iulia-incluziva\/#respond"]}]},{"@type":"WebPage","@id":"https:\/\/urbeamea.ro\/albaiulia\/finantare-de-peste-3-milioane-de-lei-pentru-grupul-de-actiune-locala-alba-iulia-incluziva\/","url":"https:\/\/urbeamea.ro\/albaiulia\/finantare-de-peste-3-milioane-de-lei-pentru-grupul-de-actiune-locala-alba-iulia-incluziva\/","name":"Finan\u021bare de peste 3 milioane de lei, pentru Grupul de Ac\u021biune Local\u0103 \"Alba Iulia Incluziv\u0103\" - Revista Urbea Mea - Revista de Alba","isPartOf":{"@id":"https:\/\/urbeamea.ro\/albaiulia\/#website"},"primaryImageOfPage":{"@id":"https:\/\/urbeamea.ro\/albaiulia\/finantare-de-peste-3-milioane-de-lei-pentru-grupul-de-actiune-locala-alba-iulia-incluziva\/#primaryimage"},"image":{"@id":"https:\/\/urbeamea.ro\/albaiulia\/finantare-de-peste-3-milioane-de-lei-pentru-grupul-de-actiune-locala-alba-iulia-incluziva\/#primaryimage"},"thumbnailUrl":"https:\/\/urbeamea.ro\/albaiulia\/wp-content\/uploads\/2025\/02\/1000028251.jpg","datePublished":"2025-02-06T14:48:46+00:00","dateModified":"2025-02-06T14:48:48+00:00","author":{"@id":"https:\/\/urbeamea.ro\/albaiulia\/#\/schema\/person\/5db3854ac38c1cc9f0ab4092d6a20f02"},"description":"Grupul de Ac\u021biune Local\u0103 \" Alba Iulia Incluziv\u0103\" a ob\u021binut o finan\u021bare de peste 3 milioane de lei, pentru Strategia de Dezvoltare Local\u0103- GAL Alba Iulia","breadcrumb":{"@id":"https:\/\/urbeamea.ro\/albaiulia\/finantare-de-peste-3-milioane-de-lei-pentru-grupul-de-actiune-locala-alba-iulia-incluziva\/#breadcrumb"},"inLanguage":"ro-RO","potentialAction":[{"@type":"ReadAction","target":["https:\/\/urbeamea.ro\/albaiulia\/finantare-de-peste-3-milioane-de-lei-pentru-grupul-de-actiune-locala-alba-iulia-incluziva\/"]}]},{"@type":"ImageObject","inLanguage":"ro-RO","@id":"https:\/\/urbeamea.ro\/albaiulia\/finantare-de-peste-3-milioane-de-lei-pentru-grupul-de-actiune-locala-alba-iulia-incluziva\/#primaryimage","url":"https:\/\/urbeamea.ro\/albaiulia\/wp-content\/uploads\/2025\/02\/1000028251.jpg","contentUrl":"https:\/\/urbeamea.ro\/albaiulia\/wp-content\/uploads\/2025\/02\/1000028251.jpg","width":1080,"height":810},{"@type":"BreadcrumbList","@id":"https:\/\/urbeamea.ro\/albaiulia\/finantare-de-peste-3-milioane-de-lei-pentru-grupul-de-actiune-locala-alba-iulia-incluziva\/#breadcrumb","itemListElement":[{"@type":"ListItem","position":1,"name":"Prima pagin\u0103","item":"https:\/\/urbeamea.ro\/albaiulia\/"},{"@type":"ListItem","position":2,"name":"Finan\u021bare de peste 3 milioane de lei, pentru Grupul de Ac\u021biune Local\u0103 &#8222;Alba Iulia Incluziv\u0103&#8221;"}]},{"@type":"WebSite","@id":"https:\/\/urbeamea.ro\/albaiulia\/#website","url":"https:\/\/urbeamea.ro\/albaiulia\/","name":"Revista Urbea Mea, Stiri urbane","description":"Evenimente \u0219i \u0219tiri din Alba Iulia, Sebe\u0219, Aiud, Blaj","potentialAction":[{"@type":"SearchAction","target":{"@type":"EntryPoint","urlTemplate":"https:\/\/urbeamea.ro\/albaiulia\/?s={search_term_string}"},"query-input":{"@type":"PropertyValueSpecification","valueRequired":true,"valueName":"search_term_string"}}],"inLanguage":"ro-RO"},{"@type":"Person","@id":"https:\/\/urbeamea.ro\/albaiulia\/#\/schema\/person\/5db3854ac38c1cc9f0ab4092d6a20f02","name":"Giurca Sorin","image":{"@type":"ImageObject","inLanguage":"ro-RO","@id":"https:\/\/secure.gravatar.com\/avatar\/120f6fcae7b3b47a7730cb9943f612f4909f68ac5284b5f40ac1c4615fd70576?s=96&d=mm&r=g","url":"https:\/\/secure.gravatar.com\/avatar\/120f6fcae7b3b47a7730cb9943f612f4909f68ac5284b5f40ac1c4615fd70576?s=96&d=mm&r=g","contentUrl":"https:\/\/secure.gravatar.com\/avatar\/120f6fcae7b3b47a7730cb9943f612f4909f68ac5284b5f40ac1c4615fd70576?s=96&d=mm&r=g","caption":"Giurca Sorin"},"url":"https:\/\/urbeamea.ro\/albaiulia\/author\/sorin\/"}]}},"_links":{"self":[{"href":"https:\/\/urbeamea.ro\/albaiulia\/wp-json\/wp\/v2\/posts\/116270","targetHints":{"allow":["GET"]}}],"collection":[{"href":"https:\/\/urbeamea.ro\/albaiulia\/wp-json\/wp\/v2\/posts"}],"about":[{"href":"https:\/\/urbeamea.ro\/albaiulia\/wp-json\/wp\/v2\/types\/post"}],"author":[{"embeddable":true,"href":"https:\/\/urbeamea.ro\/albaiulia\/wp-json\/wp\/v2\/users\/28"}],"replies":[{"embeddable":true,"href":"https:\/\/urbeamea.ro\/albaiulia\/wp-json\/wp\/v2\/comments?post=116270"}],"version-history":[{"count":1,"href":"https:\/\/urbeamea.ro\/albaiulia\/wp-json\/wp\/v2\/posts\/116270\/revisions"}],"predecessor-version":[{"id":116276,"href":"https:\/\/urbeamea.ro\/albaiulia\/wp-json\/wp\/v2\/posts\/116270\/revisions\/116276"}],"wp:featuredmedia":[{"embeddable":true,"href":"https:\/\/urbeamea.ro\/albaiulia\/wp-json\/wp\/v2\/media\/116272"}],"wp:attachment":[{"href":"https:\/\/urbeamea.ro\/albaiulia\/wp-json\/wp\/v2\/media?parent=116270"}],"wp:term":[{"taxonomy":"category","embeddable":true,"href":"https:\/\/urbeamea.ro\/albaiulia\/wp-json\/wp\/v2\/categories?post=116270"},{"taxonomy":"post_tag","embeddable":true,"href":"https:\/\/urbeamea.ro\/albaiulia\/wp-json\/wp\/v2\/tags?post=116270"}],"curies":[{"name":"wp","href":"https:\/\/api.w.org\/{rel}","templated":true}]}}