{"id":116306,"date":"2025-02-11T15:37:46","date_gmt":"2025-02-11T13:37:46","guid":{"rendered":"https:\/\/urbeamea.ro\/albaiulia\/?p=116306"},"modified":"2025-02-11T15:37:47","modified_gmt":"2025-02-11T13:37:47","slug":"municipiul-alba-iulia-va-participa-la-targul-international-de-turism-travel-2025-care-se-va-desfasura-in-ungaria","status":"publish","type":"post","link":"https:\/\/urbeamea.ro\/albaiulia\/municipiul-alba-iulia-va-participa-la-targul-international-de-turism-travel-2025-care-se-va-desfasura-in-ungaria\/","title":{"rendered":"Municipiul Alba Iulia va participa la T\u00e2rgul Interna\u021bional de Turism Travel+ 2025, care se va desf\u0103\u0219ura \u00een Ungaria"},"content":{"rendered":"\n<p><strong>Municipiul Alba Iulia va participa \u00een perioada 20 &#8211; 23 februarie, T\u00e2rgul Interna\u021bional de Turism Travel+ 2025, desf\u0103\u0219urat la Hungexpo, din capitala Ungariei, Budapesta.<\/strong><\/p>\n\n\n\n<p>&#8222;Alba Iulia are, din nou, curajul s\u0103 ias\u0103 din pluton. S\u0103 fie diferit\u0103, s\u0103 priveasc\u0103 \u0219i s\u0103 ajung\u0103 mai departe, mereu mai departe.<\/p>\n\n\n\n<p>\u00centre 20 \u0219i 23 februarie, Alba Iulia va participa la T\u00e2rgul Interna\u021bional de Turism TRAVEL+ 2025, Hungexpo, Budapesta<\/p>\n\n\n\n<p>Relans\u0103m invita\u021bia reprezentan\u021bilor HoReCa de a ni se al\u0103tura pentru a-\u0219i promova produsele \u0219i serviciile, gratuit.  Suntem siguri c\u0103 vom face furori cu hotelurile, pensiunile, restaurantele locale din Alba Iulia, care doresc s\u0103 se promoveze. <\/p>\n\n\n\n<p>V\u0103 invit\u0103m, a\u0219adar, s\u0103 ne trimite\u021bi orice materiale promo\u021bionale care v\u0103 reprezint\u0103 cel mai bine, iar acestea vor fi trimise direct la Hungexpo \u0219i vor fi distribuite celor peste 30 000 de vizitatori care sunt estima\u021bila participe \u00een cele 4 zile de t\u00e2rg TRAVEL+ 2025.<\/p>\n\n\n\n<p>Detalii despre logistic\u0103 \u0219i organizare pute\u021bi afla la tel. 0358 880054, Palatul Principilor Transilvaniei&#8221;, au transmis reprezentan\u021bii administra\u021biei locale prin intermediul paginii de socializare.<\/p>\n\n\n\n<figure class=\"wp-block-image size-full\"><img loading=\"lazy\" decoding=\"async\" width=\"1080\" height=\"561\" src=\"https:\/\/urbeamea.ro\/albaiulia\/wp-content\/uploads\/2025\/02\/1000028612.jpg\" alt=\"\" class=\"wp-image-116307\" srcset=\"https:\/\/urbeamea.ro\/albaiulia\/wp-content\/uploads\/2025\/02\/1000028612.jpg 1080w, https:\/\/urbeamea.ro\/albaiulia\/wp-content\/uploads\/2025\/02\/1000028612-640x332.jpg 640w, https:\/\/urbeamea.ro\/albaiulia\/wp-content\/uploads\/2025\/02\/1000028612-150x78.jpg 150w, https:\/\/urbeamea.ro\/albaiulia\/wp-content\/uploads\/2025\/02\/1000028612-768x399.jpg 768w\" sizes=\"auto, (max-width: 1080px) 100vw, 1080px\" \/><\/figure>\n","protected":false},"excerpt":{"rendered":"<p>Municipiul Alba Iulia va participa \u00een perioada 20 &#8211; 23 februarie, T\u00e2rgul Interna\u021bional de Turism Travel+ 2025, desf\u0103\u0219urat la Hungexpo, din capitala Ungariei, Budapesta. &#8222;Alba Iulia are, din nou, curajul s\u0103 ias\u0103 din pluton. S\u0103 fie diferit\u0103, s\u0103 priveasc\u0103 \u0219i s\u0103 ajung\u0103 mai departe, mereu mai departe. \u00centre 20 \u0219i 23 februarie, Alba Iulia va &hellip;<\/p>\n","protected":false},"author":28,"featured_media":116307,"comment_status":"open","ping_status":"open","sticky":false,"template":"","format":"standard","meta":{"inline_featured_image":false,"footnotes":""},"categories":[2035,4,19,2034,1,16344],"tags":[11596,3100],"class_list":["post-116306","post","type-post","status-publish","format-standard","has-post-thumbnail","hentry","category-administratie","category-eveniment","category-hoteluri","category-social","category-stiri-urbane","category-urbea-mea","tag-municipiul-alba-iulia","tag-targ-de-turism"],"yoast_head":"<!-- This site is optimized with the Yoast SEO plugin v27.4 - https:\/\/yoast.com\/product\/yoast-seo-wordpress\/ -->\n<title>Municipiul Alba Iulia va participa la T\u00e2rgul Interna\u021bional de Turism Travel+ 2025, care se va desf\u0103\u0219ura \u00een Ungaria - Revista Urbea Mea - Revista de Alba<\/title>\n<meta name=\"description\" content=\"Municipiul Alba Iulia va participa \u00een perioada 20 - 23 februarie, T\u00e2rgul Interna\u021bional de Turism Travel+ 2025, desf\u0103\u0219urat la Hungexpo, din capitala\" \/>\n<meta name=\"robots\" content=\"index, follow, max-snippet:-1, max-image-preview:large, max-video-preview:-1\" \/>\n<link rel=\"canonical\" href=\"https:\/\/urbeamea.ro\/albaiulia\/municipiul-alba-iulia-va-participa-la-targul-international-de-turism-travel-2025-care-se-va-desfasura-in-ungaria\/\" \/>\n<meta name=\"twitter:card\" content=\"summary_large_image\" \/>\n<meta name=\"twitter:title\" content=\"Municipiul Alba Iulia va participa la T\u00e2rgul Interna\u021bional de Turism Travel+ 2025, care se va desf\u0103\u0219ura \u00een Ungaria - Revista Urbea Mea - Revista de Alba\" \/>\n<meta name=\"twitter:description\" content=\"Municipiul Alba Iulia va participa \u00een perioada 20 - 23 februarie, T\u00e2rgul Interna\u021bional de Turism Travel+ 2025, desf\u0103\u0219urat la Hungexpo, din capitala\" \/>\n<meta name=\"twitter:image\" content=\"https:\/\/urbeamea.ro\/albaiulia\/wp-content\/uploads\/2025\/02\/1000028612.jpg\" \/>\n<meta name=\"twitter:creator\" content=\"@urbeameaweb\" \/>\n<meta name=\"twitter:site\" content=\"@urbeameaweb\" \/>\n<script type=\"application\/ld+json\" class=\"yoast-schema-graph\">{\"@context\":\"https:\\\/\\\/schema.org\",\"@graph\":[{\"@type\":\"Article\",\"@id\":\"https:\\\/\\\/urbeamea.ro\\\/albaiulia\\\/municipiul-alba-iulia-va-participa-la-targul-international-de-turism-travel-2025-care-se-va-desfasura-in-ungaria\\\/#article\",\"isPartOf\":{\"@id\":\"https:\\\/\\\/urbeamea.ro\\\/albaiulia\\\/municipiul-alba-iulia-va-participa-la-targul-international-de-turism-travel-2025-care-se-va-desfasura-in-ungaria\\\/\"},\"author\":{\"name\":\"Giurca Sorin\",\"@id\":\"https:\\\/\\\/urbeamea.ro\\\/albaiulia\\\/#\\\/schema\\\/person\\\/5db3854ac38c1cc9f0ab4092d6a20f02\"},\"headline\":\"Municipiul Alba Iulia va participa la T\u00e2rgul Interna\u021bional de Turism Travel+ 2025, care se va desf\u0103\u0219ura \u00een Ungaria\",\"datePublished\":\"2025-02-11T13:37:46+00:00\",\"dateModified\":\"2025-02-11T13:37:47+00:00\",\"mainEntityOfPage\":{\"@id\":\"https:\\\/\\\/urbeamea.ro\\\/albaiulia\\\/municipiul-alba-iulia-va-participa-la-targul-international-de-turism-travel-2025-care-se-va-desfasura-in-ungaria\\\/\"},\"wordCount\":196,\"commentCount\":0,\"image\":{\"@id\":\"https:\\\/\\\/urbeamea.ro\\\/albaiulia\\\/municipiul-alba-iulia-va-participa-la-targul-international-de-turism-travel-2025-care-se-va-desfasura-in-ungaria\\\/#primaryimage\"},\"thumbnailUrl\":\"https:\\\/\\\/urbeamea.ro\\\/albaiulia\\\/wp-content\\\/uploads\\\/2025\\\/02\\\/1000028612.jpg\",\"keywords\":[\"municipiul alba iulia\",\"targ de turism\"],\"articleSection\":[\"Administra\u021bie\",\"Evenimente\",\"Hoteluri\",\"Social\",\"\u015etiri Urbane\",\"Urbea Mea\"],\"inLanguage\":\"ro-RO\",\"potentialAction\":[{\"@type\":\"CommentAction\",\"name\":\"Comment\",\"target\":[\"https:\\\/\\\/urbeamea.ro\\\/albaiulia\\\/municipiul-alba-iulia-va-participa-la-targul-international-de-turism-travel-2025-care-se-va-desfasura-in-ungaria\\\/#respond\"]}]},{\"@type\":\"WebPage\",\"@id\":\"https:\\\/\\\/urbeamea.ro\\\/albaiulia\\\/municipiul-alba-iulia-va-participa-la-targul-international-de-turism-travel-2025-care-se-va-desfasura-in-ungaria\\\/\",\"url\":\"https:\\\/\\\/urbeamea.ro\\\/albaiulia\\\/municipiul-alba-iulia-va-participa-la-targul-international-de-turism-travel-2025-care-se-va-desfasura-in-ungaria\\\/\",\"name\":\"Municipiul Alba Iulia va participa la T\u00e2rgul Interna\u021bional de Turism Travel+ 2025, care se va desf\u0103\u0219ura \u00een Ungaria - Revista Urbea Mea - Revista de Alba\",\"isPartOf\":{\"@id\":\"https:\\\/\\\/urbeamea.ro\\\/albaiulia\\\/#website\"},\"primaryImageOfPage\":{\"@id\":\"https:\\\/\\\/urbeamea.ro\\\/albaiulia\\\/municipiul-alba-iulia-va-participa-la-targul-international-de-turism-travel-2025-care-se-va-desfasura-in-ungaria\\\/#primaryimage\"},\"image\":{\"@id\":\"https:\\\/\\\/urbeamea.ro\\\/albaiulia\\\/municipiul-alba-iulia-va-participa-la-targul-international-de-turism-travel-2025-care-se-va-desfasura-in-ungaria\\\/#primaryimage\"},\"thumbnailUrl\":\"https:\\\/\\\/urbeamea.ro\\\/albaiulia\\\/wp-content\\\/uploads\\\/2025\\\/02\\\/1000028612.jpg\",\"datePublished\":\"2025-02-11T13:37:46+00:00\",\"dateModified\":\"2025-02-11T13:37:47+00:00\",\"author\":{\"@id\":\"https:\\\/\\\/urbeamea.ro\\\/albaiulia\\\/#\\\/schema\\\/person\\\/5db3854ac38c1cc9f0ab4092d6a20f02\"},\"description\":\"Municipiul Alba Iulia va participa \u00een perioada 20 - 23 februarie, T\u00e2rgul Interna\u021bional de Turism Travel+ 2025, desf\u0103\u0219urat la Hungexpo, din capitala\",\"breadcrumb\":{\"@id\":\"https:\\\/\\\/urbeamea.ro\\\/albaiulia\\\/municipiul-alba-iulia-va-participa-la-targul-international-de-turism-travel-2025-care-se-va-desfasura-in-ungaria\\\/#breadcrumb\"},\"inLanguage\":\"ro-RO\",\"potentialAction\":[{\"@type\":\"ReadAction\",\"target\":[\"https:\\\/\\\/urbeamea.ro\\\/albaiulia\\\/municipiul-alba-iulia-va-participa-la-targul-international-de-turism-travel-2025-care-se-va-desfasura-in-ungaria\\\/\"]}]},{\"@type\":\"ImageObject\",\"inLanguage\":\"ro-RO\",\"@id\":\"https:\\\/\\\/urbeamea.ro\\\/albaiulia\\\/municipiul-alba-iulia-va-participa-la-targul-international-de-turism-travel-2025-care-se-va-desfasura-in-ungaria\\\/#primaryimage\",\"url\":\"https:\\\/\\\/urbeamea.ro\\\/albaiulia\\\/wp-content\\\/uploads\\\/2025\\\/02\\\/1000028612.jpg\",\"contentUrl\":\"https:\\\/\\\/urbeamea.ro\\\/albaiulia\\\/wp-content\\\/uploads\\\/2025\\\/02\\\/1000028612.jpg\",\"width\":1080,\"height\":561},{\"@type\":\"BreadcrumbList\",\"@id\":\"https:\\\/\\\/urbeamea.ro\\\/albaiulia\\\/municipiul-alba-iulia-va-participa-la-targul-international-de-turism-travel-2025-care-se-va-desfasura-in-ungaria\\\/#breadcrumb\",\"itemListElement\":[{\"@type\":\"ListItem\",\"position\":1,\"name\":\"Prima pagin\u0103\",\"item\":\"https:\\\/\\\/urbeamea.ro\\\/albaiulia\\\/\"},{\"@type\":\"ListItem\",\"position\":2,\"name\":\"Municipiul Alba Iulia va participa la T\u00e2rgul Interna\u021bional de Turism Travel+ 2025, care se va desf\u0103\u0219ura \u00een Ungaria\"}]},{\"@type\":\"WebSite\",\"@id\":\"https:\\\/\\\/urbeamea.ro\\\/albaiulia\\\/#website\",\"url\":\"https:\\\/\\\/urbeamea.ro\\\/albaiulia\\\/\",\"name\":\"Revista Urbea Mea, Stiri urbane\",\"description\":\"Evenimente \u0219i \u0219tiri din Alba Iulia, Sebe\u0219, Aiud, Blaj\",\"potentialAction\":[{\"@type\":\"SearchAction\",\"target\":{\"@type\":\"EntryPoint\",\"urlTemplate\":\"https:\\\/\\\/urbeamea.ro\\\/albaiulia\\\/?s={search_term_string}\"},\"query-input\":{\"@type\":\"PropertyValueSpecification\",\"valueRequired\":true,\"valueName\":\"search_term_string\"}}],\"inLanguage\":\"ro-RO\"},{\"@type\":\"Person\",\"@id\":\"https:\\\/\\\/urbeamea.ro\\\/albaiulia\\\/#\\\/schema\\\/person\\\/5db3854ac38c1cc9f0ab4092d6a20f02\",\"name\":\"Giurca Sorin\",\"image\":{\"@type\":\"ImageObject\",\"inLanguage\":\"ro-RO\",\"@id\":\"https:\\\/\\\/secure.gravatar.com\\\/avatar\\\/120f6fcae7b3b47a7730cb9943f612f4909f68ac5284b5f40ac1c4615fd70576?s=96&d=mm&r=g\",\"url\":\"https:\\\/\\\/secure.gravatar.com\\\/avatar\\\/120f6fcae7b3b47a7730cb9943f612f4909f68ac5284b5f40ac1c4615fd70576?s=96&d=mm&r=g\",\"contentUrl\":\"https:\\\/\\\/secure.gravatar.com\\\/avatar\\\/120f6fcae7b3b47a7730cb9943f612f4909f68ac5284b5f40ac1c4615fd70576?s=96&d=mm&r=g\",\"caption\":\"Giurca Sorin\"},\"url\":\"https:\\\/\\\/urbeamea.ro\\\/albaiulia\\\/author\\\/sorin\\\/\"}]}<\/script>\n<!-- \/ Yoast SEO plugin. -->","yoast_head_json":{"title":"Municipiul Alba Iulia va participa la T\u00e2rgul Interna\u021bional de Turism Travel+ 2025, care se va desf\u0103\u0219ura \u00een Ungaria - Revista Urbea Mea - Revista de Alba","description":"Municipiul Alba Iulia va participa \u00een perioada 20 - 23 februarie, T\u00e2rgul Interna\u021bional de Turism Travel+ 2025, desf\u0103\u0219urat la Hungexpo, din capitala","robots":{"index":"index","follow":"follow","max-snippet":"max-snippet:-1","max-image-preview":"max-image-preview:large","max-video-preview":"max-video-preview:-1"},"canonical":"https:\/\/urbeamea.ro\/albaiulia\/municipiul-alba-iulia-va-participa-la-targul-international-de-turism-travel-2025-care-se-va-desfasura-in-ungaria\/","twitter_card":"summary_large_image","twitter_title":"Municipiul Alba Iulia va participa la T\u00e2rgul Interna\u021bional de Turism Travel+ 2025, care se va desf\u0103\u0219ura \u00een Ungaria - Revista Urbea Mea - Revista de Alba","twitter_description":"Municipiul Alba Iulia va participa \u00een perioada 20 - 23 februarie, T\u00e2rgul Interna\u021bional de Turism Travel+ 2025, desf\u0103\u0219urat la Hungexpo, din capitala","twitter_image":"https:\/\/urbeamea.ro\/albaiulia\/wp-content\/uploads\/2025\/02\/1000028612.jpg","twitter_creator":"@urbeameaweb","twitter_site":"@urbeameaweb","schema":{"@context":"https:\/\/schema.org","@graph":[{"@type":"Article","@id":"https:\/\/urbeamea.ro\/albaiulia\/municipiul-alba-iulia-va-participa-la-targul-international-de-turism-travel-2025-care-se-va-desfasura-in-ungaria\/#article","isPartOf":{"@id":"https:\/\/urbeamea.ro\/albaiulia\/municipiul-alba-iulia-va-participa-la-targul-international-de-turism-travel-2025-care-se-va-desfasura-in-ungaria\/"},"author":{"name":"Giurca Sorin","@id":"https:\/\/urbeamea.ro\/albaiulia\/#\/schema\/person\/5db3854ac38c1cc9f0ab4092d6a20f02"},"headline":"Municipiul Alba Iulia va participa la T\u00e2rgul Interna\u021bional de Turism Travel+ 2025, care se va desf\u0103\u0219ura \u00een Ungaria","datePublished":"2025-02-11T13:37:46+00:00","dateModified":"2025-02-11T13:37:47+00:00","mainEntityOfPage":{"@id":"https:\/\/urbeamea.ro\/albaiulia\/municipiul-alba-iulia-va-participa-la-targul-international-de-turism-travel-2025-care-se-va-desfasura-in-ungaria\/"},"wordCount":196,"commentCount":0,"image":{"@id":"https:\/\/urbeamea.ro\/albaiulia\/municipiul-alba-iulia-va-participa-la-targul-international-de-turism-travel-2025-care-se-va-desfasura-in-ungaria\/#primaryimage"},"thumbnailUrl":"https:\/\/urbeamea.ro\/albaiulia\/wp-content\/uploads\/2025\/02\/1000028612.jpg","keywords":["municipiul alba iulia","targ de turism"],"articleSection":["Administra\u021bie","Evenimente","Hoteluri","Social","\u015etiri Urbane","Urbea Mea"],"inLanguage":"ro-RO","potentialAction":[{"@type":"CommentAction","name":"Comment","target":["https:\/\/urbeamea.ro\/albaiulia\/municipiul-alba-iulia-va-participa-la-targul-international-de-turism-travel-2025-care-se-va-desfasura-in-ungaria\/#respond"]}]},{"@type":"WebPage","@id":"https:\/\/urbeamea.ro\/albaiulia\/municipiul-alba-iulia-va-participa-la-targul-international-de-turism-travel-2025-care-se-va-desfasura-in-ungaria\/","url":"https:\/\/urbeamea.ro\/albaiulia\/municipiul-alba-iulia-va-participa-la-targul-international-de-turism-travel-2025-care-se-va-desfasura-in-ungaria\/","name":"Municipiul Alba Iulia va participa la T\u00e2rgul Interna\u021bional de Turism Travel+ 2025, care se va desf\u0103\u0219ura \u00een Ungaria - Revista Urbea Mea - Revista de Alba","isPartOf":{"@id":"https:\/\/urbeamea.ro\/albaiulia\/#website"},"primaryImageOfPage":{"@id":"https:\/\/urbeamea.ro\/albaiulia\/municipiul-alba-iulia-va-participa-la-targul-international-de-turism-travel-2025-care-se-va-desfasura-in-ungaria\/#primaryimage"},"image":{"@id":"https:\/\/urbeamea.ro\/albaiulia\/municipiul-alba-iulia-va-participa-la-targul-international-de-turism-travel-2025-care-se-va-desfasura-in-ungaria\/#primaryimage"},"thumbnailUrl":"https:\/\/urbeamea.ro\/albaiulia\/wp-content\/uploads\/2025\/02\/1000028612.jpg","datePublished":"2025-02-11T13:37:46+00:00","dateModified":"2025-02-11T13:37:47+00:00","author":{"@id":"https:\/\/urbeamea.ro\/albaiulia\/#\/schema\/person\/5db3854ac38c1cc9f0ab4092d6a20f02"},"description":"Municipiul Alba Iulia va participa \u00een perioada 20 - 23 februarie, T\u00e2rgul Interna\u021bional de Turism Travel+ 2025, desf\u0103\u0219urat la Hungexpo, din capitala","breadcrumb":{"@id":"https:\/\/urbeamea.ro\/albaiulia\/municipiul-alba-iulia-va-participa-la-targul-international-de-turism-travel-2025-care-se-va-desfasura-in-ungaria\/#breadcrumb"},"inLanguage":"ro-RO","potentialAction":[{"@type":"ReadAction","target":["https:\/\/urbeamea.ro\/albaiulia\/municipiul-alba-iulia-va-participa-la-targul-international-de-turism-travel-2025-care-se-va-desfasura-in-ungaria\/"]}]},{"@type":"ImageObject","inLanguage":"ro-RO","@id":"https:\/\/urbeamea.ro\/albaiulia\/municipiul-alba-iulia-va-participa-la-targul-international-de-turism-travel-2025-care-se-va-desfasura-in-ungaria\/#primaryimage","url":"https:\/\/urbeamea.ro\/albaiulia\/wp-content\/uploads\/2025\/02\/1000028612.jpg","contentUrl":"https:\/\/urbeamea.ro\/albaiulia\/wp-content\/uploads\/2025\/02\/1000028612.jpg","width":1080,"height":561},{"@type":"BreadcrumbList","@id":"https:\/\/urbeamea.ro\/albaiulia\/municipiul-alba-iulia-va-participa-la-targul-international-de-turism-travel-2025-care-se-va-desfasura-in-ungaria\/#breadcrumb","itemListElement":[{"@type":"ListItem","position":1,"name":"Prima pagin\u0103","item":"https:\/\/urbeamea.ro\/albaiulia\/"},{"@type":"ListItem","position":2,"name":"Municipiul Alba Iulia va participa la T\u00e2rgul Interna\u021bional de Turism Travel+ 2025, care se va desf\u0103\u0219ura \u00een Ungaria"}]},{"@type":"WebSite","@id":"https:\/\/urbeamea.ro\/albaiulia\/#website","url":"https:\/\/urbeamea.ro\/albaiulia\/","name":"Revista Urbea Mea, Stiri urbane","description":"Evenimente \u0219i \u0219tiri din Alba Iulia, Sebe\u0219, Aiud, Blaj","potentialAction":[{"@type":"SearchAction","target":{"@type":"EntryPoint","urlTemplate":"https:\/\/urbeamea.ro\/albaiulia\/?s={search_term_string}"},"query-input":{"@type":"PropertyValueSpecification","valueRequired":true,"valueName":"search_term_string"}}],"inLanguage":"ro-RO"},{"@type":"Person","@id":"https:\/\/urbeamea.ro\/albaiulia\/#\/schema\/person\/5db3854ac38c1cc9f0ab4092d6a20f02","name":"Giurca Sorin","image":{"@type":"ImageObject","inLanguage":"ro-RO","@id":"https:\/\/secure.gravatar.com\/avatar\/120f6fcae7b3b47a7730cb9943f612f4909f68ac5284b5f40ac1c4615fd70576?s=96&d=mm&r=g","url":"https:\/\/secure.gravatar.com\/avatar\/120f6fcae7b3b47a7730cb9943f612f4909f68ac5284b5f40ac1c4615fd70576?s=96&d=mm&r=g","contentUrl":"https:\/\/secure.gravatar.com\/avatar\/120f6fcae7b3b47a7730cb9943f612f4909f68ac5284b5f40ac1c4615fd70576?s=96&d=mm&r=g","caption":"Giurca Sorin"},"url":"https:\/\/urbeamea.ro\/albaiulia\/author\/sorin\/"}]}},"_links":{"self":[{"href":"https:\/\/urbeamea.ro\/albaiulia\/wp-json\/wp\/v2\/posts\/116306","targetHints":{"allow":["GET"]}}],"collection":[{"href":"https:\/\/urbeamea.ro\/albaiulia\/wp-json\/wp\/v2\/posts"}],"about":[{"href":"https:\/\/urbeamea.ro\/albaiulia\/wp-json\/wp\/v2\/types\/post"}],"author":[{"embeddable":true,"href":"https:\/\/urbeamea.ro\/albaiulia\/wp-json\/wp\/v2\/users\/28"}],"replies":[{"embeddable":true,"href":"https:\/\/urbeamea.ro\/albaiulia\/wp-json\/wp\/v2\/comments?post=116306"}],"version-history":[{"count":1,"href":"https:\/\/urbeamea.ro\/albaiulia\/wp-json\/wp\/v2\/posts\/116306\/revisions"}],"predecessor-version":[{"id":116308,"href":"https:\/\/urbeamea.ro\/albaiulia\/wp-json\/wp\/v2\/posts\/116306\/revisions\/116308"}],"wp:featuredmedia":[{"embeddable":true,"href":"https:\/\/urbeamea.ro\/albaiulia\/wp-json\/wp\/v2\/media\/116307"}],"wp:attachment":[{"href":"https:\/\/urbeamea.ro\/albaiulia\/wp-json\/wp\/v2\/media?parent=116306"}],"wp:term":[{"taxonomy":"category","embeddable":true,"href":"https:\/\/urbeamea.ro\/albaiulia\/wp-json\/wp\/v2\/categories?post=116306"},{"taxonomy":"post_tag","embeddable":true,"href":"https:\/\/urbeamea.ro\/albaiulia\/wp-json\/wp\/v2\/tags?post=116306"}],"curies":[{"name":"wp","href":"https:\/\/api.w.org\/{rel}","templated":true}]}}