{"id":116309,"date":"2025-02-11T16:29:31","date_gmt":"2025-02-11T14:29:31","guid":{"rendered":"https:\/\/urbeamea.ro\/albaiulia\/?p=116309"},"modified":"2025-02-11T16:29:32","modified_gmt":"2025-02-11T14:29:32","slug":"marti-palatul-principilor-transilvaniei-monumentul-unirii-si-zidurile-cetatii-alba-carolina-vor-fi-iluminate-in-rosu-cu-ocazia-zilei-europene-112","status":"publish","type":"post","link":"https:\/\/urbeamea.ro\/albaiulia\/marti-palatul-principilor-transilvaniei-monumentul-unirii-si-zidurile-cetatii-alba-carolina-vor-fi-iluminate-in-rosu-cu-ocazia-zilei-europene-112\/","title":{"rendered":"Mar\u021bi: Palatul Principilor Transilvaniei, Monumentul Unirii \u0219i zidurile Cet\u0103\u021bii Alba Carolina, vor fi iluminate \u00een ro\u0219u, cu ocazia &#8222;Zilei Europene 112&#8221;"},"content":{"rendered":"\n<p><strong>Palatul Principilor Transilvaniei, Monumentul Unirii \u0219i zidurile Cet\u0103\u021bii Alba Carolina, vor fi iluminate mar\u021bi sear\u0103, \u00een culoarea ro\u0219ie, cu ocazia &#8222;Zilei Europene 112&#8221;.<\/strong><\/p>\n\n\n\n<p>Ast\u0103zi este \u201dZiua European\u0103 112\u201d, o zi dedicat\u0103 cre\u0219terii con\u0219tientiz\u0103rii asupra num\u0103rului de urgen\u021b\u0103 112, un num\u0103r unic \u00een toat\u0103 Uniunea European\u0103 \u0219i care la nivel na\u021bional este administrat de Serviciul de Telecomunica\u021bii Speciale (STS), fiind un num\u0103r prin care cet\u0103\u021benii \u0219i vizitatorii pot contacta rapid serviciile de urgen\u021b\u0103 atunci c\u00e2nd este necesar.<\/p>\n\n\n\n<p> Este o reamintire a rolului crucial pe care comunicarea eficient\u0103 \u00eel joac\u0103 \u00een salvarea de vie\u021bi \u0219i al angajamentului Uniunii Europene \u0219i autorit\u0103\u021bilor na\u021bionale fa\u021b\u0103 de siguran\u021ba \u0219i securitatea tuturor cet\u0103\u021benilor.<\/p>\n\n\n\n<p> Ziua ne \u00eencurajeaz\u0103, pe noi to\u021bi, s\u0103 afl\u0103m mai multe despre serviciile de urgen\u021b\u0103 disponibile \u0219i cum s\u0103 folosim num\u0103rul 112 \u00een caz de situa\u021bii urgente.<\/p>\n\n\n\n<p>Municipiul Alba Iulia se al\u0103tur\u0103 ini\u021biativei na\u021bionale \u0219i europene prin care monumente \u0219i cl\u0103diri reprezentative vor fi ast\u0103zi iluminate \u00een ro\u0219u. <\/p>\n\n\n\n<p>Astfel, de la ora 18.00, Palatul Principilor Transilvaniei, Monumentul Unirii \u0219i zidurile Cet\u0103\u021bii Alba Carolina vor fi iluminate \u00een culoarea ro\u0219ie, reprezentativ\u0103 pentru Serviciul de urgen\u021b\u0103 112, pentru a atrage aten\u0163ia asupra rolului esen\u0163ial al acestui num\u0103r unic \u015fi a \u00eencuraja cet\u0103\u0163enii s\u0103 \u00eel foloseasc\u0103 responsabil, doar pentru situa\u021bii \u00een care sunt puse \u00een pericol via\u021ba, proprietatea sau mediul.<\/p>\n\n\n\n<p>Prin demersurile institu\u021bionale realizate de STS, al\u0103turi de autorit\u0103\u021bile cu atribu\u021bii \u00een domeniul comunica\u021biilor de urgen\u021b\u0103, operatori mobili \u0219i produc\u0103tori de echipamente de comunica\u021bie, num\u0103rul apelurilor non-urgente a sc\u0103zut \u00een 2024 cu aproape 1 milion fa\u021b\u0103 de anii anteriori, ceea ce arat\u0103 o mai bun\u0103 con\u0219tientizare \u0219i o cre\u0219tere a gradului de civism al cet\u0103\u021benilor. <\/p>\n\n\n\n<figure class=\"wp-block-gallery has-nested-images columns-default is-cropped wp-block-gallery-1 is-layout-flex wp-block-gallery-is-layout-flex\">\n<figure class=\"wp-block-image size-large\"><img loading=\"lazy\" decoding=\"async\" width=\"1000\" height=\"1000\" data-id=\"116310\" src=\"https:\/\/urbeamea.ro\/albaiulia\/wp-content\/uploads\/2025\/02\/1000028613.jpg\" alt=\"\" class=\"wp-image-116310\" srcset=\"https:\/\/urbeamea.ro\/albaiulia\/wp-content\/uploads\/2025\/02\/1000028613.jpg 1000w, https:\/\/urbeamea.ro\/albaiulia\/wp-content\/uploads\/2025\/02\/1000028613-640x640.jpg 640w, https:\/\/urbeamea.ro\/albaiulia\/wp-content\/uploads\/2025\/02\/1000028613-150x150.jpg 150w, https:\/\/urbeamea.ro\/albaiulia\/wp-content\/uploads\/2025\/02\/1000028613-768x768.jpg 768w\" sizes=\"auto, (max-width: 1000px) 100vw, 1000px\" \/><\/figure>\n\n\n\n<figure class=\"wp-block-image size-large\"><img loading=\"lazy\" decoding=\"async\" width=\"696\" height=\"696\" data-id=\"116311\" src=\"https:\/\/urbeamea.ro\/albaiulia\/wp-content\/uploads\/2025\/02\/1000028614.jpg\" alt=\"\" class=\"wp-image-116311\" srcset=\"https:\/\/urbeamea.ro\/albaiulia\/wp-content\/uploads\/2025\/02\/1000028614.jpg 696w, https:\/\/urbeamea.ro\/albaiulia\/wp-content\/uploads\/2025\/02\/1000028614-640x640.jpg 640w, https:\/\/urbeamea.ro\/albaiulia\/wp-content\/uploads\/2025\/02\/1000028614-150x150.jpg 150w\" sizes=\"auto, (max-width: 696px) 100vw, 696px\" \/><\/figure>\n<\/figure>\n\n\n\n<figure class=\"wp-block-image size-full\"><img loading=\"lazy\" decoding=\"async\" width=\"1024\" height=\"685\" src=\"https:\/\/urbeamea.ro\/albaiulia\/wp-content\/uploads\/2025\/02\/1000028615.jpg\" alt=\"\" class=\"wp-image-116312\" srcset=\"https:\/\/urbeamea.ro\/albaiulia\/wp-content\/uploads\/2025\/02\/1000028615.jpg 1024w, https:\/\/urbeamea.ro\/albaiulia\/wp-content\/uploads\/2025\/02\/1000028615-640x428.jpg 640w, https:\/\/urbeamea.ro\/albaiulia\/wp-content\/uploads\/2025\/02\/1000028615-150x100.jpg 150w, https:\/\/urbeamea.ro\/albaiulia\/wp-content\/uploads\/2025\/02\/1000028615-768x514.jpg 768w\" sizes=\"auto, (max-width: 1024px) 100vw, 1024px\" \/><\/figure>\n","protected":false},"excerpt":{"rendered":"<p>Palatul Principilor Transilvaniei, Monumentul Unirii \u0219i zidurile Cet\u0103\u021bii Alba Carolina, vor fi iluminate mar\u021bi sear\u0103, \u00een culoarea ro\u0219ie, cu ocazia &#8222;Zilei Europene 112&#8221;. Ast\u0103zi este \u201dZiua European\u0103 112\u201d, o zi dedicat\u0103 cre\u0219terii con\u0219tientiz\u0103rii asupra num\u0103rului de urgen\u021b\u0103 112, un num\u0103r unic \u00een toat\u0103 Uniunea European\u0103 \u0219i care la nivel na\u021bional este administrat de Serviciul de &hellip;<\/p>\n","protected":false},"author":28,"featured_media":116312,"comment_status":"open","ping_status":"open","sticky":false,"template":"","format":"standard","meta":{"inline_featured_image":false,"footnotes":""},"categories":[4,2034,1,16344],"tags":[25206],"class_list":["post-116309","post","type-post","status-publish","format-standard","has-post-thumbnail","hentry","category-eveniment","category-social","category-stiri-urbane","category-urbea-mea","tag-numarul-de-urgenta-112"],"yoast_head":"<!-- This site is optimized with the Yoast SEO plugin v27.4 - https:\/\/yoast.com\/product\/yoast-seo-wordpress\/ -->\n<title>Mar\u021bi: Palatul Principilor Transilvaniei, Monumentul Unirii \u0219i zidurile Cet\u0103\u021bii Alba Carolina, vor fi iluminate \u00een ro\u0219u, cu ocazia &quot;Zilei Europene 112&quot; - Revista Urbea Mea - Revista de Alba<\/title>\n<meta name=\"description\" content=\"Palatul Principilor Transilvaniei, Monumentul Unirii \u0219i zidurile Cet\u0103\u021bii Alba Carolina, vor fi iluminate mar\u021bi sear\u0103, \u00een culoarea ro\u0219ie, cu ocazia &quot;Zilei\" \/>\n<meta name=\"robots\" content=\"index, follow, max-snippet:-1, max-image-preview:large, max-video-preview:-1\" \/>\n<link rel=\"canonical\" href=\"https:\/\/urbeamea.ro\/albaiulia\/marti-palatul-principilor-transilvaniei-monumentul-unirii-si-zidurile-cetatii-alba-carolina-vor-fi-iluminate-in-rosu-cu-ocazia-zilei-europene-112\/\" \/>\n<meta name=\"twitter:card\" content=\"summary_large_image\" \/>\n<meta name=\"twitter:title\" content=\"Mar\u021bi: Palatul Principilor Transilvaniei, Monumentul Unirii \u0219i zidurile Cet\u0103\u021bii Alba Carolina, vor fi iluminate \u00een ro\u0219u, cu ocazia &quot;Zilei Europene 112&quot; - Revista Urbea Mea - Revista de Alba\" \/>\n<meta name=\"twitter:description\" content=\"Palatul Principilor Transilvaniei, Monumentul Unirii \u0219i zidurile Cet\u0103\u021bii Alba Carolina, vor fi iluminate mar\u021bi sear\u0103, \u00een culoarea ro\u0219ie, cu ocazia &quot;Zilei\" \/>\n<meta name=\"twitter:image\" content=\"https:\/\/urbeamea.ro\/albaiulia\/wp-content\/uploads\/2025\/02\/1000028615.jpg\" \/>\n<meta name=\"twitter:creator\" content=\"@urbeameaweb\" \/>\n<meta name=\"twitter:site\" content=\"@urbeameaweb\" \/>\n<script type=\"application\/ld+json\" class=\"yoast-schema-graph\">{\"@context\":\"https:\\\/\\\/schema.org\",\"@graph\":[{\"@type\":\"Article\",\"@id\":\"https:\\\/\\\/urbeamea.ro\\\/albaiulia\\\/marti-palatul-principilor-transilvaniei-monumentul-unirii-si-zidurile-cetatii-alba-carolina-vor-fi-iluminate-in-rosu-cu-ocazia-zilei-europene-112\\\/#article\",\"isPartOf\":{\"@id\":\"https:\\\/\\\/urbeamea.ro\\\/albaiulia\\\/marti-palatul-principilor-transilvaniei-monumentul-unirii-si-zidurile-cetatii-alba-carolina-vor-fi-iluminate-in-rosu-cu-ocazia-zilei-europene-112\\\/\"},\"author\":{\"name\":\"Giurca Sorin\",\"@id\":\"https:\\\/\\\/urbeamea.ro\\\/albaiulia\\\/#\\\/schema\\\/person\\\/5db3854ac38c1cc9f0ab4092d6a20f02\"},\"headline\":\"Mar\u021bi: Palatul Principilor Transilvaniei, Monumentul Unirii \u0219i zidurile Cet\u0103\u021bii Alba Carolina, vor fi iluminate \u00een ro\u0219u, cu ocazia &#8222;Zilei Europene 112&#8221;\",\"datePublished\":\"2025-02-11T14:29:31+00:00\",\"dateModified\":\"2025-02-11T14:29:32+00:00\",\"mainEntityOfPage\":{\"@id\":\"https:\\\/\\\/urbeamea.ro\\\/albaiulia\\\/marti-palatul-principilor-transilvaniei-monumentul-unirii-si-zidurile-cetatii-alba-carolina-vor-fi-iluminate-in-rosu-cu-ocazia-zilei-europene-112\\\/\"},\"wordCount\":332,\"commentCount\":0,\"image\":{\"@id\":\"https:\\\/\\\/urbeamea.ro\\\/albaiulia\\\/marti-palatul-principilor-transilvaniei-monumentul-unirii-si-zidurile-cetatii-alba-carolina-vor-fi-iluminate-in-rosu-cu-ocazia-zilei-europene-112\\\/#primaryimage\"},\"thumbnailUrl\":\"https:\\\/\\\/urbeamea.ro\\\/albaiulia\\\/wp-content\\\/uploads\\\/2025\\\/02\\\/1000028615.jpg\",\"keywords\":[\"Numarul de Urgen\u0163\u0103 112\"],\"articleSection\":[\"Evenimente\",\"Social\",\"\u015etiri Urbane\",\"Urbea Mea\"],\"inLanguage\":\"ro-RO\",\"potentialAction\":[{\"@type\":\"CommentAction\",\"name\":\"Comment\",\"target\":[\"https:\\\/\\\/urbeamea.ro\\\/albaiulia\\\/marti-palatul-principilor-transilvaniei-monumentul-unirii-si-zidurile-cetatii-alba-carolina-vor-fi-iluminate-in-rosu-cu-ocazia-zilei-europene-112\\\/#respond\"]}]},{\"@type\":\"WebPage\",\"@id\":\"https:\\\/\\\/urbeamea.ro\\\/albaiulia\\\/marti-palatul-principilor-transilvaniei-monumentul-unirii-si-zidurile-cetatii-alba-carolina-vor-fi-iluminate-in-rosu-cu-ocazia-zilei-europene-112\\\/\",\"url\":\"https:\\\/\\\/urbeamea.ro\\\/albaiulia\\\/marti-palatul-principilor-transilvaniei-monumentul-unirii-si-zidurile-cetatii-alba-carolina-vor-fi-iluminate-in-rosu-cu-ocazia-zilei-europene-112\\\/\",\"name\":\"Mar\u021bi: Palatul Principilor Transilvaniei, Monumentul Unirii \u0219i zidurile Cet\u0103\u021bii Alba Carolina, vor fi iluminate \u00een ro\u0219u, cu ocazia \\\"Zilei Europene 112\\\" - Revista Urbea Mea - Revista de Alba\",\"isPartOf\":{\"@id\":\"https:\\\/\\\/urbeamea.ro\\\/albaiulia\\\/#website\"},\"primaryImageOfPage\":{\"@id\":\"https:\\\/\\\/urbeamea.ro\\\/albaiulia\\\/marti-palatul-principilor-transilvaniei-monumentul-unirii-si-zidurile-cetatii-alba-carolina-vor-fi-iluminate-in-rosu-cu-ocazia-zilei-europene-112\\\/#primaryimage\"},\"image\":{\"@id\":\"https:\\\/\\\/urbeamea.ro\\\/albaiulia\\\/marti-palatul-principilor-transilvaniei-monumentul-unirii-si-zidurile-cetatii-alba-carolina-vor-fi-iluminate-in-rosu-cu-ocazia-zilei-europene-112\\\/#primaryimage\"},\"thumbnailUrl\":\"https:\\\/\\\/urbeamea.ro\\\/albaiulia\\\/wp-content\\\/uploads\\\/2025\\\/02\\\/1000028615.jpg\",\"datePublished\":\"2025-02-11T14:29:31+00:00\",\"dateModified\":\"2025-02-11T14:29:32+00:00\",\"author\":{\"@id\":\"https:\\\/\\\/urbeamea.ro\\\/albaiulia\\\/#\\\/schema\\\/person\\\/5db3854ac38c1cc9f0ab4092d6a20f02\"},\"description\":\"Palatul Principilor Transilvaniei, Monumentul Unirii \u0219i zidurile Cet\u0103\u021bii Alba Carolina, vor fi iluminate mar\u021bi sear\u0103, \u00een culoarea ro\u0219ie, cu ocazia \\\"Zilei\",\"breadcrumb\":{\"@id\":\"https:\\\/\\\/urbeamea.ro\\\/albaiulia\\\/marti-palatul-principilor-transilvaniei-monumentul-unirii-si-zidurile-cetatii-alba-carolina-vor-fi-iluminate-in-rosu-cu-ocazia-zilei-europene-112\\\/#breadcrumb\"},\"inLanguage\":\"ro-RO\",\"potentialAction\":[{\"@type\":\"ReadAction\",\"target\":[\"https:\\\/\\\/urbeamea.ro\\\/albaiulia\\\/marti-palatul-principilor-transilvaniei-monumentul-unirii-si-zidurile-cetatii-alba-carolina-vor-fi-iluminate-in-rosu-cu-ocazia-zilei-europene-112\\\/\"]}]},{\"@type\":\"ImageObject\",\"inLanguage\":\"ro-RO\",\"@id\":\"https:\\\/\\\/urbeamea.ro\\\/albaiulia\\\/marti-palatul-principilor-transilvaniei-monumentul-unirii-si-zidurile-cetatii-alba-carolina-vor-fi-iluminate-in-rosu-cu-ocazia-zilei-europene-112\\\/#primaryimage\",\"url\":\"https:\\\/\\\/urbeamea.ro\\\/albaiulia\\\/wp-content\\\/uploads\\\/2025\\\/02\\\/1000028615.jpg\",\"contentUrl\":\"https:\\\/\\\/urbeamea.ro\\\/albaiulia\\\/wp-content\\\/uploads\\\/2025\\\/02\\\/1000028615.jpg\",\"width\":1024,\"height\":685},{\"@type\":\"BreadcrumbList\",\"@id\":\"https:\\\/\\\/urbeamea.ro\\\/albaiulia\\\/marti-palatul-principilor-transilvaniei-monumentul-unirii-si-zidurile-cetatii-alba-carolina-vor-fi-iluminate-in-rosu-cu-ocazia-zilei-europene-112\\\/#breadcrumb\",\"itemListElement\":[{\"@type\":\"ListItem\",\"position\":1,\"name\":\"Prima pagin\u0103\",\"item\":\"https:\\\/\\\/urbeamea.ro\\\/albaiulia\\\/\"},{\"@type\":\"ListItem\",\"position\":2,\"name\":\"Mar\u021bi: Palatul Principilor Transilvaniei, Monumentul Unirii \u0219i zidurile Cet\u0103\u021bii Alba Carolina, vor fi iluminate \u00een ro\u0219u, cu ocazia &#8222;Zilei Europene 112&#8221;\"}]},{\"@type\":\"WebSite\",\"@id\":\"https:\\\/\\\/urbeamea.ro\\\/albaiulia\\\/#website\",\"url\":\"https:\\\/\\\/urbeamea.ro\\\/albaiulia\\\/\",\"name\":\"Revista Urbea Mea, Stiri urbane\",\"description\":\"Evenimente \u0219i \u0219tiri din Alba Iulia, Sebe\u0219, Aiud, Blaj\",\"potentialAction\":[{\"@type\":\"SearchAction\",\"target\":{\"@type\":\"EntryPoint\",\"urlTemplate\":\"https:\\\/\\\/urbeamea.ro\\\/albaiulia\\\/?s={search_term_string}\"},\"query-input\":{\"@type\":\"PropertyValueSpecification\",\"valueRequired\":true,\"valueName\":\"search_term_string\"}}],\"inLanguage\":\"ro-RO\"},{\"@type\":\"Person\",\"@id\":\"https:\\\/\\\/urbeamea.ro\\\/albaiulia\\\/#\\\/schema\\\/person\\\/5db3854ac38c1cc9f0ab4092d6a20f02\",\"name\":\"Giurca Sorin\",\"image\":{\"@type\":\"ImageObject\",\"inLanguage\":\"ro-RO\",\"@id\":\"https:\\\/\\\/secure.gravatar.com\\\/avatar\\\/120f6fcae7b3b47a7730cb9943f612f4909f68ac5284b5f40ac1c4615fd70576?s=96&d=mm&r=g\",\"url\":\"https:\\\/\\\/secure.gravatar.com\\\/avatar\\\/120f6fcae7b3b47a7730cb9943f612f4909f68ac5284b5f40ac1c4615fd70576?s=96&d=mm&r=g\",\"contentUrl\":\"https:\\\/\\\/secure.gravatar.com\\\/avatar\\\/120f6fcae7b3b47a7730cb9943f612f4909f68ac5284b5f40ac1c4615fd70576?s=96&d=mm&r=g\",\"caption\":\"Giurca Sorin\"},\"url\":\"https:\\\/\\\/urbeamea.ro\\\/albaiulia\\\/author\\\/sorin\\\/\"}]}<\/script>\n<!-- \/ Yoast SEO plugin. -->","yoast_head_json":{"title":"Mar\u021bi: Palatul Principilor Transilvaniei, Monumentul Unirii \u0219i zidurile Cet\u0103\u021bii Alba Carolina, vor fi iluminate \u00een ro\u0219u, cu ocazia \"Zilei Europene 112\" - Revista Urbea Mea - Revista de Alba","description":"Palatul Principilor Transilvaniei, Monumentul Unirii \u0219i zidurile Cet\u0103\u021bii Alba Carolina, vor fi iluminate mar\u021bi sear\u0103, \u00een culoarea ro\u0219ie, cu ocazia \"Zilei","robots":{"index":"index","follow":"follow","max-snippet":"max-snippet:-1","max-image-preview":"max-image-preview:large","max-video-preview":"max-video-preview:-1"},"canonical":"https:\/\/urbeamea.ro\/albaiulia\/marti-palatul-principilor-transilvaniei-monumentul-unirii-si-zidurile-cetatii-alba-carolina-vor-fi-iluminate-in-rosu-cu-ocazia-zilei-europene-112\/","twitter_card":"summary_large_image","twitter_title":"Mar\u021bi: Palatul Principilor Transilvaniei, Monumentul Unirii \u0219i zidurile Cet\u0103\u021bii Alba Carolina, vor fi iluminate \u00een ro\u0219u, cu ocazia \"Zilei Europene 112\" - Revista Urbea Mea - Revista de Alba","twitter_description":"Palatul Principilor Transilvaniei, Monumentul Unirii \u0219i zidurile Cet\u0103\u021bii Alba Carolina, vor fi iluminate mar\u021bi sear\u0103, \u00een culoarea ro\u0219ie, cu ocazia \"Zilei","twitter_image":"https:\/\/urbeamea.ro\/albaiulia\/wp-content\/uploads\/2025\/02\/1000028615.jpg","twitter_creator":"@urbeameaweb","twitter_site":"@urbeameaweb","schema":{"@context":"https:\/\/schema.org","@graph":[{"@type":"Article","@id":"https:\/\/urbeamea.ro\/albaiulia\/marti-palatul-principilor-transilvaniei-monumentul-unirii-si-zidurile-cetatii-alba-carolina-vor-fi-iluminate-in-rosu-cu-ocazia-zilei-europene-112\/#article","isPartOf":{"@id":"https:\/\/urbeamea.ro\/albaiulia\/marti-palatul-principilor-transilvaniei-monumentul-unirii-si-zidurile-cetatii-alba-carolina-vor-fi-iluminate-in-rosu-cu-ocazia-zilei-europene-112\/"},"author":{"name":"Giurca Sorin","@id":"https:\/\/urbeamea.ro\/albaiulia\/#\/schema\/person\/5db3854ac38c1cc9f0ab4092d6a20f02"},"headline":"Mar\u021bi: Palatul Principilor Transilvaniei, Monumentul Unirii \u0219i zidurile Cet\u0103\u021bii Alba Carolina, vor fi iluminate \u00een ro\u0219u, cu ocazia &#8222;Zilei Europene 112&#8221;","datePublished":"2025-02-11T14:29:31+00:00","dateModified":"2025-02-11T14:29:32+00:00","mainEntityOfPage":{"@id":"https:\/\/urbeamea.ro\/albaiulia\/marti-palatul-principilor-transilvaniei-monumentul-unirii-si-zidurile-cetatii-alba-carolina-vor-fi-iluminate-in-rosu-cu-ocazia-zilei-europene-112\/"},"wordCount":332,"commentCount":0,"image":{"@id":"https:\/\/urbeamea.ro\/albaiulia\/marti-palatul-principilor-transilvaniei-monumentul-unirii-si-zidurile-cetatii-alba-carolina-vor-fi-iluminate-in-rosu-cu-ocazia-zilei-europene-112\/#primaryimage"},"thumbnailUrl":"https:\/\/urbeamea.ro\/albaiulia\/wp-content\/uploads\/2025\/02\/1000028615.jpg","keywords":["Numarul de Urgen\u0163\u0103 112"],"articleSection":["Evenimente","Social","\u015etiri Urbane","Urbea Mea"],"inLanguage":"ro-RO","potentialAction":[{"@type":"CommentAction","name":"Comment","target":["https:\/\/urbeamea.ro\/albaiulia\/marti-palatul-principilor-transilvaniei-monumentul-unirii-si-zidurile-cetatii-alba-carolina-vor-fi-iluminate-in-rosu-cu-ocazia-zilei-europene-112\/#respond"]}]},{"@type":"WebPage","@id":"https:\/\/urbeamea.ro\/albaiulia\/marti-palatul-principilor-transilvaniei-monumentul-unirii-si-zidurile-cetatii-alba-carolina-vor-fi-iluminate-in-rosu-cu-ocazia-zilei-europene-112\/","url":"https:\/\/urbeamea.ro\/albaiulia\/marti-palatul-principilor-transilvaniei-monumentul-unirii-si-zidurile-cetatii-alba-carolina-vor-fi-iluminate-in-rosu-cu-ocazia-zilei-europene-112\/","name":"Mar\u021bi: Palatul Principilor Transilvaniei, Monumentul Unirii \u0219i zidurile Cet\u0103\u021bii Alba Carolina, vor fi iluminate \u00een ro\u0219u, cu ocazia \"Zilei Europene 112\" - Revista Urbea Mea - Revista de Alba","isPartOf":{"@id":"https:\/\/urbeamea.ro\/albaiulia\/#website"},"primaryImageOfPage":{"@id":"https:\/\/urbeamea.ro\/albaiulia\/marti-palatul-principilor-transilvaniei-monumentul-unirii-si-zidurile-cetatii-alba-carolina-vor-fi-iluminate-in-rosu-cu-ocazia-zilei-europene-112\/#primaryimage"},"image":{"@id":"https:\/\/urbeamea.ro\/albaiulia\/marti-palatul-principilor-transilvaniei-monumentul-unirii-si-zidurile-cetatii-alba-carolina-vor-fi-iluminate-in-rosu-cu-ocazia-zilei-europene-112\/#primaryimage"},"thumbnailUrl":"https:\/\/urbeamea.ro\/albaiulia\/wp-content\/uploads\/2025\/02\/1000028615.jpg","datePublished":"2025-02-11T14:29:31+00:00","dateModified":"2025-02-11T14:29:32+00:00","author":{"@id":"https:\/\/urbeamea.ro\/albaiulia\/#\/schema\/person\/5db3854ac38c1cc9f0ab4092d6a20f02"},"description":"Palatul Principilor Transilvaniei, Monumentul Unirii \u0219i zidurile Cet\u0103\u021bii Alba Carolina, vor fi iluminate mar\u021bi sear\u0103, \u00een culoarea ro\u0219ie, cu ocazia \"Zilei","breadcrumb":{"@id":"https:\/\/urbeamea.ro\/albaiulia\/marti-palatul-principilor-transilvaniei-monumentul-unirii-si-zidurile-cetatii-alba-carolina-vor-fi-iluminate-in-rosu-cu-ocazia-zilei-europene-112\/#breadcrumb"},"inLanguage":"ro-RO","potentialAction":[{"@type":"ReadAction","target":["https:\/\/urbeamea.ro\/albaiulia\/marti-palatul-principilor-transilvaniei-monumentul-unirii-si-zidurile-cetatii-alba-carolina-vor-fi-iluminate-in-rosu-cu-ocazia-zilei-europene-112\/"]}]},{"@type":"ImageObject","inLanguage":"ro-RO","@id":"https:\/\/urbeamea.ro\/albaiulia\/marti-palatul-principilor-transilvaniei-monumentul-unirii-si-zidurile-cetatii-alba-carolina-vor-fi-iluminate-in-rosu-cu-ocazia-zilei-europene-112\/#primaryimage","url":"https:\/\/urbeamea.ro\/albaiulia\/wp-content\/uploads\/2025\/02\/1000028615.jpg","contentUrl":"https:\/\/urbeamea.ro\/albaiulia\/wp-content\/uploads\/2025\/02\/1000028615.jpg","width":1024,"height":685},{"@type":"BreadcrumbList","@id":"https:\/\/urbeamea.ro\/albaiulia\/marti-palatul-principilor-transilvaniei-monumentul-unirii-si-zidurile-cetatii-alba-carolina-vor-fi-iluminate-in-rosu-cu-ocazia-zilei-europene-112\/#breadcrumb","itemListElement":[{"@type":"ListItem","position":1,"name":"Prima pagin\u0103","item":"https:\/\/urbeamea.ro\/albaiulia\/"},{"@type":"ListItem","position":2,"name":"Mar\u021bi: Palatul Principilor Transilvaniei, Monumentul Unirii \u0219i zidurile Cet\u0103\u021bii Alba Carolina, vor fi iluminate \u00een ro\u0219u, cu ocazia &#8222;Zilei Europene 112&#8221;"}]},{"@type":"WebSite","@id":"https:\/\/urbeamea.ro\/albaiulia\/#website","url":"https:\/\/urbeamea.ro\/albaiulia\/","name":"Revista Urbea Mea, Stiri urbane","description":"Evenimente \u0219i \u0219tiri din Alba Iulia, Sebe\u0219, Aiud, Blaj","potentialAction":[{"@type":"SearchAction","target":{"@type":"EntryPoint","urlTemplate":"https:\/\/urbeamea.ro\/albaiulia\/?s={search_term_string}"},"query-input":{"@type":"PropertyValueSpecification","valueRequired":true,"valueName":"search_term_string"}}],"inLanguage":"ro-RO"},{"@type":"Person","@id":"https:\/\/urbeamea.ro\/albaiulia\/#\/schema\/person\/5db3854ac38c1cc9f0ab4092d6a20f02","name":"Giurca Sorin","image":{"@type":"ImageObject","inLanguage":"ro-RO","@id":"https:\/\/secure.gravatar.com\/avatar\/120f6fcae7b3b47a7730cb9943f612f4909f68ac5284b5f40ac1c4615fd70576?s=96&d=mm&r=g","url":"https:\/\/secure.gravatar.com\/avatar\/120f6fcae7b3b47a7730cb9943f612f4909f68ac5284b5f40ac1c4615fd70576?s=96&d=mm&r=g","contentUrl":"https:\/\/secure.gravatar.com\/avatar\/120f6fcae7b3b47a7730cb9943f612f4909f68ac5284b5f40ac1c4615fd70576?s=96&d=mm&r=g","caption":"Giurca Sorin"},"url":"https:\/\/urbeamea.ro\/albaiulia\/author\/sorin\/"}]}},"_links":{"self":[{"href":"https:\/\/urbeamea.ro\/albaiulia\/wp-json\/wp\/v2\/posts\/116309","targetHints":{"allow":["GET"]}}],"collection":[{"href":"https:\/\/urbeamea.ro\/albaiulia\/wp-json\/wp\/v2\/posts"}],"about":[{"href":"https:\/\/urbeamea.ro\/albaiulia\/wp-json\/wp\/v2\/types\/post"}],"author":[{"embeddable":true,"href":"https:\/\/urbeamea.ro\/albaiulia\/wp-json\/wp\/v2\/users\/28"}],"replies":[{"embeddable":true,"href":"https:\/\/urbeamea.ro\/albaiulia\/wp-json\/wp\/v2\/comments?post=116309"}],"version-history":[{"count":1,"href":"https:\/\/urbeamea.ro\/albaiulia\/wp-json\/wp\/v2\/posts\/116309\/revisions"}],"predecessor-version":[{"id":116313,"href":"https:\/\/urbeamea.ro\/albaiulia\/wp-json\/wp\/v2\/posts\/116309\/revisions\/116313"}],"wp:featuredmedia":[{"embeddable":true,"href":"https:\/\/urbeamea.ro\/albaiulia\/wp-json\/wp\/v2\/media\/116312"}],"wp:attachment":[{"href":"https:\/\/urbeamea.ro\/albaiulia\/wp-json\/wp\/v2\/media?parent=116309"}],"wp:term":[{"taxonomy":"category","embeddable":true,"href":"https:\/\/urbeamea.ro\/albaiulia\/wp-json\/wp\/v2\/categories?post=116309"},{"taxonomy":"post_tag","embeddable":true,"href":"https:\/\/urbeamea.ro\/albaiulia\/wp-json\/wp\/v2\/tags?post=116309"}],"curies":[{"name":"wp","href":"https:\/\/api.w.org\/{rel}","templated":true}]}}