{"id":116319,"date":"2025-02-11T20:39:26","date_gmt":"2025-02-11T18:39:26","guid":{"rendered":"https:\/\/urbeamea.ro\/albaiulia\/?p=116319"},"modified":"2025-02-11T20:39:27","modified_gmt":"2025-02-11T18:39:27","slug":"peste-91-000-apeluri-gestionate-in-2024-prin-serviciul-unic-de-urgenta-112-sediul-isu-alba-iluminat-festiv-in-culoarea-rosie","status":"publish","type":"post","link":"https:\/\/urbeamea.ro\/albaiulia\/peste-91-000-apeluri-gestionate-in-2024-prin-serviciul-unic-de-urgenta-112-sediul-isu-alba-iluminat-festiv-in-culoarea-rosie\/","title":{"rendered":"Peste 91.000 apeluri gestionate \u00een 2024, prin Serviciul Unic de Urgen\u021b\u0103 112. Sediul ISU Alba, iluminat festiv \u00een culoarea ro\u0219ie"},"content":{"rendered":"\n<p><strong>Sediul Inspectoratului pentru Situa\u0163ii de Urgen\u0163\u0103 Alba a fost mar\u021bi sear\u0103, iluminat \u00een culoarea ro\u0219ie, pentru a marca Ziua European\u0103 a Num\u0103rului de Urgen\u021b\u0103 112.<\/strong><\/p>\n\n\n\n<p>Potrivit ISU Alba, &#8222;\u00een semn de apreciere \u0219i solidaritate pentru salvatorii de la cap\u0103tul liniei, am decis s\u0103 iluminam sediul institu\u021biei noastre \u00een culoarea specific\u0103 Serviciului Unic de Urgen\u0163\u0103 112.<\/p>\n\n\n\n<p>Peste 91.000 apeluri prin num\u0103rul unic de urgen\u021b\u0103 112 au fost gestionate de c\u0103tre ace\u0219tia \u00een anul 2024 la nivelul dispeceratului comun ISU &#8211; SAJ, din cadrul Inspectoratului pentru Situa\u021bii de Urgen\u021b\u0103,,UNIREA&#8221; al jude\u021bului Alba.<\/p>\n\n\n\n<p>Felicit\u0103ri tuturor pentru profesionalismul de care da\u021bi dovad\u0103 \u00een gestionarea fiec\u0103rui apel de urgen\u021b\u0103&#8221;, au transmis reprezentan\u021bii ISU Alba.<\/p>\n\n\n\n<figure class=\"wp-block-image size-full\"><img loading=\"lazy\" decoding=\"async\" width=\"960\" height=\"720\" src=\"https:\/\/urbeamea.ro\/albaiulia\/wp-content\/uploads\/2025\/02\/1000028623.jpg\" alt=\"\" class=\"wp-image-116320\" srcset=\"https:\/\/urbeamea.ro\/albaiulia\/wp-content\/uploads\/2025\/02\/1000028623.jpg 960w, https:\/\/urbeamea.ro\/albaiulia\/wp-content\/uploads\/2025\/02\/1000028623-640x480.jpg 640w, https:\/\/urbeamea.ro\/albaiulia\/wp-content\/uploads\/2025\/02\/1000028623-150x113.jpg 150w, https:\/\/urbeamea.ro\/albaiulia\/wp-content\/uploads\/2025\/02\/1000028623-768x576.jpg 768w\" sizes=\"auto, (max-width: 960px) 100vw, 960px\" \/><\/figure>\n\n\n\n<figure class=\"wp-block-gallery has-nested-images columns-default is-cropped wp-block-gallery-1 is-layout-flex wp-block-gallery-is-layout-flex\">\n<figure class=\"wp-block-image size-large\"><img loading=\"lazy\" decoding=\"async\" width=\"960\" height=\"720\" data-id=\"116321\" src=\"https:\/\/urbeamea.ro\/albaiulia\/wp-content\/uploads\/2025\/02\/1000028624.jpg\" alt=\"\" class=\"wp-image-116321\" srcset=\"https:\/\/urbeamea.ro\/albaiulia\/wp-content\/uploads\/2025\/02\/1000028624.jpg 960w, https:\/\/urbeamea.ro\/albaiulia\/wp-content\/uploads\/2025\/02\/1000028624-640x480.jpg 640w, https:\/\/urbeamea.ro\/albaiulia\/wp-content\/uploads\/2025\/02\/1000028624-150x113.jpg 150w, https:\/\/urbeamea.ro\/albaiulia\/wp-content\/uploads\/2025\/02\/1000028624-768x576.jpg 768w\" sizes=\"auto, (max-width: 960px) 100vw, 960px\" \/><\/figure>\n\n\n\n<figure class=\"wp-block-image size-large\"><img loading=\"lazy\" decoding=\"async\" width=\"960\" height=\"720\" data-id=\"116322\" src=\"https:\/\/urbeamea.ro\/albaiulia\/wp-content\/uploads\/2025\/02\/1000028625.jpg\" alt=\"\" class=\"wp-image-116322\" srcset=\"https:\/\/urbeamea.ro\/albaiulia\/wp-content\/uploads\/2025\/02\/1000028625.jpg 960w, https:\/\/urbeamea.ro\/albaiulia\/wp-content\/uploads\/2025\/02\/1000028625-640x480.jpg 640w, https:\/\/urbeamea.ro\/albaiulia\/wp-content\/uploads\/2025\/02\/1000028625-150x113.jpg 150w, https:\/\/urbeamea.ro\/albaiulia\/wp-content\/uploads\/2025\/02\/1000028625-768x576.jpg 768w\" sizes=\"auto, (max-width: 960px) 100vw, 960px\" \/><\/figure>\n<\/figure>\n\n\n\n<p><\/p>\n","protected":false},"excerpt":{"rendered":"<p>Sediul Inspectoratului pentru Situa\u0163ii de Urgen\u0163\u0103 Alba a fost mar\u021bi sear\u0103, iluminat \u00een culoarea ro\u0219ie, pentru a marca Ziua European\u0103 a Num\u0103rului de Urgen\u021b\u0103 112. Potrivit ISU Alba, &#8222;\u00een semn de apreciere \u0219i solidaritate pentru salvatorii de la cap\u0103tul liniei, am decis s\u0103 iluminam sediul institu\u021biei noastre \u00een culoarea specific\u0103 Serviciului Unic de Urgen\u0163\u0103 112. &hellip;<\/p>\n","protected":false},"author":28,"featured_media":116322,"comment_status":"open","ping_status":"open","sticky":false,"template":"","format":"standard","meta":{"inline_featured_image":false,"footnotes":""},"categories":[4,2034,1,16344],"tags":[2560,25206],"class_list":["post-116319","post","type-post","status-publish","format-standard","has-post-thumbnail","hentry","category-eveniment","category-social","category-stiri-urbane","category-urbea-mea","tag-isu-alba","tag-numarul-de-urgenta-112"],"yoast_head":"<!-- This site is optimized with the Yoast SEO plugin v27.4 - https:\/\/yoast.com\/product\/yoast-seo-wordpress\/ -->\n<title>Peste 91.000 apeluri gestionate \u00een 2024, prin Serviciul Unic de Urgen\u021b\u0103 112. Sediul ISU Alba, iluminat festiv \u00een culoarea ro\u0219ie - Revista Urbea Mea - Revista de Alba<\/title>\n<meta name=\"description\" content=\"Sediul Inspectoratului pentru Situa\u0163ii de Urgen\u0163\u0103 Alba a fost mar\u021bi sear\u0103, iluminat \u00een culoarea ro\u0219ie, pentru a marca Ziua European\u0103 a Num\u0103rului de\" \/>\n<meta name=\"robots\" content=\"index, follow, max-snippet:-1, max-image-preview:large, max-video-preview:-1\" \/>\n<link rel=\"canonical\" href=\"https:\/\/urbeamea.ro\/albaiulia\/peste-91-000-apeluri-gestionate-in-2024-prin-serviciul-unic-de-urgenta-112-sediul-isu-alba-iluminat-festiv-in-culoarea-rosie\/\" \/>\n<meta name=\"twitter:card\" content=\"summary_large_image\" \/>\n<meta name=\"twitter:title\" content=\"Peste 91.000 apeluri gestionate \u00een 2024, prin Serviciul Unic de Urgen\u021b\u0103 112. Sediul ISU Alba, iluminat festiv \u00een culoarea ro\u0219ie - Revista Urbea Mea - Revista de Alba\" \/>\n<meta name=\"twitter:description\" content=\"Sediul Inspectoratului pentru Situa\u0163ii de Urgen\u0163\u0103 Alba a fost mar\u021bi sear\u0103, iluminat \u00een culoarea ro\u0219ie, pentru a marca Ziua European\u0103 a Num\u0103rului de\" \/>\n<meta name=\"twitter:image\" content=\"https:\/\/urbeamea.ro\/albaiulia\/wp-content\/uploads\/2025\/02\/1000028625.jpg\" \/>\n<meta name=\"twitter:creator\" content=\"@urbeameaweb\" \/>\n<meta name=\"twitter:site\" content=\"@urbeameaweb\" \/>\n<script type=\"application\/ld+json\" class=\"yoast-schema-graph\">{\"@context\":\"https:\\\/\\\/schema.org\",\"@graph\":[{\"@type\":\"Article\",\"@id\":\"https:\\\/\\\/urbeamea.ro\\\/albaiulia\\\/peste-91-000-apeluri-gestionate-in-2024-prin-serviciul-unic-de-urgenta-112-sediul-isu-alba-iluminat-festiv-in-culoarea-rosie\\\/#article\",\"isPartOf\":{\"@id\":\"https:\\\/\\\/urbeamea.ro\\\/albaiulia\\\/peste-91-000-apeluri-gestionate-in-2024-prin-serviciul-unic-de-urgenta-112-sediul-isu-alba-iluminat-festiv-in-culoarea-rosie\\\/\"},\"author\":{\"name\":\"Giurca Sorin\",\"@id\":\"https:\\\/\\\/urbeamea.ro\\\/albaiulia\\\/#\\\/schema\\\/person\\\/5db3854ac38c1cc9f0ab4092d6a20f02\"},\"headline\":\"Peste 91.000 apeluri gestionate \u00een 2024, prin Serviciul Unic de Urgen\u021b\u0103 112. Sediul ISU Alba, iluminat festiv \u00een culoarea ro\u0219ie\",\"datePublished\":\"2025-02-11T18:39:26+00:00\",\"dateModified\":\"2025-02-11T18:39:27+00:00\",\"mainEntityOfPage\":{\"@id\":\"https:\\\/\\\/urbeamea.ro\\\/albaiulia\\\/peste-91-000-apeluri-gestionate-in-2024-prin-serviciul-unic-de-urgenta-112-sediul-isu-alba-iluminat-festiv-in-culoarea-rosie\\\/\"},\"wordCount\":138,\"commentCount\":0,\"image\":{\"@id\":\"https:\\\/\\\/urbeamea.ro\\\/albaiulia\\\/peste-91-000-apeluri-gestionate-in-2024-prin-serviciul-unic-de-urgenta-112-sediul-isu-alba-iluminat-festiv-in-culoarea-rosie\\\/#primaryimage\"},\"thumbnailUrl\":\"https:\\\/\\\/urbeamea.ro\\\/albaiulia\\\/wp-content\\\/uploads\\\/2025\\\/02\\\/1000028625.jpg\",\"keywords\":[\"ISU Alba\",\"Numarul de Urgen\u0163\u0103 112\"],\"articleSection\":[\"Evenimente\",\"Social\",\"\u015etiri Urbane\",\"Urbea Mea\"],\"inLanguage\":\"ro-RO\",\"potentialAction\":[{\"@type\":\"CommentAction\",\"name\":\"Comment\",\"target\":[\"https:\\\/\\\/urbeamea.ro\\\/albaiulia\\\/peste-91-000-apeluri-gestionate-in-2024-prin-serviciul-unic-de-urgenta-112-sediul-isu-alba-iluminat-festiv-in-culoarea-rosie\\\/#respond\"]}]},{\"@type\":\"WebPage\",\"@id\":\"https:\\\/\\\/urbeamea.ro\\\/albaiulia\\\/peste-91-000-apeluri-gestionate-in-2024-prin-serviciul-unic-de-urgenta-112-sediul-isu-alba-iluminat-festiv-in-culoarea-rosie\\\/\",\"url\":\"https:\\\/\\\/urbeamea.ro\\\/albaiulia\\\/peste-91-000-apeluri-gestionate-in-2024-prin-serviciul-unic-de-urgenta-112-sediul-isu-alba-iluminat-festiv-in-culoarea-rosie\\\/\",\"name\":\"Peste 91.000 apeluri gestionate \u00een 2024, prin Serviciul Unic de Urgen\u021b\u0103 112. Sediul ISU Alba, iluminat festiv \u00een culoarea ro\u0219ie - Revista Urbea Mea - Revista de Alba\",\"isPartOf\":{\"@id\":\"https:\\\/\\\/urbeamea.ro\\\/albaiulia\\\/#website\"},\"primaryImageOfPage\":{\"@id\":\"https:\\\/\\\/urbeamea.ro\\\/albaiulia\\\/peste-91-000-apeluri-gestionate-in-2024-prin-serviciul-unic-de-urgenta-112-sediul-isu-alba-iluminat-festiv-in-culoarea-rosie\\\/#primaryimage\"},\"image\":{\"@id\":\"https:\\\/\\\/urbeamea.ro\\\/albaiulia\\\/peste-91-000-apeluri-gestionate-in-2024-prin-serviciul-unic-de-urgenta-112-sediul-isu-alba-iluminat-festiv-in-culoarea-rosie\\\/#primaryimage\"},\"thumbnailUrl\":\"https:\\\/\\\/urbeamea.ro\\\/albaiulia\\\/wp-content\\\/uploads\\\/2025\\\/02\\\/1000028625.jpg\",\"datePublished\":\"2025-02-11T18:39:26+00:00\",\"dateModified\":\"2025-02-11T18:39:27+00:00\",\"author\":{\"@id\":\"https:\\\/\\\/urbeamea.ro\\\/albaiulia\\\/#\\\/schema\\\/person\\\/5db3854ac38c1cc9f0ab4092d6a20f02\"},\"description\":\"Sediul Inspectoratului pentru Situa\u0163ii de Urgen\u0163\u0103 Alba a fost mar\u021bi sear\u0103, iluminat \u00een culoarea ro\u0219ie, pentru a marca Ziua European\u0103 a Num\u0103rului de\",\"breadcrumb\":{\"@id\":\"https:\\\/\\\/urbeamea.ro\\\/albaiulia\\\/peste-91-000-apeluri-gestionate-in-2024-prin-serviciul-unic-de-urgenta-112-sediul-isu-alba-iluminat-festiv-in-culoarea-rosie\\\/#breadcrumb\"},\"inLanguage\":\"ro-RO\",\"potentialAction\":[{\"@type\":\"ReadAction\",\"target\":[\"https:\\\/\\\/urbeamea.ro\\\/albaiulia\\\/peste-91-000-apeluri-gestionate-in-2024-prin-serviciul-unic-de-urgenta-112-sediul-isu-alba-iluminat-festiv-in-culoarea-rosie\\\/\"]}]},{\"@type\":\"ImageObject\",\"inLanguage\":\"ro-RO\",\"@id\":\"https:\\\/\\\/urbeamea.ro\\\/albaiulia\\\/peste-91-000-apeluri-gestionate-in-2024-prin-serviciul-unic-de-urgenta-112-sediul-isu-alba-iluminat-festiv-in-culoarea-rosie\\\/#primaryimage\",\"url\":\"https:\\\/\\\/urbeamea.ro\\\/albaiulia\\\/wp-content\\\/uploads\\\/2025\\\/02\\\/1000028625.jpg\",\"contentUrl\":\"https:\\\/\\\/urbeamea.ro\\\/albaiulia\\\/wp-content\\\/uploads\\\/2025\\\/02\\\/1000028625.jpg\",\"width\":960,\"height\":720},{\"@type\":\"BreadcrumbList\",\"@id\":\"https:\\\/\\\/urbeamea.ro\\\/albaiulia\\\/peste-91-000-apeluri-gestionate-in-2024-prin-serviciul-unic-de-urgenta-112-sediul-isu-alba-iluminat-festiv-in-culoarea-rosie\\\/#breadcrumb\",\"itemListElement\":[{\"@type\":\"ListItem\",\"position\":1,\"name\":\"Prima pagin\u0103\",\"item\":\"https:\\\/\\\/urbeamea.ro\\\/albaiulia\\\/\"},{\"@type\":\"ListItem\",\"position\":2,\"name\":\"Peste 91.000 apeluri gestionate \u00een 2024, prin Serviciul Unic de Urgen\u021b\u0103 112. Sediul ISU Alba, iluminat festiv \u00een culoarea ro\u0219ie\"}]},{\"@type\":\"WebSite\",\"@id\":\"https:\\\/\\\/urbeamea.ro\\\/albaiulia\\\/#website\",\"url\":\"https:\\\/\\\/urbeamea.ro\\\/albaiulia\\\/\",\"name\":\"Revista Urbea Mea, Stiri urbane\",\"description\":\"Evenimente \u0219i \u0219tiri din Alba Iulia, Sebe\u0219, Aiud, Blaj\",\"potentialAction\":[{\"@type\":\"SearchAction\",\"target\":{\"@type\":\"EntryPoint\",\"urlTemplate\":\"https:\\\/\\\/urbeamea.ro\\\/albaiulia\\\/?s={search_term_string}\"},\"query-input\":{\"@type\":\"PropertyValueSpecification\",\"valueRequired\":true,\"valueName\":\"search_term_string\"}}],\"inLanguage\":\"ro-RO\"},{\"@type\":\"Person\",\"@id\":\"https:\\\/\\\/urbeamea.ro\\\/albaiulia\\\/#\\\/schema\\\/person\\\/5db3854ac38c1cc9f0ab4092d6a20f02\",\"name\":\"Giurca Sorin\",\"image\":{\"@type\":\"ImageObject\",\"inLanguage\":\"ro-RO\",\"@id\":\"https:\\\/\\\/secure.gravatar.com\\\/avatar\\\/120f6fcae7b3b47a7730cb9943f612f4909f68ac5284b5f40ac1c4615fd70576?s=96&d=mm&r=g\",\"url\":\"https:\\\/\\\/secure.gravatar.com\\\/avatar\\\/120f6fcae7b3b47a7730cb9943f612f4909f68ac5284b5f40ac1c4615fd70576?s=96&d=mm&r=g\",\"contentUrl\":\"https:\\\/\\\/secure.gravatar.com\\\/avatar\\\/120f6fcae7b3b47a7730cb9943f612f4909f68ac5284b5f40ac1c4615fd70576?s=96&d=mm&r=g\",\"caption\":\"Giurca Sorin\"},\"url\":\"https:\\\/\\\/urbeamea.ro\\\/albaiulia\\\/author\\\/sorin\\\/\"}]}<\/script>\n<!-- \/ Yoast SEO plugin. -->","yoast_head_json":{"title":"Peste 91.000 apeluri gestionate \u00een 2024, prin Serviciul Unic de Urgen\u021b\u0103 112. Sediul ISU Alba, iluminat festiv \u00een culoarea ro\u0219ie - Revista Urbea Mea - Revista de Alba","description":"Sediul Inspectoratului pentru Situa\u0163ii de Urgen\u0163\u0103 Alba a fost mar\u021bi sear\u0103, iluminat \u00een culoarea ro\u0219ie, pentru a marca Ziua European\u0103 a Num\u0103rului de","robots":{"index":"index","follow":"follow","max-snippet":"max-snippet:-1","max-image-preview":"max-image-preview:large","max-video-preview":"max-video-preview:-1"},"canonical":"https:\/\/urbeamea.ro\/albaiulia\/peste-91-000-apeluri-gestionate-in-2024-prin-serviciul-unic-de-urgenta-112-sediul-isu-alba-iluminat-festiv-in-culoarea-rosie\/","twitter_card":"summary_large_image","twitter_title":"Peste 91.000 apeluri gestionate \u00een 2024, prin Serviciul Unic de Urgen\u021b\u0103 112. Sediul ISU Alba, iluminat festiv \u00een culoarea ro\u0219ie - Revista Urbea Mea - Revista de Alba","twitter_description":"Sediul Inspectoratului pentru Situa\u0163ii de Urgen\u0163\u0103 Alba a fost mar\u021bi sear\u0103, iluminat \u00een culoarea ro\u0219ie, pentru a marca Ziua European\u0103 a Num\u0103rului de","twitter_image":"https:\/\/urbeamea.ro\/albaiulia\/wp-content\/uploads\/2025\/02\/1000028625.jpg","twitter_creator":"@urbeameaweb","twitter_site":"@urbeameaweb","schema":{"@context":"https:\/\/schema.org","@graph":[{"@type":"Article","@id":"https:\/\/urbeamea.ro\/albaiulia\/peste-91-000-apeluri-gestionate-in-2024-prin-serviciul-unic-de-urgenta-112-sediul-isu-alba-iluminat-festiv-in-culoarea-rosie\/#article","isPartOf":{"@id":"https:\/\/urbeamea.ro\/albaiulia\/peste-91-000-apeluri-gestionate-in-2024-prin-serviciul-unic-de-urgenta-112-sediul-isu-alba-iluminat-festiv-in-culoarea-rosie\/"},"author":{"name":"Giurca Sorin","@id":"https:\/\/urbeamea.ro\/albaiulia\/#\/schema\/person\/5db3854ac38c1cc9f0ab4092d6a20f02"},"headline":"Peste 91.000 apeluri gestionate \u00een 2024, prin Serviciul Unic de Urgen\u021b\u0103 112. Sediul ISU Alba, iluminat festiv \u00een culoarea ro\u0219ie","datePublished":"2025-02-11T18:39:26+00:00","dateModified":"2025-02-11T18:39:27+00:00","mainEntityOfPage":{"@id":"https:\/\/urbeamea.ro\/albaiulia\/peste-91-000-apeluri-gestionate-in-2024-prin-serviciul-unic-de-urgenta-112-sediul-isu-alba-iluminat-festiv-in-culoarea-rosie\/"},"wordCount":138,"commentCount":0,"image":{"@id":"https:\/\/urbeamea.ro\/albaiulia\/peste-91-000-apeluri-gestionate-in-2024-prin-serviciul-unic-de-urgenta-112-sediul-isu-alba-iluminat-festiv-in-culoarea-rosie\/#primaryimage"},"thumbnailUrl":"https:\/\/urbeamea.ro\/albaiulia\/wp-content\/uploads\/2025\/02\/1000028625.jpg","keywords":["ISU Alba","Numarul de Urgen\u0163\u0103 112"],"articleSection":["Evenimente","Social","\u015etiri Urbane","Urbea Mea"],"inLanguage":"ro-RO","potentialAction":[{"@type":"CommentAction","name":"Comment","target":["https:\/\/urbeamea.ro\/albaiulia\/peste-91-000-apeluri-gestionate-in-2024-prin-serviciul-unic-de-urgenta-112-sediul-isu-alba-iluminat-festiv-in-culoarea-rosie\/#respond"]}]},{"@type":"WebPage","@id":"https:\/\/urbeamea.ro\/albaiulia\/peste-91-000-apeluri-gestionate-in-2024-prin-serviciul-unic-de-urgenta-112-sediul-isu-alba-iluminat-festiv-in-culoarea-rosie\/","url":"https:\/\/urbeamea.ro\/albaiulia\/peste-91-000-apeluri-gestionate-in-2024-prin-serviciul-unic-de-urgenta-112-sediul-isu-alba-iluminat-festiv-in-culoarea-rosie\/","name":"Peste 91.000 apeluri gestionate \u00een 2024, prin Serviciul Unic de Urgen\u021b\u0103 112. Sediul ISU Alba, iluminat festiv \u00een culoarea ro\u0219ie - Revista Urbea Mea - Revista de Alba","isPartOf":{"@id":"https:\/\/urbeamea.ro\/albaiulia\/#website"},"primaryImageOfPage":{"@id":"https:\/\/urbeamea.ro\/albaiulia\/peste-91-000-apeluri-gestionate-in-2024-prin-serviciul-unic-de-urgenta-112-sediul-isu-alba-iluminat-festiv-in-culoarea-rosie\/#primaryimage"},"image":{"@id":"https:\/\/urbeamea.ro\/albaiulia\/peste-91-000-apeluri-gestionate-in-2024-prin-serviciul-unic-de-urgenta-112-sediul-isu-alba-iluminat-festiv-in-culoarea-rosie\/#primaryimage"},"thumbnailUrl":"https:\/\/urbeamea.ro\/albaiulia\/wp-content\/uploads\/2025\/02\/1000028625.jpg","datePublished":"2025-02-11T18:39:26+00:00","dateModified":"2025-02-11T18:39:27+00:00","author":{"@id":"https:\/\/urbeamea.ro\/albaiulia\/#\/schema\/person\/5db3854ac38c1cc9f0ab4092d6a20f02"},"description":"Sediul Inspectoratului pentru Situa\u0163ii de Urgen\u0163\u0103 Alba a fost mar\u021bi sear\u0103, iluminat \u00een culoarea ro\u0219ie, pentru a marca Ziua European\u0103 a Num\u0103rului de","breadcrumb":{"@id":"https:\/\/urbeamea.ro\/albaiulia\/peste-91-000-apeluri-gestionate-in-2024-prin-serviciul-unic-de-urgenta-112-sediul-isu-alba-iluminat-festiv-in-culoarea-rosie\/#breadcrumb"},"inLanguage":"ro-RO","potentialAction":[{"@type":"ReadAction","target":["https:\/\/urbeamea.ro\/albaiulia\/peste-91-000-apeluri-gestionate-in-2024-prin-serviciul-unic-de-urgenta-112-sediul-isu-alba-iluminat-festiv-in-culoarea-rosie\/"]}]},{"@type":"ImageObject","inLanguage":"ro-RO","@id":"https:\/\/urbeamea.ro\/albaiulia\/peste-91-000-apeluri-gestionate-in-2024-prin-serviciul-unic-de-urgenta-112-sediul-isu-alba-iluminat-festiv-in-culoarea-rosie\/#primaryimage","url":"https:\/\/urbeamea.ro\/albaiulia\/wp-content\/uploads\/2025\/02\/1000028625.jpg","contentUrl":"https:\/\/urbeamea.ro\/albaiulia\/wp-content\/uploads\/2025\/02\/1000028625.jpg","width":960,"height":720},{"@type":"BreadcrumbList","@id":"https:\/\/urbeamea.ro\/albaiulia\/peste-91-000-apeluri-gestionate-in-2024-prin-serviciul-unic-de-urgenta-112-sediul-isu-alba-iluminat-festiv-in-culoarea-rosie\/#breadcrumb","itemListElement":[{"@type":"ListItem","position":1,"name":"Prima pagin\u0103","item":"https:\/\/urbeamea.ro\/albaiulia\/"},{"@type":"ListItem","position":2,"name":"Peste 91.000 apeluri gestionate \u00een 2024, prin Serviciul Unic de Urgen\u021b\u0103 112. Sediul ISU Alba, iluminat festiv \u00een culoarea ro\u0219ie"}]},{"@type":"WebSite","@id":"https:\/\/urbeamea.ro\/albaiulia\/#website","url":"https:\/\/urbeamea.ro\/albaiulia\/","name":"Revista Urbea Mea, Stiri urbane","description":"Evenimente \u0219i \u0219tiri din Alba Iulia, Sebe\u0219, Aiud, Blaj","potentialAction":[{"@type":"SearchAction","target":{"@type":"EntryPoint","urlTemplate":"https:\/\/urbeamea.ro\/albaiulia\/?s={search_term_string}"},"query-input":{"@type":"PropertyValueSpecification","valueRequired":true,"valueName":"search_term_string"}}],"inLanguage":"ro-RO"},{"@type":"Person","@id":"https:\/\/urbeamea.ro\/albaiulia\/#\/schema\/person\/5db3854ac38c1cc9f0ab4092d6a20f02","name":"Giurca Sorin","image":{"@type":"ImageObject","inLanguage":"ro-RO","@id":"https:\/\/secure.gravatar.com\/avatar\/120f6fcae7b3b47a7730cb9943f612f4909f68ac5284b5f40ac1c4615fd70576?s=96&d=mm&r=g","url":"https:\/\/secure.gravatar.com\/avatar\/120f6fcae7b3b47a7730cb9943f612f4909f68ac5284b5f40ac1c4615fd70576?s=96&d=mm&r=g","contentUrl":"https:\/\/secure.gravatar.com\/avatar\/120f6fcae7b3b47a7730cb9943f612f4909f68ac5284b5f40ac1c4615fd70576?s=96&d=mm&r=g","caption":"Giurca Sorin"},"url":"https:\/\/urbeamea.ro\/albaiulia\/author\/sorin\/"}]}},"_links":{"self":[{"href":"https:\/\/urbeamea.ro\/albaiulia\/wp-json\/wp\/v2\/posts\/116319","targetHints":{"allow":["GET"]}}],"collection":[{"href":"https:\/\/urbeamea.ro\/albaiulia\/wp-json\/wp\/v2\/posts"}],"about":[{"href":"https:\/\/urbeamea.ro\/albaiulia\/wp-json\/wp\/v2\/types\/post"}],"author":[{"embeddable":true,"href":"https:\/\/urbeamea.ro\/albaiulia\/wp-json\/wp\/v2\/users\/28"}],"replies":[{"embeddable":true,"href":"https:\/\/urbeamea.ro\/albaiulia\/wp-json\/wp\/v2\/comments?post=116319"}],"version-history":[{"count":1,"href":"https:\/\/urbeamea.ro\/albaiulia\/wp-json\/wp\/v2\/posts\/116319\/revisions"}],"predecessor-version":[{"id":116323,"href":"https:\/\/urbeamea.ro\/albaiulia\/wp-json\/wp\/v2\/posts\/116319\/revisions\/116323"}],"wp:featuredmedia":[{"embeddable":true,"href":"https:\/\/urbeamea.ro\/albaiulia\/wp-json\/wp\/v2\/media\/116322"}],"wp:attachment":[{"href":"https:\/\/urbeamea.ro\/albaiulia\/wp-json\/wp\/v2\/media?parent=116319"}],"wp:term":[{"taxonomy":"category","embeddable":true,"href":"https:\/\/urbeamea.ro\/albaiulia\/wp-json\/wp\/v2\/categories?post=116319"},{"taxonomy":"post_tag","embeddable":true,"href":"https:\/\/urbeamea.ro\/albaiulia\/wp-json\/wp\/v2\/tags?post=116319"}],"curies":[{"name":"wp","href":"https:\/\/api.w.org\/{rel}","templated":true}]}}