{"id":116492,"date":"2025-02-23T14:26:58","date_gmt":"2025-02-23T12:26:58","guid":{"rendered":"https:\/\/urbeamea.ro\/albaiulia\/?p=116492"},"modified":"2025-02-23T14:27:00","modified_gmt":"2025-02-23T12:27:00","slug":"s-au-implinit-780-de-ani-de-la-atestarea-documentara-a-municipiului-sebes","status":"publish","type":"post","link":"https:\/\/urbeamea.ro\/albaiulia\/s-au-implinit-780-de-ani-de-la-atestarea-documentara-a-municipiului-sebes\/","title":{"rendered":"S-au \u00eemplinit 780 de ani de la atestarea documentar\u0103 a Municipiului Sebe\u0219"},"content":{"rendered":"\n<p><strong>S\u00e2mb\u0103t\u0103, 22 februarie 2025, se \u00eemplinesc 780 de ani de la prima atestare a Sebe\u0219ului, localitatea fiind men\u021bionat\u0103 \u00een 1245, cu numele Malembach, \u00eentr-un document emis de papa Inocentiu al IV-lea (1243-1254), la c\u00e2\u021biva ani dup\u0103 invazia t\u0103tar\u0103 din 1241. <\/strong><\/p>\n\n\n\n<p>Cu toate c\u0103 atestarea dateaz\u0103 din 1245, a\u0219ezarea exista din veacul anterior, tradi\u021bia oral\u0103 local\u0103 indic\u00e2nd anul 1150, ca moment al fond\u0103rii sale.<\/p>\n\n\n\n<p>La fel ca \u0219i alte a\u0219ez\u0103ri \u00eentemeiate \u00een secolul al XII-lea de coloni\u0219ti sa\u0219i, adu\u0219i \u00een zon\u0103 de c\u0103tre regii maghiari pentru a ap\u0103ra grani\u021ba de sud a Transilvaniei dar \u0219i pentru a contribui la dezvoltarea general\u0103 a regatului, Sebe\u0219ul a avut o evolu\u021bie spectaculoas\u0103, mai ales \u00een primele decenii ale veacului al XIV-lea, localitatea fiind avantajat\u0103 de situarea la intersec\u021bia a dou\u0103 rute comerciale importante care tranzitau regiunea, dezvoltarea sa fiind certificat\u0103 \u00een anul 1341, c\u00e2nd Sebe\u0219ul a fost men\u021bionat \u00een documente ca av\u00e2nd statut de ora\u0219: \u201ecivitas Sebus\u201d.<\/p>\n\n\n\n<p> \u0218i din punct de vedere urbanistic, \u00een acea perioad\u0103 Sebe\u0219ul dob\u00e2ndea tr\u0103s\u0103turile unui ora\u0219, av\u00e2nd o structur\u0103 \u00eenchegat\u0103, cu dou\u0103 pie\u021be, una mic\u0103 \u0219i una mare, care s-au constituit \u00een proximitatea bisericii parohiale. <\/p>\n\n\n\n<p>Aceasta din urm\u0103 s-a extins, prin construirea, pe locul vechii abside poligonale, a unui cor gotic de tip hal\u0103 de mari dimensiuni, bogat decorat cu statui. <\/p>\n\n\n\n<p>Morfologia localit\u0103\u021bii s-a definitivat odat\u0103 cu construirea fortifica\u021biei ora\u0219ului, la sf\u00e2r\u0219itul secolului al XIV-lea \u0219i la \u00eenceputul celui urm\u0103tor, atunci c\u00e2nd \u00eentreg arealul locuit al a\u0219ez\u0103rii a fost \u00eenconjurat cu un zid de ap\u0103rare, \u00eent\u0103rit din loc \u00een loc cu turnuri.<\/p>\n\n\n\n<p> \u00cen anul 1387, sebe\u0219enii, printr-un privilegiu acordat de regele Sigismund de Luxemburg (1387-1437), dob\u00e2ndeau permisiunea de a-\u0219i \u00eenconjura ora\u0219ul cu ziduri de piatr\u0103, iar lucr\u0103rile de construc\u021bie au fost demarate imediat, dac\u0103 nu cumva \u00eencepuser\u0103 de ceva vreme. <\/p>\n\n\n\n<p>Nu se cunoa\u0219te momentul finaliz\u0103rii acestora. <\/p>\n\n\n\n<p>Fortifica\u021bia Sebe\u0219ului, r\u0103mas\u0103 cunoscut\u0103 \u00een literatura de specialitate ca singura cetate or\u0103\u0219eneasc\u0103 despre care s-a p\u0103strat un document oficial de construc\u021bie (din 1387), este un prototip arhaic \u00een sistemul defensiv urban din Transilvania \u0219i, \u00een cadrul ei, s-au conservat cele mai multe elemente originale care dateaz\u0103 de la sf\u00e2r\u0219itul secolului al XIV-lea \u0219i \u00eenceputul celui urm\u0103tor. <\/p>\n\n\n\n<p>Fortifica\u021bia are forma unui dreptunghi cu col\u021burile rotunjite \u0219i este dispus\u0103 \u00een jurul ora\u0219ului interior, delimit\u00e2nd, \u00een prezent, centrul istoric al Sebe\u0219ului, cu o suprafa\u021b\u0103 de aproximativ 20 ha. <\/p>\n\n\n\n<p>Incinta, cu un perimetru de 1700 m, este alc\u0103tuit\u0103 din ziduri din piatr\u0103 ce nu dep\u0103\u0219esc 7 m \u00een \u00een\u0103l\u021bime \u0219i 1,50 m \u00een grosime. \u00cen partea superioar\u0103 a zidurilor exist\u0103 un parapet, cu \u00een\u0103l\u021bimea de p\u00e2n\u0103 la 2,20 m, prev\u0103zut cu creneluri, merloane \u0219i ferestre de tragere.<\/p>\n\n\n\n<p> La baza parapetului, spre interiorul incintei, era amplasat drumul de straj\u0103, sprijinit pe console din lemn \u0219i, \u00een unele por\u021biuni, pe arcade de zid\u0103rie. <\/p>\n\n\n\n<p>Fortifica\u021bia cuprindea, pe l\u00e2ng\u0103 curtine, \u0219an\u021buri inundate \u0219i lacuri, ca elemente defensive suplimentare care s\u0103 sporeasc\u0103 gradul de siguran\u021b\u0103 oferit de incint\u0103. <\/p>\n\n\n\n<p>\u00cen secolul al XVII-lea, \u00een dreptul por\u021bilor de est \u0219i de vest ale ora\u0219ului, au fost construite dou\u0103 barbacane de forma unor potcoave, cu rolul de a \u00eent\u0103ri aceste puncte nevralgice.<\/p>\n\n\n\n<p>Zidul se p\u0103streaz\u0103 pe aproape \u00eentreaga lungime perimetral\u0103 a incintei, fiind \u00eentrerupt, din loc \u00een loc, \u00een dreptul str\u0103zilor care continu\u0103 din ora\u0219ul interior \u00een noile cartiere. <\/p>\n\n\n\n<p>Aceste bre\u0219e au fost realizate, \u00een cea mai mare parte, \u00een secolul al XIX-lea. <\/p>\n\n\n\n<p>Dintre turnurile de ap\u0103rare, \u00een prezent se mai p\u0103streaz\u0103 urm\u0103toarele: turnul Croitorilor (sau al Studentului), turnul Cizmarilor, turnul Por\u021bii de nord, turnul Por\u021bii de vest, turnul Octogonal \u0219i turnul Semicircular.<\/p>\n\n\n\n<figure class=\"wp-block-gallery has-nested-images columns-default is-cropped wp-block-gallery-1 is-layout-flex wp-block-gallery-is-layout-flex\">\n<figure class=\"wp-block-image size-large\"><img loading=\"lazy\" decoding=\"async\" width=\"1080\" height=\"692\" data-id=\"116493\" src=\"https:\/\/urbeamea.ro\/albaiulia\/wp-content\/uploads\/2025\/02\/1000029593.jpg\" alt=\"\" class=\"wp-image-116493\" srcset=\"https:\/\/urbeamea.ro\/albaiulia\/wp-content\/uploads\/2025\/02\/1000029593.jpg 1080w, https:\/\/urbeamea.ro\/albaiulia\/wp-content\/uploads\/2025\/02\/1000029593-640x410.jpg 640w, https:\/\/urbeamea.ro\/albaiulia\/wp-content\/uploads\/2025\/02\/1000029593-150x96.jpg 150w, https:\/\/urbeamea.ro\/albaiulia\/wp-content\/uploads\/2025\/02\/1000029593-768x492.jpg 768w\" sizes=\"auto, (max-width: 1080px) 100vw, 1080px\" \/><\/figure>\n\n\n\n<figure class=\"wp-block-image size-large\"><img loading=\"lazy\" decoding=\"async\" width=\"1080\" height=\"1018\" data-id=\"116494\" src=\"https:\/\/urbeamea.ro\/albaiulia\/wp-content\/uploads\/2025\/02\/1000029594.jpg\" alt=\"\" class=\"wp-image-116494\" srcset=\"https:\/\/urbeamea.ro\/albaiulia\/wp-content\/uploads\/2025\/02\/1000029594.jpg 1080w, https:\/\/urbeamea.ro\/albaiulia\/wp-content\/uploads\/2025\/02\/1000029594-640x603.jpg 640w, https:\/\/urbeamea.ro\/albaiulia\/wp-content\/uploads\/2025\/02\/1000029594-150x141.jpg 150w, https:\/\/urbeamea.ro\/albaiulia\/wp-content\/uploads\/2025\/02\/1000029594-768x724.jpg 768w\" sizes=\"auto, (max-width: 1080px) 100vw, 1080px\" \/><\/figure>\n\n\n\n<figure class=\"wp-block-image size-large\"><img loading=\"lazy\" decoding=\"async\" width=\"1074\" height=\"1280\" data-id=\"116495\" src=\"https:\/\/urbeamea.ro\/albaiulia\/wp-content\/uploads\/2025\/02\/1000029595-1074x1280.jpg\" alt=\"\" class=\"wp-image-116495\" srcset=\"https:\/\/urbeamea.ro\/albaiulia\/wp-content\/uploads\/2025\/02\/1000029595-1074x1280.jpg 1074w, https:\/\/urbeamea.ro\/albaiulia\/wp-content\/uploads\/2025\/02\/1000029595-537x640.jpg 537w, https:\/\/urbeamea.ro\/albaiulia\/wp-content\/uploads\/2025\/02\/1000029595-126x150.jpg 126w, https:\/\/urbeamea.ro\/albaiulia\/wp-content\/uploads\/2025\/02\/1000029595-768x915.jpg 768w, https:\/\/urbeamea.ro\/albaiulia\/wp-content\/uploads\/2025\/02\/1000029595.jpg 1080w\" sizes=\"auto, (max-width: 1074px) 100vw, 1074px\" \/><\/figure>\n<\/figure>\n","protected":false},"excerpt":{"rendered":"<p>S\u00e2mb\u0103t\u0103, 22 februarie 2025, se \u00eemplinesc 780 de ani de la prima atestare a Sebe\u0219ului, localitatea fiind men\u021bionat\u0103 \u00een 1245, cu numele Malembach, \u00eentr-un document emis de papa Inocentiu al IV-lea (1243-1254), la c\u00e2\u021biva ani dup\u0103 invazia t\u0103tar\u0103 din 1241. Cu toate c\u0103 atestarea dateaz\u0103 din 1245, a\u0219ezarea exista din veacul anterior, tradi\u021bia oral\u0103 local\u0103 &hellip;<\/p>\n","protected":false},"author":28,"featured_media":116493,"comment_status":"open","ping_status":"open","sticky":false,"template":"","format":"standard","meta":{"inline_featured_image":false,"footnotes":""},"categories":[2038,8857,2034,1,16344],"tags":[25224],"class_list":["post-116492","post","type-post","status-publish","format-standard","has-post-thumbnail","hentry","category-cultura","category-istorie","category-social","category-stiri-urbane","category-urbea-mea","tag-780-de-ani-de-la-atestarea-documentara-a-sebesului"],"yoast_head":"<!-- This site is optimized with the Yoast SEO plugin v27.4 - https:\/\/yoast.com\/product\/yoast-seo-wordpress\/ -->\n<title>S-au \u00eemplinit 780 de ani de la atestarea documentar\u0103 a Municipiului Sebe\u0219 - Revista Urbea Mea - Revista de Alba<\/title>\n<meta name=\"description\" content=\"S\u00e2mb\u0103t\u0103, 22 februarie 2025, se \u00eemplinesc 780 de ani de la prima atestare a Sebe\u0219ului, localitatea fiind men\u021bionat\u0103 \u00een 1245, cu numele Malembach, \u00eentr-un\" \/>\n<meta name=\"robots\" content=\"index, follow, max-snippet:-1, max-image-preview:large, max-video-preview:-1\" \/>\n<link rel=\"canonical\" href=\"https:\/\/urbeamea.ro\/albaiulia\/s-au-implinit-780-de-ani-de-la-atestarea-documentara-a-municipiului-sebes\/\" \/>\n<meta name=\"twitter:card\" content=\"summary_large_image\" \/>\n<meta name=\"twitter:title\" content=\"S-au \u00eemplinit 780 de ani de la atestarea documentar\u0103 a Municipiului Sebe\u0219 - Revista Urbea Mea - Revista de Alba\" \/>\n<meta name=\"twitter:description\" content=\"S\u00e2mb\u0103t\u0103, 22 februarie 2025, se \u00eemplinesc 780 de ani de la prima atestare a Sebe\u0219ului, localitatea fiind men\u021bionat\u0103 \u00een 1245, cu numele Malembach, \u00eentr-un\" \/>\n<meta name=\"twitter:image\" content=\"https:\/\/urbeamea.ro\/albaiulia\/wp-content\/uploads\/2025\/02\/1000029593.jpg\" \/>\n<meta name=\"twitter:creator\" content=\"@urbeameaweb\" \/>\n<meta name=\"twitter:site\" content=\"@urbeameaweb\" \/>\n<script type=\"application\/ld+json\" class=\"yoast-schema-graph\">{\"@context\":\"https:\\\/\\\/schema.org\",\"@graph\":[{\"@type\":\"Article\",\"@id\":\"https:\\\/\\\/urbeamea.ro\\\/albaiulia\\\/s-au-implinit-780-de-ani-de-la-atestarea-documentara-a-municipiului-sebes\\\/#article\",\"isPartOf\":{\"@id\":\"https:\\\/\\\/urbeamea.ro\\\/albaiulia\\\/s-au-implinit-780-de-ani-de-la-atestarea-documentara-a-municipiului-sebes\\\/\"},\"author\":{\"name\":\"Giurca Sorin\",\"@id\":\"https:\\\/\\\/urbeamea.ro\\\/albaiulia\\\/#\\\/schema\\\/person\\\/5db3854ac38c1cc9f0ab4092d6a20f02\"},\"headline\":\"S-au \u00eemplinit 780 de ani de la atestarea documentar\u0103 a Municipiului Sebe\u0219\",\"datePublished\":\"2025-02-23T12:26:58+00:00\",\"dateModified\":\"2025-02-23T12:27:00+00:00\",\"mainEntityOfPage\":{\"@id\":\"https:\\\/\\\/urbeamea.ro\\\/albaiulia\\\/s-au-implinit-780-de-ani-de-la-atestarea-documentara-a-municipiului-sebes\\\/\"},\"wordCount\":663,\"commentCount\":0,\"image\":{\"@id\":\"https:\\\/\\\/urbeamea.ro\\\/albaiulia\\\/s-au-implinit-780-de-ani-de-la-atestarea-documentara-a-municipiului-sebes\\\/#primaryimage\"},\"thumbnailUrl\":\"https:\\\/\\\/urbeamea.ro\\\/albaiulia\\\/wp-content\\\/uploads\\\/2025\\\/02\\\/1000029593.jpg\",\"keywords\":[\"780 de ani de la atestarea documentar\u0103 a Sebe\u0219ului\"],\"articleSection\":[\"Cultur\u0103\",\"Istorie\",\"Social\",\"\u015etiri Urbane\",\"Urbea Mea\"],\"inLanguage\":\"ro-RO\",\"potentialAction\":[{\"@type\":\"CommentAction\",\"name\":\"Comment\",\"target\":[\"https:\\\/\\\/urbeamea.ro\\\/albaiulia\\\/s-au-implinit-780-de-ani-de-la-atestarea-documentara-a-municipiului-sebes\\\/#respond\"]}]},{\"@type\":\"WebPage\",\"@id\":\"https:\\\/\\\/urbeamea.ro\\\/albaiulia\\\/s-au-implinit-780-de-ani-de-la-atestarea-documentara-a-municipiului-sebes\\\/\",\"url\":\"https:\\\/\\\/urbeamea.ro\\\/albaiulia\\\/s-au-implinit-780-de-ani-de-la-atestarea-documentara-a-municipiului-sebes\\\/\",\"name\":\"S-au \u00eemplinit 780 de ani de la atestarea documentar\u0103 a Municipiului Sebe\u0219 - Revista Urbea Mea - Revista de Alba\",\"isPartOf\":{\"@id\":\"https:\\\/\\\/urbeamea.ro\\\/albaiulia\\\/#website\"},\"primaryImageOfPage\":{\"@id\":\"https:\\\/\\\/urbeamea.ro\\\/albaiulia\\\/s-au-implinit-780-de-ani-de-la-atestarea-documentara-a-municipiului-sebes\\\/#primaryimage\"},\"image\":{\"@id\":\"https:\\\/\\\/urbeamea.ro\\\/albaiulia\\\/s-au-implinit-780-de-ani-de-la-atestarea-documentara-a-municipiului-sebes\\\/#primaryimage\"},\"thumbnailUrl\":\"https:\\\/\\\/urbeamea.ro\\\/albaiulia\\\/wp-content\\\/uploads\\\/2025\\\/02\\\/1000029593.jpg\",\"datePublished\":\"2025-02-23T12:26:58+00:00\",\"dateModified\":\"2025-02-23T12:27:00+00:00\",\"author\":{\"@id\":\"https:\\\/\\\/urbeamea.ro\\\/albaiulia\\\/#\\\/schema\\\/person\\\/5db3854ac38c1cc9f0ab4092d6a20f02\"},\"description\":\"S\u00e2mb\u0103t\u0103, 22 februarie 2025, se \u00eemplinesc 780 de ani de la prima atestare a Sebe\u0219ului, localitatea fiind men\u021bionat\u0103 \u00een 1245, cu numele Malembach, \u00eentr-un\",\"breadcrumb\":{\"@id\":\"https:\\\/\\\/urbeamea.ro\\\/albaiulia\\\/s-au-implinit-780-de-ani-de-la-atestarea-documentara-a-municipiului-sebes\\\/#breadcrumb\"},\"inLanguage\":\"ro-RO\",\"potentialAction\":[{\"@type\":\"ReadAction\",\"target\":[\"https:\\\/\\\/urbeamea.ro\\\/albaiulia\\\/s-au-implinit-780-de-ani-de-la-atestarea-documentara-a-municipiului-sebes\\\/\"]}]},{\"@type\":\"ImageObject\",\"inLanguage\":\"ro-RO\",\"@id\":\"https:\\\/\\\/urbeamea.ro\\\/albaiulia\\\/s-au-implinit-780-de-ani-de-la-atestarea-documentara-a-municipiului-sebes\\\/#primaryimage\",\"url\":\"https:\\\/\\\/urbeamea.ro\\\/albaiulia\\\/wp-content\\\/uploads\\\/2025\\\/02\\\/1000029593.jpg\",\"contentUrl\":\"https:\\\/\\\/urbeamea.ro\\\/albaiulia\\\/wp-content\\\/uploads\\\/2025\\\/02\\\/1000029593.jpg\",\"width\":1080,\"height\":692},{\"@type\":\"BreadcrumbList\",\"@id\":\"https:\\\/\\\/urbeamea.ro\\\/albaiulia\\\/s-au-implinit-780-de-ani-de-la-atestarea-documentara-a-municipiului-sebes\\\/#breadcrumb\",\"itemListElement\":[{\"@type\":\"ListItem\",\"position\":1,\"name\":\"Prima pagin\u0103\",\"item\":\"https:\\\/\\\/urbeamea.ro\\\/albaiulia\\\/\"},{\"@type\":\"ListItem\",\"position\":2,\"name\":\"S-au \u00eemplinit 780 de ani de la atestarea documentar\u0103 a Municipiului Sebe\u0219\"}]},{\"@type\":\"WebSite\",\"@id\":\"https:\\\/\\\/urbeamea.ro\\\/albaiulia\\\/#website\",\"url\":\"https:\\\/\\\/urbeamea.ro\\\/albaiulia\\\/\",\"name\":\"Revista Urbea Mea, Stiri urbane\",\"description\":\"Evenimente \u0219i \u0219tiri din Alba Iulia, Sebe\u0219, Aiud, Blaj\",\"potentialAction\":[{\"@type\":\"SearchAction\",\"target\":{\"@type\":\"EntryPoint\",\"urlTemplate\":\"https:\\\/\\\/urbeamea.ro\\\/albaiulia\\\/?s={search_term_string}\"},\"query-input\":{\"@type\":\"PropertyValueSpecification\",\"valueRequired\":true,\"valueName\":\"search_term_string\"}}],\"inLanguage\":\"ro-RO\"},{\"@type\":\"Person\",\"@id\":\"https:\\\/\\\/urbeamea.ro\\\/albaiulia\\\/#\\\/schema\\\/person\\\/5db3854ac38c1cc9f0ab4092d6a20f02\",\"name\":\"Giurca Sorin\",\"image\":{\"@type\":\"ImageObject\",\"inLanguage\":\"ro-RO\",\"@id\":\"https:\\\/\\\/secure.gravatar.com\\\/avatar\\\/120f6fcae7b3b47a7730cb9943f612f4909f68ac5284b5f40ac1c4615fd70576?s=96&d=mm&r=g\",\"url\":\"https:\\\/\\\/secure.gravatar.com\\\/avatar\\\/120f6fcae7b3b47a7730cb9943f612f4909f68ac5284b5f40ac1c4615fd70576?s=96&d=mm&r=g\",\"contentUrl\":\"https:\\\/\\\/secure.gravatar.com\\\/avatar\\\/120f6fcae7b3b47a7730cb9943f612f4909f68ac5284b5f40ac1c4615fd70576?s=96&d=mm&r=g\",\"caption\":\"Giurca Sorin\"},\"url\":\"https:\\\/\\\/urbeamea.ro\\\/albaiulia\\\/author\\\/sorin\\\/\"}]}<\/script>\n<!-- \/ Yoast SEO plugin. -->","yoast_head_json":{"title":"S-au \u00eemplinit 780 de ani de la atestarea documentar\u0103 a Municipiului Sebe\u0219 - Revista Urbea Mea - Revista de Alba","description":"S\u00e2mb\u0103t\u0103, 22 februarie 2025, se \u00eemplinesc 780 de ani de la prima atestare a Sebe\u0219ului, localitatea fiind men\u021bionat\u0103 \u00een 1245, cu numele Malembach, \u00eentr-un","robots":{"index":"index","follow":"follow","max-snippet":"max-snippet:-1","max-image-preview":"max-image-preview:large","max-video-preview":"max-video-preview:-1"},"canonical":"https:\/\/urbeamea.ro\/albaiulia\/s-au-implinit-780-de-ani-de-la-atestarea-documentara-a-municipiului-sebes\/","twitter_card":"summary_large_image","twitter_title":"S-au \u00eemplinit 780 de ani de la atestarea documentar\u0103 a Municipiului Sebe\u0219 - Revista Urbea Mea - Revista de Alba","twitter_description":"S\u00e2mb\u0103t\u0103, 22 februarie 2025, se \u00eemplinesc 780 de ani de la prima atestare a Sebe\u0219ului, localitatea fiind men\u021bionat\u0103 \u00een 1245, cu numele Malembach, \u00eentr-un","twitter_image":"https:\/\/urbeamea.ro\/albaiulia\/wp-content\/uploads\/2025\/02\/1000029593.jpg","twitter_creator":"@urbeameaweb","twitter_site":"@urbeameaweb","schema":{"@context":"https:\/\/schema.org","@graph":[{"@type":"Article","@id":"https:\/\/urbeamea.ro\/albaiulia\/s-au-implinit-780-de-ani-de-la-atestarea-documentara-a-municipiului-sebes\/#article","isPartOf":{"@id":"https:\/\/urbeamea.ro\/albaiulia\/s-au-implinit-780-de-ani-de-la-atestarea-documentara-a-municipiului-sebes\/"},"author":{"name":"Giurca Sorin","@id":"https:\/\/urbeamea.ro\/albaiulia\/#\/schema\/person\/5db3854ac38c1cc9f0ab4092d6a20f02"},"headline":"S-au \u00eemplinit 780 de ani de la atestarea documentar\u0103 a Municipiului Sebe\u0219","datePublished":"2025-02-23T12:26:58+00:00","dateModified":"2025-02-23T12:27:00+00:00","mainEntityOfPage":{"@id":"https:\/\/urbeamea.ro\/albaiulia\/s-au-implinit-780-de-ani-de-la-atestarea-documentara-a-municipiului-sebes\/"},"wordCount":663,"commentCount":0,"image":{"@id":"https:\/\/urbeamea.ro\/albaiulia\/s-au-implinit-780-de-ani-de-la-atestarea-documentara-a-municipiului-sebes\/#primaryimage"},"thumbnailUrl":"https:\/\/urbeamea.ro\/albaiulia\/wp-content\/uploads\/2025\/02\/1000029593.jpg","keywords":["780 de ani de la atestarea documentar\u0103 a Sebe\u0219ului"],"articleSection":["Cultur\u0103","Istorie","Social","\u015etiri Urbane","Urbea Mea"],"inLanguage":"ro-RO","potentialAction":[{"@type":"CommentAction","name":"Comment","target":["https:\/\/urbeamea.ro\/albaiulia\/s-au-implinit-780-de-ani-de-la-atestarea-documentara-a-municipiului-sebes\/#respond"]}]},{"@type":"WebPage","@id":"https:\/\/urbeamea.ro\/albaiulia\/s-au-implinit-780-de-ani-de-la-atestarea-documentara-a-municipiului-sebes\/","url":"https:\/\/urbeamea.ro\/albaiulia\/s-au-implinit-780-de-ani-de-la-atestarea-documentara-a-municipiului-sebes\/","name":"S-au \u00eemplinit 780 de ani de la atestarea documentar\u0103 a Municipiului Sebe\u0219 - Revista Urbea Mea - Revista de Alba","isPartOf":{"@id":"https:\/\/urbeamea.ro\/albaiulia\/#website"},"primaryImageOfPage":{"@id":"https:\/\/urbeamea.ro\/albaiulia\/s-au-implinit-780-de-ani-de-la-atestarea-documentara-a-municipiului-sebes\/#primaryimage"},"image":{"@id":"https:\/\/urbeamea.ro\/albaiulia\/s-au-implinit-780-de-ani-de-la-atestarea-documentara-a-municipiului-sebes\/#primaryimage"},"thumbnailUrl":"https:\/\/urbeamea.ro\/albaiulia\/wp-content\/uploads\/2025\/02\/1000029593.jpg","datePublished":"2025-02-23T12:26:58+00:00","dateModified":"2025-02-23T12:27:00+00:00","author":{"@id":"https:\/\/urbeamea.ro\/albaiulia\/#\/schema\/person\/5db3854ac38c1cc9f0ab4092d6a20f02"},"description":"S\u00e2mb\u0103t\u0103, 22 februarie 2025, se \u00eemplinesc 780 de ani de la prima atestare a Sebe\u0219ului, localitatea fiind men\u021bionat\u0103 \u00een 1245, cu numele Malembach, \u00eentr-un","breadcrumb":{"@id":"https:\/\/urbeamea.ro\/albaiulia\/s-au-implinit-780-de-ani-de-la-atestarea-documentara-a-municipiului-sebes\/#breadcrumb"},"inLanguage":"ro-RO","potentialAction":[{"@type":"ReadAction","target":["https:\/\/urbeamea.ro\/albaiulia\/s-au-implinit-780-de-ani-de-la-atestarea-documentara-a-municipiului-sebes\/"]}]},{"@type":"ImageObject","inLanguage":"ro-RO","@id":"https:\/\/urbeamea.ro\/albaiulia\/s-au-implinit-780-de-ani-de-la-atestarea-documentara-a-municipiului-sebes\/#primaryimage","url":"https:\/\/urbeamea.ro\/albaiulia\/wp-content\/uploads\/2025\/02\/1000029593.jpg","contentUrl":"https:\/\/urbeamea.ro\/albaiulia\/wp-content\/uploads\/2025\/02\/1000029593.jpg","width":1080,"height":692},{"@type":"BreadcrumbList","@id":"https:\/\/urbeamea.ro\/albaiulia\/s-au-implinit-780-de-ani-de-la-atestarea-documentara-a-municipiului-sebes\/#breadcrumb","itemListElement":[{"@type":"ListItem","position":1,"name":"Prima pagin\u0103","item":"https:\/\/urbeamea.ro\/albaiulia\/"},{"@type":"ListItem","position":2,"name":"S-au \u00eemplinit 780 de ani de la atestarea documentar\u0103 a Municipiului Sebe\u0219"}]},{"@type":"WebSite","@id":"https:\/\/urbeamea.ro\/albaiulia\/#website","url":"https:\/\/urbeamea.ro\/albaiulia\/","name":"Revista Urbea Mea, Stiri urbane","description":"Evenimente \u0219i \u0219tiri din Alba Iulia, Sebe\u0219, Aiud, Blaj","potentialAction":[{"@type":"SearchAction","target":{"@type":"EntryPoint","urlTemplate":"https:\/\/urbeamea.ro\/albaiulia\/?s={search_term_string}"},"query-input":{"@type":"PropertyValueSpecification","valueRequired":true,"valueName":"search_term_string"}}],"inLanguage":"ro-RO"},{"@type":"Person","@id":"https:\/\/urbeamea.ro\/albaiulia\/#\/schema\/person\/5db3854ac38c1cc9f0ab4092d6a20f02","name":"Giurca Sorin","image":{"@type":"ImageObject","inLanguage":"ro-RO","@id":"https:\/\/secure.gravatar.com\/avatar\/120f6fcae7b3b47a7730cb9943f612f4909f68ac5284b5f40ac1c4615fd70576?s=96&d=mm&r=g","url":"https:\/\/secure.gravatar.com\/avatar\/120f6fcae7b3b47a7730cb9943f612f4909f68ac5284b5f40ac1c4615fd70576?s=96&d=mm&r=g","contentUrl":"https:\/\/secure.gravatar.com\/avatar\/120f6fcae7b3b47a7730cb9943f612f4909f68ac5284b5f40ac1c4615fd70576?s=96&d=mm&r=g","caption":"Giurca Sorin"},"url":"https:\/\/urbeamea.ro\/albaiulia\/author\/sorin\/"}]}},"_links":{"self":[{"href":"https:\/\/urbeamea.ro\/albaiulia\/wp-json\/wp\/v2\/posts\/116492","targetHints":{"allow":["GET"]}}],"collection":[{"href":"https:\/\/urbeamea.ro\/albaiulia\/wp-json\/wp\/v2\/posts"}],"about":[{"href":"https:\/\/urbeamea.ro\/albaiulia\/wp-json\/wp\/v2\/types\/post"}],"author":[{"embeddable":true,"href":"https:\/\/urbeamea.ro\/albaiulia\/wp-json\/wp\/v2\/users\/28"}],"replies":[{"embeddable":true,"href":"https:\/\/urbeamea.ro\/albaiulia\/wp-json\/wp\/v2\/comments?post=116492"}],"version-history":[{"count":1,"href":"https:\/\/urbeamea.ro\/albaiulia\/wp-json\/wp\/v2\/posts\/116492\/revisions"}],"predecessor-version":[{"id":116496,"href":"https:\/\/urbeamea.ro\/albaiulia\/wp-json\/wp\/v2\/posts\/116492\/revisions\/116496"}],"wp:featuredmedia":[{"embeddable":true,"href":"https:\/\/urbeamea.ro\/albaiulia\/wp-json\/wp\/v2\/media\/116493"}],"wp:attachment":[{"href":"https:\/\/urbeamea.ro\/albaiulia\/wp-json\/wp\/v2\/media?parent=116492"}],"wp:term":[{"taxonomy":"category","embeddable":true,"href":"https:\/\/urbeamea.ro\/albaiulia\/wp-json\/wp\/v2\/categories?post=116492"},{"taxonomy":"post_tag","embeddable":true,"href":"https:\/\/urbeamea.ro\/albaiulia\/wp-json\/wp\/v2\/tags?post=116492"}],"curies":[{"name":"wp","href":"https:\/\/api.w.org\/{rel}","templated":true}]}}