{"id":116497,"date":"2025-02-23T14:42:08","date_gmt":"2025-02-23T12:42:08","guid":{"rendered":"https:\/\/urbeamea.ro\/albaiulia\/?p=116497"},"modified":"2025-02-23T14:42:09","modified_gmt":"2025-02-23T12:42:09","slug":"cu-drag-de-dragobete-evenimente-cultural-artistice-organizate-de-cursantii-scolii-de-arte-si-mestesuguri-la-museikon","status":"publish","type":"post","link":"https:\/\/urbeamea.ro\/albaiulia\/cu-drag-de-dragobete-evenimente-cultural-artistice-organizate-de-cursantii-scolii-de-arte-si-mestesuguri-la-museikon\/","title":{"rendered":"Cu drag, de Dragobete\u201d- evenimente cultural-artistice organizate de cursan\u021bii \u0218colii de Arte  \u0219i Me\u0219te\u0219uguri la Museikon"},"content":{"rendered":"\n<p><strong>Centrul de Cultur\u0103 \u201eAugustin Bena\u201d Alba organizeaz\u0103, luni, 24 februarie 2025, la Museikon, evenimentul cultural-artistic \u201eCu drag, de Dragobete\u201d, \u00een cadrul c\u0103ruia \u00ee\u0219i vor da concursul cursan\u021bii \u0218colii de Arte \u0219i Me\u0219te\u0219uguri din cadrul institu\u021biei.<\/strong><\/p>\n\n\n\n<p>Programul cuprinde expozi\u021bie de art\u0103 decorativ\u0103 \u0219i me\u0219te\u0219ug\u0103reasc\u0103, expozi\u021bie de pictur\u0103 \u0219i design vestimentar, recitaluri de muzic\u0103 popular\u0103, folk \u0219i u\u0219oar\u0103.<\/p>\n\n\n\n<p> \u00ce\ud835\udc27 \ud835\udc29\ud835\udc2b\ud835\udc28\ud835\udc20\ud835\udc2b\ud835\udc1a\ud835\udc26:<\/p>\n\n\n\n<p>\ud835\udc04\ud835\udc31\ud835\udc29\ud835\udc28\ud835\udc33\ud835\udc22\ud835\udc2d\ud835\udc22\ud835\udc1e \ud835\udc1d\ud835\udc1e \ud835\udc1a\ud835\udc2b\ud835\udc2d\ud835\udc1a \ud835\udc1d\ud835\udc1e\ud835\udc1c\ud835\udc28\ud835\udc2b\ud835\udc1a\ud835\udc2d\ud835\udc22\ud835\udc2f\ud835\udc1a \ud835\udc2c\ud835\udc22 \ud835\udc1a\ud835\udc2b\ud835\udc2d\ud835\udc1a \ud835\udc26\ud835\udc1e\ud835\udc2c\ud835\udc2d\ud835\udc1e\ud835\udc2c\ud835\udc2e\ud835\udc20\ud835\udc1a\ud835\udc2b\ud835\udc1e\ud835\udc1a\ud835\udc2c\ud835\udc1c\ud835\udc1a  <\/p>\n\n\n\n<p> Expun:\u2022 clasa de arte decorative &#8211; coordonator prof. Olga Oloieru<\/p>\n\n\n\n<p>\u2022 clasele de me\u0219te\u0219uguri tradi\u021bionale din jude\u021bul Alba &#8211; coordonatori Bradea Simona, Hane\u0219 Daniel, Beleiu Nicolae, Gligor Ionel \u0219i Similie Liviu <\/p>\n\n\n\n<p>\ud835\udc04\ud835\udc31\ud835\udc29\ud835\udc28\ud835\udc33\ud835\udc22\ud835\udc2d\ud835\udc22\ud835\udc1e \ud835\udc1d\ud835\udc1e \ud835\udc29\ud835\udc22\ud835\udc1c\ud835\udc2d\ud835\udc2e\ud835\udc2b\ud835\udc1a \ud835\udc2c\ud835\udc22 \ud835\udc1d\ud835\udc1e\ud835\udc2c\ud835\udc22\ud835\udc20\ud835\udc27 \ud835\udc2f\ud835\udc1e\ud835\udc2c\ud835\udc2d\ud835\udc22\ud835\udc26\ud835\udc1e\ud835\udc27\ud835\udc2d\ud835\udc1a\ud835\udc2b\u201eLegenda Dragobetelui\u201d &#8211; crea\u021bii inspirate din folclorul rom\u00e2nesc  <\/p>\n\n\n\n<p> Expun:\u2022 clasele de pictur\u0103 \u0219i design vestimentar \u2013 coordonator prof. dr. Ioana Raica <\/p>\n\n\n\n<p>\ud835\udc11\ud835\udc1e\ud835\udc1c\ud835\udc22\ud835\udc2d\ud835\udc1a\ud835\udc25 \ud835\udc1d\ud835\udc1e \ud835\udc26\ud835\udc2e\ud835\udc33\ud835\udc22\ud835\udc1c\ud835\udc1a \ud835\udc29\ud835\udc28\ud835\udc29\ud835\udc2e\ud835\udc25\ud835\udc1a\ud835\udc2b\ud835\udc1a<\/p>\n\n\n\n<p>\u2022 clasa de instrumente de suflat \u2013 coordonator prof. Nicolae Vancu<\/p>\n\n\n\n<p> \ud835\udc11\ud835\udc1e\ud835\udc1c\ud835\udc22\ud835\udc2d\ud835\udc1a\ud835\udc25 \ud835\udc1d\ud835\udc1e \ud835\udc26\ud835\udc2e\ud835\udc33\ud835\udc22\ud835\udc1c\ud835\udc1a \ud835\udc1f\ud835\udc28\ud835\udc25<\/p>\n\n\n\n<p>\u2022 clasa de chitar\u0103 &#8211; coordonator prof. Ovidiu Romo\u0219an<\/p>\n\n\n\n<p> \ud835\udc11\ud835\udc1e\ud835\udc1c\ud835\udc22\ud835\udc2d\ud835\udc1a\ud835\udc25 \ud835\udc1d\ud835\udc1e \ud835\udc26\ud835\udc2e\ud835\udc33\ud835\udc22\ud835\udc1c\ud835\udc1a \ud835\udc2e\ud835\udc2c\ud835\udc28\ud835\udc1a\ud835\udc2b\ud835\udc1a<\/p>\n\n\n\n<p>\u2022 clasa de canto \u2013 muzic\u0103 u\u0219oar\u0103 &#8211; coordonator prof. Marinela Popa   <\/p>\n\n\n\n<figure class=\"wp-block-image size-large\"><img loading=\"lazy\" decoding=\"async\" width=\"1040\" height=\"1280\" src=\"https:\/\/urbeamea.ro\/albaiulia\/wp-content\/uploads\/2025\/02\/1000029596-1040x1280.jpg\" alt=\"\" class=\"wp-image-116498\" srcset=\"https:\/\/urbeamea.ro\/albaiulia\/wp-content\/uploads\/2025\/02\/1000029596-1040x1280.jpg 1040w, https:\/\/urbeamea.ro\/albaiulia\/wp-content\/uploads\/2025\/02\/1000029596-520x640.jpg 520w, https:\/\/urbeamea.ro\/albaiulia\/wp-content\/uploads\/2025\/02\/1000029596-122x150.jpg 122w, https:\/\/urbeamea.ro\/albaiulia\/wp-content\/uploads\/2025\/02\/1000029596-768x945.jpg 768w, https:\/\/urbeamea.ro\/albaiulia\/wp-content\/uploads\/2025\/02\/1000029596.jpg 1080w\" sizes=\"auto, (max-width: 1040px) 100vw, 1040px\" \/><\/figure>\n\n\n\n<p><\/p>\n","protected":false},"excerpt":{"rendered":"<p>Centrul de Cultur\u0103 \u201eAugustin Bena\u201d Alba organizeaz\u0103, luni, 24 februarie 2025, la Museikon, evenimentul cultural-artistic \u201eCu drag, de Dragobete\u201d, \u00een cadrul c\u0103ruia \u00ee\u0219i vor da concursul cursan\u021bii \u0218colii de Arte \u0219i Me\u0219te\u0219uguri din cadrul institu\u021biei. Programul cuprinde expozi\u021bie de art\u0103 decorativ\u0103 \u0219i me\u0219te\u0219ug\u0103reasc\u0103, expozi\u021bie de pictur\u0103 \u0219i design vestimentar, recitaluri de muzic\u0103 popular\u0103, folk \u0219i &hellip;<\/p>\n","protected":false},"author":28,"featured_media":116498,"comment_status":"open","ping_status":"open","sticky":false,"template":"","format":"standard","meta":{"inline_featured_image":false,"footnotes":""},"categories":[2038,4,2036,2034,1,16344],"tags":[910,3037,773],"class_list":["post-116497","post","type-post","status-publish","format-standard","has-post-thumbnail","hentry","category-cultura","category-eveniment","category-monden","category-social","category-stiri-urbane","category-urbea-mea","tag-centrul-de-cultura-augustin-bena","tag-dragobete","tag-museikon"],"yoast_head":"<!-- This site is optimized with the Yoast SEO plugin v27.4 - https:\/\/yoast.com\/product\/yoast-seo-wordpress\/ -->\n<title>Cu drag, de Dragobete\u201d- evenimente cultural-artistice organizate de cursan\u021bii \u0218colii de Arte \u0219i Me\u0219te\u0219uguri la Museikon - Revista Urbea Mea - Revista de Alba<\/title>\n<meta name=\"description\" content=\"Centrul de Cultur\u0103 \u201eAugustin Bena\u201d Alba organizeaz\u0103, luni, 24 februarie 2025, la Museikon, evenimentul cultural-artistic \u201eCu drag, de Dragobete\u201d, \u00een\" \/>\n<meta name=\"robots\" content=\"index, follow, max-snippet:-1, max-image-preview:large, max-video-preview:-1\" \/>\n<link rel=\"canonical\" href=\"https:\/\/urbeamea.ro\/albaiulia\/cu-drag-de-dragobete-evenimente-cultural-artistice-organizate-de-cursantii-scolii-de-arte-si-mestesuguri-la-museikon\/\" \/>\n<meta name=\"twitter:card\" content=\"summary_large_image\" \/>\n<meta name=\"twitter:title\" content=\"Cu drag, de Dragobete\u201d- evenimente cultural-artistice organizate de cursan\u021bii \u0218colii de Arte \u0219i Me\u0219te\u0219uguri la Museikon - Revista Urbea Mea - Revista de Alba\" \/>\n<meta name=\"twitter:description\" content=\"Centrul de Cultur\u0103 \u201eAugustin Bena\u201d Alba organizeaz\u0103, luni, 24 februarie 2025, la Museikon, evenimentul cultural-artistic \u201eCu drag, de Dragobete\u201d, \u00een\" \/>\n<meta name=\"twitter:image\" content=\"https:\/\/urbeamea.ro\/albaiulia\/wp-content\/uploads\/2025\/02\/1000029596.jpg\" \/>\n<meta name=\"twitter:creator\" content=\"@urbeameaweb\" \/>\n<meta name=\"twitter:site\" content=\"@urbeameaweb\" \/>\n<script type=\"application\/ld+json\" class=\"yoast-schema-graph\">{\"@context\":\"https:\\\/\\\/schema.org\",\"@graph\":[{\"@type\":\"Article\",\"@id\":\"https:\\\/\\\/urbeamea.ro\\\/albaiulia\\\/cu-drag-de-dragobete-evenimente-cultural-artistice-organizate-de-cursantii-scolii-de-arte-si-mestesuguri-la-museikon\\\/#article\",\"isPartOf\":{\"@id\":\"https:\\\/\\\/urbeamea.ro\\\/albaiulia\\\/cu-drag-de-dragobete-evenimente-cultural-artistice-organizate-de-cursantii-scolii-de-arte-si-mestesuguri-la-museikon\\\/\"},\"author\":{\"name\":\"Giurca Sorin\",\"@id\":\"https:\\\/\\\/urbeamea.ro\\\/albaiulia\\\/#\\\/schema\\\/person\\\/5db3854ac38c1cc9f0ab4092d6a20f02\"},\"headline\":\"Cu drag, de Dragobete\u201d- evenimente cultural-artistice organizate de cursan\u021bii \u0218colii de Arte \u0219i Me\u0219te\u0219uguri la Museikon\",\"datePublished\":\"2025-02-23T12:42:08+00:00\",\"dateModified\":\"2025-02-23T12:42:09+00:00\",\"mainEntityOfPage\":{\"@id\":\"https:\\\/\\\/urbeamea.ro\\\/albaiulia\\\/cu-drag-de-dragobete-evenimente-cultural-artistice-organizate-de-cursantii-scolii-de-arte-si-mestesuguri-la-museikon\\\/\"},\"wordCount\":170,\"commentCount\":0,\"image\":{\"@id\":\"https:\\\/\\\/urbeamea.ro\\\/albaiulia\\\/cu-drag-de-dragobete-evenimente-cultural-artistice-organizate-de-cursantii-scolii-de-arte-si-mestesuguri-la-museikon\\\/#primaryimage\"},\"thumbnailUrl\":\"https:\\\/\\\/urbeamea.ro\\\/albaiulia\\\/wp-content\\\/uploads\\\/2025\\\/02\\\/1000029596.jpg\",\"keywords\":[\"Centrul de Cultur\u0103 \u201eAugustin Bena\u201d\",\"dragobete\",\"museikon\"],\"articleSection\":[\"Cultur\u0103\",\"Evenimente\",\"Monden\",\"Social\",\"\u015etiri Urbane\",\"Urbea Mea\"],\"inLanguage\":\"ro-RO\",\"potentialAction\":[{\"@type\":\"CommentAction\",\"name\":\"Comment\",\"target\":[\"https:\\\/\\\/urbeamea.ro\\\/albaiulia\\\/cu-drag-de-dragobete-evenimente-cultural-artistice-organizate-de-cursantii-scolii-de-arte-si-mestesuguri-la-museikon\\\/#respond\"]}]},{\"@type\":\"WebPage\",\"@id\":\"https:\\\/\\\/urbeamea.ro\\\/albaiulia\\\/cu-drag-de-dragobete-evenimente-cultural-artistice-organizate-de-cursantii-scolii-de-arte-si-mestesuguri-la-museikon\\\/\",\"url\":\"https:\\\/\\\/urbeamea.ro\\\/albaiulia\\\/cu-drag-de-dragobete-evenimente-cultural-artistice-organizate-de-cursantii-scolii-de-arte-si-mestesuguri-la-museikon\\\/\",\"name\":\"Cu drag, de Dragobete\u201d- evenimente cultural-artistice organizate de cursan\u021bii \u0218colii de Arte \u0219i Me\u0219te\u0219uguri la Museikon - Revista Urbea Mea - Revista de Alba\",\"isPartOf\":{\"@id\":\"https:\\\/\\\/urbeamea.ro\\\/albaiulia\\\/#website\"},\"primaryImageOfPage\":{\"@id\":\"https:\\\/\\\/urbeamea.ro\\\/albaiulia\\\/cu-drag-de-dragobete-evenimente-cultural-artistice-organizate-de-cursantii-scolii-de-arte-si-mestesuguri-la-museikon\\\/#primaryimage\"},\"image\":{\"@id\":\"https:\\\/\\\/urbeamea.ro\\\/albaiulia\\\/cu-drag-de-dragobete-evenimente-cultural-artistice-organizate-de-cursantii-scolii-de-arte-si-mestesuguri-la-museikon\\\/#primaryimage\"},\"thumbnailUrl\":\"https:\\\/\\\/urbeamea.ro\\\/albaiulia\\\/wp-content\\\/uploads\\\/2025\\\/02\\\/1000029596.jpg\",\"datePublished\":\"2025-02-23T12:42:08+00:00\",\"dateModified\":\"2025-02-23T12:42:09+00:00\",\"author\":{\"@id\":\"https:\\\/\\\/urbeamea.ro\\\/albaiulia\\\/#\\\/schema\\\/person\\\/5db3854ac38c1cc9f0ab4092d6a20f02\"},\"description\":\"Centrul de Cultur\u0103 \u201eAugustin Bena\u201d Alba organizeaz\u0103, luni, 24 februarie 2025, la Museikon, evenimentul cultural-artistic \u201eCu drag, de Dragobete\u201d, \u00een\",\"breadcrumb\":{\"@id\":\"https:\\\/\\\/urbeamea.ro\\\/albaiulia\\\/cu-drag-de-dragobete-evenimente-cultural-artistice-organizate-de-cursantii-scolii-de-arte-si-mestesuguri-la-museikon\\\/#breadcrumb\"},\"inLanguage\":\"ro-RO\",\"potentialAction\":[{\"@type\":\"ReadAction\",\"target\":[\"https:\\\/\\\/urbeamea.ro\\\/albaiulia\\\/cu-drag-de-dragobete-evenimente-cultural-artistice-organizate-de-cursantii-scolii-de-arte-si-mestesuguri-la-museikon\\\/\"]}]},{\"@type\":\"ImageObject\",\"inLanguage\":\"ro-RO\",\"@id\":\"https:\\\/\\\/urbeamea.ro\\\/albaiulia\\\/cu-drag-de-dragobete-evenimente-cultural-artistice-organizate-de-cursantii-scolii-de-arte-si-mestesuguri-la-museikon\\\/#primaryimage\",\"url\":\"https:\\\/\\\/urbeamea.ro\\\/albaiulia\\\/wp-content\\\/uploads\\\/2025\\\/02\\\/1000029596.jpg\",\"contentUrl\":\"https:\\\/\\\/urbeamea.ro\\\/albaiulia\\\/wp-content\\\/uploads\\\/2025\\\/02\\\/1000029596.jpg\",\"width\":1080,\"height\":1329},{\"@type\":\"BreadcrumbList\",\"@id\":\"https:\\\/\\\/urbeamea.ro\\\/albaiulia\\\/cu-drag-de-dragobete-evenimente-cultural-artistice-organizate-de-cursantii-scolii-de-arte-si-mestesuguri-la-museikon\\\/#breadcrumb\",\"itemListElement\":[{\"@type\":\"ListItem\",\"position\":1,\"name\":\"Prima pagin\u0103\",\"item\":\"https:\\\/\\\/urbeamea.ro\\\/albaiulia\\\/\"},{\"@type\":\"ListItem\",\"position\":2,\"name\":\"Cu drag, de Dragobete\u201d- evenimente cultural-artistice organizate de cursan\u021bii \u0218colii de Arte \u0219i Me\u0219te\u0219uguri la Museikon\"}]},{\"@type\":\"WebSite\",\"@id\":\"https:\\\/\\\/urbeamea.ro\\\/albaiulia\\\/#website\",\"url\":\"https:\\\/\\\/urbeamea.ro\\\/albaiulia\\\/\",\"name\":\"Revista Urbea Mea, Stiri urbane\",\"description\":\"Evenimente \u0219i \u0219tiri din Alba Iulia, Sebe\u0219, Aiud, Blaj\",\"potentialAction\":[{\"@type\":\"SearchAction\",\"target\":{\"@type\":\"EntryPoint\",\"urlTemplate\":\"https:\\\/\\\/urbeamea.ro\\\/albaiulia\\\/?s={search_term_string}\"},\"query-input\":{\"@type\":\"PropertyValueSpecification\",\"valueRequired\":true,\"valueName\":\"search_term_string\"}}],\"inLanguage\":\"ro-RO\"},{\"@type\":\"Person\",\"@id\":\"https:\\\/\\\/urbeamea.ro\\\/albaiulia\\\/#\\\/schema\\\/person\\\/5db3854ac38c1cc9f0ab4092d6a20f02\",\"name\":\"Giurca Sorin\",\"image\":{\"@type\":\"ImageObject\",\"inLanguage\":\"ro-RO\",\"@id\":\"https:\\\/\\\/secure.gravatar.com\\\/avatar\\\/120f6fcae7b3b47a7730cb9943f612f4909f68ac5284b5f40ac1c4615fd70576?s=96&d=mm&r=g\",\"url\":\"https:\\\/\\\/secure.gravatar.com\\\/avatar\\\/120f6fcae7b3b47a7730cb9943f612f4909f68ac5284b5f40ac1c4615fd70576?s=96&d=mm&r=g\",\"contentUrl\":\"https:\\\/\\\/secure.gravatar.com\\\/avatar\\\/120f6fcae7b3b47a7730cb9943f612f4909f68ac5284b5f40ac1c4615fd70576?s=96&d=mm&r=g\",\"caption\":\"Giurca Sorin\"},\"url\":\"https:\\\/\\\/urbeamea.ro\\\/albaiulia\\\/author\\\/sorin\\\/\"}]}<\/script>\n<!-- \/ Yoast SEO plugin. -->","yoast_head_json":{"title":"Cu drag, de Dragobete\u201d- evenimente cultural-artistice organizate de cursan\u021bii \u0218colii de Arte \u0219i Me\u0219te\u0219uguri la Museikon - Revista Urbea Mea - Revista de Alba","description":"Centrul de Cultur\u0103 \u201eAugustin Bena\u201d Alba organizeaz\u0103, luni, 24 februarie 2025, la Museikon, evenimentul cultural-artistic \u201eCu drag, de Dragobete\u201d, \u00een","robots":{"index":"index","follow":"follow","max-snippet":"max-snippet:-1","max-image-preview":"max-image-preview:large","max-video-preview":"max-video-preview:-1"},"canonical":"https:\/\/urbeamea.ro\/albaiulia\/cu-drag-de-dragobete-evenimente-cultural-artistice-organizate-de-cursantii-scolii-de-arte-si-mestesuguri-la-museikon\/","twitter_card":"summary_large_image","twitter_title":"Cu drag, de Dragobete\u201d- evenimente cultural-artistice organizate de cursan\u021bii \u0218colii de Arte \u0219i Me\u0219te\u0219uguri la Museikon - Revista Urbea Mea - Revista de Alba","twitter_description":"Centrul de Cultur\u0103 \u201eAugustin Bena\u201d Alba organizeaz\u0103, luni, 24 februarie 2025, la Museikon, evenimentul cultural-artistic \u201eCu drag, de Dragobete\u201d, \u00een","twitter_image":"https:\/\/urbeamea.ro\/albaiulia\/wp-content\/uploads\/2025\/02\/1000029596.jpg","twitter_creator":"@urbeameaweb","twitter_site":"@urbeameaweb","schema":{"@context":"https:\/\/schema.org","@graph":[{"@type":"Article","@id":"https:\/\/urbeamea.ro\/albaiulia\/cu-drag-de-dragobete-evenimente-cultural-artistice-organizate-de-cursantii-scolii-de-arte-si-mestesuguri-la-museikon\/#article","isPartOf":{"@id":"https:\/\/urbeamea.ro\/albaiulia\/cu-drag-de-dragobete-evenimente-cultural-artistice-organizate-de-cursantii-scolii-de-arte-si-mestesuguri-la-museikon\/"},"author":{"name":"Giurca Sorin","@id":"https:\/\/urbeamea.ro\/albaiulia\/#\/schema\/person\/5db3854ac38c1cc9f0ab4092d6a20f02"},"headline":"Cu drag, de Dragobete\u201d- evenimente cultural-artistice organizate de cursan\u021bii \u0218colii de Arte \u0219i Me\u0219te\u0219uguri la Museikon","datePublished":"2025-02-23T12:42:08+00:00","dateModified":"2025-02-23T12:42:09+00:00","mainEntityOfPage":{"@id":"https:\/\/urbeamea.ro\/albaiulia\/cu-drag-de-dragobete-evenimente-cultural-artistice-organizate-de-cursantii-scolii-de-arte-si-mestesuguri-la-museikon\/"},"wordCount":170,"commentCount":0,"image":{"@id":"https:\/\/urbeamea.ro\/albaiulia\/cu-drag-de-dragobete-evenimente-cultural-artistice-organizate-de-cursantii-scolii-de-arte-si-mestesuguri-la-museikon\/#primaryimage"},"thumbnailUrl":"https:\/\/urbeamea.ro\/albaiulia\/wp-content\/uploads\/2025\/02\/1000029596.jpg","keywords":["Centrul de Cultur\u0103 \u201eAugustin Bena\u201d","dragobete","museikon"],"articleSection":["Cultur\u0103","Evenimente","Monden","Social","\u015etiri Urbane","Urbea Mea"],"inLanguage":"ro-RO","potentialAction":[{"@type":"CommentAction","name":"Comment","target":["https:\/\/urbeamea.ro\/albaiulia\/cu-drag-de-dragobete-evenimente-cultural-artistice-organizate-de-cursantii-scolii-de-arte-si-mestesuguri-la-museikon\/#respond"]}]},{"@type":"WebPage","@id":"https:\/\/urbeamea.ro\/albaiulia\/cu-drag-de-dragobete-evenimente-cultural-artistice-organizate-de-cursantii-scolii-de-arte-si-mestesuguri-la-museikon\/","url":"https:\/\/urbeamea.ro\/albaiulia\/cu-drag-de-dragobete-evenimente-cultural-artistice-organizate-de-cursantii-scolii-de-arte-si-mestesuguri-la-museikon\/","name":"Cu drag, de Dragobete\u201d- evenimente cultural-artistice organizate de cursan\u021bii \u0218colii de Arte \u0219i Me\u0219te\u0219uguri la Museikon - Revista Urbea Mea - Revista de Alba","isPartOf":{"@id":"https:\/\/urbeamea.ro\/albaiulia\/#website"},"primaryImageOfPage":{"@id":"https:\/\/urbeamea.ro\/albaiulia\/cu-drag-de-dragobete-evenimente-cultural-artistice-organizate-de-cursantii-scolii-de-arte-si-mestesuguri-la-museikon\/#primaryimage"},"image":{"@id":"https:\/\/urbeamea.ro\/albaiulia\/cu-drag-de-dragobete-evenimente-cultural-artistice-organizate-de-cursantii-scolii-de-arte-si-mestesuguri-la-museikon\/#primaryimage"},"thumbnailUrl":"https:\/\/urbeamea.ro\/albaiulia\/wp-content\/uploads\/2025\/02\/1000029596.jpg","datePublished":"2025-02-23T12:42:08+00:00","dateModified":"2025-02-23T12:42:09+00:00","author":{"@id":"https:\/\/urbeamea.ro\/albaiulia\/#\/schema\/person\/5db3854ac38c1cc9f0ab4092d6a20f02"},"description":"Centrul de Cultur\u0103 \u201eAugustin Bena\u201d Alba organizeaz\u0103, luni, 24 februarie 2025, la Museikon, evenimentul cultural-artistic \u201eCu drag, de Dragobete\u201d, \u00een","breadcrumb":{"@id":"https:\/\/urbeamea.ro\/albaiulia\/cu-drag-de-dragobete-evenimente-cultural-artistice-organizate-de-cursantii-scolii-de-arte-si-mestesuguri-la-museikon\/#breadcrumb"},"inLanguage":"ro-RO","potentialAction":[{"@type":"ReadAction","target":["https:\/\/urbeamea.ro\/albaiulia\/cu-drag-de-dragobete-evenimente-cultural-artistice-organizate-de-cursantii-scolii-de-arte-si-mestesuguri-la-museikon\/"]}]},{"@type":"ImageObject","inLanguage":"ro-RO","@id":"https:\/\/urbeamea.ro\/albaiulia\/cu-drag-de-dragobete-evenimente-cultural-artistice-organizate-de-cursantii-scolii-de-arte-si-mestesuguri-la-museikon\/#primaryimage","url":"https:\/\/urbeamea.ro\/albaiulia\/wp-content\/uploads\/2025\/02\/1000029596.jpg","contentUrl":"https:\/\/urbeamea.ro\/albaiulia\/wp-content\/uploads\/2025\/02\/1000029596.jpg","width":1080,"height":1329},{"@type":"BreadcrumbList","@id":"https:\/\/urbeamea.ro\/albaiulia\/cu-drag-de-dragobete-evenimente-cultural-artistice-organizate-de-cursantii-scolii-de-arte-si-mestesuguri-la-museikon\/#breadcrumb","itemListElement":[{"@type":"ListItem","position":1,"name":"Prima pagin\u0103","item":"https:\/\/urbeamea.ro\/albaiulia\/"},{"@type":"ListItem","position":2,"name":"Cu drag, de Dragobete\u201d- evenimente cultural-artistice organizate de cursan\u021bii \u0218colii de Arte \u0219i Me\u0219te\u0219uguri la Museikon"}]},{"@type":"WebSite","@id":"https:\/\/urbeamea.ro\/albaiulia\/#website","url":"https:\/\/urbeamea.ro\/albaiulia\/","name":"Revista Urbea Mea, Stiri urbane","description":"Evenimente \u0219i \u0219tiri din Alba Iulia, Sebe\u0219, Aiud, Blaj","potentialAction":[{"@type":"SearchAction","target":{"@type":"EntryPoint","urlTemplate":"https:\/\/urbeamea.ro\/albaiulia\/?s={search_term_string}"},"query-input":{"@type":"PropertyValueSpecification","valueRequired":true,"valueName":"search_term_string"}}],"inLanguage":"ro-RO"},{"@type":"Person","@id":"https:\/\/urbeamea.ro\/albaiulia\/#\/schema\/person\/5db3854ac38c1cc9f0ab4092d6a20f02","name":"Giurca Sorin","image":{"@type":"ImageObject","inLanguage":"ro-RO","@id":"https:\/\/secure.gravatar.com\/avatar\/120f6fcae7b3b47a7730cb9943f612f4909f68ac5284b5f40ac1c4615fd70576?s=96&d=mm&r=g","url":"https:\/\/secure.gravatar.com\/avatar\/120f6fcae7b3b47a7730cb9943f612f4909f68ac5284b5f40ac1c4615fd70576?s=96&d=mm&r=g","contentUrl":"https:\/\/secure.gravatar.com\/avatar\/120f6fcae7b3b47a7730cb9943f612f4909f68ac5284b5f40ac1c4615fd70576?s=96&d=mm&r=g","caption":"Giurca Sorin"},"url":"https:\/\/urbeamea.ro\/albaiulia\/author\/sorin\/"}]}},"_links":{"self":[{"href":"https:\/\/urbeamea.ro\/albaiulia\/wp-json\/wp\/v2\/posts\/116497","targetHints":{"allow":["GET"]}}],"collection":[{"href":"https:\/\/urbeamea.ro\/albaiulia\/wp-json\/wp\/v2\/posts"}],"about":[{"href":"https:\/\/urbeamea.ro\/albaiulia\/wp-json\/wp\/v2\/types\/post"}],"author":[{"embeddable":true,"href":"https:\/\/urbeamea.ro\/albaiulia\/wp-json\/wp\/v2\/users\/28"}],"replies":[{"embeddable":true,"href":"https:\/\/urbeamea.ro\/albaiulia\/wp-json\/wp\/v2\/comments?post=116497"}],"version-history":[{"count":1,"href":"https:\/\/urbeamea.ro\/albaiulia\/wp-json\/wp\/v2\/posts\/116497\/revisions"}],"predecessor-version":[{"id":116499,"href":"https:\/\/urbeamea.ro\/albaiulia\/wp-json\/wp\/v2\/posts\/116497\/revisions\/116499"}],"wp:featuredmedia":[{"embeddable":true,"href":"https:\/\/urbeamea.ro\/albaiulia\/wp-json\/wp\/v2\/media\/116498"}],"wp:attachment":[{"href":"https:\/\/urbeamea.ro\/albaiulia\/wp-json\/wp\/v2\/media?parent=116497"}],"wp:term":[{"taxonomy":"category","embeddable":true,"href":"https:\/\/urbeamea.ro\/albaiulia\/wp-json\/wp\/v2\/categories?post=116497"},{"taxonomy":"post_tag","embeddable":true,"href":"https:\/\/urbeamea.ro\/albaiulia\/wp-json\/wp\/v2\/tags?post=116497"}],"curies":[{"name":"wp","href":"https:\/\/api.w.org\/{rel}","templated":true}]}}