{"id":116534,"date":"2025-02-26T13:16:14","date_gmt":"2025-02-26T11:16:14","guid":{"rendered":"https:\/\/urbeamea.ro\/albaiulia\/?p=116534"},"modified":"2025-02-26T13:16:17","modified_gmt":"2025-02-26T11:16:17","slug":"vineri-expozitie-temporara-la-sala-unirii-horia-closca-si-crisan-taranii-de-cremene-documente-busturi-portrete-la-240-de-ani-de-la-martiriul-din-alba-iulia","status":"publish","type":"post","link":"https:\/\/urbeamea.ro\/albaiulia\/vineri-expozitie-temporara-la-sala-unirii-horia-closca-si-crisan-taranii-de-cremene-documente-busturi-portrete-la-240-de-ani-de-la-martiriul-din-alba-iulia\/","title":{"rendered":"Vineri: Expozi\u021bie temporar\u0103 la Sala Unirii: &#8222;Horia Clo\u0219ca \u0219i Cri\u0219an, \u201e\u021b\u0103ranii de cremene\u201d. Documente, busturi, portrete la 240 de ani de la martiriul din Alba Iulia&#8221;"},"content":{"rendered":"\n<p class=\"wp-block-paragraph\"><strong>Vineri, 28 februarie 2025, ora 14, \u00een Aripa de Nord a S\u0103lii Unirii va fi vernisat\u0103 expozi\u021bia temporar\u0103 Horia Clo\u0219ca \u0219i Cri\u0219an, \u201e\u021b\u0103ranii de cremene\u201d. Documente, busturi, portrete la 240 de ani de la martiriul din Alba Iulia.<\/strong><\/p>\n\n\n\n<p class=\"wp-block-paragraph\">Evenimentul se dore\u0219te a fi o retrospectiv\u0103 nu doar din perspectiva anilor care au trecut de la r\u0103scoala condus\u0103 de Horia Clo\u0219ca \u0219i Cri\u0219an, ci \u0219i al impactului pe care l-au avut evenimentele \u0219i, mai ales, ecourile \u00een timp, extrem de vizibile \u00een arta vremii. <\/p>\n\n\n\n<p class=\"wp-block-paragraph\">Portretele celor trei conduc\u0103tori realizate la momentul arest\u0103rii lor, dar \u0219i dup\u0103 executarea sentin\u021bei la moarte au fost mereu reinterpretate, multiplicate pe diferite materiale \u0219i tehnici respect\u00e2nd fizionomiile lor ori cu mai mult\u0103 ori mai pu\u021bin\u0103 fantezie.<\/p>\n\n\n\n<p class=\"wp-block-paragraph\">Muzeul Na\u021bional al Unirii din Alba Iulia \u0219i-a \u00eembog\u0103\u021bit \u00een timp colec\u021biile cu piese legate de r\u0103scoal\u0103: tablouri, busturi \u00een gips sau bronz, gravuri, c\u0103r\u021bi po\u0219tale, emisiuni filatelice, dar \u0219i documente, realizate de autori diferi\u021bi, preocupa\u021bi de scenele istorice. <\/p>\n\n\n\n<p class=\"wp-block-paragraph\">Vor fi expuse tablouri semnate de Stoica Dumitrescu, Avram Mentzel, Constantin Udroiu, dar \u0219i c\u00f3piile tablourilor realizate pentru baronul Samuel von Brukenthal de Anton Steinwald, aflate \u00een patrimoniul muzeului albaiulian din perioada interbelic\u0103. Al\u0103turi de acestea se afl\u0103 cinci busturi \u00een bronz semnate de Ion Vlasiu.<\/p>\n\n\n\n<p class=\"wp-block-paragraph\">Prin colaborarea cu Serviciul Jude\u021bean Alba al Arhivelor Na\u021bionale, expozi\u021bia a fost \u00eentregit\u0103 prin c\u00e2teva documente care completeaz\u0103 materialul vizual \u0219i documentar de\u021binut de muzeul albaiulian: o scurt\u0103 descriere a vizitei \u00eemp\u0103ratului Iosif al II-lea la Cluj (din 25 iunie 1773, prima sa vizit\u0103 \u00een Transilvania), Constitutio criminalis Theresiana (Codul Penal din 1769 dup\u0103 care au fost judeca\u021bi Horia, Clo\u0219ca \u0219i Cri\u0219an), circulare ale episcopului ortodox Ghedeon Nichitici pentru \u00eencetarea r\u0103scoalei, dar \u0219i consecin\u021bele \u00een timp ale acesteia, \u00een principal prin schimbarea profilului \u201er\u0103bd\u0103torului \u021b\u0103ran valah\u201d.<\/p>\n\n\n\n<p class=\"wp-block-paragraph\"><strong>Expozi\u021bia poate fi vizitat\u0103 \u00een perioada 28 februarie -28 martie 2025.<\/strong><\/p>\n\n\n\n<p class=\"wp-block-paragraph\">Al\u0103turi de Muzeul Na\u021bional al Unirii, prganizatori ai evenimentului sunt Consiliul Jude\u021bean Alba \u0219i Serviciul Jude\u021bean Alba al Arhivelor Na\u021bionale<\/p>\n\n\n\n<figure class=\"wp-block-image size-full\"><img loading=\"lazy\" decoding=\"async\" width=\"840\" height=\"1200\" src=\"https:\/\/urbeamea.ro\/albaiulia\/wp-content\/uploads\/2025\/02\/1000029779.webp\" alt=\"\" class=\"wp-image-116535\" srcset=\"https:\/\/urbeamea.ro\/albaiulia\/wp-content\/uploads\/2025\/02\/1000029779.webp 840w, https:\/\/urbeamea.ro\/albaiulia\/wp-content\/uploads\/2025\/02\/1000029779-448x640.webp 448w, https:\/\/urbeamea.ro\/albaiulia\/wp-content\/uploads\/2025\/02\/1000029779-105x150.webp 105w, https:\/\/urbeamea.ro\/albaiulia\/wp-content\/uploads\/2025\/02\/1000029779-768x1097.webp 768w\" sizes=\"auto, (max-width: 840px) 100vw, 840px\" \/><\/figure>\n\n\n\n<p class=\"wp-block-paragraph\"><\/p>\n\n\n\n<p class=\"wp-block-paragraph\"><\/p>\n","protected":false},"excerpt":{"rendered":"<p>Vineri, 28 februarie 2025, ora 14, \u00een Aripa de Nord a S\u0103lii Unirii va fi vernisat\u0103 expozi\u021bia temporar\u0103 Horia Clo\u0219ca \u0219i Cri\u0219an, \u201e\u021b\u0103ranii de cremene\u201d. Documente, busturi, portrete la 240 de ani de la martiriul din Alba Iulia. Evenimentul se dore\u0219te a fi o retrospectiv\u0103 nu doar din perspectiva anilor care au trecut de la &hellip;<\/p>\n","protected":false},"author":28,"featured_media":116535,"comment_status":"open","ping_status":"open","sticky":false,"template":"","format":"standard","meta":{"inline_featured_image":false,"footnotes":""},"categories":[2038,4,8857,2034,1,16344],"tags":[25187,24986,1191],"class_list":["post-116534","post","type-post","status-publish","format-standard","has-post-thumbnail","hentry","category-cultura","category-eveniment","category-istorie","category-social","category-stiri-urbane","category-urbea-mea","tag-expozitie-temporara-2","tag-horea-closca-si-crisan","tag-sala-unirii"],"yoast_head":"<!-- This site is optimized with the Yoast SEO plugin v28.3 - https:\/\/yoast.com\/product\/yoast-seo-wordpress\/ -->\n<title>Vineri: Expozi\u021bie temporar\u0103 la Sala Unirii: &quot;Horia Clo\u0219ca \u0219i Cri\u0219an, \u201e\u021b\u0103ranii de cremene\u201d. Documente, busturi, portrete la 240 de ani de la martiriul din Alba Iulia&quot; - Revista Urbea Mea - Revista de Alba<\/title>\n<meta name=\"description\" content=\"Vineri, 28 februarie 2025, ora 14, \u00een Aripa de Nord a S\u0103lii Unirii va fi vernisat\u0103 expozi\u021bia temporar\u0103 Horia Clo\u0219ca \u0219i Cri\u0219an, \u201e\u021b\u0103ranii de cremene\u201d.\" \/>\n<meta name=\"robots\" content=\"index, follow, max-snippet:-1, max-image-preview:large, max-video-preview:-1\" \/>\n<link rel=\"canonical\" href=\"https:\/\/urbeamea.ro\/albaiulia\/vineri-expozitie-temporara-la-sala-unirii-horia-closca-si-crisan-taranii-de-cremene-documente-busturi-portrete-la-240-de-ani-de-la-martiriul-din-alba-iulia\/\" \/>\n<meta name=\"twitter:card\" content=\"summary_large_image\" \/>\n<meta name=\"twitter:title\" content=\"Vineri: Expozi\u021bie temporar\u0103 la Sala Unirii: &quot;Horia Clo\u0219ca \u0219i Cri\u0219an, \u201e\u021b\u0103ranii de cremene\u201d. Documente, busturi, portrete la 240 de ani de la martiriul din Alba Iulia&quot; - Revista Urbea Mea - Revista de Alba\" \/>\n<meta name=\"twitter:description\" content=\"Vineri, 28 februarie 2025, ora 14, \u00een Aripa de Nord a S\u0103lii Unirii va fi vernisat\u0103 expozi\u021bia temporar\u0103 Horia Clo\u0219ca \u0219i Cri\u0219an, \u201e\u021b\u0103ranii de cremene\u201d.\" \/>\n<meta name=\"twitter:image\" content=\"https:\/\/urbeamea.ro\/albaiulia\/wp-content\/uploads\/2025\/02\/1000029779.webp\" \/>\n<meta name=\"twitter:creator\" content=\"@urbeameaweb\" \/>\n<meta name=\"twitter:site\" content=\"@urbeameaweb\" \/>\n<script type=\"application\/ld+json\" class=\"yoast-schema-graph\">{\"@context\":\"https:\\\/\\\/schema.org\",\"@graph\":[{\"@type\":\"Article\",\"@id\":\"https:\\\/\\\/urbeamea.ro\\\/albaiulia\\\/vineri-expozitie-temporara-la-sala-unirii-horia-closca-si-crisan-taranii-de-cremene-documente-busturi-portrete-la-240-de-ani-de-la-martiriul-din-alba-iulia\\\/#article\",\"isPartOf\":{\"@id\":\"https:\\\/\\\/urbeamea.ro\\\/albaiulia\\\/vineri-expozitie-temporara-la-sala-unirii-horia-closca-si-crisan-taranii-de-cremene-documente-busturi-portrete-la-240-de-ani-de-la-martiriul-din-alba-iulia\\\/\"},\"author\":{\"name\":\"Giurca Sorin\",\"@id\":\"https:\\\/\\\/urbeamea.ro\\\/albaiulia\\\/#\\\/schema\\\/person\\\/5db3854ac38c1cc9f0ab4092d6a20f02\"},\"headline\":\"Vineri: Expozi\u021bie temporar\u0103 la Sala Unirii: &#8222;Horia Clo\u0219ca \u0219i Cri\u0219an, \u201e\u021b\u0103ranii de cremene\u201d. Documente, busturi, portrete la 240 de ani de la martiriul din Alba Iulia&#8221;\",\"datePublished\":\"2025-02-26T11:16:14+00:00\",\"dateModified\":\"2025-02-26T11:16:17+00:00\",\"mainEntityOfPage\":{\"@id\":\"https:\\\/\\\/urbeamea.ro\\\/albaiulia\\\/vineri-expozitie-temporara-la-sala-unirii-horia-closca-si-crisan-taranii-de-cremene-documente-busturi-portrete-la-240-de-ani-de-la-martiriul-din-alba-iulia\\\/\"},\"wordCount\":384,\"commentCount\":0,\"image\":{\"@id\":\"https:\\\/\\\/urbeamea.ro\\\/albaiulia\\\/vineri-expozitie-temporara-la-sala-unirii-horia-closca-si-crisan-taranii-de-cremene-documente-busturi-portrete-la-240-de-ani-de-la-martiriul-din-alba-iulia\\\/#primaryimage\"},\"thumbnailUrl\":\"https:\\\/\\\/urbeamea.ro\\\/albaiulia\\\/wp-content\\\/uploads\\\/2025\\\/02\\\/1000029779.webp\",\"keywords\":[\"Expozi\u021bie temporar\u0103\",\"horea closca si crisan\",\"sala unirii\"],\"articleSection\":[\"Cultur\u0103\",\"Evenimente\",\"Istorie\",\"Social\",\"\u015etiri Urbane\",\"Urbea Mea\"],\"inLanguage\":\"ro-RO\",\"potentialAction\":[{\"@type\":\"CommentAction\",\"name\":\"Comment\",\"target\":[\"https:\\\/\\\/urbeamea.ro\\\/albaiulia\\\/vineri-expozitie-temporara-la-sala-unirii-horia-closca-si-crisan-taranii-de-cremene-documente-busturi-portrete-la-240-de-ani-de-la-martiriul-din-alba-iulia\\\/#respond\"]}]},{\"@type\":\"WebPage\",\"@id\":\"https:\\\/\\\/urbeamea.ro\\\/albaiulia\\\/vineri-expozitie-temporara-la-sala-unirii-horia-closca-si-crisan-taranii-de-cremene-documente-busturi-portrete-la-240-de-ani-de-la-martiriul-din-alba-iulia\\\/\",\"url\":\"https:\\\/\\\/urbeamea.ro\\\/albaiulia\\\/vineri-expozitie-temporara-la-sala-unirii-horia-closca-si-crisan-taranii-de-cremene-documente-busturi-portrete-la-240-de-ani-de-la-martiriul-din-alba-iulia\\\/\",\"name\":\"Vineri: Expozi\u021bie temporar\u0103 la Sala Unirii: \\\"Horia Clo\u0219ca \u0219i Cri\u0219an, \u201e\u021b\u0103ranii de cremene\u201d. Documente, busturi, portrete la 240 de ani de la martiriul din Alba Iulia\\\" - Revista Urbea Mea - Revista de Alba\",\"isPartOf\":{\"@id\":\"https:\\\/\\\/urbeamea.ro\\\/albaiulia\\\/#website\"},\"primaryImageOfPage\":{\"@id\":\"https:\\\/\\\/urbeamea.ro\\\/albaiulia\\\/vineri-expozitie-temporara-la-sala-unirii-horia-closca-si-crisan-taranii-de-cremene-documente-busturi-portrete-la-240-de-ani-de-la-martiriul-din-alba-iulia\\\/#primaryimage\"},\"image\":{\"@id\":\"https:\\\/\\\/urbeamea.ro\\\/albaiulia\\\/vineri-expozitie-temporara-la-sala-unirii-horia-closca-si-crisan-taranii-de-cremene-documente-busturi-portrete-la-240-de-ani-de-la-martiriul-din-alba-iulia\\\/#primaryimage\"},\"thumbnailUrl\":\"https:\\\/\\\/urbeamea.ro\\\/albaiulia\\\/wp-content\\\/uploads\\\/2025\\\/02\\\/1000029779.webp\",\"datePublished\":\"2025-02-26T11:16:14+00:00\",\"dateModified\":\"2025-02-26T11:16:17+00:00\",\"author\":{\"@id\":\"https:\\\/\\\/urbeamea.ro\\\/albaiulia\\\/#\\\/schema\\\/person\\\/5db3854ac38c1cc9f0ab4092d6a20f02\"},\"description\":\"Vineri, 28 februarie 2025, ora 14, \u00een Aripa de Nord a S\u0103lii Unirii va fi vernisat\u0103 expozi\u021bia temporar\u0103 Horia Clo\u0219ca \u0219i Cri\u0219an, \u201e\u021b\u0103ranii de cremene\u201d.\",\"breadcrumb\":{\"@id\":\"https:\\\/\\\/urbeamea.ro\\\/albaiulia\\\/vineri-expozitie-temporara-la-sala-unirii-horia-closca-si-crisan-taranii-de-cremene-documente-busturi-portrete-la-240-de-ani-de-la-martiriul-din-alba-iulia\\\/#breadcrumb\"},\"inLanguage\":\"ro-RO\",\"potentialAction\":[{\"@type\":\"ReadAction\",\"target\":[\"https:\\\/\\\/urbeamea.ro\\\/albaiulia\\\/vineri-expozitie-temporara-la-sala-unirii-horia-closca-si-crisan-taranii-de-cremene-documente-busturi-portrete-la-240-de-ani-de-la-martiriul-din-alba-iulia\\\/\"]}]},{\"@type\":\"ImageObject\",\"inLanguage\":\"ro-RO\",\"@id\":\"https:\\\/\\\/urbeamea.ro\\\/albaiulia\\\/vineri-expozitie-temporara-la-sala-unirii-horia-closca-si-crisan-taranii-de-cremene-documente-busturi-portrete-la-240-de-ani-de-la-martiriul-din-alba-iulia\\\/#primaryimage\",\"url\":\"https:\\\/\\\/urbeamea.ro\\\/albaiulia\\\/wp-content\\\/uploads\\\/2025\\\/02\\\/1000029779.webp\",\"contentUrl\":\"https:\\\/\\\/urbeamea.ro\\\/albaiulia\\\/wp-content\\\/uploads\\\/2025\\\/02\\\/1000029779.webp\",\"width\":840,\"height\":1200},{\"@type\":\"BreadcrumbList\",\"@id\":\"https:\\\/\\\/urbeamea.ro\\\/albaiulia\\\/vineri-expozitie-temporara-la-sala-unirii-horia-closca-si-crisan-taranii-de-cremene-documente-busturi-portrete-la-240-de-ani-de-la-martiriul-din-alba-iulia\\\/#breadcrumb\",\"itemListElement\":[{\"@type\":\"ListItem\",\"position\":1,\"name\":\"Prima pagin\u0103\",\"item\":\"https:\\\/\\\/urbeamea.ro\\\/albaiulia\\\/\"},{\"@type\":\"ListItem\",\"position\":2,\"name\":\"Vineri: Expozi\u021bie temporar\u0103 la Sala Unirii: &#8222;Horia Clo\u0219ca \u0219i Cri\u0219an, \u201e\u021b\u0103ranii de cremene\u201d. Documente, busturi, portrete la 240 de ani de la martiriul din Alba Iulia&#8221;\"}]},{\"@type\":\"WebSite\",\"@id\":\"https:\\\/\\\/urbeamea.ro\\\/albaiulia\\\/#website\",\"url\":\"https:\\\/\\\/urbeamea.ro\\\/albaiulia\\\/\",\"name\":\"Revista Urbea Mea, Stiri urbane\",\"description\":\"Evenimente \u0219i \u0219tiri din Alba Iulia, Sebe\u0219, Aiud, Blaj\",\"potentialAction\":[{\"@type\":\"SearchAction\",\"target\":{\"@type\":\"EntryPoint\",\"urlTemplate\":\"https:\\\/\\\/urbeamea.ro\\\/albaiulia\\\/?s={search_term_string}\"},\"query-input\":{\"@type\":\"PropertyValueSpecification\",\"valueRequired\":true,\"valueName\":\"search_term_string\"}}],\"inLanguage\":\"ro-RO\"},{\"@type\":\"Person\",\"@id\":\"https:\\\/\\\/urbeamea.ro\\\/albaiulia\\\/#\\\/schema\\\/person\\\/5db3854ac38c1cc9f0ab4092d6a20f02\",\"name\":\"Giurca Sorin\",\"image\":{\"@type\":\"ImageObject\",\"inLanguage\":\"ro-RO\",\"@id\":\"https:\\\/\\\/secure.gravatar.com\\\/avatar\\\/120f6fcae7b3b47a7730cb9943f612f4909f68ac5284b5f40ac1c4615fd70576?s=96&d=mm&r=g\",\"url\":\"https:\\\/\\\/secure.gravatar.com\\\/avatar\\\/120f6fcae7b3b47a7730cb9943f612f4909f68ac5284b5f40ac1c4615fd70576?s=96&d=mm&r=g\",\"contentUrl\":\"https:\\\/\\\/secure.gravatar.com\\\/avatar\\\/120f6fcae7b3b47a7730cb9943f612f4909f68ac5284b5f40ac1c4615fd70576?s=96&d=mm&r=g\",\"caption\":\"Giurca Sorin\"},\"url\":\"https:\\\/\\\/urbeamea.ro\\\/albaiulia\\\/author\\\/sorin\\\/\"}]}<\/script>\n<!-- \/ Yoast SEO plugin. -->","yoast_head_json":{"title":"Vineri: Expozi\u021bie temporar\u0103 la Sala Unirii: \"Horia Clo\u0219ca \u0219i Cri\u0219an, \u201e\u021b\u0103ranii de cremene\u201d. Documente, busturi, portrete la 240 de ani de la martiriul din Alba Iulia\" - Revista Urbea Mea - Revista de Alba","description":"Vineri, 28 februarie 2025, ora 14, \u00een Aripa de Nord a S\u0103lii Unirii va fi vernisat\u0103 expozi\u021bia temporar\u0103 Horia Clo\u0219ca \u0219i Cri\u0219an, \u201e\u021b\u0103ranii de cremene\u201d.","robots":{"index":"index","follow":"follow","max-snippet":"max-snippet:-1","max-image-preview":"max-image-preview:large","max-video-preview":"max-video-preview:-1"},"canonical":"https:\/\/urbeamea.ro\/albaiulia\/vineri-expozitie-temporara-la-sala-unirii-horia-closca-si-crisan-taranii-de-cremene-documente-busturi-portrete-la-240-de-ani-de-la-martiriul-din-alba-iulia\/","twitter_card":"summary_large_image","twitter_title":"Vineri: Expozi\u021bie temporar\u0103 la Sala Unirii: \"Horia Clo\u0219ca \u0219i Cri\u0219an, \u201e\u021b\u0103ranii de cremene\u201d. Documente, busturi, portrete la 240 de ani de la martiriul din Alba Iulia\" - Revista Urbea Mea - Revista de Alba","twitter_description":"Vineri, 28 februarie 2025, ora 14, \u00een Aripa de Nord a S\u0103lii Unirii va fi vernisat\u0103 expozi\u021bia temporar\u0103 Horia Clo\u0219ca \u0219i Cri\u0219an, \u201e\u021b\u0103ranii de cremene\u201d.","twitter_image":"https:\/\/urbeamea.ro\/albaiulia\/wp-content\/uploads\/2025\/02\/1000029779.webp","twitter_creator":"@urbeameaweb","twitter_site":"@urbeameaweb","schema":{"@context":"https:\/\/schema.org","@graph":[{"@type":"Article","@id":"https:\/\/urbeamea.ro\/albaiulia\/vineri-expozitie-temporara-la-sala-unirii-horia-closca-si-crisan-taranii-de-cremene-documente-busturi-portrete-la-240-de-ani-de-la-martiriul-din-alba-iulia\/#article","isPartOf":{"@id":"https:\/\/urbeamea.ro\/albaiulia\/vineri-expozitie-temporara-la-sala-unirii-horia-closca-si-crisan-taranii-de-cremene-documente-busturi-portrete-la-240-de-ani-de-la-martiriul-din-alba-iulia\/"},"author":{"name":"Giurca Sorin","@id":"https:\/\/urbeamea.ro\/albaiulia\/#\/schema\/person\/5db3854ac38c1cc9f0ab4092d6a20f02"},"headline":"Vineri: Expozi\u021bie temporar\u0103 la Sala Unirii: &#8222;Horia Clo\u0219ca \u0219i Cri\u0219an, \u201e\u021b\u0103ranii de cremene\u201d. Documente, busturi, portrete la 240 de ani de la martiriul din Alba Iulia&#8221;","datePublished":"2025-02-26T11:16:14+00:00","dateModified":"2025-02-26T11:16:17+00:00","mainEntityOfPage":{"@id":"https:\/\/urbeamea.ro\/albaiulia\/vineri-expozitie-temporara-la-sala-unirii-horia-closca-si-crisan-taranii-de-cremene-documente-busturi-portrete-la-240-de-ani-de-la-martiriul-din-alba-iulia\/"},"wordCount":384,"commentCount":0,"image":{"@id":"https:\/\/urbeamea.ro\/albaiulia\/vineri-expozitie-temporara-la-sala-unirii-horia-closca-si-crisan-taranii-de-cremene-documente-busturi-portrete-la-240-de-ani-de-la-martiriul-din-alba-iulia\/#primaryimage"},"thumbnailUrl":"https:\/\/urbeamea.ro\/albaiulia\/wp-content\/uploads\/2025\/02\/1000029779.webp","keywords":["Expozi\u021bie temporar\u0103","horea closca si crisan","sala unirii"],"articleSection":["Cultur\u0103","Evenimente","Istorie","Social","\u015etiri Urbane","Urbea Mea"],"inLanguage":"ro-RO","potentialAction":[{"@type":"CommentAction","name":"Comment","target":["https:\/\/urbeamea.ro\/albaiulia\/vineri-expozitie-temporara-la-sala-unirii-horia-closca-si-crisan-taranii-de-cremene-documente-busturi-portrete-la-240-de-ani-de-la-martiriul-din-alba-iulia\/#respond"]}]},{"@type":"WebPage","@id":"https:\/\/urbeamea.ro\/albaiulia\/vineri-expozitie-temporara-la-sala-unirii-horia-closca-si-crisan-taranii-de-cremene-documente-busturi-portrete-la-240-de-ani-de-la-martiriul-din-alba-iulia\/","url":"https:\/\/urbeamea.ro\/albaiulia\/vineri-expozitie-temporara-la-sala-unirii-horia-closca-si-crisan-taranii-de-cremene-documente-busturi-portrete-la-240-de-ani-de-la-martiriul-din-alba-iulia\/","name":"Vineri: Expozi\u021bie temporar\u0103 la Sala Unirii: \"Horia Clo\u0219ca \u0219i Cri\u0219an, \u201e\u021b\u0103ranii de cremene\u201d. Documente, busturi, portrete la 240 de ani de la martiriul din Alba Iulia\" - Revista Urbea Mea - Revista de Alba","isPartOf":{"@id":"https:\/\/urbeamea.ro\/albaiulia\/#website"},"primaryImageOfPage":{"@id":"https:\/\/urbeamea.ro\/albaiulia\/vineri-expozitie-temporara-la-sala-unirii-horia-closca-si-crisan-taranii-de-cremene-documente-busturi-portrete-la-240-de-ani-de-la-martiriul-din-alba-iulia\/#primaryimage"},"image":{"@id":"https:\/\/urbeamea.ro\/albaiulia\/vineri-expozitie-temporara-la-sala-unirii-horia-closca-si-crisan-taranii-de-cremene-documente-busturi-portrete-la-240-de-ani-de-la-martiriul-din-alba-iulia\/#primaryimage"},"thumbnailUrl":"https:\/\/urbeamea.ro\/albaiulia\/wp-content\/uploads\/2025\/02\/1000029779.webp","datePublished":"2025-02-26T11:16:14+00:00","dateModified":"2025-02-26T11:16:17+00:00","author":{"@id":"https:\/\/urbeamea.ro\/albaiulia\/#\/schema\/person\/5db3854ac38c1cc9f0ab4092d6a20f02"},"description":"Vineri, 28 februarie 2025, ora 14, \u00een Aripa de Nord a S\u0103lii Unirii va fi vernisat\u0103 expozi\u021bia temporar\u0103 Horia Clo\u0219ca \u0219i Cri\u0219an, \u201e\u021b\u0103ranii de cremene\u201d.","breadcrumb":{"@id":"https:\/\/urbeamea.ro\/albaiulia\/vineri-expozitie-temporara-la-sala-unirii-horia-closca-si-crisan-taranii-de-cremene-documente-busturi-portrete-la-240-de-ani-de-la-martiriul-din-alba-iulia\/#breadcrumb"},"inLanguage":"ro-RO","potentialAction":[{"@type":"ReadAction","target":["https:\/\/urbeamea.ro\/albaiulia\/vineri-expozitie-temporara-la-sala-unirii-horia-closca-si-crisan-taranii-de-cremene-documente-busturi-portrete-la-240-de-ani-de-la-martiriul-din-alba-iulia\/"]}]},{"@type":"ImageObject","inLanguage":"ro-RO","@id":"https:\/\/urbeamea.ro\/albaiulia\/vineri-expozitie-temporara-la-sala-unirii-horia-closca-si-crisan-taranii-de-cremene-documente-busturi-portrete-la-240-de-ani-de-la-martiriul-din-alba-iulia\/#primaryimage","url":"https:\/\/urbeamea.ro\/albaiulia\/wp-content\/uploads\/2025\/02\/1000029779.webp","contentUrl":"https:\/\/urbeamea.ro\/albaiulia\/wp-content\/uploads\/2025\/02\/1000029779.webp","width":840,"height":1200},{"@type":"BreadcrumbList","@id":"https:\/\/urbeamea.ro\/albaiulia\/vineri-expozitie-temporara-la-sala-unirii-horia-closca-si-crisan-taranii-de-cremene-documente-busturi-portrete-la-240-de-ani-de-la-martiriul-din-alba-iulia\/#breadcrumb","itemListElement":[{"@type":"ListItem","position":1,"name":"Prima pagin\u0103","item":"https:\/\/urbeamea.ro\/albaiulia\/"},{"@type":"ListItem","position":2,"name":"Vineri: Expozi\u021bie temporar\u0103 la Sala Unirii: &#8222;Horia Clo\u0219ca \u0219i Cri\u0219an, \u201e\u021b\u0103ranii de cremene\u201d. Documente, busturi, portrete la 240 de ani de la martiriul din Alba Iulia&#8221;"}]},{"@type":"WebSite","@id":"https:\/\/urbeamea.ro\/albaiulia\/#website","url":"https:\/\/urbeamea.ro\/albaiulia\/","name":"Revista Urbea Mea, Stiri urbane","description":"Evenimente \u0219i \u0219tiri din Alba Iulia, Sebe\u0219, Aiud, Blaj","potentialAction":[{"@type":"SearchAction","target":{"@type":"EntryPoint","urlTemplate":"https:\/\/urbeamea.ro\/albaiulia\/?s={search_term_string}"},"query-input":{"@type":"PropertyValueSpecification","valueRequired":true,"valueName":"search_term_string"}}],"inLanguage":"ro-RO"},{"@type":"Person","@id":"https:\/\/urbeamea.ro\/albaiulia\/#\/schema\/person\/5db3854ac38c1cc9f0ab4092d6a20f02","name":"Giurca Sorin","image":{"@type":"ImageObject","inLanguage":"ro-RO","@id":"https:\/\/secure.gravatar.com\/avatar\/120f6fcae7b3b47a7730cb9943f612f4909f68ac5284b5f40ac1c4615fd70576?s=96&d=mm&r=g","url":"https:\/\/secure.gravatar.com\/avatar\/120f6fcae7b3b47a7730cb9943f612f4909f68ac5284b5f40ac1c4615fd70576?s=96&d=mm&r=g","contentUrl":"https:\/\/secure.gravatar.com\/avatar\/120f6fcae7b3b47a7730cb9943f612f4909f68ac5284b5f40ac1c4615fd70576?s=96&d=mm&r=g","caption":"Giurca Sorin"},"url":"https:\/\/urbeamea.ro\/albaiulia\/author\/sorin\/"}]}},"_links":{"self":[{"href":"https:\/\/urbeamea.ro\/albaiulia\/wp-json\/wp\/v2\/posts\/116534","targetHints":{"allow":["GET"]}}],"collection":[{"href":"https:\/\/urbeamea.ro\/albaiulia\/wp-json\/wp\/v2\/posts"}],"about":[{"href":"https:\/\/urbeamea.ro\/albaiulia\/wp-json\/wp\/v2\/types\/post"}],"author":[{"embeddable":true,"href":"https:\/\/urbeamea.ro\/albaiulia\/wp-json\/wp\/v2\/users\/28"}],"replies":[{"embeddable":true,"href":"https:\/\/urbeamea.ro\/albaiulia\/wp-json\/wp\/v2\/comments?post=116534"}],"version-history":[{"count":1,"href":"https:\/\/urbeamea.ro\/albaiulia\/wp-json\/wp\/v2\/posts\/116534\/revisions"}],"predecessor-version":[{"id":116536,"href":"https:\/\/urbeamea.ro\/albaiulia\/wp-json\/wp\/v2\/posts\/116534\/revisions\/116536"}],"wp:featuredmedia":[{"embeddable":true,"href":"https:\/\/urbeamea.ro\/albaiulia\/wp-json\/wp\/v2\/media\/116535"}],"wp:attachment":[{"href":"https:\/\/urbeamea.ro\/albaiulia\/wp-json\/wp\/v2\/media?parent=116534"}],"wp:term":[{"taxonomy":"category","embeddable":true,"href":"https:\/\/urbeamea.ro\/albaiulia\/wp-json\/wp\/v2\/categories?post=116534"},{"taxonomy":"post_tag","embeddable":true,"href":"https:\/\/urbeamea.ro\/albaiulia\/wp-json\/wp\/v2\/tags?post=116534"}],"curies":[{"name":"wp","href":"https:\/\/api.w.org\/{rel}","templated":true}]}}