{"id":116567,"date":"2025-03-04T17:37:47","date_gmt":"2025-03-04T15:37:47","guid":{"rendered":"https:\/\/urbeamea.ro\/albaiulia\/?p=116567"},"modified":"2025-03-04T17:37:49","modified_gmt":"2025-03-04T15:37:49","slug":"vineri-ora-1300-vernisajul-expozitiei-monica-radioul-si-securitatea-dedicata-scriitoarei-si-jurnalistei-monica-lovinescu-vocea-exilului-romanesc-simbol-al-rezistentei-impotriva-comunismului","status":"publish","type":"post","link":"https:\/\/urbeamea.ro\/albaiulia\/vineri-ora-1300-vernisajul-expozitiei-monica-radioul-si-securitatea-dedicata-scriitoarei-si-jurnalistei-monica-lovinescu-vocea-exilului-romanesc-simbol-al-rezistentei-impotriva-comunismului\/","title":{"rendered":"Vineri, ora 13:00 Vernisajul expozi\u021biei &#8222;Monica, Radioul \u0219i Securitatea&#8221;, dedicat\u0103 scriitoarei \u0219i jurnalistei Monica Lovinescu, vocea exilului rom\u00e2nesc, simbol al rezisten\u021bei \u00eempotriva comunismului, la Sala Unirii din Alba Iulia"},"content":{"rendered":"\n<p><strong>Vineri \u2013 7 Martie 2025 \u2013 ora 13:00, va avea loc la Sala Unirii, spa\u021biile expozi\u021bionale \u201eAlba Iulia\u201d, vernisajul expozi\u021biei \u201eMonica, Radioul \u0219i Securitatea\u201d, dedicat\u0103 celebrei scriitoare \u0219i jurnaliste Monica Lovinescu, una dintre cele mai influente voci ale exilului rom\u00e2nesc, simbol al rezisten\u021bei \u00eempotriva comunismului<\/strong>.<\/p>\n\n\n\n<p>Expozi\u021bia, realizat\u0103 de Institutul de Investigare a Crimelor Comunismului \u0219i Memoria Exilului Rom\u00e2nesc (IICCMER), \u00een parteneriat cu Consiliul Na\u021bional pentru Studierea Arhivelor Securit\u0103\u021bii,  aduce \u00een aten\u021bia publicului momentele-cheie din via\u021ba \u0219i activitatea Monic\u0103i Lovinescu, pun\u00e2nd \u00een rela\u021bie notele de jurnal cu evenimentele care i-au marcat traseul profesional \u0219i via\u021ba privat\u0103.<\/p>\n\n\n\n<p> Accentul cade pe anii de exil, iar perspectiva Securit\u0103\u021bii, prezent\u0103 prin selec\u021bia de documente din perioada 1948-1990, este echilibrat\u0103 de fotografii publice \u0219i personale, \u00eenso\u021bite \u0219i de alte artefacte identificate \u00een arhive.<\/p>\n\n\n\n<p> Vocea narativ\u0103 a Monic\u0103i Lovinescu, desprins\u0103 din jurnalele publicate \u00een Rom\u00e2nia dup\u0103 1990, este firul ro\u0219u al expozi\u021biei \u0219i ghideaz\u0103 privitorul prin teme precum momentele principale din via\u021ba protagonistei, rela\u021bia cu familia \u0219i rela\u021bia p\u0103rin\u021bilor cu Securitatea, primii ani de exil \u0219i \u00eenceputul activismului politic, activitatea editorial\u0103 din exil, atentatul asupra sa, campania de compromitere din presa rom\u00e2neasc\u0103, sprijinit\u0103 de Securitate, iar, \u00een final, momentul decor\u0103rii din anul 1999. <\/p>\n\n\n\n<p>Materialul multimedia con\u021bine o selec\u021bie de secven\u021be din emisiunile televizate \u0219i de radio la care a participat sau a c\u0103ror protagonist\u0103 a fost. \u00cempreun\u0103, con\u021binutul grafic \u0219i cel digital redau nu doar fragmente din via\u021ba unui simbol al luptei pentru drepturile omului, ci \u0219i atmosfera unui context istoric complicat \u0219i violent.<\/p>\n\n\n\n<p>Expozi\u021bia  \u201eMonica, Radioul \u0219i Securitatea\u201d a fost realizat\u0103 cu sprijinul Administra\u021biei Preziden\u021biale, al Funda\u021biei Rom\u00e2ne pentru Democra\u021bie, Bibliotecii Municipale \u201eEugen Lovinescu\u201d F\u0103lticeni, Galeriei Oamenilor de Seam\u0103 F\u0103lticeni, Muzeului Na\u021bional al Literaturii Rom\u00e2ne \u0219i al Muzeului C\u0103r\u021bii \u0219i Exilului Rom\u00e2nesc. Partener media: AGERPRES.<\/p>\n\n\n\n<p>Expozi\u021bia va putea fi vizitat\u0103 p\u00e2n\u0103 \u00een data de 6 Aprilie 2025.<\/p>\n\n\n\n<figure class=\"wp-block-image size-large\"><img loading=\"lazy\" decoding=\"async\" width=\"905\" height=\"1280\" src=\"https:\/\/urbeamea.ro\/albaiulia\/wp-content\/uploads\/2025\/03\/1000030336-905x1280.jpg\" alt=\"\" class=\"wp-image-116568\" srcset=\"https:\/\/urbeamea.ro\/albaiulia\/wp-content\/uploads\/2025\/03\/1000030336-905x1280.jpg 905w, https:\/\/urbeamea.ro\/albaiulia\/wp-content\/uploads\/2025\/03\/1000030336-452x640.jpg 452w, https:\/\/urbeamea.ro\/albaiulia\/wp-content\/uploads\/2025\/03\/1000030336-106x150.jpg 106w, https:\/\/urbeamea.ro\/albaiulia\/wp-content\/uploads\/2025\/03\/1000030336-768x1087.jpg 768w, https:\/\/urbeamea.ro\/albaiulia\/wp-content\/uploads\/2025\/03\/1000030336.jpg 1080w\" sizes=\"auto, (max-width: 905px) 100vw, 905px\" \/><\/figure>\n","protected":false},"excerpt":{"rendered":"<p>Vineri \u2013 7 Martie 2025 \u2013 ora 13:00, va avea loc la Sala Unirii, spa\u021biile expozi\u021bionale \u201eAlba Iulia\u201d, vernisajul expozi\u021biei \u201eMonica, Radioul \u0219i Securitatea\u201d, dedicat\u0103 celebrei scriitoare \u0219i jurnaliste Monica Lovinescu, una dintre cele mai influente voci ale exilului rom\u00e2nesc, simbol al rezisten\u021bei \u00eempotriva comunismului. Expozi\u021bia, realizat\u0103 de Institutul de Investigare a Crimelor Comunismului \u0219i &hellip;<\/p>\n","protected":false},"author":28,"featured_media":116568,"comment_status":"open","ping_status":"open","sticky":false,"template":"","format":"standard","meta":{"inline_featured_image":false,"footnotes":""},"categories":[2038,4,8857,2034,1,16344],"tags":[25231,21983,1978],"class_list":["post-116567","post","type-post","status-publish","format-standard","has-post-thumbnail","hentry","category-cultura","category-eveniment","category-istorie","category-social","category-stiri-urbane","category-urbea-mea","tag-monica-lovinescu","tag-sala-unirii-de-la-alba-iulia","tag-vernisaj-expozitie"],"yoast_head":"<!-- This site is optimized with the Yoast SEO plugin v27.4 - https:\/\/yoast.com\/product\/yoast-seo-wordpress\/ -->\n<title>Vineri, ora 13:00 Vernisajul expozi\u021biei &quot;Monica, Radioul \u0219i Securitatea&quot;, dedicat\u0103 scriitoarei \u0219i jurnalistei Monica Lovinescu, vocea exilului rom\u00e2nesc, simbol al rezisten\u021bei \u00eempotriva comunismului, la Sala Unirii din Alba Iulia - Revista Urbea Mea - Revista de Alba<\/title>\n<meta name=\"description\" content=\"Vineri \u2013 7 Martie 2025 \u2013 ora 13:00, va avea loc la Sala Unirii, spa\u021biile expozi\u021bionale \u201eAlba Iulia\u201d, vernisajul expozi\u021biei \u201eMonica, Radioul \u0219i\" \/>\n<meta name=\"robots\" content=\"index, follow, max-snippet:-1, max-image-preview:large, max-video-preview:-1\" \/>\n<link rel=\"canonical\" href=\"https:\/\/urbeamea.ro\/albaiulia\/vineri-ora-1300-vernisajul-expozitiei-monica-radioul-si-securitatea-dedicata-scriitoarei-si-jurnalistei-monica-lovinescu-vocea-exilului-romanesc-simbol-al-rezistentei-impotriva-comunismului\/\" \/>\n<meta name=\"twitter:card\" content=\"summary_large_image\" \/>\n<meta name=\"twitter:title\" content=\"Vineri, ora 13:00 Vernisajul expozi\u021biei &quot;Monica, Radioul \u0219i Securitatea&quot;, dedicat\u0103 scriitoarei \u0219i jurnalistei Monica Lovinescu, vocea exilului rom\u00e2nesc, simbol al rezisten\u021bei \u00eempotriva comunismului, la Sala Unirii din Alba Iulia - Revista Urbea Mea - Revista de Alba\" \/>\n<meta name=\"twitter:description\" content=\"Vineri \u2013 7 Martie 2025 \u2013 ora 13:00, va avea loc la Sala Unirii, spa\u021biile expozi\u021bionale \u201eAlba Iulia\u201d, vernisajul expozi\u021biei \u201eMonica, Radioul \u0219i\" \/>\n<meta name=\"twitter:image\" content=\"https:\/\/urbeamea.ro\/albaiulia\/wp-content\/uploads\/2025\/03\/1000030336.jpg\" \/>\n<meta name=\"twitter:creator\" content=\"@urbeameaweb\" \/>\n<meta name=\"twitter:site\" content=\"@urbeameaweb\" \/>\n<script type=\"application\/ld+json\" class=\"yoast-schema-graph\">{\"@context\":\"https:\\\/\\\/schema.org\",\"@graph\":[{\"@type\":\"Article\",\"@id\":\"https:\\\/\\\/urbeamea.ro\\\/albaiulia\\\/vineri-ora-1300-vernisajul-expozitiei-monica-radioul-si-securitatea-dedicata-scriitoarei-si-jurnalistei-monica-lovinescu-vocea-exilului-romanesc-simbol-al-rezistentei-impotriva-comunismului\\\/#article\",\"isPartOf\":{\"@id\":\"https:\\\/\\\/urbeamea.ro\\\/albaiulia\\\/vineri-ora-1300-vernisajul-expozitiei-monica-radioul-si-securitatea-dedicata-scriitoarei-si-jurnalistei-monica-lovinescu-vocea-exilului-romanesc-simbol-al-rezistentei-impotriva-comunismului\\\/\"},\"author\":{\"name\":\"Giurca Sorin\",\"@id\":\"https:\\\/\\\/urbeamea.ro\\\/albaiulia\\\/#\\\/schema\\\/person\\\/5db3854ac38c1cc9f0ab4092d6a20f02\"},\"headline\":\"Vineri, ora 13:00 Vernisajul expozi\u021biei &#8222;Monica, Radioul \u0219i Securitatea&#8221;, dedicat\u0103 scriitoarei \u0219i jurnalistei Monica Lovinescu, vocea exilului rom\u00e2nesc, simbol al rezisten\u021bei \u00eempotriva comunismului, la Sala Unirii din Alba Iulia\",\"datePublished\":\"2025-03-04T15:37:47+00:00\",\"dateModified\":\"2025-03-04T15:37:49+00:00\",\"mainEntityOfPage\":{\"@id\":\"https:\\\/\\\/urbeamea.ro\\\/albaiulia\\\/vineri-ora-1300-vernisajul-expozitiei-monica-radioul-si-securitatea-dedicata-scriitoarei-si-jurnalistei-monica-lovinescu-vocea-exilului-romanesc-simbol-al-rezistentei-impotriva-comunismului\\\/\"},\"wordCount\":373,\"commentCount\":0,\"image\":{\"@id\":\"https:\\\/\\\/urbeamea.ro\\\/albaiulia\\\/vineri-ora-1300-vernisajul-expozitiei-monica-radioul-si-securitatea-dedicata-scriitoarei-si-jurnalistei-monica-lovinescu-vocea-exilului-romanesc-simbol-al-rezistentei-impotriva-comunismului\\\/#primaryimage\"},\"thumbnailUrl\":\"https:\\\/\\\/urbeamea.ro\\\/albaiulia\\\/wp-content\\\/uploads\\\/2025\\\/03\\\/1000030336.jpg\",\"keywords\":[\"Monica Lovinescu\",\"sala unirii de la alba iulia\",\"vernisaj expozitie\"],\"articleSection\":[\"Cultur\u0103\",\"Evenimente\",\"Istorie\",\"Social\",\"\u015etiri Urbane\",\"Urbea Mea\"],\"inLanguage\":\"ro-RO\",\"potentialAction\":[{\"@type\":\"CommentAction\",\"name\":\"Comment\",\"target\":[\"https:\\\/\\\/urbeamea.ro\\\/albaiulia\\\/vineri-ora-1300-vernisajul-expozitiei-monica-radioul-si-securitatea-dedicata-scriitoarei-si-jurnalistei-monica-lovinescu-vocea-exilului-romanesc-simbol-al-rezistentei-impotriva-comunismului\\\/#respond\"]}]},{\"@type\":\"WebPage\",\"@id\":\"https:\\\/\\\/urbeamea.ro\\\/albaiulia\\\/vineri-ora-1300-vernisajul-expozitiei-monica-radioul-si-securitatea-dedicata-scriitoarei-si-jurnalistei-monica-lovinescu-vocea-exilului-romanesc-simbol-al-rezistentei-impotriva-comunismului\\\/\",\"url\":\"https:\\\/\\\/urbeamea.ro\\\/albaiulia\\\/vineri-ora-1300-vernisajul-expozitiei-monica-radioul-si-securitatea-dedicata-scriitoarei-si-jurnalistei-monica-lovinescu-vocea-exilului-romanesc-simbol-al-rezistentei-impotriva-comunismului\\\/\",\"name\":\"Vineri, ora 13:00 Vernisajul expozi\u021biei \\\"Monica, Radioul \u0219i Securitatea\\\", dedicat\u0103 scriitoarei \u0219i jurnalistei Monica Lovinescu, vocea exilului rom\u00e2nesc, simbol al rezisten\u021bei \u00eempotriva comunismului, la Sala Unirii din Alba Iulia - Revista Urbea Mea - Revista de Alba\",\"isPartOf\":{\"@id\":\"https:\\\/\\\/urbeamea.ro\\\/albaiulia\\\/#website\"},\"primaryImageOfPage\":{\"@id\":\"https:\\\/\\\/urbeamea.ro\\\/albaiulia\\\/vineri-ora-1300-vernisajul-expozitiei-monica-radioul-si-securitatea-dedicata-scriitoarei-si-jurnalistei-monica-lovinescu-vocea-exilului-romanesc-simbol-al-rezistentei-impotriva-comunismului\\\/#primaryimage\"},\"image\":{\"@id\":\"https:\\\/\\\/urbeamea.ro\\\/albaiulia\\\/vineri-ora-1300-vernisajul-expozitiei-monica-radioul-si-securitatea-dedicata-scriitoarei-si-jurnalistei-monica-lovinescu-vocea-exilului-romanesc-simbol-al-rezistentei-impotriva-comunismului\\\/#primaryimage\"},\"thumbnailUrl\":\"https:\\\/\\\/urbeamea.ro\\\/albaiulia\\\/wp-content\\\/uploads\\\/2025\\\/03\\\/1000030336.jpg\",\"datePublished\":\"2025-03-04T15:37:47+00:00\",\"dateModified\":\"2025-03-04T15:37:49+00:00\",\"author\":{\"@id\":\"https:\\\/\\\/urbeamea.ro\\\/albaiulia\\\/#\\\/schema\\\/person\\\/5db3854ac38c1cc9f0ab4092d6a20f02\"},\"description\":\"Vineri \u2013 7 Martie 2025 \u2013 ora 13:00, va avea loc la Sala Unirii, spa\u021biile expozi\u021bionale \u201eAlba Iulia\u201d, vernisajul expozi\u021biei \u201eMonica, Radioul \u0219i\",\"breadcrumb\":{\"@id\":\"https:\\\/\\\/urbeamea.ro\\\/albaiulia\\\/vineri-ora-1300-vernisajul-expozitiei-monica-radioul-si-securitatea-dedicata-scriitoarei-si-jurnalistei-monica-lovinescu-vocea-exilului-romanesc-simbol-al-rezistentei-impotriva-comunismului\\\/#breadcrumb\"},\"inLanguage\":\"ro-RO\",\"potentialAction\":[{\"@type\":\"ReadAction\",\"target\":[\"https:\\\/\\\/urbeamea.ro\\\/albaiulia\\\/vineri-ora-1300-vernisajul-expozitiei-monica-radioul-si-securitatea-dedicata-scriitoarei-si-jurnalistei-monica-lovinescu-vocea-exilului-romanesc-simbol-al-rezistentei-impotriva-comunismului\\\/\"]}]},{\"@type\":\"ImageObject\",\"inLanguage\":\"ro-RO\",\"@id\":\"https:\\\/\\\/urbeamea.ro\\\/albaiulia\\\/vineri-ora-1300-vernisajul-expozitiei-monica-radioul-si-securitatea-dedicata-scriitoarei-si-jurnalistei-monica-lovinescu-vocea-exilului-romanesc-simbol-al-rezistentei-impotriva-comunismului\\\/#primaryimage\",\"url\":\"https:\\\/\\\/urbeamea.ro\\\/albaiulia\\\/wp-content\\\/uploads\\\/2025\\\/03\\\/1000030336.jpg\",\"contentUrl\":\"https:\\\/\\\/urbeamea.ro\\\/albaiulia\\\/wp-content\\\/uploads\\\/2025\\\/03\\\/1000030336.jpg\",\"width\":1080,\"height\":1528},{\"@type\":\"BreadcrumbList\",\"@id\":\"https:\\\/\\\/urbeamea.ro\\\/albaiulia\\\/vineri-ora-1300-vernisajul-expozitiei-monica-radioul-si-securitatea-dedicata-scriitoarei-si-jurnalistei-monica-lovinescu-vocea-exilului-romanesc-simbol-al-rezistentei-impotriva-comunismului\\\/#breadcrumb\",\"itemListElement\":[{\"@type\":\"ListItem\",\"position\":1,\"name\":\"Prima pagin\u0103\",\"item\":\"https:\\\/\\\/urbeamea.ro\\\/albaiulia\\\/\"},{\"@type\":\"ListItem\",\"position\":2,\"name\":\"Vineri, ora 13:00 Vernisajul expozi\u021biei &#8222;Monica, Radioul \u0219i Securitatea&#8221;, dedicat\u0103 scriitoarei \u0219i jurnalistei Monica Lovinescu, vocea exilului rom\u00e2nesc, simbol al rezisten\u021bei \u00eempotriva comunismului, la Sala Unirii din Alba Iulia\"}]},{\"@type\":\"WebSite\",\"@id\":\"https:\\\/\\\/urbeamea.ro\\\/albaiulia\\\/#website\",\"url\":\"https:\\\/\\\/urbeamea.ro\\\/albaiulia\\\/\",\"name\":\"Revista Urbea Mea, Stiri urbane\",\"description\":\"Evenimente \u0219i \u0219tiri din Alba Iulia, Sebe\u0219, Aiud, Blaj\",\"potentialAction\":[{\"@type\":\"SearchAction\",\"target\":{\"@type\":\"EntryPoint\",\"urlTemplate\":\"https:\\\/\\\/urbeamea.ro\\\/albaiulia\\\/?s={search_term_string}\"},\"query-input\":{\"@type\":\"PropertyValueSpecification\",\"valueRequired\":true,\"valueName\":\"search_term_string\"}}],\"inLanguage\":\"ro-RO\"},{\"@type\":\"Person\",\"@id\":\"https:\\\/\\\/urbeamea.ro\\\/albaiulia\\\/#\\\/schema\\\/person\\\/5db3854ac38c1cc9f0ab4092d6a20f02\",\"name\":\"Giurca Sorin\",\"image\":{\"@type\":\"ImageObject\",\"inLanguage\":\"ro-RO\",\"@id\":\"https:\\\/\\\/secure.gravatar.com\\\/avatar\\\/120f6fcae7b3b47a7730cb9943f612f4909f68ac5284b5f40ac1c4615fd70576?s=96&d=mm&r=g\",\"url\":\"https:\\\/\\\/secure.gravatar.com\\\/avatar\\\/120f6fcae7b3b47a7730cb9943f612f4909f68ac5284b5f40ac1c4615fd70576?s=96&d=mm&r=g\",\"contentUrl\":\"https:\\\/\\\/secure.gravatar.com\\\/avatar\\\/120f6fcae7b3b47a7730cb9943f612f4909f68ac5284b5f40ac1c4615fd70576?s=96&d=mm&r=g\",\"caption\":\"Giurca Sorin\"},\"url\":\"https:\\\/\\\/urbeamea.ro\\\/albaiulia\\\/author\\\/sorin\\\/\"}]}<\/script>\n<!-- \/ Yoast SEO plugin. -->","yoast_head_json":{"title":"Vineri, ora 13:00 Vernisajul expozi\u021biei \"Monica, Radioul \u0219i Securitatea\", dedicat\u0103 scriitoarei \u0219i jurnalistei Monica Lovinescu, vocea exilului rom\u00e2nesc, simbol al rezisten\u021bei \u00eempotriva comunismului, la Sala Unirii din Alba Iulia - Revista Urbea Mea - Revista de Alba","description":"Vineri \u2013 7 Martie 2025 \u2013 ora 13:00, va avea loc la Sala Unirii, spa\u021biile expozi\u021bionale \u201eAlba Iulia\u201d, vernisajul expozi\u021biei \u201eMonica, Radioul \u0219i","robots":{"index":"index","follow":"follow","max-snippet":"max-snippet:-1","max-image-preview":"max-image-preview:large","max-video-preview":"max-video-preview:-1"},"canonical":"https:\/\/urbeamea.ro\/albaiulia\/vineri-ora-1300-vernisajul-expozitiei-monica-radioul-si-securitatea-dedicata-scriitoarei-si-jurnalistei-monica-lovinescu-vocea-exilului-romanesc-simbol-al-rezistentei-impotriva-comunismului\/","twitter_card":"summary_large_image","twitter_title":"Vineri, ora 13:00 Vernisajul expozi\u021biei \"Monica, Radioul \u0219i Securitatea\", dedicat\u0103 scriitoarei \u0219i jurnalistei Monica Lovinescu, vocea exilului rom\u00e2nesc, simbol al rezisten\u021bei \u00eempotriva comunismului, la Sala Unirii din Alba Iulia - Revista Urbea Mea - Revista de Alba","twitter_description":"Vineri \u2013 7 Martie 2025 \u2013 ora 13:00, va avea loc la Sala Unirii, spa\u021biile expozi\u021bionale \u201eAlba Iulia\u201d, vernisajul expozi\u021biei \u201eMonica, Radioul \u0219i","twitter_image":"https:\/\/urbeamea.ro\/albaiulia\/wp-content\/uploads\/2025\/03\/1000030336.jpg","twitter_creator":"@urbeameaweb","twitter_site":"@urbeameaweb","schema":{"@context":"https:\/\/schema.org","@graph":[{"@type":"Article","@id":"https:\/\/urbeamea.ro\/albaiulia\/vineri-ora-1300-vernisajul-expozitiei-monica-radioul-si-securitatea-dedicata-scriitoarei-si-jurnalistei-monica-lovinescu-vocea-exilului-romanesc-simbol-al-rezistentei-impotriva-comunismului\/#article","isPartOf":{"@id":"https:\/\/urbeamea.ro\/albaiulia\/vineri-ora-1300-vernisajul-expozitiei-monica-radioul-si-securitatea-dedicata-scriitoarei-si-jurnalistei-monica-lovinescu-vocea-exilului-romanesc-simbol-al-rezistentei-impotriva-comunismului\/"},"author":{"name":"Giurca Sorin","@id":"https:\/\/urbeamea.ro\/albaiulia\/#\/schema\/person\/5db3854ac38c1cc9f0ab4092d6a20f02"},"headline":"Vineri, ora 13:00 Vernisajul expozi\u021biei &#8222;Monica, Radioul \u0219i Securitatea&#8221;, dedicat\u0103 scriitoarei \u0219i jurnalistei Monica Lovinescu, vocea exilului rom\u00e2nesc, simbol al rezisten\u021bei \u00eempotriva comunismului, la Sala Unirii din Alba Iulia","datePublished":"2025-03-04T15:37:47+00:00","dateModified":"2025-03-04T15:37:49+00:00","mainEntityOfPage":{"@id":"https:\/\/urbeamea.ro\/albaiulia\/vineri-ora-1300-vernisajul-expozitiei-monica-radioul-si-securitatea-dedicata-scriitoarei-si-jurnalistei-monica-lovinescu-vocea-exilului-romanesc-simbol-al-rezistentei-impotriva-comunismului\/"},"wordCount":373,"commentCount":0,"image":{"@id":"https:\/\/urbeamea.ro\/albaiulia\/vineri-ora-1300-vernisajul-expozitiei-monica-radioul-si-securitatea-dedicata-scriitoarei-si-jurnalistei-monica-lovinescu-vocea-exilului-romanesc-simbol-al-rezistentei-impotriva-comunismului\/#primaryimage"},"thumbnailUrl":"https:\/\/urbeamea.ro\/albaiulia\/wp-content\/uploads\/2025\/03\/1000030336.jpg","keywords":["Monica Lovinescu","sala unirii de la alba iulia","vernisaj expozitie"],"articleSection":["Cultur\u0103","Evenimente","Istorie","Social","\u015etiri Urbane","Urbea Mea"],"inLanguage":"ro-RO","potentialAction":[{"@type":"CommentAction","name":"Comment","target":["https:\/\/urbeamea.ro\/albaiulia\/vineri-ora-1300-vernisajul-expozitiei-monica-radioul-si-securitatea-dedicata-scriitoarei-si-jurnalistei-monica-lovinescu-vocea-exilului-romanesc-simbol-al-rezistentei-impotriva-comunismului\/#respond"]}]},{"@type":"WebPage","@id":"https:\/\/urbeamea.ro\/albaiulia\/vineri-ora-1300-vernisajul-expozitiei-monica-radioul-si-securitatea-dedicata-scriitoarei-si-jurnalistei-monica-lovinescu-vocea-exilului-romanesc-simbol-al-rezistentei-impotriva-comunismului\/","url":"https:\/\/urbeamea.ro\/albaiulia\/vineri-ora-1300-vernisajul-expozitiei-monica-radioul-si-securitatea-dedicata-scriitoarei-si-jurnalistei-monica-lovinescu-vocea-exilului-romanesc-simbol-al-rezistentei-impotriva-comunismului\/","name":"Vineri, ora 13:00 Vernisajul expozi\u021biei \"Monica, Radioul \u0219i Securitatea\", dedicat\u0103 scriitoarei \u0219i jurnalistei Monica Lovinescu, vocea exilului rom\u00e2nesc, simbol al rezisten\u021bei \u00eempotriva comunismului, la Sala Unirii din Alba Iulia - Revista Urbea Mea - Revista de Alba","isPartOf":{"@id":"https:\/\/urbeamea.ro\/albaiulia\/#website"},"primaryImageOfPage":{"@id":"https:\/\/urbeamea.ro\/albaiulia\/vineri-ora-1300-vernisajul-expozitiei-monica-radioul-si-securitatea-dedicata-scriitoarei-si-jurnalistei-monica-lovinescu-vocea-exilului-romanesc-simbol-al-rezistentei-impotriva-comunismului\/#primaryimage"},"image":{"@id":"https:\/\/urbeamea.ro\/albaiulia\/vineri-ora-1300-vernisajul-expozitiei-monica-radioul-si-securitatea-dedicata-scriitoarei-si-jurnalistei-monica-lovinescu-vocea-exilului-romanesc-simbol-al-rezistentei-impotriva-comunismului\/#primaryimage"},"thumbnailUrl":"https:\/\/urbeamea.ro\/albaiulia\/wp-content\/uploads\/2025\/03\/1000030336.jpg","datePublished":"2025-03-04T15:37:47+00:00","dateModified":"2025-03-04T15:37:49+00:00","author":{"@id":"https:\/\/urbeamea.ro\/albaiulia\/#\/schema\/person\/5db3854ac38c1cc9f0ab4092d6a20f02"},"description":"Vineri \u2013 7 Martie 2025 \u2013 ora 13:00, va avea loc la Sala Unirii, spa\u021biile expozi\u021bionale \u201eAlba Iulia\u201d, vernisajul expozi\u021biei \u201eMonica, Radioul \u0219i","breadcrumb":{"@id":"https:\/\/urbeamea.ro\/albaiulia\/vineri-ora-1300-vernisajul-expozitiei-monica-radioul-si-securitatea-dedicata-scriitoarei-si-jurnalistei-monica-lovinescu-vocea-exilului-romanesc-simbol-al-rezistentei-impotriva-comunismului\/#breadcrumb"},"inLanguage":"ro-RO","potentialAction":[{"@type":"ReadAction","target":["https:\/\/urbeamea.ro\/albaiulia\/vineri-ora-1300-vernisajul-expozitiei-monica-radioul-si-securitatea-dedicata-scriitoarei-si-jurnalistei-monica-lovinescu-vocea-exilului-romanesc-simbol-al-rezistentei-impotriva-comunismului\/"]}]},{"@type":"ImageObject","inLanguage":"ro-RO","@id":"https:\/\/urbeamea.ro\/albaiulia\/vineri-ora-1300-vernisajul-expozitiei-monica-radioul-si-securitatea-dedicata-scriitoarei-si-jurnalistei-monica-lovinescu-vocea-exilului-romanesc-simbol-al-rezistentei-impotriva-comunismului\/#primaryimage","url":"https:\/\/urbeamea.ro\/albaiulia\/wp-content\/uploads\/2025\/03\/1000030336.jpg","contentUrl":"https:\/\/urbeamea.ro\/albaiulia\/wp-content\/uploads\/2025\/03\/1000030336.jpg","width":1080,"height":1528},{"@type":"BreadcrumbList","@id":"https:\/\/urbeamea.ro\/albaiulia\/vineri-ora-1300-vernisajul-expozitiei-monica-radioul-si-securitatea-dedicata-scriitoarei-si-jurnalistei-monica-lovinescu-vocea-exilului-romanesc-simbol-al-rezistentei-impotriva-comunismului\/#breadcrumb","itemListElement":[{"@type":"ListItem","position":1,"name":"Prima pagin\u0103","item":"https:\/\/urbeamea.ro\/albaiulia\/"},{"@type":"ListItem","position":2,"name":"Vineri, ora 13:00 Vernisajul expozi\u021biei &#8222;Monica, Radioul \u0219i Securitatea&#8221;, dedicat\u0103 scriitoarei \u0219i jurnalistei Monica Lovinescu, vocea exilului rom\u00e2nesc, simbol al rezisten\u021bei \u00eempotriva comunismului, la Sala Unirii din Alba Iulia"}]},{"@type":"WebSite","@id":"https:\/\/urbeamea.ro\/albaiulia\/#website","url":"https:\/\/urbeamea.ro\/albaiulia\/","name":"Revista Urbea Mea, Stiri urbane","description":"Evenimente \u0219i \u0219tiri din Alba Iulia, Sebe\u0219, Aiud, Blaj","potentialAction":[{"@type":"SearchAction","target":{"@type":"EntryPoint","urlTemplate":"https:\/\/urbeamea.ro\/albaiulia\/?s={search_term_string}"},"query-input":{"@type":"PropertyValueSpecification","valueRequired":true,"valueName":"search_term_string"}}],"inLanguage":"ro-RO"},{"@type":"Person","@id":"https:\/\/urbeamea.ro\/albaiulia\/#\/schema\/person\/5db3854ac38c1cc9f0ab4092d6a20f02","name":"Giurca Sorin","image":{"@type":"ImageObject","inLanguage":"ro-RO","@id":"https:\/\/secure.gravatar.com\/avatar\/120f6fcae7b3b47a7730cb9943f612f4909f68ac5284b5f40ac1c4615fd70576?s=96&d=mm&r=g","url":"https:\/\/secure.gravatar.com\/avatar\/120f6fcae7b3b47a7730cb9943f612f4909f68ac5284b5f40ac1c4615fd70576?s=96&d=mm&r=g","contentUrl":"https:\/\/secure.gravatar.com\/avatar\/120f6fcae7b3b47a7730cb9943f612f4909f68ac5284b5f40ac1c4615fd70576?s=96&d=mm&r=g","caption":"Giurca Sorin"},"url":"https:\/\/urbeamea.ro\/albaiulia\/author\/sorin\/"}]}},"_links":{"self":[{"href":"https:\/\/urbeamea.ro\/albaiulia\/wp-json\/wp\/v2\/posts\/116567","targetHints":{"allow":["GET"]}}],"collection":[{"href":"https:\/\/urbeamea.ro\/albaiulia\/wp-json\/wp\/v2\/posts"}],"about":[{"href":"https:\/\/urbeamea.ro\/albaiulia\/wp-json\/wp\/v2\/types\/post"}],"author":[{"embeddable":true,"href":"https:\/\/urbeamea.ro\/albaiulia\/wp-json\/wp\/v2\/users\/28"}],"replies":[{"embeddable":true,"href":"https:\/\/urbeamea.ro\/albaiulia\/wp-json\/wp\/v2\/comments?post=116567"}],"version-history":[{"count":1,"href":"https:\/\/urbeamea.ro\/albaiulia\/wp-json\/wp\/v2\/posts\/116567\/revisions"}],"predecessor-version":[{"id":116569,"href":"https:\/\/urbeamea.ro\/albaiulia\/wp-json\/wp\/v2\/posts\/116567\/revisions\/116569"}],"wp:featuredmedia":[{"embeddable":true,"href":"https:\/\/urbeamea.ro\/albaiulia\/wp-json\/wp\/v2\/media\/116568"}],"wp:attachment":[{"href":"https:\/\/urbeamea.ro\/albaiulia\/wp-json\/wp\/v2\/media?parent=116567"}],"wp:term":[{"taxonomy":"category","embeddable":true,"href":"https:\/\/urbeamea.ro\/albaiulia\/wp-json\/wp\/v2\/categories?post=116567"},{"taxonomy":"post_tag","embeddable":true,"href":"https:\/\/urbeamea.ro\/albaiulia\/wp-json\/wp\/v2\/tags?post=116567"}],"curies":[{"name":"wp","href":"https:\/\/api.w.org\/{rel}","templated":true}]}}