{"id":116679,"date":"2025-03-13T07:51:37","date_gmt":"2025-03-13T05:51:37","guid":{"rendered":"https:\/\/urbeamea.ro\/albaiulia\/?p=116679"},"modified":"2025-03-13T07:51:38","modified_gmt":"2025-03-13T05:51:38","slug":"joi-ora-1800-seratele-bibliotecii-judetene-lucian-blaga-alba-iulia","status":"publish","type":"post","link":"https:\/\/urbeamea.ro\/albaiulia\/joi-ora-1800-seratele-bibliotecii-judetene-lucian-blaga-alba-iulia\/","title":{"rendered":"Joi, ora 18:00 Seratele Bibliotecii Jude\u021bene &#8222;Lucian Blaga&#8221; Alba Iulia"},"content":{"rendered":"\n<p> <strong>\u00cenceput \u00een anul 2018, proiectul 3.31 Seratele bibliotecii s-a bucurat de interes larg din partea membrilor comunit\u0103\u021bii.<\/strong><\/p>\n\n\n\n<p> Proiectul aduce \u00een aten\u021bia participan\u021bilor teme propuse de ace\u0219tia din variate domenii de activitate. <\/p>\n\n\n\n<p>Dezbaterile pe marginea temei alese sunt moderate de c\u0103tre p\u0103rintele Pimen de la M\u0103n\u0103stirea \u201eSf\u00e2nta Maria Magdalena\u201d din Oar\u021ba de Sus \u0219i de c\u0103tre Cristina Alba, pre\u0219edinta Asocia\u021biei \u201eSf\u00e2nta Maria Magdalena\u201d din Oar\u021ba de Sus. <\/p>\n\n\n\n<p> Edi\u021bia lunii martie a proiectului 3.31 Seratelor bibliotecii va avea loc joi, 13 martie 2025, la sala de lectur\u0103 a Bibliotecii Jude\u021bene \u201eLucian Blaga\u201d Alba. <\/p>\n\n\n\n<p>Tema propus\u0103 pentru aceast\u0103 edi\u021bie este \u201eDespre vulnerabilitate\u201d.<\/p>\n\n\n\n<p> Programul va debuta la ora 18:00 cu primirea \u0219i prezentarea participan\u021bilor \u0219i cu prezentarea unor volume tematice, ce pot fi \u00eemprumutate la domiciliu sau pot fi r\u0103sfoite \u00een cadrul evenimentului cultural. <\/p>\n\n\n\n<p>Urmeaz\u0103 apoi prezentarea temei de c\u0103tre propun\u0103tor \u0219i dezbateri pe marginea ei, \u201econdimentate\u201d cu momente muzicale de cea mai bun\u0103 calitate. <\/p>\n\n\n\n<p>Finalul seratei \u00eei apar\u021bine, ca de fiecare dat\u0103, p\u0103rintelui Pimen, care va face o sintez\u0103 a celor discutate. <\/p>\n\n\n\n<p>\u00cent\u00e2lnirea se va \u00eencheia cu propunerea temei urm\u0103toare.<\/p>\n\n\n\n<p>Proiectul 3.31 Seratele bibliotecii, este organizat de Consiliul Jude\u021bean Alba \u0219i de Biblioteca Jude\u021bean\u0103 \u201eLucian Blaga\u201d Alba, \u00een parteneriat cu Asocia\u021biei \u201eSf\u00e2nta Maria Magdalena\u201d din Oar\u021ba de Sus \u0219i este un proiect cultural de dezvoltare personal\u0103, ce se desf\u0103\u0219oar\u0103 sub forma \u00eent\u00e2lnirilor periodice ale membrilor comunit\u0103\u021bii.<\/p>\n\n\n\n<p> \u00cen cadrul acestor \u00eent\u00e2lniri se dezbat teme culturale, sociale, morale, spirituale etc.,  iar dezbaterile sunt \u00eenso\u021bite de muzic\u0103, poezie, lecturi, art\u0103 \u00een general. Scopul proiectului este de a promova colec\u021biile de carte ale bibliotecii.<\/p>\n\n\n\n<figure class=\"wp-block-image size-large\"><img loading=\"lazy\" decoding=\"async\" width=\"905\" height=\"1280\" src=\"https:\/\/urbeamea.ro\/albaiulia\/wp-content\/uploads\/2025\/03\/1000031002-905x1280.jpg\" alt=\"\" class=\"wp-image-116680\" srcset=\"https:\/\/urbeamea.ro\/albaiulia\/wp-content\/uploads\/2025\/03\/1000031002-905x1280.jpg 905w, https:\/\/urbeamea.ro\/albaiulia\/wp-content\/uploads\/2025\/03\/1000031002-452x640.jpg 452w, https:\/\/urbeamea.ro\/albaiulia\/wp-content\/uploads\/2025\/03\/1000031002-106x150.jpg 106w, https:\/\/urbeamea.ro\/albaiulia\/wp-content\/uploads\/2025\/03\/1000031002-768x1087.jpg 768w, https:\/\/urbeamea.ro\/albaiulia\/wp-content\/uploads\/2025\/03\/1000031002.jpg 1080w\" sizes=\"auto, (max-width: 905px) 100vw, 905px\" \/><\/figure>\n","protected":false},"excerpt":{"rendered":"<p>\u00cenceput \u00een anul 2018, proiectul 3.31 Seratele bibliotecii s-a bucurat de interes larg din partea membrilor comunit\u0103\u021bii. Proiectul aduce \u00een aten\u021bia participan\u021bilor teme propuse de ace\u0219tia din variate domenii de activitate. Dezbaterile pe marginea temei alese sunt moderate de c\u0103tre p\u0103rintele Pimen de la M\u0103n\u0103stirea \u201eSf\u00e2nta Maria Magdalena\u201d din Oar\u021ba de Sus \u0219i de c\u0103tre &hellip;<\/p>\n","protected":false},"author":28,"featured_media":116680,"comment_status":"open","ping_status":"open","sticky":false,"template":"","format":"standard","meta":{"inline_featured_image":false,"footnotes":""},"categories":[2038,4,2034,1,16344],"tags":[14968],"class_list":["post-116679","post","type-post","status-publish","format-standard","has-post-thumbnail","hentry","category-cultura","category-eveniment","category-social","category-stiri-urbane","category-urbea-mea","tag-seratele-bibliotecii-judetene-lucian-blaga"],"yoast_head":"<!-- This site is optimized with the Yoast SEO plugin v27.4 - https:\/\/yoast.com\/product\/yoast-seo-wordpress\/ -->\n<title>Joi, ora 18:00 Seratele Bibliotecii Jude\u021bene &quot;Lucian Blaga&quot; Alba Iulia - Revista Urbea Mea - Revista de Alba<\/title>\n<meta name=\"description\" content=\"\u00cenceput \u00een anul 2018, proiectul 3.31 Seratele bibliotecii s-a bucurat de interes larg din partea membrilor comunit\u0103\u021bii. Proiectul aduce \u00een aten\u021bia\" \/>\n<meta name=\"robots\" content=\"index, follow, max-snippet:-1, max-image-preview:large, max-video-preview:-1\" \/>\n<link rel=\"canonical\" href=\"https:\/\/urbeamea.ro\/albaiulia\/joi-ora-1800-seratele-bibliotecii-judetene-lucian-blaga-alba-iulia\/\" \/>\n<meta name=\"twitter:card\" content=\"summary_large_image\" \/>\n<meta name=\"twitter:title\" content=\"Joi, ora 18:00 Seratele Bibliotecii Jude\u021bene &quot;Lucian Blaga&quot; Alba Iulia - Revista Urbea Mea - Revista de Alba\" \/>\n<meta name=\"twitter:description\" content=\"\u00cenceput \u00een anul 2018, proiectul 3.31 Seratele bibliotecii s-a bucurat de interes larg din partea membrilor comunit\u0103\u021bii. Proiectul aduce \u00een aten\u021bia\" \/>\n<meta name=\"twitter:image\" content=\"https:\/\/urbeamea.ro\/albaiulia\/wp-content\/uploads\/2025\/03\/1000031002.jpg\" \/>\n<meta name=\"twitter:creator\" content=\"@urbeameaweb\" \/>\n<meta name=\"twitter:site\" content=\"@urbeameaweb\" \/>\n<script type=\"application\/ld+json\" class=\"yoast-schema-graph\">{\"@context\":\"https:\\\/\\\/schema.org\",\"@graph\":[{\"@type\":\"Article\",\"@id\":\"https:\\\/\\\/urbeamea.ro\\\/albaiulia\\\/joi-ora-1800-seratele-bibliotecii-judetene-lucian-blaga-alba-iulia\\\/#article\",\"isPartOf\":{\"@id\":\"https:\\\/\\\/urbeamea.ro\\\/albaiulia\\\/joi-ora-1800-seratele-bibliotecii-judetene-lucian-blaga-alba-iulia\\\/\"},\"author\":{\"name\":\"Giurca Sorin\",\"@id\":\"https:\\\/\\\/urbeamea.ro\\\/albaiulia\\\/#\\\/schema\\\/person\\\/5db3854ac38c1cc9f0ab4092d6a20f02\"},\"headline\":\"Joi, ora 18:00 Seratele Bibliotecii Jude\u021bene &#8222;Lucian Blaga&#8221; Alba Iulia\",\"datePublished\":\"2025-03-13T05:51:37+00:00\",\"dateModified\":\"2025-03-13T05:51:38+00:00\",\"mainEntityOfPage\":{\"@id\":\"https:\\\/\\\/urbeamea.ro\\\/albaiulia\\\/joi-ora-1800-seratele-bibliotecii-judetene-lucian-blaga-alba-iulia\\\/\"},\"wordCount\":297,\"commentCount\":0,\"image\":{\"@id\":\"https:\\\/\\\/urbeamea.ro\\\/albaiulia\\\/joi-ora-1800-seratele-bibliotecii-judetene-lucian-blaga-alba-iulia\\\/#primaryimage\"},\"thumbnailUrl\":\"https:\\\/\\\/urbeamea.ro\\\/albaiulia\\\/wp-content\\\/uploads\\\/2025\\\/03\\\/1000031002.jpg\",\"keywords\":[\"seratele bibliotecii judetene lucian blaga\"],\"articleSection\":[\"Cultur\u0103\",\"Evenimente\",\"Social\",\"\u015etiri Urbane\",\"Urbea Mea\"],\"inLanguage\":\"ro-RO\",\"potentialAction\":[{\"@type\":\"CommentAction\",\"name\":\"Comment\",\"target\":[\"https:\\\/\\\/urbeamea.ro\\\/albaiulia\\\/joi-ora-1800-seratele-bibliotecii-judetene-lucian-blaga-alba-iulia\\\/#respond\"]}]},{\"@type\":\"WebPage\",\"@id\":\"https:\\\/\\\/urbeamea.ro\\\/albaiulia\\\/joi-ora-1800-seratele-bibliotecii-judetene-lucian-blaga-alba-iulia\\\/\",\"url\":\"https:\\\/\\\/urbeamea.ro\\\/albaiulia\\\/joi-ora-1800-seratele-bibliotecii-judetene-lucian-blaga-alba-iulia\\\/\",\"name\":\"Joi, ora 18:00 Seratele Bibliotecii Jude\u021bene \\\"Lucian Blaga\\\" Alba Iulia - Revista Urbea Mea - Revista de Alba\",\"isPartOf\":{\"@id\":\"https:\\\/\\\/urbeamea.ro\\\/albaiulia\\\/#website\"},\"primaryImageOfPage\":{\"@id\":\"https:\\\/\\\/urbeamea.ro\\\/albaiulia\\\/joi-ora-1800-seratele-bibliotecii-judetene-lucian-blaga-alba-iulia\\\/#primaryimage\"},\"image\":{\"@id\":\"https:\\\/\\\/urbeamea.ro\\\/albaiulia\\\/joi-ora-1800-seratele-bibliotecii-judetene-lucian-blaga-alba-iulia\\\/#primaryimage\"},\"thumbnailUrl\":\"https:\\\/\\\/urbeamea.ro\\\/albaiulia\\\/wp-content\\\/uploads\\\/2025\\\/03\\\/1000031002.jpg\",\"datePublished\":\"2025-03-13T05:51:37+00:00\",\"dateModified\":\"2025-03-13T05:51:38+00:00\",\"author\":{\"@id\":\"https:\\\/\\\/urbeamea.ro\\\/albaiulia\\\/#\\\/schema\\\/person\\\/5db3854ac38c1cc9f0ab4092d6a20f02\"},\"description\":\"\u00cenceput \u00een anul 2018, proiectul 3.31 Seratele bibliotecii s-a bucurat de interes larg din partea membrilor comunit\u0103\u021bii. Proiectul aduce \u00een aten\u021bia\",\"breadcrumb\":{\"@id\":\"https:\\\/\\\/urbeamea.ro\\\/albaiulia\\\/joi-ora-1800-seratele-bibliotecii-judetene-lucian-blaga-alba-iulia\\\/#breadcrumb\"},\"inLanguage\":\"ro-RO\",\"potentialAction\":[{\"@type\":\"ReadAction\",\"target\":[\"https:\\\/\\\/urbeamea.ro\\\/albaiulia\\\/joi-ora-1800-seratele-bibliotecii-judetene-lucian-blaga-alba-iulia\\\/\"]}]},{\"@type\":\"ImageObject\",\"inLanguage\":\"ro-RO\",\"@id\":\"https:\\\/\\\/urbeamea.ro\\\/albaiulia\\\/joi-ora-1800-seratele-bibliotecii-judetene-lucian-blaga-alba-iulia\\\/#primaryimage\",\"url\":\"https:\\\/\\\/urbeamea.ro\\\/albaiulia\\\/wp-content\\\/uploads\\\/2025\\\/03\\\/1000031002.jpg\",\"contentUrl\":\"https:\\\/\\\/urbeamea.ro\\\/albaiulia\\\/wp-content\\\/uploads\\\/2025\\\/03\\\/1000031002.jpg\",\"width\":1080,\"height\":1528},{\"@type\":\"BreadcrumbList\",\"@id\":\"https:\\\/\\\/urbeamea.ro\\\/albaiulia\\\/joi-ora-1800-seratele-bibliotecii-judetene-lucian-blaga-alba-iulia\\\/#breadcrumb\",\"itemListElement\":[{\"@type\":\"ListItem\",\"position\":1,\"name\":\"Prima pagin\u0103\",\"item\":\"https:\\\/\\\/urbeamea.ro\\\/albaiulia\\\/\"},{\"@type\":\"ListItem\",\"position\":2,\"name\":\"Joi, ora 18:00 Seratele Bibliotecii Jude\u021bene &#8222;Lucian Blaga&#8221; Alba Iulia\"}]},{\"@type\":\"WebSite\",\"@id\":\"https:\\\/\\\/urbeamea.ro\\\/albaiulia\\\/#website\",\"url\":\"https:\\\/\\\/urbeamea.ro\\\/albaiulia\\\/\",\"name\":\"Revista Urbea Mea, Stiri urbane\",\"description\":\"Evenimente \u0219i \u0219tiri din Alba Iulia, Sebe\u0219, Aiud, Blaj\",\"potentialAction\":[{\"@type\":\"SearchAction\",\"target\":{\"@type\":\"EntryPoint\",\"urlTemplate\":\"https:\\\/\\\/urbeamea.ro\\\/albaiulia\\\/?s={search_term_string}\"},\"query-input\":{\"@type\":\"PropertyValueSpecification\",\"valueRequired\":true,\"valueName\":\"search_term_string\"}}],\"inLanguage\":\"ro-RO\"},{\"@type\":\"Person\",\"@id\":\"https:\\\/\\\/urbeamea.ro\\\/albaiulia\\\/#\\\/schema\\\/person\\\/5db3854ac38c1cc9f0ab4092d6a20f02\",\"name\":\"Giurca Sorin\",\"image\":{\"@type\":\"ImageObject\",\"inLanguage\":\"ro-RO\",\"@id\":\"https:\\\/\\\/secure.gravatar.com\\\/avatar\\\/120f6fcae7b3b47a7730cb9943f612f4909f68ac5284b5f40ac1c4615fd70576?s=96&d=mm&r=g\",\"url\":\"https:\\\/\\\/secure.gravatar.com\\\/avatar\\\/120f6fcae7b3b47a7730cb9943f612f4909f68ac5284b5f40ac1c4615fd70576?s=96&d=mm&r=g\",\"contentUrl\":\"https:\\\/\\\/secure.gravatar.com\\\/avatar\\\/120f6fcae7b3b47a7730cb9943f612f4909f68ac5284b5f40ac1c4615fd70576?s=96&d=mm&r=g\",\"caption\":\"Giurca Sorin\"},\"url\":\"https:\\\/\\\/urbeamea.ro\\\/albaiulia\\\/author\\\/sorin\\\/\"}]}<\/script>\n<!-- \/ Yoast SEO plugin. -->","yoast_head_json":{"title":"Joi, ora 18:00 Seratele Bibliotecii Jude\u021bene \"Lucian Blaga\" Alba Iulia - Revista Urbea Mea - Revista de Alba","description":"\u00cenceput \u00een anul 2018, proiectul 3.31 Seratele bibliotecii s-a bucurat de interes larg din partea membrilor comunit\u0103\u021bii. Proiectul aduce \u00een aten\u021bia","robots":{"index":"index","follow":"follow","max-snippet":"max-snippet:-1","max-image-preview":"max-image-preview:large","max-video-preview":"max-video-preview:-1"},"canonical":"https:\/\/urbeamea.ro\/albaiulia\/joi-ora-1800-seratele-bibliotecii-judetene-lucian-blaga-alba-iulia\/","twitter_card":"summary_large_image","twitter_title":"Joi, ora 18:00 Seratele Bibliotecii Jude\u021bene \"Lucian Blaga\" Alba Iulia - Revista Urbea Mea - Revista de Alba","twitter_description":"\u00cenceput \u00een anul 2018, proiectul 3.31 Seratele bibliotecii s-a bucurat de interes larg din partea membrilor comunit\u0103\u021bii. Proiectul aduce \u00een aten\u021bia","twitter_image":"https:\/\/urbeamea.ro\/albaiulia\/wp-content\/uploads\/2025\/03\/1000031002.jpg","twitter_creator":"@urbeameaweb","twitter_site":"@urbeameaweb","schema":{"@context":"https:\/\/schema.org","@graph":[{"@type":"Article","@id":"https:\/\/urbeamea.ro\/albaiulia\/joi-ora-1800-seratele-bibliotecii-judetene-lucian-blaga-alba-iulia\/#article","isPartOf":{"@id":"https:\/\/urbeamea.ro\/albaiulia\/joi-ora-1800-seratele-bibliotecii-judetene-lucian-blaga-alba-iulia\/"},"author":{"name":"Giurca Sorin","@id":"https:\/\/urbeamea.ro\/albaiulia\/#\/schema\/person\/5db3854ac38c1cc9f0ab4092d6a20f02"},"headline":"Joi, ora 18:00 Seratele Bibliotecii Jude\u021bene &#8222;Lucian Blaga&#8221; Alba Iulia","datePublished":"2025-03-13T05:51:37+00:00","dateModified":"2025-03-13T05:51:38+00:00","mainEntityOfPage":{"@id":"https:\/\/urbeamea.ro\/albaiulia\/joi-ora-1800-seratele-bibliotecii-judetene-lucian-blaga-alba-iulia\/"},"wordCount":297,"commentCount":0,"image":{"@id":"https:\/\/urbeamea.ro\/albaiulia\/joi-ora-1800-seratele-bibliotecii-judetene-lucian-blaga-alba-iulia\/#primaryimage"},"thumbnailUrl":"https:\/\/urbeamea.ro\/albaiulia\/wp-content\/uploads\/2025\/03\/1000031002.jpg","keywords":["seratele bibliotecii judetene lucian blaga"],"articleSection":["Cultur\u0103","Evenimente","Social","\u015etiri Urbane","Urbea Mea"],"inLanguage":"ro-RO","potentialAction":[{"@type":"CommentAction","name":"Comment","target":["https:\/\/urbeamea.ro\/albaiulia\/joi-ora-1800-seratele-bibliotecii-judetene-lucian-blaga-alba-iulia\/#respond"]}]},{"@type":"WebPage","@id":"https:\/\/urbeamea.ro\/albaiulia\/joi-ora-1800-seratele-bibliotecii-judetene-lucian-blaga-alba-iulia\/","url":"https:\/\/urbeamea.ro\/albaiulia\/joi-ora-1800-seratele-bibliotecii-judetene-lucian-blaga-alba-iulia\/","name":"Joi, ora 18:00 Seratele Bibliotecii Jude\u021bene \"Lucian Blaga\" Alba Iulia - Revista Urbea Mea - Revista de Alba","isPartOf":{"@id":"https:\/\/urbeamea.ro\/albaiulia\/#website"},"primaryImageOfPage":{"@id":"https:\/\/urbeamea.ro\/albaiulia\/joi-ora-1800-seratele-bibliotecii-judetene-lucian-blaga-alba-iulia\/#primaryimage"},"image":{"@id":"https:\/\/urbeamea.ro\/albaiulia\/joi-ora-1800-seratele-bibliotecii-judetene-lucian-blaga-alba-iulia\/#primaryimage"},"thumbnailUrl":"https:\/\/urbeamea.ro\/albaiulia\/wp-content\/uploads\/2025\/03\/1000031002.jpg","datePublished":"2025-03-13T05:51:37+00:00","dateModified":"2025-03-13T05:51:38+00:00","author":{"@id":"https:\/\/urbeamea.ro\/albaiulia\/#\/schema\/person\/5db3854ac38c1cc9f0ab4092d6a20f02"},"description":"\u00cenceput \u00een anul 2018, proiectul 3.31 Seratele bibliotecii s-a bucurat de interes larg din partea membrilor comunit\u0103\u021bii. Proiectul aduce \u00een aten\u021bia","breadcrumb":{"@id":"https:\/\/urbeamea.ro\/albaiulia\/joi-ora-1800-seratele-bibliotecii-judetene-lucian-blaga-alba-iulia\/#breadcrumb"},"inLanguage":"ro-RO","potentialAction":[{"@type":"ReadAction","target":["https:\/\/urbeamea.ro\/albaiulia\/joi-ora-1800-seratele-bibliotecii-judetene-lucian-blaga-alba-iulia\/"]}]},{"@type":"ImageObject","inLanguage":"ro-RO","@id":"https:\/\/urbeamea.ro\/albaiulia\/joi-ora-1800-seratele-bibliotecii-judetene-lucian-blaga-alba-iulia\/#primaryimage","url":"https:\/\/urbeamea.ro\/albaiulia\/wp-content\/uploads\/2025\/03\/1000031002.jpg","contentUrl":"https:\/\/urbeamea.ro\/albaiulia\/wp-content\/uploads\/2025\/03\/1000031002.jpg","width":1080,"height":1528},{"@type":"BreadcrumbList","@id":"https:\/\/urbeamea.ro\/albaiulia\/joi-ora-1800-seratele-bibliotecii-judetene-lucian-blaga-alba-iulia\/#breadcrumb","itemListElement":[{"@type":"ListItem","position":1,"name":"Prima pagin\u0103","item":"https:\/\/urbeamea.ro\/albaiulia\/"},{"@type":"ListItem","position":2,"name":"Joi, ora 18:00 Seratele Bibliotecii Jude\u021bene &#8222;Lucian Blaga&#8221; Alba Iulia"}]},{"@type":"WebSite","@id":"https:\/\/urbeamea.ro\/albaiulia\/#website","url":"https:\/\/urbeamea.ro\/albaiulia\/","name":"Revista Urbea Mea, Stiri urbane","description":"Evenimente \u0219i \u0219tiri din Alba Iulia, Sebe\u0219, Aiud, Blaj","potentialAction":[{"@type":"SearchAction","target":{"@type":"EntryPoint","urlTemplate":"https:\/\/urbeamea.ro\/albaiulia\/?s={search_term_string}"},"query-input":{"@type":"PropertyValueSpecification","valueRequired":true,"valueName":"search_term_string"}}],"inLanguage":"ro-RO"},{"@type":"Person","@id":"https:\/\/urbeamea.ro\/albaiulia\/#\/schema\/person\/5db3854ac38c1cc9f0ab4092d6a20f02","name":"Giurca Sorin","image":{"@type":"ImageObject","inLanguage":"ro-RO","@id":"https:\/\/secure.gravatar.com\/avatar\/120f6fcae7b3b47a7730cb9943f612f4909f68ac5284b5f40ac1c4615fd70576?s=96&d=mm&r=g","url":"https:\/\/secure.gravatar.com\/avatar\/120f6fcae7b3b47a7730cb9943f612f4909f68ac5284b5f40ac1c4615fd70576?s=96&d=mm&r=g","contentUrl":"https:\/\/secure.gravatar.com\/avatar\/120f6fcae7b3b47a7730cb9943f612f4909f68ac5284b5f40ac1c4615fd70576?s=96&d=mm&r=g","caption":"Giurca Sorin"},"url":"https:\/\/urbeamea.ro\/albaiulia\/author\/sorin\/"}]}},"_links":{"self":[{"href":"https:\/\/urbeamea.ro\/albaiulia\/wp-json\/wp\/v2\/posts\/116679","targetHints":{"allow":["GET"]}}],"collection":[{"href":"https:\/\/urbeamea.ro\/albaiulia\/wp-json\/wp\/v2\/posts"}],"about":[{"href":"https:\/\/urbeamea.ro\/albaiulia\/wp-json\/wp\/v2\/types\/post"}],"author":[{"embeddable":true,"href":"https:\/\/urbeamea.ro\/albaiulia\/wp-json\/wp\/v2\/users\/28"}],"replies":[{"embeddable":true,"href":"https:\/\/urbeamea.ro\/albaiulia\/wp-json\/wp\/v2\/comments?post=116679"}],"version-history":[{"count":1,"href":"https:\/\/urbeamea.ro\/albaiulia\/wp-json\/wp\/v2\/posts\/116679\/revisions"}],"predecessor-version":[{"id":116681,"href":"https:\/\/urbeamea.ro\/albaiulia\/wp-json\/wp\/v2\/posts\/116679\/revisions\/116681"}],"wp:featuredmedia":[{"embeddable":true,"href":"https:\/\/urbeamea.ro\/albaiulia\/wp-json\/wp\/v2\/media\/116680"}],"wp:attachment":[{"href":"https:\/\/urbeamea.ro\/albaiulia\/wp-json\/wp\/v2\/media?parent=116679"}],"wp:term":[{"taxonomy":"category","embeddable":true,"href":"https:\/\/urbeamea.ro\/albaiulia\/wp-json\/wp\/v2\/categories?post=116679"},{"taxonomy":"post_tag","embeddable":true,"href":"https:\/\/urbeamea.ro\/albaiulia\/wp-json\/wp\/v2\/tags?post=116679"}],"curies":[{"name":"wp","href":"https:\/\/api.w.org\/{rel}","templated":true}]}}