{"id":116682,"date":"2025-03-13T08:03:15","date_gmt":"2025-03-13T06:03:15","guid":{"rendered":"https:\/\/urbeamea.ro\/albaiulia\/?p=116682"},"modified":"2025-03-13T08:03:16","modified_gmt":"2025-03-13T06:03:16","slug":"sala-de-sport-moderna-dedicata-activitatilor-didactice-la-petresti","status":"publish","type":"post","link":"https:\/\/urbeamea.ro\/albaiulia\/sala-de-sport-moderna-dedicata-activitatilor-didactice-la-petresti\/","title":{"rendered":"Sal\u0103 de sport modern\u0103 dedicat\u0103 activit\u0103\u021bilor didactice la Petre\u0219ti"},"content":{"rendered":"\n<p><strong>Miercuri, au fost recep\u021bionate lucr\u0103rile la noua sal\u0103 de sport din Petre\u0219ti<\/strong>.<\/p>\n\n\n\n<p>Sal\u0103 are o capacitate de 200 de locuri, tribuna electronic\u0103, vestiare \u0219i grupuri sanitare.<\/p>\n\n\n\n<p>Anun\u021bul a fost f\u0103cut de c\u0103tre primarul municipiului Sebe\u0219, Dorin Nistor, prin intermediul paginii de socializare.<\/p>\n\n\n\n<p>&#8222;Ast\u0103zi a fost recep\u021bionat\u0103 noua sal\u0103 de sport din Petre\u0219ti, construit\u0103 gra\u021bie unei finan\u021b\u0103ri nerambursabile ob\u021binute de Prim\u0103ria Municipiului Sebe\u0219 din Programul Opera\u021bional Regional 2014-2020. <\/p>\n\n\n\n<p>Valoarea total\u0103 a obiectivului de investi\u021bii dep\u0103\u0219e\u0219te 9 milioane de lei. <\/p>\n\n\n\n<p>Principalii beneficiari vor fi elevii care studiaz\u0103 la \u0218coala Gimnazial\u0103 din Petre\u0219ti. <\/p>\n\n\n\n<p>\u00cen afara orelor de curs, sala poate r\u0103spunde solicit\u0103rilor cet\u0103\u021benilor interesa\u021bi de activit\u0103\u021bi sportive.<br><\/p>\n\n\n\n<p>Cl\u0103direa cu destina\u021bia de sal\u0103 de sport are o suprafa\u021b\u0103 de 1402 metri p\u0103tra\u021bi \u0219i va asigura spa\u021bii pentru desf\u0103\u0219urarea activit\u0103\u021bilor sportive din programa \u0219colar\u0103, precum \u0219i alte activit\u0103\u021bi de profil (antrenamente, \u00eentreceri sportive, festivit\u0103\u021bi \u0219colare).<\/p>\n\n\n\n<p> Sala beneficiaz\u0103 de tabel\u0103 electronic\u0103 \u0219i este prev\u0103zut\u0103 cu facilit\u0103\u021bi pentru practicarea mai multor sporturi: handbal, volei, baschet etc. Tribunele au capacitatea de 200 de locuri.<br><\/p>\n\n\n\n<p>Accesul \u00een cl\u0103dire se face din strada Decebal. Compartimentarea spa\u021biilor s-a realizat \u021bin\u00e2nd cont de necesitatea rezultat\u0103 din profilul activit\u0103\u021bilor care se vor desf\u0103\u0219ura, astfel: sal\u0103 sport, hol, central\u0103 termic\u0103, vestiare \u0219i grupuri sanitare, sal\u0103 profesoral\u0103. <\/p>\n\n\n\n<p>\u00cenc\u0103perile au fost mobilate cu mobilier specific \u0219i sunt dotate corespunz\u0103tor, \u00een func\u021bie de destina\u021bie. <\/p>\n\n\n\n<p>La sala de sport, pardoseala este construit\u0103 din PVC cu amortizare, iar zonele destinate spectatorilor au structur\u0103 metalic\u0103 peste care au fost montate gradene de lemn. <\/p>\n\n\n\n<p>Pere\u021bii s\u0103lii sunt prev\u0103zu\u021bi la interior cu plas\u0103 de protec\u021bie.<br><\/p>\n\n\n\n<p>\u00cen zona limitrof\u0103 construc\u021biei au fost amenajate spa\u021bii verzi, unde se vor planta arbori, arbu\u0219ti \u0219i flori perene. <\/p>\n\n\n\n<figure class=\"wp-block-gallery has-nested-images columns-default is-cropped wp-block-gallery-1 is-layout-flex wp-block-gallery-is-layout-flex\">\n<figure class=\"wp-block-image size-large\"><img loading=\"lazy\" decoding=\"async\" width=\"960\" height=\"1280\" data-id=\"116683\" src=\"https:\/\/urbeamea.ro\/albaiulia\/wp-content\/uploads\/2025\/03\/1000031005-960x1280.jpg\" alt=\"\" class=\"wp-image-116683\" srcset=\"https:\/\/urbeamea.ro\/albaiulia\/wp-content\/uploads\/2025\/03\/1000031005-960x1280.jpg 960w, https:\/\/urbeamea.ro\/albaiulia\/wp-content\/uploads\/2025\/03\/1000031005-480x640.jpg 480w, https:\/\/urbeamea.ro\/albaiulia\/wp-content\/uploads\/2025\/03\/1000031005-113x150.jpg 113w, https:\/\/urbeamea.ro\/albaiulia\/wp-content\/uploads\/2025\/03\/1000031005-768x1024.jpg 768w, https:\/\/urbeamea.ro\/albaiulia\/wp-content\/uploads\/2025\/03\/1000031005.jpg 1080w\" sizes=\"auto, (max-width: 960px) 100vw, 960px\" \/><\/figure>\n\n\n\n<figure class=\"wp-block-image size-large\"><img loading=\"lazy\" decoding=\"async\" width=\"963\" height=\"1280\" data-id=\"116685\" src=\"https:\/\/urbeamea.ro\/albaiulia\/wp-content\/uploads\/2025\/03\/1000031006-963x1280.jpg\" alt=\"\" class=\"wp-image-116685\" srcset=\"https:\/\/urbeamea.ro\/albaiulia\/wp-content\/uploads\/2025\/03\/1000031006-963x1280.jpg 963w, https:\/\/urbeamea.ro\/albaiulia\/wp-content\/uploads\/2025\/03\/1000031006-482x640.jpg 482w, https:\/\/urbeamea.ro\/albaiulia\/wp-content\/uploads\/2025\/03\/1000031006-113x150.jpg 113w, https:\/\/urbeamea.ro\/albaiulia\/wp-content\/uploads\/2025\/03\/1000031006-768x1020.jpg 768w, https:\/\/urbeamea.ro\/albaiulia\/wp-content\/uploads\/2025\/03\/1000031006.jpg 1080w\" sizes=\"auto, (max-width: 963px) 100vw, 963px\" \/><\/figure>\n\n\n\n<figure class=\"wp-block-image size-large\"><img loading=\"lazy\" decoding=\"async\" width=\"1080\" height=\"923\" data-id=\"116684\" src=\"https:\/\/urbeamea.ro\/albaiulia\/wp-content\/uploads\/2025\/03\/1000031007.jpg\" alt=\"\" class=\"wp-image-116684\" srcset=\"https:\/\/urbeamea.ro\/albaiulia\/wp-content\/uploads\/2025\/03\/1000031007.jpg 1080w, https:\/\/urbeamea.ro\/albaiulia\/wp-content\/uploads\/2025\/03\/1000031007-640x547.jpg 640w, https:\/\/urbeamea.ro\/albaiulia\/wp-content\/uploads\/2025\/03\/1000031007-150x128.jpg 150w, https:\/\/urbeamea.ro\/albaiulia\/wp-content\/uploads\/2025\/03\/1000031007-768x656.jpg 768w\" sizes=\"auto, (max-width: 1080px) 100vw, 1080px\" \/><\/figure>\n\n\n\n<figure class=\"wp-block-image size-large\"><img loading=\"lazy\" decoding=\"async\" width=\"1080\" height=\"1232\" data-id=\"116687\" src=\"https:\/\/urbeamea.ro\/albaiulia\/wp-content\/uploads\/2025\/03\/1000031003.jpg\" alt=\"\" class=\"wp-image-116687\" srcset=\"https:\/\/urbeamea.ro\/albaiulia\/wp-content\/uploads\/2025\/03\/1000031003.jpg 1080w, https:\/\/urbeamea.ro\/albaiulia\/wp-content\/uploads\/2025\/03\/1000031003-561x640.jpg 561w, https:\/\/urbeamea.ro\/albaiulia\/wp-content\/uploads\/2025\/03\/1000031003-131x150.jpg 131w, https:\/\/urbeamea.ro\/albaiulia\/wp-content\/uploads\/2025\/03\/1000031003-768x876.jpg 768w\" sizes=\"auto, (max-width: 1080px) 100vw, 1080px\" \/><\/figure>\n\n\n\n<figure class=\"wp-block-image size-large\"><img loading=\"lazy\" decoding=\"async\" width=\"960\" height=\"1280\" data-id=\"116689\" src=\"https:\/\/urbeamea.ro\/albaiulia\/wp-content\/uploads\/2025\/03\/1000031004-960x1280.jpg\" alt=\"\" class=\"wp-image-116689\" srcset=\"https:\/\/urbeamea.ro\/albaiulia\/wp-content\/uploads\/2025\/03\/1000031004-960x1280.jpg 960w, https:\/\/urbeamea.ro\/albaiulia\/wp-content\/uploads\/2025\/03\/1000031004-480x640.jpg 480w, https:\/\/urbeamea.ro\/albaiulia\/wp-content\/uploads\/2025\/03\/1000031004-113x150.jpg 113w, https:\/\/urbeamea.ro\/albaiulia\/wp-content\/uploads\/2025\/03\/1000031004-768x1024.jpg 768w, https:\/\/urbeamea.ro\/albaiulia\/wp-content\/uploads\/2025\/03\/1000031004.jpg 1080w\" sizes=\"auto, (max-width: 960px) 100vw, 960px\" \/><\/figure>\n\n\n\n<figure class=\"wp-block-image size-large\"><img loading=\"lazy\" decoding=\"async\" width=\"963\" height=\"1280\" data-id=\"116686\" src=\"https:\/\/urbeamea.ro\/albaiulia\/wp-content\/uploads\/2025\/03\/1000031010-963x1280.jpg\" alt=\"\" class=\"wp-image-116686\" srcset=\"https:\/\/urbeamea.ro\/albaiulia\/wp-content\/uploads\/2025\/03\/1000031010-963x1280.jpg 963w, https:\/\/urbeamea.ro\/albaiulia\/wp-content\/uploads\/2025\/03\/1000031010-482x640.jpg 482w, https:\/\/urbeamea.ro\/albaiulia\/wp-content\/uploads\/2025\/03\/1000031010-113x150.jpg 113w, https:\/\/urbeamea.ro\/albaiulia\/wp-content\/uploads\/2025\/03\/1000031010-768x1020.jpg 768w, https:\/\/urbeamea.ro\/albaiulia\/wp-content\/uploads\/2025\/03\/1000031010.jpg 1080w\" sizes=\"auto, (max-width: 963px) 100vw, 963px\" \/><\/figure>\n\n\n\n<figure class=\"wp-block-image size-large\"><img loading=\"lazy\" decoding=\"async\" width=\"960\" height=\"1280\" data-id=\"116688\" src=\"https:\/\/urbeamea.ro\/albaiulia\/wp-content\/uploads\/2025\/03\/1000031009-960x1280.jpg\" alt=\"\" class=\"wp-image-116688\" srcset=\"https:\/\/urbeamea.ro\/albaiulia\/wp-content\/uploads\/2025\/03\/1000031009-960x1280.jpg 960w, https:\/\/urbeamea.ro\/albaiulia\/wp-content\/uploads\/2025\/03\/1000031009-480x640.jpg 480w, https:\/\/urbeamea.ro\/albaiulia\/wp-content\/uploads\/2025\/03\/1000031009-113x150.jpg 113w, https:\/\/urbeamea.ro\/albaiulia\/wp-content\/uploads\/2025\/03\/1000031009-768x1024.jpg 768w, https:\/\/urbeamea.ro\/albaiulia\/wp-content\/uploads\/2025\/03\/1000031009.jpg 1080w\" sizes=\"auto, (max-width: 960px) 100vw, 960px\" \/><\/figure>\n\n\n\n<figure class=\"wp-block-image size-large\"><img loading=\"lazy\" decoding=\"async\" width=\"964\" height=\"1280\" data-id=\"116690\" src=\"https:\/\/urbeamea.ro\/albaiulia\/wp-content\/uploads\/2025\/03\/1000031008-964x1280.jpg\" alt=\"\" class=\"wp-image-116690\" srcset=\"https:\/\/urbeamea.ro\/albaiulia\/wp-content\/uploads\/2025\/03\/1000031008-964x1280.jpg 964w, https:\/\/urbeamea.ro\/albaiulia\/wp-content\/uploads\/2025\/03\/1000031008-482x640.jpg 482w, https:\/\/urbeamea.ro\/albaiulia\/wp-content\/uploads\/2025\/03\/1000031008-113x150.jpg 113w, https:\/\/urbeamea.ro\/albaiulia\/wp-content\/uploads\/2025\/03\/1000031008-768x1020.jpg 768w, https:\/\/urbeamea.ro\/albaiulia\/wp-content\/uploads\/2025\/03\/1000031008.jpg 1080w\" sizes=\"auto, (max-width: 964px) 100vw, 964px\" \/><\/figure>\n<\/figure>\n\n\n\n<p><\/p>\n","protected":false},"excerpt":{"rendered":"<p>Miercuri, au fost recep\u021bionate lucr\u0103rile la noua sal\u0103 de sport din Petre\u0219ti. Sal\u0103 are o capacitate de 200 de locuri, tribuna electronic\u0103, vestiare \u0219i grupuri sanitare. Anun\u021bul a fost f\u0103cut de c\u0103tre primarul municipiului Sebe\u0219, Dorin Nistor, prin intermediul paginii de socializare. &#8222;Ast\u0103zi a fost recep\u021bionat\u0103 noua sal\u0103 de sport din Petre\u0219ti, construit\u0103 gra\u021bie unei &hellip;<\/p>\n","protected":false},"author":28,"featured_media":116684,"comment_status":"open","ping_status":"open","sticky":false,"template":"","format":"standard","meta":{"inline_featured_image":false,"footnotes":""},"categories":[2035,2039,2034,1,16344],"tags":[25161,25237],"class_list":["post-116682","post","type-post","status-publish","format-standard","has-post-thumbnail","hentry","category-administratie","category-educatie","category-social","category-stiri-urbane","category-urbea-mea","tag-petresti-2","tag-sala-de-sport-2"],"yoast_head":"<!-- This site is optimized with the Yoast SEO plugin v27.4 - https:\/\/yoast.com\/product\/yoast-seo-wordpress\/ -->\n<title>Sal\u0103 de sport modern\u0103 dedicat\u0103 activit\u0103\u021bilor didactice la Petre\u0219ti - Revista Urbea Mea - Revista de Alba<\/title>\n<meta name=\"description\" content=\"Miercuri, au fost recep\u021bionate lucr\u0103rile la noua sal\u0103 de sport din Petre\u0219ti. Sal\u0103 are o capacitate de 200 de locuri, tribuna electronic\u0103, vestiare \u0219i\" \/>\n<meta name=\"robots\" content=\"index, follow, max-snippet:-1, max-image-preview:large, max-video-preview:-1\" \/>\n<link rel=\"canonical\" href=\"https:\/\/urbeamea.ro\/albaiulia\/sala-de-sport-moderna-dedicata-activitatilor-didactice-la-petresti\/\" \/>\n<meta name=\"twitter:card\" content=\"summary_large_image\" \/>\n<meta name=\"twitter:title\" content=\"Sal\u0103 de sport modern\u0103 dedicat\u0103 activit\u0103\u021bilor didactice la Petre\u0219ti - Revista Urbea Mea - Revista de Alba\" \/>\n<meta name=\"twitter:description\" content=\"Miercuri, au fost recep\u021bionate lucr\u0103rile la noua sal\u0103 de sport din Petre\u0219ti. Sal\u0103 are o capacitate de 200 de locuri, tribuna electronic\u0103, vestiare \u0219i\" \/>\n<meta name=\"twitter:image\" content=\"https:\/\/urbeamea.ro\/albaiulia\/wp-content\/uploads\/2025\/03\/1000031007.jpg\" \/>\n<meta name=\"twitter:creator\" content=\"@urbeameaweb\" \/>\n<meta name=\"twitter:site\" content=\"@urbeameaweb\" \/>\n<script type=\"application\/ld+json\" class=\"yoast-schema-graph\">{\"@context\":\"https:\\\/\\\/schema.org\",\"@graph\":[{\"@type\":\"Article\",\"@id\":\"https:\\\/\\\/urbeamea.ro\\\/albaiulia\\\/sala-de-sport-moderna-dedicata-activitatilor-didactice-la-petresti\\\/#article\",\"isPartOf\":{\"@id\":\"https:\\\/\\\/urbeamea.ro\\\/albaiulia\\\/sala-de-sport-moderna-dedicata-activitatilor-didactice-la-petresti\\\/\"},\"author\":{\"name\":\"Giurca Sorin\",\"@id\":\"https:\\\/\\\/urbeamea.ro\\\/albaiulia\\\/#\\\/schema\\\/person\\\/5db3854ac38c1cc9f0ab4092d6a20f02\"},\"headline\":\"Sal\u0103 de sport modern\u0103 dedicat\u0103 activit\u0103\u021bilor didactice la Petre\u0219ti\",\"datePublished\":\"2025-03-13T06:03:15+00:00\",\"dateModified\":\"2025-03-13T06:03:16+00:00\",\"mainEntityOfPage\":{\"@id\":\"https:\\\/\\\/urbeamea.ro\\\/albaiulia\\\/sala-de-sport-moderna-dedicata-activitatilor-didactice-la-petresti\\\/\"},\"wordCount\":329,\"commentCount\":0,\"image\":{\"@id\":\"https:\\\/\\\/urbeamea.ro\\\/albaiulia\\\/sala-de-sport-moderna-dedicata-activitatilor-didactice-la-petresti\\\/#primaryimage\"},\"thumbnailUrl\":\"https:\\\/\\\/urbeamea.ro\\\/albaiulia\\\/wp-content\\\/uploads\\\/2025\\\/03\\\/1000031007.jpg\",\"keywords\":[\"Petre\u0219ti\",\"Sal\u0103 de sport\"],\"articleSection\":[\"Administra\u021bie\",\"Educa\u021bie\",\"Social\",\"\u015etiri Urbane\",\"Urbea Mea\"],\"inLanguage\":\"ro-RO\",\"potentialAction\":[{\"@type\":\"CommentAction\",\"name\":\"Comment\",\"target\":[\"https:\\\/\\\/urbeamea.ro\\\/albaiulia\\\/sala-de-sport-moderna-dedicata-activitatilor-didactice-la-petresti\\\/#respond\"]}]},{\"@type\":\"WebPage\",\"@id\":\"https:\\\/\\\/urbeamea.ro\\\/albaiulia\\\/sala-de-sport-moderna-dedicata-activitatilor-didactice-la-petresti\\\/\",\"url\":\"https:\\\/\\\/urbeamea.ro\\\/albaiulia\\\/sala-de-sport-moderna-dedicata-activitatilor-didactice-la-petresti\\\/\",\"name\":\"Sal\u0103 de sport modern\u0103 dedicat\u0103 activit\u0103\u021bilor didactice la Petre\u0219ti - Revista Urbea Mea - Revista de Alba\",\"isPartOf\":{\"@id\":\"https:\\\/\\\/urbeamea.ro\\\/albaiulia\\\/#website\"},\"primaryImageOfPage\":{\"@id\":\"https:\\\/\\\/urbeamea.ro\\\/albaiulia\\\/sala-de-sport-moderna-dedicata-activitatilor-didactice-la-petresti\\\/#primaryimage\"},\"image\":{\"@id\":\"https:\\\/\\\/urbeamea.ro\\\/albaiulia\\\/sala-de-sport-moderna-dedicata-activitatilor-didactice-la-petresti\\\/#primaryimage\"},\"thumbnailUrl\":\"https:\\\/\\\/urbeamea.ro\\\/albaiulia\\\/wp-content\\\/uploads\\\/2025\\\/03\\\/1000031007.jpg\",\"datePublished\":\"2025-03-13T06:03:15+00:00\",\"dateModified\":\"2025-03-13T06:03:16+00:00\",\"author\":{\"@id\":\"https:\\\/\\\/urbeamea.ro\\\/albaiulia\\\/#\\\/schema\\\/person\\\/5db3854ac38c1cc9f0ab4092d6a20f02\"},\"description\":\"Miercuri, au fost recep\u021bionate lucr\u0103rile la noua sal\u0103 de sport din Petre\u0219ti. Sal\u0103 are o capacitate de 200 de locuri, tribuna electronic\u0103, vestiare \u0219i\",\"breadcrumb\":{\"@id\":\"https:\\\/\\\/urbeamea.ro\\\/albaiulia\\\/sala-de-sport-moderna-dedicata-activitatilor-didactice-la-petresti\\\/#breadcrumb\"},\"inLanguage\":\"ro-RO\",\"potentialAction\":[{\"@type\":\"ReadAction\",\"target\":[\"https:\\\/\\\/urbeamea.ro\\\/albaiulia\\\/sala-de-sport-moderna-dedicata-activitatilor-didactice-la-petresti\\\/\"]}]},{\"@type\":\"ImageObject\",\"inLanguage\":\"ro-RO\",\"@id\":\"https:\\\/\\\/urbeamea.ro\\\/albaiulia\\\/sala-de-sport-moderna-dedicata-activitatilor-didactice-la-petresti\\\/#primaryimage\",\"url\":\"https:\\\/\\\/urbeamea.ro\\\/albaiulia\\\/wp-content\\\/uploads\\\/2025\\\/03\\\/1000031007.jpg\",\"contentUrl\":\"https:\\\/\\\/urbeamea.ro\\\/albaiulia\\\/wp-content\\\/uploads\\\/2025\\\/03\\\/1000031007.jpg\",\"width\":1080,\"height\":923},{\"@type\":\"BreadcrumbList\",\"@id\":\"https:\\\/\\\/urbeamea.ro\\\/albaiulia\\\/sala-de-sport-moderna-dedicata-activitatilor-didactice-la-petresti\\\/#breadcrumb\",\"itemListElement\":[{\"@type\":\"ListItem\",\"position\":1,\"name\":\"Prima pagin\u0103\",\"item\":\"https:\\\/\\\/urbeamea.ro\\\/albaiulia\\\/\"},{\"@type\":\"ListItem\",\"position\":2,\"name\":\"Sal\u0103 de sport modern\u0103 dedicat\u0103 activit\u0103\u021bilor didactice la Petre\u0219ti\"}]},{\"@type\":\"WebSite\",\"@id\":\"https:\\\/\\\/urbeamea.ro\\\/albaiulia\\\/#website\",\"url\":\"https:\\\/\\\/urbeamea.ro\\\/albaiulia\\\/\",\"name\":\"Revista Urbea Mea, Stiri urbane\",\"description\":\"Evenimente \u0219i \u0219tiri din Alba Iulia, Sebe\u0219, Aiud, Blaj\",\"potentialAction\":[{\"@type\":\"SearchAction\",\"target\":{\"@type\":\"EntryPoint\",\"urlTemplate\":\"https:\\\/\\\/urbeamea.ro\\\/albaiulia\\\/?s={search_term_string}\"},\"query-input\":{\"@type\":\"PropertyValueSpecification\",\"valueRequired\":true,\"valueName\":\"search_term_string\"}}],\"inLanguage\":\"ro-RO\"},{\"@type\":\"Person\",\"@id\":\"https:\\\/\\\/urbeamea.ro\\\/albaiulia\\\/#\\\/schema\\\/person\\\/5db3854ac38c1cc9f0ab4092d6a20f02\",\"name\":\"Giurca Sorin\",\"image\":{\"@type\":\"ImageObject\",\"inLanguage\":\"ro-RO\",\"@id\":\"https:\\\/\\\/secure.gravatar.com\\\/avatar\\\/120f6fcae7b3b47a7730cb9943f612f4909f68ac5284b5f40ac1c4615fd70576?s=96&d=mm&r=g\",\"url\":\"https:\\\/\\\/secure.gravatar.com\\\/avatar\\\/120f6fcae7b3b47a7730cb9943f612f4909f68ac5284b5f40ac1c4615fd70576?s=96&d=mm&r=g\",\"contentUrl\":\"https:\\\/\\\/secure.gravatar.com\\\/avatar\\\/120f6fcae7b3b47a7730cb9943f612f4909f68ac5284b5f40ac1c4615fd70576?s=96&d=mm&r=g\",\"caption\":\"Giurca Sorin\"},\"url\":\"https:\\\/\\\/urbeamea.ro\\\/albaiulia\\\/author\\\/sorin\\\/\"}]}<\/script>\n<!-- \/ Yoast SEO plugin. -->","yoast_head_json":{"title":"Sal\u0103 de sport modern\u0103 dedicat\u0103 activit\u0103\u021bilor didactice la Petre\u0219ti - Revista Urbea Mea - Revista de Alba","description":"Miercuri, au fost recep\u021bionate lucr\u0103rile la noua sal\u0103 de sport din Petre\u0219ti. Sal\u0103 are o capacitate de 200 de locuri, tribuna electronic\u0103, vestiare \u0219i","robots":{"index":"index","follow":"follow","max-snippet":"max-snippet:-1","max-image-preview":"max-image-preview:large","max-video-preview":"max-video-preview:-1"},"canonical":"https:\/\/urbeamea.ro\/albaiulia\/sala-de-sport-moderna-dedicata-activitatilor-didactice-la-petresti\/","twitter_card":"summary_large_image","twitter_title":"Sal\u0103 de sport modern\u0103 dedicat\u0103 activit\u0103\u021bilor didactice la Petre\u0219ti - Revista Urbea Mea - Revista de Alba","twitter_description":"Miercuri, au fost recep\u021bionate lucr\u0103rile la noua sal\u0103 de sport din Petre\u0219ti. Sal\u0103 are o capacitate de 200 de locuri, tribuna electronic\u0103, vestiare \u0219i","twitter_image":"https:\/\/urbeamea.ro\/albaiulia\/wp-content\/uploads\/2025\/03\/1000031007.jpg","twitter_creator":"@urbeameaweb","twitter_site":"@urbeameaweb","schema":{"@context":"https:\/\/schema.org","@graph":[{"@type":"Article","@id":"https:\/\/urbeamea.ro\/albaiulia\/sala-de-sport-moderna-dedicata-activitatilor-didactice-la-petresti\/#article","isPartOf":{"@id":"https:\/\/urbeamea.ro\/albaiulia\/sala-de-sport-moderna-dedicata-activitatilor-didactice-la-petresti\/"},"author":{"name":"Giurca Sorin","@id":"https:\/\/urbeamea.ro\/albaiulia\/#\/schema\/person\/5db3854ac38c1cc9f0ab4092d6a20f02"},"headline":"Sal\u0103 de sport modern\u0103 dedicat\u0103 activit\u0103\u021bilor didactice la Petre\u0219ti","datePublished":"2025-03-13T06:03:15+00:00","dateModified":"2025-03-13T06:03:16+00:00","mainEntityOfPage":{"@id":"https:\/\/urbeamea.ro\/albaiulia\/sala-de-sport-moderna-dedicata-activitatilor-didactice-la-petresti\/"},"wordCount":329,"commentCount":0,"image":{"@id":"https:\/\/urbeamea.ro\/albaiulia\/sala-de-sport-moderna-dedicata-activitatilor-didactice-la-petresti\/#primaryimage"},"thumbnailUrl":"https:\/\/urbeamea.ro\/albaiulia\/wp-content\/uploads\/2025\/03\/1000031007.jpg","keywords":["Petre\u0219ti","Sal\u0103 de sport"],"articleSection":["Administra\u021bie","Educa\u021bie","Social","\u015etiri Urbane","Urbea Mea"],"inLanguage":"ro-RO","potentialAction":[{"@type":"CommentAction","name":"Comment","target":["https:\/\/urbeamea.ro\/albaiulia\/sala-de-sport-moderna-dedicata-activitatilor-didactice-la-petresti\/#respond"]}]},{"@type":"WebPage","@id":"https:\/\/urbeamea.ro\/albaiulia\/sala-de-sport-moderna-dedicata-activitatilor-didactice-la-petresti\/","url":"https:\/\/urbeamea.ro\/albaiulia\/sala-de-sport-moderna-dedicata-activitatilor-didactice-la-petresti\/","name":"Sal\u0103 de sport modern\u0103 dedicat\u0103 activit\u0103\u021bilor didactice la Petre\u0219ti - Revista Urbea Mea - Revista de Alba","isPartOf":{"@id":"https:\/\/urbeamea.ro\/albaiulia\/#website"},"primaryImageOfPage":{"@id":"https:\/\/urbeamea.ro\/albaiulia\/sala-de-sport-moderna-dedicata-activitatilor-didactice-la-petresti\/#primaryimage"},"image":{"@id":"https:\/\/urbeamea.ro\/albaiulia\/sala-de-sport-moderna-dedicata-activitatilor-didactice-la-petresti\/#primaryimage"},"thumbnailUrl":"https:\/\/urbeamea.ro\/albaiulia\/wp-content\/uploads\/2025\/03\/1000031007.jpg","datePublished":"2025-03-13T06:03:15+00:00","dateModified":"2025-03-13T06:03:16+00:00","author":{"@id":"https:\/\/urbeamea.ro\/albaiulia\/#\/schema\/person\/5db3854ac38c1cc9f0ab4092d6a20f02"},"description":"Miercuri, au fost recep\u021bionate lucr\u0103rile la noua sal\u0103 de sport din Petre\u0219ti. Sal\u0103 are o capacitate de 200 de locuri, tribuna electronic\u0103, vestiare \u0219i","breadcrumb":{"@id":"https:\/\/urbeamea.ro\/albaiulia\/sala-de-sport-moderna-dedicata-activitatilor-didactice-la-petresti\/#breadcrumb"},"inLanguage":"ro-RO","potentialAction":[{"@type":"ReadAction","target":["https:\/\/urbeamea.ro\/albaiulia\/sala-de-sport-moderna-dedicata-activitatilor-didactice-la-petresti\/"]}]},{"@type":"ImageObject","inLanguage":"ro-RO","@id":"https:\/\/urbeamea.ro\/albaiulia\/sala-de-sport-moderna-dedicata-activitatilor-didactice-la-petresti\/#primaryimage","url":"https:\/\/urbeamea.ro\/albaiulia\/wp-content\/uploads\/2025\/03\/1000031007.jpg","contentUrl":"https:\/\/urbeamea.ro\/albaiulia\/wp-content\/uploads\/2025\/03\/1000031007.jpg","width":1080,"height":923},{"@type":"BreadcrumbList","@id":"https:\/\/urbeamea.ro\/albaiulia\/sala-de-sport-moderna-dedicata-activitatilor-didactice-la-petresti\/#breadcrumb","itemListElement":[{"@type":"ListItem","position":1,"name":"Prima pagin\u0103","item":"https:\/\/urbeamea.ro\/albaiulia\/"},{"@type":"ListItem","position":2,"name":"Sal\u0103 de sport modern\u0103 dedicat\u0103 activit\u0103\u021bilor didactice la Petre\u0219ti"}]},{"@type":"WebSite","@id":"https:\/\/urbeamea.ro\/albaiulia\/#website","url":"https:\/\/urbeamea.ro\/albaiulia\/","name":"Revista Urbea Mea, Stiri urbane","description":"Evenimente \u0219i \u0219tiri din Alba Iulia, Sebe\u0219, Aiud, Blaj","potentialAction":[{"@type":"SearchAction","target":{"@type":"EntryPoint","urlTemplate":"https:\/\/urbeamea.ro\/albaiulia\/?s={search_term_string}"},"query-input":{"@type":"PropertyValueSpecification","valueRequired":true,"valueName":"search_term_string"}}],"inLanguage":"ro-RO"},{"@type":"Person","@id":"https:\/\/urbeamea.ro\/albaiulia\/#\/schema\/person\/5db3854ac38c1cc9f0ab4092d6a20f02","name":"Giurca Sorin","image":{"@type":"ImageObject","inLanguage":"ro-RO","@id":"https:\/\/secure.gravatar.com\/avatar\/120f6fcae7b3b47a7730cb9943f612f4909f68ac5284b5f40ac1c4615fd70576?s=96&d=mm&r=g","url":"https:\/\/secure.gravatar.com\/avatar\/120f6fcae7b3b47a7730cb9943f612f4909f68ac5284b5f40ac1c4615fd70576?s=96&d=mm&r=g","contentUrl":"https:\/\/secure.gravatar.com\/avatar\/120f6fcae7b3b47a7730cb9943f612f4909f68ac5284b5f40ac1c4615fd70576?s=96&d=mm&r=g","caption":"Giurca Sorin"},"url":"https:\/\/urbeamea.ro\/albaiulia\/author\/sorin\/"}]}},"_links":{"self":[{"href":"https:\/\/urbeamea.ro\/albaiulia\/wp-json\/wp\/v2\/posts\/116682","targetHints":{"allow":["GET"]}}],"collection":[{"href":"https:\/\/urbeamea.ro\/albaiulia\/wp-json\/wp\/v2\/posts"}],"about":[{"href":"https:\/\/urbeamea.ro\/albaiulia\/wp-json\/wp\/v2\/types\/post"}],"author":[{"embeddable":true,"href":"https:\/\/urbeamea.ro\/albaiulia\/wp-json\/wp\/v2\/users\/28"}],"replies":[{"embeddable":true,"href":"https:\/\/urbeamea.ro\/albaiulia\/wp-json\/wp\/v2\/comments?post=116682"}],"version-history":[{"count":1,"href":"https:\/\/urbeamea.ro\/albaiulia\/wp-json\/wp\/v2\/posts\/116682\/revisions"}],"predecessor-version":[{"id":116691,"href":"https:\/\/urbeamea.ro\/albaiulia\/wp-json\/wp\/v2\/posts\/116682\/revisions\/116691"}],"wp:featuredmedia":[{"embeddable":true,"href":"https:\/\/urbeamea.ro\/albaiulia\/wp-json\/wp\/v2\/media\/116684"}],"wp:attachment":[{"href":"https:\/\/urbeamea.ro\/albaiulia\/wp-json\/wp\/v2\/media?parent=116682"}],"wp:term":[{"taxonomy":"category","embeddable":true,"href":"https:\/\/urbeamea.ro\/albaiulia\/wp-json\/wp\/v2\/categories?post=116682"},{"taxonomy":"post_tag","embeddable":true,"href":"https:\/\/urbeamea.ro\/albaiulia\/wp-json\/wp\/v2\/tags?post=116682"}],"curies":[{"name":"wp","href":"https:\/\/api.w.org\/{rel}","templated":true}]}}