{"id":116695,"date":"2025-03-14T19:37:51","date_gmt":"2025-03-14T17:37:51","guid":{"rendered":"https:\/\/urbeamea.ro\/albaiulia\/?p=116695"},"modified":"2025-03-14T19:37:53","modified_gmt":"2025-03-14T17:37:53","slug":"ioana-ursu-muzeograf-la-muzeul-national-al-unirii-din-alba-iulia-participa-la-vizita-de-studiu-storytelling-in-museums-in-islanda","status":"publish","type":"post","link":"https:\/\/urbeamea.ro\/albaiulia\/ioana-ursu-muzeograf-la-muzeul-national-al-unirii-din-alba-iulia-participa-la-vizita-de-studiu-storytelling-in-museums-in-islanda\/","title":{"rendered":"Ioana Ursu, muzeograf la Muzeul Na\u021bional al Unirii din Alba Iulia, particip\u0103 la vizita de studiu &#8222;Storytelling in museums&#8221; \u00een Islanda"},"content":{"rendered":"\n<p> <strong>Ioana Ursu, muzeograf \u00een cadrul Muzeului Na\u021bional al Unirii Alba Iulia, particip\u0103 \u00een aceste zile la vizita de studiu &#8222;Storytelling in museums&#8221;, \u00een cadrul unei ini\u021biative bilaterale<\/strong>.<\/p>\n\n\n\n<p>\u00cen perioada 9-16 martie, 11 muzeografi \u0219i speciali\u0219ti din diferite col\u021buri ale \u021b\u0103rii viziteaz\u0103, \u00een cadrul programului, muzee islandeze \u0219i locuri de referin\u021b\u0103 din istoria Islandei, pentru a \u00eenv\u0103\u021ba despre \u021bes\u0103tura muzeal\u0103 a pove\u0219tilor. <\/p>\n\n\n\n<p>Institute de studii, muzee (publice sau private) \u0219i locuri pline de pove\u0219ti, memorie \u0219i literatur\u0103 &#8211; toate formeaz\u0103 un peisaj cultural unic descoperit de cei 11 speciali\u0219ti din \u021bar\u0103, printre care \u0219i un reprezentant al Muzeului Na\u021bional al Unirii.<\/p>\n\n\n\n<p>De la Institutul \u00c1rni Magn\u00fasson, Muzeul Na\u021bional al Islandei, Galeria Na\u021bional\u0103 de Art\u0103 a Islandei (Safnahaus), Casa Cultural\u0103 \u0219i Muzeul Insulelor Vestman (Sagnheimar), Muzeul Eldheimar, Skansinn, Stafkirkjan, Landlyst, The Lava Centre, The Norwegian House, Hraunhals, Helissandur, drumul i-a purtat prin Reykyav\u00edk, Insulele Vestman, Hvolsv\u00f6llur, Skalholt, Thingvellir, Reykholt, Stykkisholmur, peninsula Sn\u00e6fellsnes, pentru a mai vizita, \u00een cele din urm\u0103, la pas, \u0219i Reykjav\u00edk, pentru povestea ora\u0219ului \u0219i a cl\u0103dirilor lui.<\/p>\n\n\n\n<p>STORYTELLING IN MUSEUMS este o ini\u021biativ\u0103 bilateral\u0103 finan\u021bat\u0103 prin granturile SEE \u0219i Norvegiene &#8211; Fondul Na\u021bional Bilateral \u00een cadrul Programului RO-CULTURA.EEA and Norway Grants Programul RO-Cultura Granturi SEE &amp; Norvegiene <\/p>\n\n\n\n<figure class=\"wp-block-gallery has-nested-images columns-default is-cropped wp-block-gallery-1 is-layout-flex wp-block-gallery-is-layout-flex\">\n<figure class=\"wp-block-image size-large\"><img loading=\"lazy\" decoding=\"async\" width=\"1080\" height=\"810\" data-id=\"116696\" src=\"https:\/\/urbeamea.ro\/albaiulia\/wp-content\/uploads\/2025\/03\/1000031081.jpg\" alt=\"\" class=\"wp-image-116696\" srcset=\"https:\/\/urbeamea.ro\/albaiulia\/wp-content\/uploads\/2025\/03\/1000031081.jpg 1080w, https:\/\/urbeamea.ro\/albaiulia\/wp-content\/uploads\/2025\/03\/1000031081-640x480.jpg 640w, https:\/\/urbeamea.ro\/albaiulia\/wp-content\/uploads\/2025\/03\/1000031081-150x113.jpg 150w, https:\/\/urbeamea.ro\/albaiulia\/wp-content\/uploads\/2025\/03\/1000031081-768x576.jpg 768w\" sizes=\"auto, (max-width: 1080px) 100vw, 1080px\" \/><\/figure>\n\n\n\n<figure class=\"wp-block-image size-large\"><img loading=\"lazy\" decoding=\"async\" width=\"1080\" height=\"810\" data-id=\"116697\" src=\"https:\/\/urbeamea.ro\/albaiulia\/wp-content\/uploads\/2025\/03\/1000031080.jpg\" alt=\"\" class=\"wp-image-116697\" srcset=\"https:\/\/urbeamea.ro\/albaiulia\/wp-content\/uploads\/2025\/03\/1000031080.jpg 1080w, https:\/\/urbeamea.ro\/albaiulia\/wp-content\/uploads\/2025\/03\/1000031080-640x480.jpg 640w, https:\/\/urbeamea.ro\/albaiulia\/wp-content\/uploads\/2025\/03\/1000031080-150x113.jpg 150w, https:\/\/urbeamea.ro\/albaiulia\/wp-content\/uploads\/2025\/03\/1000031080-768x576.jpg 768w\" sizes=\"auto, (max-width: 1080px) 100vw, 1080px\" \/><\/figure>\n\n\n\n<figure class=\"wp-block-image size-large\"><img loading=\"lazy\" decoding=\"async\" width=\"960\" height=\"1280\" data-id=\"116698\" src=\"https:\/\/urbeamea.ro\/albaiulia\/wp-content\/uploads\/2025\/03\/1000031079-960x1280.jpg\" alt=\"\" class=\"wp-image-116698\" srcset=\"https:\/\/urbeamea.ro\/albaiulia\/wp-content\/uploads\/2025\/03\/1000031079-960x1280.jpg 960w, https:\/\/urbeamea.ro\/albaiulia\/wp-content\/uploads\/2025\/03\/1000031079-480x640.jpg 480w, https:\/\/urbeamea.ro\/albaiulia\/wp-content\/uploads\/2025\/03\/1000031079-113x150.jpg 113w, https:\/\/urbeamea.ro\/albaiulia\/wp-content\/uploads\/2025\/03\/1000031079-768x1024.jpg 768w, https:\/\/urbeamea.ro\/albaiulia\/wp-content\/uploads\/2025\/03\/1000031079.jpg 1080w\" sizes=\"auto, (max-width: 960px) 100vw, 960px\" \/><\/figure>\n\n\n\n<figure class=\"wp-block-image size-large\"><img loading=\"lazy\" decoding=\"async\" width=\"1080\" height=\"810\" data-id=\"116699\" src=\"https:\/\/urbeamea.ro\/albaiulia\/wp-content\/uploads\/2025\/03\/1000031082.jpg\" alt=\"\" class=\"wp-image-116699\" srcset=\"https:\/\/urbeamea.ro\/albaiulia\/wp-content\/uploads\/2025\/03\/1000031082.jpg 1080w, https:\/\/urbeamea.ro\/albaiulia\/wp-content\/uploads\/2025\/03\/1000031082-640x480.jpg 640w, https:\/\/urbeamea.ro\/albaiulia\/wp-content\/uploads\/2025\/03\/1000031082-150x113.jpg 150w, https:\/\/urbeamea.ro\/albaiulia\/wp-content\/uploads\/2025\/03\/1000031082-768x576.jpg 768w\" sizes=\"auto, (max-width: 1080px) 100vw, 1080px\" \/><\/figure>\n\n\n\n<figure class=\"wp-block-image size-large\"><img loading=\"lazy\" decoding=\"async\" width=\"1080\" height=\"810\" data-id=\"116700\" src=\"https:\/\/urbeamea.ro\/albaiulia\/wp-content\/uploads\/2025\/03\/1000031083.jpg\" alt=\"\" class=\"wp-image-116700\" srcset=\"https:\/\/urbeamea.ro\/albaiulia\/wp-content\/uploads\/2025\/03\/1000031083.jpg 1080w, https:\/\/urbeamea.ro\/albaiulia\/wp-content\/uploads\/2025\/03\/1000031083-640x480.jpg 640w, https:\/\/urbeamea.ro\/albaiulia\/wp-content\/uploads\/2025\/03\/1000031083-150x113.jpg 150w, https:\/\/urbeamea.ro\/albaiulia\/wp-content\/uploads\/2025\/03\/1000031083-768x576.jpg 768w\" sizes=\"auto, (max-width: 1080px) 100vw, 1080px\" \/><\/figure>\n\n\n\n<figure class=\"wp-block-image size-large\"><img loading=\"lazy\" decoding=\"async\" width=\"1080\" height=\"810\" data-id=\"116701\" src=\"https:\/\/urbeamea.ro\/albaiulia\/wp-content\/uploads\/2025\/03\/1000031084.jpg\" alt=\"\" class=\"wp-image-116701\" srcset=\"https:\/\/urbeamea.ro\/albaiulia\/wp-content\/uploads\/2025\/03\/1000031084.jpg 1080w, https:\/\/urbeamea.ro\/albaiulia\/wp-content\/uploads\/2025\/03\/1000031084-640x480.jpg 640w, https:\/\/urbeamea.ro\/albaiulia\/wp-content\/uploads\/2025\/03\/1000031084-150x113.jpg 150w, https:\/\/urbeamea.ro\/albaiulia\/wp-content\/uploads\/2025\/03\/1000031084-768x576.jpg 768w\" sizes=\"auto, (max-width: 1080px) 100vw, 1080px\" \/><\/figure>\n\n\n\n<figure class=\"wp-block-image size-large\"><img loading=\"lazy\" decoding=\"async\" width=\"1020\" height=\"765\" data-id=\"116702\" src=\"https:\/\/urbeamea.ro\/albaiulia\/wp-content\/uploads\/2025\/03\/1000031087.jpg\" alt=\"\" class=\"wp-image-116702\" srcset=\"https:\/\/urbeamea.ro\/albaiulia\/wp-content\/uploads\/2025\/03\/1000031087.jpg 1020w, https:\/\/urbeamea.ro\/albaiulia\/wp-content\/uploads\/2025\/03\/1000031087-640x480.jpg 640w, https:\/\/urbeamea.ro\/albaiulia\/wp-content\/uploads\/2025\/03\/1000031087-150x113.jpg 150w, https:\/\/urbeamea.ro\/albaiulia\/wp-content\/uploads\/2025\/03\/1000031087-768x576.jpg 768w\" sizes=\"auto, (max-width: 1020px) 100vw, 1020px\" \/><\/figure>\n\n\n\n<figure class=\"wp-block-image size-large\"><img loading=\"lazy\" decoding=\"async\" width=\"1020\" height=\"765\" data-id=\"116703\" src=\"https:\/\/urbeamea.ro\/albaiulia\/wp-content\/uploads\/2025\/03\/1000031086.jpg\" alt=\"\" class=\"wp-image-116703\" srcset=\"https:\/\/urbeamea.ro\/albaiulia\/wp-content\/uploads\/2025\/03\/1000031086.jpg 1020w, https:\/\/urbeamea.ro\/albaiulia\/wp-content\/uploads\/2025\/03\/1000031086-640x480.jpg 640w, https:\/\/urbeamea.ro\/albaiulia\/wp-content\/uploads\/2025\/03\/1000031086-150x113.jpg 150w, https:\/\/urbeamea.ro\/albaiulia\/wp-content\/uploads\/2025\/03\/1000031086-768x576.jpg 768w\" sizes=\"auto, (max-width: 1020px) 100vw, 1020px\" \/><\/figure>\n\n\n\n<figure class=\"wp-block-image size-large\"><img loading=\"lazy\" decoding=\"async\" width=\"1080\" height=\"810\" data-id=\"116704\" src=\"https:\/\/urbeamea.ro\/albaiulia\/wp-content\/uploads\/2025\/03\/1000031085.jpg\" alt=\"\" class=\"wp-image-116704\" srcset=\"https:\/\/urbeamea.ro\/albaiulia\/wp-content\/uploads\/2025\/03\/1000031085.jpg 1080w, https:\/\/urbeamea.ro\/albaiulia\/wp-content\/uploads\/2025\/03\/1000031085-640x480.jpg 640w, https:\/\/urbeamea.ro\/albaiulia\/wp-content\/uploads\/2025\/03\/1000031085-150x113.jpg 150w, https:\/\/urbeamea.ro\/albaiulia\/wp-content\/uploads\/2025\/03\/1000031085-768x576.jpg 768w\" sizes=\"auto, (max-width: 1080px) 100vw, 1080px\" \/><\/figure>\n<\/figure>\n\n\n\n<p><\/p>\n","protected":false},"excerpt":{"rendered":"<p>Ioana Ursu, muzeograf \u00een cadrul Muzeului Na\u021bional al Unirii Alba Iulia, particip\u0103 \u00een aceste zile la vizita de studiu &#8222;Storytelling in museums&#8221;, \u00een cadrul unei ini\u021biative bilaterale. \u00cen perioada 9-16 martie, 11 muzeografi \u0219i speciali\u0219ti din diferite col\u021buri ale \u021b\u0103rii viziteaz\u0103, \u00een cadrul programului, muzee islandeze \u0219i locuri de referin\u021b\u0103 din istoria Islandei, pentru a &hellip;<\/p>\n","protected":false},"author":28,"featured_media":116704,"comment_status":"open","ping_status":"open","sticky":false,"template":"","format":"standard","meta":{"inline_featured_image":false,"footnotes":""},"categories":[2038,8857,1,16344],"tags":[25239,5311],"class_list":["post-116695","post","type-post","status-publish","format-standard","has-post-thumbnail","hentry","category-cultura","category-istorie","category-stiri-urbane","category-urbea-mea","tag-ioana-ursu","tag-muzeul-national-a-unirii"],"yoast_head":"<!-- This site is optimized with the Yoast SEO plugin v27.4 - https:\/\/yoast.com\/product\/yoast-seo-wordpress\/ -->\n<title>Ioana Ursu, muzeograf la Muzeul Na\u021bional al Unirii din Alba Iulia, particip\u0103 la vizita de studiu &quot;Storytelling in museums&quot; \u00een Islanda - Revista Urbea Mea - Revista de Alba<\/title>\n<meta name=\"description\" content=\"Ioana Ursu, muzeograf \u00een cadrul Muzeului Na\u021bional al Unirii Alba Iulia, particip\u0103 \u00een aceste zile la vizita de studiu &quot;Storytelling in museums&quot;, \u00een cadrul\" \/>\n<meta name=\"robots\" content=\"index, follow, max-snippet:-1, max-image-preview:large, max-video-preview:-1\" \/>\n<link rel=\"canonical\" href=\"https:\/\/urbeamea.ro\/albaiulia\/ioana-ursu-muzeograf-la-muzeul-national-al-unirii-din-alba-iulia-participa-la-vizita-de-studiu-storytelling-in-museums-in-islanda\/\" \/>\n<meta name=\"twitter:card\" content=\"summary_large_image\" \/>\n<meta name=\"twitter:title\" content=\"Ioana Ursu, muzeograf la Muzeul Na\u021bional al Unirii din Alba Iulia, particip\u0103 la vizita de studiu &quot;Storytelling in museums&quot; \u00een Islanda - Revista Urbea Mea - Revista de Alba\" \/>\n<meta name=\"twitter:description\" content=\"Ioana Ursu, muzeograf \u00een cadrul Muzeului Na\u021bional al Unirii Alba Iulia, particip\u0103 \u00een aceste zile la vizita de studiu &quot;Storytelling in museums&quot;, \u00een cadrul\" \/>\n<meta name=\"twitter:image\" content=\"https:\/\/urbeamea.ro\/albaiulia\/wp-content\/uploads\/2025\/03\/1000031085.jpg\" \/>\n<meta name=\"twitter:creator\" content=\"@urbeameaweb\" \/>\n<meta name=\"twitter:site\" content=\"@urbeameaweb\" \/>\n<script type=\"application\/ld+json\" class=\"yoast-schema-graph\">{\"@context\":\"https:\\\/\\\/schema.org\",\"@graph\":[{\"@type\":\"Article\",\"@id\":\"https:\\\/\\\/urbeamea.ro\\\/albaiulia\\\/ioana-ursu-muzeograf-la-muzeul-national-al-unirii-din-alba-iulia-participa-la-vizita-de-studiu-storytelling-in-museums-in-islanda\\\/#article\",\"isPartOf\":{\"@id\":\"https:\\\/\\\/urbeamea.ro\\\/albaiulia\\\/ioana-ursu-muzeograf-la-muzeul-national-al-unirii-din-alba-iulia-participa-la-vizita-de-studiu-storytelling-in-museums-in-islanda\\\/\"},\"author\":{\"name\":\"Giurca Sorin\",\"@id\":\"https:\\\/\\\/urbeamea.ro\\\/albaiulia\\\/#\\\/schema\\\/person\\\/5db3854ac38c1cc9f0ab4092d6a20f02\"},\"headline\":\"Ioana Ursu, muzeograf la Muzeul Na\u021bional al Unirii din Alba Iulia, particip\u0103 la vizita de studiu &#8222;Storytelling in museums&#8221; \u00een Islanda\",\"datePublished\":\"2025-03-14T17:37:51+00:00\",\"dateModified\":\"2025-03-14T17:37:53+00:00\",\"mainEntityOfPage\":{\"@id\":\"https:\\\/\\\/urbeamea.ro\\\/albaiulia\\\/ioana-ursu-muzeograf-la-muzeul-national-al-unirii-din-alba-iulia-participa-la-vizita-de-studiu-storytelling-in-museums-in-islanda\\\/\"},\"wordCount\":242,\"commentCount\":0,\"image\":{\"@id\":\"https:\\\/\\\/urbeamea.ro\\\/albaiulia\\\/ioana-ursu-muzeograf-la-muzeul-national-al-unirii-din-alba-iulia-participa-la-vizita-de-studiu-storytelling-in-museums-in-islanda\\\/#primaryimage\"},\"thumbnailUrl\":\"https:\\\/\\\/urbeamea.ro\\\/albaiulia\\\/wp-content\\\/uploads\\\/2025\\\/03\\\/1000031085.jpg\",\"keywords\":[\"Ioana ursu\",\"muzeul national a unirii\"],\"articleSection\":[\"Cultur\u0103\",\"Istorie\",\"\u015etiri Urbane\",\"Urbea Mea\"],\"inLanguage\":\"ro-RO\",\"potentialAction\":[{\"@type\":\"CommentAction\",\"name\":\"Comment\",\"target\":[\"https:\\\/\\\/urbeamea.ro\\\/albaiulia\\\/ioana-ursu-muzeograf-la-muzeul-national-al-unirii-din-alba-iulia-participa-la-vizita-de-studiu-storytelling-in-museums-in-islanda\\\/#respond\"]}]},{\"@type\":\"WebPage\",\"@id\":\"https:\\\/\\\/urbeamea.ro\\\/albaiulia\\\/ioana-ursu-muzeograf-la-muzeul-national-al-unirii-din-alba-iulia-participa-la-vizita-de-studiu-storytelling-in-museums-in-islanda\\\/\",\"url\":\"https:\\\/\\\/urbeamea.ro\\\/albaiulia\\\/ioana-ursu-muzeograf-la-muzeul-national-al-unirii-din-alba-iulia-participa-la-vizita-de-studiu-storytelling-in-museums-in-islanda\\\/\",\"name\":\"Ioana Ursu, muzeograf la Muzeul Na\u021bional al Unirii din Alba Iulia, particip\u0103 la vizita de studiu \\\"Storytelling in museums\\\" \u00een Islanda - Revista Urbea Mea - Revista de Alba\",\"isPartOf\":{\"@id\":\"https:\\\/\\\/urbeamea.ro\\\/albaiulia\\\/#website\"},\"primaryImageOfPage\":{\"@id\":\"https:\\\/\\\/urbeamea.ro\\\/albaiulia\\\/ioana-ursu-muzeograf-la-muzeul-national-al-unirii-din-alba-iulia-participa-la-vizita-de-studiu-storytelling-in-museums-in-islanda\\\/#primaryimage\"},\"image\":{\"@id\":\"https:\\\/\\\/urbeamea.ro\\\/albaiulia\\\/ioana-ursu-muzeograf-la-muzeul-national-al-unirii-din-alba-iulia-participa-la-vizita-de-studiu-storytelling-in-museums-in-islanda\\\/#primaryimage\"},\"thumbnailUrl\":\"https:\\\/\\\/urbeamea.ro\\\/albaiulia\\\/wp-content\\\/uploads\\\/2025\\\/03\\\/1000031085.jpg\",\"datePublished\":\"2025-03-14T17:37:51+00:00\",\"dateModified\":\"2025-03-14T17:37:53+00:00\",\"author\":{\"@id\":\"https:\\\/\\\/urbeamea.ro\\\/albaiulia\\\/#\\\/schema\\\/person\\\/5db3854ac38c1cc9f0ab4092d6a20f02\"},\"description\":\"Ioana Ursu, muzeograf \u00een cadrul Muzeului Na\u021bional al Unirii Alba Iulia, particip\u0103 \u00een aceste zile la vizita de studiu \\\"Storytelling in museums\\\", \u00een cadrul\",\"breadcrumb\":{\"@id\":\"https:\\\/\\\/urbeamea.ro\\\/albaiulia\\\/ioana-ursu-muzeograf-la-muzeul-national-al-unirii-din-alba-iulia-participa-la-vizita-de-studiu-storytelling-in-museums-in-islanda\\\/#breadcrumb\"},\"inLanguage\":\"ro-RO\",\"potentialAction\":[{\"@type\":\"ReadAction\",\"target\":[\"https:\\\/\\\/urbeamea.ro\\\/albaiulia\\\/ioana-ursu-muzeograf-la-muzeul-national-al-unirii-din-alba-iulia-participa-la-vizita-de-studiu-storytelling-in-museums-in-islanda\\\/\"]}]},{\"@type\":\"ImageObject\",\"inLanguage\":\"ro-RO\",\"@id\":\"https:\\\/\\\/urbeamea.ro\\\/albaiulia\\\/ioana-ursu-muzeograf-la-muzeul-national-al-unirii-din-alba-iulia-participa-la-vizita-de-studiu-storytelling-in-museums-in-islanda\\\/#primaryimage\",\"url\":\"https:\\\/\\\/urbeamea.ro\\\/albaiulia\\\/wp-content\\\/uploads\\\/2025\\\/03\\\/1000031085.jpg\",\"contentUrl\":\"https:\\\/\\\/urbeamea.ro\\\/albaiulia\\\/wp-content\\\/uploads\\\/2025\\\/03\\\/1000031085.jpg\",\"width\":1080,\"height\":810},{\"@type\":\"BreadcrumbList\",\"@id\":\"https:\\\/\\\/urbeamea.ro\\\/albaiulia\\\/ioana-ursu-muzeograf-la-muzeul-national-al-unirii-din-alba-iulia-participa-la-vizita-de-studiu-storytelling-in-museums-in-islanda\\\/#breadcrumb\",\"itemListElement\":[{\"@type\":\"ListItem\",\"position\":1,\"name\":\"Prima pagin\u0103\",\"item\":\"https:\\\/\\\/urbeamea.ro\\\/albaiulia\\\/\"},{\"@type\":\"ListItem\",\"position\":2,\"name\":\"Ioana Ursu, muzeograf la Muzeul Na\u021bional al Unirii din Alba Iulia, particip\u0103 la vizita de studiu &#8222;Storytelling in museums&#8221; \u00een Islanda\"}]},{\"@type\":\"WebSite\",\"@id\":\"https:\\\/\\\/urbeamea.ro\\\/albaiulia\\\/#website\",\"url\":\"https:\\\/\\\/urbeamea.ro\\\/albaiulia\\\/\",\"name\":\"Revista Urbea Mea, Stiri urbane\",\"description\":\"Evenimente \u0219i \u0219tiri din Alba Iulia, Sebe\u0219, Aiud, Blaj\",\"potentialAction\":[{\"@type\":\"SearchAction\",\"target\":{\"@type\":\"EntryPoint\",\"urlTemplate\":\"https:\\\/\\\/urbeamea.ro\\\/albaiulia\\\/?s={search_term_string}\"},\"query-input\":{\"@type\":\"PropertyValueSpecification\",\"valueRequired\":true,\"valueName\":\"search_term_string\"}}],\"inLanguage\":\"ro-RO\"},{\"@type\":\"Person\",\"@id\":\"https:\\\/\\\/urbeamea.ro\\\/albaiulia\\\/#\\\/schema\\\/person\\\/5db3854ac38c1cc9f0ab4092d6a20f02\",\"name\":\"Giurca Sorin\",\"image\":{\"@type\":\"ImageObject\",\"inLanguage\":\"ro-RO\",\"@id\":\"https:\\\/\\\/secure.gravatar.com\\\/avatar\\\/120f6fcae7b3b47a7730cb9943f612f4909f68ac5284b5f40ac1c4615fd70576?s=96&d=mm&r=g\",\"url\":\"https:\\\/\\\/secure.gravatar.com\\\/avatar\\\/120f6fcae7b3b47a7730cb9943f612f4909f68ac5284b5f40ac1c4615fd70576?s=96&d=mm&r=g\",\"contentUrl\":\"https:\\\/\\\/secure.gravatar.com\\\/avatar\\\/120f6fcae7b3b47a7730cb9943f612f4909f68ac5284b5f40ac1c4615fd70576?s=96&d=mm&r=g\",\"caption\":\"Giurca Sorin\"},\"url\":\"https:\\\/\\\/urbeamea.ro\\\/albaiulia\\\/author\\\/sorin\\\/\"}]}<\/script>\n<!-- \/ Yoast SEO plugin. -->","yoast_head_json":{"title":"Ioana Ursu, muzeograf la Muzeul Na\u021bional al Unirii din Alba Iulia, particip\u0103 la vizita de studiu \"Storytelling in museums\" \u00een Islanda - Revista Urbea Mea - Revista de Alba","description":"Ioana Ursu, muzeograf \u00een cadrul Muzeului Na\u021bional al Unirii Alba Iulia, particip\u0103 \u00een aceste zile la vizita de studiu \"Storytelling in museums\", \u00een cadrul","robots":{"index":"index","follow":"follow","max-snippet":"max-snippet:-1","max-image-preview":"max-image-preview:large","max-video-preview":"max-video-preview:-1"},"canonical":"https:\/\/urbeamea.ro\/albaiulia\/ioana-ursu-muzeograf-la-muzeul-national-al-unirii-din-alba-iulia-participa-la-vizita-de-studiu-storytelling-in-museums-in-islanda\/","twitter_card":"summary_large_image","twitter_title":"Ioana Ursu, muzeograf la Muzeul Na\u021bional al Unirii din Alba Iulia, particip\u0103 la vizita de studiu \"Storytelling in museums\" \u00een Islanda - Revista Urbea Mea - Revista de Alba","twitter_description":"Ioana Ursu, muzeograf \u00een cadrul Muzeului Na\u021bional al Unirii Alba Iulia, particip\u0103 \u00een aceste zile la vizita de studiu \"Storytelling in museums\", \u00een cadrul","twitter_image":"https:\/\/urbeamea.ro\/albaiulia\/wp-content\/uploads\/2025\/03\/1000031085.jpg","twitter_creator":"@urbeameaweb","twitter_site":"@urbeameaweb","schema":{"@context":"https:\/\/schema.org","@graph":[{"@type":"Article","@id":"https:\/\/urbeamea.ro\/albaiulia\/ioana-ursu-muzeograf-la-muzeul-national-al-unirii-din-alba-iulia-participa-la-vizita-de-studiu-storytelling-in-museums-in-islanda\/#article","isPartOf":{"@id":"https:\/\/urbeamea.ro\/albaiulia\/ioana-ursu-muzeograf-la-muzeul-national-al-unirii-din-alba-iulia-participa-la-vizita-de-studiu-storytelling-in-museums-in-islanda\/"},"author":{"name":"Giurca Sorin","@id":"https:\/\/urbeamea.ro\/albaiulia\/#\/schema\/person\/5db3854ac38c1cc9f0ab4092d6a20f02"},"headline":"Ioana Ursu, muzeograf la Muzeul Na\u021bional al Unirii din Alba Iulia, particip\u0103 la vizita de studiu &#8222;Storytelling in museums&#8221; \u00een Islanda","datePublished":"2025-03-14T17:37:51+00:00","dateModified":"2025-03-14T17:37:53+00:00","mainEntityOfPage":{"@id":"https:\/\/urbeamea.ro\/albaiulia\/ioana-ursu-muzeograf-la-muzeul-national-al-unirii-din-alba-iulia-participa-la-vizita-de-studiu-storytelling-in-museums-in-islanda\/"},"wordCount":242,"commentCount":0,"image":{"@id":"https:\/\/urbeamea.ro\/albaiulia\/ioana-ursu-muzeograf-la-muzeul-national-al-unirii-din-alba-iulia-participa-la-vizita-de-studiu-storytelling-in-museums-in-islanda\/#primaryimage"},"thumbnailUrl":"https:\/\/urbeamea.ro\/albaiulia\/wp-content\/uploads\/2025\/03\/1000031085.jpg","keywords":["Ioana ursu","muzeul national a unirii"],"articleSection":["Cultur\u0103","Istorie","\u015etiri Urbane","Urbea Mea"],"inLanguage":"ro-RO","potentialAction":[{"@type":"CommentAction","name":"Comment","target":["https:\/\/urbeamea.ro\/albaiulia\/ioana-ursu-muzeograf-la-muzeul-national-al-unirii-din-alba-iulia-participa-la-vizita-de-studiu-storytelling-in-museums-in-islanda\/#respond"]}]},{"@type":"WebPage","@id":"https:\/\/urbeamea.ro\/albaiulia\/ioana-ursu-muzeograf-la-muzeul-national-al-unirii-din-alba-iulia-participa-la-vizita-de-studiu-storytelling-in-museums-in-islanda\/","url":"https:\/\/urbeamea.ro\/albaiulia\/ioana-ursu-muzeograf-la-muzeul-national-al-unirii-din-alba-iulia-participa-la-vizita-de-studiu-storytelling-in-museums-in-islanda\/","name":"Ioana Ursu, muzeograf la Muzeul Na\u021bional al Unirii din Alba Iulia, particip\u0103 la vizita de studiu \"Storytelling in museums\" \u00een Islanda - Revista Urbea Mea - Revista de Alba","isPartOf":{"@id":"https:\/\/urbeamea.ro\/albaiulia\/#website"},"primaryImageOfPage":{"@id":"https:\/\/urbeamea.ro\/albaiulia\/ioana-ursu-muzeograf-la-muzeul-national-al-unirii-din-alba-iulia-participa-la-vizita-de-studiu-storytelling-in-museums-in-islanda\/#primaryimage"},"image":{"@id":"https:\/\/urbeamea.ro\/albaiulia\/ioana-ursu-muzeograf-la-muzeul-national-al-unirii-din-alba-iulia-participa-la-vizita-de-studiu-storytelling-in-museums-in-islanda\/#primaryimage"},"thumbnailUrl":"https:\/\/urbeamea.ro\/albaiulia\/wp-content\/uploads\/2025\/03\/1000031085.jpg","datePublished":"2025-03-14T17:37:51+00:00","dateModified":"2025-03-14T17:37:53+00:00","author":{"@id":"https:\/\/urbeamea.ro\/albaiulia\/#\/schema\/person\/5db3854ac38c1cc9f0ab4092d6a20f02"},"description":"Ioana Ursu, muzeograf \u00een cadrul Muzeului Na\u021bional al Unirii Alba Iulia, particip\u0103 \u00een aceste zile la vizita de studiu \"Storytelling in museums\", \u00een cadrul","breadcrumb":{"@id":"https:\/\/urbeamea.ro\/albaiulia\/ioana-ursu-muzeograf-la-muzeul-national-al-unirii-din-alba-iulia-participa-la-vizita-de-studiu-storytelling-in-museums-in-islanda\/#breadcrumb"},"inLanguage":"ro-RO","potentialAction":[{"@type":"ReadAction","target":["https:\/\/urbeamea.ro\/albaiulia\/ioana-ursu-muzeograf-la-muzeul-national-al-unirii-din-alba-iulia-participa-la-vizita-de-studiu-storytelling-in-museums-in-islanda\/"]}]},{"@type":"ImageObject","inLanguage":"ro-RO","@id":"https:\/\/urbeamea.ro\/albaiulia\/ioana-ursu-muzeograf-la-muzeul-national-al-unirii-din-alba-iulia-participa-la-vizita-de-studiu-storytelling-in-museums-in-islanda\/#primaryimage","url":"https:\/\/urbeamea.ro\/albaiulia\/wp-content\/uploads\/2025\/03\/1000031085.jpg","contentUrl":"https:\/\/urbeamea.ro\/albaiulia\/wp-content\/uploads\/2025\/03\/1000031085.jpg","width":1080,"height":810},{"@type":"BreadcrumbList","@id":"https:\/\/urbeamea.ro\/albaiulia\/ioana-ursu-muzeograf-la-muzeul-national-al-unirii-din-alba-iulia-participa-la-vizita-de-studiu-storytelling-in-museums-in-islanda\/#breadcrumb","itemListElement":[{"@type":"ListItem","position":1,"name":"Prima pagin\u0103","item":"https:\/\/urbeamea.ro\/albaiulia\/"},{"@type":"ListItem","position":2,"name":"Ioana Ursu, muzeograf la Muzeul Na\u021bional al Unirii din Alba Iulia, particip\u0103 la vizita de studiu &#8222;Storytelling in museums&#8221; \u00een Islanda"}]},{"@type":"WebSite","@id":"https:\/\/urbeamea.ro\/albaiulia\/#website","url":"https:\/\/urbeamea.ro\/albaiulia\/","name":"Revista Urbea Mea, Stiri urbane","description":"Evenimente \u0219i \u0219tiri din Alba Iulia, Sebe\u0219, Aiud, Blaj","potentialAction":[{"@type":"SearchAction","target":{"@type":"EntryPoint","urlTemplate":"https:\/\/urbeamea.ro\/albaiulia\/?s={search_term_string}"},"query-input":{"@type":"PropertyValueSpecification","valueRequired":true,"valueName":"search_term_string"}}],"inLanguage":"ro-RO"},{"@type":"Person","@id":"https:\/\/urbeamea.ro\/albaiulia\/#\/schema\/person\/5db3854ac38c1cc9f0ab4092d6a20f02","name":"Giurca Sorin","image":{"@type":"ImageObject","inLanguage":"ro-RO","@id":"https:\/\/secure.gravatar.com\/avatar\/120f6fcae7b3b47a7730cb9943f612f4909f68ac5284b5f40ac1c4615fd70576?s=96&d=mm&r=g","url":"https:\/\/secure.gravatar.com\/avatar\/120f6fcae7b3b47a7730cb9943f612f4909f68ac5284b5f40ac1c4615fd70576?s=96&d=mm&r=g","contentUrl":"https:\/\/secure.gravatar.com\/avatar\/120f6fcae7b3b47a7730cb9943f612f4909f68ac5284b5f40ac1c4615fd70576?s=96&d=mm&r=g","caption":"Giurca Sorin"},"url":"https:\/\/urbeamea.ro\/albaiulia\/author\/sorin\/"}]}},"_links":{"self":[{"href":"https:\/\/urbeamea.ro\/albaiulia\/wp-json\/wp\/v2\/posts\/116695","targetHints":{"allow":["GET"]}}],"collection":[{"href":"https:\/\/urbeamea.ro\/albaiulia\/wp-json\/wp\/v2\/posts"}],"about":[{"href":"https:\/\/urbeamea.ro\/albaiulia\/wp-json\/wp\/v2\/types\/post"}],"author":[{"embeddable":true,"href":"https:\/\/urbeamea.ro\/albaiulia\/wp-json\/wp\/v2\/users\/28"}],"replies":[{"embeddable":true,"href":"https:\/\/urbeamea.ro\/albaiulia\/wp-json\/wp\/v2\/comments?post=116695"}],"version-history":[{"count":1,"href":"https:\/\/urbeamea.ro\/albaiulia\/wp-json\/wp\/v2\/posts\/116695\/revisions"}],"predecessor-version":[{"id":116705,"href":"https:\/\/urbeamea.ro\/albaiulia\/wp-json\/wp\/v2\/posts\/116695\/revisions\/116705"}],"wp:featuredmedia":[{"embeddable":true,"href":"https:\/\/urbeamea.ro\/albaiulia\/wp-json\/wp\/v2\/media\/116704"}],"wp:attachment":[{"href":"https:\/\/urbeamea.ro\/albaiulia\/wp-json\/wp\/v2\/media?parent=116695"}],"wp:term":[{"taxonomy":"category","embeddable":true,"href":"https:\/\/urbeamea.ro\/albaiulia\/wp-json\/wp\/v2\/categories?post=116695"},{"taxonomy":"post_tag","embeddable":true,"href":"https:\/\/urbeamea.ro\/albaiulia\/wp-json\/wp\/v2\/tags?post=116695"}],"curies":[{"name":"wp","href":"https:\/\/api.w.org\/{rel}","templated":true}]}}