{"id":116711,"date":"2025-03-16T14:42:55","date_gmt":"2025-03-16T12:42:55","guid":{"rendered":"https:\/\/urbeamea.ro\/albaiulia\/?p=116711"},"modified":"2025-03-16T14:42:57","modified_gmt":"2025-03-16T12:42:57","slug":"profesorul-george-remete-cadru-didactic-al-facultatii-de-teologie-ortodoxa-din-alba-iulia-distins-cu-diploma-si-medalia-anului-centenar-al-patriarhiei-romane","status":"publish","type":"post","link":"https:\/\/urbeamea.ro\/albaiulia\/profesorul-george-remete-cadru-didactic-al-facultatii-de-teologie-ortodoxa-din-alba-iulia-distins-cu-diploma-si-medalia-anului-centenar-al-patriarhiei-romane\/","title":{"rendered":"Profesorul George Remete, cadru didactic al Facult\u0103\u021bii de Teologie Ortodox\u0103 din Alba Iulia, distins cu Diploma \u0219i medalia Anului Centenar al Patriarhiei Rom\u00e2ne"},"content":{"rendered":"\n<p><strong>Vineri, 14 martie 2025, p\u0103rintele profesor George Remete, ales recent membru corespondent al Academiei Rom\u00e2ne, a fost distins cu Diploma \u0219i medalia Anului Centenar al Patriarhiei Rom\u00e2ne. <\/strong><\/p>\n\n\n\n<p>Distinc\u021bia i-a fost \u00eenm\u00e2nat\u0103 de c\u0103tre Preafericitul P\u0103rinte Daniel, Patriarhul Bisericii Ortodoxe Rom\u00e2ne, \u00een cadrul unei ceremonii derulate \u00een Salonul Sfin\u021bilor Rom\u00e2ni al Re\u0219edin\u021bei Patriarhale din Bucure\u0219ti.<\/p>\n\n\n\n<p>P\u0103rintele profesor George Remete, cadru didactic universitar la Facultatea de Teologie Ortodox\u0103 din Alba Iulia \u00een perioada 1992-2019, a primit Diploma \u0219i medalia Anului Centenar al Patriarhiei Rom\u00e2ne din partea \u00cent\u00e2ist\u0103t\u0103torului Bisericii Ortodoxe Rom\u00e2ne \u201e\u00een semn de pre\u021buire \u0219i recuno\u0219tin\u021b\u0103 pentru merite deosebite \u00een ap\u0103rarea \u0219i slujirea credin\u021bei cre\u0219tin-ortodoxe, promovarea culturii \u0219i intensificarea vie\u021bii cre\u0219tine\u201d.<\/p>\n\n\n\n<p>La finalul acestei s\u0103pt\u0103m\u00e2ni, p\u0103rintele profesor George Remete a fost prezent \u00een Capital\u0103 pentru confirmarea ca membru corespondent al Academiei Rom\u00e2ne, \u00een urma contribu\u021biilor sale de excep\u021bie \u00een domeniul Teologiei. <\/p>\n\n\n\n<p>Alegerea sfin\u021biei sale \u00een r\u00e2ndul membrilor coresponden\u021bi ai Academiei Rom\u00e2ne a avut loc \u00een cadrul Adun\u0103rii Generale a Academiei Rom\u00e2ne din data de 12 februarie 2025.<\/p>\n\n\n\n<p>La aflarea ve\u0219tii c\u0103 a fost ales \u00een aceast\u0103 demnitate, p\u0103rintele profesor George Remete \u0219i-a \u00eendreptat primul g\u00e2nd de recuno\u0219tin\u021b\u0103 c\u0103tre Patriarhul Rom\u00e2niei \u0219i c\u0103tre Sf\u00e2ntul Sinod, care au acordat \u00eencredere facult\u0103\u021bilor noi de teologie: <\/p>\n\n\n\n<p>\u201eAlegerea mea la Academie arat\u0103 \u00eenc\u0103 o dat\u0103 c\u0103 Sf\u00e2ntul Sinod a g\u00e2ndit \u00een\u021belept \u0219i c\u0103 procedeaz\u0103 just c\u00e2t sus\u021bine \u0219i aceste facult\u0103\u021bi\u201d, a declarat la acel moment p\u0103rintele profesor.<\/p>\n\n\n\n<figure class=\"wp-block-gallery has-nested-images columns-default is-cropped wp-block-gallery-1 is-layout-flex wp-block-gallery-is-layout-flex\">\n<figure class=\"wp-block-image size-large\"><img loading=\"lazy\" decoding=\"async\" width=\"1080\" height=\"779\" data-id=\"116712\" src=\"https:\/\/urbeamea.ro\/albaiulia\/wp-content\/uploads\/2025\/03\/1000031406.jpg\" alt=\"\" class=\"wp-image-116712\" srcset=\"https:\/\/urbeamea.ro\/albaiulia\/wp-content\/uploads\/2025\/03\/1000031406.jpg 1080w, https:\/\/urbeamea.ro\/albaiulia\/wp-content\/uploads\/2025\/03\/1000031406-640x462.jpg 640w, https:\/\/urbeamea.ro\/albaiulia\/wp-content\/uploads\/2025\/03\/1000031406-150x108.jpg 150w, https:\/\/urbeamea.ro\/albaiulia\/wp-content\/uploads\/2025\/03\/1000031406-768x554.jpg 768w\" sizes=\"auto, (max-width: 1080px) 100vw, 1080px\" \/><\/figure>\n\n\n\n<figure class=\"wp-block-image size-large\"><img loading=\"lazy\" decoding=\"async\" width=\"953\" height=\"1280\" data-id=\"116713\" src=\"https:\/\/urbeamea.ro\/albaiulia\/wp-content\/uploads\/2025\/03\/1000031407-953x1280.jpg\" alt=\"\" class=\"wp-image-116713\" srcset=\"https:\/\/urbeamea.ro\/albaiulia\/wp-content\/uploads\/2025\/03\/1000031407-953x1280.jpg 953w, https:\/\/urbeamea.ro\/albaiulia\/wp-content\/uploads\/2025\/03\/1000031407-477x640.jpg 477w, https:\/\/urbeamea.ro\/albaiulia\/wp-content\/uploads\/2025\/03\/1000031407-112x150.jpg 112w, https:\/\/urbeamea.ro\/albaiulia\/wp-content\/uploads\/2025\/03\/1000031407-768x1031.jpg 768w, https:\/\/urbeamea.ro\/albaiulia\/wp-content\/uploads\/2025\/03\/1000031407.jpg 1080w\" sizes=\"auto, (max-width: 953px) 100vw, 953px\" \/><\/figure>\n\n\n\n<figure class=\"wp-block-image size-large\"><img loading=\"lazy\" decoding=\"async\" width=\"1080\" height=\"810\" data-id=\"116714\" src=\"https:\/\/urbeamea.ro\/albaiulia\/wp-content\/uploads\/2025\/03\/1000031408.jpg\" alt=\"\" class=\"wp-image-116714\" srcset=\"https:\/\/urbeamea.ro\/albaiulia\/wp-content\/uploads\/2025\/03\/1000031408.jpg 1080w, https:\/\/urbeamea.ro\/albaiulia\/wp-content\/uploads\/2025\/03\/1000031408-640x480.jpg 640w, https:\/\/urbeamea.ro\/albaiulia\/wp-content\/uploads\/2025\/03\/1000031408-150x113.jpg 150w, https:\/\/urbeamea.ro\/albaiulia\/wp-content\/uploads\/2025\/03\/1000031408-768x576.jpg 768w\" sizes=\"auto, (max-width: 1080px) 100vw, 1080px\" \/><\/figure>\n<\/figure>\n\n\n\n<p><\/p>\n","protected":false},"excerpt":{"rendered":"<p>Vineri, 14 martie 2025, p\u0103rintele profesor George Remete, ales recent membru corespondent al Academiei Rom\u00e2ne, a fost distins cu Diploma \u0219i medalia Anului Centenar al Patriarhiei Rom\u00e2ne. Distinc\u021bia i-a fost \u00eenm\u00e2nat\u0103 de c\u0103tre Preafericitul P\u0103rinte Daniel, Patriarhul Bisericii Ortodoxe Rom\u00e2ne, \u00een cadrul unei ceremonii derulate \u00een Salonul Sfin\u021bilor Rom\u00e2ni al Re\u0219edin\u021bei Patriarhale din Bucure\u0219ti. P\u0103rintele &hellip;<\/p>\n","protected":false},"author":28,"featured_media":116712,"comment_status":"open","ping_status":"open","sticky":false,"template":"","format":"standard","meta":{"inline_featured_image":false,"footnotes":""},"categories":[2039,4,2034,1,16344],"tags":[25241],"class_list":["post-116711","post","type-post","status-publish","format-standard","has-post-thumbnail","hentry","category-educatie","category-eveniment","category-social","category-stiri-urbane","category-urbea-mea","tag-george-remete"],"yoast_head":"<!-- This site is optimized with the Yoast SEO plugin v27.4 - https:\/\/yoast.com\/product\/yoast-seo-wordpress\/ -->\n<title>Profesorul George Remete, cadru didactic al Facult\u0103\u021bii de Teologie Ortodox\u0103 din Alba Iulia, distins cu Diploma \u0219i medalia Anului Centenar al Patriarhiei Rom\u00e2ne - Revista Urbea Mea - Revista de Alba<\/title>\n<meta name=\"description\" content=\"Vineri, 14 martie 2025, p\u0103rintele profesor George Remete, ales recent membru corespondent al Academiei Rom\u00e2ne, a fost distins cu Diploma \u0219i medalia Anului\" \/>\n<meta name=\"robots\" content=\"index, follow, max-snippet:-1, max-image-preview:large, max-video-preview:-1\" \/>\n<link rel=\"canonical\" href=\"https:\/\/urbeamea.ro\/albaiulia\/profesorul-george-remete-cadru-didactic-al-facultatii-de-teologie-ortodoxa-din-alba-iulia-distins-cu-diploma-si-medalia-anului-centenar-al-patriarhiei-romane\/\" \/>\n<meta name=\"twitter:card\" content=\"summary_large_image\" \/>\n<meta name=\"twitter:title\" content=\"Profesorul George Remete, cadru didactic al Facult\u0103\u021bii de Teologie Ortodox\u0103 din Alba Iulia, distins cu Diploma \u0219i medalia Anului Centenar al Patriarhiei Rom\u00e2ne - Revista Urbea Mea - Revista de Alba\" \/>\n<meta name=\"twitter:description\" content=\"Vineri, 14 martie 2025, p\u0103rintele profesor George Remete, ales recent membru corespondent al Academiei Rom\u00e2ne, a fost distins cu Diploma \u0219i medalia Anului\" \/>\n<meta name=\"twitter:image\" content=\"https:\/\/urbeamea.ro\/albaiulia\/wp-content\/uploads\/2025\/03\/1000031406.jpg\" \/>\n<meta name=\"twitter:creator\" content=\"@urbeameaweb\" \/>\n<meta name=\"twitter:site\" content=\"@urbeameaweb\" \/>\n<script type=\"application\/ld+json\" class=\"yoast-schema-graph\">{\"@context\":\"https:\\\/\\\/schema.org\",\"@graph\":[{\"@type\":\"Article\",\"@id\":\"https:\\\/\\\/urbeamea.ro\\\/albaiulia\\\/profesorul-george-remete-cadru-didactic-al-facultatii-de-teologie-ortodoxa-din-alba-iulia-distins-cu-diploma-si-medalia-anului-centenar-al-patriarhiei-romane\\\/#article\",\"isPartOf\":{\"@id\":\"https:\\\/\\\/urbeamea.ro\\\/albaiulia\\\/profesorul-george-remete-cadru-didactic-al-facultatii-de-teologie-ortodoxa-din-alba-iulia-distins-cu-diploma-si-medalia-anului-centenar-al-patriarhiei-romane\\\/\"},\"author\":{\"name\":\"Giurca Sorin\",\"@id\":\"https:\\\/\\\/urbeamea.ro\\\/albaiulia\\\/#\\\/schema\\\/person\\\/5db3854ac38c1cc9f0ab4092d6a20f02\"},\"headline\":\"Profesorul George Remete, cadru didactic al Facult\u0103\u021bii de Teologie Ortodox\u0103 din Alba Iulia, distins cu Diploma \u0219i medalia Anului Centenar al Patriarhiei Rom\u00e2ne\",\"datePublished\":\"2025-03-16T12:42:55+00:00\",\"dateModified\":\"2025-03-16T12:42:57+00:00\",\"mainEntityOfPage\":{\"@id\":\"https:\\\/\\\/urbeamea.ro\\\/albaiulia\\\/profesorul-george-remete-cadru-didactic-al-facultatii-de-teologie-ortodoxa-din-alba-iulia-distins-cu-diploma-si-medalia-anului-centenar-al-patriarhiei-romane\\\/\"},\"wordCount\":306,\"commentCount\":0,\"image\":{\"@id\":\"https:\\\/\\\/urbeamea.ro\\\/albaiulia\\\/profesorul-george-remete-cadru-didactic-al-facultatii-de-teologie-ortodoxa-din-alba-iulia-distins-cu-diploma-si-medalia-anului-centenar-al-patriarhiei-romane\\\/#primaryimage\"},\"thumbnailUrl\":\"https:\\\/\\\/urbeamea.ro\\\/albaiulia\\\/wp-content\\\/uploads\\\/2025\\\/03\\\/1000031406.jpg\",\"keywords\":[\"George Remete\"],\"articleSection\":[\"Educa\u021bie\",\"Evenimente\",\"Social\",\"\u015etiri Urbane\",\"Urbea Mea\"],\"inLanguage\":\"ro-RO\",\"potentialAction\":[{\"@type\":\"CommentAction\",\"name\":\"Comment\",\"target\":[\"https:\\\/\\\/urbeamea.ro\\\/albaiulia\\\/profesorul-george-remete-cadru-didactic-al-facultatii-de-teologie-ortodoxa-din-alba-iulia-distins-cu-diploma-si-medalia-anului-centenar-al-patriarhiei-romane\\\/#respond\"]}]},{\"@type\":\"WebPage\",\"@id\":\"https:\\\/\\\/urbeamea.ro\\\/albaiulia\\\/profesorul-george-remete-cadru-didactic-al-facultatii-de-teologie-ortodoxa-din-alba-iulia-distins-cu-diploma-si-medalia-anului-centenar-al-patriarhiei-romane\\\/\",\"url\":\"https:\\\/\\\/urbeamea.ro\\\/albaiulia\\\/profesorul-george-remete-cadru-didactic-al-facultatii-de-teologie-ortodoxa-din-alba-iulia-distins-cu-diploma-si-medalia-anului-centenar-al-patriarhiei-romane\\\/\",\"name\":\"Profesorul George Remete, cadru didactic al Facult\u0103\u021bii de Teologie Ortodox\u0103 din Alba Iulia, distins cu Diploma \u0219i medalia Anului Centenar al Patriarhiei Rom\u00e2ne - Revista Urbea Mea - Revista de Alba\",\"isPartOf\":{\"@id\":\"https:\\\/\\\/urbeamea.ro\\\/albaiulia\\\/#website\"},\"primaryImageOfPage\":{\"@id\":\"https:\\\/\\\/urbeamea.ro\\\/albaiulia\\\/profesorul-george-remete-cadru-didactic-al-facultatii-de-teologie-ortodoxa-din-alba-iulia-distins-cu-diploma-si-medalia-anului-centenar-al-patriarhiei-romane\\\/#primaryimage\"},\"image\":{\"@id\":\"https:\\\/\\\/urbeamea.ro\\\/albaiulia\\\/profesorul-george-remete-cadru-didactic-al-facultatii-de-teologie-ortodoxa-din-alba-iulia-distins-cu-diploma-si-medalia-anului-centenar-al-patriarhiei-romane\\\/#primaryimage\"},\"thumbnailUrl\":\"https:\\\/\\\/urbeamea.ro\\\/albaiulia\\\/wp-content\\\/uploads\\\/2025\\\/03\\\/1000031406.jpg\",\"datePublished\":\"2025-03-16T12:42:55+00:00\",\"dateModified\":\"2025-03-16T12:42:57+00:00\",\"author\":{\"@id\":\"https:\\\/\\\/urbeamea.ro\\\/albaiulia\\\/#\\\/schema\\\/person\\\/5db3854ac38c1cc9f0ab4092d6a20f02\"},\"description\":\"Vineri, 14 martie 2025, p\u0103rintele profesor George Remete, ales recent membru corespondent al Academiei Rom\u00e2ne, a fost distins cu Diploma \u0219i medalia Anului\",\"breadcrumb\":{\"@id\":\"https:\\\/\\\/urbeamea.ro\\\/albaiulia\\\/profesorul-george-remete-cadru-didactic-al-facultatii-de-teologie-ortodoxa-din-alba-iulia-distins-cu-diploma-si-medalia-anului-centenar-al-patriarhiei-romane\\\/#breadcrumb\"},\"inLanguage\":\"ro-RO\",\"potentialAction\":[{\"@type\":\"ReadAction\",\"target\":[\"https:\\\/\\\/urbeamea.ro\\\/albaiulia\\\/profesorul-george-remete-cadru-didactic-al-facultatii-de-teologie-ortodoxa-din-alba-iulia-distins-cu-diploma-si-medalia-anului-centenar-al-patriarhiei-romane\\\/\"]}]},{\"@type\":\"ImageObject\",\"inLanguage\":\"ro-RO\",\"@id\":\"https:\\\/\\\/urbeamea.ro\\\/albaiulia\\\/profesorul-george-remete-cadru-didactic-al-facultatii-de-teologie-ortodoxa-din-alba-iulia-distins-cu-diploma-si-medalia-anului-centenar-al-patriarhiei-romane\\\/#primaryimage\",\"url\":\"https:\\\/\\\/urbeamea.ro\\\/albaiulia\\\/wp-content\\\/uploads\\\/2025\\\/03\\\/1000031406.jpg\",\"contentUrl\":\"https:\\\/\\\/urbeamea.ro\\\/albaiulia\\\/wp-content\\\/uploads\\\/2025\\\/03\\\/1000031406.jpg\",\"width\":1080,\"height\":779},{\"@type\":\"BreadcrumbList\",\"@id\":\"https:\\\/\\\/urbeamea.ro\\\/albaiulia\\\/profesorul-george-remete-cadru-didactic-al-facultatii-de-teologie-ortodoxa-din-alba-iulia-distins-cu-diploma-si-medalia-anului-centenar-al-patriarhiei-romane\\\/#breadcrumb\",\"itemListElement\":[{\"@type\":\"ListItem\",\"position\":1,\"name\":\"Prima pagin\u0103\",\"item\":\"https:\\\/\\\/urbeamea.ro\\\/albaiulia\\\/\"},{\"@type\":\"ListItem\",\"position\":2,\"name\":\"Profesorul George Remete, cadru didactic al Facult\u0103\u021bii de Teologie Ortodox\u0103 din Alba Iulia, distins cu Diploma \u0219i medalia Anului Centenar al Patriarhiei Rom\u00e2ne\"}]},{\"@type\":\"WebSite\",\"@id\":\"https:\\\/\\\/urbeamea.ro\\\/albaiulia\\\/#website\",\"url\":\"https:\\\/\\\/urbeamea.ro\\\/albaiulia\\\/\",\"name\":\"Revista Urbea Mea, Stiri urbane\",\"description\":\"Evenimente \u0219i \u0219tiri din Alba Iulia, Sebe\u0219, Aiud, Blaj\",\"potentialAction\":[{\"@type\":\"SearchAction\",\"target\":{\"@type\":\"EntryPoint\",\"urlTemplate\":\"https:\\\/\\\/urbeamea.ro\\\/albaiulia\\\/?s={search_term_string}\"},\"query-input\":{\"@type\":\"PropertyValueSpecification\",\"valueRequired\":true,\"valueName\":\"search_term_string\"}}],\"inLanguage\":\"ro-RO\"},{\"@type\":\"Person\",\"@id\":\"https:\\\/\\\/urbeamea.ro\\\/albaiulia\\\/#\\\/schema\\\/person\\\/5db3854ac38c1cc9f0ab4092d6a20f02\",\"name\":\"Giurca Sorin\",\"image\":{\"@type\":\"ImageObject\",\"inLanguage\":\"ro-RO\",\"@id\":\"https:\\\/\\\/secure.gravatar.com\\\/avatar\\\/120f6fcae7b3b47a7730cb9943f612f4909f68ac5284b5f40ac1c4615fd70576?s=96&d=mm&r=g\",\"url\":\"https:\\\/\\\/secure.gravatar.com\\\/avatar\\\/120f6fcae7b3b47a7730cb9943f612f4909f68ac5284b5f40ac1c4615fd70576?s=96&d=mm&r=g\",\"contentUrl\":\"https:\\\/\\\/secure.gravatar.com\\\/avatar\\\/120f6fcae7b3b47a7730cb9943f612f4909f68ac5284b5f40ac1c4615fd70576?s=96&d=mm&r=g\",\"caption\":\"Giurca Sorin\"},\"url\":\"https:\\\/\\\/urbeamea.ro\\\/albaiulia\\\/author\\\/sorin\\\/\"}]}<\/script>\n<!-- \/ Yoast SEO plugin. -->","yoast_head_json":{"title":"Profesorul George Remete, cadru didactic al Facult\u0103\u021bii de Teologie Ortodox\u0103 din Alba Iulia, distins cu Diploma \u0219i medalia Anului Centenar al Patriarhiei Rom\u00e2ne - Revista Urbea Mea - Revista de Alba","description":"Vineri, 14 martie 2025, p\u0103rintele profesor George Remete, ales recent membru corespondent al Academiei Rom\u00e2ne, a fost distins cu Diploma \u0219i medalia Anului","robots":{"index":"index","follow":"follow","max-snippet":"max-snippet:-1","max-image-preview":"max-image-preview:large","max-video-preview":"max-video-preview:-1"},"canonical":"https:\/\/urbeamea.ro\/albaiulia\/profesorul-george-remete-cadru-didactic-al-facultatii-de-teologie-ortodoxa-din-alba-iulia-distins-cu-diploma-si-medalia-anului-centenar-al-patriarhiei-romane\/","twitter_card":"summary_large_image","twitter_title":"Profesorul George Remete, cadru didactic al Facult\u0103\u021bii de Teologie Ortodox\u0103 din Alba Iulia, distins cu Diploma \u0219i medalia Anului Centenar al Patriarhiei Rom\u00e2ne - Revista Urbea Mea - Revista de Alba","twitter_description":"Vineri, 14 martie 2025, p\u0103rintele profesor George Remete, ales recent membru corespondent al Academiei Rom\u00e2ne, a fost distins cu Diploma \u0219i medalia Anului","twitter_image":"https:\/\/urbeamea.ro\/albaiulia\/wp-content\/uploads\/2025\/03\/1000031406.jpg","twitter_creator":"@urbeameaweb","twitter_site":"@urbeameaweb","schema":{"@context":"https:\/\/schema.org","@graph":[{"@type":"Article","@id":"https:\/\/urbeamea.ro\/albaiulia\/profesorul-george-remete-cadru-didactic-al-facultatii-de-teologie-ortodoxa-din-alba-iulia-distins-cu-diploma-si-medalia-anului-centenar-al-patriarhiei-romane\/#article","isPartOf":{"@id":"https:\/\/urbeamea.ro\/albaiulia\/profesorul-george-remete-cadru-didactic-al-facultatii-de-teologie-ortodoxa-din-alba-iulia-distins-cu-diploma-si-medalia-anului-centenar-al-patriarhiei-romane\/"},"author":{"name":"Giurca Sorin","@id":"https:\/\/urbeamea.ro\/albaiulia\/#\/schema\/person\/5db3854ac38c1cc9f0ab4092d6a20f02"},"headline":"Profesorul George Remete, cadru didactic al Facult\u0103\u021bii de Teologie Ortodox\u0103 din Alba Iulia, distins cu Diploma \u0219i medalia Anului Centenar al Patriarhiei Rom\u00e2ne","datePublished":"2025-03-16T12:42:55+00:00","dateModified":"2025-03-16T12:42:57+00:00","mainEntityOfPage":{"@id":"https:\/\/urbeamea.ro\/albaiulia\/profesorul-george-remete-cadru-didactic-al-facultatii-de-teologie-ortodoxa-din-alba-iulia-distins-cu-diploma-si-medalia-anului-centenar-al-patriarhiei-romane\/"},"wordCount":306,"commentCount":0,"image":{"@id":"https:\/\/urbeamea.ro\/albaiulia\/profesorul-george-remete-cadru-didactic-al-facultatii-de-teologie-ortodoxa-din-alba-iulia-distins-cu-diploma-si-medalia-anului-centenar-al-patriarhiei-romane\/#primaryimage"},"thumbnailUrl":"https:\/\/urbeamea.ro\/albaiulia\/wp-content\/uploads\/2025\/03\/1000031406.jpg","keywords":["George Remete"],"articleSection":["Educa\u021bie","Evenimente","Social","\u015etiri Urbane","Urbea Mea"],"inLanguage":"ro-RO","potentialAction":[{"@type":"CommentAction","name":"Comment","target":["https:\/\/urbeamea.ro\/albaiulia\/profesorul-george-remete-cadru-didactic-al-facultatii-de-teologie-ortodoxa-din-alba-iulia-distins-cu-diploma-si-medalia-anului-centenar-al-patriarhiei-romane\/#respond"]}]},{"@type":"WebPage","@id":"https:\/\/urbeamea.ro\/albaiulia\/profesorul-george-remete-cadru-didactic-al-facultatii-de-teologie-ortodoxa-din-alba-iulia-distins-cu-diploma-si-medalia-anului-centenar-al-patriarhiei-romane\/","url":"https:\/\/urbeamea.ro\/albaiulia\/profesorul-george-remete-cadru-didactic-al-facultatii-de-teologie-ortodoxa-din-alba-iulia-distins-cu-diploma-si-medalia-anului-centenar-al-patriarhiei-romane\/","name":"Profesorul George Remete, cadru didactic al Facult\u0103\u021bii de Teologie Ortodox\u0103 din Alba Iulia, distins cu Diploma \u0219i medalia Anului Centenar al Patriarhiei Rom\u00e2ne - Revista Urbea Mea - Revista de Alba","isPartOf":{"@id":"https:\/\/urbeamea.ro\/albaiulia\/#website"},"primaryImageOfPage":{"@id":"https:\/\/urbeamea.ro\/albaiulia\/profesorul-george-remete-cadru-didactic-al-facultatii-de-teologie-ortodoxa-din-alba-iulia-distins-cu-diploma-si-medalia-anului-centenar-al-patriarhiei-romane\/#primaryimage"},"image":{"@id":"https:\/\/urbeamea.ro\/albaiulia\/profesorul-george-remete-cadru-didactic-al-facultatii-de-teologie-ortodoxa-din-alba-iulia-distins-cu-diploma-si-medalia-anului-centenar-al-patriarhiei-romane\/#primaryimage"},"thumbnailUrl":"https:\/\/urbeamea.ro\/albaiulia\/wp-content\/uploads\/2025\/03\/1000031406.jpg","datePublished":"2025-03-16T12:42:55+00:00","dateModified":"2025-03-16T12:42:57+00:00","author":{"@id":"https:\/\/urbeamea.ro\/albaiulia\/#\/schema\/person\/5db3854ac38c1cc9f0ab4092d6a20f02"},"description":"Vineri, 14 martie 2025, p\u0103rintele profesor George Remete, ales recent membru corespondent al Academiei Rom\u00e2ne, a fost distins cu Diploma \u0219i medalia Anului","breadcrumb":{"@id":"https:\/\/urbeamea.ro\/albaiulia\/profesorul-george-remete-cadru-didactic-al-facultatii-de-teologie-ortodoxa-din-alba-iulia-distins-cu-diploma-si-medalia-anului-centenar-al-patriarhiei-romane\/#breadcrumb"},"inLanguage":"ro-RO","potentialAction":[{"@type":"ReadAction","target":["https:\/\/urbeamea.ro\/albaiulia\/profesorul-george-remete-cadru-didactic-al-facultatii-de-teologie-ortodoxa-din-alba-iulia-distins-cu-diploma-si-medalia-anului-centenar-al-patriarhiei-romane\/"]}]},{"@type":"ImageObject","inLanguage":"ro-RO","@id":"https:\/\/urbeamea.ro\/albaiulia\/profesorul-george-remete-cadru-didactic-al-facultatii-de-teologie-ortodoxa-din-alba-iulia-distins-cu-diploma-si-medalia-anului-centenar-al-patriarhiei-romane\/#primaryimage","url":"https:\/\/urbeamea.ro\/albaiulia\/wp-content\/uploads\/2025\/03\/1000031406.jpg","contentUrl":"https:\/\/urbeamea.ro\/albaiulia\/wp-content\/uploads\/2025\/03\/1000031406.jpg","width":1080,"height":779},{"@type":"BreadcrumbList","@id":"https:\/\/urbeamea.ro\/albaiulia\/profesorul-george-remete-cadru-didactic-al-facultatii-de-teologie-ortodoxa-din-alba-iulia-distins-cu-diploma-si-medalia-anului-centenar-al-patriarhiei-romane\/#breadcrumb","itemListElement":[{"@type":"ListItem","position":1,"name":"Prima pagin\u0103","item":"https:\/\/urbeamea.ro\/albaiulia\/"},{"@type":"ListItem","position":2,"name":"Profesorul George Remete, cadru didactic al Facult\u0103\u021bii de Teologie Ortodox\u0103 din Alba Iulia, distins cu Diploma \u0219i medalia Anului Centenar al Patriarhiei Rom\u00e2ne"}]},{"@type":"WebSite","@id":"https:\/\/urbeamea.ro\/albaiulia\/#website","url":"https:\/\/urbeamea.ro\/albaiulia\/","name":"Revista Urbea Mea, Stiri urbane","description":"Evenimente \u0219i \u0219tiri din Alba Iulia, Sebe\u0219, Aiud, Blaj","potentialAction":[{"@type":"SearchAction","target":{"@type":"EntryPoint","urlTemplate":"https:\/\/urbeamea.ro\/albaiulia\/?s={search_term_string}"},"query-input":{"@type":"PropertyValueSpecification","valueRequired":true,"valueName":"search_term_string"}}],"inLanguage":"ro-RO"},{"@type":"Person","@id":"https:\/\/urbeamea.ro\/albaiulia\/#\/schema\/person\/5db3854ac38c1cc9f0ab4092d6a20f02","name":"Giurca Sorin","image":{"@type":"ImageObject","inLanguage":"ro-RO","@id":"https:\/\/secure.gravatar.com\/avatar\/120f6fcae7b3b47a7730cb9943f612f4909f68ac5284b5f40ac1c4615fd70576?s=96&d=mm&r=g","url":"https:\/\/secure.gravatar.com\/avatar\/120f6fcae7b3b47a7730cb9943f612f4909f68ac5284b5f40ac1c4615fd70576?s=96&d=mm&r=g","contentUrl":"https:\/\/secure.gravatar.com\/avatar\/120f6fcae7b3b47a7730cb9943f612f4909f68ac5284b5f40ac1c4615fd70576?s=96&d=mm&r=g","caption":"Giurca Sorin"},"url":"https:\/\/urbeamea.ro\/albaiulia\/author\/sorin\/"}]}},"_links":{"self":[{"href":"https:\/\/urbeamea.ro\/albaiulia\/wp-json\/wp\/v2\/posts\/116711","targetHints":{"allow":["GET"]}}],"collection":[{"href":"https:\/\/urbeamea.ro\/albaiulia\/wp-json\/wp\/v2\/posts"}],"about":[{"href":"https:\/\/urbeamea.ro\/albaiulia\/wp-json\/wp\/v2\/types\/post"}],"author":[{"embeddable":true,"href":"https:\/\/urbeamea.ro\/albaiulia\/wp-json\/wp\/v2\/users\/28"}],"replies":[{"embeddable":true,"href":"https:\/\/urbeamea.ro\/albaiulia\/wp-json\/wp\/v2\/comments?post=116711"}],"version-history":[{"count":1,"href":"https:\/\/urbeamea.ro\/albaiulia\/wp-json\/wp\/v2\/posts\/116711\/revisions"}],"predecessor-version":[{"id":116715,"href":"https:\/\/urbeamea.ro\/albaiulia\/wp-json\/wp\/v2\/posts\/116711\/revisions\/116715"}],"wp:featuredmedia":[{"embeddable":true,"href":"https:\/\/urbeamea.ro\/albaiulia\/wp-json\/wp\/v2\/media\/116712"}],"wp:attachment":[{"href":"https:\/\/urbeamea.ro\/albaiulia\/wp-json\/wp\/v2\/media?parent=116711"}],"wp:term":[{"taxonomy":"category","embeddable":true,"href":"https:\/\/urbeamea.ro\/albaiulia\/wp-json\/wp\/v2\/categories?post=116711"},{"taxonomy":"post_tag","embeddable":true,"href":"https:\/\/urbeamea.ro\/albaiulia\/wp-json\/wp\/v2\/tags?post=116711"}],"curies":[{"name":"wp","href":"https:\/\/api.w.org\/{rel}","templated":true}]}}