{"id":116739,"date":"2025-03-19T15:44:58","date_gmt":"2025-03-19T13:44:58","guid":{"rendered":"https:\/\/urbeamea.ro\/albaiulia\/?p=116739"},"modified":"2025-03-19T15:45:00","modified_gmt":"2025-03-19T13:45:00","slug":"21-22-martie-a-xi-a-editie-a-simpozionului-national-de-martirologie-comunismul-si-memoria-martirica-a-bisericilor","status":"publish","type":"post","link":"https:\/\/urbeamea.ro\/albaiulia\/21-22-martie-a-xi-a-editie-a-simpozionului-national-de-martirologie-comunismul-si-memoria-martirica-a-bisericilor\/","title":{"rendered":"21-22 martie: A XI-a edi\u021bie a Simpozionului Na\u021bional de Martirologie: &#8221; Comunismul \u0219i memoria martiric\u0103 a Bisericilor&#8221;"},"content":{"rendered":"\n<p><strong>Muzeul Na\u021bional al Unirii Alba Iulia, \u00een colaborare cu Arhiepiscopia Alba Iuliei \u0219i Facultatea de Teologie Ortodox\u0103 din cadrul Universit\u0103\u021bii \u201e1 Decembrie 1918\u201d din Alba Iulia, organizeaz\u0103, \u00een perioada 21-22 Martie 2025, a unsprezecea edi\u021bie a Simpozionului Na\u021bional de Martirologie, cu tema Comunismul \u0219i memoria martiric\u0103 a Bisericilor.<\/strong><\/p>\n\n\n\n<p>Vineri \u2013 21 Martie \u2013 \u00eencep\u00e2nd ora 9:00 va avea loc deschiderea oficial\u0103 a evenimentului, la Facultatea de Teologie Ortodox\u0103 (Aula \u201eDumitru St\u0103niloae\u201d), urmat\u0103 de desf\u0103\u0219urarea \u00een plen a lucr\u0103rilor simpozionului, la care vor lua parte cercet\u0103tori de prestigiu (istorici, teologi, sociologi, din \u021bar\u0103 \u0219i str\u0103in\u0103tate).<\/p>\n\n\n\n<p>De asemenea, \u00een aceea\u0219i zi, la ora 12:00, va avea loc lansarea volumului: George Enache, Monahismul ortodox rom\u00e2nesc \u0219i modernitatea. <\/p>\n\n\n\n<p>De la Regulamentele Organice la Decretul 410, Eikon, 2024 (prezint\u0103 Drago\u0219 Ursu \u0219i pr. prof. dr. Jan Nicolae).\u00cen aceea\u0219i zi, de la 15:00, se va derula cea de-a doua sesiune de comunic\u0103ri, \u00een format on-line, lucr\u0103rile put\u00e2nd fi urm\u0103rite pe pagina de Facebook a Muzeului Na\u021bional al Unirii din Alba Iulia.<\/p>\n\n\n\n<p>S\u00e2mb\u0103t\u0103 \u2013 22 Martie \u2013 \u00eencep\u00e2nd cu ora 13:00, la m\u0103n\u0103stirea-memorial \u201eR\u00e2pa Robilor\u201d din Aiud, va avea loc lansarea volumelor: R\u0103zvan Per\u0219a, P\u0103rintele Liviu Galaction Munteanu: o biografie documentar\u0103, Rena\u0219terea, 2025 (prezint\u0103 Drago\u0219 Ursu), respectiv Drago\u0219 Ursu, Reeducare \u0219i represiune \u00een comunism. <\/p>\n\n\n\n<p>O istorie politic\u0103 a \u00eenchisorii Aiud, Corint, 2024 (prezint\u0103 pr. conf. dr. Oliviu Botoi).<\/p>\n\n\n\n<p> \u00cent\u00e2lnirea se va \u00eencheia cu recitatul artistic sus\u021binut de elevii Colegiului Na\u021bional \u201eInochentie Micu Clain\u201d &#8211; Blaj \u0219i ai \u0219colii \u201eAvram Iancu\u201d \u2013 Unirea, din cadrul proiectului \u201ePoezia m\u0103rturie din temni\u021ba comunist\u0103\u201d (edi\u021bia a VI-a).<\/p>\n\n\n\n<figure class=\"wp-block-image size-large\"><img loading=\"lazy\" decoding=\"async\" width=\"905\" height=\"1280\" src=\"https:\/\/urbeamea.ro\/albaiulia\/wp-content\/uploads\/2025\/03\/1000031552-905x1280.jpg\" alt=\"\" class=\"wp-image-116740\" srcset=\"https:\/\/urbeamea.ro\/albaiulia\/wp-content\/uploads\/2025\/03\/1000031552-905x1280.jpg 905w, https:\/\/urbeamea.ro\/albaiulia\/wp-content\/uploads\/2025\/03\/1000031552-452x640.jpg 452w, https:\/\/urbeamea.ro\/albaiulia\/wp-content\/uploads\/2025\/03\/1000031552-106x150.jpg 106w, https:\/\/urbeamea.ro\/albaiulia\/wp-content\/uploads\/2025\/03\/1000031552-768x1087.jpg 768w, https:\/\/urbeamea.ro\/albaiulia\/wp-content\/uploads\/2025\/03\/1000031552.jpg 1080w\" sizes=\"auto, (max-width: 905px) 100vw, 905px\" \/><\/figure>\n","protected":false},"excerpt":{"rendered":"<p>Muzeul Na\u021bional al Unirii Alba Iulia, \u00een colaborare cu Arhiepiscopia Alba Iuliei \u0219i Facultatea de Teologie Ortodox\u0103 din cadrul Universit\u0103\u021bii \u201e1 Decembrie 1918\u201d din Alba Iulia, organizeaz\u0103, \u00een perioada 21-22 Martie 2025, a unsprezecea edi\u021bie a Simpozionului Na\u021bional de Martirologie, cu tema Comunismul \u0219i memoria martiric\u0103 a Bisericilor. Vineri \u2013 21 Martie \u2013 \u00eencep\u00e2nd ora &hellip;<\/p>\n","protected":false},"author":28,"featured_media":116740,"comment_status":"open","ping_status":"open","sticky":false,"template":"","format":"standard","meta":{"inline_featured_image":false,"footnotes":""},"categories":[2038,4,8857,2034,1,16344],"tags":[14646],"class_list":["post-116739","post","type-post","status-publish","format-standard","has-post-thumbnail","hentry","category-cultura","category-eveniment","category-istorie","category-social","category-stiri-urbane","category-urbea-mea","tag-simpozion-de-studii-martirologice"],"yoast_head":"<!-- This site is optimized with the Yoast SEO plugin v27.4 - https:\/\/yoast.com\/product\/yoast-seo-wordpress\/ -->\n<title>21-22 martie: A XI-a edi\u021bie a Simpozionului Na\u021bional de Martirologie: &quot; Comunismul \u0219i memoria martiric\u0103 a Bisericilor&quot; - Revista Urbea Mea - Revista de Alba<\/title>\n<meta name=\"description\" content=\"Muzeul Na\u021bional al Unirii Alba Iulia, \u00een colaborare cu Arhiepiscopia Alba Iuliei \u0219i Facultatea de Teologie Ortodox\u0103 din cadrul Universit\u0103\u021bii \u201e1 Decembrie\" \/>\n<meta name=\"robots\" content=\"index, follow, max-snippet:-1, max-image-preview:large, max-video-preview:-1\" \/>\n<link rel=\"canonical\" href=\"https:\/\/urbeamea.ro\/albaiulia\/21-22-martie-a-xi-a-editie-a-simpozionului-national-de-martirologie-comunismul-si-memoria-martirica-a-bisericilor\/\" \/>\n<meta name=\"twitter:card\" content=\"summary_large_image\" \/>\n<meta name=\"twitter:title\" content=\"21-22 martie: A XI-a edi\u021bie a Simpozionului Na\u021bional de Martirologie: &quot; Comunismul \u0219i memoria martiric\u0103 a Bisericilor&quot; - Revista Urbea Mea - Revista de Alba\" \/>\n<meta name=\"twitter:description\" content=\"Muzeul Na\u021bional al Unirii Alba Iulia, \u00een colaborare cu Arhiepiscopia Alba Iuliei \u0219i Facultatea de Teologie Ortodox\u0103 din cadrul Universit\u0103\u021bii \u201e1 Decembrie\" \/>\n<meta name=\"twitter:image\" content=\"https:\/\/urbeamea.ro\/albaiulia\/wp-content\/uploads\/2025\/03\/1000031552.jpg\" \/>\n<meta name=\"twitter:creator\" content=\"@urbeameaweb\" \/>\n<meta name=\"twitter:site\" content=\"@urbeameaweb\" \/>\n<script type=\"application\/ld+json\" class=\"yoast-schema-graph\">{\"@context\":\"https:\\\/\\\/schema.org\",\"@graph\":[{\"@type\":\"Article\",\"@id\":\"https:\\\/\\\/urbeamea.ro\\\/albaiulia\\\/21-22-martie-a-xi-a-editie-a-simpozionului-national-de-martirologie-comunismul-si-memoria-martirica-a-bisericilor\\\/#article\",\"isPartOf\":{\"@id\":\"https:\\\/\\\/urbeamea.ro\\\/albaiulia\\\/21-22-martie-a-xi-a-editie-a-simpozionului-national-de-martirologie-comunismul-si-memoria-martirica-a-bisericilor\\\/\"},\"author\":{\"name\":\"Giurca Sorin\",\"@id\":\"https:\\\/\\\/urbeamea.ro\\\/albaiulia\\\/#\\\/schema\\\/person\\\/5db3854ac38c1cc9f0ab4092d6a20f02\"},\"headline\":\"21-22 martie: A XI-a edi\u021bie a Simpozionului Na\u021bional de Martirologie: &#8221; Comunismul \u0219i memoria martiric\u0103 a Bisericilor&#8221;\",\"datePublished\":\"2025-03-19T13:44:58+00:00\",\"dateModified\":\"2025-03-19T13:45:00+00:00\",\"mainEntityOfPage\":{\"@id\":\"https:\\\/\\\/urbeamea.ro\\\/albaiulia\\\/21-22-martie-a-xi-a-editie-a-simpozionului-national-de-martirologie-comunismul-si-memoria-martirica-a-bisericilor\\\/\"},\"wordCount\":292,\"commentCount\":0,\"image\":{\"@id\":\"https:\\\/\\\/urbeamea.ro\\\/albaiulia\\\/21-22-martie-a-xi-a-editie-a-simpozionului-national-de-martirologie-comunismul-si-memoria-martirica-a-bisericilor\\\/#primaryimage\"},\"thumbnailUrl\":\"https:\\\/\\\/urbeamea.ro\\\/albaiulia\\\/wp-content\\\/uploads\\\/2025\\\/03\\\/1000031552.jpg\",\"keywords\":[\"simpozion de studii martirologice\"],\"articleSection\":[\"Cultur\u0103\",\"Evenimente\",\"Istorie\",\"Social\",\"\u015etiri Urbane\",\"Urbea Mea\"],\"inLanguage\":\"ro-RO\",\"potentialAction\":[{\"@type\":\"CommentAction\",\"name\":\"Comment\",\"target\":[\"https:\\\/\\\/urbeamea.ro\\\/albaiulia\\\/21-22-martie-a-xi-a-editie-a-simpozionului-national-de-martirologie-comunismul-si-memoria-martirica-a-bisericilor\\\/#respond\"]}]},{\"@type\":\"WebPage\",\"@id\":\"https:\\\/\\\/urbeamea.ro\\\/albaiulia\\\/21-22-martie-a-xi-a-editie-a-simpozionului-national-de-martirologie-comunismul-si-memoria-martirica-a-bisericilor\\\/\",\"url\":\"https:\\\/\\\/urbeamea.ro\\\/albaiulia\\\/21-22-martie-a-xi-a-editie-a-simpozionului-national-de-martirologie-comunismul-si-memoria-martirica-a-bisericilor\\\/\",\"name\":\"21-22 martie: A XI-a edi\u021bie a Simpozionului Na\u021bional de Martirologie: \\\" Comunismul \u0219i memoria martiric\u0103 a Bisericilor\\\" - Revista Urbea Mea - Revista de Alba\",\"isPartOf\":{\"@id\":\"https:\\\/\\\/urbeamea.ro\\\/albaiulia\\\/#website\"},\"primaryImageOfPage\":{\"@id\":\"https:\\\/\\\/urbeamea.ro\\\/albaiulia\\\/21-22-martie-a-xi-a-editie-a-simpozionului-national-de-martirologie-comunismul-si-memoria-martirica-a-bisericilor\\\/#primaryimage\"},\"image\":{\"@id\":\"https:\\\/\\\/urbeamea.ro\\\/albaiulia\\\/21-22-martie-a-xi-a-editie-a-simpozionului-national-de-martirologie-comunismul-si-memoria-martirica-a-bisericilor\\\/#primaryimage\"},\"thumbnailUrl\":\"https:\\\/\\\/urbeamea.ro\\\/albaiulia\\\/wp-content\\\/uploads\\\/2025\\\/03\\\/1000031552.jpg\",\"datePublished\":\"2025-03-19T13:44:58+00:00\",\"dateModified\":\"2025-03-19T13:45:00+00:00\",\"author\":{\"@id\":\"https:\\\/\\\/urbeamea.ro\\\/albaiulia\\\/#\\\/schema\\\/person\\\/5db3854ac38c1cc9f0ab4092d6a20f02\"},\"description\":\"Muzeul Na\u021bional al Unirii Alba Iulia, \u00een colaborare cu Arhiepiscopia Alba Iuliei \u0219i Facultatea de Teologie Ortodox\u0103 din cadrul Universit\u0103\u021bii \u201e1 Decembrie\",\"breadcrumb\":{\"@id\":\"https:\\\/\\\/urbeamea.ro\\\/albaiulia\\\/21-22-martie-a-xi-a-editie-a-simpozionului-national-de-martirologie-comunismul-si-memoria-martirica-a-bisericilor\\\/#breadcrumb\"},\"inLanguage\":\"ro-RO\",\"potentialAction\":[{\"@type\":\"ReadAction\",\"target\":[\"https:\\\/\\\/urbeamea.ro\\\/albaiulia\\\/21-22-martie-a-xi-a-editie-a-simpozionului-national-de-martirologie-comunismul-si-memoria-martirica-a-bisericilor\\\/\"]}]},{\"@type\":\"ImageObject\",\"inLanguage\":\"ro-RO\",\"@id\":\"https:\\\/\\\/urbeamea.ro\\\/albaiulia\\\/21-22-martie-a-xi-a-editie-a-simpozionului-national-de-martirologie-comunismul-si-memoria-martirica-a-bisericilor\\\/#primaryimage\",\"url\":\"https:\\\/\\\/urbeamea.ro\\\/albaiulia\\\/wp-content\\\/uploads\\\/2025\\\/03\\\/1000031552.jpg\",\"contentUrl\":\"https:\\\/\\\/urbeamea.ro\\\/albaiulia\\\/wp-content\\\/uploads\\\/2025\\\/03\\\/1000031552.jpg\",\"width\":1080,\"height\":1528},{\"@type\":\"BreadcrumbList\",\"@id\":\"https:\\\/\\\/urbeamea.ro\\\/albaiulia\\\/21-22-martie-a-xi-a-editie-a-simpozionului-national-de-martirologie-comunismul-si-memoria-martirica-a-bisericilor\\\/#breadcrumb\",\"itemListElement\":[{\"@type\":\"ListItem\",\"position\":1,\"name\":\"Prima pagin\u0103\",\"item\":\"https:\\\/\\\/urbeamea.ro\\\/albaiulia\\\/\"},{\"@type\":\"ListItem\",\"position\":2,\"name\":\"21-22 martie: A XI-a edi\u021bie a Simpozionului Na\u021bional de Martirologie: &#8221; Comunismul \u0219i memoria martiric\u0103 a Bisericilor&#8221;\"}]},{\"@type\":\"WebSite\",\"@id\":\"https:\\\/\\\/urbeamea.ro\\\/albaiulia\\\/#website\",\"url\":\"https:\\\/\\\/urbeamea.ro\\\/albaiulia\\\/\",\"name\":\"Revista Urbea Mea, Stiri urbane\",\"description\":\"Evenimente \u0219i \u0219tiri din Alba Iulia, Sebe\u0219, Aiud, Blaj\",\"potentialAction\":[{\"@type\":\"SearchAction\",\"target\":{\"@type\":\"EntryPoint\",\"urlTemplate\":\"https:\\\/\\\/urbeamea.ro\\\/albaiulia\\\/?s={search_term_string}\"},\"query-input\":{\"@type\":\"PropertyValueSpecification\",\"valueRequired\":true,\"valueName\":\"search_term_string\"}}],\"inLanguage\":\"ro-RO\"},{\"@type\":\"Person\",\"@id\":\"https:\\\/\\\/urbeamea.ro\\\/albaiulia\\\/#\\\/schema\\\/person\\\/5db3854ac38c1cc9f0ab4092d6a20f02\",\"name\":\"Giurca Sorin\",\"image\":{\"@type\":\"ImageObject\",\"inLanguage\":\"ro-RO\",\"@id\":\"https:\\\/\\\/secure.gravatar.com\\\/avatar\\\/120f6fcae7b3b47a7730cb9943f612f4909f68ac5284b5f40ac1c4615fd70576?s=96&d=mm&r=g\",\"url\":\"https:\\\/\\\/secure.gravatar.com\\\/avatar\\\/120f6fcae7b3b47a7730cb9943f612f4909f68ac5284b5f40ac1c4615fd70576?s=96&d=mm&r=g\",\"contentUrl\":\"https:\\\/\\\/secure.gravatar.com\\\/avatar\\\/120f6fcae7b3b47a7730cb9943f612f4909f68ac5284b5f40ac1c4615fd70576?s=96&d=mm&r=g\",\"caption\":\"Giurca Sorin\"},\"url\":\"https:\\\/\\\/urbeamea.ro\\\/albaiulia\\\/author\\\/sorin\\\/\"}]}<\/script>\n<!-- \/ Yoast SEO plugin. -->","yoast_head_json":{"title":"21-22 martie: A XI-a edi\u021bie a Simpozionului Na\u021bional de Martirologie: \" Comunismul \u0219i memoria martiric\u0103 a Bisericilor\" - Revista Urbea Mea - Revista de Alba","description":"Muzeul Na\u021bional al Unirii Alba Iulia, \u00een colaborare cu Arhiepiscopia Alba Iuliei \u0219i Facultatea de Teologie Ortodox\u0103 din cadrul Universit\u0103\u021bii \u201e1 Decembrie","robots":{"index":"index","follow":"follow","max-snippet":"max-snippet:-1","max-image-preview":"max-image-preview:large","max-video-preview":"max-video-preview:-1"},"canonical":"https:\/\/urbeamea.ro\/albaiulia\/21-22-martie-a-xi-a-editie-a-simpozionului-national-de-martirologie-comunismul-si-memoria-martirica-a-bisericilor\/","twitter_card":"summary_large_image","twitter_title":"21-22 martie: A XI-a edi\u021bie a Simpozionului Na\u021bional de Martirologie: \" Comunismul \u0219i memoria martiric\u0103 a Bisericilor\" - Revista Urbea Mea - Revista de Alba","twitter_description":"Muzeul Na\u021bional al Unirii Alba Iulia, \u00een colaborare cu Arhiepiscopia Alba Iuliei \u0219i Facultatea de Teologie Ortodox\u0103 din cadrul Universit\u0103\u021bii \u201e1 Decembrie","twitter_image":"https:\/\/urbeamea.ro\/albaiulia\/wp-content\/uploads\/2025\/03\/1000031552.jpg","twitter_creator":"@urbeameaweb","twitter_site":"@urbeameaweb","schema":{"@context":"https:\/\/schema.org","@graph":[{"@type":"Article","@id":"https:\/\/urbeamea.ro\/albaiulia\/21-22-martie-a-xi-a-editie-a-simpozionului-national-de-martirologie-comunismul-si-memoria-martirica-a-bisericilor\/#article","isPartOf":{"@id":"https:\/\/urbeamea.ro\/albaiulia\/21-22-martie-a-xi-a-editie-a-simpozionului-national-de-martirologie-comunismul-si-memoria-martirica-a-bisericilor\/"},"author":{"name":"Giurca Sorin","@id":"https:\/\/urbeamea.ro\/albaiulia\/#\/schema\/person\/5db3854ac38c1cc9f0ab4092d6a20f02"},"headline":"21-22 martie: A XI-a edi\u021bie a Simpozionului Na\u021bional de Martirologie: &#8221; Comunismul \u0219i memoria martiric\u0103 a Bisericilor&#8221;","datePublished":"2025-03-19T13:44:58+00:00","dateModified":"2025-03-19T13:45:00+00:00","mainEntityOfPage":{"@id":"https:\/\/urbeamea.ro\/albaiulia\/21-22-martie-a-xi-a-editie-a-simpozionului-national-de-martirologie-comunismul-si-memoria-martirica-a-bisericilor\/"},"wordCount":292,"commentCount":0,"image":{"@id":"https:\/\/urbeamea.ro\/albaiulia\/21-22-martie-a-xi-a-editie-a-simpozionului-national-de-martirologie-comunismul-si-memoria-martirica-a-bisericilor\/#primaryimage"},"thumbnailUrl":"https:\/\/urbeamea.ro\/albaiulia\/wp-content\/uploads\/2025\/03\/1000031552.jpg","keywords":["simpozion de studii martirologice"],"articleSection":["Cultur\u0103","Evenimente","Istorie","Social","\u015etiri Urbane","Urbea Mea"],"inLanguage":"ro-RO","potentialAction":[{"@type":"CommentAction","name":"Comment","target":["https:\/\/urbeamea.ro\/albaiulia\/21-22-martie-a-xi-a-editie-a-simpozionului-national-de-martirologie-comunismul-si-memoria-martirica-a-bisericilor\/#respond"]}]},{"@type":"WebPage","@id":"https:\/\/urbeamea.ro\/albaiulia\/21-22-martie-a-xi-a-editie-a-simpozionului-national-de-martirologie-comunismul-si-memoria-martirica-a-bisericilor\/","url":"https:\/\/urbeamea.ro\/albaiulia\/21-22-martie-a-xi-a-editie-a-simpozionului-national-de-martirologie-comunismul-si-memoria-martirica-a-bisericilor\/","name":"21-22 martie: A XI-a edi\u021bie a Simpozionului Na\u021bional de Martirologie: \" Comunismul \u0219i memoria martiric\u0103 a Bisericilor\" - Revista Urbea Mea - Revista de Alba","isPartOf":{"@id":"https:\/\/urbeamea.ro\/albaiulia\/#website"},"primaryImageOfPage":{"@id":"https:\/\/urbeamea.ro\/albaiulia\/21-22-martie-a-xi-a-editie-a-simpozionului-national-de-martirologie-comunismul-si-memoria-martirica-a-bisericilor\/#primaryimage"},"image":{"@id":"https:\/\/urbeamea.ro\/albaiulia\/21-22-martie-a-xi-a-editie-a-simpozionului-national-de-martirologie-comunismul-si-memoria-martirica-a-bisericilor\/#primaryimage"},"thumbnailUrl":"https:\/\/urbeamea.ro\/albaiulia\/wp-content\/uploads\/2025\/03\/1000031552.jpg","datePublished":"2025-03-19T13:44:58+00:00","dateModified":"2025-03-19T13:45:00+00:00","author":{"@id":"https:\/\/urbeamea.ro\/albaiulia\/#\/schema\/person\/5db3854ac38c1cc9f0ab4092d6a20f02"},"description":"Muzeul Na\u021bional al Unirii Alba Iulia, \u00een colaborare cu Arhiepiscopia Alba Iuliei \u0219i Facultatea de Teologie Ortodox\u0103 din cadrul Universit\u0103\u021bii \u201e1 Decembrie","breadcrumb":{"@id":"https:\/\/urbeamea.ro\/albaiulia\/21-22-martie-a-xi-a-editie-a-simpozionului-national-de-martirologie-comunismul-si-memoria-martirica-a-bisericilor\/#breadcrumb"},"inLanguage":"ro-RO","potentialAction":[{"@type":"ReadAction","target":["https:\/\/urbeamea.ro\/albaiulia\/21-22-martie-a-xi-a-editie-a-simpozionului-national-de-martirologie-comunismul-si-memoria-martirica-a-bisericilor\/"]}]},{"@type":"ImageObject","inLanguage":"ro-RO","@id":"https:\/\/urbeamea.ro\/albaiulia\/21-22-martie-a-xi-a-editie-a-simpozionului-national-de-martirologie-comunismul-si-memoria-martirica-a-bisericilor\/#primaryimage","url":"https:\/\/urbeamea.ro\/albaiulia\/wp-content\/uploads\/2025\/03\/1000031552.jpg","contentUrl":"https:\/\/urbeamea.ro\/albaiulia\/wp-content\/uploads\/2025\/03\/1000031552.jpg","width":1080,"height":1528},{"@type":"BreadcrumbList","@id":"https:\/\/urbeamea.ro\/albaiulia\/21-22-martie-a-xi-a-editie-a-simpozionului-national-de-martirologie-comunismul-si-memoria-martirica-a-bisericilor\/#breadcrumb","itemListElement":[{"@type":"ListItem","position":1,"name":"Prima pagin\u0103","item":"https:\/\/urbeamea.ro\/albaiulia\/"},{"@type":"ListItem","position":2,"name":"21-22 martie: A XI-a edi\u021bie a Simpozionului Na\u021bional de Martirologie: &#8221; Comunismul \u0219i memoria martiric\u0103 a Bisericilor&#8221;"}]},{"@type":"WebSite","@id":"https:\/\/urbeamea.ro\/albaiulia\/#website","url":"https:\/\/urbeamea.ro\/albaiulia\/","name":"Revista Urbea Mea, Stiri urbane","description":"Evenimente \u0219i \u0219tiri din Alba Iulia, Sebe\u0219, Aiud, Blaj","potentialAction":[{"@type":"SearchAction","target":{"@type":"EntryPoint","urlTemplate":"https:\/\/urbeamea.ro\/albaiulia\/?s={search_term_string}"},"query-input":{"@type":"PropertyValueSpecification","valueRequired":true,"valueName":"search_term_string"}}],"inLanguage":"ro-RO"},{"@type":"Person","@id":"https:\/\/urbeamea.ro\/albaiulia\/#\/schema\/person\/5db3854ac38c1cc9f0ab4092d6a20f02","name":"Giurca Sorin","image":{"@type":"ImageObject","inLanguage":"ro-RO","@id":"https:\/\/secure.gravatar.com\/avatar\/120f6fcae7b3b47a7730cb9943f612f4909f68ac5284b5f40ac1c4615fd70576?s=96&d=mm&r=g","url":"https:\/\/secure.gravatar.com\/avatar\/120f6fcae7b3b47a7730cb9943f612f4909f68ac5284b5f40ac1c4615fd70576?s=96&d=mm&r=g","contentUrl":"https:\/\/secure.gravatar.com\/avatar\/120f6fcae7b3b47a7730cb9943f612f4909f68ac5284b5f40ac1c4615fd70576?s=96&d=mm&r=g","caption":"Giurca Sorin"},"url":"https:\/\/urbeamea.ro\/albaiulia\/author\/sorin\/"}]}},"_links":{"self":[{"href":"https:\/\/urbeamea.ro\/albaiulia\/wp-json\/wp\/v2\/posts\/116739","targetHints":{"allow":["GET"]}}],"collection":[{"href":"https:\/\/urbeamea.ro\/albaiulia\/wp-json\/wp\/v2\/posts"}],"about":[{"href":"https:\/\/urbeamea.ro\/albaiulia\/wp-json\/wp\/v2\/types\/post"}],"author":[{"embeddable":true,"href":"https:\/\/urbeamea.ro\/albaiulia\/wp-json\/wp\/v2\/users\/28"}],"replies":[{"embeddable":true,"href":"https:\/\/urbeamea.ro\/albaiulia\/wp-json\/wp\/v2\/comments?post=116739"}],"version-history":[{"count":1,"href":"https:\/\/urbeamea.ro\/albaiulia\/wp-json\/wp\/v2\/posts\/116739\/revisions"}],"predecessor-version":[{"id":116741,"href":"https:\/\/urbeamea.ro\/albaiulia\/wp-json\/wp\/v2\/posts\/116739\/revisions\/116741"}],"wp:featuredmedia":[{"embeddable":true,"href":"https:\/\/urbeamea.ro\/albaiulia\/wp-json\/wp\/v2\/media\/116740"}],"wp:attachment":[{"href":"https:\/\/urbeamea.ro\/albaiulia\/wp-json\/wp\/v2\/media?parent=116739"}],"wp:term":[{"taxonomy":"category","embeddable":true,"href":"https:\/\/urbeamea.ro\/albaiulia\/wp-json\/wp\/v2\/categories?post=116739"},{"taxonomy":"post_tag","embeddable":true,"href":"https:\/\/urbeamea.ro\/albaiulia\/wp-json\/wp\/v2\/tags?post=116739"}],"curies":[{"name":"wp","href":"https:\/\/api.w.org\/{rel}","templated":true}]}}