{"id":117082,"date":"2025-04-09T10:56:31","date_gmt":"2025-04-09T07:56:31","guid":{"rendered":"https:\/\/urbeamea.ro\/albaiulia\/?p=117082"},"modified":"2025-04-09T10:56:33","modified_gmt":"2025-04-09T07:56:33","slug":"ziua-internationala-a-romilor-sarbatorita-la-centrul-multifunctional-gheorghe-sincai-din-alba-iulia","status":"publish","type":"post","link":"https:\/\/urbeamea.ro\/albaiulia\/ziua-internationala-a-romilor-sarbatorita-la-centrul-multifunctional-gheorghe-sincai-din-alba-iulia\/","title":{"rendered":"Ziua Interna\u021bional\u0103 a Romilor, s\u0103rb\u0103torit\u0103 la Centrul Multifunc\u021bional &#8222;Gheorghe \u0218incai&#8221; din Alba Iulia"},"content":{"rendered":"\n<p><strong>Ziua Interna\u021bional\u0103 a Romilor a fost s\u0103rb\u0103torit\u0103, mar\u021bi, la Centrul Multifunc\u021bional &#8222;Gheorghe \u0218incai&#8221; din Alba Iulia.<\/strong><\/p>\n\n\n\n<p>\u00cen cadrul evenimentului, au fost premia\u021bi elevii cu rezultate bune la \u00eenv\u0103\u021b\u0103tur\u0103 al\u0103turi de momente muzicale dedicate comunit\u0103\u021bii rome <\/p>\n\n\n\n<p>&#8222;Ast\u0103zi, 8 aprilie, am s\u0103rb\u0103torit comunitatea rom\u0103 din Alba Iulia \u00een cadrul Centrului Multifunc\u021bional \u201dGheorghe \u0218incai\u201d. <\/p>\n\n\n\n<p>Ziua de 8 aprilie reprezint\u0103, an de an, o ocazie special\u0103 de a s\u0103rb\u0103tori contribu\u021bia valoroas\u0103 pe care romii o aduc \u00een construc\u021bia unei societ\u0103\u021bi diverse \u0219i solidare. Cred cu t\u0103rie c\u0103 o comunitate con\u0219tient\u0103 de istoria \u0219i cultura sa este mai preg\u0103tit\u0103 s\u0103 priveasc\u0103 spre viitor cu \u00eencredere \u0219i demnitate. <\/p>\n\n\n\n<p>Doar \u00eempreun\u0103, prin dialog deschis \u0219i prin valorizarea fiec\u0103rei identit\u0103\u021bi, putem crea un spa\u021biu \u00een care fiecare persoan\u0103 este v\u0103zut\u0103, auzit\u0103 \u0219i respectat\u0103.<\/p>\n\n\n\n<p> Continu\u0103m s\u0103 construim un spa\u021biu sigur, incluziv, \u00een care drepturile fiec\u0103ruia sunt respectate \u0219i puse \u00een slujba binelui comun.<\/p>\n\n\n\n<p>Prim\u0103ria Municipiului Alba Iulia al\u0103turi de Asocia\u021bia Grupul Local de Ac\u021biune Alba Iulia Incluziv\u0103 au organizat acest eveniment care a pus \u00een lumin\u0103 talentul, performan\u021ba \u0219i bog\u0103\u021bia cultural\u0103 a comunit\u0103\u021bii rome.<\/p>\n\n\n\n<p> Festivitatea de premiere a elevilor cu rezultate deosebite, momentul muzical sus\u021binut de orchestra de muzic\u0103 tradi\u021bional\u0103 condus\u0103 de maestrul Daniel Iancu \u0219i reprezenta\u021bia artistic\u0103 oferit\u0103 de elevii Liceului Tehnologic \u201eDorin Pavel\u201d au transformat aceast\u0103 zi \u00eentr-un simbol viu al diversit\u0103\u021bii, respectului \u0219i coeziunii.<\/p>\n\n\n\n<p>Acest tip de ini\u021biative trebuie s\u0103 devin\u0103 tot mai prezente \u00een via\u021ba noastr\u0103 comunitar\u0103, pentru a ne asigura c\u0103 nimeni nu este l\u0103sat \u00een urm\u0103 \u0219i c\u0103 fiecare voce poate fi auzit\u0103, contribuind la armonia noastr\u0103 colectiv\u0103.<\/p>\n\n\n\n<p>La mul\u021bi ani!!&#8221;, a transmis primarul municipiului Alba Iulia, Gabriel Ple\u0219a, prin intermediul paginii de socializare <\/p>\n\n\n\n<figure class=\"wp-block-gallery has-nested-images columns-default is-cropped wp-block-gallery-1 is-layout-flex wp-block-gallery-is-layout-flex\">\n<figure class=\"wp-block-image size-large\"><img loading=\"lazy\" decoding=\"async\" width=\"1080\" height=\"720\" data-id=\"117083\" src=\"https:\/\/urbeamea.ro\/albaiulia\/wp-content\/uploads\/2025\/04\/1000033589.jpg\" alt=\"\" class=\"wp-image-117083\" srcset=\"https:\/\/urbeamea.ro\/albaiulia\/wp-content\/uploads\/2025\/04\/1000033589.jpg 1080w, https:\/\/urbeamea.ro\/albaiulia\/wp-content\/uploads\/2025\/04\/1000033589-640x427.jpg 640w, https:\/\/urbeamea.ro\/albaiulia\/wp-content\/uploads\/2025\/04\/1000033589-150x100.jpg 150w, https:\/\/urbeamea.ro\/albaiulia\/wp-content\/uploads\/2025\/04\/1000033589-768x512.jpg 768w\" sizes=\"auto, (max-width: 1080px) 100vw, 1080px\" \/><\/figure>\n\n\n\n<figure class=\"wp-block-image size-large\"><img loading=\"lazy\" decoding=\"async\" width=\"1080\" height=\"720\" data-id=\"117084\" src=\"https:\/\/urbeamea.ro\/albaiulia\/wp-content\/uploads\/2025\/04\/1000033592.jpg\" alt=\"\" class=\"wp-image-117084\" srcset=\"https:\/\/urbeamea.ro\/albaiulia\/wp-content\/uploads\/2025\/04\/1000033592.jpg 1080w, https:\/\/urbeamea.ro\/albaiulia\/wp-content\/uploads\/2025\/04\/1000033592-640x427.jpg 640w, https:\/\/urbeamea.ro\/albaiulia\/wp-content\/uploads\/2025\/04\/1000033592-150x100.jpg 150w, https:\/\/urbeamea.ro\/albaiulia\/wp-content\/uploads\/2025\/04\/1000033592-768x512.jpg 768w\" sizes=\"auto, (max-width: 1080px) 100vw, 1080px\" \/><\/figure>\n\n\n\n<figure class=\"wp-block-image size-large\"><img loading=\"lazy\" decoding=\"async\" width=\"853\" height=\"1280\" data-id=\"117087\" src=\"https:\/\/urbeamea.ro\/albaiulia\/wp-content\/uploads\/2025\/04\/1000033591-853x1280.jpg\" alt=\"\" class=\"wp-image-117087\" srcset=\"https:\/\/urbeamea.ro\/albaiulia\/wp-content\/uploads\/2025\/04\/1000033591-853x1280.jpg 853w, https:\/\/urbeamea.ro\/albaiulia\/wp-content\/uploads\/2025\/04\/1000033591-427x640.jpg 427w, https:\/\/urbeamea.ro\/albaiulia\/wp-content\/uploads\/2025\/04\/1000033591-100x150.jpg 100w, https:\/\/urbeamea.ro\/albaiulia\/wp-content\/uploads\/2025\/04\/1000033591-768x1152.jpg 768w, https:\/\/urbeamea.ro\/albaiulia\/wp-content\/uploads\/2025\/04\/1000033591-1024x1536.jpg 1024w, https:\/\/urbeamea.ro\/albaiulia\/wp-content\/uploads\/2025\/04\/1000033591.jpg 1080w\" sizes=\"auto, (max-width: 853px) 100vw, 853px\" \/><\/figure>\n\n\n\n<figure class=\"wp-block-image size-large\"><img loading=\"lazy\" decoding=\"async\" width=\"1080\" height=\"720\" data-id=\"117085\" src=\"https:\/\/urbeamea.ro\/albaiulia\/wp-content\/uploads\/2025\/04\/1000033590.jpg\" alt=\"\" class=\"wp-image-117085\" srcset=\"https:\/\/urbeamea.ro\/albaiulia\/wp-content\/uploads\/2025\/04\/1000033590.jpg 1080w, https:\/\/urbeamea.ro\/albaiulia\/wp-content\/uploads\/2025\/04\/1000033590-640x427.jpg 640w, https:\/\/urbeamea.ro\/albaiulia\/wp-content\/uploads\/2025\/04\/1000033590-150x100.jpg 150w, https:\/\/urbeamea.ro\/albaiulia\/wp-content\/uploads\/2025\/04\/1000033590-768x512.jpg 768w\" sizes=\"auto, (max-width: 1080px) 100vw, 1080px\" \/><\/figure>\n\n\n\n<figure class=\"wp-block-image size-large\"><img loading=\"lazy\" decoding=\"async\" width=\"1080\" height=\"720\" data-id=\"117086\" src=\"https:\/\/urbeamea.ro\/albaiulia\/wp-content\/uploads\/2025\/04\/1000033593.jpg\" alt=\"\" class=\"wp-image-117086\" srcset=\"https:\/\/urbeamea.ro\/albaiulia\/wp-content\/uploads\/2025\/04\/1000033593.jpg 1080w, https:\/\/urbeamea.ro\/albaiulia\/wp-content\/uploads\/2025\/04\/1000033593-640x427.jpg 640w, https:\/\/urbeamea.ro\/albaiulia\/wp-content\/uploads\/2025\/04\/1000033593-150x100.jpg 150w, https:\/\/urbeamea.ro\/albaiulia\/wp-content\/uploads\/2025\/04\/1000033593-768x512.jpg 768w\" sizes=\"auto, (max-width: 1080px) 100vw, 1080px\" \/><\/figure>\n\n\n\n<figure class=\"wp-block-image size-large\"><img loading=\"lazy\" decoding=\"async\" width=\"1080\" height=\"720\" data-id=\"117088\" src=\"https:\/\/urbeamea.ro\/albaiulia\/wp-content\/uploads\/2025\/04\/1000033594.jpg\" alt=\"\" class=\"wp-image-117088\" srcset=\"https:\/\/urbeamea.ro\/albaiulia\/wp-content\/uploads\/2025\/04\/1000033594.jpg 1080w, https:\/\/urbeamea.ro\/albaiulia\/wp-content\/uploads\/2025\/04\/1000033594-640x427.jpg 640w, https:\/\/urbeamea.ro\/albaiulia\/wp-content\/uploads\/2025\/04\/1000033594-150x100.jpg 150w, https:\/\/urbeamea.ro\/albaiulia\/wp-content\/uploads\/2025\/04\/1000033594-768x512.jpg 768w\" sizes=\"auto, (max-width: 1080px) 100vw, 1080px\" \/><\/figure>\n\n\n\n<figure class=\"wp-block-image size-large\"><img loading=\"lazy\" decoding=\"async\" width=\"1080\" height=\"720\" data-id=\"117089\" src=\"https:\/\/urbeamea.ro\/albaiulia\/wp-content\/uploads\/2025\/04\/1000033596.jpg\" alt=\"\" class=\"wp-image-117089\" srcset=\"https:\/\/urbeamea.ro\/albaiulia\/wp-content\/uploads\/2025\/04\/1000033596.jpg 1080w, https:\/\/urbeamea.ro\/albaiulia\/wp-content\/uploads\/2025\/04\/1000033596-640x427.jpg 640w, https:\/\/urbeamea.ro\/albaiulia\/wp-content\/uploads\/2025\/04\/1000033596-150x100.jpg 150w, https:\/\/urbeamea.ro\/albaiulia\/wp-content\/uploads\/2025\/04\/1000033596-768x512.jpg 768w\" sizes=\"auto, (max-width: 1080px) 100vw, 1080px\" \/><\/figure>\n\n\n\n<figure class=\"wp-block-image size-large\"><img loading=\"lazy\" decoding=\"async\" width=\"1080\" height=\"720\" data-id=\"117090\" src=\"https:\/\/urbeamea.ro\/albaiulia\/wp-content\/uploads\/2025\/04\/1000033597.jpg\" alt=\"\" class=\"wp-image-117090\" srcset=\"https:\/\/urbeamea.ro\/albaiulia\/wp-content\/uploads\/2025\/04\/1000033597.jpg 1080w, https:\/\/urbeamea.ro\/albaiulia\/wp-content\/uploads\/2025\/04\/1000033597-640x427.jpg 640w, https:\/\/urbeamea.ro\/albaiulia\/wp-content\/uploads\/2025\/04\/1000033597-150x100.jpg 150w, https:\/\/urbeamea.ro\/albaiulia\/wp-content\/uploads\/2025\/04\/1000033597-768x512.jpg 768w\" sizes=\"auto, (max-width: 1080px) 100vw, 1080px\" \/><\/figure>\n\n\n\n<figure class=\"wp-block-image size-large\"><img loading=\"lazy\" decoding=\"async\" width=\"1080\" height=\"720\" data-id=\"117091\" src=\"https:\/\/urbeamea.ro\/albaiulia\/wp-content\/uploads\/2025\/04\/1000033598.jpg\" alt=\"\" class=\"wp-image-117091\" srcset=\"https:\/\/urbeamea.ro\/albaiulia\/wp-content\/uploads\/2025\/04\/1000033598.jpg 1080w, https:\/\/urbeamea.ro\/albaiulia\/wp-content\/uploads\/2025\/04\/1000033598-640x427.jpg 640w, https:\/\/urbeamea.ro\/albaiulia\/wp-content\/uploads\/2025\/04\/1000033598-150x100.jpg 150w, https:\/\/urbeamea.ro\/albaiulia\/wp-content\/uploads\/2025\/04\/1000033598-768x512.jpg 768w\" sizes=\"auto, (max-width: 1080px) 100vw, 1080px\" \/><\/figure>\n\n\n\n<figure class=\"wp-block-image size-large\"><img loading=\"lazy\" decoding=\"async\" width=\"1080\" height=\"720\" data-id=\"117093\" src=\"https:\/\/urbeamea.ro\/albaiulia\/wp-content\/uploads\/2025\/04\/1000033601.jpg\" alt=\"\" class=\"wp-image-117093\" srcset=\"https:\/\/urbeamea.ro\/albaiulia\/wp-content\/uploads\/2025\/04\/1000033601.jpg 1080w, https:\/\/urbeamea.ro\/albaiulia\/wp-content\/uploads\/2025\/04\/1000033601-640x427.jpg 640w, https:\/\/urbeamea.ro\/albaiulia\/wp-content\/uploads\/2025\/04\/1000033601-150x100.jpg 150w, https:\/\/urbeamea.ro\/albaiulia\/wp-content\/uploads\/2025\/04\/1000033601-768x512.jpg 768w\" sizes=\"auto, (max-width: 1080px) 100vw, 1080px\" \/><\/figure>\n\n\n\n<figure class=\"wp-block-image size-large\"><img loading=\"lazy\" decoding=\"async\" width=\"1080\" height=\"720\" data-id=\"117092\" src=\"https:\/\/urbeamea.ro\/albaiulia\/wp-content\/uploads\/2025\/04\/1000033600.jpg\" alt=\"\" class=\"wp-image-117092\" srcset=\"https:\/\/urbeamea.ro\/albaiulia\/wp-content\/uploads\/2025\/04\/1000033600.jpg 1080w, https:\/\/urbeamea.ro\/albaiulia\/wp-content\/uploads\/2025\/04\/1000033600-640x427.jpg 640w, https:\/\/urbeamea.ro\/albaiulia\/wp-content\/uploads\/2025\/04\/1000033600-150x100.jpg 150w, https:\/\/urbeamea.ro\/albaiulia\/wp-content\/uploads\/2025\/04\/1000033600-768x512.jpg 768w\" sizes=\"auto, (max-width: 1080px) 100vw, 1080px\" \/><\/figure>\n\n\n\n<figure class=\"wp-block-image size-large\"><img loading=\"lazy\" decoding=\"async\" width=\"1080\" height=\"720\" data-id=\"117094\" src=\"https:\/\/urbeamea.ro\/albaiulia\/wp-content\/uploads\/2025\/04\/1000033599.jpg\" alt=\"\" class=\"wp-image-117094\" srcset=\"https:\/\/urbeamea.ro\/albaiulia\/wp-content\/uploads\/2025\/04\/1000033599.jpg 1080w, https:\/\/urbeamea.ro\/albaiulia\/wp-content\/uploads\/2025\/04\/1000033599-640x427.jpg 640w, https:\/\/urbeamea.ro\/albaiulia\/wp-content\/uploads\/2025\/04\/1000033599-150x100.jpg 150w, https:\/\/urbeamea.ro\/albaiulia\/wp-content\/uploads\/2025\/04\/1000033599-768x512.jpg 768w\" sizes=\"auto, (max-width: 1080px) 100vw, 1080px\" \/><\/figure>\n<\/figure>\n","protected":false},"excerpt":{"rendered":"<p>Ziua Interna\u021bional\u0103 a Romilor a fost s\u0103rb\u0103torit\u0103, mar\u021bi, la Centrul Multifunc\u021bional &#8222;Gheorghe \u0218incai&#8221; din Alba Iulia. \u00cen cadrul evenimentului, au fost premia\u021bi elevii cu rezultate bune la \u00eenv\u0103\u021b\u0103tur\u0103 al\u0103turi de momente muzicale dedicate comunit\u0103\u021bii rome &#8222;Ast\u0103zi, 8 aprilie, am s\u0103rb\u0103torit comunitatea rom\u0103 din Alba Iulia \u00een cadrul Centrului Multifunc\u021bional \u201dGheorghe \u0218incai\u201d. Ziua de 8 aprilie &hellip;<\/p>\n","protected":false},"author":28,"featured_media":117085,"comment_status":"open","ping_status":"open","sticky":false,"template":"","format":"standard","meta":{"inline_featured_image":false,"footnotes":""},"categories":[4,2034,1,16344],"tags":[25279],"class_list":["post-117082","post","type-post","status-publish","format-standard","has-post-thumbnail","hentry","category-eveniment","category-social","category-stiri-urbane","category-urbea-mea","tag-ziua-romilor"],"yoast_head":"<!-- This site is optimized with the Yoast SEO plugin v27.4 - https:\/\/yoast.com\/product\/yoast-seo-wordpress\/ -->\n<title>Ziua Interna\u021bional\u0103 a Romilor, s\u0103rb\u0103torit\u0103 la Centrul Multifunc\u021bional &quot;Gheorghe \u0218incai&quot; din Alba Iulia - Revista Urbea Mea - Revista de Alba<\/title>\n<meta name=\"description\" content=\"Ziua Interna\u021bional\u0103 a Romilor a fost s\u0103rb\u0103torit\u0103, mar\u021bi, la Centrul Multifunc\u021bional &quot;Gheorghe \u0218incai&quot; din Alba Iulia. \u00cen cadrul evenimentului, au fost\" \/>\n<meta name=\"robots\" content=\"index, follow, max-snippet:-1, max-image-preview:large, max-video-preview:-1\" \/>\n<link rel=\"canonical\" href=\"https:\/\/urbeamea.ro\/albaiulia\/ziua-internationala-a-romilor-sarbatorita-la-centrul-multifunctional-gheorghe-sincai-din-alba-iulia\/\" \/>\n<meta name=\"twitter:card\" content=\"summary_large_image\" \/>\n<meta name=\"twitter:title\" content=\"Ziua Interna\u021bional\u0103 a Romilor, s\u0103rb\u0103torit\u0103 la Centrul Multifunc\u021bional &quot;Gheorghe \u0218incai&quot; din Alba Iulia - Revista Urbea Mea - Revista de Alba\" \/>\n<meta name=\"twitter:description\" content=\"Ziua Interna\u021bional\u0103 a Romilor a fost s\u0103rb\u0103torit\u0103, mar\u021bi, la Centrul Multifunc\u021bional &quot;Gheorghe \u0218incai&quot; din Alba Iulia. \u00cen cadrul evenimentului, au fost\" \/>\n<meta name=\"twitter:image\" content=\"https:\/\/urbeamea.ro\/albaiulia\/wp-content\/uploads\/2025\/04\/1000033590.jpg\" \/>\n<meta name=\"twitter:creator\" content=\"@urbeameaweb\" \/>\n<meta name=\"twitter:site\" content=\"@urbeameaweb\" \/>\n<script type=\"application\/ld+json\" class=\"yoast-schema-graph\">{\"@context\":\"https:\\\/\\\/schema.org\",\"@graph\":[{\"@type\":\"Article\",\"@id\":\"https:\\\/\\\/urbeamea.ro\\\/albaiulia\\\/ziua-internationala-a-romilor-sarbatorita-la-centrul-multifunctional-gheorghe-sincai-din-alba-iulia\\\/#article\",\"isPartOf\":{\"@id\":\"https:\\\/\\\/urbeamea.ro\\\/albaiulia\\\/ziua-internationala-a-romilor-sarbatorita-la-centrul-multifunctional-gheorghe-sincai-din-alba-iulia\\\/\"},\"author\":{\"name\":\"Giurca Sorin\",\"@id\":\"https:\\\/\\\/urbeamea.ro\\\/albaiulia\\\/#\\\/schema\\\/person\\\/5db3854ac38c1cc9f0ab4092d6a20f02\"},\"headline\":\"Ziua Interna\u021bional\u0103 a Romilor, s\u0103rb\u0103torit\u0103 la Centrul Multifunc\u021bional &#8222;Gheorghe \u0218incai&#8221; din Alba Iulia\",\"datePublished\":\"2025-04-09T07:56:31+00:00\",\"dateModified\":\"2025-04-09T07:56:33+00:00\",\"mainEntityOfPage\":{\"@id\":\"https:\\\/\\\/urbeamea.ro\\\/albaiulia\\\/ziua-internationala-a-romilor-sarbatorita-la-centrul-multifunctional-gheorghe-sincai-din-alba-iulia\\\/\"},\"wordCount\":330,\"commentCount\":0,\"image\":{\"@id\":\"https:\\\/\\\/urbeamea.ro\\\/albaiulia\\\/ziua-internationala-a-romilor-sarbatorita-la-centrul-multifunctional-gheorghe-sincai-din-alba-iulia\\\/#primaryimage\"},\"thumbnailUrl\":\"https:\\\/\\\/urbeamea.ro\\\/albaiulia\\\/wp-content\\\/uploads\\\/2025\\\/04\\\/1000033590.jpg\",\"keywords\":[\"Ziua Romilor\"],\"articleSection\":[\"Evenimente\",\"Social\",\"\u015etiri Urbane\",\"Urbea Mea\"],\"inLanguage\":\"ro-RO\",\"potentialAction\":[{\"@type\":\"CommentAction\",\"name\":\"Comment\",\"target\":[\"https:\\\/\\\/urbeamea.ro\\\/albaiulia\\\/ziua-internationala-a-romilor-sarbatorita-la-centrul-multifunctional-gheorghe-sincai-din-alba-iulia\\\/#respond\"]}]},{\"@type\":\"WebPage\",\"@id\":\"https:\\\/\\\/urbeamea.ro\\\/albaiulia\\\/ziua-internationala-a-romilor-sarbatorita-la-centrul-multifunctional-gheorghe-sincai-din-alba-iulia\\\/\",\"url\":\"https:\\\/\\\/urbeamea.ro\\\/albaiulia\\\/ziua-internationala-a-romilor-sarbatorita-la-centrul-multifunctional-gheorghe-sincai-din-alba-iulia\\\/\",\"name\":\"Ziua Interna\u021bional\u0103 a Romilor, s\u0103rb\u0103torit\u0103 la Centrul Multifunc\u021bional \\\"Gheorghe \u0218incai\\\" din Alba Iulia - Revista Urbea Mea - Revista de Alba\",\"isPartOf\":{\"@id\":\"https:\\\/\\\/urbeamea.ro\\\/albaiulia\\\/#website\"},\"primaryImageOfPage\":{\"@id\":\"https:\\\/\\\/urbeamea.ro\\\/albaiulia\\\/ziua-internationala-a-romilor-sarbatorita-la-centrul-multifunctional-gheorghe-sincai-din-alba-iulia\\\/#primaryimage\"},\"image\":{\"@id\":\"https:\\\/\\\/urbeamea.ro\\\/albaiulia\\\/ziua-internationala-a-romilor-sarbatorita-la-centrul-multifunctional-gheorghe-sincai-din-alba-iulia\\\/#primaryimage\"},\"thumbnailUrl\":\"https:\\\/\\\/urbeamea.ro\\\/albaiulia\\\/wp-content\\\/uploads\\\/2025\\\/04\\\/1000033590.jpg\",\"datePublished\":\"2025-04-09T07:56:31+00:00\",\"dateModified\":\"2025-04-09T07:56:33+00:00\",\"author\":{\"@id\":\"https:\\\/\\\/urbeamea.ro\\\/albaiulia\\\/#\\\/schema\\\/person\\\/5db3854ac38c1cc9f0ab4092d6a20f02\"},\"description\":\"Ziua Interna\u021bional\u0103 a Romilor a fost s\u0103rb\u0103torit\u0103, mar\u021bi, la Centrul Multifunc\u021bional \\\"Gheorghe \u0218incai\\\" din Alba Iulia. \u00cen cadrul evenimentului, au fost\",\"breadcrumb\":{\"@id\":\"https:\\\/\\\/urbeamea.ro\\\/albaiulia\\\/ziua-internationala-a-romilor-sarbatorita-la-centrul-multifunctional-gheorghe-sincai-din-alba-iulia\\\/#breadcrumb\"},\"inLanguage\":\"ro-RO\",\"potentialAction\":[{\"@type\":\"ReadAction\",\"target\":[\"https:\\\/\\\/urbeamea.ro\\\/albaiulia\\\/ziua-internationala-a-romilor-sarbatorita-la-centrul-multifunctional-gheorghe-sincai-din-alba-iulia\\\/\"]}]},{\"@type\":\"ImageObject\",\"inLanguage\":\"ro-RO\",\"@id\":\"https:\\\/\\\/urbeamea.ro\\\/albaiulia\\\/ziua-internationala-a-romilor-sarbatorita-la-centrul-multifunctional-gheorghe-sincai-din-alba-iulia\\\/#primaryimage\",\"url\":\"https:\\\/\\\/urbeamea.ro\\\/albaiulia\\\/wp-content\\\/uploads\\\/2025\\\/04\\\/1000033590.jpg\",\"contentUrl\":\"https:\\\/\\\/urbeamea.ro\\\/albaiulia\\\/wp-content\\\/uploads\\\/2025\\\/04\\\/1000033590.jpg\",\"width\":1080,\"height\":720},{\"@type\":\"BreadcrumbList\",\"@id\":\"https:\\\/\\\/urbeamea.ro\\\/albaiulia\\\/ziua-internationala-a-romilor-sarbatorita-la-centrul-multifunctional-gheorghe-sincai-din-alba-iulia\\\/#breadcrumb\",\"itemListElement\":[{\"@type\":\"ListItem\",\"position\":1,\"name\":\"Prima pagin\u0103\",\"item\":\"https:\\\/\\\/urbeamea.ro\\\/albaiulia\\\/\"},{\"@type\":\"ListItem\",\"position\":2,\"name\":\"Ziua Interna\u021bional\u0103 a Romilor, s\u0103rb\u0103torit\u0103 la Centrul Multifunc\u021bional &#8222;Gheorghe \u0218incai&#8221; din Alba Iulia\"}]},{\"@type\":\"WebSite\",\"@id\":\"https:\\\/\\\/urbeamea.ro\\\/albaiulia\\\/#website\",\"url\":\"https:\\\/\\\/urbeamea.ro\\\/albaiulia\\\/\",\"name\":\"Revista Urbea Mea, Stiri urbane\",\"description\":\"Evenimente \u0219i \u0219tiri din Alba Iulia, Sebe\u0219, Aiud, Blaj\",\"potentialAction\":[{\"@type\":\"SearchAction\",\"target\":{\"@type\":\"EntryPoint\",\"urlTemplate\":\"https:\\\/\\\/urbeamea.ro\\\/albaiulia\\\/?s={search_term_string}\"},\"query-input\":{\"@type\":\"PropertyValueSpecification\",\"valueRequired\":true,\"valueName\":\"search_term_string\"}}],\"inLanguage\":\"ro-RO\"},{\"@type\":\"Person\",\"@id\":\"https:\\\/\\\/urbeamea.ro\\\/albaiulia\\\/#\\\/schema\\\/person\\\/5db3854ac38c1cc9f0ab4092d6a20f02\",\"name\":\"Giurca Sorin\",\"image\":{\"@type\":\"ImageObject\",\"inLanguage\":\"ro-RO\",\"@id\":\"https:\\\/\\\/secure.gravatar.com\\\/avatar\\\/120f6fcae7b3b47a7730cb9943f612f4909f68ac5284b5f40ac1c4615fd70576?s=96&d=mm&r=g\",\"url\":\"https:\\\/\\\/secure.gravatar.com\\\/avatar\\\/120f6fcae7b3b47a7730cb9943f612f4909f68ac5284b5f40ac1c4615fd70576?s=96&d=mm&r=g\",\"contentUrl\":\"https:\\\/\\\/secure.gravatar.com\\\/avatar\\\/120f6fcae7b3b47a7730cb9943f612f4909f68ac5284b5f40ac1c4615fd70576?s=96&d=mm&r=g\",\"caption\":\"Giurca Sorin\"},\"url\":\"https:\\\/\\\/urbeamea.ro\\\/albaiulia\\\/author\\\/sorin\\\/\"}]}<\/script>\n<!-- \/ Yoast SEO plugin. -->","yoast_head_json":{"title":"Ziua Interna\u021bional\u0103 a Romilor, s\u0103rb\u0103torit\u0103 la Centrul Multifunc\u021bional \"Gheorghe \u0218incai\" din Alba Iulia - Revista Urbea Mea - Revista de Alba","description":"Ziua Interna\u021bional\u0103 a Romilor a fost s\u0103rb\u0103torit\u0103, mar\u021bi, la Centrul Multifunc\u021bional \"Gheorghe \u0218incai\" din Alba Iulia. \u00cen cadrul evenimentului, au fost","robots":{"index":"index","follow":"follow","max-snippet":"max-snippet:-1","max-image-preview":"max-image-preview:large","max-video-preview":"max-video-preview:-1"},"canonical":"https:\/\/urbeamea.ro\/albaiulia\/ziua-internationala-a-romilor-sarbatorita-la-centrul-multifunctional-gheorghe-sincai-din-alba-iulia\/","twitter_card":"summary_large_image","twitter_title":"Ziua Interna\u021bional\u0103 a Romilor, s\u0103rb\u0103torit\u0103 la Centrul Multifunc\u021bional \"Gheorghe \u0218incai\" din Alba Iulia - Revista Urbea Mea - Revista de Alba","twitter_description":"Ziua Interna\u021bional\u0103 a Romilor a fost s\u0103rb\u0103torit\u0103, mar\u021bi, la Centrul Multifunc\u021bional \"Gheorghe \u0218incai\" din Alba Iulia. \u00cen cadrul evenimentului, au fost","twitter_image":"https:\/\/urbeamea.ro\/albaiulia\/wp-content\/uploads\/2025\/04\/1000033590.jpg","twitter_creator":"@urbeameaweb","twitter_site":"@urbeameaweb","schema":{"@context":"https:\/\/schema.org","@graph":[{"@type":"Article","@id":"https:\/\/urbeamea.ro\/albaiulia\/ziua-internationala-a-romilor-sarbatorita-la-centrul-multifunctional-gheorghe-sincai-din-alba-iulia\/#article","isPartOf":{"@id":"https:\/\/urbeamea.ro\/albaiulia\/ziua-internationala-a-romilor-sarbatorita-la-centrul-multifunctional-gheorghe-sincai-din-alba-iulia\/"},"author":{"name":"Giurca Sorin","@id":"https:\/\/urbeamea.ro\/albaiulia\/#\/schema\/person\/5db3854ac38c1cc9f0ab4092d6a20f02"},"headline":"Ziua Interna\u021bional\u0103 a Romilor, s\u0103rb\u0103torit\u0103 la Centrul Multifunc\u021bional &#8222;Gheorghe \u0218incai&#8221; din Alba Iulia","datePublished":"2025-04-09T07:56:31+00:00","dateModified":"2025-04-09T07:56:33+00:00","mainEntityOfPage":{"@id":"https:\/\/urbeamea.ro\/albaiulia\/ziua-internationala-a-romilor-sarbatorita-la-centrul-multifunctional-gheorghe-sincai-din-alba-iulia\/"},"wordCount":330,"commentCount":0,"image":{"@id":"https:\/\/urbeamea.ro\/albaiulia\/ziua-internationala-a-romilor-sarbatorita-la-centrul-multifunctional-gheorghe-sincai-din-alba-iulia\/#primaryimage"},"thumbnailUrl":"https:\/\/urbeamea.ro\/albaiulia\/wp-content\/uploads\/2025\/04\/1000033590.jpg","keywords":["Ziua Romilor"],"articleSection":["Evenimente","Social","\u015etiri Urbane","Urbea Mea"],"inLanguage":"ro-RO","potentialAction":[{"@type":"CommentAction","name":"Comment","target":["https:\/\/urbeamea.ro\/albaiulia\/ziua-internationala-a-romilor-sarbatorita-la-centrul-multifunctional-gheorghe-sincai-din-alba-iulia\/#respond"]}]},{"@type":"WebPage","@id":"https:\/\/urbeamea.ro\/albaiulia\/ziua-internationala-a-romilor-sarbatorita-la-centrul-multifunctional-gheorghe-sincai-din-alba-iulia\/","url":"https:\/\/urbeamea.ro\/albaiulia\/ziua-internationala-a-romilor-sarbatorita-la-centrul-multifunctional-gheorghe-sincai-din-alba-iulia\/","name":"Ziua Interna\u021bional\u0103 a Romilor, s\u0103rb\u0103torit\u0103 la Centrul Multifunc\u021bional \"Gheorghe \u0218incai\" din Alba Iulia - Revista Urbea Mea - Revista de Alba","isPartOf":{"@id":"https:\/\/urbeamea.ro\/albaiulia\/#website"},"primaryImageOfPage":{"@id":"https:\/\/urbeamea.ro\/albaiulia\/ziua-internationala-a-romilor-sarbatorita-la-centrul-multifunctional-gheorghe-sincai-din-alba-iulia\/#primaryimage"},"image":{"@id":"https:\/\/urbeamea.ro\/albaiulia\/ziua-internationala-a-romilor-sarbatorita-la-centrul-multifunctional-gheorghe-sincai-din-alba-iulia\/#primaryimage"},"thumbnailUrl":"https:\/\/urbeamea.ro\/albaiulia\/wp-content\/uploads\/2025\/04\/1000033590.jpg","datePublished":"2025-04-09T07:56:31+00:00","dateModified":"2025-04-09T07:56:33+00:00","author":{"@id":"https:\/\/urbeamea.ro\/albaiulia\/#\/schema\/person\/5db3854ac38c1cc9f0ab4092d6a20f02"},"description":"Ziua Interna\u021bional\u0103 a Romilor a fost s\u0103rb\u0103torit\u0103, mar\u021bi, la Centrul Multifunc\u021bional \"Gheorghe \u0218incai\" din Alba Iulia. \u00cen cadrul evenimentului, au fost","breadcrumb":{"@id":"https:\/\/urbeamea.ro\/albaiulia\/ziua-internationala-a-romilor-sarbatorita-la-centrul-multifunctional-gheorghe-sincai-din-alba-iulia\/#breadcrumb"},"inLanguage":"ro-RO","potentialAction":[{"@type":"ReadAction","target":["https:\/\/urbeamea.ro\/albaiulia\/ziua-internationala-a-romilor-sarbatorita-la-centrul-multifunctional-gheorghe-sincai-din-alba-iulia\/"]}]},{"@type":"ImageObject","inLanguage":"ro-RO","@id":"https:\/\/urbeamea.ro\/albaiulia\/ziua-internationala-a-romilor-sarbatorita-la-centrul-multifunctional-gheorghe-sincai-din-alba-iulia\/#primaryimage","url":"https:\/\/urbeamea.ro\/albaiulia\/wp-content\/uploads\/2025\/04\/1000033590.jpg","contentUrl":"https:\/\/urbeamea.ro\/albaiulia\/wp-content\/uploads\/2025\/04\/1000033590.jpg","width":1080,"height":720},{"@type":"BreadcrumbList","@id":"https:\/\/urbeamea.ro\/albaiulia\/ziua-internationala-a-romilor-sarbatorita-la-centrul-multifunctional-gheorghe-sincai-din-alba-iulia\/#breadcrumb","itemListElement":[{"@type":"ListItem","position":1,"name":"Prima pagin\u0103","item":"https:\/\/urbeamea.ro\/albaiulia\/"},{"@type":"ListItem","position":2,"name":"Ziua Interna\u021bional\u0103 a Romilor, s\u0103rb\u0103torit\u0103 la Centrul Multifunc\u021bional &#8222;Gheorghe \u0218incai&#8221; din Alba Iulia"}]},{"@type":"WebSite","@id":"https:\/\/urbeamea.ro\/albaiulia\/#website","url":"https:\/\/urbeamea.ro\/albaiulia\/","name":"Revista Urbea Mea, Stiri urbane","description":"Evenimente \u0219i \u0219tiri din Alba Iulia, Sebe\u0219, Aiud, Blaj","potentialAction":[{"@type":"SearchAction","target":{"@type":"EntryPoint","urlTemplate":"https:\/\/urbeamea.ro\/albaiulia\/?s={search_term_string}"},"query-input":{"@type":"PropertyValueSpecification","valueRequired":true,"valueName":"search_term_string"}}],"inLanguage":"ro-RO"},{"@type":"Person","@id":"https:\/\/urbeamea.ro\/albaiulia\/#\/schema\/person\/5db3854ac38c1cc9f0ab4092d6a20f02","name":"Giurca Sorin","image":{"@type":"ImageObject","inLanguage":"ro-RO","@id":"https:\/\/secure.gravatar.com\/avatar\/120f6fcae7b3b47a7730cb9943f612f4909f68ac5284b5f40ac1c4615fd70576?s=96&d=mm&r=g","url":"https:\/\/secure.gravatar.com\/avatar\/120f6fcae7b3b47a7730cb9943f612f4909f68ac5284b5f40ac1c4615fd70576?s=96&d=mm&r=g","contentUrl":"https:\/\/secure.gravatar.com\/avatar\/120f6fcae7b3b47a7730cb9943f612f4909f68ac5284b5f40ac1c4615fd70576?s=96&d=mm&r=g","caption":"Giurca Sorin"},"url":"https:\/\/urbeamea.ro\/albaiulia\/author\/sorin\/"}]}},"_links":{"self":[{"href":"https:\/\/urbeamea.ro\/albaiulia\/wp-json\/wp\/v2\/posts\/117082","targetHints":{"allow":["GET"]}}],"collection":[{"href":"https:\/\/urbeamea.ro\/albaiulia\/wp-json\/wp\/v2\/posts"}],"about":[{"href":"https:\/\/urbeamea.ro\/albaiulia\/wp-json\/wp\/v2\/types\/post"}],"author":[{"embeddable":true,"href":"https:\/\/urbeamea.ro\/albaiulia\/wp-json\/wp\/v2\/users\/28"}],"replies":[{"embeddable":true,"href":"https:\/\/urbeamea.ro\/albaiulia\/wp-json\/wp\/v2\/comments?post=117082"}],"version-history":[{"count":1,"href":"https:\/\/urbeamea.ro\/albaiulia\/wp-json\/wp\/v2\/posts\/117082\/revisions"}],"predecessor-version":[{"id":117095,"href":"https:\/\/urbeamea.ro\/albaiulia\/wp-json\/wp\/v2\/posts\/117082\/revisions\/117095"}],"wp:featuredmedia":[{"embeddable":true,"href":"https:\/\/urbeamea.ro\/albaiulia\/wp-json\/wp\/v2\/media\/117085"}],"wp:attachment":[{"href":"https:\/\/urbeamea.ro\/albaiulia\/wp-json\/wp\/v2\/media?parent=117082"}],"wp:term":[{"taxonomy":"category","embeddable":true,"href":"https:\/\/urbeamea.ro\/albaiulia\/wp-json\/wp\/v2\/categories?post=117082"},{"taxonomy":"post_tag","embeddable":true,"href":"https:\/\/urbeamea.ro\/albaiulia\/wp-json\/wp\/v2\/tags?post=117082"}],"curies":[{"name":"wp","href":"https:\/\/api.w.org\/{rel}","templated":true}]}}