{"id":117097,"date":"2025-04-09T11:09:54","date_gmt":"2025-04-09T08:09:54","guid":{"rendered":"https:\/\/urbeamea.ro\/albaiulia\/?p=117097"},"modified":"2025-04-09T11:09:56","modified_gmt":"2025-04-09T08:09:56","slug":"primele-rezultate-ale-controalelor-dsvsa-alba-desfasurate-in-perioada-premergatoare-sarbatorilor-pascale","status":"publish","type":"post","link":"https:\/\/urbeamea.ro\/albaiulia\/primele-rezultate-ale-controalelor-dsvsa-alba-desfasurate-in-perioada-premergatoare-sarbatorilor-pascale\/","title":{"rendered":"Primele rezultate ale controalelor DSVSA Alba desf\u0103\u0219urate \u00een perioada premerg\u0103toare S\u0103rb\u0103torilor Pascale"},"content":{"rendered":"\n<p><strong>\u00cen perioada 17 martie \u2013 7 aprilie 2025, Direc\u021bia Sanitar\u0103 Veterinar\u0103 \u0219i pentru Siguran\u021ba Alimentelor (DSVSA) Alba a desf\u0103\u0219urat, pe \u00eentreg teritoriul jude\u021bului Alba, o serie de controale oficiale care au vizat verificarea respect\u0103rii condi\u021biilor sanitare veterinare \u00een contextul apropierii S\u0103rb\u0103torilor Pascale.<\/strong><\/p>\n\n\n\n<p>\u00cen perioada men\u021bionat\u0103 au fost verificate 143 de unit\u0103\u021bi din domeniul alimentar, \u00eentre care abatoare, unit\u0103\u021bi procesare carne, centre ambalare ou\u0103, unit\u0103\u021bi procesare lapte, carmangerii, m\u0103cel\u0103rii, magazine \u0219i depozite alimentare, supermarketuri, unit\u0103\u021bi de alimenta\u021bie public\u0103, pizzerii, cantine, fast-food-uri, brut\u0103rii, unit\u0103\u021bi mobile de v\u00e2nzare, unit\u0103\u021bi tip catering, cofet\u0103rii, patiserii, laboratoare de cofet\u0103rie\/patiserie, pensiuni turistice.<\/p>\n\n\n\n<p>De asemenea, au fost verificate 32 de mijloace de transport animale vii \u0219i produse de origine animal\u0103 \u0219i non-animal\u0103. Controalele \u00een trafic, efectuate al\u0103turi de reprezentan\u021bii Poli\u021biei, s-au concentrat \u00een zonele Aiud, \u0218ibot-Cugir \u0219i Alba Iulia.&nbsp;<\/p>\n\n\n\n<p>\u00cen urma controalelor au fost aplicate 18 sanc\u021biuni contraven\u021bionale \u00een valoare de 100.800 lei, dar \u0219i 8 avertismente scrise:<\/p>\n\n\n\n<p>Principalele neconformit\u0103\u021bi au fost:<\/p>\n\n\n\n<ul class=\"wp-block-list\">\n<li>Nerespectarea normelor privind \u00eentre\u021binerea spa\u021biilor de depozitare \u0219i prelucrare a alimentelor;<\/li>\n\n\n\n<li>Ambalarea \u015fi etichetarea necorespunz\u0103toare a produselor alimentare \u00een vederea depozit\u0103rii, transportului, valorific\u0103rii \u015fi comercializarea acestora neetichetate potrivit legisla\u0163iei \u00een vigoare;<\/li>\n\n\n\n<li>Lipsa trasabilit\u0103\u021bii produselor alimentare;<\/li>\n\n\n\n<li>Comercializarea direct\u0103 c\u0103tre consumatorul final a produselor alimentare \u00een spa\u0163ii neaprobate sanitar veterinar \u015fi f\u0103r\u0103 respectarea condi\u021biilor de igien\u0103 conform prevederilor legisla\u021biei \u00een vigoare;<\/li>\n\n\n\n<li>Manipularea produselor alimentare cu \u00eenc\u0103lcarea normelor sanitare veterinare \u015fi pentru siguran\u021ba alimentelor;<\/li>\n\n\n\n<li>Nerespectarea condi\u021biilor generale de igien\u0103;<\/li>\n\n\n\n<li>Mobilier din spa\u021biul de lucru deteriorat sau \u00een stare degradat\u0103;<\/li>\n\n\n\n<li>Lips\u0103 fi\u0219e de s\u0103n\u0103tate \u0219i analize medicale pentru personalul care manipuleaz\u0103 produsele alimentare.<\/li>\n<\/ul>\n\n\n\n<p>Au fost retrase de la comercializare 7 kilograme de produse din carne \u0219i 6 kilograme de produse lactate, \u00eentruc\u00e2t nu mai prezentau siguran\u021b\u0103 pentru consumatori, fiind dirijate spre neutralizare.<\/p>\n\n\n\n<p>Controalele tematice ale DSVSA Alba, cu ocazia S\u0103rb\u0103torilor Pascale, se desf\u0103\u0219oar\u0103 p\u00e2n\u0103 \u00een 19 aprilie 2025.<\/p>\n\n\n\n<p>Recomandarea DSVSA Alba pentru consumatori este&nbsp; s\u0103 achizi\u021bioneze produse alimentare destinate consumului doar din unit\u0103\u021bi sau spa\u021bii care func\u021bioneaz\u0103 sub control sanitar veterinar.<\/p>\n\n\n\n<p>Controalele efectuate de inspectorii DSVSA Alba se concentreaz\u0103 \u00een principal pe preven\u021bie \u0219i consilierea operatorilor din industria alimentar\u0103. Sanc\u021biunile sunt aplicate \u00een conformitate cu gravitatea abaterilor constatate. Inspectorii DSVSA analizeaz\u0103 fiecare situa\u021bie \u00een parte, \u021bin\u00e2nd cont de contextul specific al fiec\u0103rui operator \u0219i de eforturile depuse pentru remedierea deficien\u021belor constatate la verific\u0103rile anterioare.<\/p>\n","protected":false},"excerpt":{"rendered":"<p>\u00cen perioada 17 martie \u2013 7 aprilie 2025, Direc\u021bia Sanitar\u0103 Veterinar\u0103 \u0219i pentru Siguran\u021ba Alimentelor (DSVSA) Alba a desf\u0103\u0219urat, pe \u00eentreg teritoriul jude\u021bului Alba, o serie de controale oficiale care au vizat verificarea respect\u0103rii condi\u021biilor sanitare veterinare \u00een contextul apropierii S\u0103rb\u0103torilor Pascale. \u00cen perioada men\u021bionat\u0103 au fost verificate 143 de unit\u0103\u021bi din domeniul alimentar, \u00eentre &hellip;<\/p>\n","protected":false},"author":16,"featured_media":117098,"comment_status":"open","ping_status":"open","sticky":false,"template":"","format":"standard","meta":{"inline_featured_image":false,"footnotes":""},"categories":[1],"tags":[8120],"class_list":["post-117097","post","type-post","status-publish","format-standard","has-post-thumbnail","hentry","category-stiri-urbane","tag-dsvsa-alba"],"yoast_head":"<!-- This site is optimized with the Yoast SEO plugin v27.4 - https:\/\/yoast.com\/product\/yoast-seo-wordpress\/ -->\n<title>Primele rezultate ale controalelor DSVSA Alba desf\u0103\u0219urate \u00een perioada premerg\u0103toare S\u0103rb\u0103torilor Pascale - Revista Urbea Mea - Revista de Alba<\/title>\n<meta name=\"description\" content=\"\u00cen perioada 17 martie \u2013 7 aprilie 2025, Direc\u021bia Sanitar\u0103 Veterinar\u0103 \u0219i pentru Siguran\u021ba Alimentelor (DSVSA) Alba a desf\u0103\u0219urat, pe \u00eentreg teritoriul\" \/>\n<meta name=\"robots\" content=\"index, follow, max-snippet:-1, max-image-preview:large, max-video-preview:-1\" \/>\n<link rel=\"canonical\" href=\"https:\/\/urbeamea.ro\/albaiulia\/primele-rezultate-ale-controalelor-dsvsa-alba-desfasurate-in-perioada-premergatoare-sarbatorilor-pascale\/\" \/>\n<meta name=\"twitter:card\" content=\"summary_large_image\" \/>\n<meta name=\"twitter:title\" content=\"Primele rezultate ale controalelor DSVSA Alba desf\u0103\u0219urate \u00een perioada premerg\u0103toare S\u0103rb\u0103torilor Pascale - Revista Urbea Mea - Revista de Alba\" \/>\n<meta name=\"twitter:description\" content=\"\u00cen perioada 17 martie \u2013 7 aprilie 2025, Direc\u021bia Sanitar\u0103 Veterinar\u0103 \u0219i pentru Siguran\u021ba Alimentelor (DSVSA) Alba a desf\u0103\u0219urat, pe \u00eentreg teritoriul\" \/>\n<meta name=\"twitter:image\" content=\"https:\/\/urbeamea.ro\/albaiulia\/wp-content\/uploads\/2025\/04\/abator.jpg\" \/>\n<meta name=\"twitter:creator\" content=\"@urbeameaweb\" \/>\n<meta name=\"twitter:site\" content=\"@urbeameaweb\" \/>\n<script type=\"application\/ld+json\" class=\"yoast-schema-graph\">{\"@context\":\"https:\\\/\\\/schema.org\",\"@graph\":[{\"@type\":\"Article\",\"@id\":\"https:\\\/\\\/urbeamea.ro\\\/albaiulia\\\/primele-rezultate-ale-controalelor-dsvsa-alba-desfasurate-in-perioada-premergatoare-sarbatorilor-pascale\\\/#article\",\"isPartOf\":{\"@id\":\"https:\\\/\\\/urbeamea.ro\\\/albaiulia\\\/primele-rezultate-ale-controalelor-dsvsa-alba-desfasurate-in-perioada-premergatoare-sarbatorilor-pascale\\\/\"},\"author\":{\"name\":\"Redac\u021bia UrbeaMea\",\"@id\":\"https:\\\/\\\/urbeamea.ro\\\/albaiulia\\\/#\\\/schema\\\/person\\\/272ae98052f8ee8980f59848df070247\"},\"headline\":\"Primele rezultate ale controalelor DSVSA Alba desf\u0103\u0219urate \u00een perioada premerg\u0103toare S\u0103rb\u0103torilor Pascale\",\"datePublished\":\"2025-04-09T08:09:54+00:00\",\"dateModified\":\"2025-04-09T08:09:56+00:00\",\"mainEntityOfPage\":{\"@id\":\"https:\\\/\\\/urbeamea.ro\\\/albaiulia\\\/primele-rezultate-ale-controalelor-dsvsa-alba-desfasurate-in-perioada-premergatoare-sarbatorilor-pascale\\\/\"},\"wordCount\":443,\"commentCount\":0,\"image\":{\"@id\":\"https:\\\/\\\/urbeamea.ro\\\/albaiulia\\\/primele-rezultate-ale-controalelor-dsvsa-alba-desfasurate-in-perioada-premergatoare-sarbatorilor-pascale\\\/#primaryimage\"},\"thumbnailUrl\":\"https:\\\/\\\/urbeamea.ro\\\/albaiulia\\\/wp-content\\\/uploads\\\/2025\\\/04\\\/abator.jpg\",\"keywords\":[\"dsvsa alba\"],\"articleSection\":[\"\u015etiri Urbane\"],\"inLanguage\":\"ro-RO\",\"potentialAction\":[{\"@type\":\"CommentAction\",\"name\":\"Comment\",\"target\":[\"https:\\\/\\\/urbeamea.ro\\\/albaiulia\\\/primele-rezultate-ale-controalelor-dsvsa-alba-desfasurate-in-perioada-premergatoare-sarbatorilor-pascale\\\/#respond\"]}]},{\"@type\":\"WebPage\",\"@id\":\"https:\\\/\\\/urbeamea.ro\\\/albaiulia\\\/primele-rezultate-ale-controalelor-dsvsa-alba-desfasurate-in-perioada-premergatoare-sarbatorilor-pascale\\\/\",\"url\":\"https:\\\/\\\/urbeamea.ro\\\/albaiulia\\\/primele-rezultate-ale-controalelor-dsvsa-alba-desfasurate-in-perioada-premergatoare-sarbatorilor-pascale\\\/\",\"name\":\"Primele rezultate ale controalelor DSVSA Alba desf\u0103\u0219urate \u00een perioada premerg\u0103toare S\u0103rb\u0103torilor Pascale - Revista Urbea Mea - Revista de Alba\",\"isPartOf\":{\"@id\":\"https:\\\/\\\/urbeamea.ro\\\/albaiulia\\\/#website\"},\"primaryImageOfPage\":{\"@id\":\"https:\\\/\\\/urbeamea.ro\\\/albaiulia\\\/primele-rezultate-ale-controalelor-dsvsa-alba-desfasurate-in-perioada-premergatoare-sarbatorilor-pascale\\\/#primaryimage\"},\"image\":{\"@id\":\"https:\\\/\\\/urbeamea.ro\\\/albaiulia\\\/primele-rezultate-ale-controalelor-dsvsa-alba-desfasurate-in-perioada-premergatoare-sarbatorilor-pascale\\\/#primaryimage\"},\"thumbnailUrl\":\"https:\\\/\\\/urbeamea.ro\\\/albaiulia\\\/wp-content\\\/uploads\\\/2025\\\/04\\\/abator.jpg\",\"datePublished\":\"2025-04-09T08:09:54+00:00\",\"dateModified\":\"2025-04-09T08:09:56+00:00\",\"author\":{\"@id\":\"https:\\\/\\\/urbeamea.ro\\\/albaiulia\\\/#\\\/schema\\\/person\\\/272ae98052f8ee8980f59848df070247\"},\"description\":\"\u00cen perioada 17 martie \u2013 7 aprilie 2025, Direc\u021bia Sanitar\u0103 Veterinar\u0103 \u0219i pentru Siguran\u021ba Alimentelor (DSVSA) Alba a desf\u0103\u0219urat, pe \u00eentreg teritoriul\",\"breadcrumb\":{\"@id\":\"https:\\\/\\\/urbeamea.ro\\\/albaiulia\\\/primele-rezultate-ale-controalelor-dsvsa-alba-desfasurate-in-perioada-premergatoare-sarbatorilor-pascale\\\/#breadcrumb\"},\"inLanguage\":\"ro-RO\",\"potentialAction\":[{\"@type\":\"ReadAction\",\"target\":[\"https:\\\/\\\/urbeamea.ro\\\/albaiulia\\\/primele-rezultate-ale-controalelor-dsvsa-alba-desfasurate-in-perioada-premergatoare-sarbatorilor-pascale\\\/\"]}]},{\"@type\":\"ImageObject\",\"inLanguage\":\"ro-RO\",\"@id\":\"https:\\\/\\\/urbeamea.ro\\\/albaiulia\\\/primele-rezultate-ale-controalelor-dsvsa-alba-desfasurate-in-perioada-premergatoare-sarbatorilor-pascale\\\/#primaryimage\",\"url\":\"https:\\\/\\\/urbeamea.ro\\\/albaiulia\\\/wp-content\\\/uploads\\\/2025\\\/04\\\/abator.jpg\",\"contentUrl\":\"https:\\\/\\\/urbeamea.ro\\\/albaiulia\\\/wp-content\\\/uploads\\\/2025\\\/04\\\/abator.jpg\",\"width\":1600,\"height\":1068},{\"@type\":\"BreadcrumbList\",\"@id\":\"https:\\\/\\\/urbeamea.ro\\\/albaiulia\\\/primele-rezultate-ale-controalelor-dsvsa-alba-desfasurate-in-perioada-premergatoare-sarbatorilor-pascale\\\/#breadcrumb\",\"itemListElement\":[{\"@type\":\"ListItem\",\"position\":1,\"name\":\"Prima pagin\u0103\",\"item\":\"https:\\\/\\\/urbeamea.ro\\\/albaiulia\\\/\"},{\"@type\":\"ListItem\",\"position\":2,\"name\":\"Primele rezultate ale controalelor DSVSA Alba desf\u0103\u0219urate \u00een perioada premerg\u0103toare S\u0103rb\u0103torilor Pascale\"}]},{\"@type\":\"WebSite\",\"@id\":\"https:\\\/\\\/urbeamea.ro\\\/albaiulia\\\/#website\",\"url\":\"https:\\\/\\\/urbeamea.ro\\\/albaiulia\\\/\",\"name\":\"Revista Urbea Mea, Stiri urbane\",\"description\":\"Evenimente \u0219i \u0219tiri din Alba Iulia, Sebe\u0219, Aiud, Blaj\",\"potentialAction\":[{\"@type\":\"SearchAction\",\"target\":{\"@type\":\"EntryPoint\",\"urlTemplate\":\"https:\\\/\\\/urbeamea.ro\\\/albaiulia\\\/?s={search_term_string}\"},\"query-input\":{\"@type\":\"PropertyValueSpecification\",\"valueRequired\":true,\"valueName\":\"search_term_string\"}}],\"inLanguage\":\"ro-RO\"},{\"@type\":\"Person\",\"@id\":\"https:\\\/\\\/urbeamea.ro\\\/albaiulia\\\/#\\\/schema\\\/person\\\/272ae98052f8ee8980f59848df070247\",\"name\":\"Redac\u021bia UrbeaMea\",\"image\":{\"@type\":\"ImageObject\",\"inLanguage\":\"ro-RO\",\"@id\":\"https:\\\/\\\/secure.gravatar.com\\\/avatar\\\/9ce5a9435071fa1037e8468053ead8e513dbbff59009d3069aadb85506d85a27?s=96&d=mm&r=g\",\"url\":\"https:\\\/\\\/secure.gravatar.com\\\/avatar\\\/9ce5a9435071fa1037e8468053ead8e513dbbff59009d3069aadb85506d85a27?s=96&d=mm&r=g\",\"contentUrl\":\"https:\\\/\\\/secure.gravatar.com\\\/avatar\\\/9ce5a9435071fa1037e8468053ead8e513dbbff59009d3069aadb85506d85a27?s=96&d=mm&r=g\",\"caption\":\"Redac\u021bia UrbeaMea\"},\"description\":\"contact@urbeamea.ro\",\"sameAs\":[\"https:\\\/\\\/www.urbeamea.ro\"],\"url\":\"https:\\\/\\\/urbeamea.ro\\\/albaiulia\\\/author\\\/redactia-urbeamea\\\/\"}]}<\/script>\n<!-- \/ Yoast SEO plugin. -->","yoast_head_json":{"title":"Primele rezultate ale controalelor DSVSA Alba desf\u0103\u0219urate \u00een perioada premerg\u0103toare S\u0103rb\u0103torilor Pascale - Revista Urbea Mea - Revista de Alba","description":"\u00cen perioada 17 martie \u2013 7 aprilie 2025, Direc\u021bia Sanitar\u0103 Veterinar\u0103 \u0219i pentru Siguran\u021ba Alimentelor (DSVSA) Alba a desf\u0103\u0219urat, pe \u00eentreg teritoriul","robots":{"index":"index","follow":"follow","max-snippet":"max-snippet:-1","max-image-preview":"max-image-preview:large","max-video-preview":"max-video-preview:-1"},"canonical":"https:\/\/urbeamea.ro\/albaiulia\/primele-rezultate-ale-controalelor-dsvsa-alba-desfasurate-in-perioada-premergatoare-sarbatorilor-pascale\/","twitter_card":"summary_large_image","twitter_title":"Primele rezultate ale controalelor DSVSA Alba desf\u0103\u0219urate \u00een perioada premerg\u0103toare S\u0103rb\u0103torilor Pascale - Revista Urbea Mea - Revista de Alba","twitter_description":"\u00cen perioada 17 martie \u2013 7 aprilie 2025, Direc\u021bia Sanitar\u0103 Veterinar\u0103 \u0219i pentru Siguran\u021ba Alimentelor (DSVSA) Alba a desf\u0103\u0219urat, pe \u00eentreg teritoriul","twitter_image":"https:\/\/urbeamea.ro\/albaiulia\/wp-content\/uploads\/2025\/04\/abator.jpg","twitter_creator":"@urbeameaweb","twitter_site":"@urbeameaweb","schema":{"@context":"https:\/\/schema.org","@graph":[{"@type":"Article","@id":"https:\/\/urbeamea.ro\/albaiulia\/primele-rezultate-ale-controalelor-dsvsa-alba-desfasurate-in-perioada-premergatoare-sarbatorilor-pascale\/#article","isPartOf":{"@id":"https:\/\/urbeamea.ro\/albaiulia\/primele-rezultate-ale-controalelor-dsvsa-alba-desfasurate-in-perioada-premergatoare-sarbatorilor-pascale\/"},"author":{"name":"Redac\u021bia UrbeaMea","@id":"https:\/\/urbeamea.ro\/albaiulia\/#\/schema\/person\/272ae98052f8ee8980f59848df070247"},"headline":"Primele rezultate ale controalelor DSVSA Alba desf\u0103\u0219urate \u00een perioada premerg\u0103toare S\u0103rb\u0103torilor Pascale","datePublished":"2025-04-09T08:09:54+00:00","dateModified":"2025-04-09T08:09:56+00:00","mainEntityOfPage":{"@id":"https:\/\/urbeamea.ro\/albaiulia\/primele-rezultate-ale-controalelor-dsvsa-alba-desfasurate-in-perioada-premergatoare-sarbatorilor-pascale\/"},"wordCount":443,"commentCount":0,"image":{"@id":"https:\/\/urbeamea.ro\/albaiulia\/primele-rezultate-ale-controalelor-dsvsa-alba-desfasurate-in-perioada-premergatoare-sarbatorilor-pascale\/#primaryimage"},"thumbnailUrl":"https:\/\/urbeamea.ro\/albaiulia\/wp-content\/uploads\/2025\/04\/abator.jpg","keywords":["dsvsa alba"],"articleSection":["\u015etiri Urbane"],"inLanguage":"ro-RO","potentialAction":[{"@type":"CommentAction","name":"Comment","target":["https:\/\/urbeamea.ro\/albaiulia\/primele-rezultate-ale-controalelor-dsvsa-alba-desfasurate-in-perioada-premergatoare-sarbatorilor-pascale\/#respond"]}]},{"@type":"WebPage","@id":"https:\/\/urbeamea.ro\/albaiulia\/primele-rezultate-ale-controalelor-dsvsa-alba-desfasurate-in-perioada-premergatoare-sarbatorilor-pascale\/","url":"https:\/\/urbeamea.ro\/albaiulia\/primele-rezultate-ale-controalelor-dsvsa-alba-desfasurate-in-perioada-premergatoare-sarbatorilor-pascale\/","name":"Primele rezultate ale controalelor DSVSA Alba desf\u0103\u0219urate \u00een perioada premerg\u0103toare S\u0103rb\u0103torilor Pascale - Revista Urbea Mea - Revista de Alba","isPartOf":{"@id":"https:\/\/urbeamea.ro\/albaiulia\/#website"},"primaryImageOfPage":{"@id":"https:\/\/urbeamea.ro\/albaiulia\/primele-rezultate-ale-controalelor-dsvsa-alba-desfasurate-in-perioada-premergatoare-sarbatorilor-pascale\/#primaryimage"},"image":{"@id":"https:\/\/urbeamea.ro\/albaiulia\/primele-rezultate-ale-controalelor-dsvsa-alba-desfasurate-in-perioada-premergatoare-sarbatorilor-pascale\/#primaryimage"},"thumbnailUrl":"https:\/\/urbeamea.ro\/albaiulia\/wp-content\/uploads\/2025\/04\/abator.jpg","datePublished":"2025-04-09T08:09:54+00:00","dateModified":"2025-04-09T08:09:56+00:00","author":{"@id":"https:\/\/urbeamea.ro\/albaiulia\/#\/schema\/person\/272ae98052f8ee8980f59848df070247"},"description":"\u00cen perioada 17 martie \u2013 7 aprilie 2025, Direc\u021bia Sanitar\u0103 Veterinar\u0103 \u0219i pentru Siguran\u021ba Alimentelor (DSVSA) Alba a desf\u0103\u0219urat, pe \u00eentreg teritoriul","breadcrumb":{"@id":"https:\/\/urbeamea.ro\/albaiulia\/primele-rezultate-ale-controalelor-dsvsa-alba-desfasurate-in-perioada-premergatoare-sarbatorilor-pascale\/#breadcrumb"},"inLanguage":"ro-RO","potentialAction":[{"@type":"ReadAction","target":["https:\/\/urbeamea.ro\/albaiulia\/primele-rezultate-ale-controalelor-dsvsa-alba-desfasurate-in-perioada-premergatoare-sarbatorilor-pascale\/"]}]},{"@type":"ImageObject","inLanguage":"ro-RO","@id":"https:\/\/urbeamea.ro\/albaiulia\/primele-rezultate-ale-controalelor-dsvsa-alba-desfasurate-in-perioada-premergatoare-sarbatorilor-pascale\/#primaryimage","url":"https:\/\/urbeamea.ro\/albaiulia\/wp-content\/uploads\/2025\/04\/abator.jpg","contentUrl":"https:\/\/urbeamea.ro\/albaiulia\/wp-content\/uploads\/2025\/04\/abator.jpg","width":1600,"height":1068},{"@type":"BreadcrumbList","@id":"https:\/\/urbeamea.ro\/albaiulia\/primele-rezultate-ale-controalelor-dsvsa-alba-desfasurate-in-perioada-premergatoare-sarbatorilor-pascale\/#breadcrumb","itemListElement":[{"@type":"ListItem","position":1,"name":"Prima pagin\u0103","item":"https:\/\/urbeamea.ro\/albaiulia\/"},{"@type":"ListItem","position":2,"name":"Primele rezultate ale controalelor DSVSA Alba desf\u0103\u0219urate \u00een perioada premerg\u0103toare S\u0103rb\u0103torilor Pascale"}]},{"@type":"WebSite","@id":"https:\/\/urbeamea.ro\/albaiulia\/#website","url":"https:\/\/urbeamea.ro\/albaiulia\/","name":"Revista Urbea Mea, Stiri urbane","description":"Evenimente \u0219i \u0219tiri din Alba Iulia, Sebe\u0219, Aiud, Blaj","potentialAction":[{"@type":"SearchAction","target":{"@type":"EntryPoint","urlTemplate":"https:\/\/urbeamea.ro\/albaiulia\/?s={search_term_string}"},"query-input":{"@type":"PropertyValueSpecification","valueRequired":true,"valueName":"search_term_string"}}],"inLanguage":"ro-RO"},{"@type":"Person","@id":"https:\/\/urbeamea.ro\/albaiulia\/#\/schema\/person\/272ae98052f8ee8980f59848df070247","name":"Redac\u021bia UrbeaMea","image":{"@type":"ImageObject","inLanguage":"ro-RO","@id":"https:\/\/secure.gravatar.com\/avatar\/9ce5a9435071fa1037e8468053ead8e513dbbff59009d3069aadb85506d85a27?s=96&d=mm&r=g","url":"https:\/\/secure.gravatar.com\/avatar\/9ce5a9435071fa1037e8468053ead8e513dbbff59009d3069aadb85506d85a27?s=96&d=mm&r=g","contentUrl":"https:\/\/secure.gravatar.com\/avatar\/9ce5a9435071fa1037e8468053ead8e513dbbff59009d3069aadb85506d85a27?s=96&d=mm&r=g","caption":"Redac\u021bia UrbeaMea"},"description":"contact@urbeamea.ro","sameAs":["https:\/\/www.urbeamea.ro"],"url":"https:\/\/urbeamea.ro\/albaiulia\/author\/redactia-urbeamea\/"}]}},"_links":{"self":[{"href":"https:\/\/urbeamea.ro\/albaiulia\/wp-json\/wp\/v2\/posts\/117097","targetHints":{"allow":["GET"]}}],"collection":[{"href":"https:\/\/urbeamea.ro\/albaiulia\/wp-json\/wp\/v2\/posts"}],"about":[{"href":"https:\/\/urbeamea.ro\/albaiulia\/wp-json\/wp\/v2\/types\/post"}],"author":[{"embeddable":true,"href":"https:\/\/urbeamea.ro\/albaiulia\/wp-json\/wp\/v2\/users\/16"}],"replies":[{"embeddable":true,"href":"https:\/\/urbeamea.ro\/albaiulia\/wp-json\/wp\/v2\/comments?post=117097"}],"version-history":[{"count":1,"href":"https:\/\/urbeamea.ro\/albaiulia\/wp-json\/wp\/v2\/posts\/117097\/revisions"}],"predecessor-version":[{"id":117099,"href":"https:\/\/urbeamea.ro\/albaiulia\/wp-json\/wp\/v2\/posts\/117097\/revisions\/117099"}],"wp:featuredmedia":[{"embeddable":true,"href":"https:\/\/urbeamea.ro\/albaiulia\/wp-json\/wp\/v2\/media\/117098"}],"wp:attachment":[{"href":"https:\/\/urbeamea.ro\/albaiulia\/wp-json\/wp\/v2\/media?parent=117097"}],"wp:term":[{"taxonomy":"category","embeddable":true,"href":"https:\/\/urbeamea.ro\/albaiulia\/wp-json\/wp\/v2\/categories?post=117097"},{"taxonomy":"post_tag","embeddable":true,"href":"https:\/\/urbeamea.ro\/albaiulia\/wp-json\/wp\/v2\/tags?post=117097"}],"curies":[{"name":"wp","href":"https:\/\/api.w.org\/{rel}","templated":true}]}}