{"id":117209,"date":"2025-04-16T21:29:39","date_gmt":"2025-04-16T18:29:39","guid":{"rendered":"https:\/\/urbeamea.ro\/albaiulia\/?p=117209"},"modified":"2025-04-16T21:29:41","modified_gmt":"2025-04-16T18:29:41","slug":"programul-liturgic-si-al-impartirii-pastilor-si-a-sfintei-lumini-la-catedrala-reintregirii-din-alba-iulia","status":"publish","type":"post","link":"https:\/\/urbeamea.ro\/albaiulia\/programul-liturgic-si-al-impartirii-pastilor-si-a-sfintei-lumini-la-catedrala-reintregirii-din-alba-iulia\/","title":{"rendered":"Programul liturgic \u0219i al \u00eemp\u0103r\u021birii &#8222;Pa\u0219tilor&#8221; \u0219i a Sfintei Lumini, la Catedrala Re\u00eentregirii din Alba Iulia"},"content":{"rendered":"\n<p><strong>\u00cen S\u0103pt\u0103m\u00e2na Sfintelor P\u0103timiri (14-19 aprilie) \u0219i \u00een S\u0103pt\u0103m\u00e2na Luminat\u0103 (20-26 aprilie), programul liturgic al Catedralei Re\u00eentregirii din Alba Iulia se desf\u0103\u0219oar\u0103 dup\u0103 r\u00e2nduielile biserice\u0219ti specifice acestei perioade liturgice, conform orarului anexat mai jos.<\/strong><\/p>\n\n\n\n<p> \u0218i \u00een acest an, credincio\u0219ii dreptsl\u0103vitori vor primi p\u00e2inea binecuv\u00e2ntat\u0103, numit\u0103 \u00een popor \u201epa\u0219ti\u201d, la Catedrala arhiepiscopal\u0103, sub turnul-clopotni\u021b\u0103, \u00een cadrul a trei intervale distincte de timp. <\/p>\n\n\n\n<p>\u201e\ud835\udde3\ud835\uddee\ud835\ude00t\ud835\uddf6\ud835\uddf9\ud835\uddf2\u201d \ud835\ude03\ud835\uddfc\ud835\uddff \ud835\uddf3\ud835\uddf6 \ud835\uddf1\ud835\uddf6\ud835\ude00\ud835\ude01\ud835\uddff\ud835\uddf6\ud835\uddef\ud835\ude02\ud835\uddf6\ud835\ude01\ud835\uddf2 \u00een S\u00e2mb\u0103ta Mare (\ud835\udfed\ud835\udff5 \ud835\uddee\ud835\uddfd\ud835\uddff\ud835\uddf6\ud835\uddf9\ud835\uddf6\ud835\uddf2), \u00een intervalul orar \ud835\udfed\ud835\udfee.\ud835\udfec\ud835\udfec-\ud835\udfed\ud835\udff4.\ud835\udfec\ud835\udfec, \u0219i \u00een Duminica Sfintei \u00cenvieri (\ud835\udfee\ud835\udfec \ud835\uddee\ud835\uddfd\ud835\uddff\ud835\uddf6\ud835\uddf9\ud835\uddf6\ud835\uddf2), \u00eentre orele \ud835\udfec\ud835\udfef.\ud835\udfec\ud835\udfec-\ud835\udfec\ud835\udfef.\ud835\udfef\ud835\udfec \u0219i \ud835\udfed\ud835\udfec.\ud835\udfec\ud835\udfec-\ud835\udfed\ud835\udfee.\ud835\udfec\ud835\udfec.<\/p>\n\n\n\n<p>De asemenea, \u00een Sf\u00e2nta \u0219i Marea S\u00e2mb\u0103t\u0103 (\ud835\udfed\ud835\udff5 \ud835\uddee\ud835\uddfd\ud835\uddff\ud835\uddf6\ud835\uddf9\ud835\uddf6\ud835\uddf2), la orele serii, o delega\u021bie a Arhiepiscopiei Ortodoxe a Alba Iuliei va fi prezent\u0103 pe Aeroportul Interna\u021bional din Sibiu, de unde va fi adus\u0103 \ud835\udde6\ud835\uddf3\ud835\uddee\ud835\uddfb\ud835\ude01\ud835\uddee \ud835\udddf\ud835\ude02\ud835\uddfa\ud835\uddf6\ud835\uddfb\ud835\uddee \ud835\uddf1\ud835\uddf2 \ud835\uddf9\ud835\uddee \ud835\udddc\ud835\uddf2\ud835\uddff\ud835\ude02\ud835\ude00\ud835\uddee\ud835\uddf9\ud835\uddf6\ud835\uddfa. <\/p>\n\n\n\n<p>Delega\u021bia Eparhiei noastre \ud835\ude03\ud835\uddee \ud835\uddee\ud835\uddf7\ud835\ude02\ud835\uddfb\ud835\uddf4\ud835\uddf2 \ud835\uddf9\ud835\uddee \ud835\uddd6\ud835\uddee\ud835\ude01\ud835\uddf2\ud835\uddf1\ud835\uddff\ud835\uddee\ud835\uddf9\ud835\uddee \ud835\udde5\ud835\uddf2\ud835\uddf6\ud835\uddfb\ud835\ude01\ud835\uddff\ud835\uddf2\ud835\uddf4\ud835\uddf6\ud835\uddff\ud835\uddf6\ud835\uddf6 din Alba Iulia, cu aproximativ dou\u0103 ore \u0219i jum\u0103tate \u00eenainte de Slujba Sfintei \u00cenvieri.<\/p>\n\n\n\n<p> Ca \u00een fiecare an, Sf\u00e2nta Lumin\u0103 de la Ierusalim va fi oferit\u0103, la Catedrala arhiepiscopal\u0103, tuturor reprezentan\u021bilor parohiilor \u0219i a\u0219ez\u0103mintelor monahale din jude\u021bele Alba \u0219i Mure\u0219, respectiv de pe \u00eentreg cuprinsul Arhiepiscopiei Alba Iuliei.<\/p>\n\n\n\n<p>Toate slujbele oficiate \u00een aceast\u0103 perioad\u0103 vor fi transmise pe frecven\u021bele Radio Re\u00eentregirea (89,6 FM \u2013 Alba Iulia; 98,6 FM \u2013 T\u00e2rgu Mure\u0219; 97,3 FM \u2013 Mun\u021bii Apuseni) \u0219i live-audio pe paginile oficiale de Facebook \u201eArhiepiscopa Ortodox\u0103 Rom\u00e2n\u0103 a Alba Iuliei\u201d \u0219i \u201eRadio Re\u00eentregirea\u201d.<\/p>\n\n\n\n<p>\ud835\udde3\ud835\uddff\ud835\uddfc\ud835\uddf4\ud835\uddff\ud835\uddee\ud835\uddfa\ud835\ude02\ud835\uddf9 \ud835\uddf9\ud835\uddf6\ud835\ude01\ud835\ude02\ud835\uddff\ud835\uddf4\ud835\uddf6\ud835\uddf0 \ud835\uddee\ud835\uddf9 \ud835\uddd6\ud835\uddee\ud835\ude01\ud835\uddf2\ud835\uddf1\ud835\uddff\ud835\uddee\ud835\uddf9\ud835\uddf2\ud835\uddf6 \ud835\udde5\ud835\uddf2\ud835\uddf6\u0302\ud835\uddfb\ud835\ude01\ud835\uddff\ud835\uddf2\ud835\uddf4\ud835\uddf6\ud835\uddff\ud835\uddf6\ud835\uddf6 (\ud835\udfed\ud835\udff3-\ud835\udfee\ud835\udff2 \ud835\uddee\ud835\uddfd\ud835\uddff\ud835\uddf6\ud835\uddf9\ud835\uddf6\ud835\uddf2 \ud835\udfee\ud835\udfec\ud835\udfee\ud835\udff1)<\/p>\n\n\n\n<p>\u25cf JOI, 17 APRILIE \u2013 SF\u00c2NTA \u0218I MAREA JOI (CINA CEA DE TAIN\u0102)<br>ora 07.00-9.45 \u2013 Spovedanie (Molitfa de Spovedanie se va citi la ora 7.00)<br>ora 07.00-08.00 \u2013 Ceasurile III, VI, IX \u015fi Obedni\u0163a<br>ora 08.00-10.00 \u2013 Vecernia cu Dumnezeiasca Liturghie a Sf\u00e2ntului Vasile cel Mare<br>ora 18.00-20.30 \u2013 Denia celor 12 Evanghelii cu scoaterea Sfintei Cruci<\/p>\n\n\n\n<p>\u25cf VINERI, 18 APRILIE \u2013 SF\u00c2NTA \u0218I MAREA VINERI (R\u0102STIGNIREA DOMNULUI)<br>ora 07.00-9.00 \u2013 Ceasurile \u00eemp\u0103r\u0103te\u015fti \u015fi Obedni\u0163a<br>ora 9.00-9.45 \u2013 Vecernia Sfintelor P\u0103timiri cu scoaterea Sf\u00e2ntului Epitaf<br>ora 18.00-21.00 \u2013 Denia Prohodului \u0219i Procesiunea cu Sf\u00e2ntul Epitaf<\/p>\n\n\n\n<p>\u25cf S\u00c2MB\u0102T\u0102, 19 APRILIE \u2013 SF\u00c2NTA \u0218I MAREA S\u00c2MB\u0102T\u0102 (POGOR\u00c2REA LA IAD A DOMNULUI)<br>ora 7.00-8.00 \u2013 Ceasurile III, VI, IX \u015fi Obedni\u0163a<br>ora 8.00-10.00 \u2013 Vecernia cu Dumnezeiasca Liturghie a Sf\u00e2ntului Vasile cel Mare<br>ora 12.00-18.00 \u2013 Program de cur\u0103\u0163enie \u015fi preg\u0103tire a Catedralei pentru praznicul Sfintelor Pa\u015fti (Catedrala este \u00eenchis\u0103)<br>ora 12.00-18.00 \u2013 Distribuirea \u201epa\u0219tilor\u201d sub turnul clopotni\u021b\u0103<br>ora 23.00-01.15 \u2013 Catedrala este \u00eenchis\u0103 (prima parte a slujbei va avea loc afar\u0103)<br>ora 23.30-23.50 \u2013 Miezonoptica \u0219i Canonul S\u00e2mbetei celei Mari<\/p>\n\n\n\n<p>\u25cf DUMINIC\u0102, 20 APRILIE \u2013 \u00ceNVIEREA DOMNULUI (SFINTELE PA\u0218TI)<br>ora 00.00-01.15 \u2013 Utrenia Sfintei \u00cenvieri<br>ora 01.15-03.00 \u2013 Dumnezeiasca Liturghie a Sf\u00e2ntului Ioan Gur\u0103 de Aur<br>ora 03.00-03.30 \u2013 Distribuirea \u201epa\u0219tilor\u201d sub turnul clopotni\u021b\u0103<br>ora 03.15-09.30 \u2013 Catedrala va fi \u00eenchis\u0103<br>ora 10.00-12.00 \u2013 Distribuirea \u201epa\u0219tilor\u201d sub turnul clopotni\u021b\u0103<br>ora 12.00-14.00 \u2013 A doua \u00cenviere (Vecernia Sfintei \u00cenvieri cu citirea Sfintei Evanghelii \u00een diverse limbi)<\/p>\n\n\n\n<p>\u25cf LUNI, 21 APRILIE \u2013 SFINTELE PA\u015eTI (ZIUA A II-A)<br>ora 9.00-10.00 \u2013 Utrenia<br>ora 10.00-12.00 \u2013 Dumnezeiasca Liturghie a Sf\u00e2ntului Ioan Gur\u0103 de Aur<br>ora 18.00-18.50 \u2013 Vecernia<\/p>\n\n\n\n<p>\u25cf MAR\u021aI, 22 APRILIE \u2013 SFINTELE PA\u015eTI (ZIUA A III-A)<br>ora 9.00-10.00 \u2013 Utrenia<br>ora 10.00-12.00 \u2013 Dumnezeiasca Liturghie a Sf\u00e2ntului Ioan Gur\u0103 de Aur<br>ora 18.00-18.50 \u2013 Vecernia<\/p>\n\n\n\n<p>\u25cf MIERCURI, 23 APRILIE (Sf\u00e2ntul Mare Mucenic Gheorghe)<br>ora 9.00-10.00 \u2013 Utrenia<br>ora 10.00-12.00 \u2013 Dumnezeiasca Liturghie a Sf\u00e2ntului Ioan Gur\u0103 de Aur<br>ora 18.00-18.50 \u2013 Vecernia<\/p>\n\n\n\n<p>\u25cf JOI, 24 APRILIE<br>ora 7.00-8.00 \u2013 Utrenia<br>ora 8.00-9.25 \u2013 Dumnezeiasca Liturghie a Sf\u00e2ntului Ioan Gur\u0103 de Aur<br>ora 18.00-18.50 \u2013 Vecernia<\/p>\n\n\n\n<p>\u25cf VINERI, 25 APRILIE \u2013 IZVORUL T\u0102M\u0102DUIRII<br>ora 9.00-10.00 \u2013 Utrenia<br>ora 10.00-12.00 \u2013 Dumnezeiasca Liturghie a Sf\u00e2ntului Ioan Gur\u0103 de Aur<br>ora 12.00-12.30 \u2013 Sfin\u0163irea apei (Aghiasma mic\u0103)<br>ora 18.00-18.50 \u2013 Vecernia<\/p>\n\n\n\n<p>\u25cf S\u00c2MB\u0102T\u0102, 26 APRILIE<br>ora 7.00-8.00 \u2013 Utrenia<br>ora 8.00-9.25 \u2013 Dumnezeiasca Liturghie a Sf\u00e2ntului Ioan Gur\u0103 de Aur<br>ora 18.00-19.25 \u2013 Vecernia mare cu Litie<\/p>\n\n\n\n<figure class=\"wp-block-image size-full\"><img loading=\"lazy\" decoding=\"async\" width=\"1080\" height=\"720\" src=\"https:\/\/urbeamea.ro\/albaiulia\/wp-content\/uploads\/2025\/04\/1000034365.jpg\" alt=\"\" class=\"wp-image-117211\" srcset=\"https:\/\/urbeamea.ro\/albaiulia\/wp-content\/uploads\/2025\/04\/1000034365.jpg 1080w, https:\/\/urbeamea.ro\/albaiulia\/wp-content\/uploads\/2025\/04\/1000034365-640x427.jpg 640w, https:\/\/urbeamea.ro\/albaiulia\/wp-content\/uploads\/2025\/04\/1000034365-150x100.jpg 150w, https:\/\/urbeamea.ro\/albaiulia\/wp-content\/uploads\/2025\/04\/1000034365-768x512.jpg 768w\" sizes=\"auto, (max-width: 1080px) 100vw, 1080px\" \/><\/figure>\n","protected":false},"excerpt":{"rendered":"<p>\u00cen S\u0103pt\u0103m\u00e2na Sfintelor P\u0103timiri (14-19 aprilie) \u0219i \u00een S\u0103pt\u0103m\u00e2na Luminat\u0103 (20-26 aprilie), programul liturgic al Catedralei Re\u00eentregirii din Alba Iulia se desf\u0103\u0219oar\u0103 dup\u0103 r\u00e2nduielile biserice\u0219ti specifice acestei perioade liturgice, conform orarului anexat mai jos. \u0218i \u00een acest an, credincio\u0219ii dreptsl\u0103vitori vor primi p\u00e2inea binecuv\u00e2ntat\u0103, numit\u0103 \u00een popor \u201epa\u0219ti\u201d, la Catedrala arhiepiscopal\u0103, sub turnul-clopotni\u021b\u0103, \u00een cadrul &hellip;<\/p>\n","protected":false},"author":28,"featured_media":117211,"comment_status":"open","ping_status":"open","sticky":false,"template":"","format":"standard","meta":{"inline_featured_image":false,"footnotes":""},"categories":[23926,4,2034,1,16344],"tags":[4748,25289],"class_list":["post-117209","post","type-post","status-publish","format-standard","has-post-thumbnail","hentry","category-actualitate","category-eveniment","category-social","category-stiri-urbane","category-urbea-mea","tag-pastile","tag-sfanta-lumina"],"yoast_head":"<!-- This site is optimized with the Yoast SEO plugin v27.4 - https:\/\/yoast.com\/product\/yoast-seo-wordpress\/ -->\n<title>Programul liturgic \u0219i al \u00eemp\u0103r\u021birii &quot;Pa\u0219tilor&quot; \u0219i a Sfintei Lumini, la Catedrala Re\u00eentregirii din Alba Iulia - Revista Urbea Mea - Revista de Alba<\/title>\n<meta name=\"description\" content=\"\u00cen S\u0103pt\u0103m\u00e2na Sfintelor P\u0103timiri (14-19 aprilie) \u0219i \u00een S\u0103pt\u0103m\u00e2na Luminat\u0103 (20-26 aprilie), programul liturgic al Catedralei Re\u00eentregirii din Alba Iulia se\" \/>\n<meta name=\"robots\" content=\"index, follow, max-snippet:-1, max-image-preview:large, max-video-preview:-1\" \/>\n<link rel=\"canonical\" href=\"https:\/\/urbeamea.ro\/albaiulia\/programul-liturgic-si-al-impartirii-pastilor-si-a-sfintei-lumini-la-catedrala-reintregirii-din-alba-iulia\/\" \/>\n<meta name=\"twitter:card\" content=\"summary_large_image\" \/>\n<meta name=\"twitter:title\" content=\"Programul liturgic \u0219i al \u00eemp\u0103r\u021birii &quot;Pa\u0219tilor&quot; \u0219i a Sfintei Lumini, la Catedrala Re\u00eentregirii din Alba Iulia - Revista Urbea Mea - Revista de Alba\" \/>\n<meta name=\"twitter:description\" content=\"\u00cen S\u0103pt\u0103m\u00e2na Sfintelor P\u0103timiri (14-19 aprilie) \u0219i \u00een S\u0103pt\u0103m\u00e2na Luminat\u0103 (20-26 aprilie), programul liturgic al Catedralei Re\u00eentregirii din Alba Iulia se\" \/>\n<meta name=\"twitter:image\" content=\"https:\/\/urbeamea.ro\/albaiulia\/wp-content\/uploads\/2025\/04\/1000034365.jpg\" \/>\n<meta name=\"twitter:creator\" content=\"@urbeameaweb\" \/>\n<meta name=\"twitter:site\" content=\"@urbeameaweb\" \/>\n<script type=\"application\/ld+json\" class=\"yoast-schema-graph\">{\"@context\":\"https:\\\/\\\/schema.org\",\"@graph\":[{\"@type\":\"Article\",\"@id\":\"https:\\\/\\\/urbeamea.ro\\\/albaiulia\\\/programul-liturgic-si-al-impartirii-pastilor-si-a-sfintei-lumini-la-catedrala-reintregirii-din-alba-iulia\\\/#article\",\"isPartOf\":{\"@id\":\"https:\\\/\\\/urbeamea.ro\\\/albaiulia\\\/programul-liturgic-si-al-impartirii-pastilor-si-a-sfintei-lumini-la-catedrala-reintregirii-din-alba-iulia\\\/\"},\"author\":{\"name\":\"Giurca Sorin\",\"@id\":\"https:\\\/\\\/urbeamea.ro\\\/albaiulia\\\/#\\\/schema\\\/person\\\/5db3854ac38c1cc9f0ab4092d6a20f02\"},\"headline\":\"Programul liturgic \u0219i al \u00eemp\u0103r\u021birii &#8222;Pa\u0219tilor&#8221; \u0219i a Sfintei Lumini, la Catedrala Re\u00eentregirii din Alba Iulia\",\"datePublished\":\"2025-04-16T18:29:39+00:00\",\"dateModified\":\"2025-04-16T18:29:41+00:00\",\"mainEntityOfPage\":{\"@id\":\"https:\\\/\\\/urbeamea.ro\\\/albaiulia\\\/programul-liturgic-si-al-impartirii-pastilor-si-a-sfintei-lumini-la-catedrala-reintregirii-din-alba-iulia\\\/\"},\"wordCount\":621,\"commentCount\":0,\"image\":{\"@id\":\"https:\\\/\\\/urbeamea.ro\\\/albaiulia\\\/programul-liturgic-si-al-impartirii-pastilor-si-a-sfintei-lumini-la-catedrala-reintregirii-din-alba-iulia\\\/#primaryimage\"},\"thumbnailUrl\":\"https:\\\/\\\/urbeamea.ro\\\/albaiulia\\\/wp-content\\\/uploads\\\/2025\\\/04\\\/1000034365.jpg\",\"keywords\":[\"pastile\",\"Sfanta Lumin\u0103\"],\"articleSection\":[\"Actualitate\",\"Evenimente\",\"Social\",\"\u015etiri Urbane\",\"Urbea Mea\"],\"inLanguage\":\"ro-RO\",\"potentialAction\":[{\"@type\":\"CommentAction\",\"name\":\"Comment\",\"target\":[\"https:\\\/\\\/urbeamea.ro\\\/albaiulia\\\/programul-liturgic-si-al-impartirii-pastilor-si-a-sfintei-lumini-la-catedrala-reintregirii-din-alba-iulia\\\/#respond\"]}]},{\"@type\":\"WebPage\",\"@id\":\"https:\\\/\\\/urbeamea.ro\\\/albaiulia\\\/programul-liturgic-si-al-impartirii-pastilor-si-a-sfintei-lumini-la-catedrala-reintregirii-din-alba-iulia\\\/\",\"url\":\"https:\\\/\\\/urbeamea.ro\\\/albaiulia\\\/programul-liturgic-si-al-impartirii-pastilor-si-a-sfintei-lumini-la-catedrala-reintregirii-din-alba-iulia\\\/\",\"name\":\"Programul liturgic \u0219i al \u00eemp\u0103r\u021birii \\\"Pa\u0219tilor\\\" \u0219i a Sfintei Lumini, la Catedrala Re\u00eentregirii din Alba Iulia - Revista Urbea Mea - Revista de Alba\",\"isPartOf\":{\"@id\":\"https:\\\/\\\/urbeamea.ro\\\/albaiulia\\\/#website\"},\"primaryImageOfPage\":{\"@id\":\"https:\\\/\\\/urbeamea.ro\\\/albaiulia\\\/programul-liturgic-si-al-impartirii-pastilor-si-a-sfintei-lumini-la-catedrala-reintregirii-din-alba-iulia\\\/#primaryimage\"},\"image\":{\"@id\":\"https:\\\/\\\/urbeamea.ro\\\/albaiulia\\\/programul-liturgic-si-al-impartirii-pastilor-si-a-sfintei-lumini-la-catedrala-reintregirii-din-alba-iulia\\\/#primaryimage\"},\"thumbnailUrl\":\"https:\\\/\\\/urbeamea.ro\\\/albaiulia\\\/wp-content\\\/uploads\\\/2025\\\/04\\\/1000034365.jpg\",\"datePublished\":\"2025-04-16T18:29:39+00:00\",\"dateModified\":\"2025-04-16T18:29:41+00:00\",\"author\":{\"@id\":\"https:\\\/\\\/urbeamea.ro\\\/albaiulia\\\/#\\\/schema\\\/person\\\/5db3854ac38c1cc9f0ab4092d6a20f02\"},\"description\":\"\u00cen S\u0103pt\u0103m\u00e2na Sfintelor P\u0103timiri (14-19 aprilie) \u0219i \u00een S\u0103pt\u0103m\u00e2na Luminat\u0103 (20-26 aprilie), programul liturgic al Catedralei Re\u00eentregirii din Alba Iulia se\",\"breadcrumb\":{\"@id\":\"https:\\\/\\\/urbeamea.ro\\\/albaiulia\\\/programul-liturgic-si-al-impartirii-pastilor-si-a-sfintei-lumini-la-catedrala-reintregirii-din-alba-iulia\\\/#breadcrumb\"},\"inLanguage\":\"ro-RO\",\"potentialAction\":[{\"@type\":\"ReadAction\",\"target\":[\"https:\\\/\\\/urbeamea.ro\\\/albaiulia\\\/programul-liturgic-si-al-impartirii-pastilor-si-a-sfintei-lumini-la-catedrala-reintregirii-din-alba-iulia\\\/\"]}]},{\"@type\":\"ImageObject\",\"inLanguage\":\"ro-RO\",\"@id\":\"https:\\\/\\\/urbeamea.ro\\\/albaiulia\\\/programul-liturgic-si-al-impartirii-pastilor-si-a-sfintei-lumini-la-catedrala-reintregirii-din-alba-iulia\\\/#primaryimage\",\"url\":\"https:\\\/\\\/urbeamea.ro\\\/albaiulia\\\/wp-content\\\/uploads\\\/2025\\\/04\\\/1000034365.jpg\",\"contentUrl\":\"https:\\\/\\\/urbeamea.ro\\\/albaiulia\\\/wp-content\\\/uploads\\\/2025\\\/04\\\/1000034365.jpg\",\"width\":1080,\"height\":720},{\"@type\":\"BreadcrumbList\",\"@id\":\"https:\\\/\\\/urbeamea.ro\\\/albaiulia\\\/programul-liturgic-si-al-impartirii-pastilor-si-a-sfintei-lumini-la-catedrala-reintregirii-din-alba-iulia\\\/#breadcrumb\",\"itemListElement\":[{\"@type\":\"ListItem\",\"position\":1,\"name\":\"Prima pagin\u0103\",\"item\":\"https:\\\/\\\/urbeamea.ro\\\/albaiulia\\\/\"},{\"@type\":\"ListItem\",\"position\":2,\"name\":\"Programul liturgic \u0219i al \u00eemp\u0103r\u021birii &#8222;Pa\u0219tilor&#8221; \u0219i a Sfintei Lumini, la Catedrala Re\u00eentregirii din Alba Iulia\"}]},{\"@type\":\"WebSite\",\"@id\":\"https:\\\/\\\/urbeamea.ro\\\/albaiulia\\\/#website\",\"url\":\"https:\\\/\\\/urbeamea.ro\\\/albaiulia\\\/\",\"name\":\"Revista Urbea Mea, Stiri urbane\",\"description\":\"Evenimente \u0219i \u0219tiri din Alba Iulia, Sebe\u0219, Aiud, Blaj\",\"potentialAction\":[{\"@type\":\"SearchAction\",\"target\":{\"@type\":\"EntryPoint\",\"urlTemplate\":\"https:\\\/\\\/urbeamea.ro\\\/albaiulia\\\/?s={search_term_string}\"},\"query-input\":{\"@type\":\"PropertyValueSpecification\",\"valueRequired\":true,\"valueName\":\"search_term_string\"}}],\"inLanguage\":\"ro-RO\"},{\"@type\":\"Person\",\"@id\":\"https:\\\/\\\/urbeamea.ro\\\/albaiulia\\\/#\\\/schema\\\/person\\\/5db3854ac38c1cc9f0ab4092d6a20f02\",\"name\":\"Giurca Sorin\",\"image\":{\"@type\":\"ImageObject\",\"inLanguage\":\"ro-RO\",\"@id\":\"https:\\\/\\\/secure.gravatar.com\\\/avatar\\\/120f6fcae7b3b47a7730cb9943f612f4909f68ac5284b5f40ac1c4615fd70576?s=96&d=mm&r=g\",\"url\":\"https:\\\/\\\/secure.gravatar.com\\\/avatar\\\/120f6fcae7b3b47a7730cb9943f612f4909f68ac5284b5f40ac1c4615fd70576?s=96&d=mm&r=g\",\"contentUrl\":\"https:\\\/\\\/secure.gravatar.com\\\/avatar\\\/120f6fcae7b3b47a7730cb9943f612f4909f68ac5284b5f40ac1c4615fd70576?s=96&d=mm&r=g\",\"caption\":\"Giurca Sorin\"},\"url\":\"https:\\\/\\\/urbeamea.ro\\\/albaiulia\\\/author\\\/sorin\\\/\"}]}<\/script>\n<!-- \/ Yoast SEO plugin. -->","yoast_head_json":{"title":"Programul liturgic \u0219i al \u00eemp\u0103r\u021birii \"Pa\u0219tilor\" \u0219i a Sfintei Lumini, la Catedrala Re\u00eentregirii din Alba Iulia - Revista Urbea Mea - Revista de Alba","description":"\u00cen S\u0103pt\u0103m\u00e2na Sfintelor P\u0103timiri (14-19 aprilie) \u0219i \u00een S\u0103pt\u0103m\u00e2na Luminat\u0103 (20-26 aprilie), programul liturgic al Catedralei Re\u00eentregirii din Alba Iulia se","robots":{"index":"index","follow":"follow","max-snippet":"max-snippet:-1","max-image-preview":"max-image-preview:large","max-video-preview":"max-video-preview:-1"},"canonical":"https:\/\/urbeamea.ro\/albaiulia\/programul-liturgic-si-al-impartirii-pastilor-si-a-sfintei-lumini-la-catedrala-reintregirii-din-alba-iulia\/","twitter_card":"summary_large_image","twitter_title":"Programul liturgic \u0219i al \u00eemp\u0103r\u021birii \"Pa\u0219tilor\" \u0219i a Sfintei Lumini, la Catedrala Re\u00eentregirii din Alba Iulia - Revista Urbea Mea - Revista de Alba","twitter_description":"\u00cen S\u0103pt\u0103m\u00e2na Sfintelor P\u0103timiri (14-19 aprilie) \u0219i \u00een S\u0103pt\u0103m\u00e2na Luminat\u0103 (20-26 aprilie), programul liturgic al Catedralei Re\u00eentregirii din Alba Iulia se","twitter_image":"https:\/\/urbeamea.ro\/albaiulia\/wp-content\/uploads\/2025\/04\/1000034365.jpg","twitter_creator":"@urbeameaweb","twitter_site":"@urbeameaweb","schema":{"@context":"https:\/\/schema.org","@graph":[{"@type":"Article","@id":"https:\/\/urbeamea.ro\/albaiulia\/programul-liturgic-si-al-impartirii-pastilor-si-a-sfintei-lumini-la-catedrala-reintregirii-din-alba-iulia\/#article","isPartOf":{"@id":"https:\/\/urbeamea.ro\/albaiulia\/programul-liturgic-si-al-impartirii-pastilor-si-a-sfintei-lumini-la-catedrala-reintregirii-din-alba-iulia\/"},"author":{"name":"Giurca Sorin","@id":"https:\/\/urbeamea.ro\/albaiulia\/#\/schema\/person\/5db3854ac38c1cc9f0ab4092d6a20f02"},"headline":"Programul liturgic \u0219i al \u00eemp\u0103r\u021birii &#8222;Pa\u0219tilor&#8221; \u0219i a Sfintei Lumini, la Catedrala Re\u00eentregirii din Alba Iulia","datePublished":"2025-04-16T18:29:39+00:00","dateModified":"2025-04-16T18:29:41+00:00","mainEntityOfPage":{"@id":"https:\/\/urbeamea.ro\/albaiulia\/programul-liturgic-si-al-impartirii-pastilor-si-a-sfintei-lumini-la-catedrala-reintregirii-din-alba-iulia\/"},"wordCount":621,"commentCount":0,"image":{"@id":"https:\/\/urbeamea.ro\/albaiulia\/programul-liturgic-si-al-impartirii-pastilor-si-a-sfintei-lumini-la-catedrala-reintregirii-din-alba-iulia\/#primaryimage"},"thumbnailUrl":"https:\/\/urbeamea.ro\/albaiulia\/wp-content\/uploads\/2025\/04\/1000034365.jpg","keywords":["pastile","Sfanta Lumin\u0103"],"articleSection":["Actualitate","Evenimente","Social","\u015etiri Urbane","Urbea Mea"],"inLanguage":"ro-RO","potentialAction":[{"@type":"CommentAction","name":"Comment","target":["https:\/\/urbeamea.ro\/albaiulia\/programul-liturgic-si-al-impartirii-pastilor-si-a-sfintei-lumini-la-catedrala-reintregirii-din-alba-iulia\/#respond"]}]},{"@type":"WebPage","@id":"https:\/\/urbeamea.ro\/albaiulia\/programul-liturgic-si-al-impartirii-pastilor-si-a-sfintei-lumini-la-catedrala-reintregirii-din-alba-iulia\/","url":"https:\/\/urbeamea.ro\/albaiulia\/programul-liturgic-si-al-impartirii-pastilor-si-a-sfintei-lumini-la-catedrala-reintregirii-din-alba-iulia\/","name":"Programul liturgic \u0219i al \u00eemp\u0103r\u021birii \"Pa\u0219tilor\" \u0219i a Sfintei Lumini, la Catedrala Re\u00eentregirii din Alba Iulia - Revista Urbea Mea - Revista de Alba","isPartOf":{"@id":"https:\/\/urbeamea.ro\/albaiulia\/#website"},"primaryImageOfPage":{"@id":"https:\/\/urbeamea.ro\/albaiulia\/programul-liturgic-si-al-impartirii-pastilor-si-a-sfintei-lumini-la-catedrala-reintregirii-din-alba-iulia\/#primaryimage"},"image":{"@id":"https:\/\/urbeamea.ro\/albaiulia\/programul-liturgic-si-al-impartirii-pastilor-si-a-sfintei-lumini-la-catedrala-reintregirii-din-alba-iulia\/#primaryimage"},"thumbnailUrl":"https:\/\/urbeamea.ro\/albaiulia\/wp-content\/uploads\/2025\/04\/1000034365.jpg","datePublished":"2025-04-16T18:29:39+00:00","dateModified":"2025-04-16T18:29:41+00:00","author":{"@id":"https:\/\/urbeamea.ro\/albaiulia\/#\/schema\/person\/5db3854ac38c1cc9f0ab4092d6a20f02"},"description":"\u00cen S\u0103pt\u0103m\u00e2na Sfintelor P\u0103timiri (14-19 aprilie) \u0219i \u00een S\u0103pt\u0103m\u00e2na Luminat\u0103 (20-26 aprilie), programul liturgic al Catedralei Re\u00eentregirii din Alba Iulia se","breadcrumb":{"@id":"https:\/\/urbeamea.ro\/albaiulia\/programul-liturgic-si-al-impartirii-pastilor-si-a-sfintei-lumini-la-catedrala-reintregirii-din-alba-iulia\/#breadcrumb"},"inLanguage":"ro-RO","potentialAction":[{"@type":"ReadAction","target":["https:\/\/urbeamea.ro\/albaiulia\/programul-liturgic-si-al-impartirii-pastilor-si-a-sfintei-lumini-la-catedrala-reintregirii-din-alba-iulia\/"]}]},{"@type":"ImageObject","inLanguage":"ro-RO","@id":"https:\/\/urbeamea.ro\/albaiulia\/programul-liturgic-si-al-impartirii-pastilor-si-a-sfintei-lumini-la-catedrala-reintregirii-din-alba-iulia\/#primaryimage","url":"https:\/\/urbeamea.ro\/albaiulia\/wp-content\/uploads\/2025\/04\/1000034365.jpg","contentUrl":"https:\/\/urbeamea.ro\/albaiulia\/wp-content\/uploads\/2025\/04\/1000034365.jpg","width":1080,"height":720},{"@type":"BreadcrumbList","@id":"https:\/\/urbeamea.ro\/albaiulia\/programul-liturgic-si-al-impartirii-pastilor-si-a-sfintei-lumini-la-catedrala-reintregirii-din-alba-iulia\/#breadcrumb","itemListElement":[{"@type":"ListItem","position":1,"name":"Prima pagin\u0103","item":"https:\/\/urbeamea.ro\/albaiulia\/"},{"@type":"ListItem","position":2,"name":"Programul liturgic \u0219i al \u00eemp\u0103r\u021birii &#8222;Pa\u0219tilor&#8221; \u0219i a Sfintei Lumini, la Catedrala Re\u00eentregirii din Alba Iulia"}]},{"@type":"WebSite","@id":"https:\/\/urbeamea.ro\/albaiulia\/#website","url":"https:\/\/urbeamea.ro\/albaiulia\/","name":"Revista Urbea Mea, Stiri urbane","description":"Evenimente \u0219i \u0219tiri din Alba Iulia, Sebe\u0219, Aiud, Blaj","potentialAction":[{"@type":"SearchAction","target":{"@type":"EntryPoint","urlTemplate":"https:\/\/urbeamea.ro\/albaiulia\/?s={search_term_string}"},"query-input":{"@type":"PropertyValueSpecification","valueRequired":true,"valueName":"search_term_string"}}],"inLanguage":"ro-RO"},{"@type":"Person","@id":"https:\/\/urbeamea.ro\/albaiulia\/#\/schema\/person\/5db3854ac38c1cc9f0ab4092d6a20f02","name":"Giurca Sorin","image":{"@type":"ImageObject","inLanguage":"ro-RO","@id":"https:\/\/secure.gravatar.com\/avatar\/120f6fcae7b3b47a7730cb9943f612f4909f68ac5284b5f40ac1c4615fd70576?s=96&d=mm&r=g","url":"https:\/\/secure.gravatar.com\/avatar\/120f6fcae7b3b47a7730cb9943f612f4909f68ac5284b5f40ac1c4615fd70576?s=96&d=mm&r=g","contentUrl":"https:\/\/secure.gravatar.com\/avatar\/120f6fcae7b3b47a7730cb9943f612f4909f68ac5284b5f40ac1c4615fd70576?s=96&d=mm&r=g","caption":"Giurca Sorin"},"url":"https:\/\/urbeamea.ro\/albaiulia\/author\/sorin\/"}]}},"_links":{"self":[{"href":"https:\/\/urbeamea.ro\/albaiulia\/wp-json\/wp\/v2\/posts\/117209","targetHints":{"allow":["GET"]}}],"collection":[{"href":"https:\/\/urbeamea.ro\/albaiulia\/wp-json\/wp\/v2\/posts"}],"about":[{"href":"https:\/\/urbeamea.ro\/albaiulia\/wp-json\/wp\/v2\/types\/post"}],"author":[{"embeddable":true,"href":"https:\/\/urbeamea.ro\/albaiulia\/wp-json\/wp\/v2\/users\/28"}],"replies":[{"embeddable":true,"href":"https:\/\/urbeamea.ro\/albaiulia\/wp-json\/wp\/v2\/comments?post=117209"}],"version-history":[{"count":1,"href":"https:\/\/urbeamea.ro\/albaiulia\/wp-json\/wp\/v2\/posts\/117209\/revisions"}],"predecessor-version":[{"id":117212,"href":"https:\/\/urbeamea.ro\/albaiulia\/wp-json\/wp\/v2\/posts\/117209\/revisions\/117212"}],"wp:featuredmedia":[{"embeddable":true,"href":"https:\/\/urbeamea.ro\/albaiulia\/wp-json\/wp\/v2\/media\/117211"}],"wp:attachment":[{"href":"https:\/\/urbeamea.ro\/albaiulia\/wp-json\/wp\/v2\/media?parent=117209"}],"wp:term":[{"taxonomy":"category","embeddable":true,"href":"https:\/\/urbeamea.ro\/albaiulia\/wp-json\/wp\/v2\/categories?post=117209"},{"taxonomy":"post_tag","embeddable":true,"href":"https:\/\/urbeamea.ro\/albaiulia\/wp-json\/wp\/v2\/tags?post=117209"}],"curies":[{"name":"wp","href":"https:\/\/api.w.org\/{rel}","templated":true}]}}